{"id":2048,"date":"2006-09-02T21:38:00","date_gmt":"2006-09-02T19:38:00","guid":{"rendered":"http:\/\/localhost:4901\/?p=2048"},"modified":"2015-07-10T20:49:56","modified_gmt":"2015-07-10T18:49:56","slug":"ett-hederligare-sverige","status":"publish","type":"post","link":"https:\/\/wp.kristdemokraterna.se\/varnamo\/2006\/09\/02\/ett-hederligare-sverige\/","title":{"rendered":"Ett hederligare Sverige"},"content":{"rendered":"<div style=\"width: 310px\" class=\"wp-caption alignnone\"><a href=\"http:\/\/wp.kristdemokraterna.se\/varnamo\/files\/2010\/08\/stefan_attefall1.jpg\"><img loading=\"lazy\" decoding=\"async\" title=\"stefan_attefall1\" src=\"http:\/\/wp.kristdemokraterna.se\/varnamo\/files\/2010\/08\/stefan_attefall1.jpg\" alt=\"Stefan Attefall, J\u00f6nk\u00f6ping, Kristdemokraternas gruppledare i Riksdagen.\" width=\"300\" height=\"300\" \/><\/a><p class=\"wp-caption-text\">Stefan Attefall, J\u00f6nk\u00f6ping, Kristdemokraternas gruppledare i Riksdagen.<\/p><\/div>\n<p>L\u00f6rdagen den 2 september fick Kristdemokraterna V\u00e4rnamo bes\u00f6k av gruppledaren i Riksdagen, Stefan Attefall, J\u00f6nk\u00f6ping, som presenterade sitt personliga valmanifest.<\/p>\n<p><!--more-->Hederlighet ska l\u00f6na sig. Det lovade Stefan Attefall, kristdemokratisk riksdagsledamot fr\u00e5n J\u00f6nk\u00f6ping n\u00e4r han presenterade sitt personliga valmanifest.<\/p>\n<p>I J\u00f6nk\u00f6pings l\u00e4n finns en stark tilltro till dygder och v\u00e4rden som hederlighet, \u00e4rlighet och\u00a0personligt ansvarstagande. H\u00e5rt arbete och utbildning ska bel\u00f6nas. Dessa v\u00e4rden var en\u00a0viktig orsak till att Sverige v\u00e4xte fram till att bli ett rikt land. P\u00e5 omr\u00e5de efter omr\u00e5de g\u00e5r\u00a0vi nu i motsatt riktning.<\/p>\n<p>Exempelvis v\u00e4xer den svarta ekonomin. Den omfattar mer \u00e4n 100 miljarder, vilket\u00a0motsvarar 5 procent av BNP. Svartjobb, skatte- och bidragsfusk \u00e4r alltf\u00f6r vanligt\u00a0f\u00f6rekommande och inneb\u00e4r f\u00f6rutom att stat- och kommun g\u00e5r miste om tiotals miljarder\u00a0kronor i skatteint\u00e4kter att ett ohederligt beteende blir allt mer accepterat. I vissa kretsar\u00a0f\u00e5r fuskare och smitare rent n\u00e5got av hj\u00e4ltestatus. Sanning och r\u00e4tt blir allt mer s\u00e4llan de\u00a0r\u00e4ttesn\u00f6ren som pr\u00e4glar media och den offentliga debatten.<\/p>\n<p>Sj\u00e4lvklart g\u00e5r det inte att med politiska beslut ordna fram hederlighet. Men politiken kan\u00a0fr\u00e4mja de beteenden som \u201dl\u00f6nar sig\u201d i v\u00e5rt samh\u00e4lle. I riksdagen kommer jag att arbeta f\u00f6r\u00a0ett Sverige d\u00e4r hederlighet l\u00f6nar sig, d\u00e4r ansvarstagande kommer naturligt och d\u00e4r\u00a0v\u00e4rdighet pr\u00e4glar v\u00e5rt s\u00e4tt att f\u00f6rh\u00e5lla oss till varandra.<\/p>\n<hr \/>\n<h1>Manifest f\u00f6r hederlighet<\/h1>\n<dl>\n<dt>1. Fler jobb \u2013 bryt utanf\u00f6rskapet<\/dt>\n<\/dl>\n<dl>\n<dd>\u00d6ver en miljon svenskar \u00e4r arbetsl\u00f6sa, sjukskrivna, f\u00f6rtidspensionerade eller skulle vilja\u00a0arbeta mer \u00e4n vad de f\u00e5r. Det m\u00e4nskliga priset \u00e4r h\u00f6gt. Men hela samh\u00e4llssolidariteten\u00a0undergr\u00e4vs ocks\u00e5 n\u00e4r stora grupper inte f\u00e5r vara med i samh\u00e4llsbygget.<\/dd>\n<\/dl>\n<dl>\n<dt>2. Slopa fastighetsskatten<\/dt>\n<\/dl>\n<dl>\n<dd>Fastighetsskatten \u00e4r en omoralisk skatt och m\u00e5ste d\u00e4rf\u00f6r bort. Den undergr\u00e4ver tilltron till\u00a0skattesystemet. Kopplingen till taxeringsv\u00e4rdena m\u00e5ste brytas. F\u00f6r att finansiera detta p\u00e5\u00a0ett ansvarsfullt s\u00e4tt b\u00f6r en l\u00e5g kommunal avgift inf\u00f6ras och skatten p\u00e5 vinsten vid en\u00a0f\u00f6rs\u00e4ljning h\u00f6jas n\u00e5got.<\/dd>\n<\/dl>\n<dl>\n<dt>3. Stoppa v\u00e4nskapskorruptionen<\/dt>\n<\/dl>\n<dl>\n<dd>H\u00f6ga statliga chefer m\u00e5ste utses p\u00e5 ett \u00f6ppet s\u00e4tt, och efter f\u00f6rtj\u00e4nst och skicklighet. Inte\u00a0efter partibok. En ny utn\u00e4mningspolitik m\u00e5ste till d\u00e4r tydliga kravspecifikationer anges,\u00a0tj\u00e4nsterna utannonseras och urvalet sker utan partipolitisk h\u00e4nsyn. Hela processen m\u00e5ste\u00a0kunna granskas i efterhand.<\/dd>\n<\/dl>\n<dl>\n<dt>4. G\u00f6r de svarta jobben vita<\/dt>\n<\/dl>\n<dl>\n<dd>Genom att s\u00e4nka priset p\u00e5 hush\u00e5llstj\u00e4nster kan svarta jobb g\u00f6ras vita. Skatten p\u00e5 tj\u00e4nster\u00a0s\u00e5som f\u00f6nsterputsning, sn\u00f6skottning och st\u00e4dning b\u00f6r halveras. D\u00e4rigenom kan ocks\u00e5\u00a0barnfamiljer f\u00e5 r\u00e5d att k\u00f6pa sig mer tid f\u00f6r sina barn.<\/dd>\n<\/dl>\n<dl>\n<dt>5. Inr\u00e4tta en hederlighetsdelegation<\/dt>\n<\/dl>\n<dl>\n<dd>En hederlighetsdelegation ska ha som uppgift att granska skatte- och bidragsregler och\u00a0byr\u00e5kratiska rutiner s\u00e5 att ett hederligt beteende alltid uppmuntras och underl\u00e4ttas.\u00a0Delegationen b\u00f6r granska nya lagar och f\u00f6rordningar i syfte att hitta fel och svagheter hos\u00a0systemet p\u00e5 samma s\u00e4tt som avsikten varit med sm\u00e5f\u00f6retagardelegationen eller den s\u00e5\u00a0kallade Simplexgruppen som tillsattes f\u00f6r att se \u00f6ver on\u00f6digt regelkr\u00e5ngel som drabbar\u00a0sm\u00e5f\u00f6retagen.<\/dd>\n<\/dl>\n<dl>\n<dt>6. St\u00e4rk den ideella sektorn<\/dt>\n<\/dl>\n<dl>\n<dd>Ett varmt och omt\u00e4nksamt samh\u00e4lle f\u00f6ruts\u00e4tter idealitet och att dygder som personligt\u00a0ansvar, solidaritet och empati fr\u00e4mjas. Detaljstyrningen av den ideella sektorn \u2013\u00a0f\u00f6reningsliv, hj\u00e4lporganisationer, kyrkor och samfund ska upph\u00f6ra. Avdragsr\u00e4tt ska\u00a0inf\u00f6ras f\u00f6r g\u00e5vor till ideella organisationer.<\/dd>\n<\/dl>\n<dl>\n<dt>7. Tills\u00e4tt en v\u00e4rdekommission<\/dt>\n<\/dl>\n<dl>\n<dd>En v\u00e4rdekommission b\u00f6r tills\u00e4ttas, som syftar till att stimulera till ett f\u00f6rdjupat samtal\u00a0kring etik, m\u00e4nniskosyn, hederlighet, personligt ansvar och j\u00e4mst\u00e4lldhet.<\/dd>\n<\/dl>\n<dl>\n<dt>8. Inf\u00f6r en civilkuragelag<\/dt>\n<\/dl>\n<dl>\n<dd>En civilkuragelag inf\u00f6rs, vilken g\u00f6r var och en skyldig att efter sin f\u00f6rm\u00e5ga bist\u00e5 en<br \/>\nmedm\u00e4nniska i n\u00f6d.<\/dd>\n<\/dl>\n<dl>\n<dt>9. H\u00f6j statusen p\u00e5 medborgarskapet \u2013 lyft \u00e4ven fram skyldigheterna!<\/dt>\n<\/dl>\n<dl>\n<dd>Statusen f\u00f6r medborgarskap m\u00e5ste h\u00f6jas, bland annat genom en ceremoni n\u00e4r\u00a0medborgarskap erh\u00e5lls. Alla som blir myndiga och som beviljas svenskt medborgarskap\u00a0b\u00f6r f\u00e5 en medborgarbok, som beskriver v\u00e5ra r\u00e4ttigheter, skyldigheter och v\u00e5rt ansvar.<\/dd>\n<\/dl>\n<dl>\n<dt>10. Fler poliser<\/dt>\n<\/dl>\n<dl>\n<dd>F\u00f6r att \u00f6ka tryggheten ska fler polistj\u00e4nster inr\u00e4ttas.<\/dd>\n<\/dl>\n<p style=\"text-align: right\">J\u00f6nk\u00f6ping, augusti 2006<\/p>\n<p style=\"text-align: right\"><em>Stefan Attefall<\/em><br \/>\nRiksdagsledamot<\/p>\n","protected":false},"excerpt":{"rendered":"<p>L\u00f6rdagen den 2 september fick Kristdemokraterna V\u00e4rnamo bes\u00f6k av gruppledaren i Riksdagen, Stefan Attefall, J\u00f6nk\u00f6ping, som presenterade sitt personliga valmanifest.<\/p>\n","protected":false},"author":412,"featured_media":9638,"comment_status":"closed","ping_status":"closed","sticky":false,"template":"","format":"standard","meta":{"_acf_changed":false,"footnotes":""},"categories":[11],"tags":[170,168,171,103,67,158,62,169],"class_list":["post-2048","post","type-post","status-publish","format-standard","hentry","category-nyheter","tag-civilkuragelag","tag-gruppledare","tag-hederlighet","tag-ideella-organisationer","tag-stefan-attefall","tag-valmanifest","tag-valrorelse","tag-vardekommission"],"acf":[],"yoast_head":"<!-- This site is optimized with the Yoast SEO plugin v27.4 - https:\/\/yoast.com\/product\/yoast-seo-wordpress\/ -->\n<title>Ett hederligare Sverige - KRISTDEMOKRATERNA V\u00c4RNAMO<\/title>\n<meta name=\"robots\" content=\"index, follow, max-snippet:-1, max-image-preview:large, max-video-preview:-1\" \/>\n<link rel=\"canonical\" href=\"https:\/\/wp.kristdemokraterna.se\/varnamo\/2006\/09\/02\/ett-hederligare-sverige\/\" \/>\n<meta property=\"og:locale\" content=\"sv_SE\" \/>\n<meta property=\"og:type\" content=\"article\" \/>\n<meta property=\"og:title\" content=\"Ett hederligare Sverige - KRISTDEMOKRATERNA V\u00c4RNAMO\" \/>\n<meta property=\"og:description\" content=\"L\u00f6rdagen den 2 september fick Kristdemokraterna V\u00e4rnamo bes\u00f6k av gruppledaren i Riksdagen, Stefan Attefall, J\u00f6nk\u00f6ping, som presenterade sitt personliga valmanifest.\" \/>\n<meta property=\"og:url\" content=\"https:\/\/wp.kristdemokraterna.se\/varnamo\/2006\/09\/02\/ett-hederligare-sverige\/\" \/>\n<meta property=\"og:site_name\" content=\"KRISTDEMOKRATERNA V\u00c4RNAMO\" \/>\n<meta property=\"article:publisher\" content=\"https:\/\/www.facebook.com\/KDVarnamo\/\" \/>\n<meta property=\"article:published_time\" content=\"2006-09-02T19:38:00+00:00\" \/>\n<meta property=\"article:modified_time\" content=\"2015-07-10T18:49:56+00:00\" \/>\n<meta property=\"og:image\" content=\"http:\/\/wp.kristdemokraterna.se\/varnamo\/files\/2010\/08\/stefan_attefall1.jpg\" \/>\n<meta name=\"author\" content=\"Kristdemokraterna V\u00e4rnamo\" \/>\n<meta name=\"twitter:card\" content=\"summary_large_image\" \/>\n<meta name=\"twitter:creator\" content=\"@KDVarnamo\" \/>\n<meta name=\"twitter:site\" content=\"@KDVarnamo\" \/>\n<meta name=\"twitter:label1\" content=\"Skriven av\" \/>\n\t<meta name=\"twitter:data1\" content=\"Kristdemokraterna V\u00e4rnamo\" \/>\n\t<meta name=\"twitter:label2\" content=\"Ber\u00e4knad l\u00e4stid\" \/>\n\t<meta name=\"twitter:data2\" content=\"4 minuter\" \/>\n<script type=\"application\/ld+json\" class=\"yoast-schema-graph\">{\"@context\":\"https:\\\/\\\/schema.org\",\"@graph\":[{\"@type\":\"Article\",\"@id\":\"https:\\\/\\\/wp.kristdemokraterna.se\\\/varnamo\\\/2006\\\/09\\\/02\\\/ett-hederligare-sverige\\\/#article\",\"isPartOf\":{\"@id\":\"https:\\\/\\\/wp.kristdemokraterna.se\\\/varnamo\\\/2006\\\/09\\\/02\\\/ett-hederligare-sverige\\\/\"},\"author\":{\"name\":\"Kristdemokraterna V\u00e4rnamo\",\"@id\":\"https:\\\/\\\/wp.kristdemokraterna.se\\\/varnamo\\\/#\\\/schema\\\/person\\\/4e339ab04d613699e4dfe80a994e01d4\"},\"headline\":\"Ett hederligare Sverige\",\"datePublished\":\"2006-09-02T19:38:00+00:00\",\"dateModified\":\"2015-07-10T18:49:56+00:00\",\"mainEntityOfPage\":{\"@id\":\"https:\\\/\\\/wp.kristdemokraterna.se\\\/varnamo\\\/2006\\\/09\\\/02\\\/ett-hederligare-sverige\\\/\"},\"wordCount\":772,\"publisher\":{\"@id\":\"https:\\\/\\\/wp.kristdemokraterna.se\\\/varnamo\\\/#organization\"},\"image\":{\"@id\":\"https:\\\/\\\/wp.kristdemokraterna.se\\\/varnamo\\\/2006\\\/09\\\/02\\\/ett-hederligare-sverige\\\/#primaryimage\"},\"thumbnailUrl\":\"https:\\\/\\\/wp.kristdemokraterna.se\\\/varnamo\\\/files\\\/2022\\\/08\\\/kd-logo-blue.png\",\"keywords\":[\"civilkuragelag\",\"gruppledare\",\"hederlighet\",\"ideella organisationer\",\"Stefan Attefall\",\"valmanifest\",\"valr\u00f6relse\",\"v\u00e4rdekommission\"],\"articleSection\":[\"Nyheter\"],\"inLanguage\":\"sv-SE\"},{\"@type\":\"WebPage\",\"@id\":\"https:\\\/\\\/wp.kristdemokraterna.se\\\/varnamo\\\/2006\\\/09\\\/02\\\/ett-hederligare-sverige\\\/\",\"url\":\"https:\\\/\\\/wp.kristdemokraterna.se\\\/varnamo\\\/2006\\\/09\\\/02\\\/ett-hederligare-sverige\\\/\",\"name\":\"Ett hederligare Sverige - KRISTDEMOKRATERNA V\u00c4RNAMO\",\"isPartOf\":{\"@id\":\"https:\\\/\\\/wp.kristdemokraterna.se\\\/varnamo\\\/#website\"},\"primaryImageOfPage\":{\"@id\":\"https:\\\/\\\/wp.kristdemokraterna.se\\\/varnamo\\\/2006\\\/09\\\/02\\\/ett-hederligare-sverige\\\/#primaryimage\"},\"image\":{\"@id\":\"https:\\\/\\\/wp.kristdemokraterna.se\\\/varnamo\\\/2006\\\/09\\\/02\\\/ett-hederligare-sverige\\\/#primaryimage\"},\"thumbnailUrl\":\"https:\\\/\\\/wp.kristdemokraterna.se\\\/varnamo\\\/files\\\/2022\\\/08\\\/kd-logo-blue.png\",\"datePublished\":\"2006-09-02T19:38:00+00:00\",\"dateModified\":\"2015-07-10T18:49:56+00:00\",\"breadcrumb\":{\"@id\":\"https:\\\/\\\/wp.kristdemokraterna.se\\\/varnamo\\\/2006\\\/09\\\/02\\\/ett-hederligare-sverige\\\/#breadcrumb\"},\"inLanguage\":\"sv-SE\",\"potentialAction\":[{\"@type\":\"ReadAction\",\"target\":[\"https:\\\/\\\/wp.kristdemokraterna.se\\\/varnamo\\\/2006\\\/09\\\/02\\\/ett-hederligare-sverige\\\/\"]}]},{\"@type\":\"ImageObject\",\"inLanguage\":\"sv-SE\",\"@id\":\"https:\\\/\\\/wp.kristdemokraterna.se\\\/varnamo\\\/2006\\\/09\\\/02\\\/ett-hederligare-sverige\\\/#primaryimage\",\"url\":\"https:\\\/\\\/wp.kristdemokraterna.se\\\/varnamo\\\/files\\\/2022\\\/08\\\/kd-logo-blue.png\",\"contentUrl\":\"https:\\\/\\\/wp.kristdemokraterna.se\\\/varnamo\\\/files\\\/2022\\\/08\\\/kd-logo-blue.png\",\"width\":2000,\"height\":2000,\"caption\":\"Kristdemokraternas logotyp\"},{\"@type\":\"BreadcrumbList\",\"@id\":\"https:\\\/\\\/wp.kristdemokraterna.se\\\/varnamo\\\/2006\\\/09\\\/02\\\/ett-hederligare-sverige\\\/#breadcrumb\",\"itemListElement\":[{\"@type\":\"ListItem\",\"position\":1,\"name\":\"Hem\",\"item\":\"https:\\\/\\\/wp.kristdemokraterna.se\\\/varnamo\\\/\"},{\"@type\":\"ListItem\",\"position\":2,\"name\":\"Ett hederligare Sverige\"}]},{\"@type\":\"WebSite\",\"@id\":\"https:\\\/\\\/wp.kristdemokraterna.se\\\/varnamo\\\/#website\",\"url\":\"https:\\\/\\\/wp.kristdemokraterna.se\\\/varnamo\\\/\",\"name\":\"KRISTDEMOKRATERNA V\u00c4RNAMO\",\"description\":\"Med hj\u00e4rta f\u00f6r V\u00e4rnamo\",\"publisher\":{\"@id\":\"https:\\\/\\\/wp.kristdemokraterna.se\\\/varnamo\\\/#organization\"},\"inLanguage\":\"sv-SE\"},{\"@type\":\"Organization\",\"@id\":\"https:\\\/\\\/wp.kristdemokraterna.se\\\/varnamo\\\/#organization\",\"name\":\"Kristdemokraterna V\u00e4rnamo\",\"url\":\"https:\\\/\\\/wp.kristdemokraterna.se\\\/varnamo\\\/\",\"logo\":{\"@type\":\"ImageObject\",\"inLanguage\":\"sv-SE\",\"@id\":\"https:\\\/\\\/wp.kristdemokraterna.se\\\/varnamo\\\/#\\\/schema\\\/logo\\\/image\\\/\",\"url\":\"https:\\\/\\\/wp.kristdemokraterna.se\\\/varnamo\\\/files\\\/2022\\\/08\\\/va\u2560ernamo-sida-bla-300dpi.png\",\"contentUrl\":\"https:\\\/\\\/wp.kristdemokraterna.se\\\/varnamo\\\/files\\\/2022\\\/08\\\/va\u2560ernamo-sida-bla-300dpi.png\",\"width\":1485,\"height\":681,\"caption\":\"Kristdemokraterna V\u00e4rnamo\"},\"image\":{\"@id\":\"https:\\\/\\\/wp.kristdemokraterna.se\\\/varnamo\\\/#\\\/schema\\\/logo\\\/image\\\/\"},\"sameAs\":[\"https:\\\/\\\/www.facebook.com\\\/KDVarnamo\\\/\",\"https:\\\/\\\/x.com\\\/KDVarnamo\",\"https:\\\/\\\/www.instagram.com\\\/\",\"https:\\\/\\\/www.youtube.com\\\/user\\\/studiokd\\\/videos\"]},{\"@type\":\"Person\",\"@id\":\"https:\\\/\\\/wp.kristdemokraterna.se\\\/varnamo\\\/#\\\/schema\\\/person\\\/4e339ab04d613699e4dfe80a994e01d4\",\"name\":\"Kristdemokraterna V\u00e4rnamo\",\"image\":{\"@type\":\"ImageObject\",\"inLanguage\":\"sv-SE\",\"@id\":\"https:\\\/\\\/secure.gravatar.com\\\/avatar\\\/c122e48c7723992af51eb155eeaa93db3c1fa324e3fc6ec45dd712c812809b5b?s=96&r=g\",\"url\":\"https:\\\/\\\/secure.gravatar.com\\\/avatar\\\/c122e48c7723992af51eb155eeaa93db3c1fa324e3fc6ec45dd712c812809b5b?s=96&r=g\",\"contentUrl\":\"https:\\\/\\\/secure.gravatar.com\\\/avatar\\\/c122e48c7723992af51eb155eeaa93db3c1fa324e3fc6ec45dd712c812809b5b?s=96&r=g\",\"caption\":\"Kristdemokraterna V\u00e4rnamo\"},\"description\":\"Familjens r\u00f6st\",\"sameAs\":[\"http:\\\/\\\/www.varnamo.kristdemokraterna.se\"],\"url\":\"https:\\\/\\\/wp.kristdemokraterna.se\\\/varnamo\\\/author\\\/varnamo\\\/\"}]}<\/script>\n<!-- \/ Yoast SEO plugin. -->","yoast_head_json":{"title":"Ett hederligare Sverige - KRISTDEMOKRATERNA V\u00c4RNAMO","robots":{"index":"index","follow":"follow","max-snippet":"max-snippet:-1","max-image-preview":"max-image-preview:large","max-video-preview":"max-video-preview:-1"},"canonical":"https:\/\/wp.kristdemokraterna.se\/varnamo\/2006\/09\/02\/ett-hederligare-sverige\/","og_locale":"sv_SE","og_type":"article","og_title":"Ett hederligare Sverige - KRISTDEMOKRATERNA V\u00c4RNAMO","og_description":"L\u00f6rdagen den 2 september fick Kristdemokraterna V\u00e4rnamo bes\u00f6k av gruppledaren i Riksdagen, Stefan Attefall, J\u00f6nk\u00f6ping, som presenterade sitt personliga valmanifest.","og_url":"https:\/\/wp.kristdemokraterna.se\/varnamo\/2006\/09\/02\/ett-hederligare-sverige\/","og_site_name":"KRISTDEMOKRATERNA V\u00c4RNAMO","article_publisher":"https:\/\/www.facebook.com\/KDVarnamo\/","article_published_time":"2006-09-02T19:38:00+00:00","article_modified_time":"2015-07-10T18:49:56+00:00","og_image":[{"url":"http:\/\/wp.kristdemokraterna.se\/varnamo\/files\/2010\/08\/stefan_attefall1.jpg","type":"","width":"","height":""}],"author":"Kristdemokraterna V\u00e4rnamo","twitter_card":"summary_large_image","twitter_creator":"@KDVarnamo","twitter_site":"@KDVarnamo","twitter_misc":{"Skriven av":"Kristdemokraterna V\u00e4rnamo","Ber\u00e4knad l\u00e4stid":"4 minuter"},"schema":{"@context":"https:\/\/schema.org","@graph":[{"@type":"Article","@id":"https:\/\/wp.kristdemokraterna.se\/varnamo\/2006\/09\/02\/ett-hederligare-sverige\/#article","isPartOf":{"@id":"https:\/\/wp.kristdemokraterna.se\/varnamo\/2006\/09\/02\/ett-hederligare-sverige\/"},"author":{"name":"Kristdemokraterna V\u00e4rnamo","@id":"https:\/\/wp.kristdemokraterna.se\/varnamo\/#\/schema\/person\/4e339ab04d613699e4dfe80a994e01d4"},"headline":"Ett hederligare Sverige","datePublished":"2006-09-02T19:38:00+00:00","dateModified":"2015-07-10T18:49:56+00:00","mainEntityOfPage":{"@id":"https:\/\/wp.kristdemokraterna.se\/varnamo\/2006\/09\/02\/ett-hederligare-sverige\/"},"wordCount":772,"publisher":{"@id":"https:\/\/wp.kristdemokraterna.se\/varnamo\/#organization"},"image":{"@id":"https:\/\/wp.kristdemokraterna.se\/varnamo\/2006\/09\/02\/ett-hederligare-sverige\/#primaryimage"},"thumbnailUrl":"https:\/\/wp.kristdemokraterna.se\/varnamo\/files\/2022\/08\/kd-logo-blue.png","keywords":["civilkuragelag","gruppledare","hederlighet","ideella organisationer","Stefan Attefall","valmanifest","valr\u00f6relse","v\u00e4rdekommission"],"articleSection":["Nyheter"],"inLanguage":"sv-SE"},{"@type":"WebPage","@id":"https:\/\/wp.kristdemokraterna.se\/varnamo\/2006\/09\/02\/ett-hederligare-sverige\/","url":"https:\/\/wp.kristdemokraterna.se\/varnamo\/2006\/09\/02\/ett-hederligare-sverige\/","name":"Ett hederligare Sverige - KRISTDEMOKRATERNA V\u00c4RNAMO","isPartOf":{"@id":"https:\/\/wp.kristdemokraterna.se\/varnamo\/#website"},"primaryImageOfPage":{"@id":"https:\/\/wp.kristdemokraterna.se\/varnamo\/2006\/09\/02\/ett-hederligare-sverige\/#primaryimage"},"image":{"@id":"https:\/\/wp.kristdemokraterna.se\/varnamo\/2006\/09\/02\/ett-hederligare-sverige\/#primaryimage"},"thumbnailUrl":"https:\/\/wp.kristdemokraterna.se\/varnamo\/files\/2022\/08\/kd-logo-blue.png","datePublished":"2006-09-02T19:38:00+00:00","dateModified":"2015-07-10T18:49:56+00:00","breadcrumb":{"@id":"https:\/\/wp.kristdemokraterna.se\/varnamo\/2006\/09\/02\/ett-hederligare-sverige\/#breadcrumb"},"inLanguage":"sv-SE","potentialAction":[{"@type":"ReadAction","target":["https:\/\/wp.kristdemokraterna.se\/varnamo\/2006\/09\/02\/ett-hederligare-sverige\/"]}]},{"@type":"ImageObject","inLanguage":"sv-SE","@id":"https:\/\/wp.kristdemokraterna.se\/varnamo\/2006\/09\/02\/ett-hederligare-sverige\/#primaryimage","url":"https:\/\/wp.kristdemokraterna.se\/varnamo\/files\/2022\/08\/kd-logo-blue.png","contentUrl":"https:\/\/wp.kristdemokraterna.se\/varnamo\/files\/2022\/08\/kd-logo-blue.png","width":2000,"height":2000,"caption":"Kristdemokraternas logotyp"},{"@type":"BreadcrumbList","@id":"https:\/\/wp.kristdemokraterna.se\/varnamo\/2006\/09\/02\/ett-hederligare-sverige\/#breadcrumb","itemListElement":[{"@type":"ListItem","position":1,"name":"Hem","item":"https:\/\/wp.kristdemokraterna.se\/varnamo\/"},{"@type":"ListItem","position":2,"name":"Ett hederligare Sverige"}]},{"@type":"WebSite","@id":"https:\/\/wp.kristdemokraterna.se\/varnamo\/#website","url":"https:\/\/wp.kristdemokraterna.se\/varnamo\/","name":"KRISTDEMOKRATERNA V\u00c4RNAMO","description":"Med hj\u00e4rta f\u00f6r V\u00e4rnamo","publisher":{"@id":"https:\/\/wp.kristdemokraterna.se\/varnamo\/#organization"},"inLanguage":"sv-SE"},{"@type":"Organization","@id":"https:\/\/wp.kristdemokraterna.se\/varnamo\/#organization","name":"Kristdemokraterna V\u00e4rnamo","url":"https:\/\/wp.kristdemokraterna.se\/varnamo\/","logo":{"@type":"ImageObject","inLanguage":"sv-SE","@id":"https:\/\/wp.kristdemokraterna.se\/varnamo\/#\/schema\/logo\/image\/","url":"https:\/\/wp.kristdemokraterna.se\/varnamo\/files\/2022\/08\/va\u2560ernamo-sida-bla-300dpi.png","contentUrl":"https:\/\/wp.kristdemokraterna.se\/varnamo\/files\/2022\/08\/va\u2560ernamo-sida-bla-300dpi.png","width":1485,"height":681,"caption":"Kristdemokraterna V\u00e4rnamo"},"image":{"@id":"https:\/\/wp.kristdemokraterna.se\/varnamo\/#\/schema\/logo\/image\/"},"sameAs":["https:\/\/www.facebook.com\/KDVarnamo\/","https:\/\/x.com\/KDVarnamo","https:\/\/www.instagram.com\/","https:\/\/www.youtube.com\/user\/studiokd\/videos"]},{"@type":"Person","@id":"https:\/\/wp.kristdemokraterna.se\/varnamo\/#\/schema\/person\/4e339ab04d613699e4dfe80a994e01d4","name":"Kristdemokraterna V\u00e4rnamo","image":{"@type":"ImageObject","inLanguage":"sv-SE","@id":"https:\/\/secure.gravatar.com\/avatar\/c122e48c7723992af51eb155eeaa93db3c1fa324e3fc6ec45dd712c812809b5b?s=96&r=g","url":"https:\/\/secure.gravatar.com\/avatar\/c122e48c7723992af51eb155eeaa93db3c1fa324e3fc6ec45dd712c812809b5b?s=96&r=g","contentUrl":"https:\/\/secure.gravatar.com\/avatar\/c122e48c7723992af51eb155eeaa93db3c1fa324e3fc6ec45dd712c812809b5b?s=96&r=g","caption":"Kristdemokraterna V\u00e4rnamo"},"description":"Familjens r\u00f6st","sameAs":["http:\/\/www.varnamo.kristdemokraterna.se"],"url":"https:\/\/wp.kristdemokraterna.se\/varnamo\/author\/varnamo\/"}]}},"_links":{"self":[{"href":"https:\/\/wp.kristdemokraterna.se\/varnamo\/wp-json\/wp\/v2\/posts\/2048","targetHints":{"allow":["GET"]}}],"collection":[{"href":"https:\/\/wp.kristdemokraterna.se\/varnamo\/wp-json\/wp\/v2\/posts"}],"about":[{"href":"https:\/\/wp.kristdemokraterna.se\/varnamo\/wp-json\/wp\/v2\/types\/post"}],"author":[{"embeddable":true,"href":"https:\/\/wp.kristdemokraterna.se\/varnamo\/wp-json\/wp\/v2\/users\/412"}],"replies":[{"embeddable":true,"href":"https:\/\/wp.kristdemokraterna.se\/varnamo\/wp-json\/wp\/v2\/comments?post=2048"}],"version-history":[{"count":8,"href":"https:\/\/wp.kristdemokraterna.se\/varnamo\/wp-json\/wp\/v2\/posts\/2048\/revisions"}],"predecessor-version":[{"id":6756,"href":"https:\/\/wp.kristdemokraterna.se\/varnamo\/wp-json\/wp\/v2\/posts\/2048\/revisions\/6756"}],"wp:featuredmedia":[{"embeddable":true,"href":"https:\/\/wp.kristdemokraterna.se\/varnamo\/wp-json\/wp\/v2\/media\/9638"}],"wp:attachment":[{"href":"https:\/\/wp.kristdemokraterna.se\/varnamo\/wp-json\/wp\/v2\/media?parent=2048"}],"wp:term":[{"taxonomy":"category","embeddable":true,"href":"https:\/\/wp.kristdemokraterna.se\/varnamo\/wp-json\/wp\/v2\/categories?post=2048"},{"taxonomy":"post_tag","embeddable":true,"href":"https:\/\/wp.kristdemokraterna.se\/varnamo\/wp-json\/wp\/v2\/tags?post=2048"}],"curies":[{"name":"wp","href":"https:\/\/api.w.org\/{rel}","templated":true}]}}