{"id":2065,"date":"1998-09-14T18:38:00","date_gmt":"1998-09-14T16:38:00","guid":{"rendered":"http:\/\/localhost:4901\/?p=2065"},"modified":"2015-07-12T21:57:05","modified_gmt":"2015-07-12T19:57:05","slug":"en-kristdemokratisk-samhallsvision","status":"publish","type":"post","link":"https:\/\/wp.kristdemokraterna.se\/varnamo\/1998\/09\/14\/en-kristdemokratisk-samhallsvision\/","title":{"rendered":"En kristdemokratisk samh\u00e4llsvision"},"content":{"rendered":"<p>Vilket samh\u00e4lle vill du leva i? Och vilket samh\u00e4lle\u00a0vill du \u00f6verl\u00e4mna till dina barn och barnbarn? Som v\u00e4ljare\u00a0\u00e4r du med och formar framtiden. Visst, politik \u00e4r inte allt, men<br \/>\npolitik \u00e4r ett viktigt styrmedel.<\/p>\n<p><!--more-->Vi kristdemokrater arbetar f\u00f6r ett samh\u00e4lle d\u00e4r f\u00f6r\u00e4ldrar f\u00e5r mer tid f\u00f6r\u00a0barnen. I den lilla, n\u00e4ra gemenskapen utvecklas barnet b\u00e4st och h\u00e4r sker\u00a0norm\u00f6verf\u00f6ringen enklast.<\/p>\n<p>Vi arbetar f\u00f6r ett samh\u00e4lle d\u00e4r alla gamla och\u00a0sjuka bem\u00f6ts med respekt och v\u00e4rdighet. S\u00e5 ska alla m\u00e4nniskor bem\u00f6tas, men\u00a0det \u00e4r s\u00e4rskilt viktigt f\u00f6r den som \u00e4r utl\u00e4mnad till andra m\u00e4nniskor.<\/p>\n<p>Vi vill ett samh\u00e4lle d\u00e4r det inte \u00e4r ett helt f\u00f6retag att starta firma, utan\u00a0d\u00e4r nya arbetstillf\u00e4llen st\u00e4ndigt kan skapas och alla har arbete.<\/p>\n<p>Vi vill ett samh\u00e4lle d\u00e4r m\u00e4nniskor kan k\u00e4nna sig trygga och s\u00e4kra, d\u00e4r cykeln kan\u00a0parkeras utanf\u00f6r butiken ol\u00e5st och st\u00e5 kvar d\u00e4r n\u00e4r jag beh\u00f6ver den.<\/p>\n<p>Vi vill ett samh\u00e4lle som \u00e4r roligt att leva i, d\u00e4r s\u00e5ng och musik, dans och\u00a0teater, konst och film \u00e4r naturliga yttringar av m\u00e4nniskors livslust och\u00a0livsgl\u00e4dje.<\/p>\n<p>Vi vet hur vi ska bygga det samh\u00e4llet! Det \u00e4r f\u00f6rvaltarskap\u00a0och utveckling p\u00e5 samma g\u00e5ng. Men det \u00e4r plattformen, dvs v\u00e4rdegrunden som\u00a0\u00e4r viktigast. V\u00e5r ideologiska grund utg\u00f6rs av den m\u00e4nnisko- och\u00a0demokratisyn som grundar sig p\u00e5 kristna v\u00e4rderingar!<\/p>\n<p>Vi vill f\u00f6rvalta den skapelse vi f\u00e5tt att leva p\u00e5 och av, s\u00e5 att ocks\u00e5 v\u00e5ra barn och barnbarn\u00a0ska f\u00e5 ren luft att andas, friskt vatten att dricka och levande natur att\u00a0vandra i!<\/p>\n<p>Du \u00e4r v\u00e4lkommen med i arbetet att f\u00f6rverkliga den kristdemokratiska\u00a0samh\u00e4llsvisionen. Din r\u00f6st p\u00e5 kristdemokraterna \u00e4r inte bortkastad utan\u00a0livsviktig!<\/p>\n<p style=\"text-align: right\"><em>Christer Fjordevik<\/em><\/p>\n<hr \/>\n<h1>Webbtips<\/h1>\n<p>L\u00e4s v\u00e5rt valmanifest f\u00f6r ett tryggare och friare V\u00e4rnamo p\u00e5:<br \/>\n<a title=\"Val 1998\" href=\"http:\/\/wp.kristdemokraterna.se\/varnamo\/val-1998\/\">Om vi fick best\u00e4mma<\/a><\/p>\n","protected":false},"excerpt":{"rendered":"<p>Vilket samh\u00e4lle vill du leva i? Och vilket samh\u00e4lle\u00a0vill du \u00f6verl\u00e4mna till dina barn och barnbarn? Som v\u00e4ljare\u00a0\u00e4r du med och formar framtiden. Visst, politik \u00e4r inte allt, men politik \u00e4r ett viktigt styrmedel.<\/p>\n","protected":false},"author":412,"featured_media":3784,"comment_status":"closed","ping_status":"closed","sticky":false,"template":"","format":"standard","meta":{"_acf_changed":false,"footnotes":""},"categories":[12],"tags":[32,31,167,24,172,37,401,285,164,183,173,73,296,178,177,209,62,295,195,179],"class_list":["post-2065","post","type-post","status-publish","format-standard","hentry","category-debatt","tag-aldre","tag-barn-och-unga","tag-bemotande","tag-christer-fjordevik","tag-demokrati","tag-familj","tag-foraldrar","tag-foretag","tag-foretagande","tag-forvaltarskap","tag-gemenskap","tag-insandare","tag-manniskosyn","tag-respekt","tag-trygghet","tag-utveckling","tag-valrorelse","tag-vardegrund","tag-varderingar","tag-vardighet"],"acf":[],"yoast_head":"<!-- This site is optimized with the Yoast SEO plugin v27.4 - https:\/\/yoast.com\/product\/yoast-seo-wordpress\/ -->\n<title>En kristdemokratisk samh\u00e4llsvision - KRISTDEMOKRATERNA V\u00c4RNAMO<\/title>\n<meta name=\"robots\" content=\"index, follow, max-snippet:-1, max-image-preview:large, max-video-preview:-1\" \/>\n<link rel=\"canonical\" href=\"https:\/\/wp.kristdemokraterna.se\/varnamo\/1998\/09\/14\/en-kristdemokratisk-samhallsvision\/\" \/>\n<meta property=\"og:locale\" content=\"sv_SE\" \/>\n<meta property=\"og:type\" content=\"article\" \/>\n<meta property=\"og:title\" content=\"En kristdemokratisk samh\u00e4llsvision - KRISTDEMOKRATERNA V\u00c4RNAMO\" \/>\n<meta property=\"og:description\" content=\"Vilket samh\u00e4lle vill du leva i? Och vilket samh\u00e4lle\u00a0vill du \u00f6verl\u00e4mna till dina barn och barnbarn? Som v\u00e4ljare\u00a0\u00e4r du med och formar framtiden. Visst, politik \u00e4r inte allt, men politik \u00e4r ett viktigt styrmedel.\" \/>\n<meta property=\"og:url\" content=\"https:\/\/wp.kristdemokraterna.se\/varnamo\/1998\/09\/14\/en-kristdemokratisk-samhallsvision\/\" \/>\n<meta property=\"og:site_name\" content=\"KRISTDEMOKRATERNA V\u00c4RNAMO\" \/>\n<meta property=\"article:publisher\" content=\"https:\/\/www.facebook.com\/KDVarnamo\/\" \/>\n<meta property=\"article:published_time\" content=\"1998-09-14T16:38:00+00:00\" \/>\n<meta property=\"article:modified_time\" content=\"2015-07-12T19:57:05+00:00\" \/>\n<meta property=\"og:image\" content=\"https:\/\/wp.kristdemokraterna.se\/varnamo\/files\/2013\/11\/cf.jpg\" \/>\n\t<meta property=\"og:image:width\" content=\"115\" \/>\n\t<meta property=\"og:image:height\" content=\"145\" \/>\n\t<meta property=\"og:image:type\" content=\"image\/jpeg\" \/>\n<meta name=\"author\" content=\"Kristdemokraterna V\u00e4rnamo\" \/>\n<meta name=\"twitter:card\" content=\"summary_large_image\" \/>\n<meta name=\"twitter:creator\" content=\"@KDVarnamo\" \/>\n<meta name=\"twitter:site\" content=\"@KDVarnamo\" \/>\n<meta name=\"twitter:label1\" content=\"Skriven av\" \/>\n\t<meta name=\"twitter:data1\" content=\"Kristdemokraterna V\u00e4rnamo\" \/>\n\t<meta name=\"twitter:label2\" content=\"Ber\u00e4knad l\u00e4stid\" \/>\n\t<meta name=\"twitter:data2\" content=\"2 minuter\" \/>\n<script type=\"application\/ld+json\" class=\"yoast-schema-graph\">{\"@context\":\"https:\\\/\\\/schema.org\",\"@graph\":[{\"@type\":\"Article\",\"@id\":\"https:\\\/\\\/wp.kristdemokraterna.se\\\/varnamo\\\/1998\\\/09\\\/14\\\/en-kristdemokratisk-samhallsvision\\\/#article\",\"isPartOf\":{\"@id\":\"https:\\\/\\\/wp.kristdemokraterna.se\\\/varnamo\\\/1998\\\/09\\\/14\\\/en-kristdemokratisk-samhallsvision\\\/\"},\"author\":{\"name\":\"Kristdemokraterna V\u00e4rnamo\",\"@id\":\"https:\\\/\\\/wp.kristdemokraterna.se\\\/varnamo\\\/#\\\/schema\\\/person\\\/4e339ab04d613699e4dfe80a994e01d4\"},\"headline\":\"En kristdemokratisk samh\u00e4llsvision\",\"datePublished\":\"1998-09-14T16:38:00+00:00\",\"dateModified\":\"2015-07-12T19:57:05+00:00\",\"mainEntityOfPage\":{\"@id\":\"https:\\\/\\\/wp.kristdemokraterna.se\\\/varnamo\\\/1998\\\/09\\\/14\\\/en-kristdemokratisk-samhallsvision\\\/\"},\"wordCount\":360,\"publisher\":{\"@id\":\"https:\\\/\\\/wp.kristdemokraterna.se\\\/varnamo\\\/#organization\"},\"image\":{\"@id\":\"https:\\\/\\\/wp.kristdemokraterna.se\\\/varnamo\\\/1998\\\/09\\\/14\\\/en-kristdemokratisk-samhallsvision\\\/#primaryimage\"},\"thumbnailUrl\":\"https:\\\/\\\/wp.kristdemokraterna.se\\\/varnamo\\\/files\\\/2013\\\/11\\\/cf.jpg\",\"keywords\":[\"\u00e4ldre\",\"barn och unga\",\"bem\u00f6tande\",\"Christer Fjordevik\",\"demokrati\",\"familj\",\"f\u00f6r\u00e4ldrar\",\"f\u00f6retag\",\"f\u00f6retagande\",\"f\u00f6rvaltarskap\",\"gemenskap\",\"ins\u00e4ndare\",\"m\u00e4nniskosyn\",\"respekt\",\"trygghet\",\"utveckling\",\"valr\u00f6relse\",\"v\u00e4rdegrund\",\"v\u00e4rderingar\",\"v\u00e4rdighet\"],\"articleSection\":[\"Debatt\"],\"inLanguage\":\"sv-SE\"},{\"@type\":\"WebPage\",\"@id\":\"https:\\\/\\\/wp.kristdemokraterna.se\\\/varnamo\\\/1998\\\/09\\\/14\\\/en-kristdemokratisk-samhallsvision\\\/\",\"url\":\"https:\\\/\\\/wp.kristdemokraterna.se\\\/varnamo\\\/1998\\\/09\\\/14\\\/en-kristdemokratisk-samhallsvision\\\/\",\"name\":\"En kristdemokratisk samh\u00e4llsvision - KRISTDEMOKRATERNA V\u00c4RNAMO\",\"isPartOf\":{\"@id\":\"https:\\\/\\\/wp.kristdemokraterna.se\\\/varnamo\\\/#website\"},\"primaryImageOfPage\":{\"@id\":\"https:\\\/\\\/wp.kristdemokraterna.se\\\/varnamo\\\/1998\\\/09\\\/14\\\/en-kristdemokratisk-samhallsvision\\\/#primaryimage\"},\"image\":{\"@id\":\"https:\\\/\\\/wp.kristdemokraterna.se\\\/varnamo\\\/1998\\\/09\\\/14\\\/en-kristdemokratisk-samhallsvision\\\/#primaryimage\"},\"thumbnailUrl\":\"https:\\\/\\\/wp.kristdemokraterna.se\\\/varnamo\\\/files\\\/2013\\\/11\\\/cf.jpg\",\"datePublished\":\"1998-09-14T16:38:00+00:00\",\"dateModified\":\"2015-07-12T19:57:05+00:00\",\"breadcrumb\":{\"@id\":\"https:\\\/\\\/wp.kristdemokraterna.se\\\/varnamo\\\/1998\\\/09\\\/14\\\/en-kristdemokratisk-samhallsvision\\\/#breadcrumb\"},\"inLanguage\":\"sv-SE\",\"potentialAction\":[{\"@type\":\"ReadAction\",\"target\":[\"https:\\\/\\\/wp.kristdemokraterna.se\\\/varnamo\\\/1998\\\/09\\\/14\\\/en-kristdemokratisk-samhallsvision\\\/\"]}]},{\"@type\":\"ImageObject\",\"inLanguage\":\"sv-SE\",\"@id\":\"https:\\\/\\\/wp.kristdemokraterna.se\\\/varnamo\\\/1998\\\/09\\\/14\\\/en-kristdemokratisk-samhallsvision\\\/#primaryimage\",\"url\":\"https:\\\/\\\/wp.kristdemokraterna.se\\\/varnamo\\\/files\\\/2013\\\/11\\\/cf.jpg\",\"contentUrl\":\"https:\\\/\\\/wp.kristdemokraterna.se\\\/varnamo\\\/files\\\/2013\\\/11\\\/cf.jpg\",\"width\":115,\"height\":145,\"caption\":\"Christer Fjordevik, Kristdemokraterna V\u00e4rnamo.\"},{\"@type\":\"BreadcrumbList\",\"@id\":\"https:\\\/\\\/wp.kristdemokraterna.se\\\/varnamo\\\/1998\\\/09\\\/14\\\/en-kristdemokratisk-samhallsvision\\\/#breadcrumb\",\"itemListElement\":[{\"@type\":\"ListItem\",\"position\":1,\"name\":\"Hem\",\"item\":\"https:\\\/\\\/wp.kristdemokraterna.se\\\/varnamo\\\/\"},{\"@type\":\"ListItem\",\"position\":2,\"name\":\"En kristdemokratisk samh\u00e4llsvision\"}]},{\"@type\":\"WebSite\",\"@id\":\"https:\\\/\\\/wp.kristdemokraterna.se\\\/varnamo\\\/#website\",\"url\":\"https:\\\/\\\/wp.kristdemokraterna.se\\\/varnamo\\\/\",\"name\":\"KRISTDEMOKRATERNA V\u00c4RNAMO\",\"description\":\"Med hj\u00e4rta f\u00f6r V\u00e4rnamo\",\"publisher\":{\"@id\":\"https:\\\/\\\/wp.kristdemokraterna.se\\\/varnamo\\\/#organization\"},\"inLanguage\":\"sv-SE\"},{\"@type\":\"Organization\",\"@id\":\"https:\\\/\\\/wp.kristdemokraterna.se\\\/varnamo\\\/#organization\",\"name\":\"Kristdemokraterna V\u00e4rnamo\",\"url\":\"https:\\\/\\\/wp.kristdemokraterna.se\\\/varnamo\\\/\",\"logo\":{\"@type\":\"ImageObject\",\"inLanguage\":\"sv-SE\",\"@id\":\"https:\\\/\\\/wp.kristdemokraterna.se\\\/varnamo\\\/#\\\/schema\\\/logo\\\/image\\\/\",\"url\":\"https:\\\/\\\/wp.kristdemokraterna.se\\\/varnamo\\\/files\\\/2022\\\/08\\\/va\u2560ernamo-sida-bla-300dpi.png\",\"contentUrl\":\"https:\\\/\\\/wp.kristdemokraterna.se\\\/varnamo\\\/files\\\/2022\\\/08\\\/va\u2560ernamo-sida-bla-300dpi.png\",\"width\":1485,\"height\":681,\"caption\":\"Kristdemokraterna V\u00e4rnamo\"},\"image\":{\"@id\":\"https:\\\/\\\/wp.kristdemokraterna.se\\\/varnamo\\\/#\\\/schema\\\/logo\\\/image\\\/\"},\"sameAs\":[\"https:\\\/\\\/www.facebook.com\\\/KDVarnamo\\\/\",\"https:\\\/\\\/x.com\\\/KDVarnamo\",\"https:\\\/\\\/www.instagram.com\\\/\",\"https:\\\/\\\/www.youtube.com\\\/user\\\/studiokd\\\/videos\"]},{\"@type\":\"Person\",\"@id\":\"https:\\\/\\\/wp.kristdemokraterna.se\\\/varnamo\\\/#\\\/schema\\\/person\\\/4e339ab04d613699e4dfe80a994e01d4\",\"name\":\"Kristdemokraterna V\u00e4rnamo\",\"image\":{\"@type\":\"ImageObject\",\"inLanguage\":\"sv-SE\",\"@id\":\"https:\\\/\\\/secure.gravatar.com\\\/avatar\\\/c122e48c7723992af51eb155eeaa93db3c1fa324e3fc6ec45dd712c812809b5b?s=96&r=g\",\"url\":\"https:\\\/\\\/secure.gravatar.com\\\/avatar\\\/c122e48c7723992af51eb155eeaa93db3c1fa324e3fc6ec45dd712c812809b5b?s=96&r=g\",\"contentUrl\":\"https:\\\/\\\/secure.gravatar.com\\\/avatar\\\/c122e48c7723992af51eb155eeaa93db3c1fa324e3fc6ec45dd712c812809b5b?s=96&r=g\",\"caption\":\"Kristdemokraterna V\u00e4rnamo\"},\"description\":\"Familjens r\u00f6st\",\"sameAs\":[\"http:\\\/\\\/www.varnamo.kristdemokraterna.se\"],\"url\":\"https:\\\/\\\/wp.kristdemokraterna.se\\\/varnamo\\\/author\\\/varnamo\\\/\"}]}<\/script>\n<!-- \/ Yoast SEO plugin. -->","yoast_head_json":{"title":"En kristdemokratisk samh\u00e4llsvision - KRISTDEMOKRATERNA V\u00c4RNAMO","robots":{"index":"index","follow":"follow","max-snippet":"max-snippet:-1","max-image-preview":"max-image-preview:large","max-video-preview":"max-video-preview:-1"},"canonical":"https:\/\/wp.kristdemokraterna.se\/varnamo\/1998\/09\/14\/en-kristdemokratisk-samhallsvision\/","og_locale":"sv_SE","og_type":"article","og_title":"En kristdemokratisk samh\u00e4llsvision - KRISTDEMOKRATERNA V\u00c4RNAMO","og_description":"Vilket samh\u00e4lle vill du leva i? Och vilket samh\u00e4lle\u00a0vill du \u00f6verl\u00e4mna till dina barn och barnbarn? Som v\u00e4ljare\u00a0\u00e4r du med och formar framtiden. Visst, politik \u00e4r inte allt, men politik \u00e4r ett viktigt styrmedel.","og_url":"https:\/\/wp.kristdemokraterna.se\/varnamo\/1998\/09\/14\/en-kristdemokratisk-samhallsvision\/","og_site_name":"KRISTDEMOKRATERNA V\u00c4RNAMO","article_publisher":"https:\/\/www.facebook.com\/KDVarnamo\/","article_published_time":"1998-09-14T16:38:00+00:00","article_modified_time":"2015-07-12T19:57:05+00:00","og_image":[{"width":115,"height":145,"url":"https:\/\/wp.kristdemokraterna.se\/varnamo\/files\/2013\/11\/cf.jpg","type":"image\/jpeg"}],"author":"Kristdemokraterna V\u00e4rnamo","twitter_card":"summary_large_image","twitter_creator":"@KDVarnamo","twitter_site":"@KDVarnamo","twitter_misc":{"Skriven av":"Kristdemokraterna V\u00e4rnamo","Ber\u00e4knad l\u00e4stid":"2 minuter"},"schema":{"@context":"https:\/\/schema.org","@graph":[{"@type":"Article","@id":"https:\/\/wp.kristdemokraterna.se\/varnamo\/1998\/09\/14\/en-kristdemokratisk-samhallsvision\/#article","isPartOf":{"@id":"https:\/\/wp.kristdemokraterna.se\/varnamo\/1998\/09\/14\/en-kristdemokratisk-samhallsvision\/"},"author":{"name":"Kristdemokraterna V\u00e4rnamo","@id":"https:\/\/wp.kristdemokraterna.se\/varnamo\/#\/schema\/person\/4e339ab04d613699e4dfe80a994e01d4"},"headline":"En kristdemokratisk samh\u00e4llsvision","datePublished":"1998-09-14T16:38:00+00:00","dateModified":"2015-07-12T19:57:05+00:00","mainEntityOfPage":{"@id":"https:\/\/wp.kristdemokraterna.se\/varnamo\/1998\/09\/14\/en-kristdemokratisk-samhallsvision\/"},"wordCount":360,"publisher":{"@id":"https:\/\/wp.kristdemokraterna.se\/varnamo\/#organization"},"image":{"@id":"https:\/\/wp.kristdemokraterna.se\/varnamo\/1998\/09\/14\/en-kristdemokratisk-samhallsvision\/#primaryimage"},"thumbnailUrl":"https:\/\/wp.kristdemokraterna.se\/varnamo\/files\/2013\/11\/cf.jpg","keywords":["\u00e4ldre","barn och unga","bem\u00f6tande","Christer Fjordevik","demokrati","familj","f\u00f6r\u00e4ldrar","f\u00f6retag","f\u00f6retagande","f\u00f6rvaltarskap","gemenskap","ins\u00e4ndare","m\u00e4nniskosyn","respekt","trygghet","utveckling","valr\u00f6relse","v\u00e4rdegrund","v\u00e4rderingar","v\u00e4rdighet"],"articleSection":["Debatt"],"inLanguage":"sv-SE"},{"@type":"WebPage","@id":"https:\/\/wp.kristdemokraterna.se\/varnamo\/1998\/09\/14\/en-kristdemokratisk-samhallsvision\/","url":"https:\/\/wp.kristdemokraterna.se\/varnamo\/1998\/09\/14\/en-kristdemokratisk-samhallsvision\/","name":"En kristdemokratisk samh\u00e4llsvision - KRISTDEMOKRATERNA V\u00c4RNAMO","isPartOf":{"@id":"https:\/\/wp.kristdemokraterna.se\/varnamo\/#website"},"primaryImageOfPage":{"@id":"https:\/\/wp.kristdemokraterna.se\/varnamo\/1998\/09\/14\/en-kristdemokratisk-samhallsvision\/#primaryimage"},"image":{"@id":"https:\/\/wp.kristdemokraterna.se\/varnamo\/1998\/09\/14\/en-kristdemokratisk-samhallsvision\/#primaryimage"},"thumbnailUrl":"https:\/\/wp.kristdemokraterna.se\/varnamo\/files\/2013\/11\/cf.jpg","datePublished":"1998-09-14T16:38:00+00:00","dateModified":"2015-07-12T19:57:05+00:00","breadcrumb":{"@id":"https:\/\/wp.kristdemokraterna.se\/varnamo\/1998\/09\/14\/en-kristdemokratisk-samhallsvision\/#breadcrumb"},"inLanguage":"sv-SE","potentialAction":[{"@type":"ReadAction","target":["https:\/\/wp.kristdemokraterna.se\/varnamo\/1998\/09\/14\/en-kristdemokratisk-samhallsvision\/"]}]},{"@type":"ImageObject","inLanguage":"sv-SE","@id":"https:\/\/wp.kristdemokraterna.se\/varnamo\/1998\/09\/14\/en-kristdemokratisk-samhallsvision\/#primaryimage","url":"https:\/\/wp.kristdemokraterna.se\/varnamo\/files\/2013\/11\/cf.jpg","contentUrl":"https:\/\/wp.kristdemokraterna.se\/varnamo\/files\/2013\/11\/cf.jpg","width":115,"height":145,"caption":"Christer Fjordevik, Kristdemokraterna V\u00e4rnamo."},{"@type":"BreadcrumbList","@id":"https:\/\/wp.kristdemokraterna.se\/varnamo\/1998\/09\/14\/en-kristdemokratisk-samhallsvision\/#breadcrumb","itemListElement":[{"@type":"ListItem","position":1,"name":"Hem","item":"https:\/\/wp.kristdemokraterna.se\/varnamo\/"},{"@type":"ListItem","position":2,"name":"En kristdemokratisk samh\u00e4llsvision"}]},{"@type":"WebSite","@id":"https:\/\/wp.kristdemokraterna.se\/varnamo\/#website","url":"https:\/\/wp.kristdemokraterna.se\/varnamo\/","name":"KRISTDEMOKRATERNA V\u00c4RNAMO","description":"Med hj\u00e4rta f\u00f6r V\u00e4rnamo","publisher":{"@id":"https:\/\/wp.kristdemokraterna.se\/varnamo\/#organization"},"inLanguage":"sv-SE"},{"@type":"Organization","@id":"https:\/\/wp.kristdemokraterna.se\/varnamo\/#organization","name":"Kristdemokraterna V\u00e4rnamo","url":"https:\/\/wp.kristdemokraterna.se\/varnamo\/","logo":{"@type":"ImageObject","inLanguage":"sv-SE","@id":"https:\/\/wp.kristdemokraterna.se\/varnamo\/#\/schema\/logo\/image\/","url":"https:\/\/wp.kristdemokraterna.se\/varnamo\/files\/2022\/08\/va\u2560ernamo-sida-bla-300dpi.png","contentUrl":"https:\/\/wp.kristdemokraterna.se\/varnamo\/files\/2022\/08\/va\u2560ernamo-sida-bla-300dpi.png","width":1485,"height":681,"caption":"Kristdemokraterna V\u00e4rnamo"},"image":{"@id":"https:\/\/wp.kristdemokraterna.se\/varnamo\/#\/schema\/logo\/image\/"},"sameAs":["https:\/\/www.facebook.com\/KDVarnamo\/","https:\/\/x.com\/KDVarnamo","https:\/\/www.instagram.com\/","https:\/\/www.youtube.com\/user\/studiokd\/videos"]},{"@type":"Person","@id":"https:\/\/wp.kristdemokraterna.se\/varnamo\/#\/schema\/person\/4e339ab04d613699e4dfe80a994e01d4","name":"Kristdemokraterna V\u00e4rnamo","image":{"@type":"ImageObject","inLanguage":"sv-SE","@id":"https:\/\/secure.gravatar.com\/avatar\/c122e48c7723992af51eb155eeaa93db3c1fa324e3fc6ec45dd712c812809b5b?s=96&r=g","url":"https:\/\/secure.gravatar.com\/avatar\/c122e48c7723992af51eb155eeaa93db3c1fa324e3fc6ec45dd712c812809b5b?s=96&r=g","contentUrl":"https:\/\/secure.gravatar.com\/avatar\/c122e48c7723992af51eb155eeaa93db3c1fa324e3fc6ec45dd712c812809b5b?s=96&r=g","caption":"Kristdemokraterna V\u00e4rnamo"},"description":"Familjens r\u00f6st","sameAs":["http:\/\/www.varnamo.kristdemokraterna.se"],"url":"https:\/\/wp.kristdemokraterna.se\/varnamo\/author\/varnamo\/"}]}},"_links":{"self":[{"href":"https:\/\/wp.kristdemokraterna.se\/varnamo\/wp-json\/wp\/v2\/posts\/2065","targetHints":{"allow":["GET"]}}],"collection":[{"href":"https:\/\/wp.kristdemokraterna.se\/varnamo\/wp-json\/wp\/v2\/posts"}],"about":[{"href":"https:\/\/wp.kristdemokraterna.se\/varnamo\/wp-json\/wp\/v2\/types\/post"}],"author":[{"embeddable":true,"href":"https:\/\/wp.kristdemokraterna.se\/varnamo\/wp-json\/wp\/v2\/users\/412"}],"replies":[{"embeddable":true,"href":"https:\/\/wp.kristdemokraterna.se\/varnamo\/wp-json\/wp\/v2\/comments?post=2065"}],"version-history":[{"count":5,"href":"https:\/\/wp.kristdemokraterna.se\/varnamo\/wp-json\/wp\/v2\/posts\/2065\/revisions"}],"predecessor-version":[{"id":6922,"href":"https:\/\/wp.kristdemokraterna.se\/varnamo\/wp-json\/wp\/v2\/posts\/2065\/revisions\/6922"}],"wp:featuredmedia":[{"embeddable":true,"href":"https:\/\/wp.kristdemokraterna.se\/varnamo\/wp-json\/wp\/v2\/media\/3784"}],"wp:attachment":[{"href":"https:\/\/wp.kristdemokraterna.se\/varnamo\/wp-json\/wp\/v2\/media?parent=2065"}],"wp:term":[{"taxonomy":"category","embeddable":true,"href":"https:\/\/wp.kristdemokraterna.se\/varnamo\/wp-json\/wp\/v2\/categories?post=2065"},{"taxonomy":"post_tag","embeddable":true,"href":"https:\/\/wp.kristdemokraterna.se\/varnamo\/wp-json\/wp\/v2\/tags?post=2065"}],"curies":[{"name":"wp","href":"https:\/\/api.w.org\/{rel}","templated":true}]}}