{"id":2067,"date":"1998-09-21T21:38:00","date_gmt":"1998-09-21T19:38:00","guid":{"rendered":"http:\/\/localhost:4901\/?p=2067"},"modified":"2015-07-12T21:54:44","modified_gmt":"2015-07-12T19:54:44","slug":"ordforanden-har-ordet","status":"publish","type":"post","link":"https:\/\/wp.kristdemokraterna.se\/varnamo\/1998\/09\/21\/ordforanden-har-ordet\/","title":{"rendered":"Ordf\u00f6randen har ordet"},"content":{"rendered":"<div style=\"width: 125px\" class=\"wp-caption alignnone\"><a href=\"http:\/\/wp.kristdemokraterna.se\/varnamo\/files\/2010\/08\/ac.jpg\"><img loading=\"lazy\" decoding=\"async\" title=\"ac\" src=\"http:\/\/wp.kristdemokraterna.se\/varnamo\/files\/2010\/08\/ac.jpg\" alt=\"Arnold Carlzon, Kristdemokraterna V\u00e4rnamo.\" width=\"115\" height=\"145\" \/><\/a><p class=\"wp-caption-text\">Arnold Carlzon, Kristdemokraterna V\u00e4rnamo.<\/p><\/div>\n<p>Tack, alla v\u00e4ljare i V\u00e4rnamo kommun som st\u00f6tt\u00a0kristdemokraterna i 1998 \u00e5rs val. Kristdemokraterna har gjort sitt b\u00e4sta val\u00a0hittills och det \u00e4r din f\u00f6rtj\u00e4nst, du som lagt din r\u00f6st p\u00e5 kristdemokraterna.<\/p>\n<p><!--more-->Vi \u00e4r m\u00e5nga, m\u00e5nga kristdemokrater nu och det k\u00e4nns verkligen positivt. Inte bara just f\u00f6r att vi \u00e4r m\u00e5nga, utan f\u00f6r att de kristdemokratiska id\u00e9erna har vunnit geh\u00f6r hos s\u00e5 m\u00e5nga. Familjen, v\u00e5rden, skolan, omsorgen om de \u00e4ldre och inte minst alla de <q>sm\u00e5<\/q>, men f\u00f6r m\u00e5nga s\u00e5 viktiga vardagsfr\u00e5gorna, som ofta lyfts fram i ljuset av kristdemokraterna i kommunen, f\u00f6r att n\u00e4mna n\u00e5gra.<\/p>\n<p>Det alla fr\u00e5gar sig just nu, och alla <q>f\u00f6rst\u00e5sigp\u00e5are<\/q> spekulerar i \u00e4r naturligtvis: Hur kunde det g\u00e5 s\u00e5 h\u00e4r bra f\u00f6r kristdemokraterna? Den ena analysen efter den andra kommer s\u00e4kert att g\u00f6ras, och jag \u00e4r inte r\u00e4tt person att g\u00f6ra n\u00e5gon djupare analys. Jag kan delge dig mina funderingar s\u00e5 f\u00e5r du komplettera sj\u00e4lv med dina egna.<\/p>\n<p>Jag kan inte s\u00e5 l\u00e4nge jag varit aktiv i partiet, minnas n\u00e5gon valr\u00f6relse som s\u00e5 fokuserat familjen, v\u00e5rden, skolan och omsorgen fr\u00e5gor som k\u00e4nns viktiga f\u00f6r alla. N\u00e4r dessa fr\u00e5gor via massmedia och samtliga partier f\u00e5tt s\u00e5dan uppm\u00e4rksamhet, tycker jag det k\u00e4nns helt naturligt att v\u00e4ljarna r\u00f6star p\u00e5 kristdemokraterna, eftersom det \u00e4r ju de h\u00e4r fr\u00e5gorna som vi <q>fajtats<\/q> f\u00f6r i <em>alla<\/em> \u00e4r och vi har d\u00e4rigenom skaffat oss ett grundmurat f\u00f6rtroende i just dessa fr\u00e5gor.<\/p>\n<p>Detta tillsammans med att vi har en s\u00e5 fantastiskt skicklig partiledare, \u00e4r det som jag tror har haft den st\u00f6rsta betydelsen f\u00f6r valframg\u00e5ngen. Man f\u00e5r inte heller gl\u00f6mma allt arbete som utf\u00f6rts av v\u00e5ra fantastiska gr\u00e4srotsvalarbetare utan alla dessa grovarbetande valarbetare hade inte valresultatet blivit vad det blev. Den som b\u00e4st kan svara p\u00e5 fr\u00e5gan hur det det kunde g\u00e5 s\u00e5 h\u00e4r bra \u00e4r naturligtvis du sj\u00e4lv, du som f\u00f6r f\u00f6rsta g\u00e5ngen la din r\u00f6st p\u00e5 kristdemokraterna, du vet ju varf\u00f6r du gjorde det troligen d\u00e4rf\u00f6r att du gillar v\u00e5rt program.<\/p>\n<p>Vi som nu f\u00e5tt ditt f\u00f6rtroende att f\u00f6rvalta din r\u00f6st i olika sammanhang lovar att g\u00f6ra v\u00e5rt b\u00e4sta f\u00f6r att du inte skall bli besviken, f\u00f6rhoppningsvis kommer vi d\u00e5 att bli \u00e4nnu fler n\u00e4sta g\u00e5ng. H\u00f6r av dig till oss om du har synpunkter, s\u00e4g hur du tycker att du vill ha det, det \u00e4r s\u00e5 vi blir \u00e4nnu b\u00e4ttre!<\/p>\n<p>Som sagt, k\u00e4re v\u00e4ljare, du \u00e4r en av m\u00e5nga i en stor, v\u00e4rldsomsp\u00e4nnande kristdemokratisk r\u00f6relse, som fortfarande kan bli mycket st\u00f6rre med <em>din<\/em> hj\u00e4lp \u00e4ven i forts\u00e4ttningen Join us! Bli medlem!<\/p>\n<p class=\"enrad\">Med v\u00e4nliga h\u00e4lsningar<\/p>\n<p class=\"byline\" style=\"text-align: right\"><em>Arnold Carlzon<\/em><\/p>\n<hr \/>\n<h1>Mer information<\/h1>\n<p>Enklaste s\u00e4ttet att bli medlem och f\u00e5 mer information om v\u00e5r politik \u00e4r att skicka ett e-meddelande till<br \/>\n[<a title=\"L\u00e4nk: Skicka e-post till kristdemokraterna i V\u00e4rnamo kommun. Vi svarar inom 24 timmar!\" href=\"mailto:varnamo@kristdemokraterna.se\" target=\"_blank\">varnamo@kristdemokraterna.se<\/a>]<\/p>\n","protected":false},"excerpt":{"rendered":"<p>Tack, alla v\u00e4ljare i V\u00e4rnamo kommun som st\u00f6tt\u00a0kristdemokraterna i 1998 \u00e5rs val. Kristdemokraterna har gjort sitt b\u00e4sta val\u00a0hittills och det \u00e4r din f\u00f6rtj\u00e4nst, du som lagt din r\u00f6st p\u00e5 kristdemokraterna.<\/p>\n","protected":false},"author":412,"featured_media":9638,"comment_status":"closed","ping_status":"closed","sticky":false,"template":"","format":"standard","meta":{"_acf_changed":false,"footnotes":""},"categories":[12],"tags":[32,22,37,73,261,33,62,241],"class_list":["post-2067","post","type-post","status-publish","format-standard","hentry","category-debatt","tag-aldre","tag-arnold-carlzon","tag-familj","tag-insandare","tag-omsorg","tag-skola","tag-valrorelse","tag-vard"],"acf":[],"yoast_head":"<!-- This site is optimized with the Yoast SEO plugin v27.4 - https:\/\/yoast.com\/product\/yoast-seo-wordpress\/ -->\n<title>Ordf\u00f6randen har ordet - KRISTDEMOKRATERNA V\u00c4RNAMO<\/title>\n<meta name=\"robots\" content=\"index, follow, max-snippet:-1, max-image-preview:large, max-video-preview:-1\" \/>\n<link rel=\"canonical\" href=\"https:\/\/wp.kristdemokraterna.se\/varnamo\/1998\/09\/21\/ordforanden-har-ordet\/\" \/>\n<meta property=\"og:locale\" content=\"sv_SE\" \/>\n<meta property=\"og:type\" content=\"article\" \/>\n<meta property=\"og:title\" content=\"Ordf\u00f6randen har ordet - KRISTDEMOKRATERNA V\u00c4RNAMO\" \/>\n<meta property=\"og:description\" content=\"Tack, alla v\u00e4ljare i V\u00e4rnamo kommun som st\u00f6tt\u00a0kristdemokraterna i 1998 \u00e5rs val. Kristdemokraterna har gjort sitt b\u00e4sta val\u00a0hittills och det \u00e4r din f\u00f6rtj\u00e4nst, du som lagt din r\u00f6st p\u00e5 kristdemokraterna.\" \/>\n<meta property=\"og:url\" content=\"https:\/\/wp.kristdemokraterna.se\/varnamo\/1998\/09\/21\/ordforanden-har-ordet\/\" \/>\n<meta property=\"og:site_name\" content=\"KRISTDEMOKRATERNA V\u00c4RNAMO\" \/>\n<meta property=\"article:publisher\" content=\"https:\/\/www.facebook.com\/KDVarnamo\/\" \/>\n<meta property=\"article:published_time\" content=\"1998-09-21T19:38:00+00:00\" \/>\n<meta property=\"article:modified_time\" content=\"2015-07-12T19:54:44+00:00\" \/>\n<meta property=\"og:image\" content=\"http:\/\/wp.kristdemokraterna.se\/varnamo\/files\/2010\/08\/ac.jpg\" \/>\n<meta name=\"author\" content=\"Kristdemokraterna V\u00e4rnamo\" \/>\n<meta name=\"twitter:card\" content=\"summary_large_image\" \/>\n<meta name=\"twitter:creator\" content=\"@KDVarnamo\" \/>\n<meta name=\"twitter:site\" content=\"@KDVarnamo\" \/>\n<meta name=\"twitter:label1\" content=\"Skriven av\" \/>\n\t<meta name=\"twitter:data1\" content=\"Kristdemokraterna V\u00e4rnamo\" \/>\n\t<meta name=\"twitter:label2\" content=\"Ber\u00e4knad l\u00e4stid\" \/>\n\t<meta name=\"twitter:data2\" content=\"3 minuter\" \/>\n<script type=\"application\/ld+json\" class=\"yoast-schema-graph\">{\"@context\":\"https:\\\/\\\/schema.org\",\"@graph\":[{\"@type\":\"Article\",\"@id\":\"https:\\\/\\\/wp.kristdemokraterna.se\\\/varnamo\\\/1998\\\/09\\\/21\\\/ordforanden-har-ordet\\\/#article\",\"isPartOf\":{\"@id\":\"https:\\\/\\\/wp.kristdemokraterna.se\\\/varnamo\\\/1998\\\/09\\\/21\\\/ordforanden-har-ordet\\\/\"},\"author\":{\"name\":\"Kristdemokraterna V\u00e4rnamo\",\"@id\":\"https:\\\/\\\/wp.kristdemokraterna.se\\\/varnamo\\\/#\\\/schema\\\/person\\\/4e339ab04d613699e4dfe80a994e01d4\"},\"headline\":\"Ordf\u00f6randen har ordet\",\"datePublished\":\"1998-09-21T19:38:00+00:00\",\"dateModified\":\"2015-07-12T19:54:44+00:00\",\"mainEntityOfPage\":{\"@id\":\"https:\\\/\\\/wp.kristdemokraterna.se\\\/varnamo\\\/1998\\\/09\\\/21\\\/ordforanden-har-ordet\\\/\"},\"wordCount\":557,\"publisher\":{\"@id\":\"https:\\\/\\\/wp.kristdemokraterna.se\\\/varnamo\\\/#organization\"},\"image\":{\"@id\":\"https:\\\/\\\/wp.kristdemokraterna.se\\\/varnamo\\\/1998\\\/09\\\/21\\\/ordforanden-har-ordet\\\/#primaryimage\"},\"thumbnailUrl\":\"https:\\\/\\\/wp.kristdemokraterna.se\\\/varnamo\\\/files\\\/2022\\\/08\\\/kd-logo-blue.png\",\"keywords\":[\"\u00e4ldre\",\"Arnold Carlzon\",\"familj\",\"ins\u00e4ndare\",\"omsorg\",\"skola\",\"valr\u00f6relse\",\"v\u00e5rd\"],\"articleSection\":[\"Debatt\"],\"inLanguage\":\"sv-SE\"},{\"@type\":\"WebPage\",\"@id\":\"https:\\\/\\\/wp.kristdemokraterna.se\\\/varnamo\\\/1998\\\/09\\\/21\\\/ordforanden-har-ordet\\\/\",\"url\":\"https:\\\/\\\/wp.kristdemokraterna.se\\\/varnamo\\\/1998\\\/09\\\/21\\\/ordforanden-har-ordet\\\/\",\"name\":\"Ordf\u00f6randen har ordet - KRISTDEMOKRATERNA V\u00c4RNAMO\",\"isPartOf\":{\"@id\":\"https:\\\/\\\/wp.kristdemokraterna.se\\\/varnamo\\\/#website\"},\"primaryImageOfPage\":{\"@id\":\"https:\\\/\\\/wp.kristdemokraterna.se\\\/varnamo\\\/1998\\\/09\\\/21\\\/ordforanden-har-ordet\\\/#primaryimage\"},\"image\":{\"@id\":\"https:\\\/\\\/wp.kristdemokraterna.se\\\/varnamo\\\/1998\\\/09\\\/21\\\/ordforanden-har-ordet\\\/#primaryimage\"},\"thumbnailUrl\":\"https:\\\/\\\/wp.kristdemokraterna.se\\\/varnamo\\\/files\\\/2022\\\/08\\\/kd-logo-blue.png\",\"datePublished\":\"1998-09-21T19:38:00+00:00\",\"dateModified\":\"2015-07-12T19:54:44+00:00\",\"breadcrumb\":{\"@id\":\"https:\\\/\\\/wp.kristdemokraterna.se\\\/varnamo\\\/1998\\\/09\\\/21\\\/ordforanden-har-ordet\\\/#breadcrumb\"},\"inLanguage\":\"sv-SE\",\"potentialAction\":[{\"@type\":\"ReadAction\",\"target\":[\"https:\\\/\\\/wp.kristdemokraterna.se\\\/varnamo\\\/1998\\\/09\\\/21\\\/ordforanden-har-ordet\\\/\"]}]},{\"@type\":\"ImageObject\",\"inLanguage\":\"sv-SE\",\"@id\":\"https:\\\/\\\/wp.kristdemokraterna.se\\\/varnamo\\\/1998\\\/09\\\/21\\\/ordforanden-har-ordet\\\/#primaryimage\",\"url\":\"https:\\\/\\\/wp.kristdemokraterna.se\\\/varnamo\\\/files\\\/2022\\\/08\\\/kd-logo-blue.png\",\"contentUrl\":\"https:\\\/\\\/wp.kristdemokraterna.se\\\/varnamo\\\/files\\\/2022\\\/08\\\/kd-logo-blue.png\",\"width\":2000,\"height\":2000,\"caption\":\"Kristdemokraternas logotyp\"},{\"@type\":\"BreadcrumbList\",\"@id\":\"https:\\\/\\\/wp.kristdemokraterna.se\\\/varnamo\\\/1998\\\/09\\\/21\\\/ordforanden-har-ordet\\\/#breadcrumb\",\"itemListElement\":[{\"@type\":\"ListItem\",\"position\":1,\"name\":\"Hem\",\"item\":\"https:\\\/\\\/wp.kristdemokraterna.se\\\/varnamo\\\/\"},{\"@type\":\"ListItem\",\"position\":2,\"name\":\"Ordf\u00f6randen har ordet\"}]},{\"@type\":\"WebSite\",\"@id\":\"https:\\\/\\\/wp.kristdemokraterna.se\\\/varnamo\\\/#website\",\"url\":\"https:\\\/\\\/wp.kristdemokraterna.se\\\/varnamo\\\/\",\"name\":\"KRISTDEMOKRATERNA V\u00c4RNAMO\",\"description\":\"Med hj\u00e4rta f\u00f6r V\u00e4rnamo\",\"publisher\":{\"@id\":\"https:\\\/\\\/wp.kristdemokraterna.se\\\/varnamo\\\/#organization\"},\"inLanguage\":\"sv-SE\"},{\"@type\":\"Organization\",\"@id\":\"https:\\\/\\\/wp.kristdemokraterna.se\\\/varnamo\\\/#organization\",\"name\":\"Kristdemokraterna V\u00e4rnamo\",\"url\":\"https:\\\/\\\/wp.kristdemokraterna.se\\\/varnamo\\\/\",\"logo\":{\"@type\":\"ImageObject\",\"inLanguage\":\"sv-SE\",\"@id\":\"https:\\\/\\\/wp.kristdemokraterna.se\\\/varnamo\\\/#\\\/schema\\\/logo\\\/image\\\/\",\"url\":\"https:\\\/\\\/wp.kristdemokraterna.se\\\/varnamo\\\/files\\\/2022\\\/08\\\/va\u2560ernamo-sida-bla-300dpi.png\",\"contentUrl\":\"https:\\\/\\\/wp.kristdemokraterna.se\\\/varnamo\\\/files\\\/2022\\\/08\\\/va\u2560ernamo-sida-bla-300dpi.png\",\"width\":1485,\"height\":681,\"caption\":\"Kristdemokraterna V\u00e4rnamo\"},\"image\":{\"@id\":\"https:\\\/\\\/wp.kristdemokraterna.se\\\/varnamo\\\/#\\\/schema\\\/logo\\\/image\\\/\"},\"sameAs\":[\"https:\\\/\\\/www.facebook.com\\\/KDVarnamo\\\/\",\"https:\\\/\\\/x.com\\\/KDVarnamo\",\"https:\\\/\\\/www.instagram.com\\\/\",\"https:\\\/\\\/www.youtube.com\\\/user\\\/studiokd\\\/videos\"]},{\"@type\":\"Person\",\"@id\":\"https:\\\/\\\/wp.kristdemokraterna.se\\\/varnamo\\\/#\\\/schema\\\/person\\\/4e339ab04d613699e4dfe80a994e01d4\",\"name\":\"Kristdemokraterna V\u00e4rnamo\",\"image\":{\"@type\":\"ImageObject\",\"inLanguage\":\"sv-SE\",\"@id\":\"https:\\\/\\\/secure.gravatar.com\\\/avatar\\\/c122e48c7723992af51eb155eeaa93db3c1fa324e3fc6ec45dd712c812809b5b?s=96&r=g\",\"url\":\"https:\\\/\\\/secure.gravatar.com\\\/avatar\\\/c122e48c7723992af51eb155eeaa93db3c1fa324e3fc6ec45dd712c812809b5b?s=96&r=g\",\"contentUrl\":\"https:\\\/\\\/secure.gravatar.com\\\/avatar\\\/c122e48c7723992af51eb155eeaa93db3c1fa324e3fc6ec45dd712c812809b5b?s=96&r=g\",\"caption\":\"Kristdemokraterna V\u00e4rnamo\"},\"description\":\"Familjens r\u00f6st\",\"sameAs\":[\"http:\\\/\\\/www.varnamo.kristdemokraterna.se\"],\"url\":\"https:\\\/\\\/wp.kristdemokraterna.se\\\/varnamo\\\/author\\\/varnamo\\\/\"}]}<\/script>\n<!-- \/ Yoast SEO plugin. -->","yoast_head_json":{"title":"Ordf\u00f6randen har ordet - KRISTDEMOKRATERNA V\u00c4RNAMO","robots":{"index":"index","follow":"follow","max-snippet":"max-snippet:-1","max-image-preview":"max-image-preview:large","max-video-preview":"max-video-preview:-1"},"canonical":"https:\/\/wp.kristdemokraterna.se\/varnamo\/1998\/09\/21\/ordforanden-har-ordet\/","og_locale":"sv_SE","og_type":"article","og_title":"Ordf\u00f6randen har ordet - KRISTDEMOKRATERNA V\u00c4RNAMO","og_description":"Tack, alla v\u00e4ljare i V\u00e4rnamo kommun som st\u00f6tt\u00a0kristdemokraterna i 1998 \u00e5rs val. Kristdemokraterna har gjort sitt b\u00e4sta val\u00a0hittills och det \u00e4r din f\u00f6rtj\u00e4nst, du som lagt din r\u00f6st p\u00e5 kristdemokraterna.","og_url":"https:\/\/wp.kristdemokraterna.se\/varnamo\/1998\/09\/21\/ordforanden-har-ordet\/","og_site_name":"KRISTDEMOKRATERNA V\u00c4RNAMO","article_publisher":"https:\/\/www.facebook.com\/KDVarnamo\/","article_published_time":"1998-09-21T19:38:00+00:00","article_modified_time":"2015-07-12T19:54:44+00:00","og_image":[{"url":"http:\/\/wp.kristdemokraterna.se\/varnamo\/files\/2010\/08\/ac.jpg","type":"","width":"","height":""}],"author":"Kristdemokraterna V\u00e4rnamo","twitter_card":"summary_large_image","twitter_creator":"@KDVarnamo","twitter_site":"@KDVarnamo","twitter_misc":{"Skriven av":"Kristdemokraterna V\u00e4rnamo","Ber\u00e4knad l\u00e4stid":"3 minuter"},"schema":{"@context":"https:\/\/schema.org","@graph":[{"@type":"Article","@id":"https:\/\/wp.kristdemokraterna.se\/varnamo\/1998\/09\/21\/ordforanden-har-ordet\/#article","isPartOf":{"@id":"https:\/\/wp.kristdemokraterna.se\/varnamo\/1998\/09\/21\/ordforanden-har-ordet\/"},"author":{"name":"Kristdemokraterna V\u00e4rnamo","@id":"https:\/\/wp.kristdemokraterna.se\/varnamo\/#\/schema\/person\/4e339ab04d613699e4dfe80a994e01d4"},"headline":"Ordf\u00f6randen har ordet","datePublished":"1998-09-21T19:38:00+00:00","dateModified":"2015-07-12T19:54:44+00:00","mainEntityOfPage":{"@id":"https:\/\/wp.kristdemokraterna.se\/varnamo\/1998\/09\/21\/ordforanden-har-ordet\/"},"wordCount":557,"publisher":{"@id":"https:\/\/wp.kristdemokraterna.se\/varnamo\/#organization"},"image":{"@id":"https:\/\/wp.kristdemokraterna.se\/varnamo\/1998\/09\/21\/ordforanden-har-ordet\/#primaryimage"},"thumbnailUrl":"https:\/\/wp.kristdemokraterna.se\/varnamo\/files\/2022\/08\/kd-logo-blue.png","keywords":["\u00e4ldre","Arnold Carlzon","familj","ins\u00e4ndare","omsorg","skola","valr\u00f6relse","v\u00e5rd"],"articleSection":["Debatt"],"inLanguage":"sv-SE"},{"@type":"WebPage","@id":"https:\/\/wp.kristdemokraterna.se\/varnamo\/1998\/09\/21\/ordforanden-har-ordet\/","url":"https:\/\/wp.kristdemokraterna.se\/varnamo\/1998\/09\/21\/ordforanden-har-ordet\/","name":"Ordf\u00f6randen har ordet - KRISTDEMOKRATERNA V\u00c4RNAMO","isPartOf":{"@id":"https:\/\/wp.kristdemokraterna.se\/varnamo\/#website"},"primaryImageOfPage":{"@id":"https:\/\/wp.kristdemokraterna.se\/varnamo\/1998\/09\/21\/ordforanden-har-ordet\/#primaryimage"},"image":{"@id":"https:\/\/wp.kristdemokraterna.se\/varnamo\/1998\/09\/21\/ordforanden-har-ordet\/#primaryimage"},"thumbnailUrl":"https:\/\/wp.kristdemokraterna.se\/varnamo\/files\/2022\/08\/kd-logo-blue.png","datePublished":"1998-09-21T19:38:00+00:00","dateModified":"2015-07-12T19:54:44+00:00","breadcrumb":{"@id":"https:\/\/wp.kristdemokraterna.se\/varnamo\/1998\/09\/21\/ordforanden-har-ordet\/#breadcrumb"},"inLanguage":"sv-SE","potentialAction":[{"@type":"ReadAction","target":["https:\/\/wp.kristdemokraterna.se\/varnamo\/1998\/09\/21\/ordforanden-har-ordet\/"]}]},{"@type":"ImageObject","inLanguage":"sv-SE","@id":"https:\/\/wp.kristdemokraterna.se\/varnamo\/1998\/09\/21\/ordforanden-har-ordet\/#primaryimage","url":"https:\/\/wp.kristdemokraterna.se\/varnamo\/files\/2022\/08\/kd-logo-blue.png","contentUrl":"https:\/\/wp.kristdemokraterna.se\/varnamo\/files\/2022\/08\/kd-logo-blue.png","width":2000,"height":2000,"caption":"Kristdemokraternas logotyp"},{"@type":"BreadcrumbList","@id":"https:\/\/wp.kristdemokraterna.se\/varnamo\/1998\/09\/21\/ordforanden-har-ordet\/#breadcrumb","itemListElement":[{"@type":"ListItem","position":1,"name":"Hem","item":"https:\/\/wp.kristdemokraterna.se\/varnamo\/"},{"@type":"ListItem","position":2,"name":"Ordf\u00f6randen har ordet"}]},{"@type":"WebSite","@id":"https:\/\/wp.kristdemokraterna.se\/varnamo\/#website","url":"https:\/\/wp.kristdemokraterna.se\/varnamo\/","name":"KRISTDEMOKRATERNA V\u00c4RNAMO","description":"Med hj\u00e4rta f\u00f6r V\u00e4rnamo","publisher":{"@id":"https:\/\/wp.kristdemokraterna.se\/varnamo\/#organization"},"inLanguage":"sv-SE"},{"@type":"Organization","@id":"https:\/\/wp.kristdemokraterna.se\/varnamo\/#organization","name":"Kristdemokraterna V\u00e4rnamo","url":"https:\/\/wp.kristdemokraterna.se\/varnamo\/","logo":{"@type":"ImageObject","inLanguage":"sv-SE","@id":"https:\/\/wp.kristdemokraterna.se\/varnamo\/#\/schema\/logo\/image\/","url":"https:\/\/wp.kristdemokraterna.se\/varnamo\/files\/2022\/08\/va\u2560ernamo-sida-bla-300dpi.png","contentUrl":"https:\/\/wp.kristdemokraterna.se\/varnamo\/files\/2022\/08\/va\u2560ernamo-sida-bla-300dpi.png","width":1485,"height":681,"caption":"Kristdemokraterna V\u00e4rnamo"},"image":{"@id":"https:\/\/wp.kristdemokraterna.se\/varnamo\/#\/schema\/logo\/image\/"},"sameAs":["https:\/\/www.facebook.com\/KDVarnamo\/","https:\/\/x.com\/KDVarnamo","https:\/\/www.instagram.com\/","https:\/\/www.youtube.com\/user\/studiokd\/videos"]},{"@type":"Person","@id":"https:\/\/wp.kristdemokraterna.se\/varnamo\/#\/schema\/person\/4e339ab04d613699e4dfe80a994e01d4","name":"Kristdemokraterna V\u00e4rnamo","image":{"@type":"ImageObject","inLanguage":"sv-SE","@id":"https:\/\/secure.gravatar.com\/avatar\/c122e48c7723992af51eb155eeaa93db3c1fa324e3fc6ec45dd712c812809b5b?s=96&r=g","url":"https:\/\/secure.gravatar.com\/avatar\/c122e48c7723992af51eb155eeaa93db3c1fa324e3fc6ec45dd712c812809b5b?s=96&r=g","contentUrl":"https:\/\/secure.gravatar.com\/avatar\/c122e48c7723992af51eb155eeaa93db3c1fa324e3fc6ec45dd712c812809b5b?s=96&r=g","caption":"Kristdemokraterna V\u00e4rnamo"},"description":"Familjens r\u00f6st","sameAs":["http:\/\/www.varnamo.kristdemokraterna.se"],"url":"https:\/\/wp.kristdemokraterna.se\/varnamo\/author\/varnamo\/"}]}},"_links":{"self":[{"href":"https:\/\/wp.kristdemokraterna.se\/varnamo\/wp-json\/wp\/v2\/posts\/2067","targetHints":{"allow":["GET"]}}],"collection":[{"href":"https:\/\/wp.kristdemokraterna.se\/varnamo\/wp-json\/wp\/v2\/posts"}],"about":[{"href":"https:\/\/wp.kristdemokraterna.se\/varnamo\/wp-json\/wp\/v2\/types\/post"}],"author":[{"embeddable":true,"href":"https:\/\/wp.kristdemokraterna.se\/varnamo\/wp-json\/wp\/v2\/users\/412"}],"replies":[{"embeddable":true,"href":"https:\/\/wp.kristdemokraterna.se\/varnamo\/wp-json\/wp\/v2\/comments?post=2067"}],"version-history":[{"count":6,"href":"https:\/\/wp.kristdemokraterna.se\/varnamo\/wp-json\/wp\/v2\/posts\/2067\/revisions"}],"predecessor-version":[{"id":6919,"href":"https:\/\/wp.kristdemokraterna.se\/varnamo\/wp-json\/wp\/v2\/posts\/2067\/revisions\/6919"}],"wp:featuredmedia":[{"embeddable":true,"href":"https:\/\/wp.kristdemokraterna.se\/varnamo\/wp-json\/wp\/v2\/media\/9638"}],"wp:attachment":[{"href":"https:\/\/wp.kristdemokraterna.se\/varnamo\/wp-json\/wp\/v2\/media?parent=2067"}],"wp:term":[{"taxonomy":"category","embeddable":true,"href":"https:\/\/wp.kristdemokraterna.se\/varnamo\/wp-json\/wp\/v2\/categories?post=2067"},{"taxonomy":"post_tag","embeddable":true,"href":"https:\/\/wp.kristdemokraterna.se\/varnamo\/wp-json\/wp\/v2\/tags?post=2067"}],"curies":[{"name":"wp","href":"https:\/\/api.w.org\/{rel}","templated":true}]}}