{"id":2083,"date":"2002-02-28T21:38:00","date_gmt":"2002-02-28T20:38:00","guid":{"rendered":"http:\/\/localhost:4901\/?p=2083"},"modified":"2015-07-15T12:33:35","modified_gmt":"2015-07-15T10:33:35","slug":"motion-om-bestallningstrafiken-i-varnamo","status":"publish","type":"post","link":"https:\/\/wp.kristdemokraterna.se\/varnamo\/2002\/02\/28\/motion-om-bestallningstrafiken-i-varnamo\/","title":{"rendered":"Motion om best\u00e4llningstrafiken i V\u00e4rnamo"},"content":{"rendered":"<p>Vid V\u00e4rnamo kommunfullm\u00e4ktiges sammantr\u00e4de <strong>2002-02-28<\/strong>, l\u00e4mnade Bengt Sandolf (Kristdemokraterna) in f\u00f6ljande motion:<\/p>\n<p><!--more--><\/p>\n<hr \/>\n<p>Motion till V\u00e4rnamo kommunfullm\u00e4ktige 2002-02-28<\/p>\n<h1>Betr\u00e4ffande best\u00e4llningstrafiken i V\u00e4rnamo<\/h1>\n<p>Bussen som man best\u00e4ller n\u00e4r man beh\u00f6ver den, kan den bli verklighet h\u00e4r i V\u00e4rnamo \u00e4ven p\u00e5 helgerna?<\/p>\n<p>Bussen som g\u00e5r i helgtrafik skulle kunna vara tillg\u00e4nglig \u00e4ven f\u00f6r de personer som inte har f\u00e4rdtj\u00e4nst. Det \u00e4r angel\u00e4get att det finns en m\u00f6jlighet att kunna bes\u00f6ka olika samlingar, kyrkor eller n\u00e5gon p\u00e5 sjukhuset. t.ex.<\/p>\n<p>Det talas s\u00e5 mycket om att g\u00f6ra V\u00e4rnamo till en trivsammare stad och d\u00e5 kunde tillg\u00e5ng till en busslinje vara en del i att g\u00f6ra V\u00e4rnamo mer attraktivt.<\/p>\n<p>V\u00e5rt f\u00f6rslag \u00e4r<\/p>\n<table>\n<tbody>\n<tr>\n<td width=\"10%\"><em>att<\/em><\/td>\n<td>kommunen g\u00f6r en unders\u00f6kning vad det skulle kosta att k\u00f6ra best\u00e4llningstrafiken \u00e4ven p\u00e5 l\u00f6rdagar och s\u00f6ndagar.<\/td>\n<\/tr>\n<\/tbody>\n<\/table>\n<p>V\u00e4rnamo 26 febr. 2002<\/p>\n<p style=\"text-align: right\">Kristdemokraterna<br \/>\ngm <em>Bengt Sandolf<\/em><\/p>\n","protected":false},"excerpt":{"rendered":"<p>Vid V\u00e4rnamo kommunfullm\u00e4ktiges sammantr\u00e4de 2002-02-28, l\u00e4mnade Bengt Sandolf (Kristdemokraterna) in f\u00f6ljande motion:<\/p>\n","protected":false},"author":412,"featured_media":4149,"comment_status":"closed","ping_status":"closed","sticky":false,"template":"","format":"standard","meta":{"_acf_changed":false,"footnotes":""},"categories":[13],"tags":[370,250,48,97],"class_list":["post-2083","post","type-post","status-publish","format-standard","hentry","category-motioner","tag-attraktiv","tag-bengt-sandolf","tag-kommunfullmaktige","tag-motion"],"acf":[],"yoast_head":"<!-- This site is optimized with the Yoast SEO plugin v27.4 - https:\/\/yoast.com\/product\/yoast-seo-wordpress\/ -->\n<title>Motion om best\u00e4llningstrafiken i V\u00e4rnamo - KRISTDEMOKRATERNA V\u00c4RNAMO<\/title>\n<meta name=\"robots\" content=\"index, follow, max-snippet:-1, max-image-preview:large, max-video-preview:-1\" \/>\n<link rel=\"canonical\" href=\"https:\/\/wp.kristdemokraterna.se\/varnamo\/2002\/02\/28\/motion-om-bestallningstrafiken-i-varnamo\/\" \/>\n<meta property=\"og:locale\" content=\"sv_SE\" \/>\n<meta property=\"og:type\" content=\"article\" \/>\n<meta property=\"og:title\" content=\"Motion om best\u00e4llningstrafiken i V\u00e4rnamo - KRISTDEMOKRATERNA V\u00c4RNAMO\" \/>\n<meta property=\"og:description\" content=\"Vid V\u00e4rnamo kommunfullm\u00e4ktiges sammantr\u00e4de 2002-02-28, l\u00e4mnade Bengt Sandolf (Kristdemokraterna) in f\u00f6ljande motion:\" \/>\n<meta property=\"og:url\" content=\"https:\/\/wp.kristdemokraterna.se\/varnamo\/2002\/02\/28\/motion-om-bestallningstrafiken-i-varnamo\/\" \/>\n<meta property=\"og:site_name\" content=\"KRISTDEMOKRATERNA V\u00c4RNAMO\" \/>\n<meta property=\"article:publisher\" content=\"https:\/\/www.facebook.com\/KDVarnamo\/\" \/>\n<meta property=\"article:published_time\" content=\"2002-02-28T20:38:00+00:00\" \/>\n<meta property=\"article:modified_time\" content=\"2015-07-15T10:33:35+00:00\" \/>\n<meta property=\"og:image\" content=\"https:\/\/wp.kristdemokraterna.se\/varnamo\/files\/1998\/08\/bs.jpg\" \/>\n\t<meta property=\"og:image:width\" content=\"115\" \/>\n\t<meta property=\"og:image:height\" content=\"145\" \/>\n\t<meta property=\"og:image:type\" content=\"image\/jpeg\" \/>\n<meta name=\"author\" content=\"Kristdemokraterna V\u00e4rnamo\" \/>\n<meta name=\"twitter:card\" content=\"summary_large_image\" \/>\n<meta name=\"twitter:creator\" content=\"@KDVarnamo\" \/>\n<meta name=\"twitter:site\" content=\"@KDVarnamo\" \/>\n<meta name=\"twitter:label1\" content=\"Skriven av\" \/>\n\t<meta name=\"twitter:data1\" content=\"Kristdemokraterna V\u00e4rnamo\" \/>\n\t<meta name=\"twitter:label2\" content=\"Ber\u00e4knad l\u00e4stid\" \/>\n\t<meta name=\"twitter:data2\" content=\"1 minut\" \/>\n<script type=\"application\/ld+json\" class=\"yoast-schema-graph\">{\"@context\":\"https:\\\/\\\/schema.org\",\"@graph\":[{\"@type\":\"Article\",\"@id\":\"https:\\\/\\\/wp.kristdemokraterna.se\\\/varnamo\\\/2002\\\/02\\\/28\\\/motion-om-bestallningstrafiken-i-varnamo\\\/#article\",\"isPartOf\":{\"@id\":\"https:\\\/\\\/wp.kristdemokraterna.se\\\/varnamo\\\/2002\\\/02\\\/28\\\/motion-om-bestallningstrafiken-i-varnamo\\\/\"},\"author\":{\"name\":\"Kristdemokraterna V\u00e4rnamo\",\"@id\":\"https:\\\/\\\/wp.kristdemokraterna.se\\\/varnamo\\\/#\\\/schema\\\/person\\\/4e339ab04d613699e4dfe80a994e01d4\"},\"headline\":\"Motion om best\u00e4llningstrafiken i V\u00e4rnamo\",\"datePublished\":\"2002-02-28T20:38:00+00:00\",\"dateModified\":\"2015-07-15T10:33:35+00:00\",\"mainEntityOfPage\":{\"@id\":\"https:\\\/\\\/wp.kristdemokraterna.se\\\/varnamo\\\/2002\\\/02\\\/28\\\/motion-om-bestallningstrafiken-i-varnamo\\\/\"},\"wordCount\":177,\"publisher\":{\"@id\":\"https:\\\/\\\/wp.kristdemokraterna.se\\\/varnamo\\\/#organization\"},\"image\":{\"@id\":\"https:\\\/\\\/wp.kristdemokraterna.se\\\/varnamo\\\/2002\\\/02\\\/28\\\/motion-om-bestallningstrafiken-i-varnamo\\\/#primaryimage\"},\"thumbnailUrl\":\"https:\\\/\\\/wp.kristdemokraterna.se\\\/varnamo\\\/files\\\/1998\\\/08\\\/bs.jpg\",\"keywords\":[\"attraktiv\",\"Bengt Sandolf\",\"kommunfullm\u00e4ktige\",\"motion\"],\"articleSection\":[\"Motioner\"],\"inLanguage\":\"sv-SE\"},{\"@type\":\"WebPage\",\"@id\":\"https:\\\/\\\/wp.kristdemokraterna.se\\\/varnamo\\\/2002\\\/02\\\/28\\\/motion-om-bestallningstrafiken-i-varnamo\\\/\",\"url\":\"https:\\\/\\\/wp.kristdemokraterna.se\\\/varnamo\\\/2002\\\/02\\\/28\\\/motion-om-bestallningstrafiken-i-varnamo\\\/\",\"name\":\"Motion om best\u00e4llningstrafiken i V\u00e4rnamo - KRISTDEMOKRATERNA V\u00c4RNAMO\",\"isPartOf\":{\"@id\":\"https:\\\/\\\/wp.kristdemokraterna.se\\\/varnamo\\\/#website\"},\"primaryImageOfPage\":{\"@id\":\"https:\\\/\\\/wp.kristdemokraterna.se\\\/varnamo\\\/2002\\\/02\\\/28\\\/motion-om-bestallningstrafiken-i-varnamo\\\/#primaryimage\"},\"image\":{\"@id\":\"https:\\\/\\\/wp.kristdemokraterna.se\\\/varnamo\\\/2002\\\/02\\\/28\\\/motion-om-bestallningstrafiken-i-varnamo\\\/#primaryimage\"},\"thumbnailUrl\":\"https:\\\/\\\/wp.kristdemokraterna.se\\\/varnamo\\\/files\\\/1998\\\/08\\\/bs.jpg\",\"datePublished\":\"2002-02-28T20:38:00+00:00\",\"dateModified\":\"2015-07-15T10:33:35+00:00\",\"breadcrumb\":{\"@id\":\"https:\\\/\\\/wp.kristdemokraterna.se\\\/varnamo\\\/2002\\\/02\\\/28\\\/motion-om-bestallningstrafiken-i-varnamo\\\/#breadcrumb\"},\"inLanguage\":\"sv-SE\",\"potentialAction\":[{\"@type\":\"ReadAction\",\"target\":[\"https:\\\/\\\/wp.kristdemokraterna.se\\\/varnamo\\\/2002\\\/02\\\/28\\\/motion-om-bestallningstrafiken-i-varnamo\\\/\"]}]},{\"@type\":\"ImageObject\",\"inLanguage\":\"sv-SE\",\"@id\":\"https:\\\/\\\/wp.kristdemokraterna.se\\\/varnamo\\\/2002\\\/02\\\/28\\\/motion-om-bestallningstrafiken-i-varnamo\\\/#primaryimage\",\"url\":\"https:\\\/\\\/wp.kristdemokraterna.se\\\/varnamo\\\/files\\\/1998\\\/08\\\/bs.jpg\",\"contentUrl\":\"https:\\\/\\\/wp.kristdemokraterna.se\\\/varnamo\\\/files\\\/1998\\\/08\\\/bs.jpg\",\"width\":115,\"height\":145,\"caption\":\"Bengt Sandolf, Kristdemokraterna V\u00e4rnamo\"},{\"@type\":\"BreadcrumbList\",\"@id\":\"https:\\\/\\\/wp.kristdemokraterna.se\\\/varnamo\\\/2002\\\/02\\\/28\\\/motion-om-bestallningstrafiken-i-varnamo\\\/#breadcrumb\",\"itemListElement\":[{\"@type\":\"ListItem\",\"position\":1,\"name\":\"Hem\",\"item\":\"https:\\\/\\\/wp.kristdemokraterna.se\\\/varnamo\\\/\"},{\"@type\":\"ListItem\",\"position\":2,\"name\":\"Motion om best\u00e4llningstrafiken i V\u00e4rnamo\"}]},{\"@type\":\"WebSite\",\"@id\":\"https:\\\/\\\/wp.kristdemokraterna.se\\\/varnamo\\\/#website\",\"url\":\"https:\\\/\\\/wp.kristdemokraterna.se\\\/varnamo\\\/\",\"name\":\"KRISTDEMOKRATERNA V\u00c4RNAMO\",\"description\":\"Med hj\u00e4rta f\u00f6r V\u00e4rnamo\",\"publisher\":{\"@id\":\"https:\\\/\\\/wp.kristdemokraterna.se\\\/varnamo\\\/#organization\"},\"inLanguage\":\"sv-SE\"},{\"@type\":\"Organization\",\"@id\":\"https:\\\/\\\/wp.kristdemokraterna.se\\\/varnamo\\\/#organization\",\"name\":\"Kristdemokraterna V\u00e4rnamo\",\"url\":\"https:\\\/\\\/wp.kristdemokraterna.se\\\/varnamo\\\/\",\"logo\":{\"@type\":\"ImageObject\",\"inLanguage\":\"sv-SE\",\"@id\":\"https:\\\/\\\/wp.kristdemokraterna.se\\\/varnamo\\\/#\\\/schema\\\/logo\\\/image\\\/\",\"url\":\"https:\\\/\\\/wp.kristdemokraterna.se\\\/varnamo\\\/files\\\/2022\\\/08\\\/va\u2560ernamo-sida-bla-300dpi.png\",\"contentUrl\":\"https:\\\/\\\/wp.kristdemokraterna.se\\\/varnamo\\\/files\\\/2022\\\/08\\\/va\u2560ernamo-sida-bla-300dpi.png\",\"width\":1485,\"height\":681,\"caption\":\"Kristdemokraterna V\u00e4rnamo\"},\"image\":{\"@id\":\"https:\\\/\\\/wp.kristdemokraterna.se\\\/varnamo\\\/#\\\/schema\\\/logo\\\/image\\\/\"},\"sameAs\":[\"https:\\\/\\\/www.facebook.com\\\/KDVarnamo\\\/\",\"https:\\\/\\\/x.com\\\/KDVarnamo\",\"https:\\\/\\\/www.instagram.com\\\/\",\"https:\\\/\\\/www.youtube.com\\\/user\\\/studiokd\\\/videos\"]},{\"@type\":\"Person\",\"@id\":\"https:\\\/\\\/wp.kristdemokraterna.se\\\/varnamo\\\/#\\\/schema\\\/person\\\/4e339ab04d613699e4dfe80a994e01d4\",\"name\":\"Kristdemokraterna V\u00e4rnamo\",\"image\":{\"@type\":\"ImageObject\",\"inLanguage\":\"sv-SE\",\"@id\":\"https:\\\/\\\/secure.gravatar.com\\\/avatar\\\/c122e48c7723992af51eb155eeaa93db3c1fa324e3fc6ec45dd712c812809b5b?s=96&r=g\",\"url\":\"https:\\\/\\\/secure.gravatar.com\\\/avatar\\\/c122e48c7723992af51eb155eeaa93db3c1fa324e3fc6ec45dd712c812809b5b?s=96&r=g\",\"contentUrl\":\"https:\\\/\\\/secure.gravatar.com\\\/avatar\\\/c122e48c7723992af51eb155eeaa93db3c1fa324e3fc6ec45dd712c812809b5b?s=96&r=g\",\"caption\":\"Kristdemokraterna V\u00e4rnamo\"},\"description\":\"Familjens r\u00f6st\",\"sameAs\":[\"http:\\\/\\\/www.varnamo.kristdemokraterna.se\"],\"url\":\"https:\\\/\\\/wp.kristdemokraterna.se\\\/varnamo\\\/author\\\/varnamo\\\/\"}]}<\/script>\n<!-- \/ Yoast SEO plugin. -->","yoast_head_json":{"title":"Motion om best\u00e4llningstrafiken i V\u00e4rnamo - KRISTDEMOKRATERNA V\u00c4RNAMO","robots":{"index":"index","follow":"follow","max-snippet":"max-snippet:-1","max-image-preview":"max-image-preview:large","max-video-preview":"max-video-preview:-1"},"canonical":"https:\/\/wp.kristdemokraterna.se\/varnamo\/2002\/02\/28\/motion-om-bestallningstrafiken-i-varnamo\/","og_locale":"sv_SE","og_type":"article","og_title":"Motion om best\u00e4llningstrafiken i V\u00e4rnamo - KRISTDEMOKRATERNA V\u00c4RNAMO","og_description":"Vid V\u00e4rnamo kommunfullm\u00e4ktiges sammantr\u00e4de 2002-02-28, l\u00e4mnade Bengt Sandolf (Kristdemokraterna) in f\u00f6ljande motion:","og_url":"https:\/\/wp.kristdemokraterna.se\/varnamo\/2002\/02\/28\/motion-om-bestallningstrafiken-i-varnamo\/","og_site_name":"KRISTDEMOKRATERNA V\u00c4RNAMO","article_publisher":"https:\/\/www.facebook.com\/KDVarnamo\/","article_published_time":"2002-02-28T20:38:00+00:00","article_modified_time":"2015-07-15T10:33:35+00:00","og_image":[{"width":115,"height":145,"url":"https:\/\/wp.kristdemokraterna.se\/varnamo\/files\/1998\/08\/bs.jpg","type":"image\/jpeg"}],"author":"Kristdemokraterna V\u00e4rnamo","twitter_card":"summary_large_image","twitter_creator":"@KDVarnamo","twitter_site":"@KDVarnamo","twitter_misc":{"Skriven av":"Kristdemokraterna V\u00e4rnamo","Ber\u00e4knad l\u00e4stid":"1 minut"},"schema":{"@context":"https:\/\/schema.org","@graph":[{"@type":"Article","@id":"https:\/\/wp.kristdemokraterna.se\/varnamo\/2002\/02\/28\/motion-om-bestallningstrafiken-i-varnamo\/#article","isPartOf":{"@id":"https:\/\/wp.kristdemokraterna.se\/varnamo\/2002\/02\/28\/motion-om-bestallningstrafiken-i-varnamo\/"},"author":{"name":"Kristdemokraterna V\u00e4rnamo","@id":"https:\/\/wp.kristdemokraterna.se\/varnamo\/#\/schema\/person\/4e339ab04d613699e4dfe80a994e01d4"},"headline":"Motion om best\u00e4llningstrafiken i V\u00e4rnamo","datePublished":"2002-02-28T20:38:00+00:00","dateModified":"2015-07-15T10:33:35+00:00","mainEntityOfPage":{"@id":"https:\/\/wp.kristdemokraterna.se\/varnamo\/2002\/02\/28\/motion-om-bestallningstrafiken-i-varnamo\/"},"wordCount":177,"publisher":{"@id":"https:\/\/wp.kristdemokraterna.se\/varnamo\/#organization"},"image":{"@id":"https:\/\/wp.kristdemokraterna.se\/varnamo\/2002\/02\/28\/motion-om-bestallningstrafiken-i-varnamo\/#primaryimage"},"thumbnailUrl":"https:\/\/wp.kristdemokraterna.se\/varnamo\/files\/1998\/08\/bs.jpg","keywords":["attraktiv","Bengt Sandolf","kommunfullm\u00e4ktige","motion"],"articleSection":["Motioner"],"inLanguage":"sv-SE"},{"@type":"WebPage","@id":"https:\/\/wp.kristdemokraterna.se\/varnamo\/2002\/02\/28\/motion-om-bestallningstrafiken-i-varnamo\/","url":"https:\/\/wp.kristdemokraterna.se\/varnamo\/2002\/02\/28\/motion-om-bestallningstrafiken-i-varnamo\/","name":"Motion om best\u00e4llningstrafiken i V\u00e4rnamo - KRISTDEMOKRATERNA V\u00c4RNAMO","isPartOf":{"@id":"https:\/\/wp.kristdemokraterna.se\/varnamo\/#website"},"primaryImageOfPage":{"@id":"https:\/\/wp.kristdemokraterna.se\/varnamo\/2002\/02\/28\/motion-om-bestallningstrafiken-i-varnamo\/#primaryimage"},"image":{"@id":"https:\/\/wp.kristdemokraterna.se\/varnamo\/2002\/02\/28\/motion-om-bestallningstrafiken-i-varnamo\/#primaryimage"},"thumbnailUrl":"https:\/\/wp.kristdemokraterna.se\/varnamo\/files\/1998\/08\/bs.jpg","datePublished":"2002-02-28T20:38:00+00:00","dateModified":"2015-07-15T10:33:35+00:00","breadcrumb":{"@id":"https:\/\/wp.kristdemokraterna.se\/varnamo\/2002\/02\/28\/motion-om-bestallningstrafiken-i-varnamo\/#breadcrumb"},"inLanguage":"sv-SE","potentialAction":[{"@type":"ReadAction","target":["https:\/\/wp.kristdemokraterna.se\/varnamo\/2002\/02\/28\/motion-om-bestallningstrafiken-i-varnamo\/"]}]},{"@type":"ImageObject","inLanguage":"sv-SE","@id":"https:\/\/wp.kristdemokraterna.se\/varnamo\/2002\/02\/28\/motion-om-bestallningstrafiken-i-varnamo\/#primaryimage","url":"https:\/\/wp.kristdemokraterna.se\/varnamo\/files\/1998\/08\/bs.jpg","contentUrl":"https:\/\/wp.kristdemokraterna.se\/varnamo\/files\/1998\/08\/bs.jpg","width":115,"height":145,"caption":"Bengt Sandolf, Kristdemokraterna V\u00e4rnamo"},{"@type":"BreadcrumbList","@id":"https:\/\/wp.kristdemokraterna.se\/varnamo\/2002\/02\/28\/motion-om-bestallningstrafiken-i-varnamo\/#breadcrumb","itemListElement":[{"@type":"ListItem","position":1,"name":"Hem","item":"https:\/\/wp.kristdemokraterna.se\/varnamo\/"},{"@type":"ListItem","position":2,"name":"Motion om best\u00e4llningstrafiken i V\u00e4rnamo"}]},{"@type":"WebSite","@id":"https:\/\/wp.kristdemokraterna.se\/varnamo\/#website","url":"https:\/\/wp.kristdemokraterna.se\/varnamo\/","name":"KRISTDEMOKRATERNA V\u00c4RNAMO","description":"Med hj\u00e4rta f\u00f6r V\u00e4rnamo","publisher":{"@id":"https:\/\/wp.kristdemokraterna.se\/varnamo\/#organization"},"inLanguage":"sv-SE"},{"@type":"Organization","@id":"https:\/\/wp.kristdemokraterna.se\/varnamo\/#organization","name":"Kristdemokraterna V\u00e4rnamo","url":"https:\/\/wp.kristdemokraterna.se\/varnamo\/","logo":{"@type":"ImageObject","inLanguage":"sv-SE","@id":"https:\/\/wp.kristdemokraterna.se\/varnamo\/#\/schema\/logo\/image\/","url":"https:\/\/wp.kristdemokraterna.se\/varnamo\/files\/2022\/08\/va\u2560ernamo-sida-bla-300dpi.png","contentUrl":"https:\/\/wp.kristdemokraterna.se\/varnamo\/files\/2022\/08\/va\u2560ernamo-sida-bla-300dpi.png","width":1485,"height":681,"caption":"Kristdemokraterna V\u00e4rnamo"},"image":{"@id":"https:\/\/wp.kristdemokraterna.se\/varnamo\/#\/schema\/logo\/image\/"},"sameAs":["https:\/\/www.facebook.com\/KDVarnamo\/","https:\/\/x.com\/KDVarnamo","https:\/\/www.instagram.com\/","https:\/\/www.youtube.com\/user\/studiokd\/videos"]},{"@type":"Person","@id":"https:\/\/wp.kristdemokraterna.se\/varnamo\/#\/schema\/person\/4e339ab04d613699e4dfe80a994e01d4","name":"Kristdemokraterna V\u00e4rnamo","image":{"@type":"ImageObject","inLanguage":"sv-SE","@id":"https:\/\/secure.gravatar.com\/avatar\/c122e48c7723992af51eb155eeaa93db3c1fa324e3fc6ec45dd712c812809b5b?s=96&r=g","url":"https:\/\/secure.gravatar.com\/avatar\/c122e48c7723992af51eb155eeaa93db3c1fa324e3fc6ec45dd712c812809b5b?s=96&r=g","contentUrl":"https:\/\/secure.gravatar.com\/avatar\/c122e48c7723992af51eb155eeaa93db3c1fa324e3fc6ec45dd712c812809b5b?s=96&r=g","caption":"Kristdemokraterna V\u00e4rnamo"},"description":"Familjens r\u00f6st","sameAs":["http:\/\/www.varnamo.kristdemokraterna.se"],"url":"https:\/\/wp.kristdemokraterna.se\/varnamo\/author\/varnamo\/"}]}},"_links":{"self":[{"href":"https:\/\/wp.kristdemokraterna.se\/varnamo\/wp-json\/wp\/v2\/posts\/2083","targetHints":{"allow":["GET"]}}],"collection":[{"href":"https:\/\/wp.kristdemokraterna.se\/varnamo\/wp-json\/wp\/v2\/posts"}],"about":[{"href":"https:\/\/wp.kristdemokraterna.se\/varnamo\/wp-json\/wp\/v2\/types\/post"}],"author":[{"embeddable":true,"href":"https:\/\/wp.kristdemokraterna.se\/varnamo\/wp-json\/wp\/v2\/users\/412"}],"replies":[{"embeddable":true,"href":"https:\/\/wp.kristdemokraterna.se\/varnamo\/wp-json\/wp\/v2\/comments?post=2083"}],"version-history":[{"count":7,"href":"https:\/\/wp.kristdemokraterna.se\/varnamo\/wp-json\/wp\/v2\/posts\/2083\/revisions"}],"predecessor-version":[{"id":6945,"href":"https:\/\/wp.kristdemokraterna.se\/varnamo\/wp-json\/wp\/v2\/posts\/2083\/revisions\/6945"}],"wp:featuredmedia":[{"embeddable":true,"href":"https:\/\/wp.kristdemokraterna.se\/varnamo\/wp-json\/wp\/v2\/media\/4149"}],"wp:attachment":[{"href":"https:\/\/wp.kristdemokraterna.se\/varnamo\/wp-json\/wp\/v2\/media?parent=2083"}],"wp:term":[{"taxonomy":"category","embeddable":true,"href":"https:\/\/wp.kristdemokraterna.se\/varnamo\/wp-json\/wp\/v2\/categories?post=2083"},{"taxonomy":"post_tag","embeddable":true,"href":"https:\/\/wp.kristdemokraterna.se\/varnamo\/wp-json\/wp\/v2\/tags?post=2083"}],"curies":[{"name":"wp","href":"https:\/\/api.w.org\/{rel}","templated":true}]}}