{"id":2086,"date":"2003-05-22T21:38:00","date_gmt":"2003-05-22T19:38:00","guid":{"rendered":"http:\/\/localhost:4901\/?p=2086"},"modified":"2015-07-15T12:27:07","modified_gmt":"2015-07-15T10:27:07","slug":"motion-om-malning-av-cykelbana-mitt-pa-storgatsbacken","status":"publish","type":"post","link":"https:\/\/wp.kristdemokraterna.se\/varnamo\/2003\/05\/22\/motion-om-malning-av-cykelbana-mitt-pa-storgatsbacken\/","title":{"rendered":"Motion om m\u00e5lning av cykelbana mitt p\u00e5 Storgatsbacken"},"content":{"rendered":"<p>Vid V\u00e4rnamo kommunfullm\u00e4ktiges sammantr\u00e4de <strong>2003-05-22<\/strong>,\u00a0l\u00e4mnade Ibrahim Candemir (Kristdemokraterna)\u00a0in f\u00f6ljande motion:<\/p>\n<p><!--more--><\/p>\n<hr \/>\n<p><em>Motion till kommunfullm\u00e4ktige<\/em><\/p>\n<h1>M\u00e5lning av cykelbana mitt p\u00e5 storgatsbacken<\/h1>\n<p>Som det \u00e4r nu s\u00e5 \u00e4r det ingen riktig ordning med m\u00e4nniskorna\u00a0som g\u00e5r eller cyklar p\u00e5 Storgatsbacken. Fordonstrafiken fungerar\u00a0inte heller riktigt. M\u00e5nga \u00e4r irriterade \u00f6ver situationen.\u00a0Med andra ord \u00e4r det farligt b\u00e5de att g\u00e5 eller att cykla\u00a0p\u00e5 Storgatsbacken.<\/p>\n<p>Fr\u00e5gar man m\u00e4nniskorna som g\u00e5r eller cyklar p\u00e5 Storgatsbacken\u00a0s\u00e5 \u00e4r det m\u00e5nga som tycker att det \u00e4r b\u00e5de r\u00f6rigt\u00a0och farligt.<\/p>\n<p>Kollar man hur det \u00e4r i andra kommuner med liknande problem s\u00e5\u00a0finns det olika l\u00f6sningar. En l\u00f6sning \u00e4r att man m\u00e5lar\u00a0en cykelbana med ljusbl\u00e5 f\u00e4rg med vita cykelsymboler mitt p\u00e5<br \/>\nv\u00e4gen p\u00e5 Storgatsbacken. En s\u00e5dan l\u00f6sning skulle det\u00a0f\u00f6rhoppningsvis leda till att cyklisterna h\u00e5ller sig till mitten\u00a0och de som g\u00e5r skulle h\u00e5lla sig till sidorna.<\/p>\n<p>N\u00e4r det g\u00e4ller fordonstrafiken borde man skylta kanske lite tydligare.<\/p>\n<p>Med anledning av ovanst\u00e5ende f\u00f6resl\u00e5r jag<\/p>\n<table>\n<tbody>\n<tr>\n<td width=\"10%\"><em>att<\/em><\/td>\n<td>kommunfullm\u00e4ktige ger tekniska n\u00e4mnden i uppdrag\u00a0att kolla p\u00e5 en s\u00e5dan l\u00f6sning som jag har beskrivit.<\/td>\n<\/tr>\n<\/tbody>\n<\/table>\n<p>V\u00e4rnamo den 22 maj 2003<\/p>\n<p>F\u00f6r Kristdemokraterna<\/p>\n<p style=\"text-align: right\"><em>Ibrahim Candemir<\/em><\/p>\n","protected":false},"excerpt":{"rendered":"<p>Vid V\u00e4rnamo kommunfullm\u00e4ktiges sammantr\u00e4de 2003-05-22,\u00a0l\u00e4mnade Ibrahim Candemir (Kristdemokraterna)\u00a0in f\u00f6ljande motion:<\/p>\n","protected":false},"author":412,"featured_media":4168,"comment_status":"closed","ping_status":"closed","sticky":false,"template":"","format":"standard","meta":{"_acf_changed":false,"footnotes":""},"categories":[13],"tags":[88,48,97],"class_list":["post-2086","post","type-post","status-publish","format-standard","hentry","category-motioner","tag-ibrahim-candemir","tag-kommunfullmaktige","tag-motion"],"acf":[],"yoast_head":"<!-- This site is optimized with the Yoast SEO plugin v27.4 - https:\/\/yoast.com\/product\/yoast-seo-wordpress\/ -->\n<title>Motion om m\u00e5lning av cykelbana mitt p\u00e5 Storgatsbacken - KRISTDEMOKRATERNA V\u00c4RNAMO<\/title>\n<meta name=\"robots\" content=\"index, follow, max-snippet:-1, max-image-preview:large, max-video-preview:-1\" \/>\n<link rel=\"canonical\" href=\"https:\/\/wp.kristdemokraterna.se\/varnamo\/2003\/05\/22\/motion-om-malning-av-cykelbana-mitt-pa-storgatsbacken\/\" \/>\n<meta property=\"og:locale\" content=\"sv_SE\" \/>\n<meta property=\"og:type\" content=\"article\" \/>\n<meta property=\"og:title\" content=\"Motion om m\u00e5lning av cykelbana mitt p\u00e5 Storgatsbacken - KRISTDEMOKRATERNA V\u00c4RNAMO\" \/>\n<meta property=\"og:description\" content=\"Vid V\u00e4rnamo kommunfullm\u00e4ktiges sammantr\u00e4de 2003-05-22,\u00a0l\u00e4mnade Ibrahim Candemir (Kristdemokraterna)\u00a0in f\u00f6ljande motion:\" \/>\n<meta property=\"og:url\" content=\"https:\/\/wp.kristdemokraterna.se\/varnamo\/2003\/05\/22\/motion-om-malning-av-cykelbana-mitt-pa-storgatsbacken\/\" \/>\n<meta property=\"og:site_name\" content=\"KRISTDEMOKRATERNA V\u00c4RNAMO\" \/>\n<meta property=\"article:publisher\" content=\"https:\/\/www.facebook.com\/KDVarnamo\/\" \/>\n<meta property=\"article:published_time\" content=\"2003-05-22T19:38:00+00:00\" \/>\n<meta property=\"article:modified_time\" content=\"2015-07-15T10:27:07+00:00\" \/>\n<meta property=\"og:image\" content=\"https:\/\/wp.kristdemokraterna.se\/varnamo\/files\/2005\/05\/ibrahim_candemir.jpg\" \/>\n\t<meta property=\"og:image:width\" content=\"300\" \/>\n\t<meta property=\"og:image:height\" content=\"300\" \/>\n\t<meta property=\"og:image:type\" content=\"image\/jpeg\" \/>\n<meta name=\"author\" content=\"Kristdemokraterna V\u00e4rnamo\" \/>\n<meta name=\"twitter:card\" content=\"summary_large_image\" \/>\n<meta name=\"twitter:creator\" content=\"@KDVarnamo\" \/>\n<meta name=\"twitter:site\" content=\"@KDVarnamo\" \/>\n<meta name=\"twitter:label1\" content=\"Skriven av\" \/>\n\t<meta name=\"twitter:data1\" content=\"Kristdemokraterna V\u00e4rnamo\" \/>\n\t<meta name=\"twitter:label2\" content=\"Ber\u00e4knad l\u00e4stid\" \/>\n\t<meta name=\"twitter:data2\" content=\"1 minut\" \/>\n<script type=\"application\/ld+json\" class=\"yoast-schema-graph\">{\"@context\":\"https:\\\/\\\/schema.org\",\"@graph\":[{\"@type\":\"Article\",\"@id\":\"https:\\\/\\\/wp.kristdemokraterna.se\\\/varnamo\\\/2003\\\/05\\\/22\\\/motion-om-malning-av-cykelbana-mitt-pa-storgatsbacken\\\/#article\",\"isPartOf\":{\"@id\":\"https:\\\/\\\/wp.kristdemokraterna.se\\\/varnamo\\\/2003\\\/05\\\/22\\\/motion-om-malning-av-cykelbana-mitt-pa-storgatsbacken\\\/\"},\"author\":{\"name\":\"Kristdemokraterna V\u00e4rnamo\",\"@id\":\"https:\\\/\\\/wp.kristdemokraterna.se\\\/varnamo\\\/#\\\/schema\\\/person\\\/4e339ab04d613699e4dfe80a994e01d4\"},\"headline\":\"Motion om m\u00e5lning av cykelbana mitt p\u00e5 Storgatsbacken\",\"datePublished\":\"2003-05-22T19:38:00+00:00\",\"dateModified\":\"2015-07-15T10:27:07+00:00\",\"mainEntityOfPage\":{\"@id\":\"https:\\\/\\\/wp.kristdemokraterna.se\\\/varnamo\\\/2003\\\/05\\\/22\\\/motion-om-malning-av-cykelbana-mitt-pa-storgatsbacken\\\/\"},\"wordCount\":232,\"publisher\":{\"@id\":\"https:\\\/\\\/wp.kristdemokraterna.se\\\/varnamo\\\/#organization\"},\"image\":{\"@id\":\"https:\\\/\\\/wp.kristdemokraterna.se\\\/varnamo\\\/2003\\\/05\\\/22\\\/motion-om-malning-av-cykelbana-mitt-pa-storgatsbacken\\\/#primaryimage\"},\"thumbnailUrl\":\"https:\\\/\\\/wp.kristdemokraterna.se\\\/varnamo\\\/files\\\/2005\\\/05\\\/ibrahim_candemir.jpg\",\"keywords\":[\"Ibrahim Candemir\",\"kommunfullm\u00e4ktige\",\"motion\"],\"articleSection\":[\"Motioner\"],\"inLanguage\":\"sv-SE\"},{\"@type\":\"WebPage\",\"@id\":\"https:\\\/\\\/wp.kristdemokraterna.se\\\/varnamo\\\/2003\\\/05\\\/22\\\/motion-om-malning-av-cykelbana-mitt-pa-storgatsbacken\\\/\",\"url\":\"https:\\\/\\\/wp.kristdemokraterna.se\\\/varnamo\\\/2003\\\/05\\\/22\\\/motion-om-malning-av-cykelbana-mitt-pa-storgatsbacken\\\/\",\"name\":\"Motion om m\u00e5lning av cykelbana mitt p\u00e5 Storgatsbacken - KRISTDEMOKRATERNA V\u00c4RNAMO\",\"isPartOf\":{\"@id\":\"https:\\\/\\\/wp.kristdemokraterna.se\\\/varnamo\\\/#website\"},\"primaryImageOfPage\":{\"@id\":\"https:\\\/\\\/wp.kristdemokraterna.se\\\/varnamo\\\/2003\\\/05\\\/22\\\/motion-om-malning-av-cykelbana-mitt-pa-storgatsbacken\\\/#primaryimage\"},\"image\":{\"@id\":\"https:\\\/\\\/wp.kristdemokraterna.se\\\/varnamo\\\/2003\\\/05\\\/22\\\/motion-om-malning-av-cykelbana-mitt-pa-storgatsbacken\\\/#primaryimage\"},\"thumbnailUrl\":\"https:\\\/\\\/wp.kristdemokraterna.se\\\/varnamo\\\/files\\\/2005\\\/05\\\/ibrahim_candemir.jpg\",\"datePublished\":\"2003-05-22T19:38:00+00:00\",\"dateModified\":\"2015-07-15T10:27:07+00:00\",\"breadcrumb\":{\"@id\":\"https:\\\/\\\/wp.kristdemokraterna.se\\\/varnamo\\\/2003\\\/05\\\/22\\\/motion-om-malning-av-cykelbana-mitt-pa-storgatsbacken\\\/#breadcrumb\"},\"inLanguage\":\"sv-SE\",\"potentialAction\":[{\"@type\":\"ReadAction\",\"target\":[\"https:\\\/\\\/wp.kristdemokraterna.se\\\/varnamo\\\/2003\\\/05\\\/22\\\/motion-om-malning-av-cykelbana-mitt-pa-storgatsbacken\\\/\"]}]},{\"@type\":\"ImageObject\",\"inLanguage\":\"sv-SE\",\"@id\":\"https:\\\/\\\/wp.kristdemokraterna.se\\\/varnamo\\\/2003\\\/05\\\/22\\\/motion-om-malning-av-cykelbana-mitt-pa-storgatsbacken\\\/#primaryimage\",\"url\":\"https:\\\/\\\/wp.kristdemokraterna.se\\\/varnamo\\\/files\\\/2005\\\/05\\\/ibrahim_candemir.jpg\",\"contentUrl\":\"https:\\\/\\\/wp.kristdemokraterna.se\\\/varnamo\\\/files\\\/2005\\\/05\\\/ibrahim_candemir.jpg\",\"width\":300,\"height\":300,\"caption\":\"Ibrahim Candemir, Kristdemokraterna V\u00e4rnamo. (Foto: Fotograf M\u00e4ster Olof)\"},{\"@type\":\"BreadcrumbList\",\"@id\":\"https:\\\/\\\/wp.kristdemokraterna.se\\\/varnamo\\\/2003\\\/05\\\/22\\\/motion-om-malning-av-cykelbana-mitt-pa-storgatsbacken\\\/#breadcrumb\",\"itemListElement\":[{\"@type\":\"ListItem\",\"position\":1,\"name\":\"Hem\",\"item\":\"https:\\\/\\\/wp.kristdemokraterna.se\\\/varnamo\\\/\"},{\"@type\":\"ListItem\",\"position\":2,\"name\":\"Motion om m\u00e5lning av cykelbana mitt p\u00e5 Storgatsbacken\"}]},{\"@type\":\"WebSite\",\"@id\":\"https:\\\/\\\/wp.kristdemokraterna.se\\\/varnamo\\\/#website\",\"url\":\"https:\\\/\\\/wp.kristdemokraterna.se\\\/varnamo\\\/\",\"name\":\"KRISTDEMOKRATERNA V\u00c4RNAMO\",\"description\":\"Med hj\u00e4rta f\u00f6r V\u00e4rnamo\",\"publisher\":{\"@id\":\"https:\\\/\\\/wp.kristdemokraterna.se\\\/varnamo\\\/#organization\"},\"inLanguage\":\"sv-SE\"},{\"@type\":\"Organization\",\"@id\":\"https:\\\/\\\/wp.kristdemokraterna.se\\\/varnamo\\\/#organization\",\"name\":\"Kristdemokraterna V\u00e4rnamo\",\"url\":\"https:\\\/\\\/wp.kristdemokraterna.se\\\/varnamo\\\/\",\"logo\":{\"@type\":\"ImageObject\",\"inLanguage\":\"sv-SE\",\"@id\":\"https:\\\/\\\/wp.kristdemokraterna.se\\\/varnamo\\\/#\\\/schema\\\/logo\\\/image\\\/\",\"url\":\"https:\\\/\\\/wp.kristdemokraterna.se\\\/varnamo\\\/files\\\/2022\\\/08\\\/va\u2560ernamo-sida-bla-300dpi.png\",\"contentUrl\":\"https:\\\/\\\/wp.kristdemokraterna.se\\\/varnamo\\\/files\\\/2022\\\/08\\\/va\u2560ernamo-sida-bla-300dpi.png\",\"width\":1485,\"height\":681,\"caption\":\"Kristdemokraterna V\u00e4rnamo\"},\"image\":{\"@id\":\"https:\\\/\\\/wp.kristdemokraterna.se\\\/varnamo\\\/#\\\/schema\\\/logo\\\/image\\\/\"},\"sameAs\":[\"https:\\\/\\\/www.facebook.com\\\/KDVarnamo\\\/\",\"https:\\\/\\\/x.com\\\/KDVarnamo\",\"https:\\\/\\\/www.instagram.com\\\/\",\"https:\\\/\\\/www.youtube.com\\\/user\\\/studiokd\\\/videos\"]},{\"@type\":\"Person\",\"@id\":\"https:\\\/\\\/wp.kristdemokraterna.se\\\/varnamo\\\/#\\\/schema\\\/person\\\/4e339ab04d613699e4dfe80a994e01d4\",\"name\":\"Kristdemokraterna V\u00e4rnamo\",\"image\":{\"@type\":\"ImageObject\",\"inLanguage\":\"sv-SE\",\"@id\":\"https:\\\/\\\/secure.gravatar.com\\\/avatar\\\/c122e48c7723992af51eb155eeaa93db3c1fa324e3fc6ec45dd712c812809b5b?s=96&r=g\",\"url\":\"https:\\\/\\\/secure.gravatar.com\\\/avatar\\\/c122e48c7723992af51eb155eeaa93db3c1fa324e3fc6ec45dd712c812809b5b?s=96&r=g\",\"contentUrl\":\"https:\\\/\\\/secure.gravatar.com\\\/avatar\\\/c122e48c7723992af51eb155eeaa93db3c1fa324e3fc6ec45dd712c812809b5b?s=96&r=g\",\"caption\":\"Kristdemokraterna V\u00e4rnamo\"},\"description\":\"Familjens r\u00f6st\",\"sameAs\":[\"http:\\\/\\\/www.varnamo.kristdemokraterna.se\"],\"url\":\"https:\\\/\\\/wp.kristdemokraterna.se\\\/varnamo\\\/author\\\/varnamo\\\/\"}]}<\/script>\n<!-- \/ Yoast SEO plugin. -->","yoast_head_json":{"title":"Motion om m\u00e5lning av cykelbana mitt p\u00e5 Storgatsbacken - KRISTDEMOKRATERNA V\u00c4RNAMO","robots":{"index":"index","follow":"follow","max-snippet":"max-snippet:-1","max-image-preview":"max-image-preview:large","max-video-preview":"max-video-preview:-1"},"canonical":"https:\/\/wp.kristdemokraterna.se\/varnamo\/2003\/05\/22\/motion-om-malning-av-cykelbana-mitt-pa-storgatsbacken\/","og_locale":"sv_SE","og_type":"article","og_title":"Motion om m\u00e5lning av cykelbana mitt p\u00e5 Storgatsbacken - KRISTDEMOKRATERNA V\u00c4RNAMO","og_description":"Vid V\u00e4rnamo kommunfullm\u00e4ktiges sammantr\u00e4de 2003-05-22,\u00a0l\u00e4mnade Ibrahim Candemir (Kristdemokraterna)\u00a0in f\u00f6ljande motion:","og_url":"https:\/\/wp.kristdemokraterna.se\/varnamo\/2003\/05\/22\/motion-om-malning-av-cykelbana-mitt-pa-storgatsbacken\/","og_site_name":"KRISTDEMOKRATERNA V\u00c4RNAMO","article_publisher":"https:\/\/www.facebook.com\/KDVarnamo\/","article_published_time":"2003-05-22T19:38:00+00:00","article_modified_time":"2015-07-15T10:27:07+00:00","og_image":[{"width":300,"height":300,"url":"https:\/\/wp.kristdemokraterna.se\/varnamo\/files\/2005\/05\/ibrahim_candemir.jpg","type":"image\/jpeg"}],"author":"Kristdemokraterna V\u00e4rnamo","twitter_card":"summary_large_image","twitter_creator":"@KDVarnamo","twitter_site":"@KDVarnamo","twitter_misc":{"Skriven av":"Kristdemokraterna V\u00e4rnamo","Ber\u00e4knad l\u00e4stid":"1 minut"},"schema":{"@context":"https:\/\/schema.org","@graph":[{"@type":"Article","@id":"https:\/\/wp.kristdemokraterna.se\/varnamo\/2003\/05\/22\/motion-om-malning-av-cykelbana-mitt-pa-storgatsbacken\/#article","isPartOf":{"@id":"https:\/\/wp.kristdemokraterna.se\/varnamo\/2003\/05\/22\/motion-om-malning-av-cykelbana-mitt-pa-storgatsbacken\/"},"author":{"name":"Kristdemokraterna V\u00e4rnamo","@id":"https:\/\/wp.kristdemokraterna.se\/varnamo\/#\/schema\/person\/4e339ab04d613699e4dfe80a994e01d4"},"headline":"Motion om m\u00e5lning av cykelbana mitt p\u00e5 Storgatsbacken","datePublished":"2003-05-22T19:38:00+00:00","dateModified":"2015-07-15T10:27:07+00:00","mainEntityOfPage":{"@id":"https:\/\/wp.kristdemokraterna.se\/varnamo\/2003\/05\/22\/motion-om-malning-av-cykelbana-mitt-pa-storgatsbacken\/"},"wordCount":232,"publisher":{"@id":"https:\/\/wp.kristdemokraterna.se\/varnamo\/#organization"},"image":{"@id":"https:\/\/wp.kristdemokraterna.se\/varnamo\/2003\/05\/22\/motion-om-malning-av-cykelbana-mitt-pa-storgatsbacken\/#primaryimage"},"thumbnailUrl":"https:\/\/wp.kristdemokraterna.se\/varnamo\/files\/2005\/05\/ibrahim_candemir.jpg","keywords":["Ibrahim Candemir","kommunfullm\u00e4ktige","motion"],"articleSection":["Motioner"],"inLanguage":"sv-SE"},{"@type":"WebPage","@id":"https:\/\/wp.kristdemokraterna.se\/varnamo\/2003\/05\/22\/motion-om-malning-av-cykelbana-mitt-pa-storgatsbacken\/","url":"https:\/\/wp.kristdemokraterna.se\/varnamo\/2003\/05\/22\/motion-om-malning-av-cykelbana-mitt-pa-storgatsbacken\/","name":"Motion om m\u00e5lning av cykelbana mitt p\u00e5 Storgatsbacken - KRISTDEMOKRATERNA V\u00c4RNAMO","isPartOf":{"@id":"https:\/\/wp.kristdemokraterna.se\/varnamo\/#website"},"primaryImageOfPage":{"@id":"https:\/\/wp.kristdemokraterna.se\/varnamo\/2003\/05\/22\/motion-om-malning-av-cykelbana-mitt-pa-storgatsbacken\/#primaryimage"},"image":{"@id":"https:\/\/wp.kristdemokraterna.se\/varnamo\/2003\/05\/22\/motion-om-malning-av-cykelbana-mitt-pa-storgatsbacken\/#primaryimage"},"thumbnailUrl":"https:\/\/wp.kristdemokraterna.se\/varnamo\/files\/2005\/05\/ibrahim_candemir.jpg","datePublished":"2003-05-22T19:38:00+00:00","dateModified":"2015-07-15T10:27:07+00:00","breadcrumb":{"@id":"https:\/\/wp.kristdemokraterna.se\/varnamo\/2003\/05\/22\/motion-om-malning-av-cykelbana-mitt-pa-storgatsbacken\/#breadcrumb"},"inLanguage":"sv-SE","potentialAction":[{"@type":"ReadAction","target":["https:\/\/wp.kristdemokraterna.se\/varnamo\/2003\/05\/22\/motion-om-malning-av-cykelbana-mitt-pa-storgatsbacken\/"]}]},{"@type":"ImageObject","inLanguage":"sv-SE","@id":"https:\/\/wp.kristdemokraterna.se\/varnamo\/2003\/05\/22\/motion-om-malning-av-cykelbana-mitt-pa-storgatsbacken\/#primaryimage","url":"https:\/\/wp.kristdemokraterna.se\/varnamo\/files\/2005\/05\/ibrahim_candemir.jpg","contentUrl":"https:\/\/wp.kristdemokraterna.se\/varnamo\/files\/2005\/05\/ibrahim_candemir.jpg","width":300,"height":300,"caption":"Ibrahim Candemir, Kristdemokraterna V\u00e4rnamo. (Foto: Fotograf M\u00e4ster Olof)"},{"@type":"BreadcrumbList","@id":"https:\/\/wp.kristdemokraterna.se\/varnamo\/2003\/05\/22\/motion-om-malning-av-cykelbana-mitt-pa-storgatsbacken\/#breadcrumb","itemListElement":[{"@type":"ListItem","position":1,"name":"Hem","item":"https:\/\/wp.kristdemokraterna.se\/varnamo\/"},{"@type":"ListItem","position":2,"name":"Motion om m\u00e5lning av cykelbana mitt p\u00e5 Storgatsbacken"}]},{"@type":"WebSite","@id":"https:\/\/wp.kristdemokraterna.se\/varnamo\/#website","url":"https:\/\/wp.kristdemokraterna.se\/varnamo\/","name":"KRISTDEMOKRATERNA V\u00c4RNAMO","description":"Med hj\u00e4rta f\u00f6r V\u00e4rnamo","publisher":{"@id":"https:\/\/wp.kristdemokraterna.se\/varnamo\/#organization"},"inLanguage":"sv-SE"},{"@type":"Organization","@id":"https:\/\/wp.kristdemokraterna.se\/varnamo\/#organization","name":"Kristdemokraterna V\u00e4rnamo","url":"https:\/\/wp.kristdemokraterna.se\/varnamo\/","logo":{"@type":"ImageObject","inLanguage":"sv-SE","@id":"https:\/\/wp.kristdemokraterna.se\/varnamo\/#\/schema\/logo\/image\/","url":"https:\/\/wp.kristdemokraterna.se\/varnamo\/files\/2022\/08\/va\u2560ernamo-sida-bla-300dpi.png","contentUrl":"https:\/\/wp.kristdemokraterna.se\/varnamo\/files\/2022\/08\/va\u2560ernamo-sida-bla-300dpi.png","width":1485,"height":681,"caption":"Kristdemokraterna V\u00e4rnamo"},"image":{"@id":"https:\/\/wp.kristdemokraterna.se\/varnamo\/#\/schema\/logo\/image\/"},"sameAs":["https:\/\/www.facebook.com\/KDVarnamo\/","https:\/\/x.com\/KDVarnamo","https:\/\/www.instagram.com\/","https:\/\/www.youtube.com\/user\/studiokd\/videos"]},{"@type":"Person","@id":"https:\/\/wp.kristdemokraterna.se\/varnamo\/#\/schema\/person\/4e339ab04d613699e4dfe80a994e01d4","name":"Kristdemokraterna V\u00e4rnamo","image":{"@type":"ImageObject","inLanguage":"sv-SE","@id":"https:\/\/secure.gravatar.com\/avatar\/c122e48c7723992af51eb155eeaa93db3c1fa324e3fc6ec45dd712c812809b5b?s=96&r=g","url":"https:\/\/secure.gravatar.com\/avatar\/c122e48c7723992af51eb155eeaa93db3c1fa324e3fc6ec45dd712c812809b5b?s=96&r=g","contentUrl":"https:\/\/secure.gravatar.com\/avatar\/c122e48c7723992af51eb155eeaa93db3c1fa324e3fc6ec45dd712c812809b5b?s=96&r=g","caption":"Kristdemokraterna V\u00e4rnamo"},"description":"Familjens r\u00f6st","sameAs":["http:\/\/www.varnamo.kristdemokraterna.se"],"url":"https:\/\/wp.kristdemokraterna.se\/varnamo\/author\/varnamo\/"}]}},"_links":{"self":[{"href":"https:\/\/wp.kristdemokraterna.se\/varnamo\/wp-json\/wp\/v2\/posts\/2086","targetHints":{"allow":["GET"]}}],"collection":[{"href":"https:\/\/wp.kristdemokraterna.se\/varnamo\/wp-json\/wp\/v2\/posts"}],"about":[{"href":"https:\/\/wp.kristdemokraterna.se\/varnamo\/wp-json\/wp\/v2\/types\/post"}],"author":[{"embeddable":true,"href":"https:\/\/wp.kristdemokraterna.se\/varnamo\/wp-json\/wp\/v2\/users\/412"}],"replies":[{"embeddable":true,"href":"https:\/\/wp.kristdemokraterna.se\/varnamo\/wp-json\/wp\/v2\/comments?post=2086"}],"version-history":[{"count":8,"href":"https:\/\/wp.kristdemokraterna.se\/varnamo\/wp-json\/wp\/v2\/posts\/2086\/revisions"}],"predecessor-version":[{"id":6939,"href":"https:\/\/wp.kristdemokraterna.se\/varnamo\/wp-json\/wp\/v2\/posts\/2086\/revisions\/6939"}],"wp:featuredmedia":[{"embeddable":true,"href":"https:\/\/wp.kristdemokraterna.se\/varnamo\/wp-json\/wp\/v2\/media\/4168"}],"wp:attachment":[{"href":"https:\/\/wp.kristdemokraterna.se\/varnamo\/wp-json\/wp\/v2\/media?parent=2086"}],"wp:term":[{"taxonomy":"category","embeddable":true,"href":"https:\/\/wp.kristdemokraterna.se\/varnamo\/wp-json\/wp\/v2\/categories?post=2086"},{"taxonomy":"post_tag","embeddable":true,"href":"https:\/\/wp.kristdemokraterna.se\/varnamo\/wp-json\/wp\/v2\/tags?post=2086"}],"curies":[{"name":"wp","href":"https:\/\/api.w.org\/{rel}","templated":true}]}}