{"id":2087,"date":"2004-02-26T21:38:00","date_gmt":"2004-02-26T20:38:00","guid":{"rendered":"http:\/\/localhost:4901\/?p=2087"},"modified":"2015-07-15T12:24:58","modified_gmt":"2015-07-15T10:24:58","slug":"motion-om-att-det-ar-dags-for-naturgas-for-miljons-och-foretagens-skull","status":"publish","type":"post","link":"https:\/\/wp.kristdemokraterna.se\/varnamo\/2004\/02\/26\/motion-om-att-det-ar-dags-for-naturgas-for-miljons-och-foretagens-skull\/","title":{"rendered":"Motion om att det \u00e4r dags f\u00f6r naturgas \u2013 f\u00f6r milj\u00f6ns och f\u00f6retagens skull"},"content":{"rendered":"<p>Vid V\u00e4rnamo kommunfullm\u00e4ktiges sammantr\u00e4de <strong>2004-02-26<\/strong>,\u00a0l\u00e4mnade Kristdemokraterna i V\u00e4rnamo kommunfullm\u00e4ktige in\u00a0f\u00f6ljande motion (inkommen till kommunstyrelsen 2004-02-13):<\/p>\n<p><!--more--><\/p>\n<hr \/>\n<p style=\"text-align: right\">V\u00e4rnamo, 1 februari 2004<\/p>\n<p>Motion till V\u00e4rnamo kommunfullm\u00e4ktige 2004-02-26<\/p>\n<h1>Dags f\u00f6r naturgas \u2013 f\u00f6r milj\u00f6ns och f\u00f6retagens\u00a0skull<\/h1>\n<p>V\u00e4rnamo kommunfullm\u00e4ktige har vid ett antal tillf\u00e4llen st\u00e4llts\u00a0inf\u00f6r fr\u00e5gan om en etablering av infrastruktur f\u00f6r naturgas\u00a0inom kommunens geografiska gr\u00e4nser. Hittills har kommunfullm\u00e4ktige\u00a0avslagit fr\u00e5gan.<\/p>\n<p>Det \u00e4r viktigt att konstatera att det inte finns n\u00e5got motsatsf\u00f6rh\u00e5llande\u00a0mellan naturgas och biobr\u00e4nsle. B\u00e5da energislagen beh\u00f6vs och\u00a0kompletterar varandra i det totala energiutbudet, och kan med f\u00f6rdel\u00a0anv\u00e4ndas tillsammans i kraft- och fj\u00e4rrv\u00e4rmeverk. Vid de flesta\u00a0industriella processer kan biobr\u00e4nsle inte ers\u00e4tta olja eller kol.\u00a0Idag anv\u00e4nds naturgasen huvudsakligen som ers\u00e4ttning f\u00f6r olja\u00a0i industrier och bost\u00e4der, och ist\u00e4llet f\u00f6r kol i kraftv\u00e4rmeproduktion.\u00a0I samband med transporter ers\u00e4tter naturgasen bensin och diesel.<\/p>\n<p>F\u00f6r att m\u00f6jligg\u00f6ra \u00f6verg\u00e5ngen till ett uth\u00e5lligt\u00a0energisystem d\u00e4r f\u00f6rnybara br\u00e4nslen \u00e4r huvudkomponenten\u00a0i energitillf\u00f6rseln kr\u00e4vs en \u00f6verbryggningspolitik d\u00e4r\u00a0man kan fasa ut den stora m\u00e4ngd kol och olja som fortfarande anv\u00e4nds\u00a0inom bostads-, industri- och transportsektorn. D\u00e4rf\u00f6r b\u00f6r vi\u00a0betrakta naturgasen som en brygga till ett framtida, h\u00e5llbart energisystem\u00a0och som ett tekniksteg som underl\u00e4ttar \u00f6kad anv\u00e4ndning av biogas\u00a0och framtida anv\u00e4ndning av v\u00e4tgas och br\u00e4nsleceller.<\/p>\n<p>Den infrastruktur som kr\u00e4vs f\u00f6r naturgas\u00f6verf\u00f6ring g\u00e5r\u00a0\u00e4ven att anv\u00e4nda till att transportera biogas med, vilket inneb\u00e4r\u00a0att en utbyggnad nu ger oss tid att etablera en m\u00e5ngfald anl\u00e4ggningar\u00a0f\u00f6r lokal biogasproduktion. Nu n\u00e4r V\u00e4rnamo blir till ett center\u00a0f\u00f6r europeisk biogasforskning i Europa skulle det underl\u00e4tta f\u00f6r\u00a0flera av forskningsprojekten att ha tillg\u00e5ng till naturgas. Dessutom\u00a0finns det ett antal f\u00f6retag i v\u00e5r kommun som efterfr\u00e5gar,\u00a0och skulle vara betj\u00e4nta av att ha tillg\u00e5ng till, naturgas i sina\u00a0processer.<\/p>\n<p>V\u00e4rnamo ska vara en m\u00f6jligheternas kommun, en kommun d\u00e4r det\u00a0\u00e4r m\u00f6jligt att anv\u00e4nda en m\u00e5ngfald uth\u00e5lliga energislag.\u00a0Vidare ska vi v\u00e4rna om v\u00e5ra lokala f\u00f6retag och deras m\u00f6jligheter\u00a0att konkurrera p\u00e5 lika villkor med f\u00f6retag i andra kommuner. Det\u00a0\u00e4r i detta perspektiv vi ska betrakta en naturgasutbyggnad i v\u00e5r\u00a0kommun.<\/p>\n<p>H\u00e4rmed f\u00f6resl\u00e5r vi V\u00e4rnamo kommunfullm\u00e4ktige<\/p>\n<table>\n<tbody>\n<tr>\n<td width=\"10%\"><em>att<\/em><\/td>\n<td>ompr\u00f6va tidigare st\u00e4llningstaganden ang\u00e5ende\u00a0infrastruktur f\u00f6r naturgas i V\u00e4rnamo kommun.<\/td>\n<\/tr>\n<\/tbody>\n<\/table>\n<p style=\"text-align: right\"><em>Christer\u00a0Fjordevik, Gunnar Crona<\/em><br \/>\nKristdemokraterna i V\u00e4rnamo kommunfullm\u00e4ktige<\/p>\n\n\t\t<style type=\"text\/css\">\n\t\t\t#gallery-1 {\n\t\t\t\tmargin: auto;\n\t\t\t}\n\t\t\t#gallery-1 .gallery-item {\n\t\t\t\tfloat: left;\n\t\t\t\tmargin-top: 10px;\n\t\t\t\ttext-align: center;\n\t\t\t\twidth: 33%;\n\t\t\t}\n\t\t\t#gallery-1 img {\n\t\t\t\tborder: 2px solid #cfcfcf;\n\t\t\t}\n\t\t\t#gallery-1 .gallery-caption {\n\t\t\t\tmargin-left: 0;\n\t\t\t}\n\t\t\t\/* see gallery_shortcode() in wp-includes\/media.php *\/\n\t\t<\/style>\n\t\t<div id='gallery-1' class='gallery galleryid-2087 gallery-columns-3 gallery-size-thumbnail'><dl class='gallery-item'>\n\t\t\t<dt class='gallery-icon landscape'>\n\t\t\t\t<a href='https:\/\/wp.kristdemokraterna.se\/varnamo\/2013\/11\/05\/christer-gunnar-och-camilla-om-medlemmarna-sjalva-far-valja\/gunnar_crona\/'><img loading=\"lazy\" decoding=\"async\" width=\"150\" height=\"150\" src=\"https:\/\/wp.kristdemokraterna.se\/varnamo\/files\/2013\/11\/gunnar_crona-150x150.jpg\" class=\"attachment-thumbnail size-thumbnail\" alt=\"Gunnar Crona, Kristdemokraterna V\u00e4rnamo. (Foto: Fotograf M\u00e4ster Olof)\" aria-describedby=\"gallery-1-3257\" srcset=\"https:\/\/wp.kristdemokraterna.se\/varnamo\/files\/2013\/11\/gunnar_crona-150x150.jpg 150w, https:\/\/wp.kristdemokraterna.se\/varnamo\/files\/2013\/11\/gunnar_crona-112x112.jpg 112w, https:\/\/wp.kristdemokraterna.se\/varnamo\/files\/2013\/11\/gunnar_crona.jpg 300w\" sizes=\"auto, (max-width: 150px) 100vw, 150px\" \/><\/a>\n\t\t\t<\/dt>\n\t\t\t\t<dd class='wp-caption-text gallery-caption' id='gallery-1-3257'>\n\t\t\t\tGunnar Crona, Kristdemokraterna V\u00e4rnamo. (Foto: Fotograf M\u00e4ster Olof)\n\t\t\t\t<\/dd><\/dl><dl class='gallery-item'>\n\t\t\t<dt class='gallery-icon landscape'>\n\t\t\t\t<a href='https:\/\/wp.kristdemokraterna.se\/varnamo\/2002\/03\/11\/christer-anita-och-leif-kristdemokraternas-toppnamn-2002\/christer-fjordevik-2\/'><img loading=\"lazy\" decoding=\"async\" width=\"150\" height=\"150\" src=\"https:\/\/wp.kristdemokraterna.se\/varnamo\/files\/2002\/03\/christer_fjordevik-150x150.jpg\" class=\"attachment-thumbnail size-thumbnail\" alt=\"Christer Fjordevik, Kristdemokraterna V\u00e4rnamo (Foto: Fotograf M\u00e4ster Olof)\" aria-describedby=\"gallery-1-3803\" srcset=\"https:\/\/wp.kristdemokraterna.se\/varnamo\/files\/2002\/03\/christer_fjordevik-150x150.jpg 150w, https:\/\/wp.kristdemokraterna.se\/varnamo\/files\/2002\/03\/christer_fjordevik-112x112.jpg 112w, https:\/\/wp.kristdemokraterna.se\/varnamo\/files\/2002\/03\/christer_fjordevik.jpg 300w\" sizes=\"auto, (max-width: 150px) 100vw, 150px\" \/><\/a>\n\t\t\t<\/dt>\n\t\t\t\t<dd class='wp-caption-text gallery-caption' id='gallery-1-3803'>\n\t\t\t\tChrister Fjordevik, Kristdemokraterna V\u00e4rnamo (Foto: Fotograf M\u00e4ster Olof)\n\t\t\t\t<\/dd><\/dl>\n\t\t\t<br style='clear: both' \/>\n\t\t<\/div>\n\n","protected":false},"excerpt":{"rendered":"<p>Vid V\u00e4rnamo kommunfullm\u00e4ktiges sammantr\u00e4de 2004-02-26,\u00a0l\u00e4mnade Kristdemokraterna i V\u00e4rnamo kommunfullm\u00e4ktige in\u00a0f\u00f6ljande motion (inkommen till kommunstyrelsen 2004-02-13):<\/p>\n","protected":false},"author":412,"featured_media":3803,"comment_status":"closed","ping_status":"closed","sticky":false,"template":"","format":"standard","meta":{"_acf_changed":false,"footnotes":""},"categories":[13],"tags":[129,24,339,285,25,106,48,39,97,249],"class_list":["post-2087","post","type-post","status-publish","format-standard","hentry","category-motioner","tag-bostader","tag-christer-fjordevik","tag-fjarrvarme","tag-foretag","tag-gunnar-crona","tag-infrastruktur","tag-kommunfullmaktige","tag-miljo","tag-motion","tag-naturgas"],"acf":[],"yoast_head":"<!-- This site is optimized with the Yoast SEO plugin v27.4 - https:\/\/yoast.com\/product\/yoast-seo-wordpress\/ -->\n<title>Motion om att det \u00e4r dags f\u00f6r naturgas \u2013 f\u00f6r milj\u00f6ns och f\u00f6retagens skull - KRISTDEMOKRATERNA V\u00c4RNAMO<\/title>\n<meta name=\"robots\" content=\"index, follow, max-snippet:-1, max-image-preview:large, max-video-preview:-1\" \/>\n<link rel=\"canonical\" href=\"https:\/\/wp.kristdemokraterna.se\/varnamo\/2004\/02\/26\/motion-om-att-det-ar-dags-for-naturgas-for-miljons-och-foretagens-skull\/\" \/>\n<meta property=\"og:locale\" content=\"sv_SE\" \/>\n<meta property=\"og:type\" content=\"article\" \/>\n<meta property=\"og:title\" content=\"Motion om att det \u00e4r dags f\u00f6r naturgas \u2013 f\u00f6r milj\u00f6ns och f\u00f6retagens skull - KRISTDEMOKRATERNA V\u00c4RNAMO\" \/>\n<meta property=\"og:description\" content=\"Vid V\u00e4rnamo kommunfullm\u00e4ktiges sammantr\u00e4de 2004-02-26,\u00a0l\u00e4mnade Kristdemokraterna i V\u00e4rnamo kommunfullm\u00e4ktige in\u00a0f\u00f6ljande motion (inkommen till kommunstyrelsen 2004-02-13):\" \/>\n<meta property=\"og:url\" content=\"https:\/\/wp.kristdemokraterna.se\/varnamo\/2004\/02\/26\/motion-om-att-det-ar-dags-for-naturgas-for-miljons-och-foretagens-skull\/\" \/>\n<meta property=\"og:site_name\" content=\"KRISTDEMOKRATERNA V\u00c4RNAMO\" \/>\n<meta property=\"article:publisher\" content=\"https:\/\/www.facebook.com\/KDVarnamo\/\" \/>\n<meta property=\"article:published_time\" content=\"2004-02-26T20:38:00+00:00\" \/>\n<meta property=\"article:modified_time\" content=\"2015-07-15T10:24:58+00:00\" \/>\n<meta property=\"og:image\" content=\"https:\/\/wp.kristdemokraterna.se\/varnamo\/files\/2002\/03\/christer_fjordevik.jpg\" \/>\n\t<meta property=\"og:image:width\" content=\"300\" \/>\n\t<meta property=\"og:image:height\" content=\"300\" \/>\n\t<meta property=\"og:image:type\" content=\"image\/jpeg\" \/>\n<meta name=\"author\" content=\"Kristdemokraterna V\u00e4rnamo\" \/>\n<meta name=\"twitter:card\" content=\"summary_large_image\" \/>\n<meta name=\"twitter:creator\" content=\"@KDVarnamo\" \/>\n<meta name=\"twitter:site\" content=\"@KDVarnamo\" \/>\n<meta name=\"twitter:label1\" content=\"Skriven av\" \/>\n\t<meta name=\"twitter:data1\" content=\"Kristdemokraterna V\u00e4rnamo\" \/>\n\t<meta name=\"twitter:label2\" content=\"Ber\u00e4knad l\u00e4stid\" \/>\n\t<meta name=\"twitter:data2\" content=\"2 minuter\" \/>\n<script type=\"application\/ld+json\" class=\"yoast-schema-graph\">{\"@context\":\"https:\\\/\\\/schema.org\",\"@graph\":[{\"@type\":\"Article\",\"@id\":\"https:\\\/\\\/wp.kristdemokraterna.se\\\/varnamo\\\/2004\\\/02\\\/26\\\/motion-om-att-det-ar-dags-for-naturgas-for-miljons-och-foretagens-skull\\\/#article\",\"isPartOf\":{\"@id\":\"https:\\\/\\\/wp.kristdemokraterna.se\\\/varnamo\\\/2004\\\/02\\\/26\\\/motion-om-att-det-ar-dags-for-naturgas-for-miljons-och-foretagens-skull\\\/\"},\"author\":{\"name\":\"Kristdemokraterna V\u00e4rnamo\",\"@id\":\"https:\\\/\\\/wp.kristdemokraterna.se\\\/varnamo\\\/#\\\/schema\\\/person\\\/4e339ab04d613699e4dfe80a994e01d4\"},\"headline\":\"Motion om att det \u00e4r dags f\u00f6r naturgas \u2013 f\u00f6r milj\u00f6ns och f\u00f6retagens skull\",\"datePublished\":\"2004-02-26T20:38:00+00:00\",\"dateModified\":\"2015-07-15T10:24:58+00:00\",\"mainEntityOfPage\":{\"@id\":\"https:\\\/\\\/wp.kristdemokraterna.se\\\/varnamo\\\/2004\\\/02\\\/26\\\/motion-om-att-det-ar-dags-for-naturgas-for-miljons-och-foretagens-skull\\\/\"},\"wordCount\":493,\"publisher\":{\"@id\":\"https:\\\/\\\/wp.kristdemokraterna.se\\\/varnamo\\\/#organization\"},\"image\":{\"@id\":\"https:\\\/\\\/wp.kristdemokraterna.se\\\/varnamo\\\/2004\\\/02\\\/26\\\/motion-om-att-det-ar-dags-for-naturgas-for-miljons-och-foretagens-skull\\\/#primaryimage\"},\"thumbnailUrl\":\"https:\\\/\\\/wp.kristdemokraterna.se\\\/varnamo\\\/files\\\/2002\\\/03\\\/christer_fjordevik.jpg\",\"keywords\":[\"bost\u00e4der\",\"Christer Fjordevik\",\"fj\u00e4rrv\u00e4rme\",\"f\u00f6retag\",\"Gunnar Crona\",\"infrastruktur\",\"kommunfullm\u00e4ktige\",\"milj\u00f6\",\"motion\",\"naturgas\"],\"articleSection\":[\"Motioner\"],\"inLanguage\":\"sv-SE\"},{\"@type\":\"WebPage\",\"@id\":\"https:\\\/\\\/wp.kristdemokraterna.se\\\/varnamo\\\/2004\\\/02\\\/26\\\/motion-om-att-det-ar-dags-for-naturgas-for-miljons-och-foretagens-skull\\\/\",\"url\":\"https:\\\/\\\/wp.kristdemokraterna.se\\\/varnamo\\\/2004\\\/02\\\/26\\\/motion-om-att-det-ar-dags-for-naturgas-for-miljons-och-foretagens-skull\\\/\",\"name\":\"Motion om att det \u00e4r dags f\u00f6r naturgas \u2013 f\u00f6r milj\u00f6ns och f\u00f6retagens skull - KRISTDEMOKRATERNA V\u00c4RNAMO\",\"isPartOf\":{\"@id\":\"https:\\\/\\\/wp.kristdemokraterna.se\\\/varnamo\\\/#website\"},\"primaryImageOfPage\":{\"@id\":\"https:\\\/\\\/wp.kristdemokraterna.se\\\/varnamo\\\/2004\\\/02\\\/26\\\/motion-om-att-det-ar-dags-for-naturgas-for-miljons-och-foretagens-skull\\\/#primaryimage\"},\"image\":{\"@id\":\"https:\\\/\\\/wp.kristdemokraterna.se\\\/varnamo\\\/2004\\\/02\\\/26\\\/motion-om-att-det-ar-dags-for-naturgas-for-miljons-och-foretagens-skull\\\/#primaryimage\"},\"thumbnailUrl\":\"https:\\\/\\\/wp.kristdemokraterna.se\\\/varnamo\\\/files\\\/2002\\\/03\\\/christer_fjordevik.jpg\",\"datePublished\":\"2004-02-26T20:38:00+00:00\",\"dateModified\":\"2015-07-15T10:24:58+00:00\",\"breadcrumb\":{\"@id\":\"https:\\\/\\\/wp.kristdemokraterna.se\\\/varnamo\\\/2004\\\/02\\\/26\\\/motion-om-att-det-ar-dags-for-naturgas-for-miljons-och-foretagens-skull\\\/#breadcrumb\"},\"inLanguage\":\"sv-SE\",\"potentialAction\":[{\"@type\":\"ReadAction\",\"target\":[\"https:\\\/\\\/wp.kristdemokraterna.se\\\/varnamo\\\/2004\\\/02\\\/26\\\/motion-om-att-det-ar-dags-for-naturgas-for-miljons-och-foretagens-skull\\\/\"]}]},{\"@type\":\"ImageObject\",\"inLanguage\":\"sv-SE\",\"@id\":\"https:\\\/\\\/wp.kristdemokraterna.se\\\/varnamo\\\/2004\\\/02\\\/26\\\/motion-om-att-det-ar-dags-for-naturgas-for-miljons-och-foretagens-skull\\\/#primaryimage\",\"url\":\"https:\\\/\\\/wp.kristdemokraterna.se\\\/varnamo\\\/files\\\/2002\\\/03\\\/christer_fjordevik.jpg\",\"contentUrl\":\"https:\\\/\\\/wp.kristdemokraterna.se\\\/varnamo\\\/files\\\/2002\\\/03\\\/christer_fjordevik.jpg\",\"width\":300,\"height\":300,\"caption\":\"Christer Fjordevik, Kristdemokraterna V\u00e4rnamo (Foto: Fotograf M\u00e4ster Olof)\"},{\"@type\":\"BreadcrumbList\",\"@id\":\"https:\\\/\\\/wp.kristdemokraterna.se\\\/varnamo\\\/2004\\\/02\\\/26\\\/motion-om-att-det-ar-dags-for-naturgas-for-miljons-och-foretagens-skull\\\/#breadcrumb\",\"itemListElement\":[{\"@type\":\"ListItem\",\"position\":1,\"name\":\"Hem\",\"item\":\"https:\\\/\\\/wp.kristdemokraterna.se\\\/varnamo\\\/\"},{\"@type\":\"ListItem\",\"position\":2,\"name\":\"Motion om att det \u00e4r dags f\u00f6r naturgas \u2013 f\u00f6r milj\u00f6ns och f\u00f6retagens skull\"}]},{\"@type\":\"WebSite\",\"@id\":\"https:\\\/\\\/wp.kristdemokraterna.se\\\/varnamo\\\/#website\",\"url\":\"https:\\\/\\\/wp.kristdemokraterna.se\\\/varnamo\\\/\",\"name\":\"KRISTDEMOKRATERNA V\u00c4RNAMO\",\"description\":\"Med hj\u00e4rta f\u00f6r V\u00e4rnamo\",\"publisher\":{\"@id\":\"https:\\\/\\\/wp.kristdemokraterna.se\\\/varnamo\\\/#organization\"},\"inLanguage\":\"sv-SE\"},{\"@type\":\"Organization\",\"@id\":\"https:\\\/\\\/wp.kristdemokraterna.se\\\/varnamo\\\/#organization\",\"name\":\"Kristdemokraterna V\u00e4rnamo\",\"url\":\"https:\\\/\\\/wp.kristdemokraterna.se\\\/varnamo\\\/\",\"logo\":{\"@type\":\"ImageObject\",\"inLanguage\":\"sv-SE\",\"@id\":\"https:\\\/\\\/wp.kristdemokraterna.se\\\/varnamo\\\/#\\\/schema\\\/logo\\\/image\\\/\",\"url\":\"https:\\\/\\\/wp.kristdemokraterna.se\\\/varnamo\\\/files\\\/2022\\\/08\\\/va\u2560ernamo-sida-bla-300dpi.png\",\"contentUrl\":\"https:\\\/\\\/wp.kristdemokraterna.se\\\/varnamo\\\/files\\\/2022\\\/08\\\/va\u2560ernamo-sida-bla-300dpi.png\",\"width\":1485,\"height\":681,\"caption\":\"Kristdemokraterna V\u00e4rnamo\"},\"image\":{\"@id\":\"https:\\\/\\\/wp.kristdemokraterna.se\\\/varnamo\\\/#\\\/schema\\\/logo\\\/image\\\/\"},\"sameAs\":[\"https:\\\/\\\/www.facebook.com\\\/KDVarnamo\\\/\",\"https:\\\/\\\/x.com\\\/KDVarnamo\",\"https:\\\/\\\/www.instagram.com\\\/\",\"https:\\\/\\\/www.youtube.com\\\/user\\\/studiokd\\\/videos\"]},{\"@type\":\"Person\",\"@id\":\"https:\\\/\\\/wp.kristdemokraterna.se\\\/varnamo\\\/#\\\/schema\\\/person\\\/4e339ab04d613699e4dfe80a994e01d4\",\"name\":\"Kristdemokraterna V\u00e4rnamo\",\"image\":{\"@type\":\"ImageObject\",\"inLanguage\":\"sv-SE\",\"@id\":\"https:\\\/\\\/secure.gravatar.com\\\/avatar\\\/c122e48c7723992af51eb155eeaa93db3c1fa324e3fc6ec45dd712c812809b5b?s=96&r=g\",\"url\":\"https:\\\/\\\/secure.gravatar.com\\\/avatar\\\/c122e48c7723992af51eb155eeaa93db3c1fa324e3fc6ec45dd712c812809b5b?s=96&r=g\",\"contentUrl\":\"https:\\\/\\\/secure.gravatar.com\\\/avatar\\\/c122e48c7723992af51eb155eeaa93db3c1fa324e3fc6ec45dd712c812809b5b?s=96&r=g\",\"caption\":\"Kristdemokraterna V\u00e4rnamo\"},\"description\":\"Familjens r\u00f6st\",\"sameAs\":[\"http:\\\/\\\/www.varnamo.kristdemokraterna.se\"],\"url\":\"https:\\\/\\\/wp.kristdemokraterna.se\\\/varnamo\\\/author\\\/varnamo\\\/\"}]}<\/script>\n<!-- \/ Yoast SEO plugin. -->","yoast_head_json":{"title":"Motion om att det \u00e4r dags f\u00f6r naturgas \u2013 f\u00f6r milj\u00f6ns och f\u00f6retagens skull - KRISTDEMOKRATERNA V\u00c4RNAMO","robots":{"index":"index","follow":"follow","max-snippet":"max-snippet:-1","max-image-preview":"max-image-preview:large","max-video-preview":"max-video-preview:-1"},"canonical":"https:\/\/wp.kristdemokraterna.se\/varnamo\/2004\/02\/26\/motion-om-att-det-ar-dags-for-naturgas-for-miljons-och-foretagens-skull\/","og_locale":"sv_SE","og_type":"article","og_title":"Motion om att det \u00e4r dags f\u00f6r naturgas \u2013 f\u00f6r milj\u00f6ns och f\u00f6retagens skull - KRISTDEMOKRATERNA V\u00c4RNAMO","og_description":"Vid V\u00e4rnamo kommunfullm\u00e4ktiges sammantr\u00e4de 2004-02-26,\u00a0l\u00e4mnade Kristdemokraterna i V\u00e4rnamo kommunfullm\u00e4ktige in\u00a0f\u00f6ljande motion (inkommen till kommunstyrelsen 2004-02-13):","og_url":"https:\/\/wp.kristdemokraterna.se\/varnamo\/2004\/02\/26\/motion-om-att-det-ar-dags-for-naturgas-for-miljons-och-foretagens-skull\/","og_site_name":"KRISTDEMOKRATERNA V\u00c4RNAMO","article_publisher":"https:\/\/www.facebook.com\/KDVarnamo\/","article_published_time":"2004-02-26T20:38:00+00:00","article_modified_time":"2015-07-15T10:24:58+00:00","og_image":[{"width":300,"height":300,"url":"https:\/\/wp.kristdemokraterna.se\/varnamo\/files\/2002\/03\/christer_fjordevik.jpg","type":"image\/jpeg"}],"author":"Kristdemokraterna V\u00e4rnamo","twitter_card":"summary_large_image","twitter_creator":"@KDVarnamo","twitter_site":"@KDVarnamo","twitter_misc":{"Skriven av":"Kristdemokraterna V\u00e4rnamo","Ber\u00e4knad l\u00e4stid":"2 minuter"},"schema":{"@context":"https:\/\/schema.org","@graph":[{"@type":"Article","@id":"https:\/\/wp.kristdemokraterna.se\/varnamo\/2004\/02\/26\/motion-om-att-det-ar-dags-for-naturgas-for-miljons-och-foretagens-skull\/#article","isPartOf":{"@id":"https:\/\/wp.kristdemokraterna.se\/varnamo\/2004\/02\/26\/motion-om-att-det-ar-dags-for-naturgas-for-miljons-och-foretagens-skull\/"},"author":{"name":"Kristdemokraterna V\u00e4rnamo","@id":"https:\/\/wp.kristdemokraterna.se\/varnamo\/#\/schema\/person\/4e339ab04d613699e4dfe80a994e01d4"},"headline":"Motion om att det \u00e4r dags f\u00f6r naturgas \u2013 f\u00f6r milj\u00f6ns och f\u00f6retagens skull","datePublished":"2004-02-26T20:38:00+00:00","dateModified":"2015-07-15T10:24:58+00:00","mainEntityOfPage":{"@id":"https:\/\/wp.kristdemokraterna.se\/varnamo\/2004\/02\/26\/motion-om-att-det-ar-dags-for-naturgas-for-miljons-och-foretagens-skull\/"},"wordCount":493,"publisher":{"@id":"https:\/\/wp.kristdemokraterna.se\/varnamo\/#organization"},"image":{"@id":"https:\/\/wp.kristdemokraterna.se\/varnamo\/2004\/02\/26\/motion-om-att-det-ar-dags-for-naturgas-for-miljons-och-foretagens-skull\/#primaryimage"},"thumbnailUrl":"https:\/\/wp.kristdemokraterna.se\/varnamo\/files\/2002\/03\/christer_fjordevik.jpg","keywords":["bost\u00e4der","Christer Fjordevik","fj\u00e4rrv\u00e4rme","f\u00f6retag","Gunnar Crona","infrastruktur","kommunfullm\u00e4ktige","milj\u00f6","motion","naturgas"],"articleSection":["Motioner"],"inLanguage":"sv-SE"},{"@type":"WebPage","@id":"https:\/\/wp.kristdemokraterna.se\/varnamo\/2004\/02\/26\/motion-om-att-det-ar-dags-for-naturgas-for-miljons-och-foretagens-skull\/","url":"https:\/\/wp.kristdemokraterna.se\/varnamo\/2004\/02\/26\/motion-om-att-det-ar-dags-for-naturgas-for-miljons-och-foretagens-skull\/","name":"Motion om att det \u00e4r dags f\u00f6r naturgas \u2013 f\u00f6r milj\u00f6ns och f\u00f6retagens skull - KRISTDEMOKRATERNA V\u00c4RNAMO","isPartOf":{"@id":"https:\/\/wp.kristdemokraterna.se\/varnamo\/#website"},"primaryImageOfPage":{"@id":"https:\/\/wp.kristdemokraterna.se\/varnamo\/2004\/02\/26\/motion-om-att-det-ar-dags-for-naturgas-for-miljons-och-foretagens-skull\/#primaryimage"},"image":{"@id":"https:\/\/wp.kristdemokraterna.se\/varnamo\/2004\/02\/26\/motion-om-att-det-ar-dags-for-naturgas-for-miljons-och-foretagens-skull\/#primaryimage"},"thumbnailUrl":"https:\/\/wp.kristdemokraterna.se\/varnamo\/files\/2002\/03\/christer_fjordevik.jpg","datePublished":"2004-02-26T20:38:00+00:00","dateModified":"2015-07-15T10:24:58+00:00","breadcrumb":{"@id":"https:\/\/wp.kristdemokraterna.se\/varnamo\/2004\/02\/26\/motion-om-att-det-ar-dags-for-naturgas-for-miljons-och-foretagens-skull\/#breadcrumb"},"inLanguage":"sv-SE","potentialAction":[{"@type":"ReadAction","target":["https:\/\/wp.kristdemokraterna.se\/varnamo\/2004\/02\/26\/motion-om-att-det-ar-dags-for-naturgas-for-miljons-och-foretagens-skull\/"]}]},{"@type":"ImageObject","inLanguage":"sv-SE","@id":"https:\/\/wp.kristdemokraterna.se\/varnamo\/2004\/02\/26\/motion-om-att-det-ar-dags-for-naturgas-for-miljons-och-foretagens-skull\/#primaryimage","url":"https:\/\/wp.kristdemokraterna.se\/varnamo\/files\/2002\/03\/christer_fjordevik.jpg","contentUrl":"https:\/\/wp.kristdemokraterna.se\/varnamo\/files\/2002\/03\/christer_fjordevik.jpg","width":300,"height":300,"caption":"Christer Fjordevik, Kristdemokraterna V\u00e4rnamo (Foto: Fotograf M\u00e4ster Olof)"},{"@type":"BreadcrumbList","@id":"https:\/\/wp.kristdemokraterna.se\/varnamo\/2004\/02\/26\/motion-om-att-det-ar-dags-for-naturgas-for-miljons-och-foretagens-skull\/#breadcrumb","itemListElement":[{"@type":"ListItem","position":1,"name":"Hem","item":"https:\/\/wp.kristdemokraterna.se\/varnamo\/"},{"@type":"ListItem","position":2,"name":"Motion om att det \u00e4r dags f\u00f6r naturgas \u2013 f\u00f6r milj\u00f6ns och f\u00f6retagens skull"}]},{"@type":"WebSite","@id":"https:\/\/wp.kristdemokraterna.se\/varnamo\/#website","url":"https:\/\/wp.kristdemokraterna.se\/varnamo\/","name":"KRISTDEMOKRATERNA V\u00c4RNAMO","description":"Med hj\u00e4rta f\u00f6r V\u00e4rnamo","publisher":{"@id":"https:\/\/wp.kristdemokraterna.se\/varnamo\/#organization"},"inLanguage":"sv-SE"},{"@type":"Organization","@id":"https:\/\/wp.kristdemokraterna.se\/varnamo\/#organization","name":"Kristdemokraterna V\u00e4rnamo","url":"https:\/\/wp.kristdemokraterna.se\/varnamo\/","logo":{"@type":"ImageObject","inLanguage":"sv-SE","@id":"https:\/\/wp.kristdemokraterna.se\/varnamo\/#\/schema\/logo\/image\/","url":"https:\/\/wp.kristdemokraterna.se\/varnamo\/files\/2022\/08\/va\u2560ernamo-sida-bla-300dpi.png","contentUrl":"https:\/\/wp.kristdemokraterna.se\/varnamo\/files\/2022\/08\/va\u2560ernamo-sida-bla-300dpi.png","width":1485,"height":681,"caption":"Kristdemokraterna V\u00e4rnamo"},"image":{"@id":"https:\/\/wp.kristdemokraterna.se\/varnamo\/#\/schema\/logo\/image\/"},"sameAs":["https:\/\/www.facebook.com\/KDVarnamo\/","https:\/\/x.com\/KDVarnamo","https:\/\/www.instagram.com\/","https:\/\/www.youtube.com\/user\/studiokd\/videos"]},{"@type":"Person","@id":"https:\/\/wp.kristdemokraterna.se\/varnamo\/#\/schema\/person\/4e339ab04d613699e4dfe80a994e01d4","name":"Kristdemokraterna V\u00e4rnamo","image":{"@type":"ImageObject","inLanguage":"sv-SE","@id":"https:\/\/secure.gravatar.com\/avatar\/c122e48c7723992af51eb155eeaa93db3c1fa324e3fc6ec45dd712c812809b5b?s=96&r=g","url":"https:\/\/secure.gravatar.com\/avatar\/c122e48c7723992af51eb155eeaa93db3c1fa324e3fc6ec45dd712c812809b5b?s=96&r=g","contentUrl":"https:\/\/secure.gravatar.com\/avatar\/c122e48c7723992af51eb155eeaa93db3c1fa324e3fc6ec45dd712c812809b5b?s=96&r=g","caption":"Kristdemokraterna V\u00e4rnamo"},"description":"Familjens r\u00f6st","sameAs":["http:\/\/www.varnamo.kristdemokraterna.se"],"url":"https:\/\/wp.kristdemokraterna.se\/varnamo\/author\/varnamo\/"}]}},"_links":{"self":[{"href":"https:\/\/wp.kristdemokraterna.se\/varnamo\/wp-json\/wp\/v2\/posts\/2087","targetHints":{"allow":["GET"]}}],"collection":[{"href":"https:\/\/wp.kristdemokraterna.se\/varnamo\/wp-json\/wp\/v2\/posts"}],"about":[{"href":"https:\/\/wp.kristdemokraterna.se\/varnamo\/wp-json\/wp\/v2\/types\/post"}],"author":[{"embeddable":true,"href":"https:\/\/wp.kristdemokraterna.se\/varnamo\/wp-json\/wp\/v2\/users\/412"}],"replies":[{"embeddable":true,"href":"https:\/\/wp.kristdemokraterna.se\/varnamo\/wp-json\/wp\/v2\/comments?post=2087"}],"version-history":[{"count":10,"href":"https:\/\/wp.kristdemokraterna.se\/varnamo\/wp-json\/wp\/v2\/posts\/2087\/revisions"}],"predecessor-version":[{"id":6938,"href":"https:\/\/wp.kristdemokraterna.se\/varnamo\/wp-json\/wp\/v2\/posts\/2087\/revisions\/6938"}],"wp:featuredmedia":[{"embeddable":true,"href":"https:\/\/wp.kristdemokraterna.se\/varnamo\/wp-json\/wp\/v2\/media\/3803"}],"wp:attachment":[{"href":"https:\/\/wp.kristdemokraterna.se\/varnamo\/wp-json\/wp\/v2\/media?parent=2087"}],"wp:term":[{"taxonomy":"category","embeddable":true,"href":"https:\/\/wp.kristdemokraterna.se\/varnamo\/wp-json\/wp\/v2\/categories?post=2087"},{"taxonomy":"post_tag","embeddable":true,"href":"https:\/\/wp.kristdemokraterna.se\/varnamo\/wp-json\/wp\/v2\/tags?post=2087"}],"curies":[{"name":"wp","href":"https:\/\/api.w.org\/{rel}","templated":true}]}}