{"id":2090,"date":"2006-08-31T21:38:00","date_gmt":"2006-08-31T19:38:00","guid":{"rendered":"http:\/\/localhost:4901\/?p=2090"},"modified":"2015-07-15T12:18:12","modified_gmt":"2015-07-15T10:18:12","slug":"motion-om-att-arrangera-klimatkonferens-i-varnamo-2007","status":"publish","type":"post","link":"https:\/\/wp.kristdemokraterna.se\/varnamo\/2006\/08\/31\/motion-om-att-arrangera-klimatkonferens-i-varnamo-2007\/","title":{"rendered":"Motion om att arrangera klimatkonferens i V\u00e4rnamo 2007!"},"content":{"rendered":"<p>Vid V\u00e4rnamo kommunfullm\u00e4ktiges sammantr\u00e4de <strong>2006-08-31<\/strong>,\u00a0l\u00e4mnade Christer Fjordevik in\u00a0f\u00f6ljande motion:<\/p>\n<p><!--more--><\/p>\n<hr \/>\n<p>Motion till V\u00e4rnamo kommunfullm\u00e4ktige 2006-08-31<\/p>\n<h1>Arrangera klimatkonferens i V\u00e4rnamo 2007!<\/h1>\n<p>V\u00e4rnamo \u00e4r en av de kommuner i landet som under de senaste tre \u00e5ren f\u00e5tt uppleva extrema v\u00e4dersituationer. Sommaren 2004 hade vi \u00f6versv\u00e4mning och i januari 2005 svepte stormen Gudrun \u00f6ver v\u00e5ra bygder och v\u00e5llade enorm f\u00f6r\u00f6delse samtidigt som vi haft en fantastisk vinter och sommar 2006. Klimatforskare v\u00e4rlden \u00f6ver \u00e4r t\u00e4mligen \u00f6verens om att vi g\u00e5r mot en temperaturh\u00f6jning p\u00e5 jordklotet. Den kommer att p\u00e5verka v\u00e5rt v\u00e4der, v\u00e5r flora och fauna, men ocks\u00e5 f\u00e5 konsekvenser p\u00e5 m\u00e5nga andra omr\u00e5den.<\/p>\n<p>Att det \u00e4r utsl\u00e4pp av v\u00e4xthusgaser, fr\u00e4mst koldioxid, som \u00e4r en del av boven i dramat \u00e4r v\u00e4l k\u00e4nt. Sveriges riksdag har d\u00e4rf\u00f6r satt upp b\u00e5de kortsiktiga och l\u00e5ngsiktiga m\u00e5l f\u00f6r hur utsl\u00e4ppen ska kunna minskas. P\u00e5 Naturv\u00e5rdsverkets hemsida (<a href=\"http:\/\/www.naturvardsverket.se\/\">www.naturvardsverket.se<\/a>) kan man l\u00e4sa om klimatm\u00e5len och om hur Sverige p\u00e5verkas av <em>Klimat i f\u00f6r\u00e4ndring<\/em> enligt de ber\u00e4kningsmodeller man anv\u00e4nder i forskningsprogrammet vid Rossby Centre p\u00e5 SMHI i Norrk\u00f6ping. De omr\u00e5den som n\u00e4mns \u00e4r:<\/p>\n<ul>\n<li>Vattenf\u00f6rs\u00f6rjning och vattenkvalit\u00e9<\/li>\n<li>Biologisk m\u00e5ngfald och effekter i fj\u00e4llen<\/li>\n<li>Energiproduktion och energif\u00f6rbrukning<\/li>\n<li>F\u00f6rs\u00e4kring och finans<\/li>\n<li>Fysisk planering och bebyggelse<\/li>\n<li>Jordbruk, renn\u00e4ring och fiske<\/li>\n<li>Skogsbruket<\/li>\n<li>H\u00e4lsa<\/li>\n<li>Teknisk infrastruktur<\/li>\n<\/ul>\n<p>Klimatf\u00f6r\u00e4ndringar har skett tidigare i historien och \u00e4r inget nytt. Det nya \u00e4r d\u00e4remot att vi idag har helt andra m\u00f6jligheter att f\u00f6rutse och d\u00e4rmed f\u00f6rbereda oss f\u00f6r att m\u00f6ta det som sker. En klimatf\u00f6r\u00e4ndring har b\u00e5de positiva och negativa konsekvenser. Syftet med klimatkonferensen \u00e4r att lyfta fram b\u00e5de hot och m\u00f6jligheter f\u00f6r oss som bor och lever i s\u00f6dra Sverige som en del i en omv\u00e4rldsanalys f\u00f6r V\u00e4rnamo kommun.<\/p>\n<p>En klimatkonferens borde r\u00f6na intresse ocks\u00e5 utanf\u00f6r kommunorganisationen. D\u00e4rf\u00f6r b\u00f6r representanter f\u00f6r organisationer vars verksamheter p\u00e5verkas av en klimatf\u00f6r\u00e4ndring inbjudas. F\u00f6r att konferensen ska ges extra tyngd skulle den kanske kunna arrangeras tillsammans med Sveriges Ekokommuner och dess samarbetspartner.<\/p>\n<p>Jag f\u00f6resl\u00e5r<\/p>\n<table>\n<tbody>\n<tr>\n<td width=\"10%\"><em>att<\/em><\/td>\n<td>V\u00e4rnamo kommun tar initiativ till att arrangera en regional klimatkonferens under 2007 som ett led i en omv\u00e4rldsanalys f\u00f6r strategisk planering inf\u00f6r framtiden.<\/td>\n<\/tr>\n<\/tbody>\n<\/table>\n<p>V\u00e4rnamo dag som ovan<\/p>\n<p>F\u00f6r kristdemokraterna i V\u00e4rnamo kommunfullm\u00e4ktige<\/p>\n<p style=\"text-align: right\"><em>Christer Fjordevik<\/em><\/p>\n","protected":false},"excerpt":{"rendered":"<p>Vid V\u00e4rnamo kommunfullm\u00e4ktiges sammantr\u00e4de 2006-08-31,\u00a0l\u00e4mnade Christer Fjordevik in\u00a0f\u00f6ljande motion:<\/p>\n","protected":false},"author":412,"featured_media":3256,"comment_status":"closed","ping_status":"closed","sticky":false,"template":"","format":"standard","meta":{"_acf_changed":false,"footnotes":""},"categories":[13],"tags":[175,24,412,131,42,106,258,48,39,97,275],"class_list":["post-2090","post","type-post","status-publish","format-standard","hentry","category-motioner","tag-byggande","tag-christer-fjordevik","tag-ekokommun","tag-energi","tag-halsa","tag-infrastruktur","tag-klimat","tag-kommunfullmaktige","tag-miljo","tag-motion","tag-utslapp"],"acf":[],"yoast_head":"<!-- This site is optimized with the Yoast SEO plugin v27.4 - https:\/\/yoast.com\/product\/yoast-seo-wordpress\/ -->\n<title>Motion om att arrangera klimatkonferens i V\u00e4rnamo 2007! - KRISTDEMOKRATERNA V\u00c4RNAMO<\/title>\n<meta name=\"robots\" content=\"index, follow, max-snippet:-1, max-image-preview:large, max-video-preview:-1\" \/>\n<link rel=\"canonical\" href=\"https:\/\/wp.kristdemokraterna.se\/varnamo\/2006\/08\/31\/motion-om-att-arrangera-klimatkonferens-i-varnamo-2007\/\" \/>\n<meta property=\"og:locale\" content=\"sv_SE\" \/>\n<meta property=\"og:type\" content=\"article\" \/>\n<meta property=\"og:title\" content=\"Motion om att arrangera klimatkonferens i V\u00e4rnamo 2007! - KRISTDEMOKRATERNA V\u00c4RNAMO\" \/>\n<meta property=\"og:description\" content=\"Vid V\u00e4rnamo kommunfullm\u00e4ktiges sammantr\u00e4de 2006-08-31,\u00a0l\u00e4mnade Christer Fjordevik in\u00a0f\u00f6ljande motion:\" \/>\n<meta property=\"og:url\" content=\"https:\/\/wp.kristdemokraterna.se\/varnamo\/2006\/08\/31\/motion-om-att-arrangera-klimatkonferens-i-varnamo-2007\/\" \/>\n<meta property=\"og:site_name\" content=\"KRISTDEMOKRATERNA V\u00c4RNAMO\" \/>\n<meta property=\"article:publisher\" content=\"https:\/\/www.facebook.com\/KDVarnamo\/\" \/>\n<meta property=\"article:published_time\" content=\"2006-08-31T19:38:00+00:00\" \/>\n<meta property=\"article:modified_time\" content=\"2015-07-15T10:18:12+00:00\" \/>\n<meta property=\"og:image\" content=\"https:\/\/wp.kristdemokraterna.se\/varnamo\/files\/2013\/11\/christer_fjordevik.jpg\" \/>\n\t<meta property=\"og:image:width\" content=\"300\" \/>\n\t<meta property=\"og:image:height\" content=\"300\" \/>\n\t<meta property=\"og:image:type\" content=\"image\/jpeg\" \/>\n<meta name=\"author\" content=\"Kristdemokraterna V\u00e4rnamo\" \/>\n<meta name=\"twitter:card\" content=\"summary_large_image\" \/>\n<meta name=\"twitter:creator\" content=\"@KDVarnamo\" \/>\n<meta name=\"twitter:site\" content=\"@KDVarnamo\" \/>\n<meta name=\"twitter:label1\" content=\"Skriven av\" \/>\n\t<meta name=\"twitter:data1\" content=\"Kristdemokraterna V\u00e4rnamo\" \/>\n\t<meta name=\"twitter:label2\" content=\"Ber\u00e4knad l\u00e4stid\" \/>\n\t<meta name=\"twitter:data2\" content=\"2 minuter\" \/>\n<script type=\"application\/ld+json\" class=\"yoast-schema-graph\">{\"@context\":\"https:\\\/\\\/schema.org\",\"@graph\":[{\"@type\":\"Article\",\"@id\":\"https:\\\/\\\/wp.kristdemokraterna.se\\\/varnamo\\\/2006\\\/08\\\/31\\\/motion-om-att-arrangera-klimatkonferens-i-varnamo-2007\\\/#article\",\"isPartOf\":{\"@id\":\"https:\\\/\\\/wp.kristdemokraterna.se\\\/varnamo\\\/2006\\\/08\\\/31\\\/motion-om-att-arrangera-klimatkonferens-i-varnamo-2007\\\/\"},\"author\":{\"name\":\"Kristdemokraterna V\u00e4rnamo\",\"@id\":\"https:\\\/\\\/wp.kristdemokraterna.se\\\/varnamo\\\/#\\\/schema\\\/person\\\/4e339ab04d613699e4dfe80a994e01d4\"},\"headline\":\"Motion om att arrangera klimatkonferens i V\u00e4rnamo 2007!\",\"datePublished\":\"2006-08-31T19:38:00+00:00\",\"dateModified\":\"2015-07-15T10:18:12+00:00\",\"mainEntityOfPage\":{\"@id\":\"https:\\\/\\\/wp.kristdemokraterna.se\\\/varnamo\\\/2006\\\/08\\\/31\\\/motion-om-att-arrangera-klimatkonferens-i-varnamo-2007\\\/\"},\"wordCount\":451,\"publisher\":{\"@id\":\"https:\\\/\\\/wp.kristdemokraterna.se\\\/varnamo\\\/#organization\"},\"image\":{\"@id\":\"https:\\\/\\\/wp.kristdemokraterna.se\\\/varnamo\\\/2006\\\/08\\\/31\\\/motion-om-att-arrangera-klimatkonferens-i-varnamo-2007\\\/#primaryimage\"},\"thumbnailUrl\":\"https:\\\/\\\/wp.kristdemokraterna.se\\\/varnamo\\\/files\\\/2013\\\/11\\\/christer_fjordevik.jpg\",\"keywords\":[\"byggande\",\"Christer Fjordevik\",\"ekokommun\",\"energi\",\"h\u00e4lsa\",\"infrastruktur\",\"klimat\",\"kommunfullm\u00e4ktige\",\"milj\u00f6\",\"motion\",\"utsl\u00e4pp\"],\"articleSection\":[\"Motioner\"],\"inLanguage\":\"sv-SE\"},{\"@type\":\"WebPage\",\"@id\":\"https:\\\/\\\/wp.kristdemokraterna.se\\\/varnamo\\\/2006\\\/08\\\/31\\\/motion-om-att-arrangera-klimatkonferens-i-varnamo-2007\\\/\",\"url\":\"https:\\\/\\\/wp.kristdemokraterna.se\\\/varnamo\\\/2006\\\/08\\\/31\\\/motion-om-att-arrangera-klimatkonferens-i-varnamo-2007\\\/\",\"name\":\"Motion om att arrangera klimatkonferens i V\u00e4rnamo 2007! - KRISTDEMOKRATERNA V\u00c4RNAMO\",\"isPartOf\":{\"@id\":\"https:\\\/\\\/wp.kristdemokraterna.se\\\/varnamo\\\/#website\"},\"primaryImageOfPage\":{\"@id\":\"https:\\\/\\\/wp.kristdemokraterna.se\\\/varnamo\\\/2006\\\/08\\\/31\\\/motion-om-att-arrangera-klimatkonferens-i-varnamo-2007\\\/#primaryimage\"},\"image\":{\"@id\":\"https:\\\/\\\/wp.kristdemokraterna.se\\\/varnamo\\\/2006\\\/08\\\/31\\\/motion-om-att-arrangera-klimatkonferens-i-varnamo-2007\\\/#primaryimage\"},\"thumbnailUrl\":\"https:\\\/\\\/wp.kristdemokraterna.se\\\/varnamo\\\/files\\\/2013\\\/11\\\/christer_fjordevik.jpg\",\"datePublished\":\"2006-08-31T19:38:00+00:00\",\"dateModified\":\"2015-07-15T10:18:12+00:00\",\"breadcrumb\":{\"@id\":\"https:\\\/\\\/wp.kristdemokraterna.se\\\/varnamo\\\/2006\\\/08\\\/31\\\/motion-om-att-arrangera-klimatkonferens-i-varnamo-2007\\\/#breadcrumb\"},\"inLanguage\":\"sv-SE\",\"potentialAction\":[{\"@type\":\"ReadAction\",\"target\":[\"https:\\\/\\\/wp.kristdemokraterna.se\\\/varnamo\\\/2006\\\/08\\\/31\\\/motion-om-att-arrangera-klimatkonferens-i-varnamo-2007\\\/\"]}]},{\"@type\":\"ImageObject\",\"inLanguage\":\"sv-SE\",\"@id\":\"https:\\\/\\\/wp.kristdemokraterna.se\\\/varnamo\\\/2006\\\/08\\\/31\\\/motion-om-att-arrangera-klimatkonferens-i-varnamo-2007\\\/#primaryimage\",\"url\":\"https:\\\/\\\/wp.kristdemokraterna.se\\\/varnamo\\\/files\\\/2013\\\/11\\\/christer_fjordevik.jpg\",\"contentUrl\":\"https:\\\/\\\/wp.kristdemokraterna.se\\\/varnamo\\\/files\\\/2013\\\/11\\\/christer_fjordevik.jpg\",\"width\":300,\"height\":300,\"caption\":\"Christer Fjordevik, Kristdemokraterna V\u00e4rnamo. (Foto: Frida fotograf)\"},{\"@type\":\"BreadcrumbList\",\"@id\":\"https:\\\/\\\/wp.kristdemokraterna.se\\\/varnamo\\\/2006\\\/08\\\/31\\\/motion-om-att-arrangera-klimatkonferens-i-varnamo-2007\\\/#breadcrumb\",\"itemListElement\":[{\"@type\":\"ListItem\",\"position\":1,\"name\":\"Hem\",\"item\":\"https:\\\/\\\/wp.kristdemokraterna.se\\\/varnamo\\\/\"},{\"@type\":\"ListItem\",\"position\":2,\"name\":\"Motion om att arrangera klimatkonferens i V\u00e4rnamo 2007!\"}]},{\"@type\":\"WebSite\",\"@id\":\"https:\\\/\\\/wp.kristdemokraterna.se\\\/varnamo\\\/#website\",\"url\":\"https:\\\/\\\/wp.kristdemokraterna.se\\\/varnamo\\\/\",\"name\":\"KRISTDEMOKRATERNA V\u00c4RNAMO\",\"description\":\"Med hj\u00e4rta f\u00f6r V\u00e4rnamo\",\"publisher\":{\"@id\":\"https:\\\/\\\/wp.kristdemokraterna.se\\\/varnamo\\\/#organization\"},\"inLanguage\":\"sv-SE\"},{\"@type\":\"Organization\",\"@id\":\"https:\\\/\\\/wp.kristdemokraterna.se\\\/varnamo\\\/#organization\",\"name\":\"Kristdemokraterna V\u00e4rnamo\",\"url\":\"https:\\\/\\\/wp.kristdemokraterna.se\\\/varnamo\\\/\",\"logo\":{\"@type\":\"ImageObject\",\"inLanguage\":\"sv-SE\",\"@id\":\"https:\\\/\\\/wp.kristdemokraterna.se\\\/varnamo\\\/#\\\/schema\\\/logo\\\/image\\\/\",\"url\":\"https:\\\/\\\/wp.kristdemokraterna.se\\\/varnamo\\\/files\\\/2022\\\/08\\\/va\u2560ernamo-sida-bla-300dpi.png\",\"contentUrl\":\"https:\\\/\\\/wp.kristdemokraterna.se\\\/varnamo\\\/files\\\/2022\\\/08\\\/va\u2560ernamo-sida-bla-300dpi.png\",\"width\":1485,\"height\":681,\"caption\":\"Kristdemokraterna V\u00e4rnamo\"},\"image\":{\"@id\":\"https:\\\/\\\/wp.kristdemokraterna.se\\\/varnamo\\\/#\\\/schema\\\/logo\\\/image\\\/\"},\"sameAs\":[\"https:\\\/\\\/www.facebook.com\\\/KDVarnamo\\\/\",\"https:\\\/\\\/x.com\\\/KDVarnamo\",\"https:\\\/\\\/www.instagram.com\\\/\",\"https:\\\/\\\/www.youtube.com\\\/user\\\/studiokd\\\/videos\"]},{\"@type\":\"Person\",\"@id\":\"https:\\\/\\\/wp.kristdemokraterna.se\\\/varnamo\\\/#\\\/schema\\\/person\\\/4e339ab04d613699e4dfe80a994e01d4\",\"name\":\"Kristdemokraterna V\u00e4rnamo\",\"image\":{\"@type\":\"ImageObject\",\"inLanguage\":\"sv-SE\",\"@id\":\"https:\\\/\\\/secure.gravatar.com\\\/avatar\\\/c122e48c7723992af51eb155eeaa93db3c1fa324e3fc6ec45dd712c812809b5b?s=96&r=g\",\"url\":\"https:\\\/\\\/secure.gravatar.com\\\/avatar\\\/c122e48c7723992af51eb155eeaa93db3c1fa324e3fc6ec45dd712c812809b5b?s=96&r=g\",\"contentUrl\":\"https:\\\/\\\/secure.gravatar.com\\\/avatar\\\/c122e48c7723992af51eb155eeaa93db3c1fa324e3fc6ec45dd712c812809b5b?s=96&r=g\",\"caption\":\"Kristdemokraterna V\u00e4rnamo\"},\"description\":\"Familjens r\u00f6st\",\"sameAs\":[\"http:\\\/\\\/www.varnamo.kristdemokraterna.se\"],\"url\":\"https:\\\/\\\/wp.kristdemokraterna.se\\\/varnamo\\\/author\\\/varnamo\\\/\"}]}<\/script>\n<!-- \/ Yoast SEO plugin. -->","yoast_head_json":{"title":"Motion om att arrangera klimatkonferens i V\u00e4rnamo 2007! - KRISTDEMOKRATERNA V\u00c4RNAMO","robots":{"index":"index","follow":"follow","max-snippet":"max-snippet:-1","max-image-preview":"max-image-preview:large","max-video-preview":"max-video-preview:-1"},"canonical":"https:\/\/wp.kristdemokraterna.se\/varnamo\/2006\/08\/31\/motion-om-att-arrangera-klimatkonferens-i-varnamo-2007\/","og_locale":"sv_SE","og_type":"article","og_title":"Motion om att arrangera klimatkonferens i V\u00e4rnamo 2007! - KRISTDEMOKRATERNA V\u00c4RNAMO","og_description":"Vid V\u00e4rnamo kommunfullm\u00e4ktiges sammantr\u00e4de 2006-08-31,\u00a0l\u00e4mnade Christer Fjordevik in\u00a0f\u00f6ljande motion:","og_url":"https:\/\/wp.kristdemokraterna.se\/varnamo\/2006\/08\/31\/motion-om-att-arrangera-klimatkonferens-i-varnamo-2007\/","og_site_name":"KRISTDEMOKRATERNA V\u00c4RNAMO","article_publisher":"https:\/\/www.facebook.com\/KDVarnamo\/","article_published_time":"2006-08-31T19:38:00+00:00","article_modified_time":"2015-07-15T10:18:12+00:00","og_image":[{"width":300,"height":300,"url":"https:\/\/wp.kristdemokraterna.se\/varnamo\/files\/2013\/11\/christer_fjordevik.jpg","type":"image\/jpeg"}],"author":"Kristdemokraterna V\u00e4rnamo","twitter_card":"summary_large_image","twitter_creator":"@KDVarnamo","twitter_site":"@KDVarnamo","twitter_misc":{"Skriven av":"Kristdemokraterna V\u00e4rnamo","Ber\u00e4knad l\u00e4stid":"2 minuter"},"schema":{"@context":"https:\/\/schema.org","@graph":[{"@type":"Article","@id":"https:\/\/wp.kristdemokraterna.se\/varnamo\/2006\/08\/31\/motion-om-att-arrangera-klimatkonferens-i-varnamo-2007\/#article","isPartOf":{"@id":"https:\/\/wp.kristdemokraterna.se\/varnamo\/2006\/08\/31\/motion-om-att-arrangera-klimatkonferens-i-varnamo-2007\/"},"author":{"name":"Kristdemokraterna V\u00e4rnamo","@id":"https:\/\/wp.kristdemokraterna.se\/varnamo\/#\/schema\/person\/4e339ab04d613699e4dfe80a994e01d4"},"headline":"Motion om att arrangera klimatkonferens i V\u00e4rnamo 2007!","datePublished":"2006-08-31T19:38:00+00:00","dateModified":"2015-07-15T10:18:12+00:00","mainEntityOfPage":{"@id":"https:\/\/wp.kristdemokraterna.se\/varnamo\/2006\/08\/31\/motion-om-att-arrangera-klimatkonferens-i-varnamo-2007\/"},"wordCount":451,"publisher":{"@id":"https:\/\/wp.kristdemokraterna.se\/varnamo\/#organization"},"image":{"@id":"https:\/\/wp.kristdemokraterna.se\/varnamo\/2006\/08\/31\/motion-om-att-arrangera-klimatkonferens-i-varnamo-2007\/#primaryimage"},"thumbnailUrl":"https:\/\/wp.kristdemokraterna.se\/varnamo\/files\/2013\/11\/christer_fjordevik.jpg","keywords":["byggande","Christer Fjordevik","ekokommun","energi","h\u00e4lsa","infrastruktur","klimat","kommunfullm\u00e4ktige","milj\u00f6","motion","utsl\u00e4pp"],"articleSection":["Motioner"],"inLanguage":"sv-SE"},{"@type":"WebPage","@id":"https:\/\/wp.kristdemokraterna.se\/varnamo\/2006\/08\/31\/motion-om-att-arrangera-klimatkonferens-i-varnamo-2007\/","url":"https:\/\/wp.kristdemokraterna.se\/varnamo\/2006\/08\/31\/motion-om-att-arrangera-klimatkonferens-i-varnamo-2007\/","name":"Motion om att arrangera klimatkonferens i V\u00e4rnamo 2007! - KRISTDEMOKRATERNA V\u00c4RNAMO","isPartOf":{"@id":"https:\/\/wp.kristdemokraterna.se\/varnamo\/#website"},"primaryImageOfPage":{"@id":"https:\/\/wp.kristdemokraterna.se\/varnamo\/2006\/08\/31\/motion-om-att-arrangera-klimatkonferens-i-varnamo-2007\/#primaryimage"},"image":{"@id":"https:\/\/wp.kristdemokraterna.se\/varnamo\/2006\/08\/31\/motion-om-att-arrangera-klimatkonferens-i-varnamo-2007\/#primaryimage"},"thumbnailUrl":"https:\/\/wp.kristdemokraterna.se\/varnamo\/files\/2013\/11\/christer_fjordevik.jpg","datePublished":"2006-08-31T19:38:00+00:00","dateModified":"2015-07-15T10:18:12+00:00","breadcrumb":{"@id":"https:\/\/wp.kristdemokraterna.se\/varnamo\/2006\/08\/31\/motion-om-att-arrangera-klimatkonferens-i-varnamo-2007\/#breadcrumb"},"inLanguage":"sv-SE","potentialAction":[{"@type":"ReadAction","target":["https:\/\/wp.kristdemokraterna.se\/varnamo\/2006\/08\/31\/motion-om-att-arrangera-klimatkonferens-i-varnamo-2007\/"]}]},{"@type":"ImageObject","inLanguage":"sv-SE","@id":"https:\/\/wp.kristdemokraterna.se\/varnamo\/2006\/08\/31\/motion-om-att-arrangera-klimatkonferens-i-varnamo-2007\/#primaryimage","url":"https:\/\/wp.kristdemokraterna.se\/varnamo\/files\/2013\/11\/christer_fjordevik.jpg","contentUrl":"https:\/\/wp.kristdemokraterna.se\/varnamo\/files\/2013\/11\/christer_fjordevik.jpg","width":300,"height":300,"caption":"Christer Fjordevik, Kristdemokraterna V\u00e4rnamo. (Foto: Frida fotograf)"},{"@type":"BreadcrumbList","@id":"https:\/\/wp.kristdemokraterna.se\/varnamo\/2006\/08\/31\/motion-om-att-arrangera-klimatkonferens-i-varnamo-2007\/#breadcrumb","itemListElement":[{"@type":"ListItem","position":1,"name":"Hem","item":"https:\/\/wp.kristdemokraterna.se\/varnamo\/"},{"@type":"ListItem","position":2,"name":"Motion om att arrangera klimatkonferens i V\u00e4rnamo 2007!"}]},{"@type":"WebSite","@id":"https:\/\/wp.kristdemokraterna.se\/varnamo\/#website","url":"https:\/\/wp.kristdemokraterna.se\/varnamo\/","name":"KRISTDEMOKRATERNA V\u00c4RNAMO","description":"Med hj\u00e4rta f\u00f6r V\u00e4rnamo","publisher":{"@id":"https:\/\/wp.kristdemokraterna.se\/varnamo\/#organization"},"inLanguage":"sv-SE"},{"@type":"Organization","@id":"https:\/\/wp.kristdemokraterna.se\/varnamo\/#organization","name":"Kristdemokraterna V\u00e4rnamo","url":"https:\/\/wp.kristdemokraterna.se\/varnamo\/","logo":{"@type":"ImageObject","inLanguage":"sv-SE","@id":"https:\/\/wp.kristdemokraterna.se\/varnamo\/#\/schema\/logo\/image\/","url":"https:\/\/wp.kristdemokraterna.se\/varnamo\/files\/2022\/08\/va\u2560ernamo-sida-bla-300dpi.png","contentUrl":"https:\/\/wp.kristdemokraterna.se\/varnamo\/files\/2022\/08\/va\u2560ernamo-sida-bla-300dpi.png","width":1485,"height":681,"caption":"Kristdemokraterna V\u00e4rnamo"},"image":{"@id":"https:\/\/wp.kristdemokraterna.se\/varnamo\/#\/schema\/logo\/image\/"},"sameAs":["https:\/\/www.facebook.com\/KDVarnamo\/","https:\/\/x.com\/KDVarnamo","https:\/\/www.instagram.com\/","https:\/\/www.youtube.com\/user\/studiokd\/videos"]},{"@type":"Person","@id":"https:\/\/wp.kristdemokraterna.se\/varnamo\/#\/schema\/person\/4e339ab04d613699e4dfe80a994e01d4","name":"Kristdemokraterna V\u00e4rnamo","image":{"@type":"ImageObject","inLanguage":"sv-SE","@id":"https:\/\/secure.gravatar.com\/avatar\/c122e48c7723992af51eb155eeaa93db3c1fa324e3fc6ec45dd712c812809b5b?s=96&r=g","url":"https:\/\/secure.gravatar.com\/avatar\/c122e48c7723992af51eb155eeaa93db3c1fa324e3fc6ec45dd712c812809b5b?s=96&r=g","contentUrl":"https:\/\/secure.gravatar.com\/avatar\/c122e48c7723992af51eb155eeaa93db3c1fa324e3fc6ec45dd712c812809b5b?s=96&r=g","caption":"Kristdemokraterna V\u00e4rnamo"},"description":"Familjens r\u00f6st","sameAs":["http:\/\/www.varnamo.kristdemokraterna.se"],"url":"https:\/\/wp.kristdemokraterna.se\/varnamo\/author\/varnamo\/"}]}},"_links":{"self":[{"href":"https:\/\/wp.kristdemokraterna.se\/varnamo\/wp-json\/wp\/v2\/posts\/2090","targetHints":{"allow":["GET"]}}],"collection":[{"href":"https:\/\/wp.kristdemokraterna.se\/varnamo\/wp-json\/wp\/v2\/posts"}],"about":[{"href":"https:\/\/wp.kristdemokraterna.se\/varnamo\/wp-json\/wp\/v2\/types\/post"}],"author":[{"embeddable":true,"href":"https:\/\/wp.kristdemokraterna.se\/varnamo\/wp-json\/wp\/v2\/users\/412"}],"replies":[{"embeddable":true,"href":"https:\/\/wp.kristdemokraterna.se\/varnamo\/wp-json\/wp\/v2\/comments?post=2090"}],"version-history":[{"count":8,"href":"https:\/\/wp.kristdemokraterna.se\/varnamo\/wp-json\/wp\/v2\/posts\/2090\/revisions"}],"predecessor-version":[{"id":6935,"href":"https:\/\/wp.kristdemokraterna.se\/varnamo\/wp-json\/wp\/v2\/posts\/2090\/revisions\/6935"}],"wp:featuredmedia":[{"embeddable":true,"href":"https:\/\/wp.kristdemokraterna.se\/varnamo\/wp-json\/wp\/v2\/media\/3256"}],"wp:attachment":[{"href":"https:\/\/wp.kristdemokraterna.se\/varnamo\/wp-json\/wp\/v2\/media?parent=2090"}],"wp:term":[{"taxonomy":"category","embeddable":true,"href":"https:\/\/wp.kristdemokraterna.se\/varnamo\/wp-json\/wp\/v2\/categories?post=2090"},{"taxonomy":"post_tag","embeddable":true,"href":"https:\/\/wp.kristdemokraterna.se\/varnamo\/wp-json\/wp\/v2\/tags?post=2090"}],"curies":[{"name":"wp","href":"https:\/\/api.w.org\/{rel}","templated":true}]}}