{"id":2236,"date":"2013-01-31T11:02:17","date_gmt":"2013-01-31T10:02:17","guid":{"rendered":"http:\/\/wp.kristdemokraterna.se\/varnamo\/?p=2236"},"modified":"2015-07-15T12:16:42","modified_gmt":"2015-07-15T10:16:42","slug":"motion-om-att-bygga-trygghetsboende-for-aldre","status":"publish","type":"post","link":"https:\/\/wp.kristdemokraterna.se\/varnamo\/2013\/01\/31\/motion-om-att-bygga-trygghetsboende-for-aldre\/","title":{"rendered":"Motion om att bygga trygghetsboende f\u00f6r \u00e4ldre"},"content":{"rendered":"<p>Vid V\u00e4rnamo kommunfullm\u00e4ktiges m\u00f6te den 31 januari 2013 l\u00e4mnade Gunnar Crona (KD) in f\u00f6ljande motion om att kommunen utreder f\u00f6ruts\u00e4ttningarna f\u00f6r etablering av ett trygghetsboende i kommunen:<\/p>\n<p><!--more--><\/p>\n<hr \/>\n<p>F\u00f6r att \u00f6ka m\u00f6jligheten f\u00f6r \u00e4ldre, som inte \u00e4r i behov av s\u00e4rskilt boende, b\u00f6r V\u00e4rnamo kommun i samr\u00e5d med akt\u00f6rer p\u00e5 omr\u00e5det, ta initiativ till och stimulera till en byggnation av ett trygghetsboende. Det finns idag ett s\u00e4rskilt statligt investeringsst\u00f6d att s\u00f6ka f\u00f6r denna typ av boende.<\/p>\n<p>M\u00e5nga \u00e4ldre vill helst bo kvar i sitt eget boende med hj\u00e4lp av hemtj\u00e4nsten, men d\u00e5 personalen ibland skiftar kan situationen upplevas jobbig. Anh\u00f6riga finns inte i n\u00e4rheten eller den \u00e4ldre kan vara helt utan anh\u00f6rig. De gamla v\u00e4nnerna \u00e4r borta och boendet \u00e4r omodernt. M\u00e5nga av dessa \u00e4ldre k\u00e4nner sig ensamma och oroliga och f\u00f6rlorar mycket av livskvalit\u00e9. F\u00f6r dessa \u00e4ldre \u00e4r ett trygghetsboende ett bra alternativ.<\/p>\n<p>Med trygghetsboende avses hyresl\u00e4genheter, centralt placerade och n\u00e4ra till service som bank, aff\u00e4r, kyrkor och parkomr\u00e5de. I anslutning till l\u00e4genheterna finns ocks\u00e5 gemensamma utrymmen f\u00f6r de boende, d\u00e4r m\u00e5ltider kan intas gemensamt, f\u00f6r aktiviteter och rekreation. I boendet finns en v\u00e4rd\/v\u00e4rdinna, som \u00e4r en nyckelperson och vars uppgift \u00e4r att skapa f\u00f6rtroende och tillgodose det boendes omsorg.<\/p>\n<p>Avsikten med ett trygghetsboende \u00e4r, att den \u00e4ldre ska uppleva n\u00e4rhet, gemenskap och tillh\u00f6righet, samt kunna bo kvar d\u00e4r till livets slut.<\/p>\n<p>Jag yrkar<\/p>\n<table>\n<tbody>\n<tr>\n<td width=\"10%\"><em>att<\/em><\/td>\n<td>kommunen i enlighet med intentionerna ovan utreder f\u00f6ruts\u00e4ttningarna f\u00f6r etablering av ett trygghetsboende i kommunen.<\/td>\n<\/tr>\n<\/tbody>\n<\/table>\n<p>F\u00f6r Kristdemokraterna i V\u00e4rnamo den 31 januari 2013<\/p>\n<p style=\"text-align: right\">Gunnar Crona (KD)<\/p>\n","protected":false},"excerpt":{"rendered":"<p>Vid V\u00e4rnamo kommunfullm\u00e4ktiges m\u00f6te den 31 januari 2013 l\u00e4mnade Gunnar Crona (KD) in f\u00f6ljande motion om att kommunen utreder f\u00f6ruts\u00e4ttningarna f\u00f6r etablering av ett trygghetsboende i kommunen:<\/p>\n","protected":false},"author":412,"featured_media":3257,"comment_status":"closed","ping_status":"closed","sticky":false,"template":"","format":"standard","meta":{"_acf_changed":false,"footnotes":""},"categories":[13],"tags":[32,25,48,97,98,64],"class_list":["post-2236","post","type-post","status-publish","format-standard","hentry","category-motioner","tag-aldre","tag-gunnar-crona","tag-kommunfullmaktige","tag-motion","tag-trygghetsboende","tag-varnamo"],"acf":[],"yoast_head":"<!-- This site is optimized with the Yoast SEO plugin v27.4 - https:\/\/yoast.com\/product\/yoast-seo-wordpress\/ -->\n<title>Motion om att bygga trygghetsboende f\u00f6r \u00e4ldre - KRISTDEMOKRATERNA V\u00c4RNAMO<\/title>\n<meta name=\"robots\" content=\"index, follow, max-snippet:-1, max-image-preview:large, max-video-preview:-1\" \/>\n<link rel=\"canonical\" href=\"https:\/\/wp.kristdemokraterna.se\/varnamo\/2013\/01\/31\/motion-om-att-bygga-trygghetsboende-for-aldre\/\" \/>\n<meta property=\"og:locale\" content=\"sv_SE\" \/>\n<meta property=\"og:type\" content=\"article\" \/>\n<meta property=\"og:title\" content=\"Motion om att bygga trygghetsboende f\u00f6r \u00e4ldre - KRISTDEMOKRATERNA V\u00c4RNAMO\" \/>\n<meta property=\"og:description\" content=\"Vid V\u00e4rnamo kommunfullm\u00e4ktiges m\u00f6te den 31 januari 2013 l\u00e4mnade Gunnar Crona (KD) in f\u00f6ljande motion om att kommunen utreder f\u00f6ruts\u00e4ttningarna f\u00f6r etablering av ett trygghetsboende i kommunen:\" \/>\n<meta property=\"og:url\" content=\"https:\/\/wp.kristdemokraterna.se\/varnamo\/2013\/01\/31\/motion-om-att-bygga-trygghetsboende-for-aldre\/\" \/>\n<meta property=\"og:site_name\" content=\"KRISTDEMOKRATERNA V\u00c4RNAMO\" \/>\n<meta property=\"article:publisher\" content=\"https:\/\/www.facebook.com\/KDVarnamo\/\" \/>\n<meta property=\"article:published_time\" content=\"2013-01-31T10:02:17+00:00\" \/>\n<meta property=\"article:modified_time\" content=\"2015-07-15T10:16:42+00:00\" \/>\n<meta property=\"og:image\" content=\"https:\/\/wp.kristdemokraterna.se\/varnamo\/files\/2013\/11\/gunnar_crona.jpg\" \/>\n\t<meta property=\"og:image:width\" content=\"300\" \/>\n\t<meta property=\"og:image:height\" content=\"300\" \/>\n\t<meta property=\"og:image:type\" content=\"image\/jpeg\" \/>\n<meta name=\"author\" content=\"Kristdemokraterna V\u00e4rnamo\" \/>\n<meta name=\"twitter:card\" content=\"summary_large_image\" \/>\n<meta name=\"twitter:creator\" content=\"@KDVarnamo\" \/>\n<meta name=\"twitter:site\" content=\"@KDVarnamo\" \/>\n<meta name=\"twitter:label1\" content=\"Skriven av\" \/>\n\t<meta name=\"twitter:data1\" content=\"Kristdemokraterna V\u00e4rnamo\" \/>\n\t<meta name=\"twitter:label2\" content=\"Ber\u00e4knad l\u00e4stid\" \/>\n\t<meta name=\"twitter:data2\" content=\"2 minuter\" \/>\n<script type=\"application\/ld+json\" class=\"yoast-schema-graph\">{\"@context\":\"https:\\\/\\\/schema.org\",\"@graph\":[{\"@type\":\"Article\",\"@id\":\"https:\\\/\\\/wp.kristdemokraterna.se\\\/varnamo\\\/2013\\\/01\\\/31\\\/motion-om-att-bygga-trygghetsboende-for-aldre\\\/#article\",\"isPartOf\":{\"@id\":\"https:\\\/\\\/wp.kristdemokraterna.se\\\/varnamo\\\/2013\\\/01\\\/31\\\/motion-om-att-bygga-trygghetsboende-for-aldre\\\/\"},\"author\":{\"name\":\"Kristdemokraterna V\u00e4rnamo\",\"@id\":\"https:\\\/\\\/wp.kristdemokraterna.se\\\/varnamo\\\/#\\\/schema\\\/person\\\/4e339ab04d613699e4dfe80a994e01d4\"},\"headline\":\"Motion om att bygga trygghetsboende f\u00f6r \u00e4ldre\",\"datePublished\":\"2013-01-31T10:02:17+00:00\",\"dateModified\":\"2015-07-15T10:16:42+00:00\",\"mainEntityOfPage\":{\"@id\":\"https:\\\/\\\/wp.kristdemokraterna.se\\\/varnamo\\\/2013\\\/01\\\/31\\\/motion-om-att-bygga-trygghetsboende-for-aldre\\\/\"},\"wordCount\":308,\"publisher\":{\"@id\":\"https:\\\/\\\/wp.kristdemokraterna.se\\\/varnamo\\\/#organization\"},\"image\":{\"@id\":\"https:\\\/\\\/wp.kristdemokraterna.se\\\/varnamo\\\/2013\\\/01\\\/31\\\/motion-om-att-bygga-trygghetsboende-for-aldre\\\/#primaryimage\"},\"thumbnailUrl\":\"https:\\\/\\\/wp.kristdemokraterna.se\\\/varnamo\\\/files\\\/2013\\\/11\\\/gunnar_crona.jpg\",\"keywords\":[\"\u00e4ldre\",\"Gunnar Crona\",\"kommunfullm\u00e4ktige\",\"motion\",\"trygghetsboende\",\"V\u00e4rnamo\"],\"articleSection\":[\"Motioner\"],\"inLanguage\":\"sv-SE\"},{\"@type\":\"WebPage\",\"@id\":\"https:\\\/\\\/wp.kristdemokraterna.se\\\/varnamo\\\/2013\\\/01\\\/31\\\/motion-om-att-bygga-trygghetsboende-for-aldre\\\/\",\"url\":\"https:\\\/\\\/wp.kristdemokraterna.se\\\/varnamo\\\/2013\\\/01\\\/31\\\/motion-om-att-bygga-trygghetsboende-for-aldre\\\/\",\"name\":\"Motion om att bygga trygghetsboende f\u00f6r \u00e4ldre - KRISTDEMOKRATERNA V\u00c4RNAMO\",\"isPartOf\":{\"@id\":\"https:\\\/\\\/wp.kristdemokraterna.se\\\/varnamo\\\/#website\"},\"primaryImageOfPage\":{\"@id\":\"https:\\\/\\\/wp.kristdemokraterna.se\\\/varnamo\\\/2013\\\/01\\\/31\\\/motion-om-att-bygga-trygghetsboende-for-aldre\\\/#primaryimage\"},\"image\":{\"@id\":\"https:\\\/\\\/wp.kristdemokraterna.se\\\/varnamo\\\/2013\\\/01\\\/31\\\/motion-om-att-bygga-trygghetsboende-for-aldre\\\/#primaryimage\"},\"thumbnailUrl\":\"https:\\\/\\\/wp.kristdemokraterna.se\\\/varnamo\\\/files\\\/2013\\\/11\\\/gunnar_crona.jpg\",\"datePublished\":\"2013-01-31T10:02:17+00:00\",\"dateModified\":\"2015-07-15T10:16:42+00:00\",\"breadcrumb\":{\"@id\":\"https:\\\/\\\/wp.kristdemokraterna.se\\\/varnamo\\\/2013\\\/01\\\/31\\\/motion-om-att-bygga-trygghetsboende-for-aldre\\\/#breadcrumb\"},\"inLanguage\":\"sv-SE\",\"potentialAction\":[{\"@type\":\"ReadAction\",\"target\":[\"https:\\\/\\\/wp.kristdemokraterna.se\\\/varnamo\\\/2013\\\/01\\\/31\\\/motion-om-att-bygga-trygghetsboende-for-aldre\\\/\"]}]},{\"@type\":\"ImageObject\",\"inLanguage\":\"sv-SE\",\"@id\":\"https:\\\/\\\/wp.kristdemokraterna.se\\\/varnamo\\\/2013\\\/01\\\/31\\\/motion-om-att-bygga-trygghetsboende-for-aldre\\\/#primaryimage\",\"url\":\"https:\\\/\\\/wp.kristdemokraterna.se\\\/varnamo\\\/files\\\/2013\\\/11\\\/gunnar_crona.jpg\",\"contentUrl\":\"https:\\\/\\\/wp.kristdemokraterna.se\\\/varnamo\\\/files\\\/2013\\\/11\\\/gunnar_crona.jpg\",\"width\":300,\"height\":300,\"caption\":\"Gunnar Crona, Kristdemokraterna V\u00e4rnamo. (Foto: Fotograf M\u00e4ster Olof)\"},{\"@type\":\"BreadcrumbList\",\"@id\":\"https:\\\/\\\/wp.kristdemokraterna.se\\\/varnamo\\\/2013\\\/01\\\/31\\\/motion-om-att-bygga-trygghetsboende-for-aldre\\\/#breadcrumb\",\"itemListElement\":[{\"@type\":\"ListItem\",\"position\":1,\"name\":\"Hem\",\"item\":\"https:\\\/\\\/wp.kristdemokraterna.se\\\/varnamo\\\/\"},{\"@type\":\"ListItem\",\"position\":2,\"name\":\"Motion om att bygga trygghetsboende f\u00f6r \u00e4ldre\"}]},{\"@type\":\"WebSite\",\"@id\":\"https:\\\/\\\/wp.kristdemokraterna.se\\\/varnamo\\\/#website\",\"url\":\"https:\\\/\\\/wp.kristdemokraterna.se\\\/varnamo\\\/\",\"name\":\"KRISTDEMOKRATERNA V\u00c4RNAMO\",\"description\":\"Med hj\u00e4rta f\u00f6r V\u00e4rnamo\",\"publisher\":{\"@id\":\"https:\\\/\\\/wp.kristdemokraterna.se\\\/varnamo\\\/#organization\"},\"inLanguage\":\"sv-SE\"},{\"@type\":\"Organization\",\"@id\":\"https:\\\/\\\/wp.kristdemokraterna.se\\\/varnamo\\\/#organization\",\"name\":\"Kristdemokraterna V\u00e4rnamo\",\"url\":\"https:\\\/\\\/wp.kristdemokraterna.se\\\/varnamo\\\/\",\"logo\":{\"@type\":\"ImageObject\",\"inLanguage\":\"sv-SE\",\"@id\":\"https:\\\/\\\/wp.kristdemokraterna.se\\\/varnamo\\\/#\\\/schema\\\/logo\\\/image\\\/\",\"url\":\"https:\\\/\\\/wp.kristdemokraterna.se\\\/varnamo\\\/files\\\/2022\\\/08\\\/va\u2560ernamo-sida-bla-300dpi.png\",\"contentUrl\":\"https:\\\/\\\/wp.kristdemokraterna.se\\\/varnamo\\\/files\\\/2022\\\/08\\\/va\u2560ernamo-sida-bla-300dpi.png\",\"width\":1485,\"height\":681,\"caption\":\"Kristdemokraterna V\u00e4rnamo\"},\"image\":{\"@id\":\"https:\\\/\\\/wp.kristdemokraterna.se\\\/varnamo\\\/#\\\/schema\\\/logo\\\/image\\\/\"},\"sameAs\":[\"https:\\\/\\\/www.facebook.com\\\/KDVarnamo\\\/\",\"https:\\\/\\\/x.com\\\/KDVarnamo\",\"https:\\\/\\\/www.instagram.com\\\/\",\"https:\\\/\\\/www.youtube.com\\\/user\\\/studiokd\\\/videos\"]},{\"@type\":\"Person\",\"@id\":\"https:\\\/\\\/wp.kristdemokraterna.se\\\/varnamo\\\/#\\\/schema\\\/person\\\/4e339ab04d613699e4dfe80a994e01d4\",\"name\":\"Kristdemokraterna V\u00e4rnamo\",\"image\":{\"@type\":\"ImageObject\",\"inLanguage\":\"sv-SE\",\"@id\":\"https:\\\/\\\/secure.gravatar.com\\\/avatar\\\/c122e48c7723992af51eb155eeaa93db3c1fa324e3fc6ec45dd712c812809b5b?s=96&r=g\",\"url\":\"https:\\\/\\\/secure.gravatar.com\\\/avatar\\\/c122e48c7723992af51eb155eeaa93db3c1fa324e3fc6ec45dd712c812809b5b?s=96&r=g\",\"contentUrl\":\"https:\\\/\\\/secure.gravatar.com\\\/avatar\\\/c122e48c7723992af51eb155eeaa93db3c1fa324e3fc6ec45dd712c812809b5b?s=96&r=g\",\"caption\":\"Kristdemokraterna V\u00e4rnamo\"},\"description\":\"Familjens r\u00f6st\",\"sameAs\":[\"http:\\\/\\\/www.varnamo.kristdemokraterna.se\"],\"url\":\"https:\\\/\\\/wp.kristdemokraterna.se\\\/varnamo\\\/author\\\/varnamo\\\/\"}]}<\/script>\n<!-- \/ Yoast SEO plugin. -->","yoast_head_json":{"title":"Motion om att bygga trygghetsboende f\u00f6r \u00e4ldre - KRISTDEMOKRATERNA V\u00c4RNAMO","robots":{"index":"index","follow":"follow","max-snippet":"max-snippet:-1","max-image-preview":"max-image-preview:large","max-video-preview":"max-video-preview:-1"},"canonical":"https:\/\/wp.kristdemokraterna.se\/varnamo\/2013\/01\/31\/motion-om-att-bygga-trygghetsboende-for-aldre\/","og_locale":"sv_SE","og_type":"article","og_title":"Motion om att bygga trygghetsboende f\u00f6r \u00e4ldre - KRISTDEMOKRATERNA V\u00c4RNAMO","og_description":"Vid V\u00e4rnamo kommunfullm\u00e4ktiges m\u00f6te den 31 januari 2013 l\u00e4mnade Gunnar Crona (KD) in f\u00f6ljande motion om att kommunen utreder f\u00f6ruts\u00e4ttningarna f\u00f6r etablering av ett trygghetsboende i kommunen:","og_url":"https:\/\/wp.kristdemokraterna.se\/varnamo\/2013\/01\/31\/motion-om-att-bygga-trygghetsboende-for-aldre\/","og_site_name":"KRISTDEMOKRATERNA V\u00c4RNAMO","article_publisher":"https:\/\/www.facebook.com\/KDVarnamo\/","article_published_time":"2013-01-31T10:02:17+00:00","article_modified_time":"2015-07-15T10:16:42+00:00","og_image":[{"width":300,"height":300,"url":"https:\/\/wp.kristdemokraterna.se\/varnamo\/files\/2013\/11\/gunnar_crona.jpg","type":"image\/jpeg"}],"author":"Kristdemokraterna V\u00e4rnamo","twitter_card":"summary_large_image","twitter_creator":"@KDVarnamo","twitter_site":"@KDVarnamo","twitter_misc":{"Skriven av":"Kristdemokraterna V\u00e4rnamo","Ber\u00e4knad l\u00e4stid":"2 minuter"},"schema":{"@context":"https:\/\/schema.org","@graph":[{"@type":"Article","@id":"https:\/\/wp.kristdemokraterna.se\/varnamo\/2013\/01\/31\/motion-om-att-bygga-trygghetsboende-for-aldre\/#article","isPartOf":{"@id":"https:\/\/wp.kristdemokraterna.se\/varnamo\/2013\/01\/31\/motion-om-att-bygga-trygghetsboende-for-aldre\/"},"author":{"name":"Kristdemokraterna V\u00e4rnamo","@id":"https:\/\/wp.kristdemokraterna.se\/varnamo\/#\/schema\/person\/4e339ab04d613699e4dfe80a994e01d4"},"headline":"Motion om att bygga trygghetsboende f\u00f6r \u00e4ldre","datePublished":"2013-01-31T10:02:17+00:00","dateModified":"2015-07-15T10:16:42+00:00","mainEntityOfPage":{"@id":"https:\/\/wp.kristdemokraterna.se\/varnamo\/2013\/01\/31\/motion-om-att-bygga-trygghetsboende-for-aldre\/"},"wordCount":308,"publisher":{"@id":"https:\/\/wp.kristdemokraterna.se\/varnamo\/#organization"},"image":{"@id":"https:\/\/wp.kristdemokraterna.se\/varnamo\/2013\/01\/31\/motion-om-att-bygga-trygghetsboende-for-aldre\/#primaryimage"},"thumbnailUrl":"https:\/\/wp.kristdemokraterna.se\/varnamo\/files\/2013\/11\/gunnar_crona.jpg","keywords":["\u00e4ldre","Gunnar Crona","kommunfullm\u00e4ktige","motion","trygghetsboende","V\u00e4rnamo"],"articleSection":["Motioner"],"inLanguage":"sv-SE"},{"@type":"WebPage","@id":"https:\/\/wp.kristdemokraterna.se\/varnamo\/2013\/01\/31\/motion-om-att-bygga-trygghetsboende-for-aldre\/","url":"https:\/\/wp.kristdemokraterna.se\/varnamo\/2013\/01\/31\/motion-om-att-bygga-trygghetsboende-for-aldre\/","name":"Motion om att bygga trygghetsboende f\u00f6r \u00e4ldre - KRISTDEMOKRATERNA V\u00c4RNAMO","isPartOf":{"@id":"https:\/\/wp.kristdemokraterna.se\/varnamo\/#website"},"primaryImageOfPage":{"@id":"https:\/\/wp.kristdemokraterna.se\/varnamo\/2013\/01\/31\/motion-om-att-bygga-trygghetsboende-for-aldre\/#primaryimage"},"image":{"@id":"https:\/\/wp.kristdemokraterna.se\/varnamo\/2013\/01\/31\/motion-om-att-bygga-trygghetsboende-for-aldre\/#primaryimage"},"thumbnailUrl":"https:\/\/wp.kristdemokraterna.se\/varnamo\/files\/2013\/11\/gunnar_crona.jpg","datePublished":"2013-01-31T10:02:17+00:00","dateModified":"2015-07-15T10:16:42+00:00","breadcrumb":{"@id":"https:\/\/wp.kristdemokraterna.se\/varnamo\/2013\/01\/31\/motion-om-att-bygga-trygghetsboende-for-aldre\/#breadcrumb"},"inLanguage":"sv-SE","potentialAction":[{"@type":"ReadAction","target":["https:\/\/wp.kristdemokraterna.se\/varnamo\/2013\/01\/31\/motion-om-att-bygga-trygghetsboende-for-aldre\/"]}]},{"@type":"ImageObject","inLanguage":"sv-SE","@id":"https:\/\/wp.kristdemokraterna.se\/varnamo\/2013\/01\/31\/motion-om-att-bygga-trygghetsboende-for-aldre\/#primaryimage","url":"https:\/\/wp.kristdemokraterna.se\/varnamo\/files\/2013\/11\/gunnar_crona.jpg","contentUrl":"https:\/\/wp.kristdemokraterna.se\/varnamo\/files\/2013\/11\/gunnar_crona.jpg","width":300,"height":300,"caption":"Gunnar Crona, Kristdemokraterna V\u00e4rnamo. (Foto: Fotograf M\u00e4ster Olof)"},{"@type":"BreadcrumbList","@id":"https:\/\/wp.kristdemokraterna.se\/varnamo\/2013\/01\/31\/motion-om-att-bygga-trygghetsboende-for-aldre\/#breadcrumb","itemListElement":[{"@type":"ListItem","position":1,"name":"Hem","item":"https:\/\/wp.kristdemokraterna.se\/varnamo\/"},{"@type":"ListItem","position":2,"name":"Motion om att bygga trygghetsboende f\u00f6r \u00e4ldre"}]},{"@type":"WebSite","@id":"https:\/\/wp.kristdemokraterna.se\/varnamo\/#website","url":"https:\/\/wp.kristdemokraterna.se\/varnamo\/","name":"KRISTDEMOKRATERNA V\u00c4RNAMO","description":"Med hj\u00e4rta f\u00f6r V\u00e4rnamo","publisher":{"@id":"https:\/\/wp.kristdemokraterna.se\/varnamo\/#organization"},"inLanguage":"sv-SE"},{"@type":"Organization","@id":"https:\/\/wp.kristdemokraterna.se\/varnamo\/#organization","name":"Kristdemokraterna V\u00e4rnamo","url":"https:\/\/wp.kristdemokraterna.se\/varnamo\/","logo":{"@type":"ImageObject","inLanguage":"sv-SE","@id":"https:\/\/wp.kristdemokraterna.se\/varnamo\/#\/schema\/logo\/image\/","url":"https:\/\/wp.kristdemokraterna.se\/varnamo\/files\/2022\/08\/va\u2560ernamo-sida-bla-300dpi.png","contentUrl":"https:\/\/wp.kristdemokraterna.se\/varnamo\/files\/2022\/08\/va\u2560ernamo-sida-bla-300dpi.png","width":1485,"height":681,"caption":"Kristdemokraterna V\u00e4rnamo"},"image":{"@id":"https:\/\/wp.kristdemokraterna.se\/varnamo\/#\/schema\/logo\/image\/"},"sameAs":["https:\/\/www.facebook.com\/KDVarnamo\/","https:\/\/x.com\/KDVarnamo","https:\/\/www.instagram.com\/","https:\/\/www.youtube.com\/user\/studiokd\/videos"]},{"@type":"Person","@id":"https:\/\/wp.kristdemokraterna.se\/varnamo\/#\/schema\/person\/4e339ab04d613699e4dfe80a994e01d4","name":"Kristdemokraterna V\u00e4rnamo","image":{"@type":"ImageObject","inLanguage":"sv-SE","@id":"https:\/\/secure.gravatar.com\/avatar\/c122e48c7723992af51eb155eeaa93db3c1fa324e3fc6ec45dd712c812809b5b?s=96&r=g","url":"https:\/\/secure.gravatar.com\/avatar\/c122e48c7723992af51eb155eeaa93db3c1fa324e3fc6ec45dd712c812809b5b?s=96&r=g","contentUrl":"https:\/\/secure.gravatar.com\/avatar\/c122e48c7723992af51eb155eeaa93db3c1fa324e3fc6ec45dd712c812809b5b?s=96&r=g","caption":"Kristdemokraterna V\u00e4rnamo"},"description":"Familjens r\u00f6st","sameAs":["http:\/\/www.varnamo.kristdemokraterna.se"],"url":"https:\/\/wp.kristdemokraterna.se\/varnamo\/author\/varnamo\/"}]}},"_links":{"self":[{"href":"https:\/\/wp.kristdemokraterna.se\/varnamo\/wp-json\/wp\/v2\/posts\/2236","targetHints":{"allow":["GET"]}}],"collection":[{"href":"https:\/\/wp.kristdemokraterna.se\/varnamo\/wp-json\/wp\/v2\/posts"}],"about":[{"href":"https:\/\/wp.kristdemokraterna.se\/varnamo\/wp-json\/wp\/v2\/types\/post"}],"author":[{"embeddable":true,"href":"https:\/\/wp.kristdemokraterna.se\/varnamo\/wp-json\/wp\/v2\/users\/412"}],"replies":[{"embeddable":true,"href":"https:\/\/wp.kristdemokraterna.se\/varnamo\/wp-json\/wp\/v2\/comments?post=2236"}],"version-history":[{"count":11,"href":"https:\/\/wp.kristdemokraterna.se\/varnamo\/wp-json\/wp\/v2\/posts\/2236\/revisions"}],"predecessor-version":[{"id":6934,"href":"https:\/\/wp.kristdemokraterna.se\/varnamo\/wp-json\/wp\/v2\/posts\/2236\/revisions\/6934"}],"wp:featuredmedia":[{"embeddable":true,"href":"https:\/\/wp.kristdemokraterna.se\/varnamo\/wp-json\/wp\/v2\/media\/3257"}],"wp:attachment":[{"href":"https:\/\/wp.kristdemokraterna.se\/varnamo\/wp-json\/wp\/v2\/media?parent=2236"}],"wp:term":[{"taxonomy":"category","embeddable":true,"href":"https:\/\/wp.kristdemokraterna.se\/varnamo\/wp-json\/wp\/v2\/categories?post=2236"},{"taxonomy":"post_tag","embeddable":true,"href":"https:\/\/wp.kristdemokraterna.se\/varnamo\/wp-json\/wp\/v2\/tags?post=2236"}],"curies":[{"name":"wp","href":"https:\/\/api.w.org\/{rel}","templated":true}]}}