{"id":2475,"date":"2013-09-14T13:33:37","date_gmt":"2013-09-14T11:33:37","guid":{"rendered":"http:\/\/wp.kristdemokraterna.se\/varnamo\/?p=2475"},"modified":"2015-07-10T14:55:17","modified_gmt":"2015-07-10T12:55:17","slug":"genomgang-infor-rikstinget","status":"publish","type":"post","link":"https:\/\/wp.kristdemokraterna.se\/varnamo\/2013\/09\/14\/genomgang-infor-rikstinget\/","title":{"rendered":"Genomg\u00e5ng inf\u00f6r Rikstinget"},"content":{"rendered":"<p>P\u00e5 dagen ett \u00e5r f\u00f6re n\u00e4sta val till Riksdag, landsting och kommun samlades 25 ombud till en genomg\u00e5ng inf\u00f6r rikstinget i Karlstad.\u00a0Det var 254 motioner (varav 11 fr\u00e5n l\u00e4net) och en proposition fr\u00e5n partistyrelsen inneh\u00e5llande 40 f\u00f6rslag om barns och ungas uppv\u00e4xtvillkor som ombuden hade att g\u00e5 igenom. Eftersom det var prick ett \u00e5r kvar till valet passade ombuden \u00e4ven p\u00e5 att sprida ut sig i J\u00f6nk\u00f6pings centrum och dela ut tidningen <a title=\"Tidningen Vardagsliv\" href=\"http:\/\/www.kristdemokraterna.se\/Global\/pdf\/Vardagsliv_2013.pdf\" target=\"_blank\">Vardagsliv<\/a>.<\/p>\n<p><!--more--><\/p>\n\n\t\t<style type=\"text\/css\">\n\t\t\t#gallery-1 {\n\t\t\t\tmargin: auto;\n\t\t\t}\n\t\t\t#gallery-1 .gallery-item {\n\t\t\t\tfloat: left;\n\t\t\t\tmargin-top: 10px;\n\t\t\t\ttext-align: center;\n\t\t\t\twidth: 33%;\n\t\t\t}\n\t\t\t#gallery-1 img {\n\t\t\t\tborder: 2px solid #cfcfcf;\n\t\t\t}\n\t\t\t#gallery-1 .gallery-caption {\n\t\t\t\tmargin-left: 0;\n\t\t\t}\n\t\t\t\/* see gallery_shortcode() in wp-includes\/media.php *\/\n\t\t<\/style>\n\t\t<div id='gallery-1' class='gallery galleryid-2475 gallery-columns-3 gallery-size-thumbnail'><dl class='gallery-item'>\n\t\t\t<dt class='gallery-icon landscape'>\n\t\t\t\t<a href='https:\/\/wp.kristdemokraterna.se\/varnamo\/2013\/09\/14\/genomgang-infor-rikstinget\/20130914-rikstingsgenomgang-kampanj\/'><img loading=\"lazy\" decoding=\"async\" width=\"150\" height=\"150\" src=\"https:\/\/wp.kristdemokraterna.se\/varnamo\/files\/2013\/10\/20130914_Rikstingsgenomgang_Kampanj-150x150.png\" class=\"attachment-thumbnail size-thumbnail\" alt=\"Rikstingsombuden fr\u00e5n j\u00f6nk\u00f6pingsdistriktet passade \u00e4ven p\u00e5 att kampanja p\u00e5 sta&#039;n precis ett \u00e5r f\u00f6re valet. (Foto: H\u00e5kan Johansson)\" aria-describedby=\"gallery-1-2476\" \/><\/a>\n\t\t\t<\/dt>\n\t\t\t\t<dd class='wp-caption-text gallery-caption' id='gallery-1-2476'>\n\t\t\t\tRikstingsombuden fr\u00e5n j\u00f6nk\u00f6pingsdistriktet passade \u00e4ven p\u00e5 att kampanja p\u00e5 sta&#8217;n precis ett \u00e5r f\u00f6re valet. (Foto: H\u00e5kan Johansson)\n\t\t\t\t<\/dd><\/dl>\n\t\t\t<br style='clear: both' \/>\n\t\t<\/div>\n\n","protected":false},"excerpt":{"rendered":"<p>P\u00e5 dagen ett \u00e5r f\u00f6re n\u00e4sta val till Riksdag, landsting och kommun samlades 25 ombud till en genomg\u00e5ng inf\u00f6r rikstinget i Karlstad.\u00a0Det var 254 motioner (varav 11 fr\u00e5n l\u00e4net) och en proposition fr\u00e5n partistyrelsen inneh\u00e5llande 40 f\u00f6rslag om barns och ungas uppv\u00e4xtvillkor som ombuden hade att g\u00e5 igenom. Eftersom det var prick ett \u00e5r kvar <a class=\"read-more-link\" href=\"https:\/\/wp.kristdemokraterna.se\/varnamo\/2013\/09\/14\/genomgang-infor-rikstinget\/\">Read More<\/a><\/p>\n","protected":false},"author":412,"featured_media":2476,"comment_status":"closed","ping_status":"closed","sticky":false,"template":"","format":"standard","meta":{"_acf_changed":false,"footnotes":""},"categories":[11],"tags":[31,60,127,437],"class_list":["post-2475","post","type-post","status-publish","format-standard","hentry","category-nyheter","tag-barn-och-unga","tag-kampanj","tag-riksting","tag-vardagsliv"],"acf":[],"yoast_head":"<!-- This site is optimized with the Yoast SEO plugin v27.4 - https:\/\/yoast.com\/product\/yoast-seo-wordpress\/ -->\n<title>Genomg\u00e5ng inf\u00f6r Rikstinget - KRISTDEMOKRATERNA V\u00c4RNAMO<\/title>\n<meta name=\"robots\" content=\"index, follow, max-snippet:-1, max-image-preview:large, max-video-preview:-1\" \/>\n<link rel=\"canonical\" href=\"https:\/\/wp.kristdemokraterna.se\/varnamo\/2013\/09\/14\/genomgang-infor-rikstinget\/\" \/>\n<meta property=\"og:locale\" content=\"sv_SE\" \/>\n<meta property=\"og:type\" content=\"article\" \/>\n<meta property=\"og:title\" content=\"Genomg\u00e5ng inf\u00f6r Rikstinget - KRISTDEMOKRATERNA V\u00c4RNAMO\" \/>\n<meta property=\"og:description\" content=\"P\u00e5 dagen ett \u00e5r f\u00f6re n\u00e4sta val till Riksdag, landsting och kommun samlades 25 ombud till en genomg\u00e5ng inf\u00f6r rikstinget i Karlstad.\u00a0Det var 254 motioner (varav 11 fr\u00e5n l\u00e4net) och en proposition fr\u00e5n partistyrelsen inneh\u00e5llande 40 f\u00f6rslag om barns och ungas uppv\u00e4xtvillkor som ombuden hade att g\u00e5 igenom. Eftersom det var prick ett \u00e5r kvar Read More\" \/>\n<meta property=\"og:url\" content=\"https:\/\/wp.kristdemokraterna.se\/varnamo\/2013\/09\/14\/genomgang-infor-rikstinget\/\" \/>\n<meta property=\"og:site_name\" content=\"KRISTDEMOKRATERNA V\u00c4RNAMO\" \/>\n<meta property=\"article:publisher\" content=\"https:\/\/www.facebook.com\/KDVarnamo\/\" \/>\n<meta property=\"article:published_time\" content=\"2013-09-14T11:33:37+00:00\" \/>\n<meta property=\"article:modified_time\" content=\"2015-07-10T12:55:17+00:00\" \/>\n<meta property=\"og:image\" content=\"https:\/\/wp.kristdemokraterna.se\/varnamo\/files\/2013\/10\/20130914_Rikstingsgenomgang_Kampanj.png\" \/>\n\t<meta property=\"og:image:width\" content=\"435\" \/>\n\t<meta property=\"og:image:height\" content=\"245\" \/>\n\t<meta property=\"og:image:type\" content=\"image\/png\" \/>\n<meta name=\"author\" content=\"Kristdemokraterna V\u00e4rnamo\" \/>\n<meta name=\"twitter:card\" content=\"summary_large_image\" \/>\n<meta name=\"twitter:creator\" content=\"@KDVarnamo\" \/>\n<meta name=\"twitter:site\" content=\"@KDVarnamo\" \/>\n<meta name=\"twitter:label1\" content=\"Skriven av\" \/>\n\t<meta name=\"twitter:data1\" content=\"Kristdemokraterna V\u00e4rnamo\" \/>\n<script type=\"application\/ld+json\" class=\"yoast-schema-graph\">{\"@context\":\"https:\\\/\\\/schema.org\",\"@graph\":[{\"@type\":\"Article\",\"@id\":\"https:\\\/\\\/wp.kristdemokraterna.se\\\/varnamo\\\/2013\\\/09\\\/14\\\/genomgang-infor-rikstinget\\\/#article\",\"isPartOf\":{\"@id\":\"https:\\\/\\\/wp.kristdemokraterna.se\\\/varnamo\\\/2013\\\/09\\\/14\\\/genomgang-infor-rikstinget\\\/\"},\"author\":{\"name\":\"Kristdemokraterna V\u00e4rnamo\",\"@id\":\"https:\\\/\\\/wp.kristdemokraterna.se\\\/varnamo\\\/#\\\/schema\\\/person\\\/4e339ab04d613699e4dfe80a994e01d4\"},\"headline\":\"Genomg\u00e5ng inf\u00f6r Rikstinget\",\"datePublished\":\"2013-09-14T11:33:37+00:00\",\"dateModified\":\"2015-07-10T12:55:17+00:00\",\"mainEntityOfPage\":{\"@id\":\"https:\\\/\\\/wp.kristdemokraterna.se\\\/varnamo\\\/2013\\\/09\\\/14\\\/genomgang-infor-rikstinget\\\/\"},\"wordCount\":93,\"publisher\":{\"@id\":\"https:\\\/\\\/wp.kristdemokraterna.se\\\/varnamo\\\/#organization\"},\"image\":{\"@id\":\"https:\\\/\\\/wp.kristdemokraterna.se\\\/varnamo\\\/2013\\\/09\\\/14\\\/genomgang-infor-rikstinget\\\/#primaryimage\"},\"thumbnailUrl\":\"https:\\\/\\\/wp.kristdemokraterna.se\\\/varnamo\\\/files\\\/2013\\\/10\\\/20130914_Rikstingsgenomgang_Kampanj.png\",\"keywords\":[\"barn och unga\",\"kampanj\",\"riksting\",\"vardagsliv\"],\"articleSection\":[\"Nyheter\"],\"inLanguage\":\"sv-SE\"},{\"@type\":\"WebPage\",\"@id\":\"https:\\\/\\\/wp.kristdemokraterna.se\\\/varnamo\\\/2013\\\/09\\\/14\\\/genomgang-infor-rikstinget\\\/\",\"url\":\"https:\\\/\\\/wp.kristdemokraterna.se\\\/varnamo\\\/2013\\\/09\\\/14\\\/genomgang-infor-rikstinget\\\/\",\"name\":\"Genomg\u00e5ng inf\u00f6r Rikstinget - KRISTDEMOKRATERNA V\u00c4RNAMO\",\"isPartOf\":{\"@id\":\"https:\\\/\\\/wp.kristdemokraterna.se\\\/varnamo\\\/#website\"},\"primaryImageOfPage\":{\"@id\":\"https:\\\/\\\/wp.kristdemokraterna.se\\\/varnamo\\\/2013\\\/09\\\/14\\\/genomgang-infor-rikstinget\\\/#primaryimage\"},\"image\":{\"@id\":\"https:\\\/\\\/wp.kristdemokraterna.se\\\/varnamo\\\/2013\\\/09\\\/14\\\/genomgang-infor-rikstinget\\\/#primaryimage\"},\"thumbnailUrl\":\"https:\\\/\\\/wp.kristdemokraterna.se\\\/varnamo\\\/files\\\/2013\\\/10\\\/20130914_Rikstingsgenomgang_Kampanj.png\",\"datePublished\":\"2013-09-14T11:33:37+00:00\",\"dateModified\":\"2015-07-10T12:55:17+00:00\",\"breadcrumb\":{\"@id\":\"https:\\\/\\\/wp.kristdemokraterna.se\\\/varnamo\\\/2013\\\/09\\\/14\\\/genomgang-infor-rikstinget\\\/#breadcrumb\"},\"inLanguage\":\"sv-SE\",\"potentialAction\":[{\"@type\":\"ReadAction\",\"target\":[\"https:\\\/\\\/wp.kristdemokraterna.se\\\/varnamo\\\/2013\\\/09\\\/14\\\/genomgang-infor-rikstinget\\\/\"]}]},{\"@type\":\"ImageObject\",\"inLanguage\":\"sv-SE\",\"@id\":\"https:\\\/\\\/wp.kristdemokraterna.se\\\/varnamo\\\/2013\\\/09\\\/14\\\/genomgang-infor-rikstinget\\\/#primaryimage\",\"url\":\"https:\\\/\\\/wp.kristdemokraterna.se\\\/varnamo\\\/files\\\/2013\\\/10\\\/20130914_Rikstingsgenomgang_Kampanj.png\",\"contentUrl\":\"https:\\\/\\\/wp.kristdemokraterna.se\\\/varnamo\\\/files\\\/2013\\\/10\\\/20130914_Rikstingsgenomgang_Kampanj.png\",\"width\":435,\"height\":245,\"caption\":\"Rikstingsombuden fr\u00e5n j\u00f6nk\u00f6pingsdistriktet passade \u00e4ven p\u00e5 att kampanja p\u00e5 sta'n precis ett \u00e5r f\u00f6re valet. (Foto: H\u00e5kan Johansson)\"},{\"@type\":\"BreadcrumbList\",\"@id\":\"https:\\\/\\\/wp.kristdemokraterna.se\\\/varnamo\\\/2013\\\/09\\\/14\\\/genomgang-infor-rikstinget\\\/#breadcrumb\",\"itemListElement\":[{\"@type\":\"ListItem\",\"position\":1,\"name\":\"Hem\",\"item\":\"https:\\\/\\\/wp.kristdemokraterna.se\\\/varnamo\\\/\"},{\"@type\":\"ListItem\",\"position\":2,\"name\":\"Genomg\u00e5ng inf\u00f6r Rikstinget\"}]},{\"@type\":\"WebSite\",\"@id\":\"https:\\\/\\\/wp.kristdemokraterna.se\\\/varnamo\\\/#website\",\"url\":\"https:\\\/\\\/wp.kristdemokraterna.se\\\/varnamo\\\/\",\"name\":\"KRISTDEMOKRATERNA V\u00c4RNAMO\",\"description\":\"Med hj\u00e4rta f\u00f6r V\u00e4rnamo\",\"publisher\":{\"@id\":\"https:\\\/\\\/wp.kristdemokraterna.se\\\/varnamo\\\/#organization\"},\"inLanguage\":\"sv-SE\"},{\"@type\":\"Organization\",\"@id\":\"https:\\\/\\\/wp.kristdemokraterna.se\\\/varnamo\\\/#organization\",\"name\":\"Kristdemokraterna V\u00e4rnamo\",\"url\":\"https:\\\/\\\/wp.kristdemokraterna.se\\\/varnamo\\\/\",\"logo\":{\"@type\":\"ImageObject\",\"inLanguage\":\"sv-SE\",\"@id\":\"https:\\\/\\\/wp.kristdemokraterna.se\\\/varnamo\\\/#\\\/schema\\\/logo\\\/image\\\/\",\"url\":\"https:\\\/\\\/wp.kristdemokraterna.se\\\/varnamo\\\/files\\\/2022\\\/08\\\/va\u2560ernamo-sida-bla-300dpi.png\",\"contentUrl\":\"https:\\\/\\\/wp.kristdemokraterna.se\\\/varnamo\\\/files\\\/2022\\\/08\\\/va\u2560ernamo-sida-bla-300dpi.png\",\"width\":1485,\"height\":681,\"caption\":\"Kristdemokraterna V\u00e4rnamo\"},\"image\":{\"@id\":\"https:\\\/\\\/wp.kristdemokraterna.se\\\/varnamo\\\/#\\\/schema\\\/logo\\\/image\\\/\"},\"sameAs\":[\"https:\\\/\\\/www.facebook.com\\\/KDVarnamo\\\/\",\"https:\\\/\\\/x.com\\\/KDVarnamo\",\"https:\\\/\\\/www.instagram.com\\\/\",\"https:\\\/\\\/www.youtube.com\\\/user\\\/studiokd\\\/videos\"]},{\"@type\":\"Person\",\"@id\":\"https:\\\/\\\/wp.kristdemokraterna.se\\\/varnamo\\\/#\\\/schema\\\/person\\\/4e339ab04d613699e4dfe80a994e01d4\",\"name\":\"Kristdemokraterna V\u00e4rnamo\",\"image\":{\"@type\":\"ImageObject\",\"inLanguage\":\"sv-SE\",\"@id\":\"https:\\\/\\\/secure.gravatar.com\\\/avatar\\\/c122e48c7723992af51eb155eeaa93db3c1fa324e3fc6ec45dd712c812809b5b?s=96&r=g\",\"url\":\"https:\\\/\\\/secure.gravatar.com\\\/avatar\\\/c122e48c7723992af51eb155eeaa93db3c1fa324e3fc6ec45dd712c812809b5b?s=96&r=g\",\"contentUrl\":\"https:\\\/\\\/secure.gravatar.com\\\/avatar\\\/c122e48c7723992af51eb155eeaa93db3c1fa324e3fc6ec45dd712c812809b5b?s=96&r=g\",\"caption\":\"Kristdemokraterna V\u00e4rnamo\"},\"description\":\"Familjens r\u00f6st\",\"sameAs\":[\"http:\\\/\\\/www.varnamo.kristdemokraterna.se\"],\"url\":\"https:\\\/\\\/wp.kristdemokraterna.se\\\/varnamo\\\/author\\\/varnamo\\\/\"}]}<\/script>\n<!-- \/ Yoast SEO plugin. -->","yoast_head_json":{"title":"Genomg\u00e5ng inf\u00f6r Rikstinget - KRISTDEMOKRATERNA V\u00c4RNAMO","robots":{"index":"index","follow":"follow","max-snippet":"max-snippet:-1","max-image-preview":"max-image-preview:large","max-video-preview":"max-video-preview:-1"},"canonical":"https:\/\/wp.kristdemokraterna.se\/varnamo\/2013\/09\/14\/genomgang-infor-rikstinget\/","og_locale":"sv_SE","og_type":"article","og_title":"Genomg\u00e5ng inf\u00f6r Rikstinget - KRISTDEMOKRATERNA V\u00c4RNAMO","og_description":"P\u00e5 dagen ett \u00e5r f\u00f6re n\u00e4sta val till Riksdag, landsting och kommun samlades 25 ombud till en genomg\u00e5ng inf\u00f6r rikstinget i Karlstad.\u00a0Det var 254 motioner (varav 11 fr\u00e5n l\u00e4net) och en proposition fr\u00e5n partistyrelsen inneh\u00e5llande 40 f\u00f6rslag om barns och ungas uppv\u00e4xtvillkor som ombuden hade att g\u00e5 igenom. Eftersom det var prick ett \u00e5r kvar Read More","og_url":"https:\/\/wp.kristdemokraterna.se\/varnamo\/2013\/09\/14\/genomgang-infor-rikstinget\/","og_site_name":"KRISTDEMOKRATERNA V\u00c4RNAMO","article_publisher":"https:\/\/www.facebook.com\/KDVarnamo\/","article_published_time":"2013-09-14T11:33:37+00:00","article_modified_time":"2015-07-10T12:55:17+00:00","og_image":[{"width":435,"height":245,"url":"https:\/\/wp.kristdemokraterna.se\/varnamo\/files\/2013\/10\/20130914_Rikstingsgenomgang_Kampanj.png","type":"image\/png"}],"author":"Kristdemokraterna V\u00e4rnamo","twitter_card":"summary_large_image","twitter_creator":"@KDVarnamo","twitter_site":"@KDVarnamo","twitter_misc":{"Skriven av":"Kristdemokraterna V\u00e4rnamo"},"schema":{"@context":"https:\/\/schema.org","@graph":[{"@type":"Article","@id":"https:\/\/wp.kristdemokraterna.se\/varnamo\/2013\/09\/14\/genomgang-infor-rikstinget\/#article","isPartOf":{"@id":"https:\/\/wp.kristdemokraterna.se\/varnamo\/2013\/09\/14\/genomgang-infor-rikstinget\/"},"author":{"name":"Kristdemokraterna V\u00e4rnamo","@id":"https:\/\/wp.kristdemokraterna.se\/varnamo\/#\/schema\/person\/4e339ab04d613699e4dfe80a994e01d4"},"headline":"Genomg\u00e5ng inf\u00f6r Rikstinget","datePublished":"2013-09-14T11:33:37+00:00","dateModified":"2015-07-10T12:55:17+00:00","mainEntityOfPage":{"@id":"https:\/\/wp.kristdemokraterna.se\/varnamo\/2013\/09\/14\/genomgang-infor-rikstinget\/"},"wordCount":93,"publisher":{"@id":"https:\/\/wp.kristdemokraterna.se\/varnamo\/#organization"},"image":{"@id":"https:\/\/wp.kristdemokraterna.se\/varnamo\/2013\/09\/14\/genomgang-infor-rikstinget\/#primaryimage"},"thumbnailUrl":"https:\/\/wp.kristdemokraterna.se\/varnamo\/files\/2013\/10\/20130914_Rikstingsgenomgang_Kampanj.png","keywords":["barn och unga","kampanj","riksting","vardagsliv"],"articleSection":["Nyheter"],"inLanguage":"sv-SE"},{"@type":"WebPage","@id":"https:\/\/wp.kristdemokraterna.se\/varnamo\/2013\/09\/14\/genomgang-infor-rikstinget\/","url":"https:\/\/wp.kristdemokraterna.se\/varnamo\/2013\/09\/14\/genomgang-infor-rikstinget\/","name":"Genomg\u00e5ng inf\u00f6r Rikstinget - KRISTDEMOKRATERNA V\u00c4RNAMO","isPartOf":{"@id":"https:\/\/wp.kristdemokraterna.se\/varnamo\/#website"},"primaryImageOfPage":{"@id":"https:\/\/wp.kristdemokraterna.se\/varnamo\/2013\/09\/14\/genomgang-infor-rikstinget\/#primaryimage"},"image":{"@id":"https:\/\/wp.kristdemokraterna.se\/varnamo\/2013\/09\/14\/genomgang-infor-rikstinget\/#primaryimage"},"thumbnailUrl":"https:\/\/wp.kristdemokraterna.se\/varnamo\/files\/2013\/10\/20130914_Rikstingsgenomgang_Kampanj.png","datePublished":"2013-09-14T11:33:37+00:00","dateModified":"2015-07-10T12:55:17+00:00","breadcrumb":{"@id":"https:\/\/wp.kristdemokraterna.se\/varnamo\/2013\/09\/14\/genomgang-infor-rikstinget\/#breadcrumb"},"inLanguage":"sv-SE","potentialAction":[{"@type":"ReadAction","target":["https:\/\/wp.kristdemokraterna.se\/varnamo\/2013\/09\/14\/genomgang-infor-rikstinget\/"]}]},{"@type":"ImageObject","inLanguage":"sv-SE","@id":"https:\/\/wp.kristdemokraterna.se\/varnamo\/2013\/09\/14\/genomgang-infor-rikstinget\/#primaryimage","url":"https:\/\/wp.kristdemokraterna.se\/varnamo\/files\/2013\/10\/20130914_Rikstingsgenomgang_Kampanj.png","contentUrl":"https:\/\/wp.kristdemokraterna.se\/varnamo\/files\/2013\/10\/20130914_Rikstingsgenomgang_Kampanj.png","width":435,"height":245,"caption":"Rikstingsombuden fr\u00e5n j\u00f6nk\u00f6pingsdistriktet passade \u00e4ven p\u00e5 att kampanja p\u00e5 sta'n precis ett \u00e5r f\u00f6re valet. (Foto: H\u00e5kan Johansson)"},{"@type":"BreadcrumbList","@id":"https:\/\/wp.kristdemokraterna.se\/varnamo\/2013\/09\/14\/genomgang-infor-rikstinget\/#breadcrumb","itemListElement":[{"@type":"ListItem","position":1,"name":"Hem","item":"https:\/\/wp.kristdemokraterna.se\/varnamo\/"},{"@type":"ListItem","position":2,"name":"Genomg\u00e5ng inf\u00f6r Rikstinget"}]},{"@type":"WebSite","@id":"https:\/\/wp.kristdemokraterna.se\/varnamo\/#website","url":"https:\/\/wp.kristdemokraterna.se\/varnamo\/","name":"KRISTDEMOKRATERNA V\u00c4RNAMO","description":"Med hj\u00e4rta f\u00f6r V\u00e4rnamo","publisher":{"@id":"https:\/\/wp.kristdemokraterna.se\/varnamo\/#organization"},"inLanguage":"sv-SE"},{"@type":"Organization","@id":"https:\/\/wp.kristdemokraterna.se\/varnamo\/#organization","name":"Kristdemokraterna V\u00e4rnamo","url":"https:\/\/wp.kristdemokraterna.se\/varnamo\/","logo":{"@type":"ImageObject","inLanguage":"sv-SE","@id":"https:\/\/wp.kristdemokraterna.se\/varnamo\/#\/schema\/logo\/image\/","url":"https:\/\/wp.kristdemokraterna.se\/varnamo\/files\/2022\/08\/va\u2560ernamo-sida-bla-300dpi.png","contentUrl":"https:\/\/wp.kristdemokraterna.se\/varnamo\/files\/2022\/08\/va\u2560ernamo-sida-bla-300dpi.png","width":1485,"height":681,"caption":"Kristdemokraterna V\u00e4rnamo"},"image":{"@id":"https:\/\/wp.kristdemokraterna.se\/varnamo\/#\/schema\/logo\/image\/"},"sameAs":["https:\/\/www.facebook.com\/KDVarnamo\/","https:\/\/x.com\/KDVarnamo","https:\/\/www.instagram.com\/","https:\/\/www.youtube.com\/user\/studiokd\/videos"]},{"@type":"Person","@id":"https:\/\/wp.kristdemokraterna.se\/varnamo\/#\/schema\/person\/4e339ab04d613699e4dfe80a994e01d4","name":"Kristdemokraterna V\u00e4rnamo","image":{"@type":"ImageObject","inLanguage":"sv-SE","@id":"https:\/\/secure.gravatar.com\/avatar\/c122e48c7723992af51eb155eeaa93db3c1fa324e3fc6ec45dd712c812809b5b?s=96&r=g","url":"https:\/\/secure.gravatar.com\/avatar\/c122e48c7723992af51eb155eeaa93db3c1fa324e3fc6ec45dd712c812809b5b?s=96&r=g","contentUrl":"https:\/\/secure.gravatar.com\/avatar\/c122e48c7723992af51eb155eeaa93db3c1fa324e3fc6ec45dd712c812809b5b?s=96&r=g","caption":"Kristdemokraterna V\u00e4rnamo"},"description":"Familjens r\u00f6st","sameAs":["http:\/\/www.varnamo.kristdemokraterna.se"],"url":"https:\/\/wp.kristdemokraterna.se\/varnamo\/author\/varnamo\/"}]}},"_links":{"self":[{"href":"https:\/\/wp.kristdemokraterna.se\/varnamo\/wp-json\/wp\/v2\/posts\/2475","targetHints":{"allow":["GET"]}}],"collection":[{"href":"https:\/\/wp.kristdemokraterna.se\/varnamo\/wp-json\/wp\/v2\/posts"}],"about":[{"href":"https:\/\/wp.kristdemokraterna.se\/varnamo\/wp-json\/wp\/v2\/types\/post"}],"author":[{"embeddable":true,"href":"https:\/\/wp.kristdemokraterna.se\/varnamo\/wp-json\/wp\/v2\/users\/412"}],"replies":[{"embeddable":true,"href":"https:\/\/wp.kristdemokraterna.se\/varnamo\/wp-json\/wp\/v2\/comments?post=2475"}],"version-history":[{"count":6,"href":"https:\/\/wp.kristdemokraterna.se\/varnamo\/wp-json\/wp\/v2\/posts\/2475\/revisions"}],"predecessor-version":[{"id":6632,"href":"https:\/\/wp.kristdemokraterna.se\/varnamo\/wp-json\/wp\/v2\/posts\/2475\/revisions\/6632"}],"wp:featuredmedia":[{"embeddable":true,"href":"https:\/\/wp.kristdemokraterna.se\/varnamo\/wp-json\/wp\/v2\/media\/2476"}],"wp:attachment":[{"href":"https:\/\/wp.kristdemokraterna.se\/varnamo\/wp-json\/wp\/v2\/media?parent=2475"}],"wp:term":[{"taxonomy":"category","embeddable":true,"href":"https:\/\/wp.kristdemokraterna.se\/varnamo\/wp-json\/wp\/v2\/categories?post=2475"},{"taxonomy":"post_tag","embeddable":true,"href":"https:\/\/wp.kristdemokraterna.se\/varnamo\/wp-json\/wp\/v2\/tags?post=2475"}],"curies":[{"name":"wp","href":"https:\/\/api.w.org\/{rel}","templated":true}]}}