{"id":2566,"date":"2010-09-17T21:25:38","date_gmt":"2010-09-17T19:25:38","guid":{"rendered":"http:\/\/wp.kristdemokraterna.se\/varnamo\/?p=2566"},"modified":"2015-07-10T17:12:41","modified_gmt":"2015-07-10T15:12:41","slug":"maria-larsson-kd-i-varnamo-tva-dagar-i-rad","status":"publish","type":"post","link":"https:\/\/wp.kristdemokraterna.se\/varnamo\/2010\/09\/17\/maria-larsson-kd-i-varnamo-tva-dagar-i-rad\/","title":{"rendered":"Maria Larsson (KD) i V\u00e4rnamo tv\u00e5 dagar i rad"},"content":{"rendered":"<div style=\"width: 310px\" class=\"wp-caption alignnone\"><a href=\"http:\/\/wp.kristdemokraterna.se\/varnamo\/files\/2013\/03\/20100916_MariaLarsson.png\"><img loading=\"lazy\" decoding=\"async\" title=\"20100916_MariaLarsson\" src=\"http:\/\/wp.kristdemokraterna.se\/varnamo\/files\/2013\/03\/20100916_MariaLarsson.png\" alt=\"Maria Larsson (KD) talade om valfrihet i \u00e4ldreomsorgen. (Foto: H\u00e5kan Johansson)\" width=\"300\" height=\"400\" \/><\/a><p class=\"wp-caption-text\">Maria Larsson (KD) talade om valfrihet i \u00e4ldreomsorgen. (Foto: H\u00e5kan Johansson)<\/p><\/div>\n<p>Kristdemokraternas vice ordf\u00f6rande, \u00e4ldre- och folkh\u00e4lsominister Maria Larsson,Gnosj\u00f6, bes\u00f6kte Kristdemokraterna V\u00e4rnamo tv\u00e5 dagar i rad. P\u00e5 torsdagen h\u00f6ll hon torgm\u00f6te och talade varmt om \u00e4ldres situation i samh\u00e4llet och vikten av valfrihet i \u00e4ldreomsorg och hemtj\u00e4nst med mera.<\/p>\n<p><!--more-->P\u00e5 fredagskv\u00e4llen deltog hon i natt\u00f6ppet som Kristdemokraterna V\u00e4rnamo ordnade vid valstugan, den lilla s\u00f6ta vita lekstugan med bl\u00e5a knutar. D\u00e4r d\u00f6k \u00e4ven riksdagskandidat Andreas Carlson, Mullsj\u00f6, upp tillsammans med KDU (Kristdemokratiska ungdomsf\u00f6rbundet). Andreas har stora m\u00f6jligheter att bli den yngste ledamoten i riksdagen efter valet imorgon.<\/p>\n<div style=\"width: 410px\" class=\"wp-caption alignnone\"><a href=\"http:\/\/wp.kristdemokraterna.se\/varnamo\/files\/2013\/03\/20100916_MariaLarssonIVimlet.png\"><img loading=\"lazy\" decoding=\"async\" title=\"20100916_MariaLarssonIVimlet\" src=\"http:\/\/wp.kristdemokraterna.se\/varnamo\/files\/2013\/03\/20100916_MariaLarssonIVimlet.png\" alt=\"\u00c4ldre- och folkh\u00e4lsominister Maria Larsson (KD) mitt i vimlet. (Foto: H\u00e5kan Johansson)\" width=\"400\" height=\"251\" \/><\/a><p class=\"wp-caption-text\">\u00c4ldre- och folkh\u00e4lsominister Maria Larsson (KD) mitt i vimlet. (Foto: H\u00e5kan Johansson)<\/p><\/div>\n","protected":false},"excerpt":{"rendered":"<p>Kristdemokraternas vice ordf\u00f6rande, \u00e4ldre- och folkh\u00e4lsominister Maria Larsson,Gnosj\u00f6, bes\u00f6kte Kristdemokraterna V\u00e4rnamo tv\u00e5 dagar i rad. P\u00e5 torsdagen h\u00f6ll hon torgm\u00f6te och talade varmt om \u00e4ldres situation i samh\u00e4llet och vikten av valfrihet i \u00e4ldreomsorg och hemtj\u00e4nst med mera.<\/p>\n","protected":false},"author":412,"featured_media":9638,"comment_status":"closed","ping_status":"closed","sticky":false,"template":"","format":"standard","meta":{"_acf_changed":false,"footnotes":""},"categories":[11],"tags":[32,40,83,146,135,68,45,145,62],"class_list":["post-2566","post","type-post","status-publish","format-standard","hentry","category-nyheter","tag-aldre","tag-aldreomsorg","tag-andreas-carlson","tag-hemtjanst","tag-kdu","tag-maria-larsson","tag-minister","tag-valfrihet","tag-valrorelse"],"acf":[],"yoast_head":"<!-- This site is optimized with the Yoast SEO plugin v27.4 - https:\/\/yoast.com\/product\/yoast-seo-wordpress\/ -->\n<title>Maria Larsson (KD) i V\u00e4rnamo tv\u00e5 dagar i rad - KRISTDEMOKRATERNA V\u00c4RNAMO<\/title>\n<meta name=\"robots\" content=\"index, follow, max-snippet:-1, max-image-preview:large, max-video-preview:-1\" \/>\n<link rel=\"canonical\" href=\"https:\/\/wp.kristdemokraterna.se\/varnamo\/2010\/09\/17\/maria-larsson-kd-i-varnamo-tva-dagar-i-rad\/\" \/>\n<meta property=\"og:locale\" content=\"sv_SE\" \/>\n<meta property=\"og:type\" content=\"article\" \/>\n<meta property=\"og:title\" content=\"Maria Larsson (KD) i V\u00e4rnamo tv\u00e5 dagar i rad - KRISTDEMOKRATERNA V\u00c4RNAMO\" \/>\n<meta property=\"og:description\" content=\"Kristdemokraternas vice ordf\u00f6rande, \u00e4ldre- och folkh\u00e4lsominister Maria Larsson,Gnosj\u00f6, bes\u00f6kte Kristdemokraterna V\u00e4rnamo tv\u00e5 dagar i rad. P\u00e5 torsdagen h\u00f6ll hon torgm\u00f6te och talade varmt om \u00e4ldres situation i samh\u00e4llet och vikten av valfrihet i \u00e4ldreomsorg och hemtj\u00e4nst med mera.\" \/>\n<meta property=\"og:url\" content=\"https:\/\/wp.kristdemokraterna.se\/varnamo\/2010\/09\/17\/maria-larsson-kd-i-varnamo-tva-dagar-i-rad\/\" \/>\n<meta property=\"og:site_name\" content=\"KRISTDEMOKRATERNA V\u00c4RNAMO\" \/>\n<meta property=\"article:publisher\" content=\"https:\/\/www.facebook.com\/KDVarnamo\/\" \/>\n<meta property=\"article:published_time\" content=\"2010-09-17T19:25:38+00:00\" \/>\n<meta property=\"article:modified_time\" content=\"2015-07-10T15:12:41+00:00\" \/>\n<meta property=\"og:image\" content=\"http:\/\/wp.kristdemokraterna.se\/varnamo\/files\/2013\/03\/20100916_MariaLarsson.png\" \/>\n<meta name=\"author\" content=\"Kristdemokraterna V\u00e4rnamo\" \/>\n<meta name=\"twitter:card\" content=\"summary_large_image\" \/>\n<meta name=\"twitter:creator\" content=\"@KDVarnamo\" \/>\n<meta name=\"twitter:site\" content=\"@KDVarnamo\" \/>\n<meta name=\"twitter:label1\" content=\"Skriven av\" \/>\n\t<meta name=\"twitter:data1\" content=\"Kristdemokraterna V\u00e4rnamo\" \/>\n\t<meta name=\"twitter:label2\" content=\"Ber\u00e4knad l\u00e4stid\" \/>\n\t<meta name=\"twitter:data2\" content=\"1 minut\" \/>\n<script type=\"application\/ld+json\" class=\"yoast-schema-graph\">{\"@context\":\"https:\\\/\\\/schema.org\",\"@graph\":[{\"@type\":\"Article\",\"@id\":\"https:\\\/\\\/wp.kristdemokraterna.se\\\/varnamo\\\/2010\\\/09\\\/17\\\/maria-larsson-kd-i-varnamo-tva-dagar-i-rad\\\/#article\",\"isPartOf\":{\"@id\":\"https:\\\/\\\/wp.kristdemokraterna.se\\\/varnamo\\\/2010\\\/09\\\/17\\\/maria-larsson-kd-i-varnamo-tva-dagar-i-rad\\\/\"},\"author\":{\"name\":\"Kristdemokraterna V\u00e4rnamo\",\"@id\":\"https:\\\/\\\/wp.kristdemokraterna.se\\\/varnamo\\\/#\\\/schema\\\/person\\\/4e339ab04d613699e4dfe80a994e01d4\"},\"headline\":\"Maria Larsson (KD) i V\u00e4rnamo tv\u00e5 dagar i rad\",\"datePublished\":\"2010-09-17T19:25:38+00:00\",\"dateModified\":\"2015-07-10T15:12:41+00:00\",\"mainEntityOfPage\":{\"@id\":\"https:\\\/\\\/wp.kristdemokraterna.se\\\/varnamo\\\/2010\\\/09\\\/17\\\/maria-larsson-kd-i-varnamo-tva-dagar-i-rad\\\/\"},\"wordCount\":151,\"publisher\":{\"@id\":\"https:\\\/\\\/wp.kristdemokraterna.se\\\/varnamo\\\/#organization\"},\"image\":{\"@id\":\"https:\\\/\\\/wp.kristdemokraterna.se\\\/varnamo\\\/2010\\\/09\\\/17\\\/maria-larsson-kd-i-varnamo-tva-dagar-i-rad\\\/#primaryimage\"},\"thumbnailUrl\":\"https:\\\/\\\/wp.kristdemokraterna.se\\\/varnamo\\\/files\\\/2022\\\/08\\\/kd-logo-blue.png\",\"keywords\":[\"\u00e4ldre\",\"\u00e4ldreomsorg\",\"Andreas Carlson\",\"hemtj\u00e4nst\",\"KDU\",\"Maria Larsson\",\"minister\",\"valfrihet\",\"valr\u00f6relse\"],\"articleSection\":[\"Nyheter\"],\"inLanguage\":\"sv-SE\"},{\"@type\":\"WebPage\",\"@id\":\"https:\\\/\\\/wp.kristdemokraterna.se\\\/varnamo\\\/2010\\\/09\\\/17\\\/maria-larsson-kd-i-varnamo-tva-dagar-i-rad\\\/\",\"url\":\"https:\\\/\\\/wp.kristdemokraterna.se\\\/varnamo\\\/2010\\\/09\\\/17\\\/maria-larsson-kd-i-varnamo-tva-dagar-i-rad\\\/\",\"name\":\"Maria Larsson (KD) i V\u00e4rnamo tv\u00e5 dagar i rad - KRISTDEMOKRATERNA V\u00c4RNAMO\",\"isPartOf\":{\"@id\":\"https:\\\/\\\/wp.kristdemokraterna.se\\\/varnamo\\\/#website\"},\"primaryImageOfPage\":{\"@id\":\"https:\\\/\\\/wp.kristdemokraterna.se\\\/varnamo\\\/2010\\\/09\\\/17\\\/maria-larsson-kd-i-varnamo-tva-dagar-i-rad\\\/#primaryimage\"},\"image\":{\"@id\":\"https:\\\/\\\/wp.kristdemokraterna.se\\\/varnamo\\\/2010\\\/09\\\/17\\\/maria-larsson-kd-i-varnamo-tva-dagar-i-rad\\\/#primaryimage\"},\"thumbnailUrl\":\"https:\\\/\\\/wp.kristdemokraterna.se\\\/varnamo\\\/files\\\/2022\\\/08\\\/kd-logo-blue.png\",\"datePublished\":\"2010-09-17T19:25:38+00:00\",\"dateModified\":\"2015-07-10T15:12:41+00:00\",\"breadcrumb\":{\"@id\":\"https:\\\/\\\/wp.kristdemokraterna.se\\\/varnamo\\\/2010\\\/09\\\/17\\\/maria-larsson-kd-i-varnamo-tva-dagar-i-rad\\\/#breadcrumb\"},\"inLanguage\":\"sv-SE\",\"potentialAction\":[{\"@type\":\"ReadAction\",\"target\":[\"https:\\\/\\\/wp.kristdemokraterna.se\\\/varnamo\\\/2010\\\/09\\\/17\\\/maria-larsson-kd-i-varnamo-tva-dagar-i-rad\\\/\"]}]},{\"@type\":\"ImageObject\",\"inLanguage\":\"sv-SE\",\"@id\":\"https:\\\/\\\/wp.kristdemokraterna.se\\\/varnamo\\\/2010\\\/09\\\/17\\\/maria-larsson-kd-i-varnamo-tva-dagar-i-rad\\\/#primaryimage\",\"url\":\"https:\\\/\\\/wp.kristdemokraterna.se\\\/varnamo\\\/files\\\/2022\\\/08\\\/kd-logo-blue.png\",\"contentUrl\":\"https:\\\/\\\/wp.kristdemokraterna.se\\\/varnamo\\\/files\\\/2022\\\/08\\\/kd-logo-blue.png\",\"width\":2000,\"height\":2000,\"caption\":\"Kristdemokraternas logotyp\"},{\"@type\":\"BreadcrumbList\",\"@id\":\"https:\\\/\\\/wp.kristdemokraterna.se\\\/varnamo\\\/2010\\\/09\\\/17\\\/maria-larsson-kd-i-varnamo-tva-dagar-i-rad\\\/#breadcrumb\",\"itemListElement\":[{\"@type\":\"ListItem\",\"position\":1,\"name\":\"Hem\",\"item\":\"https:\\\/\\\/wp.kristdemokraterna.se\\\/varnamo\\\/\"},{\"@type\":\"ListItem\",\"position\":2,\"name\":\"Maria Larsson (KD) i V\u00e4rnamo tv\u00e5 dagar i rad\"}]},{\"@type\":\"WebSite\",\"@id\":\"https:\\\/\\\/wp.kristdemokraterna.se\\\/varnamo\\\/#website\",\"url\":\"https:\\\/\\\/wp.kristdemokraterna.se\\\/varnamo\\\/\",\"name\":\"KRISTDEMOKRATERNA V\u00c4RNAMO\",\"description\":\"Med hj\u00e4rta f\u00f6r V\u00e4rnamo\",\"publisher\":{\"@id\":\"https:\\\/\\\/wp.kristdemokraterna.se\\\/varnamo\\\/#organization\"},\"inLanguage\":\"sv-SE\"},{\"@type\":\"Organization\",\"@id\":\"https:\\\/\\\/wp.kristdemokraterna.se\\\/varnamo\\\/#organization\",\"name\":\"Kristdemokraterna V\u00e4rnamo\",\"url\":\"https:\\\/\\\/wp.kristdemokraterna.se\\\/varnamo\\\/\",\"logo\":{\"@type\":\"ImageObject\",\"inLanguage\":\"sv-SE\",\"@id\":\"https:\\\/\\\/wp.kristdemokraterna.se\\\/varnamo\\\/#\\\/schema\\\/logo\\\/image\\\/\",\"url\":\"https:\\\/\\\/wp.kristdemokraterna.se\\\/varnamo\\\/files\\\/2022\\\/08\\\/va\u2560ernamo-sida-bla-300dpi.png\",\"contentUrl\":\"https:\\\/\\\/wp.kristdemokraterna.se\\\/varnamo\\\/files\\\/2022\\\/08\\\/va\u2560ernamo-sida-bla-300dpi.png\",\"width\":1485,\"height\":681,\"caption\":\"Kristdemokraterna V\u00e4rnamo\"},\"image\":{\"@id\":\"https:\\\/\\\/wp.kristdemokraterna.se\\\/varnamo\\\/#\\\/schema\\\/logo\\\/image\\\/\"},\"sameAs\":[\"https:\\\/\\\/www.facebook.com\\\/KDVarnamo\\\/\",\"https:\\\/\\\/x.com\\\/KDVarnamo\",\"https:\\\/\\\/www.instagram.com\\\/\",\"https:\\\/\\\/www.youtube.com\\\/user\\\/studiokd\\\/videos\"]},{\"@type\":\"Person\",\"@id\":\"https:\\\/\\\/wp.kristdemokraterna.se\\\/varnamo\\\/#\\\/schema\\\/person\\\/4e339ab04d613699e4dfe80a994e01d4\",\"name\":\"Kristdemokraterna V\u00e4rnamo\",\"image\":{\"@type\":\"ImageObject\",\"inLanguage\":\"sv-SE\",\"@id\":\"https:\\\/\\\/secure.gravatar.com\\\/avatar\\\/c122e48c7723992af51eb155eeaa93db3c1fa324e3fc6ec45dd712c812809b5b?s=96&r=g\",\"url\":\"https:\\\/\\\/secure.gravatar.com\\\/avatar\\\/c122e48c7723992af51eb155eeaa93db3c1fa324e3fc6ec45dd712c812809b5b?s=96&r=g\",\"contentUrl\":\"https:\\\/\\\/secure.gravatar.com\\\/avatar\\\/c122e48c7723992af51eb155eeaa93db3c1fa324e3fc6ec45dd712c812809b5b?s=96&r=g\",\"caption\":\"Kristdemokraterna V\u00e4rnamo\"},\"description\":\"Familjens r\u00f6st\",\"sameAs\":[\"http:\\\/\\\/www.varnamo.kristdemokraterna.se\"],\"url\":\"https:\\\/\\\/wp.kristdemokraterna.se\\\/varnamo\\\/author\\\/varnamo\\\/\"}]}<\/script>\n<!-- \/ Yoast SEO plugin. -->","yoast_head_json":{"title":"Maria Larsson (KD) i V\u00e4rnamo tv\u00e5 dagar i rad - KRISTDEMOKRATERNA V\u00c4RNAMO","robots":{"index":"index","follow":"follow","max-snippet":"max-snippet:-1","max-image-preview":"max-image-preview:large","max-video-preview":"max-video-preview:-1"},"canonical":"https:\/\/wp.kristdemokraterna.se\/varnamo\/2010\/09\/17\/maria-larsson-kd-i-varnamo-tva-dagar-i-rad\/","og_locale":"sv_SE","og_type":"article","og_title":"Maria Larsson (KD) i V\u00e4rnamo tv\u00e5 dagar i rad - KRISTDEMOKRATERNA V\u00c4RNAMO","og_description":"Kristdemokraternas vice ordf\u00f6rande, \u00e4ldre- och folkh\u00e4lsominister Maria Larsson,Gnosj\u00f6, bes\u00f6kte Kristdemokraterna V\u00e4rnamo tv\u00e5 dagar i rad. P\u00e5 torsdagen h\u00f6ll hon torgm\u00f6te och talade varmt om \u00e4ldres situation i samh\u00e4llet och vikten av valfrihet i \u00e4ldreomsorg och hemtj\u00e4nst med mera.","og_url":"https:\/\/wp.kristdemokraterna.se\/varnamo\/2010\/09\/17\/maria-larsson-kd-i-varnamo-tva-dagar-i-rad\/","og_site_name":"KRISTDEMOKRATERNA V\u00c4RNAMO","article_publisher":"https:\/\/www.facebook.com\/KDVarnamo\/","article_published_time":"2010-09-17T19:25:38+00:00","article_modified_time":"2015-07-10T15:12:41+00:00","og_image":[{"url":"http:\/\/wp.kristdemokraterna.se\/varnamo\/files\/2013\/03\/20100916_MariaLarsson.png","type":"","width":"","height":""}],"author":"Kristdemokraterna V\u00e4rnamo","twitter_card":"summary_large_image","twitter_creator":"@KDVarnamo","twitter_site":"@KDVarnamo","twitter_misc":{"Skriven av":"Kristdemokraterna V\u00e4rnamo","Ber\u00e4knad l\u00e4stid":"1 minut"},"schema":{"@context":"https:\/\/schema.org","@graph":[{"@type":"Article","@id":"https:\/\/wp.kristdemokraterna.se\/varnamo\/2010\/09\/17\/maria-larsson-kd-i-varnamo-tva-dagar-i-rad\/#article","isPartOf":{"@id":"https:\/\/wp.kristdemokraterna.se\/varnamo\/2010\/09\/17\/maria-larsson-kd-i-varnamo-tva-dagar-i-rad\/"},"author":{"name":"Kristdemokraterna V\u00e4rnamo","@id":"https:\/\/wp.kristdemokraterna.se\/varnamo\/#\/schema\/person\/4e339ab04d613699e4dfe80a994e01d4"},"headline":"Maria Larsson (KD) i V\u00e4rnamo tv\u00e5 dagar i rad","datePublished":"2010-09-17T19:25:38+00:00","dateModified":"2015-07-10T15:12:41+00:00","mainEntityOfPage":{"@id":"https:\/\/wp.kristdemokraterna.se\/varnamo\/2010\/09\/17\/maria-larsson-kd-i-varnamo-tva-dagar-i-rad\/"},"wordCount":151,"publisher":{"@id":"https:\/\/wp.kristdemokraterna.se\/varnamo\/#organization"},"image":{"@id":"https:\/\/wp.kristdemokraterna.se\/varnamo\/2010\/09\/17\/maria-larsson-kd-i-varnamo-tva-dagar-i-rad\/#primaryimage"},"thumbnailUrl":"https:\/\/wp.kristdemokraterna.se\/varnamo\/files\/2022\/08\/kd-logo-blue.png","keywords":["\u00e4ldre","\u00e4ldreomsorg","Andreas Carlson","hemtj\u00e4nst","KDU","Maria Larsson","minister","valfrihet","valr\u00f6relse"],"articleSection":["Nyheter"],"inLanguage":"sv-SE"},{"@type":"WebPage","@id":"https:\/\/wp.kristdemokraterna.se\/varnamo\/2010\/09\/17\/maria-larsson-kd-i-varnamo-tva-dagar-i-rad\/","url":"https:\/\/wp.kristdemokraterna.se\/varnamo\/2010\/09\/17\/maria-larsson-kd-i-varnamo-tva-dagar-i-rad\/","name":"Maria Larsson (KD) i V\u00e4rnamo tv\u00e5 dagar i rad - KRISTDEMOKRATERNA V\u00c4RNAMO","isPartOf":{"@id":"https:\/\/wp.kristdemokraterna.se\/varnamo\/#website"},"primaryImageOfPage":{"@id":"https:\/\/wp.kristdemokraterna.se\/varnamo\/2010\/09\/17\/maria-larsson-kd-i-varnamo-tva-dagar-i-rad\/#primaryimage"},"image":{"@id":"https:\/\/wp.kristdemokraterna.se\/varnamo\/2010\/09\/17\/maria-larsson-kd-i-varnamo-tva-dagar-i-rad\/#primaryimage"},"thumbnailUrl":"https:\/\/wp.kristdemokraterna.se\/varnamo\/files\/2022\/08\/kd-logo-blue.png","datePublished":"2010-09-17T19:25:38+00:00","dateModified":"2015-07-10T15:12:41+00:00","breadcrumb":{"@id":"https:\/\/wp.kristdemokraterna.se\/varnamo\/2010\/09\/17\/maria-larsson-kd-i-varnamo-tva-dagar-i-rad\/#breadcrumb"},"inLanguage":"sv-SE","potentialAction":[{"@type":"ReadAction","target":["https:\/\/wp.kristdemokraterna.se\/varnamo\/2010\/09\/17\/maria-larsson-kd-i-varnamo-tva-dagar-i-rad\/"]}]},{"@type":"ImageObject","inLanguage":"sv-SE","@id":"https:\/\/wp.kristdemokraterna.se\/varnamo\/2010\/09\/17\/maria-larsson-kd-i-varnamo-tva-dagar-i-rad\/#primaryimage","url":"https:\/\/wp.kristdemokraterna.se\/varnamo\/files\/2022\/08\/kd-logo-blue.png","contentUrl":"https:\/\/wp.kristdemokraterna.se\/varnamo\/files\/2022\/08\/kd-logo-blue.png","width":2000,"height":2000,"caption":"Kristdemokraternas logotyp"},{"@type":"BreadcrumbList","@id":"https:\/\/wp.kristdemokraterna.se\/varnamo\/2010\/09\/17\/maria-larsson-kd-i-varnamo-tva-dagar-i-rad\/#breadcrumb","itemListElement":[{"@type":"ListItem","position":1,"name":"Hem","item":"https:\/\/wp.kristdemokraterna.se\/varnamo\/"},{"@type":"ListItem","position":2,"name":"Maria Larsson (KD) i V\u00e4rnamo tv\u00e5 dagar i rad"}]},{"@type":"WebSite","@id":"https:\/\/wp.kristdemokraterna.se\/varnamo\/#website","url":"https:\/\/wp.kristdemokraterna.se\/varnamo\/","name":"KRISTDEMOKRATERNA V\u00c4RNAMO","description":"Med hj\u00e4rta f\u00f6r V\u00e4rnamo","publisher":{"@id":"https:\/\/wp.kristdemokraterna.se\/varnamo\/#organization"},"inLanguage":"sv-SE"},{"@type":"Organization","@id":"https:\/\/wp.kristdemokraterna.se\/varnamo\/#organization","name":"Kristdemokraterna V\u00e4rnamo","url":"https:\/\/wp.kristdemokraterna.se\/varnamo\/","logo":{"@type":"ImageObject","inLanguage":"sv-SE","@id":"https:\/\/wp.kristdemokraterna.se\/varnamo\/#\/schema\/logo\/image\/","url":"https:\/\/wp.kristdemokraterna.se\/varnamo\/files\/2022\/08\/va\u2560ernamo-sida-bla-300dpi.png","contentUrl":"https:\/\/wp.kristdemokraterna.se\/varnamo\/files\/2022\/08\/va\u2560ernamo-sida-bla-300dpi.png","width":1485,"height":681,"caption":"Kristdemokraterna V\u00e4rnamo"},"image":{"@id":"https:\/\/wp.kristdemokraterna.se\/varnamo\/#\/schema\/logo\/image\/"},"sameAs":["https:\/\/www.facebook.com\/KDVarnamo\/","https:\/\/x.com\/KDVarnamo","https:\/\/www.instagram.com\/","https:\/\/www.youtube.com\/user\/studiokd\/videos"]},{"@type":"Person","@id":"https:\/\/wp.kristdemokraterna.se\/varnamo\/#\/schema\/person\/4e339ab04d613699e4dfe80a994e01d4","name":"Kristdemokraterna V\u00e4rnamo","image":{"@type":"ImageObject","inLanguage":"sv-SE","@id":"https:\/\/secure.gravatar.com\/avatar\/c122e48c7723992af51eb155eeaa93db3c1fa324e3fc6ec45dd712c812809b5b?s=96&r=g","url":"https:\/\/secure.gravatar.com\/avatar\/c122e48c7723992af51eb155eeaa93db3c1fa324e3fc6ec45dd712c812809b5b?s=96&r=g","contentUrl":"https:\/\/secure.gravatar.com\/avatar\/c122e48c7723992af51eb155eeaa93db3c1fa324e3fc6ec45dd712c812809b5b?s=96&r=g","caption":"Kristdemokraterna V\u00e4rnamo"},"description":"Familjens r\u00f6st","sameAs":["http:\/\/www.varnamo.kristdemokraterna.se"],"url":"https:\/\/wp.kristdemokraterna.se\/varnamo\/author\/varnamo\/"}]}},"_links":{"self":[{"href":"https:\/\/wp.kristdemokraterna.se\/varnamo\/wp-json\/wp\/v2\/posts\/2566","targetHints":{"allow":["GET"]}}],"collection":[{"href":"https:\/\/wp.kristdemokraterna.se\/varnamo\/wp-json\/wp\/v2\/posts"}],"about":[{"href":"https:\/\/wp.kristdemokraterna.se\/varnamo\/wp-json\/wp\/v2\/types\/post"}],"author":[{"embeddable":true,"href":"https:\/\/wp.kristdemokraterna.se\/varnamo\/wp-json\/wp\/v2\/users\/412"}],"replies":[{"embeddable":true,"href":"https:\/\/wp.kristdemokraterna.se\/varnamo\/wp-json\/wp\/v2\/comments?post=2566"}],"version-history":[{"count":5,"href":"https:\/\/wp.kristdemokraterna.se\/varnamo\/wp-json\/wp\/v2\/posts\/2566\/revisions"}],"predecessor-version":[{"id":6679,"href":"https:\/\/wp.kristdemokraterna.se\/varnamo\/wp-json\/wp\/v2\/posts\/2566\/revisions\/6679"}],"wp:featuredmedia":[{"embeddable":true,"href":"https:\/\/wp.kristdemokraterna.se\/varnamo\/wp-json\/wp\/v2\/media\/9638"}],"wp:attachment":[{"href":"https:\/\/wp.kristdemokraterna.se\/varnamo\/wp-json\/wp\/v2\/media?parent=2566"}],"wp:term":[{"taxonomy":"category","embeddable":true,"href":"https:\/\/wp.kristdemokraterna.se\/varnamo\/wp-json\/wp\/v2\/categories?post=2566"},{"taxonomy":"post_tag","embeddable":true,"href":"https:\/\/wp.kristdemokraterna.se\/varnamo\/wp-json\/wp\/v2\/tags?post=2566"}],"curies":[{"name":"wp","href":"https:\/\/api.w.org\/{rel}","templated":true}]}}