{"id":2591,"date":"2010-09-04T22:27:07","date_gmt":"2010-09-04T20:27:07","guid":{"rendered":"http:\/\/wp.kristdemokraterna.se\/varnamo\/?p=2591"},"modified":"2015-07-10T17:19:35","modified_gmt":"2015-07-10T15:19:35","slug":"goran-hagglund-kd-besokte-varnamo","status":"publish","type":"post","link":"https:\/\/wp.kristdemokraterna.se\/varnamo\/2010\/09\/04\/goran-hagglund-kd-besokte-varnamo\/","title":{"rendered":"G\u00f6ran H\u00e4gglund (KD) bes\u00f6kte V\u00e4rnamo"},"content":{"rendered":"<div style=\"width: 410px\" class=\"wp-caption alignnone\"><a href=\"http:\/\/wp.kristdemokraterna.se\/varnamo\/files\/2013\/03\/20100904_GoranHagglund_Bil_Band.png\"><img loading=\"lazy\" decoding=\"async\" title=\"20100904_GoranHagglund_Bil_Band\" src=\"http:\/\/wp.kristdemokraterna.se\/varnamo\/files\/2013\/03\/20100904_GoranHagglund_Bil_Band.png\" alt=\"G\u00f6ran H\u00e4gglund (KD) framf\u00f6r sin bil tillsammans med delar av Verklighetens band. (Foto: Arnold Carlzon)\" width=\"400\" height=\"300\" \/><\/a><p class=\"wp-caption-text\">G\u00f6ran H\u00e4gglund (KD) framf\u00f6r sin bil tillsammans med delar av Verklighetens band. (Foto: Arnold Carlzon)<\/p><\/div>\n<p>Kristdemokraternas partiledare, G\u00f6ran H\u00e4gglund, anl\u00e4nde till ett sensommarfagert V\u00e4rnamo i en djuriskt l\u00e4cker van. D\u00e4r m\u00f6tte han bland andra\u00a0<em>Verklighetens band<\/em>\u00a0som stod f\u00f6r den musikaliska underh\u00e5llningen.<\/p>\n<p><!--more--><\/p>\n<p>Sveriges roligaste och b\u00e4sta partiledare, G\u00f6ran H\u00e4gglund (KD), bes\u00f6kte V\u00e4rnamo. Sj\u00e4lvklart blev det folkfest i marknadsstaden.<\/p>\n<p>&#8211; Den h\u00e4ftigaste h\u00e4ndelsen i hela valr\u00f6relsen i V\u00e4rnamo, konstaterar Kristdemokraternas valledare Arnold Carlzon.<\/p>\n<p>Gunnar Crona (KD), V\u00e4rnamo, ledde utfr\u00e5gningen av socialminister G\u00f6ran H\u00e4gglund (KD), som fick besvara m\u00e5nga b\u00e5de allvarliga och mer l\u00e4ttsamma fr\u00e5gor framf\u00f6r \u00e5rets familjev\u00e4nligaste valstuga &#8211; Kristdemokraternas lekstuga.<\/p>\n<p>Kristdemokraternas partiledare G\u00f6ran H\u00e4gglund, som har gjort sig k\u00e4nd som en rolig och kvickt\u00e4nkt politiker, lockade fram m\u00e5nga skratt under intervjun. Det allra viktigaste budskapet var att Sverige beh\u00f6ver bli m\u00e4nskligare.<\/p>\n<p>Efter intervjun gav sig G\u00f6ran H\u00e4gglund (KD) ut i marknadsvimlet d\u00e4r m\u00e5nga marknadsbes\u00f6kare passade p\u00e5 att skaka hand och st\u00e4lla sina fr\u00e5gor till den popul\u00e4re partiledaren.<\/p>\n<p>N\u00e4r mannen med sin ombyggda sportbil fr\u00e5gade G\u00f6ran H\u00e4gglund (KD) om han ville provsitta bilen var naturligtvis inte socialministern sen att tacka ja.<\/p>\n<p>KDU (Kristdemokratiska ungdomsf\u00f6rbundet) var ocks\u00e5 p\u00e5 plats f\u00f6r att tr\u00e4ffa sin partiledare. Johannes Sunesson \u00e4r ordf\u00f6rande f\u00f6r KDU i V\u00e4rnamo och Gabriella L\u00f6nn \u00e4r den yngsta kandidaten i v\u00e4rnamos kommunfullm\u00e4ktigeval.<\/p>\n<div style=\"width: 410px\" class=\"wp-caption alignnone\"><a href=\"http:\/\/wp.kristdemokraterna.se\/varnamo\/files\/2013\/03\/20100904_GoranHagglund_GunnarCrona.png\"><img loading=\"lazy\" decoding=\"async\" title=\"20100904_GoranHagglund_GunnarCrona\" src=\"http:\/\/wp.kristdemokraterna.se\/varnamo\/files\/2013\/03\/20100904_GoranHagglund_GunnarCrona.png\" alt=\"Kristdemokraternas partiledare G\u00f6ran H\u00e4gglund fr\u00e5gades ut av Gunnar Crona, V\u00e4rnamo. (Foto: Arnold Carlzon)\" width=\"400\" height=\"392\" \/><\/a><p class=\"wp-caption-text\">Kristdemokraternas partiledare G\u00f6ran H\u00e4gglund fr\u00e5gades ut av Gunnar Crona, V\u00e4rnamo. (Foto: Arnold Carlzon)<\/p><\/div>\n<div style=\"width: 410px\" class=\"wp-caption alignnone\"><a href=\"http:\/\/wp.kristdemokraterna.se\/varnamo\/files\/2013\/03\/20100904_GoranHagglund_Skamthumor.png\"><img loading=\"lazy\" decoding=\"async\" title=\"20100904_GoranHagglund_Skamthumor\" src=\"http:\/\/wp.kristdemokraterna.se\/varnamo\/files\/2013\/03\/20100904_GoranHagglund_Skamthumor.png\" alt=\"G\u00f6ran H\u00e4gglund hade roligt under sitt bes\u00f6k i V\u00e4rnamo. (Foto: Arnold Carlzon)\" width=\"400\" height=\"300\" \/><\/a><p class=\"wp-caption-text\">G\u00f6ran H\u00e4gglund hade roligt under sitt bes\u00f6k i V\u00e4rnamo. (Foto: Arnold Carlzon)<\/p><\/div>\n<div style=\"width: 410px\" class=\"wp-caption alignnone\"><a href=\"http:\/\/wp.kristdemokraterna.se\/varnamo\/files\/2013\/03\/20100904_GoranHagglund_Vimmel.png\"><img loading=\"lazy\" decoding=\"async\" title=\"20100904_GoranHagglund_Vimmel\" src=\"http:\/\/wp.kristdemokraterna.se\/varnamo\/files\/2013\/03\/20100904_GoranHagglund_Vimmel.png\" alt=\"G\u00f6ran H\u00e4gglund (KD) mitt i marknadsvimlet. (Foto: Arnold Carlzon)\" width=\"400\" height=\"300\" \/><\/a><p class=\"wp-caption-text\">G\u00f6ran H\u00e4gglund (KD) mitt i marknadsvimlet. (Foto: Arnold Carlzon)<\/p><\/div>\n<div style=\"width: 410px\" class=\"wp-caption alignnone\"><a href=\"http:\/\/wp.kristdemokraterna.se\/varnamo\/files\/2013\/03\/20100904_GoranHagglund_Sportbil.png\"><img loading=\"lazy\" decoding=\"async\" title=\"20100904_GoranHagglund_Sportbil\" src=\"http:\/\/wp.kristdemokraterna.se\/varnamo\/files\/2013\/03\/20100904_GoranHagglund_Sportbil.png\" alt=\"G\u00f6ran H\u00e4gglund (KD) passade p\u00e5 att k\u00f6ra ombyggd sportbil ocks\u00e5. (Foto: Arnold Carlzon)\" width=\"400\" height=\"300\" \/><\/a><p class=\"wp-caption-text\">G\u00f6ran H\u00e4gglund (KD) passade p\u00e5 att k\u00f6ra ombyggd sportbil ocks\u00e5. (Foto: Arnold Carlzon)<\/p><\/div>\n<div style=\"width: 410px\" class=\"wp-caption alignnone\"><a href=\"http:\/\/wp.kristdemokraterna.se\/varnamo\/files\/2013\/03\/20100904_GoranHagglund_kdu1.png\"><img loading=\"lazy\" decoding=\"async\" title=\"20100904_GoranHagglund_kdu1\" src=\"http:\/\/wp.kristdemokraterna.se\/varnamo\/files\/2013\/03\/20100904_GoranHagglund_kdu1.png\" alt=\"Johannes Sunesson (KDU), G\u00f6ran H\u00e4gglund (KD) och Gabriella L\u00f6nn (KDU). (Foto: Arnold Carlzon)\" width=\"400\" height=\"317\" \/><\/a><p class=\"wp-caption-text\">Johannes Sunesson (KDU), G\u00f6ran H\u00e4gglund (KD) och Gabriella L\u00f6nn (KDU). (Foto: Arnold Carlzon)<\/p><\/div>\n<h1>Annonserna<\/h1>\n<div style=\"width: 350px\" class=\"wp-caption alignnone\"><a href=\"http:\/\/wp.kristdemokraterna.se\/varnamo\/files\/2013\/03\/20100903_GoranHagglund_Snart.png\"><img loading=\"lazy\" decoding=\"async\" title=\"20100903_GoranHagglund_Snart\" src=\"http:\/\/wp.kristdemokraterna.se\/varnamo\/files\/2013\/03\/20100903_GoranHagglund_Snart.png\" alt=\"Snart kommer jag till V\u00e4rnamo! M\u00f6t Kristdemokraternas partiledare, socialminister G\u00f6ran H\u00e4gglund, vid valstugan p\u00e5 Flanaden. L\u00f6rdagen den 4\/9 kl. 13-14. Levande musik. Gratis fika. Kristdemokraterna - Ett m\u00e4nskligare Sverige. www.kristdemokraterna.se\" width=\"340\" height=\"265\" \/><\/a><p class=\"wp-caption-text\">Annons den 2 september 2010.<\/p><\/div>\n<div style=\"width: 350px\" class=\"wp-caption alignnone\"><a href=\"http:\/\/wp.kristdemokraterna.se\/varnamo\/files\/2013\/03\/20100903_GoranHagglund.png\"><img loading=\"lazy\" decoding=\"async\" title=\"20100903_GoranHagglund\" src=\"http:\/\/wp.kristdemokraterna.se\/varnamo\/files\/2013\/03\/20100903_GoranHagglund.png\" alt=\"Imorgon kommer jag till V\u00e4rnamo! M\u00f6t Kristdemokraternas partiledare, socialminister G\u00f6ran H\u00e4gglund, vid valstugan p\u00e5 Flanaden. L\u00f6rdagen den 4\/9 kl. 13-14. Levande musik. Gratis fika. Kristdemokraterna - Ett m\u00e4nskligare Sverige. www.kristdemokraterna.se\" width=\"340\" height=\"265\" \/><\/a><p class=\"wp-caption-text\">Annons den 3 september 2010<\/p><\/div>\n<div style=\"width: 528px\" class=\"wp-caption alignnone\"><a href=\"http:\/\/wp.kristdemokraterna.se\/varnamo\/files\/2013\/03\/20100904_GoranHagglund.png\"><img loading=\"lazy\" decoding=\"async\" title=\"20100904_GoranHagglund\" src=\"http:\/\/wp.kristdemokraterna.se\/varnamo\/files\/2013\/03\/20100904_GoranHagglund.png\" alt=\"L\u00e4gg dig i! M\u00f6t Kristdemokraternas partiledare, socialminister G\u00f6ran H\u00e4gglund, vid valstugan p\u00e5 Flanaden. L\u00f6rdagen den 4\/9 kl. 13-14. Musik? Verklighetens band. Gratis fika? Ja. Kristdemokraterna - Ett m\u00e4nskligare Sverige. www.kristdemokraterna.se\" width=\"518\" height=\"302\" \/><\/a><p class=\"wp-caption-text\">Annons den 4 september 2010<\/p><\/div>\n","protected":false},"excerpt":{"rendered":"<p>Kristdemokraternas partiledare, G\u00f6ran H\u00e4gglund, anl\u00e4nde till ett sensommarfagert V\u00e4rnamo i en djuriskt l\u00e4cker van. D\u00e4r m\u00f6tte han bland andra\u00a0Verklighetens band\u00a0som stod f\u00f6r den musikaliska underh\u00e5llningen.<\/p>\n","protected":false},"author":412,"featured_media":9638,"comment_status":"closed","ping_status":"closed","sticky":false,"template":"","format":"standard","meta":{"_acf_changed":false,"footnotes":""},"categories":[11],"tags":[22,133,117,25,134,135,48,107,45,159,62,160],"class_list":["post-2591","post","type-post","status-publish","format-standard","hentry","category-nyheter","tag-arnold-carlzon","tag-gabriella-lonn","tag-goran-hagglund","tag-gunnar-crona","tag-johannes-sunesson","tag-kdu","tag-kommunfullmaktige","tag-manskligare-sverige","tag-minister","tag-partiledarbesok","tag-valrorelse","tag-verklighetens-folk"],"acf":[],"yoast_head":"<!-- This site is optimized with the Yoast SEO plugin v27.4 - https:\/\/yoast.com\/product\/yoast-seo-wordpress\/ -->\n<title>G\u00f6ran H\u00e4gglund (KD) bes\u00f6kte V\u00e4rnamo - KRISTDEMOKRATERNA V\u00c4RNAMO<\/title>\n<meta name=\"robots\" content=\"index, follow, max-snippet:-1, max-image-preview:large, max-video-preview:-1\" \/>\n<link rel=\"canonical\" href=\"https:\/\/wp.kristdemokraterna.se\/varnamo\/2010\/09\/04\/goran-hagglund-kd-besokte-varnamo\/\" \/>\n<meta property=\"og:locale\" content=\"sv_SE\" \/>\n<meta property=\"og:type\" content=\"article\" \/>\n<meta property=\"og:title\" content=\"G\u00f6ran H\u00e4gglund (KD) bes\u00f6kte V\u00e4rnamo - KRISTDEMOKRATERNA V\u00c4RNAMO\" \/>\n<meta property=\"og:description\" content=\"Kristdemokraternas partiledare, G\u00f6ran H\u00e4gglund, anl\u00e4nde till ett sensommarfagert V\u00e4rnamo i en djuriskt l\u00e4cker van. D\u00e4r m\u00f6tte han bland andra\u00a0Verklighetens band\u00a0som stod f\u00f6r den musikaliska underh\u00e5llningen.\" \/>\n<meta property=\"og:url\" content=\"https:\/\/wp.kristdemokraterna.se\/varnamo\/2010\/09\/04\/goran-hagglund-kd-besokte-varnamo\/\" \/>\n<meta property=\"og:site_name\" content=\"KRISTDEMOKRATERNA V\u00c4RNAMO\" \/>\n<meta property=\"article:publisher\" content=\"https:\/\/www.facebook.com\/KDVarnamo\/\" \/>\n<meta property=\"article:published_time\" content=\"2010-09-04T20:27:07+00:00\" \/>\n<meta property=\"article:modified_time\" content=\"2015-07-10T15:19:35+00:00\" \/>\n<meta property=\"og:image\" content=\"http:\/\/wp.kristdemokraterna.se\/varnamo\/files\/2013\/03\/20100904_GoranHagglund_Bil_Band.png\" \/>\n<meta name=\"author\" content=\"Kristdemokraterna V\u00e4rnamo\" \/>\n<meta name=\"twitter:card\" content=\"summary_large_image\" \/>\n<meta name=\"twitter:creator\" content=\"@KDVarnamo\" \/>\n<meta name=\"twitter:site\" content=\"@KDVarnamo\" \/>\n<meta name=\"twitter:label1\" content=\"Skriven av\" \/>\n\t<meta name=\"twitter:data1\" content=\"Kristdemokraterna V\u00e4rnamo\" \/>\n\t<meta name=\"twitter:label2\" content=\"Ber\u00e4knad l\u00e4stid\" \/>\n\t<meta name=\"twitter:data2\" content=\"2 minuter\" \/>\n<script type=\"application\/ld+json\" class=\"yoast-schema-graph\">{\"@context\":\"https:\\\/\\\/schema.org\",\"@graph\":[{\"@type\":\"Article\",\"@id\":\"https:\\\/\\\/wp.kristdemokraterna.se\\\/varnamo\\\/2010\\\/09\\\/04\\\/goran-hagglund-kd-besokte-varnamo\\\/#article\",\"isPartOf\":{\"@id\":\"https:\\\/\\\/wp.kristdemokraterna.se\\\/varnamo\\\/2010\\\/09\\\/04\\\/goran-hagglund-kd-besokte-varnamo\\\/\"},\"author\":{\"name\":\"Kristdemokraterna V\u00e4rnamo\",\"@id\":\"https:\\\/\\\/wp.kristdemokraterna.se\\\/varnamo\\\/#\\\/schema\\\/person\\\/4e339ab04d613699e4dfe80a994e01d4\"},\"headline\":\"G\u00f6ran H\u00e4gglund (KD) bes\u00f6kte V\u00e4rnamo\",\"datePublished\":\"2010-09-04T20:27:07+00:00\",\"dateModified\":\"2015-07-10T15:19:35+00:00\",\"mainEntityOfPage\":{\"@id\":\"https:\\\/\\\/wp.kristdemokraterna.se\\\/varnamo\\\/2010\\\/09\\\/04\\\/goran-hagglund-kd-besokte-varnamo\\\/\"},\"wordCount\":419,\"publisher\":{\"@id\":\"https:\\\/\\\/wp.kristdemokraterna.se\\\/varnamo\\\/#organization\"},\"image\":{\"@id\":\"https:\\\/\\\/wp.kristdemokraterna.se\\\/varnamo\\\/2010\\\/09\\\/04\\\/goran-hagglund-kd-besokte-varnamo\\\/#primaryimage\"},\"thumbnailUrl\":\"https:\\\/\\\/wp.kristdemokraterna.se\\\/varnamo\\\/files\\\/2022\\\/08\\\/kd-logo-blue.png\",\"keywords\":[\"Arnold Carlzon\",\"Gabriella L\u00f6nn\",\"G\u00f6ran H\u00e4gglund\",\"Gunnar Crona\",\"Johannes Sunesson\",\"KDU\",\"kommunfullm\u00e4ktige\",\"m\u00e4nskligare Sverige\",\"minister\",\"partiledarbes\u00f6k\",\"valr\u00f6relse\",\"verklighetens folk\"],\"articleSection\":[\"Nyheter\"],\"inLanguage\":\"sv-SE\"},{\"@type\":\"WebPage\",\"@id\":\"https:\\\/\\\/wp.kristdemokraterna.se\\\/varnamo\\\/2010\\\/09\\\/04\\\/goran-hagglund-kd-besokte-varnamo\\\/\",\"url\":\"https:\\\/\\\/wp.kristdemokraterna.se\\\/varnamo\\\/2010\\\/09\\\/04\\\/goran-hagglund-kd-besokte-varnamo\\\/\",\"name\":\"G\u00f6ran H\u00e4gglund (KD) bes\u00f6kte V\u00e4rnamo - KRISTDEMOKRATERNA V\u00c4RNAMO\",\"isPartOf\":{\"@id\":\"https:\\\/\\\/wp.kristdemokraterna.se\\\/varnamo\\\/#website\"},\"primaryImageOfPage\":{\"@id\":\"https:\\\/\\\/wp.kristdemokraterna.se\\\/varnamo\\\/2010\\\/09\\\/04\\\/goran-hagglund-kd-besokte-varnamo\\\/#primaryimage\"},\"image\":{\"@id\":\"https:\\\/\\\/wp.kristdemokraterna.se\\\/varnamo\\\/2010\\\/09\\\/04\\\/goran-hagglund-kd-besokte-varnamo\\\/#primaryimage\"},\"thumbnailUrl\":\"https:\\\/\\\/wp.kristdemokraterna.se\\\/varnamo\\\/files\\\/2022\\\/08\\\/kd-logo-blue.png\",\"datePublished\":\"2010-09-04T20:27:07+00:00\",\"dateModified\":\"2015-07-10T15:19:35+00:00\",\"breadcrumb\":{\"@id\":\"https:\\\/\\\/wp.kristdemokraterna.se\\\/varnamo\\\/2010\\\/09\\\/04\\\/goran-hagglund-kd-besokte-varnamo\\\/#breadcrumb\"},\"inLanguage\":\"sv-SE\",\"potentialAction\":[{\"@type\":\"ReadAction\",\"target\":[\"https:\\\/\\\/wp.kristdemokraterna.se\\\/varnamo\\\/2010\\\/09\\\/04\\\/goran-hagglund-kd-besokte-varnamo\\\/\"]}]},{\"@type\":\"ImageObject\",\"inLanguage\":\"sv-SE\",\"@id\":\"https:\\\/\\\/wp.kristdemokraterna.se\\\/varnamo\\\/2010\\\/09\\\/04\\\/goran-hagglund-kd-besokte-varnamo\\\/#primaryimage\",\"url\":\"https:\\\/\\\/wp.kristdemokraterna.se\\\/varnamo\\\/files\\\/2022\\\/08\\\/kd-logo-blue.png\",\"contentUrl\":\"https:\\\/\\\/wp.kristdemokraterna.se\\\/varnamo\\\/files\\\/2022\\\/08\\\/kd-logo-blue.png\",\"width\":2000,\"height\":2000,\"caption\":\"Kristdemokraternas logotyp\"},{\"@type\":\"BreadcrumbList\",\"@id\":\"https:\\\/\\\/wp.kristdemokraterna.se\\\/varnamo\\\/2010\\\/09\\\/04\\\/goran-hagglund-kd-besokte-varnamo\\\/#breadcrumb\",\"itemListElement\":[{\"@type\":\"ListItem\",\"position\":1,\"name\":\"Hem\",\"item\":\"https:\\\/\\\/wp.kristdemokraterna.se\\\/varnamo\\\/\"},{\"@type\":\"ListItem\",\"position\":2,\"name\":\"G\u00f6ran H\u00e4gglund (KD) bes\u00f6kte V\u00e4rnamo\"}]},{\"@type\":\"WebSite\",\"@id\":\"https:\\\/\\\/wp.kristdemokraterna.se\\\/varnamo\\\/#website\",\"url\":\"https:\\\/\\\/wp.kristdemokraterna.se\\\/varnamo\\\/\",\"name\":\"KRISTDEMOKRATERNA V\u00c4RNAMO\",\"description\":\"Med hj\u00e4rta f\u00f6r V\u00e4rnamo\",\"publisher\":{\"@id\":\"https:\\\/\\\/wp.kristdemokraterna.se\\\/varnamo\\\/#organization\"},\"inLanguage\":\"sv-SE\"},{\"@type\":\"Organization\",\"@id\":\"https:\\\/\\\/wp.kristdemokraterna.se\\\/varnamo\\\/#organization\",\"name\":\"Kristdemokraterna V\u00e4rnamo\",\"url\":\"https:\\\/\\\/wp.kristdemokraterna.se\\\/varnamo\\\/\",\"logo\":{\"@type\":\"ImageObject\",\"inLanguage\":\"sv-SE\",\"@id\":\"https:\\\/\\\/wp.kristdemokraterna.se\\\/varnamo\\\/#\\\/schema\\\/logo\\\/image\\\/\",\"url\":\"https:\\\/\\\/wp.kristdemokraterna.se\\\/varnamo\\\/files\\\/2022\\\/08\\\/va\u2560ernamo-sida-bla-300dpi.png\",\"contentUrl\":\"https:\\\/\\\/wp.kristdemokraterna.se\\\/varnamo\\\/files\\\/2022\\\/08\\\/va\u2560ernamo-sida-bla-300dpi.png\",\"width\":1485,\"height\":681,\"caption\":\"Kristdemokraterna V\u00e4rnamo\"},\"image\":{\"@id\":\"https:\\\/\\\/wp.kristdemokraterna.se\\\/varnamo\\\/#\\\/schema\\\/logo\\\/image\\\/\"},\"sameAs\":[\"https:\\\/\\\/www.facebook.com\\\/KDVarnamo\\\/\",\"https:\\\/\\\/x.com\\\/KDVarnamo\",\"https:\\\/\\\/www.instagram.com\\\/\",\"https:\\\/\\\/www.youtube.com\\\/user\\\/studiokd\\\/videos\"]},{\"@type\":\"Person\",\"@id\":\"https:\\\/\\\/wp.kristdemokraterna.se\\\/varnamo\\\/#\\\/schema\\\/person\\\/4e339ab04d613699e4dfe80a994e01d4\",\"name\":\"Kristdemokraterna V\u00e4rnamo\",\"image\":{\"@type\":\"ImageObject\",\"inLanguage\":\"sv-SE\",\"@id\":\"https:\\\/\\\/secure.gravatar.com\\\/avatar\\\/c122e48c7723992af51eb155eeaa93db3c1fa324e3fc6ec45dd712c812809b5b?s=96&r=g\",\"url\":\"https:\\\/\\\/secure.gravatar.com\\\/avatar\\\/c122e48c7723992af51eb155eeaa93db3c1fa324e3fc6ec45dd712c812809b5b?s=96&r=g\",\"contentUrl\":\"https:\\\/\\\/secure.gravatar.com\\\/avatar\\\/c122e48c7723992af51eb155eeaa93db3c1fa324e3fc6ec45dd712c812809b5b?s=96&r=g\",\"caption\":\"Kristdemokraterna V\u00e4rnamo\"},\"description\":\"Familjens r\u00f6st\",\"sameAs\":[\"http:\\\/\\\/www.varnamo.kristdemokraterna.se\"],\"url\":\"https:\\\/\\\/wp.kristdemokraterna.se\\\/varnamo\\\/author\\\/varnamo\\\/\"}]}<\/script>\n<!-- \/ Yoast SEO plugin. -->","yoast_head_json":{"title":"G\u00f6ran H\u00e4gglund (KD) bes\u00f6kte V\u00e4rnamo - KRISTDEMOKRATERNA V\u00c4RNAMO","robots":{"index":"index","follow":"follow","max-snippet":"max-snippet:-1","max-image-preview":"max-image-preview:large","max-video-preview":"max-video-preview:-1"},"canonical":"https:\/\/wp.kristdemokraterna.se\/varnamo\/2010\/09\/04\/goran-hagglund-kd-besokte-varnamo\/","og_locale":"sv_SE","og_type":"article","og_title":"G\u00f6ran H\u00e4gglund (KD) bes\u00f6kte V\u00e4rnamo - KRISTDEMOKRATERNA V\u00c4RNAMO","og_description":"Kristdemokraternas partiledare, G\u00f6ran H\u00e4gglund, anl\u00e4nde till ett sensommarfagert V\u00e4rnamo i en djuriskt l\u00e4cker van. D\u00e4r m\u00f6tte han bland andra\u00a0Verklighetens band\u00a0som stod f\u00f6r den musikaliska underh\u00e5llningen.","og_url":"https:\/\/wp.kristdemokraterna.se\/varnamo\/2010\/09\/04\/goran-hagglund-kd-besokte-varnamo\/","og_site_name":"KRISTDEMOKRATERNA V\u00c4RNAMO","article_publisher":"https:\/\/www.facebook.com\/KDVarnamo\/","article_published_time":"2010-09-04T20:27:07+00:00","article_modified_time":"2015-07-10T15:19:35+00:00","og_image":[{"url":"http:\/\/wp.kristdemokraterna.se\/varnamo\/files\/2013\/03\/20100904_GoranHagglund_Bil_Band.png","type":"","width":"","height":""}],"author":"Kristdemokraterna V\u00e4rnamo","twitter_card":"summary_large_image","twitter_creator":"@KDVarnamo","twitter_site":"@KDVarnamo","twitter_misc":{"Skriven av":"Kristdemokraterna V\u00e4rnamo","Ber\u00e4knad l\u00e4stid":"2 minuter"},"schema":{"@context":"https:\/\/schema.org","@graph":[{"@type":"Article","@id":"https:\/\/wp.kristdemokraterna.se\/varnamo\/2010\/09\/04\/goran-hagglund-kd-besokte-varnamo\/#article","isPartOf":{"@id":"https:\/\/wp.kristdemokraterna.se\/varnamo\/2010\/09\/04\/goran-hagglund-kd-besokte-varnamo\/"},"author":{"name":"Kristdemokraterna V\u00e4rnamo","@id":"https:\/\/wp.kristdemokraterna.se\/varnamo\/#\/schema\/person\/4e339ab04d613699e4dfe80a994e01d4"},"headline":"G\u00f6ran H\u00e4gglund (KD) bes\u00f6kte V\u00e4rnamo","datePublished":"2010-09-04T20:27:07+00:00","dateModified":"2015-07-10T15:19:35+00:00","mainEntityOfPage":{"@id":"https:\/\/wp.kristdemokraterna.se\/varnamo\/2010\/09\/04\/goran-hagglund-kd-besokte-varnamo\/"},"wordCount":419,"publisher":{"@id":"https:\/\/wp.kristdemokraterna.se\/varnamo\/#organization"},"image":{"@id":"https:\/\/wp.kristdemokraterna.se\/varnamo\/2010\/09\/04\/goran-hagglund-kd-besokte-varnamo\/#primaryimage"},"thumbnailUrl":"https:\/\/wp.kristdemokraterna.se\/varnamo\/files\/2022\/08\/kd-logo-blue.png","keywords":["Arnold Carlzon","Gabriella L\u00f6nn","G\u00f6ran H\u00e4gglund","Gunnar Crona","Johannes Sunesson","KDU","kommunfullm\u00e4ktige","m\u00e4nskligare Sverige","minister","partiledarbes\u00f6k","valr\u00f6relse","verklighetens folk"],"articleSection":["Nyheter"],"inLanguage":"sv-SE"},{"@type":"WebPage","@id":"https:\/\/wp.kristdemokraterna.se\/varnamo\/2010\/09\/04\/goran-hagglund-kd-besokte-varnamo\/","url":"https:\/\/wp.kristdemokraterna.se\/varnamo\/2010\/09\/04\/goran-hagglund-kd-besokte-varnamo\/","name":"G\u00f6ran H\u00e4gglund (KD) bes\u00f6kte V\u00e4rnamo - KRISTDEMOKRATERNA V\u00c4RNAMO","isPartOf":{"@id":"https:\/\/wp.kristdemokraterna.se\/varnamo\/#website"},"primaryImageOfPage":{"@id":"https:\/\/wp.kristdemokraterna.se\/varnamo\/2010\/09\/04\/goran-hagglund-kd-besokte-varnamo\/#primaryimage"},"image":{"@id":"https:\/\/wp.kristdemokraterna.se\/varnamo\/2010\/09\/04\/goran-hagglund-kd-besokte-varnamo\/#primaryimage"},"thumbnailUrl":"https:\/\/wp.kristdemokraterna.se\/varnamo\/files\/2022\/08\/kd-logo-blue.png","datePublished":"2010-09-04T20:27:07+00:00","dateModified":"2015-07-10T15:19:35+00:00","breadcrumb":{"@id":"https:\/\/wp.kristdemokraterna.se\/varnamo\/2010\/09\/04\/goran-hagglund-kd-besokte-varnamo\/#breadcrumb"},"inLanguage":"sv-SE","potentialAction":[{"@type":"ReadAction","target":["https:\/\/wp.kristdemokraterna.se\/varnamo\/2010\/09\/04\/goran-hagglund-kd-besokte-varnamo\/"]}]},{"@type":"ImageObject","inLanguage":"sv-SE","@id":"https:\/\/wp.kristdemokraterna.se\/varnamo\/2010\/09\/04\/goran-hagglund-kd-besokte-varnamo\/#primaryimage","url":"https:\/\/wp.kristdemokraterna.se\/varnamo\/files\/2022\/08\/kd-logo-blue.png","contentUrl":"https:\/\/wp.kristdemokraterna.se\/varnamo\/files\/2022\/08\/kd-logo-blue.png","width":2000,"height":2000,"caption":"Kristdemokraternas logotyp"},{"@type":"BreadcrumbList","@id":"https:\/\/wp.kristdemokraterna.se\/varnamo\/2010\/09\/04\/goran-hagglund-kd-besokte-varnamo\/#breadcrumb","itemListElement":[{"@type":"ListItem","position":1,"name":"Hem","item":"https:\/\/wp.kristdemokraterna.se\/varnamo\/"},{"@type":"ListItem","position":2,"name":"G\u00f6ran H\u00e4gglund (KD) bes\u00f6kte V\u00e4rnamo"}]},{"@type":"WebSite","@id":"https:\/\/wp.kristdemokraterna.se\/varnamo\/#website","url":"https:\/\/wp.kristdemokraterna.se\/varnamo\/","name":"KRISTDEMOKRATERNA V\u00c4RNAMO","description":"Med hj\u00e4rta f\u00f6r V\u00e4rnamo","publisher":{"@id":"https:\/\/wp.kristdemokraterna.se\/varnamo\/#organization"},"inLanguage":"sv-SE"},{"@type":"Organization","@id":"https:\/\/wp.kristdemokraterna.se\/varnamo\/#organization","name":"Kristdemokraterna V\u00e4rnamo","url":"https:\/\/wp.kristdemokraterna.se\/varnamo\/","logo":{"@type":"ImageObject","inLanguage":"sv-SE","@id":"https:\/\/wp.kristdemokraterna.se\/varnamo\/#\/schema\/logo\/image\/","url":"https:\/\/wp.kristdemokraterna.se\/varnamo\/files\/2022\/08\/va\u2560ernamo-sida-bla-300dpi.png","contentUrl":"https:\/\/wp.kristdemokraterna.se\/varnamo\/files\/2022\/08\/va\u2560ernamo-sida-bla-300dpi.png","width":1485,"height":681,"caption":"Kristdemokraterna V\u00e4rnamo"},"image":{"@id":"https:\/\/wp.kristdemokraterna.se\/varnamo\/#\/schema\/logo\/image\/"},"sameAs":["https:\/\/www.facebook.com\/KDVarnamo\/","https:\/\/x.com\/KDVarnamo","https:\/\/www.instagram.com\/","https:\/\/www.youtube.com\/user\/studiokd\/videos"]},{"@type":"Person","@id":"https:\/\/wp.kristdemokraterna.se\/varnamo\/#\/schema\/person\/4e339ab04d613699e4dfe80a994e01d4","name":"Kristdemokraterna V\u00e4rnamo","image":{"@type":"ImageObject","inLanguage":"sv-SE","@id":"https:\/\/secure.gravatar.com\/avatar\/c122e48c7723992af51eb155eeaa93db3c1fa324e3fc6ec45dd712c812809b5b?s=96&r=g","url":"https:\/\/secure.gravatar.com\/avatar\/c122e48c7723992af51eb155eeaa93db3c1fa324e3fc6ec45dd712c812809b5b?s=96&r=g","contentUrl":"https:\/\/secure.gravatar.com\/avatar\/c122e48c7723992af51eb155eeaa93db3c1fa324e3fc6ec45dd712c812809b5b?s=96&r=g","caption":"Kristdemokraterna V\u00e4rnamo"},"description":"Familjens r\u00f6st","sameAs":["http:\/\/www.varnamo.kristdemokraterna.se"],"url":"https:\/\/wp.kristdemokraterna.se\/varnamo\/author\/varnamo\/"}]}},"_links":{"self":[{"href":"https:\/\/wp.kristdemokraterna.se\/varnamo\/wp-json\/wp\/v2\/posts\/2591","targetHints":{"allow":["GET"]}}],"collection":[{"href":"https:\/\/wp.kristdemokraterna.se\/varnamo\/wp-json\/wp\/v2\/posts"}],"about":[{"href":"https:\/\/wp.kristdemokraterna.se\/varnamo\/wp-json\/wp\/v2\/types\/post"}],"author":[{"embeddable":true,"href":"https:\/\/wp.kristdemokraterna.se\/varnamo\/wp-json\/wp\/v2\/users\/412"}],"replies":[{"embeddable":true,"href":"https:\/\/wp.kristdemokraterna.se\/varnamo\/wp-json\/wp\/v2\/comments?post=2591"}],"version-history":[{"count":10,"href":"https:\/\/wp.kristdemokraterna.se\/varnamo\/wp-json\/wp\/v2\/posts\/2591\/revisions"}],"predecessor-version":[{"id":6681,"href":"https:\/\/wp.kristdemokraterna.se\/varnamo\/wp-json\/wp\/v2\/posts\/2591\/revisions\/6681"}],"wp:featuredmedia":[{"embeddable":true,"href":"https:\/\/wp.kristdemokraterna.se\/varnamo\/wp-json\/wp\/v2\/media\/9638"}],"wp:attachment":[{"href":"https:\/\/wp.kristdemokraterna.se\/varnamo\/wp-json\/wp\/v2\/media?parent=2591"}],"wp:term":[{"taxonomy":"category","embeddable":true,"href":"https:\/\/wp.kristdemokraterna.se\/varnamo\/wp-json\/wp\/v2\/categories?post=2591"},{"taxonomy":"post_tag","embeddable":true,"href":"https:\/\/wp.kristdemokraterna.se\/varnamo\/wp-json\/wp\/v2\/tags?post=2591"}],"curies":[{"name":"wp","href":"https:\/\/api.w.org\/{rel}","templated":true}]}}