{"id":2911,"date":"2006-03-13T22:45:59","date_gmt":"2006-03-13T21:45:59","guid":{"rendered":"http:\/\/wp.kristdemokraterna.se\/varnamo\/?p=2911"},"modified":"2015-07-12T15:05:35","modified_gmt":"2015-07-12T13:05:35","slug":"visioner-for-ett-kristdemokratiskt-varnamo","status":"publish","type":"post","link":"https:\/\/wp.kristdemokraterna.se\/varnamo\/2006\/03\/13\/visioner-for-ett-kristdemokratiskt-varnamo\/","title":{"rendered":"Visioner f\u00f6r ett kristdemokratiskt V\u00e4rnamo"},"content":{"rendered":"<p>Vid Kristdemokraternas <a title=\"Christer, Stig och Leif \u2013 Kristdemokraternas toppnamn 2006\" href=\"http:\/\/wp.kristdemokraterna.se\/varnamo\/2006\/03\/13\/christer-stig-och-leif-kristdemokraternas-toppnamn-2006\/\">nomineringsst\u00e4mma den 2006-03-13<\/a> i Forsheda tog lokalavdelningens ordf\u00f6rande Christer Fjordevik tillf\u00e4llet i akt att presentera en vision f\u00f6r ett kristdemokratiskt V\u00e4rnamo.<\/p>\n<p><!--more--><q title=\"V\u00e4rnamo kommuns vision\">V\u00e4rnamo \u2013 den m\u00e4nskliga tillv\u00e4xtkommunen! H\u00e4r f\u00f6rverkligar du dina dr\u00f6mmar, skapar, upplever, \u00e4r delaktig och tar ansvar!<\/q> Under starkt kristdemokratiskt inflytande har visionen f\u00f6r V\u00e4rnamo kommun formulerats.\u00a0Verksamhetsid\u00e9n som f\u00f6ljer \u00e4r: <q title=\"V\u00e4rnamo kommuns vision\">Vi ska utifr\u00e5n v\u00e5r vision, genom delaktighet och ansvarstagande, skapa goda f\u00f6ruts\u00e4ttningar att l\u00f6sa m\u00e4nniskors behov av trygghet, bildning, service och livskvalitet.<\/q><\/p>\n<p>En kommunal vision \u00e4r ju till f\u00f6r att m\u00e5la ett samh\u00e4lle vi vill uppn\u00e5, som vi k\u00e4nner att vi vill leva och verka i, ett samh\u00e4lle som tilltalar och lockar. Visionen ska bejakas av i princip alla medborgare i V\u00e4rnamo kommun. Redan i slutet p\u00e5 1920-talet m\u00e5lade Per-Albin Hansson upp Folkhemmet som en vision f\u00f6r Sverige. Den fick sitt stora genomslag med rekord\u00e5ren efter Andra v\u00e4rldskriget och de reformer som f\u00f6ljde. Fortfarande g\u00e4ller den f\u00f6r m\u00e5nga m\u00e4nniskor som bilden av det goda samh\u00e4llet. Folkhemmet \u00e4r ett str\u00e5lande exempel p\u00e5 hur en vision har g\u00e5tt hem. Den gjorde det d\u00e4rf\u00f6r att den m\u00e5lades upp med engagemang och kraft och \u00e4ven om inte alla f\u00f6rstod vad den i detalj innebar s\u00e5 stod den f\u00f6r n\u00e5got gott och positivt. Socialdemokraterna gjorde visionen till sin och vann med den en majoritet av svenska folkets f\u00f6rtroende, trots att den hade sitt ursprung fr\u00e5n en konservativ statsvetare som hette Kjell\u00e9n, p\u00e5 1910-talet. Att den fick ett s\u00e5dant genomslag visar hur viktigt det \u00e4r med en samh\u00e4llsvision. Den beh\u00f6ver inte vara f\u00e4rdig i detalj eller snarare ska inte vara det. Men kan du m\u00e5la upp visionen s\u00e5 att den som lyssnar ser en positiv bild framf\u00f6r sig och d\u00e4rmed bejakar ditt anslag s\u00e5 har du vunnit en v\u00e4ljare.<\/p>\n<p>Visionen om Folkhemmet st\u00e5r f\u00f6r bilden av lika m\u00f6jligheter f\u00f6r alla, folk som folk, alla ska vara med \u2013 eller f\u00f6r att tala med kristdemokratiska f\u00f6rtecken <em>ett samh\u00e4lle d\u00e4r ingen h\u00e5lls tillbaka och ingen l\u00e4mnas efter. <\/em>Det var s\u00e5 det var t\u00e4nkt. Visionen har genomsyrat Sverige s\u00e5 till den grad att den blivit synonym med v\u00e4lf\u00e4rdssamh\u00e4llet. Socialdemokraterna har medvetet valt strategin att kalla f\u00f6reteelser i samh\u00e4llet med f\u00f6rledet <em>folk<\/em> \u2013 i syfte att f\u00e5 oss att associera till folkhemmet. I Folkhemmet finns Folkets Hus, Folkets Park, som trots att de \u00e4r och ska vara ideella f\u00f6reningar \u00e4nd\u00e5 genom sitt f\u00f6rled, f\u00f6rleder oss att tro att det \u00e4r samh\u00e4llsinstitutioner det handlar om. Vi har Folktandv\u00e5rd, f\u00f6rs\u00e4kringsbolaget Folksam och Folkvagnar som framf\u00f6r allt under rekord\u00e5ren p\u00e5 50-talet var oerh\u00f6rt popul\u00e4ra. De sistn\u00e4mnda visserligen importerade fr\u00e5n Tyskland. Ett samh\u00e4llsbygge utan en vision \u00e4r som en orientering utan karta. Visionen beh\u00f6ver n\u00f6dv\u00e4ndigtvis inte vara s\u00e5 tydlig, men den ska ge positiva associationer och symbolv\u00e4rden som inger trygghet, framtidshopp och tilltro till samh\u00e4llets olika styrande funktioner fr\u00e4mst politikerna.<\/p>\n<p>Folkhemmet som vision \u2013 hur bra den \u00e4n var \u2013 har b\u00f6rjat krackelera. Jag n\u00e4mnde att Folkhemsvisionen hade en konservativ bakgrund, v\u00e4rdekonservativ, d\u00e4r hemmet och d\u00e4rmed familjen som gemenskap betonades. Det som h\u00e4nt i Sverige de senaste fyra fem \u00e5rtiondena \u00e4r att familjen som samh\u00e4llets byggsten och som institution uppl\u00f6sts allt mer. Det h\u00e4nger f\u00f6rst\u00e5s samman med den tilltagande sekulariseringen av Sverige d\u00e4r lagstiftning allt mer fj\u00e4rmar sig fr\u00e5n de kristna id\u00e9erna och den kristna grunden. Det p\u00e5g\u00e5r en ideologisk kamp i dagens Sverige. Det framg\u00e5r inte minst n\u00e4r vad den socialdemokratiske folkh\u00e4lsoministern Morgan Johansson, svarade p\u00e5 en fr\u00e5ga om inte kristna ocks\u00e5 kan f\u00e5 vara med i samh\u00e4llsdebatten: <em>Jovisst, bara de inte argumenterar utifr\u00e5n Bibeln. <\/em>\u2013 Kristdemokratin som politisk ideologi har ju sin inspiration fr\u00e5n Bibeln och Jesu exempel, det dubbla k\u00e4rleksbudet och den gyllene regeln \u2013 men med Morgan Johanssons resonemang \u00e4r vi inte v\u00e4lkomna att delta i samh\u00e4llsdebatten. S\u00e5 l\u00e5ngt bort fr\u00e5n Folkhemsvisionen har man kommit. Dagens socialdemokratiska ideologi tycks ha sin inspirationsk\u00e4lla fr\u00e5n en annan gud, stavat <em>makt. <\/em>Som kommunpolitiker \u00e4r det s\u00e5 tydligt numera hur den socialdemokratiska regeringen l\u00e4gger upp sin taktik. Nu inf\u00f6r valet \u00e4r man frikostig, skickar ut det ena fl\u00e4skbenet efter det andra, ger l\u00f6ften om reformer antingen de beh\u00f6vs eller inte till h\u00f6ger och v\u00e4nster och p\u00e5 s\u00e5 s\u00e4tt k\u00f6per sig v\u00e4ljare. Det finns bara en tanke \u2013 inte att f\u00f6rb\u00e4ttra f\u00f6r medborgarna \u2013 nej, men att beh\u00e5lla makten till varje pris. Men vi ska tro att det handlar om att f\u00f6rb\u00e4ttra f\u00f6r medborgarna. Som kommunpolitiker vet vi att \u00e5ren fram till n\u00e4sta val\u00e5r kommer att bli ett antal hund\u00e5r om socialdemokraterna sitter kvar med sina st\u00f6dpartier. Statsbidrag kommer att dras in, skatteint\u00e4kterna kommer att minska p\u00e5 grund av att det inte blivit fler i arbete utan tv\u00e4rtom, fler bidragsberoende. En politik som \u00e4r tv\u00e4rtemot den vi vill f\u00f6ra! Inte minst f\u00f6r unga m\u00e4nniskor \u00e4r det f\u00f6r\u00f6dande att g\u00e5 och k\u00e4nna sig \u201dickebeh\u00f6vd\u201d. Vi vet att ungdomsarbetsl\u00f6sheten i Sverige har \u00f6kat sedan 2000 med 30%.<\/p>\n<p>V\u00e4rnamo kommuns vision om <em>den m\u00e4nskliga tillv\u00e4xtkommunen<\/em> har vi formulerat tillsammans, politiker och chefstj\u00e4nstem\u00e4n i en process d\u00e4r vi hade hj\u00e4lp av en konsult att komma vidare. I processen var vi kristdemokrater mycket aktiva. Vi s\u00e5g h\u00e4r en m\u00f6jlighet att f\u00e5 genomslag f\u00f6r kristdemokratisk politik och kristdemokratiskt t\u00e4nkande. Visionen s\u00e4tter fokus p\u00e5 tv\u00e5 saker:<\/p>\n<ul>\n<\/ul>\n<ul>\n<li><em> det m\u00e4nskliga<\/em><\/li>\n<\/ul>\n<ul>\n<\/ul>\n<ul>\n<li><em> tillv\u00e4xt<\/em><\/li>\n<\/ul>\n<p>I detta sammanhang betyder <em> det m\u00e4nskliga<\/em> ett samh\u00e4lle som formas och byggs med tanke p\u00e5 m\u00e4nniskors behov av trygghet, bildning, service och livskvalitet, som det st\u00e5r i verksamhetsid\u00e9n. Men anslaget \u00e4r ocks\u00e5 att vi vill se den enskilda m\u00e4nniskan, bekr\u00e4fta just henne och inte bara se m\u00e4nniskor som ett kollektiv, en gr\u00e5 massa, som har pr\u00e4glat Folkhemmet i socialdemokratisk tappning. Vi kristdemokrater vill att kommunens service, inom \u00e4ldreomsorg, skola, f\u00f6rskola och vad det vara m\u00e5, ska ha som m\u00e5l att se till varje m\u00e4nniska och ha som utg\u00e5ngspunkt varje m\u00e4nniskas lika och unika v\u00e4rde liksom att varje m\u00e4nniska \u00e4r olik. F\u00f6r oss kristdemokrater \u00e4r m\u00e4nniskov\u00e4rdesprincipen en grundbult som ska pr\u00e4gla alla politikomr\u00e5den s\u00e5v\u00e4l p\u00e5 kommunal, regional, nationell niv\u00e5 som internationell\/global niv\u00e5. Sedan tidigare har vi kristdemokrater drivit fr\u00e5gan om <em>Familjecentra<\/em>l. I budgeten f\u00f6r 2006 finns det \u00e4ntligen med pengar till det. En familjecentral \u00e4r ett st\u00f6d till familjer som av olika sk\u00e4l beh\u00f6ver st\u00f6d. Det kan vara ensamst\u00e5ende mammor eller pappor med barn och genom att en \u00f6ppen f\u00f6rskola, individ- och familjeomsorg samt m\u00f6dra- och barnav\u00e5rdscentral samarbetar samordnas samh\u00e4llets hj\u00e4lp p\u00e5 ett effektivare s\u00e4tt. Det \u00e4r sv\u00e5rt f\u00f6r m\u00e5nga f\u00f6r\u00e4ldrar att r\u00e4cka till och att hinna med sina barn. Vi vill skapa f\u00f6ruts\u00e4ttningar f\u00f6r att varje familj ska kunna v\u00e4lja den barnomsorg som passar just dom. Det \u00e4r en kristdemokratisk id\u00e9.<\/p>\n<p>N\u00e4r det g\u00e4ller \u00e4ldresidan arbetar vi just nu p\u00e5 en id\u00e9 om att utveckla en \u00c4ldreh\u00e4lsocentral d\u00e4r ett samarbete mellan landsting och kommun ska ge \u00e4ldre m\u00f6jligheter till att f\u00e5 st\u00f6d och r\u00e5d p\u00e5 olika s\u00e4tt. Det handlar om att f\u00f6rsonas med sitt \u00e5ldrande och hitta ett sundare liv. Vi har ocks\u00e5 lagt en motion om tj\u00e4nstegarantier. D\u00e4r handlar det om att den som tar emot en kommunal tj\u00e4nst ska veta vad som ing\u00e5r. Det \u00e4r bra f\u00f6r b\u00e5de brukaren och givaren. I f\u00f6rsta hand \u00e4r det t\u00e4nkt inom \u00e4ldreomsorgen men s\u00e5 sm\u00e5ningom \u00f6ver hela det kommunala f\u00e4ltet.<\/p>\n<p><em>Tillv\u00e4xt<\/em>kommun. F\u00f6r m\u00e5nga m\u00e4nniskor \u00e4r ordet <em>tillv\u00e4xt<\/em> ett r\u00f6tt skynke. I synnerhet om man sympatiserar med ideologier som ligger till v\u00e4nster om oss. Men allt liv handlar om tillv\u00e4xt. F\u00f6r vad \u00e4r motsatsen? Tillv\u00e4xten sker i olika faser. Det kan handla om b\u00e5de en yttre och inre tillv\u00e4xt. S\u00e5 \u00e4r det f\u00f6r b\u00e5de den enskilda m\u00e4nniskan och f\u00f6r en kommun. F\u00f6rst ska vi v\u00e4xa och bli stora. Sen kommer en period d\u00e4r vi g\u00f6r n\u00e4stan allt f\u00f6r att begr\u00e4nsa den yttre tillv\u00e4xten f\u00f6r att d\u00e4refter b\u00f6rja brytas ned i \u00e5lderdomen. Men ocks\u00e5 d\u00e5 ska det ske en tillv\u00e4xt. Det handlar d\u00e5 om en tillv\u00e4xt p\u00e5 ett annat plan, en inre tillv\u00e4xt, en konsolidering. Men en kommun beh\u00f6ver till skillnad fr\u00e5n den enskilda m\u00e4nniskan alltid en yttre tillv\u00e4xt i betydelsen av skattekronor. Detta f\u00f6r att f\u00e5 resurser till allt det vi vill f\u00f6rverkliga i samh\u00e4llsbygget. D\u00e4rf\u00f6r \u00e4r det viktigt f\u00f6r oss kristdemokrater att se till att skapa s\u00e5 goda f\u00f6ruts\u00e4ttningar som m\u00f6jligt f\u00f6r v\u00e5ra f\u00f6retag. Ett gott f\u00f6retagsklimat \u00e4r n\u00f6dv\u00e4ndigt i en kommun som ska \u00f6verleva och f\u00e5 fram resurser till skola, v\u00e5rd och omsorg. I V\u00e4rnamo kommun har vi ett mycket gott f\u00f6retagsklimat. I de m\u00e4tningar Svenskt N\u00e4ringsliv brukar g\u00f6ra hamnar vi p\u00e5 tio i topplistan \u00e5r fr\u00e5n \u00e5r de senaste \u00e5ren.<\/p>\n<p>V\u00e4rnamo kommun har goda f\u00f6ruts\u00e4ttningar att utvecklas som kommun. Vi har ett fantastiskt strategiskt l\u00e4ge med E 4:an och riksv\u00e4g 27 som g\u00e5r genom kommunen. Tillsammans med ett starkt och framg\u00e5ngsrikt n\u00e4ringsliv har vi unika m\u00f6jligheter att utvecklas och f\u00e5 till fler arbetsplatser. Vi har ett nyskapat verksamhetsomr\u00e5de i Bredaryd som ger skyltl\u00e4ge liksom ett omr\u00e5de p\u00e5 g\u00e5ng i korsningen E 4:an och 27:an vid Bredasten. B\u00e5da dessa omr\u00e5den kan bidra till att V\u00e4rnamo kommun tar ett ordentligt kliv upp i folkm\u00e4ngd. Det st\u00e4ller krav p\u00e5 byggnation. Det \u00e4r f\u00f6r \u00f6vrigt en av anledningarna till att Finnvedsbost\u00e4der s\u00e4ljer ifr\u00e5n en del av sitt best\u00e5nd, just f\u00f6r att kunna vara aktiva och bygga nytt d\u00e4r det beh\u00f6vs.<\/p>\n<p>Kristdemokraterna i V\u00e4rnamo ing\u00e5r i den styrande majoriteten i kommunen, i Alliansen. Vi l\u00e4gger stor vikt vid samarbetet. Det \u00e4r s\u00e4kert en av framg\u00e5ngsfaktorerna i V\u00e4rnamo, n\u00e4mligen att Alliansen kan samarbeta s\u00e5 bra. Vi kristdemokrater \u00e4r i detta sammanhang en viktig samarbetspartner. Och vi kan p\u00e5verka, ibland betydligt mer \u00e4n vi tror! Vi har flera nyckelpositioner idag och f\u00f6rhoppningsvis ska vi f\u00e5 \u00e4nnu fler efter valet. Vi g\u00e5r till val och lyfter fram det som ligger oss n\u00e4rmast \u2013 <em>det m\u00e4nskliga<\/em> och en <em>tillv\u00e4xt<\/em> p\u00e5 m\u00e4nniskans villkor. Det betyder ocks\u00e5 en betoning p\u00e5 h\u00e5llbarhet, inte bara social och ekonomisk utan ocks\u00e5 ekologisk. L\u00e5t oss nu se fram emot en valr\u00f6relse d\u00e4r vi alla hj\u00e4lps \u00e5t och bidra med det vi kan f\u00f6r ett framg\u00e5ngsrikt val f\u00f6r kristdemokraterna i V\u00e4rnamo kommun!<\/p>\n","protected":false},"excerpt":{"rendered":"<p>Vid Kristdemokraternas nomineringsst\u00e4mma den 2006-03-13 i Forsheda tog lokalavdelningens ordf\u00f6rande Christer Fjordevik tillf\u00e4llet i akt att presentera en vision f\u00f6r ett kristdemokratiskt V\u00e4rnamo.<\/p>\n","protected":false},"author":412,"featured_media":3803,"comment_status":"closed","ping_status":"closed","sticky":false,"template":"","format":"standard","meta":{"_acf_changed":false,"footnotes":""},"categories":[11],"tags":[32,213,149,34,49,235,24,37,69,128,164,51,236,180,147,36,192,234,233],"class_list":["post-2911","post","type-post","status-publish","format-standard","hentry","category-nyheter","tag-aldre","tag-aldrehalsocentral","tag-alliansen","tag-barnomsorg","tag-bredaryd","tag-bredasten","tag-christer-fjordevik","tag-familj","tag-familjecentral","tag-finnvedsbostader","tag-foretagande","tag-forsheda","tag-hallbarhet","tag-kristdemokrati","tag-manskligare-varnamo","tag-naringliv","tag-tillvaxt","tag-tjanstegaranti","tag-vision"],"acf":[],"yoast_head":"<!-- This site is optimized with the Yoast SEO plugin v27.4 - https:\/\/yoast.com\/product\/yoast-seo-wordpress\/ -->\n<title>Visioner f\u00f6r ett kristdemokratiskt V\u00e4rnamo - KRISTDEMOKRATERNA V\u00c4RNAMO<\/title>\n<meta name=\"robots\" content=\"index, follow, max-snippet:-1, max-image-preview:large, max-video-preview:-1\" \/>\n<link rel=\"canonical\" href=\"https:\/\/wp.kristdemokraterna.se\/varnamo\/2006\/03\/13\/visioner-for-ett-kristdemokratiskt-varnamo\/\" \/>\n<meta property=\"og:locale\" content=\"sv_SE\" \/>\n<meta property=\"og:type\" content=\"article\" \/>\n<meta property=\"og:title\" content=\"Visioner f\u00f6r ett kristdemokratiskt V\u00e4rnamo - KRISTDEMOKRATERNA V\u00c4RNAMO\" \/>\n<meta property=\"og:description\" content=\"Vid Kristdemokraternas nomineringsst\u00e4mma den 2006-03-13 i Forsheda tog lokalavdelningens ordf\u00f6rande Christer Fjordevik tillf\u00e4llet i akt att presentera en vision f\u00f6r ett kristdemokratiskt V\u00e4rnamo.\" \/>\n<meta property=\"og:url\" content=\"https:\/\/wp.kristdemokraterna.se\/varnamo\/2006\/03\/13\/visioner-for-ett-kristdemokratiskt-varnamo\/\" \/>\n<meta property=\"og:site_name\" content=\"KRISTDEMOKRATERNA V\u00c4RNAMO\" \/>\n<meta property=\"article:publisher\" content=\"https:\/\/www.facebook.com\/KDVarnamo\/\" \/>\n<meta property=\"article:published_time\" content=\"2006-03-13T21:45:59+00:00\" \/>\n<meta property=\"article:modified_time\" content=\"2015-07-12T13:05:35+00:00\" \/>\n<meta property=\"og:image\" content=\"https:\/\/wp.kristdemokraterna.se\/varnamo\/files\/2002\/03\/christer_fjordevik.jpg\" \/>\n\t<meta property=\"og:image:width\" content=\"300\" \/>\n\t<meta property=\"og:image:height\" content=\"300\" \/>\n\t<meta property=\"og:image:type\" content=\"image\/jpeg\" \/>\n<meta name=\"author\" content=\"Kristdemokraterna V\u00e4rnamo\" \/>\n<meta name=\"twitter:card\" content=\"summary_large_image\" \/>\n<meta name=\"twitter:creator\" content=\"@KDVarnamo\" \/>\n<meta name=\"twitter:site\" content=\"@KDVarnamo\" \/>\n<meta name=\"twitter:label1\" content=\"Skriven av\" \/>\n\t<meta name=\"twitter:data1\" content=\"Kristdemokraterna V\u00e4rnamo\" \/>\n\t<meta name=\"twitter:label2\" content=\"Ber\u00e4knad l\u00e4stid\" \/>\n\t<meta name=\"twitter:data2\" content=\"10 minuter\" \/>\n<script type=\"application\/ld+json\" class=\"yoast-schema-graph\">{\"@context\":\"https:\\\/\\\/schema.org\",\"@graph\":[{\"@type\":\"Article\",\"@id\":\"https:\\\/\\\/wp.kristdemokraterna.se\\\/varnamo\\\/2006\\\/03\\\/13\\\/visioner-for-ett-kristdemokratiskt-varnamo\\\/#article\",\"isPartOf\":{\"@id\":\"https:\\\/\\\/wp.kristdemokraterna.se\\\/varnamo\\\/2006\\\/03\\\/13\\\/visioner-for-ett-kristdemokratiskt-varnamo\\\/\"},\"author\":{\"name\":\"Kristdemokraterna V\u00e4rnamo\",\"@id\":\"https:\\\/\\\/wp.kristdemokraterna.se\\\/varnamo\\\/#\\\/schema\\\/person\\\/4e339ab04d613699e4dfe80a994e01d4\"},\"headline\":\"Visioner f\u00f6r ett kristdemokratiskt V\u00e4rnamo\",\"datePublished\":\"2006-03-13T21:45:59+00:00\",\"dateModified\":\"2015-07-12T13:05:35+00:00\",\"mainEntityOfPage\":{\"@id\":\"https:\\\/\\\/wp.kristdemokraterna.se\\\/varnamo\\\/2006\\\/03\\\/13\\\/visioner-for-ett-kristdemokratiskt-varnamo\\\/\"},\"wordCount\":1964,\"publisher\":{\"@id\":\"https:\\\/\\\/wp.kristdemokraterna.se\\\/varnamo\\\/#organization\"},\"image\":{\"@id\":\"https:\\\/\\\/wp.kristdemokraterna.se\\\/varnamo\\\/2006\\\/03\\\/13\\\/visioner-for-ett-kristdemokratiskt-varnamo\\\/#primaryimage\"},\"thumbnailUrl\":\"https:\\\/\\\/wp.kristdemokraterna.se\\\/varnamo\\\/files\\\/2002\\\/03\\\/christer_fjordevik.jpg\",\"keywords\":[\"\u00e4ldre\",\"\u00e4ldreh\u00e4lsocentral\",\"Alliansen\",\"barnomsorg\",\"Bredaryd\",\"Bredasten\",\"Christer Fjordevik\",\"familj\",\"familjecentral\",\"Finnvedsbost\u00e4der\",\"f\u00f6retagande\",\"Forsheda\",\"h\u00e5llbarhet\",\"kristdemokrati\",\"m\u00e4nskligare V\u00e4rnamo\",\"n\u00e4ringsliv\",\"tillv\u00e4xt\",\"tj\u00e4nstegaranti\",\"vision\"],\"articleSection\":[\"Nyheter\"],\"inLanguage\":\"sv-SE\"},{\"@type\":\"WebPage\",\"@id\":\"https:\\\/\\\/wp.kristdemokraterna.se\\\/varnamo\\\/2006\\\/03\\\/13\\\/visioner-for-ett-kristdemokratiskt-varnamo\\\/\",\"url\":\"https:\\\/\\\/wp.kristdemokraterna.se\\\/varnamo\\\/2006\\\/03\\\/13\\\/visioner-for-ett-kristdemokratiskt-varnamo\\\/\",\"name\":\"Visioner f\u00f6r ett kristdemokratiskt V\u00e4rnamo - KRISTDEMOKRATERNA V\u00c4RNAMO\",\"isPartOf\":{\"@id\":\"https:\\\/\\\/wp.kristdemokraterna.se\\\/varnamo\\\/#website\"},\"primaryImageOfPage\":{\"@id\":\"https:\\\/\\\/wp.kristdemokraterna.se\\\/varnamo\\\/2006\\\/03\\\/13\\\/visioner-for-ett-kristdemokratiskt-varnamo\\\/#primaryimage\"},\"image\":{\"@id\":\"https:\\\/\\\/wp.kristdemokraterna.se\\\/varnamo\\\/2006\\\/03\\\/13\\\/visioner-for-ett-kristdemokratiskt-varnamo\\\/#primaryimage\"},\"thumbnailUrl\":\"https:\\\/\\\/wp.kristdemokraterna.se\\\/varnamo\\\/files\\\/2002\\\/03\\\/christer_fjordevik.jpg\",\"datePublished\":\"2006-03-13T21:45:59+00:00\",\"dateModified\":\"2015-07-12T13:05:35+00:00\",\"breadcrumb\":{\"@id\":\"https:\\\/\\\/wp.kristdemokraterna.se\\\/varnamo\\\/2006\\\/03\\\/13\\\/visioner-for-ett-kristdemokratiskt-varnamo\\\/#breadcrumb\"},\"inLanguage\":\"sv-SE\",\"potentialAction\":[{\"@type\":\"ReadAction\",\"target\":[\"https:\\\/\\\/wp.kristdemokraterna.se\\\/varnamo\\\/2006\\\/03\\\/13\\\/visioner-for-ett-kristdemokratiskt-varnamo\\\/\"]}]},{\"@type\":\"ImageObject\",\"inLanguage\":\"sv-SE\",\"@id\":\"https:\\\/\\\/wp.kristdemokraterna.se\\\/varnamo\\\/2006\\\/03\\\/13\\\/visioner-for-ett-kristdemokratiskt-varnamo\\\/#primaryimage\",\"url\":\"https:\\\/\\\/wp.kristdemokraterna.se\\\/varnamo\\\/files\\\/2002\\\/03\\\/christer_fjordevik.jpg\",\"contentUrl\":\"https:\\\/\\\/wp.kristdemokraterna.se\\\/varnamo\\\/files\\\/2002\\\/03\\\/christer_fjordevik.jpg\",\"width\":300,\"height\":300,\"caption\":\"Christer Fjordevik, Kristdemokraterna V\u00e4rnamo (Foto: Fotograf M\u00e4ster Olof)\"},{\"@type\":\"BreadcrumbList\",\"@id\":\"https:\\\/\\\/wp.kristdemokraterna.se\\\/varnamo\\\/2006\\\/03\\\/13\\\/visioner-for-ett-kristdemokratiskt-varnamo\\\/#breadcrumb\",\"itemListElement\":[{\"@type\":\"ListItem\",\"position\":1,\"name\":\"Hem\",\"item\":\"https:\\\/\\\/wp.kristdemokraterna.se\\\/varnamo\\\/\"},{\"@type\":\"ListItem\",\"position\":2,\"name\":\"Visioner f\u00f6r ett kristdemokratiskt V\u00e4rnamo\"}]},{\"@type\":\"WebSite\",\"@id\":\"https:\\\/\\\/wp.kristdemokraterna.se\\\/varnamo\\\/#website\",\"url\":\"https:\\\/\\\/wp.kristdemokraterna.se\\\/varnamo\\\/\",\"name\":\"KRISTDEMOKRATERNA V\u00c4RNAMO\",\"description\":\"Med hj\u00e4rta f\u00f6r V\u00e4rnamo\",\"publisher\":{\"@id\":\"https:\\\/\\\/wp.kristdemokraterna.se\\\/varnamo\\\/#organization\"},\"inLanguage\":\"sv-SE\"},{\"@type\":\"Organization\",\"@id\":\"https:\\\/\\\/wp.kristdemokraterna.se\\\/varnamo\\\/#organization\",\"name\":\"Kristdemokraterna V\u00e4rnamo\",\"url\":\"https:\\\/\\\/wp.kristdemokraterna.se\\\/varnamo\\\/\",\"logo\":{\"@type\":\"ImageObject\",\"inLanguage\":\"sv-SE\",\"@id\":\"https:\\\/\\\/wp.kristdemokraterna.se\\\/varnamo\\\/#\\\/schema\\\/logo\\\/image\\\/\",\"url\":\"https:\\\/\\\/wp.kristdemokraterna.se\\\/varnamo\\\/files\\\/2022\\\/08\\\/va\u2560ernamo-sida-bla-300dpi.png\",\"contentUrl\":\"https:\\\/\\\/wp.kristdemokraterna.se\\\/varnamo\\\/files\\\/2022\\\/08\\\/va\u2560ernamo-sida-bla-300dpi.png\",\"width\":1485,\"height\":681,\"caption\":\"Kristdemokraterna V\u00e4rnamo\"},\"image\":{\"@id\":\"https:\\\/\\\/wp.kristdemokraterna.se\\\/varnamo\\\/#\\\/schema\\\/logo\\\/image\\\/\"},\"sameAs\":[\"https:\\\/\\\/www.facebook.com\\\/KDVarnamo\\\/\",\"https:\\\/\\\/x.com\\\/KDVarnamo\",\"https:\\\/\\\/www.instagram.com\\\/\",\"https:\\\/\\\/www.youtube.com\\\/user\\\/studiokd\\\/videos\"]},{\"@type\":\"Person\",\"@id\":\"https:\\\/\\\/wp.kristdemokraterna.se\\\/varnamo\\\/#\\\/schema\\\/person\\\/4e339ab04d613699e4dfe80a994e01d4\",\"name\":\"Kristdemokraterna V\u00e4rnamo\",\"image\":{\"@type\":\"ImageObject\",\"inLanguage\":\"sv-SE\",\"@id\":\"https:\\\/\\\/secure.gravatar.com\\\/avatar\\\/c122e48c7723992af51eb155eeaa93db3c1fa324e3fc6ec45dd712c812809b5b?s=96&r=g\",\"url\":\"https:\\\/\\\/secure.gravatar.com\\\/avatar\\\/c122e48c7723992af51eb155eeaa93db3c1fa324e3fc6ec45dd712c812809b5b?s=96&r=g\",\"contentUrl\":\"https:\\\/\\\/secure.gravatar.com\\\/avatar\\\/c122e48c7723992af51eb155eeaa93db3c1fa324e3fc6ec45dd712c812809b5b?s=96&r=g\",\"caption\":\"Kristdemokraterna V\u00e4rnamo\"},\"description\":\"Familjens r\u00f6st\",\"sameAs\":[\"http:\\\/\\\/www.varnamo.kristdemokraterna.se\"],\"url\":\"https:\\\/\\\/wp.kristdemokraterna.se\\\/varnamo\\\/author\\\/varnamo\\\/\"}]}<\/script>\n<!-- \/ Yoast SEO plugin. -->","yoast_head_json":{"title":"Visioner f\u00f6r ett kristdemokratiskt V\u00e4rnamo - KRISTDEMOKRATERNA V\u00c4RNAMO","robots":{"index":"index","follow":"follow","max-snippet":"max-snippet:-1","max-image-preview":"max-image-preview:large","max-video-preview":"max-video-preview:-1"},"canonical":"https:\/\/wp.kristdemokraterna.se\/varnamo\/2006\/03\/13\/visioner-for-ett-kristdemokratiskt-varnamo\/","og_locale":"sv_SE","og_type":"article","og_title":"Visioner f\u00f6r ett kristdemokratiskt V\u00e4rnamo - KRISTDEMOKRATERNA V\u00c4RNAMO","og_description":"Vid Kristdemokraternas nomineringsst\u00e4mma den 2006-03-13 i Forsheda tog lokalavdelningens ordf\u00f6rande Christer Fjordevik tillf\u00e4llet i akt att presentera en vision f\u00f6r ett kristdemokratiskt V\u00e4rnamo.","og_url":"https:\/\/wp.kristdemokraterna.se\/varnamo\/2006\/03\/13\/visioner-for-ett-kristdemokratiskt-varnamo\/","og_site_name":"KRISTDEMOKRATERNA V\u00c4RNAMO","article_publisher":"https:\/\/www.facebook.com\/KDVarnamo\/","article_published_time":"2006-03-13T21:45:59+00:00","article_modified_time":"2015-07-12T13:05:35+00:00","og_image":[{"width":300,"height":300,"url":"https:\/\/wp.kristdemokraterna.se\/varnamo\/files\/2002\/03\/christer_fjordevik.jpg","type":"image\/jpeg"}],"author":"Kristdemokraterna V\u00e4rnamo","twitter_card":"summary_large_image","twitter_creator":"@KDVarnamo","twitter_site":"@KDVarnamo","twitter_misc":{"Skriven av":"Kristdemokraterna V\u00e4rnamo","Ber\u00e4knad l\u00e4stid":"10 minuter"},"schema":{"@context":"https:\/\/schema.org","@graph":[{"@type":"Article","@id":"https:\/\/wp.kristdemokraterna.se\/varnamo\/2006\/03\/13\/visioner-for-ett-kristdemokratiskt-varnamo\/#article","isPartOf":{"@id":"https:\/\/wp.kristdemokraterna.se\/varnamo\/2006\/03\/13\/visioner-for-ett-kristdemokratiskt-varnamo\/"},"author":{"name":"Kristdemokraterna V\u00e4rnamo","@id":"https:\/\/wp.kristdemokraterna.se\/varnamo\/#\/schema\/person\/4e339ab04d613699e4dfe80a994e01d4"},"headline":"Visioner f\u00f6r ett kristdemokratiskt V\u00e4rnamo","datePublished":"2006-03-13T21:45:59+00:00","dateModified":"2015-07-12T13:05:35+00:00","mainEntityOfPage":{"@id":"https:\/\/wp.kristdemokraterna.se\/varnamo\/2006\/03\/13\/visioner-for-ett-kristdemokratiskt-varnamo\/"},"wordCount":1964,"publisher":{"@id":"https:\/\/wp.kristdemokraterna.se\/varnamo\/#organization"},"image":{"@id":"https:\/\/wp.kristdemokraterna.se\/varnamo\/2006\/03\/13\/visioner-for-ett-kristdemokratiskt-varnamo\/#primaryimage"},"thumbnailUrl":"https:\/\/wp.kristdemokraterna.se\/varnamo\/files\/2002\/03\/christer_fjordevik.jpg","keywords":["\u00e4ldre","\u00e4ldreh\u00e4lsocentral","Alliansen","barnomsorg","Bredaryd","Bredasten","Christer Fjordevik","familj","familjecentral","Finnvedsbost\u00e4der","f\u00f6retagande","Forsheda","h\u00e5llbarhet","kristdemokrati","m\u00e4nskligare V\u00e4rnamo","n\u00e4ringsliv","tillv\u00e4xt","tj\u00e4nstegaranti","vision"],"articleSection":["Nyheter"],"inLanguage":"sv-SE"},{"@type":"WebPage","@id":"https:\/\/wp.kristdemokraterna.se\/varnamo\/2006\/03\/13\/visioner-for-ett-kristdemokratiskt-varnamo\/","url":"https:\/\/wp.kristdemokraterna.se\/varnamo\/2006\/03\/13\/visioner-for-ett-kristdemokratiskt-varnamo\/","name":"Visioner f\u00f6r ett kristdemokratiskt V\u00e4rnamo - KRISTDEMOKRATERNA V\u00c4RNAMO","isPartOf":{"@id":"https:\/\/wp.kristdemokraterna.se\/varnamo\/#website"},"primaryImageOfPage":{"@id":"https:\/\/wp.kristdemokraterna.se\/varnamo\/2006\/03\/13\/visioner-for-ett-kristdemokratiskt-varnamo\/#primaryimage"},"image":{"@id":"https:\/\/wp.kristdemokraterna.se\/varnamo\/2006\/03\/13\/visioner-for-ett-kristdemokratiskt-varnamo\/#primaryimage"},"thumbnailUrl":"https:\/\/wp.kristdemokraterna.se\/varnamo\/files\/2002\/03\/christer_fjordevik.jpg","datePublished":"2006-03-13T21:45:59+00:00","dateModified":"2015-07-12T13:05:35+00:00","breadcrumb":{"@id":"https:\/\/wp.kristdemokraterna.se\/varnamo\/2006\/03\/13\/visioner-for-ett-kristdemokratiskt-varnamo\/#breadcrumb"},"inLanguage":"sv-SE","potentialAction":[{"@type":"ReadAction","target":["https:\/\/wp.kristdemokraterna.se\/varnamo\/2006\/03\/13\/visioner-for-ett-kristdemokratiskt-varnamo\/"]}]},{"@type":"ImageObject","inLanguage":"sv-SE","@id":"https:\/\/wp.kristdemokraterna.se\/varnamo\/2006\/03\/13\/visioner-for-ett-kristdemokratiskt-varnamo\/#primaryimage","url":"https:\/\/wp.kristdemokraterna.se\/varnamo\/files\/2002\/03\/christer_fjordevik.jpg","contentUrl":"https:\/\/wp.kristdemokraterna.se\/varnamo\/files\/2002\/03\/christer_fjordevik.jpg","width":300,"height":300,"caption":"Christer Fjordevik, Kristdemokraterna V\u00e4rnamo (Foto: Fotograf M\u00e4ster Olof)"},{"@type":"BreadcrumbList","@id":"https:\/\/wp.kristdemokraterna.se\/varnamo\/2006\/03\/13\/visioner-for-ett-kristdemokratiskt-varnamo\/#breadcrumb","itemListElement":[{"@type":"ListItem","position":1,"name":"Hem","item":"https:\/\/wp.kristdemokraterna.se\/varnamo\/"},{"@type":"ListItem","position":2,"name":"Visioner f\u00f6r ett kristdemokratiskt V\u00e4rnamo"}]},{"@type":"WebSite","@id":"https:\/\/wp.kristdemokraterna.se\/varnamo\/#website","url":"https:\/\/wp.kristdemokraterna.se\/varnamo\/","name":"KRISTDEMOKRATERNA V\u00c4RNAMO","description":"Med hj\u00e4rta f\u00f6r V\u00e4rnamo","publisher":{"@id":"https:\/\/wp.kristdemokraterna.se\/varnamo\/#organization"},"inLanguage":"sv-SE"},{"@type":"Organization","@id":"https:\/\/wp.kristdemokraterna.se\/varnamo\/#organization","name":"Kristdemokraterna V\u00e4rnamo","url":"https:\/\/wp.kristdemokraterna.se\/varnamo\/","logo":{"@type":"ImageObject","inLanguage":"sv-SE","@id":"https:\/\/wp.kristdemokraterna.se\/varnamo\/#\/schema\/logo\/image\/","url":"https:\/\/wp.kristdemokraterna.se\/varnamo\/files\/2022\/08\/va\u2560ernamo-sida-bla-300dpi.png","contentUrl":"https:\/\/wp.kristdemokraterna.se\/varnamo\/files\/2022\/08\/va\u2560ernamo-sida-bla-300dpi.png","width":1485,"height":681,"caption":"Kristdemokraterna V\u00e4rnamo"},"image":{"@id":"https:\/\/wp.kristdemokraterna.se\/varnamo\/#\/schema\/logo\/image\/"},"sameAs":["https:\/\/www.facebook.com\/KDVarnamo\/","https:\/\/x.com\/KDVarnamo","https:\/\/www.instagram.com\/","https:\/\/www.youtube.com\/user\/studiokd\/videos"]},{"@type":"Person","@id":"https:\/\/wp.kristdemokraterna.se\/varnamo\/#\/schema\/person\/4e339ab04d613699e4dfe80a994e01d4","name":"Kristdemokraterna V\u00e4rnamo","image":{"@type":"ImageObject","inLanguage":"sv-SE","@id":"https:\/\/secure.gravatar.com\/avatar\/c122e48c7723992af51eb155eeaa93db3c1fa324e3fc6ec45dd712c812809b5b?s=96&r=g","url":"https:\/\/secure.gravatar.com\/avatar\/c122e48c7723992af51eb155eeaa93db3c1fa324e3fc6ec45dd712c812809b5b?s=96&r=g","contentUrl":"https:\/\/secure.gravatar.com\/avatar\/c122e48c7723992af51eb155eeaa93db3c1fa324e3fc6ec45dd712c812809b5b?s=96&r=g","caption":"Kristdemokraterna V\u00e4rnamo"},"description":"Familjens r\u00f6st","sameAs":["http:\/\/www.varnamo.kristdemokraterna.se"],"url":"https:\/\/wp.kristdemokraterna.se\/varnamo\/author\/varnamo\/"}]}},"_links":{"self":[{"href":"https:\/\/wp.kristdemokraterna.se\/varnamo\/wp-json\/wp\/v2\/posts\/2911","targetHints":{"allow":["GET"]}}],"collection":[{"href":"https:\/\/wp.kristdemokraterna.se\/varnamo\/wp-json\/wp\/v2\/posts"}],"about":[{"href":"https:\/\/wp.kristdemokraterna.se\/varnamo\/wp-json\/wp\/v2\/types\/post"}],"author":[{"embeddable":true,"href":"https:\/\/wp.kristdemokraterna.se\/varnamo\/wp-json\/wp\/v2\/users\/412"}],"replies":[{"embeddable":true,"href":"https:\/\/wp.kristdemokraterna.se\/varnamo\/wp-json\/wp\/v2\/comments?post=2911"}],"version-history":[{"count":8,"href":"https:\/\/wp.kristdemokraterna.se\/varnamo\/wp-json\/wp\/v2\/posts\/2911\/revisions"}],"predecessor-version":[{"id":6766,"href":"https:\/\/wp.kristdemokraterna.se\/varnamo\/wp-json\/wp\/v2\/posts\/2911\/revisions\/6766"}],"wp:featuredmedia":[{"embeddable":true,"href":"https:\/\/wp.kristdemokraterna.se\/varnamo\/wp-json\/wp\/v2\/media\/3803"}],"wp:attachment":[{"href":"https:\/\/wp.kristdemokraterna.se\/varnamo\/wp-json\/wp\/v2\/media?parent=2911"}],"wp:term":[{"taxonomy":"category","embeddable":true,"href":"https:\/\/wp.kristdemokraterna.se\/varnamo\/wp-json\/wp\/v2\/categories?post=2911"},{"taxonomy":"post_tag","embeddable":true,"href":"https:\/\/wp.kristdemokraterna.se\/varnamo\/wp-json\/wp\/v2\/tags?post=2911"}],"curies":[{"name":"wp","href":"https:\/\/api.w.org\/{rel}","templated":true}]}}