{"id":3138,"date":"2013-10-26T19:28:46","date_gmt":"2013-10-26T17:28:46","guid":{"rendered":"http:\/\/wp.kristdemokraterna.se\/varnamo\/?p=3138"},"modified":"2015-07-10T14:29:28","modified_gmt":"2015-07-10T12:29:28","slug":"kristdemokraterna-firade-friveckolordag-med-popcorn","status":"publish","type":"post","link":"https:\/\/wp.kristdemokraterna.se\/varnamo\/2013\/10\/26\/kristdemokraterna-firade-friveckolordag-med-popcorn\/","title":{"rendered":"Kristdemokraterna firade Friveckol\u00f6rdag med popcorn"},"content":{"rendered":"<p>Friveckol\u00f6rdag, den klassiska marknadsdagen i V\u00e4rnamo, var Kristdemokraterna ute och testade sin nya popcornmaskin. Klart att alla ville smaka&#8230;<\/p>\n<p><!--more--><\/p>\n<p>Hanna sk\u00f6tte popcornmaskinen n\u00e4r Kristdemokraterna firade Friveckol\u00f6rdag i V\u00e4rnamo. Det var m\u00e5nga barn som ville ha varma popcorn i h\u00f6strusket.<\/p>\n<p>Friveckol\u00f6rdag \u00e4r kanske den mest k\u00e4nda av v\u00e4rnamos m\u00e5nga marknadsdagar. Det var m\u00e5nga v\u00e4rnamobor ute i h\u00f6strusket och sj\u00e4lvklart var det n\u00e5gra som stannade till hos Kristdemokraterna f\u00f6r en kopp kaffe och\u00a0en pratstund om Kristdemokraterna som familjens r\u00f6st. M\u00e5nga ville \u00e4ven ha tidningen <a title=\"Tidningen Vardagsliv 2013\" href=\"http:\/\/www.kristdemokraterna.se\/Global\/pdf\/Vardagsliv_2013.pdf\" target=\"_blank\">Vardagsliv<\/a>.<\/p>\n\n\t\t<style type=\"text\/css\">\n\t\t\t#gallery-1 {\n\t\t\t\tmargin: auto;\n\t\t\t}\n\t\t\t#gallery-1 .gallery-item {\n\t\t\t\tfloat: left;\n\t\t\t\tmargin-top: 10px;\n\t\t\t\ttext-align: center;\n\t\t\t\twidth: 33%;\n\t\t\t}\n\t\t\t#gallery-1 img {\n\t\t\t\tborder: 2px solid #cfcfcf;\n\t\t\t}\n\t\t\t#gallery-1 .gallery-caption {\n\t\t\t\tmargin-left: 0;\n\t\t\t}\n\t\t\t\/* see gallery_shortcode() in wp-includes\/media.php *\/\n\t\t<\/style>\n\t\t<div id='gallery-1' class='gallery galleryid-3138 gallery-columns-3 gallery-size-thumbnail'><dl class='gallery-item'>\n\t\t\t<dt class='gallery-icon landscape'>\n\t\t\t\t<a href='https:\/\/wp.kristdemokraterna.se\/varnamo\/2013\/10\/26\/kristdemokraterna-firade-friveckolordag-med-popcorn\/20131026-hanna-popcorn\/'><img loading=\"lazy\" decoding=\"async\" width=\"150\" height=\"150\" src=\"https:\/\/wp.kristdemokraterna.se\/varnamo\/files\/2013\/10\/20131026_Hanna_Popcorn-150x150.png\" class=\"attachment-thumbnail size-thumbnail\" alt=\"Hanna sk\u00f6tte popcornmaskinen n\u00e4r Kristdemokraterna firade Friveckol\u00f6rdag i V\u00e4rnamo. (Foto: H\u00e5kan Johansson)\" aria-describedby=\"gallery-1-3142\" \/><\/a>\n\t\t\t<\/dt>\n\t\t\t\t<dd class='wp-caption-text gallery-caption' id='gallery-1-3142'>\n\t\t\t\tHanna sk\u00f6tte popcornmaskinen n\u00e4r Kristdemokraterna firade Friveckol\u00f6rdag i V\u00e4rnamo. (Foto: H\u00e5kan Johansson)\n\t\t\t\t<\/dd><\/dl><dl class='gallery-item'>\n\t\t\t<dt class='gallery-icon landscape'>\n\t\t\t\t<a href='https:\/\/wp.kristdemokraterna.se\/varnamo\/2013\/10\/26\/kristdemokraterna-firade-friveckolordag-med-popcorn\/20131026-friveckolordag\/'><img loading=\"lazy\" decoding=\"async\" width=\"150\" height=\"150\" src=\"https:\/\/wp.kristdemokraterna.se\/varnamo\/files\/2013\/10\/20131026_Friveckolordag-150x150.png\" class=\"attachment-thumbnail size-thumbnail\" alt=\"Det var m\u00e5nga v\u00e4rnamobor som trotsade h\u00f6strusket p\u00e5 Friveckol\u00f6rdag. (Foto: H\u00e5kan Johansson)\" aria-describedby=\"gallery-1-3141\" \/><\/a>\n\t\t\t<\/dt>\n\t\t\t\t<dd class='wp-caption-text gallery-caption' id='gallery-1-3141'>\n\t\t\t\tDet var m\u00e5nga v\u00e4rnamobor som trotsade h\u00f6strusket p\u00e5 Friveckol\u00f6rdag. (Foto: H\u00e5kan Johansson)\n\t\t\t\t<\/dd><\/dl><dl class='gallery-item'>\n\t\t\t<dt class='gallery-icon portrait'>\n\t\t\t\t<a href='https:\/\/wp.kristdemokraterna.se\/varnamo\/2013\/10\/26\/kristdemokraterna-firade-friveckolordag-med-popcorn\/popcorn\/'><img loading=\"lazy\" decoding=\"async\" width=\"150\" height=\"150\" src=\"https:\/\/wp.kristdemokraterna.se\/varnamo\/files\/2013\/10\/popcorn-150x150.png\" class=\"attachment-thumbnail size-thumbnail\" alt=\"Popcorn. (Foto: Camilla Rinaldo Miller)\" aria-describedby=\"gallery-1-3143\" \/><\/a>\n\t\t\t<\/dt>\n\t\t\t\t<dd class='wp-caption-text gallery-caption' id='gallery-1-3143'>\n\t\t\t\tPopcorn. (Foto: Camilla Rinaldo Miller)\n\t\t\t\t<\/dd><\/dl><br style=\"clear: both\" \/><dl class='gallery-item'>\n\t\t\t<dt class='gallery-icon landscape'>\n\t\t\t\t<a href='https:\/\/wp.kristdemokraterna.se\/varnamo\/2013\/09\/30\/hur-far-du-ihop-det\/familjensrost-150px\/'><img loading=\"lazy\" decoding=\"async\" width=\"150\" height=\"126\" src=\"https:\/\/wp.kristdemokraterna.se\/varnamo\/files\/2013\/10\/Familjensrost_150px.png\" class=\"attachment-thumbnail size-thumbnail\" alt=\"Familjens r\u00f6st\" srcset=\"https:\/\/wp.kristdemokraterna.se\/varnamo\/files\/2013\/10\/Familjensrost_150px.png 150w, https:\/\/wp.kristdemokraterna.se\/varnamo\/files\/2013\/10\/Familjensrost_150px-133x112.png 133w\" sizes=\"auto, (max-width: 150px) 100vw, 150px\" \/><\/a>\n\t\t\t<\/dt><\/dl>\n\t\t\t<br style='clear: both' \/>\n\t\t<\/div>\n\n<p style=\"text-align: center\">[<a title=\"Hur f\u00e5r du ihop det?\" href=\"http:\/\/wp.kristdemokraterna.se\/varnamo\/2013\/09\/30\/hur-far-du-ihop-det\/\">L\u00e4nk till v\u00e5r kampanj<\/a>]<a href=\"http:\/\/wp.kristdemokraterna.se\/varnamo\/files\/2013\/10\/Familjensrost_150px.png\"><br \/>\n<\/a><\/p>\n","protected":false},"excerpt":{"rendered":"<p>Friveckol\u00f6rdag, den klassiska marknadsdagen i V\u00e4rnamo, var Kristdemokraterna ute och testade sin nya popcornmaskin. Klart att alla ville smaka&#8230;<\/p>\n","protected":false},"author":412,"featured_media":3143,"comment_status":"closed","ping_status":"closed","sticky":false,"template":"","format":"standard","meta":{"_acf_changed":false,"footnotes":""},"categories":[11],"tags":[31,37,375,520,60,449,437],"class_list":["post-3138","post","type-post","status-publish","format-standard","hentry","category-nyheter","tag-barn-och-unga","tag-familj","tag-familjens-rost","tag-friveckolordag","tag-kampanj","tag-popcorn","tag-vardagsliv"],"acf":[],"yoast_head":"<!-- This site is optimized with the Yoast SEO plugin v27.4 - https:\/\/yoast.com\/product\/yoast-seo-wordpress\/ -->\n<title>Kristdemokraterna firade Friveckol\u00f6rdag med popcorn - KRISTDEMOKRATERNA V\u00c4RNAMO<\/title>\n<meta name=\"robots\" content=\"index, follow, max-snippet:-1, max-image-preview:large, max-video-preview:-1\" \/>\n<link rel=\"canonical\" href=\"https:\/\/wp.kristdemokraterna.se\/varnamo\/2013\/10\/26\/kristdemokraterna-firade-friveckolordag-med-popcorn\/\" \/>\n<meta property=\"og:locale\" content=\"sv_SE\" \/>\n<meta property=\"og:type\" content=\"article\" \/>\n<meta property=\"og:title\" content=\"Kristdemokraterna firade Friveckol\u00f6rdag med popcorn - KRISTDEMOKRATERNA V\u00c4RNAMO\" \/>\n<meta property=\"og:description\" content=\"Friveckol\u00f6rdag, den klassiska marknadsdagen i V\u00e4rnamo, var Kristdemokraterna ute och testade sin nya popcornmaskin. Klart att alla ville smaka&#8230;\" \/>\n<meta property=\"og:url\" content=\"https:\/\/wp.kristdemokraterna.se\/varnamo\/2013\/10\/26\/kristdemokraterna-firade-friveckolordag-med-popcorn\/\" \/>\n<meta property=\"og:site_name\" content=\"KRISTDEMOKRATERNA V\u00c4RNAMO\" \/>\n<meta property=\"article:publisher\" content=\"https:\/\/www.facebook.com\/KDVarnamo\/\" \/>\n<meta property=\"article:published_time\" content=\"2013-10-26T17:28:46+00:00\" \/>\n<meta property=\"article:modified_time\" content=\"2015-07-10T12:29:28+00:00\" \/>\n<meta property=\"og:image\" content=\"https:\/\/wp.kristdemokraterna.se\/varnamo\/files\/2013\/10\/popcorn.png\" \/>\n\t<meta property=\"og:image:width\" content=\"205\" \/>\n\t<meta property=\"og:image:height\" content=\"273\" \/>\n\t<meta property=\"og:image:type\" content=\"image\/png\" \/>\n<meta name=\"author\" content=\"Kristdemokraterna V\u00e4rnamo\" \/>\n<meta name=\"twitter:card\" content=\"summary_large_image\" \/>\n<meta name=\"twitter:creator\" content=\"@KDVarnamo\" \/>\n<meta name=\"twitter:site\" content=\"@KDVarnamo\" \/>\n<meta name=\"twitter:label1\" content=\"Skriven av\" \/>\n\t<meta name=\"twitter:data1\" content=\"Kristdemokraterna V\u00e4rnamo\" \/>\n\t<meta name=\"twitter:label2\" content=\"Ber\u00e4knad l\u00e4stid\" \/>\n\t<meta name=\"twitter:data2\" content=\"1 minut\" \/>\n<script type=\"application\/ld+json\" class=\"yoast-schema-graph\">{\"@context\":\"https:\\\/\\\/schema.org\",\"@graph\":[{\"@type\":\"Article\",\"@id\":\"https:\\\/\\\/wp.kristdemokraterna.se\\\/varnamo\\\/2013\\\/10\\\/26\\\/kristdemokraterna-firade-friveckolordag-med-popcorn\\\/#article\",\"isPartOf\":{\"@id\":\"https:\\\/\\\/wp.kristdemokraterna.se\\\/varnamo\\\/2013\\\/10\\\/26\\\/kristdemokraterna-firade-friveckolordag-med-popcorn\\\/\"},\"author\":{\"name\":\"Kristdemokraterna V\u00e4rnamo\",\"@id\":\"https:\\\/\\\/wp.kristdemokraterna.se\\\/varnamo\\\/#\\\/schema\\\/person\\\/4e339ab04d613699e4dfe80a994e01d4\"},\"headline\":\"Kristdemokraterna firade Friveckol\u00f6rdag med popcorn\",\"datePublished\":\"2013-10-26T17:28:46+00:00\",\"dateModified\":\"2015-07-10T12:29:28+00:00\",\"mainEntityOfPage\":{\"@id\":\"https:\\\/\\\/wp.kristdemokraterna.se\\\/varnamo\\\/2013\\\/10\\\/26\\\/kristdemokraterna-firade-friveckolordag-med-popcorn\\\/\"},\"wordCount\":122,\"publisher\":{\"@id\":\"https:\\\/\\\/wp.kristdemokraterna.se\\\/varnamo\\\/#organization\"},\"image\":{\"@id\":\"https:\\\/\\\/wp.kristdemokraterna.se\\\/varnamo\\\/2013\\\/10\\\/26\\\/kristdemokraterna-firade-friveckolordag-med-popcorn\\\/#primaryimage\"},\"thumbnailUrl\":\"https:\\\/\\\/wp.kristdemokraterna.se\\\/varnamo\\\/files\\\/2013\\\/10\\\/popcorn.png\",\"keywords\":[\"barn och unga\",\"familj\",\"familjens r\u00f6st\",\"friveckol\u00f6rdag\",\"kampanj\",\"popcorn\",\"vardagsliv\"],\"articleSection\":[\"Nyheter\"],\"inLanguage\":\"sv-SE\"},{\"@type\":\"WebPage\",\"@id\":\"https:\\\/\\\/wp.kristdemokraterna.se\\\/varnamo\\\/2013\\\/10\\\/26\\\/kristdemokraterna-firade-friveckolordag-med-popcorn\\\/\",\"url\":\"https:\\\/\\\/wp.kristdemokraterna.se\\\/varnamo\\\/2013\\\/10\\\/26\\\/kristdemokraterna-firade-friveckolordag-med-popcorn\\\/\",\"name\":\"Kristdemokraterna firade Friveckol\u00f6rdag med popcorn - KRISTDEMOKRATERNA V\u00c4RNAMO\",\"isPartOf\":{\"@id\":\"https:\\\/\\\/wp.kristdemokraterna.se\\\/varnamo\\\/#website\"},\"primaryImageOfPage\":{\"@id\":\"https:\\\/\\\/wp.kristdemokraterna.se\\\/varnamo\\\/2013\\\/10\\\/26\\\/kristdemokraterna-firade-friveckolordag-med-popcorn\\\/#primaryimage\"},\"image\":{\"@id\":\"https:\\\/\\\/wp.kristdemokraterna.se\\\/varnamo\\\/2013\\\/10\\\/26\\\/kristdemokraterna-firade-friveckolordag-med-popcorn\\\/#primaryimage\"},\"thumbnailUrl\":\"https:\\\/\\\/wp.kristdemokraterna.se\\\/varnamo\\\/files\\\/2013\\\/10\\\/popcorn.png\",\"datePublished\":\"2013-10-26T17:28:46+00:00\",\"dateModified\":\"2015-07-10T12:29:28+00:00\",\"breadcrumb\":{\"@id\":\"https:\\\/\\\/wp.kristdemokraterna.se\\\/varnamo\\\/2013\\\/10\\\/26\\\/kristdemokraterna-firade-friveckolordag-med-popcorn\\\/#breadcrumb\"},\"inLanguage\":\"sv-SE\",\"potentialAction\":[{\"@type\":\"ReadAction\",\"target\":[\"https:\\\/\\\/wp.kristdemokraterna.se\\\/varnamo\\\/2013\\\/10\\\/26\\\/kristdemokraterna-firade-friveckolordag-med-popcorn\\\/\"]}]},{\"@type\":\"ImageObject\",\"inLanguage\":\"sv-SE\",\"@id\":\"https:\\\/\\\/wp.kristdemokraterna.se\\\/varnamo\\\/2013\\\/10\\\/26\\\/kristdemokraterna-firade-friveckolordag-med-popcorn\\\/#primaryimage\",\"url\":\"https:\\\/\\\/wp.kristdemokraterna.se\\\/varnamo\\\/files\\\/2013\\\/10\\\/popcorn.png\",\"contentUrl\":\"https:\\\/\\\/wp.kristdemokraterna.se\\\/varnamo\\\/files\\\/2013\\\/10\\\/popcorn.png\",\"width\":205,\"height\":273,\"caption\":\"Popcorn. (Foto: Camilla Rinaldo Miller)\"},{\"@type\":\"BreadcrumbList\",\"@id\":\"https:\\\/\\\/wp.kristdemokraterna.se\\\/varnamo\\\/2013\\\/10\\\/26\\\/kristdemokraterna-firade-friveckolordag-med-popcorn\\\/#breadcrumb\",\"itemListElement\":[{\"@type\":\"ListItem\",\"position\":1,\"name\":\"Hem\",\"item\":\"https:\\\/\\\/wp.kristdemokraterna.se\\\/varnamo\\\/\"},{\"@type\":\"ListItem\",\"position\":2,\"name\":\"Kristdemokraterna firade Friveckol\u00f6rdag med popcorn\"}]},{\"@type\":\"WebSite\",\"@id\":\"https:\\\/\\\/wp.kristdemokraterna.se\\\/varnamo\\\/#website\",\"url\":\"https:\\\/\\\/wp.kristdemokraterna.se\\\/varnamo\\\/\",\"name\":\"KRISTDEMOKRATERNA V\u00c4RNAMO\",\"description\":\"Med hj\u00e4rta f\u00f6r V\u00e4rnamo\",\"publisher\":{\"@id\":\"https:\\\/\\\/wp.kristdemokraterna.se\\\/varnamo\\\/#organization\"},\"inLanguage\":\"sv-SE\"},{\"@type\":\"Organization\",\"@id\":\"https:\\\/\\\/wp.kristdemokraterna.se\\\/varnamo\\\/#organization\",\"name\":\"Kristdemokraterna V\u00e4rnamo\",\"url\":\"https:\\\/\\\/wp.kristdemokraterna.se\\\/varnamo\\\/\",\"logo\":{\"@type\":\"ImageObject\",\"inLanguage\":\"sv-SE\",\"@id\":\"https:\\\/\\\/wp.kristdemokraterna.se\\\/varnamo\\\/#\\\/schema\\\/logo\\\/image\\\/\",\"url\":\"https:\\\/\\\/wp.kristdemokraterna.se\\\/varnamo\\\/files\\\/2022\\\/08\\\/va\u2560ernamo-sida-bla-300dpi.png\",\"contentUrl\":\"https:\\\/\\\/wp.kristdemokraterna.se\\\/varnamo\\\/files\\\/2022\\\/08\\\/va\u2560ernamo-sida-bla-300dpi.png\",\"width\":1485,\"height\":681,\"caption\":\"Kristdemokraterna V\u00e4rnamo\"},\"image\":{\"@id\":\"https:\\\/\\\/wp.kristdemokraterna.se\\\/varnamo\\\/#\\\/schema\\\/logo\\\/image\\\/\"},\"sameAs\":[\"https:\\\/\\\/www.facebook.com\\\/KDVarnamo\\\/\",\"https:\\\/\\\/x.com\\\/KDVarnamo\",\"https:\\\/\\\/www.instagram.com\\\/\",\"https:\\\/\\\/www.youtube.com\\\/user\\\/studiokd\\\/videos\"]},{\"@type\":\"Person\",\"@id\":\"https:\\\/\\\/wp.kristdemokraterna.se\\\/varnamo\\\/#\\\/schema\\\/person\\\/4e339ab04d613699e4dfe80a994e01d4\",\"name\":\"Kristdemokraterna V\u00e4rnamo\",\"image\":{\"@type\":\"ImageObject\",\"inLanguage\":\"sv-SE\",\"@id\":\"https:\\\/\\\/secure.gravatar.com\\\/avatar\\\/c122e48c7723992af51eb155eeaa93db3c1fa324e3fc6ec45dd712c812809b5b?s=96&r=g\",\"url\":\"https:\\\/\\\/secure.gravatar.com\\\/avatar\\\/c122e48c7723992af51eb155eeaa93db3c1fa324e3fc6ec45dd712c812809b5b?s=96&r=g\",\"contentUrl\":\"https:\\\/\\\/secure.gravatar.com\\\/avatar\\\/c122e48c7723992af51eb155eeaa93db3c1fa324e3fc6ec45dd712c812809b5b?s=96&r=g\",\"caption\":\"Kristdemokraterna V\u00e4rnamo\"},\"description\":\"Familjens r\u00f6st\",\"sameAs\":[\"http:\\\/\\\/www.varnamo.kristdemokraterna.se\"],\"url\":\"https:\\\/\\\/wp.kristdemokraterna.se\\\/varnamo\\\/author\\\/varnamo\\\/\"}]}<\/script>\n<!-- \/ Yoast SEO plugin. -->","yoast_head_json":{"title":"Kristdemokraterna firade Friveckol\u00f6rdag med popcorn - KRISTDEMOKRATERNA V\u00c4RNAMO","robots":{"index":"index","follow":"follow","max-snippet":"max-snippet:-1","max-image-preview":"max-image-preview:large","max-video-preview":"max-video-preview:-1"},"canonical":"https:\/\/wp.kristdemokraterna.se\/varnamo\/2013\/10\/26\/kristdemokraterna-firade-friveckolordag-med-popcorn\/","og_locale":"sv_SE","og_type":"article","og_title":"Kristdemokraterna firade Friveckol\u00f6rdag med popcorn - KRISTDEMOKRATERNA V\u00c4RNAMO","og_description":"Friveckol\u00f6rdag, den klassiska marknadsdagen i V\u00e4rnamo, var Kristdemokraterna ute och testade sin nya popcornmaskin. Klart att alla ville smaka&#8230;","og_url":"https:\/\/wp.kristdemokraterna.se\/varnamo\/2013\/10\/26\/kristdemokraterna-firade-friveckolordag-med-popcorn\/","og_site_name":"KRISTDEMOKRATERNA V\u00c4RNAMO","article_publisher":"https:\/\/www.facebook.com\/KDVarnamo\/","article_published_time":"2013-10-26T17:28:46+00:00","article_modified_time":"2015-07-10T12:29:28+00:00","og_image":[{"width":205,"height":273,"url":"https:\/\/wp.kristdemokraterna.se\/varnamo\/files\/2013\/10\/popcorn.png","type":"image\/png"}],"author":"Kristdemokraterna V\u00e4rnamo","twitter_card":"summary_large_image","twitter_creator":"@KDVarnamo","twitter_site":"@KDVarnamo","twitter_misc":{"Skriven av":"Kristdemokraterna V\u00e4rnamo","Ber\u00e4knad l\u00e4stid":"1 minut"},"schema":{"@context":"https:\/\/schema.org","@graph":[{"@type":"Article","@id":"https:\/\/wp.kristdemokraterna.se\/varnamo\/2013\/10\/26\/kristdemokraterna-firade-friveckolordag-med-popcorn\/#article","isPartOf":{"@id":"https:\/\/wp.kristdemokraterna.se\/varnamo\/2013\/10\/26\/kristdemokraterna-firade-friveckolordag-med-popcorn\/"},"author":{"name":"Kristdemokraterna V\u00e4rnamo","@id":"https:\/\/wp.kristdemokraterna.se\/varnamo\/#\/schema\/person\/4e339ab04d613699e4dfe80a994e01d4"},"headline":"Kristdemokraterna firade Friveckol\u00f6rdag med popcorn","datePublished":"2013-10-26T17:28:46+00:00","dateModified":"2015-07-10T12:29:28+00:00","mainEntityOfPage":{"@id":"https:\/\/wp.kristdemokraterna.se\/varnamo\/2013\/10\/26\/kristdemokraterna-firade-friveckolordag-med-popcorn\/"},"wordCount":122,"publisher":{"@id":"https:\/\/wp.kristdemokraterna.se\/varnamo\/#organization"},"image":{"@id":"https:\/\/wp.kristdemokraterna.se\/varnamo\/2013\/10\/26\/kristdemokraterna-firade-friveckolordag-med-popcorn\/#primaryimage"},"thumbnailUrl":"https:\/\/wp.kristdemokraterna.se\/varnamo\/files\/2013\/10\/popcorn.png","keywords":["barn och unga","familj","familjens r\u00f6st","friveckol\u00f6rdag","kampanj","popcorn","vardagsliv"],"articleSection":["Nyheter"],"inLanguage":"sv-SE"},{"@type":"WebPage","@id":"https:\/\/wp.kristdemokraterna.se\/varnamo\/2013\/10\/26\/kristdemokraterna-firade-friveckolordag-med-popcorn\/","url":"https:\/\/wp.kristdemokraterna.se\/varnamo\/2013\/10\/26\/kristdemokraterna-firade-friveckolordag-med-popcorn\/","name":"Kristdemokraterna firade Friveckol\u00f6rdag med popcorn - KRISTDEMOKRATERNA V\u00c4RNAMO","isPartOf":{"@id":"https:\/\/wp.kristdemokraterna.se\/varnamo\/#website"},"primaryImageOfPage":{"@id":"https:\/\/wp.kristdemokraterna.se\/varnamo\/2013\/10\/26\/kristdemokraterna-firade-friveckolordag-med-popcorn\/#primaryimage"},"image":{"@id":"https:\/\/wp.kristdemokraterna.se\/varnamo\/2013\/10\/26\/kristdemokraterna-firade-friveckolordag-med-popcorn\/#primaryimage"},"thumbnailUrl":"https:\/\/wp.kristdemokraterna.se\/varnamo\/files\/2013\/10\/popcorn.png","datePublished":"2013-10-26T17:28:46+00:00","dateModified":"2015-07-10T12:29:28+00:00","breadcrumb":{"@id":"https:\/\/wp.kristdemokraterna.se\/varnamo\/2013\/10\/26\/kristdemokraterna-firade-friveckolordag-med-popcorn\/#breadcrumb"},"inLanguage":"sv-SE","potentialAction":[{"@type":"ReadAction","target":["https:\/\/wp.kristdemokraterna.se\/varnamo\/2013\/10\/26\/kristdemokraterna-firade-friveckolordag-med-popcorn\/"]}]},{"@type":"ImageObject","inLanguage":"sv-SE","@id":"https:\/\/wp.kristdemokraterna.se\/varnamo\/2013\/10\/26\/kristdemokraterna-firade-friveckolordag-med-popcorn\/#primaryimage","url":"https:\/\/wp.kristdemokraterna.se\/varnamo\/files\/2013\/10\/popcorn.png","contentUrl":"https:\/\/wp.kristdemokraterna.se\/varnamo\/files\/2013\/10\/popcorn.png","width":205,"height":273,"caption":"Popcorn. (Foto: Camilla Rinaldo Miller)"},{"@type":"BreadcrumbList","@id":"https:\/\/wp.kristdemokraterna.se\/varnamo\/2013\/10\/26\/kristdemokraterna-firade-friveckolordag-med-popcorn\/#breadcrumb","itemListElement":[{"@type":"ListItem","position":1,"name":"Hem","item":"https:\/\/wp.kristdemokraterna.se\/varnamo\/"},{"@type":"ListItem","position":2,"name":"Kristdemokraterna firade Friveckol\u00f6rdag med popcorn"}]},{"@type":"WebSite","@id":"https:\/\/wp.kristdemokraterna.se\/varnamo\/#website","url":"https:\/\/wp.kristdemokraterna.se\/varnamo\/","name":"KRISTDEMOKRATERNA V\u00c4RNAMO","description":"Med hj\u00e4rta f\u00f6r V\u00e4rnamo","publisher":{"@id":"https:\/\/wp.kristdemokraterna.se\/varnamo\/#organization"},"inLanguage":"sv-SE"},{"@type":"Organization","@id":"https:\/\/wp.kristdemokraterna.se\/varnamo\/#organization","name":"Kristdemokraterna V\u00e4rnamo","url":"https:\/\/wp.kristdemokraterna.se\/varnamo\/","logo":{"@type":"ImageObject","inLanguage":"sv-SE","@id":"https:\/\/wp.kristdemokraterna.se\/varnamo\/#\/schema\/logo\/image\/","url":"https:\/\/wp.kristdemokraterna.se\/varnamo\/files\/2022\/08\/va\u2560ernamo-sida-bla-300dpi.png","contentUrl":"https:\/\/wp.kristdemokraterna.se\/varnamo\/files\/2022\/08\/va\u2560ernamo-sida-bla-300dpi.png","width":1485,"height":681,"caption":"Kristdemokraterna V\u00e4rnamo"},"image":{"@id":"https:\/\/wp.kristdemokraterna.se\/varnamo\/#\/schema\/logo\/image\/"},"sameAs":["https:\/\/www.facebook.com\/KDVarnamo\/","https:\/\/x.com\/KDVarnamo","https:\/\/www.instagram.com\/","https:\/\/www.youtube.com\/user\/studiokd\/videos"]},{"@type":"Person","@id":"https:\/\/wp.kristdemokraterna.se\/varnamo\/#\/schema\/person\/4e339ab04d613699e4dfe80a994e01d4","name":"Kristdemokraterna V\u00e4rnamo","image":{"@type":"ImageObject","inLanguage":"sv-SE","@id":"https:\/\/secure.gravatar.com\/avatar\/c122e48c7723992af51eb155eeaa93db3c1fa324e3fc6ec45dd712c812809b5b?s=96&r=g","url":"https:\/\/secure.gravatar.com\/avatar\/c122e48c7723992af51eb155eeaa93db3c1fa324e3fc6ec45dd712c812809b5b?s=96&r=g","contentUrl":"https:\/\/secure.gravatar.com\/avatar\/c122e48c7723992af51eb155eeaa93db3c1fa324e3fc6ec45dd712c812809b5b?s=96&r=g","caption":"Kristdemokraterna V\u00e4rnamo"},"description":"Familjens r\u00f6st","sameAs":["http:\/\/www.varnamo.kristdemokraterna.se"],"url":"https:\/\/wp.kristdemokraterna.se\/varnamo\/author\/varnamo\/"}]}},"_links":{"self":[{"href":"https:\/\/wp.kristdemokraterna.se\/varnamo\/wp-json\/wp\/v2\/posts\/3138","targetHints":{"allow":["GET"]}}],"collection":[{"href":"https:\/\/wp.kristdemokraterna.se\/varnamo\/wp-json\/wp\/v2\/posts"}],"about":[{"href":"https:\/\/wp.kristdemokraterna.se\/varnamo\/wp-json\/wp\/v2\/types\/post"}],"author":[{"embeddable":true,"href":"https:\/\/wp.kristdemokraterna.se\/varnamo\/wp-json\/wp\/v2\/users\/412"}],"replies":[{"embeddable":true,"href":"https:\/\/wp.kristdemokraterna.se\/varnamo\/wp-json\/wp\/v2\/comments?post=3138"}],"version-history":[{"count":12,"href":"https:\/\/wp.kristdemokraterna.se\/varnamo\/wp-json\/wp\/v2\/posts\/3138\/revisions"}],"predecessor-version":[{"id":6622,"href":"https:\/\/wp.kristdemokraterna.se\/varnamo\/wp-json\/wp\/v2\/posts\/3138\/revisions\/6622"}],"wp:featuredmedia":[{"embeddable":true,"href":"https:\/\/wp.kristdemokraterna.se\/varnamo\/wp-json\/wp\/v2\/media\/3143"}],"wp:attachment":[{"href":"https:\/\/wp.kristdemokraterna.se\/varnamo\/wp-json\/wp\/v2\/media?parent=3138"}],"wp:term":[{"taxonomy":"category","embeddable":true,"href":"https:\/\/wp.kristdemokraterna.se\/varnamo\/wp-json\/wp\/v2\/categories?post=3138"},{"taxonomy":"post_tag","embeddable":true,"href":"https:\/\/wp.kristdemokraterna.se\/varnamo\/wp-json\/wp\/v2\/tags?post=3138"}],"curies":[{"name":"wp","href":"https:\/\/api.w.org\/{rel}","templated":true}]}}