{"id":3198,"date":"2000-02-26T23:07:37","date_gmt":"2000-02-26T22:07:37","guid":{"rendered":"http:\/\/wp.kristdemokraterna.se\/varnamo\/?p=3198"},"modified":"2015-07-12T21:23:01","modified_gmt":"2015-07-12T19:23:01","slug":"okad-valfrihet-genom-okad-konkurrens-av-offentlig-verksamhet","status":"publish","type":"post","link":"https:\/\/wp.kristdemokraterna.se\/varnamo\/2000\/02\/26\/okad-valfrihet-genom-okad-konkurrens-av-offentlig-verksamhet\/","title":{"rendered":"\u00d6kad valfrihet genom \u00f6kad konkurrens av offentlig verksamhet"},"content":{"rendered":"<div style=\"width: 125px\" class=\"wp-caption alignnone\"><a href=\"http:\/\/wp.kristdemokraterna.se\/varnamo\/files\/2010\/08\/ac.jpg\"><img loading=\"lazy\" decoding=\"async\" title=\"ac\" src=\"http:\/\/wp.kristdemokraterna.se\/varnamo\/files\/2010\/08\/ac.jpg\" alt=\"Arnold Carlzon, Kristdemokraterna V\u00e4rnamo.\" width=\"115\" height=\"145\" \/><\/a><p class=\"wp-caption-text\">Arnold Carlzon, Kristdemokraterna V\u00e4rnamo.<\/p><\/div>\n<p>Valfrihet \u00e4r ett av honn\u00f6rsorden f\u00f6r oss kristdemokrater. Frihet att v\u00e4lja. Vi anser att kommunens roll b\u00f6r vara att st\u00e4rka medborgarnas m\u00f6jligheter att v\u00e4lja v\u00e5rd, skola och omsorg efter individens behov, inte att v\u00e4lja \u00e5t dem. D\u00e4rf\u00f6r \u00e4r det v\u00e5r uppgift som medborgarf\u00f6retr\u00e4dare att ge V\u00e4rnamoborna m\u00f6jlighet att v\u00e4lja det som passar deras behov b\u00e4st. Att arbeta f\u00f6r att det finns alternativ och en reell valfrihet f\u00f6r alla, inte bara valfrihet f\u00f6r dem med ekonomiska f\u00f6ruts\u00e4ttningar.<\/p>\n<p><!--more-->Ett s\u00e4tt att \u00f6ka valfriheten \u00e4r att anv\u00e4nda sig av s k kundval genom att inf\u00f6ra en skolpeng. En skolpeng inneb\u00e4r att alla elever f\u00e5r en\u00a0<q>check<\/q>\u00a0och m\u00e5ste g\u00f6ra ett aktivt val av skola. Skolorna m\u00e5ste i sin tur profilera sig och uppvisa god kvalitet f\u00f6r att vara attraktiva f\u00f6r eleverna. Den skola eleven v\u00e4ljer f\u00e5r skolpengen (lika f\u00f6r alla elever) och ett till\u00e4gg f\u00f6r de barn som har behov av s\u00e4rskilt st\u00f6d, oavsett vem som driver skolan. I Nacka har man inf\u00f6rt detta och resultatet har blivit h\u00f6gre kvalitet i skolan och mer engagerade elever och f\u00f6r\u00e4ldrar, till en l\u00e4gre kostnad.<\/p>\n<p>Vid valet 1998 r\u00f6stade v\u00e4rnamoborna tydligt f\u00f6r v\u00e5r politik som vill ge inv\u00e5narna \u00f6kad valfrihet. D\u00e4rf\u00f6r k\u00e4nns det en aning krystat n\u00e4r socialdemokraterna f\u00f6r fram krav p\u00e5 en folkomr\u00f6stning om privatisering av kommunal verksamhet. Hur ska alternativen i en folkomr\u00f6stning formuleras och vad menar man egentligen med privatisering?<\/p>\n<p style=\"text-align: right\"><em>Arnold Carlzon<\/em><\/p>\n","protected":false},"excerpt":{"rendered":"<p>Valfrihet \u00e4r ett av honn\u00f6rsorden f\u00f6r oss kristdemokrater. Frihet att v\u00e4lja. Vi anser att kommunens roll b\u00f6r vara att st\u00e4rka medborgarnas m\u00f6jligheter att v\u00e4lja v\u00e5rd, skola och omsorg efter individens behov, inte att v\u00e4lja \u00e5t dem. D\u00e4rf\u00f6r \u00e4r det v\u00e5r uppgift som medborgarf\u00f6retr\u00e4dare att ge V\u00e4rnamoborna m\u00f6jlighet att v\u00e4lja det som passar deras behov b\u00e4st. <a class=\"read-more-link\" href=\"https:\/\/wp.kristdemokraterna.se\/varnamo\/2000\/02\/26\/okad-valfrihet-genom-okad-konkurrens-av-offentlig-verksamhet\/\">Read More<\/a><\/p>\n","protected":false},"author":412,"featured_media":9638,"comment_status":"closed","ping_status":"closed","sticky":false,"template":"","format":"standard","meta":{"_acf_changed":false,"footnotes":""},"categories":[12],"tags":[382,22,370,360,297,73,215,261,33,145,241],"class_list":["post-3198","post","type-post","status-publish","format-standard","hentry","category-debatt","tag-alternativa-driftsformer","tag-arnold-carlzon","tag-attraktiv","tag-engagemang","tag-frihet","tag-insandare","tag-kvalitet","tag-omsorg","tag-skola","tag-valfrihet","tag-vard"],"acf":[],"yoast_head":"<!-- This site is optimized with the Yoast SEO plugin v27.4 - https:\/\/yoast.com\/product\/yoast-seo-wordpress\/ -->\n<title>\u00d6kad valfrihet genom \u00f6kad konkurrens av offentlig verksamhet - KRISTDEMOKRATERNA V\u00c4RNAMO<\/title>\n<meta name=\"robots\" content=\"index, follow, max-snippet:-1, max-image-preview:large, max-video-preview:-1\" \/>\n<link rel=\"canonical\" href=\"https:\/\/wp.kristdemokraterna.se\/varnamo\/2000\/02\/26\/okad-valfrihet-genom-okad-konkurrens-av-offentlig-verksamhet\/\" \/>\n<meta property=\"og:locale\" content=\"sv_SE\" \/>\n<meta property=\"og:type\" content=\"article\" \/>\n<meta property=\"og:title\" content=\"\u00d6kad valfrihet genom \u00f6kad konkurrens av offentlig verksamhet - KRISTDEMOKRATERNA V\u00c4RNAMO\" \/>\n<meta property=\"og:description\" content=\"Valfrihet \u00e4r ett av honn\u00f6rsorden f\u00f6r oss kristdemokrater. Frihet att v\u00e4lja. Vi anser att kommunens roll b\u00f6r vara att st\u00e4rka medborgarnas m\u00f6jligheter att v\u00e4lja v\u00e5rd, skola och omsorg efter individens behov, inte att v\u00e4lja \u00e5t dem. D\u00e4rf\u00f6r \u00e4r det v\u00e5r uppgift som medborgarf\u00f6retr\u00e4dare att ge V\u00e4rnamoborna m\u00f6jlighet att v\u00e4lja det som passar deras behov b\u00e4st. Read More\" \/>\n<meta property=\"og:url\" content=\"https:\/\/wp.kristdemokraterna.se\/varnamo\/2000\/02\/26\/okad-valfrihet-genom-okad-konkurrens-av-offentlig-verksamhet\/\" \/>\n<meta property=\"og:site_name\" content=\"KRISTDEMOKRATERNA V\u00c4RNAMO\" \/>\n<meta property=\"article:publisher\" content=\"https:\/\/www.facebook.com\/KDVarnamo\/\" \/>\n<meta property=\"article:published_time\" content=\"2000-02-26T22:07:37+00:00\" \/>\n<meta property=\"article:modified_time\" content=\"2015-07-12T19:23:01+00:00\" \/>\n<meta property=\"og:image\" content=\"http:\/\/wp.kristdemokraterna.se\/varnamo\/files\/2010\/08\/ac.jpg\" \/>\n<meta name=\"author\" content=\"Kristdemokraterna V\u00e4rnamo\" \/>\n<meta name=\"twitter:card\" content=\"summary_large_image\" \/>\n<meta name=\"twitter:creator\" content=\"@KDVarnamo\" \/>\n<meta name=\"twitter:site\" content=\"@KDVarnamo\" \/>\n<meta name=\"twitter:label1\" content=\"Skriven av\" \/>\n\t<meta name=\"twitter:data1\" content=\"Kristdemokraterna V\u00e4rnamo\" \/>\n\t<meta name=\"twitter:label2\" content=\"Ber\u00e4knad l\u00e4stid\" \/>\n\t<meta name=\"twitter:data2\" content=\"1 minut\" \/>\n<script type=\"application\/ld+json\" class=\"yoast-schema-graph\">{\"@context\":\"https:\\\/\\\/schema.org\",\"@graph\":[{\"@type\":\"Article\",\"@id\":\"https:\\\/\\\/wp.kristdemokraterna.se\\\/varnamo\\\/2000\\\/02\\\/26\\\/okad-valfrihet-genom-okad-konkurrens-av-offentlig-verksamhet\\\/#article\",\"isPartOf\":{\"@id\":\"https:\\\/\\\/wp.kristdemokraterna.se\\\/varnamo\\\/2000\\\/02\\\/26\\\/okad-valfrihet-genom-okad-konkurrens-av-offentlig-verksamhet\\\/\"},\"author\":{\"name\":\"Kristdemokraterna V\u00e4rnamo\",\"@id\":\"https:\\\/\\\/wp.kristdemokraterna.se\\\/varnamo\\\/#\\\/schema\\\/person\\\/4e339ab04d613699e4dfe80a994e01d4\"},\"headline\":\"\u00d6kad valfrihet genom \u00f6kad konkurrens av offentlig verksamhet\",\"datePublished\":\"2000-02-26T22:07:37+00:00\",\"dateModified\":\"2015-07-12T19:23:01+00:00\",\"mainEntityOfPage\":{\"@id\":\"https:\\\/\\\/wp.kristdemokraterna.se\\\/varnamo\\\/2000\\\/02\\\/26\\\/okad-valfrihet-genom-okad-konkurrens-av-offentlig-verksamhet\\\/\"},\"wordCount\":304,\"publisher\":{\"@id\":\"https:\\\/\\\/wp.kristdemokraterna.se\\\/varnamo\\\/#organization\"},\"image\":{\"@id\":\"https:\\\/\\\/wp.kristdemokraterna.se\\\/varnamo\\\/2000\\\/02\\\/26\\\/okad-valfrihet-genom-okad-konkurrens-av-offentlig-verksamhet\\\/#primaryimage\"},\"thumbnailUrl\":\"https:\\\/\\\/wp.kristdemokraterna.se\\\/varnamo\\\/files\\\/2022\\\/08\\\/kd-logo-blue.png\",\"keywords\":[\"alternativa driftsformer\",\"Arnold Carlzon\",\"attraktiv\",\"engagemang\",\"frihet\",\"ins\u00e4ndare\",\"kvalitet\",\"omsorg\",\"skola\",\"valfrihet\",\"v\u00e5rd\"],\"articleSection\":[\"Debatt\"],\"inLanguage\":\"sv-SE\"},{\"@type\":\"WebPage\",\"@id\":\"https:\\\/\\\/wp.kristdemokraterna.se\\\/varnamo\\\/2000\\\/02\\\/26\\\/okad-valfrihet-genom-okad-konkurrens-av-offentlig-verksamhet\\\/\",\"url\":\"https:\\\/\\\/wp.kristdemokraterna.se\\\/varnamo\\\/2000\\\/02\\\/26\\\/okad-valfrihet-genom-okad-konkurrens-av-offentlig-verksamhet\\\/\",\"name\":\"\u00d6kad valfrihet genom \u00f6kad konkurrens av offentlig verksamhet - KRISTDEMOKRATERNA V\u00c4RNAMO\",\"isPartOf\":{\"@id\":\"https:\\\/\\\/wp.kristdemokraterna.se\\\/varnamo\\\/#website\"},\"primaryImageOfPage\":{\"@id\":\"https:\\\/\\\/wp.kristdemokraterna.se\\\/varnamo\\\/2000\\\/02\\\/26\\\/okad-valfrihet-genom-okad-konkurrens-av-offentlig-verksamhet\\\/#primaryimage\"},\"image\":{\"@id\":\"https:\\\/\\\/wp.kristdemokraterna.se\\\/varnamo\\\/2000\\\/02\\\/26\\\/okad-valfrihet-genom-okad-konkurrens-av-offentlig-verksamhet\\\/#primaryimage\"},\"thumbnailUrl\":\"https:\\\/\\\/wp.kristdemokraterna.se\\\/varnamo\\\/files\\\/2022\\\/08\\\/kd-logo-blue.png\",\"datePublished\":\"2000-02-26T22:07:37+00:00\",\"dateModified\":\"2015-07-12T19:23:01+00:00\",\"breadcrumb\":{\"@id\":\"https:\\\/\\\/wp.kristdemokraterna.se\\\/varnamo\\\/2000\\\/02\\\/26\\\/okad-valfrihet-genom-okad-konkurrens-av-offentlig-verksamhet\\\/#breadcrumb\"},\"inLanguage\":\"sv-SE\",\"potentialAction\":[{\"@type\":\"ReadAction\",\"target\":[\"https:\\\/\\\/wp.kristdemokraterna.se\\\/varnamo\\\/2000\\\/02\\\/26\\\/okad-valfrihet-genom-okad-konkurrens-av-offentlig-verksamhet\\\/\"]}]},{\"@type\":\"ImageObject\",\"inLanguage\":\"sv-SE\",\"@id\":\"https:\\\/\\\/wp.kristdemokraterna.se\\\/varnamo\\\/2000\\\/02\\\/26\\\/okad-valfrihet-genom-okad-konkurrens-av-offentlig-verksamhet\\\/#primaryimage\",\"url\":\"https:\\\/\\\/wp.kristdemokraterna.se\\\/varnamo\\\/files\\\/2022\\\/08\\\/kd-logo-blue.png\",\"contentUrl\":\"https:\\\/\\\/wp.kristdemokraterna.se\\\/varnamo\\\/files\\\/2022\\\/08\\\/kd-logo-blue.png\",\"width\":2000,\"height\":2000,\"caption\":\"Kristdemokraternas logotyp\"},{\"@type\":\"BreadcrumbList\",\"@id\":\"https:\\\/\\\/wp.kristdemokraterna.se\\\/varnamo\\\/2000\\\/02\\\/26\\\/okad-valfrihet-genom-okad-konkurrens-av-offentlig-verksamhet\\\/#breadcrumb\",\"itemListElement\":[{\"@type\":\"ListItem\",\"position\":1,\"name\":\"Hem\",\"item\":\"https:\\\/\\\/wp.kristdemokraterna.se\\\/varnamo\\\/\"},{\"@type\":\"ListItem\",\"position\":2,\"name\":\"\u00d6kad valfrihet genom \u00f6kad konkurrens av offentlig verksamhet\"}]},{\"@type\":\"WebSite\",\"@id\":\"https:\\\/\\\/wp.kristdemokraterna.se\\\/varnamo\\\/#website\",\"url\":\"https:\\\/\\\/wp.kristdemokraterna.se\\\/varnamo\\\/\",\"name\":\"KRISTDEMOKRATERNA V\u00c4RNAMO\",\"description\":\"Med hj\u00e4rta f\u00f6r V\u00e4rnamo\",\"publisher\":{\"@id\":\"https:\\\/\\\/wp.kristdemokraterna.se\\\/varnamo\\\/#organization\"},\"inLanguage\":\"sv-SE\"},{\"@type\":\"Organization\",\"@id\":\"https:\\\/\\\/wp.kristdemokraterna.se\\\/varnamo\\\/#organization\",\"name\":\"Kristdemokraterna V\u00e4rnamo\",\"url\":\"https:\\\/\\\/wp.kristdemokraterna.se\\\/varnamo\\\/\",\"logo\":{\"@type\":\"ImageObject\",\"inLanguage\":\"sv-SE\",\"@id\":\"https:\\\/\\\/wp.kristdemokraterna.se\\\/varnamo\\\/#\\\/schema\\\/logo\\\/image\\\/\",\"url\":\"https:\\\/\\\/wp.kristdemokraterna.se\\\/varnamo\\\/files\\\/2022\\\/08\\\/va\u2560ernamo-sida-bla-300dpi.png\",\"contentUrl\":\"https:\\\/\\\/wp.kristdemokraterna.se\\\/varnamo\\\/files\\\/2022\\\/08\\\/va\u2560ernamo-sida-bla-300dpi.png\",\"width\":1485,\"height\":681,\"caption\":\"Kristdemokraterna V\u00e4rnamo\"},\"image\":{\"@id\":\"https:\\\/\\\/wp.kristdemokraterna.se\\\/varnamo\\\/#\\\/schema\\\/logo\\\/image\\\/\"},\"sameAs\":[\"https:\\\/\\\/www.facebook.com\\\/KDVarnamo\\\/\",\"https:\\\/\\\/x.com\\\/KDVarnamo\",\"https:\\\/\\\/www.instagram.com\\\/\",\"https:\\\/\\\/www.youtube.com\\\/user\\\/studiokd\\\/videos\"]},{\"@type\":\"Person\",\"@id\":\"https:\\\/\\\/wp.kristdemokraterna.se\\\/varnamo\\\/#\\\/schema\\\/person\\\/4e339ab04d613699e4dfe80a994e01d4\",\"name\":\"Kristdemokraterna V\u00e4rnamo\",\"image\":{\"@type\":\"ImageObject\",\"inLanguage\":\"sv-SE\",\"@id\":\"https:\\\/\\\/secure.gravatar.com\\\/avatar\\\/c122e48c7723992af51eb155eeaa93db3c1fa324e3fc6ec45dd712c812809b5b?s=96&r=g\",\"url\":\"https:\\\/\\\/secure.gravatar.com\\\/avatar\\\/c122e48c7723992af51eb155eeaa93db3c1fa324e3fc6ec45dd712c812809b5b?s=96&r=g\",\"contentUrl\":\"https:\\\/\\\/secure.gravatar.com\\\/avatar\\\/c122e48c7723992af51eb155eeaa93db3c1fa324e3fc6ec45dd712c812809b5b?s=96&r=g\",\"caption\":\"Kristdemokraterna V\u00e4rnamo\"},\"description\":\"Familjens r\u00f6st\",\"sameAs\":[\"http:\\\/\\\/www.varnamo.kristdemokraterna.se\"],\"url\":\"https:\\\/\\\/wp.kristdemokraterna.se\\\/varnamo\\\/author\\\/varnamo\\\/\"}]}<\/script>\n<!-- \/ Yoast SEO plugin. -->","yoast_head_json":{"title":"\u00d6kad valfrihet genom \u00f6kad konkurrens av offentlig verksamhet - KRISTDEMOKRATERNA V\u00c4RNAMO","robots":{"index":"index","follow":"follow","max-snippet":"max-snippet:-1","max-image-preview":"max-image-preview:large","max-video-preview":"max-video-preview:-1"},"canonical":"https:\/\/wp.kristdemokraterna.se\/varnamo\/2000\/02\/26\/okad-valfrihet-genom-okad-konkurrens-av-offentlig-verksamhet\/","og_locale":"sv_SE","og_type":"article","og_title":"\u00d6kad valfrihet genom \u00f6kad konkurrens av offentlig verksamhet - KRISTDEMOKRATERNA V\u00c4RNAMO","og_description":"Valfrihet \u00e4r ett av honn\u00f6rsorden f\u00f6r oss kristdemokrater. Frihet att v\u00e4lja. Vi anser att kommunens roll b\u00f6r vara att st\u00e4rka medborgarnas m\u00f6jligheter att v\u00e4lja v\u00e5rd, skola och omsorg efter individens behov, inte att v\u00e4lja \u00e5t dem. D\u00e4rf\u00f6r \u00e4r det v\u00e5r uppgift som medborgarf\u00f6retr\u00e4dare att ge V\u00e4rnamoborna m\u00f6jlighet att v\u00e4lja det som passar deras behov b\u00e4st. Read More","og_url":"https:\/\/wp.kristdemokraterna.se\/varnamo\/2000\/02\/26\/okad-valfrihet-genom-okad-konkurrens-av-offentlig-verksamhet\/","og_site_name":"KRISTDEMOKRATERNA V\u00c4RNAMO","article_publisher":"https:\/\/www.facebook.com\/KDVarnamo\/","article_published_time":"2000-02-26T22:07:37+00:00","article_modified_time":"2015-07-12T19:23:01+00:00","og_image":[{"url":"http:\/\/wp.kristdemokraterna.se\/varnamo\/files\/2010\/08\/ac.jpg","type":"","width":"","height":""}],"author":"Kristdemokraterna V\u00e4rnamo","twitter_card":"summary_large_image","twitter_creator":"@KDVarnamo","twitter_site":"@KDVarnamo","twitter_misc":{"Skriven av":"Kristdemokraterna V\u00e4rnamo","Ber\u00e4knad l\u00e4stid":"1 minut"},"schema":{"@context":"https:\/\/schema.org","@graph":[{"@type":"Article","@id":"https:\/\/wp.kristdemokraterna.se\/varnamo\/2000\/02\/26\/okad-valfrihet-genom-okad-konkurrens-av-offentlig-verksamhet\/#article","isPartOf":{"@id":"https:\/\/wp.kristdemokraterna.se\/varnamo\/2000\/02\/26\/okad-valfrihet-genom-okad-konkurrens-av-offentlig-verksamhet\/"},"author":{"name":"Kristdemokraterna V\u00e4rnamo","@id":"https:\/\/wp.kristdemokraterna.se\/varnamo\/#\/schema\/person\/4e339ab04d613699e4dfe80a994e01d4"},"headline":"\u00d6kad valfrihet genom \u00f6kad konkurrens av offentlig verksamhet","datePublished":"2000-02-26T22:07:37+00:00","dateModified":"2015-07-12T19:23:01+00:00","mainEntityOfPage":{"@id":"https:\/\/wp.kristdemokraterna.se\/varnamo\/2000\/02\/26\/okad-valfrihet-genom-okad-konkurrens-av-offentlig-verksamhet\/"},"wordCount":304,"publisher":{"@id":"https:\/\/wp.kristdemokraterna.se\/varnamo\/#organization"},"image":{"@id":"https:\/\/wp.kristdemokraterna.se\/varnamo\/2000\/02\/26\/okad-valfrihet-genom-okad-konkurrens-av-offentlig-verksamhet\/#primaryimage"},"thumbnailUrl":"https:\/\/wp.kristdemokraterna.se\/varnamo\/files\/2022\/08\/kd-logo-blue.png","keywords":["alternativa driftsformer","Arnold Carlzon","attraktiv","engagemang","frihet","ins\u00e4ndare","kvalitet","omsorg","skola","valfrihet","v\u00e5rd"],"articleSection":["Debatt"],"inLanguage":"sv-SE"},{"@type":"WebPage","@id":"https:\/\/wp.kristdemokraterna.se\/varnamo\/2000\/02\/26\/okad-valfrihet-genom-okad-konkurrens-av-offentlig-verksamhet\/","url":"https:\/\/wp.kristdemokraterna.se\/varnamo\/2000\/02\/26\/okad-valfrihet-genom-okad-konkurrens-av-offentlig-verksamhet\/","name":"\u00d6kad valfrihet genom \u00f6kad konkurrens av offentlig verksamhet - KRISTDEMOKRATERNA V\u00c4RNAMO","isPartOf":{"@id":"https:\/\/wp.kristdemokraterna.se\/varnamo\/#website"},"primaryImageOfPage":{"@id":"https:\/\/wp.kristdemokraterna.se\/varnamo\/2000\/02\/26\/okad-valfrihet-genom-okad-konkurrens-av-offentlig-verksamhet\/#primaryimage"},"image":{"@id":"https:\/\/wp.kristdemokraterna.se\/varnamo\/2000\/02\/26\/okad-valfrihet-genom-okad-konkurrens-av-offentlig-verksamhet\/#primaryimage"},"thumbnailUrl":"https:\/\/wp.kristdemokraterna.se\/varnamo\/files\/2022\/08\/kd-logo-blue.png","datePublished":"2000-02-26T22:07:37+00:00","dateModified":"2015-07-12T19:23:01+00:00","breadcrumb":{"@id":"https:\/\/wp.kristdemokraterna.se\/varnamo\/2000\/02\/26\/okad-valfrihet-genom-okad-konkurrens-av-offentlig-verksamhet\/#breadcrumb"},"inLanguage":"sv-SE","potentialAction":[{"@type":"ReadAction","target":["https:\/\/wp.kristdemokraterna.se\/varnamo\/2000\/02\/26\/okad-valfrihet-genom-okad-konkurrens-av-offentlig-verksamhet\/"]}]},{"@type":"ImageObject","inLanguage":"sv-SE","@id":"https:\/\/wp.kristdemokraterna.se\/varnamo\/2000\/02\/26\/okad-valfrihet-genom-okad-konkurrens-av-offentlig-verksamhet\/#primaryimage","url":"https:\/\/wp.kristdemokraterna.se\/varnamo\/files\/2022\/08\/kd-logo-blue.png","contentUrl":"https:\/\/wp.kristdemokraterna.se\/varnamo\/files\/2022\/08\/kd-logo-blue.png","width":2000,"height":2000,"caption":"Kristdemokraternas logotyp"},{"@type":"BreadcrumbList","@id":"https:\/\/wp.kristdemokraterna.se\/varnamo\/2000\/02\/26\/okad-valfrihet-genom-okad-konkurrens-av-offentlig-verksamhet\/#breadcrumb","itemListElement":[{"@type":"ListItem","position":1,"name":"Hem","item":"https:\/\/wp.kristdemokraterna.se\/varnamo\/"},{"@type":"ListItem","position":2,"name":"\u00d6kad valfrihet genom \u00f6kad konkurrens av offentlig verksamhet"}]},{"@type":"WebSite","@id":"https:\/\/wp.kristdemokraterna.se\/varnamo\/#website","url":"https:\/\/wp.kristdemokraterna.se\/varnamo\/","name":"KRISTDEMOKRATERNA V\u00c4RNAMO","description":"Med hj\u00e4rta f\u00f6r V\u00e4rnamo","publisher":{"@id":"https:\/\/wp.kristdemokraterna.se\/varnamo\/#organization"},"inLanguage":"sv-SE"},{"@type":"Organization","@id":"https:\/\/wp.kristdemokraterna.se\/varnamo\/#organization","name":"Kristdemokraterna V\u00e4rnamo","url":"https:\/\/wp.kristdemokraterna.se\/varnamo\/","logo":{"@type":"ImageObject","inLanguage":"sv-SE","@id":"https:\/\/wp.kristdemokraterna.se\/varnamo\/#\/schema\/logo\/image\/","url":"https:\/\/wp.kristdemokraterna.se\/varnamo\/files\/2022\/08\/va\u2560ernamo-sida-bla-300dpi.png","contentUrl":"https:\/\/wp.kristdemokraterna.se\/varnamo\/files\/2022\/08\/va\u2560ernamo-sida-bla-300dpi.png","width":1485,"height":681,"caption":"Kristdemokraterna V\u00e4rnamo"},"image":{"@id":"https:\/\/wp.kristdemokraterna.se\/varnamo\/#\/schema\/logo\/image\/"},"sameAs":["https:\/\/www.facebook.com\/KDVarnamo\/","https:\/\/x.com\/KDVarnamo","https:\/\/www.instagram.com\/","https:\/\/www.youtube.com\/user\/studiokd\/videos"]},{"@type":"Person","@id":"https:\/\/wp.kristdemokraterna.se\/varnamo\/#\/schema\/person\/4e339ab04d613699e4dfe80a994e01d4","name":"Kristdemokraterna V\u00e4rnamo","image":{"@type":"ImageObject","inLanguage":"sv-SE","@id":"https:\/\/secure.gravatar.com\/avatar\/c122e48c7723992af51eb155eeaa93db3c1fa324e3fc6ec45dd712c812809b5b?s=96&r=g","url":"https:\/\/secure.gravatar.com\/avatar\/c122e48c7723992af51eb155eeaa93db3c1fa324e3fc6ec45dd712c812809b5b?s=96&r=g","contentUrl":"https:\/\/secure.gravatar.com\/avatar\/c122e48c7723992af51eb155eeaa93db3c1fa324e3fc6ec45dd712c812809b5b?s=96&r=g","caption":"Kristdemokraterna V\u00e4rnamo"},"description":"Familjens r\u00f6st","sameAs":["http:\/\/www.varnamo.kristdemokraterna.se"],"url":"https:\/\/wp.kristdemokraterna.se\/varnamo\/author\/varnamo\/"}]}},"_links":{"self":[{"href":"https:\/\/wp.kristdemokraterna.se\/varnamo\/wp-json\/wp\/v2\/posts\/3198","targetHints":{"allow":["GET"]}}],"collection":[{"href":"https:\/\/wp.kristdemokraterna.se\/varnamo\/wp-json\/wp\/v2\/posts"}],"about":[{"href":"https:\/\/wp.kristdemokraterna.se\/varnamo\/wp-json\/wp\/v2\/types\/post"}],"author":[{"embeddable":true,"href":"https:\/\/wp.kristdemokraterna.se\/varnamo\/wp-json\/wp\/v2\/users\/412"}],"replies":[{"embeddable":true,"href":"https:\/\/wp.kristdemokraterna.se\/varnamo\/wp-json\/wp\/v2\/comments?post=3198"}],"version-history":[{"count":4,"href":"https:\/\/wp.kristdemokraterna.se\/varnamo\/wp-json\/wp\/v2\/posts\/3198\/revisions"}],"predecessor-version":[{"id":6897,"href":"https:\/\/wp.kristdemokraterna.se\/varnamo\/wp-json\/wp\/v2\/posts\/3198\/revisions\/6897"}],"wp:featuredmedia":[{"embeddable":true,"href":"https:\/\/wp.kristdemokraterna.se\/varnamo\/wp-json\/wp\/v2\/media\/9638"}],"wp:attachment":[{"href":"https:\/\/wp.kristdemokraterna.se\/varnamo\/wp-json\/wp\/v2\/media?parent=3198"}],"wp:term":[{"taxonomy":"category","embeddable":true,"href":"https:\/\/wp.kristdemokraterna.se\/varnamo\/wp-json\/wp\/v2\/categories?post=3198"},{"taxonomy":"post_tag","embeddable":true,"href":"https:\/\/wp.kristdemokraterna.se\/varnamo\/wp-json\/wp\/v2\/tags?post=3198"}],"curies":[{"name":"wp","href":"https:\/\/api.w.org\/{rel}","templated":true}]}}