{"id":3332,"date":"2004-12-16T20:52:24","date_gmt":"2004-12-16T19:52:24","guid":{"rendered":"http:\/\/wp.kristdemokraterna.se\/varnamo\/?p=3332"},"modified":"2015-07-15T12:22:52","modified_gmt":"2015-07-15T10:22:52","slug":"motion-om-tjanstegaranti-och-kundorientering-genom-delaktighet-och-samverkan","status":"publish","type":"post","link":"https:\/\/wp.kristdemokraterna.se\/varnamo\/2004\/12\/16\/motion-om-tjanstegaranti-och-kundorientering-genom-delaktighet-och-samverkan\/","title":{"rendered":"Motion om tj\u00e4nstegaranti och kundorientering genom delaktighet och samverkan"},"content":{"rendered":"<p>Vid V\u00e4rnamo kommunfullm\u00e4ktiges sammantr\u00e4de\u00a0<strong>2004-12-16<\/strong>, l\u00e4mnade Margareta Lindahl in f\u00f6ljande motion:<\/p>\n<p><!--more--><\/p>\n<hr \/>\n<p>Motion till V\u00e4rnamo Kommunfullm\u00e4ktige 2004-12-16<\/p>\n<h1>Tj\u00e4nstegaranti och kundorientering genom delaktighet och samverkan<\/h1>\n<p>Tj\u00e4nstegarantier och servicedeklarationer har blivit ett alltmer utbrett arbetss\u00e4tt inom den offentliga sektorn och framg\u00e5ngsrika verksamheter k\u00e4nnetecknas av att kundorientering har en central plats.<\/p>\n<p>Markaryds kommun har genom att f\u00f6rtydliga och varudeklarera tj\u00e4nsters inneh\u00e5ll p\u00e5 ett enkelt och konkret s\u00e4tt, visat p\u00e5 att medborgaren kan ges m\u00f6jlighet att som brukare\/kund st\u00e4lla rimliga f\u00f6rv\u00e4ntningar \u00f6ver vilka tj\u00e4nster som kan erbjudas och vilken kvalitet dessa tj\u00e4nster skall ha.<\/p>\n<p>Det har \u00e4ven skapats en situation d\u00e4r den enskilde medborgaren ges tillf\u00e4lle till dialog om tj\u00e4nsternas kvalitet med ansvariga f\u00f6r de olika verksamheterna och en m\u00f6jlighet att kunna p\u00e5verka tj\u00e4nsternas inneh\u00e5ll och utformning.<\/p>\n<p>Inf\u00f6rande av tj\u00e4nstegarantier och tj\u00e4nstedeklarationer i V\u00e4rnamo Kommun borde d\u00e4rf\u00f6r kunna ses om en viktig grundsten i kvalitetsarbetet f\u00f6r att kunna belysa styrkor och svagheter i verksamheten och f\u00f6r att kunna hantera fel och f\u00f6rb\u00e4ttra klagom\u00e5lshanteringen.<\/p>\n<p>Tj\u00e4nstegaranti f\u00f6ruts\u00e4tter en \u00f6kad samverkan mellan politiker och tj\u00e4nstem\u00e4n och med tydliga uppdrag kopplade till resurser.<\/p>\n<p>Att kommunfullm\u00e4ktige ges i uppdrag:<\/p>\n<table>\n<tbody>\n<tr>\n<td width=\"10%\"><em>att<\/em><\/td>\n<td>inf\u00f6rliva tj\u00e4nstegarantier i den kommunala verksamheten f\u00f6r att stimulera till verksamhetsf\u00f6rb\u00e4ttringar<\/td>\n<\/tr>\n<tr>\n<td><em>att<\/em><\/td>\n<td>varje n\u00e4mnd ges i uppdrag att inf\u00f6ra tj\u00e4nstegarantier f\u00f6r n\u00e5got\/n\u00e5gra omr\u00e5den i verksamheten<\/td>\n<\/tr>\n<\/tbody>\n<\/table>\n<p>V\u00e4rnamo 2004-12-06<\/p>\n<p style=\"text-align: right\"><em>Margareta Lindahl (kd)<\/em><\/p>\n","protected":false},"excerpt":{"rendered":"<p>Vid V\u00e4rnamo kommunfullm\u00e4ktiges sammantr\u00e4de\u00a02004-12-16, l\u00e4mnade Margareta Lindahl in f\u00f6ljande motion:<\/p>\n","protected":false},"author":412,"featured_media":4171,"comment_status":"closed","ping_status":"closed","sticky":false,"template":"","format":"standard","meta":{"_acf_changed":false,"footnotes":""},"categories":[13],"tags":[239,48,215,110,97,132,234],"class_list":["post-3332","post","type-post","status-publish","format-standard","hentry","category-motioner","tag-delaktighet","tag-kommunfullmaktige","tag-kvalitet","tag-margareta-lindahl","tag-motion","tag-politiker","tag-tjanstegaranti"],"acf":[],"yoast_head":"<!-- This site is optimized with the Yoast SEO plugin v27.4 - https:\/\/yoast.com\/product\/yoast-seo-wordpress\/ -->\n<title>Motion om tj\u00e4nstegaranti och kundorientering genom delaktighet och samverkan - KRISTDEMOKRATERNA V\u00c4RNAMO<\/title>\n<meta name=\"robots\" content=\"index, follow, max-snippet:-1, max-image-preview:large, max-video-preview:-1\" \/>\n<link rel=\"canonical\" href=\"https:\/\/wp.kristdemokraterna.se\/varnamo\/2004\/12\/16\/motion-om-tjanstegaranti-och-kundorientering-genom-delaktighet-och-samverkan\/\" \/>\n<meta property=\"og:locale\" content=\"sv_SE\" \/>\n<meta property=\"og:type\" content=\"article\" \/>\n<meta property=\"og:title\" content=\"Motion om tj\u00e4nstegaranti och kundorientering genom delaktighet och samverkan - KRISTDEMOKRATERNA V\u00c4RNAMO\" \/>\n<meta property=\"og:description\" content=\"Vid V\u00e4rnamo kommunfullm\u00e4ktiges sammantr\u00e4de\u00a02004-12-16, l\u00e4mnade Margareta Lindahl in f\u00f6ljande motion:\" \/>\n<meta property=\"og:url\" content=\"https:\/\/wp.kristdemokraterna.se\/varnamo\/2004\/12\/16\/motion-om-tjanstegaranti-och-kundorientering-genom-delaktighet-och-samverkan\/\" \/>\n<meta property=\"og:site_name\" content=\"KRISTDEMOKRATERNA V\u00c4RNAMO\" \/>\n<meta property=\"article:publisher\" content=\"https:\/\/www.facebook.com\/KDVarnamo\/\" \/>\n<meta property=\"article:published_time\" content=\"2004-12-16T19:52:24+00:00\" \/>\n<meta property=\"article:modified_time\" content=\"2015-07-15T10:22:52+00:00\" \/>\n<meta property=\"og:image\" content=\"https:\/\/wp.kristdemokraterna.se\/varnamo\/files\/2004\/12\/margareta_lindahl.jpg\" \/>\n\t<meta property=\"og:image:width\" content=\"300\" \/>\n\t<meta property=\"og:image:height\" content=\"300\" \/>\n\t<meta property=\"og:image:type\" content=\"image\/jpeg\" \/>\n<meta name=\"author\" content=\"Kristdemokraterna V\u00e4rnamo\" \/>\n<meta name=\"twitter:card\" content=\"summary_large_image\" \/>\n<meta name=\"twitter:creator\" content=\"@KDVarnamo\" \/>\n<meta name=\"twitter:site\" content=\"@KDVarnamo\" \/>\n<meta name=\"twitter:label1\" content=\"Skriven av\" \/>\n\t<meta name=\"twitter:data1\" content=\"Kristdemokraterna V\u00e4rnamo\" \/>\n\t<meta name=\"twitter:label2\" content=\"Ber\u00e4knad l\u00e4stid\" \/>\n\t<meta name=\"twitter:data2\" content=\"1 minut\" \/>\n<script type=\"application\/ld+json\" class=\"yoast-schema-graph\">{\"@context\":\"https:\\\/\\\/schema.org\",\"@graph\":[{\"@type\":\"Article\",\"@id\":\"https:\\\/\\\/wp.kristdemokraterna.se\\\/varnamo\\\/2004\\\/12\\\/16\\\/motion-om-tjanstegaranti-och-kundorientering-genom-delaktighet-och-samverkan\\\/#article\",\"isPartOf\":{\"@id\":\"https:\\\/\\\/wp.kristdemokraterna.se\\\/varnamo\\\/2004\\\/12\\\/16\\\/motion-om-tjanstegaranti-och-kundorientering-genom-delaktighet-och-samverkan\\\/\"},\"author\":{\"name\":\"Kristdemokraterna V\u00e4rnamo\",\"@id\":\"https:\\\/\\\/wp.kristdemokraterna.se\\\/varnamo\\\/#\\\/schema\\\/person\\\/4e339ab04d613699e4dfe80a994e01d4\"},\"headline\":\"Motion om tj\u00e4nstegaranti och kundorientering genom delaktighet och samverkan\",\"datePublished\":\"2004-12-16T19:52:24+00:00\",\"dateModified\":\"2015-07-15T10:22:52+00:00\",\"mainEntityOfPage\":{\"@id\":\"https:\\\/\\\/wp.kristdemokraterna.se\\\/varnamo\\\/2004\\\/12\\\/16\\\/motion-om-tjanstegaranti-och-kundorientering-genom-delaktighet-och-samverkan\\\/\"},\"wordCount\":285,\"publisher\":{\"@id\":\"https:\\\/\\\/wp.kristdemokraterna.se\\\/varnamo\\\/#organization\"},\"image\":{\"@id\":\"https:\\\/\\\/wp.kristdemokraterna.se\\\/varnamo\\\/2004\\\/12\\\/16\\\/motion-om-tjanstegaranti-och-kundorientering-genom-delaktighet-och-samverkan\\\/#primaryimage\"},\"thumbnailUrl\":\"https:\\\/\\\/wp.kristdemokraterna.se\\\/varnamo\\\/files\\\/2004\\\/12\\\/margareta_lindahl.jpg\",\"keywords\":[\"delaktighet\",\"kommunfullm\u00e4ktige\",\"kvalitet\",\"Margareta Lindahl\",\"motion\",\"politiker\",\"tj\u00e4nstegaranti\"],\"articleSection\":[\"Motioner\"],\"inLanguage\":\"sv-SE\"},{\"@type\":\"WebPage\",\"@id\":\"https:\\\/\\\/wp.kristdemokraterna.se\\\/varnamo\\\/2004\\\/12\\\/16\\\/motion-om-tjanstegaranti-och-kundorientering-genom-delaktighet-och-samverkan\\\/\",\"url\":\"https:\\\/\\\/wp.kristdemokraterna.se\\\/varnamo\\\/2004\\\/12\\\/16\\\/motion-om-tjanstegaranti-och-kundorientering-genom-delaktighet-och-samverkan\\\/\",\"name\":\"Motion om tj\u00e4nstegaranti och kundorientering genom delaktighet och samverkan - KRISTDEMOKRATERNA V\u00c4RNAMO\",\"isPartOf\":{\"@id\":\"https:\\\/\\\/wp.kristdemokraterna.se\\\/varnamo\\\/#website\"},\"primaryImageOfPage\":{\"@id\":\"https:\\\/\\\/wp.kristdemokraterna.se\\\/varnamo\\\/2004\\\/12\\\/16\\\/motion-om-tjanstegaranti-och-kundorientering-genom-delaktighet-och-samverkan\\\/#primaryimage\"},\"image\":{\"@id\":\"https:\\\/\\\/wp.kristdemokraterna.se\\\/varnamo\\\/2004\\\/12\\\/16\\\/motion-om-tjanstegaranti-och-kundorientering-genom-delaktighet-och-samverkan\\\/#primaryimage\"},\"thumbnailUrl\":\"https:\\\/\\\/wp.kristdemokraterna.se\\\/varnamo\\\/files\\\/2004\\\/12\\\/margareta_lindahl.jpg\",\"datePublished\":\"2004-12-16T19:52:24+00:00\",\"dateModified\":\"2015-07-15T10:22:52+00:00\",\"breadcrumb\":{\"@id\":\"https:\\\/\\\/wp.kristdemokraterna.se\\\/varnamo\\\/2004\\\/12\\\/16\\\/motion-om-tjanstegaranti-och-kundorientering-genom-delaktighet-och-samverkan\\\/#breadcrumb\"},\"inLanguage\":\"sv-SE\",\"potentialAction\":[{\"@type\":\"ReadAction\",\"target\":[\"https:\\\/\\\/wp.kristdemokraterna.se\\\/varnamo\\\/2004\\\/12\\\/16\\\/motion-om-tjanstegaranti-och-kundorientering-genom-delaktighet-och-samverkan\\\/\"]}]},{\"@type\":\"ImageObject\",\"inLanguage\":\"sv-SE\",\"@id\":\"https:\\\/\\\/wp.kristdemokraterna.se\\\/varnamo\\\/2004\\\/12\\\/16\\\/motion-om-tjanstegaranti-och-kundorientering-genom-delaktighet-och-samverkan\\\/#primaryimage\",\"url\":\"https:\\\/\\\/wp.kristdemokraterna.se\\\/varnamo\\\/files\\\/2004\\\/12\\\/margareta_lindahl.jpg\",\"contentUrl\":\"https:\\\/\\\/wp.kristdemokraterna.se\\\/varnamo\\\/files\\\/2004\\\/12\\\/margareta_lindahl.jpg\",\"width\":300,\"height\":300,\"caption\":\"Margareta Lindahl, Kristdemokraterna V\u00e4rnamo. (Foto: Fotograf M\u00e4ster Olof)\"},{\"@type\":\"BreadcrumbList\",\"@id\":\"https:\\\/\\\/wp.kristdemokraterna.se\\\/varnamo\\\/2004\\\/12\\\/16\\\/motion-om-tjanstegaranti-och-kundorientering-genom-delaktighet-och-samverkan\\\/#breadcrumb\",\"itemListElement\":[{\"@type\":\"ListItem\",\"position\":1,\"name\":\"Hem\",\"item\":\"https:\\\/\\\/wp.kristdemokraterna.se\\\/varnamo\\\/\"},{\"@type\":\"ListItem\",\"position\":2,\"name\":\"Motion om tj\u00e4nstegaranti och kundorientering genom delaktighet och samverkan\"}]},{\"@type\":\"WebSite\",\"@id\":\"https:\\\/\\\/wp.kristdemokraterna.se\\\/varnamo\\\/#website\",\"url\":\"https:\\\/\\\/wp.kristdemokraterna.se\\\/varnamo\\\/\",\"name\":\"KRISTDEMOKRATERNA V\u00c4RNAMO\",\"description\":\"Med hj\u00e4rta f\u00f6r V\u00e4rnamo\",\"publisher\":{\"@id\":\"https:\\\/\\\/wp.kristdemokraterna.se\\\/varnamo\\\/#organization\"},\"inLanguage\":\"sv-SE\"},{\"@type\":\"Organization\",\"@id\":\"https:\\\/\\\/wp.kristdemokraterna.se\\\/varnamo\\\/#organization\",\"name\":\"Kristdemokraterna V\u00e4rnamo\",\"url\":\"https:\\\/\\\/wp.kristdemokraterna.se\\\/varnamo\\\/\",\"logo\":{\"@type\":\"ImageObject\",\"inLanguage\":\"sv-SE\",\"@id\":\"https:\\\/\\\/wp.kristdemokraterna.se\\\/varnamo\\\/#\\\/schema\\\/logo\\\/image\\\/\",\"url\":\"https:\\\/\\\/wp.kristdemokraterna.se\\\/varnamo\\\/files\\\/2022\\\/08\\\/va\u2560ernamo-sida-bla-300dpi.png\",\"contentUrl\":\"https:\\\/\\\/wp.kristdemokraterna.se\\\/varnamo\\\/files\\\/2022\\\/08\\\/va\u2560ernamo-sida-bla-300dpi.png\",\"width\":1485,\"height\":681,\"caption\":\"Kristdemokraterna V\u00e4rnamo\"},\"image\":{\"@id\":\"https:\\\/\\\/wp.kristdemokraterna.se\\\/varnamo\\\/#\\\/schema\\\/logo\\\/image\\\/\"},\"sameAs\":[\"https:\\\/\\\/www.facebook.com\\\/KDVarnamo\\\/\",\"https:\\\/\\\/x.com\\\/KDVarnamo\",\"https:\\\/\\\/www.instagram.com\\\/\",\"https:\\\/\\\/www.youtube.com\\\/user\\\/studiokd\\\/videos\"]},{\"@type\":\"Person\",\"@id\":\"https:\\\/\\\/wp.kristdemokraterna.se\\\/varnamo\\\/#\\\/schema\\\/person\\\/4e339ab04d613699e4dfe80a994e01d4\",\"name\":\"Kristdemokraterna V\u00e4rnamo\",\"image\":{\"@type\":\"ImageObject\",\"inLanguage\":\"sv-SE\",\"@id\":\"https:\\\/\\\/secure.gravatar.com\\\/avatar\\\/c122e48c7723992af51eb155eeaa93db3c1fa324e3fc6ec45dd712c812809b5b?s=96&r=g\",\"url\":\"https:\\\/\\\/secure.gravatar.com\\\/avatar\\\/c122e48c7723992af51eb155eeaa93db3c1fa324e3fc6ec45dd712c812809b5b?s=96&r=g\",\"contentUrl\":\"https:\\\/\\\/secure.gravatar.com\\\/avatar\\\/c122e48c7723992af51eb155eeaa93db3c1fa324e3fc6ec45dd712c812809b5b?s=96&r=g\",\"caption\":\"Kristdemokraterna V\u00e4rnamo\"},\"description\":\"Familjens r\u00f6st\",\"sameAs\":[\"http:\\\/\\\/www.varnamo.kristdemokraterna.se\"],\"url\":\"https:\\\/\\\/wp.kristdemokraterna.se\\\/varnamo\\\/author\\\/varnamo\\\/\"}]}<\/script>\n<!-- \/ Yoast SEO plugin. -->","yoast_head_json":{"title":"Motion om tj\u00e4nstegaranti och kundorientering genom delaktighet och samverkan - KRISTDEMOKRATERNA V\u00c4RNAMO","robots":{"index":"index","follow":"follow","max-snippet":"max-snippet:-1","max-image-preview":"max-image-preview:large","max-video-preview":"max-video-preview:-1"},"canonical":"https:\/\/wp.kristdemokraterna.se\/varnamo\/2004\/12\/16\/motion-om-tjanstegaranti-och-kundorientering-genom-delaktighet-och-samverkan\/","og_locale":"sv_SE","og_type":"article","og_title":"Motion om tj\u00e4nstegaranti och kundorientering genom delaktighet och samverkan - KRISTDEMOKRATERNA V\u00c4RNAMO","og_description":"Vid V\u00e4rnamo kommunfullm\u00e4ktiges sammantr\u00e4de\u00a02004-12-16, l\u00e4mnade Margareta Lindahl in f\u00f6ljande motion:","og_url":"https:\/\/wp.kristdemokraterna.se\/varnamo\/2004\/12\/16\/motion-om-tjanstegaranti-och-kundorientering-genom-delaktighet-och-samverkan\/","og_site_name":"KRISTDEMOKRATERNA V\u00c4RNAMO","article_publisher":"https:\/\/www.facebook.com\/KDVarnamo\/","article_published_time":"2004-12-16T19:52:24+00:00","article_modified_time":"2015-07-15T10:22:52+00:00","og_image":[{"width":300,"height":300,"url":"https:\/\/wp.kristdemokraterna.se\/varnamo\/files\/2004\/12\/margareta_lindahl.jpg","type":"image\/jpeg"}],"author":"Kristdemokraterna V\u00e4rnamo","twitter_card":"summary_large_image","twitter_creator":"@KDVarnamo","twitter_site":"@KDVarnamo","twitter_misc":{"Skriven av":"Kristdemokraterna V\u00e4rnamo","Ber\u00e4knad l\u00e4stid":"1 minut"},"schema":{"@context":"https:\/\/schema.org","@graph":[{"@type":"Article","@id":"https:\/\/wp.kristdemokraterna.se\/varnamo\/2004\/12\/16\/motion-om-tjanstegaranti-och-kundorientering-genom-delaktighet-och-samverkan\/#article","isPartOf":{"@id":"https:\/\/wp.kristdemokraterna.se\/varnamo\/2004\/12\/16\/motion-om-tjanstegaranti-och-kundorientering-genom-delaktighet-och-samverkan\/"},"author":{"name":"Kristdemokraterna V\u00e4rnamo","@id":"https:\/\/wp.kristdemokraterna.se\/varnamo\/#\/schema\/person\/4e339ab04d613699e4dfe80a994e01d4"},"headline":"Motion om tj\u00e4nstegaranti och kundorientering genom delaktighet och samverkan","datePublished":"2004-12-16T19:52:24+00:00","dateModified":"2015-07-15T10:22:52+00:00","mainEntityOfPage":{"@id":"https:\/\/wp.kristdemokraterna.se\/varnamo\/2004\/12\/16\/motion-om-tjanstegaranti-och-kundorientering-genom-delaktighet-och-samverkan\/"},"wordCount":285,"publisher":{"@id":"https:\/\/wp.kristdemokraterna.se\/varnamo\/#organization"},"image":{"@id":"https:\/\/wp.kristdemokraterna.se\/varnamo\/2004\/12\/16\/motion-om-tjanstegaranti-och-kundorientering-genom-delaktighet-och-samverkan\/#primaryimage"},"thumbnailUrl":"https:\/\/wp.kristdemokraterna.se\/varnamo\/files\/2004\/12\/margareta_lindahl.jpg","keywords":["delaktighet","kommunfullm\u00e4ktige","kvalitet","Margareta Lindahl","motion","politiker","tj\u00e4nstegaranti"],"articleSection":["Motioner"],"inLanguage":"sv-SE"},{"@type":"WebPage","@id":"https:\/\/wp.kristdemokraterna.se\/varnamo\/2004\/12\/16\/motion-om-tjanstegaranti-och-kundorientering-genom-delaktighet-och-samverkan\/","url":"https:\/\/wp.kristdemokraterna.se\/varnamo\/2004\/12\/16\/motion-om-tjanstegaranti-och-kundorientering-genom-delaktighet-och-samverkan\/","name":"Motion om tj\u00e4nstegaranti och kundorientering genom delaktighet och samverkan - KRISTDEMOKRATERNA V\u00c4RNAMO","isPartOf":{"@id":"https:\/\/wp.kristdemokraterna.se\/varnamo\/#website"},"primaryImageOfPage":{"@id":"https:\/\/wp.kristdemokraterna.se\/varnamo\/2004\/12\/16\/motion-om-tjanstegaranti-och-kundorientering-genom-delaktighet-och-samverkan\/#primaryimage"},"image":{"@id":"https:\/\/wp.kristdemokraterna.se\/varnamo\/2004\/12\/16\/motion-om-tjanstegaranti-och-kundorientering-genom-delaktighet-och-samverkan\/#primaryimage"},"thumbnailUrl":"https:\/\/wp.kristdemokraterna.se\/varnamo\/files\/2004\/12\/margareta_lindahl.jpg","datePublished":"2004-12-16T19:52:24+00:00","dateModified":"2015-07-15T10:22:52+00:00","breadcrumb":{"@id":"https:\/\/wp.kristdemokraterna.se\/varnamo\/2004\/12\/16\/motion-om-tjanstegaranti-och-kundorientering-genom-delaktighet-och-samverkan\/#breadcrumb"},"inLanguage":"sv-SE","potentialAction":[{"@type":"ReadAction","target":["https:\/\/wp.kristdemokraterna.se\/varnamo\/2004\/12\/16\/motion-om-tjanstegaranti-och-kundorientering-genom-delaktighet-och-samverkan\/"]}]},{"@type":"ImageObject","inLanguage":"sv-SE","@id":"https:\/\/wp.kristdemokraterna.se\/varnamo\/2004\/12\/16\/motion-om-tjanstegaranti-och-kundorientering-genom-delaktighet-och-samverkan\/#primaryimage","url":"https:\/\/wp.kristdemokraterna.se\/varnamo\/files\/2004\/12\/margareta_lindahl.jpg","contentUrl":"https:\/\/wp.kristdemokraterna.se\/varnamo\/files\/2004\/12\/margareta_lindahl.jpg","width":300,"height":300,"caption":"Margareta Lindahl, Kristdemokraterna V\u00e4rnamo. (Foto: Fotograf M\u00e4ster Olof)"},{"@type":"BreadcrumbList","@id":"https:\/\/wp.kristdemokraterna.se\/varnamo\/2004\/12\/16\/motion-om-tjanstegaranti-och-kundorientering-genom-delaktighet-och-samverkan\/#breadcrumb","itemListElement":[{"@type":"ListItem","position":1,"name":"Hem","item":"https:\/\/wp.kristdemokraterna.se\/varnamo\/"},{"@type":"ListItem","position":2,"name":"Motion om tj\u00e4nstegaranti och kundorientering genom delaktighet och samverkan"}]},{"@type":"WebSite","@id":"https:\/\/wp.kristdemokraterna.se\/varnamo\/#website","url":"https:\/\/wp.kristdemokraterna.se\/varnamo\/","name":"KRISTDEMOKRATERNA V\u00c4RNAMO","description":"Med hj\u00e4rta f\u00f6r V\u00e4rnamo","publisher":{"@id":"https:\/\/wp.kristdemokraterna.se\/varnamo\/#organization"},"inLanguage":"sv-SE"},{"@type":"Organization","@id":"https:\/\/wp.kristdemokraterna.se\/varnamo\/#organization","name":"Kristdemokraterna V\u00e4rnamo","url":"https:\/\/wp.kristdemokraterna.se\/varnamo\/","logo":{"@type":"ImageObject","inLanguage":"sv-SE","@id":"https:\/\/wp.kristdemokraterna.se\/varnamo\/#\/schema\/logo\/image\/","url":"https:\/\/wp.kristdemokraterna.se\/varnamo\/files\/2022\/08\/va\u2560ernamo-sida-bla-300dpi.png","contentUrl":"https:\/\/wp.kristdemokraterna.se\/varnamo\/files\/2022\/08\/va\u2560ernamo-sida-bla-300dpi.png","width":1485,"height":681,"caption":"Kristdemokraterna V\u00e4rnamo"},"image":{"@id":"https:\/\/wp.kristdemokraterna.se\/varnamo\/#\/schema\/logo\/image\/"},"sameAs":["https:\/\/www.facebook.com\/KDVarnamo\/","https:\/\/x.com\/KDVarnamo","https:\/\/www.instagram.com\/","https:\/\/www.youtube.com\/user\/studiokd\/videos"]},{"@type":"Person","@id":"https:\/\/wp.kristdemokraterna.se\/varnamo\/#\/schema\/person\/4e339ab04d613699e4dfe80a994e01d4","name":"Kristdemokraterna V\u00e4rnamo","image":{"@type":"ImageObject","inLanguage":"sv-SE","@id":"https:\/\/secure.gravatar.com\/avatar\/c122e48c7723992af51eb155eeaa93db3c1fa324e3fc6ec45dd712c812809b5b?s=96&r=g","url":"https:\/\/secure.gravatar.com\/avatar\/c122e48c7723992af51eb155eeaa93db3c1fa324e3fc6ec45dd712c812809b5b?s=96&r=g","contentUrl":"https:\/\/secure.gravatar.com\/avatar\/c122e48c7723992af51eb155eeaa93db3c1fa324e3fc6ec45dd712c812809b5b?s=96&r=g","caption":"Kristdemokraterna V\u00e4rnamo"},"description":"Familjens r\u00f6st","sameAs":["http:\/\/www.varnamo.kristdemokraterna.se"],"url":"https:\/\/wp.kristdemokraterna.se\/varnamo\/author\/varnamo\/"}]}},"_links":{"self":[{"href":"https:\/\/wp.kristdemokraterna.se\/varnamo\/wp-json\/wp\/v2\/posts\/3332","targetHints":{"allow":["GET"]}}],"collection":[{"href":"https:\/\/wp.kristdemokraterna.se\/varnamo\/wp-json\/wp\/v2\/posts"}],"about":[{"href":"https:\/\/wp.kristdemokraterna.se\/varnamo\/wp-json\/wp\/v2\/types\/post"}],"author":[{"embeddable":true,"href":"https:\/\/wp.kristdemokraterna.se\/varnamo\/wp-json\/wp\/v2\/users\/412"}],"replies":[{"embeddable":true,"href":"https:\/\/wp.kristdemokraterna.se\/varnamo\/wp-json\/wp\/v2\/comments?post=3332"}],"version-history":[{"count":7,"href":"https:\/\/wp.kristdemokraterna.se\/varnamo\/wp-json\/wp\/v2\/posts\/3332\/revisions"}],"predecessor-version":[{"id":6937,"href":"https:\/\/wp.kristdemokraterna.se\/varnamo\/wp-json\/wp\/v2\/posts\/3332\/revisions\/6937"}],"wp:featuredmedia":[{"embeddable":true,"href":"https:\/\/wp.kristdemokraterna.se\/varnamo\/wp-json\/wp\/v2\/media\/4171"}],"wp:attachment":[{"href":"https:\/\/wp.kristdemokraterna.se\/varnamo\/wp-json\/wp\/v2\/media?parent=3332"}],"wp:term":[{"taxonomy":"category","embeddable":true,"href":"https:\/\/wp.kristdemokraterna.se\/varnamo\/wp-json\/wp\/v2\/categories?post=3332"},{"taxonomy":"post_tag","embeddable":true,"href":"https:\/\/wp.kristdemokraterna.se\/varnamo\/wp-json\/wp\/v2\/tags?post=3332"}],"curies":[{"name":"wp","href":"https:\/\/api.w.org\/{rel}","templated":true}]}}