{"id":3335,"date":"2005-05-26T20:59:48","date_gmt":"2005-05-26T18:59:48","guid":{"rendered":"http:\/\/wp.kristdemokraterna.se\/varnamo\/?p=3335"},"modified":"2015-07-15T12:20:09","modified_gmt":"2015-07-15T10:20:09","slug":"motion-om-att-lata-arbetslosa-som-ar-placerade-vid-ideverkstad-gora-insats-at-aldreomsorgen-och-skolan","status":"publish","type":"post","link":"https:\/\/wp.kristdemokraterna.se\/varnamo\/2005\/05\/26\/motion-om-att-lata-arbetslosa-som-ar-placerade-vid-ideverkstad-gora-insats-at-aldreomsorgen-och-skolan\/","title":{"rendered":"Motion om att l\u00e5ta arbetsl\u00f6sa som \u00e4r placerade vid Id\u00e9verkstad g\u00f6ra insats \u00e5t \u00e4ldreomsorgen och skolan"},"content":{"rendered":"<p>Vid V\u00e4rnamo kommunfullm\u00e4ktiges sammantr\u00e4de\u00a0<strong>2005-05-26<\/strong>, l\u00e4mnade Ibrahim Candemir in f\u00f6ljande motion:<\/p>\n<p><!--more--><\/p>\n<hr \/>\n<p>Motion till Kommunfullm\u00e4ktige<\/p>\n<h1>L\u00e5t arbetsl\u00f6sa som \u00e4r placerade vid Id\u00e9verkstad g\u00f6ra insats \u00e5t \u00e4ldreomsorgen och skolan<\/h1>\n<p>Ett s\u00e4tt att engagera arbetsl\u00f6sa \u00e4r och har varit att placera dem vid Id\u00e9verkstad.<\/p>\n<p>Ett annat s\u00e4tt kan vara att engagera dem i \u00e4ldreomsorgen och skolan.\u00a0Man skulle kunna p\u00e5 f\u00f6rs\u00f6k under en tid f\u00e5 dem att bidra med olika\u00a0aktiviteter.<\/p>\n<p>P\u00e5 s\u00e5 s\u00e4tt skulle de arbetsl\u00f6sa f\u00e5 en m\u00f6jlighet att k\u00e4nna sig beh\u00f6vda och uppskattade, men ocks\u00e5 f\u00e5 sin tid fylld med meningsfulla insatser som skulle uppskattas av dem som har sitt boende inom \u00e4ldreomsorgen och eleverna inom skolan.<\/p>\n<p>Som aktiviteter inom \u00e4ldreomsorgen kan vara; gymnastik, bingo, matlagning, promenad och utflykt. Inom skolan att man \u00e4r ute bland elever.<\/p>\n<p>D\u00e5 det inte finns ekonomiska m\u00f6jligheter att anordna ovanst\u00e5ende aktiviteter via ordinarie personal f\u00f6resl\u00e5r jag<\/p>\n<table>\n<tbody>\n<tr>\n<td width=\"10%\"><em>att<\/em><\/td>\n<td>Kommunfullm\u00e4ktige ger omsorgsn\u00e4mnden, BUN och medborgarn\u00e4mnden i uppdrag att utreda att p\u00e5 f\u00f6rs\u00f6k genomf\u00f6ra ovanst\u00e5ende verksamhet<\/td>\n<\/tr>\n<\/tbody>\n<\/table>\n<p>V\u00e4rnamo 23\/5-2005<\/p>\n<p>F\u00f6r Kristdemokraterna<\/p>\n<p style=\"text-align: right\"><em>Ibrahim Candemir<\/em><\/p>\n","protected":false},"excerpt":{"rendered":"<p>Vid V\u00e4rnamo kommunfullm\u00e4ktiges sammantr\u00e4de\u00a02005-05-26, l\u00e4mnade Ibrahim Candemir in f\u00f6ljande motion:<\/p>\n","protected":false},"author":412,"featured_media":4168,"comment_status":"closed","ping_status":"closed","sticky":false,"template":"","format":"standard","meta":{"_acf_changed":false,"footnotes":""},"categories":[13],"tags":[40,174,88,48,97,33],"class_list":["post-3335","post","type-post","status-publish","format-standard","hentry","category-motioner","tag-aldreomsorg","tag-boende","tag-ibrahim-candemir","tag-kommunfullmaktige","tag-motion","tag-skola"],"acf":[],"yoast_head":"<!-- This site is optimized with the Yoast SEO plugin v27.4 - https:\/\/yoast.com\/product\/yoast-seo-wordpress\/ -->\n<title>Motion om att l\u00e5ta arbetsl\u00f6sa som \u00e4r placerade vid Id\u00e9verkstad g\u00f6ra insats \u00e5t \u00e4ldreomsorgen och skolan - KRISTDEMOKRATERNA V\u00c4RNAMO<\/title>\n<meta name=\"robots\" content=\"index, follow, max-snippet:-1, max-image-preview:large, max-video-preview:-1\" \/>\n<link rel=\"canonical\" href=\"https:\/\/wp.kristdemokraterna.se\/varnamo\/2005\/05\/26\/motion-om-att-lata-arbetslosa-som-ar-placerade-vid-ideverkstad-gora-insats-at-aldreomsorgen-och-skolan\/\" \/>\n<meta property=\"og:locale\" content=\"sv_SE\" \/>\n<meta property=\"og:type\" content=\"article\" \/>\n<meta property=\"og:title\" content=\"Motion om att l\u00e5ta arbetsl\u00f6sa som \u00e4r placerade vid Id\u00e9verkstad g\u00f6ra insats \u00e5t \u00e4ldreomsorgen och skolan - KRISTDEMOKRATERNA V\u00c4RNAMO\" \/>\n<meta property=\"og:description\" content=\"Vid V\u00e4rnamo kommunfullm\u00e4ktiges sammantr\u00e4de\u00a02005-05-26, l\u00e4mnade Ibrahim Candemir in f\u00f6ljande motion:\" \/>\n<meta property=\"og:url\" content=\"https:\/\/wp.kristdemokraterna.se\/varnamo\/2005\/05\/26\/motion-om-att-lata-arbetslosa-som-ar-placerade-vid-ideverkstad-gora-insats-at-aldreomsorgen-och-skolan\/\" \/>\n<meta property=\"og:site_name\" content=\"KRISTDEMOKRATERNA V\u00c4RNAMO\" \/>\n<meta property=\"article:publisher\" content=\"https:\/\/www.facebook.com\/KDVarnamo\/\" \/>\n<meta property=\"article:published_time\" content=\"2005-05-26T18:59:48+00:00\" \/>\n<meta property=\"article:modified_time\" content=\"2015-07-15T10:20:09+00:00\" \/>\n<meta property=\"og:image\" content=\"https:\/\/wp.kristdemokraterna.se\/varnamo\/files\/2005\/05\/ibrahim_candemir.jpg\" \/>\n\t<meta property=\"og:image:width\" content=\"300\" \/>\n\t<meta property=\"og:image:height\" content=\"300\" \/>\n\t<meta property=\"og:image:type\" content=\"image\/jpeg\" \/>\n<meta name=\"author\" content=\"Kristdemokraterna V\u00e4rnamo\" \/>\n<meta name=\"twitter:card\" content=\"summary_large_image\" \/>\n<meta name=\"twitter:creator\" content=\"@KDVarnamo\" \/>\n<meta name=\"twitter:site\" content=\"@KDVarnamo\" \/>\n<meta name=\"twitter:label1\" content=\"Skriven av\" \/>\n\t<meta name=\"twitter:data1\" content=\"Kristdemokraterna V\u00e4rnamo\" \/>\n\t<meta name=\"twitter:label2\" content=\"Ber\u00e4knad l\u00e4stid\" \/>\n\t<meta name=\"twitter:data2\" content=\"1 minut\" \/>\n<script type=\"application\/ld+json\" class=\"yoast-schema-graph\">{\"@context\":\"https:\\\/\\\/schema.org\",\"@graph\":[{\"@type\":\"Article\",\"@id\":\"https:\\\/\\\/wp.kristdemokraterna.se\\\/varnamo\\\/2005\\\/05\\\/26\\\/motion-om-att-lata-arbetslosa-som-ar-placerade-vid-ideverkstad-gora-insats-at-aldreomsorgen-och-skolan\\\/#article\",\"isPartOf\":{\"@id\":\"https:\\\/\\\/wp.kristdemokraterna.se\\\/varnamo\\\/2005\\\/05\\\/26\\\/motion-om-att-lata-arbetslosa-som-ar-placerade-vid-ideverkstad-gora-insats-at-aldreomsorgen-och-skolan\\\/\"},\"author\":{\"name\":\"Kristdemokraterna V\u00e4rnamo\",\"@id\":\"https:\\\/\\\/wp.kristdemokraterna.se\\\/varnamo\\\/#\\\/schema\\\/person\\\/4e339ab04d613699e4dfe80a994e01d4\"},\"headline\":\"Motion om att l\u00e5ta arbetsl\u00f6sa som \u00e4r placerade vid Id\u00e9verkstad g\u00f6ra insats \u00e5t \u00e4ldreomsorgen och skolan\",\"datePublished\":\"2005-05-26T18:59:48+00:00\",\"dateModified\":\"2015-07-15T10:20:09+00:00\",\"mainEntityOfPage\":{\"@id\":\"https:\\\/\\\/wp.kristdemokraterna.se\\\/varnamo\\\/2005\\\/05\\\/26\\\/motion-om-att-lata-arbetslosa-som-ar-placerade-vid-ideverkstad-gora-insats-at-aldreomsorgen-och-skolan\\\/\"},\"wordCount\":220,\"publisher\":{\"@id\":\"https:\\\/\\\/wp.kristdemokraterna.se\\\/varnamo\\\/#organization\"},\"image\":{\"@id\":\"https:\\\/\\\/wp.kristdemokraterna.se\\\/varnamo\\\/2005\\\/05\\\/26\\\/motion-om-att-lata-arbetslosa-som-ar-placerade-vid-ideverkstad-gora-insats-at-aldreomsorgen-och-skolan\\\/#primaryimage\"},\"thumbnailUrl\":\"https:\\\/\\\/wp.kristdemokraterna.se\\\/varnamo\\\/files\\\/2005\\\/05\\\/ibrahim_candemir.jpg\",\"keywords\":[\"\u00e4ldreomsorg\",\"boende\",\"Ibrahim Candemir\",\"kommunfullm\u00e4ktige\",\"motion\",\"skola\"],\"articleSection\":[\"Motioner\"],\"inLanguage\":\"sv-SE\"},{\"@type\":\"WebPage\",\"@id\":\"https:\\\/\\\/wp.kristdemokraterna.se\\\/varnamo\\\/2005\\\/05\\\/26\\\/motion-om-att-lata-arbetslosa-som-ar-placerade-vid-ideverkstad-gora-insats-at-aldreomsorgen-och-skolan\\\/\",\"url\":\"https:\\\/\\\/wp.kristdemokraterna.se\\\/varnamo\\\/2005\\\/05\\\/26\\\/motion-om-att-lata-arbetslosa-som-ar-placerade-vid-ideverkstad-gora-insats-at-aldreomsorgen-och-skolan\\\/\",\"name\":\"Motion om att l\u00e5ta arbetsl\u00f6sa som \u00e4r placerade vid Id\u00e9verkstad g\u00f6ra insats \u00e5t \u00e4ldreomsorgen och skolan - KRISTDEMOKRATERNA V\u00c4RNAMO\",\"isPartOf\":{\"@id\":\"https:\\\/\\\/wp.kristdemokraterna.se\\\/varnamo\\\/#website\"},\"primaryImageOfPage\":{\"@id\":\"https:\\\/\\\/wp.kristdemokraterna.se\\\/varnamo\\\/2005\\\/05\\\/26\\\/motion-om-att-lata-arbetslosa-som-ar-placerade-vid-ideverkstad-gora-insats-at-aldreomsorgen-och-skolan\\\/#primaryimage\"},\"image\":{\"@id\":\"https:\\\/\\\/wp.kristdemokraterna.se\\\/varnamo\\\/2005\\\/05\\\/26\\\/motion-om-att-lata-arbetslosa-som-ar-placerade-vid-ideverkstad-gora-insats-at-aldreomsorgen-och-skolan\\\/#primaryimage\"},\"thumbnailUrl\":\"https:\\\/\\\/wp.kristdemokraterna.se\\\/varnamo\\\/files\\\/2005\\\/05\\\/ibrahim_candemir.jpg\",\"datePublished\":\"2005-05-26T18:59:48+00:00\",\"dateModified\":\"2015-07-15T10:20:09+00:00\",\"breadcrumb\":{\"@id\":\"https:\\\/\\\/wp.kristdemokraterna.se\\\/varnamo\\\/2005\\\/05\\\/26\\\/motion-om-att-lata-arbetslosa-som-ar-placerade-vid-ideverkstad-gora-insats-at-aldreomsorgen-och-skolan\\\/#breadcrumb\"},\"inLanguage\":\"sv-SE\",\"potentialAction\":[{\"@type\":\"ReadAction\",\"target\":[\"https:\\\/\\\/wp.kristdemokraterna.se\\\/varnamo\\\/2005\\\/05\\\/26\\\/motion-om-att-lata-arbetslosa-som-ar-placerade-vid-ideverkstad-gora-insats-at-aldreomsorgen-och-skolan\\\/\"]}]},{\"@type\":\"ImageObject\",\"inLanguage\":\"sv-SE\",\"@id\":\"https:\\\/\\\/wp.kristdemokraterna.se\\\/varnamo\\\/2005\\\/05\\\/26\\\/motion-om-att-lata-arbetslosa-som-ar-placerade-vid-ideverkstad-gora-insats-at-aldreomsorgen-och-skolan\\\/#primaryimage\",\"url\":\"https:\\\/\\\/wp.kristdemokraterna.se\\\/varnamo\\\/files\\\/2005\\\/05\\\/ibrahim_candemir.jpg\",\"contentUrl\":\"https:\\\/\\\/wp.kristdemokraterna.se\\\/varnamo\\\/files\\\/2005\\\/05\\\/ibrahim_candemir.jpg\",\"width\":300,\"height\":300,\"caption\":\"Ibrahim Candemir, Kristdemokraterna V\u00e4rnamo. (Foto: Fotograf M\u00e4ster Olof)\"},{\"@type\":\"BreadcrumbList\",\"@id\":\"https:\\\/\\\/wp.kristdemokraterna.se\\\/varnamo\\\/2005\\\/05\\\/26\\\/motion-om-att-lata-arbetslosa-som-ar-placerade-vid-ideverkstad-gora-insats-at-aldreomsorgen-och-skolan\\\/#breadcrumb\",\"itemListElement\":[{\"@type\":\"ListItem\",\"position\":1,\"name\":\"Hem\",\"item\":\"https:\\\/\\\/wp.kristdemokraterna.se\\\/varnamo\\\/\"},{\"@type\":\"ListItem\",\"position\":2,\"name\":\"Motion om att l\u00e5ta arbetsl\u00f6sa som \u00e4r placerade vid Id\u00e9verkstad g\u00f6ra insats \u00e5t \u00e4ldreomsorgen och skolan\"}]},{\"@type\":\"WebSite\",\"@id\":\"https:\\\/\\\/wp.kristdemokraterna.se\\\/varnamo\\\/#website\",\"url\":\"https:\\\/\\\/wp.kristdemokraterna.se\\\/varnamo\\\/\",\"name\":\"KRISTDEMOKRATERNA V\u00c4RNAMO\",\"description\":\"Med hj\u00e4rta f\u00f6r V\u00e4rnamo\",\"publisher\":{\"@id\":\"https:\\\/\\\/wp.kristdemokraterna.se\\\/varnamo\\\/#organization\"},\"inLanguage\":\"sv-SE\"},{\"@type\":\"Organization\",\"@id\":\"https:\\\/\\\/wp.kristdemokraterna.se\\\/varnamo\\\/#organization\",\"name\":\"Kristdemokraterna V\u00e4rnamo\",\"url\":\"https:\\\/\\\/wp.kristdemokraterna.se\\\/varnamo\\\/\",\"logo\":{\"@type\":\"ImageObject\",\"inLanguage\":\"sv-SE\",\"@id\":\"https:\\\/\\\/wp.kristdemokraterna.se\\\/varnamo\\\/#\\\/schema\\\/logo\\\/image\\\/\",\"url\":\"https:\\\/\\\/wp.kristdemokraterna.se\\\/varnamo\\\/files\\\/2022\\\/08\\\/va\u2560ernamo-sida-bla-300dpi.png\",\"contentUrl\":\"https:\\\/\\\/wp.kristdemokraterna.se\\\/varnamo\\\/files\\\/2022\\\/08\\\/va\u2560ernamo-sida-bla-300dpi.png\",\"width\":1485,\"height\":681,\"caption\":\"Kristdemokraterna V\u00e4rnamo\"},\"image\":{\"@id\":\"https:\\\/\\\/wp.kristdemokraterna.se\\\/varnamo\\\/#\\\/schema\\\/logo\\\/image\\\/\"},\"sameAs\":[\"https:\\\/\\\/www.facebook.com\\\/KDVarnamo\\\/\",\"https:\\\/\\\/x.com\\\/KDVarnamo\",\"https:\\\/\\\/www.instagram.com\\\/\",\"https:\\\/\\\/www.youtube.com\\\/user\\\/studiokd\\\/videos\"]},{\"@type\":\"Person\",\"@id\":\"https:\\\/\\\/wp.kristdemokraterna.se\\\/varnamo\\\/#\\\/schema\\\/person\\\/4e339ab04d613699e4dfe80a994e01d4\",\"name\":\"Kristdemokraterna V\u00e4rnamo\",\"image\":{\"@type\":\"ImageObject\",\"inLanguage\":\"sv-SE\",\"@id\":\"https:\\\/\\\/secure.gravatar.com\\\/avatar\\\/c122e48c7723992af51eb155eeaa93db3c1fa324e3fc6ec45dd712c812809b5b?s=96&r=g\",\"url\":\"https:\\\/\\\/secure.gravatar.com\\\/avatar\\\/c122e48c7723992af51eb155eeaa93db3c1fa324e3fc6ec45dd712c812809b5b?s=96&r=g\",\"contentUrl\":\"https:\\\/\\\/secure.gravatar.com\\\/avatar\\\/c122e48c7723992af51eb155eeaa93db3c1fa324e3fc6ec45dd712c812809b5b?s=96&r=g\",\"caption\":\"Kristdemokraterna V\u00e4rnamo\"},\"description\":\"Familjens r\u00f6st\",\"sameAs\":[\"http:\\\/\\\/www.varnamo.kristdemokraterna.se\"],\"url\":\"https:\\\/\\\/wp.kristdemokraterna.se\\\/varnamo\\\/author\\\/varnamo\\\/\"}]}<\/script>\n<!-- \/ Yoast SEO plugin. -->","yoast_head_json":{"title":"Motion om att l\u00e5ta arbetsl\u00f6sa som \u00e4r placerade vid Id\u00e9verkstad g\u00f6ra insats \u00e5t \u00e4ldreomsorgen och skolan - KRISTDEMOKRATERNA V\u00c4RNAMO","robots":{"index":"index","follow":"follow","max-snippet":"max-snippet:-1","max-image-preview":"max-image-preview:large","max-video-preview":"max-video-preview:-1"},"canonical":"https:\/\/wp.kristdemokraterna.se\/varnamo\/2005\/05\/26\/motion-om-att-lata-arbetslosa-som-ar-placerade-vid-ideverkstad-gora-insats-at-aldreomsorgen-och-skolan\/","og_locale":"sv_SE","og_type":"article","og_title":"Motion om att l\u00e5ta arbetsl\u00f6sa som \u00e4r placerade vid Id\u00e9verkstad g\u00f6ra insats \u00e5t \u00e4ldreomsorgen och skolan - KRISTDEMOKRATERNA V\u00c4RNAMO","og_description":"Vid V\u00e4rnamo kommunfullm\u00e4ktiges sammantr\u00e4de\u00a02005-05-26, l\u00e4mnade Ibrahim Candemir in f\u00f6ljande motion:","og_url":"https:\/\/wp.kristdemokraterna.se\/varnamo\/2005\/05\/26\/motion-om-att-lata-arbetslosa-som-ar-placerade-vid-ideverkstad-gora-insats-at-aldreomsorgen-och-skolan\/","og_site_name":"KRISTDEMOKRATERNA V\u00c4RNAMO","article_publisher":"https:\/\/www.facebook.com\/KDVarnamo\/","article_published_time":"2005-05-26T18:59:48+00:00","article_modified_time":"2015-07-15T10:20:09+00:00","og_image":[{"width":300,"height":300,"url":"https:\/\/wp.kristdemokraterna.se\/varnamo\/files\/2005\/05\/ibrahim_candemir.jpg","type":"image\/jpeg"}],"author":"Kristdemokraterna V\u00e4rnamo","twitter_card":"summary_large_image","twitter_creator":"@KDVarnamo","twitter_site":"@KDVarnamo","twitter_misc":{"Skriven av":"Kristdemokraterna V\u00e4rnamo","Ber\u00e4knad l\u00e4stid":"1 minut"},"schema":{"@context":"https:\/\/schema.org","@graph":[{"@type":"Article","@id":"https:\/\/wp.kristdemokraterna.se\/varnamo\/2005\/05\/26\/motion-om-att-lata-arbetslosa-som-ar-placerade-vid-ideverkstad-gora-insats-at-aldreomsorgen-och-skolan\/#article","isPartOf":{"@id":"https:\/\/wp.kristdemokraterna.se\/varnamo\/2005\/05\/26\/motion-om-att-lata-arbetslosa-som-ar-placerade-vid-ideverkstad-gora-insats-at-aldreomsorgen-och-skolan\/"},"author":{"name":"Kristdemokraterna V\u00e4rnamo","@id":"https:\/\/wp.kristdemokraterna.se\/varnamo\/#\/schema\/person\/4e339ab04d613699e4dfe80a994e01d4"},"headline":"Motion om att l\u00e5ta arbetsl\u00f6sa som \u00e4r placerade vid Id\u00e9verkstad g\u00f6ra insats \u00e5t \u00e4ldreomsorgen och skolan","datePublished":"2005-05-26T18:59:48+00:00","dateModified":"2015-07-15T10:20:09+00:00","mainEntityOfPage":{"@id":"https:\/\/wp.kristdemokraterna.se\/varnamo\/2005\/05\/26\/motion-om-att-lata-arbetslosa-som-ar-placerade-vid-ideverkstad-gora-insats-at-aldreomsorgen-och-skolan\/"},"wordCount":220,"publisher":{"@id":"https:\/\/wp.kristdemokraterna.se\/varnamo\/#organization"},"image":{"@id":"https:\/\/wp.kristdemokraterna.se\/varnamo\/2005\/05\/26\/motion-om-att-lata-arbetslosa-som-ar-placerade-vid-ideverkstad-gora-insats-at-aldreomsorgen-och-skolan\/#primaryimage"},"thumbnailUrl":"https:\/\/wp.kristdemokraterna.se\/varnamo\/files\/2005\/05\/ibrahim_candemir.jpg","keywords":["\u00e4ldreomsorg","boende","Ibrahim Candemir","kommunfullm\u00e4ktige","motion","skola"],"articleSection":["Motioner"],"inLanguage":"sv-SE"},{"@type":"WebPage","@id":"https:\/\/wp.kristdemokraterna.se\/varnamo\/2005\/05\/26\/motion-om-att-lata-arbetslosa-som-ar-placerade-vid-ideverkstad-gora-insats-at-aldreomsorgen-och-skolan\/","url":"https:\/\/wp.kristdemokraterna.se\/varnamo\/2005\/05\/26\/motion-om-att-lata-arbetslosa-som-ar-placerade-vid-ideverkstad-gora-insats-at-aldreomsorgen-och-skolan\/","name":"Motion om att l\u00e5ta arbetsl\u00f6sa som \u00e4r placerade vid Id\u00e9verkstad g\u00f6ra insats \u00e5t \u00e4ldreomsorgen och skolan - KRISTDEMOKRATERNA V\u00c4RNAMO","isPartOf":{"@id":"https:\/\/wp.kristdemokraterna.se\/varnamo\/#website"},"primaryImageOfPage":{"@id":"https:\/\/wp.kristdemokraterna.se\/varnamo\/2005\/05\/26\/motion-om-att-lata-arbetslosa-som-ar-placerade-vid-ideverkstad-gora-insats-at-aldreomsorgen-och-skolan\/#primaryimage"},"image":{"@id":"https:\/\/wp.kristdemokraterna.se\/varnamo\/2005\/05\/26\/motion-om-att-lata-arbetslosa-som-ar-placerade-vid-ideverkstad-gora-insats-at-aldreomsorgen-och-skolan\/#primaryimage"},"thumbnailUrl":"https:\/\/wp.kristdemokraterna.se\/varnamo\/files\/2005\/05\/ibrahim_candemir.jpg","datePublished":"2005-05-26T18:59:48+00:00","dateModified":"2015-07-15T10:20:09+00:00","breadcrumb":{"@id":"https:\/\/wp.kristdemokraterna.se\/varnamo\/2005\/05\/26\/motion-om-att-lata-arbetslosa-som-ar-placerade-vid-ideverkstad-gora-insats-at-aldreomsorgen-och-skolan\/#breadcrumb"},"inLanguage":"sv-SE","potentialAction":[{"@type":"ReadAction","target":["https:\/\/wp.kristdemokraterna.se\/varnamo\/2005\/05\/26\/motion-om-att-lata-arbetslosa-som-ar-placerade-vid-ideverkstad-gora-insats-at-aldreomsorgen-och-skolan\/"]}]},{"@type":"ImageObject","inLanguage":"sv-SE","@id":"https:\/\/wp.kristdemokraterna.se\/varnamo\/2005\/05\/26\/motion-om-att-lata-arbetslosa-som-ar-placerade-vid-ideverkstad-gora-insats-at-aldreomsorgen-och-skolan\/#primaryimage","url":"https:\/\/wp.kristdemokraterna.se\/varnamo\/files\/2005\/05\/ibrahim_candemir.jpg","contentUrl":"https:\/\/wp.kristdemokraterna.se\/varnamo\/files\/2005\/05\/ibrahim_candemir.jpg","width":300,"height":300,"caption":"Ibrahim Candemir, Kristdemokraterna V\u00e4rnamo. (Foto: Fotograf M\u00e4ster Olof)"},{"@type":"BreadcrumbList","@id":"https:\/\/wp.kristdemokraterna.se\/varnamo\/2005\/05\/26\/motion-om-att-lata-arbetslosa-som-ar-placerade-vid-ideverkstad-gora-insats-at-aldreomsorgen-och-skolan\/#breadcrumb","itemListElement":[{"@type":"ListItem","position":1,"name":"Hem","item":"https:\/\/wp.kristdemokraterna.se\/varnamo\/"},{"@type":"ListItem","position":2,"name":"Motion om att l\u00e5ta arbetsl\u00f6sa som \u00e4r placerade vid Id\u00e9verkstad g\u00f6ra insats \u00e5t \u00e4ldreomsorgen och skolan"}]},{"@type":"WebSite","@id":"https:\/\/wp.kristdemokraterna.se\/varnamo\/#website","url":"https:\/\/wp.kristdemokraterna.se\/varnamo\/","name":"KRISTDEMOKRATERNA V\u00c4RNAMO","description":"Med hj\u00e4rta f\u00f6r V\u00e4rnamo","publisher":{"@id":"https:\/\/wp.kristdemokraterna.se\/varnamo\/#organization"},"inLanguage":"sv-SE"},{"@type":"Organization","@id":"https:\/\/wp.kristdemokraterna.se\/varnamo\/#organization","name":"Kristdemokraterna V\u00e4rnamo","url":"https:\/\/wp.kristdemokraterna.se\/varnamo\/","logo":{"@type":"ImageObject","inLanguage":"sv-SE","@id":"https:\/\/wp.kristdemokraterna.se\/varnamo\/#\/schema\/logo\/image\/","url":"https:\/\/wp.kristdemokraterna.se\/varnamo\/files\/2022\/08\/va\u2560ernamo-sida-bla-300dpi.png","contentUrl":"https:\/\/wp.kristdemokraterna.se\/varnamo\/files\/2022\/08\/va\u2560ernamo-sida-bla-300dpi.png","width":1485,"height":681,"caption":"Kristdemokraterna V\u00e4rnamo"},"image":{"@id":"https:\/\/wp.kristdemokraterna.se\/varnamo\/#\/schema\/logo\/image\/"},"sameAs":["https:\/\/www.facebook.com\/KDVarnamo\/","https:\/\/x.com\/KDVarnamo","https:\/\/www.instagram.com\/","https:\/\/www.youtube.com\/user\/studiokd\/videos"]},{"@type":"Person","@id":"https:\/\/wp.kristdemokraterna.se\/varnamo\/#\/schema\/person\/4e339ab04d613699e4dfe80a994e01d4","name":"Kristdemokraterna V\u00e4rnamo","image":{"@type":"ImageObject","inLanguage":"sv-SE","@id":"https:\/\/secure.gravatar.com\/avatar\/c122e48c7723992af51eb155eeaa93db3c1fa324e3fc6ec45dd712c812809b5b?s=96&r=g","url":"https:\/\/secure.gravatar.com\/avatar\/c122e48c7723992af51eb155eeaa93db3c1fa324e3fc6ec45dd712c812809b5b?s=96&r=g","contentUrl":"https:\/\/secure.gravatar.com\/avatar\/c122e48c7723992af51eb155eeaa93db3c1fa324e3fc6ec45dd712c812809b5b?s=96&r=g","caption":"Kristdemokraterna V\u00e4rnamo"},"description":"Familjens r\u00f6st","sameAs":["http:\/\/www.varnamo.kristdemokraterna.se"],"url":"https:\/\/wp.kristdemokraterna.se\/varnamo\/author\/varnamo\/"}]}},"_links":{"self":[{"href":"https:\/\/wp.kristdemokraterna.se\/varnamo\/wp-json\/wp\/v2\/posts\/3335","targetHints":{"allow":["GET"]}}],"collection":[{"href":"https:\/\/wp.kristdemokraterna.se\/varnamo\/wp-json\/wp\/v2\/posts"}],"about":[{"href":"https:\/\/wp.kristdemokraterna.se\/varnamo\/wp-json\/wp\/v2\/types\/post"}],"author":[{"embeddable":true,"href":"https:\/\/wp.kristdemokraterna.se\/varnamo\/wp-json\/wp\/v2\/users\/412"}],"replies":[{"embeddable":true,"href":"https:\/\/wp.kristdemokraterna.se\/varnamo\/wp-json\/wp\/v2\/comments?post=3335"}],"version-history":[{"count":6,"href":"https:\/\/wp.kristdemokraterna.se\/varnamo\/wp-json\/wp\/v2\/posts\/3335\/revisions"}],"predecessor-version":[{"id":6936,"href":"https:\/\/wp.kristdemokraterna.se\/varnamo\/wp-json\/wp\/v2\/posts\/3335\/revisions\/6936"}],"wp:featuredmedia":[{"embeddable":true,"href":"https:\/\/wp.kristdemokraterna.se\/varnamo\/wp-json\/wp\/v2\/media\/4168"}],"wp:attachment":[{"href":"https:\/\/wp.kristdemokraterna.se\/varnamo\/wp-json\/wp\/v2\/media?parent=3335"}],"wp:term":[{"taxonomy":"category","embeddable":true,"href":"https:\/\/wp.kristdemokraterna.se\/varnamo\/wp-json\/wp\/v2\/categories?post=3335"},{"taxonomy":"post_tag","embeddable":true,"href":"https:\/\/wp.kristdemokraterna.se\/varnamo\/wp-json\/wp\/v2\/tags?post=3335"}],"curies":[{"name":"wp","href":"https:\/\/api.w.org\/{rel}","templated":true}]}}