{"id":3441,"date":"2004-06-04T00:44:00","date_gmt":"2004-06-03T22:44:00","guid":{"rendered":"http:\/\/wp.kristdemokraterna.se\/varnamo\/?p=3441"},"modified":"2015-07-12T18:54:35","modified_gmt":"2015-07-12T16:54:35","slug":"aterinfor-inforselkvoter-for-alkohol","status":"publish","type":"post","link":"https:\/\/wp.kristdemokraterna.se\/varnamo\/2004\/06\/04\/aterinfor-inforselkvoter-for-alkohol\/","title":{"rendered":"\u00c5terinf\u00f6r inf\u00f6rselkvoter f\u00f6r alkohol"},"content":{"rendered":"<div style=\"width: 263px\" class=\"wp-caption alignnone\"><a href=\"http:\/\/wp.kristdemokraterna.se\/varnamo\/files\/2010\/08\/goran_hagglund.jpg\"><img loading=\"lazy\" decoding=\"async\" title=\"goran_hagglund\" src=\"http:\/\/wp.kristdemokraterna.se\/varnamo\/files\/2010\/08\/goran_hagglund.jpg\" alt=\"G\u00f6ran H\u00e4gglund. (Foto: Kristdemokraterna)\" width=\"253\" height=\"250\" \/><\/a><p class=\"wp-caption-text\">G\u00f6ran H\u00e4gglund. (Foto: Kristdemokraterna)<\/p><\/div>\n<p>Folkh\u00e4lsan m\u00e5ste s\u00e4ttas f\u00f6re franska b\u00f6nders intresse av att s\u00e4lja vin till svenska ungdomar. D\u00e4rf\u00f6r beh\u00f6ver Sverige nu ensidigt \u00e5terinf\u00f6ra inf\u00f6rselkvoter f\u00f6r alkohol. Det sa kristdemokraternas partiordf\u00f6rande <a title=\"Sveriges f\u00e4rskaste partiledare i V\u00e4rnamo\" href=\"http:\/\/wp.kristdemokraterna.se\/varnamo\/2004\/06\/04\/sveriges-farskaste-partiledare-i-varnamo\/\">G\u00f6ran H\u00e4gglund n\u00e4r han talade p\u00e5 Flanaden i V\u00e4rnamo i fredags<\/a>.<\/p>\n<p><!--more--><\/p>\n<p>Socialdemokraternas alkoholpolitik har misslyckats. Alkoholpolitiken kan inte l\u00e4ngre f\u00f6ras med ett sn\u00e4vt nationellt perspektiv. De problem som en h\u00f6g alkoholkonsumtion leder fram till finns i hela Europa. Trots sina brister har den svenska alkoholpolitiken med europeiska m\u00e5tt m\u00e4tt varit framg\u00e5ngsrik. Vi beh\u00f6ver d\u00e4rf\u00f6r arbeta f\u00f6r att exportera de goda delarna av den till resten av EU:s medlemsstater.<\/p>\n<p>Alkoholskatterna i v\u00e5ra grannl\u00e4nder har den senaste tiden pressats ner\u00e5t. En av de fr\u00e4msta anledningarna till detta \u00e4r de orimliga regler f\u00f6r inf\u00f6rsel av alkohol som g\u00e4ller inom EU. Sverige b\u00f6r d\u00e4rf\u00f6r ensidigt inf\u00f6ra egna regler f\u00f6r inf\u00f6rsel av alkohol och d\u00e4rmed \u00e5terg\u00e5 till inf\u00f6rselkvoter som ligger n\u00e4rmre de som g\u00e4llde i Sverige n\u00e4r vi gick med i EU 1995. Den tid som vi k\u00f6per oss genom detta b\u00f6r vi anv\u00e4nda f\u00f6r att f\u00f6rhandla fram en permanent l\u00f6sning p\u00e5 fr\u00e5gan.<\/p>\n<p>Sverige beh\u00f6ver ocks\u00e5 arbeta f\u00f6r att f\u00e5 h\u00f6ga gemensamma minimiskatter p\u00e5 alkohol i hela Europa.<\/p>\n<p>Det finns ett tilltagande intresse bland EU:s medlemmar f\u00f6r att bygga upp en ansvarsfull alkoholpolitik. D\u00e5 ska Sverige inte \u00f6verge sin klassiska alkoholpolitik f\u00f6r att \u00f6verg\u00e5 i n\u00e5gon form av alkoholliberalism som folkpartiet f\u00f6resl\u00e5r. Vi b\u00f6r ist\u00e4llet ta vara p\u00e5 det tillf\u00e4lle som nu finns och kraftfullt arbeta f\u00f6r en europeisk alkoholpolitik som s\u00e4tter folkh\u00e4lsa f\u00f6re industriella intressen.<\/p>\n","protected":false},"excerpt":{"rendered":"<p>Folkh\u00e4lsan m\u00e5ste s\u00e4ttas f\u00f6re franska b\u00f6nders intresse av att s\u00e4lja vin till svenska ungdomar. D\u00e4rf\u00f6r beh\u00f6ver Sverige nu ensidigt \u00e5terinf\u00f6ra inf\u00f6rselkvoter f\u00f6r alkohol. Det sa kristdemokraternas partiordf\u00f6rande G\u00f6ran H\u00e4gglund n\u00e4r han talade p\u00e5 Flanaden i V\u00e4rnamo i fredags.<\/p>\n","protected":false},"author":412,"featured_media":9638,"comment_status":"closed","ping_status":"closed","sticky":false,"template":"","format":"standard","meta":{"_acf_changed":false,"footnotes":""},"categories":[11],"tags":[184,413,204,154,117,159,346,62],"class_list":["post-3441","post","type-post","status-publish","format-standard","hentry","category-nyheter","tag-alkohol","tag-eu","tag-europaparlamentet","tag-folkhalsa","tag-goran-hagglund","tag-partiledarbesok","tag-skatter","tag-valrorelse"],"acf":[],"yoast_head":"<!-- This site is optimized with the Yoast SEO plugin v27.4 - https:\/\/yoast.com\/product\/yoast-seo-wordpress\/ -->\n<title>\u00c5terinf\u00f6r inf\u00f6rselkvoter f\u00f6r alkohol - KRISTDEMOKRATERNA V\u00c4RNAMO<\/title>\n<meta name=\"robots\" content=\"index, follow, max-snippet:-1, max-image-preview:large, max-video-preview:-1\" \/>\n<link rel=\"canonical\" href=\"https:\/\/wp.kristdemokraterna.se\/varnamo\/2004\/06\/04\/aterinfor-inforselkvoter-for-alkohol\/\" \/>\n<meta property=\"og:locale\" content=\"sv_SE\" \/>\n<meta property=\"og:type\" content=\"article\" \/>\n<meta property=\"og:title\" content=\"\u00c5terinf\u00f6r inf\u00f6rselkvoter f\u00f6r alkohol - KRISTDEMOKRATERNA V\u00c4RNAMO\" \/>\n<meta property=\"og:description\" content=\"Folkh\u00e4lsan m\u00e5ste s\u00e4ttas f\u00f6re franska b\u00f6nders intresse av att s\u00e4lja vin till svenska ungdomar. D\u00e4rf\u00f6r beh\u00f6ver Sverige nu ensidigt \u00e5terinf\u00f6ra inf\u00f6rselkvoter f\u00f6r alkohol. Det sa kristdemokraternas partiordf\u00f6rande G\u00f6ran H\u00e4gglund n\u00e4r han talade p\u00e5 Flanaden i V\u00e4rnamo i fredags.\" \/>\n<meta property=\"og:url\" content=\"https:\/\/wp.kristdemokraterna.se\/varnamo\/2004\/06\/04\/aterinfor-inforselkvoter-for-alkohol\/\" \/>\n<meta property=\"og:site_name\" content=\"KRISTDEMOKRATERNA V\u00c4RNAMO\" \/>\n<meta property=\"article:publisher\" content=\"https:\/\/www.facebook.com\/KDVarnamo\/\" \/>\n<meta property=\"article:published_time\" content=\"2004-06-03T22:44:00+00:00\" \/>\n<meta property=\"article:modified_time\" content=\"2015-07-12T16:54:35+00:00\" \/>\n<meta property=\"og:image\" content=\"http:\/\/wp.kristdemokraterna.se\/varnamo\/files\/2010\/08\/goran_hagglund.jpg\" \/>\n<meta name=\"author\" content=\"Kristdemokraterna V\u00e4rnamo\" \/>\n<meta name=\"twitter:card\" content=\"summary_large_image\" \/>\n<meta name=\"twitter:creator\" content=\"@KDVarnamo\" \/>\n<meta name=\"twitter:site\" content=\"@KDVarnamo\" \/>\n<meta name=\"twitter:label1\" content=\"Skriven av\" \/>\n\t<meta name=\"twitter:data1\" content=\"Kristdemokraterna V\u00e4rnamo\" \/>\n\t<meta name=\"twitter:label2\" content=\"Ber\u00e4knad l\u00e4stid\" \/>\n\t<meta name=\"twitter:data2\" content=\"2 minuter\" \/>\n<script type=\"application\/ld+json\" class=\"yoast-schema-graph\">{\"@context\":\"https:\\\/\\\/schema.org\",\"@graph\":[{\"@type\":\"Article\",\"@id\":\"https:\\\/\\\/wp.kristdemokraterna.se\\\/varnamo\\\/2004\\\/06\\\/04\\\/aterinfor-inforselkvoter-for-alkohol\\\/#article\",\"isPartOf\":{\"@id\":\"https:\\\/\\\/wp.kristdemokraterna.se\\\/varnamo\\\/2004\\\/06\\\/04\\\/aterinfor-inforselkvoter-for-alkohol\\\/\"},\"author\":{\"name\":\"Kristdemokraterna V\u00e4rnamo\",\"@id\":\"https:\\\/\\\/wp.kristdemokraterna.se\\\/varnamo\\\/#\\\/schema\\\/person\\\/4e339ab04d613699e4dfe80a994e01d4\"},\"headline\":\"\u00c5terinf\u00f6r inf\u00f6rselkvoter f\u00f6r alkohol\",\"datePublished\":\"2004-06-03T22:44:00+00:00\",\"dateModified\":\"2015-07-12T16:54:35+00:00\",\"mainEntityOfPage\":{\"@id\":\"https:\\\/\\\/wp.kristdemokraterna.se\\\/varnamo\\\/2004\\\/06\\\/04\\\/aterinfor-inforselkvoter-for-alkohol\\\/\"},\"wordCount\":336,\"publisher\":{\"@id\":\"https:\\\/\\\/wp.kristdemokraterna.se\\\/varnamo\\\/#organization\"},\"image\":{\"@id\":\"https:\\\/\\\/wp.kristdemokraterna.se\\\/varnamo\\\/2004\\\/06\\\/04\\\/aterinfor-inforselkvoter-for-alkohol\\\/#primaryimage\"},\"thumbnailUrl\":\"https:\\\/\\\/wp.kristdemokraterna.se\\\/varnamo\\\/files\\\/2022\\\/08\\\/kd-logo-blue.png\",\"keywords\":[\"alkohol\",\"EU\",\"Europaparlamentet\",\"folkh\u00e4lsa\",\"G\u00f6ran H\u00e4gglund\",\"partiledarbes\u00f6k\",\"skatter\",\"valr\u00f6relse\"],\"articleSection\":[\"Nyheter\"],\"inLanguage\":\"sv-SE\"},{\"@type\":\"WebPage\",\"@id\":\"https:\\\/\\\/wp.kristdemokraterna.se\\\/varnamo\\\/2004\\\/06\\\/04\\\/aterinfor-inforselkvoter-for-alkohol\\\/\",\"url\":\"https:\\\/\\\/wp.kristdemokraterna.se\\\/varnamo\\\/2004\\\/06\\\/04\\\/aterinfor-inforselkvoter-for-alkohol\\\/\",\"name\":\"\u00c5terinf\u00f6r inf\u00f6rselkvoter f\u00f6r alkohol - KRISTDEMOKRATERNA V\u00c4RNAMO\",\"isPartOf\":{\"@id\":\"https:\\\/\\\/wp.kristdemokraterna.se\\\/varnamo\\\/#website\"},\"primaryImageOfPage\":{\"@id\":\"https:\\\/\\\/wp.kristdemokraterna.se\\\/varnamo\\\/2004\\\/06\\\/04\\\/aterinfor-inforselkvoter-for-alkohol\\\/#primaryimage\"},\"image\":{\"@id\":\"https:\\\/\\\/wp.kristdemokraterna.se\\\/varnamo\\\/2004\\\/06\\\/04\\\/aterinfor-inforselkvoter-for-alkohol\\\/#primaryimage\"},\"thumbnailUrl\":\"https:\\\/\\\/wp.kristdemokraterna.se\\\/varnamo\\\/files\\\/2022\\\/08\\\/kd-logo-blue.png\",\"datePublished\":\"2004-06-03T22:44:00+00:00\",\"dateModified\":\"2015-07-12T16:54:35+00:00\",\"breadcrumb\":{\"@id\":\"https:\\\/\\\/wp.kristdemokraterna.se\\\/varnamo\\\/2004\\\/06\\\/04\\\/aterinfor-inforselkvoter-for-alkohol\\\/#breadcrumb\"},\"inLanguage\":\"sv-SE\",\"potentialAction\":[{\"@type\":\"ReadAction\",\"target\":[\"https:\\\/\\\/wp.kristdemokraterna.se\\\/varnamo\\\/2004\\\/06\\\/04\\\/aterinfor-inforselkvoter-for-alkohol\\\/\"]}]},{\"@type\":\"ImageObject\",\"inLanguage\":\"sv-SE\",\"@id\":\"https:\\\/\\\/wp.kristdemokraterna.se\\\/varnamo\\\/2004\\\/06\\\/04\\\/aterinfor-inforselkvoter-for-alkohol\\\/#primaryimage\",\"url\":\"https:\\\/\\\/wp.kristdemokraterna.se\\\/varnamo\\\/files\\\/2022\\\/08\\\/kd-logo-blue.png\",\"contentUrl\":\"https:\\\/\\\/wp.kristdemokraterna.se\\\/varnamo\\\/files\\\/2022\\\/08\\\/kd-logo-blue.png\",\"width\":2000,\"height\":2000,\"caption\":\"Kristdemokraternas logotyp\"},{\"@type\":\"BreadcrumbList\",\"@id\":\"https:\\\/\\\/wp.kristdemokraterna.se\\\/varnamo\\\/2004\\\/06\\\/04\\\/aterinfor-inforselkvoter-for-alkohol\\\/#breadcrumb\",\"itemListElement\":[{\"@type\":\"ListItem\",\"position\":1,\"name\":\"Hem\",\"item\":\"https:\\\/\\\/wp.kristdemokraterna.se\\\/varnamo\\\/\"},{\"@type\":\"ListItem\",\"position\":2,\"name\":\"\u00c5terinf\u00f6r inf\u00f6rselkvoter f\u00f6r alkohol\"}]},{\"@type\":\"WebSite\",\"@id\":\"https:\\\/\\\/wp.kristdemokraterna.se\\\/varnamo\\\/#website\",\"url\":\"https:\\\/\\\/wp.kristdemokraterna.se\\\/varnamo\\\/\",\"name\":\"KRISTDEMOKRATERNA V\u00c4RNAMO\",\"description\":\"Med hj\u00e4rta f\u00f6r V\u00e4rnamo\",\"publisher\":{\"@id\":\"https:\\\/\\\/wp.kristdemokraterna.se\\\/varnamo\\\/#organization\"},\"inLanguage\":\"sv-SE\"},{\"@type\":\"Organization\",\"@id\":\"https:\\\/\\\/wp.kristdemokraterna.se\\\/varnamo\\\/#organization\",\"name\":\"Kristdemokraterna V\u00e4rnamo\",\"url\":\"https:\\\/\\\/wp.kristdemokraterna.se\\\/varnamo\\\/\",\"logo\":{\"@type\":\"ImageObject\",\"inLanguage\":\"sv-SE\",\"@id\":\"https:\\\/\\\/wp.kristdemokraterna.se\\\/varnamo\\\/#\\\/schema\\\/logo\\\/image\\\/\",\"url\":\"https:\\\/\\\/wp.kristdemokraterna.se\\\/varnamo\\\/files\\\/2022\\\/08\\\/va\u2560ernamo-sida-bla-300dpi.png\",\"contentUrl\":\"https:\\\/\\\/wp.kristdemokraterna.se\\\/varnamo\\\/files\\\/2022\\\/08\\\/va\u2560ernamo-sida-bla-300dpi.png\",\"width\":1485,\"height\":681,\"caption\":\"Kristdemokraterna V\u00e4rnamo\"},\"image\":{\"@id\":\"https:\\\/\\\/wp.kristdemokraterna.se\\\/varnamo\\\/#\\\/schema\\\/logo\\\/image\\\/\"},\"sameAs\":[\"https:\\\/\\\/www.facebook.com\\\/KDVarnamo\\\/\",\"https:\\\/\\\/x.com\\\/KDVarnamo\",\"https:\\\/\\\/www.instagram.com\\\/\",\"https:\\\/\\\/www.youtube.com\\\/user\\\/studiokd\\\/videos\"]},{\"@type\":\"Person\",\"@id\":\"https:\\\/\\\/wp.kristdemokraterna.se\\\/varnamo\\\/#\\\/schema\\\/person\\\/4e339ab04d613699e4dfe80a994e01d4\",\"name\":\"Kristdemokraterna V\u00e4rnamo\",\"image\":{\"@type\":\"ImageObject\",\"inLanguage\":\"sv-SE\",\"@id\":\"https:\\\/\\\/secure.gravatar.com\\\/avatar\\\/c122e48c7723992af51eb155eeaa93db3c1fa324e3fc6ec45dd712c812809b5b?s=96&r=g\",\"url\":\"https:\\\/\\\/secure.gravatar.com\\\/avatar\\\/c122e48c7723992af51eb155eeaa93db3c1fa324e3fc6ec45dd712c812809b5b?s=96&r=g\",\"contentUrl\":\"https:\\\/\\\/secure.gravatar.com\\\/avatar\\\/c122e48c7723992af51eb155eeaa93db3c1fa324e3fc6ec45dd712c812809b5b?s=96&r=g\",\"caption\":\"Kristdemokraterna V\u00e4rnamo\"},\"description\":\"Familjens r\u00f6st\",\"sameAs\":[\"http:\\\/\\\/www.varnamo.kristdemokraterna.se\"],\"url\":\"https:\\\/\\\/wp.kristdemokraterna.se\\\/varnamo\\\/author\\\/varnamo\\\/\"}]}<\/script>\n<!-- \/ Yoast SEO plugin. -->","yoast_head_json":{"title":"\u00c5terinf\u00f6r inf\u00f6rselkvoter f\u00f6r alkohol - KRISTDEMOKRATERNA V\u00c4RNAMO","robots":{"index":"index","follow":"follow","max-snippet":"max-snippet:-1","max-image-preview":"max-image-preview:large","max-video-preview":"max-video-preview:-1"},"canonical":"https:\/\/wp.kristdemokraterna.se\/varnamo\/2004\/06\/04\/aterinfor-inforselkvoter-for-alkohol\/","og_locale":"sv_SE","og_type":"article","og_title":"\u00c5terinf\u00f6r inf\u00f6rselkvoter f\u00f6r alkohol - KRISTDEMOKRATERNA V\u00c4RNAMO","og_description":"Folkh\u00e4lsan m\u00e5ste s\u00e4ttas f\u00f6re franska b\u00f6nders intresse av att s\u00e4lja vin till svenska ungdomar. D\u00e4rf\u00f6r beh\u00f6ver Sverige nu ensidigt \u00e5terinf\u00f6ra inf\u00f6rselkvoter f\u00f6r alkohol. Det sa kristdemokraternas partiordf\u00f6rande G\u00f6ran H\u00e4gglund n\u00e4r han talade p\u00e5 Flanaden i V\u00e4rnamo i fredags.","og_url":"https:\/\/wp.kristdemokraterna.se\/varnamo\/2004\/06\/04\/aterinfor-inforselkvoter-for-alkohol\/","og_site_name":"KRISTDEMOKRATERNA V\u00c4RNAMO","article_publisher":"https:\/\/www.facebook.com\/KDVarnamo\/","article_published_time":"2004-06-03T22:44:00+00:00","article_modified_time":"2015-07-12T16:54:35+00:00","og_image":[{"url":"http:\/\/wp.kristdemokraterna.se\/varnamo\/files\/2010\/08\/goran_hagglund.jpg","type":"","width":"","height":""}],"author":"Kristdemokraterna V\u00e4rnamo","twitter_card":"summary_large_image","twitter_creator":"@KDVarnamo","twitter_site":"@KDVarnamo","twitter_misc":{"Skriven av":"Kristdemokraterna V\u00e4rnamo","Ber\u00e4knad l\u00e4stid":"2 minuter"},"schema":{"@context":"https:\/\/schema.org","@graph":[{"@type":"Article","@id":"https:\/\/wp.kristdemokraterna.se\/varnamo\/2004\/06\/04\/aterinfor-inforselkvoter-for-alkohol\/#article","isPartOf":{"@id":"https:\/\/wp.kristdemokraterna.se\/varnamo\/2004\/06\/04\/aterinfor-inforselkvoter-for-alkohol\/"},"author":{"name":"Kristdemokraterna V\u00e4rnamo","@id":"https:\/\/wp.kristdemokraterna.se\/varnamo\/#\/schema\/person\/4e339ab04d613699e4dfe80a994e01d4"},"headline":"\u00c5terinf\u00f6r inf\u00f6rselkvoter f\u00f6r alkohol","datePublished":"2004-06-03T22:44:00+00:00","dateModified":"2015-07-12T16:54:35+00:00","mainEntityOfPage":{"@id":"https:\/\/wp.kristdemokraterna.se\/varnamo\/2004\/06\/04\/aterinfor-inforselkvoter-for-alkohol\/"},"wordCount":336,"publisher":{"@id":"https:\/\/wp.kristdemokraterna.se\/varnamo\/#organization"},"image":{"@id":"https:\/\/wp.kristdemokraterna.se\/varnamo\/2004\/06\/04\/aterinfor-inforselkvoter-for-alkohol\/#primaryimage"},"thumbnailUrl":"https:\/\/wp.kristdemokraterna.se\/varnamo\/files\/2022\/08\/kd-logo-blue.png","keywords":["alkohol","EU","Europaparlamentet","folkh\u00e4lsa","G\u00f6ran H\u00e4gglund","partiledarbes\u00f6k","skatter","valr\u00f6relse"],"articleSection":["Nyheter"],"inLanguage":"sv-SE"},{"@type":"WebPage","@id":"https:\/\/wp.kristdemokraterna.se\/varnamo\/2004\/06\/04\/aterinfor-inforselkvoter-for-alkohol\/","url":"https:\/\/wp.kristdemokraterna.se\/varnamo\/2004\/06\/04\/aterinfor-inforselkvoter-for-alkohol\/","name":"\u00c5terinf\u00f6r inf\u00f6rselkvoter f\u00f6r alkohol - KRISTDEMOKRATERNA V\u00c4RNAMO","isPartOf":{"@id":"https:\/\/wp.kristdemokraterna.se\/varnamo\/#website"},"primaryImageOfPage":{"@id":"https:\/\/wp.kristdemokraterna.se\/varnamo\/2004\/06\/04\/aterinfor-inforselkvoter-for-alkohol\/#primaryimage"},"image":{"@id":"https:\/\/wp.kristdemokraterna.se\/varnamo\/2004\/06\/04\/aterinfor-inforselkvoter-for-alkohol\/#primaryimage"},"thumbnailUrl":"https:\/\/wp.kristdemokraterna.se\/varnamo\/files\/2022\/08\/kd-logo-blue.png","datePublished":"2004-06-03T22:44:00+00:00","dateModified":"2015-07-12T16:54:35+00:00","breadcrumb":{"@id":"https:\/\/wp.kristdemokraterna.se\/varnamo\/2004\/06\/04\/aterinfor-inforselkvoter-for-alkohol\/#breadcrumb"},"inLanguage":"sv-SE","potentialAction":[{"@type":"ReadAction","target":["https:\/\/wp.kristdemokraterna.se\/varnamo\/2004\/06\/04\/aterinfor-inforselkvoter-for-alkohol\/"]}]},{"@type":"ImageObject","inLanguage":"sv-SE","@id":"https:\/\/wp.kristdemokraterna.se\/varnamo\/2004\/06\/04\/aterinfor-inforselkvoter-for-alkohol\/#primaryimage","url":"https:\/\/wp.kristdemokraterna.se\/varnamo\/files\/2022\/08\/kd-logo-blue.png","contentUrl":"https:\/\/wp.kristdemokraterna.se\/varnamo\/files\/2022\/08\/kd-logo-blue.png","width":2000,"height":2000,"caption":"Kristdemokraternas logotyp"},{"@type":"BreadcrumbList","@id":"https:\/\/wp.kristdemokraterna.se\/varnamo\/2004\/06\/04\/aterinfor-inforselkvoter-for-alkohol\/#breadcrumb","itemListElement":[{"@type":"ListItem","position":1,"name":"Hem","item":"https:\/\/wp.kristdemokraterna.se\/varnamo\/"},{"@type":"ListItem","position":2,"name":"\u00c5terinf\u00f6r inf\u00f6rselkvoter f\u00f6r alkohol"}]},{"@type":"WebSite","@id":"https:\/\/wp.kristdemokraterna.se\/varnamo\/#website","url":"https:\/\/wp.kristdemokraterna.se\/varnamo\/","name":"KRISTDEMOKRATERNA V\u00c4RNAMO","description":"Med hj\u00e4rta f\u00f6r V\u00e4rnamo","publisher":{"@id":"https:\/\/wp.kristdemokraterna.se\/varnamo\/#organization"},"inLanguage":"sv-SE"},{"@type":"Organization","@id":"https:\/\/wp.kristdemokraterna.se\/varnamo\/#organization","name":"Kristdemokraterna V\u00e4rnamo","url":"https:\/\/wp.kristdemokraterna.se\/varnamo\/","logo":{"@type":"ImageObject","inLanguage":"sv-SE","@id":"https:\/\/wp.kristdemokraterna.se\/varnamo\/#\/schema\/logo\/image\/","url":"https:\/\/wp.kristdemokraterna.se\/varnamo\/files\/2022\/08\/va\u2560ernamo-sida-bla-300dpi.png","contentUrl":"https:\/\/wp.kristdemokraterna.se\/varnamo\/files\/2022\/08\/va\u2560ernamo-sida-bla-300dpi.png","width":1485,"height":681,"caption":"Kristdemokraterna V\u00e4rnamo"},"image":{"@id":"https:\/\/wp.kristdemokraterna.se\/varnamo\/#\/schema\/logo\/image\/"},"sameAs":["https:\/\/www.facebook.com\/KDVarnamo\/","https:\/\/x.com\/KDVarnamo","https:\/\/www.instagram.com\/","https:\/\/www.youtube.com\/user\/studiokd\/videos"]},{"@type":"Person","@id":"https:\/\/wp.kristdemokraterna.se\/varnamo\/#\/schema\/person\/4e339ab04d613699e4dfe80a994e01d4","name":"Kristdemokraterna V\u00e4rnamo","image":{"@type":"ImageObject","inLanguage":"sv-SE","@id":"https:\/\/secure.gravatar.com\/avatar\/c122e48c7723992af51eb155eeaa93db3c1fa324e3fc6ec45dd712c812809b5b?s=96&r=g","url":"https:\/\/secure.gravatar.com\/avatar\/c122e48c7723992af51eb155eeaa93db3c1fa324e3fc6ec45dd712c812809b5b?s=96&r=g","contentUrl":"https:\/\/secure.gravatar.com\/avatar\/c122e48c7723992af51eb155eeaa93db3c1fa324e3fc6ec45dd712c812809b5b?s=96&r=g","caption":"Kristdemokraterna V\u00e4rnamo"},"description":"Familjens r\u00f6st","sameAs":["http:\/\/www.varnamo.kristdemokraterna.se"],"url":"https:\/\/wp.kristdemokraterna.se\/varnamo\/author\/varnamo\/"}]}},"_links":{"self":[{"href":"https:\/\/wp.kristdemokraterna.se\/varnamo\/wp-json\/wp\/v2\/posts\/3441","targetHints":{"allow":["GET"]}}],"collection":[{"href":"https:\/\/wp.kristdemokraterna.se\/varnamo\/wp-json\/wp\/v2\/posts"}],"about":[{"href":"https:\/\/wp.kristdemokraterna.se\/varnamo\/wp-json\/wp\/v2\/types\/post"}],"author":[{"embeddable":true,"href":"https:\/\/wp.kristdemokraterna.se\/varnamo\/wp-json\/wp\/v2\/users\/412"}],"replies":[{"embeddable":true,"href":"https:\/\/wp.kristdemokraterna.se\/varnamo\/wp-json\/wp\/v2\/comments?post=3441"}],"version-history":[{"count":6,"href":"https:\/\/wp.kristdemokraterna.se\/varnamo\/wp-json\/wp\/v2\/posts\/3441\/revisions"}],"predecessor-version":[{"id":6793,"href":"https:\/\/wp.kristdemokraterna.se\/varnamo\/wp-json\/wp\/v2\/posts\/3441\/revisions\/6793"}],"wp:featuredmedia":[{"embeddable":true,"href":"https:\/\/wp.kristdemokraterna.se\/varnamo\/wp-json\/wp\/v2\/media\/9638"}],"wp:attachment":[{"href":"https:\/\/wp.kristdemokraterna.se\/varnamo\/wp-json\/wp\/v2\/media?parent=3441"}],"wp:term":[{"taxonomy":"category","embeddable":true,"href":"https:\/\/wp.kristdemokraterna.se\/varnamo\/wp-json\/wp\/v2\/categories?post=3441"},{"taxonomy":"post_tag","embeddable":true,"href":"https:\/\/wp.kristdemokraterna.se\/varnamo\/wp-json\/wp\/v2\/tags?post=3441"}],"curies":[{"name":"wp","href":"https:\/\/api.w.org\/{rel}","templated":true}]}}