{"id":3575,"date":"2009-02-06T13:16:20","date_gmt":"2009-02-06T12:16:20","guid":{"rendered":"http:\/\/wp.kristdemokraterna.se\/varnamo\/?p=3575"},"modified":"2015-07-10T18:47:37","modified_gmt":"2015-07-10T16:47:37","slug":"christer-fjordevik-ny-ordforande-efter-lars-ake-egerbo","status":"publish","type":"post","link":"https:\/\/wp.kristdemokraterna.se\/varnamo\/2009\/02\/06\/christer-fjordevik-ny-ordforande-efter-lars-ake-egerbo\/","title":{"rendered":"Christer Fjordevik ny ordf\u00f6rande efter Lars-\u00c5ke Egerbo"},"content":{"rendered":"<p>Fredagens \u00e5rsm\u00f6te med Kristdemokraterna V\u00e4rnamo bj\u00f6d p\u00e5 en stor \u00f6verraskning \u2013\u00a0ordf\u00f6randebyte. Efter en tid av sjukdom har Lars-\u00c5ke Egerbo beslutat att inte st\u00e4lla upp f\u00f6r omval som ordf\u00f6rande f\u00f6r Kristdemokraterna. \u00c5rsm\u00f6tet p\u00e5 V\u00e4rnamo Kompetens- och Utvecklingscentrum i Gummifabriken beslutade att i st\u00e4llet v\u00e4lja Christer Fjordevik till ny ordf\u00f6rande.<\/p>\n<p><!--more-->\u00c5rsm\u00f6tet inleddes med att utbildningschef Enik\u00f6 Ohlsson presenterade skolan, nuvarande samarbetspartner och p\u00e5g\u00e5ende utbildningar. D\u00e4refter var det dags f\u00f6r riksdagsledamot och distriktsordf\u00f6rande Irene Oskarsson, Aneby, som\u00a0 inspirerade \u00a0inf\u00f6r EU-valet den 7 juni och samtalade\u00a0 om aktuella fr\u00e5gor\u00a0 i riksdagsarbetet.<\/p>\n<p>Efter ett uppseendev\u00e4ckande extravagant fika tog Arnold Carlzon \u00f6ver klubban och inledde \u00e5rsm\u00f6tesf\u00f6rhandlingarna. I <a href=\"#1\">styrelsens verksamhetsber\u00e4ttelse<\/a> f\u00f6r \u00e5r 2008 kunde noteras att det har varit ett mellanvals\u00e5r med f\u00e5 aktiviteter. Vid \u00e5rsm\u00f6tet medverkade Emma Henriksson fr\u00e5n Tr\u00e5ngsund och Francis Brako som \u00e4r en mycket beg\u00e5vade street-dansare.<\/p>\n<p>Vitsippspriset tilldelades Lars Ericsson, K\u00e4rda, f\u00f6r hans ideella engagemang, inte minst julspelet p\u00e5 Flanaden.\u00a0Den 20 september reste vi till Markaryd d\u00e4r det kristdemokratiska kommunalr\u00e5det Bengt Germundsson tog emot och beskrev hur man arbetade i Markaryd.\u00a0H\u00f6stfesten gick av stapeln 7 november med distriktsombudsmannen Stina Sinclair som g\u00e4st. Den 6 december var vi ute p\u00e5 stan och bj\u00f6d p\u00e5 gl\u00f6gg och pepparkaka tillsammans med smeden Harald Bergstr\u00f6m.<\/p>\n<p>Efter att Arnold Carlzon avtackat Lars-\u00c5ke Egerbo f\u00f6r hans tid som ordf\u00f6rande valde \u00e5rsm\u00f6tet Christer Fjordevik.till ordf\u00f6rande \u00e5r 2009. Till ledam\u00f6ter i styrelsen till och med \u00e5r 2010 valdes Gunnar Crona (kass\u00f6r),\u00a0Lars-\u00c5ke Egerbo,\u00a0Peter Johnsson,\u00a0H\u00e5kan Johansson,\u00a0Mario Mikulic (vice ordf\u00f6rande) och\u00a0Gunnel\u00a0 Youngstr\u00f6m.<\/p>\n<p>Kvarst\u00e5ende ledam\u00f6ter f\u00f6r \u00e5r 2009 \u00e4r\u00a0Arnold Carlzon,\u00a0Christer Fjordevik,\u00a0Ingeborg Lindgren,\u00a0Camilla Rinaldo Miller,\u00a0Margareta Lindahl (sekreterare) och\u00a0Kerstin Sneath.<\/p>\n<p>Till ers\u00e4ttare f\u00f6r \u00e5r 2009 valdes\u00a0Ibrahim Candemir,\u00a0\u00c5ke Bengtsson,\u00a0Leif B\u00e4ckrud,\u00a0Xhilda Bushati,\u00a0Torbj\u00f6rn Eriksson,\u00a0Lena Freij och\u00a0Karin Rylander.<\/p>\n<p>Till revisorer valdes Donald Crona och Lennart Swerlander, med\u00a0Bengt Sandolf och Leif Westman som ers\u00e4ttare.<\/p>\n\n\t\t<style type=\"text\/css\">\n\t\t\t#gallery-1 {\n\t\t\t\tmargin: auto;\n\t\t\t}\n\t\t\t#gallery-1 .gallery-item {\n\t\t\t\tfloat: left;\n\t\t\t\tmargin-top: 10px;\n\t\t\t\ttext-align: center;\n\t\t\t\twidth: 33%;\n\t\t\t}\n\t\t\t#gallery-1 img {\n\t\t\t\tborder: 2px solid #cfcfcf;\n\t\t\t}\n\t\t\t#gallery-1 .gallery-caption {\n\t\t\t\tmargin-left: 0;\n\t\t\t}\n\t\t\t\/* see gallery_shortcode() in wp-includes\/media.php *\/\n\t\t<\/style>\n\t\t<div id='gallery-1' class='gallery galleryid-3575 gallery-columns-3 gallery-size-thumbnail'><dl class='gallery-item'>\n\t\t\t<dt class='gallery-icon landscape'>\n\t\t\t\t<a href='https:\/\/wp.kristdemokraterna.se\/varnamo\/2009\/02\/06\/christer-fjordevik-ny-ordforande-efter-lars-ake-egerbo\/20090206-arsmote-arnoldcarlzon-larsakeegerbo\/'><img loading=\"lazy\" decoding=\"async\" width=\"150\" height=\"150\" src=\"https:\/\/wp.kristdemokraterna.se\/varnamo\/files\/2013\/11\/20090206_Arsmote_ArnoldCarlzon_LarsAkeEgerbo-150x150.png\" class=\"attachment-thumbnail size-thumbnail\" alt=\"Arnold Carlzon tackar Lars-\u00c5ke Egerbo f\u00f6r hans tid som ordf\u00f6rande f\u00f6r Kristdemokraterna V\u00e4rnamo. (Foto: H\u00e5kan Johansson)\" aria-describedby=\"gallery-1-3576\" \/><\/a>\n\t\t\t<\/dt>\n\t\t\t\t<dd class='wp-caption-text gallery-caption' id='gallery-1-3576'>\n\t\t\t\tArnold Carlzon tackar Lars-\u00c5ke Egerbo f\u00f6r hans tid som ordf\u00f6rande f\u00f6r Kristdemokraterna V\u00e4rnamo. (Foto: H\u00e5kan Johansson)\n\t\t\t\t<\/dd><\/dl><dl class='gallery-item'>\n\t\t\t<dt class='gallery-icon landscape'>\n\t\t\t\t<a href='https:\/\/wp.kristdemokraterna.se\/varnamo\/2009\/02\/06\/christer-fjordevik-ny-ordforande-efter-lars-ake-egerbo\/20090206-arsmote-larsakeegerbo-ireneoskarsson\/'><img loading=\"lazy\" decoding=\"async\" width=\"150\" height=\"150\" src=\"https:\/\/wp.kristdemokraterna.se\/varnamo\/files\/2013\/11\/20090206_Arsmote_LarsAkeEgerbo_IreneOskarsson-150x150.png\" class=\"attachment-thumbnail size-thumbnail\" alt=\"Lars-\u00c5ke Egerbo tackar Irene Oskarsson f\u00f6r hennes medverkan vid Kristdemokraternas \u00e5rsm\u00f6te. (Foto: H\u00e5kan Johansson)\" aria-describedby=\"gallery-1-3578\" \/><\/a>\n\t\t\t<\/dt>\n\t\t\t\t<dd class='wp-caption-text gallery-caption' id='gallery-1-3578'>\n\t\t\t\tLars-\u00c5ke Egerbo tackar Irene Oskarsson f\u00f6r hennes medverkan vid Kristdemokraternas \u00e5rsm\u00f6te. (Foto: H\u00e5kan Johansson)\n\t\t\t\t<\/dd><\/dl><dl class='gallery-item'>\n\t\t\t<dt class='gallery-icon portrait'>\n\t\t\t\t<a href='https:\/\/wp.kristdemokraterna.se\/varnamo\/2009\/02\/06\/christer-fjordevik-ny-ordforande-efter-lars-ake-egerbo\/20090206-arsmote-christerfjordevik\/'><img loading=\"lazy\" decoding=\"async\" width=\"150\" height=\"150\" src=\"https:\/\/wp.kristdemokraterna.se\/varnamo\/files\/2013\/11\/20090206_Arsmote_ChristerFjordevik-150x150.png\" class=\"attachment-thumbnail size-thumbnail\" alt=\"Christer Fjordevik ny ordf\u00f6rande f\u00f6r Kristdemokraterna i V\u00e4rnamo. (Foto: H\u00e5kan Johansson)\" aria-describedby=\"gallery-1-3577\" \/><\/a>\n\t\t\t<\/dt>\n\t\t\t\t<dd class='wp-caption-text gallery-caption' id='gallery-1-3577'>\n\t\t\t\tChrister Fjordevik ny ordf\u00f6rande f\u00f6r Kristdemokraterna i V\u00e4rnamo. (Foto: H\u00e5kan Johansson)\n\t\t\t\t<\/dd><\/dl><br style=\"clear: both\" \/>\n\t\t<\/div>\n\n<h1 id=\"1\">Verksamhetsber\u00e4ttelse f\u00f6r Kristdemokraterna i V\u00e4rnamo kommun verksamhets\u00e5ret 2008<\/h1>\n<p>2008 var liksom fjol\u00e5ret ett mellanvals\u00e5r vilket ocks\u00e5 kan avl\u00e4sas i aktivitetsgraden n\u00e4r det g\u00e4ller ut\u00e5triktade insatser under \u00e5ret, som framg\u00e5r av nedanst\u00e5ende ber\u00e4ttelse. Styrelsen fick mot slutet av \u00e5ret en jobspost d\u00e5 ordf\u00f6randen Lars-\u00c5ke Egerbo p\u00e5 grund av sjukdom tvingades att med omedelbar verkan avs\u00e4ga sig uppdraget. Vice ordf\u00f6randen Mario Mikulic hade inga m\u00f6jligheter att ta \u00f6ver p\u00e5 grund av byte av arbete och \u00e4ndrade arbetstider. Styrelsen har \u00e4nd\u00e5 samlats och l\u00f6st ordf\u00f6randefr\u00e5gan tillf\u00e4lligt vid varje sammantr\u00e4de.<\/p>\n<p>\u00c5rsm\u00f6tet hade vi i John Bauergymnasiets matsal den 4 februari. Riksdagsledamoten Emma Henriksson, Tr\u00e5ngsund, h\u00f6ll ett intressant anf\u00f6rande om ungdomars uppv\u00e4xtvillkor. Dansaren och eleven vid John Bauerskolan, Francis Brako, bj\u00f6d p\u00e5 en medryckande uppvisning i hiphopdans.<\/p>\n<p>\u00c5rets vitsippspris tilldelades Lars Ericsson, K\u00e4rda, f\u00f6r hans ideella engagemang som drivande id\u00e9spruta och inspirat\u00f6r f\u00f6r K\u00e4rda Alliansf\u00f6rsamlings Julspel p\u00e5 Flanaden och ute i ladan i K\u00e4rda men ocks\u00e5 hemsidan om Mormor p\u00e5 Herrestad. Inte minst julspelet r\u00f6ner en oerh\u00f6rt stor uppskattning fr\u00e5n allm\u00e4nheten.<\/p>\n<p>En gemensam alliansdag h\u00f6lls p\u00e5 Bruno Mattsons plats den 31 maj. Flygblad utdelades och v\u00e5fflor serverades, bakade av seniorerna.<\/p>\n<p>Den 20 september gjordes en medlemsresa till Markaryd d\u00e4r det kristdemokratiska kommunalr\u00e5det Bengt Germundsson tog emot och beskrev hur man arbetade i Markaryd.<\/p>\n<p>H\u00f6stfesten gick av stapeln p\u00e5 Ludd\u00f6 den 7 november. Som g\u00e4sttalare medverkade ombudsmannen Stina Sinclair.<\/p>\n<p>Den 6 december var vi ute p\u00e5 stan och bj\u00f6d p\u00e5 gl\u00f6gg och pepparkaka. Harald Bergstr\u00f6m, smeden och f d riksdagsledamoten f\u00f6r kristdemokraterna, smidde kapsyl\u00f6ppnare, en aktivitet som lockade m\u00e5ngas nyfikenhet.<\/p>\n<p>Under \u00e5ret har ocks\u00e5 genomf\u00f6rts en noggrann uppdatering av medlemsregistret vilket inneb\u00e4r att antalet medlemmar nu \u00e4r 281. Det betyder att avdelningen nu f\u00f6r f\u00f6rsta g\u00e5ngen p\u00e5 m\u00e5nga \u00e5r \u00e4r under 300 medlemmar. En medlemsminskning ska uppfattas som en utmaning att ta nya tag f\u00f6r att under kommande \u00e5r mer aktivt arbeta f\u00f6r medlemsrekrytering.<\/p>\n<p>P\u00e5 styrelsens uppdrag<\/p>\n<p style=\"text-align: right\"><em>Christer Fjordevik<\/em><\/p>\n","protected":false},"excerpt":{"rendered":"<p>Fredagens \u00e5rsm\u00f6te med Kristdemokraterna V\u00e4rnamo bj\u00f6d p\u00e5 en stor \u00f6verraskning \u2013\u00a0ordf\u00f6randebyte. Efter en tid av sjukdom har Lars-\u00c5ke Egerbo beslutat att inte st\u00e4lla upp f\u00f6r omval som ordf\u00f6rande f\u00f6r Kristdemokraterna. \u00c5rsm\u00f6tet p\u00e5 V\u00e4rnamo Kompetens- och Utvecklingscentrum i Gummifabriken beslutade att i st\u00e4llet v\u00e4lja Christer Fjordevik till ny ordf\u00f6rande.<\/p>\n","protected":false},"author":412,"featured_media":3577,"comment_status":"closed","ping_status":"closed","sticky":false,"template":"","format":"standard","meta":{"_acf_changed":false,"footnotes":""},"categories":[15],"tags":[330,22,430,250,21,24,125,435,413,109,25,86,23,307,88,119,74,114,237,111,90,385,91,141,110,85,92,63,46,71,87,62,255,89],"class_list":["post-3575","post","type-post","status-publish","format-standard","hentry","category-arsmote","tag-ake-bengtsson","tag-arnold-carlzon","tag-bengt-germundsson","tag-bengt-sandolf","tag-camilla-rinaldo-miller","tag-christer-fjordevik","tag-donald-crona","tag-emma-henriksson","tag-eu","tag-gummifabriken","tag-gunnar-crona","tag-gunnel-youngstrom","tag-hakan-johansson","tag-harald-bergstrom","tag-ibrahim-candemir","tag-ingeborg-lindgren","tag-irene-oskarsson","tag-karin-rylander","tag-kerstin-sneath","tag-lars-ake-egerbo","tag-leif-backrud","tag-leif-westman","tag-lena-freij","tag-lennart-swerlander","tag-margareta-lindahl","tag-mario-mikulic","tag-peter-johnsson","tag-riksdagen","tag-riksdagsledamot","tag-stina-sinclair","tag-torbjorn-eriksson","tag-valrorelse","tag-verksamhetsberattelse","tag-xhilda-bushati"],"acf":[],"yoast_head":"<!-- This site is optimized with the Yoast SEO plugin v27.4 - https:\/\/yoast.com\/product\/yoast-seo-wordpress\/ -->\n<title>Christer Fjordevik ny ordf\u00f6rande efter Lars-\u00c5ke Egerbo - KRISTDEMOKRATERNA V\u00c4RNAMO<\/title>\n<meta name=\"robots\" content=\"index, follow, max-snippet:-1, max-image-preview:large, max-video-preview:-1\" \/>\n<link rel=\"canonical\" href=\"https:\/\/wp.kristdemokraterna.se\/varnamo\/2009\/02\/06\/christer-fjordevik-ny-ordforande-efter-lars-ake-egerbo\/\" \/>\n<meta property=\"og:locale\" content=\"sv_SE\" \/>\n<meta property=\"og:type\" content=\"article\" \/>\n<meta property=\"og:title\" content=\"Christer Fjordevik ny ordf\u00f6rande efter Lars-\u00c5ke Egerbo - KRISTDEMOKRATERNA V\u00c4RNAMO\" \/>\n<meta property=\"og:description\" content=\"Fredagens \u00e5rsm\u00f6te med Kristdemokraterna V\u00e4rnamo bj\u00f6d p\u00e5 en stor \u00f6verraskning \u2013\u00a0ordf\u00f6randebyte. Efter en tid av sjukdom har Lars-\u00c5ke Egerbo beslutat att inte st\u00e4lla upp f\u00f6r omval som ordf\u00f6rande f\u00f6r Kristdemokraterna. \u00c5rsm\u00f6tet p\u00e5 V\u00e4rnamo Kompetens- och Utvecklingscentrum i Gummifabriken beslutade att i st\u00e4llet v\u00e4lja Christer Fjordevik till ny ordf\u00f6rande.\" \/>\n<meta property=\"og:url\" content=\"https:\/\/wp.kristdemokraterna.se\/varnamo\/2009\/02\/06\/christer-fjordevik-ny-ordforande-efter-lars-ake-egerbo\/\" \/>\n<meta property=\"og:site_name\" content=\"KRISTDEMOKRATERNA V\u00c4RNAMO\" \/>\n<meta property=\"article:publisher\" content=\"https:\/\/www.facebook.com\/KDVarnamo\/\" \/>\n<meta property=\"article:published_time\" content=\"2009-02-06T12:16:20+00:00\" \/>\n<meta property=\"article:modified_time\" content=\"2015-07-10T16:47:37+00:00\" \/>\n<meta property=\"og:image\" content=\"https:\/\/wp.kristdemokraterna.se\/varnamo\/files\/2013\/11\/20090206_Arsmote_ChristerFjordevik.png\" \/>\n\t<meta property=\"og:image:width\" content=\"369\" \/>\n\t<meta property=\"og:image:height\" content=\"492\" \/>\n\t<meta property=\"og:image:type\" content=\"image\/png\" \/>\n<meta name=\"author\" content=\"Kristdemokraterna V\u00e4rnamo\" \/>\n<meta name=\"twitter:card\" content=\"summary_large_image\" \/>\n<meta name=\"twitter:creator\" content=\"@KDVarnamo\" \/>\n<meta name=\"twitter:site\" content=\"@KDVarnamo\" \/>\n<meta name=\"twitter:label1\" content=\"Skriven av\" \/>\n\t<meta name=\"twitter:data1\" content=\"Kristdemokraterna V\u00e4rnamo\" \/>\n\t<meta name=\"twitter:label2\" content=\"Ber\u00e4knad l\u00e4stid\" \/>\n\t<meta name=\"twitter:data2\" content=\"4 minuter\" \/>\n<script type=\"application\/ld+json\" class=\"yoast-schema-graph\">{\"@context\":\"https:\\\/\\\/schema.org\",\"@graph\":[{\"@type\":\"Article\",\"@id\":\"https:\\\/\\\/wp.kristdemokraterna.se\\\/varnamo\\\/2009\\\/02\\\/06\\\/christer-fjordevik-ny-ordforande-efter-lars-ake-egerbo\\\/#article\",\"isPartOf\":{\"@id\":\"https:\\\/\\\/wp.kristdemokraterna.se\\\/varnamo\\\/2009\\\/02\\\/06\\\/christer-fjordevik-ny-ordforande-efter-lars-ake-egerbo\\\/\"},\"author\":{\"name\":\"Kristdemokraterna V\u00e4rnamo\",\"@id\":\"https:\\\/\\\/wp.kristdemokraterna.se\\\/varnamo\\\/#\\\/schema\\\/person\\\/4e339ab04d613699e4dfe80a994e01d4\"},\"headline\":\"Christer Fjordevik ny ordf\u00f6rande efter Lars-\u00c5ke Egerbo\",\"datePublished\":\"2009-02-06T12:16:20+00:00\",\"dateModified\":\"2015-07-10T16:47:37+00:00\",\"mainEntityOfPage\":{\"@id\":\"https:\\\/\\\/wp.kristdemokraterna.se\\\/varnamo\\\/2009\\\/02\\\/06\\\/christer-fjordevik-ny-ordforande-efter-lars-ake-egerbo\\\/\"},\"wordCount\":735,\"publisher\":{\"@id\":\"https:\\\/\\\/wp.kristdemokraterna.se\\\/varnamo\\\/#organization\"},\"image\":{\"@id\":\"https:\\\/\\\/wp.kristdemokraterna.se\\\/varnamo\\\/2009\\\/02\\\/06\\\/christer-fjordevik-ny-ordforande-efter-lars-ake-egerbo\\\/#primaryimage\"},\"thumbnailUrl\":\"https:\\\/\\\/wp.kristdemokraterna.se\\\/varnamo\\\/files\\\/2013\\\/11\\\/20090206_Arsmote_ChristerFjordevik.png\",\"keywords\":[\"\u00c5ke Bengtsson\",\"Arnold Carlzon\",\"Bengt Germundsson\",\"Bengt Sandolf\",\"Camilla Rinaldo Miller\",\"Christer Fjordevik\",\"Donald Crona\",\"Emma Henriksson\",\"EU\",\"Gummifabriken\",\"Gunnar Crona\",\"Gunnel Youngstr\u00f6m\",\"H\u00e5kan Johansson\",\"Harald Bergstr\u00f6m\",\"Ibrahim Candemir\",\"Ingeborg Lindgren\",\"Irene Oskarsson\",\"Karin Rylander\",\"Kerstin Sneath\",\"Lars-\u00c5ke Egerbo\",\"Leif B\u00e4ckrud\",\"Leif Westman\",\"Lena Freij\",\"Lennart Swerlander\",\"Margareta Lindahl\",\"Mario Mikulic\",\"Peter Johnsson\",\"riksdagen\",\"riksdagsledamot\",\"Stina Sinclair\",\"Torbj\u00f6rn Eriksson\",\"valr\u00f6relse\",\"verksamhetsber\u00e4ttelse\",\"Xhilda Bushati\"],\"articleSection\":[\"\u00c5rsm\u00f6te\"],\"inLanguage\":\"sv-SE\"},{\"@type\":\"WebPage\",\"@id\":\"https:\\\/\\\/wp.kristdemokraterna.se\\\/varnamo\\\/2009\\\/02\\\/06\\\/christer-fjordevik-ny-ordforande-efter-lars-ake-egerbo\\\/\",\"url\":\"https:\\\/\\\/wp.kristdemokraterna.se\\\/varnamo\\\/2009\\\/02\\\/06\\\/christer-fjordevik-ny-ordforande-efter-lars-ake-egerbo\\\/\",\"name\":\"Christer Fjordevik ny ordf\u00f6rande efter Lars-\u00c5ke Egerbo - KRISTDEMOKRATERNA V\u00c4RNAMO\",\"isPartOf\":{\"@id\":\"https:\\\/\\\/wp.kristdemokraterna.se\\\/varnamo\\\/#website\"},\"primaryImageOfPage\":{\"@id\":\"https:\\\/\\\/wp.kristdemokraterna.se\\\/varnamo\\\/2009\\\/02\\\/06\\\/christer-fjordevik-ny-ordforande-efter-lars-ake-egerbo\\\/#primaryimage\"},\"image\":{\"@id\":\"https:\\\/\\\/wp.kristdemokraterna.se\\\/varnamo\\\/2009\\\/02\\\/06\\\/christer-fjordevik-ny-ordforande-efter-lars-ake-egerbo\\\/#primaryimage\"},\"thumbnailUrl\":\"https:\\\/\\\/wp.kristdemokraterna.se\\\/varnamo\\\/files\\\/2013\\\/11\\\/20090206_Arsmote_ChristerFjordevik.png\",\"datePublished\":\"2009-02-06T12:16:20+00:00\",\"dateModified\":\"2015-07-10T16:47:37+00:00\",\"breadcrumb\":{\"@id\":\"https:\\\/\\\/wp.kristdemokraterna.se\\\/varnamo\\\/2009\\\/02\\\/06\\\/christer-fjordevik-ny-ordforande-efter-lars-ake-egerbo\\\/#breadcrumb\"},\"inLanguage\":\"sv-SE\",\"potentialAction\":[{\"@type\":\"ReadAction\",\"target\":[\"https:\\\/\\\/wp.kristdemokraterna.se\\\/varnamo\\\/2009\\\/02\\\/06\\\/christer-fjordevik-ny-ordforande-efter-lars-ake-egerbo\\\/\"]}]},{\"@type\":\"ImageObject\",\"inLanguage\":\"sv-SE\",\"@id\":\"https:\\\/\\\/wp.kristdemokraterna.se\\\/varnamo\\\/2009\\\/02\\\/06\\\/christer-fjordevik-ny-ordforande-efter-lars-ake-egerbo\\\/#primaryimage\",\"url\":\"https:\\\/\\\/wp.kristdemokraterna.se\\\/varnamo\\\/files\\\/2013\\\/11\\\/20090206_Arsmote_ChristerFjordevik.png\",\"contentUrl\":\"https:\\\/\\\/wp.kristdemokraterna.se\\\/varnamo\\\/files\\\/2013\\\/11\\\/20090206_Arsmote_ChristerFjordevik.png\",\"width\":369,\"height\":492,\"caption\":\"Christer Fjordevik ny ordf\u00f6rande f\u00f6r Kristdemokraterna i V\u00e4rnamo. (Foto: H\u00e5kan Johansson)\"},{\"@type\":\"BreadcrumbList\",\"@id\":\"https:\\\/\\\/wp.kristdemokraterna.se\\\/varnamo\\\/2009\\\/02\\\/06\\\/christer-fjordevik-ny-ordforande-efter-lars-ake-egerbo\\\/#breadcrumb\",\"itemListElement\":[{\"@type\":\"ListItem\",\"position\":1,\"name\":\"Hem\",\"item\":\"https:\\\/\\\/wp.kristdemokraterna.se\\\/varnamo\\\/\"},{\"@type\":\"ListItem\",\"position\":2,\"name\":\"Christer Fjordevik ny ordf\u00f6rande efter Lars-\u00c5ke Egerbo\"}]},{\"@type\":\"WebSite\",\"@id\":\"https:\\\/\\\/wp.kristdemokraterna.se\\\/varnamo\\\/#website\",\"url\":\"https:\\\/\\\/wp.kristdemokraterna.se\\\/varnamo\\\/\",\"name\":\"KRISTDEMOKRATERNA V\u00c4RNAMO\",\"description\":\"Med hj\u00e4rta f\u00f6r V\u00e4rnamo\",\"publisher\":{\"@id\":\"https:\\\/\\\/wp.kristdemokraterna.se\\\/varnamo\\\/#organization\"},\"inLanguage\":\"sv-SE\"},{\"@type\":\"Organization\",\"@id\":\"https:\\\/\\\/wp.kristdemokraterna.se\\\/varnamo\\\/#organization\",\"name\":\"Kristdemokraterna V\u00e4rnamo\",\"url\":\"https:\\\/\\\/wp.kristdemokraterna.se\\\/varnamo\\\/\",\"logo\":{\"@type\":\"ImageObject\",\"inLanguage\":\"sv-SE\",\"@id\":\"https:\\\/\\\/wp.kristdemokraterna.se\\\/varnamo\\\/#\\\/schema\\\/logo\\\/image\\\/\",\"url\":\"https:\\\/\\\/wp.kristdemokraterna.se\\\/varnamo\\\/files\\\/2022\\\/08\\\/va\u2560ernamo-sida-bla-300dpi.png\",\"contentUrl\":\"https:\\\/\\\/wp.kristdemokraterna.se\\\/varnamo\\\/files\\\/2022\\\/08\\\/va\u2560ernamo-sida-bla-300dpi.png\",\"width\":1485,\"height\":681,\"caption\":\"Kristdemokraterna V\u00e4rnamo\"},\"image\":{\"@id\":\"https:\\\/\\\/wp.kristdemokraterna.se\\\/varnamo\\\/#\\\/schema\\\/logo\\\/image\\\/\"},\"sameAs\":[\"https:\\\/\\\/www.facebook.com\\\/KDVarnamo\\\/\",\"https:\\\/\\\/x.com\\\/KDVarnamo\",\"https:\\\/\\\/www.instagram.com\\\/\",\"https:\\\/\\\/www.youtube.com\\\/user\\\/studiokd\\\/videos\"]},{\"@type\":\"Person\",\"@id\":\"https:\\\/\\\/wp.kristdemokraterna.se\\\/varnamo\\\/#\\\/schema\\\/person\\\/4e339ab04d613699e4dfe80a994e01d4\",\"name\":\"Kristdemokraterna V\u00e4rnamo\",\"image\":{\"@type\":\"ImageObject\",\"inLanguage\":\"sv-SE\",\"@id\":\"https:\\\/\\\/secure.gravatar.com\\\/avatar\\\/c122e48c7723992af51eb155eeaa93db3c1fa324e3fc6ec45dd712c812809b5b?s=96&r=g\",\"url\":\"https:\\\/\\\/secure.gravatar.com\\\/avatar\\\/c122e48c7723992af51eb155eeaa93db3c1fa324e3fc6ec45dd712c812809b5b?s=96&r=g\",\"contentUrl\":\"https:\\\/\\\/secure.gravatar.com\\\/avatar\\\/c122e48c7723992af51eb155eeaa93db3c1fa324e3fc6ec45dd712c812809b5b?s=96&r=g\",\"caption\":\"Kristdemokraterna V\u00e4rnamo\"},\"description\":\"Familjens r\u00f6st\",\"sameAs\":[\"http:\\\/\\\/www.varnamo.kristdemokraterna.se\"],\"url\":\"https:\\\/\\\/wp.kristdemokraterna.se\\\/varnamo\\\/author\\\/varnamo\\\/\"}]}<\/script>\n<!-- \/ Yoast SEO plugin. -->","yoast_head_json":{"title":"Christer Fjordevik ny ordf\u00f6rande efter Lars-\u00c5ke Egerbo - KRISTDEMOKRATERNA V\u00c4RNAMO","robots":{"index":"index","follow":"follow","max-snippet":"max-snippet:-1","max-image-preview":"max-image-preview:large","max-video-preview":"max-video-preview:-1"},"canonical":"https:\/\/wp.kristdemokraterna.se\/varnamo\/2009\/02\/06\/christer-fjordevik-ny-ordforande-efter-lars-ake-egerbo\/","og_locale":"sv_SE","og_type":"article","og_title":"Christer Fjordevik ny ordf\u00f6rande efter Lars-\u00c5ke Egerbo - KRISTDEMOKRATERNA V\u00c4RNAMO","og_description":"Fredagens \u00e5rsm\u00f6te med Kristdemokraterna V\u00e4rnamo bj\u00f6d p\u00e5 en stor \u00f6verraskning \u2013\u00a0ordf\u00f6randebyte. Efter en tid av sjukdom har Lars-\u00c5ke Egerbo beslutat att inte st\u00e4lla upp f\u00f6r omval som ordf\u00f6rande f\u00f6r Kristdemokraterna. \u00c5rsm\u00f6tet p\u00e5 V\u00e4rnamo Kompetens- och Utvecklingscentrum i Gummifabriken beslutade att i st\u00e4llet v\u00e4lja Christer Fjordevik till ny ordf\u00f6rande.","og_url":"https:\/\/wp.kristdemokraterna.se\/varnamo\/2009\/02\/06\/christer-fjordevik-ny-ordforande-efter-lars-ake-egerbo\/","og_site_name":"KRISTDEMOKRATERNA V\u00c4RNAMO","article_publisher":"https:\/\/www.facebook.com\/KDVarnamo\/","article_published_time":"2009-02-06T12:16:20+00:00","article_modified_time":"2015-07-10T16:47:37+00:00","og_image":[{"width":369,"height":492,"url":"https:\/\/wp.kristdemokraterna.se\/varnamo\/files\/2013\/11\/20090206_Arsmote_ChristerFjordevik.png","type":"image\/png"}],"author":"Kristdemokraterna V\u00e4rnamo","twitter_card":"summary_large_image","twitter_creator":"@KDVarnamo","twitter_site":"@KDVarnamo","twitter_misc":{"Skriven av":"Kristdemokraterna V\u00e4rnamo","Ber\u00e4knad l\u00e4stid":"4 minuter"},"schema":{"@context":"https:\/\/schema.org","@graph":[{"@type":"Article","@id":"https:\/\/wp.kristdemokraterna.se\/varnamo\/2009\/02\/06\/christer-fjordevik-ny-ordforande-efter-lars-ake-egerbo\/#article","isPartOf":{"@id":"https:\/\/wp.kristdemokraterna.se\/varnamo\/2009\/02\/06\/christer-fjordevik-ny-ordforande-efter-lars-ake-egerbo\/"},"author":{"name":"Kristdemokraterna V\u00e4rnamo","@id":"https:\/\/wp.kristdemokraterna.se\/varnamo\/#\/schema\/person\/4e339ab04d613699e4dfe80a994e01d4"},"headline":"Christer Fjordevik ny ordf\u00f6rande efter Lars-\u00c5ke Egerbo","datePublished":"2009-02-06T12:16:20+00:00","dateModified":"2015-07-10T16:47:37+00:00","mainEntityOfPage":{"@id":"https:\/\/wp.kristdemokraterna.se\/varnamo\/2009\/02\/06\/christer-fjordevik-ny-ordforande-efter-lars-ake-egerbo\/"},"wordCount":735,"publisher":{"@id":"https:\/\/wp.kristdemokraterna.se\/varnamo\/#organization"},"image":{"@id":"https:\/\/wp.kristdemokraterna.se\/varnamo\/2009\/02\/06\/christer-fjordevik-ny-ordforande-efter-lars-ake-egerbo\/#primaryimage"},"thumbnailUrl":"https:\/\/wp.kristdemokraterna.se\/varnamo\/files\/2013\/11\/20090206_Arsmote_ChristerFjordevik.png","keywords":["\u00c5ke Bengtsson","Arnold Carlzon","Bengt Germundsson","Bengt Sandolf","Camilla Rinaldo Miller","Christer Fjordevik","Donald Crona","Emma Henriksson","EU","Gummifabriken","Gunnar Crona","Gunnel Youngstr\u00f6m","H\u00e5kan Johansson","Harald Bergstr\u00f6m","Ibrahim Candemir","Ingeborg Lindgren","Irene Oskarsson","Karin Rylander","Kerstin Sneath","Lars-\u00c5ke Egerbo","Leif B\u00e4ckrud","Leif Westman","Lena Freij","Lennart Swerlander","Margareta Lindahl","Mario Mikulic","Peter Johnsson","riksdagen","riksdagsledamot","Stina Sinclair","Torbj\u00f6rn Eriksson","valr\u00f6relse","verksamhetsber\u00e4ttelse","Xhilda Bushati"],"articleSection":["\u00c5rsm\u00f6te"],"inLanguage":"sv-SE"},{"@type":"WebPage","@id":"https:\/\/wp.kristdemokraterna.se\/varnamo\/2009\/02\/06\/christer-fjordevik-ny-ordforande-efter-lars-ake-egerbo\/","url":"https:\/\/wp.kristdemokraterna.se\/varnamo\/2009\/02\/06\/christer-fjordevik-ny-ordforande-efter-lars-ake-egerbo\/","name":"Christer Fjordevik ny ordf\u00f6rande efter Lars-\u00c5ke Egerbo - KRISTDEMOKRATERNA V\u00c4RNAMO","isPartOf":{"@id":"https:\/\/wp.kristdemokraterna.se\/varnamo\/#website"},"primaryImageOfPage":{"@id":"https:\/\/wp.kristdemokraterna.se\/varnamo\/2009\/02\/06\/christer-fjordevik-ny-ordforande-efter-lars-ake-egerbo\/#primaryimage"},"image":{"@id":"https:\/\/wp.kristdemokraterna.se\/varnamo\/2009\/02\/06\/christer-fjordevik-ny-ordforande-efter-lars-ake-egerbo\/#primaryimage"},"thumbnailUrl":"https:\/\/wp.kristdemokraterna.se\/varnamo\/files\/2013\/11\/20090206_Arsmote_ChristerFjordevik.png","datePublished":"2009-02-06T12:16:20+00:00","dateModified":"2015-07-10T16:47:37+00:00","breadcrumb":{"@id":"https:\/\/wp.kristdemokraterna.se\/varnamo\/2009\/02\/06\/christer-fjordevik-ny-ordforande-efter-lars-ake-egerbo\/#breadcrumb"},"inLanguage":"sv-SE","potentialAction":[{"@type":"ReadAction","target":["https:\/\/wp.kristdemokraterna.se\/varnamo\/2009\/02\/06\/christer-fjordevik-ny-ordforande-efter-lars-ake-egerbo\/"]}]},{"@type":"ImageObject","inLanguage":"sv-SE","@id":"https:\/\/wp.kristdemokraterna.se\/varnamo\/2009\/02\/06\/christer-fjordevik-ny-ordforande-efter-lars-ake-egerbo\/#primaryimage","url":"https:\/\/wp.kristdemokraterna.se\/varnamo\/files\/2013\/11\/20090206_Arsmote_ChristerFjordevik.png","contentUrl":"https:\/\/wp.kristdemokraterna.se\/varnamo\/files\/2013\/11\/20090206_Arsmote_ChristerFjordevik.png","width":369,"height":492,"caption":"Christer Fjordevik ny ordf\u00f6rande f\u00f6r Kristdemokraterna i V\u00e4rnamo. (Foto: H\u00e5kan Johansson)"},{"@type":"BreadcrumbList","@id":"https:\/\/wp.kristdemokraterna.se\/varnamo\/2009\/02\/06\/christer-fjordevik-ny-ordforande-efter-lars-ake-egerbo\/#breadcrumb","itemListElement":[{"@type":"ListItem","position":1,"name":"Hem","item":"https:\/\/wp.kristdemokraterna.se\/varnamo\/"},{"@type":"ListItem","position":2,"name":"Christer Fjordevik ny ordf\u00f6rande efter Lars-\u00c5ke Egerbo"}]},{"@type":"WebSite","@id":"https:\/\/wp.kristdemokraterna.se\/varnamo\/#website","url":"https:\/\/wp.kristdemokraterna.se\/varnamo\/","name":"KRISTDEMOKRATERNA V\u00c4RNAMO","description":"Med hj\u00e4rta f\u00f6r V\u00e4rnamo","publisher":{"@id":"https:\/\/wp.kristdemokraterna.se\/varnamo\/#organization"},"inLanguage":"sv-SE"},{"@type":"Organization","@id":"https:\/\/wp.kristdemokraterna.se\/varnamo\/#organization","name":"Kristdemokraterna V\u00e4rnamo","url":"https:\/\/wp.kristdemokraterna.se\/varnamo\/","logo":{"@type":"ImageObject","inLanguage":"sv-SE","@id":"https:\/\/wp.kristdemokraterna.se\/varnamo\/#\/schema\/logo\/image\/","url":"https:\/\/wp.kristdemokraterna.se\/varnamo\/files\/2022\/08\/va\u2560ernamo-sida-bla-300dpi.png","contentUrl":"https:\/\/wp.kristdemokraterna.se\/varnamo\/files\/2022\/08\/va\u2560ernamo-sida-bla-300dpi.png","width":1485,"height":681,"caption":"Kristdemokraterna V\u00e4rnamo"},"image":{"@id":"https:\/\/wp.kristdemokraterna.se\/varnamo\/#\/schema\/logo\/image\/"},"sameAs":["https:\/\/www.facebook.com\/KDVarnamo\/","https:\/\/x.com\/KDVarnamo","https:\/\/www.instagram.com\/","https:\/\/www.youtube.com\/user\/studiokd\/videos"]},{"@type":"Person","@id":"https:\/\/wp.kristdemokraterna.se\/varnamo\/#\/schema\/person\/4e339ab04d613699e4dfe80a994e01d4","name":"Kristdemokraterna V\u00e4rnamo","image":{"@type":"ImageObject","inLanguage":"sv-SE","@id":"https:\/\/secure.gravatar.com\/avatar\/c122e48c7723992af51eb155eeaa93db3c1fa324e3fc6ec45dd712c812809b5b?s=96&r=g","url":"https:\/\/secure.gravatar.com\/avatar\/c122e48c7723992af51eb155eeaa93db3c1fa324e3fc6ec45dd712c812809b5b?s=96&r=g","contentUrl":"https:\/\/secure.gravatar.com\/avatar\/c122e48c7723992af51eb155eeaa93db3c1fa324e3fc6ec45dd712c812809b5b?s=96&r=g","caption":"Kristdemokraterna V\u00e4rnamo"},"description":"Familjens r\u00f6st","sameAs":["http:\/\/www.varnamo.kristdemokraterna.se"],"url":"https:\/\/wp.kristdemokraterna.se\/varnamo\/author\/varnamo\/"}]}},"_links":{"self":[{"href":"https:\/\/wp.kristdemokraterna.se\/varnamo\/wp-json\/wp\/v2\/posts\/3575","targetHints":{"allow":["GET"]}}],"collection":[{"href":"https:\/\/wp.kristdemokraterna.se\/varnamo\/wp-json\/wp\/v2\/posts"}],"about":[{"href":"https:\/\/wp.kristdemokraterna.se\/varnamo\/wp-json\/wp\/v2\/types\/post"}],"author":[{"embeddable":true,"href":"https:\/\/wp.kristdemokraterna.se\/varnamo\/wp-json\/wp\/v2\/users\/412"}],"replies":[{"embeddable":true,"href":"https:\/\/wp.kristdemokraterna.se\/varnamo\/wp-json\/wp\/v2\/comments?post=3575"}],"version-history":[{"count":17,"href":"https:\/\/wp.kristdemokraterna.se\/varnamo\/wp-json\/wp\/v2\/posts\/3575\/revisions"}],"predecessor-version":[{"id":6725,"href":"https:\/\/wp.kristdemokraterna.se\/varnamo\/wp-json\/wp\/v2\/posts\/3575\/revisions\/6725"}],"wp:featuredmedia":[{"embeddable":true,"href":"https:\/\/wp.kristdemokraterna.se\/varnamo\/wp-json\/wp\/v2\/media\/3577"}],"wp:attachment":[{"href":"https:\/\/wp.kristdemokraterna.se\/varnamo\/wp-json\/wp\/v2\/media?parent=3575"}],"wp:term":[{"taxonomy":"category","embeddable":true,"href":"https:\/\/wp.kristdemokraterna.se\/varnamo\/wp-json\/wp\/v2\/categories?post=3575"},{"taxonomy":"post_tag","embeddable":true,"href":"https:\/\/wp.kristdemokraterna.se\/varnamo\/wp-json\/wp\/v2\/tags?post=3575"}],"curies":[{"name":"wp","href":"https:\/\/api.w.org\/{rel}","templated":true}]}}