{"id":3580,"date":"2009-05-12T13:26:06","date_gmt":"2009-05-12T11:26:06","guid":{"rendered":"http:\/\/wp.kristdemokraterna.se\/varnamo\/?p=3580"},"modified":"2015-07-10T18:39:09","modified_gmt":"2015-07-10T16:39:09","slug":"2-x-christer-pa-gummifabriken","status":"publish","type":"post","link":"https:\/\/wp.kristdemokraterna.se\/varnamo\/2009\/05\/12\/2-x-christer-pa-gummifabriken\/","title":{"rendered":"2 x Christer p\u00e5 Gummifabriken"},"content":{"rendered":"<p>Tisdagen den 12 maj klockan 18 samlades V\u00e4rnamos kristdemokrater p\u00e5 Gummifabriken f\u00f6r att h\u00f6ra verksamhetschef Christer Larsson presenterar koncept Gummifabriken och Christer Fjordevik h\u00e5lla tal inf\u00f6r EU-valet.<\/p>\n<p><!--more-->&#8211; Gummifabriken \u00e4r en av V\u00e4rnamo kommuns st\u00f6rsta satsningar\u00a0n\u00e5gonsin, sade Christer Larsson. Ca 300 miljoner kronor ska investeras (om det r\u00e4cker)\u00a0totalt under ett antal \u00e5r f\u00f6r att f\u00f6rverkliga denna vision d\u00e4r\u00a0H\u00f6gskolan, V\u00e4rnamo N\u00e4ringsliv och Kulturen ska dela p\u00e5 ytorna.\u00a0Det r\u00e5der politisk enighet kring satsningen.<\/p>\n<p>Han fortsatte med att tala om hur planerna ser ut fram\u00f6ver och hur arkitekten t\u00e4nkt sig att det hela ska se ut och fungera n\u00e4r det blir klart.<\/p>\n<p>Christer Fjordevik, v\u00e5r\u00a0kandidat i valet till Europaparlamentet den 7 juni, passade p\u00e5 tillf\u00e4llet att s\u00e4ga n\u00e5gra ord om sina visioner f\u00f6r ett Europa n\u00e4ra oss.<\/p>\n<p>&#8211; Ditt och mitt Europa rymmer s\u00e5 mycket av historia och kultur. H\u00e4r m\u00f6ter de m\u00e4ktigaste katedraler de sk\u00f6naste blomster\u00e4ngar. I ditt och mitt Europa finns s\u00e5 m\u00e5nga sp\u00e4nnande m\u00e4nniskor med olika tradition och livsstil. I ditt och mitt Europa r\u00e5der fred och trygghet, tankens frihet och skapandets m\u00f6jlighet. S\u00e5 vill jag att det ska f\u00f6rbli! Ditt och mitt Europa \u00e4r en h\u00e5llbar utveckling och framtid f\u00f6r barnens och barnbarnens skull. S\u00e5 vill jag att det ska bli!<\/p>\n<p>N\u00e4r Christer sammanfattar sina viktigaste fr\u00e5gor ger han tre punkter:<\/p>\n<ul>\n<li>Ett Europa med h\u00e5llbar tillv\u00e4xt<\/li>\n<li>En tydlig akt\u00f6r i v\u00e4rldspolitiken<\/li>\n<li>En medm\u00e4nsklig migrationspolitik<\/li>\n<\/ul>\n<p><a href=\"http:\/\/wp.kristdemokraterna.se\/varnamo\/files\/2009\/05\/20090512_VarnamoIEuropa.png\"><img loading=\"lazy\" decoding=\"async\" class=\"size-full wp-image-3651 alignleft\" title=\"V\u00e4rnamo i Europa. Christer Fjordevik - v\u00e5r kandidat i EU-valet. Christer Larsson - koncept Gummifabriken. Ikv\u00e4ll klockan 18 p\u00e5 Campus V\u00e4rnamo - alla \u00e4r v\u00e4lkomna! Kristdemokraterna.\" src=\"http:\/\/wp.kristdemokraterna.se\/varnamo\/files\/2009\/05\/20090512_VarnamoIEuropa.png\" alt=\"V\u00e4rnamo i Europa. Christer Fjordevik - v\u00e5r kandidat i EU-valet. Christer Larsson - koncept Gummifabriken. Ikv\u00e4ll klockan 18 p\u00e5 Campus V\u00e4rnamo - alla \u00e4r v\u00e4lkomna! Kristdemokraterna.\" width=\"340\" height=\"165\" srcset=\"https:\/\/wp.kristdemokraterna.se\/varnamo\/files\/2009\/05\/20090512_VarnamoIEuropa.png 340w, https:\/\/wp.kristdemokraterna.se\/varnamo\/files\/2009\/05\/20090512_VarnamoIEuropa-300x145.png 300w, https:\/\/wp.kristdemokraterna.se\/varnamo\/files\/2009\/05\/20090512_VarnamoIEuropa-186x90.png 186w\" sizes=\"auto, (max-width: 340px) 100vw, 340px\" \/><\/a><\/p>\n<hr \/>\n<p>M\u00f6t Christer Fjordevik igen redan p\u00e5 fredag. D\u00e5 bjuder han p\u00e5 brysselkex vid Flanaden.<\/p>\n<p><a href=\"http:\/\/wp.kristdemokraterna.se\/varnamo\/files\/2009\/05\/20090516_SverigeNarmareEuropa.png\"><img loading=\"lazy\" decoding=\"async\" class=\"size-full wp-image-3654 alignleft\" title=\"F\u00f6r Sverige n\u00e4rmare Europa. M\u00f6t Christer Fjordevik - v\u00e5r kandidat i EU-valet. Vi bjuder p\u00e5 kaffe och Brysselkex. Fredag klockan 15-16 vid Flanaden. Kristdemokraterna.\" src=\"http:\/\/wp.kristdemokraterna.se\/varnamo\/files\/2009\/05\/20090516_SverigeNarmareEuropa.png\" alt=\"F\u00f6r Sverige n\u00e4rmare Europa. M\u00f6t Christer Fjordevik - v\u00e5r kandidat i EU-valet. Vi bjuder p\u00e5 kaffe och Brysselkex. Fredag klockan 15-16 vid Flanaden. Kristdemokraterna.\" width=\"340\" height=\"165\" srcset=\"https:\/\/wp.kristdemokraterna.se\/varnamo\/files\/2009\/05\/20090516_SverigeNarmareEuropa.png 340w, https:\/\/wp.kristdemokraterna.se\/varnamo\/files\/2009\/05\/20090516_SverigeNarmareEuropa-300x145.png 300w, https:\/\/wp.kristdemokraterna.se\/varnamo\/files\/2009\/05\/20090516_SverigeNarmareEuropa-186x90.png 186w\" sizes=\"auto, (max-width: 340px) 100vw, 340px\" \/><\/a><\/p>\n<p><a href=\"http:\/\/wp.kristdemokraterna.se\/varnamo\/files\/2009\/06\/KD_Kampanjlogo.jpg\"><img loading=\"lazy\" decoding=\"async\" class=\"alignnone wp-image-3646 size-full\" title=\"KD_Kampanjlogo\" src=\"http:\/\/wp.kristdemokraterna.se\/varnamo\/files\/2009\/06\/KD_Kampanjlogo.jpg\" alt=\"EU-val 09\" width=\"199\" height=\"201\" srcset=\"https:\/\/wp.kristdemokraterna.se\/varnamo\/files\/2009\/06\/KD_Kampanjlogo.jpg 199w, https:\/\/wp.kristdemokraterna.se\/varnamo\/files\/2009\/06\/KD_Kampanjlogo-110x112.jpg 110w\" sizes=\"auto, (max-width: 199px) 100vw, 199px\" \/><\/a><\/p>\n","protected":false},"excerpt":{"rendered":"<p>Tisdagen den 12 maj klockan 18 samlades V\u00e4rnamos kristdemokrater p\u00e5 Gummifabriken f\u00f6r att h\u00f6ra verksamhetschef Christer Larsson presenterar koncept Gummifabriken och Christer Fjordevik h\u00e5lla tal inf\u00f6r EU-valet.<\/p>\n","protected":false},"author":412,"featured_media":3256,"comment_status":"closed","ping_status":"closed","sticky":false,"template":"","format":"standard","meta":{"_acf_changed":false,"footnotes":""},"categories":[11],"tags":[24,204,414,297,109,236,226,44,253,36,192,177,209,62,233],"class_list":["post-3580","post","type-post","status-publish","format-standard","hentry","category-nyheter","tag-christer-fjordevik","tag-europaparlamentet","tag-fred","tag-frihet","tag-gummifabriken","tag-hallbarhet","tag-hogskola","tag-invandring","tag-kultur","tag-naringliv","tag-tillvaxt","tag-trygghet","tag-utveckling","tag-valrorelse","tag-vision"],"acf":[],"yoast_head":"<!-- This site is optimized with the Yoast SEO plugin v27.4 - https:\/\/yoast.com\/product\/yoast-seo-wordpress\/ -->\n<title>2 x Christer p\u00e5 Gummifabriken - KRISTDEMOKRATERNA V\u00c4RNAMO<\/title>\n<meta name=\"robots\" content=\"index, follow, max-snippet:-1, max-image-preview:large, max-video-preview:-1\" \/>\n<link rel=\"canonical\" href=\"https:\/\/wp.kristdemokraterna.se\/varnamo\/2009\/05\/12\/2-x-christer-pa-gummifabriken\/\" \/>\n<meta property=\"og:locale\" content=\"sv_SE\" \/>\n<meta property=\"og:type\" content=\"article\" \/>\n<meta property=\"og:title\" content=\"2 x Christer p\u00e5 Gummifabriken - KRISTDEMOKRATERNA V\u00c4RNAMO\" \/>\n<meta property=\"og:description\" content=\"Tisdagen den 12 maj klockan 18 samlades V\u00e4rnamos kristdemokrater p\u00e5 Gummifabriken f\u00f6r att h\u00f6ra verksamhetschef Christer Larsson presenterar koncept Gummifabriken och Christer Fjordevik h\u00e5lla tal inf\u00f6r EU-valet.\" \/>\n<meta property=\"og:url\" content=\"https:\/\/wp.kristdemokraterna.se\/varnamo\/2009\/05\/12\/2-x-christer-pa-gummifabriken\/\" \/>\n<meta property=\"og:site_name\" content=\"KRISTDEMOKRATERNA V\u00c4RNAMO\" \/>\n<meta property=\"article:publisher\" content=\"https:\/\/www.facebook.com\/KDVarnamo\/\" \/>\n<meta property=\"article:published_time\" content=\"2009-05-12T11:26:06+00:00\" \/>\n<meta property=\"article:modified_time\" content=\"2015-07-10T16:39:09+00:00\" \/>\n<meta property=\"og:image\" content=\"https:\/\/wp.kristdemokraterna.se\/varnamo\/files\/2013\/11\/christer_fjordevik.jpg\" \/>\n\t<meta property=\"og:image:width\" content=\"300\" \/>\n\t<meta property=\"og:image:height\" content=\"300\" \/>\n\t<meta property=\"og:image:type\" content=\"image\/jpeg\" \/>\n<meta name=\"author\" content=\"Kristdemokraterna V\u00e4rnamo\" \/>\n<meta name=\"twitter:card\" content=\"summary_large_image\" \/>\n<meta name=\"twitter:creator\" content=\"@KDVarnamo\" \/>\n<meta name=\"twitter:site\" content=\"@KDVarnamo\" \/>\n<meta name=\"twitter:label1\" content=\"Skriven av\" \/>\n\t<meta name=\"twitter:data1\" content=\"Kristdemokraterna V\u00e4rnamo\" \/>\n\t<meta name=\"twitter:label2\" content=\"Ber\u00e4knad l\u00e4stid\" \/>\n\t<meta name=\"twitter:data2\" content=\"1 minut\" \/>\n<script type=\"application\/ld+json\" class=\"yoast-schema-graph\">{\"@context\":\"https:\\\/\\\/schema.org\",\"@graph\":[{\"@type\":\"Article\",\"@id\":\"https:\\\/\\\/wp.kristdemokraterna.se\\\/varnamo\\\/2009\\\/05\\\/12\\\/2-x-christer-pa-gummifabriken\\\/#article\",\"isPartOf\":{\"@id\":\"https:\\\/\\\/wp.kristdemokraterna.se\\\/varnamo\\\/2009\\\/05\\\/12\\\/2-x-christer-pa-gummifabriken\\\/\"},\"author\":{\"name\":\"Kristdemokraterna V\u00e4rnamo\",\"@id\":\"https:\\\/\\\/wp.kristdemokraterna.se\\\/varnamo\\\/#\\\/schema\\\/person\\\/4e339ab04d613699e4dfe80a994e01d4\"},\"headline\":\"2 x Christer p\u00e5 Gummifabriken\",\"datePublished\":\"2009-05-12T11:26:06+00:00\",\"dateModified\":\"2015-07-10T16:39:09+00:00\",\"mainEntityOfPage\":{\"@id\":\"https:\\\/\\\/wp.kristdemokraterna.se\\\/varnamo\\\/2009\\\/05\\\/12\\\/2-x-christer-pa-gummifabriken\\\/\"},\"wordCount\":290,\"publisher\":{\"@id\":\"https:\\\/\\\/wp.kristdemokraterna.se\\\/varnamo\\\/#organization\"},\"image\":{\"@id\":\"https:\\\/\\\/wp.kristdemokraterna.se\\\/varnamo\\\/2009\\\/05\\\/12\\\/2-x-christer-pa-gummifabriken\\\/#primaryimage\"},\"thumbnailUrl\":\"https:\\\/\\\/wp.kristdemokraterna.se\\\/varnamo\\\/files\\\/2013\\\/11\\\/christer_fjordevik.jpg\",\"keywords\":[\"Christer Fjordevik\",\"Europaparlamentet\",\"fred\",\"frihet\",\"Gummifabriken\",\"h\u00e5llbarhet\",\"h\u00f6gskola\",\"invandring\",\"kultur\",\"n\u00e4ringsliv\",\"tillv\u00e4xt\",\"trygghet\",\"utveckling\",\"valr\u00f6relse\",\"vision\"],\"articleSection\":[\"Nyheter\"],\"inLanguage\":\"sv-SE\"},{\"@type\":\"WebPage\",\"@id\":\"https:\\\/\\\/wp.kristdemokraterna.se\\\/varnamo\\\/2009\\\/05\\\/12\\\/2-x-christer-pa-gummifabriken\\\/\",\"url\":\"https:\\\/\\\/wp.kristdemokraterna.se\\\/varnamo\\\/2009\\\/05\\\/12\\\/2-x-christer-pa-gummifabriken\\\/\",\"name\":\"2 x Christer p\u00e5 Gummifabriken - KRISTDEMOKRATERNA V\u00c4RNAMO\",\"isPartOf\":{\"@id\":\"https:\\\/\\\/wp.kristdemokraterna.se\\\/varnamo\\\/#website\"},\"primaryImageOfPage\":{\"@id\":\"https:\\\/\\\/wp.kristdemokraterna.se\\\/varnamo\\\/2009\\\/05\\\/12\\\/2-x-christer-pa-gummifabriken\\\/#primaryimage\"},\"image\":{\"@id\":\"https:\\\/\\\/wp.kristdemokraterna.se\\\/varnamo\\\/2009\\\/05\\\/12\\\/2-x-christer-pa-gummifabriken\\\/#primaryimage\"},\"thumbnailUrl\":\"https:\\\/\\\/wp.kristdemokraterna.se\\\/varnamo\\\/files\\\/2013\\\/11\\\/christer_fjordevik.jpg\",\"datePublished\":\"2009-05-12T11:26:06+00:00\",\"dateModified\":\"2015-07-10T16:39:09+00:00\",\"breadcrumb\":{\"@id\":\"https:\\\/\\\/wp.kristdemokraterna.se\\\/varnamo\\\/2009\\\/05\\\/12\\\/2-x-christer-pa-gummifabriken\\\/#breadcrumb\"},\"inLanguage\":\"sv-SE\",\"potentialAction\":[{\"@type\":\"ReadAction\",\"target\":[\"https:\\\/\\\/wp.kristdemokraterna.se\\\/varnamo\\\/2009\\\/05\\\/12\\\/2-x-christer-pa-gummifabriken\\\/\"]}]},{\"@type\":\"ImageObject\",\"inLanguage\":\"sv-SE\",\"@id\":\"https:\\\/\\\/wp.kristdemokraterna.se\\\/varnamo\\\/2009\\\/05\\\/12\\\/2-x-christer-pa-gummifabriken\\\/#primaryimage\",\"url\":\"https:\\\/\\\/wp.kristdemokraterna.se\\\/varnamo\\\/files\\\/2013\\\/11\\\/christer_fjordevik.jpg\",\"contentUrl\":\"https:\\\/\\\/wp.kristdemokraterna.se\\\/varnamo\\\/files\\\/2013\\\/11\\\/christer_fjordevik.jpg\",\"width\":300,\"height\":300,\"caption\":\"Christer Fjordevik, Kristdemokraterna V\u00e4rnamo. (Foto: Frida fotograf)\"},{\"@type\":\"BreadcrumbList\",\"@id\":\"https:\\\/\\\/wp.kristdemokraterna.se\\\/varnamo\\\/2009\\\/05\\\/12\\\/2-x-christer-pa-gummifabriken\\\/#breadcrumb\",\"itemListElement\":[{\"@type\":\"ListItem\",\"position\":1,\"name\":\"Hem\",\"item\":\"https:\\\/\\\/wp.kristdemokraterna.se\\\/varnamo\\\/\"},{\"@type\":\"ListItem\",\"position\":2,\"name\":\"2 x Christer p\u00e5 Gummifabriken\"}]},{\"@type\":\"WebSite\",\"@id\":\"https:\\\/\\\/wp.kristdemokraterna.se\\\/varnamo\\\/#website\",\"url\":\"https:\\\/\\\/wp.kristdemokraterna.se\\\/varnamo\\\/\",\"name\":\"KRISTDEMOKRATERNA V\u00c4RNAMO\",\"description\":\"Med hj\u00e4rta f\u00f6r V\u00e4rnamo\",\"publisher\":{\"@id\":\"https:\\\/\\\/wp.kristdemokraterna.se\\\/varnamo\\\/#organization\"},\"inLanguage\":\"sv-SE\"},{\"@type\":\"Organization\",\"@id\":\"https:\\\/\\\/wp.kristdemokraterna.se\\\/varnamo\\\/#organization\",\"name\":\"Kristdemokraterna V\u00e4rnamo\",\"url\":\"https:\\\/\\\/wp.kristdemokraterna.se\\\/varnamo\\\/\",\"logo\":{\"@type\":\"ImageObject\",\"inLanguage\":\"sv-SE\",\"@id\":\"https:\\\/\\\/wp.kristdemokraterna.se\\\/varnamo\\\/#\\\/schema\\\/logo\\\/image\\\/\",\"url\":\"https:\\\/\\\/wp.kristdemokraterna.se\\\/varnamo\\\/files\\\/2022\\\/08\\\/va\u2560ernamo-sida-bla-300dpi.png\",\"contentUrl\":\"https:\\\/\\\/wp.kristdemokraterna.se\\\/varnamo\\\/files\\\/2022\\\/08\\\/va\u2560ernamo-sida-bla-300dpi.png\",\"width\":1485,\"height\":681,\"caption\":\"Kristdemokraterna V\u00e4rnamo\"},\"image\":{\"@id\":\"https:\\\/\\\/wp.kristdemokraterna.se\\\/varnamo\\\/#\\\/schema\\\/logo\\\/image\\\/\"},\"sameAs\":[\"https:\\\/\\\/www.facebook.com\\\/KDVarnamo\\\/\",\"https:\\\/\\\/x.com\\\/KDVarnamo\",\"https:\\\/\\\/www.instagram.com\\\/\",\"https:\\\/\\\/www.youtube.com\\\/user\\\/studiokd\\\/videos\"]},{\"@type\":\"Person\",\"@id\":\"https:\\\/\\\/wp.kristdemokraterna.se\\\/varnamo\\\/#\\\/schema\\\/person\\\/4e339ab04d613699e4dfe80a994e01d4\",\"name\":\"Kristdemokraterna V\u00e4rnamo\",\"image\":{\"@type\":\"ImageObject\",\"inLanguage\":\"sv-SE\",\"@id\":\"https:\\\/\\\/secure.gravatar.com\\\/avatar\\\/c122e48c7723992af51eb155eeaa93db3c1fa324e3fc6ec45dd712c812809b5b?s=96&r=g\",\"url\":\"https:\\\/\\\/secure.gravatar.com\\\/avatar\\\/c122e48c7723992af51eb155eeaa93db3c1fa324e3fc6ec45dd712c812809b5b?s=96&r=g\",\"contentUrl\":\"https:\\\/\\\/secure.gravatar.com\\\/avatar\\\/c122e48c7723992af51eb155eeaa93db3c1fa324e3fc6ec45dd712c812809b5b?s=96&r=g\",\"caption\":\"Kristdemokraterna V\u00e4rnamo\"},\"description\":\"Familjens r\u00f6st\",\"sameAs\":[\"http:\\\/\\\/www.varnamo.kristdemokraterna.se\"],\"url\":\"https:\\\/\\\/wp.kristdemokraterna.se\\\/varnamo\\\/author\\\/varnamo\\\/\"}]}<\/script>\n<!-- \/ Yoast SEO plugin. -->","yoast_head_json":{"title":"2 x Christer p\u00e5 Gummifabriken - KRISTDEMOKRATERNA V\u00c4RNAMO","robots":{"index":"index","follow":"follow","max-snippet":"max-snippet:-1","max-image-preview":"max-image-preview:large","max-video-preview":"max-video-preview:-1"},"canonical":"https:\/\/wp.kristdemokraterna.se\/varnamo\/2009\/05\/12\/2-x-christer-pa-gummifabriken\/","og_locale":"sv_SE","og_type":"article","og_title":"2 x Christer p\u00e5 Gummifabriken - KRISTDEMOKRATERNA V\u00c4RNAMO","og_description":"Tisdagen den 12 maj klockan 18 samlades V\u00e4rnamos kristdemokrater p\u00e5 Gummifabriken f\u00f6r att h\u00f6ra verksamhetschef Christer Larsson presenterar koncept Gummifabriken och Christer Fjordevik h\u00e5lla tal inf\u00f6r EU-valet.","og_url":"https:\/\/wp.kristdemokraterna.se\/varnamo\/2009\/05\/12\/2-x-christer-pa-gummifabriken\/","og_site_name":"KRISTDEMOKRATERNA V\u00c4RNAMO","article_publisher":"https:\/\/www.facebook.com\/KDVarnamo\/","article_published_time":"2009-05-12T11:26:06+00:00","article_modified_time":"2015-07-10T16:39:09+00:00","og_image":[{"width":300,"height":300,"url":"https:\/\/wp.kristdemokraterna.se\/varnamo\/files\/2013\/11\/christer_fjordevik.jpg","type":"image\/jpeg"}],"author":"Kristdemokraterna V\u00e4rnamo","twitter_card":"summary_large_image","twitter_creator":"@KDVarnamo","twitter_site":"@KDVarnamo","twitter_misc":{"Skriven av":"Kristdemokraterna V\u00e4rnamo","Ber\u00e4knad l\u00e4stid":"1 minut"},"schema":{"@context":"https:\/\/schema.org","@graph":[{"@type":"Article","@id":"https:\/\/wp.kristdemokraterna.se\/varnamo\/2009\/05\/12\/2-x-christer-pa-gummifabriken\/#article","isPartOf":{"@id":"https:\/\/wp.kristdemokraterna.se\/varnamo\/2009\/05\/12\/2-x-christer-pa-gummifabriken\/"},"author":{"name":"Kristdemokraterna V\u00e4rnamo","@id":"https:\/\/wp.kristdemokraterna.se\/varnamo\/#\/schema\/person\/4e339ab04d613699e4dfe80a994e01d4"},"headline":"2 x Christer p\u00e5 Gummifabriken","datePublished":"2009-05-12T11:26:06+00:00","dateModified":"2015-07-10T16:39:09+00:00","mainEntityOfPage":{"@id":"https:\/\/wp.kristdemokraterna.se\/varnamo\/2009\/05\/12\/2-x-christer-pa-gummifabriken\/"},"wordCount":290,"publisher":{"@id":"https:\/\/wp.kristdemokraterna.se\/varnamo\/#organization"},"image":{"@id":"https:\/\/wp.kristdemokraterna.se\/varnamo\/2009\/05\/12\/2-x-christer-pa-gummifabriken\/#primaryimage"},"thumbnailUrl":"https:\/\/wp.kristdemokraterna.se\/varnamo\/files\/2013\/11\/christer_fjordevik.jpg","keywords":["Christer Fjordevik","Europaparlamentet","fred","frihet","Gummifabriken","h\u00e5llbarhet","h\u00f6gskola","invandring","kultur","n\u00e4ringsliv","tillv\u00e4xt","trygghet","utveckling","valr\u00f6relse","vision"],"articleSection":["Nyheter"],"inLanguage":"sv-SE"},{"@type":"WebPage","@id":"https:\/\/wp.kristdemokraterna.se\/varnamo\/2009\/05\/12\/2-x-christer-pa-gummifabriken\/","url":"https:\/\/wp.kristdemokraterna.se\/varnamo\/2009\/05\/12\/2-x-christer-pa-gummifabriken\/","name":"2 x Christer p\u00e5 Gummifabriken - KRISTDEMOKRATERNA V\u00c4RNAMO","isPartOf":{"@id":"https:\/\/wp.kristdemokraterna.se\/varnamo\/#website"},"primaryImageOfPage":{"@id":"https:\/\/wp.kristdemokraterna.se\/varnamo\/2009\/05\/12\/2-x-christer-pa-gummifabriken\/#primaryimage"},"image":{"@id":"https:\/\/wp.kristdemokraterna.se\/varnamo\/2009\/05\/12\/2-x-christer-pa-gummifabriken\/#primaryimage"},"thumbnailUrl":"https:\/\/wp.kristdemokraterna.se\/varnamo\/files\/2013\/11\/christer_fjordevik.jpg","datePublished":"2009-05-12T11:26:06+00:00","dateModified":"2015-07-10T16:39:09+00:00","breadcrumb":{"@id":"https:\/\/wp.kristdemokraterna.se\/varnamo\/2009\/05\/12\/2-x-christer-pa-gummifabriken\/#breadcrumb"},"inLanguage":"sv-SE","potentialAction":[{"@type":"ReadAction","target":["https:\/\/wp.kristdemokraterna.se\/varnamo\/2009\/05\/12\/2-x-christer-pa-gummifabriken\/"]}]},{"@type":"ImageObject","inLanguage":"sv-SE","@id":"https:\/\/wp.kristdemokraterna.se\/varnamo\/2009\/05\/12\/2-x-christer-pa-gummifabriken\/#primaryimage","url":"https:\/\/wp.kristdemokraterna.se\/varnamo\/files\/2013\/11\/christer_fjordevik.jpg","contentUrl":"https:\/\/wp.kristdemokraterna.se\/varnamo\/files\/2013\/11\/christer_fjordevik.jpg","width":300,"height":300,"caption":"Christer Fjordevik, Kristdemokraterna V\u00e4rnamo. (Foto: Frida fotograf)"},{"@type":"BreadcrumbList","@id":"https:\/\/wp.kristdemokraterna.se\/varnamo\/2009\/05\/12\/2-x-christer-pa-gummifabriken\/#breadcrumb","itemListElement":[{"@type":"ListItem","position":1,"name":"Hem","item":"https:\/\/wp.kristdemokraterna.se\/varnamo\/"},{"@type":"ListItem","position":2,"name":"2 x Christer p\u00e5 Gummifabriken"}]},{"@type":"WebSite","@id":"https:\/\/wp.kristdemokraterna.se\/varnamo\/#website","url":"https:\/\/wp.kristdemokraterna.se\/varnamo\/","name":"KRISTDEMOKRATERNA V\u00c4RNAMO","description":"Med hj\u00e4rta f\u00f6r V\u00e4rnamo","publisher":{"@id":"https:\/\/wp.kristdemokraterna.se\/varnamo\/#organization"},"inLanguage":"sv-SE"},{"@type":"Organization","@id":"https:\/\/wp.kristdemokraterna.se\/varnamo\/#organization","name":"Kristdemokraterna V\u00e4rnamo","url":"https:\/\/wp.kristdemokraterna.se\/varnamo\/","logo":{"@type":"ImageObject","inLanguage":"sv-SE","@id":"https:\/\/wp.kristdemokraterna.se\/varnamo\/#\/schema\/logo\/image\/","url":"https:\/\/wp.kristdemokraterna.se\/varnamo\/files\/2022\/08\/va\u2560ernamo-sida-bla-300dpi.png","contentUrl":"https:\/\/wp.kristdemokraterna.se\/varnamo\/files\/2022\/08\/va\u2560ernamo-sida-bla-300dpi.png","width":1485,"height":681,"caption":"Kristdemokraterna V\u00e4rnamo"},"image":{"@id":"https:\/\/wp.kristdemokraterna.se\/varnamo\/#\/schema\/logo\/image\/"},"sameAs":["https:\/\/www.facebook.com\/KDVarnamo\/","https:\/\/x.com\/KDVarnamo","https:\/\/www.instagram.com\/","https:\/\/www.youtube.com\/user\/studiokd\/videos"]},{"@type":"Person","@id":"https:\/\/wp.kristdemokraterna.se\/varnamo\/#\/schema\/person\/4e339ab04d613699e4dfe80a994e01d4","name":"Kristdemokraterna V\u00e4rnamo","image":{"@type":"ImageObject","inLanguage":"sv-SE","@id":"https:\/\/secure.gravatar.com\/avatar\/c122e48c7723992af51eb155eeaa93db3c1fa324e3fc6ec45dd712c812809b5b?s=96&r=g","url":"https:\/\/secure.gravatar.com\/avatar\/c122e48c7723992af51eb155eeaa93db3c1fa324e3fc6ec45dd712c812809b5b?s=96&r=g","contentUrl":"https:\/\/secure.gravatar.com\/avatar\/c122e48c7723992af51eb155eeaa93db3c1fa324e3fc6ec45dd712c812809b5b?s=96&r=g","caption":"Kristdemokraterna V\u00e4rnamo"},"description":"Familjens r\u00f6st","sameAs":["http:\/\/www.varnamo.kristdemokraterna.se"],"url":"https:\/\/wp.kristdemokraterna.se\/varnamo\/author\/varnamo\/"}]}},"_links":{"self":[{"href":"https:\/\/wp.kristdemokraterna.se\/varnamo\/wp-json\/wp\/v2\/posts\/3580","targetHints":{"allow":["GET"]}}],"collection":[{"href":"https:\/\/wp.kristdemokraterna.se\/varnamo\/wp-json\/wp\/v2\/posts"}],"about":[{"href":"https:\/\/wp.kristdemokraterna.se\/varnamo\/wp-json\/wp\/v2\/types\/post"}],"author":[{"embeddable":true,"href":"https:\/\/wp.kristdemokraterna.se\/varnamo\/wp-json\/wp\/v2\/users\/412"}],"replies":[{"embeddable":true,"href":"https:\/\/wp.kristdemokraterna.se\/varnamo\/wp-json\/wp\/v2\/comments?post=3580"}],"version-history":[{"count":12,"href":"https:\/\/wp.kristdemokraterna.se\/varnamo\/wp-json\/wp\/v2\/posts\/3580\/revisions"}],"predecessor-version":[{"id":6721,"href":"https:\/\/wp.kristdemokraterna.se\/varnamo\/wp-json\/wp\/v2\/posts\/3580\/revisions\/6721"}],"wp:featuredmedia":[{"embeddable":true,"href":"https:\/\/wp.kristdemokraterna.se\/varnamo\/wp-json\/wp\/v2\/media\/3256"}],"wp:attachment":[{"href":"https:\/\/wp.kristdemokraterna.se\/varnamo\/wp-json\/wp\/v2\/media?parent=3580"}],"wp:term":[{"taxonomy":"category","embeddable":true,"href":"https:\/\/wp.kristdemokraterna.se\/varnamo\/wp-json\/wp\/v2\/categories?post=3580"},{"taxonomy":"post_tag","embeddable":true,"href":"https:\/\/wp.kristdemokraterna.se\/varnamo\/wp-json\/wp\/v2\/tags?post=3580"}],"curies":[{"name":"wp","href":"https:\/\/api.w.org\/{rel}","templated":true}]}}