{"id":3586,"date":"2009-06-05T14:10:09","date_gmt":"2009-06-05T12:10:09","guid":{"rendered":"http:\/\/wp.kristdemokraterna.se\/varnamo\/?p=3586"},"modified":"2015-07-10T18:28:48","modified_gmt":"2015-07-10T16:28:48","slug":"europafest-med-alf-svensson-i-apladalen","status":"publish","type":"post","link":"https:\/\/wp.kristdemokraterna.se\/varnamo\/2009\/06\/05\/europafest-med-alf-svensson-i-apladalen\/","title":{"rendered":"Europafest med Alf Svensson i Apladalen"},"content":{"rendered":"<p>I EU-valr\u00f6relsens sista sk\u00e4lvande minuter ordnade Kristdemokraterna en Europafest i Apladalen i V\u00e4rnamo. Ett hundratal \u00e5h\u00f6rare fr\u00e5n hela GGVV-regionen hade kommit f\u00f6r att h\u00f6ra Alf Svensson tala om sina visioner f\u00f6r ett Europa som v\u00e4rnar freden.<\/p>\n<p><!--more--><\/p>\n<p>\u2013 Kristdemokrater som Konrad Adenauer, Alcide de Gasperi och Robert Schuman ins\u00e5g att Europas framtid m\u00e5ste bygga p\u00e5 fredlig konfliktl\u00f6sning, demokratiskt styre, m\u00e4nskliga fri- och r\u00e4ttigheter och gr\u00e4ns\u00f6verskridande ekonomiskt och politiskt samarbete, sade Alf Svensson som som kandiderar f\u00f6r Kristdemokraterna i valet till Europaparlamentet nu p\u00e5 onsdag.<\/p>\n<p>\u2013 Det \u00e4r ingen slump att m\u00e5nga av pionj\u00e4rerna bakom EU-samarbetet var kristdemokrater som genomlevt tv\u00e5 v\u00e4rldskrig och upplevt krigets lidande och vanvett p\u00e5 n\u00e4ra h\u00e5ll.<\/p>\n<p>\u2013 Jag vill vara med och bygga ett Europa som v\u00e4rnar freden, fortsatte han. Inget kan vara viktigare i dag \u00e4n att\u00a0bygga mer internationellt samarbete, st\u00e4rka gemenskapen mellan m\u00e4nniskor och l\u00e4nder och att se varje m\u00e4nniska som en medm\u00e4nniska. M\u00e4nniskov\u00e4rdet m\u00e5ste vara utg\u00e5ngspunkten f\u00f6r allt!<\/p>\n<p>F\u00f6rutom Alf Svensson medverkade ytterligare tv\u00e5 kandidater fr\u00e5n J\u00f6nk\u00f6pings l\u00e4n &#8211; Jan-Erik Lag\u00e4rde och V\u00e4rnamos egna Christer Fjordevik. H\u00e5kan Johansson och Tommy Ljunggren underh\u00f6ll med musik och vid grillarna var det full fart.<\/p>\n<p>Tillsammans med Alf Svensson reste tv\u00e5 unga l\u00e4nsbor, Andreas Carlson och Marcus Jonsson. N\u00e4r Alf talat f\u00e4rdigt tog de \u00f6ver och st\u00e4llde Jan-Erik och Christer mot v\u00e4ggen p\u00e5 sitt eget kunniga och humoristiska s\u00e4tt.<\/p>\n\n\t\t<style type=\"text\/css\">\n\t\t\t#gallery-1 {\n\t\t\t\tmargin: auto;\n\t\t\t}\n\t\t\t#gallery-1 .gallery-item {\n\t\t\t\tfloat: left;\n\t\t\t\tmargin-top: 10px;\n\t\t\t\ttext-align: center;\n\t\t\t\twidth: 33%;\n\t\t\t}\n\t\t\t#gallery-1 img {\n\t\t\t\tborder: 2px solid #cfcfcf;\n\t\t\t}\n\t\t\t#gallery-1 .gallery-caption {\n\t\t\t\tmargin-left: 0;\n\t\t\t}\n\t\t\t\/* see gallery_shortcode() in wp-includes\/media.php *\/\n\t\t<\/style>\n\t\t<div id='gallery-1' class='gallery galleryid-3586 gallery-columns-3 gallery-size-thumbnail'><dl class='gallery-item'>\n\t\t\t<dt class='gallery-icon portrait'>\n\t\t\t\t<a href='https:\/\/wp.kristdemokraterna.se\/varnamo\/2009\/06\/05\/europafest-med-alf-svensson-i-apladalen\/20090605-europafest-alfsvensson-scen\/'><img loading=\"lazy\" decoding=\"async\" width=\"150\" height=\"150\" src=\"https:\/\/wp.kristdemokraterna.se\/varnamo\/files\/2009\/06\/20090605_Europafest_AlfSvensson_Scen-150x150.png\" class=\"attachment-thumbnail size-thumbnail\" alt=\"Alf Svensson (KD) framf\u00f6r Apladalens utescen. (Foto: H\u00e5kan Johansson)\" aria-describedby=\"gallery-1-3643\" \/><\/a>\n\t\t\t<\/dt>\n\t\t\t\t<dd class='wp-caption-text gallery-caption' id='gallery-1-3643'>\n\t\t\t\tAlf Svensson (KD) framf\u00f6r Apladalens utescen. (Foto: H\u00e5kan Johansson)\n\t\t\t\t<\/dd><\/dl><dl class='gallery-item'>\n\t\t\t<dt class='gallery-icon landscape'>\n\t\t\t\t<a href='https:\/\/wp.kristdemokraterna.se\/varnamo\/2009\/06\/05\/europafest-med-alf-svensson-i-apladalen\/20090605-europafest-alfsvensson-publik\/'><img loading=\"lazy\" decoding=\"async\" width=\"150\" height=\"150\" src=\"https:\/\/wp.kristdemokraterna.se\/varnamo\/files\/2009\/06\/20090605_Europafest_AlfSvensson_Publik-150x150.png\" class=\"attachment-thumbnail size-thumbnail\" alt=\"Alf Svensson (KD) i talartagen inf\u00f6r en stor skara intresserade \u00e5h\u00f6rare fr\u00e5n hela regionen. (Foto: H\u00e5kan Johansson)\" aria-describedby=\"gallery-1-3642\" \/><\/a>\n\t\t\t<\/dt>\n\t\t\t\t<dd class='wp-caption-text gallery-caption' id='gallery-1-3642'>\n\t\t\t\tAlf Svensson (KD) i talartagen inf\u00f6r en stor skara intresserade \u00e5h\u00f6rare fr\u00e5n hela regionen. (Foto: H\u00e5kan Johansson)\n\t\t\t\t<\/dd><\/dl><dl class='gallery-item'>\n\t\t\t<dt class='gallery-icon landscape'>\n\t\t\t\t<a href='https:\/\/wp.kristdemokraterna.se\/varnamo\/2009\/06\/05\/europafest-med-alf-svensson-i-apladalen\/20090605-europafest-alfsvensson\/'><img loading=\"lazy\" decoding=\"async\" width=\"150\" height=\"150\" src=\"https:\/\/wp.kristdemokraterna.se\/varnamo\/files\/2009\/06\/20090605_Europafest_AlfSvensson-150x150.png\" class=\"attachment-thumbnail size-thumbnail\" alt=\"Alf Svensson (KD) ber\u00e4ttar med inlevelse om sina visioner f\u00f6r ett Europa som v\u00e4rnar freden. (Foto: H\u00e5kan Johansson)\" aria-describedby=\"gallery-1-3641\" \/><\/a>\n\t\t\t<\/dt>\n\t\t\t\t<dd class='wp-caption-text gallery-caption' id='gallery-1-3641'>\n\t\t\t\tAlf Svensson (KD) ber\u00e4ttar med inlevelse om sina visioner f\u00f6r ett Europa som v\u00e4rnar freden. (Foto: H\u00e5kan Johansson)\n\t\t\t\t<\/dd><\/dl><br style=\"clear: both\" \/><dl class='gallery-item'>\n\t\t\t<dt class='gallery-icon landscape'>\n\t\t\t\t<a href='https:\/\/wp.kristdemokraterna.se\/varnamo\/2009\/06\/05\/europafest-med-alf-svensson-i-apladalen\/20090605-europafest\/'><img loading=\"lazy\" decoding=\"async\" width=\"150\" height=\"150\" src=\"https:\/\/wp.kristdemokraterna.se\/varnamo\/files\/2009\/06\/20090605_Europafest-150x150.png\" class=\"attachment-thumbnail size-thumbnail\" alt=\"Europafest i Apladalen. M\u00f6t v\u00e5ra EU-kandidater Alf Svensson och Christer Fjordevik. M\u00e5ndag klockan 19. Musik: Tommy och H\u00e5kan.. Grillning. Kristdemokraterna. EU-val 09. Ett tryggt Europa - www.mittskal.se\" aria-describedby=\"gallery-1-3648\" \/><\/a>\n\t\t\t<\/dt>\n\t\t\t\t<dd class='wp-caption-text gallery-caption' id='gallery-1-3648'>\n\t\t\t\tEuropafest i Apladalen. M\u00f6t v\u00e5ra EU-kandidater Alf Svensson och Christer Fjordevik. M\u00e5ndag klockan 19. Musik: Tommy och H\u00e5kan.. Grillning. Kristdemokraterna. EU-val 09. Ett tryggt Europa &#8211; www.mittskal.se\n\t\t\t\t<\/dd><\/dl><dl class='gallery-item'>\n\t\t\t<dt class='gallery-icon landscape'>\n\t\t\t\t<a href='https:\/\/wp.kristdemokraterna.se\/varnamo\/2009\/06\/05\/europafest-med-alf-svensson-i-apladalen\/20090605-europafest-janeriklagarde-christerfjordevik-andreascarlzon-marcusjonsson\/'><img loading=\"lazy\" decoding=\"async\" width=\"150\" height=\"150\" src=\"https:\/\/wp.kristdemokraterna.se\/varnamo\/files\/2009\/06\/20090605_Europafest_JanErikLagarde_ChristerFjordevik_AndreasCarlzon_MarcusJonsson-150x150.png\" class=\"attachment-thumbnail size-thumbnail\" alt=\"Jan-Erik Lag\u00e4rde och Christer Fjordevik blir utfr\u00e5gade av Andreas Carlson och Marcus Jonsson. (Foto: H\u00e5kan Johansson)\" aria-describedby=\"gallery-1-3645\" \/><\/a>\n\t\t\t<\/dt>\n\t\t\t\t<dd class='wp-caption-text gallery-caption' id='gallery-1-3645'>\n\t\t\t\tJan-Erik Lag\u00e4rde och Christer Fjordevik blir utfr\u00e5gade av Andreas Carlson och Marcus Jonsson. (Foto: H\u00e5kan Johansson)\n\t\t\t\t<\/dd><\/dl><dl class='gallery-item'>\n\t\t\t<dt class='gallery-icon landscape'>\n\t\t\t\t<a href='https:\/\/wp.kristdemokraterna.se\/varnamo\/2009\/06\/05\/europafest-med-alf-svensson-i-apladalen\/20090605-europafest-janeriklagarde-christerfjordevik\/'><img loading=\"lazy\" decoding=\"async\" width=\"150\" height=\"150\" src=\"https:\/\/wp.kristdemokraterna.se\/varnamo\/files\/2009\/06\/20090605_Europafest_JanErikLagarde_ChristerFjordevik-150x150.png\" class=\"attachment-thumbnail size-thumbnail\" alt=\"Jan-Erik Lag\u00e4rde och Christer Fjordevik lyssnar uppm\u00e4rksamt. (Foto: H\u00e5kan Johansson)\" aria-describedby=\"gallery-1-3644\" \/><\/a>\n\t\t\t<\/dt>\n\t\t\t\t<dd class='wp-caption-text gallery-caption' id='gallery-1-3644'>\n\t\t\t\tJan-Erik Lag\u00e4rde och Christer Fjordevik lyssnar uppm\u00e4rksamt. (Foto: H\u00e5kan Johansson)\n\t\t\t\t<\/dd><\/dl><br style=\"clear: both\" \/>\n\t\t<\/div>\n\n<p><a href=\"http:\/\/wp.kristdemokraterna.se\/varnamo\/files\/2009\/06\/KD_Kampanjlogo.jpg\"><img loading=\"lazy\" decoding=\"async\" class=\"alignnone wp-image-3646 size-full\" title=\"KD_Kampanjlogo\" src=\"http:\/\/wp.kristdemokraterna.se\/varnamo\/files\/2009\/06\/KD_Kampanjlogo.jpg\" alt=\"EU-val 09\" width=\"199\" height=\"201\" srcset=\"https:\/\/wp.kristdemokraterna.se\/varnamo\/files\/2009\/06\/KD_Kampanjlogo.jpg 199w, https:\/\/wp.kristdemokraterna.se\/varnamo\/files\/2009\/06\/KD_Kampanjlogo-110x112.jpg 110w\" sizes=\"auto, (max-width: 199px) 100vw, 199px\" \/><\/a><\/p>\n<p>&nbsp;<\/p>\n","protected":false},"excerpt":{"rendered":"<p>I EU-valr\u00f6relsens sista sk\u00e4lvande minuter ordnade Kristdemokraterna en Europafest i Apladalen i V\u00e4rnamo. Ett hundratal \u00e5h\u00f6rare fr\u00e5n hela GGVV-regionen hade kommit f\u00f6r att h\u00f6ra Alf Svensson tala om sina visioner f\u00f6r ett Europa som v\u00e4rnar freden.<\/p>\n","protected":false},"author":412,"featured_media":3643,"comment_status":"closed","ping_status":"closed","sticky":false,"template":"","format":"standard","meta":{"_acf_changed":false,"footnotes":""},"categories":[11],"tags":[243,83,24,172,262,413,204,414,173,23,408,78,208,433,280,62],"class_list":["post-3586","post","type-post","status-publish","format-standard","hentry","category-nyheter","tag-alf-svensson","tag-andreas-carlson","tag-christer-fjordevik","tag-demokrati","tag-ekonomi","tag-eu","tag-europaparlamentet","tag-fred","tag-gemenskap","tag-hakan-johansson","tag-jan-erik-lagarde","tag-manniskovarde","tag-manskliga-rattigheter","tag-marcus-jonsson","tag-samarbete","tag-valrorelse"],"acf":[],"yoast_head":"<!-- This site is optimized with the Yoast SEO plugin v27.4 - https:\/\/yoast.com\/product\/yoast-seo-wordpress\/ -->\n<title>Europafest med Alf Svensson i Apladalen - KRISTDEMOKRATERNA V\u00c4RNAMO<\/title>\n<meta name=\"robots\" content=\"index, follow, max-snippet:-1, max-image-preview:large, max-video-preview:-1\" \/>\n<link rel=\"canonical\" href=\"https:\/\/wp.kristdemokraterna.se\/varnamo\/2009\/06\/05\/europafest-med-alf-svensson-i-apladalen\/\" \/>\n<meta property=\"og:locale\" content=\"sv_SE\" \/>\n<meta property=\"og:type\" content=\"article\" \/>\n<meta property=\"og:title\" content=\"Europafest med Alf Svensson i Apladalen - KRISTDEMOKRATERNA V\u00c4RNAMO\" \/>\n<meta property=\"og:description\" content=\"I EU-valr\u00f6relsens sista sk\u00e4lvande minuter ordnade Kristdemokraterna en Europafest i Apladalen i V\u00e4rnamo. Ett hundratal \u00e5h\u00f6rare fr\u00e5n hela GGVV-regionen hade kommit f\u00f6r att h\u00f6ra Alf Svensson tala om sina visioner f\u00f6r ett Europa som v\u00e4rnar freden.\" \/>\n<meta property=\"og:url\" content=\"https:\/\/wp.kristdemokraterna.se\/varnamo\/2009\/06\/05\/europafest-med-alf-svensson-i-apladalen\/\" \/>\n<meta property=\"og:site_name\" content=\"KRISTDEMOKRATERNA V\u00c4RNAMO\" \/>\n<meta property=\"article:publisher\" content=\"https:\/\/www.facebook.com\/KDVarnamo\/\" \/>\n<meta property=\"article:published_time\" content=\"2009-06-05T12:10:09+00:00\" \/>\n<meta property=\"article:modified_time\" content=\"2015-07-10T16:28:48+00:00\" \/>\n<meta property=\"og:image\" content=\"https:\/\/wp.kristdemokraterna.se\/varnamo\/files\/2009\/06\/20090605_Europafest_AlfSvensson_Scen.png\" \/>\n\t<meta property=\"og:image:width\" content=\"369\" \/>\n\t<meta property=\"og:image:height\" content=\"492\" \/>\n\t<meta property=\"og:image:type\" content=\"image\/png\" \/>\n<meta name=\"author\" content=\"Kristdemokraterna V\u00e4rnamo\" \/>\n<meta name=\"twitter:card\" content=\"summary_large_image\" \/>\n<meta name=\"twitter:creator\" content=\"@KDVarnamo\" \/>\n<meta name=\"twitter:site\" content=\"@KDVarnamo\" \/>\n<meta name=\"twitter:label1\" content=\"Skriven av\" \/>\n\t<meta name=\"twitter:data1\" content=\"Kristdemokraterna V\u00e4rnamo\" \/>\n\t<meta name=\"twitter:label2\" content=\"Ber\u00e4knad l\u00e4stid\" \/>\n\t<meta name=\"twitter:data2\" content=\"1 minut\" \/>\n<script type=\"application\/ld+json\" class=\"yoast-schema-graph\">{\"@context\":\"https:\\\/\\\/schema.org\",\"@graph\":[{\"@type\":\"Article\",\"@id\":\"https:\\\/\\\/wp.kristdemokraterna.se\\\/varnamo\\\/2009\\\/06\\\/05\\\/europafest-med-alf-svensson-i-apladalen\\\/#article\",\"isPartOf\":{\"@id\":\"https:\\\/\\\/wp.kristdemokraterna.se\\\/varnamo\\\/2009\\\/06\\\/05\\\/europafest-med-alf-svensson-i-apladalen\\\/\"},\"author\":{\"name\":\"Kristdemokraterna V\u00e4rnamo\",\"@id\":\"https:\\\/\\\/wp.kristdemokraterna.se\\\/varnamo\\\/#\\\/schema\\\/person\\\/4e339ab04d613699e4dfe80a994e01d4\"},\"headline\":\"Europafest med Alf Svensson i Apladalen\",\"datePublished\":\"2009-06-05T12:10:09+00:00\",\"dateModified\":\"2015-07-10T16:28:48+00:00\",\"mainEntityOfPage\":{\"@id\":\"https:\\\/\\\/wp.kristdemokraterna.se\\\/varnamo\\\/2009\\\/06\\\/05\\\/europafest-med-alf-svensson-i-apladalen\\\/\"},\"wordCount\":280,\"publisher\":{\"@id\":\"https:\\\/\\\/wp.kristdemokraterna.se\\\/varnamo\\\/#organization\"},\"image\":{\"@id\":\"https:\\\/\\\/wp.kristdemokraterna.se\\\/varnamo\\\/2009\\\/06\\\/05\\\/europafest-med-alf-svensson-i-apladalen\\\/#primaryimage\"},\"thumbnailUrl\":\"https:\\\/\\\/wp.kristdemokraterna.se\\\/varnamo\\\/files\\\/2009\\\/06\\\/20090605_Europafest_AlfSvensson_Scen.png\",\"keywords\":[\"Alf Svensson\",\"Andreas Carlson\",\"Christer Fjordevik\",\"demokrati\",\"ekonomi\",\"EU\",\"Europaparlamentet\",\"fred\",\"gemenskap\",\"H\u00e5kan Johansson\",\"Jan-Erik Lag\u00e4rde\",\"m\u00e4nniskov\u00e4rde\",\"m\u00e4nskliga r\u00e4ttigheter\",\"Marcus Jonsson\",\"samarbete\",\"valr\u00f6relse\"],\"articleSection\":[\"Nyheter\"],\"inLanguage\":\"sv-SE\"},{\"@type\":\"WebPage\",\"@id\":\"https:\\\/\\\/wp.kristdemokraterna.se\\\/varnamo\\\/2009\\\/06\\\/05\\\/europafest-med-alf-svensson-i-apladalen\\\/\",\"url\":\"https:\\\/\\\/wp.kristdemokraterna.se\\\/varnamo\\\/2009\\\/06\\\/05\\\/europafest-med-alf-svensson-i-apladalen\\\/\",\"name\":\"Europafest med Alf Svensson i Apladalen - KRISTDEMOKRATERNA V\u00c4RNAMO\",\"isPartOf\":{\"@id\":\"https:\\\/\\\/wp.kristdemokraterna.se\\\/varnamo\\\/#website\"},\"primaryImageOfPage\":{\"@id\":\"https:\\\/\\\/wp.kristdemokraterna.se\\\/varnamo\\\/2009\\\/06\\\/05\\\/europafest-med-alf-svensson-i-apladalen\\\/#primaryimage\"},\"image\":{\"@id\":\"https:\\\/\\\/wp.kristdemokraterna.se\\\/varnamo\\\/2009\\\/06\\\/05\\\/europafest-med-alf-svensson-i-apladalen\\\/#primaryimage\"},\"thumbnailUrl\":\"https:\\\/\\\/wp.kristdemokraterna.se\\\/varnamo\\\/files\\\/2009\\\/06\\\/20090605_Europafest_AlfSvensson_Scen.png\",\"datePublished\":\"2009-06-05T12:10:09+00:00\",\"dateModified\":\"2015-07-10T16:28:48+00:00\",\"breadcrumb\":{\"@id\":\"https:\\\/\\\/wp.kristdemokraterna.se\\\/varnamo\\\/2009\\\/06\\\/05\\\/europafest-med-alf-svensson-i-apladalen\\\/#breadcrumb\"},\"inLanguage\":\"sv-SE\",\"potentialAction\":[{\"@type\":\"ReadAction\",\"target\":[\"https:\\\/\\\/wp.kristdemokraterna.se\\\/varnamo\\\/2009\\\/06\\\/05\\\/europafest-med-alf-svensson-i-apladalen\\\/\"]}]},{\"@type\":\"ImageObject\",\"inLanguage\":\"sv-SE\",\"@id\":\"https:\\\/\\\/wp.kristdemokraterna.se\\\/varnamo\\\/2009\\\/06\\\/05\\\/europafest-med-alf-svensson-i-apladalen\\\/#primaryimage\",\"url\":\"https:\\\/\\\/wp.kristdemokraterna.se\\\/varnamo\\\/files\\\/2009\\\/06\\\/20090605_Europafest_AlfSvensson_Scen.png\",\"contentUrl\":\"https:\\\/\\\/wp.kristdemokraterna.se\\\/varnamo\\\/files\\\/2009\\\/06\\\/20090605_Europafest_AlfSvensson_Scen.png\",\"width\":369,\"height\":492,\"caption\":\"Alf Svensson (KD) framf\u00f6r Apladalens utescen. (Foto: H\u00e5kan Johansson)\"},{\"@type\":\"BreadcrumbList\",\"@id\":\"https:\\\/\\\/wp.kristdemokraterna.se\\\/varnamo\\\/2009\\\/06\\\/05\\\/europafest-med-alf-svensson-i-apladalen\\\/#breadcrumb\",\"itemListElement\":[{\"@type\":\"ListItem\",\"position\":1,\"name\":\"Hem\",\"item\":\"https:\\\/\\\/wp.kristdemokraterna.se\\\/varnamo\\\/\"},{\"@type\":\"ListItem\",\"position\":2,\"name\":\"Europafest med Alf Svensson i Apladalen\"}]},{\"@type\":\"WebSite\",\"@id\":\"https:\\\/\\\/wp.kristdemokraterna.se\\\/varnamo\\\/#website\",\"url\":\"https:\\\/\\\/wp.kristdemokraterna.se\\\/varnamo\\\/\",\"name\":\"KRISTDEMOKRATERNA V\u00c4RNAMO\",\"description\":\"Med hj\u00e4rta f\u00f6r V\u00e4rnamo\",\"publisher\":{\"@id\":\"https:\\\/\\\/wp.kristdemokraterna.se\\\/varnamo\\\/#organization\"},\"inLanguage\":\"sv-SE\"},{\"@type\":\"Organization\",\"@id\":\"https:\\\/\\\/wp.kristdemokraterna.se\\\/varnamo\\\/#organization\",\"name\":\"Kristdemokraterna V\u00e4rnamo\",\"url\":\"https:\\\/\\\/wp.kristdemokraterna.se\\\/varnamo\\\/\",\"logo\":{\"@type\":\"ImageObject\",\"inLanguage\":\"sv-SE\",\"@id\":\"https:\\\/\\\/wp.kristdemokraterna.se\\\/varnamo\\\/#\\\/schema\\\/logo\\\/image\\\/\",\"url\":\"https:\\\/\\\/wp.kristdemokraterna.se\\\/varnamo\\\/files\\\/2022\\\/08\\\/va\u2560ernamo-sida-bla-300dpi.png\",\"contentUrl\":\"https:\\\/\\\/wp.kristdemokraterna.se\\\/varnamo\\\/files\\\/2022\\\/08\\\/va\u2560ernamo-sida-bla-300dpi.png\",\"width\":1485,\"height\":681,\"caption\":\"Kristdemokraterna V\u00e4rnamo\"},\"image\":{\"@id\":\"https:\\\/\\\/wp.kristdemokraterna.se\\\/varnamo\\\/#\\\/schema\\\/logo\\\/image\\\/\"},\"sameAs\":[\"https:\\\/\\\/www.facebook.com\\\/KDVarnamo\\\/\",\"https:\\\/\\\/x.com\\\/KDVarnamo\",\"https:\\\/\\\/www.instagram.com\\\/\",\"https:\\\/\\\/www.youtube.com\\\/user\\\/studiokd\\\/videos\"]},{\"@type\":\"Person\",\"@id\":\"https:\\\/\\\/wp.kristdemokraterna.se\\\/varnamo\\\/#\\\/schema\\\/person\\\/4e339ab04d613699e4dfe80a994e01d4\",\"name\":\"Kristdemokraterna V\u00e4rnamo\",\"image\":{\"@type\":\"ImageObject\",\"inLanguage\":\"sv-SE\",\"@id\":\"https:\\\/\\\/secure.gravatar.com\\\/avatar\\\/c122e48c7723992af51eb155eeaa93db3c1fa324e3fc6ec45dd712c812809b5b?s=96&r=g\",\"url\":\"https:\\\/\\\/secure.gravatar.com\\\/avatar\\\/c122e48c7723992af51eb155eeaa93db3c1fa324e3fc6ec45dd712c812809b5b?s=96&r=g\",\"contentUrl\":\"https:\\\/\\\/secure.gravatar.com\\\/avatar\\\/c122e48c7723992af51eb155eeaa93db3c1fa324e3fc6ec45dd712c812809b5b?s=96&r=g\",\"caption\":\"Kristdemokraterna V\u00e4rnamo\"},\"description\":\"Familjens r\u00f6st\",\"sameAs\":[\"http:\\\/\\\/www.varnamo.kristdemokraterna.se\"],\"url\":\"https:\\\/\\\/wp.kristdemokraterna.se\\\/varnamo\\\/author\\\/varnamo\\\/\"}]}<\/script>\n<!-- \/ Yoast SEO plugin. -->","yoast_head_json":{"title":"Europafest med Alf Svensson i Apladalen - KRISTDEMOKRATERNA V\u00c4RNAMO","robots":{"index":"index","follow":"follow","max-snippet":"max-snippet:-1","max-image-preview":"max-image-preview:large","max-video-preview":"max-video-preview:-1"},"canonical":"https:\/\/wp.kristdemokraterna.se\/varnamo\/2009\/06\/05\/europafest-med-alf-svensson-i-apladalen\/","og_locale":"sv_SE","og_type":"article","og_title":"Europafest med Alf Svensson i Apladalen - KRISTDEMOKRATERNA V\u00c4RNAMO","og_description":"I EU-valr\u00f6relsens sista sk\u00e4lvande minuter ordnade Kristdemokraterna en Europafest i Apladalen i V\u00e4rnamo. Ett hundratal \u00e5h\u00f6rare fr\u00e5n hela GGVV-regionen hade kommit f\u00f6r att h\u00f6ra Alf Svensson tala om sina visioner f\u00f6r ett Europa som v\u00e4rnar freden.","og_url":"https:\/\/wp.kristdemokraterna.se\/varnamo\/2009\/06\/05\/europafest-med-alf-svensson-i-apladalen\/","og_site_name":"KRISTDEMOKRATERNA V\u00c4RNAMO","article_publisher":"https:\/\/www.facebook.com\/KDVarnamo\/","article_published_time":"2009-06-05T12:10:09+00:00","article_modified_time":"2015-07-10T16:28:48+00:00","og_image":[{"width":369,"height":492,"url":"https:\/\/wp.kristdemokraterna.se\/varnamo\/files\/2009\/06\/20090605_Europafest_AlfSvensson_Scen.png","type":"image\/png"}],"author":"Kristdemokraterna V\u00e4rnamo","twitter_card":"summary_large_image","twitter_creator":"@KDVarnamo","twitter_site":"@KDVarnamo","twitter_misc":{"Skriven av":"Kristdemokraterna V\u00e4rnamo","Ber\u00e4knad l\u00e4stid":"1 minut"},"schema":{"@context":"https:\/\/schema.org","@graph":[{"@type":"Article","@id":"https:\/\/wp.kristdemokraterna.se\/varnamo\/2009\/06\/05\/europafest-med-alf-svensson-i-apladalen\/#article","isPartOf":{"@id":"https:\/\/wp.kristdemokraterna.se\/varnamo\/2009\/06\/05\/europafest-med-alf-svensson-i-apladalen\/"},"author":{"name":"Kristdemokraterna V\u00e4rnamo","@id":"https:\/\/wp.kristdemokraterna.se\/varnamo\/#\/schema\/person\/4e339ab04d613699e4dfe80a994e01d4"},"headline":"Europafest med Alf Svensson i Apladalen","datePublished":"2009-06-05T12:10:09+00:00","dateModified":"2015-07-10T16:28:48+00:00","mainEntityOfPage":{"@id":"https:\/\/wp.kristdemokraterna.se\/varnamo\/2009\/06\/05\/europafest-med-alf-svensson-i-apladalen\/"},"wordCount":280,"publisher":{"@id":"https:\/\/wp.kristdemokraterna.se\/varnamo\/#organization"},"image":{"@id":"https:\/\/wp.kristdemokraterna.se\/varnamo\/2009\/06\/05\/europafest-med-alf-svensson-i-apladalen\/#primaryimage"},"thumbnailUrl":"https:\/\/wp.kristdemokraterna.se\/varnamo\/files\/2009\/06\/20090605_Europafest_AlfSvensson_Scen.png","keywords":["Alf Svensson","Andreas Carlson","Christer Fjordevik","demokrati","ekonomi","EU","Europaparlamentet","fred","gemenskap","H\u00e5kan Johansson","Jan-Erik Lag\u00e4rde","m\u00e4nniskov\u00e4rde","m\u00e4nskliga r\u00e4ttigheter","Marcus Jonsson","samarbete","valr\u00f6relse"],"articleSection":["Nyheter"],"inLanguage":"sv-SE"},{"@type":"WebPage","@id":"https:\/\/wp.kristdemokraterna.se\/varnamo\/2009\/06\/05\/europafest-med-alf-svensson-i-apladalen\/","url":"https:\/\/wp.kristdemokraterna.se\/varnamo\/2009\/06\/05\/europafest-med-alf-svensson-i-apladalen\/","name":"Europafest med Alf Svensson i Apladalen - KRISTDEMOKRATERNA V\u00c4RNAMO","isPartOf":{"@id":"https:\/\/wp.kristdemokraterna.se\/varnamo\/#website"},"primaryImageOfPage":{"@id":"https:\/\/wp.kristdemokraterna.se\/varnamo\/2009\/06\/05\/europafest-med-alf-svensson-i-apladalen\/#primaryimage"},"image":{"@id":"https:\/\/wp.kristdemokraterna.se\/varnamo\/2009\/06\/05\/europafest-med-alf-svensson-i-apladalen\/#primaryimage"},"thumbnailUrl":"https:\/\/wp.kristdemokraterna.se\/varnamo\/files\/2009\/06\/20090605_Europafest_AlfSvensson_Scen.png","datePublished":"2009-06-05T12:10:09+00:00","dateModified":"2015-07-10T16:28:48+00:00","breadcrumb":{"@id":"https:\/\/wp.kristdemokraterna.se\/varnamo\/2009\/06\/05\/europafest-med-alf-svensson-i-apladalen\/#breadcrumb"},"inLanguage":"sv-SE","potentialAction":[{"@type":"ReadAction","target":["https:\/\/wp.kristdemokraterna.se\/varnamo\/2009\/06\/05\/europafest-med-alf-svensson-i-apladalen\/"]}]},{"@type":"ImageObject","inLanguage":"sv-SE","@id":"https:\/\/wp.kristdemokraterna.se\/varnamo\/2009\/06\/05\/europafest-med-alf-svensson-i-apladalen\/#primaryimage","url":"https:\/\/wp.kristdemokraterna.se\/varnamo\/files\/2009\/06\/20090605_Europafest_AlfSvensson_Scen.png","contentUrl":"https:\/\/wp.kristdemokraterna.se\/varnamo\/files\/2009\/06\/20090605_Europafest_AlfSvensson_Scen.png","width":369,"height":492,"caption":"Alf Svensson (KD) framf\u00f6r Apladalens utescen. (Foto: H\u00e5kan Johansson)"},{"@type":"BreadcrumbList","@id":"https:\/\/wp.kristdemokraterna.se\/varnamo\/2009\/06\/05\/europafest-med-alf-svensson-i-apladalen\/#breadcrumb","itemListElement":[{"@type":"ListItem","position":1,"name":"Hem","item":"https:\/\/wp.kristdemokraterna.se\/varnamo\/"},{"@type":"ListItem","position":2,"name":"Europafest med Alf Svensson i Apladalen"}]},{"@type":"WebSite","@id":"https:\/\/wp.kristdemokraterna.se\/varnamo\/#website","url":"https:\/\/wp.kristdemokraterna.se\/varnamo\/","name":"KRISTDEMOKRATERNA V\u00c4RNAMO","description":"Med hj\u00e4rta f\u00f6r V\u00e4rnamo","publisher":{"@id":"https:\/\/wp.kristdemokraterna.se\/varnamo\/#organization"},"inLanguage":"sv-SE"},{"@type":"Organization","@id":"https:\/\/wp.kristdemokraterna.se\/varnamo\/#organization","name":"Kristdemokraterna V\u00e4rnamo","url":"https:\/\/wp.kristdemokraterna.se\/varnamo\/","logo":{"@type":"ImageObject","inLanguage":"sv-SE","@id":"https:\/\/wp.kristdemokraterna.se\/varnamo\/#\/schema\/logo\/image\/","url":"https:\/\/wp.kristdemokraterna.se\/varnamo\/files\/2022\/08\/va\u2560ernamo-sida-bla-300dpi.png","contentUrl":"https:\/\/wp.kristdemokraterna.se\/varnamo\/files\/2022\/08\/va\u2560ernamo-sida-bla-300dpi.png","width":1485,"height":681,"caption":"Kristdemokraterna V\u00e4rnamo"},"image":{"@id":"https:\/\/wp.kristdemokraterna.se\/varnamo\/#\/schema\/logo\/image\/"},"sameAs":["https:\/\/www.facebook.com\/KDVarnamo\/","https:\/\/x.com\/KDVarnamo","https:\/\/www.instagram.com\/","https:\/\/www.youtube.com\/user\/studiokd\/videos"]},{"@type":"Person","@id":"https:\/\/wp.kristdemokraterna.se\/varnamo\/#\/schema\/person\/4e339ab04d613699e4dfe80a994e01d4","name":"Kristdemokraterna V\u00e4rnamo","image":{"@type":"ImageObject","inLanguage":"sv-SE","@id":"https:\/\/secure.gravatar.com\/avatar\/c122e48c7723992af51eb155eeaa93db3c1fa324e3fc6ec45dd712c812809b5b?s=96&r=g","url":"https:\/\/secure.gravatar.com\/avatar\/c122e48c7723992af51eb155eeaa93db3c1fa324e3fc6ec45dd712c812809b5b?s=96&r=g","contentUrl":"https:\/\/secure.gravatar.com\/avatar\/c122e48c7723992af51eb155eeaa93db3c1fa324e3fc6ec45dd712c812809b5b?s=96&r=g","caption":"Kristdemokraterna V\u00e4rnamo"},"description":"Familjens r\u00f6st","sameAs":["http:\/\/www.varnamo.kristdemokraterna.se"],"url":"https:\/\/wp.kristdemokraterna.se\/varnamo\/author\/varnamo\/"}]}},"_links":{"self":[{"href":"https:\/\/wp.kristdemokraterna.se\/varnamo\/wp-json\/wp\/v2\/posts\/3586","targetHints":{"allow":["GET"]}}],"collection":[{"href":"https:\/\/wp.kristdemokraterna.se\/varnamo\/wp-json\/wp\/v2\/posts"}],"about":[{"href":"https:\/\/wp.kristdemokraterna.se\/varnamo\/wp-json\/wp\/v2\/types\/post"}],"author":[{"embeddable":true,"href":"https:\/\/wp.kristdemokraterna.se\/varnamo\/wp-json\/wp\/v2\/users\/412"}],"replies":[{"embeddable":true,"href":"https:\/\/wp.kristdemokraterna.se\/varnamo\/wp-json\/wp\/v2\/comments?post=3586"}],"version-history":[{"count":15,"href":"https:\/\/wp.kristdemokraterna.se\/varnamo\/wp-json\/wp\/v2\/posts\/3586\/revisions"}],"predecessor-version":[{"id":6716,"href":"https:\/\/wp.kristdemokraterna.se\/varnamo\/wp-json\/wp\/v2\/posts\/3586\/revisions\/6716"}],"wp:featuredmedia":[{"embeddable":true,"href":"https:\/\/wp.kristdemokraterna.se\/varnamo\/wp-json\/wp\/v2\/media\/3643"}],"wp:attachment":[{"href":"https:\/\/wp.kristdemokraterna.se\/varnamo\/wp-json\/wp\/v2\/media?parent=3586"}],"wp:term":[{"taxonomy":"category","embeddable":true,"href":"https:\/\/wp.kristdemokraterna.se\/varnamo\/wp-json\/wp\/v2\/categories?post=3586"},{"taxonomy":"post_tag","embeddable":true,"href":"https:\/\/wp.kristdemokraterna.se\/varnamo\/wp-json\/wp\/v2\/tags?post=3586"}],"curies":[{"name":"wp","href":"https:\/\/api.w.org\/{rel}","templated":true}]}}