{"id":3604,"date":"2013-11-15T23:08:28","date_gmt":"2013-11-15T22:08:28","guid":{"rendered":"http:\/\/wp.kristdemokraterna.se\/varnamo\/?p=3604"},"modified":"2015-07-10T14:19:16","modified_gmt":"2015-07-10T12:19:16","slug":"politikerpar-med-spannande-jobb-besokte-hostfesten","status":"publish","type":"post","link":"https:\/\/wp.kristdemokraterna.se\/varnamo\/2013\/11\/15\/politikerpar-med-spannande-jobb-besokte-hostfesten\/","title":{"rendered":"Politikerpar med sp\u00e4nnande jobb bes\u00f6kte h\u00f6stfesten"},"content":{"rendered":"<p>N\u00e4r Kristdemokraterna i V\u00e4rnamo firade h\u00f6st var det tv\u00e5 gr\u00e4nnabor och en forshedabo som stod f\u00f6r programmet. Andreas Sturesson och Hannah Ekeroos Sturesson talade om hur vardagen kan se ut i deras ganska ovanliga yrken och Bernt Olsson underh\u00f6ll med pianomusik.<\/p>\n<p><!--more-->F\u00f6rst ut var Hannah Ekeroos Sturesson som \u00e4r pressekreterare hos Kristdemokraternas partiledare G\u00f6ran H\u00e4gglund p\u00e5 Socialdepartemenentet. Hon ber\u00e4ttade om en vardag som kan best\u00e5 i allt fr\u00e5n att skriva pressmeddelanden till att planera och f\u00f6lja med p\u00e5 ministerbes\u00f6k runt hela jorden.<\/p>\n<p>G\u00f6ran H\u00e4gglunds stab best\u00e5r av 13 personer just nu och deras viktigaste uppgift \u00e4r att f\u00f6rbereda och underl\u00e4tta arbetet f\u00f6r partiledaren. Det gick inte att undg\u00e5 att m\u00e4rka hur hon trivs med sitt jobb, sina arbetskamrater och framf\u00f6r allt sin chef.<\/p>\n<p>Efter Hannah var det Andreas Sturessons tur. Andreas \u00e4r kommunalr\u00e5d i J\u00f6nk\u00f6pings kommun, d\u00e4r han har ansvaret f\u00f6r bland annat \u00e4ldreomsorgen. Det \u00e4r ett roligt, sp\u00e4nnande och varierande jobb, sade han, men det inneb\u00e4r \u00e4ven mycket ansvar och stora utmaningar. J\u00f6nk\u00f6ping \u00e4r en v\u00e4xande stad och har ett stort behov av \u00e4ldreboenden nu och fram\u00e5t. Tack vare Kristdemokraterna byggs det ocks\u00e5 fler \u00e4ldreboenden nu!<\/p>\n<p>N\u00e5got av det viktigaste inom \u00e4ldreomsorgen f\u00f6r Kristdemokraterna \u00e4r valfrihet \u2013\u00a0att g\u00f6ra det m\u00f6jligt f\u00f6r de \u00e4ldre att ha inflytande \u00f6ver det st\u00f6d kommunen ger. Viktiga personer i det arbetet \u00e4r anh\u00f6rigv\u00e5rdarna.<\/p>\n<p>&#8211; Utan anh\u00f6rigv\u00e5rdare stannar \u00e4ldreomsorgen, travesterade Andreas.<\/p>\n<p>En annan stor utmaning som Andreas har att hantera \u00e4r den h\u00f6ga f\u00f6rskrivningen av psykofarmaka, framf\u00f6r allt till ungdomar. F\u00f6r att m\u00f6ta den har Kristdemokraterna i kommunen och landstinget, personifierade av Andreas Sturesson och Mia Frisk, tagit initiativ till barn- och ungdomsh\u00e4lsan i Huskvarna.<\/p>\n<p>Bernt Olsson,\u00a0<abbr title=\"Kristdemokratiska ungdomsf\u00f6rbundet\">KDU<\/abbr>:s f\u00f6rste ordf\u00f6rande, var ocks\u00e5 med och underh\u00f6ll med ett varierat program p\u00e5 piano. Planeringsgruppen hade lagt ner ett stort arbete p\u00e5 att ordna fika och lotterier i m\u00e4ngder. Kort sagt s\u00e5 var det ytterligare en riktigt trevlig h\u00f6stfest hos Kristdemokraterna V\u00e4rnamo.<\/p>\n\n\t\t<style type=\"text\/css\">\n\t\t\t#gallery-1 {\n\t\t\t\tmargin: auto;\n\t\t\t}\n\t\t\t#gallery-1 .gallery-item {\n\t\t\t\tfloat: left;\n\t\t\t\tmargin-top: 10px;\n\t\t\t\ttext-align: center;\n\t\t\t\twidth: 33%;\n\t\t\t}\n\t\t\t#gallery-1 img {\n\t\t\t\tborder: 2px solid #cfcfcf;\n\t\t\t}\n\t\t\t#gallery-1 .gallery-caption {\n\t\t\t\tmargin-left: 0;\n\t\t\t}\n\t\t\t\/* see gallery_shortcode() in wp-includes\/media.php *\/\n\t\t<\/style>\n\t\t<div id='gallery-1' class='gallery galleryid-3604 gallery-columns-3 gallery-size-thumbnail'><dl class='gallery-item'>\n\t\t\t<dt class='gallery-icon portrait'>\n\t\t\t\t<a href='https:\/\/wp.kristdemokraterna.se\/varnamo\/2013\/11\/15\/politikerpar-med-spannande-jobb-besokte-hostfesten\/20131115-hostfest-hannahekroossturesson\/'><img loading=\"lazy\" decoding=\"async\" width=\"150\" height=\"150\" src=\"https:\/\/wp.kristdemokraterna.se\/varnamo\/files\/2013\/11\/20131115_Hostfest_HannahEkroosSturesson-150x150.png\" class=\"attachment-thumbnail size-thumbnail\" alt=\"Hannah Ekeroos Sturesson (KD), G\u00f6ran H\u00e4gglunds pressekreterare. (Foto: H\u00e5kan Johansson)\" aria-describedby=\"gallery-1-3608\" \/><\/a>\n\t\t\t<\/dt>\n\t\t\t\t<dd class='wp-caption-text gallery-caption' id='gallery-1-3608'>\n\t\t\t\tHannah Ekeroos Sturesson (KD), G\u00f6ran H\u00e4gglunds pressekreterare. (Foto: H\u00e5kan Johansson)\n\t\t\t\t<\/dd><\/dl><dl class='gallery-item'>\n\t\t\t<dt class='gallery-icon portrait'>\n\t\t\t\t<a href='https:\/\/wp.kristdemokraterna.se\/varnamo\/2013\/11\/15\/politikerpar-med-spannande-jobb-besokte-hostfesten\/20131115-hostfest-andreassturesson\/'><img loading=\"lazy\" decoding=\"async\" width=\"150\" height=\"150\" src=\"https:\/\/wp.kristdemokraterna.se\/varnamo\/files\/2013\/11\/20131115_Hostfest_AndreasSturesson-150x150.png\" class=\"attachment-thumbnail size-thumbnail\" alt=\"Andreas Sturesson (KD), kommunalr\u00e5d i J\u00f6nk\u00f6pings kommun. (Foto: H\u00e5kan Johansson)\" aria-describedby=\"gallery-1-3606\" \/><\/a>\n\t\t\t<\/dt>\n\t\t\t\t<dd class='wp-caption-text gallery-caption' id='gallery-1-3606'>\n\t\t\t\tAndreas Sturesson (KD), kommunalr\u00e5d i J\u00f6nk\u00f6pings kommun. (Foto: H\u00e5kan Johansson)\n\t\t\t\t<\/dd><\/dl><dl class='gallery-item'>\n\t\t\t<dt class='gallery-icon landscape'>\n\t\t\t\t<a href='https:\/\/wp.kristdemokraterna.se\/varnamo\/2013\/11\/15\/politikerpar-med-spannande-jobb-besokte-hostfesten\/20131115-hostfest-berntolsson\/'><img loading=\"lazy\" decoding=\"async\" width=\"150\" height=\"150\" src=\"https:\/\/wp.kristdemokraterna.se\/varnamo\/files\/2013\/11\/20131115_Hostfest_BerntOlsson-150x150.png\" class=\"attachment-thumbnail size-thumbnail\" alt=\"Bernt Olsson underh\u00f6ll med pianomusik. (Foto: H\u00e5kan Johansson)\" aria-describedby=\"gallery-1-3607\" \/><\/a>\n\t\t\t<\/dt>\n\t\t\t\t<dd class='wp-caption-text gallery-caption' id='gallery-1-3607'>\n\t\t\t\tBernt Olsson underh\u00f6ll med pianomusik. (Foto: H\u00e5kan Johansson)\n\t\t\t\t<\/dd><\/dl><br style=\"clear: both\" \/><dl class='gallery-item'>\n\t\t\t<dt class='gallery-icon landscape'>\n\t\t\t\t<a href='https:\/\/wp.kristdemokraterna.se\/varnamo\/2013\/11\/15\/politikerpar-med-spannande-jobb-besokte-hostfesten\/20131115-hostfest-andreassturesson-berntolsson-hannahekeroossturesson\/'><img loading=\"lazy\" decoding=\"async\" width=\"150\" height=\"150\" src=\"https:\/\/wp.kristdemokraterna.se\/varnamo\/files\/2013\/11\/20131115_Hostfest_AndreasSturesson_BerntOlsson_HannahEkeroosSturesson-150x150.png\" class=\"attachment-thumbnail size-thumbnail\" alt=\"Andreas Sturesson, Gr\u00e4nna, Bernt Olsson, Forsheda och Hannah Ekeroos Sturesson, Gr\u00e4nna, stod f\u00f6r programmet p\u00e5 h\u00f6stfesten. (Foto: H\u00e5kan Johansson)\" aria-describedby=\"gallery-1-3858\" \/><\/a>\n\t\t\t<\/dt>\n\t\t\t\t<dd class='wp-caption-text gallery-caption' id='gallery-1-3858'>\n\t\t\t\tAndreas Sturesson, Gr\u00e4nna, Bernt Olsson, Forsheda och Hannah Ekeroos Sturesson, Gr\u00e4nna, stod f\u00f6r programmet p\u00e5 h\u00f6stfesten. (Foto: H\u00e5kan Johansson)\n\t\t\t\t<\/dd><\/dl>\n\t\t\t<br style='clear: both' \/>\n\t\t<\/div>\n\n","protected":false},"excerpt":{"rendered":"<p>N\u00e4r Kristdemokraterna i V\u00e4rnamo firade h\u00f6st var det tv\u00e5 gr\u00e4nnabor och en forshedabo som stod f\u00f6r programmet. Andreas Sturesson och Hannah Ekeroos Sturesson talade om hur vardagen kan se ut i deras ganska ovanliga yrken och Bernt Olsson underh\u00f6ll med pianomusik.<\/p>\n","protected":false},"author":412,"featured_media":3858,"comment_status":"closed","ping_status":"closed","sticky":false,"template":"","format":"standard","meta":{"_acf_changed":false,"footnotes":""},"categories":[11],"tags":[40,431,31,116,174,117,432,115,294,145],"class_list":["post-3604","post","type-post","status-publish","format-standard","hentry","category-nyheter","tag-aldreomsorg","tag-andreas-sturesson","tag-barn-och-unga","tag-bernt-olsson","tag-boende","tag-goran-hagglund","tag-hannah-ekeroos-sturesson","tag-hostfest","tag-kommunalrad","tag-valfrihet"],"acf":[],"yoast_head":"<!-- This site is optimized with the Yoast SEO plugin v27.4 - https:\/\/yoast.com\/product\/yoast-seo-wordpress\/ -->\n<title>Politikerpar med sp\u00e4nnande jobb bes\u00f6kte h\u00f6stfesten - KRISTDEMOKRATERNA V\u00c4RNAMO<\/title>\n<meta name=\"robots\" content=\"index, follow, max-snippet:-1, max-image-preview:large, max-video-preview:-1\" \/>\n<link rel=\"canonical\" href=\"https:\/\/wp.kristdemokraterna.se\/varnamo\/2013\/11\/15\/politikerpar-med-spannande-jobb-besokte-hostfesten\/\" \/>\n<meta property=\"og:locale\" content=\"sv_SE\" \/>\n<meta property=\"og:type\" content=\"article\" \/>\n<meta property=\"og:title\" content=\"Politikerpar med sp\u00e4nnande jobb bes\u00f6kte h\u00f6stfesten - KRISTDEMOKRATERNA V\u00c4RNAMO\" \/>\n<meta property=\"og:description\" content=\"N\u00e4r Kristdemokraterna i V\u00e4rnamo firade h\u00f6st var det tv\u00e5 gr\u00e4nnabor och en forshedabo som stod f\u00f6r programmet. Andreas Sturesson och Hannah Ekeroos Sturesson talade om hur vardagen kan se ut i deras ganska ovanliga yrken och Bernt Olsson underh\u00f6ll med pianomusik.\" \/>\n<meta property=\"og:url\" content=\"https:\/\/wp.kristdemokraterna.se\/varnamo\/2013\/11\/15\/politikerpar-med-spannande-jobb-besokte-hostfesten\/\" \/>\n<meta property=\"og:site_name\" content=\"KRISTDEMOKRATERNA V\u00c4RNAMO\" \/>\n<meta property=\"article:publisher\" content=\"https:\/\/www.facebook.com\/KDVarnamo\/\" \/>\n<meta property=\"article:published_time\" content=\"2013-11-15T22:08:28+00:00\" \/>\n<meta property=\"article:modified_time\" content=\"2015-07-10T12:19:16+00:00\" \/>\n<meta property=\"og:image\" content=\"https:\/\/wp.kristdemokraterna.se\/varnamo\/files\/2013\/11\/20131115_Hostfest_AndreasSturesson_BerntOlsson_HannahEkeroosSturesson.png\" \/>\n\t<meta property=\"og:image:width\" content=\"435\" \/>\n\t<meta property=\"og:image:height\" content=\"245\" \/>\n\t<meta property=\"og:image:type\" content=\"image\/png\" \/>\n<meta name=\"author\" content=\"Kristdemokraterna V\u00e4rnamo\" \/>\n<meta name=\"twitter:card\" content=\"summary_large_image\" \/>\n<meta name=\"twitter:creator\" content=\"@KDVarnamo\" \/>\n<meta name=\"twitter:site\" content=\"@KDVarnamo\" \/>\n<meta name=\"twitter:label1\" content=\"Skriven av\" \/>\n\t<meta name=\"twitter:data1\" content=\"Kristdemokraterna V\u00e4rnamo\" \/>\n\t<meta name=\"twitter:label2\" content=\"Ber\u00e4knad l\u00e4stid\" \/>\n\t<meta name=\"twitter:data2\" content=\"2 minuter\" \/>\n<script type=\"application\/ld+json\" class=\"yoast-schema-graph\">{\"@context\":\"https:\\\/\\\/schema.org\",\"@graph\":[{\"@type\":\"Article\",\"@id\":\"https:\\\/\\\/wp.kristdemokraterna.se\\\/varnamo\\\/2013\\\/11\\\/15\\\/politikerpar-med-spannande-jobb-besokte-hostfesten\\\/#article\",\"isPartOf\":{\"@id\":\"https:\\\/\\\/wp.kristdemokraterna.se\\\/varnamo\\\/2013\\\/11\\\/15\\\/politikerpar-med-spannande-jobb-besokte-hostfesten\\\/\"},\"author\":{\"name\":\"Kristdemokraterna V\u00e4rnamo\",\"@id\":\"https:\\\/\\\/wp.kristdemokraterna.se\\\/varnamo\\\/#\\\/schema\\\/person\\\/4e339ab04d613699e4dfe80a994e01d4\"},\"headline\":\"Politikerpar med sp\u00e4nnande jobb bes\u00f6kte h\u00f6stfesten\",\"datePublished\":\"2013-11-15T22:08:28+00:00\",\"dateModified\":\"2015-07-10T12:19:16+00:00\",\"mainEntityOfPage\":{\"@id\":\"https:\\\/\\\/wp.kristdemokraterna.se\\\/varnamo\\\/2013\\\/11\\\/15\\\/politikerpar-med-spannande-jobb-besokte-hostfesten\\\/\"},\"wordCount\":383,\"publisher\":{\"@id\":\"https:\\\/\\\/wp.kristdemokraterna.se\\\/varnamo\\\/#organization\"},\"image\":{\"@id\":\"https:\\\/\\\/wp.kristdemokraterna.se\\\/varnamo\\\/2013\\\/11\\\/15\\\/politikerpar-med-spannande-jobb-besokte-hostfesten\\\/#primaryimage\"},\"thumbnailUrl\":\"https:\\\/\\\/wp.kristdemokraterna.se\\\/varnamo\\\/files\\\/2013\\\/11\\\/20131115_Hostfest_AndreasSturesson_BerntOlsson_HannahEkeroosSturesson.png\",\"keywords\":[\"\u00e4ldreomsorg\",\"Andreas Sturesson\",\"barn och unga\",\"Bernt Olsson\",\"boende\",\"G\u00f6ran H\u00e4gglund\",\"Hannah Ekeroos Sturesson\",\"h\u00f6stfest\",\"kommunalr\u00e5d\",\"valfrihet\"],\"articleSection\":[\"Nyheter\"],\"inLanguage\":\"sv-SE\"},{\"@type\":\"WebPage\",\"@id\":\"https:\\\/\\\/wp.kristdemokraterna.se\\\/varnamo\\\/2013\\\/11\\\/15\\\/politikerpar-med-spannande-jobb-besokte-hostfesten\\\/\",\"url\":\"https:\\\/\\\/wp.kristdemokraterna.se\\\/varnamo\\\/2013\\\/11\\\/15\\\/politikerpar-med-spannande-jobb-besokte-hostfesten\\\/\",\"name\":\"Politikerpar med sp\u00e4nnande jobb bes\u00f6kte h\u00f6stfesten - KRISTDEMOKRATERNA V\u00c4RNAMO\",\"isPartOf\":{\"@id\":\"https:\\\/\\\/wp.kristdemokraterna.se\\\/varnamo\\\/#website\"},\"primaryImageOfPage\":{\"@id\":\"https:\\\/\\\/wp.kristdemokraterna.se\\\/varnamo\\\/2013\\\/11\\\/15\\\/politikerpar-med-spannande-jobb-besokte-hostfesten\\\/#primaryimage\"},\"image\":{\"@id\":\"https:\\\/\\\/wp.kristdemokraterna.se\\\/varnamo\\\/2013\\\/11\\\/15\\\/politikerpar-med-spannande-jobb-besokte-hostfesten\\\/#primaryimage\"},\"thumbnailUrl\":\"https:\\\/\\\/wp.kristdemokraterna.se\\\/varnamo\\\/files\\\/2013\\\/11\\\/20131115_Hostfest_AndreasSturesson_BerntOlsson_HannahEkeroosSturesson.png\",\"datePublished\":\"2013-11-15T22:08:28+00:00\",\"dateModified\":\"2015-07-10T12:19:16+00:00\",\"breadcrumb\":{\"@id\":\"https:\\\/\\\/wp.kristdemokraterna.se\\\/varnamo\\\/2013\\\/11\\\/15\\\/politikerpar-med-spannande-jobb-besokte-hostfesten\\\/#breadcrumb\"},\"inLanguage\":\"sv-SE\",\"potentialAction\":[{\"@type\":\"ReadAction\",\"target\":[\"https:\\\/\\\/wp.kristdemokraterna.se\\\/varnamo\\\/2013\\\/11\\\/15\\\/politikerpar-med-spannande-jobb-besokte-hostfesten\\\/\"]}]},{\"@type\":\"ImageObject\",\"inLanguage\":\"sv-SE\",\"@id\":\"https:\\\/\\\/wp.kristdemokraterna.se\\\/varnamo\\\/2013\\\/11\\\/15\\\/politikerpar-med-spannande-jobb-besokte-hostfesten\\\/#primaryimage\",\"url\":\"https:\\\/\\\/wp.kristdemokraterna.se\\\/varnamo\\\/files\\\/2013\\\/11\\\/20131115_Hostfest_AndreasSturesson_BerntOlsson_HannahEkeroosSturesson.png\",\"contentUrl\":\"https:\\\/\\\/wp.kristdemokraterna.se\\\/varnamo\\\/files\\\/2013\\\/11\\\/20131115_Hostfest_AndreasSturesson_BerntOlsson_HannahEkeroosSturesson.png\",\"width\":435,\"height\":245,\"caption\":\"Andreas Sturesson, Gr\u00e4nna, Bernt Olsson, Forsheda och Hannah Ekeroos Sturesson, Gr\u00e4nna, stod f\u00f6r programmet p\u00e5 h\u00f6stfesten. (Foto: H\u00e5kan Johansson)\"},{\"@type\":\"BreadcrumbList\",\"@id\":\"https:\\\/\\\/wp.kristdemokraterna.se\\\/varnamo\\\/2013\\\/11\\\/15\\\/politikerpar-med-spannande-jobb-besokte-hostfesten\\\/#breadcrumb\",\"itemListElement\":[{\"@type\":\"ListItem\",\"position\":1,\"name\":\"Hem\",\"item\":\"https:\\\/\\\/wp.kristdemokraterna.se\\\/varnamo\\\/\"},{\"@type\":\"ListItem\",\"position\":2,\"name\":\"Politikerpar med sp\u00e4nnande jobb bes\u00f6kte h\u00f6stfesten\"}]},{\"@type\":\"WebSite\",\"@id\":\"https:\\\/\\\/wp.kristdemokraterna.se\\\/varnamo\\\/#website\",\"url\":\"https:\\\/\\\/wp.kristdemokraterna.se\\\/varnamo\\\/\",\"name\":\"KRISTDEMOKRATERNA V\u00c4RNAMO\",\"description\":\"Med hj\u00e4rta f\u00f6r V\u00e4rnamo\",\"publisher\":{\"@id\":\"https:\\\/\\\/wp.kristdemokraterna.se\\\/varnamo\\\/#organization\"},\"inLanguage\":\"sv-SE\"},{\"@type\":\"Organization\",\"@id\":\"https:\\\/\\\/wp.kristdemokraterna.se\\\/varnamo\\\/#organization\",\"name\":\"Kristdemokraterna V\u00e4rnamo\",\"url\":\"https:\\\/\\\/wp.kristdemokraterna.se\\\/varnamo\\\/\",\"logo\":{\"@type\":\"ImageObject\",\"inLanguage\":\"sv-SE\",\"@id\":\"https:\\\/\\\/wp.kristdemokraterna.se\\\/varnamo\\\/#\\\/schema\\\/logo\\\/image\\\/\",\"url\":\"https:\\\/\\\/wp.kristdemokraterna.se\\\/varnamo\\\/files\\\/2022\\\/08\\\/va\u2560ernamo-sida-bla-300dpi.png\",\"contentUrl\":\"https:\\\/\\\/wp.kristdemokraterna.se\\\/varnamo\\\/files\\\/2022\\\/08\\\/va\u2560ernamo-sida-bla-300dpi.png\",\"width\":1485,\"height\":681,\"caption\":\"Kristdemokraterna V\u00e4rnamo\"},\"image\":{\"@id\":\"https:\\\/\\\/wp.kristdemokraterna.se\\\/varnamo\\\/#\\\/schema\\\/logo\\\/image\\\/\"},\"sameAs\":[\"https:\\\/\\\/www.facebook.com\\\/KDVarnamo\\\/\",\"https:\\\/\\\/x.com\\\/KDVarnamo\",\"https:\\\/\\\/www.instagram.com\\\/\",\"https:\\\/\\\/www.youtube.com\\\/user\\\/studiokd\\\/videos\"]},{\"@type\":\"Person\",\"@id\":\"https:\\\/\\\/wp.kristdemokraterna.se\\\/varnamo\\\/#\\\/schema\\\/person\\\/4e339ab04d613699e4dfe80a994e01d4\",\"name\":\"Kristdemokraterna V\u00e4rnamo\",\"image\":{\"@type\":\"ImageObject\",\"inLanguage\":\"sv-SE\",\"@id\":\"https:\\\/\\\/secure.gravatar.com\\\/avatar\\\/c122e48c7723992af51eb155eeaa93db3c1fa324e3fc6ec45dd712c812809b5b?s=96&r=g\",\"url\":\"https:\\\/\\\/secure.gravatar.com\\\/avatar\\\/c122e48c7723992af51eb155eeaa93db3c1fa324e3fc6ec45dd712c812809b5b?s=96&r=g\",\"contentUrl\":\"https:\\\/\\\/secure.gravatar.com\\\/avatar\\\/c122e48c7723992af51eb155eeaa93db3c1fa324e3fc6ec45dd712c812809b5b?s=96&r=g\",\"caption\":\"Kristdemokraterna V\u00e4rnamo\"},\"description\":\"Familjens r\u00f6st\",\"sameAs\":[\"http:\\\/\\\/www.varnamo.kristdemokraterna.se\"],\"url\":\"https:\\\/\\\/wp.kristdemokraterna.se\\\/varnamo\\\/author\\\/varnamo\\\/\"}]}<\/script>\n<!-- \/ Yoast SEO plugin. -->","yoast_head_json":{"title":"Politikerpar med sp\u00e4nnande jobb bes\u00f6kte h\u00f6stfesten - KRISTDEMOKRATERNA V\u00c4RNAMO","robots":{"index":"index","follow":"follow","max-snippet":"max-snippet:-1","max-image-preview":"max-image-preview:large","max-video-preview":"max-video-preview:-1"},"canonical":"https:\/\/wp.kristdemokraterna.se\/varnamo\/2013\/11\/15\/politikerpar-med-spannande-jobb-besokte-hostfesten\/","og_locale":"sv_SE","og_type":"article","og_title":"Politikerpar med sp\u00e4nnande jobb bes\u00f6kte h\u00f6stfesten - KRISTDEMOKRATERNA V\u00c4RNAMO","og_description":"N\u00e4r Kristdemokraterna i V\u00e4rnamo firade h\u00f6st var det tv\u00e5 gr\u00e4nnabor och en forshedabo som stod f\u00f6r programmet. Andreas Sturesson och Hannah Ekeroos Sturesson talade om hur vardagen kan se ut i deras ganska ovanliga yrken och Bernt Olsson underh\u00f6ll med pianomusik.","og_url":"https:\/\/wp.kristdemokraterna.se\/varnamo\/2013\/11\/15\/politikerpar-med-spannande-jobb-besokte-hostfesten\/","og_site_name":"KRISTDEMOKRATERNA V\u00c4RNAMO","article_publisher":"https:\/\/www.facebook.com\/KDVarnamo\/","article_published_time":"2013-11-15T22:08:28+00:00","article_modified_time":"2015-07-10T12:19:16+00:00","og_image":[{"width":435,"height":245,"url":"https:\/\/wp.kristdemokraterna.se\/varnamo\/files\/2013\/11\/20131115_Hostfest_AndreasSturesson_BerntOlsson_HannahEkeroosSturesson.png","type":"image\/png"}],"author":"Kristdemokraterna V\u00e4rnamo","twitter_card":"summary_large_image","twitter_creator":"@KDVarnamo","twitter_site":"@KDVarnamo","twitter_misc":{"Skriven av":"Kristdemokraterna V\u00e4rnamo","Ber\u00e4knad l\u00e4stid":"2 minuter"},"schema":{"@context":"https:\/\/schema.org","@graph":[{"@type":"Article","@id":"https:\/\/wp.kristdemokraterna.se\/varnamo\/2013\/11\/15\/politikerpar-med-spannande-jobb-besokte-hostfesten\/#article","isPartOf":{"@id":"https:\/\/wp.kristdemokraterna.se\/varnamo\/2013\/11\/15\/politikerpar-med-spannande-jobb-besokte-hostfesten\/"},"author":{"name":"Kristdemokraterna V\u00e4rnamo","@id":"https:\/\/wp.kristdemokraterna.se\/varnamo\/#\/schema\/person\/4e339ab04d613699e4dfe80a994e01d4"},"headline":"Politikerpar med sp\u00e4nnande jobb bes\u00f6kte h\u00f6stfesten","datePublished":"2013-11-15T22:08:28+00:00","dateModified":"2015-07-10T12:19:16+00:00","mainEntityOfPage":{"@id":"https:\/\/wp.kristdemokraterna.se\/varnamo\/2013\/11\/15\/politikerpar-med-spannande-jobb-besokte-hostfesten\/"},"wordCount":383,"publisher":{"@id":"https:\/\/wp.kristdemokraterna.se\/varnamo\/#organization"},"image":{"@id":"https:\/\/wp.kristdemokraterna.se\/varnamo\/2013\/11\/15\/politikerpar-med-spannande-jobb-besokte-hostfesten\/#primaryimage"},"thumbnailUrl":"https:\/\/wp.kristdemokraterna.se\/varnamo\/files\/2013\/11\/20131115_Hostfest_AndreasSturesson_BerntOlsson_HannahEkeroosSturesson.png","keywords":["\u00e4ldreomsorg","Andreas Sturesson","barn och unga","Bernt Olsson","boende","G\u00f6ran H\u00e4gglund","Hannah Ekeroos Sturesson","h\u00f6stfest","kommunalr\u00e5d","valfrihet"],"articleSection":["Nyheter"],"inLanguage":"sv-SE"},{"@type":"WebPage","@id":"https:\/\/wp.kristdemokraterna.se\/varnamo\/2013\/11\/15\/politikerpar-med-spannande-jobb-besokte-hostfesten\/","url":"https:\/\/wp.kristdemokraterna.se\/varnamo\/2013\/11\/15\/politikerpar-med-spannande-jobb-besokte-hostfesten\/","name":"Politikerpar med sp\u00e4nnande jobb bes\u00f6kte h\u00f6stfesten - KRISTDEMOKRATERNA V\u00c4RNAMO","isPartOf":{"@id":"https:\/\/wp.kristdemokraterna.se\/varnamo\/#website"},"primaryImageOfPage":{"@id":"https:\/\/wp.kristdemokraterna.se\/varnamo\/2013\/11\/15\/politikerpar-med-spannande-jobb-besokte-hostfesten\/#primaryimage"},"image":{"@id":"https:\/\/wp.kristdemokraterna.se\/varnamo\/2013\/11\/15\/politikerpar-med-spannande-jobb-besokte-hostfesten\/#primaryimage"},"thumbnailUrl":"https:\/\/wp.kristdemokraterna.se\/varnamo\/files\/2013\/11\/20131115_Hostfest_AndreasSturesson_BerntOlsson_HannahEkeroosSturesson.png","datePublished":"2013-11-15T22:08:28+00:00","dateModified":"2015-07-10T12:19:16+00:00","breadcrumb":{"@id":"https:\/\/wp.kristdemokraterna.se\/varnamo\/2013\/11\/15\/politikerpar-med-spannande-jobb-besokte-hostfesten\/#breadcrumb"},"inLanguage":"sv-SE","potentialAction":[{"@type":"ReadAction","target":["https:\/\/wp.kristdemokraterna.se\/varnamo\/2013\/11\/15\/politikerpar-med-spannande-jobb-besokte-hostfesten\/"]}]},{"@type":"ImageObject","inLanguage":"sv-SE","@id":"https:\/\/wp.kristdemokraterna.se\/varnamo\/2013\/11\/15\/politikerpar-med-spannande-jobb-besokte-hostfesten\/#primaryimage","url":"https:\/\/wp.kristdemokraterna.se\/varnamo\/files\/2013\/11\/20131115_Hostfest_AndreasSturesson_BerntOlsson_HannahEkeroosSturesson.png","contentUrl":"https:\/\/wp.kristdemokraterna.se\/varnamo\/files\/2013\/11\/20131115_Hostfest_AndreasSturesson_BerntOlsson_HannahEkeroosSturesson.png","width":435,"height":245,"caption":"Andreas Sturesson, Gr\u00e4nna, Bernt Olsson, Forsheda och Hannah Ekeroos Sturesson, Gr\u00e4nna, stod f\u00f6r programmet p\u00e5 h\u00f6stfesten. (Foto: H\u00e5kan Johansson)"},{"@type":"BreadcrumbList","@id":"https:\/\/wp.kristdemokraterna.se\/varnamo\/2013\/11\/15\/politikerpar-med-spannande-jobb-besokte-hostfesten\/#breadcrumb","itemListElement":[{"@type":"ListItem","position":1,"name":"Hem","item":"https:\/\/wp.kristdemokraterna.se\/varnamo\/"},{"@type":"ListItem","position":2,"name":"Politikerpar med sp\u00e4nnande jobb bes\u00f6kte h\u00f6stfesten"}]},{"@type":"WebSite","@id":"https:\/\/wp.kristdemokraterna.se\/varnamo\/#website","url":"https:\/\/wp.kristdemokraterna.se\/varnamo\/","name":"KRISTDEMOKRATERNA V\u00c4RNAMO","description":"Med hj\u00e4rta f\u00f6r V\u00e4rnamo","publisher":{"@id":"https:\/\/wp.kristdemokraterna.se\/varnamo\/#organization"},"inLanguage":"sv-SE"},{"@type":"Organization","@id":"https:\/\/wp.kristdemokraterna.se\/varnamo\/#organization","name":"Kristdemokraterna V\u00e4rnamo","url":"https:\/\/wp.kristdemokraterna.se\/varnamo\/","logo":{"@type":"ImageObject","inLanguage":"sv-SE","@id":"https:\/\/wp.kristdemokraterna.se\/varnamo\/#\/schema\/logo\/image\/","url":"https:\/\/wp.kristdemokraterna.se\/varnamo\/files\/2022\/08\/va\u2560ernamo-sida-bla-300dpi.png","contentUrl":"https:\/\/wp.kristdemokraterna.se\/varnamo\/files\/2022\/08\/va\u2560ernamo-sida-bla-300dpi.png","width":1485,"height":681,"caption":"Kristdemokraterna V\u00e4rnamo"},"image":{"@id":"https:\/\/wp.kristdemokraterna.se\/varnamo\/#\/schema\/logo\/image\/"},"sameAs":["https:\/\/www.facebook.com\/KDVarnamo\/","https:\/\/x.com\/KDVarnamo","https:\/\/www.instagram.com\/","https:\/\/www.youtube.com\/user\/studiokd\/videos"]},{"@type":"Person","@id":"https:\/\/wp.kristdemokraterna.se\/varnamo\/#\/schema\/person\/4e339ab04d613699e4dfe80a994e01d4","name":"Kristdemokraterna V\u00e4rnamo","image":{"@type":"ImageObject","inLanguage":"sv-SE","@id":"https:\/\/secure.gravatar.com\/avatar\/c122e48c7723992af51eb155eeaa93db3c1fa324e3fc6ec45dd712c812809b5b?s=96&r=g","url":"https:\/\/secure.gravatar.com\/avatar\/c122e48c7723992af51eb155eeaa93db3c1fa324e3fc6ec45dd712c812809b5b?s=96&r=g","contentUrl":"https:\/\/secure.gravatar.com\/avatar\/c122e48c7723992af51eb155eeaa93db3c1fa324e3fc6ec45dd712c812809b5b?s=96&r=g","caption":"Kristdemokraterna V\u00e4rnamo"},"description":"Familjens r\u00f6st","sameAs":["http:\/\/www.varnamo.kristdemokraterna.se"],"url":"https:\/\/wp.kristdemokraterna.se\/varnamo\/author\/varnamo\/"}]}},"_links":{"self":[{"href":"https:\/\/wp.kristdemokraterna.se\/varnamo\/wp-json\/wp\/v2\/posts\/3604","targetHints":{"allow":["GET"]}}],"collection":[{"href":"https:\/\/wp.kristdemokraterna.se\/varnamo\/wp-json\/wp\/v2\/posts"}],"about":[{"href":"https:\/\/wp.kristdemokraterna.se\/varnamo\/wp-json\/wp\/v2\/types\/post"}],"author":[{"embeddable":true,"href":"https:\/\/wp.kristdemokraterna.se\/varnamo\/wp-json\/wp\/v2\/users\/412"}],"replies":[{"embeddable":true,"href":"https:\/\/wp.kristdemokraterna.se\/varnamo\/wp-json\/wp\/v2\/comments?post=3604"}],"version-history":[{"count":8,"href":"https:\/\/wp.kristdemokraterna.se\/varnamo\/wp-json\/wp\/v2\/posts\/3604\/revisions"}],"predecessor-version":[{"id":6620,"href":"https:\/\/wp.kristdemokraterna.se\/varnamo\/wp-json\/wp\/v2\/posts\/3604\/revisions\/6620"}],"wp:featuredmedia":[{"embeddable":true,"href":"https:\/\/wp.kristdemokraterna.se\/varnamo\/wp-json\/wp\/v2\/media\/3858"}],"wp:attachment":[{"href":"https:\/\/wp.kristdemokraterna.se\/varnamo\/wp-json\/wp\/v2\/media?parent=3604"}],"wp:term":[{"taxonomy":"category","embeddable":true,"href":"https:\/\/wp.kristdemokraterna.se\/varnamo\/wp-json\/wp\/v2\/categories?post=3604"},{"taxonomy":"post_tag","embeddable":true,"href":"https:\/\/wp.kristdemokraterna.se\/varnamo\/wp-json\/wp\/v2\/tags?post=3604"}],"curies":[{"name":"wp","href":"https:\/\/api.w.org\/{rel}","templated":true}]}}