{"id":4673,"date":"2014-01-27T23:26:39","date_gmt":"2014-01-27T22:26:39","guid":{"rendered":"http:\/\/wp.kristdemokraterna.se\/varnamo\/?p=4673"},"modified":"2015-07-10T13:42:34","modified_gmt":"2015-07-10T11:42:34","slug":"camilla-nasta-ordforande-i-kommunstyrelsen","status":"publish","type":"post","link":"https:\/\/wp.kristdemokraterna.se\/varnamo\/2014\/01\/27\/camilla-nasta-ordforande-i-kommunstyrelsen\/","title":{"rendered":"Camilla \u2013 n\u00e4sta ordf\u00f6rande i Kommunstyrelsen!?"},"content":{"rendered":"<p>Ett politiskt stj\u00e4rnskott fr\u00e5n Bredaryd kan bli n\u00e4sta kommunstyrelseordf\u00f6rande i V\u00e4rnamo. Kristdemokraterna \u00e4r som vanligt tydliga med vem de vill se p\u00e5 den pos\u00adten och i \u00e5rets val lyfter man fram Camilla Rinaldo Miller. Barn- och \u00e4ldreminister Maria Larsson inspirerade V\u00e4rnamos Kristdemokrater och ser fram emot att driva valr\u00f6relser i V\u00e4rnamo.<\/p>\n<p><!--more--><\/p>\n<p>I dag h\u00f6ll Kristdemokraterna V\u00e4rnamo nomineringsst\u00e4mma i Gummifabriken i V\u00e4rnamo. Huvud\u00adpunkten var naturligtvis att fastst\u00e4lla partiets valsedlar i kommunfullm\u00e4ktigevalet. Att st\u00e4mman dess\u00adutom fick bes\u00f6k av barn- och \u00e4ldreminister Maria Larsson (KD), Gnosj\u00f6, satte extra guldkant p\u00e5 till\u00adst\u00e4llningen.<\/p>\n<p>St\u00e4mman b\u00f6rjade med att Jonas Sandahl, VD f\u00f6r Gummifabriken, informerade om projektet och verksamheten. Gummifabriken \u2013 den kreativa m\u00f6tesplatsen, \u00e4r en mycket viktig framtidssatsning f\u00f6r V\u00e4rnamo kommun.<\/p>\n<p>Efter Jonas fick barn- och \u00e4ldreminister Maria Larsson (KD) ordet. Hon tog upp tr\u00e5den fr\u00e5n Jonas och sade att det kr\u00e4vs modiga politiker som v\u00e5gar satsar p\u00e5 gummifabriken, som \u00e4ven hon ser som en viktig framtidssatsning.<\/p>\n<p>Vidare tog hon tillf\u00e4llet att inspirera de samlade Kristdemokraterna inf\u00f6r \u00e5rets valr\u00f6relser.<\/p>\n<p>&#8211; Vi \u00e4r v\u00e4l f\u00f6rberedda. I EU-valet har vi tv\u00e5 bra toppnamn, Lars Adaktusson och Ebba Busch, sade ministern. F\u00f6rtroendet f\u00f6r Kristdemokraterna i l\u00e4net \u00f6kar och SCB-m\u00e4tningen i december var den b\u00e4sta p\u00e5 tre \u00e5r!<\/p>\n<p>&#8211; Barns och ungas uppv\u00e4xtvillkor \u00e4r v\u00e5rt viktigaste fokusomr\u00e5de. Tre viktiga fr\u00e5gor att driva \u00e4r sm\u00e5 barngrupper i f\u00f6rskolan, skolan och barn som har det sv\u00e5rt.<\/p>\n<p>&#8211; Vi kan vara stolta \u00f6ver det som har varit. Vi har skapat en god ekonomi i landet och kunnat genomf\u00f6ra reformer. Vi har minskat antalet barn som har det ekonomiskt sv\u00e5rt. Vi har minskat k\u00f6erna i v\u00e5rden och \u00e4r det b\u00e4sta landet att \u00e5ldras i.<\/p>\n<p>&#8211; Jag \u00e4r hoppfull inf\u00f6r valr\u00f6relsen, avslutade Maria Larsson. Vi ger tydligt besked i regeringsfr\u00e5gan \u2013 vi g\u00e5r till val tillsammans i Alliansen. Jag ser fram emot att komma till V\u00e4rnamo i valr\u00f6relserna!<\/p>\n<p>Nomineringskommitt\u00e9n hade f\u00f6reslagit att Kristdemokraterna ska g\u00e5 ut med tre valsedlar i v\u00e4rna\u00admovalet. Det st\u00e4llde inte st\u00e4mman upp p\u00e5. Den ville ha ytterligare en valsedel \u2013 en samlingslista som inneh\u00e5ller alla namn fr\u00e5n de tre andra listorna. Denna ska skickas till alla hush\u00e5ll i kommunen.<\/p>\n<p>F\u00f6r att vara tydliga mot v\u00e4ljarna beslutade nomineringsst\u00e4mman \u00e4ven vem man vill nominera som kandidat till posten som Kommunstyrelsens ordf\u00f6rande om Kristdemokraterna vinner majoritet. Det var ett l\u00e4tt val \u2013 Camilla Rinaldo Miller fr\u00e5n Bredaryd. D\u00e4rf\u00f6r beslutade st\u00e4mman att hon ska finnas med i toppen p\u00e5 alla fyra valsedlarna.<\/p>\n<p>&#8211; Camilla Rinaldo Miller fr\u00e5n Bredaryd har inte bara g\u00e5tt partiets stj\u00e4rnskottsutbildning, motiverade Gunnar Crona nomineringskommitt\u00e9ns f\u00f6rslag. Hon \u00e4r ett politiskt stj\u00e4rnskott! P\u00e5 kort tid har hon etablerat sig som ledande kommunpolitiker och skaffat sig stor erfarenhet. Hon \u00e4r dessutom en av de popul\u00e4raste politikerna i kommunen, vilket inte minst antalet personr\u00f6ster i valet 2010 och <a title=\"Christer, Gunnar och Camilla \u2013 om medlemmarna sj\u00e4lva f\u00e5r v\u00e4lja\" href=\"http:\/\/wp.kristdemokraterna.se\/varnamo\/2013\/11\/05\/christer-gunnar-och-camilla-om-medlemmarna-sjalva-far-valja\/\">partiets interna provval<\/a> visar.<\/p>\n\n\t\t<style type=\"text\/css\">\n\t\t\t#gallery-1 {\n\t\t\t\tmargin: auto;\n\t\t\t}\n\t\t\t#gallery-1 .gallery-item {\n\t\t\t\tfloat: left;\n\t\t\t\tmargin-top: 10px;\n\t\t\t\ttext-align: center;\n\t\t\t\twidth: 33%;\n\t\t\t}\n\t\t\t#gallery-1 img {\n\t\t\t\tborder: 2px solid #cfcfcf;\n\t\t\t}\n\t\t\t#gallery-1 .gallery-caption {\n\t\t\t\tmargin-left: 0;\n\t\t\t}\n\t\t\t\/* see gallery_shortcode() in wp-includes\/media.php *\/\n\t\t<\/style>\n\t\t<div id='gallery-1' class='gallery galleryid-4673 gallery-columns-3 gallery-size-thumbnail'><dl class='gallery-item'>\n\t\t\t<dt class='gallery-icon portrait'>\n\t\t\t\t<a href='https:\/\/wp.kristdemokraterna.se\/varnamo\/2014\/01\/27\/camilla-nasta-ordforande-i-kommunstyrelsen\/20140127-marialarsson\/'><img loading=\"lazy\" decoding=\"async\" width=\"150\" height=\"150\" src=\"https:\/\/wp.kristdemokraterna.se\/varnamo\/files\/2014\/01\/20140127_MariaLarsson-150x150.png\" class=\"attachment-thumbnail size-thumbnail\" alt=\"Barn- och \u00e4ldreminister Maria Larsson (KD), Gnosj\u00f6, peppade de samlade kristdemokraterna till stord\u00e5d i \u00e5rets val. (Foto: Gunnar Crona)\" aria-describedby=\"gallery-1-4680\" \/><\/a>\n\t\t\t<\/dt>\n\t\t\t\t<dd class='wp-caption-text gallery-caption' id='gallery-1-4680'>\n\t\t\t\tBarn- och \u00e4ldreminister Maria Larsson (KD), Gnosj\u00f6, peppade de samlade kristdemokraterna till stord\u00e5d i \u00e5rets val. (Foto: Gunnar Crona)\n\t\t\t\t<\/dd><\/dl><dl class='gallery-item'>\n\t\t\t<dt class='gallery-icon landscape'>\n\t\t\t\t<a href='https:\/\/wp.kristdemokraterna.se\/varnamo\/2014\/01\/27\/camilla-nasta-ordforande-i-kommunstyrelsen\/20140127-stigclaesson-camillarinaldomiller-gunnarcrona-monikajohnsson-christerfjordevik\/'><img loading=\"lazy\" decoding=\"async\" width=\"150\" height=\"150\" src=\"https:\/\/wp.kristdemokraterna.se\/varnamo\/files\/2014\/01\/20140127_StigClaesson_-CamillaRinaldoMiller_GunnarCrona_MonikaJohnsson_ChristerFjordevik-150x150.png\" class=\"attachment-thumbnail size-thumbnail\" alt=\"Kristdemokraternas toppkandidater i Kommunfullm\u00e4ktigevalet 2014: Stig Claesson, V\u00e4rnamo, Camilla Rinaldo Miller, Bredaryd, Gunnar Crona, V\u00e4rnamo, Monika Johnsson, Rydaholm och Christer Fjordevik, V\u00e4rnamo. (Foto: Patrik Ekwall)\" aria-describedby=\"gallery-1-4681\" \/><\/a>\n\t\t\t<\/dt>\n\t\t\t\t<dd class='wp-caption-text gallery-caption' id='gallery-1-4681'>\n\t\t\t\tKristdemokraternas toppkandidater i Kommunfullm\u00e4ktigevalet 2014: Stig Claesson, V\u00e4rnamo, Camilla Rinaldo Miller, Bredaryd, Gunnar Crona, V\u00e4rnamo, Monika Johnsson, Rydaholm och Christer Fjordevik, V\u00e4rnamo. (Foto: Patrik Ekwall)\n\t\t\t\t<\/dd><\/dl><dl class='gallery-item'>\n\t\t\t<dt class='gallery-icon landscape'>\n\t\t\t\t<a href='https:\/\/wp.kristdemokraterna.se\/varnamo\/2014\/01\/27\/camilla-nasta-ordforande-i-kommunstyrelsen\/20140127-jonassandahl\/'><img loading=\"lazy\" decoding=\"async\" width=\"150\" height=\"150\" src=\"https:\/\/wp.kristdemokraterna.se\/varnamo\/files\/2014\/01\/20140127_JonasSandahl-150x150.png\" class=\"attachment-thumbnail size-thumbnail\" alt=\"Gummifabrikens VD, Jonas Sandahl, informerade om den kreativa m\u00f6tesplatsen Gummifabriken som \u00e4r s\u00e5 viktig f\u00f6r V\u00e4rnamos framtid. (Foto: Gunnar Crona)\" aria-describedby=\"gallery-1-4679\" \/><\/a>\n\t\t\t<\/dt>\n\t\t\t\t<dd class='wp-caption-text gallery-caption' id='gallery-1-4679'>\n\t\t\t\tGummifabrikens VD, Jonas Sandahl, informerade om den kreativa m\u00f6tesplatsen Gummifabriken som \u00e4r s\u00e5 viktig f\u00f6r V\u00e4rnamos framtid. (Foto: Gunnar Crona)\n\t\t\t\t<\/dd><\/dl><br style=\"clear: both\" \/><dl class='gallery-item'>\n\t\t\t<dt class='gallery-icon landscape'>\n\t\t\t\t<a href='https:\/\/wp.kristdemokraterna.se\/varnamo\/2014\/01\/27\/camilla-nasta-ordforande-i-kommunstyrelsen\/20140127-annsofiebjorhag-camillarinaldomiller-marialarsson-monikajohnsson\/'><img loading=\"lazy\" decoding=\"async\" width=\"150\" height=\"150\" src=\"https:\/\/wp.kristdemokraterna.se\/varnamo\/files\/2014\/01\/20140127_AnnSofieBjorhag_CamillaRinaldoMiller_MariaLarsson_MonikaJohnsson-150x150.png\" class=\"attachment-thumbnail size-thumbnail\" alt=\"Barn- och \u00e4ldreminister Maria Larsson (KD), Gnosj\u00f6, tillsammans med n\u00e5gra av Kristdemokraternas toppkandidater i Kommunfullm\u00e4ktigevalet 2014: AnnSofie Bj\u00f6rhag, V\u00e4rnamo, Camilla Rinaldo Miller, Bredaryd och Monica Johnsson, Rydaholm. (Foto: H\u00e5kan Johansson)\" aria-describedby=\"gallery-1-4678\" \/><\/a>\n\t\t\t<\/dt>\n\t\t\t\t<dd class='wp-caption-text gallery-caption' id='gallery-1-4678'>\n\t\t\t\tBarn- och \u00e4ldreminister Maria Larsson (KD), Gnosj\u00f6, tillsammans med n\u00e5gra av Kristdemokraternas toppkandidater i Kommunfullm\u00e4ktigevalet 2014: AnnSofie Bj\u00f6rhag, V\u00e4rnamo, Camilla Rinaldo Miller, Bredaryd och Monica Johnsson, Rydaholm. (Foto: H\u00e5kan Johansson)\n\t\t\t\t<\/dd><\/dl>\n\t\t\t<br style='clear: both' \/>\n\t\t<\/div>\n\n<p>&nbsp;<\/p>\n<h1>Valsedlarna<\/h1>\n<h2>V\u00e4rnamo kommun<\/h2>\n<ol>\n<li>Camilla Rinaldo Miller<\/li>\n<li>Christer Fjordevik<\/li>\n<li>Monica Johnsson<\/li>\n<li>Gunnar Crona<\/li>\n<li>Ann-Sofie Bj\u00f6rhag<\/li>\n<li>Stig Claesson<\/li>\n<li>Xhilda Bushati<\/li>\n<li>Arnold Carlzon<\/li>\n<li>Lena Freij<\/li>\n<li>Patrik Ekvall<\/li>\n<li>Gunnel Youngstr\u00f6m<\/li>\n<li>H\u00e5kan Johansson<\/li>\n<li>Sanja Mikulic<\/li>\n<li>Ibrahim Candemir<\/li>\n<li>Sophie Milde<\/li>\n<li>Anders Ahlenius<\/li>\n<li>Anneli Forsgren<\/li>\n<li>Peter Johnsson<\/li>\n<li>Susanne Svensson<\/li>\n<li>Arben Murati<\/li>\n<li>Evanjeline Eriksson<\/li>\n<li>Stefan Petersson<\/li>\n<li>Margareta Svensson<\/li>\n<li>Leif B\u00e4ckrud<\/li>\n<li>Maria Jonsson<\/li>\n<li>Robert Tedenby<\/li>\n<li>Lars-Gunnar Wettebrand<\/li>\n<li>Karin Rylander<\/li>\n<li>H\u00e5kan Fransson<\/li>\n<li>Kent Sundell<\/li>\n<li>Bertil Isaksson<\/li>\n<li>Bernt Olsson<\/li>\n<li>Per-\u00c5ke Eriksson<\/li>\n<li>John-Erik Johansson<\/li>\n<li>Kjell Ericsson<\/li>\n<li>Isac Torebrandt<\/li>\n<li>Donald Crona<\/li>\n<li>Bo Bengtsson<\/li>\n<li>Lennart Swerlander<\/li>\n<li>Mats Holmberg<\/li>\n<li>Anders Magnusson<\/li>\n<li>Cennie Frick<\/li>\n<li>Lennart Johansson<\/li>\n<li>Alf Svensson<\/li>\n<li>Gunnel Crona<\/li>\n<li>Rodhe Lindahl<\/li>\n<li>Kjell Andersson<\/li>\n<li>Lars-Evert Jonsson<\/li>\n<li>Roland Johansson<\/li>\n<li>Eva Pettersson<\/li>\n<li>Ingvar Sandolf<\/li>\n<li>Kjell Johansson<\/li>\n<li>Lars-Evert Jonsson<\/li>\n<\/ol>\n<h2>V\u00e4rnamo stad<\/h2>\n<ol>\n<li>Christer Fjordevik<\/li>\n<li>Camilla Rinaldo Miller<\/li>\n<li>Gunnar Crona<\/li>\n<li>Ann-Sofie Bj\u00f6rhag<\/li>\n<li>Ibrahim Candemir<\/li>\n<li>Xhilda Bushati<\/li>\n<li>Patrik Ekwall<\/li>\n<li>Gunnel Youngstr\u00f6m<\/li>\n<li>Anders Ahlenius<\/li>\n<li>Sophie Milde<\/li>\n<li>Stefan Petersson<\/li>\n<li>Maria Jonsson<\/li>\n<li>Peter Johnson<\/li>\n<li>Margareta Svensson<\/li>\n<li>Robert Tedenby<\/li>\n<li>Arben Murati<\/li>\n<li>Lars-Gunnar Wettebrand<\/li>\n<li>Anders Magnusson<\/li>\n<li>Karin Rylander<\/li>\n<li>Cennie Frick<\/li>\n<li>H\u00e5kan Fransson<\/li>\n<li>Lennart Johansson<\/li>\n<li>Kent Sundell<\/li>\n<li>Evanjeline Eriksson<\/li>\n<li>Alf Svensson<\/li>\n<li>Maths Holmberg<\/li>\n<\/ol>\n<h2>V\u00e4stra kommundelen<\/h2>\n<ol>\n<li>Camilla Rinaldo Miller<\/li>\n<li>Stig Claesson<\/li>\n<li>H\u00e5kan Johansson<\/li>\n<li>Evanjeline Eriksson<\/li>\n<li>Bertil Isaksson<\/li>\n<li>Gunnel Crona<\/li>\n<li>Bernt Olsson<\/li>\n<li>Rodhe Lindahl<\/li>\n<li>Kjell Andersson<\/li>\n<li>Sanja Mikulic<\/li>\n<li>Per-\u00c5ke Eriksson<\/li>\n<li>Anneli Forsgren<\/li>\n<li>John-Erik Johansson<\/li>\n<li>Lars-Evert Jonsson<\/li>\n<li>Kjell Ericsson<\/li>\n<\/ol>\n<h2>\u00d6stra kommundelen<\/h2>\n<ol>\n<li>Monica Johnsson<\/li>\n<li>Camilla Rinaldo Miller<\/li>\n<li>Arnold Carlzon<\/li>\n<li>Lena Freij<\/li>\n<li>Roland Johansson<\/li>\n<li>Susanne Svensson<\/li>\n<li>Leif B\u00e4ckrud<\/li>\n<li>Isak Torebrandt<\/li>\n<li>Eva Pettersson<\/li>\n<li>Donald Crona<\/li>\n<li>Sanja Mikulic<\/li>\n<li>Ingvar Sandolf<\/li>\n<li>Bo Bengtsson<\/li>\n<li>Kjell Johansson<\/li>\n<li>Lennart Swerlander<\/li>\n<li>Lars-Evert Jonsson<\/li>\n<\/ol>\n<p><em>Fotnot:<\/em> Efter nomineringsst\u00e4mman har n\u00e5gra kandidater dragit tillbaka sin kandidatur och n\u00e5gra har kommit till. Nomineringskommitt\u00e9n har nomineringsst\u00e4mmans uppdrag att justera valsedlarna tills de l\u00e4mnas till L\u00e4nsstyrelsen.<\/p>\n<hr \/>\n<h1>L\u00e4nkar<\/h1>\n<p>L\u00e4nk till det interna provvalet hos Kristdemokraterna V\u00e4rnamo:<br \/>\n[<a title=\"Christer, Gunnar och Camilla \u2013 om medlemmarna sj\u00e4lva f\u00e5r v\u00e4lja\" href=\"http:\/\/wp.kristdemokraterna.se\/varnamo\/2013\/11\/05\/christer-gunnar-och-camilla-om-medlemmarna-sjalva-far-valja\/\">Provval<\/a>]<\/p>\n","protected":false},"excerpt":{"rendered":"<p>Ett politiskt stj\u00e4rnskott fr\u00e5n Bredaryd kan bli n\u00e4sta kommunstyrelseordf\u00f6rande i V\u00e4rnamo. Kristdemokraterna \u00e4r som vanligt tydliga med vem de vill se p\u00e5 den pos\u00adten och i \u00e5rets val lyfter man fram Camilla Rinaldo Miller. Barn- och \u00e4ldreminister Maria Larsson inspirerade V\u00e4rnamos Kristdemokrater och ser fram emot att driva valr\u00f6relser i V\u00e4rnamo.<\/p>\n","protected":false},"author":412,"featured_media":4678,"comment_status":"closed","ping_status":"closed","sticky":false,"template":"","format":"standard","meta":{"_acf_changed":false,"footnotes":""},"categories":[11],"tags":[149,411,31,21,24,262,413,428,109,25,68,45,95,417,205,33,65,212],"class_list":["post-4673","post","type-post","status-publish","format-standard","hentry","category-nyheter","tag-alliansen","tag-annsofie-bjorhag","tag-barn-och-unga","tag-camilla-rinaldo-miller","tag-christer-fjordevik","tag-ekonomi","tag-eu","tag-forskola","tag-gummifabriken","tag-gunnar-crona","tag-maria-larsson","tag-minister","tag-monica-johnsson","tag-nomineringar","tag-nomineringsstamma","tag-skola","tag-stig-claesson","tag-valsedlar"],"acf":[],"yoast_head":"<!-- This site is optimized with the Yoast SEO plugin v27.5 - https:\/\/yoast.com\/product\/yoast-seo-wordpress\/ -->\n<title>Camilla \u2013 n\u00e4sta ordf\u00f6rande i Kommunstyrelsen!? - KRISTDEMOKRATERNA V\u00c4RNAMO<\/title>\n<meta name=\"robots\" content=\"index, follow, max-snippet:-1, max-image-preview:large, max-video-preview:-1\" \/>\n<link rel=\"canonical\" href=\"https:\/\/wp.kristdemokraterna.se\/varnamo\/2014\/01\/27\/camilla-nasta-ordforande-i-kommunstyrelsen\/\" \/>\n<meta property=\"og:locale\" content=\"sv_SE\" \/>\n<meta property=\"og:type\" content=\"article\" \/>\n<meta property=\"og:title\" content=\"Camilla \u2013 n\u00e4sta ordf\u00f6rande i Kommunstyrelsen!? - KRISTDEMOKRATERNA V\u00c4RNAMO\" \/>\n<meta property=\"og:description\" content=\"Ett politiskt stj\u00e4rnskott fr\u00e5n Bredaryd kan bli n\u00e4sta kommunstyrelseordf\u00f6rande i V\u00e4rnamo. Kristdemokraterna \u00e4r som vanligt tydliga med vem de vill se p\u00e5 den pos\u00adten och i \u00e5rets val lyfter man fram Camilla Rinaldo Miller. Barn- och \u00e4ldreminister Maria Larsson inspirerade V\u00e4rnamos Kristdemokrater och ser fram emot att driva valr\u00f6relser i V\u00e4rnamo.\" \/>\n<meta property=\"og:url\" content=\"https:\/\/wp.kristdemokraterna.se\/varnamo\/2014\/01\/27\/camilla-nasta-ordforande-i-kommunstyrelsen\/\" \/>\n<meta property=\"og:site_name\" content=\"KRISTDEMOKRATERNA V\u00c4RNAMO\" \/>\n<meta property=\"article:publisher\" content=\"https:\/\/www.facebook.com\/KDVarnamo\/\" \/>\n<meta property=\"article:published_time\" content=\"2014-01-27T22:26:39+00:00\" \/>\n<meta property=\"article:modified_time\" content=\"2015-07-10T11:42:34+00:00\" \/>\n<meta property=\"og:image\" content=\"https:\/\/wp.kristdemokraterna.se\/varnamo\/files\/2014\/01\/20140127_AnnSofieBjorhag_CamillaRinaldoMiller_MariaLarsson_MonikaJohnsson.png\" \/>\n\t<meta property=\"og:image:width\" content=\"580\" \/>\n\t<meta property=\"og:image:height\" content=\"266\" \/>\n\t<meta property=\"og:image:type\" content=\"image\/png\" \/>\n<meta name=\"author\" content=\"Kristdemokraterna V\u00e4rnamo\" \/>\n<meta name=\"twitter:card\" content=\"summary_large_image\" \/>\n<meta name=\"twitter:creator\" content=\"@KDVarnamo\" \/>\n<meta name=\"twitter:site\" content=\"@KDVarnamo\" \/>\n<meta name=\"twitter:label1\" content=\"Skriven av\" \/>\n\t<meta name=\"twitter:data1\" content=\"Kristdemokraterna V\u00e4rnamo\" \/>\n\t<meta name=\"twitter:label2\" content=\"Ber\u00e4knad l\u00e4stid\" \/>\n\t<meta name=\"twitter:data2\" content=\"4 minuter\" \/>\n<script type=\"application\/ld+json\" class=\"yoast-schema-graph\">{\"@context\":\"https:\\\/\\\/schema.org\",\"@graph\":[{\"@type\":\"Article\",\"@id\":\"https:\\\/\\\/wp.kristdemokraterna.se\\\/varnamo\\\/2014\\\/01\\\/27\\\/camilla-nasta-ordforande-i-kommunstyrelsen\\\/#article\",\"isPartOf\":{\"@id\":\"https:\\\/\\\/wp.kristdemokraterna.se\\\/varnamo\\\/2014\\\/01\\\/27\\\/camilla-nasta-ordforande-i-kommunstyrelsen\\\/\"},\"author\":{\"name\":\"Kristdemokraterna V\u00e4rnamo\",\"@id\":\"https:\\\/\\\/wp.kristdemokraterna.se\\\/varnamo\\\/#\\\/schema\\\/person\\\/4e339ab04d613699e4dfe80a994e01d4\"},\"headline\":\"Camilla \u2013 n\u00e4sta ordf\u00f6rande i Kommunstyrelsen!?\",\"datePublished\":\"2014-01-27T22:26:39+00:00\",\"dateModified\":\"2015-07-10T11:42:34+00:00\",\"mainEntityOfPage\":{\"@id\":\"https:\\\/\\\/wp.kristdemokraterna.se\\\/varnamo\\\/2014\\\/01\\\/27\\\/camilla-nasta-ordforande-i-kommunstyrelsen\\\/\"},\"wordCount\":845,\"publisher\":{\"@id\":\"https:\\\/\\\/wp.kristdemokraterna.se\\\/varnamo\\\/#organization\"},\"image\":{\"@id\":\"https:\\\/\\\/wp.kristdemokraterna.se\\\/varnamo\\\/2014\\\/01\\\/27\\\/camilla-nasta-ordforande-i-kommunstyrelsen\\\/#primaryimage\"},\"thumbnailUrl\":\"https:\\\/\\\/wp.kristdemokraterna.se\\\/varnamo\\\/files\\\/2014\\\/01\\\/20140127_AnnSofieBjorhag_CamillaRinaldoMiller_MariaLarsson_MonikaJohnsson.png\",\"keywords\":[\"Alliansen\",\"AnnSofie Bj\u00f6rhag\",\"barn och unga\",\"Camilla Rinaldo Miller\",\"Christer Fjordevik\",\"ekonomi\",\"EU\",\"f\u00f6rskola\",\"Gummifabriken\",\"Gunnar Crona\",\"Maria Larsson\",\"minister\",\"Monica Johnsson\",\"nomineringar\",\"nomineringsst\u00e4mma\",\"skola\",\"Stig Claesson\",\"valsedlar\"],\"articleSection\":[\"Nyheter\"],\"inLanguage\":\"sv-SE\"},{\"@type\":\"WebPage\",\"@id\":\"https:\\\/\\\/wp.kristdemokraterna.se\\\/varnamo\\\/2014\\\/01\\\/27\\\/camilla-nasta-ordforande-i-kommunstyrelsen\\\/\",\"url\":\"https:\\\/\\\/wp.kristdemokraterna.se\\\/varnamo\\\/2014\\\/01\\\/27\\\/camilla-nasta-ordforande-i-kommunstyrelsen\\\/\",\"name\":\"Camilla \u2013 n\u00e4sta ordf\u00f6rande i Kommunstyrelsen!? - KRISTDEMOKRATERNA V\u00c4RNAMO\",\"isPartOf\":{\"@id\":\"https:\\\/\\\/wp.kristdemokraterna.se\\\/varnamo\\\/#website\"},\"primaryImageOfPage\":{\"@id\":\"https:\\\/\\\/wp.kristdemokraterna.se\\\/varnamo\\\/2014\\\/01\\\/27\\\/camilla-nasta-ordforande-i-kommunstyrelsen\\\/#primaryimage\"},\"image\":{\"@id\":\"https:\\\/\\\/wp.kristdemokraterna.se\\\/varnamo\\\/2014\\\/01\\\/27\\\/camilla-nasta-ordforande-i-kommunstyrelsen\\\/#primaryimage\"},\"thumbnailUrl\":\"https:\\\/\\\/wp.kristdemokraterna.se\\\/varnamo\\\/files\\\/2014\\\/01\\\/20140127_AnnSofieBjorhag_CamillaRinaldoMiller_MariaLarsson_MonikaJohnsson.png\",\"datePublished\":\"2014-01-27T22:26:39+00:00\",\"dateModified\":\"2015-07-10T11:42:34+00:00\",\"breadcrumb\":{\"@id\":\"https:\\\/\\\/wp.kristdemokraterna.se\\\/varnamo\\\/2014\\\/01\\\/27\\\/camilla-nasta-ordforande-i-kommunstyrelsen\\\/#breadcrumb\"},\"inLanguage\":\"sv-SE\",\"potentialAction\":[{\"@type\":\"ReadAction\",\"target\":[\"https:\\\/\\\/wp.kristdemokraterna.se\\\/varnamo\\\/2014\\\/01\\\/27\\\/camilla-nasta-ordforande-i-kommunstyrelsen\\\/\"]}]},{\"@type\":\"ImageObject\",\"inLanguage\":\"sv-SE\",\"@id\":\"https:\\\/\\\/wp.kristdemokraterna.se\\\/varnamo\\\/2014\\\/01\\\/27\\\/camilla-nasta-ordforande-i-kommunstyrelsen\\\/#primaryimage\",\"url\":\"https:\\\/\\\/wp.kristdemokraterna.se\\\/varnamo\\\/files\\\/2014\\\/01\\\/20140127_AnnSofieBjorhag_CamillaRinaldoMiller_MariaLarsson_MonikaJohnsson.png\",\"contentUrl\":\"https:\\\/\\\/wp.kristdemokraterna.se\\\/varnamo\\\/files\\\/2014\\\/01\\\/20140127_AnnSofieBjorhag_CamillaRinaldoMiller_MariaLarsson_MonikaJohnsson.png\",\"width\":580,\"height\":266,\"caption\":\"Barn- och \u00e4ldreminister Maria Larsson (KD), Gnosj\u00f6, tillsammans med n\u00e5gra av Kristdemokraternas toppkandidater i Kommunfullm\u00e4ktigevalet 2014: AnnSofie Bj\u00f6rhag, V\u00e4rnamo, Camilla Rinaldo Miller, Bredaryd och Monica Johnsson, Rydaholm. (Foto: H\u00e5kan Johansson)\"},{\"@type\":\"BreadcrumbList\",\"@id\":\"https:\\\/\\\/wp.kristdemokraterna.se\\\/varnamo\\\/2014\\\/01\\\/27\\\/camilla-nasta-ordforande-i-kommunstyrelsen\\\/#breadcrumb\",\"itemListElement\":[{\"@type\":\"ListItem\",\"position\":1,\"name\":\"Hem\",\"item\":\"https:\\\/\\\/wp.kristdemokraterna.se\\\/varnamo\\\/\"},{\"@type\":\"ListItem\",\"position\":2,\"name\":\"Camilla \u2013 n\u00e4sta ordf\u00f6rande i Kommunstyrelsen!?\"}]},{\"@type\":\"WebSite\",\"@id\":\"https:\\\/\\\/wp.kristdemokraterna.se\\\/varnamo\\\/#website\",\"url\":\"https:\\\/\\\/wp.kristdemokraterna.se\\\/varnamo\\\/\",\"name\":\"KRISTDEMOKRATERNA V\u00c4RNAMO\",\"description\":\"Med hj\u00e4rta f\u00f6r V\u00e4rnamo\",\"publisher\":{\"@id\":\"https:\\\/\\\/wp.kristdemokraterna.se\\\/varnamo\\\/#organization\"},\"inLanguage\":\"sv-SE\"},{\"@type\":\"Organization\",\"@id\":\"https:\\\/\\\/wp.kristdemokraterna.se\\\/varnamo\\\/#organization\",\"name\":\"Kristdemokraterna V\u00e4rnamo\",\"url\":\"https:\\\/\\\/wp.kristdemokraterna.se\\\/varnamo\\\/\",\"logo\":{\"@type\":\"ImageObject\",\"inLanguage\":\"sv-SE\",\"@id\":\"https:\\\/\\\/wp.kristdemokraterna.se\\\/varnamo\\\/#\\\/schema\\\/logo\\\/image\\\/\",\"url\":\"https:\\\/\\\/wp.kristdemokraterna.se\\\/varnamo\\\/files\\\/2022\\\/08\\\/va\u2560ernamo-sida-bla-300dpi.png\",\"contentUrl\":\"https:\\\/\\\/wp.kristdemokraterna.se\\\/varnamo\\\/files\\\/2022\\\/08\\\/va\u2560ernamo-sida-bla-300dpi.png\",\"width\":1485,\"height\":681,\"caption\":\"Kristdemokraterna V\u00e4rnamo\"},\"image\":{\"@id\":\"https:\\\/\\\/wp.kristdemokraterna.se\\\/varnamo\\\/#\\\/schema\\\/logo\\\/image\\\/\"},\"sameAs\":[\"https:\\\/\\\/www.facebook.com\\\/KDVarnamo\\\/\",\"https:\\\/\\\/x.com\\\/KDVarnamo\",\"https:\\\/\\\/www.instagram.com\\\/\",\"https:\\\/\\\/www.youtube.com\\\/user\\\/studiokd\\\/videos\"]},{\"@type\":\"Person\",\"@id\":\"https:\\\/\\\/wp.kristdemokraterna.se\\\/varnamo\\\/#\\\/schema\\\/person\\\/4e339ab04d613699e4dfe80a994e01d4\",\"name\":\"Kristdemokraterna V\u00e4rnamo\",\"image\":{\"@type\":\"ImageObject\",\"inLanguage\":\"sv-SE\",\"@id\":\"https:\\\/\\\/secure.gravatar.com\\\/avatar\\\/c122e48c7723992af51eb155eeaa93db3c1fa324e3fc6ec45dd712c812809b5b?s=96&r=g\",\"url\":\"https:\\\/\\\/secure.gravatar.com\\\/avatar\\\/c122e48c7723992af51eb155eeaa93db3c1fa324e3fc6ec45dd712c812809b5b?s=96&r=g\",\"contentUrl\":\"https:\\\/\\\/secure.gravatar.com\\\/avatar\\\/c122e48c7723992af51eb155eeaa93db3c1fa324e3fc6ec45dd712c812809b5b?s=96&r=g\",\"caption\":\"Kristdemokraterna V\u00e4rnamo\"},\"description\":\"Familjens r\u00f6st\",\"sameAs\":[\"http:\\\/\\\/www.varnamo.kristdemokraterna.se\"],\"url\":\"https:\\\/\\\/wp.kristdemokraterna.se\\\/varnamo\\\/author\\\/varnamo\\\/\"}]}<\/script>\n<!-- \/ Yoast SEO plugin. -->","yoast_head_json":{"title":"Camilla \u2013 n\u00e4sta ordf\u00f6rande i Kommunstyrelsen!? - KRISTDEMOKRATERNA V\u00c4RNAMO","robots":{"index":"index","follow":"follow","max-snippet":"max-snippet:-1","max-image-preview":"max-image-preview:large","max-video-preview":"max-video-preview:-1"},"canonical":"https:\/\/wp.kristdemokraterna.se\/varnamo\/2014\/01\/27\/camilla-nasta-ordforande-i-kommunstyrelsen\/","og_locale":"sv_SE","og_type":"article","og_title":"Camilla \u2013 n\u00e4sta ordf\u00f6rande i Kommunstyrelsen!? - KRISTDEMOKRATERNA V\u00c4RNAMO","og_description":"Ett politiskt stj\u00e4rnskott fr\u00e5n Bredaryd kan bli n\u00e4sta kommunstyrelseordf\u00f6rande i V\u00e4rnamo. Kristdemokraterna \u00e4r som vanligt tydliga med vem de vill se p\u00e5 den pos\u00adten och i \u00e5rets val lyfter man fram Camilla Rinaldo Miller. Barn- och \u00e4ldreminister Maria Larsson inspirerade V\u00e4rnamos Kristdemokrater och ser fram emot att driva valr\u00f6relser i V\u00e4rnamo.","og_url":"https:\/\/wp.kristdemokraterna.se\/varnamo\/2014\/01\/27\/camilla-nasta-ordforande-i-kommunstyrelsen\/","og_site_name":"KRISTDEMOKRATERNA V\u00c4RNAMO","article_publisher":"https:\/\/www.facebook.com\/KDVarnamo\/","article_published_time":"2014-01-27T22:26:39+00:00","article_modified_time":"2015-07-10T11:42:34+00:00","og_image":[{"width":580,"height":266,"url":"https:\/\/wp.kristdemokraterna.se\/varnamo\/files\/2014\/01\/20140127_AnnSofieBjorhag_CamillaRinaldoMiller_MariaLarsson_MonikaJohnsson.png","type":"image\/png"}],"author":"Kristdemokraterna V\u00e4rnamo","twitter_card":"summary_large_image","twitter_creator":"@KDVarnamo","twitter_site":"@KDVarnamo","twitter_misc":{"Skriven av":"Kristdemokraterna V\u00e4rnamo","Ber\u00e4knad l\u00e4stid":"4 minuter"},"schema":{"@context":"https:\/\/schema.org","@graph":[{"@type":"Article","@id":"https:\/\/wp.kristdemokraterna.se\/varnamo\/2014\/01\/27\/camilla-nasta-ordforande-i-kommunstyrelsen\/#article","isPartOf":{"@id":"https:\/\/wp.kristdemokraterna.se\/varnamo\/2014\/01\/27\/camilla-nasta-ordforande-i-kommunstyrelsen\/"},"author":{"name":"Kristdemokraterna V\u00e4rnamo","@id":"https:\/\/wp.kristdemokraterna.se\/varnamo\/#\/schema\/person\/4e339ab04d613699e4dfe80a994e01d4"},"headline":"Camilla \u2013 n\u00e4sta ordf\u00f6rande i Kommunstyrelsen!?","datePublished":"2014-01-27T22:26:39+00:00","dateModified":"2015-07-10T11:42:34+00:00","mainEntityOfPage":{"@id":"https:\/\/wp.kristdemokraterna.se\/varnamo\/2014\/01\/27\/camilla-nasta-ordforande-i-kommunstyrelsen\/"},"wordCount":845,"publisher":{"@id":"https:\/\/wp.kristdemokraterna.se\/varnamo\/#organization"},"image":{"@id":"https:\/\/wp.kristdemokraterna.se\/varnamo\/2014\/01\/27\/camilla-nasta-ordforande-i-kommunstyrelsen\/#primaryimage"},"thumbnailUrl":"https:\/\/wp.kristdemokraterna.se\/varnamo\/files\/2014\/01\/20140127_AnnSofieBjorhag_CamillaRinaldoMiller_MariaLarsson_MonikaJohnsson.png","keywords":["Alliansen","AnnSofie Bj\u00f6rhag","barn och unga","Camilla Rinaldo Miller","Christer Fjordevik","ekonomi","EU","f\u00f6rskola","Gummifabriken","Gunnar Crona","Maria Larsson","minister","Monica Johnsson","nomineringar","nomineringsst\u00e4mma","skola","Stig Claesson","valsedlar"],"articleSection":["Nyheter"],"inLanguage":"sv-SE"},{"@type":"WebPage","@id":"https:\/\/wp.kristdemokraterna.se\/varnamo\/2014\/01\/27\/camilla-nasta-ordforande-i-kommunstyrelsen\/","url":"https:\/\/wp.kristdemokraterna.se\/varnamo\/2014\/01\/27\/camilla-nasta-ordforande-i-kommunstyrelsen\/","name":"Camilla \u2013 n\u00e4sta ordf\u00f6rande i Kommunstyrelsen!? - KRISTDEMOKRATERNA V\u00c4RNAMO","isPartOf":{"@id":"https:\/\/wp.kristdemokraterna.se\/varnamo\/#website"},"primaryImageOfPage":{"@id":"https:\/\/wp.kristdemokraterna.se\/varnamo\/2014\/01\/27\/camilla-nasta-ordforande-i-kommunstyrelsen\/#primaryimage"},"image":{"@id":"https:\/\/wp.kristdemokraterna.se\/varnamo\/2014\/01\/27\/camilla-nasta-ordforande-i-kommunstyrelsen\/#primaryimage"},"thumbnailUrl":"https:\/\/wp.kristdemokraterna.se\/varnamo\/files\/2014\/01\/20140127_AnnSofieBjorhag_CamillaRinaldoMiller_MariaLarsson_MonikaJohnsson.png","datePublished":"2014-01-27T22:26:39+00:00","dateModified":"2015-07-10T11:42:34+00:00","breadcrumb":{"@id":"https:\/\/wp.kristdemokraterna.se\/varnamo\/2014\/01\/27\/camilla-nasta-ordforande-i-kommunstyrelsen\/#breadcrumb"},"inLanguage":"sv-SE","potentialAction":[{"@type":"ReadAction","target":["https:\/\/wp.kristdemokraterna.se\/varnamo\/2014\/01\/27\/camilla-nasta-ordforande-i-kommunstyrelsen\/"]}]},{"@type":"ImageObject","inLanguage":"sv-SE","@id":"https:\/\/wp.kristdemokraterna.se\/varnamo\/2014\/01\/27\/camilla-nasta-ordforande-i-kommunstyrelsen\/#primaryimage","url":"https:\/\/wp.kristdemokraterna.se\/varnamo\/files\/2014\/01\/20140127_AnnSofieBjorhag_CamillaRinaldoMiller_MariaLarsson_MonikaJohnsson.png","contentUrl":"https:\/\/wp.kristdemokraterna.se\/varnamo\/files\/2014\/01\/20140127_AnnSofieBjorhag_CamillaRinaldoMiller_MariaLarsson_MonikaJohnsson.png","width":580,"height":266,"caption":"Barn- och \u00e4ldreminister Maria Larsson (KD), Gnosj\u00f6, tillsammans med n\u00e5gra av Kristdemokraternas toppkandidater i Kommunfullm\u00e4ktigevalet 2014: AnnSofie Bj\u00f6rhag, V\u00e4rnamo, Camilla Rinaldo Miller, Bredaryd och Monica Johnsson, Rydaholm. (Foto: H\u00e5kan Johansson)"},{"@type":"BreadcrumbList","@id":"https:\/\/wp.kristdemokraterna.se\/varnamo\/2014\/01\/27\/camilla-nasta-ordforande-i-kommunstyrelsen\/#breadcrumb","itemListElement":[{"@type":"ListItem","position":1,"name":"Hem","item":"https:\/\/wp.kristdemokraterna.se\/varnamo\/"},{"@type":"ListItem","position":2,"name":"Camilla \u2013 n\u00e4sta ordf\u00f6rande i Kommunstyrelsen!?"}]},{"@type":"WebSite","@id":"https:\/\/wp.kristdemokraterna.se\/varnamo\/#website","url":"https:\/\/wp.kristdemokraterna.se\/varnamo\/","name":"KRISTDEMOKRATERNA V\u00c4RNAMO","description":"Med hj\u00e4rta f\u00f6r V\u00e4rnamo","publisher":{"@id":"https:\/\/wp.kristdemokraterna.se\/varnamo\/#organization"},"inLanguage":"sv-SE"},{"@type":"Organization","@id":"https:\/\/wp.kristdemokraterna.se\/varnamo\/#organization","name":"Kristdemokraterna V\u00e4rnamo","url":"https:\/\/wp.kristdemokraterna.se\/varnamo\/","logo":{"@type":"ImageObject","inLanguage":"sv-SE","@id":"https:\/\/wp.kristdemokraterna.se\/varnamo\/#\/schema\/logo\/image\/","url":"https:\/\/wp.kristdemokraterna.se\/varnamo\/files\/2022\/08\/va\u2560ernamo-sida-bla-300dpi.png","contentUrl":"https:\/\/wp.kristdemokraterna.se\/varnamo\/files\/2022\/08\/va\u2560ernamo-sida-bla-300dpi.png","width":1485,"height":681,"caption":"Kristdemokraterna V\u00e4rnamo"},"image":{"@id":"https:\/\/wp.kristdemokraterna.se\/varnamo\/#\/schema\/logo\/image\/"},"sameAs":["https:\/\/www.facebook.com\/KDVarnamo\/","https:\/\/x.com\/KDVarnamo","https:\/\/www.instagram.com\/","https:\/\/www.youtube.com\/user\/studiokd\/videos"]},{"@type":"Person","@id":"https:\/\/wp.kristdemokraterna.se\/varnamo\/#\/schema\/person\/4e339ab04d613699e4dfe80a994e01d4","name":"Kristdemokraterna V\u00e4rnamo","image":{"@type":"ImageObject","inLanguage":"sv-SE","@id":"https:\/\/secure.gravatar.com\/avatar\/c122e48c7723992af51eb155eeaa93db3c1fa324e3fc6ec45dd712c812809b5b?s=96&r=g","url":"https:\/\/secure.gravatar.com\/avatar\/c122e48c7723992af51eb155eeaa93db3c1fa324e3fc6ec45dd712c812809b5b?s=96&r=g","contentUrl":"https:\/\/secure.gravatar.com\/avatar\/c122e48c7723992af51eb155eeaa93db3c1fa324e3fc6ec45dd712c812809b5b?s=96&r=g","caption":"Kristdemokraterna V\u00e4rnamo"},"description":"Familjens r\u00f6st","sameAs":["http:\/\/www.varnamo.kristdemokraterna.se"],"url":"https:\/\/wp.kristdemokraterna.se\/varnamo\/author\/varnamo\/"}]}},"_links":{"self":[{"href":"https:\/\/wp.kristdemokraterna.se\/varnamo\/wp-json\/wp\/v2\/posts\/4673","targetHints":{"allow":["GET"]}}],"collection":[{"href":"https:\/\/wp.kristdemokraterna.se\/varnamo\/wp-json\/wp\/v2\/posts"}],"about":[{"href":"https:\/\/wp.kristdemokraterna.se\/varnamo\/wp-json\/wp\/v2\/types\/post"}],"author":[{"embeddable":true,"href":"https:\/\/wp.kristdemokraterna.se\/varnamo\/wp-json\/wp\/v2\/users\/412"}],"replies":[{"embeddable":true,"href":"https:\/\/wp.kristdemokraterna.se\/varnamo\/wp-json\/wp\/v2\/comments?post=4673"}],"version-history":[{"count":18,"href":"https:\/\/wp.kristdemokraterna.se\/varnamo\/wp-json\/wp\/v2\/posts\/4673\/revisions"}],"predecessor-version":[{"id":6608,"href":"https:\/\/wp.kristdemokraterna.se\/varnamo\/wp-json\/wp\/v2\/posts\/4673\/revisions\/6608"}],"wp:featuredmedia":[{"embeddable":true,"href":"https:\/\/wp.kristdemokraterna.se\/varnamo\/wp-json\/wp\/v2\/media\/4678"}],"wp:attachment":[{"href":"https:\/\/wp.kristdemokraterna.se\/varnamo\/wp-json\/wp\/v2\/media?parent=4673"}],"wp:term":[{"taxonomy":"category","embeddable":true,"href":"https:\/\/wp.kristdemokraterna.se\/varnamo\/wp-json\/wp\/v2\/categories?post=4673"},{"taxonomy":"post_tag","embeddable":true,"href":"https:\/\/wp.kristdemokraterna.se\/varnamo\/wp-json\/wp\/v2\/tags?post=4673"}],"curies":[{"name":"wp","href":"https:\/\/api.w.org\/{rel}","templated":true}]}}