{"id":4732,"date":"2014-02-13T21:38:41","date_gmt":"2014-02-13T20:38:41","guid":{"rendered":"http:\/\/wp.kristdemokraterna.se\/varnamo\/?p=4732"},"modified":"2015-07-10T13:25:35","modified_gmt":"2015-07-10T11:25:35","slug":"alla-fortjanar-starka-ben","status":"publish","type":"post","link":"https:\/\/wp.kristdemokraterna.se\/varnamo\/2014\/02\/13\/alla-fortjanar-starka-ben\/","title":{"rendered":"Alla f\u00f6rtj\u00e4nar starka ben!"},"content":{"rendered":"<p>456 000 svenskar har bensk\u00f6rhet, och ca 40 % av alla kvinnor och 15 % av alla m\u00e4n f\u00e5r under sitt liv ett benbrott relaterat till bensk\u00f6rhet. Kristdemokraterna har uppm\u00e4rksammat problemet genom en motion till landstingsfullm\u00e4ktige och i dag bes\u00f6kte Mia Frisk, Doris Lidman och Marianne Andersson Osteoporosmottagningen p\u00e5 V\u00e4rnamo sjukhus f\u00f6r att f\u00e5 veta mer om vad som kan g\u00f6ras.<\/p>\n<p><!--more-->De flesta vet inte om att de har bensk\u00f6rhet f\u00f6rr\u00e4n de ramlat och f\u00e5tt en fraktur och man uppt\u00e4cker att orsaken till att frakturen blev s\u00e5 allvarlig \u00e4r att benv\u00e4vnaden inuti benen \u00e4r tunn och por\u00f6s. Varje \u00e5r sker n\u00e4stan 100 000 frakturer relaterade till bensk\u00f6rhet. Det \u00e4r ett stort samh\u00e4llsproblem och Sverige \u00e4r ett av de h\u00e5rdast drabbade l\u00e4nderna i v\u00e4rlden.<\/p>\n<p>&#8211;\u00a0Cirka 20 % f\u00e5r behandling mot bensk\u00f6rhet efter en fraktur, men det borde vara 60-70%, ber\u00e4ttade Lena Lindberg, l\u00e4kare och eldsj\u00e4l p\u00e5 Osteoporosmottagningen p\u00e5 V\u00e4rnamo sjukhus. Det m\u00e5ste till b\u00e4ttre rutiner och samverkan mellan klinikerna om de patienter som beh\u00f6ver behandling ska f\u00e5 det.<\/p>\n<p>Riksf\u00f6reningen Osteoporotiker h\u00e4vdar att den bristf\u00e4lliga kunskapen hos m\u00e5nga som jobbar inom h\u00e4lso- och sjukv\u00e5rd g\u00f6r att m\u00e5nga drabbade g\u00e5r l\u00e4nge utan hj\u00e4lp.<\/p>\n<p>&#8211; Det var ett intressant studiebes\u00f6k p\u00e5 Osteoporosmottagningen i V\u00e4rnamo, sade Landstingsr\u00e5det Mia Frisk (KD).\u00a0Att f\u00f6rebygga nya frakturer ger minskat m\u00e4nskligt lidande och l\u00e4gre kostnader f\u00f6r v\u00e5rden. Det allra b\u00e4sta vore om man kunde uppt\u00e4cka bensk\u00f6rhet redan innan den f\u00f6rsta frakturen.<\/p>\n<p>Landstinget i J\u00f6nk\u00f6ping l\u00e4n \u00e4r, j\u00e4mf\u00f6rt med andra landsting, bra p\u00e5 att l\u00e4kemedelsbehandla kvinnor som f\u00e5tt en fraktur p\u00e5 grund av bensk\u00f6rhet. Men vi vill mer! I en <a title=\"Motion om Screening av bensk\u00f6rhet\" href=\"#1\">motion till landstingsfullm\u00e4ktige<\/a> f\u00f6resl\u00e5r tre kristdemokratiska landstingspolitiker att landstinget utreder f\u00f6ruts\u00e4ttningarna f\u00f6r en f\u00f6rs\u00f6ksverksamhet med screening av bensk\u00f6rhet. Detta kan exempelvis g\u00f6ras med hj\u00e4lp av ett fr\u00e5geformul\u00e4r (FRAX)\u00a0i samband med mammografi, h\u00e4lsosamtal och\/eller inom prim\u00e4rv\u00e5rden.<\/p>\n<p>&#8211; Vi kristdemokrater vill att Socialstyrelsens riktlinjer uppm\u00e4rksammas och att dessa intentioner f\u00f6rverkligas \u00e4ven i v\u00e5rt landsting, s\u00e4ger motion\u00e4rerna Doris Lidman, Marianne Andersson och Ragnwald Ahln\u00e9r.<\/p>\n\n\t\t<style type=\"text\/css\">\n\t\t\t#gallery-1 {\n\t\t\t\tmargin: auto;\n\t\t\t}\n\t\t\t#gallery-1 .gallery-item {\n\t\t\t\tfloat: left;\n\t\t\t\tmargin-top: 10px;\n\t\t\t\ttext-align: center;\n\t\t\t\twidth: 33%;\n\t\t\t}\n\t\t\t#gallery-1 img {\n\t\t\t\tborder: 2px solid #cfcfcf;\n\t\t\t}\n\t\t\t#gallery-1 .gallery-caption {\n\t\t\t\tmargin-left: 0;\n\t\t\t}\n\t\t\t\/* see gallery_shortcode() in wp-includes\/media.php *\/\n\t\t<\/style>\n\t\t<div id='gallery-1' class='gallery galleryid-4732 gallery-columns-3 gallery-size-thumbnail'><dl class='gallery-item'>\n\t\t\t<dt class='gallery-icon landscape'>\n\t\t\t\t<a href='https:\/\/wp.kristdemokraterna.se\/varnamo\/2014\/02\/13\/alla-fortjanar-starka-ben\/20140213-sjukhusbesok-miafrisk-marianneandersson-dorislidman\/'><img loading=\"lazy\" decoding=\"async\" width=\"150\" height=\"150\" src=\"https:\/\/wp.kristdemokraterna.se\/varnamo\/files\/2014\/02\/20140213_Sjukhusbesok_MiaFrisk_MarianneAndersson_DorisLidman-150x150.png\" class=\"attachment-thumbnail size-thumbnail\" alt=\"Landstingsr\u00e5det Mia Frisk tillsammans med Marianne Andersson och Doris Lidman, som motionerar om screening av bensk\u00f6rhet tillsammans med Ragnwald Ahln\u00e9r. (Foto: H\u00e5kan Johansson)\" aria-describedby=\"gallery-1-4734\" \/><\/a>\n\t\t\t<\/dt>\n\t\t\t\t<dd class='wp-caption-text gallery-caption' id='gallery-1-4734'>\n\t\t\t\tLandstingsr\u00e5det Mia Frisk tillsammans med Marianne Andersson och Doris Lidman, som motionerar om screening av bensk\u00f6rhet tillsammans med Ragnwald Ahln\u00e9r. (Foto: H\u00e5kan Johansson)\n\t\t\t\t<\/dd><\/dl><dl class='gallery-item'>\n\t\t\t<dt class='gallery-icon landscape'>\n\t\t\t\t<a href='https:\/\/wp.kristdemokraterna.se\/varnamo\/2014\/02\/13\/alla-fortjanar-starka-ben\/20140213-sjukhusbesok-elisabetjohansson-annelienilsson-miafrisk-marianneandersson-dorislidman\/'><img loading=\"lazy\" decoding=\"async\" width=\"150\" height=\"150\" src=\"https:\/\/wp.kristdemokraterna.se\/varnamo\/files\/2014\/02\/20140213_Sjukhusbesok_ElisabetJohansson_AnnelieNilsson_MiaFrisk_MarianneAndersson_DorisLidman-150x150.png\" class=\"attachment-thumbnail size-thumbnail\" alt=\"Elisabet Johansson och Annelie Nilsson ber\u00e4ttar om maskinen som man m\u00e4ter bent\u00e4thet med f\u00f6r de kristdemokratiska landstingspolitikerna Mia Frisk (Landstingsr\u00e5d), Marianne Andersson och Doris Lidman. (Foto: H\u00e5kan Johansson)\" aria-describedby=\"gallery-1-4733\" \/><\/a>\n\t\t\t<\/dt>\n\t\t\t\t<dd class='wp-caption-text gallery-caption' id='gallery-1-4733'>\n\t\t\t\tElisabet Johansson och Annelie Nilsson ber\u00e4ttar om maskinen som man m\u00e4ter bent\u00e4thet med f\u00f6r de kristdemokratiska landstingspolitikerna Mia Frisk (Landstingsr\u00e5d), Marianne Andersson och Doris Lidman. (Foto: H\u00e5kan Johansson)\n\t\t\t\t<\/dd><\/dl>\n\t\t\t<br style='clear: both' \/>\n\t\t<\/div>\n\n<p><em>Motion till landstingsfullm\u00e4ktige i J\u00f6nk\u00f6pings l\u00e4n<\/em><\/p>\n<h1 id=\"1\">Screening av bensk\u00f6rhet<\/h1>\n<p>Osteoporos (bensk\u00f6rhet) \u00e4r p\u00e5 v\u00e4g att bli en av de stora folksjukdomarna. Man r\u00e4knar med att ca 70 000 personer varje \u00e5r r\u00e5kar ut f\u00f6r frakturer som kan kopplas till bensk\u00f6rhet. Dessa frakturer inneb\u00e4r f\u00f6r de drabbade stort lidande. M\u00e5nga av de som f\u00e5r t.ex. en h\u00f6ftledsfraktur kommer aldrig tillbaka till ett sj\u00e4lvst\u00e4ndigt liv igen. En stor del av personerna med bensk\u00f6rhet \u00e4r \u00e4ldre och kvinnor.<\/p>\n<p>Idag kan man p\u00e5 ett enkelt s\u00e4tt utf\u00f6ra bent\u00e4thetsm\u00e4tningar. Genom att hitta de som har bensk\u00f6rhet kan man s\u00e4tta in f\u00f6rebyggande behandling och d\u00e4rmed undvika ett stort antal frakturer. F\u00f6rutom vinsten f\u00f6r den enskilde kommer \u00e4ven en stor sjukv\u00e5rdskostnad att undvikas. Man r\u00e4knar idag med att denna folksjukdom kostar svenska samh\u00e4llet 6 miljarder \u00e5rligen.<\/p>\n<p>Socialstyrelsen har tagit fram nya nationella riktlinjer f\u00f6r r\u00f6relseorganens sjukdomar. I riktlinjerna framg\u00e5r det tydligt att det \u00e5ligger sjukv\u00e5rden att identifiera bensk\u00f6rhet och att patienter med h\u00f6g risk att drabbas av frakturer erbjuds osteoporosbehandling.<\/p>\n<p>Landstinget i J\u00f6nk\u00f6pings l\u00e4n ligger, enligt \u00d6ppna j\u00e4mf\u00f6relser, b\u00e4st till i landet n\u00e4r det g\u00e4ller att l\u00e4kemedelsbehandla kvinnor som haft en bensk\u00f6rhetsfraktur. \u00c4nd\u00e5 \u00e4r det endast 22 procent som f\u00e5r en behandling, medan ca 70 procent skulle ha nytta av den. S\u00e5 \u00e4ven n\u00e4r det g\u00e4ller de som redan haft en fraktur finns det mycket mer att g\u00f6ra.<\/p>\n<p>Vi kristdemokrater vill att Socialstyrelsens riktlinjer uppm\u00e4rksammas och att dess intentioner f\u00f6rverkligas \u00e4ven i v\u00e5rt landsting.<\/p>\n<p>Bensk\u00f6rhet \u00e4r en sjukdom som \u00e4r betydligt l\u00e4ttare att f\u00f6rebygga \u00e4n att behandla. D\u00e4rf\u00f6r vore det bra att f\u00f6rebygga s\u00e5 att inte ens den f\u00f6rsta frakturen beh\u00f6ver intr\u00e4ffa! Detta kan exempelvis g\u00f6ras i form av screening i samband med mammografi och\/eller genom anv\u00e4ndning av ett fr\u00e5geformul\u00e4r (FRAX) inom prim\u00e4rv\u00e5rden. Med detta formul\u00e4r n\u00e5r man \u00e4ven de m\u00e4n som \u00e4r i riskzonen.<\/p>\n<p>Vi f\u00f6resl\u00e5r d\u00e4rf\u00f6r<\/p>\n<p><strong>att <\/strong>landstinget utreder f\u00f6ruts\u00e4ttningarna f\u00f6r en f\u00f6rs\u00f6ksverksamhet med screening av bensk\u00f6rhet<\/p>\n<p>2013-11-05<\/p>\n<p>Doris Lidman (kd)\u00a0\u00a0\u00a0\u00a0\u00a0\u00a0\u00a0\u00a0 \u00a0\u00a0\u00a0\u00a0\u00a0\u00a0\u00a0Marianne Andersson (kd)\u00a0\u00a0\u00a0\u00a0\u00a0\u00a0\u00a0\u00a0\u00a0\u00a0\u00a0\u00a0\u00a0\u00a0\u00a0\u00a0 \u00a0\u00a0 Ragnwald Ahln\u00e9r (kd)<\/p>\n","protected":false},"excerpt":{"rendered":"<p>456 000 svenskar har bensk\u00f6rhet, och ca 40 % av alla kvinnor och 15 % av alla m\u00e4n f\u00e5r under sitt liv ett benbrott relaterat till bensk\u00f6rhet. Kristdemokraterna har uppm\u00e4rksammat problemet genom en motion till landstingsfullm\u00e4ktige och i dag bes\u00f6kte Mia Frisk, Doris Lidman och Marianne Andersson Osteoporosmottagningen p\u00e5 V\u00e4rnamo sjukhus f\u00f6r att f\u00e5 veta <a class=\"read-more-link\" href=\"https:\/\/wp.kristdemokraterna.se\/varnamo\/2014\/02\/13\/alla-fortjanar-starka-ben\/\">Read More<\/a><\/p>\n","protected":false},"author":412,"featured_media":4733,"comment_status":"closed","ping_status":"closed","sticky":false,"template":"","format":"standard","meta":{"_acf_changed":false,"footnotes":""},"categories":[11],"tags":[456,455,457,459,122,47,458,153,124,97,460,461],"class_list":["post-4732","post","type-post","status-publish","format-standard","hentry","category-nyheter","tag-benskorhet","tag-doris-lidman","tag-fraktur","tag-halsosamtal","tag-landstingsfullmaktige","tag-landstingsrad","tag-mammografi","tag-marianne-andersson","tag-mia-frisk","tag-motion","tag-primarvard","tag-ragnwald-ahlner"],"acf":[],"yoast_head":"<!-- This site is optimized with the Yoast SEO plugin v27.4 - https:\/\/yoast.com\/product\/yoast-seo-wordpress\/ -->\n<title>Alla f\u00f6rtj\u00e4nar starka ben! - KRISTDEMOKRATERNA V\u00c4RNAMO<\/title>\n<meta name=\"robots\" content=\"index, follow, max-snippet:-1, max-image-preview:large, max-video-preview:-1\" \/>\n<link rel=\"canonical\" href=\"https:\/\/wp.kristdemokraterna.se\/varnamo\/2014\/02\/13\/alla-fortjanar-starka-ben\/\" \/>\n<meta property=\"og:locale\" content=\"sv_SE\" \/>\n<meta property=\"og:type\" content=\"article\" \/>\n<meta property=\"og:title\" content=\"Alla f\u00f6rtj\u00e4nar starka ben! - KRISTDEMOKRATERNA V\u00c4RNAMO\" \/>\n<meta property=\"og:description\" content=\"456 000 svenskar har bensk\u00f6rhet, och ca 40 % av alla kvinnor och 15 % av alla m\u00e4n f\u00e5r under sitt liv ett benbrott relaterat till bensk\u00f6rhet. Kristdemokraterna har uppm\u00e4rksammat problemet genom en motion till landstingsfullm\u00e4ktige och i dag bes\u00f6kte Mia Frisk, Doris Lidman och Marianne Andersson Osteoporosmottagningen p\u00e5 V\u00e4rnamo sjukhus f\u00f6r att f\u00e5 veta Read More\" \/>\n<meta property=\"og:url\" content=\"https:\/\/wp.kristdemokraterna.se\/varnamo\/2014\/02\/13\/alla-fortjanar-starka-ben\/\" \/>\n<meta property=\"og:site_name\" content=\"KRISTDEMOKRATERNA V\u00c4RNAMO\" \/>\n<meta property=\"article:publisher\" content=\"https:\/\/www.facebook.com\/KDVarnamo\/\" \/>\n<meta property=\"article:published_time\" content=\"2014-02-13T20:38:41+00:00\" \/>\n<meta property=\"article:modified_time\" content=\"2015-07-10T11:25:35+00:00\" \/>\n<meta property=\"og:image\" content=\"https:\/\/wp.kristdemokraterna.se\/varnamo\/files\/2014\/02\/20140213_Sjukhusbesok_ElisabetJohansson_AnnelieNilsson_MiaFrisk_MarianneAndersson_DorisLidman.png\" \/>\n\t<meta property=\"og:image:width\" content=\"580\" \/>\n\t<meta property=\"og:image:height\" content=\"327\" \/>\n\t<meta property=\"og:image:type\" content=\"image\/png\" \/>\n<meta name=\"author\" content=\"Kristdemokraterna V\u00e4rnamo\" \/>\n<meta name=\"twitter:card\" content=\"summary_large_image\" \/>\n<meta name=\"twitter:creator\" content=\"@KDVarnamo\" \/>\n<meta name=\"twitter:site\" content=\"@KDVarnamo\" \/>\n<meta name=\"twitter:label1\" content=\"Skriven av\" \/>\n\t<meta name=\"twitter:data1\" content=\"Kristdemokraterna V\u00e4rnamo\" \/>\n\t<meta name=\"twitter:label2\" content=\"Ber\u00e4knad l\u00e4stid\" \/>\n\t<meta name=\"twitter:data2\" content=\"4 minuter\" \/>\n<script type=\"application\/ld+json\" class=\"yoast-schema-graph\">{\"@context\":\"https:\\\/\\\/schema.org\",\"@graph\":[{\"@type\":\"Article\",\"@id\":\"https:\\\/\\\/wp.kristdemokraterna.se\\\/varnamo\\\/2014\\\/02\\\/13\\\/alla-fortjanar-starka-ben\\\/#article\",\"isPartOf\":{\"@id\":\"https:\\\/\\\/wp.kristdemokraterna.se\\\/varnamo\\\/2014\\\/02\\\/13\\\/alla-fortjanar-starka-ben\\\/\"},\"author\":{\"name\":\"Kristdemokraterna V\u00e4rnamo\",\"@id\":\"https:\\\/\\\/wp.kristdemokraterna.se\\\/varnamo\\\/#\\\/schema\\\/person\\\/4e339ab04d613699e4dfe80a994e01d4\"},\"headline\":\"Alla f\u00f6rtj\u00e4nar starka ben!\",\"datePublished\":\"2014-02-13T20:38:41+00:00\",\"dateModified\":\"2015-07-10T11:25:35+00:00\",\"mainEntityOfPage\":{\"@id\":\"https:\\\/\\\/wp.kristdemokraterna.se\\\/varnamo\\\/2014\\\/02\\\/13\\\/alla-fortjanar-starka-ben\\\/\"},\"wordCount\":815,\"publisher\":{\"@id\":\"https:\\\/\\\/wp.kristdemokraterna.se\\\/varnamo\\\/#organization\"},\"image\":{\"@id\":\"https:\\\/\\\/wp.kristdemokraterna.se\\\/varnamo\\\/2014\\\/02\\\/13\\\/alla-fortjanar-starka-ben\\\/#primaryimage\"},\"thumbnailUrl\":\"https:\\\/\\\/wp.kristdemokraterna.se\\\/varnamo\\\/files\\\/2014\\\/02\\\/20140213_Sjukhusbesok_ElisabetJohansson_AnnelieNilsson_MiaFrisk_MarianneAndersson_DorisLidman.png\",\"keywords\":[\"bensk\u00f6rhet\",\"Doris Lidman\",\"fraktur\",\"h\u00e4lsosamtal\",\"landstingsfullm\u00e4ktige\",\"landstingsr\u00e5d\",\"mammografi\",\"Marianne Andersson\",\"Mia Frisk\",\"motion\",\"prim\u00e4rv\u00e5rd\",\"Ragnwald Ahln\u00e9r\"],\"articleSection\":[\"Nyheter\"],\"inLanguage\":\"sv-SE\"},{\"@type\":\"WebPage\",\"@id\":\"https:\\\/\\\/wp.kristdemokraterna.se\\\/varnamo\\\/2014\\\/02\\\/13\\\/alla-fortjanar-starka-ben\\\/\",\"url\":\"https:\\\/\\\/wp.kristdemokraterna.se\\\/varnamo\\\/2014\\\/02\\\/13\\\/alla-fortjanar-starka-ben\\\/\",\"name\":\"Alla f\u00f6rtj\u00e4nar starka ben! - KRISTDEMOKRATERNA V\u00c4RNAMO\",\"isPartOf\":{\"@id\":\"https:\\\/\\\/wp.kristdemokraterna.se\\\/varnamo\\\/#website\"},\"primaryImageOfPage\":{\"@id\":\"https:\\\/\\\/wp.kristdemokraterna.se\\\/varnamo\\\/2014\\\/02\\\/13\\\/alla-fortjanar-starka-ben\\\/#primaryimage\"},\"image\":{\"@id\":\"https:\\\/\\\/wp.kristdemokraterna.se\\\/varnamo\\\/2014\\\/02\\\/13\\\/alla-fortjanar-starka-ben\\\/#primaryimage\"},\"thumbnailUrl\":\"https:\\\/\\\/wp.kristdemokraterna.se\\\/varnamo\\\/files\\\/2014\\\/02\\\/20140213_Sjukhusbesok_ElisabetJohansson_AnnelieNilsson_MiaFrisk_MarianneAndersson_DorisLidman.png\",\"datePublished\":\"2014-02-13T20:38:41+00:00\",\"dateModified\":\"2015-07-10T11:25:35+00:00\",\"breadcrumb\":{\"@id\":\"https:\\\/\\\/wp.kristdemokraterna.se\\\/varnamo\\\/2014\\\/02\\\/13\\\/alla-fortjanar-starka-ben\\\/#breadcrumb\"},\"inLanguage\":\"sv-SE\",\"potentialAction\":[{\"@type\":\"ReadAction\",\"target\":[\"https:\\\/\\\/wp.kristdemokraterna.se\\\/varnamo\\\/2014\\\/02\\\/13\\\/alla-fortjanar-starka-ben\\\/\"]}]},{\"@type\":\"ImageObject\",\"inLanguage\":\"sv-SE\",\"@id\":\"https:\\\/\\\/wp.kristdemokraterna.se\\\/varnamo\\\/2014\\\/02\\\/13\\\/alla-fortjanar-starka-ben\\\/#primaryimage\",\"url\":\"https:\\\/\\\/wp.kristdemokraterna.se\\\/varnamo\\\/files\\\/2014\\\/02\\\/20140213_Sjukhusbesok_ElisabetJohansson_AnnelieNilsson_MiaFrisk_MarianneAndersson_DorisLidman.png\",\"contentUrl\":\"https:\\\/\\\/wp.kristdemokraterna.se\\\/varnamo\\\/files\\\/2014\\\/02\\\/20140213_Sjukhusbesok_ElisabetJohansson_AnnelieNilsson_MiaFrisk_MarianneAndersson_DorisLidman.png\",\"width\":580,\"height\":327,\"caption\":\"Elisabet Johansson och Annelie Nilsson ber\u00e4ttar om maskinen som man m\u00e4ter bent\u00e4thet med f\u00f6r de kristdemokratiska landstingspolitikerna Mia Frisk (Landstingsr\u00e5d), Marianne Andersson och Doris Lidman. (Foto: H\u00e5kan Johansson)\"},{\"@type\":\"BreadcrumbList\",\"@id\":\"https:\\\/\\\/wp.kristdemokraterna.se\\\/varnamo\\\/2014\\\/02\\\/13\\\/alla-fortjanar-starka-ben\\\/#breadcrumb\",\"itemListElement\":[{\"@type\":\"ListItem\",\"position\":1,\"name\":\"Hem\",\"item\":\"https:\\\/\\\/wp.kristdemokraterna.se\\\/varnamo\\\/\"},{\"@type\":\"ListItem\",\"position\":2,\"name\":\"Alla f\u00f6rtj\u00e4nar starka ben!\"}]},{\"@type\":\"WebSite\",\"@id\":\"https:\\\/\\\/wp.kristdemokraterna.se\\\/varnamo\\\/#website\",\"url\":\"https:\\\/\\\/wp.kristdemokraterna.se\\\/varnamo\\\/\",\"name\":\"KRISTDEMOKRATERNA V\u00c4RNAMO\",\"description\":\"Med hj\u00e4rta f\u00f6r V\u00e4rnamo\",\"publisher\":{\"@id\":\"https:\\\/\\\/wp.kristdemokraterna.se\\\/varnamo\\\/#organization\"},\"inLanguage\":\"sv-SE\"},{\"@type\":\"Organization\",\"@id\":\"https:\\\/\\\/wp.kristdemokraterna.se\\\/varnamo\\\/#organization\",\"name\":\"Kristdemokraterna V\u00e4rnamo\",\"url\":\"https:\\\/\\\/wp.kristdemokraterna.se\\\/varnamo\\\/\",\"logo\":{\"@type\":\"ImageObject\",\"inLanguage\":\"sv-SE\",\"@id\":\"https:\\\/\\\/wp.kristdemokraterna.se\\\/varnamo\\\/#\\\/schema\\\/logo\\\/image\\\/\",\"url\":\"https:\\\/\\\/wp.kristdemokraterna.se\\\/varnamo\\\/files\\\/2022\\\/08\\\/va\u2560ernamo-sida-bla-300dpi.png\",\"contentUrl\":\"https:\\\/\\\/wp.kristdemokraterna.se\\\/varnamo\\\/files\\\/2022\\\/08\\\/va\u2560ernamo-sida-bla-300dpi.png\",\"width\":1485,\"height\":681,\"caption\":\"Kristdemokraterna V\u00e4rnamo\"},\"image\":{\"@id\":\"https:\\\/\\\/wp.kristdemokraterna.se\\\/varnamo\\\/#\\\/schema\\\/logo\\\/image\\\/\"},\"sameAs\":[\"https:\\\/\\\/www.facebook.com\\\/KDVarnamo\\\/\",\"https:\\\/\\\/x.com\\\/KDVarnamo\",\"https:\\\/\\\/www.instagram.com\\\/\",\"https:\\\/\\\/www.youtube.com\\\/user\\\/studiokd\\\/videos\"]},{\"@type\":\"Person\",\"@id\":\"https:\\\/\\\/wp.kristdemokraterna.se\\\/varnamo\\\/#\\\/schema\\\/person\\\/4e339ab04d613699e4dfe80a994e01d4\",\"name\":\"Kristdemokraterna V\u00e4rnamo\",\"image\":{\"@type\":\"ImageObject\",\"inLanguage\":\"sv-SE\",\"@id\":\"https:\\\/\\\/secure.gravatar.com\\\/avatar\\\/c122e48c7723992af51eb155eeaa93db3c1fa324e3fc6ec45dd712c812809b5b?s=96&r=g\",\"url\":\"https:\\\/\\\/secure.gravatar.com\\\/avatar\\\/c122e48c7723992af51eb155eeaa93db3c1fa324e3fc6ec45dd712c812809b5b?s=96&r=g\",\"contentUrl\":\"https:\\\/\\\/secure.gravatar.com\\\/avatar\\\/c122e48c7723992af51eb155eeaa93db3c1fa324e3fc6ec45dd712c812809b5b?s=96&r=g\",\"caption\":\"Kristdemokraterna V\u00e4rnamo\"},\"description\":\"Familjens r\u00f6st\",\"sameAs\":[\"http:\\\/\\\/www.varnamo.kristdemokraterna.se\"],\"url\":\"https:\\\/\\\/wp.kristdemokraterna.se\\\/varnamo\\\/author\\\/varnamo\\\/\"}]}<\/script>\n<!-- \/ Yoast SEO plugin. -->","yoast_head_json":{"title":"Alla f\u00f6rtj\u00e4nar starka ben! - KRISTDEMOKRATERNA V\u00c4RNAMO","robots":{"index":"index","follow":"follow","max-snippet":"max-snippet:-1","max-image-preview":"max-image-preview:large","max-video-preview":"max-video-preview:-1"},"canonical":"https:\/\/wp.kristdemokraterna.se\/varnamo\/2014\/02\/13\/alla-fortjanar-starka-ben\/","og_locale":"sv_SE","og_type":"article","og_title":"Alla f\u00f6rtj\u00e4nar starka ben! - KRISTDEMOKRATERNA V\u00c4RNAMO","og_description":"456 000 svenskar har bensk\u00f6rhet, och ca 40 % av alla kvinnor och 15 % av alla m\u00e4n f\u00e5r under sitt liv ett benbrott relaterat till bensk\u00f6rhet. Kristdemokraterna har uppm\u00e4rksammat problemet genom en motion till landstingsfullm\u00e4ktige och i dag bes\u00f6kte Mia Frisk, Doris Lidman och Marianne Andersson Osteoporosmottagningen p\u00e5 V\u00e4rnamo sjukhus f\u00f6r att f\u00e5 veta Read More","og_url":"https:\/\/wp.kristdemokraterna.se\/varnamo\/2014\/02\/13\/alla-fortjanar-starka-ben\/","og_site_name":"KRISTDEMOKRATERNA V\u00c4RNAMO","article_publisher":"https:\/\/www.facebook.com\/KDVarnamo\/","article_published_time":"2014-02-13T20:38:41+00:00","article_modified_time":"2015-07-10T11:25:35+00:00","og_image":[{"width":580,"height":327,"url":"https:\/\/wp.kristdemokraterna.se\/varnamo\/files\/2014\/02\/20140213_Sjukhusbesok_ElisabetJohansson_AnnelieNilsson_MiaFrisk_MarianneAndersson_DorisLidman.png","type":"image\/png"}],"author":"Kristdemokraterna V\u00e4rnamo","twitter_card":"summary_large_image","twitter_creator":"@KDVarnamo","twitter_site":"@KDVarnamo","twitter_misc":{"Skriven av":"Kristdemokraterna V\u00e4rnamo","Ber\u00e4knad l\u00e4stid":"4 minuter"},"schema":{"@context":"https:\/\/schema.org","@graph":[{"@type":"Article","@id":"https:\/\/wp.kristdemokraterna.se\/varnamo\/2014\/02\/13\/alla-fortjanar-starka-ben\/#article","isPartOf":{"@id":"https:\/\/wp.kristdemokraterna.se\/varnamo\/2014\/02\/13\/alla-fortjanar-starka-ben\/"},"author":{"name":"Kristdemokraterna V\u00e4rnamo","@id":"https:\/\/wp.kristdemokraterna.se\/varnamo\/#\/schema\/person\/4e339ab04d613699e4dfe80a994e01d4"},"headline":"Alla f\u00f6rtj\u00e4nar starka ben!","datePublished":"2014-02-13T20:38:41+00:00","dateModified":"2015-07-10T11:25:35+00:00","mainEntityOfPage":{"@id":"https:\/\/wp.kristdemokraterna.se\/varnamo\/2014\/02\/13\/alla-fortjanar-starka-ben\/"},"wordCount":815,"publisher":{"@id":"https:\/\/wp.kristdemokraterna.se\/varnamo\/#organization"},"image":{"@id":"https:\/\/wp.kristdemokraterna.se\/varnamo\/2014\/02\/13\/alla-fortjanar-starka-ben\/#primaryimage"},"thumbnailUrl":"https:\/\/wp.kristdemokraterna.se\/varnamo\/files\/2014\/02\/20140213_Sjukhusbesok_ElisabetJohansson_AnnelieNilsson_MiaFrisk_MarianneAndersson_DorisLidman.png","keywords":["bensk\u00f6rhet","Doris Lidman","fraktur","h\u00e4lsosamtal","landstingsfullm\u00e4ktige","landstingsr\u00e5d","mammografi","Marianne Andersson","Mia Frisk","motion","prim\u00e4rv\u00e5rd","Ragnwald Ahln\u00e9r"],"articleSection":["Nyheter"],"inLanguage":"sv-SE"},{"@type":"WebPage","@id":"https:\/\/wp.kristdemokraterna.se\/varnamo\/2014\/02\/13\/alla-fortjanar-starka-ben\/","url":"https:\/\/wp.kristdemokraterna.se\/varnamo\/2014\/02\/13\/alla-fortjanar-starka-ben\/","name":"Alla f\u00f6rtj\u00e4nar starka ben! - KRISTDEMOKRATERNA V\u00c4RNAMO","isPartOf":{"@id":"https:\/\/wp.kristdemokraterna.se\/varnamo\/#website"},"primaryImageOfPage":{"@id":"https:\/\/wp.kristdemokraterna.se\/varnamo\/2014\/02\/13\/alla-fortjanar-starka-ben\/#primaryimage"},"image":{"@id":"https:\/\/wp.kristdemokraterna.se\/varnamo\/2014\/02\/13\/alla-fortjanar-starka-ben\/#primaryimage"},"thumbnailUrl":"https:\/\/wp.kristdemokraterna.se\/varnamo\/files\/2014\/02\/20140213_Sjukhusbesok_ElisabetJohansson_AnnelieNilsson_MiaFrisk_MarianneAndersson_DorisLidman.png","datePublished":"2014-02-13T20:38:41+00:00","dateModified":"2015-07-10T11:25:35+00:00","breadcrumb":{"@id":"https:\/\/wp.kristdemokraterna.se\/varnamo\/2014\/02\/13\/alla-fortjanar-starka-ben\/#breadcrumb"},"inLanguage":"sv-SE","potentialAction":[{"@type":"ReadAction","target":["https:\/\/wp.kristdemokraterna.se\/varnamo\/2014\/02\/13\/alla-fortjanar-starka-ben\/"]}]},{"@type":"ImageObject","inLanguage":"sv-SE","@id":"https:\/\/wp.kristdemokraterna.se\/varnamo\/2014\/02\/13\/alla-fortjanar-starka-ben\/#primaryimage","url":"https:\/\/wp.kristdemokraterna.se\/varnamo\/files\/2014\/02\/20140213_Sjukhusbesok_ElisabetJohansson_AnnelieNilsson_MiaFrisk_MarianneAndersson_DorisLidman.png","contentUrl":"https:\/\/wp.kristdemokraterna.se\/varnamo\/files\/2014\/02\/20140213_Sjukhusbesok_ElisabetJohansson_AnnelieNilsson_MiaFrisk_MarianneAndersson_DorisLidman.png","width":580,"height":327,"caption":"Elisabet Johansson och Annelie Nilsson ber\u00e4ttar om maskinen som man m\u00e4ter bent\u00e4thet med f\u00f6r de kristdemokratiska landstingspolitikerna Mia Frisk (Landstingsr\u00e5d), Marianne Andersson och Doris Lidman. (Foto: H\u00e5kan Johansson)"},{"@type":"BreadcrumbList","@id":"https:\/\/wp.kristdemokraterna.se\/varnamo\/2014\/02\/13\/alla-fortjanar-starka-ben\/#breadcrumb","itemListElement":[{"@type":"ListItem","position":1,"name":"Hem","item":"https:\/\/wp.kristdemokraterna.se\/varnamo\/"},{"@type":"ListItem","position":2,"name":"Alla f\u00f6rtj\u00e4nar starka ben!"}]},{"@type":"WebSite","@id":"https:\/\/wp.kristdemokraterna.se\/varnamo\/#website","url":"https:\/\/wp.kristdemokraterna.se\/varnamo\/","name":"KRISTDEMOKRATERNA V\u00c4RNAMO","description":"Med hj\u00e4rta f\u00f6r V\u00e4rnamo","publisher":{"@id":"https:\/\/wp.kristdemokraterna.se\/varnamo\/#organization"},"inLanguage":"sv-SE"},{"@type":"Organization","@id":"https:\/\/wp.kristdemokraterna.se\/varnamo\/#organization","name":"Kristdemokraterna V\u00e4rnamo","url":"https:\/\/wp.kristdemokraterna.se\/varnamo\/","logo":{"@type":"ImageObject","inLanguage":"sv-SE","@id":"https:\/\/wp.kristdemokraterna.se\/varnamo\/#\/schema\/logo\/image\/","url":"https:\/\/wp.kristdemokraterna.se\/varnamo\/files\/2022\/08\/va\u2560ernamo-sida-bla-300dpi.png","contentUrl":"https:\/\/wp.kristdemokraterna.se\/varnamo\/files\/2022\/08\/va\u2560ernamo-sida-bla-300dpi.png","width":1485,"height":681,"caption":"Kristdemokraterna V\u00e4rnamo"},"image":{"@id":"https:\/\/wp.kristdemokraterna.se\/varnamo\/#\/schema\/logo\/image\/"},"sameAs":["https:\/\/www.facebook.com\/KDVarnamo\/","https:\/\/x.com\/KDVarnamo","https:\/\/www.instagram.com\/","https:\/\/www.youtube.com\/user\/studiokd\/videos"]},{"@type":"Person","@id":"https:\/\/wp.kristdemokraterna.se\/varnamo\/#\/schema\/person\/4e339ab04d613699e4dfe80a994e01d4","name":"Kristdemokraterna V\u00e4rnamo","image":{"@type":"ImageObject","inLanguage":"sv-SE","@id":"https:\/\/secure.gravatar.com\/avatar\/c122e48c7723992af51eb155eeaa93db3c1fa324e3fc6ec45dd712c812809b5b?s=96&r=g","url":"https:\/\/secure.gravatar.com\/avatar\/c122e48c7723992af51eb155eeaa93db3c1fa324e3fc6ec45dd712c812809b5b?s=96&r=g","contentUrl":"https:\/\/secure.gravatar.com\/avatar\/c122e48c7723992af51eb155eeaa93db3c1fa324e3fc6ec45dd712c812809b5b?s=96&r=g","caption":"Kristdemokraterna V\u00e4rnamo"},"description":"Familjens r\u00f6st","sameAs":["http:\/\/www.varnamo.kristdemokraterna.se"],"url":"https:\/\/wp.kristdemokraterna.se\/varnamo\/author\/varnamo\/"}]}},"_links":{"self":[{"href":"https:\/\/wp.kristdemokraterna.se\/varnamo\/wp-json\/wp\/v2\/posts\/4732","targetHints":{"allow":["GET"]}}],"collection":[{"href":"https:\/\/wp.kristdemokraterna.se\/varnamo\/wp-json\/wp\/v2\/posts"}],"about":[{"href":"https:\/\/wp.kristdemokraterna.se\/varnamo\/wp-json\/wp\/v2\/types\/post"}],"author":[{"embeddable":true,"href":"https:\/\/wp.kristdemokraterna.se\/varnamo\/wp-json\/wp\/v2\/users\/412"}],"replies":[{"embeddable":true,"href":"https:\/\/wp.kristdemokraterna.se\/varnamo\/wp-json\/wp\/v2\/comments?post=4732"}],"version-history":[{"count":8,"href":"https:\/\/wp.kristdemokraterna.se\/varnamo\/wp-json\/wp\/v2\/posts\/4732\/revisions"}],"predecessor-version":[{"id":6603,"href":"https:\/\/wp.kristdemokraterna.se\/varnamo\/wp-json\/wp\/v2\/posts\/4732\/revisions\/6603"}],"wp:featuredmedia":[{"embeddable":true,"href":"https:\/\/wp.kristdemokraterna.se\/varnamo\/wp-json\/wp\/v2\/media\/4733"}],"wp:attachment":[{"href":"https:\/\/wp.kristdemokraterna.se\/varnamo\/wp-json\/wp\/v2\/media?parent=4732"}],"wp:term":[{"taxonomy":"category","embeddable":true,"href":"https:\/\/wp.kristdemokraterna.se\/varnamo\/wp-json\/wp\/v2\/categories?post=4732"},{"taxonomy":"post_tag","embeddable":true,"href":"https:\/\/wp.kristdemokraterna.se\/varnamo\/wp-json\/wp\/v2\/tags?post=4732"}],"curies":[{"name":"wp","href":"https:\/\/api.w.org\/{rel}","templated":true}]}}