{"id":4769,"date":"2014-02-22T14:52:51","date_gmt":"2014-02-22T13:52:51","guid":{"rendered":"http:\/\/wp.kristdemokraterna.se\/varnamo\/?p=4769"},"modified":"2015-07-10T13:19:07","modified_gmt":"2015-07-10T11:19:07","slug":"kristdemokrater-peppade-for-valrorelsen","status":"publish","type":"post","link":"https:\/\/wp.kristdemokraterna.se\/varnamo\/2014\/02\/22\/kristdemokrater-peppade-for-valrorelsen\/","title":{"rendered":"Kristdemokrater peppade f\u00f6r valr\u00f6relsen"},"content":{"rendered":"<p>Nu har valr\u00f6relsen b\u00f6rjat!\u00a0Under dagen har mer \u00e4n 500 kristdemokrater varit samlade till kandidatutbildning p\u00e5 olika platser runt om i landet. En grupp fr\u00e5n V\u00e4rnamo \u00e5kte till N\u00e4ssj\u00f6 f\u00f6r att vara med d\u00e4r.<\/p>\n<p><!--more-->Fokus f\u00f6r Kristdemokraterna \u00e4r att p\u00e5 olika s\u00e4tt f\u00f6rb\u00e4ttra barn och ungdomars uppv\u00e4xtvillkor, detta kommer genomsyra partiets valr\u00f6relser b\u00e5de lokalt och nationellt.<\/p>\n<p style=\"text-align: center\">\n<p style=\"text-align: left\">Vi vet att det ibland kan vara sv\u00e5rt att f\u00e5 ihop vardagen med arbete, familj, v\u00e4nner och fritid.\u00a0Kristdemokraterna\u00a0vill g\u00f6ra det enklare att f\u00e5 hop det:<\/p>\n<ul>\n<li>Vi vill se en utbyggd f\u00f6r\u00e4ldraf\u00f6rs\u00e4kring och mer flexibel f\u00f6r\u00e4ldraf\u00f6rs\u00e4kring som bland annat underl\u00e4ttar f\u00f6r pappor att ta ut fler f\u00f6r\u00e4ldradagar.<\/li>\n<li>Vi vill minska barngruppernas storlek genom att h\u00f6ja taket i maxtaxan samtidigt som kommunen och staten skjuter till mer pengar.<\/li>\n<li>Med flera l\u00e4rarledda undervisningstimmar i skolan f\u00e5r l\u00e4rarna tid att se alla elever och f\u00e5nga upp de som hamnar efter och utmana de som ligger i framkant.<\/li>\n<\/ul>\n\n\t\t<style type=\"text\/css\">\n\t\t\t#gallery-1 {\n\t\t\t\tmargin: auto;\n\t\t\t}\n\t\t\t#gallery-1 .gallery-item {\n\t\t\t\tfloat: left;\n\t\t\t\tmargin-top: 10px;\n\t\t\t\ttext-align: center;\n\t\t\t\twidth: 33%;\n\t\t\t}\n\t\t\t#gallery-1 img {\n\t\t\t\tborder: 2px solid #cfcfcf;\n\t\t\t}\n\t\t\t#gallery-1 .gallery-caption {\n\t\t\t\tmargin-left: 0;\n\t\t\t}\n\t\t\t\/* see gallery_shortcode() in wp-includes\/media.php *\/\n\t\t<\/style>\n\t\t<div id='gallery-1' class='gallery galleryid-4769 gallery-columns-3 gallery-size-thumbnail'><dl class='gallery-item'>\n\t\t\t<dt class='gallery-icon landscape'>\n\t\t\t\t<a href='https:\/\/wp.kristdemokraterna.se\/varnamo\/2014\/02\/22\/kristdemokrater-peppade-for-valrorelsen\/20140222-kandidatutbildning-torbjorneriksson-lenafreij-monicajohnsson-arnoldcarlzon\/'><img loading=\"lazy\" decoding=\"async\" width=\"150\" height=\"150\" src=\"https:\/\/wp.kristdemokraterna.se\/varnamo\/files\/2014\/02\/20140222_Kandidatutbildning_TorbjornEriksson_LenaFreij_MonicaJohnsson_ArnoldCarlzon-150x150.png\" class=\"attachment-thumbnail size-thumbnail\" alt=\"N\u00e5gra av de kristdemokrater som deltog i dagens kandidatutbildning i N\u00e4ssj\u00f6 var Torbj\u00f6rn Eriksson, Lena Freij, Monica Jonsson och Arnold Carlzon fr\u00e5n V\u00e4rnamo. (Foto: Pernilla M\u00e5rtensson)\" aria-describedby=\"gallery-1-4770\" \/><\/a>\n\t\t\t<\/dt>\n\t\t\t\t<dd class='wp-caption-text gallery-caption' id='gallery-1-4770'>\n\t\t\t\tN\u00e5gra av de kristdemokrater som deltog i dagens kandidatutbildning i N\u00e4ssj\u00f6 var Torbj\u00f6rn Eriksson, Lena Freij, Monica Jonsson och Arnold Carlzon fr\u00e5n V\u00e4rnamo. (Foto: Pernilla M\u00e5rtensson)\n\t\t\t\t<\/dd><\/dl><dl class='gallery-item'>\n\t\t\t<dt class='gallery-icon landscape'>\n\t\t\t\t<a href='https:\/\/wp.kristdemokraterna.se\/varnamo\/2014\/02\/22\/kristdemokrater-peppade-for-valrorelsen\/20140222-kandidatutbildning-hurfardutidmedbarnen\/'><img loading=\"lazy\" decoding=\"async\" width=\"150\" height=\"150\" src=\"https:\/\/wp.kristdemokraterna.se\/varnamo\/files\/2014\/02\/20140222_Kandidatutbildning_HurFarDuTidMedBarnen-150x150.png\" class=\"attachment-thumbnail size-thumbnail\" alt=\"Hur f\u00e5r du ihop tid med barnen? Kristdemokraterna\" \/><\/a>\n\t\t\t<\/dt><\/dl>\n\t\t\t<br style='clear: both' \/>\n\t\t<\/div>\n\n","protected":false},"excerpt":{"rendered":"<p>Nu har valr\u00f6relsen b\u00f6rjat!\u00a0Under dagen har mer \u00e4n 500 kristdemokrater varit samlade till kandidatutbildning p\u00e5 olika platser runt om i landet. En grupp fr\u00e5n V\u00e4rnamo \u00e5kte till N\u00e4ssj\u00f6 f\u00f6r att vara med d\u00e4r.<\/p>\n","protected":false},"author":412,"featured_media":4770,"comment_status":"closed","ping_status":"closed","sticky":false,"template":"","format":"standard","meta":{"_acf_changed":false,"footnotes":""},"categories":[11],"tags":[22,31,91,95,87,427,62],"class_list":["post-4769","post","type-post","status-publish","format-standard","hentry","category-nyheter","tag-arnold-carlzon","tag-barn-och-unga","tag-lena-freij","tag-monica-johnsson","tag-torbjorn-eriksson","tag-uppvaxtvillkor","tag-valrorelse"],"acf":[],"yoast_head":"<!-- This site is optimized with the Yoast SEO plugin v27.4 - https:\/\/yoast.com\/product\/yoast-seo-wordpress\/ -->\n<title>Kristdemokrater peppade f\u00f6r valr\u00f6relsen - KRISTDEMOKRATERNA V\u00c4RNAMO<\/title>\n<meta name=\"robots\" content=\"index, follow, max-snippet:-1, max-image-preview:large, max-video-preview:-1\" \/>\n<link rel=\"canonical\" href=\"https:\/\/wp.kristdemokraterna.se\/varnamo\/2014\/02\/22\/kristdemokrater-peppade-for-valrorelsen\/\" \/>\n<meta property=\"og:locale\" content=\"sv_SE\" \/>\n<meta property=\"og:type\" content=\"article\" \/>\n<meta property=\"og:title\" content=\"Kristdemokrater peppade f\u00f6r valr\u00f6relsen - KRISTDEMOKRATERNA V\u00c4RNAMO\" \/>\n<meta property=\"og:description\" content=\"Nu har valr\u00f6relsen b\u00f6rjat!\u00a0Under dagen har mer \u00e4n 500 kristdemokrater varit samlade till kandidatutbildning p\u00e5 olika platser runt om i landet. En grupp fr\u00e5n V\u00e4rnamo \u00e5kte till N\u00e4ssj\u00f6 f\u00f6r att vara med d\u00e4r.\" \/>\n<meta property=\"og:url\" content=\"https:\/\/wp.kristdemokraterna.se\/varnamo\/2014\/02\/22\/kristdemokrater-peppade-for-valrorelsen\/\" \/>\n<meta property=\"og:site_name\" content=\"KRISTDEMOKRATERNA V\u00c4RNAMO\" \/>\n<meta property=\"article:publisher\" content=\"https:\/\/www.facebook.com\/KDVarnamo\/\" \/>\n<meta property=\"article:published_time\" content=\"2014-02-22T13:52:51+00:00\" \/>\n<meta property=\"article:modified_time\" content=\"2015-07-10T11:19:07+00:00\" \/>\n<meta property=\"og:image\" content=\"https:\/\/wp.kristdemokraterna.se\/varnamo\/files\/2014\/02\/20140222_Kandidatutbildning_TorbjornEriksson_LenaFreij_MonicaJohnsson_ArnoldCarlzon.png\" \/>\n\t<meta property=\"og:image:width\" content=\"435\" \/>\n\t<meta property=\"og:image:height\" content=\"326\" \/>\n\t<meta property=\"og:image:type\" content=\"image\/png\" \/>\n<meta name=\"author\" content=\"Kristdemokraterna V\u00e4rnamo\" \/>\n<meta name=\"twitter:card\" content=\"summary_large_image\" \/>\n<meta name=\"twitter:creator\" content=\"@KDVarnamo\" \/>\n<meta name=\"twitter:site\" content=\"@KDVarnamo\" \/>\n<meta name=\"twitter:label1\" content=\"Skriven av\" \/>\n\t<meta name=\"twitter:data1\" content=\"Kristdemokraterna V\u00e4rnamo\" \/>\n\t<meta name=\"twitter:label2\" content=\"Ber\u00e4knad l\u00e4stid\" \/>\n\t<meta name=\"twitter:data2\" content=\"1 minut\" \/>\n<script type=\"application\/ld+json\" class=\"yoast-schema-graph\">{\"@context\":\"https:\\\/\\\/schema.org\",\"@graph\":[{\"@type\":\"Article\",\"@id\":\"https:\\\/\\\/wp.kristdemokraterna.se\\\/varnamo\\\/2014\\\/02\\\/22\\\/kristdemokrater-peppade-for-valrorelsen\\\/#article\",\"isPartOf\":{\"@id\":\"https:\\\/\\\/wp.kristdemokraterna.se\\\/varnamo\\\/2014\\\/02\\\/22\\\/kristdemokrater-peppade-for-valrorelsen\\\/\"},\"author\":{\"name\":\"Kristdemokraterna V\u00e4rnamo\",\"@id\":\"https:\\\/\\\/wp.kristdemokraterna.se\\\/varnamo\\\/#\\\/schema\\\/person\\\/4e339ab04d613699e4dfe80a994e01d4\"},\"headline\":\"Kristdemokrater peppade f\u00f6r valr\u00f6relsen\",\"datePublished\":\"2014-02-22T13:52:51+00:00\",\"dateModified\":\"2015-07-10T11:19:07+00:00\",\"mainEntityOfPage\":{\"@id\":\"https:\\\/\\\/wp.kristdemokraterna.se\\\/varnamo\\\/2014\\\/02\\\/22\\\/kristdemokrater-peppade-for-valrorelsen\\\/\"},\"wordCount\":196,\"publisher\":{\"@id\":\"https:\\\/\\\/wp.kristdemokraterna.se\\\/varnamo\\\/#organization\"},\"image\":{\"@id\":\"https:\\\/\\\/wp.kristdemokraterna.se\\\/varnamo\\\/2014\\\/02\\\/22\\\/kristdemokrater-peppade-for-valrorelsen\\\/#primaryimage\"},\"thumbnailUrl\":\"https:\\\/\\\/wp.kristdemokraterna.se\\\/varnamo\\\/files\\\/2014\\\/02\\\/20140222_Kandidatutbildning_TorbjornEriksson_LenaFreij_MonicaJohnsson_ArnoldCarlzon.png\",\"keywords\":[\"Arnold Carlzon\",\"barn och unga\",\"Lena Freij\",\"Monica Johnsson\",\"Torbj\u00f6rn Eriksson\",\"uppv\u00e4xtvillkor\",\"valr\u00f6relse\"],\"articleSection\":[\"Nyheter\"],\"inLanguage\":\"sv-SE\"},{\"@type\":\"WebPage\",\"@id\":\"https:\\\/\\\/wp.kristdemokraterna.se\\\/varnamo\\\/2014\\\/02\\\/22\\\/kristdemokrater-peppade-for-valrorelsen\\\/\",\"url\":\"https:\\\/\\\/wp.kristdemokraterna.se\\\/varnamo\\\/2014\\\/02\\\/22\\\/kristdemokrater-peppade-for-valrorelsen\\\/\",\"name\":\"Kristdemokrater peppade f\u00f6r valr\u00f6relsen - KRISTDEMOKRATERNA V\u00c4RNAMO\",\"isPartOf\":{\"@id\":\"https:\\\/\\\/wp.kristdemokraterna.se\\\/varnamo\\\/#website\"},\"primaryImageOfPage\":{\"@id\":\"https:\\\/\\\/wp.kristdemokraterna.se\\\/varnamo\\\/2014\\\/02\\\/22\\\/kristdemokrater-peppade-for-valrorelsen\\\/#primaryimage\"},\"image\":{\"@id\":\"https:\\\/\\\/wp.kristdemokraterna.se\\\/varnamo\\\/2014\\\/02\\\/22\\\/kristdemokrater-peppade-for-valrorelsen\\\/#primaryimage\"},\"thumbnailUrl\":\"https:\\\/\\\/wp.kristdemokraterna.se\\\/varnamo\\\/files\\\/2014\\\/02\\\/20140222_Kandidatutbildning_TorbjornEriksson_LenaFreij_MonicaJohnsson_ArnoldCarlzon.png\",\"datePublished\":\"2014-02-22T13:52:51+00:00\",\"dateModified\":\"2015-07-10T11:19:07+00:00\",\"breadcrumb\":{\"@id\":\"https:\\\/\\\/wp.kristdemokraterna.se\\\/varnamo\\\/2014\\\/02\\\/22\\\/kristdemokrater-peppade-for-valrorelsen\\\/#breadcrumb\"},\"inLanguage\":\"sv-SE\",\"potentialAction\":[{\"@type\":\"ReadAction\",\"target\":[\"https:\\\/\\\/wp.kristdemokraterna.se\\\/varnamo\\\/2014\\\/02\\\/22\\\/kristdemokrater-peppade-for-valrorelsen\\\/\"]}]},{\"@type\":\"ImageObject\",\"inLanguage\":\"sv-SE\",\"@id\":\"https:\\\/\\\/wp.kristdemokraterna.se\\\/varnamo\\\/2014\\\/02\\\/22\\\/kristdemokrater-peppade-for-valrorelsen\\\/#primaryimage\",\"url\":\"https:\\\/\\\/wp.kristdemokraterna.se\\\/varnamo\\\/files\\\/2014\\\/02\\\/20140222_Kandidatutbildning_TorbjornEriksson_LenaFreij_MonicaJohnsson_ArnoldCarlzon.png\",\"contentUrl\":\"https:\\\/\\\/wp.kristdemokraterna.se\\\/varnamo\\\/files\\\/2014\\\/02\\\/20140222_Kandidatutbildning_TorbjornEriksson_LenaFreij_MonicaJohnsson_ArnoldCarlzon.png\",\"width\":435,\"height\":326,\"caption\":\"N\u00e5gra av de kristdemokrater som deltog i dagens kandidatutbildning i N\u00e4ssj\u00f6 var Torbj\u00f6rn Eriksson, Lena Freij, Monica Jonsson och Arnold Carlzon fr\u00e5n V\u00e4rnamo. (Foto: Pernilla M\u00e5rtensson)\"},{\"@type\":\"BreadcrumbList\",\"@id\":\"https:\\\/\\\/wp.kristdemokraterna.se\\\/varnamo\\\/2014\\\/02\\\/22\\\/kristdemokrater-peppade-for-valrorelsen\\\/#breadcrumb\",\"itemListElement\":[{\"@type\":\"ListItem\",\"position\":1,\"name\":\"Hem\",\"item\":\"https:\\\/\\\/wp.kristdemokraterna.se\\\/varnamo\\\/\"},{\"@type\":\"ListItem\",\"position\":2,\"name\":\"Kristdemokrater peppade f\u00f6r valr\u00f6relsen\"}]},{\"@type\":\"WebSite\",\"@id\":\"https:\\\/\\\/wp.kristdemokraterna.se\\\/varnamo\\\/#website\",\"url\":\"https:\\\/\\\/wp.kristdemokraterna.se\\\/varnamo\\\/\",\"name\":\"KRISTDEMOKRATERNA V\u00c4RNAMO\",\"description\":\"Med hj\u00e4rta f\u00f6r V\u00e4rnamo\",\"publisher\":{\"@id\":\"https:\\\/\\\/wp.kristdemokraterna.se\\\/varnamo\\\/#organization\"},\"inLanguage\":\"sv-SE\"},{\"@type\":\"Organization\",\"@id\":\"https:\\\/\\\/wp.kristdemokraterna.se\\\/varnamo\\\/#organization\",\"name\":\"Kristdemokraterna V\u00e4rnamo\",\"url\":\"https:\\\/\\\/wp.kristdemokraterna.se\\\/varnamo\\\/\",\"logo\":{\"@type\":\"ImageObject\",\"inLanguage\":\"sv-SE\",\"@id\":\"https:\\\/\\\/wp.kristdemokraterna.se\\\/varnamo\\\/#\\\/schema\\\/logo\\\/image\\\/\",\"url\":\"https:\\\/\\\/wp.kristdemokraterna.se\\\/varnamo\\\/files\\\/2022\\\/08\\\/va\u2560ernamo-sida-bla-300dpi.png\",\"contentUrl\":\"https:\\\/\\\/wp.kristdemokraterna.se\\\/varnamo\\\/files\\\/2022\\\/08\\\/va\u2560ernamo-sida-bla-300dpi.png\",\"width\":1485,\"height\":681,\"caption\":\"Kristdemokraterna V\u00e4rnamo\"},\"image\":{\"@id\":\"https:\\\/\\\/wp.kristdemokraterna.se\\\/varnamo\\\/#\\\/schema\\\/logo\\\/image\\\/\"},\"sameAs\":[\"https:\\\/\\\/www.facebook.com\\\/KDVarnamo\\\/\",\"https:\\\/\\\/x.com\\\/KDVarnamo\",\"https:\\\/\\\/www.instagram.com\\\/\",\"https:\\\/\\\/www.youtube.com\\\/user\\\/studiokd\\\/videos\"]},{\"@type\":\"Person\",\"@id\":\"https:\\\/\\\/wp.kristdemokraterna.se\\\/varnamo\\\/#\\\/schema\\\/person\\\/4e339ab04d613699e4dfe80a994e01d4\",\"name\":\"Kristdemokraterna V\u00e4rnamo\",\"image\":{\"@type\":\"ImageObject\",\"inLanguage\":\"sv-SE\",\"@id\":\"https:\\\/\\\/secure.gravatar.com\\\/avatar\\\/c122e48c7723992af51eb155eeaa93db3c1fa324e3fc6ec45dd712c812809b5b?s=96&r=g\",\"url\":\"https:\\\/\\\/secure.gravatar.com\\\/avatar\\\/c122e48c7723992af51eb155eeaa93db3c1fa324e3fc6ec45dd712c812809b5b?s=96&r=g\",\"contentUrl\":\"https:\\\/\\\/secure.gravatar.com\\\/avatar\\\/c122e48c7723992af51eb155eeaa93db3c1fa324e3fc6ec45dd712c812809b5b?s=96&r=g\",\"caption\":\"Kristdemokraterna V\u00e4rnamo\"},\"description\":\"Familjens r\u00f6st\",\"sameAs\":[\"http:\\\/\\\/www.varnamo.kristdemokraterna.se\"],\"url\":\"https:\\\/\\\/wp.kristdemokraterna.se\\\/varnamo\\\/author\\\/varnamo\\\/\"}]}<\/script>\n<!-- \/ Yoast SEO plugin. -->","yoast_head_json":{"title":"Kristdemokrater peppade f\u00f6r valr\u00f6relsen - KRISTDEMOKRATERNA V\u00c4RNAMO","robots":{"index":"index","follow":"follow","max-snippet":"max-snippet:-1","max-image-preview":"max-image-preview:large","max-video-preview":"max-video-preview:-1"},"canonical":"https:\/\/wp.kristdemokraterna.se\/varnamo\/2014\/02\/22\/kristdemokrater-peppade-for-valrorelsen\/","og_locale":"sv_SE","og_type":"article","og_title":"Kristdemokrater peppade f\u00f6r valr\u00f6relsen - KRISTDEMOKRATERNA V\u00c4RNAMO","og_description":"Nu har valr\u00f6relsen b\u00f6rjat!\u00a0Under dagen har mer \u00e4n 500 kristdemokrater varit samlade till kandidatutbildning p\u00e5 olika platser runt om i landet. En grupp fr\u00e5n V\u00e4rnamo \u00e5kte till N\u00e4ssj\u00f6 f\u00f6r att vara med d\u00e4r.","og_url":"https:\/\/wp.kristdemokraterna.se\/varnamo\/2014\/02\/22\/kristdemokrater-peppade-for-valrorelsen\/","og_site_name":"KRISTDEMOKRATERNA V\u00c4RNAMO","article_publisher":"https:\/\/www.facebook.com\/KDVarnamo\/","article_published_time":"2014-02-22T13:52:51+00:00","article_modified_time":"2015-07-10T11:19:07+00:00","og_image":[{"width":435,"height":326,"url":"https:\/\/wp.kristdemokraterna.se\/varnamo\/files\/2014\/02\/20140222_Kandidatutbildning_TorbjornEriksson_LenaFreij_MonicaJohnsson_ArnoldCarlzon.png","type":"image\/png"}],"author":"Kristdemokraterna V\u00e4rnamo","twitter_card":"summary_large_image","twitter_creator":"@KDVarnamo","twitter_site":"@KDVarnamo","twitter_misc":{"Skriven av":"Kristdemokraterna V\u00e4rnamo","Ber\u00e4knad l\u00e4stid":"1 minut"},"schema":{"@context":"https:\/\/schema.org","@graph":[{"@type":"Article","@id":"https:\/\/wp.kristdemokraterna.se\/varnamo\/2014\/02\/22\/kristdemokrater-peppade-for-valrorelsen\/#article","isPartOf":{"@id":"https:\/\/wp.kristdemokraterna.se\/varnamo\/2014\/02\/22\/kristdemokrater-peppade-for-valrorelsen\/"},"author":{"name":"Kristdemokraterna V\u00e4rnamo","@id":"https:\/\/wp.kristdemokraterna.se\/varnamo\/#\/schema\/person\/4e339ab04d613699e4dfe80a994e01d4"},"headline":"Kristdemokrater peppade f\u00f6r valr\u00f6relsen","datePublished":"2014-02-22T13:52:51+00:00","dateModified":"2015-07-10T11:19:07+00:00","mainEntityOfPage":{"@id":"https:\/\/wp.kristdemokraterna.se\/varnamo\/2014\/02\/22\/kristdemokrater-peppade-for-valrorelsen\/"},"wordCount":196,"publisher":{"@id":"https:\/\/wp.kristdemokraterna.se\/varnamo\/#organization"},"image":{"@id":"https:\/\/wp.kristdemokraterna.se\/varnamo\/2014\/02\/22\/kristdemokrater-peppade-for-valrorelsen\/#primaryimage"},"thumbnailUrl":"https:\/\/wp.kristdemokraterna.se\/varnamo\/files\/2014\/02\/20140222_Kandidatutbildning_TorbjornEriksson_LenaFreij_MonicaJohnsson_ArnoldCarlzon.png","keywords":["Arnold Carlzon","barn och unga","Lena Freij","Monica Johnsson","Torbj\u00f6rn Eriksson","uppv\u00e4xtvillkor","valr\u00f6relse"],"articleSection":["Nyheter"],"inLanguage":"sv-SE"},{"@type":"WebPage","@id":"https:\/\/wp.kristdemokraterna.se\/varnamo\/2014\/02\/22\/kristdemokrater-peppade-for-valrorelsen\/","url":"https:\/\/wp.kristdemokraterna.se\/varnamo\/2014\/02\/22\/kristdemokrater-peppade-for-valrorelsen\/","name":"Kristdemokrater peppade f\u00f6r valr\u00f6relsen - KRISTDEMOKRATERNA V\u00c4RNAMO","isPartOf":{"@id":"https:\/\/wp.kristdemokraterna.se\/varnamo\/#website"},"primaryImageOfPage":{"@id":"https:\/\/wp.kristdemokraterna.se\/varnamo\/2014\/02\/22\/kristdemokrater-peppade-for-valrorelsen\/#primaryimage"},"image":{"@id":"https:\/\/wp.kristdemokraterna.se\/varnamo\/2014\/02\/22\/kristdemokrater-peppade-for-valrorelsen\/#primaryimage"},"thumbnailUrl":"https:\/\/wp.kristdemokraterna.se\/varnamo\/files\/2014\/02\/20140222_Kandidatutbildning_TorbjornEriksson_LenaFreij_MonicaJohnsson_ArnoldCarlzon.png","datePublished":"2014-02-22T13:52:51+00:00","dateModified":"2015-07-10T11:19:07+00:00","breadcrumb":{"@id":"https:\/\/wp.kristdemokraterna.se\/varnamo\/2014\/02\/22\/kristdemokrater-peppade-for-valrorelsen\/#breadcrumb"},"inLanguage":"sv-SE","potentialAction":[{"@type":"ReadAction","target":["https:\/\/wp.kristdemokraterna.se\/varnamo\/2014\/02\/22\/kristdemokrater-peppade-for-valrorelsen\/"]}]},{"@type":"ImageObject","inLanguage":"sv-SE","@id":"https:\/\/wp.kristdemokraterna.se\/varnamo\/2014\/02\/22\/kristdemokrater-peppade-for-valrorelsen\/#primaryimage","url":"https:\/\/wp.kristdemokraterna.se\/varnamo\/files\/2014\/02\/20140222_Kandidatutbildning_TorbjornEriksson_LenaFreij_MonicaJohnsson_ArnoldCarlzon.png","contentUrl":"https:\/\/wp.kristdemokraterna.se\/varnamo\/files\/2014\/02\/20140222_Kandidatutbildning_TorbjornEriksson_LenaFreij_MonicaJohnsson_ArnoldCarlzon.png","width":435,"height":326,"caption":"N\u00e5gra av de kristdemokrater som deltog i dagens kandidatutbildning i N\u00e4ssj\u00f6 var Torbj\u00f6rn Eriksson, Lena Freij, Monica Jonsson och Arnold Carlzon fr\u00e5n V\u00e4rnamo. (Foto: Pernilla M\u00e5rtensson)"},{"@type":"BreadcrumbList","@id":"https:\/\/wp.kristdemokraterna.se\/varnamo\/2014\/02\/22\/kristdemokrater-peppade-for-valrorelsen\/#breadcrumb","itemListElement":[{"@type":"ListItem","position":1,"name":"Hem","item":"https:\/\/wp.kristdemokraterna.se\/varnamo\/"},{"@type":"ListItem","position":2,"name":"Kristdemokrater peppade f\u00f6r valr\u00f6relsen"}]},{"@type":"WebSite","@id":"https:\/\/wp.kristdemokraterna.se\/varnamo\/#website","url":"https:\/\/wp.kristdemokraterna.se\/varnamo\/","name":"KRISTDEMOKRATERNA V\u00c4RNAMO","description":"Med hj\u00e4rta f\u00f6r V\u00e4rnamo","publisher":{"@id":"https:\/\/wp.kristdemokraterna.se\/varnamo\/#organization"},"inLanguage":"sv-SE"},{"@type":"Organization","@id":"https:\/\/wp.kristdemokraterna.se\/varnamo\/#organization","name":"Kristdemokraterna V\u00e4rnamo","url":"https:\/\/wp.kristdemokraterna.se\/varnamo\/","logo":{"@type":"ImageObject","inLanguage":"sv-SE","@id":"https:\/\/wp.kristdemokraterna.se\/varnamo\/#\/schema\/logo\/image\/","url":"https:\/\/wp.kristdemokraterna.se\/varnamo\/files\/2022\/08\/va\u2560ernamo-sida-bla-300dpi.png","contentUrl":"https:\/\/wp.kristdemokraterna.se\/varnamo\/files\/2022\/08\/va\u2560ernamo-sida-bla-300dpi.png","width":1485,"height":681,"caption":"Kristdemokraterna V\u00e4rnamo"},"image":{"@id":"https:\/\/wp.kristdemokraterna.se\/varnamo\/#\/schema\/logo\/image\/"},"sameAs":["https:\/\/www.facebook.com\/KDVarnamo\/","https:\/\/x.com\/KDVarnamo","https:\/\/www.instagram.com\/","https:\/\/www.youtube.com\/user\/studiokd\/videos"]},{"@type":"Person","@id":"https:\/\/wp.kristdemokraterna.se\/varnamo\/#\/schema\/person\/4e339ab04d613699e4dfe80a994e01d4","name":"Kristdemokraterna V\u00e4rnamo","image":{"@type":"ImageObject","inLanguage":"sv-SE","@id":"https:\/\/secure.gravatar.com\/avatar\/c122e48c7723992af51eb155eeaa93db3c1fa324e3fc6ec45dd712c812809b5b?s=96&r=g","url":"https:\/\/secure.gravatar.com\/avatar\/c122e48c7723992af51eb155eeaa93db3c1fa324e3fc6ec45dd712c812809b5b?s=96&r=g","contentUrl":"https:\/\/secure.gravatar.com\/avatar\/c122e48c7723992af51eb155eeaa93db3c1fa324e3fc6ec45dd712c812809b5b?s=96&r=g","caption":"Kristdemokraterna V\u00e4rnamo"},"description":"Familjens r\u00f6st","sameAs":["http:\/\/www.varnamo.kristdemokraterna.se"],"url":"https:\/\/wp.kristdemokraterna.se\/varnamo\/author\/varnamo\/"}]}},"_links":{"self":[{"href":"https:\/\/wp.kristdemokraterna.se\/varnamo\/wp-json\/wp\/v2\/posts\/4769","targetHints":{"allow":["GET"]}}],"collection":[{"href":"https:\/\/wp.kristdemokraterna.se\/varnamo\/wp-json\/wp\/v2\/posts"}],"about":[{"href":"https:\/\/wp.kristdemokraterna.se\/varnamo\/wp-json\/wp\/v2\/types\/post"}],"author":[{"embeddable":true,"href":"https:\/\/wp.kristdemokraterna.se\/varnamo\/wp-json\/wp\/v2\/users\/412"}],"replies":[{"embeddable":true,"href":"https:\/\/wp.kristdemokraterna.se\/varnamo\/wp-json\/wp\/v2\/comments?post=4769"}],"version-history":[{"count":9,"href":"https:\/\/wp.kristdemokraterna.se\/varnamo\/wp-json\/wp\/v2\/posts\/4769\/revisions"}],"predecessor-version":[{"id":6600,"href":"https:\/\/wp.kristdemokraterna.se\/varnamo\/wp-json\/wp\/v2\/posts\/4769\/revisions\/6600"}],"wp:featuredmedia":[{"embeddable":true,"href":"https:\/\/wp.kristdemokraterna.se\/varnamo\/wp-json\/wp\/v2\/media\/4770"}],"wp:attachment":[{"href":"https:\/\/wp.kristdemokraterna.se\/varnamo\/wp-json\/wp\/v2\/media?parent=4769"}],"wp:term":[{"taxonomy":"category","embeddable":true,"href":"https:\/\/wp.kristdemokraterna.se\/varnamo\/wp-json\/wp\/v2\/categories?post=4769"},{"taxonomy":"post_tag","embeddable":true,"href":"https:\/\/wp.kristdemokraterna.se\/varnamo\/wp-json\/wp\/v2\/tags?post=4769"}],"curies":[{"name":"wp","href":"https:\/\/api.w.org\/{rel}","templated":true}]}}