{"id":4904,"date":"2014-03-20T21:21:26","date_gmt":"2014-03-20T20:21:26","guid":{"rendered":"http:\/\/wp.kristdemokraterna.se\/varnamo\/?p=4904"},"modified":"2015-07-10T01:51:39","modified_gmt":"2015-07-09T23:51:39","slug":"grattis-kristdemokraterna-50-ar","status":"publish","type":"post","link":"https:\/\/wp.kristdemokraterna.se\/varnamo\/2014\/03\/20\/grattis-kristdemokraterna-50-ar\/","title":{"rendered":"Grattis! &#8211; Kristdemokraterna 50 \u00e5r!"},"content":{"rendered":"<p>I dag fyller Kristdemokraterna 50 \u00e5r! 50 \u00e5r f\u00f6r m\u00e4nniskov\u00e4rdet, familjen och barns och ungas uppv\u00e4xtvillkor.<\/p>\n<p>V\u00e5r partiledare G\u00f6ran H\u00e4gglund ser tillbaka p\u00e5 det g\u00e5ngna halvseklet och f\u00f6rklarar varf\u00f6r Kristdemokraterna beh\u00f6vs mer \u00e4n n\u00e5gonsin i svensk politik\u2026<\/p>\n<p><!--more--><\/p>\n<p>[<a title=\"Kristdemokraterna 50 \u00e5r \u2013 mer angl\u00e4gna \u00e4n n\u00e5gonsin\" href=\"https:\/\/www.kristdemokraterna.se\/Media\/Nyhetsarkiv\/KDs-existensberattigande-kvar\/\" target=\"_blank\">Kristdemokraterna 50 \u00e5r \u2013 mer angel\u00e4gna \u00e4n n\u00e5gonsin<\/a>]<\/p>\n<p>&nbsp;<\/p>\n<p>S\u00e5 h\u00e4r speglar sr.se Kristdemokraternas f\u00f6rsta 50 \u00e5r:\u00a0[<a title=\"Kristdemokraterna fyller 50 (sr.se)\" href=\"http:\/\/sverigesradio.se\/sida\/artikel.aspx?programid=86&amp;artikel=5815279\" target=\"_blank\">Kristdemokraterna fyller 50<\/a>]<\/p>\n\n\t\t<style type=\"text\/css\">\n\t\t\t#gallery-1 {\n\t\t\t\tmargin: auto;\n\t\t\t}\n\t\t\t#gallery-1 .gallery-item {\n\t\t\t\tfloat: left;\n\t\t\t\tmargin-top: 10px;\n\t\t\t\ttext-align: center;\n\t\t\t\twidth: 33%;\n\t\t\t}\n\t\t\t#gallery-1 img {\n\t\t\t\tborder: 2px solid #cfcfcf;\n\t\t\t}\n\t\t\t#gallery-1 .gallery-caption {\n\t\t\t\tmargin-left: 0;\n\t\t\t}\n\t\t\t\/* see gallery_shortcode() in wp-includes\/media.php *\/\n\t\t<\/style>\n\t\t<div id='gallery-1' class='gallery galleryid-4904 gallery-columns-3 gallery-size-thumbnail'><dl class='gallery-item'>\n\t\t\t<dt class='gallery-icon portrait'>\n\t\t\t\t<a href='https:\/\/wp.kristdemokraterna.se\/varnamo\/2014\/03\/20\/grattis-kristdemokraterna-50-ar\/20140320-kristdemokraterna50ar-tarta\/'><img loading=\"lazy\" decoding=\"async\" width=\"150\" height=\"150\" src=\"https:\/\/wp.kristdemokraterna.se\/varnamo\/files\/2014\/03\/20140320_Kristdemokraterna50ar_tarta-150x150.png\" class=\"attachment-thumbnail size-thumbnail\" alt=\"Kristdemokraterna 50 \u00e5r! (Foto: Robert Lisborg)\" aria-describedby=\"gallery-1-4907\" \/><\/a>\n\t\t\t<\/dt>\n\t\t\t\t<dd class='wp-caption-text gallery-caption' id='gallery-1-4907'>\n\t\t\t\tKristdemokraterna 50 \u00e5r! (Foto: Robert Lisborg)\n\t\t\t\t<\/dd><\/dl><dl class='gallery-item'>\n\t\t\t<dt class='gallery-icon landscape'>\n\t\t\t\t<a href='https:\/\/wp.kristdemokraterna.se\/varnamo\/2014\/03\/20\/grattis-kristdemokraterna-50-ar\/20140320-kristdemokraterna50ar\/'><img loading=\"lazy\" decoding=\"async\" width=\"150\" height=\"150\" src=\"https:\/\/wp.kristdemokraterna.se\/varnamo\/files\/2014\/03\/20140320_Kristdemokraterna50ar-150x150.png\" class=\"attachment-thumbnail size-thumbnail\" alt=\"Kristdemokraterna. V\u00e5rt parti 1964-2014 50 \u00e5r.\" aria-describedby=\"gallery-1-4906\" \/><\/a>\n\t\t\t<\/dt>\n\t\t\t\t<dd class='wp-caption-text gallery-caption' id='gallery-1-4906'>\n\t\t\t\tKristdemokraterna. V\u00e5rt parti 1964-2014 50 \u00e5r.\n\t\t\t\t<\/dd><\/dl>\n\t\t\t<br style='clear: both' \/>\n\t\t<\/div>\n\n","protected":false},"excerpt":{"rendered":"<p>I dag fyller Kristdemokraterna 50 \u00e5r! 50 \u00e5r f\u00f6r m\u00e4nniskov\u00e4rdet, familjen och barns och ungas uppv\u00e4xtvillkor. V\u00e5r partiledare G\u00f6ran H\u00e4gglund ser tillbaka p\u00e5 det g\u00e5ngna halvseklet och f\u00f6rklarar varf\u00f6r Kristdemokraterna beh\u00f6vs mer \u00e4n n\u00e5gonsin i svensk politik\u2026<\/p>\n","protected":false},"author":412,"featured_media":4907,"comment_status":"closed","ping_status":"closed","sticky":false,"template":"","format":"standard","meta":{"_acf_changed":false,"footnotes":""},"categories":[11],"tags":[31,37,117,78,427],"class_list":["post-4904","post","type-post","status-publish","format-standard","hentry","category-nyheter","tag-barn-och-unga","tag-familj","tag-goran-hagglund","tag-manniskovarde","tag-uppvaxtvillkor"],"acf":[],"yoast_head":"<!-- This site is optimized with the Yoast SEO plugin v27.4 - https:\/\/yoast.com\/product\/yoast-seo-wordpress\/ -->\n<title>Grattis! - Kristdemokraterna 50 \u00e5r! - KRISTDEMOKRATERNA V\u00c4RNAMO<\/title>\n<meta name=\"robots\" content=\"index, follow, max-snippet:-1, max-image-preview:large, max-video-preview:-1\" \/>\n<link rel=\"canonical\" href=\"https:\/\/wp.kristdemokraterna.se\/varnamo\/2014\/03\/20\/grattis-kristdemokraterna-50-ar\/\" \/>\n<meta property=\"og:locale\" content=\"sv_SE\" \/>\n<meta property=\"og:type\" content=\"article\" \/>\n<meta property=\"og:title\" content=\"Grattis! - Kristdemokraterna 50 \u00e5r! - KRISTDEMOKRATERNA V\u00c4RNAMO\" \/>\n<meta property=\"og:description\" content=\"I dag fyller Kristdemokraterna 50 \u00e5r! 50 \u00e5r f\u00f6r m\u00e4nniskov\u00e4rdet, familjen och barns och ungas uppv\u00e4xtvillkor. V\u00e5r partiledare G\u00f6ran H\u00e4gglund ser tillbaka p\u00e5 det g\u00e5ngna halvseklet och f\u00f6rklarar varf\u00f6r Kristdemokraterna beh\u00f6vs mer \u00e4n n\u00e5gonsin i svensk politik\u2026\" \/>\n<meta property=\"og:url\" content=\"https:\/\/wp.kristdemokraterna.se\/varnamo\/2014\/03\/20\/grattis-kristdemokraterna-50-ar\/\" \/>\n<meta property=\"og:site_name\" content=\"KRISTDEMOKRATERNA V\u00c4RNAMO\" \/>\n<meta property=\"article:publisher\" content=\"https:\/\/www.facebook.com\/KDVarnamo\/\" \/>\n<meta property=\"article:published_time\" content=\"2014-03-20T20:21:26+00:00\" \/>\n<meta property=\"article:modified_time\" content=\"2015-07-09T23:51:39+00:00\" \/>\n<meta property=\"og:image\" content=\"https:\/\/wp.kristdemokraterna.se\/varnamo\/files\/2014\/03\/20140320_Kristdemokraterna50ar_tarta.png\" \/>\n\t<meta property=\"og:image:width\" content=\"320\" \/>\n\t<meta property=\"og:image:height\" content=\"427\" \/>\n\t<meta property=\"og:image:type\" content=\"image\/png\" \/>\n<meta name=\"author\" content=\"Kristdemokraterna V\u00e4rnamo\" \/>\n<meta name=\"twitter:card\" content=\"summary_large_image\" \/>\n<meta name=\"twitter:creator\" content=\"@KDVarnamo\" \/>\n<meta name=\"twitter:site\" content=\"@KDVarnamo\" \/>\n<meta name=\"twitter:label1\" content=\"Skriven av\" \/>\n\t<meta name=\"twitter:data1\" content=\"Kristdemokraterna V\u00e4rnamo\" \/>\n<script type=\"application\/ld+json\" class=\"yoast-schema-graph\">{\"@context\":\"https:\\\/\\\/schema.org\",\"@graph\":[{\"@type\":\"Article\",\"@id\":\"https:\\\/\\\/wp.kristdemokraterna.se\\\/varnamo\\\/2014\\\/03\\\/20\\\/grattis-kristdemokraterna-50-ar\\\/#article\",\"isPartOf\":{\"@id\":\"https:\\\/\\\/wp.kristdemokraterna.se\\\/varnamo\\\/2014\\\/03\\\/20\\\/grattis-kristdemokraterna-50-ar\\\/\"},\"author\":{\"name\":\"Kristdemokraterna V\u00e4rnamo\",\"@id\":\"https:\\\/\\\/wp.kristdemokraterna.se\\\/varnamo\\\/#\\\/schema\\\/person\\\/4e339ab04d613699e4dfe80a994e01d4\"},\"headline\":\"Grattis! &#8211; Kristdemokraterna 50 \u00e5r!\",\"datePublished\":\"2014-03-20T20:21:26+00:00\",\"dateModified\":\"2015-07-09T23:51:39+00:00\",\"mainEntityOfPage\":{\"@id\":\"https:\\\/\\\/wp.kristdemokraterna.se\\\/varnamo\\\/2014\\\/03\\\/20\\\/grattis-kristdemokraterna-50-ar\\\/\"},\"wordCount\":78,\"publisher\":{\"@id\":\"https:\\\/\\\/wp.kristdemokraterna.se\\\/varnamo\\\/#organization\"},\"image\":{\"@id\":\"https:\\\/\\\/wp.kristdemokraterna.se\\\/varnamo\\\/2014\\\/03\\\/20\\\/grattis-kristdemokraterna-50-ar\\\/#primaryimage\"},\"thumbnailUrl\":\"https:\\\/\\\/wp.kristdemokraterna.se\\\/varnamo\\\/files\\\/2014\\\/03\\\/20140320_Kristdemokraterna50ar_tarta.png\",\"keywords\":[\"barn och unga\",\"familj\",\"G\u00f6ran H\u00e4gglund\",\"m\u00e4nniskov\u00e4rde\",\"uppv\u00e4xtvillkor\"],\"articleSection\":[\"Nyheter\"],\"inLanguage\":\"sv-SE\"},{\"@type\":\"WebPage\",\"@id\":\"https:\\\/\\\/wp.kristdemokraterna.se\\\/varnamo\\\/2014\\\/03\\\/20\\\/grattis-kristdemokraterna-50-ar\\\/\",\"url\":\"https:\\\/\\\/wp.kristdemokraterna.se\\\/varnamo\\\/2014\\\/03\\\/20\\\/grattis-kristdemokraterna-50-ar\\\/\",\"name\":\"Grattis! - Kristdemokraterna 50 \u00e5r! - KRISTDEMOKRATERNA V\u00c4RNAMO\",\"isPartOf\":{\"@id\":\"https:\\\/\\\/wp.kristdemokraterna.se\\\/varnamo\\\/#website\"},\"primaryImageOfPage\":{\"@id\":\"https:\\\/\\\/wp.kristdemokraterna.se\\\/varnamo\\\/2014\\\/03\\\/20\\\/grattis-kristdemokraterna-50-ar\\\/#primaryimage\"},\"image\":{\"@id\":\"https:\\\/\\\/wp.kristdemokraterna.se\\\/varnamo\\\/2014\\\/03\\\/20\\\/grattis-kristdemokraterna-50-ar\\\/#primaryimage\"},\"thumbnailUrl\":\"https:\\\/\\\/wp.kristdemokraterna.se\\\/varnamo\\\/files\\\/2014\\\/03\\\/20140320_Kristdemokraterna50ar_tarta.png\",\"datePublished\":\"2014-03-20T20:21:26+00:00\",\"dateModified\":\"2015-07-09T23:51:39+00:00\",\"breadcrumb\":{\"@id\":\"https:\\\/\\\/wp.kristdemokraterna.se\\\/varnamo\\\/2014\\\/03\\\/20\\\/grattis-kristdemokraterna-50-ar\\\/#breadcrumb\"},\"inLanguage\":\"sv-SE\",\"potentialAction\":[{\"@type\":\"ReadAction\",\"target\":[\"https:\\\/\\\/wp.kristdemokraterna.se\\\/varnamo\\\/2014\\\/03\\\/20\\\/grattis-kristdemokraterna-50-ar\\\/\"]}]},{\"@type\":\"ImageObject\",\"inLanguage\":\"sv-SE\",\"@id\":\"https:\\\/\\\/wp.kristdemokraterna.se\\\/varnamo\\\/2014\\\/03\\\/20\\\/grattis-kristdemokraterna-50-ar\\\/#primaryimage\",\"url\":\"https:\\\/\\\/wp.kristdemokraterna.se\\\/varnamo\\\/files\\\/2014\\\/03\\\/20140320_Kristdemokraterna50ar_tarta.png\",\"contentUrl\":\"https:\\\/\\\/wp.kristdemokraterna.se\\\/varnamo\\\/files\\\/2014\\\/03\\\/20140320_Kristdemokraterna50ar_tarta.png\",\"width\":320,\"height\":427,\"caption\":\"Kristdemokraterna 50 \u00e5r! (Foto: Robert Lisborg)\"},{\"@type\":\"BreadcrumbList\",\"@id\":\"https:\\\/\\\/wp.kristdemokraterna.se\\\/varnamo\\\/2014\\\/03\\\/20\\\/grattis-kristdemokraterna-50-ar\\\/#breadcrumb\",\"itemListElement\":[{\"@type\":\"ListItem\",\"position\":1,\"name\":\"Hem\",\"item\":\"https:\\\/\\\/wp.kristdemokraterna.se\\\/varnamo\\\/\"},{\"@type\":\"ListItem\",\"position\":2,\"name\":\"Grattis! &#8211; Kristdemokraterna 50 \u00e5r!\"}]},{\"@type\":\"WebSite\",\"@id\":\"https:\\\/\\\/wp.kristdemokraterna.se\\\/varnamo\\\/#website\",\"url\":\"https:\\\/\\\/wp.kristdemokraterna.se\\\/varnamo\\\/\",\"name\":\"KRISTDEMOKRATERNA V\u00c4RNAMO\",\"description\":\"Med hj\u00e4rta f\u00f6r V\u00e4rnamo\",\"publisher\":{\"@id\":\"https:\\\/\\\/wp.kristdemokraterna.se\\\/varnamo\\\/#organization\"},\"inLanguage\":\"sv-SE\"},{\"@type\":\"Organization\",\"@id\":\"https:\\\/\\\/wp.kristdemokraterna.se\\\/varnamo\\\/#organization\",\"name\":\"Kristdemokraterna V\u00e4rnamo\",\"url\":\"https:\\\/\\\/wp.kristdemokraterna.se\\\/varnamo\\\/\",\"logo\":{\"@type\":\"ImageObject\",\"inLanguage\":\"sv-SE\",\"@id\":\"https:\\\/\\\/wp.kristdemokraterna.se\\\/varnamo\\\/#\\\/schema\\\/logo\\\/image\\\/\",\"url\":\"https:\\\/\\\/wp.kristdemokraterna.se\\\/varnamo\\\/files\\\/2022\\\/08\\\/va\u2560ernamo-sida-bla-300dpi.png\",\"contentUrl\":\"https:\\\/\\\/wp.kristdemokraterna.se\\\/varnamo\\\/files\\\/2022\\\/08\\\/va\u2560ernamo-sida-bla-300dpi.png\",\"width\":1485,\"height\":681,\"caption\":\"Kristdemokraterna V\u00e4rnamo\"},\"image\":{\"@id\":\"https:\\\/\\\/wp.kristdemokraterna.se\\\/varnamo\\\/#\\\/schema\\\/logo\\\/image\\\/\"},\"sameAs\":[\"https:\\\/\\\/www.facebook.com\\\/KDVarnamo\\\/\",\"https:\\\/\\\/x.com\\\/KDVarnamo\",\"https:\\\/\\\/www.instagram.com\\\/\",\"https:\\\/\\\/www.youtube.com\\\/user\\\/studiokd\\\/videos\"]},{\"@type\":\"Person\",\"@id\":\"https:\\\/\\\/wp.kristdemokraterna.se\\\/varnamo\\\/#\\\/schema\\\/person\\\/4e339ab04d613699e4dfe80a994e01d4\",\"name\":\"Kristdemokraterna V\u00e4rnamo\",\"image\":{\"@type\":\"ImageObject\",\"inLanguage\":\"sv-SE\",\"@id\":\"https:\\\/\\\/secure.gravatar.com\\\/avatar\\\/c122e48c7723992af51eb155eeaa93db3c1fa324e3fc6ec45dd712c812809b5b?s=96&r=g\",\"url\":\"https:\\\/\\\/secure.gravatar.com\\\/avatar\\\/c122e48c7723992af51eb155eeaa93db3c1fa324e3fc6ec45dd712c812809b5b?s=96&r=g\",\"contentUrl\":\"https:\\\/\\\/secure.gravatar.com\\\/avatar\\\/c122e48c7723992af51eb155eeaa93db3c1fa324e3fc6ec45dd712c812809b5b?s=96&r=g\",\"caption\":\"Kristdemokraterna V\u00e4rnamo\"},\"description\":\"Familjens r\u00f6st\",\"sameAs\":[\"http:\\\/\\\/www.varnamo.kristdemokraterna.se\"],\"url\":\"https:\\\/\\\/wp.kristdemokraterna.se\\\/varnamo\\\/author\\\/varnamo\\\/\"}]}<\/script>\n<!-- \/ Yoast SEO plugin. -->","yoast_head_json":{"title":"Grattis! - Kristdemokraterna 50 \u00e5r! - KRISTDEMOKRATERNA V\u00c4RNAMO","robots":{"index":"index","follow":"follow","max-snippet":"max-snippet:-1","max-image-preview":"max-image-preview:large","max-video-preview":"max-video-preview:-1"},"canonical":"https:\/\/wp.kristdemokraterna.se\/varnamo\/2014\/03\/20\/grattis-kristdemokraterna-50-ar\/","og_locale":"sv_SE","og_type":"article","og_title":"Grattis! - Kristdemokraterna 50 \u00e5r! - KRISTDEMOKRATERNA V\u00c4RNAMO","og_description":"I dag fyller Kristdemokraterna 50 \u00e5r! 50 \u00e5r f\u00f6r m\u00e4nniskov\u00e4rdet, familjen och barns och ungas uppv\u00e4xtvillkor. V\u00e5r partiledare G\u00f6ran H\u00e4gglund ser tillbaka p\u00e5 det g\u00e5ngna halvseklet och f\u00f6rklarar varf\u00f6r Kristdemokraterna beh\u00f6vs mer \u00e4n n\u00e5gonsin i svensk politik\u2026","og_url":"https:\/\/wp.kristdemokraterna.se\/varnamo\/2014\/03\/20\/grattis-kristdemokraterna-50-ar\/","og_site_name":"KRISTDEMOKRATERNA V\u00c4RNAMO","article_publisher":"https:\/\/www.facebook.com\/KDVarnamo\/","article_published_time":"2014-03-20T20:21:26+00:00","article_modified_time":"2015-07-09T23:51:39+00:00","og_image":[{"width":320,"height":427,"url":"https:\/\/wp.kristdemokraterna.se\/varnamo\/files\/2014\/03\/20140320_Kristdemokraterna50ar_tarta.png","type":"image\/png"}],"author":"Kristdemokraterna V\u00e4rnamo","twitter_card":"summary_large_image","twitter_creator":"@KDVarnamo","twitter_site":"@KDVarnamo","twitter_misc":{"Skriven av":"Kristdemokraterna V\u00e4rnamo"},"schema":{"@context":"https:\/\/schema.org","@graph":[{"@type":"Article","@id":"https:\/\/wp.kristdemokraterna.se\/varnamo\/2014\/03\/20\/grattis-kristdemokraterna-50-ar\/#article","isPartOf":{"@id":"https:\/\/wp.kristdemokraterna.se\/varnamo\/2014\/03\/20\/grattis-kristdemokraterna-50-ar\/"},"author":{"name":"Kristdemokraterna V\u00e4rnamo","@id":"https:\/\/wp.kristdemokraterna.se\/varnamo\/#\/schema\/person\/4e339ab04d613699e4dfe80a994e01d4"},"headline":"Grattis! &#8211; Kristdemokraterna 50 \u00e5r!","datePublished":"2014-03-20T20:21:26+00:00","dateModified":"2015-07-09T23:51:39+00:00","mainEntityOfPage":{"@id":"https:\/\/wp.kristdemokraterna.se\/varnamo\/2014\/03\/20\/grattis-kristdemokraterna-50-ar\/"},"wordCount":78,"publisher":{"@id":"https:\/\/wp.kristdemokraterna.se\/varnamo\/#organization"},"image":{"@id":"https:\/\/wp.kristdemokraterna.se\/varnamo\/2014\/03\/20\/grattis-kristdemokraterna-50-ar\/#primaryimage"},"thumbnailUrl":"https:\/\/wp.kristdemokraterna.se\/varnamo\/files\/2014\/03\/20140320_Kristdemokraterna50ar_tarta.png","keywords":["barn och unga","familj","G\u00f6ran H\u00e4gglund","m\u00e4nniskov\u00e4rde","uppv\u00e4xtvillkor"],"articleSection":["Nyheter"],"inLanguage":"sv-SE"},{"@type":"WebPage","@id":"https:\/\/wp.kristdemokraterna.se\/varnamo\/2014\/03\/20\/grattis-kristdemokraterna-50-ar\/","url":"https:\/\/wp.kristdemokraterna.se\/varnamo\/2014\/03\/20\/grattis-kristdemokraterna-50-ar\/","name":"Grattis! - Kristdemokraterna 50 \u00e5r! - KRISTDEMOKRATERNA V\u00c4RNAMO","isPartOf":{"@id":"https:\/\/wp.kristdemokraterna.se\/varnamo\/#website"},"primaryImageOfPage":{"@id":"https:\/\/wp.kristdemokraterna.se\/varnamo\/2014\/03\/20\/grattis-kristdemokraterna-50-ar\/#primaryimage"},"image":{"@id":"https:\/\/wp.kristdemokraterna.se\/varnamo\/2014\/03\/20\/grattis-kristdemokraterna-50-ar\/#primaryimage"},"thumbnailUrl":"https:\/\/wp.kristdemokraterna.se\/varnamo\/files\/2014\/03\/20140320_Kristdemokraterna50ar_tarta.png","datePublished":"2014-03-20T20:21:26+00:00","dateModified":"2015-07-09T23:51:39+00:00","breadcrumb":{"@id":"https:\/\/wp.kristdemokraterna.se\/varnamo\/2014\/03\/20\/grattis-kristdemokraterna-50-ar\/#breadcrumb"},"inLanguage":"sv-SE","potentialAction":[{"@type":"ReadAction","target":["https:\/\/wp.kristdemokraterna.se\/varnamo\/2014\/03\/20\/grattis-kristdemokraterna-50-ar\/"]}]},{"@type":"ImageObject","inLanguage":"sv-SE","@id":"https:\/\/wp.kristdemokraterna.se\/varnamo\/2014\/03\/20\/grattis-kristdemokraterna-50-ar\/#primaryimage","url":"https:\/\/wp.kristdemokraterna.se\/varnamo\/files\/2014\/03\/20140320_Kristdemokraterna50ar_tarta.png","contentUrl":"https:\/\/wp.kristdemokraterna.se\/varnamo\/files\/2014\/03\/20140320_Kristdemokraterna50ar_tarta.png","width":320,"height":427,"caption":"Kristdemokraterna 50 \u00e5r! (Foto: Robert Lisborg)"},{"@type":"BreadcrumbList","@id":"https:\/\/wp.kristdemokraterna.se\/varnamo\/2014\/03\/20\/grattis-kristdemokraterna-50-ar\/#breadcrumb","itemListElement":[{"@type":"ListItem","position":1,"name":"Hem","item":"https:\/\/wp.kristdemokraterna.se\/varnamo\/"},{"@type":"ListItem","position":2,"name":"Grattis! &#8211; Kristdemokraterna 50 \u00e5r!"}]},{"@type":"WebSite","@id":"https:\/\/wp.kristdemokraterna.se\/varnamo\/#website","url":"https:\/\/wp.kristdemokraterna.se\/varnamo\/","name":"KRISTDEMOKRATERNA V\u00c4RNAMO","description":"Med hj\u00e4rta f\u00f6r V\u00e4rnamo","publisher":{"@id":"https:\/\/wp.kristdemokraterna.se\/varnamo\/#organization"},"inLanguage":"sv-SE"},{"@type":"Organization","@id":"https:\/\/wp.kristdemokraterna.se\/varnamo\/#organization","name":"Kristdemokraterna V\u00e4rnamo","url":"https:\/\/wp.kristdemokraterna.se\/varnamo\/","logo":{"@type":"ImageObject","inLanguage":"sv-SE","@id":"https:\/\/wp.kristdemokraterna.se\/varnamo\/#\/schema\/logo\/image\/","url":"https:\/\/wp.kristdemokraterna.se\/varnamo\/files\/2022\/08\/va\u2560ernamo-sida-bla-300dpi.png","contentUrl":"https:\/\/wp.kristdemokraterna.se\/varnamo\/files\/2022\/08\/va\u2560ernamo-sida-bla-300dpi.png","width":1485,"height":681,"caption":"Kristdemokraterna V\u00e4rnamo"},"image":{"@id":"https:\/\/wp.kristdemokraterna.se\/varnamo\/#\/schema\/logo\/image\/"},"sameAs":["https:\/\/www.facebook.com\/KDVarnamo\/","https:\/\/x.com\/KDVarnamo","https:\/\/www.instagram.com\/","https:\/\/www.youtube.com\/user\/studiokd\/videos"]},{"@type":"Person","@id":"https:\/\/wp.kristdemokraterna.se\/varnamo\/#\/schema\/person\/4e339ab04d613699e4dfe80a994e01d4","name":"Kristdemokraterna V\u00e4rnamo","image":{"@type":"ImageObject","inLanguage":"sv-SE","@id":"https:\/\/secure.gravatar.com\/avatar\/c122e48c7723992af51eb155eeaa93db3c1fa324e3fc6ec45dd712c812809b5b?s=96&r=g","url":"https:\/\/secure.gravatar.com\/avatar\/c122e48c7723992af51eb155eeaa93db3c1fa324e3fc6ec45dd712c812809b5b?s=96&r=g","contentUrl":"https:\/\/secure.gravatar.com\/avatar\/c122e48c7723992af51eb155eeaa93db3c1fa324e3fc6ec45dd712c812809b5b?s=96&r=g","caption":"Kristdemokraterna V\u00e4rnamo"},"description":"Familjens r\u00f6st","sameAs":["http:\/\/www.varnamo.kristdemokraterna.se"],"url":"https:\/\/wp.kristdemokraterna.se\/varnamo\/author\/varnamo\/"}]}},"_links":{"self":[{"href":"https:\/\/wp.kristdemokraterna.se\/varnamo\/wp-json\/wp\/v2\/posts\/4904","targetHints":{"allow":["GET"]}}],"collection":[{"href":"https:\/\/wp.kristdemokraterna.se\/varnamo\/wp-json\/wp\/v2\/posts"}],"about":[{"href":"https:\/\/wp.kristdemokraterna.se\/varnamo\/wp-json\/wp\/v2\/types\/post"}],"author":[{"embeddable":true,"href":"https:\/\/wp.kristdemokraterna.se\/varnamo\/wp-json\/wp\/v2\/users\/412"}],"replies":[{"embeddable":true,"href":"https:\/\/wp.kristdemokraterna.se\/varnamo\/wp-json\/wp\/v2\/comments?post=4904"}],"version-history":[{"count":15,"href":"https:\/\/wp.kristdemokraterna.se\/varnamo\/wp-json\/wp\/v2\/posts\/4904\/revisions"}],"predecessor-version":[{"id":6590,"href":"https:\/\/wp.kristdemokraterna.se\/varnamo\/wp-json\/wp\/v2\/posts\/4904\/revisions\/6590"}],"wp:featuredmedia":[{"embeddable":true,"href":"https:\/\/wp.kristdemokraterna.se\/varnamo\/wp-json\/wp\/v2\/media\/4907"}],"wp:attachment":[{"href":"https:\/\/wp.kristdemokraterna.se\/varnamo\/wp-json\/wp\/v2\/media?parent=4904"}],"wp:term":[{"taxonomy":"category","embeddable":true,"href":"https:\/\/wp.kristdemokraterna.se\/varnamo\/wp-json\/wp\/v2\/categories?post=4904"},{"taxonomy":"post_tag","embeddable":true,"href":"https:\/\/wp.kristdemokraterna.se\/varnamo\/wp-json\/wp\/v2\/tags?post=4904"}],"curies":[{"name":"wp","href":"https:\/\/api.w.org\/{rel}","templated":true}]}}