{"id":5029,"date":"2014-04-14T23:12:00","date_gmt":"2014-04-14T21:12:00","guid":{"rendered":"http:\/\/wp.kristdemokraterna.se\/varnamo\/?p=5029"},"modified":"2015-07-09T23:08:27","modified_gmt":"2015-07-09T21:08:27","slug":"50-arsjubileum-med-finbesok","status":"publish","type":"post","link":"https:\/\/wp.kristdemokraterna.se\/varnamo\/2014\/04\/14\/50-arsjubileum-med-finbesok\/","title":{"rendered":"50-\u00e5rsjubileum med finbes\u00f6k!"},"content":{"rendered":"<p>I \u00e5r fyller <a title=\"Grattis! \u2013 Kristdemokraterna 50 \u00e5r!\" href=\"http:\/\/wp.kristdemokraterna.se\/varnamo\/2014\/03\/20\/grattis-kristdemokraterna-50-ar\/\">Kristdemokraterna 50 \u00e5r<\/a>\u00a0&#8211; <a title=\"Festliga kommundagar\" href=\"http:\/\/wp.kristdemokraterna.se\/varnamo\/2014\/03\/29\/festliga-kommundagar\/\">partiets jubileumsfest\u00a0<\/a>h\u00f6lls i samband med de kommun- och landstingspolitiska dagarna i G\u00f6teborg.\u00a0Bara ett par veckor efter partiets bildande startade en <a title=\"40 \u00e5r f\u00f6r m\u00e4nniskov\u00e4rdet \u2013 Kristdemokraterna i V\u00e4rnamopolitikens centrum\" href=\"http:\/\/wp.kristdemokraterna.se\/varnamo\/om-oss\/i-varnamopolitiken-sedan-1964\/40-ar-for-manniskovardet-kristdemokraterna-i-varnamopolitikens-centrum\/\">lokalavdelning h\u00e4r i V\u00e4rnamo<\/a>. Det ska vi fira med en riktigt rej\u00e4l jubileumsdag fylld med EU-valupptakt, kandidatutbildning och jubileumsfest p\u00e5 hotell Tre Liljor.\u00a0Medverkande p\u00e5 jubileumsfesten \u00e4r:<\/p>\n<p><!--more--><\/p>\n<ul>\n<li><strong>Alf Svensson<\/strong> \u2013 Europaparlamentariker, hedersordf\u00f6rande, tidigare partiledare\u2026<\/li>\n<li><strong>Roland Utbult<\/strong> \u2013 Riksdagsledamot och artist<\/li>\n<li><strong>Andreas Carlson<\/strong> \u2013 Riksdagsledamot och distriktsordf\u00f6rande<\/li>\n<\/ul>\n<p>Inbjudan till jubileumsfesten:\u00a0<a title=\"Kristdemokraterna - 50 \u00e5r f\u00f6r m\u00e4nniskov\u00e4rdet!\" href=\"http:\/\/wp.kristdemokraterna.se\/varnamo\/files\/2014\/04\/20140503_jubileum_a4.pdf\" target=\"_blank\">20140503_Jubileum_a4<\/a><\/p>\n\n\t\t<style type=\"text\/css\">\n\t\t\t#gallery-1 {\n\t\t\t\tmargin: auto;\n\t\t\t}\n\t\t\t#gallery-1 .gallery-item {\n\t\t\t\tfloat: left;\n\t\t\t\tmargin-top: 10px;\n\t\t\t\ttext-align: center;\n\t\t\t\twidth: 33%;\n\t\t\t}\n\t\t\t#gallery-1 img {\n\t\t\t\tborder: 2px solid #cfcfcf;\n\t\t\t}\n\t\t\t#gallery-1 .gallery-caption {\n\t\t\t\tmargin-left: 0;\n\t\t\t}\n\t\t\t\/* see gallery_shortcode() in wp-includes\/media.php *\/\n\t\t<\/style>\n\t\t<div id='gallery-1' class='gallery galleryid-5029 gallery-columns-3 gallery-size-thumbnail'><dl class='gallery-item'>\n\t\t\t<dt class='gallery-icon landscape'>\n\t\t\t\t<a href='https:\/\/wp.kristdemokraterna.se\/varnamo\/2014\/04\/14\/50-arsjubileum-med-finbesok\/20140423-kristdemokraternavarnamo-50arsfest\/'><img loading=\"lazy\" decoding=\"async\" width=\"150\" height=\"150\" src=\"https:\/\/wp.kristdemokraterna.se\/varnamo\/files\/2014\/04\/20140423_kristdemokraternavarnamo_50arsfest-150x150.png\" class=\"attachment-thumbnail size-thumbnail\" alt=\"Kristdemokraterna - 50 \u00e5r f\u00f6r m\u00e4nniskov\u00e4rdet! (Annons)\" \/><\/a>\n\t\t\t<\/dt><\/dl><dl class='gallery-item'>\n\t\t\t<dt class='gallery-icon portrait'>\n\t\t\t\t<a href='https:\/\/wp.kristdemokraterna.se\/varnamo\/2014\/04\/14\/50-arsjubileum-med-finbesok\/20140503-jubileum-a4-2\/'><img loading=\"lazy\" decoding=\"async\" width=\"150\" height=\"150\" src=\"https:\/\/wp.kristdemokraterna.se\/varnamo\/files\/2014\/05\/20140503_jubileum_a4-150x150.png\" class=\"attachment-thumbnail size-thumbnail\" alt=\"Kristdemokraterna - 50 \u00e5r f\u00f6r m\u00e4nniskov\u00e4rdet! (Inbjudan)\" \/><\/a>\n\t\t\t<\/dt><\/dl>\n\t\t\t<br style='clear: both' \/>\n\t\t<\/div>\n\n","protected":false},"excerpt":{"rendered":"<p>I \u00e5r fyller Kristdemokraterna 50 \u00e5r\u00a0&#8211; partiets jubileumsfest\u00a0h\u00f6lls i samband med de kommun- och landstingspolitiska dagarna i G\u00f6teborg.\u00a0Bara ett par veckor efter partiets bildande startade en lokalavdelning h\u00e4r i V\u00e4rnamo. Det ska vi fira med en riktigt rej\u00e4l jubileumsdag fylld med EU-valupptakt, kandidatutbildning och jubileumsfest p\u00e5 hotell Tre Liljor.\u00a0Medverkande p\u00e5 jubileumsfesten \u00e4r:<\/p>\n","protected":false},"author":412,"featured_media":5042,"comment_status":"closed","ping_status":"closed","sticky":false,"template":"","format":"standard","meta":{"_acf_changed":false,"footnotes":""},"categories":[11],"tags":[243,83,422,465,476,62],"class_list":["post-5029","post","type-post","status-publish","format-standard","hentry","category-nyheter","tag-alf-svensson","tag-andreas-carlson","tag-jubileum","tag-kandidatutbildning","tag-roland-utbult","tag-valrorelse"],"acf":[],"yoast_head":"<!-- This site is optimized with the Yoast SEO plugin v27.4 - https:\/\/yoast.com\/product\/yoast-seo-wordpress\/ -->\n<title>50-\u00e5rsjubileum med finbes\u00f6k! - KRISTDEMOKRATERNA V\u00c4RNAMO<\/title>\n<meta name=\"robots\" content=\"index, follow, max-snippet:-1, max-image-preview:large, max-video-preview:-1\" \/>\n<link rel=\"canonical\" href=\"https:\/\/wp.kristdemokraterna.se\/varnamo\/2014\/04\/14\/50-arsjubileum-med-finbesok\/\" \/>\n<meta property=\"og:locale\" content=\"sv_SE\" \/>\n<meta property=\"og:type\" content=\"article\" \/>\n<meta property=\"og:title\" content=\"50-\u00e5rsjubileum med finbes\u00f6k! - KRISTDEMOKRATERNA V\u00c4RNAMO\" \/>\n<meta property=\"og:description\" content=\"I \u00e5r fyller Kristdemokraterna 50 \u00e5r\u00a0&#8211; partiets jubileumsfest\u00a0h\u00f6lls i samband med de kommun- och landstingspolitiska dagarna i G\u00f6teborg.\u00a0Bara ett par veckor efter partiets bildande startade en lokalavdelning h\u00e4r i V\u00e4rnamo. Det ska vi fira med en riktigt rej\u00e4l jubileumsdag fylld med EU-valupptakt, kandidatutbildning och jubileumsfest p\u00e5 hotell Tre Liljor.\u00a0Medverkande p\u00e5 jubileumsfesten \u00e4r:\" \/>\n<meta property=\"og:url\" content=\"https:\/\/wp.kristdemokraterna.se\/varnamo\/2014\/04\/14\/50-arsjubileum-med-finbesok\/\" \/>\n<meta property=\"og:site_name\" content=\"KRISTDEMOKRATERNA V\u00c4RNAMO\" \/>\n<meta property=\"article:publisher\" content=\"https:\/\/www.facebook.com\/KDVarnamo\/\" \/>\n<meta property=\"article:published_time\" content=\"2014-04-14T21:12:00+00:00\" \/>\n<meta property=\"article:modified_time\" content=\"2015-07-09T21:08:27+00:00\" \/>\n<meta property=\"og:image\" content=\"https:\/\/wp.kristdemokraterna.se\/varnamo\/files\/2014\/04\/20140423_kristdemokraternavarnamo_50arsfest.png\" \/>\n\t<meta property=\"og:image:width\" content=\"302\" \/>\n\t<meta property=\"og:image:height\" content=\"163\" \/>\n\t<meta property=\"og:image:type\" content=\"image\/png\" \/>\n<meta name=\"author\" content=\"Kristdemokraterna V\u00e4rnamo\" \/>\n<meta name=\"twitter:card\" content=\"summary_large_image\" \/>\n<meta name=\"twitter:creator\" content=\"@KDVarnamo\" \/>\n<meta name=\"twitter:site\" content=\"@KDVarnamo\" \/>\n<meta name=\"twitter:label1\" content=\"Skriven av\" \/>\n\t<meta name=\"twitter:data1\" content=\"Kristdemokraterna V\u00e4rnamo\" \/>\n<script type=\"application\/ld+json\" class=\"yoast-schema-graph\">{\"@context\":\"https:\\\/\\\/schema.org\",\"@graph\":[{\"@type\":\"Article\",\"@id\":\"https:\\\/\\\/wp.kristdemokraterna.se\\\/varnamo\\\/2014\\\/04\\\/14\\\/50-arsjubileum-med-finbesok\\\/#article\",\"isPartOf\":{\"@id\":\"https:\\\/\\\/wp.kristdemokraterna.se\\\/varnamo\\\/2014\\\/04\\\/14\\\/50-arsjubileum-med-finbesok\\\/\"},\"author\":{\"name\":\"Kristdemokraterna V\u00e4rnamo\",\"@id\":\"https:\\\/\\\/wp.kristdemokraterna.se\\\/varnamo\\\/#\\\/schema\\\/person\\\/4e339ab04d613699e4dfe80a994e01d4\"},\"headline\":\"50-\u00e5rsjubileum med finbes\u00f6k!\",\"datePublished\":\"2014-04-14T21:12:00+00:00\",\"dateModified\":\"2015-07-09T21:08:27+00:00\",\"mainEntityOfPage\":{\"@id\":\"https:\\\/\\\/wp.kristdemokraterna.se\\\/varnamo\\\/2014\\\/04\\\/14\\\/50-arsjubileum-med-finbesok\\\/\"},\"wordCount\":94,\"publisher\":{\"@id\":\"https:\\\/\\\/wp.kristdemokraterna.se\\\/varnamo\\\/#organization\"},\"image\":{\"@id\":\"https:\\\/\\\/wp.kristdemokraterna.se\\\/varnamo\\\/2014\\\/04\\\/14\\\/50-arsjubileum-med-finbesok\\\/#primaryimage\"},\"thumbnailUrl\":\"https:\\\/\\\/wp.kristdemokraterna.se\\\/varnamo\\\/files\\\/2014\\\/04\\\/20140423_kristdemokraternavarnamo_50arsfest.png\",\"keywords\":[\"Alf Svensson\",\"Andreas Carlson\",\"jubileum\",\"kandidatutbildning\",\"Roland Utbult\",\"valr\u00f6relse\"],\"articleSection\":[\"Nyheter\"],\"inLanguage\":\"sv-SE\"},{\"@type\":\"WebPage\",\"@id\":\"https:\\\/\\\/wp.kristdemokraterna.se\\\/varnamo\\\/2014\\\/04\\\/14\\\/50-arsjubileum-med-finbesok\\\/\",\"url\":\"https:\\\/\\\/wp.kristdemokraterna.se\\\/varnamo\\\/2014\\\/04\\\/14\\\/50-arsjubileum-med-finbesok\\\/\",\"name\":\"50-\u00e5rsjubileum med finbes\u00f6k! - KRISTDEMOKRATERNA V\u00c4RNAMO\",\"isPartOf\":{\"@id\":\"https:\\\/\\\/wp.kristdemokraterna.se\\\/varnamo\\\/#website\"},\"primaryImageOfPage\":{\"@id\":\"https:\\\/\\\/wp.kristdemokraterna.se\\\/varnamo\\\/2014\\\/04\\\/14\\\/50-arsjubileum-med-finbesok\\\/#primaryimage\"},\"image\":{\"@id\":\"https:\\\/\\\/wp.kristdemokraterna.se\\\/varnamo\\\/2014\\\/04\\\/14\\\/50-arsjubileum-med-finbesok\\\/#primaryimage\"},\"thumbnailUrl\":\"https:\\\/\\\/wp.kristdemokraterna.se\\\/varnamo\\\/files\\\/2014\\\/04\\\/20140423_kristdemokraternavarnamo_50arsfest.png\",\"datePublished\":\"2014-04-14T21:12:00+00:00\",\"dateModified\":\"2015-07-09T21:08:27+00:00\",\"breadcrumb\":{\"@id\":\"https:\\\/\\\/wp.kristdemokraterna.se\\\/varnamo\\\/2014\\\/04\\\/14\\\/50-arsjubileum-med-finbesok\\\/#breadcrumb\"},\"inLanguage\":\"sv-SE\",\"potentialAction\":[{\"@type\":\"ReadAction\",\"target\":[\"https:\\\/\\\/wp.kristdemokraterna.se\\\/varnamo\\\/2014\\\/04\\\/14\\\/50-arsjubileum-med-finbesok\\\/\"]}]},{\"@type\":\"ImageObject\",\"inLanguage\":\"sv-SE\",\"@id\":\"https:\\\/\\\/wp.kristdemokraterna.se\\\/varnamo\\\/2014\\\/04\\\/14\\\/50-arsjubileum-med-finbesok\\\/#primaryimage\",\"url\":\"https:\\\/\\\/wp.kristdemokraterna.se\\\/varnamo\\\/files\\\/2014\\\/04\\\/20140423_kristdemokraternavarnamo_50arsfest.png\",\"contentUrl\":\"https:\\\/\\\/wp.kristdemokraterna.se\\\/varnamo\\\/files\\\/2014\\\/04\\\/20140423_kristdemokraternavarnamo_50arsfest.png\",\"width\":302,\"height\":163,\"caption\":\"Kristdemokraterna - 50 \u00e5r f\u00f6r m\u00e4nniskov\u00e4rdet! (Annons)\"},{\"@type\":\"BreadcrumbList\",\"@id\":\"https:\\\/\\\/wp.kristdemokraterna.se\\\/varnamo\\\/2014\\\/04\\\/14\\\/50-arsjubileum-med-finbesok\\\/#breadcrumb\",\"itemListElement\":[{\"@type\":\"ListItem\",\"position\":1,\"name\":\"Hem\",\"item\":\"https:\\\/\\\/wp.kristdemokraterna.se\\\/varnamo\\\/\"},{\"@type\":\"ListItem\",\"position\":2,\"name\":\"50-\u00e5rsjubileum med finbes\u00f6k!\"}]},{\"@type\":\"WebSite\",\"@id\":\"https:\\\/\\\/wp.kristdemokraterna.se\\\/varnamo\\\/#website\",\"url\":\"https:\\\/\\\/wp.kristdemokraterna.se\\\/varnamo\\\/\",\"name\":\"KRISTDEMOKRATERNA V\u00c4RNAMO\",\"description\":\"Med hj\u00e4rta f\u00f6r V\u00e4rnamo\",\"publisher\":{\"@id\":\"https:\\\/\\\/wp.kristdemokraterna.se\\\/varnamo\\\/#organization\"},\"inLanguage\":\"sv-SE\"},{\"@type\":\"Organization\",\"@id\":\"https:\\\/\\\/wp.kristdemokraterna.se\\\/varnamo\\\/#organization\",\"name\":\"Kristdemokraterna V\u00e4rnamo\",\"url\":\"https:\\\/\\\/wp.kristdemokraterna.se\\\/varnamo\\\/\",\"logo\":{\"@type\":\"ImageObject\",\"inLanguage\":\"sv-SE\",\"@id\":\"https:\\\/\\\/wp.kristdemokraterna.se\\\/varnamo\\\/#\\\/schema\\\/logo\\\/image\\\/\",\"url\":\"https:\\\/\\\/wp.kristdemokraterna.se\\\/varnamo\\\/files\\\/2022\\\/08\\\/va\u2560ernamo-sida-bla-300dpi.png\",\"contentUrl\":\"https:\\\/\\\/wp.kristdemokraterna.se\\\/varnamo\\\/files\\\/2022\\\/08\\\/va\u2560ernamo-sida-bla-300dpi.png\",\"width\":1485,\"height\":681,\"caption\":\"Kristdemokraterna V\u00e4rnamo\"},\"image\":{\"@id\":\"https:\\\/\\\/wp.kristdemokraterna.se\\\/varnamo\\\/#\\\/schema\\\/logo\\\/image\\\/\"},\"sameAs\":[\"https:\\\/\\\/www.facebook.com\\\/KDVarnamo\\\/\",\"https:\\\/\\\/x.com\\\/KDVarnamo\",\"https:\\\/\\\/www.instagram.com\\\/\",\"https:\\\/\\\/www.youtube.com\\\/user\\\/studiokd\\\/videos\"]},{\"@type\":\"Person\",\"@id\":\"https:\\\/\\\/wp.kristdemokraterna.se\\\/varnamo\\\/#\\\/schema\\\/person\\\/4e339ab04d613699e4dfe80a994e01d4\",\"name\":\"Kristdemokraterna V\u00e4rnamo\",\"image\":{\"@type\":\"ImageObject\",\"inLanguage\":\"sv-SE\",\"@id\":\"https:\\\/\\\/secure.gravatar.com\\\/avatar\\\/c122e48c7723992af51eb155eeaa93db3c1fa324e3fc6ec45dd712c812809b5b?s=96&r=g\",\"url\":\"https:\\\/\\\/secure.gravatar.com\\\/avatar\\\/c122e48c7723992af51eb155eeaa93db3c1fa324e3fc6ec45dd712c812809b5b?s=96&r=g\",\"contentUrl\":\"https:\\\/\\\/secure.gravatar.com\\\/avatar\\\/c122e48c7723992af51eb155eeaa93db3c1fa324e3fc6ec45dd712c812809b5b?s=96&r=g\",\"caption\":\"Kristdemokraterna V\u00e4rnamo\"},\"description\":\"Familjens r\u00f6st\",\"sameAs\":[\"http:\\\/\\\/www.varnamo.kristdemokraterna.se\"],\"url\":\"https:\\\/\\\/wp.kristdemokraterna.se\\\/varnamo\\\/author\\\/varnamo\\\/\"}]}<\/script>\n<!-- \/ Yoast SEO plugin. -->","yoast_head_json":{"title":"50-\u00e5rsjubileum med finbes\u00f6k! - KRISTDEMOKRATERNA V\u00c4RNAMO","robots":{"index":"index","follow":"follow","max-snippet":"max-snippet:-1","max-image-preview":"max-image-preview:large","max-video-preview":"max-video-preview:-1"},"canonical":"https:\/\/wp.kristdemokraterna.se\/varnamo\/2014\/04\/14\/50-arsjubileum-med-finbesok\/","og_locale":"sv_SE","og_type":"article","og_title":"50-\u00e5rsjubileum med finbes\u00f6k! - KRISTDEMOKRATERNA V\u00c4RNAMO","og_description":"I \u00e5r fyller Kristdemokraterna 50 \u00e5r\u00a0&#8211; partiets jubileumsfest\u00a0h\u00f6lls i samband med de kommun- och landstingspolitiska dagarna i G\u00f6teborg.\u00a0Bara ett par veckor efter partiets bildande startade en lokalavdelning h\u00e4r i V\u00e4rnamo. Det ska vi fira med en riktigt rej\u00e4l jubileumsdag fylld med EU-valupptakt, kandidatutbildning och jubileumsfest p\u00e5 hotell Tre Liljor.\u00a0Medverkande p\u00e5 jubileumsfesten \u00e4r:","og_url":"https:\/\/wp.kristdemokraterna.se\/varnamo\/2014\/04\/14\/50-arsjubileum-med-finbesok\/","og_site_name":"KRISTDEMOKRATERNA V\u00c4RNAMO","article_publisher":"https:\/\/www.facebook.com\/KDVarnamo\/","article_published_time":"2014-04-14T21:12:00+00:00","article_modified_time":"2015-07-09T21:08:27+00:00","og_image":[{"width":302,"height":163,"url":"https:\/\/wp.kristdemokraterna.se\/varnamo\/files\/2014\/04\/20140423_kristdemokraternavarnamo_50arsfest.png","type":"image\/png"}],"author":"Kristdemokraterna V\u00e4rnamo","twitter_card":"summary_large_image","twitter_creator":"@KDVarnamo","twitter_site":"@KDVarnamo","twitter_misc":{"Skriven av":"Kristdemokraterna V\u00e4rnamo"},"schema":{"@context":"https:\/\/schema.org","@graph":[{"@type":"Article","@id":"https:\/\/wp.kristdemokraterna.se\/varnamo\/2014\/04\/14\/50-arsjubileum-med-finbesok\/#article","isPartOf":{"@id":"https:\/\/wp.kristdemokraterna.se\/varnamo\/2014\/04\/14\/50-arsjubileum-med-finbesok\/"},"author":{"name":"Kristdemokraterna V\u00e4rnamo","@id":"https:\/\/wp.kristdemokraterna.se\/varnamo\/#\/schema\/person\/4e339ab04d613699e4dfe80a994e01d4"},"headline":"50-\u00e5rsjubileum med finbes\u00f6k!","datePublished":"2014-04-14T21:12:00+00:00","dateModified":"2015-07-09T21:08:27+00:00","mainEntityOfPage":{"@id":"https:\/\/wp.kristdemokraterna.se\/varnamo\/2014\/04\/14\/50-arsjubileum-med-finbesok\/"},"wordCount":94,"publisher":{"@id":"https:\/\/wp.kristdemokraterna.se\/varnamo\/#organization"},"image":{"@id":"https:\/\/wp.kristdemokraterna.se\/varnamo\/2014\/04\/14\/50-arsjubileum-med-finbesok\/#primaryimage"},"thumbnailUrl":"https:\/\/wp.kristdemokraterna.se\/varnamo\/files\/2014\/04\/20140423_kristdemokraternavarnamo_50arsfest.png","keywords":["Alf Svensson","Andreas Carlson","jubileum","kandidatutbildning","Roland Utbult","valr\u00f6relse"],"articleSection":["Nyheter"],"inLanguage":"sv-SE"},{"@type":"WebPage","@id":"https:\/\/wp.kristdemokraterna.se\/varnamo\/2014\/04\/14\/50-arsjubileum-med-finbesok\/","url":"https:\/\/wp.kristdemokraterna.se\/varnamo\/2014\/04\/14\/50-arsjubileum-med-finbesok\/","name":"50-\u00e5rsjubileum med finbes\u00f6k! - KRISTDEMOKRATERNA V\u00c4RNAMO","isPartOf":{"@id":"https:\/\/wp.kristdemokraterna.se\/varnamo\/#website"},"primaryImageOfPage":{"@id":"https:\/\/wp.kristdemokraterna.se\/varnamo\/2014\/04\/14\/50-arsjubileum-med-finbesok\/#primaryimage"},"image":{"@id":"https:\/\/wp.kristdemokraterna.se\/varnamo\/2014\/04\/14\/50-arsjubileum-med-finbesok\/#primaryimage"},"thumbnailUrl":"https:\/\/wp.kristdemokraterna.se\/varnamo\/files\/2014\/04\/20140423_kristdemokraternavarnamo_50arsfest.png","datePublished":"2014-04-14T21:12:00+00:00","dateModified":"2015-07-09T21:08:27+00:00","breadcrumb":{"@id":"https:\/\/wp.kristdemokraterna.se\/varnamo\/2014\/04\/14\/50-arsjubileum-med-finbesok\/#breadcrumb"},"inLanguage":"sv-SE","potentialAction":[{"@type":"ReadAction","target":["https:\/\/wp.kristdemokraterna.se\/varnamo\/2014\/04\/14\/50-arsjubileum-med-finbesok\/"]}]},{"@type":"ImageObject","inLanguage":"sv-SE","@id":"https:\/\/wp.kristdemokraterna.se\/varnamo\/2014\/04\/14\/50-arsjubileum-med-finbesok\/#primaryimage","url":"https:\/\/wp.kristdemokraterna.se\/varnamo\/files\/2014\/04\/20140423_kristdemokraternavarnamo_50arsfest.png","contentUrl":"https:\/\/wp.kristdemokraterna.se\/varnamo\/files\/2014\/04\/20140423_kristdemokraternavarnamo_50arsfest.png","width":302,"height":163,"caption":"Kristdemokraterna - 50 \u00e5r f\u00f6r m\u00e4nniskov\u00e4rdet! (Annons)"},{"@type":"BreadcrumbList","@id":"https:\/\/wp.kristdemokraterna.se\/varnamo\/2014\/04\/14\/50-arsjubileum-med-finbesok\/#breadcrumb","itemListElement":[{"@type":"ListItem","position":1,"name":"Hem","item":"https:\/\/wp.kristdemokraterna.se\/varnamo\/"},{"@type":"ListItem","position":2,"name":"50-\u00e5rsjubileum med finbes\u00f6k!"}]},{"@type":"WebSite","@id":"https:\/\/wp.kristdemokraterna.se\/varnamo\/#website","url":"https:\/\/wp.kristdemokraterna.se\/varnamo\/","name":"KRISTDEMOKRATERNA V\u00c4RNAMO","description":"Med hj\u00e4rta f\u00f6r V\u00e4rnamo","publisher":{"@id":"https:\/\/wp.kristdemokraterna.se\/varnamo\/#organization"},"inLanguage":"sv-SE"},{"@type":"Organization","@id":"https:\/\/wp.kristdemokraterna.se\/varnamo\/#organization","name":"Kristdemokraterna V\u00e4rnamo","url":"https:\/\/wp.kristdemokraterna.se\/varnamo\/","logo":{"@type":"ImageObject","inLanguage":"sv-SE","@id":"https:\/\/wp.kristdemokraterna.se\/varnamo\/#\/schema\/logo\/image\/","url":"https:\/\/wp.kristdemokraterna.se\/varnamo\/files\/2022\/08\/va\u2560ernamo-sida-bla-300dpi.png","contentUrl":"https:\/\/wp.kristdemokraterna.se\/varnamo\/files\/2022\/08\/va\u2560ernamo-sida-bla-300dpi.png","width":1485,"height":681,"caption":"Kristdemokraterna V\u00e4rnamo"},"image":{"@id":"https:\/\/wp.kristdemokraterna.se\/varnamo\/#\/schema\/logo\/image\/"},"sameAs":["https:\/\/www.facebook.com\/KDVarnamo\/","https:\/\/x.com\/KDVarnamo","https:\/\/www.instagram.com\/","https:\/\/www.youtube.com\/user\/studiokd\/videos"]},{"@type":"Person","@id":"https:\/\/wp.kristdemokraterna.se\/varnamo\/#\/schema\/person\/4e339ab04d613699e4dfe80a994e01d4","name":"Kristdemokraterna V\u00e4rnamo","image":{"@type":"ImageObject","inLanguage":"sv-SE","@id":"https:\/\/secure.gravatar.com\/avatar\/c122e48c7723992af51eb155eeaa93db3c1fa324e3fc6ec45dd712c812809b5b?s=96&r=g","url":"https:\/\/secure.gravatar.com\/avatar\/c122e48c7723992af51eb155eeaa93db3c1fa324e3fc6ec45dd712c812809b5b?s=96&r=g","contentUrl":"https:\/\/secure.gravatar.com\/avatar\/c122e48c7723992af51eb155eeaa93db3c1fa324e3fc6ec45dd712c812809b5b?s=96&r=g","caption":"Kristdemokraterna V\u00e4rnamo"},"description":"Familjens r\u00f6st","sameAs":["http:\/\/www.varnamo.kristdemokraterna.se"],"url":"https:\/\/wp.kristdemokraterna.se\/varnamo\/author\/varnamo\/"}]}},"_links":{"self":[{"href":"https:\/\/wp.kristdemokraterna.se\/varnamo\/wp-json\/wp\/v2\/posts\/5029","targetHints":{"allow":["GET"]}}],"collection":[{"href":"https:\/\/wp.kristdemokraterna.se\/varnamo\/wp-json\/wp\/v2\/posts"}],"about":[{"href":"https:\/\/wp.kristdemokraterna.se\/varnamo\/wp-json\/wp\/v2\/types\/post"}],"author":[{"embeddable":true,"href":"https:\/\/wp.kristdemokraterna.se\/varnamo\/wp-json\/wp\/v2\/users\/412"}],"replies":[{"embeddable":true,"href":"https:\/\/wp.kristdemokraterna.se\/varnamo\/wp-json\/wp\/v2\/comments?post=5029"}],"version-history":[{"count":14,"href":"https:\/\/wp.kristdemokraterna.se\/varnamo\/wp-json\/wp\/v2\/posts\/5029\/revisions"}],"predecessor-version":[{"id":6587,"href":"https:\/\/wp.kristdemokraterna.se\/varnamo\/wp-json\/wp\/v2\/posts\/5029\/revisions\/6587"}],"wp:featuredmedia":[{"embeddable":true,"href":"https:\/\/wp.kristdemokraterna.se\/varnamo\/wp-json\/wp\/v2\/media\/5042"}],"wp:attachment":[{"href":"https:\/\/wp.kristdemokraterna.se\/varnamo\/wp-json\/wp\/v2\/media?parent=5029"}],"wp:term":[{"taxonomy":"category","embeddable":true,"href":"https:\/\/wp.kristdemokraterna.se\/varnamo\/wp-json\/wp\/v2\/categories?post=5029"},{"taxonomy":"post_tag","embeddable":true,"href":"https:\/\/wp.kristdemokraterna.se\/varnamo\/wp-json\/wp\/v2\/tags?post=5029"}],"curies":[{"name":"wp","href":"https:\/\/api.w.org\/{rel}","templated":true}]}}