{"id":5051,"date":"2014-04-26T16:30:14","date_gmt":"2014-04-26T14:30:14","guid":{"rendered":"http:\/\/wp.kristdemokraterna.se\/varnamo\/?p=5051"},"modified":"2015-07-09T23:04:34","modified_gmt":"2015-07-09T21:04:34","slug":"vafflig-valupptakt-i-varnamo","status":"publish","type":"post","link":"https:\/\/wp.kristdemokraterna.se\/varnamo\/2014\/04\/26\/vafflig-valupptakt-i-varnamo\/","title":{"rendered":"V\u00e5fflig valupptakt i V\u00e4rnamo"},"content":{"rendered":"<p>Man vet att det \u00e4r v\u00e5r n\u00e4r Kristdemokraternas seniorf\u00f6rbund st\u00e4ller upp sin v\u00e5ffelvagn mitt i V\u00e4rnamo centrum.\u00a0I str\u00e5lande sol passade de\u00a0p\u00e5 att smygstarta EU-valr\u00f6relsen och bjuda p\u00e5 v\u00e5fflor i marknadsvimlet. Det var m\u00e5nga av de som stannade som g\u00e4rna vill se Lars Adaktusson <span style=\"color: #141823\">ta plats i Europaparlamentet i Bryssel<\/span>.<\/p>\n<p><!--more--><\/p>\n\n\t\t<style type=\"text\/css\">\n\t\t\t#gallery-1 {\n\t\t\t\tmargin: auto;\n\t\t\t}\n\t\t\t#gallery-1 .gallery-item {\n\t\t\t\tfloat: left;\n\t\t\t\tmargin-top: 10px;\n\t\t\t\ttext-align: center;\n\t\t\t\twidth: 33%;\n\t\t\t}\n\t\t\t#gallery-1 img {\n\t\t\t\tborder: 2px solid #cfcfcf;\n\t\t\t}\n\t\t\t#gallery-1 .gallery-caption {\n\t\t\t\tmargin-left: 0;\n\t\t\t}\n\t\t\t\/* see gallery_shortcode() in wp-includes\/media.php *\/\n\t\t<\/style>\n\t\t<div id='gallery-1' class='gallery galleryid-5051 gallery-columns-3 gallery-size-thumbnail'><dl class='gallery-item'>\n\t\t\t<dt class='gallery-icon landscape'>\n\t\t\t\t<a href='https:\/\/wp.kristdemokraterna.se\/varnamo\/2014\/04\/26\/vafflig-valupptakt-i-varnamo\/20140426-marknad-vaffelvagn\/'><img loading=\"lazy\" decoding=\"async\" width=\"150\" height=\"150\" src=\"https:\/\/wp.kristdemokraterna.se\/varnamo\/files\/2014\/04\/20140426_marknad_vaffelvagn-150x150.png\" class=\"attachment-thumbnail size-thumbnail\" alt=\"Seniorf\u00f6rbundets v\u00e5ffelvagn bes\u00f6kte V\u00e4rnamo marknad. (Foto: H\u00e5kan Johansson)\" aria-describedby=\"gallery-1-5049\" \/><\/a>\n\t\t\t<\/dt>\n\t\t\t\t<dd class='wp-caption-text gallery-caption' id='gallery-1-5049'>\n\t\t\t\tSeniorf\u00f6rbundets v\u00e5ffelvagn bes\u00f6kte V\u00e4rnamo marknad. (Foto: H\u00e5kan Johansson)\n\t\t\t\t<\/dd><\/dl>\n\t\t\t<br style='clear: both' \/>\n\t\t<\/div>\n\n","protected":false},"excerpt":{"rendered":"<p>Man vet att det \u00e4r v\u00e5r n\u00e4r Kristdemokraternas seniorf\u00f6rbund st\u00e4ller upp sin v\u00e5ffelvagn mitt i V\u00e4rnamo centrum.\u00a0I str\u00e5lande sol passade de\u00a0p\u00e5 att smygstarta EU-valr\u00f6relsen och bjuda p\u00e5 v\u00e5fflor i marknadsvimlet. Det var m\u00e5nga av de som stannade som g\u00e4rna vill se Lars Adaktusson ta plats i Europaparlamentet i Bryssel.<\/p>\n","protected":false},"author":412,"featured_media":5049,"comment_status":"closed","ping_status":"closed","sticky":false,"template":"","format":"standard","meta":{"_acf_changed":false,"footnotes":""},"categories":[11],"tags":[204,60,477,311,176,349,62],"class_list":["post-5051","post","type-post","status-publish","format-standard","hentry","category-nyheter","tag-europaparlamentet","tag-kampanj","tag-lars-adaktusson","tag-marknad","tag-seniorforbundet","tag-vaffelvagn","tag-valrorelse"],"acf":[],"yoast_head":"<!-- This site is optimized with the Yoast SEO plugin v27.4 - https:\/\/yoast.com\/product\/yoast-seo-wordpress\/ -->\n<title>V\u00e5fflig valupptakt i V\u00e4rnamo - KRISTDEMOKRATERNA V\u00c4RNAMO<\/title>\n<meta name=\"robots\" content=\"index, follow, max-snippet:-1, max-image-preview:large, max-video-preview:-1\" \/>\n<link rel=\"canonical\" href=\"https:\/\/wp.kristdemokraterna.se\/varnamo\/2014\/04\/26\/vafflig-valupptakt-i-varnamo\/\" \/>\n<meta property=\"og:locale\" content=\"sv_SE\" \/>\n<meta property=\"og:type\" content=\"article\" \/>\n<meta property=\"og:title\" content=\"V\u00e5fflig valupptakt i V\u00e4rnamo - KRISTDEMOKRATERNA V\u00c4RNAMO\" \/>\n<meta property=\"og:description\" content=\"Man vet att det \u00e4r v\u00e5r n\u00e4r Kristdemokraternas seniorf\u00f6rbund st\u00e4ller upp sin v\u00e5ffelvagn mitt i V\u00e4rnamo centrum.\u00a0I str\u00e5lande sol passade de\u00a0p\u00e5 att smygstarta EU-valr\u00f6relsen och bjuda p\u00e5 v\u00e5fflor i marknadsvimlet. Det var m\u00e5nga av de som stannade som g\u00e4rna vill se Lars Adaktusson ta plats i Europaparlamentet i Bryssel.\" \/>\n<meta property=\"og:url\" content=\"https:\/\/wp.kristdemokraterna.se\/varnamo\/2014\/04\/26\/vafflig-valupptakt-i-varnamo\/\" \/>\n<meta property=\"og:site_name\" content=\"KRISTDEMOKRATERNA V\u00c4RNAMO\" \/>\n<meta property=\"article:publisher\" content=\"https:\/\/www.facebook.com\/KDVarnamo\/\" \/>\n<meta property=\"article:published_time\" content=\"2014-04-26T14:30:14+00:00\" \/>\n<meta property=\"article:modified_time\" content=\"2015-07-09T21:04:34+00:00\" \/>\n<meta property=\"og:image\" content=\"https:\/\/wp.kristdemokraterna.se\/varnamo\/files\/2014\/04\/20140426_marknad_vaffelvagn.png\" \/>\n\t<meta property=\"og:image:width\" content=\"432\" \/>\n\t<meta property=\"og:image:height\" content=\"325\" \/>\n\t<meta property=\"og:image:type\" content=\"image\/png\" \/>\n<meta name=\"author\" content=\"Kristdemokraterna V\u00e4rnamo\" \/>\n<meta name=\"twitter:card\" content=\"summary_large_image\" \/>\n<meta name=\"twitter:creator\" content=\"@KDVarnamo\" \/>\n<meta name=\"twitter:site\" content=\"@KDVarnamo\" \/>\n<meta name=\"twitter:label1\" content=\"Skriven av\" \/>\n\t<meta name=\"twitter:data1\" content=\"Kristdemokraterna V\u00e4rnamo\" \/>\n<script type=\"application\/ld+json\" class=\"yoast-schema-graph\">{\"@context\":\"https:\\\/\\\/schema.org\",\"@graph\":[{\"@type\":\"Article\",\"@id\":\"https:\\\/\\\/wp.kristdemokraterna.se\\\/varnamo\\\/2014\\\/04\\\/26\\\/vafflig-valupptakt-i-varnamo\\\/#article\",\"isPartOf\":{\"@id\":\"https:\\\/\\\/wp.kristdemokraterna.se\\\/varnamo\\\/2014\\\/04\\\/26\\\/vafflig-valupptakt-i-varnamo\\\/\"},\"author\":{\"name\":\"Kristdemokraterna V\u00e4rnamo\",\"@id\":\"https:\\\/\\\/wp.kristdemokraterna.se\\\/varnamo\\\/#\\\/schema\\\/person\\\/4e339ab04d613699e4dfe80a994e01d4\"},\"headline\":\"V\u00e5fflig valupptakt i V\u00e4rnamo\",\"datePublished\":\"2014-04-26T14:30:14+00:00\",\"dateModified\":\"2015-07-09T21:04:34+00:00\",\"mainEntityOfPage\":{\"@id\":\"https:\\\/\\\/wp.kristdemokraterna.se\\\/varnamo\\\/2014\\\/04\\\/26\\\/vafflig-valupptakt-i-varnamo\\\/\"},\"wordCount\":74,\"publisher\":{\"@id\":\"https:\\\/\\\/wp.kristdemokraterna.se\\\/varnamo\\\/#organization\"},\"image\":{\"@id\":\"https:\\\/\\\/wp.kristdemokraterna.se\\\/varnamo\\\/2014\\\/04\\\/26\\\/vafflig-valupptakt-i-varnamo\\\/#primaryimage\"},\"thumbnailUrl\":\"https:\\\/\\\/wp.kristdemokraterna.se\\\/varnamo\\\/files\\\/2014\\\/04\\\/20140426_marknad_vaffelvagn.png\",\"keywords\":[\"Europaparlamentet\",\"kampanj\",\"Lars Adaktusson\",\"marknad\",\"seniorf\u00f6rbundet\",\"v\u00e5ffelvagn\",\"valr\u00f6relse\"],\"articleSection\":[\"Nyheter\"],\"inLanguage\":\"sv-SE\"},{\"@type\":\"WebPage\",\"@id\":\"https:\\\/\\\/wp.kristdemokraterna.se\\\/varnamo\\\/2014\\\/04\\\/26\\\/vafflig-valupptakt-i-varnamo\\\/\",\"url\":\"https:\\\/\\\/wp.kristdemokraterna.se\\\/varnamo\\\/2014\\\/04\\\/26\\\/vafflig-valupptakt-i-varnamo\\\/\",\"name\":\"V\u00e5fflig valupptakt i V\u00e4rnamo - KRISTDEMOKRATERNA V\u00c4RNAMO\",\"isPartOf\":{\"@id\":\"https:\\\/\\\/wp.kristdemokraterna.se\\\/varnamo\\\/#website\"},\"primaryImageOfPage\":{\"@id\":\"https:\\\/\\\/wp.kristdemokraterna.se\\\/varnamo\\\/2014\\\/04\\\/26\\\/vafflig-valupptakt-i-varnamo\\\/#primaryimage\"},\"image\":{\"@id\":\"https:\\\/\\\/wp.kristdemokraterna.se\\\/varnamo\\\/2014\\\/04\\\/26\\\/vafflig-valupptakt-i-varnamo\\\/#primaryimage\"},\"thumbnailUrl\":\"https:\\\/\\\/wp.kristdemokraterna.se\\\/varnamo\\\/files\\\/2014\\\/04\\\/20140426_marknad_vaffelvagn.png\",\"datePublished\":\"2014-04-26T14:30:14+00:00\",\"dateModified\":\"2015-07-09T21:04:34+00:00\",\"breadcrumb\":{\"@id\":\"https:\\\/\\\/wp.kristdemokraterna.se\\\/varnamo\\\/2014\\\/04\\\/26\\\/vafflig-valupptakt-i-varnamo\\\/#breadcrumb\"},\"inLanguage\":\"sv-SE\",\"potentialAction\":[{\"@type\":\"ReadAction\",\"target\":[\"https:\\\/\\\/wp.kristdemokraterna.se\\\/varnamo\\\/2014\\\/04\\\/26\\\/vafflig-valupptakt-i-varnamo\\\/\"]}]},{\"@type\":\"ImageObject\",\"inLanguage\":\"sv-SE\",\"@id\":\"https:\\\/\\\/wp.kristdemokraterna.se\\\/varnamo\\\/2014\\\/04\\\/26\\\/vafflig-valupptakt-i-varnamo\\\/#primaryimage\",\"url\":\"https:\\\/\\\/wp.kristdemokraterna.se\\\/varnamo\\\/files\\\/2014\\\/04\\\/20140426_marknad_vaffelvagn.png\",\"contentUrl\":\"https:\\\/\\\/wp.kristdemokraterna.se\\\/varnamo\\\/files\\\/2014\\\/04\\\/20140426_marknad_vaffelvagn.png\",\"width\":432,\"height\":325,\"caption\":\"Seniorf\u00f6rbundets v\u00e5ffelvagn bes\u00f6kte V\u00e4rnamo marknad. (Foto: H\u00e5kan Johansson)\"},{\"@type\":\"BreadcrumbList\",\"@id\":\"https:\\\/\\\/wp.kristdemokraterna.se\\\/varnamo\\\/2014\\\/04\\\/26\\\/vafflig-valupptakt-i-varnamo\\\/#breadcrumb\",\"itemListElement\":[{\"@type\":\"ListItem\",\"position\":1,\"name\":\"Hem\",\"item\":\"https:\\\/\\\/wp.kristdemokraterna.se\\\/varnamo\\\/\"},{\"@type\":\"ListItem\",\"position\":2,\"name\":\"V\u00e5fflig valupptakt i V\u00e4rnamo\"}]},{\"@type\":\"WebSite\",\"@id\":\"https:\\\/\\\/wp.kristdemokraterna.se\\\/varnamo\\\/#website\",\"url\":\"https:\\\/\\\/wp.kristdemokraterna.se\\\/varnamo\\\/\",\"name\":\"KRISTDEMOKRATERNA V\u00c4RNAMO\",\"description\":\"Med hj\u00e4rta f\u00f6r V\u00e4rnamo\",\"publisher\":{\"@id\":\"https:\\\/\\\/wp.kristdemokraterna.se\\\/varnamo\\\/#organization\"},\"inLanguage\":\"sv-SE\"},{\"@type\":\"Organization\",\"@id\":\"https:\\\/\\\/wp.kristdemokraterna.se\\\/varnamo\\\/#organization\",\"name\":\"Kristdemokraterna V\u00e4rnamo\",\"url\":\"https:\\\/\\\/wp.kristdemokraterna.se\\\/varnamo\\\/\",\"logo\":{\"@type\":\"ImageObject\",\"inLanguage\":\"sv-SE\",\"@id\":\"https:\\\/\\\/wp.kristdemokraterna.se\\\/varnamo\\\/#\\\/schema\\\/logo\\\/image\\\/\",\"url\":\"https:\\\/\\\/wp.kristdemokraterna.se\\\/varnamo\\\/files\\\/2022\\\/08\\\/va\u2560ernamo-sida-bla-300dpi.png\",\"contentUrl\":\"https:\\\/\\\/wp.kristdemokraterna.se\\\/varnamo\\\/files\\\/2022\\\/08\\\/va\u2560ernamo-sida-bla-300dpi.png\",\"width\":1485,\"height\":681,\"caption\":\"Kristdemokraterna V\u00e4rnamo\"},\"image\":{\"@id\":\"https:\\\/\\\/wp.kristdemokraterna.se\\\/varnamo\\\/#\\\/schema\\\/logo\\\/image\\\/\"},\"sameAs\":[\"https:\\\/\\\/www.facebook.com\\\/KDVarnamo\\\/\",\"https:\\\/\\\/x.com\\\/KDVarnamo\",\"https:\\\/\\\/www.instagram.com\\\/\",\"https:\\\/\\\/www.youtube.com\\\/user\\\/studiokd\\\/videos\"]},{\"@type\":\"Person\",\"@id\":\"https:\\\/\\\/wp.kristdemokraterna.se\\\/varnamo\\\/#\\\/schema\\\/person\\\/4e339ab04d613699e4dfe80a994e01d4\",\"name\":\"Kristdemokraterna V\u00e4rnamo\",\"image\":{\"@type\":\"ImageObject\",\"inLanguage\":\"sv-SE\",\"@id\":\"https:\\\/\\\/secure.gravatar.com\\\/avatar\\\/c122e48c7723992af51eb155eeaa93db3c1fa324e3fc6ec45dd712c812809b5b?s=96&r=g\",\"url\":\"https:\\\/\\\/secure.gravatar.com\\\/avatar\\\/c122e48c7723992af51eb155eeaa93db3c1fa324e3fc6ec45dd712c812809b5b?s=96&r=g\",\"contentUrl\":\"https:\\\/\\\/secure.gravatar.com\\\/avatar\\\/c122e48c7723992af51eb155eeaa93db3c1fa324e3fc6ec45dd712c812809b5b?s=96&r=g\",\"caption\":\"Kristdemokraterna V\u00e4rnamo\"},\"description\":\"Familjens r\u00f6st\",\"sameAs\":[\"http:\\\/\\\/www.varnamo.kristdemokraterna.se\"],\"url\":\"https:\\\/\\\/wp.kristdemokraterna.se\\\/varnamo\\\/author\\\/varnamo\\\/\"}]}<\/script>\n<!-- \/ Yoast SEO plugin. -->","yoast_head_json":{"title":"V\u00e5fflig valupptakt i V\u00e4rnamo - KRISTDEMOKRATERNA V\u00c4RNAMO","robots":{"index":"index","follow":"follow","max-snippet":"max-snippet:-1","max-image-preview":"max-image-preview:large","max-video-preview":"max-video-preview:-1"},"canonical":"https:\/\/wp.kristdemokraterna.se\/varnamo\/2014\/04\/26\/vafflig-valupptakt-i-varnamo\/","og_locale":"sv_SE","og_type":"article","og_title":"V\u00e5fflig valupptakt i V\u00e4rnamo - KRISTDEMOKRATERNA V\u00c4RNAMO","og_description":"Man vet att det \u00e4r v\u00e5r n\u00e4r Kristdemokraternas seniorf\u00f6rbund st\u00e4ller upp sin v\u00e5ffelvagn mitt i V\u00e4rnamo centrum.\u00a0I str\u00e5lande sol passade de\u00a0p\u00e5 att smygstarta EU-valr\u00f6relsen och bjuda p\u00e5 v\u00e5fflor i marknadsvimlet. Det var m\u00e5nga av de som stannade som g\u00e4rna vill se Lars Adaktusson ta plats i Europaparlamentet i Bryssel.","og_url":"https:\/\/wp.kristdemokraterna.se\/varnamo\/2014\/04\/26\/vafflig-valupptakt-i-varnamo\/","og_site_name":"KRISTDEMOKRATERNA V\u00c4RNAMO","article_publisher":"https:\/\/www.facebook.com\/KDVarnamo\/","article_published_time":"2014-04-26T14:30:14+00:00","article_modified_time":"2015-07-09T21:04:34+00:00","og_image":[{"width":432,"height":325,"url":"https:\/\/wp.kristdemokraterna.se\/varnamo\/files\/2014\/04\/20140426_marknad_vaffelvagn.png","type":"image\/png"}],"author":"Kristdemokraterna V\u00e4rnamo","twitter_card":"summary_large_image","twitter_creator":"@KDVarnamo","twitter_site":"@KDVarnamo","twitter_misc":{"Skriven av":"Kristdemokraterna V\u00e4rnamo"},"schema":{"@context":"https:\/\/schema.org","@graph":[{"@type":"Article","@id":"https:\/\/wp.kristdemokraterna.se\/varnamo\/2014\/04\/26\/vafflig-valupptakt-i-varnamo\/#article","isPartOf":{"@id":"https:\/\/wp.kristdemokraterna.se\/varnamo\/2014\/04\/26\/vafflig-valupptakt-i-varnamo\/"},"author":{"name":"Kristdemokraterna V\u00e4rnamo","@id":"https:\/\/wp.kristdemokraterna.se\/varnamo\/#\/schema\/person\/4e339ab04d613699e4dfe80a994e01d4"},"headline":"V\u00e5fflig valupptakt i V\u00e4rnamo","datePublished":"2014-04-26T14:30:14+00:00","dateModified":"2015-07-09T21:04:34+00:00","mainEntityOfPage":{"@id":"https:\/\/wp.kristdemokraterna.se\/varnamo\/2014\/04\/26\/vafflig-valupptakt-i-varnamo\/"},"wordCount":74,"publisher":{"@id":"https:\/\/wp.kristdemokraterna.se\/varnamo\/#organization"},"image":{"@id":"https:\/\/wp.kristdemokraterna.se\/varnamo\/2014\/04\/26\/vafflig-valupptakt-i-varnamo\/#primaryimage"},"thumbnailUrl":"https:\/\/wp.kristdemokraterna.se\/varnamo\/files\/2014\/04\/20140426_marknad_vaffelvagn.png","keywords":["Europaparlamentet","kampanj","Lars Adaktusson","marknad","seniorf\u00f6rbundet","v\u00e5ffelvagn","valr\u00f6relse"],"articleSection":["Nyheter"],"inLanguage":"sv-SE"},{"@type":"WebPage","@id":"https:\/\/wp.kristdemokraterna.se\/varnamo\/2014\/04\/26\/vafflig-valupptakt-i-varnamo\/","url":"https:\/\/wp.kristdemokraterna.se\/varnamo\/2014\/04\/26\/vafflig-valupptakt-i-varnamo\/","name":"V\u00e5fflig valupptakt i V\u00e4rnamo - KRISTDEMOKRATERNA V\u00c4RNAMO","isPartOf":{"@id":"https:\/\/wp.kristdemokraterna.se\/varnamo\/#website"},"primaryImageOfPage":{"@id":"https:\/\/wp.kristdemokraterna.se\/varnamo\/2014\/04\/26\/vafflig-valupptakt-i-varnamo\/#primaryimage"},"image":{"@id":"https:\/\/wp.kristdemokraterna.se\/varnamo\/2014\/04\/26\/vafflig-valupptakt-i-varnamo\/#primaryimage"},"thumbnailUrl":"https:\/\/wp.kristdemokraterna.se\/varnamo\/files\/2014\/04\/20140426_marknad_vaffelvagn.png","datePublished":"2014-04-26T14:30:14+00:00","dateModified":"2015-07-09T21:04:34+00:00","breadcrumb":{"@id":"https:\/\/wp.kristdemokraterna.se\/varnamo\/2014\/04\/26\/vafflig-valupptakt-i-varnamo\/#breadcrumb"},"inLanguage":"sv-SE","potentialAction":[{"@type":"ReadAction","target":["https:\/\/wp.kristdemokraterna.se\/varnamo\/2014\/04\/26\/vafflig-valupptakt-i-varnamo\/"]}]},{"@type":"ImageObject","inLanguage":"sv-SE","@id":"https:\/\/wp.kristdemokraterna.se\/varnamo\/2014\/04\/26\/vafflig-valupptakt-i-varnamo\/#primaryimage","url":"https:\/\/wp.kristdemokraterna.se\/varnamo\/files\/2014\/04\/20140426_marknad_vaffelvagn.png","contentUrl":"https:\/\/wp.kristdemokraterna.se\/varnamo\/files\/2014\/04\/20140426_marknad_vaffelvagn.png","width":432,"height":325,"caption":"Seniorf\u00f6rbundets v\u00e5ffelvagn bes\u00f6kte V\u00e4rnamo marknad. (Foto: H\u00e5kan Johansson)"},{"@type":"BreadcrumbList","@id":"https:\/\/wp.kristdemokraterna.se\/varnamo\/2014\/04\/26\/vafflig-valupptakt-i-varnamo\/#breadcrumb","itemListElement":[{"@type":"ListItem","position":1,"name":"Hem","item":"https:\/\/wp.kristdemokraterna.se\/varnamo\/"},{"@type":"ListItem","position":2,"name":"V\u00e5fflig valupptakt i V\u00e4rnamo"}]},{"@type":"WebSite","@id":"https:\/\/wp.kristdemokraterna.se\/varnamo\/#website","url":"https:\/\/wp.kristdemokraterna.se\/varnamo\/","name":"KRISTDEMOKRATERNA V\u00c4RNAMO","description":"Med hj\u00e4rta f\u00f6r V\u00e4rnamo","publisher":{"@id":"https:\/\/wp.kristdemokraterna.se\/varnamo\/#organization"},"inLanguage":"sv-SE"},{"@type":"Organization","@id":"https:\/\/wp.kristdemokraterna.se\/varnamo\/#organization","name":"Kristdemokraterna V\u00e4rnamo","url":"https:\/\/wp.kristdemokraterna.se\/varnamo\/","logo":{"@type":"ImageObject","inLanguage":"sv-SE","@id":"https:\/\/wp.kristdemokraterna.se\/varnamo\/#\/schema\/logo\/image\/","url":"https:\/\/wp.kristdemokraterna.se\/varnamo\/files\/2022\/08\/va\u2560ernamo-sida-bla-300dpi.png","contentUrl":"https:\/\/wp.kristdemokraterna.se\/varnamo\/files\/2022\/08\/va\u2560ernamo-sida-bla-300dpi.png","width":1485,"height":681,"caption":"Kristdemokraterna V\u00e4rnamo"},"image":{"@id":"https:\/\/wp.kristdemokraterna.se\/varnamo\/#\/schema\/logo\/image\/"},"sameAs":["https:\/\/www.facebook.com\/KDVarnamo\/","https:\/\/x.com\/KDVarnamo","https:\/\/www.instagram.com\/","https:\/\/www.youtube.com\/user\/studiokd\/videos"]},{"@type":"Person","@id":"https:\/\/wp.kristdemokraterna.se\/varnamo\/#\/schema\/person\/4e339ab04d613699e4dfe80a994e01d4","name":"Kristdemokraterna V\u00e4rnamo","image":{"@type":"ImageObject","inLanguage":"sv-SE","@id":"https:\/\/secure.gravatar.com\/avatar\/c122e48c7723992af51eb155eeaa93db3c1fa324e3fc6ec45dd712c812809b5b?s=96&r=g","url":"https:\/\/secure.gravatar.com\/avatar\/c122e48c7723992af51eb155eeaa93db3c1fa324e3fc6ec45dd712c812809b5b?s=96&r=g","contentUrl":"https:\/\/secure.gravatar.com\/avatar\/c122e48c7723992af51eb155eeaa93db3c1fa324e3fc6ec45dd712c812809b5b?s=96&r=g","caption":"Kristdemokraterna V\u00e4rnamo"},"description":"Familjens r\u00f6st","sameAs":["http:\/\/www.varnamo.kristdemokraterna.se"],"url":"https:\/\/wp.kristdemokraterna.se\/varnamo\/author\/varnamo\/"}]}},"_links":{"self":[{"href":"https:\/\/wp.kristdemokraterna.se\/varnamo\/wp-json\/wp\/v2\/posts\/5051","targetHints":{"allow":["GET"]}}],"collection":[{"href":"https:\/\/wp.kristdemokraterna.se\/varnamo\/wp-json\/wp\/v2\/posts"}],"about":[{"href":"https:\/\/wp.kristdemokraterna.se\/varnamo\/wp-json\/wp\/v2\/types\/post"}],"author":[{"embeddable":true,"href":"https:\/\/wp.kristdemokraterna.se\/varnamo\/wp-json\/wp\/v2\/users\/412"}],"replies":[{"embeddable":true,"href":"https:\/\/wp.kristdemokraterna.se\/varnamo\/wp-json\/wp\/v2\/comments?post=5051"}],"version-history":[{"count":9,"href":"https:\/\/wp.kristdemokraterna.se\/varnamo\/wp-json\/wp\/v2\/posts\/5051\/revisions"}],"predecessor-version":[{"id":6586,"href":"https:\/\/wp.kristdemokraterna.se\/varnamo\/wp-json\/wp\/v2\/posts\/5051\/revisions\/6586"}],"wp:featuredmedia":[{"embeddable":true,"href":"https:\/\/wp.kristdemokraterna.se\/varnamo\/wp-json\/wp\/v2\/media\/5049"}],"wp:attachment":[{"href":"https:\/\/wp.kristdemokraterna.se\/varnamo\/wp-json\/wp\/v2\/media?parent=5051"}],"wp:term":[{"taxonomy":"category","embeddable":true,"href":"https:\/\/wp.kristdemokraterna.se\/varnamo\/wp-json\/wp\/v2\/categories?post=5051"},{"taxonomy":"post_tag","embeddable":true,"href":"https:\/\/wp.kristdemokraterna.se\/varnamo\/wp-json\/wp\/v2\/tags?post=5051"}],"curies":[{"name":"wp","href":"https:\/\/api.w.org\/{rel}","templated":true}]}}