{"id":5088,"date":"2014-05-03T17:46:01","date_gmt":"2014-05-03T15:46:01","guid":{"rendered":"http:\/\/wp.kristdemokraterna.se\/varnamo\/?p=5088"},"modified":"2015-07-09T23:00:39","modified_gmt":"2015-07-09T21:00:39","slug":"intensiv-jubileumsdag-i-varnamo","status":"publish","type":"post","link":"https:\/\/wp.kristdemokraterna.se\/varnamo\/2014\/05\/03\/intensiv-jubileumsdag-i-varnamo\/","title":{"rendered":"Intensiv jubileumsdag i V\u00e4rnamo"},"content":{"rendered":"<p>I dag firade vi 50 \u00e5r i v\u00e4rnamopolitikens centrum. Det gjorde\u00a0vi med EU-kampanj p\u00e5 sta&#8217;n. Efter det var\u00a0det dags f\u00f6r kandidatutbildning och <a title=\"Halv\u00e5rhundradets fest!\" href=\"http:\/\/wp.kristdemokraterna.se\/varnamo\/2014\/05\/03\/halvarhundradets-fest\/\">jubileumsfest<\/a>!<\/p>\n<p><!--more--><\/p>\n<p>P\u00e5 f\u00f6rmiddagen satte Kristdemokraterna upp sitt partyt\u00e4lt i V\u00e4rnamo centrum. En hel del m\u00e4nniskor stannade till f\u00f6r att prata om EU och valet till Europaparlamentet den 25 maj.<\/p>\n<p>P\u00e5 eftermiddagen startade del tv\u00e5 av v\u00e5r lokala <a title=\"Kandidater klara f\u00f6r val\" href=\"http:\/\/wp.kristdemokraterna.se\/varnamo\/2014\/03\/10\/kandidater-klara-for-val\/\">kandidatutbildning<\/a>. Det var n\u00e4stan fullsatt i partilokalen och det \u00e4r ju inte s\u00e5 konstigt med l\u00e4rare som Roland Utbult och Alf Svensson.<\/p>\n<p>Det var en mycket engagerad och entusiasmerande Alf Svensson som inledde utbildningen med att ge goda r\u00e5d om hur vi ska n\u00e5 ut med v\u00e5rt budskap. Vem skulle vara b\u00e4ttre\u00a0l\u00e4rare i politisk kommunikation \u00e4n Alf?!<\/p>\n<p>\u2013\u00a0Ett politiskt budskap ska vara tydligt och m\u00e5ste n\u00f6tas in, understr\u00f6k han vis av m\u00e5nga \u00e5rs erfarenhet.<\/p>\n<p>\u2013\u00a0K\u00e4nsla, \u00f6gonkontakt och inte s\u00e5 lite envetenhet beh\u00f6vs f\u00f6r att vinna valet, fortsatte Alf Svensson. Vi har en vara att leverera! Det b\u00e4sta partiprogrammet!<\/p>\n<p>S\u00e5ngaren, musikern och riksdagsledamoten Roland Utbult n\u00e4mnde musiken som ett mycket bra s\u00e4tt att nu ut som vi borde anv\u00e4nda mer.<\/p>\n<p>\u2013\u00a0Det r\u00e4cker att s\u00e4tta p\u00e5 lite musik i h\u00f6gtalaranl\u00e4ggningen innan m\u00f6tet b\u00f6rjar f\u00f6r att samla folk, var hans tips. K\u00f6r lite Creedence eller annan go&#8217; 70-talsmusik s\u00e5 samlas m\u00e4nniskorna.<\/p>\n<p>\u2013\u00a0Viktigast \u00e4r n\u00e4rvaron, avslutade\u00a0Roland Utbult. Var tillg\u00e4nglig, se m\u00e4nniskan du m\u00f6ter och h\u00e5ll inte p\u00e5 med annat under tiden.<\/p>\n<p>Efter utbildningen blev det en kort paus innan <a title=\"Halv\u00e5rhundradets fest!\" href=\"http:\/\/wp.kristdemokraterna.se\/varnamo\/2014\/05\/03\/halvarhundradets-fest\/\">jubileumsfesten <\/a>p\u00e5 hotell Tre Liljor.<\/p>\n\n\t\t<style type=\"text\/css\">\n\t\t\t#gallery-1 {\n\t\t\t\tmargin: auto;\n\t\t\t}\n\t\t\t#gallery-1 .gallery-item {\n\t\t\t\tfloat: left;\n\t\t\t\tmargin-top: 10px;\n\t\t\t\ttext-align: center;\n\t\t\t\twidth: 33%;\n\t\t\t}\n\t\t\t#gallery-1 img {\n\t\t\t\tborder: 2px solid #cfcfcf;\n\t\t\t}\n\t\t\t#gallery-1 .gallery-caption {\n\t\t\t\tmargin-left: 0;\n\t\t\t}\n\t\t\t\/* see gallery_shortcode() in wp-includes\/media.php *\/\n\t\t<\/style>\n\t\t<div id='gallery-1' class='gallery galleryid-5088 gallery-columns-3 gallery-size-thumbnail'><dl class='gallery-item'>\n\t\t\t<dt class='gallery-icon landscape'>\n\t\t\t\t<a href='https:\/\/wp.kristdemokraterna.se\/varnamo\/2014\/05\/03\/intensiv-jubileumsdag-i-varnamo\/20140503-jubileumsdag-utbildning-rolandutbult\/'><img loading=\"lazy\" decoding=\"async\" width=\"150\" height=\"150\" src=\"https:\/\/wp.kristdemokraterna.se\/varnamo\/files\/2014\/05\/20140503_jubileumsdag_utbildning_rolandutbult-150x150.png\" class=\"attachment-thumbnail size-thumbnail\" alt=\"Fullsatt p\u00e5 kandidatutbildningen! Inte s\u00e5 konstigt med l\u00e4rare som Roland Utbult och Alf Svensson... (Foto: H\u00e5kan Johansson)\" aria-describedby=\"gallery-1-5091\" \/><\/a>\n\t\t\t<\/dt>\n\t\t\t\t<dd class='wp-caption-text gallery-caption' id='gallery-1-5091'>\n\t\t\t\tFullsatt p\u00e5 kandidatutbildningen! Inte s\u00e5 konstigt med l\u00e4rare som Roland Utbult och Alf Svensson&#8230; (Foto: H\u00e5kan Johansson)\n\t\t\t\t<\/dd><\/dl><dl class='gallery-item'>\n\t\t\t<dt class='gallery-icon landscape'>\n\t\t\t\t<a href='https:\/\/wp.kristdemokraterna.se\/varnamo\/2014\/05\/03\/intensiv-jubileumsdag-i-varnamo\/20140503-jubileumsdag-utbildning-alfsvensson\/'><img loading=\"lazy\" decoding=\"async\" width=\"150\" height=\"150\" src=\"https:\/\/wp.kristdemokraterna.se\/varnamo\/files\/2014\/05\/20140503_jubileumsdag_utbildning_alfsvensson-150x150.png\" class=\"attachment-thumbnail size-thumbnail\" alt=\"Vi har Alf Svensson (KD) som l\u00e4rare i v\u00e5r lokala kandidatutbildning - v\u00e4rldens b\u00e4sta l\u00e4rare i politisk kommunikation! (Foto: Arnold Carlzon)\" aria-describedby=\"gallery-1-5090\" \/><\/a>\n\t\t\t<\/dt>\n\t\t\t\t<dd class='wp-caption-text gallery-caption' id='gallery-1-5090'>\n\t\t\t\tVi har Alf Svensson (KD) som l\u00e4rare i v\u00e5r lokala kandidatutbildning &#8211; v\u00e4rldens b\u00e4sta l\u00e4rare i politisk kommunikation! (Foto: Arnold Carlzon)\n\t\t\t\t<\/dd><\/dl><dl class='gallery-item'>\n\t\t\t<dt class='gallery-icon landscape'>\n\t\t\t\t<a href='https:\/\/wp.kristdemokraterna.se\/varnamo\/2014\/05\/03\/intensiv-jubileumsdag-i-varnamo\/20140503-jubileumsdag-eukampanj\/'><img loading=\"lazy\" decoding=\"async\" width=\"150\" height=\"150\" src=\"https:\/\/wp.kristdemokraterna.se\/varnamo\/files\/2014\/05\/20140503_jubileumsdag_eukampanj-150x150.png\" class=\"attachment-thumbnail size-thumbnail\" alt=\"P\u00e5 f\u00f6rmiddagen kampanjade vi. (Foto: Leena Niskanen)\" aria-describedby=\"gallery-1-5089\" \/><\/a>\n\t\t\t<\/dt>\n\t\t\t\t<dd class='wp-caption-text gallery-caption' id='gallery-1-5089'>\n\t\t\t\tP\u00e5 f\u00f6rmiddagen kampanjade vi. (Foto: Leena Niskanen)\n\t\t\t\t<\/dd><\/dl><br style=\"clear: both\" \/>\n\t\t<\/div>\n\n<h1>Mer information<\/h1>\n<p>[<a title=\"Sturesson inspirerade\" href=\"http:\/\/wp.kristdemokraterna.se\/varnamo\/2014\/04\/08\/sturesson-inspirerade\/\">L\u00e4nk till del 1 av v\u00e5r lokala kandidatutbildning<\/a>]<\/p>\n","protected":false},"excerpt":{"rendered":"<p>I dag firade vi 50 \u00e5r i v\u00e4rnamopolitikens centrum. Det gjorde\u00a0vi med EU-kampanj p\u00e5 sta&#8217;n. Efter det var\u00a0det dags f\u00f6r kandidatutbildning och jubileumsfest!<\/p>\n","protected":false},"author":412,"featured_media":5089,"comment_status":"closed","ping_status":"closed","sticky":false,"template":"","format":"standard","meta":{"_acf_changed":false,"footnotes":""},"categories":[11],"tags":[243,413,204,422,60,465,476,62],"class_list":["post-5088","post","type-post","status-publish","format-standard","hentry","category-nyheter","tag-alf-svensson","tag-eu","tag-europaparlamentet","tag-jubileum","tag-kampanj","tag-kandidatutbildning","tag-roland-utbult","tag-valrorelse"],"acf":[],"yoast_head":"<!-- This site is optimized with the Yoast SEO plugin v27.4 - https:\/\/yoast.com\/product\/yoast-seo-wordpress\/ -->\n<title>Intensiv jubileumsdag i V\u00e4rnamo - KRISTDEMOKRATERNA V\u00c4RNAMO<\/title>\n<meta name=\"robots\" content=\"index, follow, max-snippet:-1, max-image-preview:large, max-video-preview:-1\" \/>\n<link rel=\"canonical\" href=\"https:\/\/wp.kristdemokraterna.se\/varnamo\/2014\/05\/03\/intensiv-jubileumsdag-i-varnamo\/\" \/>\n<meta property=\"og:locale\" content=\"sv_SE\" \/>\n<meta property=\"og:type\" content=\"article\" \/>\n<meta property=\"og:title\" content=\"Intensiv jubileumsdag i V\u00e4rnamo - KRISTDEMOKRATERNA V\u00c4RNAMO\" \/>\n<meta property=\"og:description\" content=\"I dag firade vi 50 \u00e5r i v\u00e4rnamopolitikens centrum. Det gjorde\u00a0vi med EU-kampanj p\u00e5 sta&#8217;n. Efter det var\u00a0det dags f\u00f6r kandidatutbildning och jubileumsfest!\" \/>\n<meta property=\"og:url\" content=\"https:\/\/wp.kristdemokraterna.se\/varnamo\/2014\/05\/03\/intensiv-jubileumsdag-i-varnamo\/\" \/>\n<meta property=\"og:site_name\" content=\"KRISTDEMOKRATERNA V\u00c4RNAMO\" \/>\n<meta property=\"article:publisher\" content=\"https:\/\/www.facebook.com\/KDVarnamo\/\" \/>\n<meta property=\"article:published_time\" content=\"2014-05-03T15:46:01+00:00\" \/>\n<meta property=\"article:modified_time\" content=\"2015-07-09T21:00:39+00:00\" \/>\n<meta property=\"og:image\" content=\"https:\/\/wp.kristdemokraterna.se\/varnamo\/files\/2014\/05\/20140503_jubileumsdag_eukampanj.png\" \/>\n\t<meta property=\"og:image:width\" content=\"384\" \/>\n\t<meta property=\"og:image:height\" content=\"288\" \/>\n\t<meta property=\"og:image:type\" content=\"image\/png\" \/>\n<meta name=\"author\" content=\"Kristdemokraterna V\u00e4rnamo\" \/>\n<meta name=\"twitter:card\" content=\"summary_large_image\" \/>\n<meta name=\"twitter:creator\" content=\"@KDVarnamo\" \/>\n<meta name=\"twitter:site\" content=\"@KDVarnamo\" \/>\n<meta name=\"twitter:label1\" content=\"Skriven av\" \/>\n\t<meta name=\"twitter:data1\" content=\"Kristdemokraterna V\u00e4rnamo\" \/>\n\t<meta name=\"twitter:label2\" content=\"Ber\u00e4knad l\u00e4stid\" \/>\n\t<meta name=\"twitter:data2\" content=\"1 minut\" \/>\n<script type=\"application\/ld+json\" class=\"yoast-schema-graph\">{\"@context\":\"https:\\\/\\\/schema.org\",\"@graph\":[{\"@type\":\"Article\",\"@id\":\"https:\\\/\\\/wp.kristdemokraterna.se\\\/varnamo\\\/2014\\\/05\\\/03\\\/intensiv-jubileumsdag-i-varnamo\\\/#article\",\"isPartOf\":{\"@id\":\"https:\\\/\\\/wp.kristdemokraterna.se\\\/varnamo\\\/2014\\\/05\\\/03\\\/intensiv-jubileumsdag-i-varnamo\\\/\"},\"author\":{\"name\":\"Kristdemokraterna V\u00e4rnamo\",\"@id\":\"https:\\\/\\\/wp.kristdemokraterna.se\\\/varnamo\\\/#\\\/schema\\\/person\\\/4e339ab04d613699e4dfe80a994e01d4\"},\"headline\":\"Intensiv jubileumsdag i V\u00e4rnamo\",\"datePublished\":\"2014-05-03T15:46:01+00:00\",\"dateModified\":\"2015-07-09T21:00:39+00:00\",\"mainEntityOfPage\":{\"@id\":\"https:\\\/\\\/wp.kristdemokraterna.se\\\/varnamo\\\/2014\\\/05\\\/03\\\/intensiv-jubileumsdag-i-varnamo\\\/\"},\"wordCount\":303,\"publisher\":{\"@id\":\"https:\\\/\\\/wp.kristdemokraterna.se\\\/varnamo\\\/#organization\"},\"image\":{\"@id\":\"https:\\\/\\\/wp.kristdemokraterna.se\\\/varnamo\\\/2014\\\/05\\\/03\\\/intensiv-jubileumsdag-i-varnamo\\\/#primaryimage\"},\"thumbnailUrl\":\"https:\\\/\\\/wp.kristdemokraterna.se\\\/varnamo\\\/files\\\/2014\\\/05\\\/20140503_jubileumsdag_eukampanj.png\",\"keywords\":[\"Alf Svensson\",\"EU\",\"Europaparlamentet\",\"jubileum\",\"kampanj\",\"kandidatutbildning\",\"Roland Utbult\",\"valr\u00f6relse\"],\"articleSection\":[\"Nyheter\"],\"inLanguage\":\"sv-SE\"},{\"@type\":\"WebPage\",\"@id\":\"https:\\\/\\\/wp.kristdemokraterna.se\\\/varnamo\\\/2014\\\/05\\\/03\\\/intensiv-jubileumsdag-i-varnamo\\\/\",\"url\":\"https:\\\/\\\/wp.kristdemokraterna.se\\\/varnamo\\\/2014\\\/05\\\/03\\\/intensiv-jubileumsdag-i-varnamo\\\/\",\"name\":\"Intensiv jubileumsdag i V\u00e4rnamo - KRISTDEMOKRATERNA V\u00c4RNAMO\",\"isPartOf\":{\"@id\":\"https:\\\/\\\/wp.kristdemokraterna.se\\\/varnamo\\\/#website\"},\"primaryImageOfPage\":{\"@id\":\"https:\\\/\\\/wp.kristdemokraterna.se\\\/varnamo\\\/2014\\\/05\\\/03\\\/intensiv-jubileumsdag-i-varnamo\\\/#primaryimage\"},\"image\":{\"@id\":\"https:\\\/\\\/wp.kristdemokraterna.se\\\/varnamo\\\/2014\\\/05\\\/03\\\/intensiv-jubileumsdag-i-varnamo\\\/#primaryimage\"},\"thumbnailUrl\":\"https:\\\/\\\/wp.kristdemokraterna.se\\\/varnamo\\\/files\\\/2014\\\/05\\\/20140503_jubileumsdag_eukampanj.png\",\"datePublished\":\"2014-05-03T15:46:01+00:00\",\"dateModified\":\"2015-07-09T21:00:39+00:00\",\"breadcrumb\":{\"@id\":\"https:\\\/\\\/wp.kristdemokraterna.se\\\/varnamo\\\/2014\\\/05\\\/03\\\/intensiv-jubileumsdag-i-varnamo\\\/#breadcrumb\"},\"inLanguage\":\"sv-SE\",\"potentialAction\":[{\"@type\":\"ReadAction\",\"target\":[\"https:\\\/\\\/wp.kristdemokraterna.se\\\/varnamo\\\/2014\\\/05\\\/03\\\/intensiv-jubileumsdag-i-varnamo\\\/\"]}]},{\"@type\":\"ImageObject\",\"inLanguage\":\"sv-SE\",\"@id\":\"https:\\\/\\\/wp.kristdemokraterna.se\\\/varnamo\\\/2014\\\/05\\\/03\\\/intensiv-jubileumsdag-i-varnamo\\\/#primaryimage\",\"url\":\"https:\\\/\\\/wp.kristdemokraterna.se\\\/varnamo\\\/files\\\/2014\\\/05\\\/20140503_jubileumsdag_eukampanj.png\",\"contentUrl\":\"https:\\\/\\\/wp.kristdemokraterna.se\\\/varnamo\\\/files\\\/2014\\\/05\\\/20140503_jubileumsdag_eukampanj.png\",\"width\":384,\"height\":288,\"caption\":\"P\u00e5 f\u00f6rmiddagen kampanjade vi. (Foto: Leena Niskanen)\"},{\"@type\":\"BreadcrumbList\",\"@id\":\"https:\\\/\\\/wp.kristdemokraterna.se\\\/varnamo\\\/2014\\\/05\\\/03\\\/intensiv-jubileumsdag-i-varnamo\\\/#breadcrumb\",\"itemListElement\":[{\"@type\":\"ListItem\",\"position\":1,\"name\":\"Hem\",\"item\":\"https:\\\/\\\/wp.kristdemokraterna.se\\\/varnamo\\\/\"},{\"@type\":\"ListItem\",\"position\":2,\"name\":\"Intensiv jubileumsdag i V\u00e4rnamo\"}]},{\"@type\":\"WebSite\",\"@id\":\"https:\\\/\\\/wp.kristdemokraterna.se\\\/varnamo\\\/#website\",\"url\":\"https:\\\/\\\/wp.kristdemokraterna.se\\\/varnamo\\\/\",\"name\":\"KRISTDEMOKRATERNA V\u00c4RNAMO\",\"description\":\"Med hj\u00e4rta f\u00f6r V\u00e4rnamo\",\"publisher\":{\"@id\":\"https:\\\/\\\/wp.kristdemokraterna.se\\\/varnamo\\\/#organization\"},\"inLanguage\":\"sv-SE\"},{\"@type\":\"Organization\",\"@id\":\"https:\\\/\\\/wp.kristdemokraterna.se\\\/varnamo\\\/#organization\",\"name\":\"Kristdemokraterna V\u00e4rnamo\",\"url\":\"https:\\\/\\\/wp.kristdemokraterna.se\\\/varnamo\\\/\",\"logo\":{\"@type\":\"ImageObject\",\"inLanguage\":\"sv-SE\",\"@id\":\"https:\\\/\\\/wp.kristdemokraterna.se\\\/varnamo\\\/#\\\/schema\\\/logo\\\/image\\\/\",\"url\":\"https:\\\/\\\/wp.kristdemokraterna.se\\\/varnamo\\\/files\\\/2022\\\/08\\\/va\u2560ernamo-sida-bla-300dpi.png\",\"contentUrl\":\"https:\\\/\\\/wp.kristdemokraterna.se\\\/varnamo\\\/files\\\/2022\\\/08\\\/va\u2560ernamo-sida-bla-300dpi.png\",\"width\":1485,\"height\":681,\"caption\":\"Kristdemokraterna V\u00e4rnamo\"},\"image\":{\"@id\":\"https:\\\/\\\/wp.kristdemokraterna.se\\\/varnamo\\\/#\\\/schema\\\/logo\\\/image\\\/\"},\"sameAs\":[\"https:\\\/\\\/www.facebook.com\\\/KDVarnamo\\\/\",\"https:\\\/\\\/x.com\\\/KDVarnamo\",\"https:\\\/\\\/www.instagram.com\\\/\",\"https:\\\/\\\/www.youtube.com\\\/user\\\/studiokd\\\/videos\"]},{\"@type\":\"Person\",\"@id\":\"https:\\\/\\\/wp.kristdemokraterna.se\\\/varnamo\\\/#\\\/schema\\\/person\\\/4e339ab04d613699e4dfe80a994e01d4\",\"name\":\"Kristdemokraterna V\u00e4rnamo\",\"image\":{\"@type\":\"ImageObject\",\"inLanguage\":\"sv-SE\",\"@id\":\"https:\\\/\\\/secure.gravatar.com\\\/avatar\\\/c122e48c7723992af51eb155eeaa93db3c1fa324e3fc6ec45dd712c812809b5b?s=96&r=g\",\"url\":\"https:\\\/\\\/secure.gravatar.com\\\/avatar\\\/c122e48c7723992af51eb155eeaa93db3c1fa324e3fc6ec45dd712c812809b5b?s=96&r=g\",\"contentUrl\":\"https:\\\/\\\/secure.gravatar.com\\\/avatar\\\/c122e48c7723992af51eb155eeaa93db3c1fa324e3fc6ec45dd712c812809b5b?s=96&r=g\",\"caption\":\"Kristdemokraterna V\u00e4rnamo\"},\"description\":\"Familjens r\u00f6st\",\"sameAs\":[\"http:\\\/\\\/www.varnamo.kristdemokraterna.se\"],\"url\":\"https:\\\/\\\/wp.kristdemokraterna.se\\\/varnamo\\\/author\\\/varnamo\\\/\"}]}<\/script>\n<!-- \/ Yoast SEO plugin. -->","yoast_head_json":{"title":"Intensiv jubileumsdag i V\u00e4rnamo - KRISTDEMOKRATERNA V\u00c4RNAMO","robots":{"index":"index","follow":"follow","max-snippet":"max-snippet:-1","max-image-preview":"max-image-preview:large","max-video-preview":"max-video-preview:-1"},"canonical":"https:\/\/wp.kristdemokraterna.se\/varnamo\/2014\/05\/03\/intensiv-jubileumsdag-i-varnamo\/","og_locale":"sv_SE","og_type":"article","og_title":"Intensiv jubileumsdag i V\u00e4rnamo - KRISTDEMOKRATERNA V\u00c4RNAMO","og_description":"I dag firade vi 50 \u00e5r i v\u00e4rnamopolitikens centrum. Det gjorde\u00a0vi med EU-kampanj p\u00e5 sta&#8217;n. Efter det var\u00a0det dags f\u00f6r kandidatutbildning och jubileumsfest!","og_url":"https:\/\/wp.kristdemokraterna.se\/varnamo\/2014\/05\/03\/intensiv-jubileumsdag-i-varnamo\/","og_site_name":"KRISTDEMOKRATERNA V\u00c4RNAMO","article_publisher":"https:\/\/www.facebook.com\/KDVarnamo\/","article_published_time":"2014-05-03T15:46:01+00:00","article_modified_time":"2015-07-09T21:00:39+00:00","og_image":[{"width":384,"height":288,"url":"https:\/\/wp.kristdemokraterna.se\/varnamo\/files\/2014\/05\/20140503_jubileumsdag_eukampanj.png","type":"image\/png"}],"author":"Kristdemokraterna V\u00e4rnamo","twitter_card":"summary_large_image","twitter_creator":"@KDVarnamo","twitter_site":"@KDVarnamo","twitter_misc":{"Skriven av":"Kristdemokraterna V\u00e4rnamo","Ber\u00e4knad l\u00e4stid":"1 minut"},"schema":{"@context":"https:\/\/schema.org","@graph":[{"@type":"Article","@id":"https:\/\/wp.kristdemokraterna.se\/varnamo\/2014\/05\/03\/intensiv-jubileumsdag-i-varnamo\/#article","isPartOf":{"@id":"https:\/\/wp.kristdemokraterna.se\/varnamo\/2014\/05\/03\/intensiv-jubileumsdag-i-varnamo\/"},"author":{"name":"Kristdemokraterna V\u00e4rnamo","@id":"https:\/\/wp.kristdemokraterna.se\/varnamo\/#\/schema\/person\/4e339ab04d613699e4dfe80a994e01d4"},"headline":"Intensiv jubileumsdag i V\u00e4rnamo","datePublished":"2014-05-03T15:46:01+00:00","dateModified":"2015-07-09T21:00:39+00:00","mainEntityOfPage":{"@id":"https:\/\/wp.kristdemokraterna.se\/varnamo\/2014\/05\/03\/intensiv-jubileumsdag-i-varnamo\/"},"wordCount":303,"publisher":{"@id":"https:\/\/wp.kristdemokraterna.se\/varnamo\/#organization"},"image":{"@id":"https:\/\/wp.kristdemokraterna.se\/varnamo\/2014\/05\/03\/intensiv-jubileumsdag-i-varnamo\/#primaryimage"},"thumbnailUrl":"https:\/\/wp.kristdemokraterna.se\/varnamo\/files\/2014\/05\/20140503_jubileumsdag_eukampanj.png","keywords":["Alf Svensson","EU","Europaparlamentet","jubileum","kampanj","kandidatutbildning","Roland Utbult","valr\u00f6relse"],"articleSection":["Nyheter"],"inLanguage":"sv-SE"},{"@type":"WebPage","@id":"https:\/\/wp.kristdemokraterna.se\/varnamo\/2014\/05\/03\/intensiv-jubileumsdag-i-varnamo\/","url":"https:\/\/wp.kristdemokraterna.se\/varnamo\/2014\/05\/03\/intensiv-jubileumsdag-i-varnamo\/","name":"Intensiv jubileumsdag i V\u00e4rnamo - KRISTDEMOKRATERNA V\u00c4RNAMO","isPartOf":{"@id":"https:\/\/wp.kristdemokraterna.se\/varnamo\/#website"},"primaryImageOfPage":{"@id":"https:\/\/wp.kristdemokraterna.se\/varnamo\/2014\/05\/03\/intensiv-jubileumsdag-i-varnamo\/#primaryimage"},"image":{"@id":"https:\/\/wp.kristdemokraterna.se\/varnamo\/2014\/05\/03\/intensiv-jubileumsdag-i-varnamo\/#primaryimage"},"thumbnailUrl":"https:\/\/wp.kristdemokraterna.se\/varnamo\/files\/2014\/05\/20140503_jubileumsdag_eukampanj.png","datePublished":"2014-05-03T15:46:01+00:00","dateModified":"2015-07-09T21:00:39+00:00","breadcrumb":{"@id":"https:\/\/wp.kristdemokraterna.se\/varnamo\/2014\/05\/03\/intensiv-jubileumsdag-i-varnamo\/#breadcrumb"},"inLanguage":"sv-SE","potentialAction":[{"@type":"ReadAction","target":["https:\/\/wp.kristdemokraterna.se\/varnamo\/2014\/05\/03\/intensiv-jubileumsdag-i-varnamo\/"]}]},{"@type":"ImageObject","inLanguage":"sv-SE","@id":"https:\/\/wp.kristdemokraterna.se\/varnamo\/2014\/05\/03\/intensiv-jubileumsdag-i-varnamo\/#primaryimage","url":"https:\/\/wp.kristdemokraterna.se\/varnamo\/files\/2014\/05\/20140503_jubileumsdag_eukampanj.png","contentUrl":"https:\/\/wp.kristdemokraterna.se\/varnamo\/files\/2014\/05\/20140503_jubileumsdag_eukampanj.png","width":384,"height":288,"caption":"P\u00e5 f\u00f6rmiddagen kampanjade vi. (Foto: Leena Niskanen)"},{"@type":"BreadcrumbList","@id":"https:\/\/wp.kristdemokraterna.se\/varnamo\/2014\/05\/03\/intensiv-jubileumsdag-i-varnamo\/#breadcrumb","itemListElement":[{"@type":"ListItem","position":1,"name":"Hem","item":"https:\/\/wp.kristdemokraterna.se\/varnamo\/"},{"@type":"ListItem","position":2,"name":"Intensiv jubileumsdag i V\u00e4rnamo"}]},{"@type":"WebSite","@id":"https:\/\/wp.kristdemokraterna.se\/varnamo\/#website","url":"https:\/\/wp.kristdemokraterna.se\/varnamo\/","name":"KRISTDEMOKRATERNA V\u00c4RNAMO","description":"Med hj\u00e4rta f\u00f6r V\u00e4rnamo","publisher":{"@id":"https:\/\/wp.kristdemokraterna.se\/varnamo\/#organization"},"inLanguage":"sv-SE"},{"@type":"Organization","@id":"https:\/\/wp.kristdemokraterna.se\/varnamo\/#organization","name":"Kristdemokraterna V\u00e4rnamo","url":"https:\/\/wp.kristdemokraterna.se\/varnamo\/","logo":{"@type":"ImageObject","inLanguage":"sv-SE","@id":"https:\/\/wp.kristdemokraterna.se\/varnamo\/#\/schema\/logo\/image\/","url":"https:\/\/wp.kristdemokraterna.se\/varnamo\/files\/2022\/08\/va\u2560ernamo-sida-bla-300dpi.png","contentUrl":"https:\/\/wp.kristdemokraterna.se\/varnamo\/files\/2022\/08\/va\u2560ernamo-sida-bla-300dpi.png","width":1485,"height":681,"caption":"Kristdemokraterna V\u00e4rnamo"},"image":{"@id":"https:\/\/wp.kristdemokraterna.se\/varnamo\/#\/schema\/logo\/image\/"},"sameAs":["https:\/\/www.facebook.com\/KDVarnamo\/","https:\/\/x.com\/KDVarnamo","https:\/\/www.instagram.com\/","https:\/\/www.youtube.com\/user\/studiokd\/videos"]},{"@type":"Person","@id":"https:\/\/wp.kristdemokraterna.se\/varnamo\/#\/schema\/person\/4e339ab04d613699e4dfe80a994e01d4","name":"Kristdemokraterna V\u00e4rnamo","image":{"@type":"ImageObject","inLanguage":"sv-SE","@id":"https:\/\/secure.gravatar.com\/avatar\/c122e48c7723992af51eb155eeaa93db3c1fa324e3fc6ec45dd712c812809b5b?s=96&r=g","url":"https:\/\/secure.gravatar.com\/avatar\/c122e48c7723992af51eb155eeaa93db3c1fa324e3fc6ec45dd712c812809b5b?s=96&r=g","contentUrl":"https:\/\/secure.gravatar.com\/avatar\/c122e48c7723992af51eb155eeaa93db3c1fa324e3fc6ec45dd712c812809b5b?s=96&r=g","caption":"Kristdemokraterna V\u00e4rnamo"},"description":"Familjens r\u00f6st","sameAs":["http:\/\/www.varnamo.kristdemokraterna.se"],"url":"https:\/\/wp.kristdemokraterna.se\/varnamo\/author\/varnamo\/"}]}},"_links":{"self":[{"href":"https:\/\/wp.kristdemokraterna.se\/varnamo\/wp-json\/wp\/v2\/posts\/5088","targetHints":{"allow":["GET"]}}],"collection":[{"href":"https:\/\/wp.kristdemokraterna.se\/varnamo\/wp-json\/wp\/v2\/posts"}],"about":[{"href":"https:\/\/wp.kristdemokraterna.se\/varnamo\/wp-json\/wp\/v2\/types\/post"}],"author":[{"embeddable":true,"href":"https:\/\/wp.kristdemokraterna.se\/varnamo\/wp-json\/wp\/v2\/users\/412"}],"replies":[{"embeddable":true,"href":"https:\/\/wp.kristdemokraterna.se\/varnamo\/wp-json\/wp\/v2\/comments?post=5088"}],"version-history":[{"count":14,"href":"https:\/\/wp.kristdemokraterna.se\/varnamo\/wp-json\/wp\/v2\/posts\/5088\/revisions"}],"predecessor-version":[{"id":6583,"href":"https:\/\/wp.kristdemokraterna.se\/varnamo\/wp-json\/wp\/v2\/posts\/5088\/revisions\/6583"}],"wp:featuredmedia":[{"embeddable":true,"href":"https:\/\/wp.kristdemokraterna.se\/varnamo\/wp-json\/wp\/v2\/media\/5089"}],"wp:attachment":[{"href":"https:\/\/wp.kristdemokraterna.se\/varnamo\/wp-json\/wp\/v2\/media?parent=5088"}],"wp:term":[{"taxonomy":"category","embeddable":true,"href":"https:\/\/wp.kristdemokraterna.se\/varnamo\/wp-json\/wp\/v2\/categories?post=5088"},{"taxonomy":"post_tag","embeddable":true,"href":"https:\/\/wp.kristdemokraterna.se\/varnamo\/wp-json\/wp\/v2\/tags?post=5088"}],"curies":[{"name":"wp","href":"https:\/\/api.w.org\/{rel}","templated":true}]}}