{"id":5205,"date":"2014-05-14T21:05:45","date_gmt":"2014-05-14T19:05:45","guid":{"rendered":"http:\/\/wp.kristdemokraterna.se\/varnamo\/?p=5205"},"modified":"2015-07-09T22:42:12","modified_gmt":"2015-07-09T20:42:12","slug":"lars-adaktusson-vill-skarpa-eu-s-klimatmal","status":"publish","type":"post","link":"https:\/\/wp.kristdemokraterna.se\/varnamo\/2014\/05\/14\/lars-adaktusson-vill-skarpa-eu-s-klimatmal\/","title":{"rendered":"Lars Adaktusson vill sk\u00e4rpa EU:s klimatm\u00e5l"},"content":{"rendered":"<p>\u2013\u00a0Minskad klimatp\u00e5verkan har h\u00f6g\u00a0prioritet p\u00e5 min agenda f\u00f6r EU, sade Lars Adaktusson under sin snabbvisit i V\u00e4rnamo. H\u00e4r fick han\u00a0l\u00e4ra sig mer om hur klimatf\u00f6r\u00e4ndringarna p\u00e5verkar en liten \u00f6versv\u00e4mningshotad stad som V\u00e4rnamo. Lars st\u00e5r \u00f6verst\u00a0p\u00e5 Kristdemokraternas valsedel i valet till Europaparlamentet. Han kom\u00a0\u00e4ven in p\u00e5\u00a0sin hj\u00e4rtefr\u00e5ga \u2013\u00a0m\u00e4nskliga fri- och r\u00e4ttigheter.<\/p>\n<p><!--more--><\/p>\n<p>\u2013\u00a0V\u00e4rnamo \u00e4r en av Sveriges 18 mest \u00f6versv\u00e4mningshotade st\u00e4der, ber\u00e4ttade kommunens produktionschef Ronnie Bj\u00f6rkstr\u00f6m f\u00f6r Lars Adaktusson (KD). Vi bygger om hela \u00c5broparken med skyddsvallar och pumpstationer f\u00f6r att kunna skydda m\u00e4nniskor och tekniska system vid en \u00f6versv\u00e4mning i V\u00e4rnamo centrum. Eftersom vi \u00e4r en nationellt prioriterad stad s\u00e5 f\u00e5r vi statliga bidrag till det.<\/p>\n<p>\u2013\u00a0De som har jobbat l\u00e4nge i kommunen s\u00e4ger att de kan se hur Lagans vattenst\u00e5nd varierar allt oftare och snabbare, fortsatte han. Det \u00e4r inte sv\u00e5rt att dra paralleller till det f\u00f6r\u00e4ndrade klimatet.<\/p>\n<p>\u2013\u00a0H\u00e4r i V\u00e4rnamo \u00e4r vi tacksamma f\u00f6r minsta grej du kan g\u00f6ra f\u00f6r att minska klimatf\u00f6r\u00e4ndringarna, fyllde H\u00e5kan Johansson (KD), V\u00e4rnamo, i med tydlig adress till Lars Adaktusson.<\/p>\n<p>\u2013\u00a0P\u00e5 min agenda f\u00f6r EU ligger klimatfr\u00e5gorna h\u00f6gt, svarade Lars. Jag vill helt klart vara med och sk\u00e4rpa EU:s klimatm\u00e5l.<\/p>\n<p>\u2013\u00a0Vad ska vi g\u00f6ra med alla tiggare fr\u00e5n framf\u00f6r allt Rum\u00e4nien som b\u00f6rjar bli en allt vanligare syn \u00e4ven h\u00e4r i V\u00e4rnamo? fr\u00e5gade n\u00e5gon i publiken.<\/p>\n<p>\u2013\u00a0Vi l\u00f6ser inget genom att f\u00f6rbjuda tiggeri eller skicka notan f\u00f6r tiggarnas socialtj\u00e4nst till Rum\u00e4nien, svarade Lars Adaktusson. Tv\u00e4rtom m\u00e5ste vi st\u00e5 upp \u00e4n mer f\u00f6r m\u00e4nniskov\u00e4rdet och hj\u00e4lpa Rum\u00e4nien att ta hand om landets romer p\u00e5 ett v\u00e4rdigt s\u00e4tt.<\/p>\n<p>\u2013\u00a0Det p\u00e5g\u00e5r uppenbara brott mot m\u00e4nskliga r\u00e4ttigheter gentemot romer i Rum\u00e4nien, fortsatte han. EU m\u00e5ste satsa oerh\u00f6rt mycket p\u00e5 att s\u00e4tta press p\u00e5 den rum\u00e4nska regeringen att de tar itu med detta p\u00e5 ett ko<span class=\"text_exposed_show\">nstruktivt s\u00e4tt.<\/span><\/p>\n\n\t\t<style type=\"text\/css\">\n\t\t\t#gallery-1 {\n\t\t\t\tmargin: auto;\n\t\t\t}\n\t\t\t#gallery-1 .gallery-item {\n\t\t\t\tfloat: left;\n\t\t\t\tmargin-top: 10px;\n\t\t\t\ttext-align: center;\n\t\t\t\twidth: 50%;\n\t\t\t}\n\t\t\t#gallery-1 img {\n\t\t\t\tborder: 2px solid #cfcfcf;\n\t\t\t}\n\t\t\t#gallery-1 .gallery-caption {\n\t\t\t\tmargin-left: 0;\n\t\t\t}\n\t\t\t\/* see gallery_shortcode() in wp-includes\/media.php *\/\n\t\t<\/style>\n\t\t<div id='gallery-1' class='gallery galleryid-5205 gallery-columns-2 gallery-size-thumbnail'><dl class='gallery-item'>\n\t\t\t<dt class='gallery-icon landscape'>\n\t\t\t\t<a href='https:\/\/wp.kristdemokraterna.se\/varnamo\/2014\/05\/14\/lars-adaktusson-vill-skarpa-eu-s-klimatmal\/20140514-larsadaktusson-kristdemokrater\/'><img loading=\"lazy\" decoding=\"async\" width=\"150\" height=\"150\" src=\"https:\/\/wp.kristdemokraterna.se\/varnamo\/files\/2014\/05\/20140514_larsadaktusson_kristdemokrater-150x150.png\" class=\"attachment-thumbnail size-thumbnail\" alt=\"Lars Adaktusson fick l\u00e4ra sig mer om hur klimatf\u00f6r\u00e4ndringarna p\u00e5verkar en liten \u00f6versv\u00e4mningshotad stad som V\u00e4rnamo under sin snabbvisit. (Foto: H\u00e5kan Johansson)\" aria-describedby=\"gallery-1-5201\" \/><\/a>\n\t\t\t<\/dt>\n\t\t\t\t<dd class='wp-caption-text gallery-caption' id='gallery-1-5201'>\n\t\t\t\tLars Adaktusson fick l\u00e4ra sig mer om hur klimatf\u00f6r\u00e4ndringarna p\u00e5verkar en liten \u00f6versv\u00e4mningshotad stad som V\u00e4rnamo under sin snabbvisit. (Foto: H\u00e5kan Johansson)\n\t\t\t\t<\/dd><\/dl><dl class='gallery-item'>\n\t\t\t<dt class='gallery-icon portrait'>\n\t\t\t\t<a href='https:\/\/wp.kristdemokraterna.se\/varnamo\/2014\/05\/14\/lars-adaktusson-vill-skarpa-eu-s-klimatmal\/20140514-larsadaktusson-camillarinaldomiller\/'><img loading=\"lazy\" decoding=\"async\" width=\"150\" height=\"150\" src=\"https:\/\/wp.kristdemokraterna.se\/varnamo\/files\/2014\/05\/20140514_larsadaktusson_camillarinaldomiller-150x150.png\" class=\"attachment-thumbnail size-thumbnail\" alt=\"Camilla Rinaldo Miller, Kristdemokraterna V\u00e4rnamo, lyssnar g\u00e4rna n\u00e4r Lars Adaktusson l\u00e4gger fram sin agenda f\u00f6r Bryssel. (Foto: H\u00e5kan Johansson)\" aria-describedby=\"gallery-1-5200\" \/><\/a>\n\t\t\t<\/dt>\n\t\t\t\t<dd class='wp-caption-text gallery-caption' id='gallery-1-5200'>\n\t\t\t\tCamilla Rinaldo Miller, Kristdemokraterna V\u00e4rnamo, lyssnar g\u00e4rna n\u00e4r Lars Adaktusson l\u00e4gger fram sin agenda f\u00f6r Bryssel. (Foto: H\u00e5kan Johansson)\n\t\t\t\t<\/dd><\/dl><br style=\"clear: both\" \/><dl class='gallery-item'>\n\t\t\t<dt class='gallery-icon landscape'>\n\t\t\t\t<a href='https:\/\/wp.kristdemokraterna.se\/varnamo\/2014\/05\/14\/lars-adaktusson-vill-skarpa-eu-s-klimatmal\/20140514-larsadaktusson-lyssnar\/'><img loading=\"lazy\" decoding=\"async\" width=\"150\" height=\"150\" src=\"https:\/\/wp.kristdemokraterna.se\/varnamo\/files\/2014\/05\/20140514_larsadaktusson_lyssnar-150x150.png\" class=\"attachment-thumbnail size-thumbnail\" alt=\"Mannen med frisyren, Lars Adaktusson (KD), lyssnar intresserat n\u00e4r Ronnie Bj\u00f6rkstr\u00f6m ber\u00e4ttar om de p\u00e5g\u00e5ende arbetena med att bygga f\u00f6rd\u00e4mningar och pumpstationer i V\u00e4rnamos finpark, \u00c5broparken. (Foto: H\u00e5kan Johansson)\" aria-describedby=\"gallery-1-5202\" \/><\/a>\n\t\t\t<\/dt>\n\t\t\t\t<dd class='wp-caption-text gallery-caption' id='gallery-1-5202'>\n\t\t\t\tMannen med frisyren, Lars Adaktusson (KD), lyssnar intresserat n\u00e4r Ronnie Bj\u00f6rkstr\u00f6m ber\u00e4ttar om de p\u00e5g\u00e5ende arbetena med att bygga f\u00f6rd\u00e4mningar och pumpstationer i V\u00e4rnamos finpark, \u00c5broparken. (Foto: H\u00e5kan Johansson)\n\t\t\t\t<\/dd><\/dl><dl class='gallery-item'>\n\t\t\t<dt class='gallery-icon portrait'>\n\t\t\t\t<a href='https:\/\/wp.kristdemokraterna.se\/varnamo\/20140514-larsadaktusson-ronniebjorkstrom\/'><img loading=\"lazy\" decoding=\"async\" width=\"150\" height=\"150\" src=\"https:\/\/wp.kristdemokraterna.se\/varnamo\/files\/2014\/05\/20140514_larsadaktusson_ronniebjorkstrom-150x150.png\" class=\"attachment-thumbnail size-thumbnail\" alt=\"Lars Adaktusson (KD) och V\u00e4rnamo kommuns produktionschef Ronnie Bj\u00f6rkstr\u00f6m studerar \u00f6versv\u00e4mningskartorna \u00f6ver V\u00e4rnamo centrum. (Foto: H\u00e5kan Johansson)\" aria-describedby=\"gallery-1-5203\" \/><\/a>\n\t\t\t<\/dt>\n\t\t\t\t<dd class='wp-caption-text gallery-caption' id='gallery-1-5203'>\n\t\t\t\tLars Adaktusson (KD) och V\u00e4rnamo kommuns produktionschef Ronnie Bj\u00f6rkstr\u00f6m studerar \u00f6versv\u00e4mningskartorna \u00f6ver V\u00e4rnamo centrum. (Foto: H\u00e5kan Johansson)\n\t\t\t\t<\/dd><\/dl><br style=\"clear: both\" \/><dl class='gallery-item'>\n\t\t\t<dt class='gallery-icon landscape'>\n\t\t\t\t<a href='https:\/\/wp.kristdemokraterna.se\/varnamo\/20140514-larsadaktusson-turkensbank\/'><img loading=\"lazy\" decoding=\"async\" width=\"150\" height=\"150\" src=\"https:\/\/wp.kristdemokraterna.se\/varnamo\/files\/2014\/05\/20140514_larsadaktusson_turkensbank-150x150.png\" class=\"attachment-thumbnail size-thumbnail\" alt=\"V\u00e4l i \u00c5broparken ville Lars Adaktusson (KD) naturligvis provsitta Turkens b\u00e4nk. Presskontakt Martin K\u00e4llstrand, riksdagsledamot Andreas Carlson och kommunstyrelseledamot Camilla Rinaldo Miller var heller inte sena att b\u00e4nka sig. (Foto: H\u00e5kan Johansson)\" aria-describedby=\"gallery-1-5204\" \/><\/a>\n\t\t\t<\/dt>\n\t\t\t\t<dd class='wp-caption-text gallery-caption' id='gallery-1-5204'>\n\t\t\t\tV\u00e4l i \u00c5broparken ville Lars Adaktusson (KD) naturligvis provsitta Turkens b\u00e4nk.  Presskontakt Martin K\u00e4llstrand, riksdagsledamot Andreas Carlson och kommunstyrelseledamot Camilla Rinaldo Miller var heller inte sena att b\u00e4nka sig. (Foto: H\u00e5kan Johansson)\n\t\t\t\t<\/dd><\/dl>\n\t\t\t<br style='clear: both' \/>\n\t\t<\/div>\n\n","protected":false},"excerpt":{"rendered":"<p>\u2013\u00a0Minskad klimatp\u00e5verkan har h\u00f6g\u00a0prioritet p\u00e5 min agenda f\u00f6r EU, sade Lars Adaktusson under sin snabbvisit i V\u00e4rnamo. H\u00e4r fick han\u00a0l\u00e4ra sig mer om hur klimatf\u00f6r\u00e4ndringarna p\u00e5verkar en liten \u00f6versv\u00e4mningshotad stad som V\u00e4rnamo. Lars st\u00e5r \u00f6verst\u00a0p\u00e5 Kristdemokraternas valsedel i valet till Europaparlamentet. Han kom\u00a0\u00e4ven in p\u00e5\u00a0sin hj\u00e4rtefr\u00e5ga \u2013\u00a0m\u00e4nskliga fri- och r\u00e4ttigheter.<\/p>\n","protected":false},"author":412,"featured_media":5201,"comment_status":"closed","ping_status":"closed","sticky":false,"template":"","format":"standard","meta":{"_acf_changed":false,"footnotes":""},"categories":[11],"tags":[485,83,21,204,23,258,342,477,78,208,486,490,62],"class_list":["post-5205","post","type-post","status-publish","format-standard","hentry","category-nyheter","tag-abroparken","tag-andreas-carlson","tag-camilla-rinaldo-miller","tag-europaparlamentet","tag-hakan-johansson","tag-klimat","tag-lagan","tag-lars-adaktusson","tag-manniskovarde","tag-manskliga-rattigheter","tag-martin-kallstrand","tag-ratt-agenda","tag-valrorelse"],"acf":[],"yoast_head":"<!-- This site is optimized with the Yoast SEO plugin v27.4 - https:\/\/yoast.com\/product\/yoast-seo-wordpress\/ -->\n<title>Lars Adaktusson vill sk\u00e4rpa EU:s klimatm\u00e5l - KRISTDEMOKRATERNA V\u00c4RNAMO<\/title>\n<meta name=\"robots\" content=\"index, follow, max-snippet:-1, max-image-preview:large, max-video-preview:-1\" \/>\n<link rel=\"canonical\" href=\"https:\/\/wp.kristdemokraterna.se\/varnamo\/2014\/05\/14\/lars-adaktusson-vill-skarpa-eu-s-klimatmal\/\" \/>\n<meta property=\"og:locale\" content=\"sv_SE\" \/>\n<meta property=\"og:type\" content=\"article\" \/>\n<meta property=\"og:title\" content=\"Lars Adaktusson vill sk\u00e4rpa EU:s klimatm\u00e5l - KRISTDEMOKRATERNA V\u00c4RNAMO\" \/>\n<meta property=\"og:description\" content=\"\u2013\u00a0Minskad klimatp\u00e5verkan har h\u00f6g\u00a0prioritet p\u00e5 min agenda f\u00f6r EU, sade Lars Adaktusson under sin snabbvisit i V\u00e4rnamo. H\u00e4r fick han\u00a0l\u00e4ra sig mer om hur klimatf\u00f6r\u00e4ndringarna p\u00e5verkar en liten \u00f6versv\u00e4mningshotad stad som V\u00e4rnamo. Lars st\u00e5r \u00f6verst\u00a0p\u00e5 Kristdemokraternas valsedel i valet till Europaparlamentet. Han kom\u00a0\u00e4ven in p\u00e5\u00a0sin hj\u00e4rtefr\u00e5ga \u2013\u00a0m\u00e4nskliga fri- och r\u00e4ttigheter.\" \/>\n<meta property=\"og:url\" content=\"https:\/\/wp.kristdemokraterna.se\/varnamo\/2014\/05\/14\/lars-adaktusson-vill-skarpa-eu-s-klimatmal\/\" \/>\n<meta property=\"og:site_name\" content=\"KRISTDEMOKRATERNA V\u00c4RNAMO\" \/>\n<meta property=\"article:publisher\" content=\"https:\/\/www.facebook.com\/KDVarnamo\/\" \/>\n<meta property=\"article:published_time\" content=\"2014-05-14T19:05:45+00:00\" \/>\n<meta property=\"article:modified_time\" content=\"2015-07-09T20:42:12+00:00\" \/>\n<meta property=\"og:image\" content=\"https:\/\/wp.kristdemokraterna.se\/varnamo\/files\/2014\/05\/20140514_larsadaktusson_kristdemokrater.png\" \/>\n\t<meta property=\"og:image:width\" content=\"334\" \/>\n\t<meta property=\"og:image:height\" content=\"198\" \/>\n\t<meta property=\"og:image:type\" content=\"image\/png\" \/>\n<meta name=\"author\" content=\"Kristdemokraterna V\u00e4rnamo\" \/>\n<meta name=\"twitter:card\" content=\"summary_large_image\" \/>\n<meta name=\"twitter:creator\" content=\"@KDVarnamo\" \/>\n<meta name=\"twitter:site\" content=\"@KDVarnamo\" \/>\n<meta name=\"twitter:label1\" content=\"Skriven av\" \/>\n\t<meta name=\"twitter:data1\" content=\"Kristdemokraterna V\u00e4rnamo\" \/>\n\t<meta name=\"twitter:label2\" content=\"Ber\u00e4knad l\u00e4stid\" \/>\n\t<meta name=\"twitter:data2\" content=\"2 minuter\" \/>\n<script type=\"application\/ld+json\" class=\"yoast-schema-graph\">{\"@context\":\"https:\\\/\\\/schema.org\",\"@graph\":[{\"@type\":\"Article\",\"@id\":\"https:\\\/\\\/wp.kristdemokraterna.se\\\/varnamo\\\/2014\\\/05\\\/14\\\/lars-adaktusson-vill-skarpa-eu-s-klimatmal\\\/#article\",\"isPartOf\":{\"@id\":\"https:\\\/\\\/wp.kristdemokraterna.se\\\/varnamo\\\/2014\\\/05\\\/14\\\/lars-adaktusson-vill-skarpa-eu-s-klimatmal\\\/\"},\"author\":{\"name\":\"Kristdemokraterna V\u00e4rnamo\",\"@id\":\"https:\\\/\\\/wp.kristdemokraterna.se\\\/varnamo\\\/#\\\/schema\\\/person\\\/4e339ab04d613699e4dfe80a994e01d4\"},\"headline\":\"Lars Adaktusson vill sk\u00e4rpa EU:s klimatm\u00e5l\",\"datePublished\":\"2014-05-14T19:05:45+00:00\",\"dateModified\":\"2015-07-09T20:42:12+00:00\",\"mainEntityOfPage\":{\"@id\":\"https:\\\/\\\/wp.kristdemokraterna.se\\\/varnamo\\\/2014\\\/05\\\/14\\\/lars-adaktusson-vill-skarpa-eu-s-klimatmal\\\/\"},\"wordCount\":390,\"publisher\":{\"@id\":\"https:\\\/\\\/wp.kristdemokraterna.se\\\/varnamo\\\/#organization\"},\"image\":{\"@id\":\"https:\\\/\\\/wp.kristdemokraterna.se\\\/varnamo\\\/2014\\\/05\\\/14\\\/lars-adaktusson-vill-skarpa-eu-s-klimatmal\\\/#primaryimage\"},\"thumbnailUrl\":\"https:\\\/\\\/wp.kristdemokraterna.se\\\/varnamo\\\/files\\\/2014\\\/05\\\/20140514_larsadaktusson_kristdemokrater.png\",\"keywords\":[\"\u00c5broparken\",\"Andreas Carlson\",\"Camilla Rinaldo Miller\",\"Europaparlamentet\",\"H\u00e5kan Johansson\",\"klimat\",\"Lagan\",\"Lars Adaktusson\",\"m\u00e4nniskov\u00e4rde\",\"m\u00e4nskliga r\u00e4ttigheter\",\"Martin K\u00e4llstrand\",\"r\u00e4tt agenda\",\"valr\u00f6relse\"],\"articleSection\":[\"Nyheter\"],\"inLanguage\":\"sv-SE\"},{\"@type\":\"WebPage\",\"@id\":\"https:\\\/\\\/wp.kristdemokraterna.se\\\/varnamo\\\/2014\\\/05\\\/14\\\/lars-adaktusson-vill-skarpa-eu-s-klimatmal\\\/\",\"url\":\"https:\\\/\\\/wp.kristdemokraterna.se\\\/varnamo\\\/2014\\\/05\\\/14\\\/lars-adaktusson-vill-skarpa-eu-s-klimatmal\\\/\",\"name\":\"Lars Adaktusson vill sk\u00e4rpa EU:s klimatm\u00e5l - KRISTDEMOKRATERNA V\u00c4RNAMO\",\"isPartOf\":{\"@id\":\"https:\\\/\\\/wp.kristdemokraterna.se\\\/varnamo\\\/#website\"},\"primaryImageOfPage\":{\"@id\":\"https:\\\/\\\/wp.kristdemokraterna.se\\\/varnamo\\\/2014\\\/05\\\/14\\\/lars-adaktusson-vill-skarpa-eu-s-klimatmal\\\/#primaryimage\"},\"image\":{\"@id\":\"https:\\\/\\\/wp.kristdemokraterna.se\\\/varnamo\\\/2014\\\/05\\\/14\\\/lars-adaktusson-vill-skarpa-eu-s-klimatmal\\\/#primaryimage\"},\"thumbnailUrl\":\"https:\\\/\\\/wp.kristdemokraterna.se\\\/varnamo\\\/files\\\/2014\\\/05\\\/20140514_larsadaktusson_kristdemokrater.png\",\"datePublished\":\"2014-05-14T19:05:45+00:00\",\"dateModified\":\"2015-07-09T20:42:12+00:00\",\"breadcrumb\":{\"@id\":\"https:\\\/\\\/wp.kristdemokraterna.se\\\/varnamo\\\/2014\\\/05\\\/14\\\/lars-adaktusson-vill-skarpa-eu-s-klimatmal\\\/#breadcrumb\"},\"inLanguage\":\"sv-SE\",\"potentialAction\":[{\"@type\":\"ReadAction\",\"target\":[\"https:\\\/\\\/wp.kristdemokraterna.se\\\/varnamo\\\/2014\\\/05\\\/14\\\/lars-adaktusson-vill-skarpa-eu-s-klimatmal\\\/\"]}]},{\"@type\":\"ImageObject\",\"inLanguage\":\"sv-SE\",\"@id\":\"https:\\\/\\\/wp.kristdemokraterna.se\\\/varnamo\\\/2014\\\/05\\\/14\\\/lars-adaktusson-vill-skarpa-eu-s-klimatmal\\\/#primaryimage\",\"url\":\"https:\\\/\\\/wp.kristdemokraterna.se\\\/varnamo\\\/files\\\/2014\\\/05\\\/20140514_larsadaktusson_kristdemokrater.png\",\"contentUrl\":\"https:\\\/\\\/wp.kristdemokraterna.se\\\/varnamo\\\/files\\\/2014\\\/05\\\/20140514_larsadaktusson_kristdemokrater.png\",\"width\":334,\"height\":198,\"caption\":\"Lars Adaktusson fick l\u00e4ra sig mer om hur klimatf\u00f6r\u00e4ndringarna p\u00e5verkar en liten \u00f6versv\u00e4mningshotad stad som V\u00e4rnamo under sin snabbvisit. (Foto: H\u00e5kan Johansson)\"},{\"@type\":\"BreadcrumbList\",\"@id\":\"https:\\\/\\\/wp.kristdemokraterna.se\\\/varnamo\\\/2014\\\/05\\\/14\\\/lars-adaktusson-vill-skarpa-eu-s-klimatmal\\\/#breadcrumb\",\"itemListElement\":[{\"@type\":\"ListItem\",\"position\":1,\"name\":\"Hem\",\"item\":\"https:\\\/\\\/wp.kristdemokraterna.se\\\/varnamo\\\/\"},{\"@type\":\"ListItem\",\"position\":2,\"name\":\"Lars Adaktusson vill sk\u00e4rpa EU:s klimatm\u00e5l\"}]},{\"@type\":\"WebSite\",\"@id\":\"https:\\\/\\\/wp.kristdemokraterna.se\\\/varnamo\\\/#website\",\"url\":\"https:\\\/\\\/wp.kristdemokraterna.se\\\/varnamo\\\/\",\"name\":\"KRISTDEMOKRATERNA V\u00c4RNAMO\",\"description\":\"Med hj\u00e4rta f\u00f6r V\u00e4rnamo\",\"publisher\":{\"@id\":\"https:\\\/\\\/wp.kristdemokraterna.se\\\/varnamo\\\/#organization\"},\"inLanguage\":\"sv-SE\"},{\"@type\":\"Organization\",\"@id\":\"https:\\\/\\\/wp.kristdemokraterna.se\\\/varnamo\\\/#organization\",\"name\":\"Kristdemokraterna V\u00e4rnamo\",\"url\":\"https:\\\/\\\/wp.kristdemokraterna.se\\\/varnamo\\\/\",\"logo\":{\"@type\":\"ImageObject\",\"inLanguage\":\"sv-SE\",\"@id\":\"https:\\\/\\\/wp.kristdemokraterna.se\\\/varnamo\\\/#\\\/schema\\\/logo\\\/image\\\/\",\"url\":\"https:\\\/\\\/wp.kristdemokraterna.se\\\/varnamo\\\/files\\\/2022\\\/08\\\/va\u2560ernamo-sida-bla-300dpi.png\",\"contentUrl\":\"https:\\\/\\\/wp.kristdemokraterna.se\\\/varnamo\\\/files\\\/2022\\\/08\\\/va\u2560ernamo-sida-bla-300dpi.png\",\"width\":1485,\"height\":681,\"caption\":\"Kristdemokraterna V\u00e4rnamo\"},\"image\":{\"@id\":\"https:\\\/\\\/wp.kristdemokraterna.se\\\/varnamo\\\/#\\\/schema\\\/logo\\\/image\\\/\"},\"sameAs\":[\"https:\\\/\\\/www.facebook.com\\\/KDVarnamo\\\/\",\"https:\\\/\\\/x.com\\\/KDVarnamo\",\"https:\\\/\\\/www.instagram.com\\\/\",\"https:\\\/\\\/www.youtube.com\\\/user\\\/studiokd\\\/videos\"]},{\"@type\":\"Person\",\"@id\":\"https:\\\/\\\/wp.kristdemokraterna.se\\\/varnamo\\\/#\\\/schema\\\/person\\\/4e339ab04d613699e4dfe80a994e01d4\",\"name\":\"Kristdemokraterna V\u00e4rnamo\",\"image\":{\"@type\":\"ImageObject\",\"inLanguage\":\"sv-SE\",\"@id\":\"https:\\\/\\\/secure.gravatar.com\\\/avatar\\\/c122e48c7723992af51eb155eeaa93db3c1fa324e3fc6ec45dd712c812809b5b?s=96&r=g\",\"url\":\"https:\\\/\\\/secure.gravatar.com\\\/avatar\\\/c122e48c7723992af51eb155eeaa93db3c1fa324e3fc6ec45dd712c812809b5b?s=96&r=g\",\"contentUrl\":\"https:\\\/\\\/secure.gravatar.com\\\/avatar\\\/c122e48c7723992af51eb155eeaa93db3c1fa324e3fc6ec45dd712c812809b5b?s=96&r=g\",\"caption\":\"Kristdemokraterna V\u00e4rnamo\"},\"description\":\"Familjens r\u00f6st\",\"sameAs\":[\"http:\\\/\\\/www.varnamo.kristdemokraterna.se\"],\"url\":\"https:\\\/\\\/wp.kristdemokraterna.se\\\/varnamo\\\/author\\\/varnamo\\\/\"}]}<\/script>\n<!-- \/ Yoast SEO plugin. -->","yoast_head_json":{"title":"Lars Adaktusson vill sk\u00e4rpa EU:s klimatm\u00e5l - KRISTDEMOKRATERNA V\u00c4RNAMO","robots":{"index":"index","follow":"follow","max-snippet":"max-snippet:-1","max-image-preview":"max-image-preview:large","max-video-preview":"max-video-preview:-1"},"canonical":"https:\/\/wp.kristdemokraterna.se\/varnamo\/2014\/05\/14\/lars-adaktusson-vill-skarpa-eu-s-klimatmal\/","og_locale":"sv_SE","og_type":"article","og_title":"Lars Adaktusson vill sk\u00e4rpa EU:s klimatm\u00e5l - KRISTDEMOKRATERNA V\u00c4RNAMO","og_description":"\u2013\u00a0Minskad klimatp\u00e5verkan har h\u00f6g\u00a0prioritet p\u00e5 min agenda f\u00f6r EU, sade Lars Adaktusson under sin snabbvisit i V\u00e4rnamo. H\u00e4r fick han\u00a0l\u00e4ra sig mer om hur klimatf\u00f6r\u00e4ndringarna p\u00e5verkar en liten \u00f6versv\u00e4mningshotad stad som V\u00e4rnamo. Lars st\u00e5r \u00f6verst\u00a0p\u00e5 Kristdemokraternas valsedel i valet till Europaparlamentet. Han kom\u00a0\u00e4ven in p\u00e5\u00a0sin hj\u00e4rtefr\u00e5ga \u2013\u00a0m\u00e4nskliga fri- och r\u00e4ttigheter.","og_url":"https:\/\/wp.kristdemokraterna.se\/varnamo\/2014\/05\/14\/lars-adaktusson-vill-skarpa-eu-s-klimatmal\/","og_site_name":"KRISTDEMOKRATERNA V\u00c4RNAMO","article_publisher":"https:\/\/www.facebook.com\/KDVarnamo\/","article_published_time":"2014-05-14T19:05:45+00:00","article_modified_time":"2015-07-09T20:42:12+00:00","og_image":[{"width":334,"height":198,"url":"https:\/\/wp.kristdemokraterna.se\/varnamo\/files\/2014\/05\/20140514_larsadaktusson_kristdemokrater.png","type":"image\/png"}],"author":"Kristdemokraterna V\u00e4rnamo","twitter_card":"summary_large_image","twitter_creator":"@KDVarnamo","twitter_site":"@KDVarnamo","twitter_misc":{"Skriven av":"Kristdemokraterna V\u00e4rnamo","Ber\u00e4knad l\u00e4stid":"2 minuter"},"schema":{"@context":"https:\/\/schema.org","@graph":[{"@type":"Article","@id":"https:\/\/wp.kristdemokraterna.se\/varnamo\/2014\/05\/14\/lars-adaktusson-vill-skarpa-eu-s-klimatmal\/#article","isPartOf":{"@id":"https:\/\/wp.kristdemokraterna.se\/varnamo\/2014\/05\/14\/lars-adaktusson-vill-skarpa-eu-s-klimatmal\/"},"author":{"name":"Kristdemokraterna V\u00e4rnamo","@id":"https:\/\/wp.kristdemokraterna.se\/varnamo\/#\/schema\/person\/4e339ab04d613699e4dfe80a994e01d4"},"headline":"Lars Adaktusson vill sk\u00e4rpa EU:s klimatm\u00e5l","datePublished":"2014-05-14T19:05:45+00:00","dateModified":"2015-07-09T20:42:12+00:00","mainEntityOfPage":{"@id":"https:\/\/wp.kristdemokraterna.se\/varnamo\/2014\/05\/14\/lars-adaktusson-vill-skarpa-eu-s-klimatmal\/"},"wordCount":390,"publisher":{"@id":"https:\/\/wp.kristdemokraterna.se\/varnamo\/#organization"},"image":{"@id":"https:\/\/wp.kristdemokraterna.se\/varnamo\/2014\/05\/14\/lars-adaktusson-vill-skarpa-eu-s-klimatmal\/#primaryimage"},"thumbnailUrl":"https:\/\/wp.kristdemokraterna.se\/varnamo\/files\/2014\/05\/20140514_larsadaktusson_kristdemokrater.png","keywords":["\u00c5broparken","Andreas Carlson","Camilla Rinaldo Miller","Europaparlamentet","H\u00e5kan Johansson","klimat","Lagan","Lars Adaktusson","m\u00e4nniskov\u00e4rde","m\u00e4nskliga r\u00e4ttigheter","Martin K\u00e4llstrand","r\u00e4tt agenda","valr\u00f6relse"],"articleSection":["Nyheter"],"inLanguage":"sv-SE"},{"@type":"WebPage","@id":"https:\/\/wp.kristdemokraterna.se\/varnamo\/2014\/05\/14\/lars-adaktusson-vill-skarpa-eu-s-klimatmal\/","url":"https:\/\/wp.kristdemokraterna.se\/varnamo\/2014\/05\/14\/lars-adaktusson-vill-skarpa-eu-s-klimatmal\/","name":"Lars Adaktusson vill sk\u00e4rpa EU:s klimatm\u00e5l - KRISTDEMOKRATERNA V\u00c4RNAMO","isPartOf":{"@id":"https:\/\/wp.kristdemokraterna.se\/varnamo\/#website"},"primaryImageOfPage":{"@id":"https:\/\/wp.kristdemokraterna.se\/varnamo\/2014\/05\/14\/lars-adaktusson-vill-skarpa-eu-s-klimatmal\/#primaryimage"},"image":{"@id":"https:\/\/wp.kristdemokraterna.se\/varnamo\/2014\/05\/14\/lars-adaktusson-vill-skarpa-eu-s-klimatmal\/#primaryimage"},"thumbnailUrl":"https:\/\/wp.kristdemokraterna.se\/varnamo\/files\/2014\/05\/20140514_larsadaktusson_kristdemokrater.png","datePublished":"2014-05-14T19:05:45+00:00","dateModified":"2015-07-09T20:42:12+00:00","breadcrumb":{"@id":"https:\/\/wp.kristdemokraterna.se\/varnamo\/2014\/05\/14\/lars-adaktusson-vill-skarpa-eu-s-klimatmal\/#breadcrumb"},"inLanguage":"sv-SE","potentialAction":[{"@type":"ReadAction","target":["https:\/\/wp.kristdemokraterna.se\/varnamo\/2014\/05\/14\/lars-adaktusson-vill-skarpa-eu-s-klimatmal\/"]}]},{"@type":"ImageObject","inLanguage":"sv-SE","@id":"https:\/\/wp.kristdemokraterna.se\/varnamo\/2014\/05\/14\/lars-adaktusson-vill-skarpa-eu-s-klimatmal\/#primaryimage","url":"https:\/\/wp.kristdemokraterna.se\/varnamo\/files\/2014\/05\/20140514_larsadaktusson_kristdemokrater.png","contentUrl":"https:\/\/wp.kristdemokraterna.se\/varnamo\/files\/2014\/05\/20140514_larsadaktusson_kristdemokrater.png","width":334,"height":198,"caption":"Lars Adaktusson fick l\u00e4ra sig mer om hur klimatf\u00f6r\u00e4ndringarna p\u00e5verkar en liten \u00f6versv\u00e4mningshotad stad som V\u00e4rnamo under sin snabbvisit. (Foto: H\u00e5kan Johansson)"},{"@type":"BreadcrumbList","@id":"https:\/\/wp.kristdemokraterna.se\/varnamo\/2014\/05\/14\/lars-adaktusson-vill-skarpa-eu-s-klimatmal\/#breadcrumb","itemListElement":[{"@type":"ListItem","position":1,"name":"Hem","item":"https:\/\/wp.kristdemokraterna.se\/varnamo\/"},{"@type":"ListItem","position":2,"name":"Lars Adaktusson vill sk\u00e4rpa EU:s klimatm\u00e5l"}]},{"@type":"WebSite","@id":"https:\/\/wp.kristdemokraterna.se\/varnamo\/#website","url":"https:\/\/wp.kristdemokraterna.se\/varnamo\/","name":"KRISTDEMOKRATERNA V\u00c4RNAMO","description":"Med hj\u00e4rta f\u00f6r V\u00e4rnamo","publisher":{"@id":"https:\/\/wp.kristdemokraterna.se\/varnamo\/#organization"},"inLanguage":"sv-SE"},{"@type":"Organization","@id":"https:\/\/wp.kristdemokraterna.se\/varnamo\/#organization","name":"Kristdemokraterna V\u00e4rnamo","url":"https:\/\/wp.kristdemokraterna.se\/varnamo\/","logo":{"@type":"ImageObject","inLanguage":"sv-SE","@id":"https:\/\/wp.kristdemokraterna.se\/varnamo\/#\/schema\/logo\/image\/","url":"https:\/\/wp.kristdemokraterna.se\/varnamo\/files\/2022\/08\/va\u2560ernamo-sida-bla-300dpi.png","contentUrl":"https:\/\/wp.kristdemokraterna.se\/varnamo\/files\/2022\/08\/va\u2560ernamo-sida-bla-300dpi.png","width":1485,"height":681,"caption":"Kristdemokraterna V\u00e4rnamo"},"image":{"@id":"https:\/\/wp.kristdemokraterna.se\/varnamo\/#\/schema\/logo\/image\/"},"sameAs":["https:\/\/www.facebook.com\/KDVarnamo\/","https:\/\/x.com\/KDVarnamo","https:\/\/www.instagram.com\/","https:\/\/www.youtube.com\/user\/studiokd\/videos"]},{"@type":"Person","@id":"https:\/\/wp.kristdemokraterna.se\/varnamo\/#\/schema\/person\/4e339ab04d613699e4dfe80a994e01d4","name":"Kristdemokraterna V\u00e4rnamo","image":{"@type":"ImageObject","inLanguage":"sv-SE","@id":"https:\/\/secure.gravatar.com\/avatar\/c122e48c7723992af51eb155eeaa93db3c1fa324e3fc6ec45dd712c812809b5b?s=96&r=g","url":"https:\/\/secure.gravatar.com\/avatar\/c122e48c7723992af51eb155eeaa93db3c1fa324e3fc6ec45dd712c812809b5b?s=96&r=g","contentUrl":"https:\/\/secure.gravatar.com\/avatar\/c122e48c7723992af51eb155eeaa93db3c1fa324e3fc6ec45dd712c812809b5b?s=96&r=g","caption":"Kristdemokraterna V\u00e4rnamo"},"description":"Familjens r\u00f6st","sameAs":["http:\/\/www.varnamo.kristdemokraterna.se"],"url":"https:\/\/wp.kristdemokraterna.se\/varnamo\/author\/varnamo\/"}]}},"_links":{"self":[{"href":"https:\/\/wp.kristdemokraterna.se\/varnamo\/wp-json\/wp\/v2\/posts\/5205","targetHints":{"allow":["GET"]}}],"collection":[{"href":"https:\/\/wp.kristdemokraterna.se\/varnamo\/wp-json\/wp\/v2\/posts"}],"about":[{"href":"https:\/\/wp.kristdemokraterna.se\/varnamo\/wp-json\/wp\/v2\/types\/post"}],"author":[{"embeddable":true,"href":"https:\/\/wp.kristdemokraterna.se\/varnamo\/wp-json\/wp\/v2\/users\/412"}],"replies":[{"embeddable":true,"href":"https:\/\/wp.kristdemokraterna.se\/varnamo\/wp-json\/wp\/v2\/comments?post=5205"}],"version-history":[{"count":18,"href":"https:\/\/wp.kristdemokraterna.se\/varnamo\/wp-json\/wp\/v2\/posts\/5205\/revisions"}],"predecessor-version":[{"id":6579,"href":"https:\/\/wp.kristdemokraterna.se\/varnamo\/wp-json\/wp\/v2\/posts\/5205\/revisions\/6579"}],"wp:featuredmedia":[{"embeddable":true,"href":"https:\/\/wp.kristdemokraterna.se\/varnamo\/wp-json\/wp\/v2\/media\/5201"}],"wp:attachment":[{"href":"https:\/\/wp.kristdemokraterna.se\/varnamo\/wp-json\/wp\/v2\/media?parent=5205"}],"wp:term":[{"taxonomy":"category","embeddable":true,"href":"https:\/\/wp.kristdemokraterna.se\/varnamo\/wp-json\/wp\/v2\/categories?post=5205"},{"taxonomy":"post_tag","embeddable":true,"href":"https:\/\/wp.kristdemokraterna.se\/varnamo\/wp-json\/wp\/v2\/tags?post=5205"}],"curies":[{"name":"wp","href":"https:\/\/api.w.org\/{rel}","templated":true}]}}