{"id":5237,"date":"2014-05-19T20:50:22","date_gmt":"2014-05-19T18:50:22","guid":{"rendered":"http:\/\/wp.kristdemokraterna.se\/varnamo\/?p=5237"},"modified":"2015-07-09T22:36:17","modified_gmt":"2015-07-09T20:36:17","slug":"ostkakeraddare-besokte-rydaholm","status":"publish","type":"post","link":"https:\/\/wp.kristdemokraterna.se\/varnamo\/2014\/05\/19\/ostkakeraddare-besokte-rydaholm\/","title":{"rendered":"Ostkaker\u00e4ddare bes\u00f6kte Rydaholm"},"content":{"rendered":"<p>\u2013\u00a0Ur ett freds- och frihetsperspektiv beh\u00f6ver vi EU \u2013\u00a0nu mer \u00e4n n\u00e5gonsin, betonade riksdagsledamot Irene Oskarsson (KD) vid dagens\u00a0bes\u00f6k i Rydaholm. Irene, som r\u00e4ddade den sm\u00e5l\u00e4ndska ostkakan, kandiderar nu till en plats i Europaparlamentet.<\/p>\n<p><!--more--><\/p>\n<p>Vid Kristdemokratiska Seniorf\u00f6rbundets m\u00f6te p\u00e5 sommarhemmet Sj\u00f6holmen i Rydaholm i dag talade riksdagsledamot Irene Oskarsson fr\u00e5n Aneby. Det var hon som lyckades <a href=\"http:\/\/wp.kristdemokraterna.se\/jonkopingslan\/skydda-den-smalandska-ostkakan\/\" target=\"_blank\">r\u00e4dda den sm\u00e5l\u00e4ndska ostkakan<\/a> fr\u00e5n Livsmedelsverkets sn\u00e4va tolkning av EU:s regler. Nu kandiderar hon sj\u00e4lv till Europaparlamentet p\u00e5 Kristdemokraternas valsedel.<\/p>\n<p>\u2013\u00a0Vi beh\u00f6ver EU nu mer \u00e4n n\u00e5gonsin ur ett freds och frihetsperspektiv, sade hon bland annat. Det \u00e4r viktigt att EU agerar tydligt f\u00f6r m\u00e4nniskov\u00e4rdet och st\u00f6der utveckling runt om EU. Samtidigt ska vi s\u00e4tta tryck p\u00e5 de l\u00e4nder inom EU som inte tar ansvar f\u00f6r sina medborgare.<\/p>\n<p>Irene Oskarsson\u00a0lyfte ocks\u00e5 vikten av att EU har en tydlig och offensiv milj\u00f6politik och tar sin roll i v\u00e4rlden f\u00f6r att f\u00e5 till en markant\u00a0f\u00f6r\u00e4ndring i klimatarbetet p\u00e5 internationell niv\u00e5.<\/p>\n<p>\u2013\u00a0Samtidigt ska vi ha en gemensam jordbrukspolitik som tar ett tydligt avstamp i milj\u00f6- och h\u00e5llbarhetsfr\u00e5gorna, avslutade hon.<\/p>\n\n\t\t<style type=\"text\/css\">\n\t\t\t#gallery-1 {\n\t\t\t\tmargin: auto;\n\t\t\t}\n\t\t\t#gallery-1 .gallery-item {\n\t\t\t\tfloat: left;\n\t\t\t\tmargin-top: 10px;\n\t\t\t\ttext-align: center;\n\t\t\t\twidth: 50%;\n\t\t\t}\n\t\t\t#gallery-1 img {\n\t\t\t\tborder: 2px solid #cfcfcf;\n\t\t\t}\n\t\t\t#gallery-1 .gallery-caption {\n\t\t\t\tmargin-left: 0;\n\t\t\t}\n\t\t\t\/* see gallery_shortcode() in wp-includes\/media.php *\/\n\t\t<\/style>\n\t\t<div id='gallery-1' class='gallery galleryid-5237 gallery-columns-2 gallery-size-thumbnail'><dl class='gallery-item'>\n\t\t\t<dt class='gallery-icon portrait'>\n\t\t\t\t<a href='https:\/\/wp.kristdemokraterna.se\/varnamo\/20140519-seniorforbundetrydaholm-herrmynenkertpettersson\/'><img loading=\"lazy\" decoding=\"async\" width=\"150\" height=\"150\" src=\"https:\/\/wp.kristdemokraterna.se\/varnamo\/files\/2014\/05\/20140519_seniorforbundetrydaholm_herrmynenkertpettersson-150x150.png\" class=\"attachment-thumbnail size-thumbnail\" alt=\"Herrmy Nenkert Pettersson, Horda, h\u00f6ll ihop programmet p\u00e5 sommarhemmet Sj\u00f6holmen. (Foto: Irene Oskarsson)\" aria-describedby=\"gallery-1-5253\" \/><\/a>\n\t\t\t<\/dt>\n\t\t\t\t<dd class='wp-caption-text gallery-caption' id='gallery-1-5253'>\n\t\t\t\tHerrmy Nenkert Pettersson, Horda, h\u00f6ll ihop programmet p\u00e5 sommarhemmet Sj\u00f6holmen. (Foto: Irene Oskarsson)\n\t\t\t\t<\/dd><\/dl><dl class='gallery-item'>\n\t\t\t<dt class='gallery-icon portrait'>\n\t\t\t\t<a href='https:\/\/wp.kristdemokraterna.se\/varnamo\/20140519-seniorforbundetrydaholm-berntolsson\/'><img loading=\"lazy\" decoding=\"async\" width=\"150\" height=\"150\" src=\"https:\/\/wp.kristdemokraterna.se\/varnamo\/files\/2014\/05\/20140519_seniorforbundetrydaholm_berntolsson-150x150.png\" class=\"attachment-thumbnail size-thumbnail\" alt=\"KDU:s f\u00f6rste f\u00f6rbundsordf\u00f6rande Bernt Olsson, Forsheda, stod f\u00f6r underh\u00e5llningen. (Foto: Irene Oskarsson)\" aria-describedby=\"gallery-1-5252\" \/><\/a>\n\t\t\t<\/dt>\n\t\t\t\t<dd class='wp-caption-text gallery-caption' id='gallery-1-5252'>\n\t\t\t\tKDU:s f\u00f6rste f\u00f6rbundsordf\u00f6rande Bernt Olsson, Forsheda, stod f\u00f6r underh\u00e5llningen. (Foto: Irene Oskarsson)\n\t\t\t\t<\/dd><\/dl><br style=\"clear: both\" \/><dl class='gallery-item'>\n\t\t\t<dt class='gallery-icon landscape'>\n\t\t\t\t<a href='https:\/\/wp.kristdemokraterna.se\/varnamo\/2014\/05\/19\/ostkakeraddare-besokte-rydaholm\/20140519-seniorforbundetrydaholm-ireneoskarsson\/'><img loading=\"lazy\" decoding=\"async\" width=\"150\" height=\"150\" src=\"https:\/\/wp.kristdemokraterna.se\/varnamo\/files\/2014\/05\/20140519_seniorforbundetrydaholm_ireneoskarsson-150x150.png\" class=\"attachment-thumbnail size-thumbnail\" alt=\"\u2013 Ur ett freds- och frihetsperspektiv beh\u00f6ver vi EU \u2013 nu mer \u00e4n n\u00e5gonsin, betonade riksdagsledamot Irene Oskarsson (KD) vid dagens bes\u00f6k i Rydaholm.\" aria-describedby=\"gallery-1-5254\" \/><\/a>\n\t\t\t<\/dt>\n\t\t\t\t<dd class='wp-caption-text gallery-caption' id='gallery-1-5254'>\n\t\t\t\t\u2013 Ur ett freds- och frihetsperspektiv beh\u00f6ver vi EU \u2013 nu mer \u00e4n n\u00e5gonsin, betonade riksdagsledamot Irene Oskarsson (KD) vid dagens bes\u00f6k i Rydaholm.\n\t\t\t\t<\/dd><\/dl>\n\t\t\t<br style='clear: both' \/>\n\t\t<\/div>\n\n","protected":false},"excerpt":{"rendered":"<p>\u2013\u00a0Ur ett freds- och frihetsperspektiv beh\u00f6ver vi EU \u2013\u00a0nu mer \u00e4n n\u00e5gonsin, betonade riksdagsledamot Irene Oskarsson (KD) vid dagens\u00a0bes\u00f6k i Rydaholm. Irene, som r\u00e4ddade den sm\u00e5l\u00e4ndska ostkakan, kandiderar nu till en plats i Europaparlamentet.<\/p>\n","protected":false},"author":412,"featured_media":5254,"comment_status":"closed","ping_status":"closed","sticky":false,"template":"","format":"standard","meta":{"_acf_changed":false,"footnotes":""},"categories":[11],"tags":[361,116,413,204,414,297,236,120,74,487,258,78,39,46,55,176,209,62],"class_list":["post-5237","post","type-post","status-publish","format-standard","hentry","category-nyheter","tag-ansvar","tag-bernt-olsson","tag-eu","tag-europaparlamentet","tag-fred","tag-frihet","tag-hallbarhet","tag-herrmy-nenkert-petersson","tag-irene-oskarsson","tag-jordbruk","tag-klimat","tag-manniskovarde","tag-miljo","tag-riksdagsledamot","tag-rydaholm","tag-seniorforbundet","tag-utveckling","tag-valrorelse"],"acf":[],"yoast_head":"<!-- This site is optimized with the Yoast SEO plugin v27.4 - https:\/\/yoast.com\/product\/yoast-seo-wordpress\/ -->\n<title>Ostkaker\u00e4ddare bes\u00f6kte Rydaholm - KRISTDEMOKRATERNA V\u00c4RNAMO<\/title>\n<meta name=\"robots\" content=\"index, follow, max-snippet:-1, max-image-preview:large, max-video-preview:-1\" \/>\n<link rel=\"canonical\" href=\"https:\/\/wp.kristdemokraterna.se\/varnamo\/2014\/05\/19\/ostkakeraddare-besokte-rydaholm\/\" \/>\n<meta property=\"og:locale\" content=\"sv_SE\" \/>\n<meta property=\"og:type\" content=\"article\" \/>\n<meta property=\"og:title\" content=\"Ostkaker\u00e4ddare bes\u00f6kte Rydaholm - KRISTDEMOKRATERNA V\u00c4RNAMO\" \/>\n<meta property=\"og:description\" content=\"\u2013\u00a0Ur ett freds- och frihetsperspektiv beh\u00f6ver vi EU \u2013\u00a0nu mer \u00e4n n\u00e5gonsin, betonade riksdagsledamot Irene Oskarsson (KD) vid dagens\u00a0bes\u00f6k i Rydaholm. Irene, som r\u00e4ddade den sm\u00e5l\u00e4ndska ostkakan, kandiderar nu till en plats i Europaparlamentet.\" \/>\n<meta property=\"og:url\" content=\"https:\/\/wp.kristdemokraterna.se\/varnamo\/2014\/05\/19\/ostkakeraddare-besokte-rydaholm\/\" \/>\n<meta property=\"og:site_name\" content=\"KRISTDEMOKRATERNA V\u00c4RNAMO\" \/>\n<meta property=\"article:publisher\" content=\"https:\/\/www.facebook.com\/KDVarnamo\/\" \/>\n<meta property=\"article:published_time\" content=\"2014-05-19T18:50:22+00:00\" \/>\n<meta property=\"article:modified_time\" content=\"2015-07-09T20:36:17+00:00\" \/>\n<meta property=\"og:image\" content=\"https:\/\/wp.kristdemokraterna.se\/varnamo\/files\/2014\/05\/20140519_seniorforbundetrydaholm_ireneoskarsson.png\" \/>\n\t<meta property=\"og:image:width\" content=\"302\" \/>\n\t<meta property=\"og:image:height\" content=\"201\" \/>\n\t<meta property=\"og:image:type\" content=\"image\/png\" \/>\n<meta name=\"author\" content=\"Kristdemokraterna V\u00e4rnamo\" \/>\n<meta name=\"twitter:card\" content=\"summary_large_image\" \/>\n<meta name=\"twitter:creator\" content=\"@KDVarnamo\" \/>\n<meta name=\"twitter:site\" content=\"@KDVarnamo\" \/>\n<meta name=\"twitter:label1\" content=\"Skriven av\" \/>\n\t<meta name=\"twitter:data1\" content=\"Kristdemokraterna V\u00e4rnamo\" \/>\n\t<meta name=\"twitter:label2\" content=\"Ber\u00e4knad l\u00e4stid\" \/>\n\t<meta name=\"twitter:data2\" content=\"1 minut\" \/>\n<script type=\"application\/ld+json\" class=\"yoast-schema-graph\">{\"@context\":\"https:\\\/\\\/schema.org\",\"@graph\":[{\"@type\":\"Article\",\"@id\":\"https:\\\/\\\/wp.kristdemokraterna.se\\\/varnamo\\\/2014\\\/05\\\/19\\\/ostkakeraddare-besokte-rydaholm\\\/#article\",\"isPartOf\":{\"@id\":\"https:\\\/\\\/wp.kristdemokraterna.se\\\/varnamo\\\/2014\\\/05\\\/19\\\/ostkakeraddare-besokte-rydaholm\\\/\"},\"author\":{\"name\":\"Kristdemokraterna V\u00e4rnamo\",\"@id\":\"https:\\\/\\\/wp.kristdemokraterna.se\\\/varnamo\\\/#\\\/schema\\\/person\\\/4e339ab04d613699e4dfe80a994e01d4\"},\"headline\":\"Ostkaker\u00e4ddare bes\u00f6kte Rydaholm\",\"datePublished\":\"2014-05-19T18:50:22+00:00\",\"dateModified\":\"2015-07-09T20:36:17+00:00\",\"mainEntityOfPage\":{\"@id\":\"https:\\\/\\\/wp.kristdemokraterna.se\\\/varnamo\\\/2014\\\/05\\\/19\\\/ostkakeraddare-besokte-rydaholm\\\/\"},\"wordCount\":221,\"publisher\":{\"@id\":\"https:\\\/\\\/wp.kristdemokraterna.se\\\/varnamo\\\/#organization\"},\"image\":{\"@id\":\"https:\\\/\\\/wp.kristdemokraterna.se\\\/varnamo\\\/2014\\\/05\\\/19\\\/ostkakeraddare-besokte-rydaholm\\\/#primaryimage\"},\"thumbnailUrl\":\"https:\\\/\\\/wp.kristdemokraterna.se\\\/varnamo\\\/files\\\/2014\\\/05\\\/20140519_seniorforbundetrydaholm_ireneoskarsson.png\",\"keywords\":[\"ansvar\",\"Bernt Olsson\",\"EU\",\"Europaparlamentet\",\"fred\",\"frihet\",\"h\u00e5llbarhet\",\"Herrmy Nenkert Pettersson\",\"Irene Oskarsson\",\"jordbruk\",\"klimat\",\"m\u00e4nniskov\u00e4rde\",\"milj\u00f6\",\"riksdagsledamot\",\"Rydaholm\",\"seniorf\u00f6rbundet\",\"utveckling\",\"valr\u00f6relse\"],\"articleSection\":[\"Nyheter\"],\"inLanguage\":\"sv-SE\"},{\"@type\":\"WebPage\",\"@id\":\"https:\\\/\\\/wp.kristdemokraterna.se\\\/varnamo\\\/2014\\\/05\\\/19\\\/ostkakeraddare-besokte-rydaholm\\\/\",\"url\":\"https:\\\/\\\/wp.kristdemokraterna.se\\\/varnamo\\\/2014\\\/05\\\/19\\\/ostkakeraddare-besokte-rydaholm\\\/\",\"name\":\"Ostkaker\u00e4ddare bes\u00f6kte Rydaholm - KRISTDEMOKRATERNA V\u00c4RNAMO\",\"isPartOf\":{\"@id\":\"https:\\\/\\\/wp.kristdemokraterna.se\\\/varnamo\\\/#website\"},\"primaryImageOfPage\":{\"@id\":\"https:\\\/\\\/wp.kristdemokraterna.se\\\/varnamo\\\/2014\\\/05\\\/19\\\/ostkakeraddare-besokte-rydaholm\\\/#primaryimage\"},\"image\":{\"@id\":\"https:\\\/\\\/wp.kristdemokraterna.se\\\/varnamo\\\/2014\\\/05\\\/19\\\/ostkakeraddare-besokte-rydaholm\\\/#primaryimage\"},\"thumbnailUrl\":\"https:\\\/\\\/wp.kristdemokraterna.se\\\/varnamo\\\/files\\\/2014\\\/05\\\/20140519_seniorforbundetrydaholm_ireneoskarsson.png\",\"datePublished\":\"2014-05-19T18:50:22+00:00\",\"dateModified\":\"2015-07-09T20:36:17+00:00\",\"breadcrumb\":{\"@id\":\"https:\\\/\\\/wp.kristdemokraterna.se\\\/varnamo\\\/2014\\\/05\\\/19\\\/ostkakeraddare-besokte-rydaholm\\\/#breadcrumb\"},\"inLanguage\":\"sv-SE\",\"potentialAction\":[{\"@type\":\"ReadAction\",\"target\":[\"https:\\\/\\\/wp.kristdemokraterna.se\\\/varnamo\\\/2014\\\/05\\\/19\\\/ostkakeraddare-besokte-rydaholm\\\/\"]}]},{\"@type\":\"ImageObject\",\"inLanguage\":\"sv-SE\",\"@id\":\"https:\\\/\\\/wp.kristdemokraterna.se\\\/varnamo\\\/2014\\\/05\\\/19\\\/ostkakeraddare-besokte-rydaholm\\\/#primaryimage\",\"url\":\"https:\\\/\\\/wp.kristdemokraterna.se\\\/varnamo\\\/files\\\/2014\\\/05\\\/20140519_seniorforbundetrydaholm_ireneoskarsson.png\",\"contentUrl\":\"https:\\\/\\\/wp.kristdemokraterna.se\\\/varnamo\\\/files\\\/2014\\\/05\\\/20140519_seniorforbundetrydaholm_ireneoskarsson.png\",\"width\":302,\"height\":201,\"caption\":\"\u2013 Ur ett freds- och frihetsperspektiv beh\u00f6ver vi EU \u2013 nu mer \u00e4n n\u00e5gonsin, betonade riksdagsledamot Irene Oskarsson (KD) vid dagens bes\u00f6k i Rydaholm.\"},{\"@type\":\"BreadcrumbList\",\"@id\":\"https:\\\/\\\/wp.kristdemokraterna.se\\\/varnamo\\\/2014\\\/05\\\/19\\\/ostkakeraddare-besokte-rydaholm\\\/#breadcrumb\",\"itemListElement\":[{\"@type\":\"ListItem\",\"position\":1,\"name\":\"Hem\",\"item\":\"https:\\\/\\\/wp.kristdemokraterna.se\\\/varnamo\\\/\"},{\"@type\":\"ListItem\",\"position\":2,\"name\":\"Ostkaker\u00e4ddare bes\u00f6kte Rydaholm\"}]},{\"@type\":\"WebSite\",\"@id\":\"https:\\\/\\\/wp.kristdemokraterna.se\\\/varnamo\\\/#website\",\"url\":\"https:\\\/\\\/wp.kristdemokraterna.se\\\/varnamo\\\/\",\"name\":\"KRISTDEMOKRATERNA V\u00c4RNAMO\",\"description\":\"Med hj\u00e4rta f\u00f6r V\u00e4rnamo\",\"publisher\":{\"@id\":\"https:\\\/\\\/wp.kristdemokraterna.se\\\/varnamo\\\/#organization\"},\"inLanguage\":\"sv-SE\"},{\"@type\":\"Organization\",\"@id\":\"https:\\\/\\\/wp.kristdemokraterna.se\\\/varnamo\\\/#organization\",\"name\":\"Kristdemokraterna V\u00e4rnamo\",\"url\":\"https:\\\/\\\/wp.kristdemokraterna.se\\\/varnamo\\\/\",\"logo\":{\"@type\":\"ImageObject\",\"inLanguage\":\"sv-SE\",\"@id\":\"https:\\\/\\\/wp.kristdemokraterna.se\\\/varnamo\\\/#\\\/schema\\\/logo\\\/image\\\/\",\"url\":\"https:\\\/\\\/wp.kristdemokraterna.se\\\/varnamo\\\/files\\\/2022\\\/08\\\/va\u2560ernamo-sida-bla-300dpi.png\",\"contentUrl\":\"https:\\\/\\\/wp.kristdemokraterna.se\\\/varnamo\\\/files\\\/2022\\\/08\\\/va\u2560ernamo-sida-bla-300dpi.png\",\"width\":1485,\"height\":681,\"caption\":\"Kristdemokraterna V\u00e4rnamo\"},\"image\":{\"@id\":\"https:\\\/\\\/wp.kristdemokraterna.se\\\/varnamo\\\/#\\\/schema\\\/logo\\\/image\\\/\"},\"sameAs\":[\"https:\\\/\\\/www.facebook.com\\\/KDVarnamo\\\/\",\"https:\\\/\\\/x.com\\\/KDVarnamo\",\"https:\\\/\\\/www.instagram.com\\\/\",\"https:\\\/\\\/www.youtube.com\\\/user\\\/studiokd\\\/videos\"]},{\"@type\":\"Person\",\"@id\":\"https:\\\/\\\/wp.kristdemokraterna.se\\\/varnamo\\\/#\\\/schema\\\/person\\\/4e339ab04d613699e4dfe80a994e01d4\",\"name\":\"Kristdemokraterna V\u00e4rnamo\",\"image\":{\"@type\":\"ImageObject\",\"inLanguage\":\"sv-SE\",\"@id\":\"https:\\\/\\\/secure.gravatar.com\\\/avatar\\\/c122e48c7723992af51eb155eeaa93db3c1fa324e3fc6ec45dd712c812809b5b?s=96&r=g\",\"url\":\"https:\\\/\\\/secure.gravatar.com\\\/avatar\\\/c122e48c7723992af51eb155eeaa93db3c1fa324e3fc6ec45dd712c812809b5b?s=96&r=g\",\"contentUrl\":\"https:\\\/\\\/secure.gravatar.com\\\/avatar\\\/c122e48c7723992af51eb155eeaa93db3c1fa324e3fc6ec45dd712c812809b5b?s=96&r=g\",\"caption\":\"Kristdemokraterna V\u00e4rnamo\"},\"description\":\"Familjens r\u00f6st\",\"sameAs\":[\"http:\\\/\\\/www.varnamo.kristdemokraterna.se\"],\"url\":\"https:\\\/\\\/wp.kristdemokraterna.se\\\/varnamo\\\/author\\\/varnamo\\\/\"}]}<\/script>\n<!-- \/ Yoast SEO plugin. -->","yoast_head_json":{"title":"Ostkaker\u00e4ddare bes\u00f6kte Rydaholm - KRISTDEMOKRATERNA V\u00c4RNAMO","robots":{"index":"index","follow":"follow","max-snippet":"max-snippet:-1","max-image-preview":"max-image-preview:large","max-video-preview":"max-video-preview:-1"},"canonical":"https:\/\/wp.kristdemokraterna.se\/varnamo\/2014\/05\/19\/ostkakeraddare-besokte-rydaholm\/","og_locale":"sv_SE","og_type":"article","og_title":"Ostkaker\u00e4ddare bes\u00f6kte Rydaholm - KRISTDEMOKRATERNA V\u00c4RNAMO","og_description":"\u2013\u00a0Ur ett freds- och frihetsperspektiv beh\u00f6ver vi EU \u2013\u00a0nu mer \u00e4n n\u00e5gonsin, betonade riksdagsledamot Irene Oskarsson (KD) vid dagens\u00a0bes\u00f6k i Rydaholm. Irene, som r\u00e4ddade den sm\u00e5l\u00e4ndska ostkakan, kandiderar nu till en plats i Europaparlamentet.","og_url":"https:\/\/wp.kristdemokraterna.se\/varnamo\/2014\/05\/19\/ostkakeraddare-besokte-rydaholm\/","og_site_name":"KRISTDEMOKRATERNA V\u00c4RNAMO","article_publisher":"https:\/\/www.facebook.com\/KDVarnamo\/","article_published_time":"2014-05-19T18:50:22+00:00","article_modified_time":"2015-07-09T20:36:17+00:00","og_image":[{"width":302,"height":201,"url":"https:\/\/wp.kristdemokraterna.se\/varnamo\/files\/2014\/05\/20140519_seniorforbundetrydaholm_ireneoskarsson.png","type":"image\/png"}],"author":"Kristdemokraterna V\u00e4rnamo","twitter_card":"summary_large_image","twitter_creator":"@KDVarnamo","twitter_site":"@KDVarnamo","twitter_misc":{"Skriven av":"Kristdemokraterna V\u00e4rnamo","Ber\u00e4knad l\u00e4stid":"1 minut"},"schema":{"@context":"https:\/\/schema.org","@graph":[{"@type":"Article","@id":"https:\/\/wp.kristdemokraterna.se\/varnamo\/2014\/05\/19\/ostkakeraddare-besokte-rydaholm\/#article","isPartOf":{"@id":"https:\/\/wp.kristdemokraterna.se\/varnamo\/2014\/05\/19\/ostkakeraddare-besokte-rydaholm\/"},"author":{"name":"Kristdemokraterna V\u00e4rnamo","@id":"https:\/\/wp.kristdemokraterna.se\/varnamo\/#\/schema\/person\/4e339ab04d613699e4dfe80a994e01d4"},"headline":"Ostkaker\u00e4ddare bes\u00f6kte Rydaholm","datePublished":"2014-05-19T18:50:22+00:00","dateModified":"2015-07-09T20:36:17+00:00","mainEntityOfPage":{"@id":"https:\/\/wp.kristdemokraterna.se\/varnamo\/2014\/05\/19\/ostkakeraddare-besokte-rydaholm\/"},"wordCount":221,"publisher":{"@id":"https:\/\/wp.kristdemokraterna.se\/varnamo\/#organization"},"image":{"@id":"https:\/\/wp.kristdemokraterna.se\/varnamo\/2014\/05\/19\/ostkakeraddare-besokte-rydaholm\/#primaryimage"},"thumbnailUrl":"https:\/\/wp.kristdemokraterna.se\/varnamo\/files\/2014\/05\/20140519_seniorforbundetrydaholm_ireneoskarsson.png","keywords":["ansvar","Bernt Olsson","EU","Europaparlamentet","fred","frihet","h\u00e5llbarhet","Herrmy Nenkert Pettersson","Irene Oskarsson","jordbruk","klimat","m\u00e4nniskov\u00e4rde","milj\u00f6","riksdagsledamot","Rydaholm","seniorf\u00f6rbundet","utveckling","valr\u00f6relse"],"articleSection":["Nyheter"],"inLanguage":"sv-SE"},{"@type":"WebPage","@id":"https:\/\/wp.kristdemokraterna.se\/varnamo\/2014\/05\/19\/ostkakeraddare-besokte-rydaholm\/","url":"https:\/\/wp.kristdemokraterna.se\/varnamo\/2014\/05\/19\/ostkakeraddare-besokte-rydaholm\/","name":"Ostkaker\u00e4ddare bes\u00f6kte Rydaholm - KRISTDEMOKRATERNA V\u00c4RNAMO","isPartOf":{"@id":"https:\/\/wp.kristdemokraterna.se\/varnamo\/#website"},"primaryImageOfPage":{"@id":"https:\/\/wp.kristdemokraterna.se\/varnamo\/2014\/05\/19\/ostkakeraddare-besokte-rydaholm\/#primaryimage"},"image":{"@id":"https:\/\/wp.kristdemokraterna.se\/varnamo\/2014\/05\/19\/ostkakeraddare-besokte-rydaholm\/#primaryimage"},"thumbnailUrl":"https:\/\/wp.kristdemokraterna.se\/varnamo\/files\/2014\/05\/20140519_seniorforbundetrydaholm_ireneoskarsson.png","datePublished":"2014-05-19T18:50:22+00:00","dateModified":"2015-07-09T20:36:17+00:00","breadcrumb":{"@id":"https:\/\/wp.kristdemokraterna.se\/varnamo\/2014\/05\/19\/ostkakeraddare-besokte-rydaholm\/#breadcrumb"},"inLanguage":"sv-SE","potentialAction":[{"@type":"ReadAction","target":["https:\/\/wp.kristdemokraterna.se\/varnamo\/2014\/05\/19\/ostkakeraddare-besokte-rydaholm\/"]}]},{"@type":"ImageObject","inLanguage":"sv-SE","@id":"https:\/\/wp.kristdemokraterna.se\/varnamo\/2014\/05\/19\/ostkakeraddare-besokte-rydaholm\/#primaryimage","url":"https:\/\/wp.kristdemokraterna.se\/varnamo\/files\/2014\/05\/20140519_seniorforbundetrydaholm_ireneoskarsson.png","contentUrl":"https:\/\/wp.kristdemokraterna.se\/varnamo\/files\/2014\/05\/20140519_seniorforbundetrydaholm_ireneoskarsson.png","width":302,"height":201,"caption":"\u2013 Ur ett freds- och frihetsperspektiv beh\u00f6ver vi EU \u2013 nu mer \u00e4n n\u00e5gonsin, betonade riksdagsledamot Irene Oskarsson (KD) vid dagens bes\u00f6k i Rydaholm."},{"@type":"BreadcrumbList","@id":"https:\/\/wp.kristdemokraterna.se\/varnamo\/2014\/05\/19\/ostkakeraddare-besokte-rydaholm\/#breadcrumb","itemListElement":[{"@type":"ListItem","position":1,"name":"Hem","item":"https:\/\/wp.kristdemokraterna.se\/varnamo\/"},{"@type":"ListItem","position":2,"name":"Ostkaker\u00e4ddare bes\u00f6kte Rydaholm"}]},{"@type":"WebSite","@id":"https:\/\/wp.kristdemokraterna.se\/varnamo\/#website","url":"https:\/\/wp.kristdemokraterna.se\/varnamo\/","name":"KRISTDEMOKRATERNA V\u00c4RNAMO","description":"Med hj\u00e4rta f\u00f6r V\u00e4rnamo","publisher":{"@id":"https:\/\/wp.kristdemokraterna.se\/varnamo\/#organization"},"inLanguage":"sv-SE"},{"@type":"Organization","@id":"https:\/\/wp.kristdemokraterna.se\/varnamo\/#organization","name":"Kristdemokraterna V\u00e4rnamo","url":"https:\/\/wp.kristdemokraterna.se\/varnamo\/","logo":{"@type":"ImageObject","inLanguage":"sv-SE","@id":"https:\/\/wp.kristdemokraterna.se\/varnamo\/#\/schema\/logo\/image\/","url":"https:\/\/wp.kristdemokraterna.se\/varnamo\/files\/2022\/08\/va\u2560ernamo-sida-bla-300dpi.png","contentUrl":"https:\/\/wp.kristdemokraterna.se\/varnamo\/files\/2022\/08\/va\u2560ernamo-sida-bla-300dpi.png","width":1485,"height":681,"caption":"Kristdemokraterna V\u00e4rnamo"},"image":{"@id":"https:\/\/wp.kristdemokraterna.se\/varnamo\/#\/schema\/logo\/image\/"},"sameAs":["https:\/\/www.facebook.com\/KDVarnamo\/","https:\/\/x.com\/KDVarnamo","https:\/\/www.instagram.com\/","https:\/\/www.youtube.com\/user\/studiokd\/videos"]},{"@type":"Person","@id":"https:\/\/wp.kristdemokraterna.se\/varnamo\/#\/schema\/person\/4e339ab04d613699e4dfe80a994e01d4","name":"Kristdemokraterna V\u00e4rnamo","image":{"@type":"ImageObject","inLanguage":"sv-SE","@id":"https:\/\/secure.gravatar.com\/avatar\/c122e48c7723992af51eb155eeaa93db3c1fa324e3fc6ec45dd712c812809b5b?s=96&r=g","url":"https:\/\/secure.gravatar.com\/avatar\/c122e48c7723992af51eb155eeaa93db3c1fa324e3fc6ec45dd712c812809b5b?s=96&r=g","contentUrl":"https:\/\/secure.gravatar.com\/avatar\/c122e48c7723992af51eb155eeaa93db3c1fa324e3fc6ec45dd712c812809b5b?s=96&r=g","caption":"Kristdemokraterna V\u00e4rnamo"},"description":"Familjens r\u00f6st","sameAs":["http:\/\/www.varnamo.kristdemokraterna.se"],"url":"https:\/\/wp.kristdemokraterna.se\/varnamo\/author\/varnamo\/"}]}},"_links":{"self":[{"href":"https:\/\/wp.kristdemokraterna.se\/varnamo\/wp-json\/wp\/v2\/posts\/5237","targetHints":{"allow":["GET"]}}],"collection":[{"href":"https:\/\/wp.kristdemokraterna.se\/varnamo\/wp-json\/wp\/v2\/posts"}],"about":[{"href":"https:\/\/wp.kristdemokraterna.se\/varnamo\/wp-json\/wp\/v2\/types\/post"}],"author":[{"embeddable":true,"href":"https:\/\/wp.kristdemokraterna.se\/varnamo\/wp-json\/wp\/v2\/users\/412"}],"replies":[{"embeddable":true,"href":"https:\/\/wp.kristdemokraterna.se\/varnamo\/wp-json\/wp\/v2\/comments?post=5237"}],"version-history":[{"count":12,"href":"https:\/\/wp.kristdemokraterna.se\/varnamo\/wp-json\/wp\/v2\/posts\/5237\/revisions"}],"predecessor-version":[{"id":6576,"href":"https:\/\/wp.kristdemokraterna.se\/varnamo\/wp-json\/wp\/v2\/posts\/5237\/revisions\/6576"}],"wp:featuredmedia":[{"embeddable":true,"href":"https:\/\/wp.kristdemokraterna.se\/varnamo\/wp-json\/wp\/v2\/media\/5254"}],"wp:attachment":[{"href":"https:\/\/wp.kristdemokraterna.se\/varnamo\/wp-json\/wp\/v2\/media?parent=5237"}],"wp:term":[{"taxonomy":"category","embeddable":true,"href":"https:\/\/wp.kristdemokraterna.se\/varnamo\/wp-json\/wp\/v2\/categories?post=5237"},{"taxonomy":"post_tag","embeddable":true,"href":"https:\/\/wp.kristdemokraterna.se\/varnamo\/wp-json\/wp\/v2\/tags?post=5237"}],"curies":[{"name":"wp","href":"https:\/\/api.w.org\/{rel}","templated":true}]}}