{"id":5259,"date":"2014-05-24T22:31:39","date_gmt":"2014-05-24T20:31:39","guid":{"rendered":"http:\/\/wp.kristdemokraterna.se\/varnamo\/?p=5259"},"modified":"2015-07-09T22:34:49","modified_gmt":"2015-07-09T20:34:49","slug":"valspurt-pa-karnevalen","status":"publish","type":"post","link":"https:\/\/wp.kristdemokraterna.se\/varnamo\/2014\/05\/24\/valspurt-pa-karnevalen\/","title":{"rendered":"Valspurt p\u00e5 karnevalen"},"content":{"rendered":"<p>Karnevalen som s\u00e5g ut att \u00e5ska bort blev en riktigt glad och trivsam tillst\u00e4llning. Naturligtvis ville Kristdemokraterna bidra till st\u00e4mningen s\u00e5 h\u00e4r dagen innan det stora valet till Europaparlamentet. I deras\u00a0partyt\u00e4lt kunde man leka <em>S\u00e4tta knorren p\u00e5 grisen<\/em> f\u00f6r att uppm\u00e4rksamma Ebba Busch Thors (tv\u00e5a p\u00e5 valsedeln) kamp f\u00f6r att Danmark och andra l\u00e4nder \u00e5tminstone ska f\u00f6lja de djurskyddsregler de sj\u00e4lva varit med och kommit \u00f6verens om.<\/p>\n<p><!--more--><\/p>\n<p>Till kaffet serverades naturligtvis <em>brysselkex<\/em>\u00a0\u2013\u00a0det \u00e4r ju i Europaparlamentet i Bryssel\u00a0som Kristdemokraterna\u00a0vill att Lars Adaktusson (etta p\u00e5 valsedeln) ska jobba med utrikespolitik och m\u00e4nskliga r\u00e4ttigheter de n\u00e4rmaste \u00e5ren. M\u00e5nga karnevalsbes\u00f6kare stannade till och uttryckte sin uppskattning av Kristdemokraternas kandidater i EU-valet.<\/p>\n\n\t\t<style type=\"text\/css\">\n\t\t\t#gallery-1 {\n\t\t\t\tmargin: auto;\n\t\t\t}\n\t\t\t#gallery-1 .gallery-item {\n\t\t\t\tfloat: left;\n\t\t\t\tmargin-top: 10px;\n\t\t\t\ttext-align: center;\n\t\t\t\twidth: 50%;\n\t\t\t}\n\t\t\t#gallery-1 img {\n\t\t\t\tborder: 2px solid #cfcfcf;\n\t\t\t}\n\t\t\t#gallery-1 .gallery-caption {\n\t\t\t\tmargin-left: 0;\n\t\t\t}\n\t\t\t\/* see gallery_shortcode() in wp-includes\/media.php *\/\n\t\t<\/style>\n\t\t<div id='gallery-1' class='gallery galleryid-5259 gallery-columns-2 gallery-size-thumbnail'><dl class='gallery-item'>\n\t\t\t<dt class='gallery-icon landscape'>\n\t\t\t\t<a href='https:\/\/wp.kristdemokraterna.se\/varnamo\/20140524-valspurt\/'><img loading=\"lazy\" decoding=\"async\" width=\"150\" height=\"150\" src=\"https:\/\/wp.kristdemokraterna.se\/varnamo\/files\/2014\/05\/20140524_valspurt-150x150.png\" class=\"attachment-thumbnail size-thumbnail\" alt=\"Karnevalsst\u00e4mning i V\u00e4rnamo med riksdagsledamot Andreas Carlson och KDU:s distriktsordf\u00f6rande Simon Tengberg. (Foto: H\u00e5kan Johansson)\" aria-describedby=\"gallery-1-5255\" \/><\/a>\n\t\t\t<\/dt>\n\t\t\t\t<dd class='wp-caption-text gallery-caption' id='gallery-1-5255'>\n\t\t\t\tKarnevalsst\u00e4mning i V\u00e4rnamo med riksdagsledamot Andreas Carlson och KDU:s distriktsordf\u00f6rande Simon Tengberg. (Foto: H\u00e5kan Johansson)\n\t\t\t\t<\/dd><\/dl><dl class='gallery-item'>\n\t\t\t<dt class='gallery-icon landscape'>\n\t\t\t\t<a href='https:\/\/wp.kristdemokraterna.se\/varnamo\/20140524-valspurt-torbjorneriksson-camillarinaldomiller\/'><img loading=\"lazy\" decoding=\"async\" width=\"150\" height=\"150\" src=\"https:\/\/wp.kristdemokraterna.se\/varnamo\/files\/2014\/05\/20140524_valspurt_torbjorneriksson_camillarinaldomiller-150x150.png\" class=\"attachment-thumbnail size-thumbnail\" alt=\"S\u00e4tta knorren p\u00e5 grisen och Camillas brysselkex - karnevalens h\u00f6jdpunkt i V\u00e4rnamo dagen innan valet! (Foto: H\u00e5kan Johansson)\" aria-describedby=\"gallery-1-5256\" \/><\/a>\n\t\t\t<\/dt>\n\t\t\t\t<dd class='wp-caption-text gallery-caption' id='gallery-1-5256'>\n\t\t\t\tS\u00e4tta knorren p\u00e5 grisen och Camillas brysselkex &#8211; karnevalens h\u00f6jdpunkt i V\u00e4rnamo dagen innan valet! (Foto: H\u00e5kan Johansson)\n\t\t\t\t<\/dd><\/dl><br style=\"clear: both\" \/>\n\t\t<\/div>\n\n","protected":false},"excerpt":{"rendered":"<p>Karnevalen som s\u00e5g ut att \u00e5ska bort blev en riktigt glad och trivsam tillst\u00e4llning. Naturligtvis ville Kristdemokraterna bidra till st\u00e4mningen s\u00e5 h\u00e4r dagen innan det stora valet till Europaparlamentet. I deras\u00a0partyt\u00e4lt kunde man leka S\u00e4tta knorren p\u00e5 grisen f\u00f6r att uppm\u00e4rksamma Ebba Busch Thors (tv\u00e5a p\u00e5 valsedeln) kamp f\u00f6r att Danmark och andra l\u00e4nder \u00e5tminstone <a class=\"read-more-link\" href=\"https:\/\/wp.kristdemokraterna.se\/varnamo\/2014\/05\/24\/valspurt-pa-karnevalen\/\">Read More<\/a><\/p>\n","protected":false},"author":412,"featured_media":5256,"comment_status":"closed","ping_status":"closed","sticky":false,"template":"","format":"standard","meta":{"_acf_changed":false,"footnotes":""},"categories":[11],"tags":[83,488,484,483,204,60,517,477,208,490,489,62],"class_list":["post-5259","post","type-post","status-publish","format-standard","hentry","category-nyheter","tag-andreas-carlson","tag-bryssel","tag-djurskydd","tag-ebba-busch-thor","tag-europaparlamentet","tag-kampanj","tag-karneval","tag-lars-adaktusson","tag-manskliga-rattigheter","tag-ratt-agenda","tag-simon-tengberg","tag-valrorelse"],"acf":[],"yoast_head":"<!-- This site is optimized with the Yoast SEO plugin v27.4 - https:\/\/yoast.com\/product\/yoast-seo-wordpress\/ -->\n<title>Valspurt p\u00e5 karnevalen - KRISTDEMOKRATERNA V\u00c4RNAMO<\/title>\n<meta name=\"robots\" content=\"index, follow, max-snippet:-1, max-image-preview:large, max-video-preview:-1\" \/>\n<link rel=\"canonical\" href=\"https:\/\/wp.kristdemokraterna.se\/varnamo\/2014\/05\/24\/valspurt-pa-karnevalen\/\" \/>\n<meta property=\"og:locale\" content=\"sv_SE\" \/>\n<meta property=\"og:type\" content=\"article\" \/>\n<meta property=\"og:title\" content=\"Valspurt p\u00e5 karnevalen - KRISTDEMOKRATERNA V\u00c4RNAMO\" \/>\n<meta property=\"og:description\" content=\"Karnevalen som s\u00e5g ut att \u00e5ska bort blev en riktigt glad och trivsam tillst\u00e4llning. Naturligtvis ville Kristdemokraterna bidra till st\u00e4mningen s\u00e5 h\u00e4r dagen innan det stora valet till Europaparlamentet. I deras\u00a0partyt\u00e4lt kunde man leka S\u00e4tta knorren p\u00e5 grisen f\u00f6r att uppm\u00e4rksamma Ebba Busch Thors (tv\u00e5a p\u00e5 valsedeln) kamp f\u00f6r att Danmark och andra l\u00e4nder \u00e5tminstone Read More\" \/>\n<meta property=\"og:url\" content=\"https:\/\/wp.kristdemokraterna.se\/varnamo\/2014\/05\/24\/valspurt-pa-karnevalen\/\" \/>\n<meta property=\"og:site_name\" content=\"KRISTDEMOKRATERNA V\u00c4RNAMO\" \/>\n<meta property=\"article:publisher\" content=\"https:\/\/www.facebook.com\/KDVarnamo\/\" \/>\n<meta property=\"article:published_time\" content=\"2014-05-24T20:31:39+00:00\" \/>\n<meta property=\"article:modified_time\" content=\"2015-07-09T20:34:49+00:00\" \/>\n<meta property=\"og:image\" content=\"https:\/\/wp.kristdemokraterna.se\/varnamo\/files\/2014\/05\/20140524_valspurt_torbjorneriksson_camillarinaldomiller.png\" \/>\n\t<meta property=\"og:image:width\" content=\"346\" \/>\n\t<meta property=\"og:image:height\" content=\"261\" \/>\n\t<meta property=\"og:image:type\" content=\"image\/png\" \/>\n<meta name=\"author\" content=\"Kristdemokraterna V\u00e4rnamo\" \/>\n<meta name=\"twitter:card\" content=\"summary_large_image\" \/>\n<meta name=\"twitter:creator\" content=\"@KDVarnamo\" \/>\n<meta name=\"twitter:site\" content=\"@KDVarnamo\" \/>\n<meta name=\"twitter:label1\" content=\"Skriven av\" \/>\n\t<meta name=\"twitter:data1\" content=\"Kristdemokraterna V\u00e4rnamo\" \/>\n\t<meta name=\"twitter:label2\" content=\"Ber\u00e4knad l\u00e4stid\" \/>\n\t<meta name=\"twitter:data2\" content=\"1 minut\" \/>\n<script type=\"application\/ld+json\" class=\"yoast-schema-graph\">{\"@context\":\"https:\\\/\\\/schema.org\",\"@graph\":[{\"@type\":\"Article\",\"@id\":\"https:\\\/\\\/wp.kristdemokraterna.se\\\/varnamo\\\/2014\\\/05\\\/24\\\/valspurt-pa-karnevalen\\\/#article\",\"isPartOf\":{\"@id\":\"https:\\\/\\\/wp.kristdemokraterna.se\\\/varnamo\\\/2014\\\/05\\\/24\\\/valspurt-pa-karnevalen\\\/\"},\"author\":{\"name\":\"Kristdemokraterna V\u00e4rnamo\",\"@id\":\"https:\\\/\\\/wp.kristdemokraterna.se\\\/varnamo\\\/#\\\/schema\\\/person\\\/4e339ab04d613699e4dfe80a994e01d4\"},\"headline\":\"Valspurt p\u00e5 karnevalen\",\"datePublished\":\"2014-05-24T20:31:39+00:00\",\"dateModified\":\"2015-07-09T20:34:49+00:00\",\"mainEntityOfPage\":{\"@id\":\"https:\\\/\\\/wp.kristdemokraterna.se\\\/varnamo\\\/2014\\\/05\\\/24\\\/valspurt-pa-karnevalen\\\/\"},\"wordCount\":140,\"publisher\":{\"@id\":\"https:\\\/\\\/wp.kristdemokraterna.se\\\/varnamo\\\/#organization\"},\"image\":{\"@id\":\"https:\\\/\\\/wp.kristdemokraterna.se\\\/varnamo\\\/2014\\\/05\\\/24\\\/valspurt-pa-karnevalen\\\/#primaryimage\"},\"thumbnailUrl\":\"https:\\\/\\\/wp.kristdemokraterna.se\\\/varnamo\\\/files\\\/2014\\\/05\\\/20140524_valspurt_torbjorneriksson_camillarinaldomiller.png\",\"keywords\":[\"Andreas Carlson\",\"Bryssel\",\"djurskydd\",\"Ebba Busch Thor\",\"Europaparlamentet\",\"kampanj\",\"karneval\",\"Lars Adaktusson\",\"m\u00e4nskliga r\u00e4ttigheter\",\"r\u00e4tt agenda\",\"Simon Tengberg\",\"valr\u00f6relse\"],\"articleSection\":[\"Nyheter\"],\"inLanguage\":\"sv-SE\"},{\"@type\":\"WebPage\",\"@id\":\"https:\\\/\\\/wp.kristdemokraterna.se\\\/varnamo\\\/2014\\\/05\\\/24\\\/valspurt-pa-karnevalen\\\/\",\"url\":\"https:\\\/\\\/wp.kristdemokraterna.se\\\/varnamo\\\/2014\\\/05\\\/24\\\/valspurt-pa-karnevalen\\\/\",\"name\":\"Valspurt p\u00e5 karnevalen - KRISTDEMOKRATERNA V\u00c4RNAMO\",\"isPartOf\":{\"@id\":\"https:\\\/\\\/wp.kristdemokraterna.se\\\/varnamo\\\/#website\"},\"primaryImageOfPage\":{\"@id\":\"https:\\\/\\\/wp.kristdemokraterna.se\\\/varnamo\\\/2014\\\/05\\\/24\\\/valspurt-pa-karnevalen\\\/#primaryimage\"},\"image\":{\"@id\":\"https:\\\/\\\/wp.kristdemokraterna.se\\\/varnamo\\\/2014\\\/05\\\/24\\\/valspurt-pa-karnevalen\\\/#primaryimage\"},\"thumbnailUrl\":\"https:\\\/\\\/wp.kristdemokraterna.se\\\/varnamo\\\/files\\\/2014\\\/05\\\/20140524_valspurt_torbjorneriksson_camillarinaldomiller.png\",\"datePublished\":\"2014-05-24T20:31:39+00:00\",\"dateModified\":\"2015-07-09T20:34:49+00:00\",\"breadcrumb\":{\"@id\":\"https:\\\/\\\/wp.kristdemokraterna.se\\\/varnamo\\\/2014\\\/05\\\/24\\\/valspurt-pa-karnevalen\\\/#breadcrumb\"},\"inLanguage\":\"sv-SE\",\"potentialAction\":[{\"@type\":\"ReadAction\",\"target\":[\"https:\\\/\\\/wp.kristdemokraterna.se\\\/varnamo\\\/2014\\\/05\\\/24\\\/valspurt-pa-karnevalen\\\/\"]}]},{\"@type\":\"ImageObject\",\"inLanguage\":\"sv-SE\",\"@id\":\"https:\\\/\\\/wp.kristdemokraterna.se\\\/varnamo\\\/2014\\\/05\\\/24\\\/valspurt-pa-karnevalen\\\/#primaryimage\",\"url\":\"https:\\\/\\\/wp.kristdemokraterna.se\\\/varnamo\\\/files\\\/2014\\\/05\\\/20140524_valspurt_torbjorneriksson_camillarinaldomiller.png\",\"contentUrl\":\"https:\\\/\\\/wp.kristdemokraterna.se\\\/varnamo\\\/files\\\/2014\\\/05\\\/20140524_valspurt_torbjorneriksson_camillarinaldomiller.png\",\"width\":346,\"height\":261,\"caption\":\"S\u00e4tta knorren p\u00e5 grisen och Camillas brysselkex - karnevalens h\u00f6jdpunkt i V\u00e4rnamo dagen innan valet! (Foto: H\u00e5kan Johansson)\"},{\"@type\":\"BreadcrumbList\",\"@id\":\"https:\\\/\\\/wp.kristdemokraterna.se\\\/varnamo\\\/2014\\\/05\\\/24\\\/valspurt-pa-karnevalen\\\/#breadcrumb\",\"itemListElement\":[{\"@type\":\"ListItem\",\"position\":1,\"name\":\"Hem\",\"item\":\"https:\\\/\\\/wp.kristdemokraterna.se\\\/varnamo\\\/\"},{\"@type\":\"ListItem\",\"position\":2,\"name\":\"Valspurt p\u00e5 karnevalen\"}]},{\"@type\":\"WebSite\",\"@id\":\"https:\\\/\\\/wp.kristdemokraterna.se\\\/varnamo\\\/#website\",\"url\":\"https:\\\/\\\/wp.kristdemokraterna.se\\\/varnamo\\\/\",\"name\":\"KRISTDEMOKRATERNA V\u00c4RNAMO\",\"description\":\"Med hj\u00e4rta f\u00f6r V\u00e4rnamo\",\"publisher\":{\"@id\":\"https:\\\/\\\/wp.kristdemokraterna.se\\\/varnamo\\\/#organization\"},\"inLanguage\":\"sv-SE\"},{\"@type\":\"Organization\",\"@id\":\"https:\\\/\\\/wp.kristdemokraterna.se\\\/varnamo\\\/#organization\",\"name\":\"Kristdemokraterna V\u00e4rnamo\",\"url\":\"https:\\\/\\\/wp.kristdemokraterna.se\\\/varnamo\\\/\",\"logo\":{\"@type\":\"ImageObject\",\"inLanguage\":\"sv-SE\",\"@id\":\"https:\\\/\\\/wp.kristdemokraterna.se\\\/varnamo\\\/#\\\/schema\\\/logo\\\/image\\\/\",\"url\":\"https:\\\/\\\/wp.kristdemokraterna.se\\\/varnamo\\\/files\\\/2022\\\/08\\\/va\u2560ernamo-sida-bla-300dpi.png\",\"contentUrl\":\"https:\\\/\\\/wp.kristdemokraterna.se\\\/varnamo\\\/files\\\/2022\\\/08\\\/va\u2560ernamo-sida-bla-300dpi.png\",\"width\":1485,\"height\":681,\"caption\":\"Kristdemokraterna V\u00e4rnamo\"},\"image\":{\"@id\":\"https:\\\/\\\/wp.kristdemokraterna.se\\\/varnamo\\\/#\\\/schema\\\/logo\\\/image\\\/\"},\"sameAs\":[\"https:\\\/\\\/www.facebook.com\\\/KDVarnamo\\\/\",\"https:\\\/\\\/x.com\\\/KDVarnamo\",\"https:\\\/\\\/www.instagram.com\\\/\",\"https:\\\/\\\/www.youtube.com\\\/user\\\/studiokd\\\/videos\"]},{\"@type\":\"Person\",\"@id\":\"https:\\\/\\\/wp.kristdemokraterna.se\\\/varnamo\\\/#\\\/schema\\\/person\\\/4e339ab04d613699e4dfe80a994e01d4\",\"name\":\"Kristdemokraterna V\u00e4rnamo\",\"image\":{\"@type\":\"ImageObject\",\"inLanguage\":\"sv-SE\",\"@id\":\"https:\\\/\\\/secure.gravatar.com\\\/avatar\\\/c122e48c7723992af51eb155eeaa93db3c1fa324e3fc6ec45dd712c812809b5b?s=96&r=g\",\"url\":\"https:\\\/\\\/secure.gravatar.com\\\/avatar\\\/c122e48c7723992af51eb155eeaa93db3c1fa324e3fc6ec45dd712c812809b5b?s=96&r=g\",\"contentUrl\":\"https:\\\/\\\/secure.gravatar.com\\\/avatar\\\/c122e48c7723992af51eb155eeaa93db3c1fa324e3fc6ec45dd712c812809b5b?s=96&r=g\",\"caption\":\"Kristdemokraterna V\u00e4rnamo\"},\"description\":\"Familjens r\u00f6st\",\"sameAs\":[\"http:\\\/\\\/www.varnamo.kristdemokraterna.se\"],\"url\":\"https:\\\/\\\/wp.kristdemokraterna.se\\\/varnamo\\\/author\\\/varnamo\\\/\"}]}<\/script>\n<!-- \/ Yoast SEO plugin. -->","yoast_head_json":{"title":"Valspurt p\u00e5 karnevalen - KRISTDEMOKRATERNA V\u00c4RNAMO","robots":{"index":"index","follow":"follow","max-snippet":"max-snippet:-1","max-image-preview":"max-image-preview:large","max-video-preview":"max-video-preview:-1"},"canonical":"https:\/\/wp.kristdemokraterna.se\/varnamo\/2014\/05\/24\/valspurt-pa-karnevalen\/","og_locale":"sv_SE","og_type":"article","og_title":"Valspurt p\u00e5 karnevalen - KRISTDEMOKRATERNA V\u00c4RNAMO","og_description":"Karnevalen som s\u00e5g ut att \u00e5ska bort blev en riktigt glad och trivsam tillst\u00e4llning. Naturligtvis ville Kristdemokraterna bidra till st\u00e4mningen s\u00e5 h\u00e4r dagen innan det stora valet till Europaparlamentet. I deras\u00a0partyt\u00e4lt kunde man leka S\u00e4tta knorren p\u00e5 grisen f\u00f6r att uppm\u00e4rksamma Ebba Busch Thors (tv\u00e5a p\u00e5 valsedeln) kamp f\u00f6r att Danmark och andra l\u00e4nder \u00e5tminstone Read More","og_url":"https:\/\/wp.kristdemokraterna.se\/varnamo\/2014\/05\/24\/valspurt-pa-karnevalen\/","og_site_name":"KRISTDEMOKRATERNA V\u00c4RNAMO","article_publisher":"https:\/\/www.facebook.com\/KDVarnamo\/","article_published_time":"2014-05-24T20:31:39+00:00","article_modified_time":"2015-07-09T20:34:49+00:00","og_image":[{"width":346,"height":261,"url":"https:\/\/wp.kristdemokraterna.se\/varnamo\/files\/2014\/05\/20140524_valspurt_torbjorneriksson_camillarinaldomiller.png","type":"image\/png"}],"author":"Kristdemokraterna V\u00e4rnamo","twitter_card":"summary_large_image","twitter_creator":"@KDVarnamo","twitter_site":"@KDVarnamo","twitter_misc":{"Skriven av":"Kristdemokraterna V\u00e4rnamo","Ber\u00e4knad l\u00e4stid":"1 minut"},"schema":{"@context":"https:\/\/schema.org","@graph":[{"@type":"Article","@id":"https:\/\/wp.kristdemokraterna.se\/varnamo\/2014\/05\/24\/valspurt-pa-karnevalen\/#article","isPartOf":{"@id":"https:\/\/wp.kristdemokraterna.se\/varnamo\/2014\/05\/24\/valspurt-pa-karnevalen\/"},"author":{"name":"Kristdemokraterna V\u00e4rnamo","@id":"https:\/\/wp.kristdemokraterna.se\/varnamo\/#\/schema\/person\/4e339ab04d613699e4dfe80a994e01d4"},"headline":"Valspurt p\u00e5 karnevalen","datePublished":"2014-05-24T20:31:39+00:00","dateModified":"2015-07-09T20:34:49+00:00","mainEntityOfPage":{"@id":"https:\/\/wp.kristdemokraterna.se\/varnamo\/2014\/05\/24\/valspurt-pa-karnevalen\/"},"wordCount":140,"publisher":{"@id":"https:\/\/wp.kristdemokraterna.se\/varnamo\/#organization"},"image":{"@id":"https:\/\/wp.kristdemokraterna.se\/varnamo\/2014\/05\/24\/valspurt-pa-karnevalen\/#primaryimage"},"thumbnailUrl":"https:\/\/wp.kristdemokraterna.se\/varnamo\/files\/2014\/05\/20140524_valspurt_torbjorneriksson_camillarinaldomiller.png","keywords":["Andreas Carlson","Bryssel","djurskydd","Ebba Busch Thor","Europaparlamentet","kampanj","karneval","Lars Adaktusson","m\u00e4nskliga r\u00e4ttigheter","r\u00e4tt agenda","Simon Tengberg","valr\u00f6relse"],"articleSection":["Nyheter"],"inLanguage":"sv-SE"},{"@type":"WebPage","@id":"https:\/\/wp.kristdemokraterna.se\/varnamo\/2014\/05\/24\/valspurt-pa-karnevalen\/","url":"https:\/\/wp.kristdemokraterna.se\/varnamo\/2014\/05\/24\/valspurt-pa-karnevalen\/","name":"Valspurt p\u00e5 karnevalen - KRISTDEMOKRATERNA V\u00c4RNAMO","isPartOf":{"@id":"https:\/\/wp.kristdemokraterna.se\/varnamo\/#website"},"primaryImageOfPage":{"@id":"https:\/\/wp.kristdemokraterna.se\/varnamo\/2014\/05\/24\/valspurt-pa-karnevalen\/#primaryimage"},"image":{"@id":"https:\/\/wp.kristdemokraterna.se\/varnamo\/2014\/05\/24\/valspurt-pa-karnevalen\/#primaryimage"},"thumbnailUrl":"https:\/\/wp.kristdemokraterna.se\/varnamo\/files\/2014\/05\/20140524_valspurt_torbjorneriksson_camillarinaldomiller.png","datePublished":"2014-05-24T20:31:39+00:00","dateModified":"2015-07-09T20:34:49+00:00","breadcrumb":{"@id":"https:\/\/wp.kristdemokraterna.se\/varnamo\/2014\/05\/24\/valspurt-pa-karnevalen\/#breadcrumb"},"inLanguage":"sv-SE","potentialAction":[{"@type":"ReadAction","target":["https:\/\/wp.kristdemokraterna.se\/varnamo\/2014\/05\/24\/valspurt-pa-karnevalen\/"]}]},{"@type":"ImageObject","inLanguage":"sv-SE","@id":"https:\/\/wp.kristdemokraterna.se\/varnamo\/2014\/05\/24\/valspurt-pa-karnevalen\/#primaryimage","url":"https:\/\/wp.kristdemokraterna.se\/varnamo\/files\/2014\/05\/20140524_valspurt_torbjorneriksson_camillarinaldomiller.png","contentUrl":"https:\/\/wp.kristdemokraterna.se\/varnamo\/files\/2014\/05\/20140524_valspurt_torbjorneriksson_camillarinaldomiller.png","width":346,"height":261,"caption":"S\u00e4tta knorren p\u00e5 grisen och Camillas brysselkex - karnevalens h\u00f6jdpunkt i V\u00e4rnamo dagen innan valet! (Foto: H\u00e5kan Johansson)"},{"@type":"BreadcrumbList","@id":"https:\/\/wp.kristdemokraterna.se\/varnamo\/2014\/05\/24\/valspurt-pa-karnevalen\/#breadcrumb","itemListElement":[{"@type":"ListItem","position":1,"name":"Hem","item":"https:\/\/wp.kristdemokraterna.se\/varnamo\/"},{"@type":"ListItem","position":2,"name":"Valspurt p\u00e5 karnevalen"}]},{"@type":"WebSite","@id":"https:\/\/wp.kristdemokraterna.se\/varnamo\/#website","url":"https:\/\/wp.kristdemokraterna.se\/varnamo\/","name":"KRISTDEMOKRATERNA V\u00c4RNAMO","description":"Med hj\u00e4rta f\u00f6r V\u00e4rnamo","publisher":{"@id":"https:\/\/wp.kristdemokraterna.se\/varnamo\/#organization"},"inLanguage":"sv-SE"},{"@type":"Organization","@id":"https:\/\/wp.kristdemokraterna.se\/varnamo\/#organization","name":"Kristdemokraterna V\u00e4rnamo","url":"https:\/\/wp.kristdemokraterna.se\/varnamo\/","logo":{"@type":"ImageObject","inLanguage":"sv-SE","@id":"https:\/\/wp.kristdemokraterna.se\/varnamo\/#\/schema\/logo\/image\/","url":"https:\/\/wp.kristdemokraterna.se\/varnamo\/files\/2022\/08\/va\u2560ernamo-sida-bla-300dpi.png","contentUrl":"https:\/\/wp.kristdemokraterna.se\/varnamo\/files\/2022\/08\/va\u2560ernamo-sida-bla-300dpi.png","width":1485,"height":681,"caption":"Kristdemokraterna V\u00e4rnamo"},"image":{"@id":"https:\/\/wp.kristdemokraterna.se\/varnamo\/#\/schema\/logo\/image\/"},"sameAs":["https:\/\/www.facebook.com\/KDVarnamo\/","https:\/\/x.com\/KDVarnamo","https:\/\/www.instagram.com\/","https:\/\/www.youtube.com\/user\/studiokd\/videos"]},{"@type":"Person","@id":"https:\/\/wp.kristdemokraterna.se\/varnamo\/#\/schema\/person\/4e339ab04d613699e4dfe80a994e01d4","name":"Kristdemokraterna V\u00e4rnamo","image":{"@type":"ImageObject","inLanguage":"sv-SE","@id":"https:\/\/secure.gravatar.com\/avatar\/c122e48c7723992af51eb155eeaa93db3c1fa324e3fc6ec45dd712c812809b5b?s=96&r=g","url":"https:\/\/secure.gravatar.com\/avatar\/c122e48c7723992af51eb155eeaa93db3c1fa324e3fc6ec45dd712c812809b5b?s=96&r=g","contentUrl":"https:\/\/secure.gravatar.com\/avatar\/c122e48c7723992af51eb155eeaa93db3c1fa324e3fc6ec45dd712c812809b5b?s=96&r=g","caption":"Kristdemokraterna V\u00e4rnamo"},"description":"Familjens r\u00f6st","sameAs":["http:\/\/www.varnamo.kristdemokraterna.se"],"url":"https:\/\/wp.kristdemokraterna.se\/varnamo\/author\/varnamo\/"}]}},"_links":{"self":[{"href":"https:\/\/wp.kristdemokraterna.se\/varnamo\/wp-json\/wp\/v2\/posts\/5259","targetHints":{"allow":["GET"]}}],"collection":[{"href":"https:\/\/wp.kristdemokraterna.se\/varnamo\/wp-json\/wp\/v2\/posts"}],"about":[{"href":"https:\/\/wp.kristdemokraterna.se\/varnamo\/wp-json\/wp\/v2\/types\/post"}],"author":[{"embeddable":true,"href":"https:\/\/wp.kristdemokraterna.se\/varnamo\/wp-json\/wp\/v2\/users\/412"}],"replies":[{"embeddable":true,"href":"https:\/\/wp.kristdemokraterna.se\/varnamo\/wp-json\/wp\/v2\/comments?post=5259"}],"version-history":[{"count":14,"href":"https:\/\/wp.kristdemokraterna.se\/varnamo\/wp-json\/wp\/v2\/posts\/5259\/revisions"}],"predecessor-version":[{"id":6575,"href":"https:\/\/wp.kristdemokraterna.se\/varnamo\/wp-json\/wp\/v2\/posts\/5259\/revisions\/6575"}],"wp:featuredmedia":[{"embeddable":true,"href":"https:\/\/wp.kristdemokraterna.se\/varnamo\/wp-json\/wp\/v2\/media\/5256"}],"wp:attachment":[{"href":"https:\/\/wp.kristdemokraterna.se\/varnamo\/wp-json\/wp\/v2\/media?parent=5259"}],"wp:term":[{"taxonomy":"category","embeddable":true,"href":"https:\/\/wp.kristdemokraterna.se\/varnamo\/wp-json\/wp\/v2\/categories?post=5259"},{"taxonomy":"post_tag","embeddable":true,"href":"https:\/\/wp.kristdemokraterna.se\/varnamo\/wp-json\/wp\/v2\/tags?post=5259"}],"curies":[{"name":"wp","href":"https:\/\/api.w.org\/{rel}","templated":true}]}}