{"id":5301,"date":"2014-06-10T22:37:23","date_gmt":"2014-06-10T20:37:23","guid":{"rendered":"http:\/\/wp.kristdemokraterna.se\/varnamo\/?p=5301"},"modified":"2017-09-18T17:15:13","modified_gmt":"2017-09-18T15:15:13","slug":"tack-varnamo","status":"publish","type":"post","link":"https:\/\/wp.kristdemokraterna.se\/varnamo\/2014\/06\/10\/tack-varnamo\/","title":{"rendered":"Tack V\u00e4rnamo!"},"content":{"rendered":"<p>Efter det <a title=\"N\u00e4st b\u00e4sta valresultatet n\u00e5gonsin\" href=\"http:\/\/wp.kristdemokraterna.se\/varnamo\/2014\/05\/28\/nast-basta-valresultatet-nagonsin\/\">n\u00e4st b\u00e4sta valresultatet<\/a> i v\u00e4rnamoavdelningens historia tackar\u00a0valledare Torbj\u00f6rn Eriksson och ordf\u00f6rande Camilla Rinaldo Miller\u00a0v\u00e4rnamoborna f\u00f6r det starka st\u00f6det\u00a0i en ins\u00e4ndare. De f\u00f6rklarar sig ocks\u00e5 beredda att ta ledningsansvaret och s\u00e4tta r\u00e4tt agenda i s\u00e5v\u00e4l kommunen som landstinget.<\/p>\n<p><!--more--><\/p>\n<h2>Tack V\u00e4rnamo!<\/h2>\n<p>Ni har skickat en envis journalist till Bryssel. I V\u00e4rnamo kommun\u00a0fick Kristdemokraterna 16,52 % av r\u00f6sterna och blev d\u00e4rmed klart\u00a0st\u00f6rsta Alliansparti!<\/p>\n<p>Nu ser vi fram mot h\u00f6stens val och att s\u00e4tta r\u00e4tt agenda \u00e4ven h\u00e4r i\u00a0V\u00e4rnamo.<\/p>\n<p>Vi kristdemokrater vill att V\u00e4rnamo ska vara Sveriges b\u00e4sta kommun\u00a0att v\u00e4xa upp i.<\/p>\n<p>\u00c4r du ocks\u00e5 angel\u00e4gen om v\u00e5ra barns och ungas uppv\u00e4xtvillkor? D\u00e5\u00a0ska du r\u00f6sta p\u00e5 oss i h\u00f6stens val.<\/p>\n<p>V\u00e4lkommen att engagera dig i Kristdemokraterna \u2013\u00a0familjens r\u00f6st.<\/p>\n<p>V\u00e4nliga h\u00e4lsningar<\/p>\n\n\t\t<style type=\"text\/css\">\n\t\t\t#gallery-1 {\n\t\t\t\tmargin: auto;\n\t\t\t}\n\t\t\t#gallery-1 .gallery-item {\n\t\t\t\tfloat: left;\n\t\t\t\tmargin-top: 10px;\n\t\t\t\ttext-align: center;\n\t\t\t\twidth: 50%;\n\t\t\t}\n\t\t\t#gallery-1 img {\n\t\t\t\tborder: 2px solid #cfcfcf;\n\t\t\t}\n\t\t\t#gallery-1 .gallery-caption {\n\t\t\t\tmargin-left: 0;\n\t\t\t}\n\t\t\t\/* see gallery_shortcode() in wp-includes\/media.php *\/\n\t\t<\/style>\n\t\t<div id='gallery-1' class='gallery galleryid-5301 gallery-columns-2 gallery-size-thumbnail'><dl class='gallery-item'>\n\t\t\t<dt class='gallery-icon landscape'>\n\t\t\t\t<a href='https:\/\/wp.kristdemokraterna.se\/varnamo\/files\/2014\/06\/torbjorn1.jpg'><img loading=\"lazy\" decoding=\"async\" width=\"150\" height=\"150\" src=\"https:\/\/wp.kristdemokraterna.se\/varnamo\/files\/2014\/06\/torbjorn1-150x150.jpg\" class=\"attachment-thumbnail size-thumbnail\" alt=\"Torbj\u00f6rn Eriksson \u2013 Valledare och toppkandidat i Landstingsvalet. (Foto: H\u00e5kan Johansson)\" aria-describedby=\"gallery-1-5304\" srcset=\"https:\/\/wp.kristdemokraterna.se\/varnamo\/files\/2014\/06\/torbjorn1-150x150.jpg 150w, https:\/\/wp.kristdemokraterna.se\/varnamo\/files\/2014\/06\/torbjorn1-300x300.jpg 300w, https:\/\/wp.kristdemokraterna.se\/varnamo\/files\/2014\/06\/torbjorn1-346x346.jpg 346w, https:\/\/wp.kristdemokraterna.se\/varnamo\/files\/2014\/06\/torbjorn1-112x112.jpg 112w, https:\/\/wp.kristdemokraterna.se\/varnamo\/files\/2014\/06\/torbjorn1.jpg 378w\" sizes=\"auto, (max-width: 150px) 100vw, 150px\" \/><\/a>\n\t\t\t<\/dt>\n\t\t\t\t<dd class='wp-caption-text gallery-caption' id='gallery-1-5304'>\n\t\t\t\tTorbj\u00f6rn Eriksson \u2013 Valledare och toppkandidat i Landstingsvalet. (Foto: H\u00e5kan Johansson)\n\t\t\t\t<\/dd><\/dl><dl class='gallery-item'>\n\t\t\t<dt class='gallery-icon landscape'>\n\t\t\t\t<a href='https:\/\/wp.kristdemokraterna.se\/varnamo\/files\/2014\/06\/camilla1.jpg'><img loading=\"lazy\" decoding=\"async\" width=\"150\" height=\"150\" src=\"https:\/\/wp.kristdemokraterna.se\/varnamo\/files\/2014\/06\/camilla1-150x150.jpg\" class=\"attachment-thumbnail size-thumbnail\" alt=\"Camilla Rinaldo \u2013 Miller Ordf\u00f6rande och kommunalr\u00e5dskandidat i Kommunvalet. (Foto: H\u00e5kan Johansson)\" aria-describedby=\"gallery-1-5303\" srcset=\"https:\/\/wp.kristdemokraterna.se\/varnamo\/files\/2014\/06\/camilla1-150x150.jpg 150w, https:\/\/wp.kristdemokraterna.se\/varnamo\/files\/2014\/06\/camilla1-300x300.jpg 300w, https:\/\/wp.kristdemokraterna.se\/varnamo\/files\/2014\/06\/camilla1-346x346.jpg 346w, https:\/\/wp.kristdemokraterna.se\/varnamo\/files\/2014\/06\/camilla1-112x112.jpg 112w, https:\/\/wp.kristdemokraterna.se\/varnamo\/files\/2014\/06\/camilla1.jpg 378w\" sizes=\"auto, (max-width: 150px) 100vw, 150px\" \/><\/a>\n\t\t\t<\/dt>\n\t\t\t\t<dd class='wp-caption-text gallery-caption' id='gallery-1-5303'>\n\t\t\t\tCamilla Rinaldo \u2013 Miller Ordf\u00f6rande och kommunalr\u00e5dskandidat i Kommunvalet. (Foto: H\u00e5kan Johansson)\n\t\t\t\t<\/dd><\/dl><br style=\"clear: both\" \/>\n\t\t<\/div>\n\n<hr \/>\n<div id=\"attachment_5306\" style=\"width: 518px\" class=\"wp-caption alignnone\"><a href=\"http:\/\/wp.kristdemokraterna.se\/varnamo\/files\/2014\/06\/2014_euval_eftervaletflygblad.png\"><img loading=\"lazy\" decoding=\"async\" aria-describedby=\"caption-attachment-5306\" class=\"wp-image-5306 size-full\" src=\"http:\/\/wp.kristdemokraterna.se\/varnamo\/files\/2014\/06\/2014_euval_eftervaletflygblad.png\" alt=\"Flygblad som delas ut till hush\u00e5llen i V\u00e4rnamo kommun.\" width=\"508\" height=\"732\" srcset=\"https:\/\/wp.kristdemokraterna.se\/varnamo\/files\/2014\/06\/2014_euval_eftervaletflygblad.png 508w, https:\/\/wp.kristdemokraterna.se\/varnamo\/files\/2014\/06\/2014_euval_eftervaletflygblad-208x300.png 208w, https:\/\/wp.kristdemokraterna.se\/varnamo\/files\/2014\/06\/2014_euval_eftervaletflygblad-374x540.png 374w, https:\/\/wp.kristdemokraterna.se\/varnamo\/files\/2014\/06\/2014_euval_eftervaletflygblad-240x346.png 240w, https:\/\/wp.kristdemokraterna.se\/varnamo\/files\/2014\/06\/2014_euval_eftervaletflygblad-77x112.png 77w\" sizes=\"auto, (max-width: 508px) 100vw, 508px\" \/><\/a><p id=\"caption-attachment-5306\" class=\"wp-caption-text\">Flygblad som delas ut till hush\u00e5llen i V\u00e4rnamo kommun.<\/p><\/div>\n<p>L\u00e4nk till flygbladet:\u00a0<a title=\"Tack V\u00e4rnamo!\" href=\"http:\/\/wp.kristdemokraterna.se\/varnamo\/files\/2014\/06\/eftervaletflygblad.pdf\" target=\"_blank\" rel=\"noopener\">eftervaletflygblad<\/a><\/p>\n","protected":false},"excerpt":{"rendered":"<p>Efter det n\u00e4st b\u00e4sta valresultatet i v\u00e4rnamoavdelningens historia tackar\u00a0valledare Torbj\u00f6rn Eriksson och ordf\u00f6rande Camilla Rinaldo Miller\u00a0v\u00e4rnamoborna f\u00f6r det starka st\u00f6det\u00a0i en ins\u00e4ndare. De f\u00f6rklarar sig ocks\u00e5 beredda att ta ledningsansvaret och s\u00e4tta r\u00e4tt agenda i s\u00e5v\u00e4l kommunen som landstinget.<\/p>\n","protected":false},"author":412,"featured_media":5303,"comment_status":"closed","ping_status":"closed","sticky":false,"template":"","format":"standard","meta":{"_acf_changed":false,"footnotes":""},"categories":[12],"tags":[149,31,21,375,73,48,122,490,87,427,62],"class_list":["post-5301","post","type-post","status-publish","format-standard","hentry","category-debatt","tag-alliansen","tag-barn-och-unga","tag-camilla-rinaldo-miller","tag-familjens-rost","tag-insandare","tag-kommunfullmaktige","tag-landstingsfullmaktige","tag-ratt-agenda","tag-torbjorn-eriksson","tag-uppvaxtvillkor","tag-valrorelse"],"acf":[],"yoast_head":"<!-- This site is optimized with the Yoast SEO plugin v27.4 - https:\/\/yoast.com\/product\/yoast-seo-wordpress\/ -->\n<title>Tack V\u00e4rnamo! - KRISTDEMOKRATERNA V\u00c4RNAMO<\/title>\n<meta name=\"robots\" content=\"index, follow, max-snippet:-1, max-image-preview:large, max-video-preview:-1\" \/>\n<link rel=\"canonical\" href=\"https:\/\/wp.kristdemokraterna.se\/varnamo\/2014\/06\/10\/tack-varnamo\/\" \/>\n<meta property=\"og:locale\" content=\"sv_SE\" \/>\n<meta property=\"og:type\" content=\"article\" \/>\n<meta property=\"og:title\" content=\"Tack V\u00e4rnamo! - KRISTDEMOKRATERNA V\u00c4RNAMO\" \/>\n<meta property=\"og:description\" content=\"Efter det n\u00e4st b\u00e4sta valresultatet i v\u00e4rnamoavdelningens historia tackar\u00a0valledare Torbj\u00f6rn Eriksson och ordf\u00f6rande Camilla Rinaldo Miller\u00a0v\u00e4rnamoborna f\u00f6r det starka st\u00f6det\u00a0i en ins\u00e4ndare. De f\u00f6rklarar sig ocks\u00e5 beredda att ta ledningsansvaret och s\u00e4tta r\u00e4tt agenda i s\u00e5v\u00e4l kommunen som landstinget.\" \/>\n<meta property=\"og:url\" content=\"https:\/\/wp.kristdemokraterna.se\/varnamo\/2014\/06\/10\/tack-varnamo\/\" \/>\n<meta property=\"og:site_name\" content=\"KRISTDEMOKRATERNA V\u00c4RNAMO\" \/>\n<meta property=\"article:publisher\" content=\"https:\/\/www.facebook.com\/KDVarnamo\/\" \/>\n<meta property=\"article:published_time\" content=\"2014-06-10T20:37:23+00:00\" \/>\n<meta property=\"article:modified_time\" content=\"2017-09-18T15:15:13+00:00\" \/>\n<meta property=\"og:image\" content=\"https:\/\/wp.kristdemokraterna.se\/varnamo\/files\/2014\/06\/camilla1.jpg\" \/>\n\t<meta property=\"og:image:width\" content=\"378\" \/>\n\t<meta property=\"og:image:height\" content=\"378\" \/>\n\t<meta property=\"og:image:type\" content=\"image\/jpeg\" \/>\n<meta name=\"author\" content=\"Kristdemokraterna V\u00e4rnamo\" \/>\n<meta name=\"twitter:card\" content=\"summary_large_image\" \/>\n<meta name=\"twitter:creator\" content=\"@KDVarnamo\" \/>\n<meta name=\"twitter:site\" content=\"@KDVarnamo\" \/>\n<meta name=\"twitter:label1\" content=\"Skriven av\" \/>\n\t<meta name=\"twitter:data1\" content=\"Kristdemokraterna V\u00e4rnamo\" \/>\n\t<meta name=\"twitter:label2\" content=\"Ber\u00e4knad l\u00e4stid\" \/>\n\t<meta name=\"twitter:data2\" content=\"1 minut\" \/>\n<script type=\"application\/ld+json\" class=\"yoast-schema-graph\">{\"@context\":\"https:\\\/\\\/schema.org\",\"@graph\":[{\"@type\":\"Article\",\"@id\":\"https:\\\/\\\/wp.kristdemokraterna.se\\\/varnamo\\\/2014\\\/06\\\/10\\\/tack-varnamo\\\/#article\",\"isPartOf\":{\"@id\":\"https:\\\/\\\/wp.kristdemokraterna.se\\\/varnamo\\\/2014\\\/06\\\/10\\\/tack-varnamo\\\/\"},\"author\":{\"name\":\"Kristdemokraterna V\u00e4rnamo\",\"@id\":\"https:\\\/\\\/wp.kristdemokraterna.se\\\/varnamo\\\/#\\\/schema\\\/person\\\/4e339ab04d613699e4dfe80a994e01d4\"},\"headline\":\"Tack V\u00e4rnamo!\",\"datePublished\":\"2014-06-10T20:37:23+00:00\",\"dateModified\":\"2017-09-18T15:15:13+00:00\",\"mainEntityOfPage\":{\"@id\":\"https:\\\/\\\/wp.kristdemokraterna.se\\\/varnamo\\\/2014\\\/06\\\/10\\\/tack-varnamo\\\/\"},\"wordCount\":193,\"publisher\":{\"@id\":\"https:\\\/\\\/wp.kristdemokraterna.se\\\/varnamo\\\/#organization\"},\"image\":{\"@id\":\"https:\\\/\\\/wp.kristdemokraterna.se\\\/varnamo\\\/2014\\\/06\\\/10\\\/tack-varnamo\\\/#primaryimage\"},\"thumbnailUrl\":\"https:\\\/\\\/wp.kristdemokraterna.se\\\/varnamo\\\/files\\\/2014\\\/06\\\/camilla1.jpg\",\"keywords\":[\"Alliansen\",\"barn och unga\",\"Camilla Rinaldo Miller\",\"familjens r\u00f6st\",\"ins\u00e4ndare\",\"kommunfullm\u00e4ktige\",\"landstingsfullm\u00e4ktige\",\"r\u00e4tt agenda\",\"Torbj\u00f6rn Eriksson\",\"uppv\u00e4xtvillkor\",\"valr\u00f6relse\"],\"articleSection\":[\"Debatt\"],\"inLanguage\":\"sv-SE\"},{\"@type\":\"WebPage\",\"@id\":\"https:\\\/\\\/wp.kristdemokraterna.se\\\/varnamo\\\/2014\\\/06\\\/10\\\/tack-varnamo\\\/\",\"url\":\"https:\\\/\\\/wp.kristdemokraterna.se\\\/varnamo\\\/2014\\\/06\\\/10\\\/tack-varnamo\\\/\",\"name\":\"Tack V\u00e4rnamo! - KRISTDEMOKRATERNA V\u00c4RNAMO\",\"isPartOf\":{\"@id\":\"https:\\\/\\\/wp.kristdemokraterna.se\\\/varnamo\\\/#website\"},\"primaryImageOfPage\":{\"@id\":\"https:\\\/\\\/wp.kristdemokraterna.se\\\/varnamo\\\/2014\\\/06\\\/10\\\/tack-varnamo\\\/#primaryimage\"},\"image\":{\"@id\":\"https:\\\/\\\/wp.kristdemokraterna.se\\\/varnamo\\\/2014\\\/06\\\/10\\\/tack-varnamo\\\/#primaryimage\"},\"thumbnailUrl\":\"https:\\\/\\\/wp.kristdemokraterna.se\\\/varnamo\\\/files\\\/2014\\\/06\\\/camilla1.jpg\",\"datePublished\":\"2014-06-10T20:37:23+00:00\",\"dateModified\":\"2017-09-18T15:15:13+00:00\",\"breadcrumb\":{\"@id\":\"https:\\\/\\\/wp.kristdemokraterna.se\\\/varnamo\\\/2014\\\/06\\\/10\\\/tack-varnamo\\\/#breadcrumb\"},\"inLanguage\":\"sv-SE\",\"potentialAction\":[{\"@type\":\"ReadAction\",\"target\":[\"https:\\\/\\\/wp.kristdemokraterna.se\\\/varnamo\\\/2014\\\/06\\\/10\\\/tack-varnamo\\\/\"]}]},{\"@type\":\"ImageObject\",\"inLanguage\":\"sv-SE\",\"@id\":\"https:\\\/\\\/wp.kristdemokraterna.se\\\/varnamo\\\/2014\\\/06\\\/10\\\/tack-varnamo\\\/#primaryimage\",\"url\":\"https:\\\/\\\/wp.kristdemokraterna.se\\\/varnamo\\\/files\\\/2014\\\/06\\\/camilla1.jpg\",\"contentUrl\":\"https:\\\/\\\/wp.kristdemokraterna.se\\\/varnamo\\\/files\\\/2014\\\/06\\\/camilla1.jpg\",\"width\":378,\"height\":378,\"caption\":\"Camilla Rinaldo \u2013 Miller Ordf\u00f6rande och kommunalr\u00e5dskandidat i Kommunvalet. (Foto: H\u00e5kan Johansson)\"},{\"@type\":\"BreadcrumbList\",\"@id\":\"https:\\\/\\\/wp.kristdemokraterna.se\\\/varnamo\\\/2014\\\/06\\\/10\\\/tack-varnamo\\\/#breadcrumb\",\"itemListElement\":[{\"@type\":\"ListItem\",\"position\":1,\"name\":\"Hem\",\"item\":\"https:\\\/\\\/wp.kristdemokraterna.se\\\/varnamo\\\/\"},{\"@type\":\"ListItem\",\"position\":2,\"name\":\"Tack V\u00e4rnamo!\"}]},{\"@type\":\"WebSite\",\"@id\":\"https:\\\/\\\/wp.kristdemokraterna.se\\\/varnamo\\\/#website\",\"url\":\"https:\\\/\\\/wp.kristdemokraterna.se\\\/varnamo\\\/\",\"name\":\"KRISTDEMOKRATERNA V\u00c4RNAMO\",\"description\":\"Med hj\u00e4rta f\u00f6r V\u00e4rnamo\",\"publisher\":{\"@id\":\"https:\\\/\\\/wp.kristdemokraterna.se\\\/varnamo\\\/#organization\"},\"inLanguage\":\"sv-SE\"},{\"@type\":\"Organization\",\"@id\":\"https:\\\/\\\/wp.kristdemokraterna.se\\\/varnamo\\\/#organization\",\"name\":\"Kristdemokraterna V\u00e4rnamo\",\"url\":\"https:\\\/\\\/wp.kristdemokraterna.se\\\/varnamo\\\/\",\"logo\":{\"@type\":\"ImageObject\",\"inLanguage\":\"sv-SE\",\"@id\":\"https:\\\/\\\/wp.kristdemokraterna.se\\\/varnamo\\\/#\\\/schema\\\/logo\\\/image\\\/\",\"url\":\"https:\\\/\\\/wp.kristdemokraterna.se\\\/varnamo\\\/files\\\/2022\\\/08\\\/va\u2560ernamo-sida-bla-300dpi.png\",\"contentUrl\":\"https:\\\/\\\/wp.kristdemokraterna.se\\\/varnamo\\\/files\\\/2022\\\/08\\\/va\u2560ernamo-sida-bla-300dpi.png\",\"width\":1485,\"height\":681,\"caption\":\"Kristdemokraterna V\u00e4rnamo\"},\"image\":{\"@id\":\"https:\\\/\\\/wp.kristdemokraterna.se\\\/varnamo\\\/#\\\/schema\\\/logo\\\/image\\\/\"},\"sameAs\":[\"https:\\\/\\\/www.facebook.com\\\/KDVarnamo\\\/\",\"https:\\\/\\\/x.com\\\/KDVarnamo\",\"https:\\\/\\\/www.instagram.com\\\/\",\"https:\\\/\\\/www.youtube.com\\\/user\\\/studiokd\\\/videos\"]},{\"@type\":\"Person\",\"@id\":\"https:\\\/\\\/wp.kristdemokraterna.se\\\/varnamo\\\/#\\\/schema\\\/person\\\/4e339ab04d613699e4dfe80a994e01d4\",\"name\":\"Kristdemokraterna V\u00e4rnamo\",\"image\":{\"@type\":\"ImageObject\",\"inLanguage\":\"sv-SE\",\"@id\":\"https:\\\/\\\/secure.gravatar.com\\\/avatar\\\/c122e48c7723992af51eb155eeaa93db3c1fa324e3fc6ec45dd712c812809b5b?s=96&r=g\",\"url\":\"https:\\\/\\\/secure.gravatar.com\\\/avatar\\\/c122e48c7723992af51eb155eeaa93db3c1fa324e3fc6ec45dd712c812809b5b?s=96&r=g\",\"contentUrl\":\"https:\\\/\\\/secure.gravatar.com\\\/avatar\\\/c122e48c7723992af51eb155eeaa93db3c1fa324e3fc6ec45dd712c812809b5b?s=96&r=g\",\"caption\":\"Kristdemokraterna V\u00e4rnamo\"},\"description\":\"Familjens r\u00f6st\",\"sameAs\":[\"http:\\\/\\\/www.varnamo.kristdemokraterna.se\"],\"url\":\"https:\\\/\\\/wp.kristdemokraterna.se\\\/varnamo\\\/author\\\/varnamo\\\/\"}]}<\/script>\n<!-- \/ Yoast SEO plugin. -->","yoast_head_json":{"title":"Tack V\u00e4rnamo! - KRISTDEMOKRATERNA V\u00c4RNAMO","robots":{"index":"index","follow":"follow","max-snippet":"max-snippet:-1","max-image-preview":"max-image-preview:large","max-video-preview":"max-video-preview:-1"},"canonical":"https:\/\/wp.kristdemokraterna.se\/varnamo\/2014\/06\/10\/tack-varnamo\/","og_locale":"sv_SE","og_type":"article","og_title":"Tack V\u00e4rnamo! - KRISTDEMOKRATERNA V\u00c4RNAMO","og_description":"Efter det n\u00e4st b\u00e4sta valresultatet i v\u00e4rnamoavdelningens historia tackar\u00a0valledare Torbj\u00f6rn Eriksson och ordf\u00f6rande Camilla Rinaldo Miller\u00a0v\u00e4rnamoborna f\u00f6r det starka st\u00f6det\u00a0i en ins\u00e4ndare. De f\u00f6rklarar sig ocks\u00e5 beredda att ta ledningsansvaret och s\u00e4tta r\u00e4tt agenda i s\u00e5v\u00e4l kommunen som landstinget.","og_url":"https:\/\/wp.kristdemokraterna.se\/varnamo\/2014\/06\/10\/tack-varnamo\/","og_site_name":"KRISTDEMOKRATERNA V\u00c4RNAMO","article_publisher":"https:\/\/www.facebook.com\/KDVarnamo\/","article_published_time":"2014-06-10T20:37:23+00:00","article_modified_time":"2017-09-18T15:15:13+00:00","og_image":[{"width":378,"height":378,"url":"https:\/\/wp.kristdemokraterna.se\/varnamo\/files\/2014\/06\/camilla1.jpg","type":"image\/jpeg"}],"author":"Kristdemokraterna V\u00e4rnamo","twitter_card":"summary_large_image","twitter_creator":"@KDVarnamo","twitter_site":"@KDVarnamo","twitter_misc":{"Skriven av":"Kristdemokraterna V\u00e4rnamo","Ber\u00e4knad l\u00e4stid":"1 minut"},"schema":{"@context":"https:\/\/schema.org","@graph":[{"@type":"Article","@id":"https:\/\/wp.kristdemokraterna.se\/varnamo\/2014\/06\/10\/tack-varnamo\/#article","isPartOf":{"@id":"https:\/\/wp.kristdemokraterna.se\/varnamo\/2014\/06\/10\/tack-varnamo\/"},"author":{"name":"Kristdemokraterna V\u00e4rnamo","@id":"https:\/\/wp.kristdemokraterna.se\/varnamo\/#\/schema\/person\/4e339ab04d613699e4dfe80a994e01d4"},"headline":"Tack V\u00e4rnamo!","datePublished":"2014-06-10T20:37:23+00:00","dateModified":"2017-09-18T15:15:13+00:00","mainEntityOfPage":{"@id":"https:\/\/wp.kristdemokraterna.se\/varnamo\/2014\/06\/10\/tack-varnamo\/"},"wordCount":193,"publisher":{"@id":"https:\/\/wp.kristdemokraterna.se\/varnamo\/#organization"},"image":{"@id":"https:\/\/wp.kristdemokraterna.se\/varnamo\/2014\/06\/10\/tack-varnamo\/#primaryimage"},"thumbnailUrl":"https:\/\/wp.kristdemokraterna.se\/varnamo\/files\/2014\/06\/camilla1.jpg","keywords":["Alliansen","barn och unga","Camilla Rinaldo Miller","familjens r\u00f6st","ins\u00e4ndare","kommunfullm\u00e4ktige","landstingsfullm\u00e4ktige","r\u00e4tt agenda","Torbj\u00f6rn Eriksson","uppv\u00e4xtvillkor","valr\u00f6relse"],"articleSection":["Debatt"],"inLanguage":"sv-SE"},{"@type":"WebPage","@id":"https:\/\/wp.kristdemokraterna.se\/varnamo\/2014\/06\/10\/tack-varnamo\/","url":"https:\/\/wp.kristdemokraterna.se\/varnamo\/2014\/06\/10\/tack-varnamo\/","name":"Tack V\u00e4rnamo! - KRISTDEMOKRATERNA V\u00c4RNAMO","isPartOf":{"@id":"https:\/\/wp.kristdemokraterna.se\/varnamo\/#website"},"primaryImageOfPage":{"@id":"https:\/\/wp.kristdemokraterna.se\/varnamo\/2014\/06\/10\/tack-varnamo\/#primaryimage"},"image":{"@id":"https:\/\/wp.kristdemokraterna.se\/varnamo\/2014\/06\/10\/tack-varnamo\/#primaryimage"},"thumbnailUrl":"https:\/\/wp.kristdemokraterna.se\/varnamo\/files\/2014\/06\/camilla1.jpg","datePublished":"2014-06-10T20:37:23+00:00","dateModified":"2017-09-18T15:15:13+00:00","breadcrumb":{"@id":"https:\/\/wp.kristdemokraterna.se\/varnamo\/2014\/06\/10\/tack-varnamo\/#breadcrumb"},"inLanguage":"sv-SE","potentialAction":[{"@type":"ReadAction","target":["https:\/\/wp.kristdemokraterna.se\/varnamo\/2014\/06\/10\/tack-varnamo\/"]}]},{"@type":"ImageObject","inLanguage":"sv-SE","@id":"https:\/\/wp.kristdemokraterna.se\/varnamo\/2014\/06\/10\/tack-varnamo\/#primaryimage","url":"https:\/\/wp.kristdemokraterna.se\/varnamo\/files\/2014\/06\/camilla1.jpg","contentUrl":"https:\/\/wp.kristdemokraterna.se\/varnamo\/files\/2014\/06\/camilla1.jpg","width":378,"height":378,"caption":"Camilla Rinaldo \u2013 Miller Ordf\u00f6rande och kommunalr\u00e5dskandidat i Kommunvalet. (Foto: H\u00e5kan Johansson)"},{"@type":"BreadcrumbList","@id":"https:\/\/wp.kristdemokraterna.se\/varnamo\/2014\/06\/10\/tack-varnamo\/#breadcrumb","itemListElement":[{"@type":"ListItem","position":1,"name":"Hem","item":"https:\/\/wp.kristdemokraterna.se\/varnamo\/"},{"@type":"ListItem","position":2,"name":"Tack V\u00e4rnamo!"}]},{"@type":"WebSite","@id":"https:\/\/wp.kristdemokraterna.se\/varnamo\/#website","url":"https:\/\/wp.kristdemokraterna.se\/varnamo\/","name":"KRISTDEMOKRATERNA V\u00c4RNAMO","description":"Med hj\u00e4rta f\u00f6r V\u00e4rnamo","publisher":{"@id":"https:\/\/wp.kristdemokraterna.se\/varnamo\/#organization"},"inLanguage":"sv-SE"},{"@type":"Organization","@id":"https:\/\/wp.kristdemokraterna.se\/varnamo\/#organization","name":"Kristdemokraterna V\u00e4rnamo","url":"https:\/\/wp.kristdemokraterna.se\/varnamo\/","logo":{"@type":"ImageObject","inLanguage":"sv-SE","@id":"https:\/\/wp.kristdemokraterna.se\/varnamo\/#\/schema\/logo\/image\/","url":"https:\/\/wp.kristdemokraterna.se\/varnamo\/files\/2022\/08\/va\u2560ernamo-sida-bla-300dpi.png","contentUrl":"https:\/\/wp.kristdemokraterna.se\/varnamo\/files\/2022\/08\/va\u2560ernamo-sida-bla-300dpi.png","width":1485,"height":681,"caption":"Kristdemokraterna V\u00e4rnamo"},"image":{"@id":"https:\/\/wp.kristdemokraterna.se\/varnamo\/#\/schema\/logo\/image\/"},"sameAs":["https:\/\/www.facebook.com\/KDVarnamo\/","https:\/\/x.com\/KDVarnamo","https:\/\/www.instagram.com\/","https:\/\/www.youtube.com\/user\/studiokd\/videos"]},{"@type":"Person","@id":"https:\/\/wp.kristdemokraterna.se\/varnamo\/#\/schema\/person\/4e339ab04d613699e4dfe80a994e01d4","name":"Kristdemokraterna V\u00e4rnamo","image":{"@type":"ImageObject","inLanguage":"sv-SE","@id":"https:\/\/secure.gravatar.com\/avatar\/c122e48c7723992af51eb155eeaa93db3c1fa324e3fc6ec45dd712c812809b5b?s=96&r=g","url":"https:\/\/secure.gravatar.com\/avatar\/c122e48c7723992af51eb155eeaa93db3c1fa324e3fc6ec45dd712c812809b5b?s=96&r=g","contentUrl":"https:\/\/secure.gravatar.com\/avatar\/c122e48c7723992af51eb155eeaa93db3c1fa324e3fc6ec45dd712c812809b5b?s=96&r=g","caption":"Kristdemokraterna V\u00e4rnamo"},"description":"Familjens r\u00f6st","sameAs":["http:\/\/www.varnamo.kristdemokraterna.se"],"url":"https:\/\/wp.kristdemokraterna.se\/varnamo\/author\/varnamo\/"}]}},"_links":{"self":[{"href":"https:\/\/wp.kristdemokraterna.se\/varnamo\/wp-json\/wp\/v2\/posts\/5301","targetHints":{"allow":["GET"]}}],"collection":[{"href":"https:\/\/wp.kristdemokraterna.se\/varnamo\/wp-json\/wp\/v2\/posts"}],"about":[{"href":"https:\/\/wp.kristdemokraterna.se\/varnamo\/wp-json\/wp\/v2\/types\/post"}],"author":[{"embeddable":true,"href":"https:\/\/wp.kristdemokraterna.se\/varnamo\/wp-json\/wp\/v2\/users\/412"}],"replies":[{"embeddable":true,"href":"https:\/\/wp.kristdemokraterna.se\/varnamo\/wp-json\/wp\/v2\/comments?post=5301"}],"version-history":[{"count":12,"href":"https:\/\/wp.kristdemokraterna.se\/varnamo\/wp-json\/wp\/v2\/posts\/5301\/revisions"}],"predecessor-version":[{"id":7573,"href":"https:\/\/wp.kristdemokraterna.se\/varnamo\/wp-json\/wp\/v2\/posts\/5301\/revisions\/7573"}],"wp:featuredmedia":[{"embeddable":true,"href":"https:\/\/wp.kristdemokraterna.se\/varnamo\/wp-json\/wp\/v2\/media\/5303"}],"wp:attachment":[{"href":"https:\/\/wp.kristdemokraterna.se\/varnamo\/wp-json\/wp\/v2\/media?parent=5301"}],"wp:term":[{"taxonomy":"category","embeddable":true,"href":"https:\/\/wp.kristdemokraterna.se\/varnamo\/wp-json\/wp\/v2\/categories?post=5301"},{"taxonomy":"post_tag","embeddable":true,"href":"https:\/\/wp.kristdemokraterna.se\/varnamo\/wp-json\/wp\/v2\/tags?post=5301"}],"curies":[{"name":"wp","href":"https:\/\/api.w.org\/{rel}","templated":true}]}}