{"id":5856,"date":"2014-08-24T22:09:50","date_gmt":"2014-08-24T20:09:50","guid":{"rendered":"http:\/\/wp.kristdemokraterna.se\/varnamo\/?p=5856"},"modified":"2015-07-09T21:51:52","modified_gmt":"2015-07-09T19:51:52","slug":"alliansens-vecka-under-varnamodagarna","status":"publish","type":"post","link":"https:\/\/wp.kristdemokraterna.se\/varnamo\/2014\/08\/24\/alliansens-vecka-under-varnamodagarna\/","title":{"rendered":"Alliansens vecka under V\u00e4rnamodagarna"},"content":{"rendered":"<p>Under V\u00e4rnamodagarna lever V\u00e4rnamo upp, s\u00e5 \u00e4ven i \u00e5r. Eftersom det \u00e4r val\u00e5r s\u00e5 var partierna inbjudna att finnas p\u00e5 omr\u00e5det f\u00f6r att presentera sin politik. Medan alla andra partier stod ensamma utan kompisar samarbetade partierna i\u00a0Alliansen precis som vanligt. I Allianst\u00e4ltet kunde man slinka in, ta en fika och samtala i lugn och ro utan att bli p\u00e5prackad en massa\u00a0budskap och \u00e5sikter. Det var m\u00e5nga bes\u00f6kare som uppskattade det.<\/p>\n<p><!--more--><\/p>\n\n\t\t<style type=\"text\/css\">\n\t\t\t#gallery-1 {\n\t\t\t\tmargin: auto;\n\t\t\t}\n\t\t\t#gallery-1 .gallery-item {\n\t\t\t\tfloat: left;\n\t\t\t\tmargin-top: 10px;\n\t\t\t\ttext-align: center;\n\t\t\t\twidth: 33%;\n\t\t\t}\n\t\t\t#gallery-1 img {\n\t\t\t\tborder: 2px solid #cfcfcf;\n\t\t\t}\n\t\t\t#gallery-1 .gallery-caption {\n\t\t\t\tmargin-left: 0;\n\t\t\t}\n\t\t\t\/* see gallery_shortcode() in wp-includes\/media.php *\/\n\t\t<\/style>\n\t\t<div id='gallery-1' class='gallery galleryid-5856 gallery-columns-3 gallery-size-thumbnail'><dl class='gallery-item'>\n\t\t\t<dt class='gallery-icon landscape'>\n\t\t\t\t<a href='https:\/\/wp.kristdemokraterna.se\/varnamo\/20140824-alliansveckan\/'><img loading=\"lazy\" decoding=\"async\" width=\"150\" height=\"150\" src=\"https:\/\/wp.kristdemokraterna.se\/varnamo\/files\/2014\/08\/20140824_alliansveckan-150x150.jpg\" class=\"attachment-thumbnail size-thumbnail\" alt=\"H\u00e5kan Johansson (KD) och Lars Carlborg (M) tillsammans med en bes\u00f6kare utanf\u00f6r Allianst\u00e4ltet p\u00e5 V\u00e4rnamodagarna. (Foto: Christian Aldern\u00e4s Ehlin)\" aria-describedby=\"gallery-1-5854\" \/><\/a>\n\t\t\t<\/dt>\n\t\t\t\t<dd class='wp-caption-text gallery-caption' id='gallery-1-5854'>\n\t\t\t\tH\u00e5kan Johansson (KD) och Lars Carlborg (M) tillsammans med en bes\u00f6kare utanf\u00f6r Allianst\u00e4ltet p\u00e5 V\u00e4rnamodagarna. (Foto: Christian Aldern\u00e4s Ehlin)\n\t\t\t\t<\/dd><\/dl>\n\t\t\t<br style='clear: both' \/>\n\t\t<\/div>\n\n","protected":false},"excerpt":{"rendered":"<p>Under V\u00e4rnamodagarna lever V\u00e4rnamo upp, s\u00e5 \u00e4ven i \u00e5r. Eftersom det \u00e4r val\u00e5r s\u00e5 var partierna inbjudna att finnas p\u00e5 omr\u00e5det f\u00f6r att presentera sin politik. Medan alla andra partier stod ensamma utan kompisar samarbetade partierna i\u00a0Alliansen precis som vanligt. I Allianst\u00e4ltet kunde man slinka in, ta en fika och samtala i lugn och ro <a class=\"read-more-link\" href=\"https:\/\/wp.kristdemokraterna.se\/varnamo\/2014\/08\/24\/alliansens-vecka-under-varnamodagarna\/\">Read More<\/a><\/p>\n","protected":false},"author":412,"featured_media":5854,"comment_status":"closed","ping_status":"closed","sticky":false,"template":"","format":"standard","meta":{"_acf_changed":false,"footnotes":""},"categories":[11],"tags":[149,23,62,64,587],"class_list":["post-5856","post","type-post","status-publish","format-standard","hentry","category-nyheter","tag-alliansen","tag-hakan-johansson","tag-valrorelse","tag-varnamo","tag-varnamodagarna"],"acf":[],"yoast_head":"<!-- This site is optimized with the Yoast SEO plugin v27.4 - https:\/\/yoast.com\/product\/yoast-seo-wordpress\/ -->\n<title>Alliansens vecka under V\u00e4rnamodagarna - KRISTDEMOKRATERNA V\u00c4RNAMO<\/title>\n<meta name=\"robots\" content=\"index, follow, max-snippet:-1, max-image-preview:large, max-video-preview:-1\" \/>\n<link rel=\"canonical\" href=\"https:\/\/wp.kristdemokraterna.se\/varnamo\/2014\/08\/24\/alliansens-vecka-under-varnamodagarna\/\" \/>\n<meta property=\"og:locale\" content=\"sv_SE\" \/>\n<meta property=\"og:type\" content=\"article\" \/>\n<meta property=\"og:title\" content=\"Alliansens vecka under V\u00e4rnamodagarna - KRISTDEMOKRATERNA V\u00c4RNAMO\" \/>\n<meta property=\"og:description\" content=\"Under V\u00e4rnamodagarna lever V\u00e4rnamo upp, s\u00e5 \u00e4ven i \u00e5r. Eftersom det \u00e4r val\u00e5r s\u00e5 var partierna inbjudna att finnas p\u00e5 omr\u00e5det f\u00f6r att presentera sin politik. Medan alla andra partier stod ensamma utan kompisar samarbetade partierna i\u00a0Alliansen precis som vanligt. I Allianst\u00e4ltet kunde man slinka in, ta en fika och samtala i lugn och ro Read More\" \/>\n<meta property=\"og:url\" content=\"https:\/\/wp.kristdemokraterna.se\/varnamo\/2014\/08\/24\/alliansens-vecka-under-varnamodagarna\/\" \/>\n<meta property=\"og:site_name\" content=\"KRISTDEMOKRATERNA V\u00c4RNAMO\" \/>\n<meta property=\"article:publisher\" content=\"https:\/\/www.facebook.com\/KDVarnamo\/\" \/>\n<meta property=\"article:published_time\" content=\"2014-08-24T20:09:50+00:00\" \/>\n<meta property=\"article:modified_time\" content=\"2015-07-09T19:51:52+00:00\" \/>\n<meta property=\"og:image\" content=\"https:\/\/wp.kristdemokraterna.se\/varnamo\/files\/2014\/08\/20140824_alliansveckan.jpg\" \/>\n\t<meta property=\"og:image:width\" content=\"573\" \/>\n\t<meta property=\"og:image:height\" content=\"557\" \/>\n\t<meta property=\"og:image:type\" content=\"image\/jpeg\" \/>\n<meta name=\"author\" content=\"Kristdemokraterna V\u00e4rnamo\" \/>\n<meta name=\"twitter:card\" content=\"summary_large_image\" \/>\n<meta name=\"twitter:creator\" content=\"@KDVarnamo\" \/>\n<meta name=\"twitter:site\" content=\"@KDVarnamo\" \/>\n<meta name=\"twitter:label1\" content=\"Skriven av\" \/>\n\t<meta name=\"twitter:data1\" content=\"Kristdemokraterna V\u00e4rnamo\" \/>\n<script type=\"application\/ld+json\" class=\"yoast-schema-graph\">{\"@context\":\"https:\\\/\\\/schema.org\",\"@graph\":[{\"@type\":\"Article\",\"@id\":\"https:\\\/\\\/wp.kristdemokraterna.se\\\/varnamo\\\/2014\\\/08\\\/24\\\/alliansens-vecka-under-varnamodagarna\\\/#article\",\"isPartOf\":{\"@id\":\"https:\\\/\\\/wp.kristdemokraterna.se\\\/varnamo\\\/2014\\\/08\\\/24\\\/alliansens-vecka-under-varnamodagarna\\\/\"},\"author\":{\"name\":\"Kristdemokraterna V\u00e4rnamo\",\"@id\":\"https:\\\/\\\/wp.kristdemokraterna.se\\\/varnamo\\\/#\\\/schema\\\/person\\\/4e339ab04d613699e4dfe80a994e01d4\"},\"headline\":\"Alliansens vecka under V\u00e4rnamodagarna\",\"datePublished\":\"2014-08-24T20:09:50+00:00\",\"dateModified\":\"2015-07-09T19:51:52+00:00\",\"mainEntityOfPage\":{\"@id\":\"https:\\\/\\\/wp.kristdemokraterna.se\\\/varnamo\\\/2014\\\/08\\\/24\\\/alliansens-vecka-under-varnamodagarna\\\/\"},\"wordCount\":92,\"publisher\":{\"@id\":\"https:\\\/\\\/wp.kristdemokraterna.se\\\/varnamo\\\/#organization\"},\"image\":{\"@id\":\"https:\\\/\\\/wp.kristdemokraterna.se\\\/varnamo\\\/2014\\\/08\\\/24\\\/alliansens-vecka-under-varnamodagarna\\\/#primaryimage\"},\"thumbnailUrl\":\"https:\\\/\\\/wp.kristdemokraterna.se\\\/varnamo\\\/files\\\/2014\\\/08\\\/20140824_alliansveckan.jpg\",\"keywords\":[\"Alliansen\",\"H\u00e5kan Johansson\",\"valr\u00f6relse\",\"V\u00e4rnamo\",\"V\u00e4rnamodagarna\"],\"articleSection\":[\"Nyheter\"],\"inLanguage\":\"sv-SE\"},{\"@type\":\"WebPage\",\"@id\":\"https:\\\/\\\/wp.kristdemokraterna.se\\\/varnamo\\\/2014\\\/08\\\/24\\\/alliansens-vecka-under-varnamodagarna\\\/\",\"url\":\"https:\\\/\\\/wp.kristdemokraterna.se\\\/varnamo\\\/2014\\\/08\\\/24\\\/alliansens-vecka-under-varnamodagarna\\\/\",\"name\":\"Alliansens vecka under V\u00e4rnamodagarna - KRISTDEMOKRATERNA V\u00c4RNAMO\",\"isPartOf\":{\"@id\":\"https:\\\/\\\/wp.kristdemokraterna.se\\\/varnamo\\\/#website\"},\"primaryImageOfPage\":{\"@id\":\"https:\\\/\\\/wp.kristdemokraterna.se\\\/varnamo\\\/2014\\\/08\\\/24\\\/alliansens-vecka-under-varnamodagarna\\\/#primaryimage\"},\"image\":{\"@id\":\"https:\\\/\\\/wp.kristdemokraterna.se\\\/varnamo\\\/2014\\\/08\\\/24\\\/alliansens-vecka-under-varnamodagarna\\\/#primaryimage\"},\"thumbnailUrl\":\"https:\\\/\\\/wp.kristdemokraterna.se\\\/varnamo\\\/files\\\/2014\\\/08\\\/20140824_alliansveckan.jpg\",\"datePublished\":\"2014-08-24T20:09:50+00:00\",\"dateModified\":\"2015-07-09T19:51:52+00:00\",\"breadcrumb\":{\"@id\":\"https:\\\/\\\/wp.kristdemokraterna.se\\\/varnamo\\\/2014\\\/08\\\/24\\\/alliansens-vecka-under-varnamodagarna\\\/#breadcrumb\"},\"inLanguage\":\"sv-SE\",\"potentialAction\":[{\"@type\":\"ReadAction\",\"target\":[\"https:\\\/\\\/wp.kristdemokraterna.se\\\/varnamo\\\/2014\\\/08\\\/24\\\/alliansens-vecka-under-varnamodagarna\\\/\"]}]},{\"@type\":\"ImageObject\",\"inLanguage\":\"sv-SE\",\"@id\":\"https:\\\/\\\/wp.kristdemokraterna.se\\\/varnamo\\\/2014\\\/08\\\/24\\\/alliansens-vecka-under-varnamodagarna\\\/#primaryimage\",\"url\":\"https:\\\/\\\/wp.kristdemokraterna.se\\\/varnamo\\\/files\\\/2014\\\/08\\\/20140824_alliansveckan.jpg\",\"contentUrl\":\"https:\\\/\\\/wp.kristdemokraterna.se\\\/varnamo\\\/files\\\/2014\\\/08\\\/20140824_alliansveckan.jpg\",\"width\":573,\"height\":557,\"caption\":\"H\u00e5kan Johansson (KD) och Lars Carlborg (M) tillsammans med en bes\u00f6kare utanf\u00f6r Allianst\u00e4ltet p\u00e5 V\u00e4rnamodagarna. (Foto: Christian Aldern\u00e4s Ehlin)\"},{\"@type\":\"BreadcrumbList\",\"@id\":\"https:\\\/\\\/wp.kristdemokraterna.se\\\/varnamo\\\/2014\\\/08\\\/24\\\/alliansens-vecka-under-varnamodagarna\\\/#breadcrumb\",\"itemListElement\":[{\"@type\":\"ListItem\",\"position\":1,\"name\":\"Hem\",\"item\":\"https:\\\/\\\/wp.kristdemokraterna.se\\\/varnamo\\\/\"},{\"@type\":\"ListItem\",\"position\":2,\"name\":\"Alliansens vecka under V\u00e4rnamodagarna\"}]},{\"@type\":\"WebSite\",\"@id\":\"https:\\\/\\\/wp.kristdemokraterna.se\\\/varnamo\\\/#website\",\"url\":\"https:\\\/\\\/wp.kristdemokraterna.se\\\/varnamo\\\/\",\"name\":\"KRISTDEMOKRATERNA V\u00c4RNAMO\",\"description\":\"Med hj\u00e4rta f\u00f6r V\u00e4rnamo\",\"publisher\":{\"@id\":\"https:\\\/\\\/wp.kristdemokraterna.se\\\/varnamo\\\/#organization\"},\"inLanguage\":\"sv-SE\"},{\"@type\":\"Organization\",\"@id\":\"https:\\\/\\\/wp.kristdemokraterna.se\\\/varnamo\\\/#organization\",\"name\":\"Kristdemokraterna V\u00e4rnamo\",\"url\":\"https:\\\/\\\/wp.kristdemokraterna.se\\\/varnamo\\\/\",\"logo\":{\"@type\":\"ImageObject\",\"inLanguage\":\"sv-SE\",\"@id\":\"https:\\\/\\\/wp.kristdemokraterna.se\\\/varnamo\\\/#\\\/schema\\\/logo\\\/image\\\/\",\"url\":\"https:\\\/\\\/wp.kristdemokraterna.se\\\/varnamo\\\/files\\\/2022\\\/08\\\/va\u2560ernamo-sida-bla-300dpi.png\",\"contentUrl\":\"https:\\\/\\\/wp.kristdemokraterna.se\\\/varnamo\\\/files\\\/2022\\\/08\\\/va\u2560ernamo-sida-bla-300dpi.png\",\"width\":1485,\"height\":681,\"caption\":\"Kristdemokraterna V\u00e4rnamo\"},\"image\":{\"@id\":\"https:\\\/\\\/wp.kristdemokraterna.se\\\/varnamo\\\/#\\\/schema\\\/logo\\\/image\\\/\"},\"sameAs\":[\"https:\\\/\\\/www.facebook.com\\\/KDVarnamo\\\/\",\"https:\\\/\\\/x.com\\\/KDVarnamo\",\"https:\\\/\\\/www.instagram.com\\\/\",\"https:\\\/\\\/www.youtube.com\\\/user\\\/studiokd\\\/videos\"]},{\"@type\":\"Person\",\"@id\":\"https:\\\/\\\/wp.kristdemokraterna.se\\\/varnamo\\\/#\\\/schema\\\/person\\\/4e339ab04d613699e4dfe80a994e01d4\",\"name\":\"Kristdemokraterna V\u00e4rnamo\",\"image\":{\"@type\":\"ImageObject\",\"inLanguage\":\"sv-SE\",\"@id\":\"https:\\\/\\\/secure.gravatar.com\\\/avatar\\\/c122e48c7723992af51eb155eeaa93db3c1fa324e3fc6ec45dd712c812809b5b?s=96&r=g\",\"url\":\"https:\\\/\\\/secure.gravatar.com\\\/avatar\\\/c122e48c7723992af51eb155eeaa93db3c1fa324e3fc6ec45dd712c812809b5b?s=96&r=g\",\"contentUrl\":\"https:\\\/\\\/secure.gravatar.com\\\/avatar\\\/c122e48c7723992af51eb155eeaa93db3c1fa324e3fc6ec45dd712c812809b5b?s=96&r=g\",\"caption\":\"Kristdemokraterna V\u00e4rnamo\"},\"description\":\"Familjens r\u00f6st\",\"sameAs\":[\"http:\\\/\\\/www.varnamo.kristdemokraterna.se\"],\"url\":\"https:\\\/\\\/wp.kristdemokraterna.se\\\/varnamo\\\/author\\\/varnamo\\\/\"}]}<\/script>\n<!-- \/ Yoast SEO plugin. -->","yoast_head_json":{"title":"Alliansens vecka under V\u00e4rnamodagarna - KRISTDEMOKRATERNA V\u00c4RNAMO","robots":{"index":"index","follow":"follow","max-snippet":"max-snippet:-1","max-image-preview":"max-image-preview:large","max-video-preview":"max-video-preview:-1"},"canonical":"https:\/\/wp.kristdemokraterna.se\/varnamo\/2014\/08\/24\/alliansens-vecka-under-varnamodagarna\/","og_locale":"sv_SE","og_type":"article","og_title":"Alliansens vecka under V\u00e4rnamodagarna - KRISTDEMOKRATERNA V\u00c4RNAMO","og_description":"Under V\u00e4rnamodagarna lever V\u00e4rnamo upp, s\u00e5 \u00e4ven i \u00e5r. Eftersom det \u00e4r val\u00e5r s\u00e5 var partierna inbjudna att finnas p\u00e5 omr\u00e5det f\u00f6r att presentera sin politik. Medan alla andra partier stod ensamma utan kompisar samarbetade partierna i\u00a0Alliansen precis som vanligt. I Allianst\u00e4ltet kunde man slinka in, ta en fika och samtala i lugn och ro Read More","og_url":"https:\/\/wp.kristdemokraterna.se\/varnamo\/2014\/08\/24\/alliansens-vecka-under-varnamodagarna\/","og_site_name":"KRISTDEMOKRATERNA V\u00c4RNAMO","article_publisher":"https:\/\/www.facebook.com\/KDVarnamo\/","article_published_time":"2014-08-24T20:09:50+00:00","article_modified_time":"2015-07-09T19:51:52+00:00","og_image":[{"width":573,"height":557,"url":"https:\/\/wp.kristdemokraterna.se\/varnamo\/files\/2014\/08\/20140824_alliansveckan.jpg","type":"image\/jpeg"}],"author":"Kristdemokraterna V\u00e4rnamo","twitter_card":"summary_large_image","twitter_creator":"@KDVarnamo","twitter_site":"@KDVarnamo","twitter_misc":{"Skriven av":"Kristdemokraterna V\u00e4rnamo"},"schema":{"@context":"https:\/\/schema.org","@graph":[{"@type":"Article","@id":"https:\/\/wp.kristdemokraterna.se\/varnamo\/2014\/08\/24\/alliansens-vecka-under-varnamodagarna\/#article","isPartOf":{"@id":"https:\/\/wp.kristdemokraterna.se\/varnamo\/2014\/08\/24\/alliansens-vecka-under-varnamodagarna\/"},"author":{"name":"Kristdemokraterna V\u00e4rnamo","@id":"https:\/\/wp.kristdemokraterna.se\/varnamo\/#\/schema\/person\/4e339ab04d613699e4dfe80a994e01d4"},"headline":"Alliansens vecka under V\u00e4rnamodagarna","datePublished":"2014-08-24T20:09:50+00:00","dateModified":"2015-07-09T19:51:52+00:00","mainEntityOfPage":{"@id":"https:\/\/wp.kristdemokraterna.se\/varnamo\/2014\/08\/24\/alliansens-vecka-under-varnamodagarna\/"},"wordCount":92,"publisher":{"@id":"https:\/\/wp.kristdemokraterna.se\/varnamo\/#organization"},"image":{"@id":"https:\/\/wp.kristdemokraterna.se\/varnamo\/2014\/08\/24\/alliansens-vecka-under-varnamodagarna\/#primaryimage"},"thumbnailUrl":"https:\/\/wp.kristdemokraterna.se\/varnamo\/files\/2014\/08\/20140824_alliansveckan.jpg","keywords":["Alliansen","H\u00e5kan Johansson","valr\u00f6relse","V\u00e4rnamo","V\u00e4rnamodagarna"],"articleSection":["Nyheter"],"inLanguage":"sv-SE"},{"@type":"WebPage","@id":"https:\/\/wp.kristdemokraterna.se\/varnamo\/2014\/08\/24\/alliansens-vecka-under-varnamodagarna\/","url":"https:\/\/wp.kristdemokraterna.se\/varnamo\/2014\/08\/24\/alliansens-vecka-under-varnamodagarna\/","name":"Alliansens vecka under V\u00e4rnamodagarna - KRISTDEMOKRATERNA V\u00c4RNAMO","isPartOf":{"@id":"https:\/\/wp.kristdemokraterna.se\/varnamo\/#website"},"primaryImageOfPage":{"@id":"https:\/\/wp.kristdemokraterna.se\/varnamo\/2014\/08\/24\/alliansens-vecka-under-varnamodagarna\/#primaryimage"},"image":{"@id":"https:\/\/wp.kristdemokraterna.se\/varnamo\/2014\/08\/24\/alliansens-vecka-under-varnamodagarna\/#primaryimage"},"thumbnailUrl":"https:\/\/wp.kristdemokraterna.se\/varnamo\/files\/2014\/08\/20140824_alliansveckan.jpg","datePublished":"2014-08-24T20:09:50+00:00","dateModified":"2015-07-09T19:51:52+00:00","breadcrumb":{"@id":"https:\/\/wp.kristdemokraterna.se\/varnamo\/2014\/08\/24\/alliansens-vecka-under-varnamodagarna\/#breadcrumb"},"inLanguage":"sv-SE","potentialAction":[{"@type":"ReadAction","target":["https:\/\/wp.kristdemokraterna.se\/varnamo\/2014\/08\/24\/alliansens-vecka-under-varnamodagarna\/"]}]},{"@type":"ImageObject","inLanguage":"sv-SE","@id":"https:\/\/wp.kristdemokraterna.se\/varnamo\/2014\/08\/24\/alliansens-vecka-under-varnamodagarna\/#primaryimage","url":"https:\/\/wp.kristdemokraterna.se\/varnamo\/files\/2014\/08\/20140824_alliansveckan.jpg","contentUrl":"https:\/\/wp.kristdemokraterna.se\/varnamo\/files\/2014\/08\/20140824_alliansveckan.jpg","width":573,"height":557,"caption":"H\u00e5kan Johansson (KD) och Lars Carlborg (M) tillsammans med en bes\u00f6kare utanf\u00f6r Allianst\u00e4ltet p\u00e5 V\u00e4rnamodagarna. (Foto: Christian Aldern\u00e4s Ehlin)"},{"@type":"BreadcrumbList","@id":"https:\/\/wp.kristdemokraterna.se\/varnamo\/2014\/08\/24\/alliansens-vecka-under-varnamodagarna\/#breadcrumb","itemListElement":[{"@type":"ListItem","position":1,"name":"Hem","item":"https:\/\/wp.kristdemokraterna.se\/varnamo\/"},{"@type":"ListItem","position":2,"name":"Alliansens vecka under V\u00e4rnamodagarna"}]},{"@type":"WebSite","@id":"https:\/\/wp.kristdemokraterna.se\/varnamo\/#website","url":"https:\/\/wp.kristdemokraterna.se\/varnamo\/","name":"KRISTDEMOKRATERNA V\u00c4RNAMO","description":"Med hj\u00e4rta f\u00f6r V\u00e4rnamo","publisher":{"@id":"https:\/\/wp.kristdemokraterna.se\/varnamo\/#organization"},"inLanguage":"sv-SE"},{"@type":"Organization","@id":"https:\/\/wp.kristdemokraterna.se\/varnamo\/#organization","name":"Kristdemokraterna V\u00e4rnamo","url":"https:\/\/wp.kristdemokraterna.se\/varnamo\/","logo":{"@type":"ImageObject","inLanguage":"sv-SE","@id":"https:\/\/wp.kristdemokraterna.se\/varnamo\/#\/schema\/logo\/image\/","url":"https:\/\/wp.kristdemokraterna.se\/varnamo\/files\/2022\/08\/va\u2560ernamo-sida-bla-300dpi.png","contentUrl":"https:\/\/wp.kristdemokraterna.se\/varnamo\/files\/2022\/08\/va\u2560ernamo-sida-bla-300dpi.png","width":1485,"height":681,"caption":"Kristdemokraterna V\u00e4rnamo"},"image":{"@id":"https:\/\/wp.kristdemokraterna.se\/varnamo\/#\/schema\/logo\/image\/"},"sameAs":["https:\/\/www.facebook.com\/KDVarnamo\/","https:\/\/x.com\/KDVarnamo","https:\/\/www.instagram.com\/","https:\/\/www.youtube.com\/user\/studiokd\/videos"]},{"@type":"Person","@id":"https:\/\/wp.kristdemokraterna.se\/varnamo\/#\/schema\/person\/4e339ab04d613699e4dfe80a994e01d4","name":"Kristdemokraterna V\u00e4rnamo","image":{"@type":"ImageObject","inLanguage":"sv-SE","@id":"https:\/\/secure.gravatar.com\/avatar\/c122e48c7723992af51eb155eeaa93db3c1fa324e3fc6ec45dd712c812809b5b?s=96&r=g","url":"https:\/\/secure.gravatar.com\/avatar\/c122e48c7723992af51eb155eeaa93db3c1fa324e3fc6ec45dd712c812809b5b?s=96&r=g","contentUrl":"https:\/\/secure.gravatar.com\/avatar\/c122e48c7723992af51eb155eeaa93db3c1fa324e3fc6ec45dd712c812809b5b?s=96&r=g","caption":"Kristdemokraterna V\u00e4rnamo"},"description":"Familjens r\u00f6st","sameAs":["http:\/\/www.varnamo.kristdemokraterna.se"],"url":"https:\/\/wp.kristdemokraterna.se\/varnamo\/author\/varnamo\/"}]}},"_links":{"self":[{"href":"https:\/\/wp.kristdemokraterna.se\/varnamo\/wp-json\/wp\/v2\/posts\/5856","targetHints":{"allow":["GET"]}}],"collection":[{"href":"https:\/\/wp.kristdemokraterna.se\/varnamo\/wp-json\/wp\/v2\/posts"}],"about":[{"href":"https:\/\/wp.kristdemokraterna.se\/varnamo\/wp-json\/wp\/v2\/types\/post"}],"author":[{"embeddable":true,"href":"https:\/\/wp.kristdemokraterna.se\/varnamo\/wp-json\/wp\/v2\/users\/412"}],"replies":[{"embeddable":true,"href":"https:\/\/wp.kristdemokraterna.se\/varnamo\/wp-json\/wp\/v2\/comments?post=5856"}],"version-history":[{"count":9,"href":"https:\/\/wp.kristdemokraterna.se\/varnamo\/wp-json\/wp\/v2\/posts\/5856\/revisions"}],"predecessor-version":[{"id":6553,"href":"https:\/\/wp.kristdemokraterna.se\/varnamo\/wp-json\/wp\/v2\/posts\/5856\/revisions\/6553"}],"wp:featuredmedia":[{"embeddable":true,"href":"https:\/\/wp.kristdemokraterna.se\/varnamo\/wp-json\/wp\/v2\/media\/5854"}],"wp:attachment":[{"href":"https:\/\/wp.kristdemokraterna.se\/varnamo\/wp-json\/wp\/v2\/media?parent=5856"}],"wp:term":[{"taxonomy":"category","embeddable":true,"href":"https:\/\/wp.kristdemokraterna.se\/varnamo\/wp-json\/wp\/v2\/categories?post=5856"},{"taxonomy":"post_tag","embeddable":true,"href":"https:\/\/wp.kristdemokraterna.se\/varnamo\/wp-json\/wp\/v2\/tags?post=5856"}],"curies":[{"name":"wp","href":"https:\/\/api.w.org\/{rel}","templated":true}]}}