{"id":5951,"date":"2014-08-30T13:05:14","date_gmt":"2014-08-30T11:05:14","guid":{"rendered":"http:\/\/wp.kristdemokraterna.se\/varnamo\/?p=5951"},"modified":"2015-07-09T21:42:17","modified_gmt":"2015-07-09T19:42:17","slug":"goran-hagglund-talade-pa-flanaden","status":"publish","type":"post","link":"https:\/\/wp.kristdemokraterna.se\/varnamo\/2014\/08\/30\/goran-hagglund-talade-pa-flanaden\/","title":{"rendered":"G\u00f6ran H\u00e4gglund talade p\u00e5 Flanaden"},"content":{"rendered":"<p>Flanaden fylldes snabbt n\u00e4r socialminister G\u00f6ran H\u00e4gglund (KD) kom till V\u00e4rnamo.\u00a0Det var m\u00e5nga som stannade upp en stund f\u00f6r att lyssna till Sveriges b\u00e4ste och roligaste partiledare. Samtidigt var \u00e4ven Annie L\u00f6\u00f6f (C) d\u00e4r, s\u00e5 det blev ett ov\u00e4ntat toppm\u00f6te med halva Alliansen utanf\u00f6r Kristdemokraternas valstuga mitt i V\u00e4rnamo.<\/p>\n<p><!--more--><\/p>\n<p>\u2013\u00a0Jag vill genomf\u00f6ra \u00e5rhundradets sjukv\u00e5rdsreform, sade G\u00f6ran H\u00e4gglund. Om man hade b\u00f6rjat organisera sjukv\u00e5rden i dag s\u00e5 hade man aldrig valt en organisationsmodell med 21 landsting eller regioner som ska ha hela ansvaret, fortsatte han.<\/p>\n<p>En del landstingspolitiker s\u00e5g inte helt bekv\u00e4ma ut med partiledarens budskap, men det \u00e4r v\u00e4l inte s\u00e5 konstigt med tanke p\u00e5 att sjukv\u00e5rden i J\u00f6nk\u00f6pings l\u00e4n h\u00e5ller\u00a0svensk toppklass.<\/p>\n<p>G\u00f6ran H\u00e4gglund fortsatte med att ber\u00e4tta om nya reformer inom \u00e4ldreomsorgen, d\u00e4r Sverige \u00e4r b\u00e4st i v\u00e4rlden.<\/p>\n<p>\u2013\u00a0Vi f\u00f6resl\u00e5r ett m\u00e5ltidslyft inom \u00e4ldreomsorg och f\u00f6rskola p\u00e5 100 miljoner kronor.<\/p>\n<p>Som familjens r\u00f6st\u00a0r\u00f6rde han \u00e4ven vid tv\u00e5ngsdelningen av f\u00f6r\u00e4ldradagarna.<\/p>\n<p>\u2013 Om man \u00e4r vuxen nog att skaffa barn \u00e4r man vuxen nog att best\u00e4mma \u00f6ver f\u00f6r\u00e4ldraf\u00f6rs\u00e4kringen.<\/p>\n<p>Naturligtvis fick G\u00f6ran H\u00e4gglund \u00e4ven in n\u00e5gra humoristiska sl\u00e4ngar mot oppositionen.<\/p>\n<p>\u2013 Oppositionen lovar reformer om allt m\u00f6jligt, men j\u00e4mf\u00f6r man kostnaderna med finansieringen s\u00e5 f\u00f6rst\u00e5r vem som helst\u00a0att det inte g\u00e5r ihop.<\/p>\n<p>\u2013 Jag vill inte vakna upp den 15 september i ett Sverige d\u00e4r Sj\u00f6stedt \u00e4r utrikesminister och Fridolin har hand om skolan.<\/p>\n<p>G\u00f6ran H\u00e4gglund avslutade sitt tal med att uppmana alla att satsa allt de sista tv\u00e5 veckorna fram till valet.<\/p>\n<p>\u2013\u00a0Jag hoppas att ni alla vill vara med att ta Sverige vidare. Vidare f\u00f6r att fler ska ha ett jobb att g\u00e5 till. En \u00e4nnu b\u00e4ttre \u00e4ldreomsorg. Fler nya bost\u00e4der. F\u00f6r en skola som ger fler barn m\u00f6jlighet att lyckas. Och inte minst f\u00f6r en j\u00e4mlik v\u00e5rd i absolut toppklass. Vidare mot ett samh\u00e4lle d\u00e4r ingen h\u00e5lls tillbaka och ingen l\u00e4mnas efter.<\/p>\n<p>F\u00f6rutom G\u00f6ran H\u00e4gglund medverkade v\u00e4rnamobandet\u00a0Duojazz, Julia Karlsson och Elin Kothe. De ramade in partiledartalet snyggt med sin sk\u00f6na och sv\u00e4ngiga musik.<\/p>\n\n\t\t<style type=\"text\/css\">\n\t\t\t#gallery-1 {\n\t\t\t\tmargin: auto;\n\t\t\t}\n\t\t\t#gallery-1 .gallery-item {\n\t\t\t\tfloat: left;\n\t\t\t\tmargin-top: 10px;\n\t\t\t\ttext-align: center;\n\t\t\t\twidth: 33%;\n\t\t\t}\n\t\t\t#gallery-1 img {\n\t\t\t\tborder: 2px solid #cfcfcf;\n\t\t\t}\n\t\t\t#gallery-1 .gallery-caption {\n\t\t\t\tmargin-left: 0;\n\t\t\t}\n\t\t\t\/* see gallery_shortcode() in wp-includes\/media.php *\/\n\t\t<\/style>\n\t\t<div id='gallery-1' class='gallery galleryid-5951 gallery-columns-3 gallery-size-thumbnail'><dl class='gallery-item'>\n\t\t\t<dt class='gallery-icon landscape'>\n\t\t\t\t<a href='https:\/\/wp.kristdemokraterna.se\/varnamo\/2014\/08\/30\/goran-hagglund-talade-pa-flanaden\/20140830-partiledarbesok-juliakarlsson-elinkothe\/'><img loading=\"lazy\" decoding=\"async\" width=\"150\" height=\"150\" src=\"https:\/\/wp.kristdemokraterna.se\/varnamo\/files\/2014\/08\/20140830_partiledarbesok_juliakarlsson_elinkothe-150x150.jpg\" class=\"attachment-thumbnail size-thumbnail\" alt=\"Musikerna i Duojazz, Julia Karlsson och Elin Kothe, fick en stunds vila under partiledartalet. (Foto: H\u00e5kan Johansson)\" aria-describedby=\"gallery-1-5949\" \/><\/a>\n\t\t\t<\/dt>\n\t\t\t\t<dd class='wp-caption-text gallery-caption' id='gallery-1-5949'>\n\t\t\t\tMusikerna i Duojazz, Julia Karlsson och Elin Kothe, fick en stunds vila under partiledartalet. (Foto: H\u00e5kan Johansson)\n\t\t\t\t<\/dd><\/dl><dl class='gallery-item'>\n\t\t\t<dt class='gallery-icon portrait'>\n\t\t\t\t<a href='https:\/\/wp.kristdemokraterna.se\/varnamo\/2014\/08\/30\/goran-hagglund-talade-pa-flanaden\/20140830-partiledarbesok-goranhagglund\/'><img loading=\"lazy\" decoding=\"async\" width=\"150\" height=\"150\" src=\"https:\/\/wp.kristdemokraterna.se\/varnamo\/files\/2014\/08\/20140830_partiledarbesok_goranhagglund-150x150.jpg\" class=\"attachment-thumbnail size-thumbnail\" alt=\"G\u00f6ran H\u00e4gglund talade bland annat om \u00e5rhundradets sjukv\u00e5rdsreform, det vill s\u00e4ga att ge staten mer inflytande \u00f6ver den specialiserade sjukv\u00e5rden. (Foto: H\u00e5kan Johansson)\" aria-describedby=\"gallery-1-5946\" \/><\/a>\n\t\t\t<\/dt>\n\t\t\t\t<dd class='wp-caption-text gallery-caption' id='gallery-1-5946'>\n\t\t\t\tG\u00f6ran H\u00e4gglund talade bland annat om \u00e5rhundradets sjukv\u00e5rdsreform, det vill s\u00e4ga att ge staten mer inflytande \u00f6ver den specialiserade sjukv\u00e5rden. (Foto: H\u00e5kan Johansson)\n\t\t\t\t<\/dd><\/dl><dl class='gallery-item'>\n\t\t\t<dt class='gallery-icon landscape'>\n\t\t\t\t<a href='https:\/\/wp.kristdemokraterna.se\/varnamo\/2014\/08\/30\/goran-hagglund-talade-pa-flanaden\/20140830-partiledarbesok-goranhagglund-publik\/'><img loading=\"lazy\" decoding=\"async\" width=\"150\" height=\"150\" src=\"https:\/\/wp.kristdemokraterna.se\/varnamo\/files\/2014\/08\/20140830_partiledarbesok_goranhagglund_publik-150x150.jpg\" class=\"attachment-thumbnail size-thumbnail\" alt=\"Flanaden fylldes snabbt n\u00e4r G\u00f6ran H\u00e4gglund kom till V\u00e4rnamo. (Foto: H\u00e5kan Johansson)\" aria-describedby=\"gallery-1-5948\" \/><\/a>\n\t\t\t<\/dt>\n\t\t\t\t<dd class='wp-caption-text gallery-caption' id='gallery-1-5948'>\n\t\t\t\tFlanaden fylldes snabbt n\u00e4r G\u00f6ran H\u00e4gglund kom till V\u00e4rnamo. (Foto: H\u00e5kan Johansson)\n\t\t\t\t<\/dd><\/dl><br style=\"clear: both\" \/><dl class='gallery-item'>\n\t\t\t<dt class='gallery-icon portrait'>\n\t\t\t\t<a href='https:\/\/wp.kristdemokraterna.se\/varnamo\/2014\/08\/30\/goran-hagglund-talade-pa-flanaden\/20140830-partiledarbesok-duojazz\/'><img loading=\"lazy\" decoding=\"async\" width=\"150\" height=\"150\" src=\"https:\/\/wp.kristdemokraterna.se\/varnamo\/files\/2014\/08\/20140830_partiledarbesok_duojazz-150x150.jpg\" class=\"attachment-thumbnail size-thumbnail\" alt=\"Duojazz, Elin Kothe och Julia Karlsson) stod f\u00f6r den musikaliska underh\u00e5llningen. (Foto: H\u00e5kan Johansson)\" aria-describedby=\"gallery-1-5944\" \/><\/a>\n\t\t\t<\/dt>\n\t\t\t\t<dd class='wp-caption-text gallery-caption' id='gallery-1-5944'>\n\t\t\t\tDuojazz, Elin Kothe och Julia Karlsson) stod f\u00f6r den musikaliska underh\u00e5llningen. (Foto: H\u00e5kan Johansson)\n\t\t\t\t<\/dd><\/dl><dl class='gallery-item'>\n\t\t\t<dt class='gallery-icon landscape'>\n\t\t\t\t<a href='https:\/\/wp.kristdemokraterna.se\/varnamo\/2014\/08\/30\/goran-hagglund-talade-pa-flanaden\/20140830-partiledarbesok-kristdemokrater\/'><img loading=\"lazy\" decoding=\"async\" width=\"150\" height=\"150\" src=\"https:\/\/wp.kristdemokraterna.se\/varnamo\/files\/2014\/08\/20140830_partiledarbesok_kristdemokrater-150x150.jpg\" class=\"attachment-thumbnail size-thumbnail\" alt=\"V\u00e4rnamos kristdemokater samlade runt sin partiledare G\u00f6ran H\u00e4gglund. (Foto: Josef Barkenbom)\" aria-describedby=\"gallery-1-6112\" \/><\/a>\n\t\t\t<\/dt>\n\t\t\t\t<dd class='wp-caption-text gallery-caption' id='gallery-1-6112'>\n\t\t\t\tV\u00e4rnamos kristdemokater samlade runt sin partiledare G\u00f6ran H\u00e4gglund. (Foto: Josef Barkenbom)\n\t\t\t\t<\/dd><\/dl><dl class='gallery-item'>\n\t\t\t<dt class='gallery-icon landscape'>\n\t\t\t\t<a href='https:\/\/wp.kristdemokraterna.se\/varnamo\/2014\/08\/30\/goran-hagglund-talade-pa-flanaden\/20140830-partiledarbesok-annieloof\/'><img loading=\"lazy\" decoding=\"async\" width=\"150\" height=\"150\" src=\"https:\/\/wp.kristdemokraterna.se\/varnamo\/files\/2014\/08\/20140830_partiledarbesok_annieloof-150x150.jpg\" class=\"attachment-thumbnail size-thumbnail\" alt=\"Annie L\u00f6\u00f6f (C) var ocks\u00e5 i V\u00e4rnamo och hj\u00e4lpte till vid centerns valstuga. (Foto: H\u00e5kan Johansson)\" aria-describedby=\"gallery-1-5942\" \/><\/a>\n\t\t\t<\/dt>\n\t\t\t\t<dd class='wp-caption-text gallery-caption' id='gallery-1-5942'>\n\t\t\t\tAnnie L\u00f6\u00f6f (C) var ocks\u00e5 i V\u00e4rnamo och hj\u00e4lpte till vid centerns valstuga. (Foto: H\u00e5kan Johansson)\n\t\t\t\t<\/dd><\/dl><br style=\"clear: both\" \/><dl class='gallery-item'>\n\t\t\t<dt class='gallery-icon portrait'>\n\t\t\t\t<a href='https:\/\/wp.kristdemokraterna.se\/varnamo\/2014\/08\/29\/goran-hagglund-kommer-till-varnamo\/20140830-vn-goranhagglund\/'><img loading=\"lazy\" decoding=\"async\" width=\"150\" height=\"150\" src=\"https:\/\/wp.kristdemokraterna.se\/varnamo\/files\/2014\/08\/20140830_vn_goranhagglund-150x150.jpg\" class=\"attachment-thumbnail size-thumbnail\" alt=\"Kom och lyssna till G\u00f6ran H\u00e4gglund. Kristdemokraterna \u00e4r p\u00e5 Flanaden i dag kl.12.45. Duojazz st\u00e5r f\u00f6r underh\u00e5llningen och vi bjuder p\u00e5 fika. Sverige ska vara v\u00e4rldens b\u00e4sta land att v\u00e4xa upp i! Kristdemokraterna. @goranhagglund\" \/><\/a>\n\t\t\t<\/dt><\/dl><dl class='gallery-item'>\n\t\t\t<dt class='gallery-icon landscape'>\n\t\t\t\t<a href='https:\/\/wp.kristdemokraterna.se\/varnamo\/2014\/08\/30\/goran-hagglund-talade-pa-flanaden\/20140830-partiledarbesok-barn-goranhagglund\/'><img loading=\"lazy\" decoding=\"async\" width=\"150\" height=\"150\" src=\"https:\/\/wp.kristdemokraterna.se\/varnamo\/files\/2014\/08\/20140830_partiledarbesok_barn_goranhagglund-150x150.jpg\" class=\"attachment-thumbnail size-thumbnail\" alt=\"G\u00f6ran H\u00e4gglund b\u00f6jer sig g\u00e4rna ner och samtalar med barnen en stund. (Foto: H\u00e5kan Johansson)\" aria-describedby=\"gallery-1-5943\" \/><\/a>\n\t\t\t<\/dt>\n\t\t\t\t<dd class='wp-caption-text gallery-caption' id='gallery-1-5943'>\n\t\t\t\tG\u00f6ran H\u00e4gglund b\u00f6jer sig g\u00e4rna ner och samtalar med barnen en stund. (Foto: H\u00e5kan Johansson)\n\t\t\t\t<\/dd><\/dl><dl class='gallery-item'>\n\t\t\t<dt class='gallery-icon landscape'>\n\t\t\t\t<a href='https:\/\/wp.kristdemokraterna.se\/varnamo\/2014\/08\/30\/goran-hagglund-talade-pa-flanaden\/20140830-partiledarbesok-goranhagglund-annieloof\/'><img loading=\"lazy\" decoding=\"async\" width=\"150\" height=\"150\" src=\"https:\/\/wp.kristdemokraterna.se\/varnamo\/files\/2014\/08\/20140830_partiledarbesok_goranhagglund_annieloof-150x150.jpg\" class=\"attachment-thumbnail size-thumbnail\" alt=\"Pl\u00f6tsligt stod halva Alliansen samlad mitt i V\u00e4rnamo. (Foto: H\u00e5kan Johansson)\" aria-describedby=\"gallery-1-5947\" \/><\/a>\n\t\t\t<\/dt>\n\t\t\t\t<dd class='wp-caption-text gallery-caption' id='gallery-1-5947'>\n\t\t\t\tPl\u00f6tsligt stod halva Alliansen samlad mitt i V\u00e4rnamo. (Foto: H\u00e5kan Johansson)\n\t\t\t\t<\/dd><\/dl><br style=\"clear: both\" \/><dl class='gallery-item'>\n\t\t\t<dt class='gallery-icon landscape'>\n\t\t\t\t<a href='https:\/\/wp.kristdemokraterna.se\/varnamo\/2014\/08\/30\/goran-hagglund-talade-pa-flanaden\/20140830-partiledarbesok-elinkothe-juliakarlsson-goranhagglund\/'><img loading=\"lazy\" decoding=\"async\" width=\"150\" height=\"150\" src=\"https:\/\/wp.kristdemokraterna.se\/varnamo\/files\/2014\/08\/20140830_partiledarbesok_elinkothe_juliakarlsson_goranhagglund-150x150.jpg\" class=\"attachment-thumbnail size-thumbnail\" alt=\"Elin Kothe och Julia Karlsson (Duojazz) stod f\u00f6r programmet tillsammans med G\u00f6ran H\u00e4gglund. (Foto: H\u00e5kan Johansson)\" aria-describedby=\"gallery-1-5945\" \/><\/a>\n\t\t\t<\/dt>\n\t\t\t\t<dd class='wp-caption-text gallery-caption' id='gallery-1-5945'>\n\t\t\t\tElin Kothe och Julia Karlsson (Duojazz) stod f\u00f6r programmet tillsammans med G\u00f6ran H\u00e4gglund. (Foto: H\u00e5kan Johansson)\n\t\t\t\t<\/dd><\/dl><dl class='gallery-item'>\n\t\t\t<dt class='gallery-icon landscape'>\n\t\t\t\t<a href='https:\/\/wp.kristdemokraterna.se\/varnamo\/2014\/08\/30\/goran-hagglund-talade-pa-flanaden\/20140830-partiledarbesok-publikhav\/'><img loading=\"lazy\" decoding=\"async\" width=\"150\" height=\"150\" src=\"https:\/\/wp.kristdemokraterna.se\/varnamo\/files\/2014\/08\/20140830_partiledarbesok_publikhav-150x150.jpg\" class=\"attachment-thumbnail size-thumbnail\" alt=\"Det var m\u00e5nga som stannade upp en stund f\u00f6r att lyssna till Sveriges b\u00e4ste och roligaste partiledare, socialminister G\u00f6ran H\u00e4gglund. (Foto: H\u00e5kan Johansson)\" aria-describedby=\"gallery-1-5950\" \/><\/a>\n\t\t\t<\/dt>\n\t\t\t\t<dd class='wp-caption-text gallery-caption' id='gallery-1-5950'>\n\t\t\t\tDet var m\u00e5nga som stannade upp en stund f\u00f6r att lyssna till Sveriges b\u00e4ste och roligaste partiledare, socialminister G\u00f6ran H\u00e4gglund. (Foto: H\u00e5kan Johansson)\n\t\t\t\t<\/dd><\/dl>\n\t\t\t<br style='clear: both' \/>\n\t\t<\/div>\n\n","protected":false},"excerpt":{"rendered":"<p>Flanaden fylldes snabbt n\u00e4r socialminister G\u00f6ran H\u00e4gglund (KD) kom till V\u00e4rnamo.\u00a0Det var m\u00e5nga som stannade upp en stund f\u00f6r att lyssna till Sveriges b\u00e4ste och roligaste partiledare. Samtidigt var \u00e4ven Annie L\u00f6\u00f6f (C) d\u00e4r, s\u00e5 det blev ett ov\u00e4ntat toppm\u00f6te med halva Alliansen utanf\u00f6r Kristdemokraternas valstuga mitt i V\u00e4rnamo.<\/p>\n","protected":false},"author":412,"featured_media":5945,"comment_status":"closed","ping_status":"closed","sticky":false,"template":"","format":"standard","meta":{"_acf_changed":false,"footnotes":""},"categories":[11],"tags":[40,149,31,129,599,375,554,591,228,428,117,546,70,597,45,159,598,166,33,427,62,497],"class_list":["post-5951","post","type-post","status-publish","format-standard","hentry","category-nyheter","tag-aldreomsorg","tag-alliansen","tag-barn-och-unga","tag-bostader","tag-dar-ingen-halls-tillbaka-och-ingen-lamnas-efter","tag-familjens-rost","tag-finansiering","tag-flanaden","tag-foraldraforsakring","tag-forskola","tag-goran-hagglund","tag-jobb","tag-landstinget","tag-maltidslyft","tag-minister","tag-partiledarbesok","tag-reform","tag-sjukvard","tag-skola","tag-uppvaxtvillkor","tag-valrorelse","tag-valstuga"],"acf":[],"yoast_head":"<!-- This site is optimized with the Yoast SEO plugin v27.4 - https:\/\/yoast.com\/product\/yoast-seo-wordpress\/ -->\n<title>G\u00f6ran H\u00e4gglund talade p\u00e5 Flanaden - KRISTDEMOKRATERNA V\u00c4RNAMO<\/title>\n<meta name=\"robots\" content=\"index, follow, max-snippet:-1, max-image-preview:large, max-video-preview:-1\" \/>\n<link rel=\"canonical\" href=\"https:\/\/wp.kristdemokraterna.se\/varnamo\/2014\/08\/30\/goran-hagglund-talade-pa-flanaden\/\" \/>\n<meta property=\"og:locale\" content=\"sv_SE\" \/>\n<meta property=\"og:type\" content=\"article\" \/>\n<meta property=\"og:title\" content=\"G\u00f6ran H\u00e4gglund talade p\u00e5 Flanaden - KRISTDEMOKRATERNA V\u00c4RNAMO\" \/>\n<meta property=\"og:description\" content=\"Flanaden fylldes snabbt n\u00e4r socialminister G\u00f6ran H\u00e4gglund (KD) kom till V\u00e4rnamo.\u00a0Det var m\u00e5nga som stannade upp en stund f\u00f6r att lyssna till Sveriges b\u00e4ste och roligaste partiledare. Samtidigt var \u00e4ven Annie L\u00f6\u00f6f (C) d\u00e4r, s\u00e5 det blev ett ov\u00e4ntat toppm\u00f6te med halva Alliansen utanf\u00f6r Kristdemokraternas valstuga mitt i V\u00e4rnamo.\" \/>\n<meta property=\"og:url\" content=\"https:\/\/wp.kristdemokraterna.se\/varnamo\/2014\/08\/30\/goran-hagglund-talade-pa-flanaden\/\" \/>\n<meta property=\"og:site_name\" content=\"KRISTDEMOKRATERNA V\u00c4RNAMO\" \/>\n<meta property=\"article:publisher\" content=\"https:\/\/www.facebook.com\/KDVarnamo\/\" \/>\n<meta property=\"article:published_time\" content=\"2014-08-30T11:05:14+00:00\" \/>\n<meta property=\"article:modified_time\" content=\"2015-07-09T19:42:17+00:00\" \/>\n<meta property=\"og:image\" content=\"https:\/\/wp.kristdemokraterna.se\/varnamo\/files\/2014\/08\/20140830_partiledarbesok_elinkothe_juliakarlsson_goranhagglund.jpg\" \/>\n\t<meta property=\"og:image:width\" content=\"775\" \/>\n\t<meta property=\"og:image:height\" content=\"402\" \/>\n\t<meta property=\"og:image:type\" content=\"image\/jpeg\" \/>\n<meta name=\"author\" content=\"Kristdemokraterna V\u00e4rnamo\" \/>\n<meta name=\"twitter:card\" content=\"summary_large_image\" \/>\n<meta name=\"twitter:creator\" content=\"@KDVarnamo\" \/>\n<meta name=\"twitter:site\" content=\"@KDVarnamo\" \/>\n<meta name=\"twitter:label1\" content=\"Skriven av\" \/>\n\t<meta name=\"twitter:data1\" content=\"Kristdemokraterna V\u00e4rnamo\" \/>\n\t<meta name=\"twitter:label2\" content=\"Ber\u00e4knad l\u00e4stid\" \/>\n\t<meta name=\"twitter:data2\" content=\"2 minuter\" \/>\n<script type=\"application\/ld+json\" class=\"yoast-schema-graph\">{\"@context\":\"https:\\\/\\\/schema.org\",\"@graph\":[{\"@type\":\"Article\",\"@id\":\"https:\\\/\\\/wp.kristdemokraterna.se\\\/varnamo\\\/2014\\\/08\\\/30\\\/goran-hagglund-talade-pa-flanaden\\\/#article\",\"isPartOf\":{\"@id\":\"https:\\\/\\\/wp.kristdemokraterna.se\\\/varnamo\\\/2014\\\/08\\\/30\\\/goran-hagglund-talade-pa-flanaden\\\/\"},\"author\":{\"name\":\"Kristdemokraterna V\u00e4rnamo\",\"@id\":\"https:\\\/\\\/wp.kristdemokraterna.se\\\/varnamo\\\/#\\\/schema\\\/person\\\/4e339ab04d613699e4dfe80a994e01d4\"},\"headline\":\"G\u00f6ran H\u00e4gglund talade p\u00e5 Flanaden\",\"datePublished\":\"2014-08-30T11:05:14+00:00\",\"dateModified\":\"2015-07-09T19:42:17+00:00\",\"mainEntityOfPage\":{\"@id\":\"https:\\\/\\\/wp.kristdemokraterna.se\\\/varnamo\\\/2014\\\/08\\\/30\\\/goran-hagglund-talade-pa-flanaden\\\/\"},\"wordCount\":415,\"publisher\":{\"@id\":\"https:\\\/\\\/wp.kristdemokraterna.se\\\/varnamo\\\/#organization\"},\"image\":{\"@id\":\"https:\\\/\\\/wp.kristdemokraterna.se\\\/varnamo\\\/2014\\\/08\\\/30\\\/goran-hagglund-talade-pa-flanaden\\\/#primaryimage\"},\"thumbnailUrl\":\"https:\\\/\\\/wp.kristdemokraterna.se\\\/varnamo\\\/files\\\/2014\\\/08\\\/20140830_partiledarbesok_elinkothe_juliakarlsson_goranhagglund.jpg\",\"keywords\":[\"\u00e4ldreomsorg\",\"Alliansen\",\"barn och unga\",\"bost\u00e4der\",\"d\u00e4r ingen h\u00e5lls tillbaka och ingen l\u00e4mnas efter\",\"familjens r\u00f6st\",\"finansiering\",\"Flanaden\",\"f\u00f6r\u00e4ldraf\u00f6rs\u00e4kring\",\"f\u00f6rskola\",\"G\u00f6ran H\u00e4gglund\",\"jobb\",\"landstinget\",\"m\u00e5ltidslyft\",\"minister\",\"partiledarbes\u00f6k\",\"reform\",\"sjukv\u00e5rd\",\"skola\",\"uppv\u00e4xtvillkor\",\"valr\u00f6relse\",\"valstuga\"],\"articleSection\":[\"Nyheter\"],\"inLanguage\":\"sv-SE\"},{\"@type\":\"WebPage\",\"@id\":\"https:\\\/\\\/wp.kristdemokraterna.se\\\/varnamo\\\/2014\\\/08\\\/30\\\/goran-hagglund-talade-pa-flanaden\\\/\",\"url\":\"https:\\\/\\\/wp.kristdemokraterna.se\\\/varnamo\\\/2014\\\/08\\\/30\\\/goran-hagglund-talade-pa-flanaden\\\/\",\"name\":\"G\u00f6ran H\u00e4gglund talade p\u00e5 Flanaden - KRISTDEMOKRATERNA V\u00c4RNAMO\",\"isPartOf\":{\"@id\":\"https:\\\/\\\/wp.kristdemokraterna.se\\\/varnamo\\\/#website\"},\"primaryImageOfPage\":{\"@id\":\"https:\\\/\\\/wp.kristdemokraterna.se\\\/varnamo\\\/2014\\\/08\\\/30\\\/goran-hagglund-talade-pa-flanaden\\\/#primaryimage\"},\"image\":{\"@id\":\"https:\\\/\\\/wp.kristdemokraterna.se\\\/varnamo\\\/2014\\\/08\\\/30\\\/goran-hagglund-talade-pa-flanaden\\\/#primaryimage\"},\"thumbnailUrl\":\"https:\\\/\\\/wp.kristdemokraterna.se\\\/varnamo\\\/files\\\/2014\\\/08\\\/20140830_partiledarbesok_elinkothe_juliakarlsson_goranhagglund.jpg\",\"datePublished\":\"2014-08-30T11:05:14+00:00\",\"dateModified\":\"2015-07-09T19:42:17+00:00\",\"breadcrumb\":{\"@id\":\"https:\\\/\\\/wp.kristdemokraterna.se\\\/varnamo\\\/2014\\\/08\\\/30\\\/goran-hagglund-talade-pa-flanaden\\\/#breadcrumb\"},\"inLanguage\":\"sv-SE\",\"potentialAction\":[{\"@type\":\"ReadAction\",\"target\":[\"https:\\\/\\\/wp.kristdemokraterna.se\\\/varnamo\\\/2014\\\/08\\\/30\\\/goran-hagglund-talade-pa-flanaden\\\/\"]}]},{\"@type\":\"ImageObject\",\"inLanguage\":\"sv-SE\",\"@id\":\"https:\\\/\\\/wp.kristdemokraterna.se\\\/varnamo\\\/2014\\\/08\\\/30\\\/goran-hagglund-talade-pa-flanaden\\\/#primaryimage\",\"url\":\"https:\\\/\\\/wp.kristdemokraterna.se\\\/varnamo\\\/files\\\/2014\\\/08\\\/20140830_partiledarbesok_elinkothe_juliakarlsson_goranhagglund.jpg\",\"contentUrl\":\"https:\\\/\\\/wp.kristdemokraterna.se\\\/varnamo\\\/files\\\/2014\\\/08\\\/20140830_partiledarbesok_elinkothe_juliakarlsson_goranhagglund.jpg\",\"width\":775,\"height\":402,\"caption\":\"Elin Kothe och Julia Karlsson (Duojazz) stod f\u00f6r programmet tillsammans med G\u00f6ran H\u00e4gglund. (Foto: H\u00e5kan Johansson)\"},{\"@type\":\"BreadcrumbList\",\"@id\":\"https:\\\/\\\/wp.kristdemokraterna.se\\\/varnamo\\\/2014\\\/08\\\/30\\\/goran-hagglund-talade-pa-flanaden\\\/#breadcrumb\",\"itemListElement\":[{\"@type\":\"ListItem\",\"position\":1,\"name\":\"Hem\",\"item\":\"https:\\\/\\\/wp.kristdemokraterna.se\\\/varnamo\\\/\"},{\"@type\":\"ListItem\",\"position\":2,\"name\":\"G\u00f6ran H\u00e4gglund talade p\u00e5 Flanaden\"}]},{\"@type\":\"WebSite\",\"@id\":\"https:\\\/\\\/wp.kristdemokraterna.se\\\/varnamo\\\/#website\",\"url\":\"https:\\\/\\\/wp.kristdemokraterna.se\\\/varnamo\\\/\",\"name\":\"KRISTDEMOKRATERNA V\u00c4RNAMO\",\"description\":\"Med hj\u00e4rta f\u00f6r V\u00e4rnamo\",\"publisher\":{\"@id\":\"https:\\\/\\\/wp.kristdemokraterna.se\\\/varnamo\\\/#organization\"},\"inLanguage\":\"sv-SE\"},{\"@type\":\"Organization\",\"@id\":\"https:\\\/\\\/wp.kristdemokraterna.se\\\/varnamo\\\/#organization\",\"name\":\"Kristdemokraterna V\u00e4rnamo\",\"url\":\"https:\\\/\\\/wp.kristdemokraterna.se\\\/varnamo\\\/\",\"logo\":{\"@type\":\"ImageObject\",\"inLanguage\":\"sv-SE\",\"@id\":\"https:\\\/\\\/wp.kristdemokraterna.se\\\/varnamo\\\/#\\\/schema\\\/logo\\\/image\\\/\",\"url\":\"https:\\\/\\\/wp.kristdemokraterna.se\\\/varnamo\\\/files\\\/2022\\\/08\\\/va\u2560ernamo-sida-bla-300dpi.png\",\"contentUrl\":\"https:\\\/\\\/wp.kristdemokraterna.se\\\/varnamo\\\/files\\\/2022\\\/08\\\/va\u2560ernamo-sida-bla-300dpi.png\",\"width\":1485,\"height\":681,\"caption\":\"Kristdemokraterna V\u00e4rnamo\"},\"image\":{\"@id\":\"https:\\\/\\\/wp.kristdemokraterna.se\\\/varnamo\\\/#\\\/schema\\\/logo\\\/image\\\/\"},\"sameAs\":[\"https:\\\/\\\/www.facebook.com\\\/KDVarnamo\\\/\",\"https:\\\/\\\/x.com\\\/KDVarnamo\",\"https:\\\/\\\/www.instagram.com\\\/\",\"https:\\\/\\\/www.youtube.com\\\/user\\\/studiokd\\\/videos\"]},{\"@type\":\"Person\",\"@id\":\"https:\\\/\\\/wp.kristdemokraterna.se\\\/varnamo\\\/#\\\/schema\\\/person\\\/4e339ab04d613699e4dfe80a994e01d4\",\"name\":\"Kristdemokraterna V\u00e4rnamo\",\"image\":{\"@type\":\"ImageObject\",\"inLanguage\":\"sv-SE\",\"@id\":\"https:\\\/\\\/secure.gravatar.com\\\/avatar\\\/c122e48c7723992af51eb155eeaa93db3c1fa324e3fc6ec45dd712c812809b5b?s=96&r=g\",\"url\":\"https:\\\/\\\/secure.gravatar.com\\\/avatar\\\/c122e48c7723992af51eb155eeaa93db3c1fa324e3fc6ec45dd712c812809b5b?s=96&r=g\",\"contentUrl\":\"https:\\\/\\\/secure.gravatar.com\\\/avatar\\\/c122e48c7723992af51eb155eeaa93db3c1fa324e3fc6ec45dd712c812809b5b?s=96&r=g\",\"caption\":\"Kristdemokraterna V\u00e4rnamo\"},\"description\":\"Familjens r\u00f6st\",\"sameAs\":[\"http:\\\/\\\/www.varnamo.kristdemokraterna.se\"],\"url\":\"https:\\\/\\\/wp.kristdemokraterna.se\\\/varnamo\\\/author\\\/varnamo\\\/\"}]}<\/script>\n<!-- \/ Yoast SEO plugin. -->","yoast_head_json":{"title":"G\u00f6ran H\u00e4gglund talade p\u00e5 Flanaden - KRISTDEMOKRATERNA V\u00c4RNAMO","robots":{"index":"index","follow":"follow","max-snippet":"max-snippet:-1","max-image-preview":"max-image-preview:large","max-video-preview":"max-video-preview:-1"},"canonical":"https:\/\/wp.kristdemokraterna.se\/varnamo\/2014\/08\/30\/goran-hagglund-talade-pa-flanaden\/","og_locale":"sv_SE","og_type":"article","og_title":"G\u00f6ran H\u00e4gglund talade p\u00e5 Flanaden - KRISTDEMOKRATERNA V\u00c4RNAMO","og_description":"Flanaden fylldes snabbt n\u00e4r socialminister G\u00f6ran H\u00e4gglund (KD) kom till V\u00e4rnamo.\u00a0Det var m\u00e5nga som stannade upp en stund f\u00f6r att lyssna till Sveriges b\u00e4ste och roligaste partiledare. Samtidigt var \u00e4ven Annie L\u00f6\u00f6f (C) d\u00e4r, s\u00e5 det blev ett ov\u00e4ntat toppm\u00f6te med halva Alliansen utanf\u00f6r Kristdemokraternas valstuga mitt i V\u00e4rnamo.","og_url":"https:\/\/wp.kristdemokraterna.se\/varnamo\/2014\/08\/30\/goran-hagglund-talade-pa-flanaden\/","og_site_name":"KRISTDEMOKRATERNA V\u00c4RNAMO","article_publisher":"https:\/\/www.facebook.com\/KDVarnamo\/","article_published_time":"2014-08-30T11:05:14+00:00","article_modified_time":"2015-07-09T19:42:17+00:00","og_image":[{"width":775,"height":402,"url":"https:\/\/wp.kristdemokraterna.se\/varnamo\/files\/2014\/08\/20140830_partiledarbesok_elinkothe_juliakarlsson_goranhagglund.jpg","type":"image\/jpeg"}],"author":"Kristdemokraterna V\u00e4rnamo","twitter_card":"summary_large_image","twitter_creator":"@KDVarnamo","twitter_site":"@KDVarnamo","twitter_misc":{"Skriven av":"Kristdemokraterna V\u00e4rnamo","Ber\u00e4knad l\u00e4stid":"2 minuter"},"schema":{"@context":"https:\/\/schema.org","@graph":[{"@type":"Article","@id":"https:\/\/wp.kristdemokraterna.se\/varnamo\/2014\/08\/30\/goran-hagglund-talade-pa-flanaden\/#article","isPartOf":{"@id":"https:\/\/wp.kristdemokraterna.se\/varnamo\/2014\/08\/30\/goran-hagglund-talade-pa-flanaden\/"},"author":{"name":"Kristdemokraterna V\u00e4rnamo","@id":"https:\/\/wp.kristdemokraterna.se\/varnamo\/#\/schema\/person\/4e339ab04d613699e4dfe80a994e01d4"},"headline":"G\u00f6ran H\u00e4gglund talade p\u00e5 Flanaden","datePublished":"2014-08-30T11:05:14+00:00","dateModified":"2015-07-09T19:42:17+00:00","mainEntityOfPage":{"@id":"https:\/\/wp.kristdemokraterna.se\/varnamo\/2014\/08\/30\/goran-hagglund-talade-pa-flanaden\/"},"wordCount":415,"publisher":{"@id":"https:\/\/wp.kristdemokraterna.se\/varnamo\/#organization"},"image":{"@id":"https:\/\/wp.kristdemokraterna.se\/varnamo\/2014\/08\/30\/goran-hagglund-talade-pa-flanaden\/#primaryimage"},"thumbnailUrl":"https:\/\/wp.kristdemokraterna.se\/varnamo\/files\/2014\/08\/20140830_partiledarbesok_elinkothe_juliakarlsson_goranhagglund.jpg","keywords":["\u00e4ldreomsorg","Alliansen","barn och unga","bost\u00e4der","d\u00e4r ingen h\u00e5lls tillbaka och ingen l\u00e4mnas efter","familjens r\u00f6st","finansiering","Flanaden","f\u00f6r\u00e4ldraf\u00f6rs\u00e4kring","f\u00f6rskola","G\u00f6ran H\u00e4gglund","jobb","landstinget","m\u00e5ltidslyft","minister","partiledarbes\u00f6k","reform","sjukv\u00e5rd","skola","uppv\u00e4xtvillkor","valr\u00f6relse","valstuga"],"articleSection":["Nyheter"],"inLanguage":"sv-SE"},{"@type":"WebPage","@id":"https:\/\/wp.kristdemokraterna.se\/varnamo\/2014\/08\/30\/goran-hagglund-talade-pa-flanaden\/","url":"https:\/\/wp.kristdemokraterna.se\/varnamo\/2014\/08\/30\/goran-hagglund-talade-pa-flanaden\/","name":"G\u00f6ran H\u00e4gglund talade p\u00e5 Flanaden - KRISTDEMOKRATERNA V\u00c4RNAMO","isPartOf":{"@id":"https:\/\/wp.kristdemokraterna.se\/varnamo\/#website"},"primaryImageOfPage":{"@id":"https:\/\/wp.kristdemokraterna.se\/varnamo\/2014\/08\/30\/goran-hagglund-talade-pa-flanaden\/#primaryimage"},"image":{"@id":"https:\/\/wp.kristdemokraterna.se\/varnamo\/2014\/08\/30\/goran-hagglund-talade-pa-flanaden\/#primaryimage"},"thumbnailUrl":"https:\/\/wp.kristdemokraterna.se\/varnamo\/files\/2014\/08\/20140830_partiledarbesok_elinkothe_juliakarlsson_goranhagglund.jpg","datePublished":"2014-08-30T11:05:14+00:00","dateModified":"2015-07-09T19:42:17+00:00","breadcrumb":{"@id":"https:\/\/wp.kristdemokraterna.se\/varnamo\/2014\/08\/30\/goran-hagglund-talade-pa-flanaden\/#breadcrumb"},"inLanguage":"sv-SE","potentialAction":[{"@type":"ReadAction","target":["https:\/\/wp.kristdemokraterna.se\/varnamo\/2014\/08\/30\/goran-hagglund-talade-pa-flanaden\/"]}]},{"@type":"ImageObject","inLanguage":"sv-SE","@id":"https:\/\/wp.kristdemokraterna.se\/varnamo\/2014\/08\/30\/goran-hagglund-talade-pa-flanaden\/#primaryimage","url":"https:\/\/wp.kristdemokraterna.se\/varnamo\/files\/2014\/08\/20140830_partiledarbesok_elinkothe_juliakarlsson_goranhagglund.jpg","contentUrl":"https:\/\/wp.kristdemokraterna.se\/varnamo\/files\/2014\/08\/20140830_partiledarbesok_elinkothe_juliakarlsson_goranhagglund.jpg","width":775,"height":402,"caption":"Elin Kothe och Julia Karlsson (Duojazz) stod f\u00f6r programmet tillsammans med G\u00f6ran H\u00e4gglund. (Foto: H\u00e5kan Johansson)"},{"@type":"BreadcrumbList","@id":"https:\/\/wp.kristdemokraterna.se\/varnamo\/2014\/08\/30\/goran-hagglund-talade-pa-flanaden\/#breadcrumb","itemListElement":[{"@type":"ListItem","position":1,"name":"Hem","item":"https:\/\/wp.kristdemokraterna.se\/varnamo\/"},{"@type":"ListItem","position":2,"name":"G\u00f6ran H\u00e4gglund talade p\u00e5 Flanaden"}]},{"@type":"WebSite","@id":"https:\/\/wp.kristdemokraterna.se\/varnamo\/#website","url":"https:\/\/wp.kristdemokraterna.se\/varnamo\/","name":"KRISTDEMOKRATERNA V\u00c4RNAMO","description":"Med hj\u00e4rta f\u00f6r V\u00e4rnamo","publisher":{"@id":"https:\/\/wp.kristdemokraterna.se\/varnamo\/#organization"},"inLanguage":"sv-SE"},{"@type":"Organization","@id":"https:\/\/wp.kristdemokraterna.se\/varnamo\/#organization","name":"Kristdemokraterna V\u00e4rnamo","url":"https:\/\/wp.kristdemokraterna.se\/varnamo\/","logo":{"@type":"ImageObject","inLanguage":"sv-SE","@id":"https:\/\/wp.kristdemokraterna.se\/varnamo\/#\/schema\/logo\/image\/","url":"https:\/\/wp.kristdemokraterna.se\/varnamo\/files\/2022\/08\/va\u2560ernamo-sida-bla-300dpi.png","contentUrl":"https:\/\/wp.kristdemokraterna.se\/varnamo\/files\/2022\/08\/va\u2560ernamo-sida-bla-300dpi.png","width":1485,"height":681,"caption":"Kristdemokraterna V\u00e4rnamo"},"image":{"@id":"https:\/\/wp.kristdemokraterna.se\/varnamo\/#\/schema\/logo\/image\/"},"sameAs":["https:\/\/www.facebook.com\/KDVarnamo\/","https:\/\/x.com\/KDVarnamo","https:\/\/www.instagram.com\/","https:\/\/www.youtube.com\/user\/studiokd\/videos"]},{"@type":"Person","@id":"https:\/\/wp.kristdemokraterna.se\/varnamo\/#\/schema\/person\/4e339ab04d613699e4dfe80a994e01d4","name":"Kristdemokraterna V\u00e4rnamo","image":{"@type":"ImageObject","inLanguage":"sv-SE","@id":"https:\/\/secure.gravatar.com\/avatar\/c122e48c7723992af51eb155eeaa93db3c1fa324e3fc6ec45dd712c812809b5b?s=96&r=g","url":"https:\/\/secure.gravatar.com\/avatar\/c122e48c7723992af51eb155eeaa93db3c1fa324e3fc6ec45dd712c812809b5b?s=96&r=g","contentUrl":"https:\/\/secure.gravatar.com\/avatar\/c122e48c7723992af51eb155eeaa93db3c1fa324e3fc6ec45dd712c812809b5b?s=96&r=g","caption":"Kristdemokraterna V\u00e4rnamo"},"description":"Familjens r\u00f6st","sameAs":["http:\/\/www.varnamo.kristdemokraterna.se"],"url":"https:\/\/wp.kristdemokraterna.se\/varnamo\/author\/varnamo\/"}]}},"_links":{"self":[{"href":"https:\/\/wp.kristdemokraterna.se\/varnamo\/wp-json\/wp\/v2\/posts\/5951","targetHints":{"allow":["GET"]}}],"collection":[{"href":"https:\/\/wp.kristdemokraterna.se\/varnamo\/wp-json\/wp\/v2\/posts"}],"about":[{"href":"https:\/\/wp.kristdemokraterna.se\/varnamo\/wp-json\/wp\/v2\/types\/post"}],"author":[{"embeddable":true,"href":"https:\/\/wp.kristdemokraterna.se\/varnamo\/wp-json\/wp\/v2\/users\/412"}],"replies":[{"embeddable":true,"href":"https:\/\/wp.kristdemokraterna.se\/varnamo\/wp-json\/wp\/v2\/comments?post=5951"}],"version-history":[{"count":17,"href":"https:\/\/wp.kristdemokraterna.se\/varnamo\/wp-json\/wp\/v2\/posts\/5951\/revisions"}],"predecessor-version":[{"id":6545,"href":"https:\/\/wp.kristdemokraterna.se\/varnamo\/wp-json\/wp\/v2\/posts\/5951\/revisions\/6545"}],"wp:featuredmedia":[{"embeddable":true,"href":"https:\/\/wp.kristdemokraterna.se\/varnamo\/wp-json\/wp\/v2\/media\/5945"}],"wp:attachment":[{"href":"https:\/\/wp.kristdemokraterna.se\/varnamo\/wp-json\/wp\/v2\/media?parent=5951"}],"wp:term":[{"taxonomy":"category","embeddable":true,"href":"https:\/\/wp.kristdemokraterna.se\/varnamo\/wp-json\/wp\/v2\/categories?post=5951"},{"taxonomy":"post_tag","embeddable":true,"href":"https:\/\/wp.kristdemokraterna.se\/varnamo\/wp-json\/wp\/v2\/tags?post=5951"}],"curies":[{"name":"wp","href":"https:\/\/api.w.org\/{rel}","templated":true}]}}