{"id":6086,"date":"2014-09-15T22:55:23","date_gmt":"2014-09-15T20:55:23","guid":{"rendered":"http:\/\/wp.kristdemokraterna.se\/varnamo\/?p=6086"},"modified":"2015-07-09T21:09:31","modified_gmt":"2015-07-09T19:09:31","slug":"tack-for-era-insatser","status":"publish","type":"post","link":"https:\/\/wp.kristdemokraterna.se\/varnamo\/2014\/09\/15\/tack-for-era-insatser\/","title":{"rendered":"Tack f\u00f6r era insatser"},"content":{"rendered":"<p>Stort tack\u00a0till alla som k\u00e4mpat h\u00e5rt i valr\u00f6relsen!<\/p>\n<p>Tyv\u00e4rr blev inte valresultatet s\u00e5 bra som vi hade hoppats p\u00e5. Den nationella trenden d\u00e4r Alliansen tappar stort och SD g\u00e5r kraftigt fram\u00e5t \u00e5terspeglas \u00e4ven i kommun- och landstingsvalen. Det positiva i valresultatet \u00e4r dock att vi Kristdemokrater i V\u00e4rnamo kommun har lyckats h\u00e5lla st\u00e4llningarna v\u00e4l lokalt. Vi tappar visserligen en del i riksdagsvalet men i b\u00e5de kommunvalet och landstingsvalet f\u00e5r vi n\u00e5got fler\u00a0r\u00f6ster \u00e4n vid valet 2010 och vi beh\u00e5ller v\u00e5ra mandat! I all bedr\u00f6velse f\u00e5r vi ta till oss att vi i nationell motvind \u00e4nd\u00e5 har gjort en bra valr\u00f6relse lokalt!<\/p>\n<p>\u00c4n en g\u00e5ng, stort tack\u00a0f\u00f6r era insatser!<\/p>\n<p style=\"text-align: right\"><em>Torbj\u00f6rn Eriksson<\/em>, Valledare<\/p>\n<p><!--more--><\/p>\n<p>Alla valresultat finns att l\u00e4sa p\u00e5 <a title=\"Val.se\" href=\"\/\/www.val.se\/\" target=\"_blank\">www.val.se<\/a><\/p>\n<p>I V\u00e4rnamo kommun fick vi i:<\/p>\n<ul>\n<li>Riksdagsvalet\u00a09,8% (2100 r\u00f6ster, -508)<\/li>\n<li>Kommunvalet\u00a010,7% (2285 r\u00f6ster, +4)<\/li>\n<li>Landstingsvalet\u00a012,4% (2628 r\u00f6ster, +42)<\/li>\n<\/ul>\n\n\t\t<style type=\"text\/css\">\n\t\t\t#gallery-1 {\n\t\t\t\tmargin: auto;\n\t\t\t}\n\t\t\t#gallery-1 .gallery-item {\n\t\t\t\tfloat: left;\n\t\t\t\tmargin-top: 10px;\n\t\t\t\ttext-align: center;\n\t\t\t\twidth: 33%;\n\t\t\t}\n\t\t\t#gallery-1 img {\n\t\t\t\tborder: 2px solid #cfcfcf;\n\t\t\t}\n\t\t\t#gallery-1 .gallery-caption {\n\t\t\t\tmargin-left: 0;\n\t\t\t}\n\t\t\t\/* see gallery_shortcode() in wp-includes\/media.php *\/\n\t\t<\/style>\n\t\t<div id='gallery-1' class='gallery galleryid-6086 gallery-columns-3 gallery-size-thumbnail'><dl class='gallery-item'>\n\t\t\t<dt class='gallery-icon landscape'>\n\t\t\t\t<a href='https:\/\/wp.kristdemokraterna.se\/varnamo\/torbjorneriksson-2014\/'><img loading=\"lazy\" decoding=\"async\" width=\"150\" height=\"150\" src=\"https:\/\/wp.kristdemokraterna.se\/varnamo\/files\/2014\/09\/torbjorneriksson_2014-150x150.jpg\" class=\"attachment-thumbnail size-thumbnail\" alt=\"Torbj\u00f6rn Eriksson, Kristdemokraterna V\u00e4rnamo. (Foto: H\u00e5kan Johansson)\" aria-describedby=\"gallery-1-6092\" \/><\/a>\n\t\t\t<\/dt>\n\t\t\t\t<dd class='wp-caption-text gallery-caption' id='gallery-1-6092'>\n\t\t\t\tTorbj\u00f6rn Eriksson, Kristdemokraterna V\u00e4rnamo. (Foto: H\u00e5kan Johansson)\n\t\t\t\t<\/dd><\/dl>\n\t\t\t<br style='clear: both' \/>\n\t\t<\/div>\n\n","protected":false},"excerpt":{"rendered":"<p>Stort tack\u00a0till alla som k\u00e4mpat h\u00e5rt i valr\u00f6relsen! Tyv\u00e4rr blev inte valresultatet s\u00e5 bra som vi hade hoppats p\u00e5. Den nationella trenden d\u00e4r Alliansen tappar stort och SD g\u00e5r kraftigt fram\u00e5t \u00e5terspeglas \u00e4ven i kommun- och landstingsvalen. Det positiva i valresultatet \u00e4r dock att vi Kristdemokrater i V\u00e4rnamo kommun har lyckats h\u00e5lla st\u00e4llningarna v\u00e4l lokalt. <a class=\"read-more-link\" href=\"https:\/\/wp.kristdemokraterna.se\/varnamo\/2014\/09\/15\/tack-for-era-insatser\/\">Read More<\/a><\/p>\n","protected":false},"author":412,"featured_media":6092,"comment_status":"closed","ping_status":"closed","sticky":false,"template":"","format":"standard","meta":{"_acf_changed":false,"footnotes":""},"categories":[11],"tags":[149,630,629,631,87,62],"class_list":["post-6086","post","type-post","status-publish","format-standard","hentry","category-nyheter","tag-alliansen","tag-kommunval","tag-landstingsval","tag-riksdagsval","tag-torbjorn-eriksson","tag-valrorelse"],"acf":[],"yoast_head":"<!-- This site is optimized with the Yoast SEO plugin v27.4 - https:\/\/yoast.com\/product\/yoast-seo-wordpress\/ -->\n<title>Tack f\u00f6r era insatser - KRISTDEMOKRATERNA V\u00c4RNAMO<\/title>\n<meta name=\"robots\" content=\"index, follow, max-snippet:-1, max-image-preview:large, max-video-preview:-1\" \/>\n<link rel=\"canonical\" href=\"https:\/\/wp.kristdemokraterna.se\/varnamo\/2014\/09\/15\/tack-for-era-insatser\/\" \/>\n<meta property=\"og:locale\" content=\"sv_SE\" \/>\n<meta property=\"og:type\" content=\"article\" \/>\n<meta property=\"og:title\" content=\"Tack f\u00f6r era insatser - KRISTDEMOKRATERNA V\u00c4RNAMO\" \/>\n<meta property=\"og:description\" content=\"Stort tack\u00a0till alla som k\u00e4mpat h\u00e5rt i valr\u00f6relsen! Tyv\u00e4rr blev inte valresultatet s\u00e5 bra som vi hade hoppats p\u00e5. Den nationella trenden d\u00e4r Alliansen tappar stort och SD g\u00e5r kraftigt fram\u00e5t \u00e5terspeglas \u00e4ven i kommun- och landstingsvalen. Det positiva i valresultatet \u00e4r dock att vi Kristdemokrater i V\u00e4rnamo kommun har lyckats h\u00e5lla st\u00e4llningarna v\u00e4l lokalt. Read More\" \/>\n<meta property=\"og:url\" content=\"https:\/\/wp.kristdemokraterna.se\/varnamo\/2014\/09\/15\/tack-for-era-insatser\/\" \/>\n<meta property=\"og:site_name\" content=\"KRISTDEMOKRATERNA V\u00c4RNAMO\" \/>\n<meta property=\"article:publisher\" content=\"https:\/\/www.facebook.com\/KDVarnamo\/\" \/>\n<meta property=\"article:published_time\" content=\"2014-09-15T20:55:23+00:00\" \/>\n<meta property=\"article:modified_time\" content=\"2015-07-09T19:09:31+00:00\" \/>\n<meta property=\"og:image\" content=\"https:\/\/wp.kristdemokraterna.se\/varnamo\/files\/2014\/09\/torbjorneriksson_2014.jpg\" \/>\n\t<meta property=\"og:image:width\" content=\"402\" \/>\n\t<meta property=\"og:image:height\" content=\"331\" \/>\n\t<meta property=\"og:image:type\" content=\"image\/jpeg\" \/>\n<meta name=\"author\" content=\"Kristdemokraterna V\u00e4rnamo\" \/>\n<meta name=\"twitter:card\" content=\"summary_large_image\" \/>\n<meta name=\"twitter:creator\" content=\"@KDVarnamo\" \/>\n<meta name=\"twitter:site\" content=\"@KDVarnamo\" \/>\n<meta name=\"twitter:label1\" content=\"Skriven av\" \/>\n\t<meta name=\"twitter:data1\" content=\"Kristdemokraterna V\u00e4rnamo\" \/>\n\t<meta name=\"twitter:label2\" content=\"Ber\u00e4knad l\u00e4stid\" \/>\n\t<meta name=\"twitter:data2\" content=\"1 minut\" \/>\n<script type=\"application\/ld+json\" class=\"yoast-schema-graph\">{\"@context\":\"https:\\\/\\\/schema.org\",\"@graph\":[{\"@type\":\"Article\",\"@id\":\"https:\\\/\\\/wp.kristdemokraterna.se\\\/varnamo\\\/2014\\\/09\\\/15\\\/tack-for-era-insatser\\\/#article\",\"isPartOf\":{\"@id\":\"https:\\\/\\\/wp.kristdemokraterna.se\\\/varnamo\\\/2014\\\/09\\\/15\\\/tack-for-era-insatser\\\/\"},\"author\":{\"name\":\"Kristdemokraterna V\u00e4rnamo\",\"@id\":\"https:\\\/\\\/wp.kristdemokraterna.se\\\/varnamo\\\/#\\\/schema\\\/person\\\/4e339ab04d613699e4dfe80a994e01d4\"},\"headline\":\"Tack f\u00f6r era insatser\",\"datePublished\":\"2014-09-15T20:55:23+00:00\",\"dateModified\":\"2015-07-09T19:09:31+00:00\",\"mainEntityOfPage\":{\"@id\":\"https:\\\/\\\/wp.kristdemokraterna.se\\\/varnamo\\\/2014\\\/09\\\/15\\\/tack-for-era-insatser\\\/\"},\"wordCount\":172,\"publisher\":{\"@id\":\"https:\\\/\\\/wp.kristdemokraterna.se\\\/varnamo\\\/#organization\"},\"image\":{\"@id\":\"https:\\\/\\\/wp.kristdemokraterna.se\\\/varnamo\\\/2014\\\/09\\\/15\\\/tack-for-era-insatser\\\/#primaryimage\"},\"thumbnailUrl\":\"https:\\\/\\\/wp.kristdemokraterna.se\\\/varnamo\\\/files\\\/2014\\\/09\\\/torbjorneriksson_2014.jpg\",\"keywords\":[\"Alliansen\",\"kommunval\",\"landstingsval\",\"riksdagsval\",\"Torbj\u00f6rn Eriksson\",\"valr\u00f6relse\"],\"articleSection\":[\"Nyheter\"],\"inLanguage\":\"sv-SE\"},{\"@type\":\"WebPage\",\"@id\":\"https:\\\/\\\/wp.kristdemokraterna.se\\\/varnamo\\\/2014\\\/09\\\/15\\\/tack-for-era-insatser\\\/\",\"url\":\"https:\\\/\\\/wp.kristdemokraterna.se\\\/varnamo\\\/2014\\\/09\\\/15\\\/tack-for-era-insatser\\\/\",\"name\":\"Tack f\u00f6r era insatser - KRISTDEMOKRATERNA V\u00c4RNAMO\",\"isPartOf\":{\"@id\":\"https:\\\/\\\/wp.kristdemokraterna.se\\\/varnamo\\\/#website\"},\"primaryImageOfPage\":{\"@id\":\"https:\\\/\\\/wp.kristdemokraterna.se\\\/varnamo\\\/2014\\\/09\\\/15\\\/tack-for-era-insatser\\\/#primaryimage\"},\"image\":{\"@id\":\"https:\\\/\\\/wp.kristdemokraterna.se\\\/varnamo\\\/2014\\\/09\\\/15\\\/tack-for-era-insatser\\\/#primaryimage\"},\"thumbnailUrl\":\"https:\\\/\\\/wp.kristdemokraterna.se\\\/varnamo\\\/files\\\/2014\\\/09\\\/torbjorneriksson_2014.jpg\",\"datePublished\":\"2014-09-15T20:55:23+00:00\",\"dateModified\":\"2015-07-09T19:09:31+00:00\",\"breadcrumb\":{\"@id\":\"https:\\\/\\\/wp.kristdemokraterna.se\\\/varnamo\\\/2014\\\/09\\\/15\\\/tack-for-era-insatser\\\/#breadcrumb\"},\"inLanguage\":\"sv-SE\",\"potentialAction\":[{\"@type\":\"ReadAction\",\"target\":[\"https:\\\/\\\/wp.kristdemokraterna.se\\\/varnamo\\\/2014\\\/09\\\/15\\\/tack-for-era-insatser\\\/\"]}]},{\"@type\":\"ImageObject\",\"inLanguage\":\"sv-SE\",\"@id\":\"https:\\\/\\\/wp.kristdemokraterna.se\\\/varnamo\\\/2014\\\/09\\\/15\\\/tack-for-era-insatser\\\/#primaryimage\",\"url\":\"https:\\\/\\\/wp.kristdemokraterna.se\\\/varnamo\\\/files\\\/2014\\\/09\\\/torbjorneriksson_2014.jpg\",\"contentUrl\":\"https:\\\/\\\/wp.kristdemokraterna.se\\\/varnamo\\\/files\\\/2014\\\/09\\\/torbjorneriksson_2014.jpg\",\"width\":402,\"height\":331,\"caption\":\"Torbj\u00f6rn Eriksson, Kristdemokraterna V\u00e4rnamo. (Foto: H\u00e5kan Johansson)\"},{\"@type\":\"BreadcrumbList\",\"@id\":\"https:\\\/\\\/wp.kristdemokraterna.se\\\/varnamo\\\/2014\\\/09\\\/15\\\/tack-for-era-insatser\\\/#breadcrumb\",\"itemListElement\":[{\"@type\":\"ListItem\",\"position\":1,\"name\":\"Hem\",\"item\":\"https:\\\/\\\/wp.kristdemokraterna.se\\\/varnamo\\\/\"},{\"@type\":\"ListItem\",\"position\":2,\"name\":\"Tack f\u00f6r era insatser\"}]},{\"@type\":\"WebSite\",\"@id\":\"https:\\\/\\\/wp.kristdemokraterna.se\\\/varnamo\\\/#website\",\"url\":\"https:\\\/\\\/wp.kristdemokraterna.se\\\/varnamo\\\/\",\"name\":\"KRISTDEMOKRATERNA V\u00c4RNAMO\",\"description\":\"Med hj\u00e4rta f\u00f6r V\u00e4rnamo\",\"publisher\":{\"@id\":\"https:\\\/\\\/wp.kristdemokraterna.se\\\/varnamo\\\/#organization\"},\"inLanguage\":\"sv-SE\"},{\"@type\":\"Organization\",\"@id\":\"https:\\\/\\\/wp.kristdemokraterna.se\\\/varnamo\\\/#organization\",\"name\":\"Kristdemokraterna V\u00e4rnamo\",\"url\":\"https:\\\/\\\/wp.kristdemokraterna.se\\\/varnamo\\\/\",\"logo\":{\"@type\":\"ImageObject\",\"inLanguage\":\"sv-SE\",\"@id\":\"https:\\\/\\\/wp.kristdemokraterna.se\\\/varnamo\\\/#\\\/schema\\\/logo\\\/image\\\/\",\"url\":\"https:\\\/\\\/wp.kristdemokraterna.se\\\/varnamo\\\/files\\\/2022\\\/08\\\/va\u2560ernamo-sida-bla-300dpi.png\",\"contentUrl\":\"https:\\\/\\\/wp.kristdemokraterna.se\\\/varnamo\\\/files\\\/2022\\\/08\\\/va\u2560ernamo-sida-bla-300dpi.png\",\"width\":1485,\"height\":681,\"caption\":\"Kristdemokraterna V\u00e4rnamo\"},\"image\":{\"@id\":\"https:\\\/\\\/wp.kristdemokraterna.se\\\/varnamo\\\/#\\\/schema\\\/logo\\\/image\\\/\"},\"sameAs\":[\"https:\\\/\\\/www.facebook.com\\\/KDVarnamo\\\/\",\"https:\\\/\\\/x.com\\\/KDVarnamo\",\"https:\\\/\\\/www.instagram.com\\\/\",\"https:\\\/\\\/www.youtube.com\\\/user\\\/studiokd\\\/videos\"]},{\"@type\":\"Person\",\"@id\":\"https:\\\/\\\/wp.kristdemokraterna.se\\\/varnamo\\\/#\\\/schema\\\/person\\\/4e339ab04d613699e4dfe80a994e01d4\",\"name\":\"Kristdemokraterna V\u00e4rnamo\",\"image\":{\"@type\":\"ImageObject\",\"inLanguage\":\"sv-SE\",\"@id\":\"https:\\\/\\\/secure.gravatar.com\\\/avatar\\\/c122e48c7723992af51eb155eeaa93db3c1fa324e3fc6ec45dd712c812809b5b?s=96&r=g\",\"url\":\"https:\\\/\\\/secure.gravatar.com\\\/avatar\\\/c122e48c7723992af51eb155eeaa93db3c1fa324e3fc6ec45dd712c812809b5b?s=96&r=g\",\"contentUrl\":\"https:\\\/\\\/secure.gravatar.com\\\/avatar\\\/c122e48c7723992af51eb155eeaa93db3c1fa324e3fc6ec45dd712c812809b5b?s=96&r=g\",\"caption\":\"Kristdemokraterna V\u00e4rnamo\"},\"description\":\"Familjens r\u00f6st\",\"sameAs\":[\"http:\\\/\\\/www.varnamo.kristdemokraterna.se\"],\"url\":\"https:\\\/\\\/wp.kristdemokraterna.se\\\/varnamo\\\/author\\\/varnamo\\\/\"}]}<\/script>\n<!-- \/ Yoast SEO plugin. -->","yoast_head_json":{"title":"Tack f\u00f6r era insatser - KRISTDEMOKRATERNA V\u00c4RNAMO","robots":{"index":"index","follow":"follow","max-snippet":"max-snippet:-1","max-image-preview":"max-image-preview:large","max-video-preview":"max-video-preview:-1"},"canonical":"https:\/\/wp.kristdemokraterna.se\/varnamo\/2014\/09\/15\/tack-for-era-insatser\/","og_locale":"sv_SE","og_type":"article","og_title":"Tack f\u00f6r era insatser - KRISTDEMOKRATERNA V\u00c4RNAMO","og_description":"Stort tack\u00a0till alla som k\u00e4mpat h\u00e5rt i valr\u00f6relsen! Tyv\u00e4rr blev inte valresultatet s\u00e5 bra som vi hade hoppats p\u00e5. Den nationella trenden d\u00e4r Alliansen tappar stort och SD g\u00e5r kraftigt fram\u00e5t \u00e5terspeglas \u00e4ven i kommun- och landstingsvalen. Det positiva i valresultatet \u00e4r dock att vi Kristdemokrater i V\u00e4rnamo kommun har lyckats h\u00e5lla st\u00e4llningarna v\u00e4l lokalt. Read More","og_url":"https:\/\/wp.kristdemokraterna.se\/varnamo\/2014\/09\/15\/tack-for-era-insatser\/","og_site_name":"KRISTDEMOKRATERNA V\u00c4RNAMO","article_publisher":"https:\/\/www.facebook.com\/KDVarnamo\/","article_published_time":"2014-09-15T20:55:23+00:00","article_modified_time":"2015-07-09T19:09:31+00:00","og_image":[{"width":402,"height":331,"url":"https:\/\/wp.kristdemokraterna.se\/varnamo\/files\/2014\/09\/torbjorneriksson_2014.jpg","type":"image\/jpeg"}],"author":"Kristdemokraterna V\u00e4rnamo","twitter_card":"summary_large_image","twitter_creator":"@KDVarnamo","twitter_site":"@KDVarnamo","twitter_misc":{"Skriven av":"Kristdemokraterna V\u00e4rnamo","Ber\u00e4knad l\u00e4stid":"1 minut"},"schema":{"@context":"https:\/\/schema.org","@graph":[{"@type":"Article","@id":"https:\/\/wp.kristdemokraterna.se\/varnamo\/2014\/09\/15\/tack-for-era-insatser\/#article","isPartOf":{"@id":"https:\/\/wp.kristdemokraterna.se\/varnamo\/2014\/09\/15\/tack-for-era-insatser\/"},"author":{"name":"Kristdemokraterna V\u00e4rnamo","@id":"https:\/\/wp.kristdemokraterna.se\/varnamo\/#\/schema\/person\/4e339ab04d613699e4dfe80a994e01d4"},"headline":"Tack f\u00f6r era insatser","datePublished":"2014-09-15T20:55:23+00:00","dateModified":"2015-07-09T19:09:31+00:00","mainEntityOfPage":{"@id":"https:\/\/wp.kristdemokraterna.se\/varnamo\/2014\/09\/15\/tack-for-era-insatser\/"},"wordCount":172,"publisher":{"@id":"https:\/\/wp.kristdemokraterna.se\/varnamo\/#organization"},"image":{"@id":"https:\/\/wp.kristdemokraterna.se\/varnamo\/2014\/09\/15\/tack-for-era-insatser\/#primaryimage"},"thumbnailUrl":"https:\/\/wp.kristdemokraterna.se\/varnamo\/files\/2014\/09\/torbjorneriksson_2014.jpg","keywords":["Alliansen","kommunval","landstingsval","riksdagsval","Torbj\u00f6rn Eriksson","valr\u00f6relse"],"articleSection":["Nyheter"],"inLanguage":"sv-SE"},{"@type":"WebPage","@id":"https:\/\/wp.kristdemokraterna.se\/varnamo\/2014\/09\/15\/tack-for-era-insatser\/","url":"https:\/\/wp.kristdemokraterna.se\/varnamo\/2014\/09\/15\/tack-for-era-insatser\/","name":"Tack f\u00f6r era insatser - KRISTDEMOKRATERNA V\u00c4RNAMO","isPartOf":{"@id":"https:\/\/wp.kristdemokraterna.se\/varnamo\/#website"},"primaryImageOfPage":{"@id":"https:\/\/wp.kristdemokraterna.se\/varnamo\/2014\/09\/15\/tack-for-era-insatser\/#primaryimage"},"image":{"@id":"https:\/\/wp.kristdemokraterna.se\/varnamo\/2014\/09\/15\/tack-for-era-insatser\/#primaryimage"},"thumbnailUrl":"https:\/\/wp.kristdemokraterna.se\/varnamo\/files\/2014\/09\/torbjorneriksson_2014.jpg","datePublished":"2014-09-15T20:55:23+00:00","dateModified":"2015-07-09T19:09:31+00:00","breadcrumb":{"@id":"https:\/\/wp.kristdemokraterna.se\/varnamo\/2014\/09\/15\/tack-for-era-insatser\/#breadcrumb"},"inLanguage":"sv-SE","potentialAction":[{"@type":"ReadAction","target":["https:\/\/wp.kristdemokraterna.se\/varnamo\/2014\/09\/15\/tack-for-era-insatser\/"]}]},{"@type":"ImageObject","inLanguage":"sv-SE","@id":"https:\/\/wp.kristdemokraterna.se\/varnamo\/2014\/09\/15\/tack-for-era-insatser\/#primaryimage","url":"https:\/\/wp.kristdemokraterna.se\/varnamo\/files\/2014\/09\/torbjorneriksson_2014.jpg","contentUrl":"https:\/\/wp.kristdemokraterna.se\/varnamo\/files\/2014\/09\/torbjorneriksson_2014.jpg","width":402,"height":331,"caption":"Torbj\u00f6rn Eriksson, Kristdemokraterna V\u00e4rnamo. (Foto: H\u00e5kan Johansson)"},{"@type":"BreadcrumbList","@id":"https:\/\/wp.kristdemokraterna.se\/varnamo\/2014\/09\/15\/tack-for-era-insatser\/#breadcrumb","itemListElement":[{"@type":"ListItem","position":1,"name":"Hem","item":"https:\/\/wp.kristdemokraterna.se\/varnamo\/"},{"@type":"ListItem","position":2,"name":"Tack f\u00f6r era insatser"}]},{"@type":"WebSite","@id":"https:\/\/wp.kristdemokraterna.se\/varnamo\/#website","url":"https:\/\/wp.kristdemokraterna.se\/varnamo\/","name":"KRISTDEMOKRATERNA V\u00c4RNAMO","description":"Med hj\u00e4rta f\u00f6r V\u00e4rnamo","publisher":{"@id":"https:\/\/wp.kristdemokraterna.se\/varnamo\/#organization"},"inLanguage":"sv-SE"},{"@type":"Organization","@id":"https:\/\/wp.kristdemokraterna.se\/varnamo\/#organization","name":"Kristdemokraterna V\u00e4rnamo","url":"https:\/\/wp.kristdemokraterna.se\/varnamo\/","logo":{"@type":"ImageObject","inLanguage":"sv-SE","@id":"https:\/\/wp.kristdemokraterna.se\/varnamo\/#\/schema\/logo\/image\/","url":"https:\/\/wp.kristdemokraterna.se\/varnamo\/files\/2022\/08\/va\u2560ernamo-sida-bla-300dpi.png","contentUrl":"https:\/\/wp.kristdemokraterna.se\/varnamo\/files\/2022\/08\/va\u2560ernamo-sida-bla-300dpi.png","width":1485,"height":681,"caption":"Kristdemokraterna V\u00e4rnamo"},"image":{"@id":"https:\/\/wp.kristdemokraterna.se\/varnamo\/#\/schema\/logo\/image\/"},"sameAs":["https:\/\/www.facebook.com\/KDVarnamo\/","https:\/\/x.com\/KDVarnamo","https:\/\/www.instagram.com\/","https:\/\/www.youtube.com\/user\/studiokd\/videos"]},{"@type":"Person","@id":"https:\/\/wp.kristdemokraterna.se\/varnamo\/#\/schema\/person\/4e339ab04d613699e4dfe80a994e01d4","name":"Kristdemokraterna V\u00e4rnamo","image":{"@type":"ImageObject","inLanguage":"sv-SE","@id":"https:\/\/secure.gravatar.com\/avatar\/c122e48c7723992af51eb155eeaa93db3c1fa324e3fc6ec45dd712c812809b5b?s=96&r=g","url":"https:\/\/secure.gravatar.com\/avatar\/c122e48c7723992af51eb155eeaa93db3c1fa324e3fc6ec45dd712c812809b5b?s=96&r=g","contentUrl":"https:\/\/secure.gravatar.com\/avatar\/c122e48c7723992af51eb155eeaa93db3c1fa324e3fc6ec45dd712c812809b5b?s=96&r=g","caption":"Kristdemokraterna V\u00e4rnamo"},"description":"Familjens r\u00f6st","sameAs":["http:\/\/www.varnamo.kristdemokraterna.se"],"url":"https:\/\/wp.kristdemokraterna.se\/varnamo\/author\/varnamo\/"}]}},"_links":{"self":[{"href":"https:\/\/wp.kristdemokraterna.se\/varnamo\/wp-json\/wp\/v2\/posts\/6086","targetHints":{"allow":["GET"]}}],"collection":[{"href":"https:\/\/wp.kristdemokraterna.se\/varnamo\/wp-json\/wp\/v2\/posts"}],"about":[{"href":"https:\/\/wp.kristdemokraterna.se\/varnamo\/wp-json\/wp\/v2\/types\/post"}],"author":[{"embeddable":true,"href":"https:\/\/wp.kristdemokraterna.se\/varnamo\/wp-json\/wp\/v2\/users\/412"}],"replies":[{"embeddable":true,"href":"https:\/\/wp.kristdemokraterna.se\/varnamo\/wp-json\/wp\/v2\/comments?post=6086"}],"version-history":[{"count":4,"href":"https:\/\/wp.kristdemokraterna.se\/varnamo\/wp-json\/wp\/v2\/posts\/6086\/revisions"}],"predecessor-version":[{"id":6532,"href":"https:\/\/wp.kristdemokraterna.se\/varnamo\/wp-json\/wp\/v2\/posts\/6086\/revisions\/6532"}],"wp:featuredmedia":[{"embeddable":true,"href":"https:\/\/wp.kristdemokraterna.se\/varnamo\/wp-json\/wp\/v2\/media\/6092"}],"wp:attachment":[{"href":"https:\/\/wp.kristdemokraterna.se\/varnamo\/wp-json\/wp\/v2\/media?parent=6086"}],"wp:term":[{"taxonomy":"category","embeddable":true,"href":"https:\/\/wp.kristdemokraterna.se\/varnamo\/wp-json\/wp\/v2\/categories?post=6086"},{"taxonomy":"post_tag","embeddable":true,"href":"https:\/\/wp.kristdemokraterna.se\/varnamo\/wp-json\/wp\/v2\/tags?post=6086"}],"curies":[{"name":"wp","href":"https:\/\/api.w.org\/{rel}","templated":true}]}}