{"id":6151,"date":"2014-11-04T23:33:45","date_gmt":"2014-11-04T22:33:45","guid":{"rendered":"http:\/\/wp.kristdemokraterna.se\/varnamo\/?p=6151"},"modified":"2015-07-09T21:03:20","modified_gmt":"2015-07-09T19:03:20","slug":"alliansen-och-miljopartiet-fortsatter-styra-varnamo","status":"publish","type":"post","link":"https:\/\/wp.kristdemokraterna.se\/varnamo\/2014\/11\/04\/alliansen-och-miljopartiet-fortsatter-styra-varnamo\/","title":{"rendered":"Alliansen och Milj\u00f6partiet forts\u00e4tter styra V\u00e4rnamo!"},"content":{"rendered":"<p>\u2013 Vi forts\u00e4tter\u00a0det valtekniska samarbetet mellan Alliansen och Milj\u00f6partiet i V\u00e4rnamo kommun, kunde Arnold Carlzon och Gunnar Crona meddela vid Kristdemokraternas extra styrelsem\u00f6te i kv\u00e4ll.\u00a0Med Alliansens 23 mandat i Kommunfullm\u00e4ktige och Milj\u00f6partiets 3\u00a0bildar vi egen majoritet! Fortfarande \u00e5terst\u00e5r en hel del arbete med att ta fram r\u00e4tt personer till de poster som vi har f\u00f6rhandlat till oss och de presenterar vi senare.<\/p>\n<p><!--more--><\/p>\n\n\t\t<style type=\"text\/css\">\n\t\t\t#gallery-1 {\n\t\t\t\tmargin: auto;\n\t\t\t}\n\t\t\t#gallery-1 .gallery-item {\n\t\t\t\tfloat: left;\n\t\t\t\tmargin-top: 10px;\n\t\t\t\ttext-align: center;\n\t\t\t\twidth: 33%;\n\t\t\t}\n\t\t\t#gallery-1 img {\n\t\t\t\tborder: 2px solid #cfcfcf;\n\t\t\t}\n\t\t\t#gallery-1 .gallery-caption {\n\t\t\t\tmargin-left: 0;\n\t\t\t}\n\t\t\t\/* see gallery_shortcode() in wp-includes\/media.php *\/\n\t\t<\/style>\n\t\t<div id='gallery-1' class='gallery galleryid-6151 gallery-columns-3 gallery-size-thumbnail'><dl class='gallery-item'>\n\t\t\t<dt class='gallery-icon landscape'>\n\t\t\t\t<a href='https:\/\/wp.kristdemokraterna.se\/varnamo\/2014\/11\/04\/alliansen-och-miljopartiet-fortsatter-styra-varnamo\/20141104-alliansmajoritet-arnoldcarlzon-gunnarcrona\/'><img loading=\"lazy\" decoding=\"async\" width=\"150\" height=\"150\" src=\"https:\/\/wp.kristdemokraterna.se\/varnamo\/files\/2014\/11\/20141104_alliansmajoritet_arnoldcarlzon_gunnarcrona-150x150.jpg\" class=\"attachment-thumbnail size-thumbnail\" alt=\"Kristdemokraternas f\u00f6rhandlare Arnold Carlzon och Gunnar Crona kan k\u00e4nna sig n\u00f6jda efter att ha b\u00e4ddat f\u00f6r ett fortsatt samarbete mellan Alliansen och Milj\u00f6partiet i V\u00e4rnamo. (Foto: H\u00e5kan Johansson)\" aria-describedby=\"gallery-1-6150\" \/><\/a>\n\t\t\t<\/dt>\n\t\t\t\t<dd class='wp-caption-text gallery-caption' id='gallery-1-6150'>\n\t\t\t\tKristdemokraternas f\u00f6rhandlare Arnold Carlzon och Gunnar Crona kan k\u00e4nna sig n\u00f6jda efter att ha b\u00e4ddat f\u00f6r ett fortsatt samarbete mellan Alliansen och Milj\u00f6partiet i V\u00e4rnamo. (Foto: H\u00e5kan Johansson)\n\t\t\t\t<\/dd><\/dl>\n\t\t\t<br style='clear: both' \/>\n\t\t<\/div>\n\n","protected":false},"excerpt":{"rendered":"<p>\u2013 Vi forts\u00e4tter\u00a0det valtekniska samarbetet mellan Alliansen och Milj\u00f6partiet i V\u00e4rnamo kommun, kunde Arnold Carlzon och Gunnar Crona meddela vid Kristdemokraternas extra styrelsem\u00f6te i kv\u00e4ll.\u00a0Med Alliansens 23 mandat i Kommunfullm\u00e4ktige och Milj\u00f6partiets 3\u00a0bildar vi egen majoritet! Fortfarande \u00e5terst\u00e5r en hel del arbete med att ta fram r\u00e4tt personer till de poster som vi har f\u00f6rhandlat <a class=\"read-more-link\" href=\"https:\/\/wp.kristdemokraterna.se\/varnamo\/2014\/11\/04\/alliansen-och-miljopartiet-fortsatter-styra-varnamo\/\">Read More<\/a><\/p>\n","protected":false},"author":412,"featured_media":6150,"comment_status":"closed","ping_status":"closed","sticky":false,"template":"","format":"standard","meta":{"_acf_changed":false,"footnotes":""},"categories":[11],"tags":[149,22,25,48,644,643],"class_list":["post-6151","post","type-post","status-publish","format-standard","hentry","category-nyheter","tag-alliansen","tag-arnold-carlzon","tag-gunnar-crona","tag-kommunfullmaktige","tag-majoritet","tag-miljopartiet"],"acf":[],"yoast_head":"<!-- This site is optimized with the Yoast SEO plugin v27.4 - https:\/\/yoast.com\/product\/yoast-seo-wordpress\/ -->\n<title>Alliansen och Milj\u00f6partiet forts\u00e4tter styra V\u00e4rnamo! - KRISTDEMOKRATERNA V\u00c4RNAMO<\/title>\n<meta name=\"robots\" content=\"index, follow, max-snippet:-1, max-image-preview:large, max-video-preview:-1\" \/>\n<link rel=\"canonical\" href=\"https:\/\/wp.kristdemokraterna.se\/varnamo\/2014\/11\/04\/alliansen-och-miljopartiet-fortsatter-styra-varnamo\/\" \/>\n<meta property=\"og:locale\" content=\"sv_SE\" \/>\n<meta property=\"og:type\" content=\"article\" \/>\n<meta property=\"og:title\" content=\"Alliansen och Milj\u00f6partiet forts\u00e4tter styra V\u00e4rnamo! - KRISTDEMOKRATERNA V\u00c4RNAMO\" \/>\n<meta property=\"og:description\" content=\"\u2013 Vi forts\u00e4tter\u00a0det valtekniska samarbetet mellan Alliansen och Milj\u00f6partiet i V\u00e4rnamo kommun, kunde Arnold Carlzon och Gunnar Crona meddela vid Kristdemokraternas extra styrelsem\u00f6te i kv\u00e4ll.\u00a0Med Alliansens 23 mandat i Kommunfullm\u00e4ktige och Milj\u00f6partiets 3\u00a0bildar vi egen majoritet! Fortfarande \u00e5terst\u00e5r en hel del arbete med att ta fram r\u00e4tt personer till de poster som vi har f\u00f6rhandlat Read More\" \/>\n<meta property=\"og:url\" content=\"https:\/\/wp.kristdemokraterna.se\/varnamo\/2014\/11\/04\/alliansen-och-miljopartiet-fortsatter-styra-varnamo\/\" \/>\n<meta property=\"og:site_name\" content=\"KRISTDEMOKRATERNA V\u00c4RNAMO\" \/>\n<meta property=\"article:publisher\" content=\"https:\/\/www.facebook.com\/KDVarnamo\/\" \/>\n<meta property=\"article:published_time\" content=\"2014-11-04T22:33:45+00:00\" \/>\n<meta property=\"article:modified_time\" content=\"2015-07-09T19:03:20+00:00\" \/>\n<meta property=\"og:image\" content=\"https:\/\/wp.kristdemokraterna.se\/varnamo\/files\/2014\/11\/20141104_alliansmajoritet_arnoldcarlzon_gunnarcrona.jpg\" \/>\n\t<meta property=\"og:image:width\" content=\"667\" \/>\n\t<meta property=\"og:image:height\" content=\"388\" \/>\n\t<meta property=\"og:image:type\" content=\"image\/jpeg\" \/>\n<meta name=\"author\" content=\"Kristdemokraterna V\u00e4rnamo\" \/>\n<meta name=\"twitter:card\" content=\"summary_large_image\" \/>\n<meta name=\"twitter:creator\" content=\"@KDVarnamo\" \/>\n<meta name=\"twitter:site\" content=\"@KDVarnamo\" \/>\n<meta name=\"twitter:label1\" content=\"Skriven av\" \/>\n\t<meta name=\"twitter:data1\" content=\"Kristdemokraterna V\u00e4rnamo\" \/>\n<script type=\"application\/ld+json\" class=\"yoast-schema-graph\">{\"@context\":\"https:\\\/\\\/schema.org\",\"@graph\":[{\"@type\":\"Article\",\"@id\":\"https:\\\/\\\/wp.kristdemokraterna.se\\\/varnamo\\\/2014\\\/11\\\/04\\\/alliansen-och-miljopartiet-fortsatter-styra-varnamo\\\/#article\",\"isPartOf\":{\"@id\":\"https:\\\/\\\/wp.kristdemokraterna.se\\\/varnamo\\\/2014\\\/11\\\/04\\\/alliansen-och-miljopartiet-fortsatter-styra-varnamo\\\/\"},\"author\":{\"name\":\"Kristdemokraterna V\u00e4rnamo\",\"@id\":\"https:\\\/\\\/wp.kristdemokraterna.se\\\/varnamo\\\/#\\\/schema\\\/person\\\/4e339ab04d613699e4dfe80a994e01d4\"},\"headline\":\"Alliansen och Milj\u00f6partiet forts\u00e4tter styra V\u00e4rnamo!\",\"datePublished\":\"2014-11-04T22:33:45+00:00\",\"dateModified\":\"2015-07-09T19:03:20+00:00\",\"mainEntityOfPage\":{\"@id\":\"https:\\\/\\\/wp.kristdemokraterna.se\\\/varnamo\\\/2014\\\/11\\\/04\\\/alliansen-och-miljopartiet-fortsatter-styra-varnamo\\\/\"},\"wordCount\":85,\"publisher\":{\"@id\":\"https:\\\/\\\/wp.kristdemokraterna.se\\\/varnamo\\\/#organization\"},\"image\":{\"@id\":\"https:\\\/\\\/wp.kristdemokraterna.se\\\/varnamo\\\/2014\\\/11\\\/04\\\/alliansen-och-miljopartiet-fortsatter-styra-varnamo\\\/#primaryimage\"},\"thumbnailUrl\":\"https:\\\/\\\/wp.kristdemokraterna.se\\\/varnamo\\\/files\\\/2014\\\/11\\\/20141104_alliansmajoritet_arnoldcarlzon_gunnarcrona.jpg\",\"keywords\":[\"Alliansen\",\"Arnold Carlzon\",\"Gunnar Crona\",\"kommunfullm\u00e4ktige\",\"majoritet\",\"Milj\u00f6partiet\"],\"articleSection\":[\"Nyheter\"],\"inLanguage\":\"sv-SE\"},{\"@type\":\"WebPage\",\"@id\":\"https:\\\/\\\/wp.kristdemokraterna.se\\\/varnamo\\\/2014\\\/11\\\/04\\\/alliansen-och-miljopartiet-fortsatter-styra-varnamo\\\/\",\"url\":\"https:\\\/\\\/wp.kristdemokraterna.se\\\/varnamo\\\/2014\\\/11\\\/04\\\/alliansen-och-miljopartiet-fortsatter-styra-varnamo\\\/\",\"name\":\"Alliansen och Milj\u00f6partiet forts\u00e4tter styra V\u00e4rnamo! - KRISTDEMOKRATERNA V\u00c4RNAMO\",\"isPartOf\":{\"@id\":\"https:\\\/\\\/wp.kristdemokraterna.se\\\/varnamo\\\/#website\"},\"primaryImageOfPage\":{\"@id\":\"https:\\\/\\\/wp.kristdemokraterna.se\\\/varnamo\\\/2014\\\/11\\\/04\\\/alliansen-och-miljopartiet-fortsatter-styra-varnamo\\\/#primaryimage\"},\"image\":{\"@id\":\"https:\\\/\\\/wp.kristdemokraterna.se\\\/varnamo\\\/2014\\\/11\\\/04\\\/alliansen-och-miljopartiet-fortsatter-styra-varnamo\\\/#primaryimage\"},\"thumbnailUrl\":\"https:\\\/\\\/wp.kristdemokraterna.se\\\/varnamo\\\/files\\\/2014\\\/11\\\/20141104_alliansmajoritet_arnoldcarlzon_gunnarcrona.jpg\",\"datePublished\":\"2014-11-04T22:33:45+00:00\",\"dateModified\":\"2015-07-09T19:03:20+00:00\",\"breadcrumb\":{\"@id\":\"https:\\\/\\\/wp.kristdemokraterna.se\\\/varnamo\\\/2014\\\/11\\\/04\\\/alliansen-och-miljopartiet-fortsatter-styra-varnamo\\\/#breadcrumb\"},\"inLanguage\":\"sv-SE\",\"potentialAction\":[{\"@type\":\"ReadAction\",\"target\":[\"https:\\\/\\\/wp.kristdemokraterna.se\\\/varnamo\\\/2014\\\/11\\\/04\\\/alliansen-och-miljopartiet-fortsatter-styra-varnamo\\\/\"]}]},{\"@type\":\"ImageObject\",\"inLanguage\":\"sv-SE\",\"@id\":\"https:\\\/\\\/wp.kristdemokraterna.se\\\/varnamo\\\/2014\\\/11\\\/04\\\/alliansen-och-miljopartiet-fortsatter-styra-varnamo\\\/#primaryimage\",\"url\":\"https:\\\/\\\/wp.kristdemokraterna.se\\\/varnamo\\\/files\\\/2014\\\/11\\\/20141104_alliansmajoritet_arnoldcarlzon_gunnarcrona.jpg\",\"contentUrl\":\"https:\\\/\\\/wp.kristdemokraterna.se\\\/varnamo\\\/files\\\/2014\\\/11\\\/20141104_alliansmajoritet_arnoldcarlzon_gunnarcrona.jpg\",\"width\":667,\"height\":388,\"caption\":\"Kristdemokraternas f\u00f6rhandlare Arnold Carlzon och Gunnar Crona kan k\u00e4nna sig n\u00f6jda efter att ha b\u00e4ddat f\u00f6r ett fortsatt samarbete mellan Alliansen och Milj\u00f6partiet i V\u00e4rnamo. (Foto: H\u00e5kan Johansson)\"},{\"@type\":\"BreadcrumbList\",\"@id\":\"https:\\\/\\\/wp.kristdemokraterna.se\\\/varnamo\\\/2014\\\/11\\\/04\\\/alliansen-och-miljopartiet-fortsatter-styra-varnamo\\\/#breadcrumb\",\"itemListElement\":[{\"@type\":\"ListItem\",\"position\":1,\"name\":\"Hem\",\"item\":\"https:\\\/\\\/wp.kristdemokraterna.se\\\/varnamo\\\/\"},{\"@type\":\"ListItem\",\"position\":2,\"name\":\"Alliansen och Milj\u00f6partiet forts\u00e4tter styra V\u00e4rnamo!\"}]},{\"@type\":\"WebSite\",\"@id\":\"https:\\\/\\\/wp.kristdemokraterna.se\\\/varnamo\\\/#website\",\"url\":\"https:\\\/\\\/wp.kristdemokraterna.se\\\/varnamo\\\/\",\"name\":\"KRISTDEMOKRATERNA V\u00c4RNAMO\",\"description\":\"Med hj\u00e4rta f\u00f6r V\u00e4rnamo\",\"publisher\":{\"@id\":\"https:\\\/\\\/wp.kristdemokraterna.se\\\/varnamo\\\/#organization\"},\"inLanguage\":\"sv-SE\"},{\"@type\":\"Organization\",\"@id\":\"https:\\\/\\\/wp.kristdemokraterna.se\\\/varnamo\\\/#organization\",\"name\":\"Kristdemokraterna V\u00e4rnamo\",\"url\":\"https:\\\/\\\/wp.kristdemokraterna.se\\\/varnamo\\\/\",\"logo\":{\"@type\":\"ImageObject\",\"inLanguage\":\"sv-SE\",\"@id\":\"https:\\\/\\\/wp.kristdemokraterna.se\\\/varnamo\\\/#\\\/schema\\\/logo\\\/image\\\/\",\"url\":\"https:\\\/\\\/wp.kristdemokraterna.se\\\/varnamo\\\/files\\\/2022\\\/08\\\/va\u2560ernamo-sida-bla-300dpi.png\",\"contentUrl\":\"https:\\\/\\\/wp.kristdemokraterna.se\\\/varnamo\\\/files\\\/2022\\\/08\\\/va\u2560ernamo-sida-bla-300dpi.png\",\"width\":1485,\"height\":681,\"caption\":\"Kristdemokraterna V\u00e4rnamo\"},\"image\":{\"@id\":\"https:\\\/\\\/wp.kristdemokraterna.se\\\/varnamo\\\/#\\\/schema\\\/logo\\\/image\\\/\"},\"sameAs\":[\"https:\\\/\\\/www.facebook.com\\\/KDVarnamo\\\/\",\"https:\\\/\\\/x.com\\\/KDVarnamo\",\"https:\\\/\\\/www.instagram.com\\\/\",\"https:\\\/\\\/www.youtube.com\\\/user\\\/studiokd\\\/videos\"]},{\"@type\":\"Person\",\"@id\":\"https:\\\/\\\/wp.kristdemokraterna.se\\\/varnamo\\\/#\\\/schema\\\/person\\\/4e339ab04d613699e4dfe80a994e01d4\",\"name\":\"Kristdemokraterna V\u00e4rnamo\",\"image\":{\"@type\":\"ImageObject\",\"inLanguage\":\"sv-SE\",\"@id\":\"https:\\\/\\\/secure.gravatar.com\\\/avatar\\\/c122e48c7723992af51eb155eeaa93db3c1fa324e3fc6ec45dd712c812809b5b?s=96&r=g\",\"url\":\"https:\\\/\\\/secure.gravatar.com\\\/avatar\\\/c122e48c7723992af51eb155eeaa93db3c1fa324e3fc6ec45dd712c812809b5b?s=96&r=g\",\"contentUrl\":\"https:\\\/\\\/secure.gravatar.com\\\/avatar\\\/c122e48c7723992af51eb155eeaa93db3c1fa324e3fc6ec45dd712c812809b5b?s=96&r=g\",\"caption\":\"Kristdemokraterna V\u00e4rnamo\"},\"description\":\"Familjens r\u00f6st\",\"sameAs\":[\"http:\\\/\\\/www.varnamo.kristdemokraterna.se\"],\"url\":\"https:\\\/\\\/wp.kristdemokraterna.se\\\/varnamo\\\/author\\\/varnamo\\\/\"}]}<\/script>\n<!-- \/ Yoast SEO plugin. -->","yoast_head_json":{"title":"Alliansen och Milj\u00f6partiet forts\u00e4tter styra V\u00e4rnamo! - KRISTDEMOKRATERNA V\u00c4RNAMO","robots":{"index":"index","follow":"follow","max-snippet":"max-snippet:-1","max-image-preview":"max-image-preview:large","max-video-preview":"max-video-preview:-1"},"canonical":"https:\/\/wp.kristdemokraterna.se\/varnamo\/2014\/11\/04\/alliansen-och-miljopartiet-fortsatter-styra-varnamo\/","og_locale":"sv_SE","og_type":"article","og_title":"Alliansen och Milj\u00f6partiet forts\u00e4tter styra V\u00e4rnamo! - KRISTDEMOKRATERNA V\u00c4RNAMO","og_description":"\u2013 Vi forts\u00e4tter\u00a0det valtekniska samarbetet mellan Alliansen och Milj\u00f6partiet i V\u00e4rnamo kommun, kunde Arnold Carlzon och Gunnar Crona meddela vid Kristdemokraternas extra styrelsem\u00f6te i kv\u00e4ll.\u00a0Med Alliansens 23 mandat i Kommunfullm\u00e4ktige och Milj\u00f6partiets 3\u00a0bildar vi egen majoritet! Fortfarande \u00e5terst\u00e5r en hel del arbete med att ta fram r\u00e4tt personer till de poster som vi har f\u00f6rhandlat Read More","og_url":"https:\/\/wp.kristdemokraterna.se\/varnamo\/2014\/11\/04\/alliansen-och-miljopartiet-fortsatter-styra-varnamo\/","og_site_name":"KRISTDEMOKRATERNA V\u00c4RNAMO","article_publisher":"https:\/\/www.facebook.com\/KDVarnamo\/","article_published_time":"2014-11-04T22:33:45+00:00","article_modified_time":"2015-07-09T19:03:20+00:00","og_image":[{"width":667,"height":388,"url":"https:\/\/wp.kristdemokraterna.se\/varnamo\/files\/2014\/11\/20141104_alliansmajoritet_arnoldcarlzon_gunnarcrona.jpg","type":"image\/jpeg"}],"author":"Kristdemokraterna V\u00e4rnamo","twitter_card":"summary_large_image","twitter_creator":"@KDVarnamo","twitter_site":"@KDVarnamo","twitter_misc":{"Skriven av":"Kristdemokraterna V\u00e4rnamo"},"schema":{"@context":"https:\/\/schema.org","@graph":[{"@type":"Article","@id":"https:\/\/wp.kristdemokraterna.se\/varnamo\/2014\/11\/04\/alliansen-och-miljopartiet-fortsatter-styra-varnamo\/#article","isPartOf":{"@id":"https:\/\/wp.kristdemokraterna.se\/varnamo\/2014\/11\/04\/alliansen-och-miljopartiet-fortsatter-styra-varnamo\/"},"author":{"name":"Kristdemokraterna V\u00e4rnamo","@id":"https:\/\/wp.kristdemokraterna.se\/varnamo\/#\/schema\/person\/4e339ab04d613699e4dfe80a994e01d4"},"headline":"Alliansen och Milj\u00f6partiet forts\u00e4tter styra V\u00e4rnamo!","datePublished":"2014-11-04T22:33:45+00:00","dateModified":"2015-07-09T19:03:20+00:00","mainEntityOfPage":{"@id":"https:\/\/wp.kristdemokraterna.se\/varnamo\/2014\/11\/04\/alliansen-och-miljopartiet-fortsatter-styra-varnamo\/"},"wordCount":85,"publisher":{"@id":"https:\/\/wp.kristdemokraterna.se\/varnamo\/#organization"},"image":{"@id":"https:\/\/wp.kristdemokraterna.se\/varnamo\/2014\/11\/04\/alliansen-och-miljopartiet-fortsatter-styra-varnamo\/#primaryimage"},"thumbnailUrl":"https:\/\/wp.kristdemokraterna.se\/varnamo\/files\/2014\/11\/20141104_alliansmajoritet_arnoldcarlzon_gunnarcrona.jpg","keywords":["Alliansen","Arnold Carlzon","Gunnar Crona","kommunfullm\u00e4ktige","majoritet","Milj\u00f6partiet"],"articleSection":["Nyheter"],"inLanguage":"sv-SE"},{"@type":"WebPage","@id":"https:\/\/wp.kristdemokraterna.se\/varnamo\/2014\/11\/04\/alliansen-och-miljopartiet-fortsatter-styra-varnamo\/","url":"https:\/\/wp.kristdemokraterna.se\/varnamo\/2014\/11\/04\/alliansen-och-miljopartiet-fortsatter-styra-varnamo\/","name":"Alliansen och Milj\u00f6partiet forts\u00e4tter styra V\u00e4rnamo! - KRISTDEMOKRATERNA V\u00c4RNAMO","isPartOf":{"@id":"https:\/\/wp.kristdemokraterna.se\/varnamo\/#website"},"primaryImageOfPage":{"@id":"https:\/\/wp.kristdemokraterna.se\/varnamo\/2014\/11\/04\/alliansen-och-miljopartiet-fortsatter-styra-varnamo\/#primaryimage"},"image":{"@id":"https:\/\/wp.kristdemokraterna.se\/varnamo\/2014\/11\/04\/alliansen-och-miljopartiet-fortsatter-styra-varnamo\/#primaryimage"},"thumbnailUrl":"https:\/\/wp.kristdemokraterna.se\/varnamo\/files\/2014\/11\/20141104_alliansmajoritet_arnoldcarlzon_gunnarcrona.jpg","datePublished":"2014-11-04T22:33:45+00:00","dateModified":"2015-07-09T19:03:20+00:00","breadcrumb":{"@id":"https:\/\/wp.kristdemokraterna.se\/varnamo\/2014\/11\/04\/alliansen-och-miljopartiet-fortsatter-styra-varnamo\/#breadcrumb"},"inLanguage":"sv-SE","potentialAction":[{"@type":"ReadAction","target":["https:\/\/wp.kristdemokraterna.se\/varnamo\/2014\/11\/04\/alliansen-och-miljopartiet-fortsatter-styra-varnamo\/"]}]},{"@type":"ImageObject","inLanguage":"sv-SE","@id":"https:\/\/wp.kristdemokraterna.se\/varnamo\/2014\/11\/04\/alliansen-och-miljopartiet-fortsatter-styra-varnamo\/#primaryimage","url":"https:\/\/wp.kristdemokraterna.se\/varnamo\/files\/2014\/11\/20141104_alliansmajoritet_arnoldcarlzon_gunnarcrona.jpg","contentUrl":"https:\/\/wp.kristdemokraterna.se\/varnamo\/files\/2014\/11\/20141104_alliansmajoritet_arnoldcarlzon_gunnarcrona.jpg","width":667,"height":388,"caption":"Kristdemokraternas f\u00f6rhandlare Arnold Carlzon och Gunnar Crona kan k\u00e4nna sig n\u00f6jda efter att ha b\u00e4ddat f\u00f6r ett fortsatt samarbete mellan Alliansen och Milj\u00f6partiet i V\u00e4rnamo. (Foto: H\u00e5kan Johansson)"},{"@type":"BreadcrumbList","@id":"https:\/\/wp.kristdemokraterna.se\/varnamo\/2014\/11\/04\/alliansen-och-miljopartiet-fortsatter-styra-varnamo\/#breadcrumb","itemListElement":[{"@type":"ListItem","position":1,"name":"Hem","item":"https:\/\/wp.kristdemokraterna.se\/varnamo\/"},{"@type":"ListItem","position":2,"name":"Alliansen och Milj\u00f6partiet forts\u00e4tter styra V\u00e4rnamo!"}]},{"@type":"WebSite","@id":"https:\/\/wp.kristdemokraterna.se\/varnamo\/#website","url":"https:\/\/wp.kristdemokraterna.se\/varnamo\/","name":"KRISTDEMOKRATERNA V\u00c4RNAMO","description":"Med hj\u00e4rta f\u00f6r V\u00e4rnamo","publisher":{"@id":"https:\/\/wp.kristdemokraterna.se\/varnamo\/#organization"},"inLanguage":"sv-SE"},{"@type":"Organization","@id":"https:\/\/wp.kristdemokraterna.se\/varnamo\/#organization","name":"Kristdemokraterna V\u00e4rnamo","url":"https:\/\/wp.kristdemokraterna.se\/varnamo\/","logo":{"@type":"ImageObject","inLanguage":"sv-SE","@id":"https:\/\/wp.kristdemokraterna.se\/varnamo\/#\/schema\/logo\/image\/","url":"https:\/\/wp.kristdemokraterna.se\/varnamo\/files\/2022\/08\/va\u2560ernamo-sida-bla-300dpi.png","contentUrl":"https:\/\/wp.kristdemokraterna.se\/varnamo\/files\/2022\/08\/va\u2560ernamo-sida-bla-300dpi.png","width":1485,"height":681,"caption":"Kristdemokraterna V\u00e4rnamo"},"image":{"@id":"https:\/\/wp.kristdemokraterna.se\/varnamo\/#\/schema\/logo\/image\/"},"sameAs":["https:\/\/www.facebook.com\/KDVarnamo\/","https:\/\/x.com\/KDVarnamo","https:\/\/www.instagram.com\/","https:\/\/www.youtube.com\/user\/studiokd\/videos"]},{"@type":"Person","@id":"https:\/\/wp.kristdemokraterna.se\/varnamo\/#\/schema\/person\/4e339ab04d613699e4dfe80a994e01d4","name":"Kristdemokraterna V\u00e4rnamo","image":{"@type":"ImageObject","inLanguage":"sv-SE","@id":"https:\/\/secure.gravatar.com\/avatar\/c122e48c7723992af51eb155eeaa93db3c1fa324e3fc6ec45dd712c812809b5b?s=96&r=g","url":"https:\/\/secure.gravatar.com\/avatar\/c122e48c7723992af51eb155eeaa93db3c1fa324e3fc6ec45dd712c812809b5b?s=96&r=g","contentUrl":"https:\/\/secure.gravatar.com\/avatar\/c122e48c7723992af51eb155eeaa93db3c1fa324e3fc6ec45dd712c812809b5b?s=96&r=g","caption":"Kristdemokraterna V\u00e4rnamo"},"description":"Familjens r\u00f6st","sameAs":["http:\/\/www.varnamo.kristdemokraterna.se"],"url":"https:\/\/wp.kristdemokraterna.se\/varnamo\/author\/varnamo\/"}]}},"_links":{"self":[{"href":"https:\/\/wp.kristdemokraterna.se\/varnamo\/wp-json\/wp\/v2\/posts\/6151","targetHints":{"allow":["GET"]}}],"collection":[{"href":"https:\/\/wp.kristdemokraterna.se\/varnamo\/wp-json\/wp\/v2\/posts"}],"about":[{"href":"https:\/\/wp.kristdemokraterna.se\/varnamo\/wp-json\/wp\/v2\/types\/post"}],"author":[{"embeddable":true,"href":"https:\/\/wp.kristdemokraterna.se\/varnamo\/wp-json\/wp\/v2\/users\/412"}],"replies":[{"embeddable":true,"href":"https:\/\/wp.kristdemokraterna.se\/varnamo\/wp-json\/wp\/v2\/comments?post=6151"}],"version-history":[{"count":6,"href":"https:\/\/wp.kristdemokraterna.se\/varnamo\/wp-json\/wp\/v2\/posts\/6151\/revisions"}],"predecessor-version":[{"id":6527,"href":"https:\/\/wp.kristdemokraterna.se\/varnamo\/wp-json\/wp\/v2\/posts\/6151\/revisions\/6527"}],"wp:featuredmedia":[{"embeddable":true,"href":"https:\/\/wp.kristdemokraterna.se\/varnamo\/wp-json\/wp\/v2\/media\/6150"}],"wp:attachment":[{"href":"https:\/\/wp.kristdemokraterna.se\/varnamo\/wp-json\/wp\/v2\/media?parent=6151"}],"wp:term":[{"taxonomy":"category","embeddable":true,"href":"https:\/\/wp.kristdemokraterna.se\/varnamo\/wp-json\/wp\/v2\/categories?post=6151"},{"taxonomy":"post_tag","embeddable":true,"href":"https:\/\/wp.kristdemokraterna.se\/varnamo\/wp-json\/wp\/v2\/tags?post=6151"}],"curies":[{"name":"wp","href":"https:\/\/api.w.org\/{rel}","templated":true}]}}