{"id":6187,"date":"2014-12-08T19:00:56","date_gmt":"2014-12-08T18:00:56","guid":{"rendered":"http:\/\/wp.kristdemokraterna.se\/varnamo\/?p=6187"},"modified":"2016-02-02T07:34:36","modified_gmt":"2016-02-02T06:34:36","slug":"kristdemokrater-i-namnder-och-styrelser-2015-2018","status":"publish","type":"post","link":"https:\/\/wp.kristdemokraterna.se\/varnamo\/2014\/12\/08\/kristdemokrater-i-namnder-och-styrelser-2015-2018\/","title":{"rendered":"Kristdemokrater i n\u00e4mnder och styrelser 2015-2018"},"content":{"rendered":"<p>N\u00e4rmare 40 kristdemokrater i n\u00e4mnder, styrelser, utskott och stiftelser i V\u00e4rnamo kommun. Fyra\u00a0ordf\u00f6randeposter, fyra vice ordf\u00f6rande och \u00d6verf\u00f6rmyndare. Dessa kunde Kristdemokraterna presentera vid en presstr\u00e4ff i kv\u00e4ll i anslutning till <a title=\"H\u00f6stst\u00e4mma med julbord i V\u00e4rnamo\" href=\"http:\/\/wp.kristdemokraterna.se\/varnamo\/2014\/12\/08\/hoststamma-med-julbord-i-varnamo\/\">j\u00f6nk\u00f6pingsdistrikets h\u00f6stst\u00e4mma<\/a> som i \u00e5r h\u00f6lls i V\u00e4rnamo.<\/p>\n<p><!--more--><\/p>\n<p>Sedan <a title=\"Alliansen och Milj\u00f6partiet forts\u00e4tter styra V\u00e4rnamo!\" href=\"http:\/\/wp.kristdemokraterna.se\/varnamo\/2014\/11\/04\/alliansen-och-miljopartiet-fortsatter-styra-varnamo\/\">den styrande majoriteten med Alliansen och Milj\u00f6partiet presenterades<\/a> och Kommunfullm\u00e4ktige beslutade om den nya organisationen har nomineringskommitt\u00e9n haft ett h\u00e5rt arbete med att hitta l\u00e4mpliga personer att nominera till alla kommunala uppdrag som blev resultatet av f\u00f6rhandlingarna efter valet. Eftersom \u00f6vriga partier i Alliansen backade och endast Kristdemokraterna h\u00f6ll st\u00e4llningarna har partiets relativa styrka \u00f6kat, vilket avspeglar sig i att kristdemokraterna kommer att ha\u00a0fler presidieposter och ledam\u00f6ter, ibland tv\u00e5 ledam\u00f6ter i samma n\u00e4mnd, \u00e4n nu.<\/p>\n<p>\u2013 Vi har ett gjort ett bra valresultat och det avspeglar sig i\u00a0de uppdrag vi f\u00e5r nominera till, s\u00e4ger Arnold Carlzon och Gunnar Crona som har sk\u00f6tt f\u00f6rhandlingarna.<\/p>\n<p>Vilka som ska f\u00e5 sitta i V\u00e4rnamo kommuns n\u00e4mnder och styrelser beslutas av Kommunfullm\u00e4ktige p\u00e5 torsdag.<\/p>\n\n\t\t<style type=\"text\/css\">\n\t\t\t#gallery-1 {\n\t\t\t\tmargin: auto;\n\t\t\t}\n\t\t\t#gallery-1 .gallery-item {\n\t\t\t\tfloat: left;\n\t\t\t\tmargin-top: 10px;\n\t\t\t\ttext-align: center;\n\t\t\t\twidth: 33%;\n\t\t\t}\n\t\t\t#gallery-1 img {\n\t\t\t\tborder: 2px solid #cfcfcf;\n\t\t\t}\n\t\t\t#gallery-1 .gallery-caption {\n\t\t\t\tmargin-left: 0;\n\t\t\t}\n\t\t\t\/* see gallery_shortcode() in wp-includes\/media.php *\/\n\t\t<\/style>\n\t\t<div id='gallery-1' class='gallery galleryid-6187 gallery-columns-3 gallery-size-thumbnail'><dl class='gallery-item'>\n\t\t\t<dt class='gallery-icon landscape'>\n\t\t\t\t<a href='https:\/\/wp.kristdemokraterna.se\/varnamo\/20141208-nomineringar\/'><img loading=\"lazy\" decoding=\"async\" width=\"150\" height=\"150\" src=\"https:\/\/wp.kristdemokraterna.se\/varnamo\/files\/2014\/12\/20141208_nomineringar-150x150.jpg\" class=\"attachment-thumbnail size-thumbnail\" alt=\"Christer Fjordevik, Stig Claesson, Lena Freij, Xhilda Bushati, Monica Johnsson, Torbj\u00f6rn Eriksson, Arnold Carlzon, Gunnel Youngstr\u00f6m, Ibrahim Candemir, Gunnar Crona, Camilla Rinaldo Miller, Patrik Ekwall och H\u00e5kan Johansson. (Foto: Stefan Gustafsson)\" aria-describedby=\"gallery-1-6201\" \/><\/a>\n\t\t\t<\/dt>\n\t\t\t\t<dd class='wp-caption-text gallery-caption' id='gallery-1-6201'>\n\t\t\t\tChrister Fjordevik, Stig Claesson, Lena Freij, Xhilda Bushati, Monica Johnsson, Torbj\u00f6rn Eriksson, Arnold Carlzon, Gunnel Youngstr\u00f6m, Ibrahim Candemir, Gunnar Crona, Camilla Rinaldo Miller, Patrik Ekwall och H\u00e5kan Johansson. (Foto: Stefan Gustafsson)\n\t\t\t\t<\/dd><\/dl><dl class='gallery-item'>\n\t\t\t<dt class='gallery-icon landscape'>\n\t\t\t\t<a href='https:\/\/wp.kristdemokraterna.se\/varnamo\/20141208-nomineringar-petermagnusson\/'><img loading=\"lazy\" decoding=\"async\" width=\"150\" height=\"150\" src=\"https:\/\/wp.kristdemokraterna.se\/varnamo\/files\/2014\/12\/20141208_nomineringar_petermagnusson-150x150.jpg\" class=\"attachment-thumbnail size-thumbnail\" alt=\"Christer Fjordevik, Stig Claesson, Lena Freij, Xhilda Bushati, Monica Johnsson, Torbj\u00f6rn Eriksson, Arnold Carlzon, Gunnel Youngstr\u00f6m, Ibrahim Candemir, Gunnar Crona, Camilla Rinaldo Miller, Patrik Ekwall och H\u00e5kan Johansson. (Foto: Peter Magnusson)\" aria-describedby=\"gallery-1-6208\" \/><\/a>\n\t\t\t<\/dt>\n\t\t\t\t<dd class='wp-caption-text gallery-caption' id='gallery-1-6208'>\n\t\t\t\tChrister Fjordevik, Stig Claesson, Lena Freij, Xhilda Bushati, Monica Johnsson, Torbj\u00f6rn Eriksson, Arnold Carlzon, Gunnel Youngstr\u00f6m, Ibrahim Candemir, Gunnar Crona, Camilla Rinaldo Miller, Patrik Ekwall och H\u00e5kan Johansson. (Foto: Peter Magnusson)\n\t\t\t\t<\/dd><\/dl>\n\t\t\t<br style='clear: both' \/>\n\t\t<\/div>\n\n<h1>Kristdemokraternas nomineringar till\u00a0styrelser och n\u00e4mnder 2015-2018<\/h1>\n<table width=\"100%\">\n<tbody>\n<tr>\n<td>\n<h2>Organ<\/h2>\n<\/td>\n<td>\n<h2>Ordinarie<\/h2>\n<\/td>\n<td>\n<h2>Ers\u00e4ttare<\/h2>\n<\/td>\n<\/tr>\n<tr>\n<td><strong>Valberedning<\/strong><\/td>\n<td>Christer Fjordevik<\/td>\n<td>Gunnar Crona<\/td>\n<\/tr>\n<tr>\n<td><strong>Barn- och utbildningsn\u00e4mnden<\/strong><\/td>\n<td>Isak Torebrand<\/td>\n<td>Sanja Mikulic<\/td>\n<\/tr>\n<tr>\n<td><strong>Kommunstyrelsen<\/strong><\/td>\n<td>Camilla Rinaldo Miller<\/td>\n<td>Patrik Ekwall<\/td>\n<\/tr>\n<tr>\n<td><strong>Tekniska utskottet<\/strong><\/td>\n<td>Patrik Ekwall<\/td>\n<td>Camilla Rinaldo Miller<\/td>\n<\/tr>\n<tr>\n<td><strong>Kulturn\u00e4mnden<\/strong><\/td>\n<td><em>1 v ordf<\/em> Peter Johnson<\/td>\n<td>Gunnel Youngstr\u00f6m<\/td>\n<\/tr>\n<tr>\n<td><strong>Medborgarn\u00e4mnden<\/strong><\/td>\n<td><em>1 v ordf<\/em> Monica Johnsson<\/td>\n<td>Margareta Svensson<br \/>\nAnnSofie Bj\u00f6rhag<\/td>\n<\/tr>\n<tr>\n<td><strong>Socialt utskott i MBN<\/strong><\/td>\n<td><em>1 v ordf<\/em> Monica Johnsson<\/td>\n<td>Margareta Svensson<\/td>\n<\/tr>\n<tr>\n<td><strong>Milj\u00f6- och stadsbyggnadsn\u00e4mnden<\/strong><\/td>\n<td><em>Ordf<\/em> H\u00e5kan Johansson<br \/>\nLena Freij<\/td>\n<td>Evangeline Eriksson<br \/>\nArben Murati<\/td>\n<\/tr>\n<tr>\n<td><strong>Omsorgsn\u00e4mnden<\/strong><\/td>\n<td><em>Ordf<\/em> Arnold Carlzon<\/td>\n<td>Margareta Lindahl<\/td>\n<\/tr>\n<tr>\n<td><strong>Upphandlingsn\u00e4mnden<\/strong><\/td>\n<td>Waldemar Land\u00e9n<\/td>\n<td>Gunnel Crona<br \/>\nLennart Swerlander<\/td>\n<\/tr>\n<tr>\n<td><strong>Valn\u00e4mnden<\/strong><\/td>\n<td>Ibrahim Candemir<\/td>\n<td>Bernt Ohlsson<\/td>\n<\/tr>\n<tr>\n<td><strong>\u00d6verf\u00f6rmyndare<\/strong><\/td>\n<td>Christer Fjordevik<\/td>\n<td>Ej klart<\/td>\n<\/tr>\n<tr>\n<td><strong>Kommunrevisionen<\/strong><\/td>\n<td><em>1 v ordf<\/em> Donald Crona<\/td>\n<td><\/td>\n<\/tr>\n<tr>\n<td><strong>Servicen\u00e4mnden<\/strong><\/td>\n<td><em>1 v ordf<\/em> Ibrahim Candemir<\/td>\n<td>Nikola Pjetri<\/td>\n<\/tr>\n<tr>\n<td><strong>V\u00e4rnamo Stadshus AB<\/strong><\/td>\n<td>Camilla Rinaldo Miller<\/td>\n<td>Patrik Ekwall<\/td>\n<\/tr>\n<tr>\n<td><strong>Sveriges Ekokommuner<\/strong><\/td>\n<td>Christer Fjordevik<\/td>\n<td><\/td>\n<\/tr>\n<tr>\n<td><strong>N\u00e4mndem\u00e4n<\/strong><\/td>\n<td>Zamira Hansen<br \/>\nAlf Svensson<\/td>\n<td><\/td>\n<\/tr>\n<tr>\n<td><strong>Gode m\u00e4n enligt fastighetsbildningslagen<\/strong><\/td>\n<td>Cenni Frick<\/td>\n<td><\/td>\n<\/tr>\n<tr>\n<td><strong>Stiftelsen Folkets Park<\/strong><\/td>\n<td>H\u00e5kan Johansson<\/td>\n<td>Ingemar Jennersj\u00f6<\/td>\n<\/tr>\n<tr>\n<td><strong>Revisor Stiftelsen Folkets Park<\/strong><\/td>\n<td><\/td>\n<td>Donald Crona<\/td>\n<\/tr>\n<tr>\n<td><strong>Stiftelsen Sm\u00e5lands Konstarkiv<\/strong><\/td>\n<td>Peter Johnson<\/td>\n<td>Inte klart<\/td>\n<\/tr>\n<tr>\n<td><strong>Revisor Stiftelsen Vallerstad g\u00e5rd<\/strong><\/td>\n<td><\/td>\n<td>Donald Crona<\/td>\n<\/tr>\n<tr>\n<td><strong>V\u00e4rnamo-Gislaved Teaterf\u00f6rening<\/strong><\/td>\n<td>Arnold Carlzon<\/td>\n<td>Donald Crona<\/td>\n<\/tr>\n<tr>\n<td><strong>Ernst och Klara Bergwalls minnesfond<\/strong><\/td>\n<td><\/td>\n<td>Peter Johnson<\/td>\n<\/tr>\n<tr>\n<td><strong>Revisor Ernst och Klara Bergwalls minnesfond<\/strong><\/td>\n<td><\/td>\n<td>Donald Crona<\/td>\n<\/tr>\n<tr>\n<td><strong>Revisor Ernst och Klaras Bergwalls stiftelse<\/strong><\/td>\n<td>Donald Crona<\/td>\n<td><\/td>\n<\/tr>\n<tr>\n<td><strong>Finnvedsbost\u00e4der AB<\/strong><\/td>\n<td>Xhilda Bushati<\/td>\n<td>Leif B\u00e4ckrud<\/td>\n<\/tr>\n<tr>\n<td><strong>Revisor FiBo<\/strong><\/td>\n<td><\/td>\n<td>Donald Crona<\/td>\n<\/tr>\n<tr>\n<td><strong>V\u00e4rnamo Energi AB<\/strong><\/td>\n<td><em>Ordf<\/em> Gunnar Crona<\/td>\n<td>Thorbj\u00f6rn Eriksson<\/td>\n<\/tr>\n<tr>\n<td><strong>V\u00e4rnamo Kommunala industrifastigheter AB<\/strong><\/td>\n<td>Stig Claesson<\/td>\n<td>Mario Mikulic<\/td>\n<\/tr>\n<\/tbody>\n<\/table>\n","protected":false},"excerpt":{"rendered":"<p>N\u00e4rmare 40 kristdemokrater i n\u00e4mnder, styrelser, utskott och stiftelser i V\u00e4rnamo kommun. Fyra\u00a0ordf\u00f6randeposter, fyra vice ordf\u00f6rande och \u00d6verf\u00f6rmyndare. Dessa kunde Kristdemokraterna presentera vid en presstr\u00e4ff i kv\u00e4ll i anslutning till j\u00f6nk\u00f6pingsdistrikets h\u00f6stst\u00e4mma som i \u00e5r h\u00f6lls i V\u00e4rnamo.<\/p>\n","protected":false},"author":412,"featured_media":6201,"comment_status":"closed","ping_status":"closed","sticky":false,"template":"","format":"standard","meta":{"_acf_changed":false,"footnotes":""},"categories":[11],"tags":[149,22,649,25,48,638,417,647,648,244],"class_list":["post-6187","post","type-post","status-publish","format-standard","hentry","category-nyheter","tag-alliansen","tag-arnold-carlzon","tag-forhandling","tag-gunnar-crona","tag-kommunfullmaktige","tag-ledamot","tag-nomineringar","tag-ordforande","tag-overformyndare","tag-styrelser-och-namnder"],"acf":[],"yoast_head":"<!-- This site is optimized with the Yoast SEO plugin v27.4 - https:\/\/yoast.com\/product\/yoast-seo-wordpress\/ -->\n<title>Kristdemokrater i n\u00e4mnder och styrelser 2015-2018 - KRISTDEMOKRATERNA V\u00c4RNAMO<\/title>\n<meta name=\"robots\" content=\"index, follow, max-snippet:-1, max-image-preview:large, max-video-preview:-1\" \/>\n<link rel=\"canonical\" href=\"https:\/\/wp.kristdemokraterna.se\/varnamo\/2014\/12\/08\/kristdemokrater-i-namnder-och-styrelser-2015-2018\/\" \/>\n<meta property=\"og:locale\" content=\"sv_SE\" \/>\n<meta property=\"og:type\" content=\"article\" \/>\n<meta property=\"og:title\" content=\"Kristdemokrater i n\u00e4mnder och styrelser 2015-2018 - KRISTDEMOKRATERNA V\u00c4RNAMO\" \/>\n<meta property=\"og:description\" content=\"N\u00e4rmare 40 kristdemokrater i n\u00e4mnder, styrelser, utskott och stiftelser i V\u00e4rnamo kommun. Fyra\u00a0ordf\u00f6randeposter, fyra vice ordf\u00f6rande och \u00d6verf\u00f6rmyndare. Dessa kunde Kristdemokraterna presentera vid en presstr\u00e4ff i kv\u00e4ll i anslutning till j\u00f6nk\u00f6pingsdistrikets h\u00f6stst\u00e4mma som i \u00e5r h\u00f6lls i V\u00e4rnamo.\" \/>\n<meta property=\"og:url\" content=\"https:\/\/wp.kristdemokraterna.se\/varnamo\/2014\/12\/08\/kristdemokrater-i-namnder-och-styrelser-2015-2018\/\" \/>\n<meta property=\"og:site_name\" content=\"KRISTDEMOKRATERNA V\u00c4RNAMO\" \/>\n<meta property=\"article:publisher\" content=\"https:\/\/www.facebook.com\/KDVarnamo\/\" \/>\n<meta property=\"article:published_time\" content=\"2014-12-08T18:00:56+00:00\" \/>\n<meta property=\"article:modified_time\" content=\"2016-02-02T06:34:36+00:00\" \/>\n<meta property=\"og:image\" content=\"https:\/\/wp.kristdemokraterna.se\/varnamo\/files\/2014\/12\/20141208_nomineringar.jpg\" \/>\n\t<meta property=\"og:image:width\" content=\"723\" \/>\n\t<meta property=\"og:image:height\" content=\"177\" \/>\n\t<meta property=\"og:image:type\" content=\"image\/jpeg\" \/>\n<meta name=\"author\" content=\"Kristdemokraterna V\u00e4rnamo\" \/>\n<meta name=\"twitter:card\" content=\"summary_large_image\" \/>\n<meta name=\"twitter:creator\" content=\"@KDVarnamo\" \/>\n<meta name=\"twitter:site\" content=\"@KDVarnamo\" \/>\n<meta name=\"twitter:label1\" content=\"Skriven av\" \/>\n\t<meta name=\"twitter:data1\" content=\"Kristdemokraterna V\u00e4rnamo\" \/>\n\t<meta name=\"twitter:label2\" content=\"Ber\u00e4knad l\u00e4stid\" \/>\n\t<meta name=\"twitter:data2\" content=\"2 minuter\" \/>\n<script type=\"application\/ld+json\" class=\"yoast-schema-graph\">{\"@context\":\"https:\\\/\\\/schema.org\",\"@graph\":[{\"@type\":\"Article\",\"@id\":\"https:\\\/\\\/wp.kristdemokraterna.se\\\/varnamo\\\/2014\\\/12\\\/08\\\/kristdemokrater-i-namnder-och-styrelser-2015-2018\\\/#article\",\"isPartOf\":{\"@id\":\"https:\\\/\\\/wp.kristdemokraterna.se\\\/varnamo\\\/2014\\\/12\\\/08\\\/kristdemokrater-i-namnder-och-styrelser-2015-2018\\\/\"},\"author\":{\"name\":\"Kristdemokraterna V\u00e4rnamo\",\"@id\":\"https:\\\/\\\/wp.kristdemokraterna.se\\\/varnamo\\\/#\\\/schema\\\/person\\\/4e339ab04d613699e4dfe80a994e01d4\"},\"headline\":\"Kristdemokrater i n\u00e4mnder och styrelser 2015-2018\",\"datePublished\":\"2014-12-08T18:00:56+00:00\",\"dateModified\":\"2016-02-02T06:34:36+00:00\",\"mainEntityOfPage\":{\"@id\":\"https:\\\/\\\/wp.kristdemokraterna.se\\\/varnamo\\\/2014\\\/12\\\/08\\\/kristdemokrater-i-namnder-och-styrelser-2015-2018\\\/\"},\"wordCount\":446,\"publisher\":{\"@id\":\"https:\\\/\\\/wp.kristdemokraterna.se\\\/varnamo\\\/#organization\"},\"image\":{\"@id\":\"https:\\\/\\\/wp.kristdemokraterna.se\\\/varnamo\\\/2014\\\/12\\\/08\\\/kristdemokrater-i-namnder-och-styrelser-2015-2018\\\/#primaryimage\"},\"thumbnailUrl\":\"https:\\\/\\\/wp.kristdemokraterna.se\\\/varnamo\\\/files\\\/2014\\\/12\\\/20141208_nomineringar.jpg\",\"keywords\":[\"Alliansen\",\"Arnold Carlzon\",\"f\u00f6rhandling\",\"Gunnar Crona\",\"kommunfullm\u00e4ktige\",\"ledamot\",\"nomineringar\",\"ordf\u00f6rande\",\"\u00f6verf\u00f6rmyndare\",\"styrelser och n\u00e4mnder\"],\"articleSection\":[\"Nyheter\"],\"inLanguage\":\"sv-SE\"},{\"@type\":\"WebPage\",\"@id\":\"https:\\\/\\\/wp.kristdemokraterna.se\\\/varnamo\\\/2014\\\/12\\\/08\\\/kristdemokrater-i-namnder-och-styrelser-2015-2018\\\/\",\"url\":\"https:\\\/\\\/wp.kristdemokraterna.se\\\/varnamo\\\/2014\\\/12\\\/08\\\/kristdemokrater-i-namnder-och-styrelser-2015-2018\\\/\",\"name\":\"Kristdemokrater i n\u00e4mnder och styrelser 2015-2018 - KRISTDEMOKRATERNA V\u00c4RNAMO\",\"isPartOf\":{\"@id\":\"https:\\\/\\\/wp.kristdemokraterna.se\\\/varnamo\\\/#website\"},\"primaryImageOfPage\":{\"@id\":\"https:\\\/\\\/wp.kristdemokraterna.se\\\/varnamo\\\/2014\\\/12\\\/08\\\/kristdemokrater-i-namnder-och-styrelser-2015-2018\\\/#primaryimage\"},\"image\":{\"@id\":\"https:\\\/\\\/wp.kristdemokraterna.se\\\/varnamo\\\/2014\\\/12\\\/08\\\/kristdemokrater-i-namnder-och-styrelser-2015-2018\\\/#primaryimage\"},\"thumbnailUrl\":\"https:\\\/\\\/wp.kristdemokraterna.se\\\/varnamo\\\/files\\\/2014\\\/12\\\/20141208_nomineringar.jpg\",\"datePublished\":\"2014-12-08T18:00:56+00:00\",\"dateModified\":\"2016-02-02T06:34:36+00:00\",\"breadcrumb\":{\"@id\":\"https:\\\/\\\/wp.kristdemokraterna.se\\\/varnamo\\\/2014\\\/12\\\/08\\\/kristdemokrater-i-namnder-och-styrelser-2015-2018\\\/#breadcrumb\"},\"inLanguage\":\"sv-SE\",\"potentialAction\":[{\"@type\":\"ReadAction\",\"target\":[\"https:\\\/\\\/wp.kristdemokraterna.se\\\/varnamo\\\/2014\\\/12\\\/08\\\/kristdemokrater-i-namnder-och-styrelser-2015-2018\\\/\"]}]},{\"@type\":\"ImageObject\",\"inLanguage\":\"sv-SE\",\"@id\":\"https:\\\/\\\/wp.kristdemokraterna.se\\\/varnamo\\\/2014\\\/12\\\/08\\\/kristdemokrater-i-namnder-och-styrelser-2015-2018\\\/#primaryimage\",\"url\":\"https:\\\/\\\/wp.kristdemokraterna.se\\\/varnamo\\\/files\\\/2014\\\/12\\\/20141208_nomineringar.jpg\",\"contentUrl\":\"https:\\\/\\\/wp.kristdemokraterna.se\\\/varnamo\\\/files\\\/2014\\\/12\\\/20141208_nomineringar.jpg\",\"width\":723,\"height\":177,\"caption\":\"Christer Fjordevik, Stig Claesson, Lena Freij, Xhilda Bushati, Monica Johnsson, Torbj\u00f6rn Eriksson, Arnold Carlzon, Gunnel Youngstr\u00f6m, Ibrahim Candemir, Gunnar Crona, Camilla Rinaldo Miller, Patrik Ekwall och H\u00e5kan Johansson. (Foto: Stefan Gustafsson)\"},{\"@type\":\"BreadcrumbList\",\"@id\":\"https:\\\/\\\/wp.kristdemokraterna.se\\\/varnamo\\\/2014\\\/12\\\/08\\\/kristdemokrater-i-namnder-och-styrelser-2015-2018\\\/#breadcrumb\",\"itemListElement\":[{\"@type\":\"ListItem\",\"position\":1,\"name\":\"Hem\",\"item\":\"https:\\\/\\\/wp.kristdemokraterna.se\\\/varnamo\\\/\"},{\"@type\":\"ListItem\",\"position\":2,\"name\":\"Kristdemokrater i n\u00e4mnder och styrelser 2015-2018\"}]},{\"@type\":\"WebSite\",\"@id\":\"https:\\\/\\\/wp.kristdemokraterna.se\\\/varnamo\\\/#website\",\"url\":\"https:\\\/\\\/wp.kristdemokraterna.se\\\/varnamo\\\/\",\"name\":\"KRISTDEMOKRATERNA V\u00c4RNAMO\",\"description\":\"Med hj\u00e4rta f\u00f6r V\u00e4rnamo\",\"publisher\":{\"@id\":\"https:\\\/\\\/wp.kristdemokraterna.se\\\/varnamo\\\/#organization\"},\"inLanguage\":\"sv-SE\"},{\"@type\":\"Organization\",\"@id\":\"https:\\\/\\\/wp.kristdemokraterna.se\\\/varnamo\\\/#organization\",\"name\":\"Kristdemokraterna V\u00e4rnamo\",\"url\":\"https:\\\/\\\/wp.kristdemokraterna.se\\\/varnamo\\\/\",\"logo\":{\"@type\":\"ImageObject\",\"inLanguage\":\"sv-SE\",\"@id\":\"https:\\\/\\\/wp.kristdemokraterna.se\\\/varnamo\\\/#\\\/schema\\\/logo\\\/image\\\/\",\"url\":\"https:\\\/\\\/wp.kristdemokraterna.se\\\/varnamo\\\/files\\\/2022\\\/08\\\/va\u2560ernamo-sida-bla-300dpi.png\",\"contentUrl\":\"https:\\\/\\\/wp.kristdemokraterna.se\\\/varnamo\\\/files\\\/2022\\\/08\\\/va\u2560ernamo-sida-bla-300dpi.png\",\"width\":1485,\"height\":681,\"caption\":\"Kristdemokraterna V\u00e4rnamo\"},\"image\":{\"@id\":\"https:\\\/\\\/wp.kristdemokraterna.se\\\/varnamo\\\/#\\\/schema\\\/logo\\\/image\\\/\"},\"sameAs\":[\"https:\\\/\\\/www.facebook.com\\\/KDVarnamo\\\/\",\"https:\\\/\\\/x.com\\\/KDVarnamo\",\"https:\\\/\\\/www.instagram.com\\\/\",\"https:\\\/\\\/www.youtube.com\\\/user\\\/studiokd\\\/videos\"]},{\"@type\":\"Person\",\"@id\":\"https:\\\/\\\/wp.kristdemokraterna.se\\\/varnamo\\\/#\\\/schema\\\/person\\\/4e339ab04d613699e4dfe80a994e01d4\",\"name\":\"Kristdemokraterna V\u00e4rnamo\",\"image\":{\"@type\":\"ImageObject\",\"inLanguage\":\"sv-SE\",\"@id\":\"https:\\\/\\\/secure.gravatar.com\\\/avatar\\\/c122e48c7723992af51eb155eeaa93db3c1fa324e3fc6ec45dd712c812809b5b?s=96&r=g\",\"url\":\"https:\\\/\\\/secure.gravatar.com\\\/avatar\\\/c122e48c7723992af51eb155eeaa93db3c1fa324e3fc6ec45dd712c812809b5b?s=96&r=g\",\"contentUrl\":\"https:\\\/\\\/secure.gravatar.com\\\/avatar\\\/c122e48c7723992af51eb155eeaa93db3c1fa324e3fc6ec45dd712c812809b5b?s=96&r=g\",\"caption\":\"Kristdemokraterna V\u00e4rnamo\"},\"description\":\"Familjens r\u00f6st\",\"sameAs\":[\"http:\\\/\\\/www.varnamo.kristdemokraterna.se\"],\"url\":\"https:\\\/\\\/wp.kristdemokraterna.se\\\/varnamo\\\/author\\\/varnamo\\\/\"}]}<\/script>\n<!-- \/ Yoast SEO plugin. -->","yoast_head_json":{"title":"Kristdemokrater i n\u00e4mnder och styrelser 2015-2018 - KRISTDEMOKRATERNA V\u00c4RNAMO","robots":{"index":"index","follow":"follow","max-snippet":"max-snippet:-1","max-image-preview":"max-image-preview:large","max-video-preview":"max-video-preview:-1"},"canonical":"https:\/\/wp.kristdemokraterna.se\/varnamo\/2014\/12\/08\/kristdemokrater-i-namnder-och-styrelser-2015-2018\/","og_locale":"sv_SE","og_type":"article","og_title":"Kristdemokrater i n\u00e4mnder och styrelser 2015-2018 - KRISTDEMOKRATERNA V\u00c4RNAMO","og_description":"N\u00e4rmare 40 kristdemokrater i n\u00e4mnder, styrelser, utskott och stiftelser i V\u00e4rnamo kommun. Fyra\u00a0ordf\u00f6randeposter, fyra vice ordf\u00f6rande och \u00d6verf\u00f6rmyndare. Dessa kunde Kristdemokraterna presentera vid en presstr\u00e4ff i kv\u00e4ll i anslutning till j\u00f6nk\u00f6pingsdistrikets h\u00f6stst\u00e4mma som i \u00e5r h\u00f6lls i V\u00e4rnamo.","og_url":"https:\/\/wp.kristdemokraterna.se\/varnamo\/2014\/12\/08\/kristdemokrater-i-namnder-och-styrelser-2015-2018\/","og_site_name":"KRISTDEMOKRATERNA V\u00c4RNAMO","article_publisher":"https:\/\/www.facebook.com\/KDVarnamo\/","article_published_time":"2014-12-08T18:00:56+00:00","article_modified_time":"2016-02-02T06:34:36+00:00","og_image":[{"width":723,"height":177,"url":"https:\/\/wp.kristdemokraterna.se\/varnamo\/files\/2014\/12\/20141208_nomineringar.jpg","type":"image\/jpeg"}],"author":"Kristdemokraterna V\u00e4rnamo","twitter_card":"summary_large_image","twitter_creator":"@KDVarnamo","twitter_site":"@KDVarnamo","twitter_misc":{"Skriven av":"Kristdemokraterna V\u00e4rnamo","Ber\u00e4knad l\u00e4stid":"2 minuter"},"schema":{"@context":"https:\/\/schema.org","@graph":[{"@type":"Article","@id":"https:\/\/wp.kristdemokraterna.se\/varnamo\/2014\/12\/08\/kristdemokrater-i-namnder-och-styrelser-2015-2018\/#article","isPartOf":{"@id":"https:\/\/wp.kristdemokraterna.se\/varnamo\/2014\/12\/08\/kristdemokrater-i-namnder-och-styrelser-2015-2018\/"},"author":{"name":"Kristdemokraterna V\u00e4rnamo","@id":"https:\/\/wp.kristdemokraterna.se\/varnamo\/#\/schema\/person\/4e339ab04d613699e4dfe80a994e01d4"},"headline":"Kristdemokrater i n\u00e4mnder och styrelser 2015-2018","datePublished":"2014-12-08T18:00:56+00:00","dateModified":"2016-02-02T06:34:36+00:00","mainEntityOfPage":{"@id":"https:\/\/wp.kristdemokraterna.se\/varnamo\/2014\/12\/08\/kristdemokrater-i-namnder-och-styrelser-2015-2018\/"},"wordCount":446,"publisher":{"@id":"https:\/\/wp.kristdemokraterna.se\/varnamo\/#organization"},"image":{"@id":"https:\/\/wp.kristdemokraterna.se\/varnamo\/2014\/12\/08\/kristdemokrater-i-namnder-och-styrelser-2015-2018\/#primaryimage"},"thumbnailUrl":"https:\/\/wp.kristdemokraterna.se\/varnamo\/files\/2014\/12\/20141208_nomineringar.jpg","keywords":["Alliansen","Arnold Carlzon","f\u00f6rhandling","Gunnar Crona","kommunfullm\u00e4ktige","ledamot","nomineringar","ordf\u00f6rande","\u00f6verf\u00f6rmyndare","styrelser och n\u00e4mnder"],"articleSection":["Nyheter"],"inLanguage":"sv-SE"},{"@type":"WebPage","@id":"https:\/\/wp.kristdemokraterna.se\/varnamo\/2014\/12\/08\/kristdemokrater-i-namnder-och-styrelser-2015-2018\/","url":"https:\/\/wp.kristdemokraterna.se\/varnamo\/2014\/12\/08\/kristdemokrater-i-namnder-och-styrelser-2015-2018\/","name":"Kristdemokrater i n\u00e4mnder och styrelser 2015-2018 - KRISTDEMOKRATERNA V\u00c4RNAMO","isPartOf":{"@id":"https:\/\/wp.kristdemokraterna.se\/varnamo\/#website"},"primaryImageOfPage":{"@id":"https:\/\/wp.kristdemokraterna.se\/varnamo\/2014\/12\/08\/kristdemokrater-i-namnder-och-styrelser-2015-2018\/#primaryimage"},"image":{"@id":"https:\/\/wp.kristdemokraterna.se\/varnamo\/2014\/12\/08\/kristdemokrater-i-namnder-och-styrelser-2015-2018\/#primaryimage"},"thumbnailUrl":"https:\/\/wp.kristdemokraterna.se\/varnamo\/files\/2014\/12\/20141208_nomineringar.jpg","datePublished":"2014-12-08T18:00:56+00:00","dateModified":"2016-02-02T06:34:36+00:00","breadcrumb":{"@id":"https:\/\/wp.kristdemokraterna.se\/varnamo\/2014\/12\/08\/kristdemokrater-i-namnder-och-styrelser-2015-2018\/#breadcrumb"},"inLanguage":"sv-SE","potentialAction":[{"@type":"ReadAction","target":["https:\/\/wp.kristdemokraterna.se\/varnamo\/2014\/12\/08\/kristdemokrater-i-namnder-och-styrelser-2015-2018\/"]}]},{"@type":"ImageObject","inLanguage":"sv-SE","@id":"https:\/\/wp.kristdemokraterna.se\/varnamo\/2014\/12\/08\/kristdemokrater-i-namnder-och-styrelser-2015-2018\/#primaryimage","url":"https:\/\/wp.kristdemokraterna.se\/varnamo\/files\/2014\/12\/20141208_nomineringar.jpg","contentUrl":"https:\/\/wp.kristdemokraterna.se\/varnamo\/files\/2014\/12\/20141208_nomineringar.jpg","width":723,"height":177,"caption":"Christer Fjordevik, Stig Claesson, Lena Freij, Xhilda Bushati, Monica Johnsson, Torbj\u00f6rn Eriksson, Arnold Carlzon, Gunnel Youngstr\u00f6m, Ibrahim Candemir, Gunnar Crona, Camilla Rinaldo Miller, Patrik Ekwall och H\u00e5kan Johansson. (Foto: Stefan Gustafsson)"},{"@type":"BreadcrumbList","@id":"https:\/\/wp.kristdemokraterna.se\/varnamo\/2014\/12\/08\/kristdemokrater-i-namnder-och-styrelser-2015-2018\/#breadcrumb","itemListElement":[{"@type":"ListItem","position":1,"name":"Hem","item":"https:\/\/wp.kristdemokraterna.se\/varnamo\/"},{"@type":"ListItem","position":2,"name":"Kristdemokrater i n\u00e4mnder och styrelser 2015-2018"}]},{"@type":"WebSite","@id":"https:\/\/wp.kristdemokraterna.se\/varnamo\/#website","url":"https:\/\/wp.kristdemokraterna.se\/varnamo\/","name":"KRISTDEMOKRATERNA V\u00c4RNAMO","description":"Med hj\u00e4rta f\u00f6r V\u00e4rnamo","publisher":{"@id":"https:\/\/wp.kristdemokraterna.se\/varnamo\/#organization"},"inLanguage":"sv-SE"},{"@type":"Organization","@id":"https:\/\/wp.kristdemokraterna.se\/varnamo\/#organization","name":"Kristdemokraterna V\u00e4rnamo","url":"https:\/\/wp.kristdemokraterna.se\/varnamo\/","logo":{"@type":"ImageObject","inLanguage":"sv-SE","@id":"https:\/\/wp.kristdemokraterna.se\/varnamo\/#\/schema\/logo\/image\/","url":"https:\/\/wp.kristdemokraterna.se\/varnamo\/files\/2022\/08\/va\u2560ernamo-sida-bla-300dpi.png","contentUrl":"https:\/\/wp.kristdemokraterna.se\/varnamo\/files\/2022\/08\/va\u2560ernamo-sida-bla-300dpi.png","width":1485,"height":681,"caption":"Kristdemokraterna V\u00e4rnamo"},"image":{"@id":"https:\/\/wp.kristdemokraterna.se\/varnamo\/#\/schema\/logo\/image\/"},"sameAs":["https:\/\/www.facebook.com\/KDVarnamo\/","https:\/\/x.com\/KDVarnamo","https:\/\/www.instagram.com\/","https:\/\/www.youtube.com\/user\/studiokd\/videos"]},{"@type":"Person","@id":"https:\/\/wp.kristdemokraterna.se\/varnamo\/#\/schema\/person\/4e339ab04d613699e4dfe80a994e01d4","name":"Kristdemokraterna V\u00e4rnamo","image":{"@type":"ImageObject","inLanguage":"sv-SE","@id":"https:\/\/secure.gravatar.com\/avatar\/c122e48c7723992af51eb155eeaa93db3c1fa324e3fc6ec45dd712c812809b5b?s=96&r=g","url":"https:\/\/secure.gravatar.com\/avatar\/c122e48c7723992af51eb155eeaa93db3c1fa324e3fc6ec45dd712c812809b5b?s=96&r=g","contentUrl":"https:\/\/secure.gravatar.com\/avatar\/c122e48c7723992af51eb155eeaa93db3c1fa324e3fc6ec45dd712c812809b5b?s=96&r=g","caption":"Kristdemokraterna V\u00e4rnamo"},"description":"Familjens r\u00f6st","sameAs":["http:\/\/www.varnamo.kristdemokraterna.se"],"url":"https:\/\/wp.kristdemokraterna.se\/varnamo\/author\/varnamo\/"}]}},"_links":{"self":[{"href":"https:\/\/wp.kristdemokraterna.se\/varnamo\/wp-json\/wp\/v2\/posts\/6187","targetHints":{"allow":["GET"]}}],"collection":[{"href":"https:\/\/wp.kristdemokraterna.se\/varnamo\/wp-json\/wp\/v2\/posts"}],"about":[{"href":"https:\/\/wp.kristdemokraterna.se\/varnamo\/wp-json\/wp\/v2\/types\/post"}],"author":[{"embeddable":true,"href":"https:\/\/wp.kristdemokraterna.se\/varnamo\/wp-json\/wp\/v2\/users\/412"}],"replies":[{"embeddable":true,"href":"https:\/\/wp.kristdemokraterna.se\/varnamo\/wp-json\/wp\/v2\/comments?post=6187"}],"version-history":[{"count":22,"href":"https:\/\/wp.kristdemokraterna.se\/varnamo\/wp-json\/wp\/v2\/posts\/6187\/revisions"}],"predecessor-version":[{"id":7067,"href":"https:\/\/wp.kristdemokraterna.se\/varnamo\/wp-json\/wp\/v2\/posts\/6187\/revisions\/7067"}],"wp:featuredmedia":[{"embeddable":true,"href":"https:\/\/wp.kristdemokraterna.se\/varnamo\/wp-json\/wp\/v2\/media\/6201"}],"wp:attachment":[{"href":"https:\/\/wp.kristdemokraterna.se\/varnamo\/wp-json\/wp\/v2\/media?parent=6187"}],"wp:term":[{"taxonomy":"category","embeddable":true,"href":"https:\/\/wp.kristdemokraterna.se\/varnamo\/wp-json\/wp\/v2\/categories?post=6187"},{"taxonomy":"post_tag","embeddable":true,"href":"https:\/\/wp.kristdemokraterna.se\/varnamo\/wp-json\/wp\/v2\/tags?post=6187"}],"curies":[{"name":"wp","href":"https:\/\/api.w.org\/{rel}","templated":true}]}}