{"id":6301,"date":"2015-02-07T21:53:03","date_gmt":"2015-02-07T20:53:03","guid":{"rendered":"http:\/\/wp.kristdemokraterna.se\/varnamo\/?p=6301"},"modified":"2018-03-10T13:20:27","modified_gmt":"2018-03-10T12:20:27","slug":"andra-den-nya-momsbeskattningen-for-second-handbutiker","status":"publish","type":"post","link":"https:\/\/wp.kristdemokraterna.se\/varnamo\/2015\/02\/07\/andra-den-nya-momsbeskattningen-for-second-handbutiker\/","title":{"rendered":"\u00c4ndra den nya momsbeskattningen f\u00f6r second handbutiker"},"content":{"rendered":"<p>Sverige har inte r\u00e5d med ett f\u00f6rsvagat civilsamh\u00e4lle! s\u00e4ger V\u00e4rnamos kristdemokrater med anledning av nya momsregler f\u00f6r\u00a0second handbutiker som drivs av ideella f\u00f6reningar och trossamfund. Vid sitt <a title=\"\u00c5rsm\u00f6te med mycket energi\" href=\"http:\/\/wp.kristdemokraterna.se\/varnamo\/2015\/02\/06\/arsmote-med-mycket-energi\/\">\u00e5rsm\u00f6te i g\u00e5r<\/a> beslutade Kristdemokraterna V\u00e4rnamo att g\u00f6ra ett uttalande om att Regeringen borde \u00e4ndra den nya momsbeskattningen f\u00f6r second handbutiker.<\/p>\n<p><!--more--><\/p>\n<h2>\u00c4ndra den nya momsbeskattningen f\u00f6r second handbutiker<\/h2>\n<p>Det civila samh\u00e4llet utg\u00f6r en omistlig del av Sverige \u2013 ett viktigt komplement till den offentliga sektorn och n\u00e4ringslivet. Genom att st\u00e4rka civilsamh\u00e4llets sj\u00e4lvst\u00e4ndighet fr\u00e5n staten, exempelvis vad g\u00e4ller finansieringen, s\u00e5 \u00f6kar friheten i Sverige. Det \u00e4r d\u00e4rf\u00f6r vi kristdemokrater\u00a0under m\u00e5nga \u00e5r drivit fr\u00e5gan om skatteavdrag f\u00f6r g\u00e5vor till ideella organisationer.<\/p>\n<p>Efter ett avg\u00f6rande i H\u00f6gsta f\u00f6rvaltningsdomstolen kom Skatteverket i h\u00f6stas till slutsatsen att second handbutiker som drivs av ideella f\u00f6reningar och trossamfund under vissa omst\u00e4ndigheter\u00a0ska bel\u00e4ggas med 25-procentig moms.<\/p>\n<p>P\u00e5 det svarar Myrorna, R\u00f6da Korset och Sveriges Stadsmissioner att <q title=\"f\u00f6retr\u00e4dare fr\u00e5n Myrorna, R\u00f6da Korset och Sveriges Stadsmissioner i ett gemensamt pressmeddelande den 12 december 2014\">Skatteverkets nya momsregler \u00e4r ett dr\u00e5pslag mot de v\u00e4lg\u00f6renhetsorganisationer som bedriver ideell second handf\u00f6rs\u00e4ljning. Konsekvensen blir nedl\u00e4ggningar och neddragningar. De nya reglerna kommer att p\u00e5verka tusentals m\u00e4nniskor, men h\u00e5rdast sl\u00e5r det mot samh\u00e4llets redan mest utsatta<\/q>.<\/p>\n<p>Det civila samh\u00e4llet ska v\u00e4rnas och dess tillv\u00e4xt underl\u00e4ttas! D\u00e4rf\u00f6r efterlyser vi kristdemokrater i V\u00e4rnamo kommun\u00a0ett initiativ fr\u00e5n regeringen som syftar till att \u00e4ndra reglerna s\u00e5 att second handverksamhet vars \u00f6verskott oavkortat g\u00e5r till social hj\u00e4lpverksamhet befrias fr\u00e5n moms. Sverige har inte r\u00e5d med ett f\u00f6rsvagat civilsamh\u00e4lle!<\/p>\n<p style=\"text-align: right\">Kristdemokraterna V\u00e4rnamo<br \/>\nCamilla Rinaldo Miller (ordf\u00f6rande)<\/p>\n<hr \/>\n<p>Vi h\u00e4mtade mycket inspiration till v\u00e5rt uttalande fr\u00e5n en debattartikel av Aron Modig (KD):<br \/>\n<a title=\"Sverige har inte r\u00e5d med ett f\u00f6rsvagat civilsamh\u00e4lle\" href=\"https:\/\/www.kristdemokraterna.se\/Media\/Nyhetsarkiv\/Sverige-har-inte-rad-med-ett-forsvagat-civilsamhalle\/\" target=\"_blank\" rel=\"noopener\">https:\/\/www.kristdemokraterna.se\/Media\/Nyhetsarkiv\/Sverige-har-inte-rad-med-ett-forsvagat-civilsamhalle\/<\/a><br \/>\nTack f\u00f6r inspirationen Aron!<\/p>\n<hr \/>\n<p>Publicerad:<\/p>\n<ul>\n<li><em>2015-02-12:<\/em> V\u00e4rnamo Nyheter<\/li>\n<\/ul>\n\n\t\t<style type=\"text\/css\">\n\t\t\t#gallery-1 {\n\t\t\t\tmargin: auto;\n\t\t\t}\n\t\t\t#gallery-1 .gallery-item {\n\t\t\t\tfloat: left;\n\t\t\t\tmargin-top: 10px;\n\t\t\t\ttext-align: center;\n\t\t\t\twidth: 33%;\n\t\t\t}\n\t\t\t#gallery-1 img {\n\t\t\t\tborder: 2px solid #cfcfcf;\n\t\t\t}\n\t\t\t#gallery-1 .gallery-caption {\n\t\t\t\tmargin-left: 0;\n\t\t\t}\n\t\t\t\/* see gallery_shortcode() in wp-includes\/media.php *\/\n\t\t<\/style>\n\t\t<div id='gallery-1' class='gallery galleryid-6301 gallery-columns-3 gallery-size-thumbnail'><dl class='gallery-item'>\n\t\t\t<dt class='gallery-icon portrait'>\n\t\t\t\t<a href='https:\/\/wp.kristdemokraterna.se\/varnamo\/2013\/10\/02\/camilla-pa-sjatte-plats-till-riksdagen\/camilla-rinaldo-miller-2013\/'><img loading=\"lazy\" decoding=\"async\" width=\"150\" height=\"150\" src=\"https:\/\/wp.kristdemokraterna.se\/varnamo\/files\/2014\/03\/camilla_rinaldo_miller_2013-150x150.png\" class=\"attachment-thumbnail size-thumbnail\" alt=\"Camilla Rinaldo Miller - Kristdemokraterna V\u00e4rnamo. (Foto: Lennart Molin)\" aria-describedby=\"gallery-1-4828\" \/><\/a>\n\t\t\t<\/dt>\n\t\t\t\t<dd class='wp-caption-text gallery-caption' id='gallery-1-4828'>\n\t\t\t\tCamilla Rinaldo Miller, Kristdemokraterna V\u00e4rnamo. (Foto: Lennart Molin)\n\t\t\t\t<\/dd><\/dl>\n\t\t\t<br style='clear: both' \/>\n\t\t<\/div>\n\n","protected":false},"excerpt":{"rendered":"<p>Sverige har inte r\u00e5d med ett f\u00f6rsvagat civilsamh\u00e4lle! s\u00e4ger V\u00e4rnamos kristdemokrater med anledning av nya momsregler f\u00f6r\u00a0second handbutiker som drivs av ideella f\u00f6reningar och trossamfund. Vid sitt \u00e5rsm\u00f6te i g\u00e5r beslutade Kristdemokraterna V\u00e4rnamo att g\u00f6ra ett uttalande om att Regeringen borde \u00e4ndra den nya momsbeskattningen f\u00f6r second handbutiker.<\/p>\n","protected":false},"author":412,"featured_media":4828,"comment_status":"closed","ping_status":"closed","sticky":false,"template":"","format":"standard","meta":{"_acf_changed":false,"footnotes":""},"categories":[12],"tags":[21,102,554,297,680,103,73,654,36,677,552,655,679,681,678,192,100,682],"class_list":["post-6301","post","type-post","status-publish","format-standard","hentry","category-debatt","tag-camilla-rinaldo-miller","tag-civilsamhallet","tag-finansiering","tag-frihet","tag-hogsta-forvaltningsdomstolen","tag-ideella-organisationer","tag-insandare","tag-moms","tag-naringliv","tag-offentlig-sektor","tag-regeringen","tag-second-hand","tag-skatteavdrag","tag-skatteverket","tag-staten","tag-tillvaxt","tag-uttalande","tag-valgorenhetsorganisation"],"acf":[],"yoast_head":"<!-- This site is optimized with the Yoast SEO plugin v27.5 - https:\/\/yoast.com\/product\/yoast-seo-wordpress\/ -->\n<title>\u00c4ndra den nya momsbeskattningen f\u00f6r second handbutiker - KRISTDEMOKRATERNA V\u00c4RNAMO<\/title>\n<meta name=\"robots\" content=\"index, follow, max-snippet:-1, max-image-preview:large, max-video-preview:-1\" \/>\n<link rel=\"canonical\" href=\"https:\/\/wp.kristdemokraterna.se\/varnamo\/2015\/02\/07\/andra-den-nya-momsbeskattningen-for-second-handbutiker\/\" \/>\n<meta property=\"og:locale\" content=\"sv_SE\" \/>\n<meta property=\"og:type\" content=\"article\" \/>\n<meta property=\"og:title\" content=\"\u00c4ndra den nya momsbeskattningen f\u00f6r second handbutiker - KRISTDEMOKRATERNA V\u00c4RNAMO\" \/>\n<meta property=\"og:description\" content=\"Sverige har inte r\u00e5d med ett f\u00f6rsvagat civilsamh\u00e4lle! s\u00e4ger V\u00e4rnamos kristdemokrater med anledning av nya momsregler f\u00f6r\u00a0second handbutiker som drivs av ideella f\u00f6reningar och trossamfund. Vid sitt \u00e5rsm\u00f6te i g\u00e5r beslutade Kristdemokraterna V\u00e4rnamo att g\u00f6ra ett uttalande om att Regeringen borde \u00e4ndra den nya momsbeskattningen f\u00f6r second handbutiker.\" \/>\n<meta property=\"og:url\" content=\"https:\/\/wp.kristdemokraterna.se\/varnamo\/2015\/02\/07\/andra-den-nya-momsbeskattningen-for-second-handbutiker\/\" \/>\n<meta property=\"og:site_name\" content=\"KRISTDEMOKRATERNA V\u00c4RNAMO\" \/>\n<meta property=\"article:publisher\" content=\"https:\/\/www.facebook.com\/KDVarnamo\/\" \/>\n<meta property=\"article:published_time\" content=\"2015-02-07T20:53:03+00:00\" \/>\n<meta property=\"article:modified_time\" content=\"2018-03-10T12:20:27+00:00\" \/>\n<meta property=\"og:image\" content=\"https:\/\/wp.kristdemokraterna.se\/varnamo\/files\/2014\/03\/camilla_rinaldo_miller_2013.png\" \/>\n\t<meta property=\"og:image:width\" content=\"215\" \/>\n\t<meta property=\"og:image:height\" content=\"300\" \/>\n\t<meta property=\"og:image:type\" content=\"image\/png\" \/>\n<meta name=\"author\" content=\"Kristdemokraterna V\u00e4rnamo\" \/>\n<meta name=\"twitter:card\" content=\"summary_large_image\" \/>\n<meta name=\"twitter:creator\" content=\"@KDVarnamo\" \/>\n<meta name=\"twitter:site\" content=\"@KDVarnamo\" \/>\n<meta name=\"twitter:label1\" content=\"Skriven av\" \/>\n\t<meta name=\"twitter:data1\" content=\"Kristdemokraterna V\u00e4rnamo\" \/>\n\t<meta name=\"twitter:label2\" content=\"Ber\u00e4knad l\u00e4stid\" \/>\n\t<meta name=\"twitter:data2\" content=\"2 minuter\" \/>\n<script type=\"application\/ld+json\" class=\"yoast-schema-graph\">{\"@context\":\"https:\\\/\\\/schema.org\",\"@graph\":[{\"@type\":\"Article\",\"@id\":\"https:\\\/\\\/wp.kristdemokraterna.se\\\/varnamo\\\/2015\\\/02\\\/07\\\/andra-den-nya-momsbeskattningen-for-second-handbutiker\\\/#article\",\"isPartOf\":{\"@id\":\"https:\\\/\\\/wp.kristdemokraterna.se\\\/varnamo\\\/2015\\\/02\\\/07\\\/andra-den-nya-momsbeskattningen-for-second-handbutiker\\\/\"},\"author\":{\"name\":\"Kristdemokraterna V\u00e4rnamo\",\"@id\":\"https:\\\/\\\/wp.kristdemokraterna.se\\\/varnamo\\\/#\\\/schema\\\/person\\\/4e339ab04d613699e4dfe80a994e01d4\"},\"headline\":\"\u00c4ndra den nya momsbeskattningen f\u00f6r second handbutiker\",\"datePublished\":\"2015-02-07T20:53:03+00:00\",\"dateModified\":\"2018-03-10T12:20:27+00:00\",\"mainEntityOfPage\":{\"@id\":\"https:\\\/\\\/wp.kristdemokraterna.se\\\/varnamo\\\/2015\\\/02\\\/07\\\/andra-den-nya-momsbeskattningen-for-second-handbutiker\\\/\"},\"wordCount\":347,\"publisher\":{\"@id\":\"https:\\\/\\\/wp.kristdemokraterna.se\\\/varnamo\\\/#organization\"},\"image\":{\"@id\":\"https:\\\/\\\/wp.kristdemokraterna.se\\\/varnamo\\\/2015\\\/02\\\/07\\\/andra-den-nya-momsbeskattningen-for-second-handbutiker\\\/#primaryimage\"},\"thumbnailUrl\":\"https:\\\/\\\/wp.kristdemokraterna.se\\\/varnamo\\\/files\\\/2014\\\/03\\\/camilla_rinaldo_miller_2013.png\",\"keywords\":[\"Camilla Rinaldo Miller\",\"civilsamh\u00e4llet\",\"finansiering\",\"frihet\",\"H\u00f6gsta f\u00f6rvaltningsdomstolen\",\"ideella organisationer\",\"ins\u00e4ndare\",\"moms\",\"n\u00e4ringsliv\",\"offentlig sektor\",\"Regeringen\",\"second hand\",\"skatteavdrag\",\"Skatteverket\",\"staten\",\"tillv\u00e4xt\",\"uttalande\",\"v\u00e4lg\u00f6renhetsorganisation\"],\"articleSection\":[\"Debatt\"],\"inLanguage\":\"sv-SE\"},{\"@type\":\"WebPage\",\"@id\":\"https:\\\/\\\/wp.kristdemokraterna.se\\\/varnamo\\\/2015\\\/02\\\/07\\\/andra-den-nya-momsbeskattningen-for-second-handbutiker\\\/\",\"url\":\"https:\\\/\\\/wp.kristdemokraterna.se\\\/varnamo\\\/2015\\\/02\\\/07\\\/andra-den-nya-momsbeskattningen-for-second-handbutiker\\\/\",\"name\":\"\u00c4ndra den nya momsbeskattningen f\u00f6r second handbutiker - KRISTDEMOKRATERNA V\u00c4RNAMO\",\"isPartOf\":{\"@id\":\"https:\\\/\\\/wp.kristdemokraterna.se\\\/varnamo\\\/#website\"},\"primaryImageOfPage\":{\"@id\":\"https:\\\/\\\/wp.kristdemokraterna.se\\\/varnamo\\\/2015\\\/02\\\/07\\\/andra-den-nya-momsbeskattningen-for-second-handbutiker\\\/#primaryimage\"},\"image\":{\"@id\":\"https:\\\/\\\/wp.kristdemokraterna.se\\\/varnamo\\\/2015\\\/02\\\/07\\\/andra-den-nya-momsbeskattningen-for-second-handbutiker\\\/#primaryimage\"},\"thumbnailUrl\":\"https:\\\/\\\/wp.kristdemokraterna.se\\\/varnamo\\\/files\\\/2014\\\/03\\\/camilla_rinaldo_miller_2013.png\",\"datePublished\":\"2015-02-07T20:53:03+00:00\",\"dateModified\":\"2018-03-10T12:20:27+00:00\",\"breadcrumb\":{\"@id\":\"https:\\\/\\\/wp.kristdemokraterna.se\\\/varnamo\\\/2015\\\/02\\\/07\\\/andra-den-nya-momsbeskattningen-for-second-handbutiker\\\/#breadcrumb\"},\"inLanguage\":\"sv-SE\",\"potentialAction\":[{\"@type\":\"ReadAction\",\"target\":[\"https:\\\/\\\/wp.kristdemokraterna.se\\\/varnamo\\\/2015\\\/02\\\/07\\\/andra-den-nya-momsbeskattningen-for-second-handbutiker\\\/\"]}]},{\"@type\":\"ImageObject\",\"inLanguage\":\"sv-SE\",\"@id\":\"https:\\\/\\\/wp.kristdemokraterna.se\\\/varnamo\\\/2015\\\/02\\\/07\\\/andra-den-nya-momsbeskattningen-for-second-handbutiker\\\/#primaryimage\",\"url\":\"https:\\\/\\\/wp.kristdemokraterna.se\\\/varnamo\\\/files\\\/2014\\\/03\\\/camilla_rinaldo_miller_2013.png\",\"contentUrl\":\"https:\\\/\\\/wp.kristdemokraterna.se\\\/varnamo\\\/files\\\/2014\\\/03\\\/camilla_rinaldo_miller_2013.png\",\"width\":215,\"height\":300,\"caption\":\"Camilla Rinaldo Miller, Kristdemokraterna V\u00e4rnamo. (Foto: Lennart Molin)\"},{\"@type\":\"BreadcrumbList\",\"@id\":\"https:\\\/\\\/wp.kristdemokraterna.se\\\/varnamo\\\/2015\\\/02\\\/07\\\/andra-den-nya-momsbeskattningen-for-second-handbutiker\\\/#breadcrumb\",\"itemListElement\":[{\"@type\":\"ListItem\",\"position\":1,\"name\":\"Hem\",\"item\":\"https:\\\/\\\/wp.kristdemokraterna.se\\\/varnamo\\\/\"},{\"@type\":\"ListItem\",\"position\":2,\"name\":\"\u00c4ndra den nya momsbeskattningen f\u00f6r second handbutiker\"}]},{\"@type\":\"WebSite\",\"@id\":\"https:\\\/\\\/wp.kristdemokraterna.se\\\/varnamo\\\/#website\",\"url\":\"https:\\\/\\\/wp.kristdemokraterna.se\\\/varnamo\\\/\",\"name\":\"KRISTDEMOKRATERNA V\u00c4RNAMO\",\"description\":\"Med hj\u00e4rta f\u00f6r V\u00e4rnamo\",\"publisher\":{\"@id\":\"https:\\\/\\\/wp.kristdemokraterna.se\\\/varnamo\\\/#organization\"},\"inLanguage\":\"sv-SE\"},{\"@type\":\"Organization\",\"@id\":\"https:\\\/\\\/wp.kristdemokraterna.se\\\/varnamo\\\/#organization\",\"name\":\"Kristdemokraterna V\u00e4rnamo\",\"url\":\"https:\\\/\\\/wp.kristdemokraterna.se\\\/varnamo\\\/\",\"logo\":{\"@type\":\"ImageObject\",\"inLanguage\":\"sv-SE\",\"@id\":\"https:\\\/\\\/wp.kristdemokraterna.se\\\/varnamo\\\/#\\\/schema\\\/logo\\\/image\\\/\",\"url\":\"https:\\\/\\\/wp.kristdemokraterna.se\\\/varnamo\\\/files\\\/2022\\\/08\\\/va\u2560ernamo-sida-bla-300dpi.png\",\"contentUrl\":\"https:\\\/\\\/wp.kristdemokraterna.se\\\/varnamo\\\/files\\\/2022\\\/08\\\/va\u2560ernamo-sida-bla-300dpi.png\",\"width\":1485,\"height\":681,\"caption\":\"Kristdemokraterna V\u00e4rnamo\"},\"image\":{\"@id\":\"https:\\\/\\\/wp.kristdemokraterna.se\\\/varnamo\\\/#\\\/schema\\\/logo\\\/image\\\/\"},\"sameAs\":[\"https:\\\/\\\/www.facebook.com\\\/KDVarnamo\\\/\",\"https:\\\/\\\/x.com\\\/KDVarnamo\",\"https:\\\/\\\/www.instagram.com\\\/\",\"https:\\\/\\\/www.youtube.com\\\/user\\\/studiokd\\\/videos\"]},{\"@type\":\"Person\",\"@id\":\"https:\\\/\\\/wp.kristdemokraterna.se\\\/varnamo\\\/#\\\/schema\\\/person\\\/4e339ab04d613699e4dfe80a994e01d4\",\"name\":\"Kristdemokraterna V\u00e4rnamo\",\"image\":{\"@type\":\"ImageObject\",\"inLanguage\":\"sv-SE\",\"@id\":\"https:\\\/\\\/secure.gravatar.com\\\/avatar\\\/c122e48c7723992af51eb155eeaa93db3c1fa324e3fc6ec45dd712c812809b5b?s=96&r=g\",\"url\":\"https:\\\/\\\/secure.gravatar.com\\\/avatar\\\/c122e48c7723992af51eb155eeaa93db3c1fa324e3fc6ec45dd712c812809b5b?s=96&r=g\",\"contentUrl\":\"https:\\\/\\\/secure.gravatar.com\\\/avatar\\\/c122e48c7723992af51eb155eeaa93db3c1fa324e3fc6ec45dd712c812809b5b?s=96&r=g\",\"caption\":\"Kristdemokraterna V\u00e4rnamo\"},\"description\":\"Familjens r\u00f6st\",\"sameAs\":[\"http:\\\/\\\/www.varnamo.kristdemokraterna.se\"],\"url\":\"https:\\\/\\\/wp.kristdemokraterna.se\\\/varnamo\\\/author\\\/varnamo\\\/\"}]}<\/script>\n<!-- \/ Yoast SEO plugin. -->","yoast_head_json":{"title":"\u00c4ndra den nya momsbeskattningen f\u00f6r second handbutiker - KRISTDEMOKRATERNA V\u00c4RNAMO","robots":{"index":"index","follow":"follow","max-snippet":"max-snippet:-1","max-image-preview":"max-image-preview:large","max-video-preview":"max-video-preview:-1"},"canonical":"https:\/\/wp.kristdemokraterna.se\/varnamo\/2015\/02\/07\/andra-den-nya-momsbeskattningen-for-second-handbutiker\/","og_locale":"sv_SE","og_type":"article","og_title":"\u00c4ndra den nya momsbeskattningen f\u00f6r second handbutiker - KRISTDEMOKRATERNA V\u00c4RNAMO","og_description":"Sverige har inte r\u00e5d med ett f\u00f6rsvagat civilsamh\u00e4lle! s\u00e4ger V\u00e4rnamos kristdemokrater med anledning av nya momsregler f\u00f6r\u00a0second handbutiker som drivs av ideella f\u00f6reningar och trossamfund. Vid sitt \u00e5rsm\u00f6te i g\u00e5r beslutade Kristdemokraterna V\u00e4rnamo att g\u00f6ra ett uttalande om att Regeringen borde \u00e4ndra den nya momsbeskattningen f\u00f6r second handbutiker.","og_url":"https:\/\/wp.kristdemokraterna.se\/varnamo\/2015\/02\/07\/andra-den-nya-momsbeskattningen-for-second-handbutiker\/","og_site_name":"KRISTDEMOKRATERNA V\u00c4RNAMO","article_publisher":"https:\/\/www.facebook.com\/KDVarnamo\/","article_published_time":"2015-02-07T20:53:03+00:00","article_modified_time":"2018-03-10T12:20:27+00:00","og_image":[{"width":215,"height":300,"url":"https:\/\/wp.kristdemokraterna.se\/varnamo\/files\/2014\/03\/camilla_rinaldo_miller_2013.png","type":"image\/png"}],"author":"Kristdemokraterna V\u00e4rnamo","twitter_card":"summary_large_image","twitter_creator":"@KDVarnamo","twitter_site":"@KDVarnamo","twitter_misc":{"Skriven av":"Kristdemokraterna V\u00e4rnamo","Ber\u00e4knad l\u00e4stid":"2 minuter"},"schema":{"@context":"https:\/\/schema.org","@graph":[{"@type":"Article","@id":"https:\/\/wp.kristdemokraterna.se\/varnamo\/2015\/02\/07\/andra-den-nya-momsbeskattningen-for-second-handbutiker\/#article","isPartOf":{"@id":"https:\/\/wp.kristdemokraterna.se\/varnamo\/2015\/02\/07\/andra-den-nya-momsbeskattningen-for-second-handbutiker\/"},"author":{"name":"Kristdemokraterna V\u00e4rnamo","@id":"https:\/\/wp.kristdemokraterna.se\/varnamo\/#\/schema\/person\/4e339ab04d613699e4dfe80a994e01d4"},"headline":"\u00c4ndra den nya momsbeskattningen f\u00f6r second handbutiker","datePublished":"2015-02-07T20:53:03+00:00","dateModified":"2018-03-10T12:20:27+00:00","mainEntityOfPage":{"@id":"https:\/\/wp.kristdemokraterna.se\/varnamo\/2015\/02\/07\/andra-den-nya-momsbeskattningen-for-second-handbutiker\/"},"wordCount":347,"publisher":{"@id":"https:\/\/wp.kristdemokraterna.se\/varnamo\/#organization"},"image":{"@id":"https:\/\/wp.kristdemokraterna.se\/varnamo\/2015\/02\/07\/andra-den-nya-momsbeskattningen-for-second-handbutiker\/#primaryimage"},"thumbnailUrl":"https:\/\/wp.kristdemokraterna.se\/varnamo\/files\/2014\/03\/camilla_rinaldo_miller_2013.png","keywords":["Camilla Rinaldo Miller","civilsamh\u00e4llet","finansiering","frihet","H\u00f6gsta f\u00f6rvaltningsdomstolen","ideella organisationer","ins\u00e4ndare","moms","n\u00e4ringsliv","offentlig sektor","Regeringen","second hand","skatteavdrag","Skatteverket","staten","tillv\u00e4xt","uttalande","v\u00e4lg\u00f6renhetsorganisation"],"articleSection":["Debatt"],"inLanguage":"sv-SE"},{"@type":"WebPage","@id":"https:\/\/wp.kristdemokraterna.se\/varnamo\/2015\/02\/07\/andra-den-nya-momsbeskattningen-for-second-handbutiker\/","url":"https:\/\/wp.kristdemokraterna.se\/varnamo\/2015\/02\/07\/andra-den-nya-momsbeskattningen-for-second-handbutiker\/","name":"\u00c4ndra den nya momsbeskattningen f\u00f6r second handbutiker - KRISTDEMOKRATERNA V\u00c4RNAMO","isPartOf":{"@id":"https:\/\/wp.kristdemokraterna.se\/varnamo\/#website"},"primaryImageOfPage":{"@id":"https:\/\/wp.kristdemokraterna.se\/varnamo\/2015\/02\/07\/andra-den-nya-momsbeskattningen-for-second-handbutiker\/#primaryimage"},"image":{"@id":"https:\/\/wp.kristdemokraterna.se\/varnamo\/2015\/02\/07\/andra-den-nya-momsbeskattningen-for-second-handbutiker\/#primaryimage"},"thumbnailUrl":"https:\/\/wp.kristdemokraterna.se\/varnamo\/files\/2014\/03\/camilla_rinaldo_miller_2013.png","datePublished":"2015-02-07T20:53:03+00:00","dateModified":"2018-03-10T12:20:27+00:00","breadcrumb":{"@id":"https:\/\/wp.kristdemokraterna.se\/varnamo\/2015\/02\/07\/andra-den-nya-momsbeskattningen-for-second-handbutiker\/#breadcrumb"},"inLanguage":"sv-SE","potentialAction":[{"@type":"ReadAction","target":["https:\/\/wp.kristdemokraterna.se\/varnamo\/2015\/02\/07\/andra-den-nya-momsbeskattningen-for-second-handbutiker\/"]}]},{"@type":"ImageObject","inLanguage":"sv-SE","@id":"https:\/\/wp.kristdemokraterna.se\/varnamo\/2015\/02\/07\/andra-den-nya-momsbeskattningen-for-second-handbutiker\/#primaryimage","url":"https:\/\/wp.kristdemokraterna.se\/varnamo\/files\/2014\/03\/camilla_rinaldo_miller_2013.png","contentUrl":"https:\/\/wp.kristdemokraterna.se\/varnamo\/files\/2014\/03\/camilla_rinaldo_miller_2013.png","width":215,"height":300,"caption":"Camilla Rinaldo Miller, Kristdemokraterna V\u00e4rnamo. (Foto: Lennart Molin)"},{"@type":"BreadcrumbList","@id":"https:\/\/wp.kristdemokraterna.se\/varnamo\/2015\/02\/07\/andra-den-nya-momsbeskattningen-for-second-handbutiker\/#breadcrumb","itemListElement":[{"@type":"ListItem","position":1,"name":"Hem","item":"https:\/\/wp.kristdemokraterna.se\/varnamo\/"},{"@type":"ListItem","position":2,"name":"\u00c4ndra den nya momsbeskattningen f\u00f6r second handbutiker"}]},{"@type":"WebSite","@id":"https:\/\/wp.kristdemokraterna.se\/varnamo\/#website","url":"https:\/\/wp.kristdemokraterna.se\/varnamo\/","name":"KRISTDEMOKRATERNA V\u00c4RNAMO","description":"Med hj\u00e4rta f\u00f6r V\u00e4rnamo","publisher":{"@id":"https:\/\/wp.kristdemokraterna.se\/varnamo\/#organization"},"inLanguage":"sv-SE"},{"@type":"Organization","@id":"https:\/\/wp.kristdemokraterna.se\/varnamo\/#organization","name":"Kristdemokraterna V\u00e4rnamo","url":"https:\/\/wp.kristdemokraterna.se\/varnamo\/","logo":{"@type":"ImageObject","inLanguage":"sv-SE","@id":"https:\/\/wp.kristdemokraterna.se\/varnamo\/#\/schema\/logo\/image\/","url":"https:\/\/wp.kristdemokraterna.se\/varnamo\/files\/2022\/08\/va\u2560ernamo-sida-bla-300dpi.png","contentUrl":"https:\/\/wp.kristdemokraterna.se\/varnamo\/files\/2022\/08\/va\u2560ernamo-sida-bla-300dpi.png","width":1485,"height":681,"caption":"Kristdemokraterna V\u00e4rnamo"},"image":{"@id":"https:\/\/wp.kristdemokraterna.se\/varnamo\/#\/schema\/logo\/image\/"},"sameAs":["https:\/\/www.facebook.com\/KDVarnamo\/","https:\/\/x.com\/KDVarnamo","https:\/\/www.instagram.com\/","https:\/\/www.youtube.com\/user\/studiokd\/videos"]},{"@type":"Person","@id":"https:\/\/wp.kristdemokraterna.se\/varnamo\/#\/schema\/person\/4e339ab04d613699e4dfe80a994e01d4","name":"Kristdemokraterna V\u00e4rnamo","image":{"@type":"ImageObject","inLanguage":"sv-SE","@id":"https:\/\/secure.gravatar.com\/avatar\/c122e48c7723992af51eb155eeaa93db3c1fa324e3fc6ec45dd712c812809b5b?s=96&r=g","url":"https:\/\/secure.gravatar.com\/avatar\/c122e48c7723992af51eb155eeaa93db3c1fa324e3fc6ec45dd712c812809b5b?s=96&r=g","contentUrl":"https:\/\/secure.gravatar.com\/avatar\/c122e48c7723992af51eb155eeaa93db3c1fa324e3fc6ec45dd712c812809b5b?s=96&r=g","caption":"Kristdemokraterna V\u00e4rnamo"},"description":"Familjens r\u00f6st","sameAs":["http:\/\/www.varnamo.kristdemokraterna.se"],"url":"https:\/\/wp.kristdemokraterna.se\/varnamo\/author\/varnamo\/"}]}},"_links":{"self":[{"href":"https:\/\/wp.kristdemokraterna.se\/varnamo\/wp-json\/wp\/v2\/posts\/6301","targetHints":{"allow":["GET"]}}],"collection":[{"href":"https:\/\/wp.kristdemokraterna.se\/varnamo\/wp-json\/wp\/v2\/posts"}],"about":[{"href":"https:\/\/wp.kristdemokraterna.se\/varnamo\/wp-json\/wp\/v2\/types\/post"}],"author":[{"embeddable":true,"href":"https:\/\/wp.kristdemokraterna.se\/varnamo\/wp-json\/wp\/v2\/users\/412"}],"replies":[{"embeddable":true,"href":"https:\/\/wp.kristdemokraterna.se\/varnamo\/wp-json\/wp\/v2\/comments?post=6301"}],"version-history":[{"count":16,"href":"https:\/\/wp.kristdemokraterna.se\/varnamo\/wp-json\/wp\/v2\/posts\/6301\/revisions"}],"predecessor-version":[{"id":8163,"href":"https:\/\/wp.kristdemokraterna.se\/varnamo\/wp-json\/wp\/v2\/posts\/6301\/revisions\/8163"}],"wp:featuredmedia":[{"embeddable":true,"href":"https:\/\/wp.kristdemokraterna.se\/varnamo\/wp-json\/wp\/v2\/media\/4828"}],"wp:attachment":[{"href":"https:\/\/wp.kristdemokraterna.se\/varnamo\/wp-json\/wp\/v2\/media?parent=6301"}],"wp:term":[{"taxonomy":"category","embeddable":true,"href":"https:\/\/wp.kristdemokraterna.se\/varnamo\/wp-json\/wp\/v2\/categories?post=6301"},{"taxonomy":"post_tag","embeddable":true,"href":"https:\/\/wp.kristdemokraterna.se\/varnamo\/wp-json\/wp\/v2\/tags?post=6301"}],"curies":[{"name":"wp","href":"https:\/\/api.w.org\/{rel}","templated":true}]}}