{"id":6423,"date":"2015-04-25T23:12:21","date_gmt":"2015-04-25T21:12:21","guid":{"rendered":"http:\/\/wp.kristdemokraterna.se\/varnamo\/?p=6423"},"modified":"2015-04-26T19:05:04","modified_gmt":"2015-04-26T17:05:04","slug":"vi-har-en-ny-partiledare-valkommen-ebba","status":"publish","type":"post","link":"https:\/\/wp.kristdemokraterna.se\/varnamo\/2015\/04\/25\/vi-har-en-ny-partiledare-valkommen-ebba\/","title":{"rendered":"Vi har en ny partiledare &#8211; v\u00e4lkommen Ebba!"},"content":{"rendered":"<p>Ovationerna var l\u00e5nga och varma n\u00e4r rikstingsordf\u00f6rande Conny Br\u00e4nnberg slog klubban i bordet och kungjorde att Rikstinget enh\u00e4lligt har valt en ny partiordf\u00f6rande \u2013 Ebba Busch Thor fr\u00e5n Uppsala! Rikstinget f\u00f6ljde allts\u00e5 <a href=\"http:\/\/wp.kristdemokraterna.se\/varnamo\/2015\/02\/24\/det-blir-ebba-om-varnamo-far-bestamma\/\">V\u00e4rnamoavdelningens nominering<\/a>. I och med valet \u00e4r Ebba Kristdemokraternas\u00a0f\u00f6rsta kvinnliga partiledare och f\u00f6rsta partiledare som \u00e4r yngre \u00e4n 35 \u00e5r.<\/p>\n<p><!--more--><\/p>\n<p>\u2013\u00a0Idag upplever jag min alldeles egna chock \u2013 en tacksamhetschock, sade hon efter att ha inlett sitt f\u00f6rsta rikstingstal med att konstatera att allt tydligen ska kunna koncentreras till en l\u00f6psedel som g\u00e4rna ska inneh\u00e5lla ordet chock. Talet kom att handla mycket om att g\u00e5 fr\u00e5n likgiltighet till handling, vikten av omsorg om de svagaste och behovet av kristna v\u00e4rden f\u00f6r att forma\u00a0det goda samh\u00e4llet.<\/p>\n<p>\u2013\u00a0Vi ska ta strid f\u00f6r en politik som g\u00f6r staten mindre och samh\u00e4llet st\u00f6rre!<\/p>\n<p>Rikstinget, som h\u00f6lls i Folkets Hus i Stockholm, valde inte bara ny partiledare \u2013 man valde en helt ny partiledning! \u00c4ven i presidievalet vann <a href=\"http:\/\/wp.kristdemokraterna.se\/varnamo\/2015\/02\/24\/det-blir-ebba-om-varnamo-far-bestamma\/\">v\u00e4rnamoavdelningen geh\u00f6r<\/a> i och med valet av Jakob Forssmed till 1 vice ordf\u00f6rande och Emma Henriksson till 2 vice ordf\u00f6rande. Fr\u00e5n j\u00f6nk\u00f6pingsdistriktet blev Andreas Carlson ledamot i partistyrelsen och Irene Oskarsson ers\u00e4ttare.<\/p>\n<p>Rikstinget pr\u00e4glades av god st\u00e4mning och f\u00f6rv\u00e4ntningar om att det p\u00e5tagliga generationsskiftet ska ge partiet en nyt\u00e4ndning. V\u00e4rnamoborna Camilla Rinaldo Miller, Arnold Carlzon, Torbj\u00f6rn Eriksson och H\u00e5kan Johansson \u00e5kte i alla fall hem\u00e5t f\u00f6rhoppningsfulla och taggade efter en l\u00e5ng dag som b\u00f6rjade med avresa redan klockan 4.30\u2026<\/p>\n\n\t\t<style type=\"text\/css\">\n\t\t\t#gallery-1 {\n\t\t\t\tmargin: auto;\n\t\t\t}\n\t\t\t#gallery-1 .gallery-item {\n\t\t\t\tfloat: left;\n\t\t\t\tmargin-top: 10px;\n\t\t\t\ttext-align: center;\n\t\t\t\twidth: 33%;\n\t\t\t}\n\t\t\t#gallery-1 img {\n\t\t\t\tborder: 2px solid #cfcfcf;\n\t\t\t}\n\t\t\t#gallery-1 .gallery-caption {\n\t\t\t\tmargin-left: 0;\n\t\t\t}\n\t\t\t\/* see gallery_shortcode() in wp-includes\/media.php *\/\n\t\t<\/style>\n\t\t<div id='gallery-1' class='gallery galleryid-6423 gallery-columns-3 gallery-size-thumbnail'><dl class='gallery-item'>\n\t\t\t<dt class='gallery-icon landscape'>\n\t\t\t\t<a href='https:\/\/wp.kristdemokraterna.se\/varnamo\/2015\/04\/25\/vi-har-en-ny-partiledare-valkommen-ebba\/20150425-extrariksting-goranhagglund-chatrine-palsson-ahlgren\/'><img loading=\"lazy\" decoding=\"async\" width=\"150\" height=\"150\" src=\"https:\/\/wp.kristdemokraterna.se\/varnamo\/files\/2015\/04\/20150425_extrariksting_goranhagglund_chatrine_palsson_ahlgren-150x150.jpg\" class=\"attachment-thumbnail size-thumbnail\" alt=\"Avg\u00e5ende partiordf\u00f6rande G\u00f6ran H\u00e4gglund f\u00f6rklarar extra \u202ariksting 2015 f\u00f6r \u00f6ppnat och valberedningens ordf\u00f6rande Chatrine P\u00e5lsson Ahlgren g\u00f6r sig redo, (Foto: H\u00e5kan Johansson)\" aria-describedby=\"gallery-1-6432\" \/><\/a>\n\t\t\t<\/dt>\n\t\t\t\t<dd class='wp-caption-text gallery-caption' id='gallery-1-6432'>\n\t\t\t\tAvg\u00e5ende partiordf\u00f6rande G\u00f6ran H\u00e4gglund f\u00f6rklarar extra \u202ariksting 2015 f\u00f6r \u00f6ppnat och valberedningens ordf\u00f6rande Chatrine P\u00e5lsson Ahlgren g\u00f6r sig redo, (Foto: H\u00e5kan Johansson)\n\t\t\t\t<\/dd><\/dl><dl class='gallery-item'>\n\t\t\t<dt class='gallery-icon landscape'>\n\t\t\t\t<a href='https:\/\/wp.kristdemokraterna.se\/varnamo\/2015\/04\/25\/vi-har-en-ny-partiledare-valkommen-ebba\/20150425-extrariksting-arnoldcarlzon-busschauffor\/'><img loading=\"lazy\" decoding=\"async\" width=\"150\" height=\"150\" src=\"https:\/\/wp.kristdemokraterna.se\/varnamo\/files\/2015\/04\/20150425_extrariksting_arnoldcarlzon_busschauffor-150x150.jpg\" class=\"attachment-thumbnail size-thumbnail\" alt=\"Arnold Carlzon (bilden) och Kurt Enell tog oss till Stockholm och hem igen. (Foto: H\u00e5kan Johansson)\" aria-describedby=\"gallery-1-6426\" \/><\/a>\n\t\t\t<\/dt>\n\t\t\t\t<dd class='wp-caption-text gallery-caption' id='gallery-1-6426'>\n\t\t\t\tArnold Carlzon (bilden) och Kurt Enell tog oss till Stockholm och hem igen. (Foto: H\u00e5kan Johansson)\n\t\t\t\t<\/dd><\/dl><dl class='gallery-item'>\n\t\t\t<dt class='gallery-icon landscape'>\n\t\t\t\t<a href='https:\/\/wp.kristdemokraterna.se\/varnamo\/2015\/04\/25\/vi-har-en-ny-partiledare-valkommen-ebba\/20150425-extrariksting-torbjorneriksson-arnoldcarlzon-camillarinaldomiller-hakanjohansson\/'><img loading=\"lazy\" decoding=\"async\" width=\"150\" height=\"150\" src=\"https:\/\/wp.kristdemokraterna.se\/varnamo\/files\/2015\/04\/20150425_extrariksting_torbjorneriksson_arnoldcarlzon_camillarinaldomiller_hakanjohansson-150x150.jpg\" class=\"attachment-thumbnail size-thumbnail\" alt=\"Alla v\u00e4rnamobor p\u00e5 Kristdemokraternas extra Riksting i Stockholm fick plats\u202c i Folkets hus talarstol! (Foto: Anna-Karin Yngvesson)\" aria-describedby=\"gallery-1-6433\" \/><\/a>\n\t\t\t<\/dt>\n\t\t\t\t<dd class='wp-caption-text gallery-caption' id='gallery-1-6433'>\n\t\t\t\tAlla v\u00e4rnamobor p\u00e5 Kristdemokraternas extra Riksting i Stockholm fick plats\u202c i Folkets hus talarstol! (Foto: Anna-Karin Yngvesson)\n\t\t\t\t<\/dd><\/dl><br style=\"clear: both\" \/><dl class='gallery-item'>\n\t\t\t<dt class='gallery-icon landscape'>\n\t\t\t\t<a href='https:\/\/wp.kristdemokraterna.se\/varnamo\/2015\/04\/25\/vi-har-en-ny-partiledare-valkommen-ebba\/20150425-extrariksting-alfsvensson-ebbabuschthor-goranhagglund\/'><img loading=\"lazy\" decoding=\"async\" width=\"150\" height=\"150\" src=\"https:\/\/wp.kristdemokraterna.se\/varnamo\/files\/2015\/04\/20150425_extrariksting_alfsvensson_ebbabuschthor_goranhagglund-150x150.jpg\" class=\"attachment-thumbnail size-thumbnail\" alt=\"Tre partiordf\u00f6rande i samma bild - och vem vet, kanske en fj\u00e4rde p\u00e5 v\u00e4g. Alf Svensson (tidigare), Ebba Busch Thor (nuvarande) och G\u00f6ran H\u00e4gglund (tidigare). (Foto: H\u00e5kan Johansson)\" aria-describedby=\"gallery-1-6425\" \/><\/a>\n\t\t\t<\/dt>\n\t\t\t\t<dd class='wp-caption-text gallery-caption' id='gallery-1-6425'>\n\t\t\t\tTre partiordf\u00f6rande i samma bild &#8211; och vem vet, kanske en fj\u00e4rde p\u00e5 v\u00e4g. Alf Svensson (tidigare), Ebba Busch Thor (nuvarande) och G\u00f6ran H\u00e4gglund (tidigare). (Foto: H\u00e5kan Johansson)\n\t\t\t\t<\/dd><\/dl><dl class='gallery-item'>\n\t\t\t<dt class='gallery-icon landscape'>\n\t\t\t\t<a href='https:\/\/wp.kristdemokraterna.se\/varnamo\/2015\/04\/25\/vi-har-en-ny-partiledare-valkommen-ebba\/20150425-extrariksting-camillarinaldomiller-folketshus\/'><img loading=\"lazy\" decoding=\"async\" width=\"150\" height=\"150\" src=\"https:\/\/wp.kristdemokraterna.se\/varnamo\/files\/2015\/04\/20150425_extrariksting_camillarinaldomiller_folketshus-150x150.jpg\" class=\"attachment-thumbnail size-thumbnail\" alt=\"Delegationsledare Camilla Rinaldo Miller framf\u00f6r stora Folkets hus i Stockholm d\u00e4r hon snart ska f\u00f6ra j\u00f6nk\u00f6pingsdistriktets talan p\u00e5 Kristdemokraternas extra Riksting. (Foto: H\u00e5kan Johansson)\" aria-describedby=\"gallery-1-6428\" \/><\/a>\n\t\t\t<\/dt>\n\t\t\t\t<dd class='wp-caption-text gallery-caption' id='gallery-1-6428'>\n\t\t\t\tDelegationsledare Camilla Rinaldo Miller framf\u00f6r stora Folkets hus i Stockholm d\u00e4r hon snart ska f\u00f6ra j\u00f6nk\u00f6pingsdistriktets talan p\u00e5 Kristdemokraternas extra Riksting. (Foto: H\u00e5kan Johansson)\n\t\t\t\t<\/dd><\/dl><dl class='gallery-item'>\n\t\t\t<dt class='gallery-icon landscape'>\n\t\t\t\t<a href='https:\/\/wp.kristdemokraterna.se\/varnamo\/2015\/04\/25\/vi-har-en-ny-partiledare-valkommen-ebba\/20150425-extrariksting-ebbabuschthor-nyvald\/'><img loading=\"lazy\" decoding=\"async\" width=\"150\" height=\"150\" src=\"https:\/\/wp.kristdemokraterna.se\/varnamo\/files\/2015\/04\/20150425_extrariksting_ebbabuschthor_nyvald-150x150.jpg\" class=\"attachment-thumbnail size-thumbnail\" alt=\"Ebba Busch Thor,\u202c nyvald partiordf\u00f6rande f\u00f6r Kristdemokraterna, tar emot partikamraternas jubel och st\u00e5ende ovationer. (Foto: H\u00e5kan Johansson)\" aria-describedby=\"gallery-1-6429\" \/><\/a>\n\t\t\t<\/dt>\n\t\t\t\t<dd class='wp-caption-text gallery-caption' id='gallery-1-6429'>\n\t\t\t\tEbba Busch Thor,\u202c nyvald partiordf\u00f6rande f\u00f6r Kristdemokraterna, tar emot partikamraternas jubel och st\u00e5ende ovationer. (Foto: H\u00e5kan Johansson)\n\t\t\t\t<\/dd><\/dl><br style=\"clear: both\" \/><dl class='gallery-item'>\n\t\t\t<dt class='gallery-icon landscape'>\n\t\t\t\t<a href='https:\/\/wp.kristdemokraterna.se\/varnamo\/2015\/04\/25\/vi-har-en-ny-partiledare-valkommen-ebba\/20150425-extrariksting-bussresa\/'><img loading=\"lazy\" decoding=\"async\" width=\"150\" height=\"150\" src=\"https:\/\/wp.kristdemokraterna.se\/varnamo\/files\/2015\/04\/20150425_extrariksting_bussresa-150x150.jpg\" class=\"attachment-thumbnail size-thumbnail\" alt=\"Sm\u00e5l\u00e4nningar och \u00f6stg\u00f6tar i fredlig samvaro p\u00e5 v\u00e4g till \u202aextra Riksting\u202c f\u00f6r att v\u00e4lja \u202aEbba Busch Thor\u202c till ny partiledare. (Foto: H\u00e5kan Johansson)\" aria-describedby=\"gallery-1-6427\" \/><\/a>\n\t\t\t<\/dt>\n\t\t\t\t<dd class='wp-caption-text gallery-caption' id='gallery-1-6427'>\n\t\t\t\tSm\u00e5l\u00e4nningar och \u00f6stg\u00f6tar i fredlig samvaro p\u00e5 v\u00e4g till \u202aextra Riksting\u202c f\u00f6r att v\u00e4lja \u202aEbba Busch Thor\u202c till ny partiledare. (Foto: H\u00e5kan Johansson)\n\t\t\t\t<\/dd><\/dl><dl class='gallery-item'>\n\t\t\t<dt class='gallery-icon portrait'>\n\t\t\t\t<a href='https:\/\/wp.kristdemokraterna.se\/varnamo\/2015\/04\/25\/vi-har-en-ny-partiledare-valkommen-ebba\/20150425-extrariksting-camillarinaldomiller-pladerar\/'><img loading=\"lazy\" decoding=\"async\" width=\"150\" height=\"150\" src=\"https:\/\/wp.kristdemokraterna.se\/varnamo\/files\/2015\/04\/20150425_extrariksting_camillarinaldomiller_pladerar-150x150.jpg\" class=\"attachment-thumbnail size-thumbnail\" alt=\"Camilla Rinaldo Miller f\u00f6rde det m\u00e4ktiga j\u00f6nk\u00f6pingsdistriktets talan p\u00e5 det extra Rikstinget i Folkets hus i Stockholm. Som vanligt var hon grym i talarstolen! (Foto: Stefan Gustafsson)\" aria-describedby=\"gallery-1-6446\" \/><\/a>\n\t\t\t<\/dt>\n\t\t\t\t<dd class='wp-caption-text gallery-caption' id='gallery-1-6446'>\n\t\t\t\tCamilla Rinaldo Miller f\u00f6rde det m\u00e4ktiga j\u00f6nk\u00f6pingsdistriktets talan p\u00e5 det extra Rikstinget i Folkets hus i Stockholm. Som vanligt var hon grym i talarstolen! (Foto: Stefan Gustafsson)\n\t\t\t\t<\/dd><\/dl><dl class='gallery-item'>\n\t\t\t<dt class='gallery-icon landscape'>\n\t\t\t\t<a href='https:\/\/wp.kristdemokraterna.se\/varnamo\/2015\/04\/25\/vi-har-en-ny-partiledare-valkommen-ebba\/20150425-extrariksting-ebbabuschthor-partiledartal-ffg\/'><img loading=\"lazy\" decoding=\"async\" width=\"150\" height=\"150\" src=\"https:\/\/wp.kristdemokraterna.se\/varnamo\/files\/2015\/04\/20150425_extrariksting_ebbabuschthor_partiledartal_-ffg-150x150.jpg\" class=\"attachment-thumbnail size-thumbnail\" alt=\"Ebba Busch Thor p\u00e5 v\u00e4g upp till estraden f\u00f6r att h\u00e5lla sitt f\u00f6rsta partiledartal som kan sammanfattas med orden &quot;Vi ska ta strid f\u00f6r en politik som g\u00f6r staten mindre och samh\u00e4llet st\u00f6rre&quot;. (Foto: Kristdemokraterna)\" aria-describedby=\"gallery-1-6430\" \/><\/a>\n\t\t\t<\/dt>\n\t\t\t\t<dd class='wp-caption-text gallery-caption' id='gallery-1-6430'>\n\t\t\t\tEbba Busch Thor p\u00e5 v\u00e4g upp till estraden f\u00f6r att h\u00e5lla sitt f\u00f6rsta partiledartal som kan sammanfattas med orden &#8221;Vi ska ta strid f\u00f6r en politik som g\u00f6r staten mindre och samh\u00e4llet st\u00f6rre&#8221;. (Foto: Kristdemokraterna)\n\t\t\t\t<\/dd><\/dl><br style=\"clear: both\" \/><dl class='gallery-item'>\n\t\t\t<dt class='gallery-icon landscape'>\n\t\t\t\t<a href='https:\/\/wp.kristdemokraterna.se\/varnamo\/2015\/04\/25\/vi-har-en-ny-partiledare-valkommen-ebba\/20150425-extrariksting-ebbabuschthor-partiledartal-tack\/'><img loading=\"lazy\" decoding=\"async\" width=\"150\" height=\"150\" src=\"https:\/\/wp.kristdemokraterna.se\/varnamo\/files\/2015\/04\/20150425_extrariksting_ebbabuschthor_partiledartal_-tack-150x150.jpg\" class=\"attachment-thumbnail size-thumbnail\" alt=\"Ebba Busch Thor inledde sitt f\u00f6rsta tal som partiledare med att tacka f\u00f6r f\u00f6rtroendet, &quot;fr\u00e5n djupet av mitt hj\u00e4rta \u2013 tack!&quot; (Foto: Kristdemokraterna)\" aria-describedby=\"gallery-1-6431\" \/><\/a>\n\t\t\t<\/dt>\n\t\t\t\t<dd class='wp-caption-text gallery-caption' id='gallery-1-6431'>\n\t\t\t\tEbba Busch Thor inledde sitt f\u00f6rsta tal som partiledare med att tacka f\u00f6r f\u00f6rtroendet, &#8221;fr\u00e5n djupet av mitt hj\u00e4rta \u2013 tack!&#8221; (Foto: Kristdemokraterna)\n\t\t\t\t<\/dd><\/dl>\n\t\t\t<br style='clear: both' \/>\n\t\t<\/div>\n\n","protected":false},"excerpt":{"rendered":"<p>Ovationerna var l\u00e5nga och varma n\u00e4r rikstingsordf\u00f6rande Conny Br\u00e4nnberg slog klubban i bordet och kungjorde att Rikstinget enh\u00e4lligt har valt en ny partiordf\u00f6rande \u2013 Ebba Busch Thor fr\u00e5n Uppsala! Rikstinget f\u00f6ljde allts\u00e5 V\u00e4rnamoavdelningens nominering. I och med valet \u00e4r Ebba Kristdemokraternas\u00a0f\u00f6rsta kvinnliga partiledare och f\u00f6rsta partiledare som \u00e4r yngre \u00e4n 35 \u00e5r.<\/p>\n","protected":false},"author":412,"featured_media":6430,"comment_status":"closed","ping_status":"closed","sticky":false,"template":"","format":"standard","meta":{"_acf_changed":false,"footnotes":""},"categories":[11],"tags":[243,83,22,21,724,717,715,659,483,435,639,117,23,720,74,703,706,721,723,638,719,261,647,555,722,701,127,716,718,87],"class_list":["post-6423","post","type-post","status-publish","format-standard","hentry","category-nyheter","tag-alf-svensson","tag-andreas-carlson","tag-arnold-carlzon","tag-camilla-rinaldo-miller","tag-chatrine-palsson-ahlgren","tag-chock","tag-conny-brannberg","tag-det-goda-samhallet","tag-ebba-busch-thor","tag-emma-henriksson","tag-ersattare","tag-goran-hagglund","tag-hakan-johansson","tag-handling","tag-irene-oskarsson","tag-jakob-forssmed","tag-jonkopingsdistriktet","tag-kristna-varden","tag-kurt-enell","tag-ledamot","tag-likgiltighet","tag-omsorg","tag-ordforande","tag-partiledare","tag-partiledning","tag-partiordforande","tag-riksting","tag-tacksamhet","tag-tal","tag-torbjorn-eriksson"],"acf":[],"yoast_head":"<!-- This site is optimized with the Yoast SEO plugin v27.4 - https:\/\/yoast.com\/product\/yoast-seo-wordpress\/ -->\n<title>Vi har en ny partiledare - v\u00e4lkommen Ebba! - KRISTDEMOKRATERNA V\u00c4RNAMO<\/title>\n<meta name=\"robots\" content=\"index, follow, max-snippet:-1, max-image-preview:large, max-video-preview:-1\" \/>\n<link rel=\"canonical\" href=\"https:\/\/wp.kristdemokraterna.se\/varnamo\/2015\/04\/25\/vi-har-en-ny-partiledare-valkommen-ebba\/\" \/>\n<meta property=\"og:locale\" content=\"sv_SE\" \/>\n<meta property=\"og:type\" content=\"article\" \/>\n<meta property=\"og:title\" content=\"Vi har en ny partiledare - v\u00e4lkommen Ebba! - KRISTDEMOKRATERNA V\u00c4RNAMO\" \/>\n<meta property=\"og:description\" content=\"Ovationerna var l\u00e5nga och varma n\u00e4r rikstingsordf\u00f6rande Conny Br\u00e4nnberg slog klubban i bordet och kungjorde att Rikstinget enh\u00e4lligt har valt en ny partiordf\u00f6rande \u2013 Ebba Busch Thor fr\u00e5n Uppsala! Rikstinget f\u00f6ljde allts\u00e5 V\u00e4rnamoavdelningens nominering. I och med valet \u00e4r Ebba Kristdemokraternas\u00a0f\u00f6rsta kvinnliga partiledare och f\u00f6rsta partiledare som \u00e4r yngre \u00e4n 35 \u00e5r.\" \/>\n<meta property=\"og:url\" content=\"https:\/\/wp.kristdemokraterna.se\/varnamo\/2015\/04\/25\/vi-har-en-ny-partiledare-valkommen-ebba\/\" \/>\n<meta property=\"og:site_name\" content=\"KRISTDEMOKRATERNA V\u00c4RNAMO\" \/>\n<meta property=\"article:publisher\" content=\"https:\/\/www.facebook.com\/KDVarnamo\/\" \/>\n<meta property=\"article:published_time\" content=\"2015-04-25T21:12:21+00:00\" \/>\n<meta property=\"article:modified_time\" content=\"2015-04-26T17:05:04+00:00\" \/>\n<meta property=\"og:image\" content=\"https:\/\/wp.kristdemokraterna.se\/varnamo\/files\/2015\/04\/20150425_extrariksting_ebbabuschthor_partiledartal_-ffg.jpg\" \/>\n\t<meta property=\"og:image:width\" content=\"2048\" \/>\n\t<meta property=\"og:image:height\" content=\"1365\" \/>\n\t<meta property=\"og:image:type\" content=\"image\/jpeg\" \/>\n<meta name=\"author\" content=\"Kristdemokraterna V\u00e4rnamo\" \/>\n<meta name=\"twitter:card\" content=\"summary_large_image\" \/>\n<meta name=\"twitter:creator\" content=\"@KDVarnamo\" \/>\n<meta name=\"twitter:site\" content=\"@KDVarnamo\" \/>\n<meta name=\"twitter:label1\" content=\"Skriven av\" \/>\n\t<meta name=\"twitter:data1\" content=\"Kristdemokraterna V\u00e4rnamo\" \/>\n\t<meta name=\"twitter:label2\" content=\"Ber\u00e4knad l\u00e4stid\" \/>\n\t<meta name=\"twitter:data2\" content=\"1 minut\" \/>\n<script type=\"application\/ld+json\" class=\"yoast-schema-graph\">{\"@context\":\"https:\\\/\\\/schema.org\",\"@graph\":[{\"@type\":\"Article\",\"@id\":\"https:\\\/\\\/wp.kristdemokraterna.se\\\/varnamo\\\/2015\\\/04\\\/25\\\/vi-har-en-ny-partiledare-valkommen-ebba\\\/#article\",\"isPartOf\":{\"@id\":\"https:\\\/\\\/wp.kristdemokraterna.se\\\/varnamo\\\/2015\\\/04\\\/25\\\/vi-har-en-ny-partiledare-valkommen-ebba\\\/\"},\"author\":{\"name\":\"Kristdemokraterna V\u00e4rnamo\",\"@id\":\"https:\\\/\\\/wp.kristdemokraterna.se\\\/varnamo\\\/#\\\/schema\\\/person\\\/4e339ab04d613699e4dfe80a994e01d4\"},\"headline\":\"Vi har en ny partiledare &#8211; v\u00e4lkommen Ebba!\",\"datePublished\":\"2015-04-25T21:12:21+00:00\",\"dateModified\":\"2015-04-26T17:05:04+00:00\",\"mainEntityOfPage\":{\"@id\":\"https:\\\/\\\/wp.kristdemokraterna.se\\\/varnamo\\\/2015\\\/04\\\/25\\\/vi-har-en-ny-partiledare-valkommen-ebba\\\/\"},\"wordCount\":289,\"publisher\":{\"@id\":\"https:\\\/\\\/wp.kristdemokraterna.se\\\/varnamo\\\/#organization\"},\"image\":{\"@id\":\"https:\\\/\\\/wp.kristdemokraterna.se\\\/varnamo\\\/2015\\\/04\\\/25\\\/vi-har-en-ny-partiledare-valkommen-ebba\\\/#primaryimage\"},\"thumbnailUrl\":\"https:\\\/\\\/wp.kristdemokraterna.se\\\/varnamo\\\/files\\\/2015\\\/04\\\/20150425_extrariksting_ebbabuschthor_partiledartal_-ffg.jpg\",\"keywords\":[\"Alf Svensson\",\"Andreas Carlson\",\"Arnold Carlzon\",\"Camilla Rinaldo Miller\",\"Chatrine P\u00e5lsson Ahlgren\",\"chock\",\"Conny Br\u00e4nnberg\",\"det goda samh\u00e4llet\",\"Ebba Busch Thor\",\"Emma Henriksson\",\"ers\u00e4ttare\",\"G\u00f6ran H\u00e4gglund\",\"H\u00e5kan Johansson\",\"handling\",\"Irene Oskarsson\",\"Jakob Forssmed\",\"j\u00f6nk\u00f6pingsdistriktet\",\"kristna v\u00e4rden\",\"Kurt Enell\",\"ledamot\",\"likgiltighet\",\"omsorg\",\"ordf\u00f6rande\",\"partiledare\",\"partiledning\",\"partiordf\u00f6rande\",\"riksting\",\"tacksamhet\",\"tal\",\"Torbj\u00f6rn Eriksson\"],\"articleSection\":[\"Nyheter\"],\"inLanguage\":\"sv-SE\"},{\"@type\":\"WebPage\",\"@id\":\"https:\\\/\\\/wp.kristdemokraterna.se\\\/varnamo\\\/2015\\\/04\\\/25\\\/vi-har-en-ny-partiledare-valkommen-ebba\\\/\",\"url\":\"https:\\\/\\\/wp.kristdemokraterna.se\\\/varnamo\\\/2015\\\/04\\\/25\\\/vi-har-en-ny-partiledare-valkommen-ebba\\\/\",\"name\":\"Vi har en ny partiledare - v\u00e4lkommen Ebba! - KRISTDEMOKRATERNA V\u00c4RNAMO\",\"isPartOf\":{\"@id\":\"https:\\\/\\\/wp.kristdemokraterna.se\\\/varnamo\\\/#website\"},\"primaryImageOfPage\":{\"@id\":\"https:\\\/\\\/wp.kristdemokraterna.se\\\/varnamo\\\/2015\\\/04\\\/25\\\/vi-har-en-ny-partiledare-valkommen-ebba\\\/#primaryimage\"},\"image\":{\"@id\":\"https:\\\/\\\/wp.kristdemokraterna.se\\\/varnamo\\\/2015\\\/04\\\/25\\\/vi-har-en-ny-partiledare-valkommen-ebba\\\/#primaryimage\"},\"thumbnailUrl\":\"https:\\\/\\\/wp.kristdemokraterna.se\\\/varnamo\\\/files\\\/2015\\\/04\\\/20150425_extrariksting_ebbabuschthor_partiledartal_-ffg.jpg\",\"datePublished\":\"2015-04-25T21:12:21+00:00\",\"dateModified\":\"2015-04-26T17:05:04+00:00\",\"breadcrumb\":{\"@id\":\"https:\\\/\\\/wp.kristdemokraterna.se\\\/varnamo\\\/2015\\\/04\\\/25\\\/vi-har-en-ny-partiledare-valkommen-ebba\\\/#breadcrumb\"},\"inLanguage\":\"sv-SE\",\"potentialAction\":[{\"@type\":\"ReadAction\",\"target\":[\"https:\\\/\\\/wp.kristdemokraterna.se\\\/varnamo\\\/2015\\\/04\\\/25\\\/vi-har-en-ny-partiledare-valkommen-ebba\\\/\"]}]},{\"@type\":\"ImageObject\",\"inLanguage\":\"sv-SE\",\"@id\":\"https:\\\/\\\/wp.kristdemokraterna.se\\\/varnamo\\\/2015\\\/04\\\/25\\\/vi-har-en-ny-partiledare-valkommen-ebba\\\/#primaryimage\",\"url\":\"https:\\\/\\\/wp.kristdemokraterna.se\\\/varnamo\\\/files\\\/2015\\\/04\\\/20150425_extrariksting_ebbabuschthor_partiledartal_-ffg.jpg\",\"contentUrl\":\"https:\\\/\\\/wp.kristdemokraterna.se\\\/varnamo\\\/files\\\/2015\\\/04\\\/20150425_extrariksting_ebbabuschthor_partiledartal_-ffg.jpg\",\"width\":2048,\"height\":1365,\"caption\":\"Ebba Busch Thor p\u00e5 v\u00e4g upp till estraden f\u00f6r att h\u00e5lla sitt f\u00f6rsta partiledartal som kan sammanfattas med orden \\\"Vi ska ta strid f\u00f6r en politik som g\u00f6r staten mindre och samh\u00e4llet st\u00f6rre\\\". (Foto: Kristdemokraterna)\"},{\"@type\":\"BreadcrumbList\",\"@id\":\"https:\\\/\\\/wp.kristdemokraterna.se\\\/varnamo\\\/2015\\\/04\\\/25\\\/vi-har-en-ny-partiledare-valkommen-ebba\\\/#breadcrumb\",\"itemListElement\":[{\"@type\":\"ListItem\",\"position\":1,\"name\":\"Hem\",\"item\":\"https:\\\/\\\/wp.kristdemokraterna.se\\\/varnamo\\\/\"},{\"@type\":\"ListItem\",\"position\":2,\"name\":\"Vi har en ny partiledare &#8211; v\u00e4lkommen Ebba!\"}]},{\"@type\":\"WebSite\",\"@id\":\"https:\\\/\\\/wp.kristdemokraterna.se\\\/varnamo\\\/#website\",\"url\":\"https:\\\/\\\/wp.kristdemokraterna.se\\\/varnamo\\\/\",\"name\":\"KRISTDEMOKRATERNA V\u00c4RNAMO\",\"description\":\"Med hj\u00e4rta f\u00f6r V\u00e4rnamo\",\"publisher\":{\"@id\":\"https:\\\/\\\/wp.kristdemokraterna.se\\\/varnamo\\\/#organization\"},\"inLanguage\":\"sv-SE\"},{\"@type\":\"Organization\",\"@id\":\"https:\\\/\\\/wp.kristdemokraterna.se\\\/varnamo\\\/#organization\",\"name\":\"Kristdemokraterna V\u00e4rnamo\",\"url\":\"https:\\\/\\\/wp.kristdemokraterna.se\\\/varnamo\\\/\",\"logo\":{\"@type\":\"ImageObject\",\"inLanguage\":\"sv-SE\",\"@id\":\"https:\\\/\\\/wp.kristdemokraterna.se\\\/varnamo\\\/#\\\/schema\\\/logo\\\/image\\\/\",\"url\":\"https:\\\/\\\/wp.kristdemokraterna.se\\\/varnamo\\\/files\\\/2022\\\/08\\\/va\u2560ernamo-sida-bla-300dpi.png\",\"contentUrl\":\"https:\\\/\\\/wp.kristdemokraterna.se\\\/varnamo\\\/files\\\/2022\\\/08\\\/va\u2560ernamo-sida-bla-300dpi.png\",\"width\":1485,\"height\":681,\"caption\":\"Kristdemokraterna V\u00e4rnamo\"},\"image\":{\"@id\":\"https:\\\/\\\/wp.kristdemokraterna.se\\\/varnamo\\\/#\\\/schema\\\/logo\\\/image\\\/\"},\"sameAs\":[\"https:\\\/\\\/www.facebook.com\\\/KDVarnamo\\\/\",\"https:\\\/\\\/x.com\\\/KDVarnamo\",\"https:\\\/\\\/www.instagram.com\\\/\",\"https:\\\/\\\/www.youtube.com\\\/user\\\/studiokd\\\/videos\"]},{\"@type\":\"Person\",\"@id\":\"https:\\\/\\\/wp.kristdemokraterna.se\\\/varnamo\\\/#\\\/schema\\\/person\\\/4e339ab04d613699e4dfe80a994e01d4\",\"name\":\"Kristdemokraterna V\u00e4rnamo\",\"image\":{\"@type\":\"ImageObject\",\"inLanguage\":\"sv-SE\",\"@id\":\"https:\\\/\\\/secure.gravatar.com\\\/avatar\\\/c122e48c7723992af51eb155eeaa93db3c1fa324e3fc6ec45dd712c812809b5b?s=96&r=g\",\"url\":\"https:\\\/\\\/secure.gravatar.com\\\/avatar\\\/c122e48c7723992af51eb155eeaa93db3c1fa324e3fc6ec45dd712c812809b5b?s=96&r=g\",\"contentUrl\":\"https:\\\/\\\/secure.gravatar.com\\\/avatar\\\/c122e48c7723992af51eb155eeaa93db3c1fa324e3fc6ec45dd712c812809b5b?s=96&r=g\",\"caption\":\"Kristdemokraterna V\u00e4rnamo\"},\"description\":\"Familjens r\u00f6st\",\"sameAs\":[\"http:\\\/\\\/www.varnamo.kristdemokraterna.se\"],\"url\":\"https:\\\/\\\/wp.kristdemokraterna.se\\\/varnamo\\\/author\\\/varnamo\\\/\"}]}<\/script>\n<!-- \/ Yoast SEO plugin. -->","yoast_head_json":{"title":"Vi har en ny partiledare - v\u00e4lkommen Ebba! - KRISTDEMOKRATERNA V\u00c4RNAMO","robots":{"index":"index","follow":"follow","max-snippet":"max-snippet:-1","max-image-preview":"max-image-preview:large","max-video-preview":"max-video-preview:-1"},"canonical":"https:\/\/wp.kristdemokraterna.se\/varnamo\/2015\/04\/25\/vi-har-en-ny-partiledare-valkommen-ebba\/","og_locale":"sv_SE","og_type":"article","og_title":"Vi har en ny partiledare - v\u00e4lkommen Ebba! - KRISTDEMOKRATERNA V\u00c4RNAMO","og_description":"Ovationerna var l\u00e5nga och varma n\u00e4r rikstingsordf\u00f6rande Conny Br\u00e4nnberg slog klubban i bordet och kungjorde att Rikstinget enh\u00e4lligt har valt en ny partiordf\u00f6rande \u2013 Ebba Busch Thor fr\u00e5n Uppsala! Rikstinget f\u00f6ljde allts\u00e5 V\u00e4rnamoavdelningens nominering. I och med valet \u00e4r Ebba Kristdemokraternas\u00a0f\u00f6rsta kvinnliga partiledare och f\u00f6rsta partiledare som \u00e4r yngre \u00e4n 35 \u00e5r.","og_url":"https:\/\/wp.kristdemokraterna.se\/varnamo\/2015\/04\/25\/vi-har-en-ny-partiledare-valkommen-ebba\/","og_site_name":"KRISTDEMOKRATERNA V\u00c4RNAMO","article_publisher":"https:\/\/www.facebook.com\/KDVarnamo\/","article_published_time":"2015-04-25T21:12:21+00:00","article_modified_time":"2015-04-26T17:05:04+00:00","og_image":[{"width":2048,"height":1365,"url":"https:\/\/wp.kristdemokraterna.se\/varnamo\/files\/2015\/04\/20150425_extrariksting_ebbabuschthor_partiledartal_-ffg.jpg","type":"image\/jpeg"}],"author":"Kristdemokraterna V\u00e4rnamo","twitter_card":"summary_large_image","twitter_creator":"@KDVarnamo","twitter_site":"@KDVarnamo","twitter_misc":{"Skriven av":"Kristdemokraterna V\u00e4rnamo","Ber\u00e4knad l\u00e4stid":"1 minut"},"schema":{"@context":"https:\/\/schema.org","@graph":[{"@type":"Article","@id":"https:\/\/wp.kristdemokraterna.se\/varnamo\/2015\/04\/25\/vi-har-en-ny-partiledare-valkommen-ebba\/#article","isPartOf":{"@id":"https:\/\/wp.kristdemokraterna.se\/varnamo\/2015\/04\/25\/vi-har-en-ny-partiledare-valkommen-ebba\/"},"author":{"name":"Kristdemokraterna V\u00e4rnamo","@id":"https:\/\/wp.kristdemokraterna.se\/varnamo\/#\/schema\/person\/4e339ab04d613699e4dfe80a994e01d4"},"headline":"Vi har en ny partiledare &#8211; v\u00e4lkommen Ebba!","datePublished":"2015-04-25T21:12:21+00:00","dateModified":"2015-04-26T17:05:04+00:00","mainEntityOfPage":{"@id":"https:\/\/wp.kristdemokraterna.se\/varnamo\/2015\/04\/25\/vi-har-en-ny-partiledare-valkommen-ebba\/"},"wordCount":289,"publisher":{"@id":"https:\/\/wp.kristdemokraterna.se\/varnamo\/#organization"},"image":{"@id":"https:\/\/wp.kristdemokraterna.se\/varnamo\/2015\/04\/25\/vi-har-en-ny-partiledare-valkommen-ebba\/#primaryimage"},"thumbnailUrl":"https:\/\/wp.kristdemokraterna.se\/varnamo\/files\/2015\/04\/20150425_extrariksting_ebbabuschthor_partiledartal_-ffg.jpg","keywords":["Alf Svensson","Andreas Carlson","Arnold Carlzon","Camilla Rinaldo Miller","Chatrine P\u00e5lsson Ahlgren","chock","Conny Br\u00e4nnberg","det goda samh\u00e4llet","Ebba Busch Thor","Emma Henriksson","ers\u00e4ttare","G\u00f6ran H\u00e4gglund","H\u00e5kan Johansson","handling","Irene Oskarsson","Jakob Forssmed","j\u00f6nk\u00f6pingsdistriktet","kristna v\u00e4rden","Kurt Enell","ledamot","likgiltighet","omsorg","ordf\u00f6rande","partiledare","partiledning","partiordf\u00f6rande","riksting","tacksamhet","tal","Torbj\u00f6rn Eriksson"],"articleSection":["Nyheter"],"inLanguage":"sv-SE"},{"@type":"WebPage","@id":"https:\/\/wp.kristdemokraterna.se\/varnamo\/2015\/04\/25\/vi-har-en-ny-partiledare-valkommen-ebba\/","url":"https:\/\/wp.kristdemokraterna.se\/varnamo\/2015\/04\/25\/vi-har-en-ny-partiledare-valkommen-ebba\/","name":"Vi har en ny partiledare - v\u00e4lkommen Ebba! - KRISTDEMOKRATERNA V\u00c4RNAMO","isPartOf":{"@id":"https:\/\/wp.kristdemokraterna.se\/varnamo\/#website"},"primaryImageOfPage":{"@id":"https:\/\/wp.kristdemokraterna.se\/varnamo\/2015\/04\/25\/vi-har-en-ny-partiledare-valkommen-ebba\/#primaryimage"},"image":{"@id":"https:\/\/wp.kristdemokraterna.se\/varnamo\/2015\/04\/25\/vi-har-en-ny-partiledare-valkommen-ebba\/#primaryimage"},"thumbnailUrl":"https:\/\/wp.kristdemokraterna.se\/varnamo\/files\/2015\/04\/20150425_extrariksting_ebbabuschthor_partiledartal_-ffg.jpg","datePublished":"2015-04-25T21:12:21+00:00","dateModified":"2015-04-26T17:05:04+00:00","breadcrumb":{"@id":"https:\/\/wp.kristdemokraterna.se\/varnamo\/2015\/04\/25\/vi-har-en-ny-partiledare-valkommen-ebba\/#breadcrumb"},"inLanguage":"sv-SE","potentialAction":[{"@type":"ReadAction","target":["https:\/\/wp.kristdemokraterna.se\/varnamo\/2015\/04\/25\/vi-har-en-ny-partiledare-valkommen-ebba\/"]}]},{"@type":"ImageObject","inLanguage":"sv-SE","@id":"https:\/\/wp.kristdemokraterna.se\/varnamo\/2015\/04\/25\/vi-har-en-ny-partiledare-valkommen-ebba\/#primaryimage","url":"https:\/\/wp.kristdemokraterna.se\/varnamo\/files\/2015\/04\/20150425_extrariksting_ebbabuschthor_partiledartal_-ffg.jpg","contentUrl":"https:\/\/wp.kristdemokraterna.se\/varnamo\/files\/2015\/04\/20150425_extrariksting_ebbabuschthor_partiledartal_-ffg.jpg","width":2048,"height":1365,"caption":"Ebba Busch Thor p\u00e5 v\u00e4g upp till estraden f\u00f6r att h\u00e5lla sitt f\u00f6rsta partiledartal som kan sammanfattas med orden \"Vi ska ta strid f\u00f6r en politik som g\u00f6r staten mindre och samh\u00e4llet st\u00f6rre\". (Foto: Kristdemokraterna)"},{"@type":"BreadcrumbList","@id":"https:\/\/wp.kristdemokraterna.se\/varnamo\/2015\/04\/25\/vi-har-en-ny-partiledare-valkommen-ebba\/#breadcrumb","itemListElement":[{"@type":"ListItem","position":1,"name":"Hem","item":"https:\/\/wp.kristdemokraterna.se\/varnamo\/"},{"@type":"ListItem","position":2,"name":"Vi har en ny partiledare &#8211; v\u00e4lkommen Ebba!"}]},{"@type":"WebSite","@id":"https:\/\/wp.kristdemokraterna.se\/varnamo\/#website","url":"https:\/\/wp.kristdemokraterna.se\/varnamo\/","name":"KRISTDEMOKRATERNA V\u00c4RNAMO","description":"Med hj\u00e4rta f\u00f6r V\u00e4rnamo","publisher":{"@id":"https:\/\/wp.kristdemokraterna.se\/varnamo\/#organization"},"inLanguage":"sv-SE"},{"@type":"Organization","@id":"https:\/\/wp.kristdemokraterna.se\/varnamo\/#organization","name":"Kristdemokraterna V\u00e4rnamo","url":"https:\/\/wp.kristdemokraterna.se\/varnamo\/","logo":{"@type":"ImageObject","inLanguage":"sv-SE","@id":"https:\/\/wp.kristdemokraterna.se\/varnamo\/#\/schema\/logo\/image\/","url":"https:\/\/wp.kristdemokraterna.se\/varnamo\/files\/2022\/08\/va\u2560ernamo-sida-bla-300dpi.png","contentUrl":"https:\/\/wp.kristdemokraterna.se\/varnamo\/files\/2022\/08\/va\u2560ernamo-sida-bla-300dpi.png","width":1485,"height":681,"caption":"Kristdemokraterna V\u00e4rnamo"},"image":{"@id":"https:\/\/wp.kristdemokraterna.se\/varnamo\/#\/schema\/logo\/image\/"},"sameAs":["https:\/\/www.facebook.com\/KDVarnamo\/","https:\/\/x.com\/KDVarnamo","https:\/\/www.instagram.com\/","https:\/\/www.youtube.com\/user\/studiokd\/videos"]},{"@type":"Person","@id":"https:\/\/wp.kristdemokraterna.se\/varnamo\/#\/schema\/person\/4e339ab04d613699e4dfe80a994e01d4","name":"Kristdemokraterna V\u00e4rnamo","image":{"@type":"ImageObject","inLanguage":"sv-SE","@id":"https:\/\/secure.gravatar.com\/avatar\/c122e48c7723992af51eb155eeaa93db3c1fa324e3fc6ec45dd712c812809b5b?s=96&r=g","url":"https:\/\/secure.gravatar.com\/avatar\/c122e48c7723992af51eb155eeaa93db3c1fa324e3fc6ec45dd712c812809b5b?s=96&r=g","contentUrl":"https:\/\/secure.gravatar.com\/avatar\/c122e48c7723992af51eb155eeaa93db3c1fa324e3fc6ec45dd712c812809b5b?s=96&r=g","caption":"Kristdemokraterna V\u00e4rnamo"},"description":"Familjens r\u00f6st","sameAs":["http:\/\/www.varnamo.kristdemokraterna.se"],"url":"https:\/\/wp.kristdemokraterna.se\/varnamo\/author\/varnamo\/"}]}},"_links":{"self":[{"href":"https:\/\/wp.kristdemokraterna.se\/varnamo\/wp-json\/wp\/v2\/posts\/6423","targetHints":{"allow":["GET"]}}],"collection":[{"href":"https:\/\/wp.kristdemokraterna.se\/varnamo\/wp-json\/wp\/v2\/posts"}],"about":[{"href":"https:\/\/wp.kristdemokraterna.se\/varnamo\/wp-json\/wp\/v2\/types\/post"}],"author":[{"embeddable":true,"href":"https:\/\/wp.kristdemokraterna.se\/varnamo\/wp-json\/wp\/v2\/users\/412"}],"replies":[{"embeddable":true,"href":"https:\/\/wp.kristdemokraterna.se\/varnamo\/wp-json\/wp\/v2\/comments?post=6423"}],"version-history":[{"count":12,"href":"https:\/\/wp.kristdemokraterna.se\/varnamo\/wp-json\/wp\/v2\/posts\/6423\/revisions"}],"predecessor-version":[{"id":6440,"href":"https:\/\/wp.kristdemokraterna.se\/varnamo\/wp-json\/wp\/v2\/posts\/6423\/revisions\/6440"}],"wp:featuredmedia":[{"embeddable":true,"href":"https:\/\/wp.kristdemokraterna.se\/varnamo\/wp-json\/wp\/v2\/media\/6430"}],"wp:attachment":[{"href":"https:\/\/wp.kristdemokraterna.se\/varnamo\/wp-json\/wp\/v2\/media?parent=6423"}],"wp:term":[{"taxonomy":"category","embeddable":true,"href":"https:\/\/wp.kristdemokraterna.se\/varnamo\/wp-json\/wp\/v2\/categories?post=6423"},{"taxonomy":"post_tag","embeddable":true,"href":"https:\/\/wp.kristdemokraterna.se\/varnamo\/wp-json\/wp\/v2\/tags?post=6423"}],"curies":[{"name":"wp","href":"https:\/\/api.w.org\/{rel}","templated":true}]}}