{"id":6467,"date":"2015-06-13T21:58:04","date_gmt":"2015-06-13T19:58:04","guid":{"rendered":"http:\/\/wp.kristdemokraterna.se\/varnamo\/?p=6467"},"modified":"2015-06-13T21:58:04","modified_gmt":"2015-06-13T19:58:04","slug":"attefall-invigde-utstallning-om-attefallshus","status":"publish","type":"post","link":"https:\/\/wp.kristdemokraterna.se\/varnamo\/2015\/06\/13\/attefall-invigde-utstallning-om-attefallshus\/","title":{"rendered":"Attefall invigde utst\u00e4llning om Attefallshus"},"content":{"rendered":"<p>\u2013 L\u00e5t oss nu inspireras av alla arkitekters id\u00e9er. Och inse att m\u00f6jligheterna \u00e4r o\u00e4ndliga, sade Sveriges f\u00f6rre bostadsminister Stefan Attefall (KD) p\u00e5\u00a0Vandalorum i V\u00e4rnamo i dag n\u00e4r han invigde\u00a0en utst\u00e4llning om byggnadstypen som b\u00e4r hans namn.<\/p>\n<p><!--more--><\/p>\n<p>Utst\u00e4llningens namn \u00e4r\u00a0<em><a href=\"http:\/\/vandalorum.se\/sv\/25-kvadrat-25-arkitekter-tolkar-attefall-136-188#overlay-context=user\" target=\"_blank\">25 KVADRAT: 25 arkitekter tolkar Attefall<\/a><\/em>. Den \u00e4r fylld av \u00f6gonfr\u00f6jd och kan\u00a0s\u00e4kert ge inspiration till alla som \u00e4r intresserade av byggande. H\u00e4r finns allt fr\u00e5n skidbackar till svinstior, fr\u00e5n staket till skepp. \u00c5k g\u00e4rna dit och titta!<\/p>\n<p>Det \u00e4r inte alla som f\u00e5r en helt ny byggnadstyp uppkallad efter sig, men Stefan Attefall satte storheten i det i sitt r\u00e4tta perspektiv\u00a0i\u00a0<a href=\"https:\/\/www.facebook.com\/permalink.php?story_fbid=1094886253873204&amp;id=269474776414360\" target=\"_blank\">invigningstalet<\/a>:<\/p>\n<p>\u2013 Begreppet Attefallshus finns allts\u00e5 inte i lagstiftningen, utan det var olika intresseorganisationer, andra politiker och media som b\u00f6rjade anv\u00e4nda detta uttryck. Och n\u00e4r TT och Aftonbladet efter att reformen slutligen presenterats b\u00f6rjade anv\u00e4nda begreppet Attefallshus s\u00e5 satte sig uttrycket ordentligt, och nu \u00e4r det ganska vedertaget. Men varken jag eller Birgit Friggebo har allts\u00e5 v\u00e5ra namn i lagb\u00f6ckerna.<\/p>\n\n\t\t<style type=\"text\/css\">\n\t\t\t#gallery-1 {\n\t\t\t\tmargin: auto;\n\t\t\t}\n\t\t\t#gallery-1 .gallery-item {\n\t\t\t\tfloat: left;\n\t\t\t\tmargin-top: 10px;\n\t\t\t\ttext-align: center;\n\t\t\t\twidth: 33%;\n\t\t\t}\n\t\t\t#gallery-1 img {\n\t\t\t\tborder: 2px solid #cfcfcf;\n\t\t\t}\n\t\t\t#gallery-1 .gallery-caption {\n\t\t\t\tmargin-left: 0;\n\t\t\t}\n\t\t\t\/* see gallery_shortcode() in wp-includes\/media.php *\/\n\t\t<\/style>\n\t\t<div id='gallery-1' class='gallery galleryid-6467 gallery-columns-3 gallery-size-thumbnail'><dl class='gallery-item'>\n\t\t\t<dt class='gallery-icon landscape'>\n\t\t\t\t<a href='https:\/\/wp.kristdemokraterna.se\/varnamo\/2015\/06\/13\/attefall-invigde-utstallning-om-attefallshus\/20150613-vandalorum-attefallshus1\/'><img loading=\"lazy\" decoding=\"async\" width=\"150\" height=\"150\" src=\"https:\/\/wp.kristdemokraterna.se\/varnamo\/files\/2015\/06\/20150613_vandalorum_attefallshus1-150x150.jpg\" class=\"attachment-thumbnail size-thumbnail\" alt=\"\u00d6ppna planl\u00f6sningar. (Foto: H\u00e5kan Johansson)\" aria-describedby=\"gallery-1-6462\" \/><\/a>\n\t\t\t<\/dt>\n\t\t\t\t<dd class='wp-caption-text gallery-caption' id='gallery-1-6462'>\n\t\t\t\t\u00d6ppna planl\u00f6sningar. (Foto: H\u00e5kan Johansson)\n\t\t\t\t<\/dd><\/dl><dl class='gallery-item'>\n\t\t\t<dt class='gallery-icon portrait'>\n\t\t\t\t<a href='https:\/\/wp.kristdemokraterna.se\/varnamo\/2015\/06\/13\/attefall-invigde-utstallning-om-attefallshus\/20150613-vandalorum-grishus\/'><img loading=\"lazy\" decoding=\"async\" width=\"150\" height=\"150\" src=\"https:\/\/wp.kristdemokraterna.se\/varnamo\/files\/2015\/06\/20150613_vandalorum_grishus-150x150.jpg\" class=\"attachment-thumbnail size-thumbnail\" alt=\"Attefallshus \u00e4r anv\u00e4ndbara till det mesta... (Foto: H\u00e5kan Johansson)\" aria-describedby=\"gallery-1-6465\" \/><\/a>\n\t\t\t<\/dt>\n\t\t\t\t<dd class='wp-caption-text gallery-caption' id='gallery-1-6465'>\n\t\t\t\tAttefallshus \u00e4r anv\u00e4ndbara till det mesta&#8230; (Foto: H\u00e5kan Johansson)\n\t\t\t\t<\/dd><\/dl><dl class='gallery-item'>\n\t\t\t<dt class='gallery-icon landscape'>\n\t\t\t\t<a href='https:\/\/wp.kristdemokraterna.se\/varnamo\/2015\/06\/13\/attefall-invigde-utstallning-om-attefallshus\/20150613-vandalorum-attefallshus2\/'><img loading=\"lazy\" decoding=\"async\" width=\"150\" height=\"150\" src=\"https:\/\/wp.kristdemokraterna.se\/varnamo\/files\/2015\/06\/20150613_vandalorum_attefallshus2-150x150.jpg\" class=\"attachment-thumbnail size-thumbnail\" alt=\"M\u00e5nga varianter av Attefallshus blir det. (Foto: H\u00e5kan Johansson)\" aria-describedby=\"gallery-1-6463\" \/><\/a>\n\t\t\t<\/dt>\n\t\t\t\t<dd class='wp-caption-text gallery-caption' id='gallery-1-6463'>\n\t\t\t\tM\u00e5nga varianter av Attefallshus blir det. (Foto: H\u00e5kan Johansson)\n\t\t\t\t<\/dd><\/dl><br style=\"clear: both\" \/><dl class='gallery-item'>\n\t\t\t<dt class='gallery-icon landscape'>\n\t\t\t\t<a href='https:\/\/wp.kristdemokraterna.se\/varnamo\/2015\/06\/13\/attefall-invigde-utstallning-om-attefallshus\/20150613-vandalorum-attefallshus3\/'><img loading=\"lazy\" decoding=\"async\" width=\"150\" height=\"150\" src=\"https:\/\/wp.kristdemokraterna.se\/varnamo\/files\/2015\/06\/20150613_vandalorum_attefallshus3-150x150.jpg\" class=\"attachment-thumbnail size-thumbnail\" alt=\"&quot;Jag vill bo i en svamp.&quot; (Foto: H\u00e5kan Johansson)\" aria-describedby=\"gallery-1-6464\" \/><\/a>\n\t\t\t<\/dt>\n\t\t\t\t<dd class='wp-caption-text gallery-caption' id='gallery-1-6464'>\n\t\t\t\t&#8221;Jag vill bo i en svamp.&#8221; (Foto: H\u00e5kan Johansson)\n\t\t\t\t<\/dd><\/dl><dl class='gallery-item'>\n\t\t\t<dt class='gallery-icon landscape'>\n\t\t\t\t<a href='https:\/\/wp.kristdemokraterna.se\/varnamo\/2015\/06\/13\/attefall-invigde-utstallning-om-attefallshus\/20150613-vandalorum-stefanattefall\/'><img loading=\"lazy\" decoding=\"async\" width=\"150\" height=\"150\" src=\"https:\/\/wp.kristdemokraterna.se\/varnamo\/files\/2015\/06\/20150613_vandalorum_stefanattefall-150x150.jpg\" class=\"attachment-thumbnail size-thumbnail\" alt=\"F\u00f6rre bostadsministern Stefan Attefall (KD) p\u00e5 plats p\u00e5 Vandalorum i V\u00e4rnamo f\u00f6r att inviga utst\u00e4llningen om byggnadstypen som b\u00e4r hans namn. (Foto: H\u00e5kan Johansson)\" aria-describedby=\"gallery-1-6466\" \/><\/a>\n\t\t\t<\/dt>\n\t\t\t\t<dd class='wp-caption-text gallery-caption' id='gallery-1-6466'>\n\t\t\t\tF\u00f6rre bostadsministern Stefan Attefall (KD) p\u00e5 plats p\u00e5 Vandalorum i V\u00e4rnamo f\u00f6r att inviga utst\u00e4llningen om byggnadstypen som b\u00e4r hans namn. (Foto: H\u00e5kan Johansson)\n\t\t\t\t<\/dd><\/dl>\n\t\t\t<br style='clear: both' \/>\n\t\t<\/div>\n\n","protected":false},"excerpt":{"rendered":"<p>\u2013 L\u00e5t oss nu inspireras av alla arkitekters id\u00e9er. Och inse att m\u00f6jligheterna \u00e4r o\u00e4ndliga, sade Sveriges f\u00f6rre bostadsminister Stefan Attefall (KD) p\u00e5\u00a0Vandalorum i V\u00e4rnamo i dag n\u00e4r han invigde\u00a0en utst\u00e4llning om byggnadstypen som b\u00e4r hans namn.<\/p>\n","protected":false},"author":412,"featured_media":6466,"comment_status":"closed","ping_status":"closed","sticky":false,"template":"","format":"standard","meta":{"_acf_changed":false,"footnotes":""},"categories":[11],"tags":[732,726,462,733,175,729,589,728,730,132,67,731,727,96],"class_list":["post-6467","post","type-post","status-publish","format-standard","hentry","category-nyheter","tag-aftonbladet","tag-arkitekt","tag-attefallshus","tag-birgit-friggebo","tag-byggande","tag-intresseorganisationer","tag-invigning","tag-lagstiftning","tag-media","tag-politiker","tag-stefan-attefall","tag-tt","tag-utstallning","tag-vandalorum"],"acf":[],"yoast_head":"<!-- This site is optimized with the Yoast SEO plugin v27.4 - https:\/\/yoast.com\/product\/yoast-seo-wordpress\/ -->\n<title>Attefall invigde utst\u00e4llning om Attefallshus - KRISTDEMOKRATERNA V\u00c4RNAMO<\/title>\n<meta name=\"robots\" content=\"index, follow, max-snippet:-1, max-image-preview:large, max-video-preview:-1\" \/>\n<link rel=\"canonical\" href=\"https:\/\/wp.kristdemokraterna.se\/varnamo\/2015\/06\/13\/attefall-invigde-utstallning-om-attefallshus\/\" \/>\n<meta property=\"og:locale\" content=\"sv_SE\" \/>\n<meta property=\"og:type\" content=\"article\" \/>\n<meta property=\"og:title\" content=\"Attefall invigde utst\u00e4llning om Attefallshus - KRISTDEMOKRATERNA V\u00c4RNAMO\" \/>\n<meta property=\"og:description\" content=\"\u2013 L\u00e5t oss nu inspireras av alla arkitekters id\u00e9er. Och inse att m\u00f6jligheterna \u00e4r o\u00e4ndliga, sade Sveriges f\u00f6rre bostadsminister Stefan Attefall (KD) p\u00e5\u00a0Vandalorum i V\u00e4rnamo i dag n\u00e4r han invigde\u00a0en utst\u00e4llning om byggnadstypen som b\u00e4r hans namn.\" \/>\n<meta property=\"og:url\" content=\"https:\/\/wp.kristdemokraterna.se\/varnamo\/2015\/06\/13\/attefall-invigde-utstallning-om-attefallshus\/\" \/>\n<meta property=\"og:site_name\" content=\"KRISTDEMOKRATERNA V\u00c4RNAMO\" \/>\n<meta property=\"article:publisher\" content=\"https:\/\/www.facebook.com\/KDVarnamo\/\" \/>\n<meta property=\"article:published_time\" content=\"2015-06-13T19:58:04+00:00\" \/>\n<meta property=\"og:image\" content=\"https:\/\/wp.kristdemokraterna.se\/varnamo\/files\/2015\/06\/20150613_vandalorum_stefanattefall.jpg\" \/>\n\t<meta property=\"og:image:width\" content=\"1088\" \/>\n\t<meta property=\"og:image:height\" content=\"960\" \/>\n\t<meta property=\"og:image:type\" content=\"image\/jpeg\" \/>\n<meta name=\"author\" content=\"Kristdemokraterna V\u00e4rnamo\" \/>\n<meta name=\"twitter:card\" content=\"summary_large_image\" \/>\n<meta name=\"twitter:creator\" content=\"@KDVarnamo\" \/>\n<meta name=\"twitter:site\" content=\"@KDVarnamo\" \/>\n<meta name=\"twitter:label1\" content=\"Skriven av\" \/>\n\t<meta name=\"twitter:data1\" content=\"Kristdemokraterna V\u00e4rnamo\" \/>\n\t<meta name=\"twitter:label2\" content=\"Ber\u00e4knad l\u00e4stid\" \/>\n\t<meta name=\"twitter:data2\" content=\"1 minut\" \/>\n<script type=\"application\/ld+json\" class=\"yoast-schema-graph\">{\"@context\":\"https:\\\/\\\/schema.org\",\"@graph\":[{\"@type\":\"Article\",\"@id\":\"https:\\\/\\\/wp.kristdemokraterna.se\\\/varnamo\\\/2015\\\/06\\\/13\\\/attefall-invigde-utstallning-om-attefallshus\\\/#article\",\"isPartOf\":{\"@id\":\"https:\\\/\\\/wp.kristdemokraterna.se\\\/varnamo\\\/2015\\\/06\\\/13\\\/attefall-invigde-utstallning-om-attefallshus\\\/\"},\"author\":{\"name\":\"Kristdemokraterna V\u00e4rnamo\",\"@id\":\"https:\\\/\\\/wp.kristdemokraterna.se\\\/varnamo\\\/#\\\/schema\\\/person\\\/4e339ab04d613699e4dfe80a994e01d4\"},\"headline\":\"Attefall invigde utst\u00e4llning om Attefallshus\",\"datePublished\":\"2015-06-13T19:58:04+00:00\",\"mainEntityOfPage\":{\"@id\":\"https:\\\/\\\/wp.kristdemokraterna.se\\\/varnamo\\\/2015\\\/06\\\/13\\\/attefall-invigde-utstallning-om-attefallshus\\\/\"},\"wordCount\":199,\"publisher\":{\"@id\":\"https:\\\/\\\/wp.kristdemokraterna.se\\\/varnamo\\\/#organization\"},\"image\":{\"@id\":\"https:\\\/\\\/wp.kristdemokraterna.se\\\/varnamo\\\/2015\\\/06\\\/13\\\/attefall-invigde-utstallning-om-attefallshus\\\/#primaryimage\"},\"thumbnailUrl\":\"https:\\\/\\\/wp.kristdemokraterna.se\\\/varnamo\\\/files\\\/2015\\\/06\\\/20150613_vandalorum_stefanattefall.jpg\",\"keywords\":[\"Aftonbladet\",\"arkitekt\",\"Attefallshus\",\"Birgit Friggebo\",\"byggande\",\"intresseorganisationer\",\"invigning\",\"lagstiftning\",\"media\",\"politiker\",\"Stefan Attefall\",\"TT\",\"utst\u00e4llning\",\"Vandalorum\"],\"articleSection\":[\"Nyheter\"],\"inLanguage\":\"sv-SE\"},{\"@type\":\"WebPage\",\"@id\":\"https:\\\/\\\/wp.kristdemokraterna.se\\\/varnamo\\\/2015\\\/06\\\/13\\\/attefall-invigde-utstallning-om-attefallshus\\\/\",\"url\":\"https:\\\/\\\/wp.kristdemokraterna.se\\\/varnamo\\\/2015\\\/06\\\/13\\\/attefall-invigde-utstallning-om-attefallshus\\\/\",\"name\":\"Attefall invigde utst\u00e4llning om Attefallshus - KRISTDEMOKRATERNA V\u00c4RNAMO\",\"isPartOf\":{\"@id\":\"https:\\\/\\\/wp.kristdemokraterna.se\\\/varnamo\\\/#website\"},\"primaryImageOfPage\":{\"@id\":\"https:\\\/\\\/wp.kristdemokraterna.se\\\/varnamo\\\/2015\\\/06\\\/13\\\/attefall-invigde-utstallning-om-attefallshus\\\/#primaryimage\"},\"image\":{\"@id\":\"https:\\\/\\\/wp.kristdemokraterna.se\\\/varnamo\\\/2015\\\/06\\\/13\\\/attefall-invigde-utstallning-om-attefallshus\\\/#primaryimage\"},\"thumbnailUrl\":\"https:\\\/\\\/wp.kristdemokraterna.se\\\/varnamo\\\/files\\\/2015\\\/06\\\/20150613_vandalorum_stefanattefall.jpg\",\"datePublished\":\"2015-06-13T19:58:04+00:00\",\"breadcrumb\":{\"@id\":\"https:\\\/\\\/wp.kristdemokraterna.se\\\/varnamo\\\/2015\\\/06\\\/13\\\/attefall-invigde-utstallning-om-attefallshus\\\/#breadcrumb\"},\"inLanguage\":\"sv-SE\",\"potentialAction\":[{\"@type\":\"ReadAction\",\"target\":[\"https:\\\/\\\/wp.kristdemokraterna.se\\\/varnamo\\\/2015\\\/06\\\/13\\\/attefall-invigde-utstallning-om-attefallshus\\\/\"]}]},{\"@type\":\"ImageObject\",\"inLanguage\":\"sv-SE\",\"@id\":\"https:\\\/\\\/wp.kristdemokraterna.se\\\/varnamo\\\/2015\\\/06\\\/13\\\/attefall-invigde-utstallning-om-attefallshus\\\/#primaryimage\",\"url\":\"https:\\\/\\\/wp.kristdemokraterna.se\\\/varnamo\\\/files\\\/2015\\\/06\\\/20150613_vandalorum_stefanattefall.jpg\",\"contentUrl\":\"https:\\\/\\\/wp.kristdemokraterna.se\\\/varnamo\\\/files\\\/2015\\\/06\\\/20150613_vandalorum_stefanattefall.jpg\",\"width\":1088,\"height\":960,\"caption\":\"F\u00f6rre bostadsministern Stefan Attefall (KD) p\u00e5 plats p\u00e5 Vandalorum i V\u00e4rnamo f\u00f6r att inviga utst\u00e4llningen om byggnadstypen som b\u00e4r hans namn. (Foto: H\u00e5kan Johansson)\"},{\"@type\":\"BreadcrumbList\",\"@id\":\"https:\\\/\\\/wp.kristdemokraterna.se\\\/varnamo\\\/2015\\\/06\\\/13\\\/attefall-invigde-utstallning-om-attefallshus\\\/#breadcrumb\",\"itemListElement\":[{\"@type\":\"ListItem\",\"position\":1,\"name\":\"Hem\",\"item\":\"https:\\\/\\\/wp.kristdemokraterna.se\\\/varnamo\\\/\"},{\"@type\":\"ListItem\",\"position\":2,\"name\":\"Attefall invigde utst\u00e4llning om Attefallshus\"}]},{\"@type\":\"WebSite\",\"@id\":\"https:\\\/\\\/wp.kristdemokraterna.se\\\/varnamo\\\/#website\",\"url\":\"https:\\\/\\\/wp.kristdemokraterna.se\\\/varnamo\\\/\",\"name\":\"KRISTDEMOKRATERNA V\u00c4RNAMO\",\"description\":\"Med hj\u00e4rta f\u00f6r V\u00e4rnamo\",\"publisher\":{\"@id\":\"https:\\\/\\\/wp.kristdemokraterna.se\\\/varnamo\\\/#organization\"},\"inLanguage\":\"sv-SE\"},{\"@type\":\"Organization\",\"@id\":\"https:\\\/\\\/wp.kristdemokraterna.se\\\/varnamo\\\/#organization\",\"name\":\"Kristdemokraterna V\u00e4rnamo\",\"url\":\"https:\\\/\\\/wp.kristdemokraterna.se\\\/varnamo\\\/\",\"logo\":{\"@type\":\"ImageObject\",\"inLanguage\":\"sv-SE\",\"@id\":\"https:\\\/\\\/wp.kristdemokraterna.se\\\/varnamo\\\/#\\\/schema\\\/logo\\\/image\\\/\",\"url\":\"https:\\\/\\\/wp.kristdemokraterna.se\\\/varnamo\\\/files\\\/2022\\\/08\\\/va\u2560ernamo-sida-bla-300dpi.png\",\"contentUrl\":\"https:\\\/\\\/wp.kristdemokraterna.se\\\/varnamo\\\/files\\\/2022\\\/08\\\/va\u2560ernamo-sida-bla-300dpi.png\",\"width\":1485,\"height\":681,\"caption\":\"Kristdemokraterna V\u00e4rnamo\"},\"image\":{\"@id\":\"https:\\\/\\\/wp.kristdemokraterna.se\\\/varnamo\\\/#\\\/schema\\\/logo\\\/image\\\/\"},\"sameAs\":[\"https:\\\/\\\/www.facebook.com\\\/KDVarnamo\\\/\",\"https:\\\/\\\/x.com\\\/KDVarnamo\",\"https:\\\/\\\/www.instagram.com\\\/\",\"https:\\\/\\\/www.youtube.com\\\/user\\\/studiokd\\\/videos\"]},{\"@type\":\"Person\",\"@id\":\"https:\\\/\\\/wp.kristdemokraterna.se\\\/varnamo\\\/#\\\/schema\\\/person\\\/4e339ab04d613699e4dfe80a994e01d4\",\"name\":\"Kristdemokraterna V\u00e4rnamo\",\"image\":{\"@type\":\"ImageObject\",\"inLanguage\":\"sv-SE\",\"@id\":\"https:\\\/\\\/secure.gravatar.com\\\/avatar\\\/c122e48c7723992af51eb155eeaa93db3c1fa324e3fc6ec45dd712c812809b5b?s=96&r=g\",\"url\":\"https:\\\/\\\/secure.gravatar.com\\\/avatar\\\/c122e48c7723992af51eb155eeaa93db3c1fa324e3fc6ec45dd712c812809b5b?s=96&r=g\",\"contentUrl\":\"https:\\\/\\\/secure.gravatar.com\\\/avatar\\\/c122e48c7723992af51eb155eeaa93db3c1fa324e3fc6ec45dd712c812809b5b?s=96&r=g\",\"caption\":\"Kristdemokraterna V\u00e4rnamo\"},\"description\":\"Familjens r\u00f6st\",\"sameAs\":[\"http:\\\/\\\/www.varnamo.kristdemokraterna.se\"],\"url\":\"https:\\\/\\\/wp.kristdemokraterna.se\\\/varnamo\\\/author\\\/varnamo\\\/\"}]}<\/script>\n<!-- \/ Yoast SEO plugin. -->","yoast_head_json":{"title":"Attefall invigde utst\u00e4llning om Attefallshus - KRISTDEMOKRATERNA V\u00c4RNAMO","robots":{"index":"index","follow":"follow","max-snippet":"max-snippet:-1","max-image-preview":"max-image-preview:large","max-video-preview":"max-video-preview:-1"},"canonical":"https:\/\/wp.kristdemokraterna.se\/varnamo\/2015\/06\/13\/attefall-invigde-utstallning-om-attefallshus\/","og_locale":"sv_SE","og_type":"article","og_title":"Attefall invigde utst\u00e4llning om Attefallshus - KRISTDEMOKRATERNA V\u00c4RNAMO","og_description":"\u2013 L\u00e5t oss nu inspireras av alla arkitekters id\u00e9er. Och inse att m\u00f6jligheterna \u00e4r o\u00e4ndliga, sade Sveriges f\u00f6rre bostadsminister Stefan Attefall (KD) p\u00e5\u00a0Vandalorum i V\u00e4rnamo i dag n\u00e4r han invigde\u00a0en utst\u00e4llning om byggnadstypen som b\u00e4r hans namn.","og_url":"https:\/\/wp.kristdemokraterna.se\/varnamo\/2015\/06\/13\/attefall-invigde-utstallning-om-attefallshus\/","og_site_name":"KRISTDEMOKRATERNA V\u00c4RNAMO","article_publisher":"https:\/\/www.facebook.com\/KDVarnamo\/","article_published_time":"2015-06-13T19:58:04+00:00","og_image":[{"width":1088,"height":960,"url":"https:\/\/wp.kristdemokraterna.se\/varnamo\/files\/2015\/06\/20150613_vandalorum_stefanattefall.jpg","type":"image\/jpeg"}],"author":"Kristdemokraterna V\u00e4rnamo","twitter_card":"summary_large_image","twitter_creator":"@KDVarnamo","twitter_site":"@KDVarnamo","twitter_misc":{"Skriven av":"Kristdemokraterna V\u00e4rnamo","Ber\u00e4knad l\u00e4stid":"1 minut"},"schema":{"@context":"https:\/\/schema.org","@graph":[{"@type":"Article","@id":"https:\/\/wp.kristdemokraterna.se\/varnamo\/2015\/06\/13\/attefall-invigde-utstallning-om-attefallshus\/#article","isPartOf":{"@id":"https:\/\/wp.kristdemokraterna.se\/varnamo\/2015\/06\/13\/attefall-invigde-utstallning-om-attefallshus\/"},"author":{"name":"Kristdemokraterna V\u00e4rnamo","@id":"https:\/\/wp.kristdemokraterna.se\/varnamo\/#\/schema\/person\/4e339ab04d613699e4dfe80a994e01d4"},"headline":"Attefall invigde utst\u00e4llning om Attefallshus","datePublished":"2015-06-13T19:58:04+00:00","mainEntityOfPage":{"@id":"https:\/\/wp.kristdemokraterna.se\/varnamo\/2015\/06\/13\/attefall-invigde-utstallning-om-attefallshus\/"},"wordCount":199,"publisher":{"@id":"https:\/\/wp.kristdemokraterna.se\/varnamo\/#organization"},"image":{"@id":"https:\/\/wp.kristdemokraterna.se\/varnamo\/2015\/06\/13\/attefall-invigde-utstallning-om-attefallshus\/#primaryimage"},"thumbnailUrl":"https:\/\/wp.kristdemokraterna.se\/varnamo\/files\/2015\/06\/20150613_vandalorum_stefanattefall.jpg","keywords":["Aftonbladet","arkitekt","Attefallshus","Birgit Friggebo","byggande","intresseorganisationer","invigning","lagstiftning","media","politiker","Stefan Attefall","TT","utst\u00e4llning","Vandalorum"],"articleSection":["Nyheter"],"inLanguage":"sv-SE"},{"@type":"WebPage","@id":"https:\/\/wp.kristdemokraterna.se\/varnamo\/2015\/06\/13\/attefall-invigde-utstallning-om-attefallshus\/","url":"https:\/\/wp.kristdemokraterna.se\/varnamo\/2015\/06\/13\/attefall-invigde-utstallning-om-attefallshus\/","name":"Attefall invigde utst\u00e4llning om Attefallshus - KRISTDEMOKRATERNA V\u00c4RNAMO","isPartOf":{"@id":"https:\/\/wp.kristdemokraterna.se\/varnamo\/#website"},"primaryImageOfPage":{"@id":"https:\/\/wp.kristdemokraterna.se\/varnamo\/2015\/06\/13\/attefall-invigde-utstallning-om-attefallshus\/#primaryimage"},"image":{"@id":"https:\/\/wp.kristdemokraterna.se\/varnamo\/2015\/06\/13\/attefall-invigde-utstallning-om-attefallshus\/#primaryimage"},"thumbnailUrl":"https:\/\/wp.kristdemokraterna.se\/varnamo\/files\/2015\/06\/20150613_vandalorum_stefanattefall.jpg","datePublished":"2015-06-13T19:58:04+00:00","breadcrumb":{"@id":"https:\/\/wp.kristdemokraterna.se\/varnamo\/2015\/06\/13\/attefall-invigde-utstallning-om-attefallshus\/#breadcrumb"},"inLanguage":"sv-SE","potentialAction":[{"@type":"ReadAction","target":["https:\/\/wp.kristdemokraterna.se\/varnamo\/2015\/06\/13\/attefall-invigde-utstallning-om-attefallshus\/"]}]},{"@type":"ImageObject","inLanguage":"sv-SE","@id":"https:\/\/wp.kristdemokraterna.se\/varnamo\/2015\/06\/13\/attefall-invigde-utstallning-om-attefallshus\/#primaryimage","url":"https:\/\/wp.kristdemokraterna.se\/varnamo\/files\/2015\/06\/20150613_vandalorum_stefanattefall.jpg","contentUrl":"https:\/\/wp.kristdemokraterna.se\/varnamo\/files\/2015\/06\/20150613_vandalorum_stefanattefall.jpg","width":1088,"height":960,"caption":"F\u00f6rre bostadsministern Stefan Attefall (KD) p\u00e5 plats p\u00e5 Vandalorum i V\u00e4rnamo f\u00f6r att inviga utst\u00e4llningen om byggnadstypen som b\u00e4r hans namn. (Foto: H\u00e5kan Johansson)"},{"@type":"BreadcrumbList","@id":"https:\/\/wp.kristdemokraterna.se\/varnamo\/2015\/06\/13\/attefall-invigde-utstallning-om-attefallshus\/#breadcrumb","itemListElement":[{"@type":"ListItem","position":1,"name":"Hem","item":"https:\/\/wp.kristdemokraterna.se\/varnamo\/"},{"@type":"ListItem","position":2,"name":"Attefall invigde utst\u00e4llning om Attefallshus"}]},{"@type":"WebSite","@id":"https:\/\/wp.kristdemokraterna.se\/varnamo\/#website","url":"https:\/\/wp.kristdemokraterna.se\/varnamo\/","name":"KRISTDEMOKRATERNA V\u00c4RNAMO","description":"Med hj\u00e4rta f\u00f6r V\u00e4rnamo","publisher":{"@id":"https:\/\/wp.kristdemokraterna.se\/varnamo\/#organization"},"inLanguage":"sv-SE"},{"@type":"Organization","@id":"https:\/\/wp.kristdemokraterna.se\/varnamo\/#organization","name":"Kristdemokraterna V\u00e4rnamo","url":"https:\/\/wp.kristdemokraterna.se\/varnamo\/","logo":{"@type":"ImageObject","inLanguage":"sv-SE","@id":"https:\/\/wp.kristdemokraterna.se\/varnamo\/#\/schema\/logo\/image\/","url":"https:\/\/wp.kristdemokraterna.se\/varnamo\/files\/2022\/08\/va\u2560ernamo-sida-bla-300dpi.png","contentUrl":"https:\/\/wp.kristdemokraterna.se\/varnamo\/files\/2022\/08\/va\u2560ernamo-sida-bla-300dpi.png","width":1485,"height":681,"caption":"Kristdemokraterna V\u00e4rnamo"},"image":{"@id":"https:\/\/wp.kristdemokraterna.se\/varnamo\/#\/schema\/logo\/image\/"},"sameAs":["https:\/\/www.facebook.com\/KDVarnamo\/","https:\/\/x.com\/KDVarnamo","https:\/\/www.instagram.com\/","https:\/\/www.youtube.com\/user\/studiokd\/videos"]},{"@type":"Person","@id":"https:\/\/wp.kristdemokraterna.se\/varnamo\/#\/schema\/person\/4e339ab04d613699e4dfe80a994e01d4","name":"Kristdemokraterna V\u00e4rnamo","image":{"@type":"ImageObject","inLanguage":"sv-SE","@id":"https:\/\/secure.gravatar.com\/avatar\/c122e48c7723992af51eb155eeaa93db3c1fa324e3fc6ec45dd712c812809b5b?s=96&r=g","url":"https:\/\/secure.gravatar.com\/avatar\/c122e48c7723992af51eb155eeaa93db3c1fa324e3fc6ec45dd712c812809b5b?s=96&r=g","contentUrl":"https:\/\/secure.gravatar.com\/avatar\/c122e48c7723992af51eb155eeaa93db3c1fa324e3fc6ec45dd712c812809b5b?s=96&r=g","caption":"Kristdemokraterna V\u00e4rnamo"},"description":"Familjens r\u00f6st","sameAs":["http:\/\/www.varnamo.kristdemokraterna.se"],"url":"https:\/\/wp.kristdemokraterna.se\/varnamo\/author\/varnamo\/"}]}},"_links":{"self":[{"href":"https:\/\/wp.kristdemokraterna.se\/varnamo\/wp-json\/wp\/v2\/posts\/6467","targetHints":{"allow":["GET"]}}],"collection":[{"href":"https:\/\/wp.kristdemokraterna.se\/varnamo\/wp-json\/wp\/v2\/posts"}],"about":[{"href":"https:\/\/wp.kristdemokraterna.se\/varnamo\/wp-json\/wp\/v2\/types\/post"}],"author":[{"embeddable":true,"href":"https:\/\/wp.kristdemokraterna.se\/varnamo\/wp-json\/wp\/v2\/users\/412"}],"replies":[{"embeddable":true,"href":"https:\/\/wp.kristdemokraterna.se\/varnamo\/wp-json\/wp\/v2\/comments?post=6467"}],"version-history":[{"count":5,"href":"https:\/\/wp.kristdemokraterna.se\/varnamo\/wp-json\/wp\/v2\/posts\/6467\/revisions"}],"predecessor-version":[{"id":6472,"href":"https:\/\/wp.kristdemokraterna.se\/varnamo\/wp-json\/wp\/v2\/posts\/6467\/revisions\/6472"}],"wp:featuredmedia":[{"embeddable":true,"href":"https:\/\/wp.kristdemokraterna.se\/varnamo\/wp-json\/wp\/v2\/media\/6466"}],"wp:attachment":[{"href":"https:\/\/wp.kristdemokraterna.se\/varnamo\/wp-json\/wp\/v2\/media?parent=6467"}],"wp:term":[{"taxonomy":"category","embeddable":true,"href":"https:\/\/wp.kristdemokraterna.se\/varnamo\/wp-json\/wp\/v2\/categories?post=6467"},{"taxonomy":"post_tag","embeddable":true,"href":"https:\/\/wp.kristdemokraterna.se\/varnamo\/wp-json\/wp\/v2\/tags?post=6467"}],"curies":[{"name":"wp","href":"https:\/\/api.w.org\/{rel}","templated":true}]}}