{"id":6967,"date":"2015-07-25T14:12:27","date_gmt":"2015-07-25T12:12:27","guid":{"rendered":"http:\/\/wp.kristdemokraterna.se\/varnamo\/?p=6967"},"modified":"2015-07-25T14:12:27","modified_gmt":"2015-07-25T12:12:27","slug":"seniorerna-fixade-vafflor-pa-slattalordag-marknad","status":"publish","type":"post","link":"https:\/\/wp.kristdemokraterna.se\/varnamo\/2015\/07\/25\/seniorerna-fixade-vafflor-pa-slattalordag-marknad\/","title":{"rendered":"Seniorerna fixade v\u00e5fflor p\u00e5 Sl\u00e5ttal\u00f6rdag marknad"},"content":{"rendered":"<p>Sl\u00e5ttal\u00f6rdag \u00e4r en traditionell marknadsdag i V\u00e4rnamo. D\u00e5 tog Kristdemokraternas seniorf\u00f6rbund hit sin v\u00e5ffelvagn fr\u00e5n Habo, f\u00f6r vad passar v\u00e4l b\u00e4ttre \u00e4n v\u00e5fflor p\u00e5 en marknad?! Trots regn och rusk s\u00e5 var det en hel del marknadsbes\u00f6kare som passade p\u00e5 att ta emot\u00a0ett v\u00e5ffelhj\u00e4rta och fr\u00e5ga\u00a0om kristdemokratisk seniorpolitik.<\/p>\n<p><!--more--><\/p>\n\n\t\t<style type=\"text\/css\">\n\t\t\t#gallery-1 {\n\t\t\t\tmargin: auto;\n\t\t\t}\n\t\t\t#gallery-1 .gallery-item {\n\t\t\t\tfloat: left;\n\t\t\t\tmargin-top: 10px;\n\t\t\t\ttext-align: center;\n\t\t\t\twidth: 33%;\n\t\t\t}\n\t\t\t#gallery-1 img {\n\t\t\t\tborder: 2px solid #cfcfcf;\n\t\t\t}\n\t\t\t#gallery-1 .gallery-caption {\n\t\t\t\tmargin-left: 0;\n\t\t\t}\n\t\t\t\/* see gallery_shortcode() in wp-includes\/media.php *\/\n\t\t<\/style>\n\t\t<div id='gallery-1' class='gallery galleryid-6967 gallery-columns-3 gallery-size-thumbnail'><dl class='gallery-item'>\n\t\t\t<dt class='gallery-icon landscape'>\n\t\t\t\t<a href='https:\/\/wp.kristdemokraterna.se\/varnamo\/20150725-slattalordagmarknad-vaffelvagn\/'><img loading=\"lazy\" decoding=\"async\" width=\"150\" height=\"150\" src=\"https:\/\/wp.kristdemokraterna.se\/varnamo\/files\/2015\/07\/20150725_slattalordagmarknad_vaffelvagn-150x150.jpg\" class=\"attachment-thumbnail size-thumbnail\" alt=\"Kristdemokraternas seniorer bj\u00f6d p\u00e5 v\u00e5fflor p\u00e5 Sl\u00e5ttal\u00f6rdag marknad i V\u00e4rnamo. (Foto: H\u00e5kan Johansson)\" aria-describedby=\"gallery-1-6966\" \/><\/a>\n\t\t\t<\/dt>\n\t\t\t\t<dd class='wp-caption-text gallery-caption' id='gallery-1-6966'>\n\t\t\t\tKristdemokraternas seniorer bj\u00f6d p\u00e5 v\u00e5fflor p\u00e5 Sl\u00e5ttal\u00f6rdag marknad i V\u00e4rnamo. (Foto: H\u00e5kan Johansson)\n\t\t\t\t<\/dd><\/dl><dl class='gallery-item'>\n\t\t\t<dt class='gallery-icon landscape'>\n\t\t\t\t<a href='https:\/\/wp.kristdemokraterna.se\/varnamo\/20150725-slattalordagmarknad-vaffelbakning\/'><img loading=\"lazy\" decoding=\"async\" width=\"150\" height=\"150\" src=\"https:\/\/wp.kristdemokraterna.se\/varnamo\/files\/2015\/07\/20150725_slattalordagmarknad_vaffelbakning-150x150.jpg\" class=\"attachment-thumbnail size-thumbnail\" alt=\"I v\u00e5ffelvagnen gick j\u00e4rnen varma... (Foto: H\u00e5kan Johansson)\" aria-describedby=\"gallery-1-6965\" \/><\/a>\n\t\t\t<\/dt>\n\t\t\t\t<dd class='wp-caption-text gallery-caption' id='gallery-1-6965'>\n\t\t\t\tI v\u00e5ffelvagnen gick j\u00e4rnen varma&#8230; (Foto: H\u00e5kan Johansson)\n\t\t\t\t<\/dd><\/dl>\n\t\t\t<br style='clear: both' \/>\n\t\t<\/div>\n\n","protected":false},"excerpt":{"rendered":"<p>Sl\u00e5ttal\u00f6rdag \u00e4r en traditionell marknadsdag i V\u00e4rnamo. D\u00e5 tog Kristdemokraternas seniorf\u00f6rbund hit sin v\u00e5ffelvagn fr\u00e5n Habo, f\u00f6r vad passar v\u00e4l b\u00e4ttre \u00e4n v\u00e5fflor p\u00e5 en marknad?! Trots regn och rusk s\u00e5 var det en hel del marknadsbes\u00f6kare som passade p\u00e5 att ta emot\u00a0ett v\u00e5ffelhj\u00e4rta och fr\u00e5ga\u00a0om kristdemokratisk seniorpolitik.<\/p>\n","protected":false},"author":412,"featured_media":6965,"comment_status":"closed","ping_status":"closed","sticky":false,"template":"","format":"standard","meta":{"_acf_changed":false,"footnotes":""},"categories":[11],"tags":[32,60,311,176,518,349],"class_list":["post-6967","post","type-post","status-publish","format-standard","hentry","category-nyheter","tag-aldre","tag-kampanj","tag-marknad","tag-seniorforbundet","tag-slattalordag","tag-vaffelvagn"],"acf":[],"yoast_head":"<!-- This site is optimized with the Yoast SEO plugin v27.4 - https:\/\/yoast.com\/product\/yoast-seo-wordpress\/ -->\n<title>Seniorerna fixade v\u00e5fflor p\u00e5 Sl\u00e5ttal\u00f6rdag marknad - KRISTDEMOKRATERNA V\u00c4RNAMO<\/title>\n<meta name=\"robots\" content=\"index, follow, max-snippet:-1, max-image-preview:large, max-video-preview:-1\" \/>\n<link rel=\"canonical\" href=\"https:\/\/wp.kristdemokraterna.se\/varnamo\/2015\/07\/25\/seniorerna-fixade-vafflor-pa-slattalordag-marknad\/\" \/>\n<meta property=\"og:locale\" content=\"sv_SE\" \/>\n<meta property=\"og:type\" content=\"article\" \/>\n<meta property=\"og:title\" content=\"Seniorerna fixade v\u00e5fflor p\u00e5 Sl\u00e5ttal\u00f6rdag marknad - KRISTDEMOKRATERNA V\u00c4RNAMO\" \/>\n<meta property=\"og:description\" content=\"Sl\u00e5ttal\u00f6rdag \u00e4r en traditionell marknadsdag i V\u00e4rnamo. D\u00e5 tog Kristdemokraternas seniorf\u00f6rbund hit sin v\u00e5ffelvagn fr\u00e5n Habo, f\u00f6r vad passar v\u00e4l b\u00e4ttre \u00e4n v\u00e5fflor p\u00e5 en marknad?! Trots regn och rusk s\u00e5 var det en hel del marknadsbes\u00f6kare som passade p\u00e5 att ta emot\u00a0ett v\u00e5ffelhj\u00e4rta och fr\u00e5ga\u00a0om kristdemokratisk seniorpolitik.\" \/>\n<meta property=\"og:url\" content=\"https:\/\/wp.kristdemokraterna.se\/varnamo\/2015\/07\/25\/seniorerna-fixade-vafflor-pa-slattalordag-marknad\/\" \/>\n<meta property=\"og:site_name\" content=\"KRISTDEMOKRATERNA V\u00c4RNAMO\" \/>\n<meta property=\"article:publisher\" content=\"https:\/\/www.facebook.com\/KDVarnamo\/\" \/>\n<meta property=\"article:published_time\" content=\"2015-07-25T12:12:27+00:00\" \/>\n<meta property=\"og:image\" content=\"https:\/\/wp.kristdemokraterna.se\/varnamo\/files\/2015\/07\/20150725_slattalordagmarknad_vaffelbakning.jpg\" \/>\n\t<meta property=\"og:image:width\" content=\"1200\" \/>\n\t<meta property=\"og:image:height\" content=\"674\" \/>\n\t<meta property=\"og:image:type\" content=\"image\/jpeg\" \/>\n<meta name=\"author\" content=\"Kristdemokraterna V\u00e4rnamo\" \/>\n<meta name=\"twitter:card\" content=\"summary_large_image\" \/>\n<meta name=\"twitter:creator\" content=\"@KDVarnamo\" \/>\n<meta name=\"twitter:site\" content=\"@KDVarnamo\" \/>\n<meta name=\"twitter:label1\" content=\"Skriven av\" \/>\n\t<meta name=\"twitter:data1\" content=\"Kristdemokraterna V\u00e4rnamo\" \/>\n<script type=\"application\/ld+json\" class=\"yoast-schema-graph\">{\"@context\":\"https:\\\/\\\/schema.org\",\"@graph\":[{\"@type\":\"Article\",\"@id\":\"https:\\\/\\\/wp.kristdemokraterna.se\\\/varnamo\\\/2015\\\/07\\\/25\\\/seniorerna-fixade-vafflor-pa-slattalordag-marknad\\\/#article\",\"isPartOf\":{\"@id\":\"https:\\\/\\\/wp.kristdemokraterna.se\\\/varnamo\\\/2015\\\/07\\\/25\\\/seniorerna-fixade-vafflor-pa-slattalordag-marknad\\\/\"},\"author\":{\"name\":\"Kristdemokraterna V\u00e4rnamo\",\"@id\":\"https:\\\/\\\/wp.kristdemokraterna.se\\\/varnamo\\\/#\\\/schema\\\/person\\\/4e339ab04d613699e4dfe80a994e01d4\"},\"headline\":\"Seniorerna fixade v\u00e5fflor p\u00e5 Sl\u00e5ttal\u00f6rdag marknad\",\"datePublished\":\"2015-07-25T12:12:27+00:00\",\"mainEntityOfPage\":{\"@id\":\"https:\\\/\\\/wp.kristdemokraterna.se\\\/varnamo\\\/2015\\\/07\\\/25\\\/seniorerna-fixade-vafflor-pa-slattalordag-marknad\\\/\"},\"wordCount\":79,\"publisher\":{\"@id\":\"https:\\\/\\\/wp.kristdemokraterna.se\\\/varnamo\\\/#organization\"},\"image\":{\"@id\":\"https:\\\/\\\/wp.kristdemokraterna.se\\\/varnamo\\\/2015\\\/07\\\/25\\\/seniorerna-fixade-vafflor-pa-slattalordag-marknad\\\/#primaryimage\"},\"thumbnailUrl\":\"https:\\\/\\\/wp.kristdemokraterna.se\\\/varnamo\\\/files\\\/2015\\\/07\\\/20150725_slattalordagmarknad_vaffelbakning.jpg\",\"keywords\":[\"\u00e4ldre\",\"kampanj\",\"marknad\",\"seniorf\u00f6rbundet\",\"sl\u00e5ttal\u00f6rdag\",\"v\u00e5ffelvagn\"],\"articleSection\":[\"Nyheter\"],\"inLanguage\":\"sv-SE\"},{\"@type\":\"WebPage\",\"@id\":\"https:\\\/\\\/wp.kristdemokraterna.se\\\/varnamo\\\/2015\\\/07\\\/25\\\/seniorerna-fixade-vafflor-pa-slattalordag-marknad\\\/\",\"url\":\"https:\\\/\\\/wp.kristdemokraterna.se\\\/varnamo\\\/2015\\\/07\\\/25\\\/seniorerna-fixade-vafflor-pa-slattalordag-marknad\\\/\",\"name\":\"Seniorerna fixade v\u00e5fflor p\u00e5 Sl\u00e5ttal\u00f6rdag marknad - KRISTDEMOKRATERNA V\u00c4RNAMO\",\"isPartOf\":{\"@id\":\"https:\\\/\\\/wp.kristdemokraterna.se\\\/varnamo\\\/#website\"},\"primaryImageOfPage\":{\"@id\":\"https:\\\/\\\/wp.kristdemokraterna.se\\\/varnamo\\\/2015\\\/07\\\/25\\\/seniorerna-fixade-vafflor-pa-slattalordag-marknad\\\/#primaryimage\"},\"image\":{\"@id\":\"https:\\\/\\\/wp.kristdemokraterna.se\\\/varnamo\\\/2015\\\/07\\\/25\\\/seniorerna-fixade-vafflor-pa-slattalordag-marknad\\\/#primaryimage\"},\"thumbnailUrl\":\"https:\\\/\\\/wp.kristdemokraterna.se\\\/varnamo\\\/files\\\/2015\\\/07\\\/20150725_slattalordagmarknad_vaffelbakning.jpg\",\"datePublished\":\"2015-07-25T12:12:27+00:00\",\"breadcrumb\":{\"@id\":\"https:\\\/\\\/wp.kristdemokraterna.se\\\/varnamo\\\/2015\\\/07\\\/25\\\/seniorerna-fixade-vafflor-pa-slattalordag-marknad\\\/#breadcrumb\"},\"inLanguage\":\"sv-SE\",\"potentialAction\":[{\"@type\":\"ReadAction\",\"target\":[\"https:\\\/\\\/wp.kristdemokraterna.se\\\/varnamo\\\/2015\\\/07\\\/25\\\/seniorerna-fixade-vafflor-pa-slattalordag-marknad\\\/\"]}]},{\"@type\":\"ImageObject\",\"inLanguage\":\"sv-SE\",\"@id\":\"https:\\\/\\\/wp.kristdemokraterna.se\\\/varnamo\\\/2015\\\/07\\\/25\\\/seniorerna-fixade-vafflor-pa-slattalordag-marknad\\\/#primaryimage\",\"url\":\"https:\\\/\\\/wp.kristdemokraterna.se\\\/varnamo\\\/files\\\/2015\\\/07\\\/20150725_slattalordagmarknad_vaffelbakning.jpg\",\"contentUrl\":\"https:\\\/\\\/wp.kristdemokraterna.se\\\/varnamo\\\/files\\\/2015\\\/07\\\/20150725_slattalordagmarknad_vaffelbakning.jpg\",\"width\":1200,\"height\":674,\"caption\":\"I v\u00e5ffelvagnen gick j\u00e4rnen varma... (Foto: H\u00e5kan Johansson)\"},{\"@type\":\"BreadcrumbList\",\"@id\":\"https:\\\/\\\/wp.kristdemokraterna.se\\\/varnamo\\\/2015\\\/07\\\/25\\\/seniorerna-fixade-vafflor-pa-slattalordag-marknad\\\/#breadcrumb\",\"itemListElement\":[{\"@type\":\"ListItem\",\"position\":1,\"name\":\"Hem\",\"item\":\"https:\\\/\\\/wp.kristdemokraterna.se\\\/varnamo\\\/\"},{\"@type\":\"ListItem\",\"position\":2,\"name\":\"Seniorerna fixade v\u00e5fflor p\u00e5 Sl\u00e5ttal\u00f6rdag marknad\"}]},{\"@type\":\"WebSite\",\"@id\":\"https:\\\/\\\/wp.kristdemokraterna.se\\\/varnamo\\\/#website\",\"url\":\"https:\\\/\\\/wp.kristdemokraterna.se\\\/varnamo\\\/\",\"name\":\"KRISTDEMOKRATERNA V\u00c4RNAMO\",\"description\":\"Med hj\u00e4rta f\u00f6r V\u00e4rnamo\",\"publisher\":{\"@id\":\"https:\\\/\\\/wp.kristdemokraterna.se\\\/varnamo\\\/#organization\"},\"inLanguage\":\"sv-SE\"},{\"@type\":\"Organization\",\"@id\":\"https:\\\/\\\/wp.kristdemokraterna.se\\\/varnamo\\\/#organization\",\"name\":\"Kristdemokraterna V\u00e4rnamo\",\"url\":\"https:\\\/\\\/wp.kristdemokraterna.se\\\/varnamo\\\/\",\"logo\":{\"@type\":\"ImageObject\",\"inLanguage\":\"sv-SE\",\"@id\":\"https:\\\/\\\/wp.kristdemokraterna.se\\\/varnamo\\\/#\\\/schema\\\/logo\\\/image\\\/\",\"url\":\"https:\\\/\\\/wp.kristdemokraterna.se\\\/varnamo\\\/files\\\/2022\\\/08\\\/va\u2560ernamo-sida-bla-300dpi.png\",\"contentUrl\":\"https:\\\/\\\/wp.kristdemokraterna.se\\\/varnamo\\\/files\\\/2022\\\/08\\\/va\u2560ernamo-sida-bla-300dpi.png\",\"width\":1485,\"height\":681,\"caption\":\"Kristdemokraterna V\u00e4rnamo\"},\"image\":{\"@id\":\"https:\\\/\\\/wp.kristdemokraterna.se\\\/varnamo\\\/#\\\/schema\\\/logo\\\/image\\\/\"},\"sameAs\":[\"https:\\\/\\\/www.facebook.com\\\/KDVarnamo\\\/\",\"https:\\\/\\\/x.com\\\/KDVarnamo\",\"https:\\\/\\\/www.instagram.com\\\/\",\"https:\\\/\\\/www.youtube.com\\\/user\\\/studiokd\\\/videos\"]},{\"@type\":\"Person\",\"@id\":\"https:\\\/\\\/wp.kristdemokraterna.se\\\/varnamo\\\/#\\\/schema\\\/person\\\/4e339ab04d613699e4dfe80a994e01d4\",\"name\":\"Kristdemokraterna V\u00e4rnamo\",\"image\":{\"@type\":\"ImageObject\",\"inLanguage\":\"sv-SE\",\"@id\":\"https:\\\/\\\/secure.gravatar.com\\\/avatar\\\/c122e48c7723992af51eb155eeaa93db3c1fa324e3fc6ec45dd712c812809b5b?s=96&r=g\",\"url\":\"https:\\\/\\\/secure.gravatar.com\\\/avatar\\\/c122e48c7723992af51eb155eeaa93db3c1fa324e3fc6ec45dd712c812809b5b?s=96&r=g\",\"contentUrl\":\"https:\\\/\\\/secure.gravatar.com\\\/avatar\\\/c122e48c7723992af51eb155eeaa93db3c1fa324e3fc6ec45dd712c812809b5b?s=96&r=g\",\"caption\":\"Kristdemokraterna V\u00e4rnamo\"},\"description\":\"Familjens r\u00f6st\",\"sameAs\":[\"http:\\\/\\\/www.varnamo.kristdemokraterna.se\"],\"url\":\"https:\\\/\\\/wp.kristdemokraterna.se\\\/varnamo\\\/author\\\/varnamo\\\/\"}]}<\/script>\n<!-- \/ Yoast SEO plugin. -->","yoast_head_json":{"title":"Seniorerna fixade v\u00e5fflor p\u00e5 Sl\u00e5ttal\u00f6rdag marknad - KRISTDEMOKRATERNA V\u00c4RNAMO","robots":{"index":"index","follow":"follow","max-snippet":"max-snippet:-1","max-image-preview":"max-image-preview:large","max-video-preview":"max-video-preview:-1"},"canonical":"https:\/\/wp.kristdemokraterna.se\/varnamo\/2015\/07\/25\/seniorerna-fixade-vafflor-pa-slattalordag-marknad\/","og_locale":"sv_SE","og_type":"article","og_title":"Seniorerna fixade v\u00e5fflor p\u00e5 Sl\u00e5ttal\u00f6rdag marknad - KRISTDEMOKRATERNA V\u00c4RNAMO","og_description":"Sl\u00e5ttal\u00f6rdag \u00e4r en traditionell marknadsdag i V\u00e4rnamo. D\u00e5 tog Kristdemokraternas seniorf\u00f6rbund hit sin v\u00e5ffelvagn fr\u00e5n Habo, f\u00f6r vad passar v\u00e4l b\u00e4ttre \u00e4n v\u00e5fflor p\u00e5 en marknad?! Trots regn och rusk s\u00e5 var det en hel del marknadsbes\u00f6kare som passade p\u00e5 att ta emot\u00a0ett v\u00e5ffelhj\u00e4rta och fr\u00e5ga\u00a0om kristdemokratisk seniorpolitik.","og_url":"https:\/\/wp.kristdemokraterna.se\/varnamo\/2015\/07\/25\/seniorerna-fixade-vafflor-pa-slattalordag-marknad\/","og_site_name":"KRISTDEMOKRATERNA V\u00c4RNAMO","article_publisher":"https:\/\/www.facebook.com\/KDVarnamo\/","article_published_time":"2015-07-25T12:12:27+00:00","og_image":[{"width":1200,"height":674,"url":"https:\/\/wp.kristdemokraterna.se\/varnamo\/files\/2015\/07\/20150725_slattalordagmarknad_vaffelbakning.jpg","type":"image\/jpeg"}],"author":"Kristdemokraterna V\u00e4rnamo","twitter_card":"summary_large_image","twitter_creator":"@KDVarnamo","twitter_site":"@KDVarnamo","twitter_misc":{"Skriven av":"Kristdemokraterna V\u00e4rnamo"},"schema":{"@context":"https:\/\/schema.org","@graph":[{"@type":"Article","@id":"https:\/\/wp.kristdemokraterna.se\/varnamo\/2015\/07\/25\/seniorerna-fixade-vafflor-pa-slattalordag-marknad\/#article","isPartOf":{"@id":"https:\/\/wp.kristdemokraterna.se\/varnamo\/2015\/07\/25\/seniorerna-fixade-vafflor-pa-slattalordag-marknad\/"},"author":{"name":"Kristdemokraterna V\u00e4rnamo","@id":"https:\/\/wp.kristdemokraterna.se\/varnamo\/#\/schema\/person\/4e339ab04d613699e4dfe80a994e01d4"},"headline":"Seniorerna fixade v\u00e5fflor p\u00e5 Sl\u00e5ttal\u00f6rdag marknad","datePublished":"2015-07-25T12:12:27+00:00","mainEntityOfPage":{"@id":"https:\/\/wp.kristdemokraterna.se\/varnamo\/2015\/07\/25\/seniorerna-fixade-vafflor-pa-slattalordag-marknad\/"},"wordCount":79,"publisher":{"@id":"https:\/\/wp.kristdemokraterna.se\/varnamo\/#organization"},"image":{"@id":"https:\/\/wp.kristdemokraterna.se\/varnamo\/2015\/07\/25\/seniorerna-fixade-vafflor-pa-slattalordag-marknad\/#primaryimage"},"thumbnailUrl":"https:\/\/wp.kristdemokraterna.se\/varnamo\/files\/2015\/07\/20150725_slattalordagmarknad_vaffelbakning.jpg","keywords":["\u00e4ldre","kampanj","marknad","seniorf\u00f6rbundet","sl\u00e5ttal\u00f6rdag","v\u00e5ffelvagn"],"articleSection":["Nyheter"],"inLanguage":"sv-SE"},{"@type":"WebPage","@id":"https:\/\/wp.kristdemokraterna.se\/varnamo\/2015\/07\/25\/seniorerna-fixade-vafflor-pa-slattalordag-marknad\/","url":"https:\/\/wp.kristdemokraterna.se\/varnamo\/2015\/07\/25\/seniorerna-fixade-vafflor-pa-slattalordag-marknad\/","name":"Seniorerna fixade v\u00e5fflor p\u00e5 Sl\u00e5ttal\u00f6rdag marknad - KRISTDEMOKRATERNA V\u00c4RNAMO","isPartOf":{"@id":"https:\/\/wp.kristdemokraterna.se\/varnamo\/#website"},"primaryImageOfPage":{"@id":"https:\/\/wp.kristdemokraterna.se\/varnamo\/2015\/07\/25\/seniorerna-fixade-vafflor-pa-slattalordag-marknad\/#primaryimage"},"image":{"@id":"https:\/\/wp.kristdemokraterna.se\/varnamo\/2015\/07\/25\/seniorerna-fixade-vafflor-pa-slattalordag-marknad\/#primaryimage"},"thumbnailUrl":"https:\/\/wp.kristdemokraterna.se\/varnamo\/files\/2015\/07\/20150725_slattalordagmarknad_vaffelbakning.jpg","datePublished":"2015-07-25T12:12:27+00:00","breadcrumb":{"@id":"https:\/\/wp.kristdemokraterna.se\/varnamo\/2015\/07\/25\/seniorerna-fixade-vafflor-pa-slattalordag-marknad\/#breadcrumb"},"inLanguage":"sv-SE","potentialAction":[{"@type":"ReadAction","target":["https:\/\/wp.kristdemokraterna.se\/varnamo\/2015\/07\/25\/seniorerna-fixade-vafflor-pa-slattalordag-marknad\/"]}]},{"@type":"ImageObject","inLanguage":"sv-SE","@id":"https:\/\/wp.kristdemokraterna.se\/varnamo\/2015\/07\/25\/seniorerna-fixade-vafflor-pa-slattalordag-marknad\/#primaryimage","url":"https:\/\/wp.kristdemokraterna.se\/varnamo\/files\/2015\/07\/20150725_slattalordagmarknad_vaffelbakning.jpg","contentUrl":"https:\/\/wp.kristdemokraterna.se\/varnamo\/files\/2015\/07\/20150725_slattalordagmarknad_vaffelbakning.jpg","width":1200,"height":674,"caption":"I v\u00e5ffelvagnen gick j\u00e4rnen varma... (Foto: H\u00e5kan Johansson)"},{"@type":"BreadcrumbList","@id":"https:\/\/wp.kristdemokraterna.se\/varnamo\/2015\/07\/25\/seniorerna-fixade-vafflor-pa-slattalordag-marknad\/#breadcrumb","itemListElement":[{"@type":"ListItem","position":1,"name":"Hem","item":"https:\/\/wp.kristdemokraterna.se\/varnamo\/"},{"@type":"ListItem","position":2,"name":"Seniorerna fixade v\u00e5fflor p\u00e5 Sl\u00e5ttal\u00f6rdag marknad"}]},{"@type":"WebSite","@id":"https:\/\/wp.kristdemokraterna.se\/varnamo\/#website","url":"https:\/\/wp.kristdemokraterna.se\/varnamo\/","name":"KRISTDEMOKRATERNA V\u00c4RNAMO","description":"Med hj\u00e4rta f\u00f6r V\u00e4rnamo","publisher":{"@id":"https:\/\/wp.kristdemokraterna.se\/varnamo\/#organization"},"inLanguage":"sv-SE"},{"@type":"Organization","@id":"https:\/\/wp.kristdemokraterna.se\/varnamo\/#organization","name":"Kristdemokraterna V\u00e4rnamo","url":"https:\/\/wp.kristdemokraterna.se\/varnamo\/","logo":{"@type":"ImageObject","inLanguage":"sv-SE","@id":"https:\/\/wp.kristdemokraterna.se\/varnamo\/#\/schema\/logo\/image\/","url":"https:\/\/wp.kristdemokraterna.se\/varnamo\/files\/2022\/08\/va\u2560ernamo-sida-bla-300dpi.png","contentUrl":"https:\/\/wp.kristdemokraterna.se\/varnamo\/files\/2022\/08\/va\u2560ernamo-sida-bla-300dpi.png","width":1485,"height":681,"caption":"Kristdemokraterna V\u00e4rnamo"},"image":{"@id":"https:\/\/wp.kristdemokraterna.se\/varnamo\/#\/schema\/logo\/image\/"},"sameAs":["https:\/\/www.facebook.com\/KDVarnamo\/","https:\/\/x.com\/KDVarnamo","https:\/\/www.instagram.com\/","https:\/\/www.youtube.com\/user\/studiokd\/videos"]},{"@type":"Person","@id":"https:\/\/wp.kristdemokraterna.se\/varnamo\/#\/schema\/person\/4e339ab04d613699e4dfe80a994e01d4","name":"Kristdemokraterna V\u00e4rnamo","image":{"@type":"ImageObject","inLanguage":"sv-SE","@id":"https:\/\/secure.gravatar.com\/avatar\/c122e48c7723992af51eb155eeaa93db3c1fa324e3fc6ec45dd712c812809b5b?s=96&r=g","url":"https:\/\/secure.gravatar.com\/avatar\/c122e48c7723992af51eb155eeaa93db3c1fa324e3fc6ec45dd712c812809b5b?s=96&r=g","contentUrl":"https:\/\/secure.gravatar.com\/avatar\/c122e48c7723992af51eb155eeaa93db3c1fa324e3fc6ec45dd712c812809b5b?s=96&r=g","caption":"Kristdemokraterna V\u00e4rnamo"},"description":"Familjens r\u00f6st","sameAs":["http:\/\/www.varnamo.kristdemokraterna.se"],"url":"https:\/\/wp.kristdemokraterna.se\/varnamo\/author\/varnamo\/"}]}},"_links":{"self":[{"href":"https:\/\/wp.kristdemokraterna.se\/varnamo\/wp-json\/wp\/v2\/posts\/6967","targetHints":{"allow":["GET"]}}],"collection":[{"href":"https:\/\/wp.kristdemokraterna.se\/varnamo\/wp-json\/wp\/v2\/posts"}],"about":[{"href":"https:\/\/wp.kristdemokraterna.se\/varnamo\/wp-json\/wp\/v2\/types\/post"}],"author":[{"embeddable":true,"href":"https:\/\/wp.kristdemokraterna.se\/varnamo\/wp-json\/wp\/v2\/users\/412"}],"replies":[{"embeddable":true,"href":"https:\/\/wp.kristdemokraterna.se\/varnamo\/wp-json\/wp\/v2\/comments?post=6967"}],"version-history":[{"count":4,"href":"https:\/\/wp.kristdemokraterna.se\/varnamo\/wp-json\/wp\/v2\/posts\/6967\/revisions"}],"predecessor-version":[{"id":6971,"href":"https:\/\/wp.kristdemokraterna.se\/varnamo\/wp-json\/wp\/v2\/posts\/6967\/revisions\/6971"}],"wp:featuredmedia":[{"embeddable":true,"href":"https:\/\/wp.kristdemokraterna.se\/varnamo\/wp-json\/wp\/v2\/media\/6965"}],"wp:attachment":[{"href":"https:\/\/wp.kristdemokraterna.se\/varnamo\/wp-json\/wp\/v2\/media?parent=6967"}],"wp:term":[{"taxonomy":"category","embeddable":true,"href":"https:\/\/wp.kristdemokraterna.se\/varnamo\/wp-json\/wp\/v2\/categories?post=6967"},{"taxonomy":"post_tag","embeddable":true,"href":"https:\/\/wp.kristdemokraterna.se\/varnamo\/wp-json\/wp\/v2\/tags?post=6967"}],"curies":[{"name":"wp","href":"https:\/\/api.w.org\/{rel}","templated":true}]}}