{"id":7000,"date":"2015-11-16T22:57:50","date_gmt":"2015-11-16T21:57:50","guid":{"rendered":"http:\/\/wp.kristdemokraterna.se\/varnamo\/?p=7000"},"modified":"2015-11-21T18:34:57","modified_gmt":"2015-11-21T17:34:57","slug":"camilla-ny-partidistriktsordforande","status":"publish","type":"post","link":"https:\/\/wp.kristdemokraterna.se\/varnamo\/2015\/11\/16\/camilla-ny-partidistriktsordforande\/","title":{"rendered":"Camilla ny partidistriktsordf\u00f6rande"},"content":{"rendered":"<p>N\u00e4r Kristdemokraternas partidistrikt i J\u00f6nk\u00f6pings l\u00e4n hade extra partidistrikts\u00e5rsm\u00f6te i Tran\u00e5s valde man bland annat en ny ordf\u00f6rande. Det blev Camilla Rinaldo Miller fr\u00e5n Bredaryd. Hon \u00e4r d\u00e4rmed den f\u00f6rsta partidistriktsordf\u00f6randen fr\u00e5n partiavdelningen i V\u00e4rnamo.<\/p>\n<p><!--more--><\/p>\n<p>M\u00f6tet startade med att Anne-Christine Backlund, ordf\u00f6rande f\u00f6r Kristdemokraterna i Tran\u00e5s, h\u00e4lsade v\u00e4lkomna och ber\u00e4ttade om kommunen. D\u00e4refter var det dags f\u00f6r partidistriktsordf\u00f6randen och riksdagsledamoten Andreas Carlson fr\u00e5n Mullsj\u00f6. Han gav en inblick\u00a0fr\u00e5n riksdagsarbetet och f\u00f6rdjupade sig bland annat i integrations- och flyktingfr\u00e5gor, d\u00e4r han menar att Kristdemokraterna m\u00e5ste forts\u00e4tta f\u00f6lja sin linje med b\u00e5de hj\u00e4rta och hj\u00e4rna i flyktingpolitiken.<\/p>\n<p>Efter att ha antagit budget f\u00f6r \u00e5r 2016 och en verksamhetsplan som str\u00e4cker sig fram till valet 2018 kom den stora skr\u00e4llen. Andreas Carlson meddelade att han avg\u00e5r som partidistriktsordf\u00f6rande f\u00f6r att hinna med sitt uppdrag som gruppledare i Riksdagen och att bes\u00f6ka partiavdelningarna mer. \u00c5rsm\u00f6tet r\u00f6stade enligt valberedningens f\u00f6rslag: Camilla Rinaldo Miller, Bredaryd, ordf\u00f6rande, Stefan Gustafsson, S\u00e4vsj\u00f6, 1 v ordf\u00f6rande och Andreas Carlson, Mullsj\u00f6, 2 v ordf\u00f6rande.<\/p>\n<p>Camilla Rinaldo Miller var tidigare 1 v ordf\u00f6rande i partidistriktet, som \u00e4r Kristdemokraternas st\u00f6rsta. Med valet av henne till partidistriktsordf\u00f6rande \u00e4r hon den f\u00f6rsta partidistriktsordf\u00f6randen fr\u00e5n partiavdelningen i V\u00e4rnamo kommun.<\/p>\n\n\t\t<style type=\"text\/css\">\n\t\t\t#gallery-1 {\n\t\t\t\tmargin: auto;\n\t\t\t}\n\t\t\t#gallery-1 .gallery-item {\n\t\t\t\tfloat: left;\n\t\t\t\tmargin-top: 10px;\n\t\t\t\ttext-align: center;\n\t\t\t\twidth: 33%;\n\t\t\t}\n\t\t\t#gallery-1 img {\n\t\t\t\tborder: 2px solid #cfcfcf;\n\t\t\t}\n\t\t\t#gallery-1 .gallery-caption {\n\t\t\t\tmargin-left: 0;\n\t\t\t}\n\t\t\t\/* see gallery_shortcode() in wp-includes\/media.php *\/\n\t\t<\/style>\n\t\t<div id='gallery-1' class='gallery galleryid-7000 gallery-columns-3 gallery-size-thumbnail'><dl class='gallery-item'>\n\t\t\t<dt class='gallery-icon portrait'>\n\t\t\t\t<a href='https:\/\/wp.kristdemokraterna.se\/varnamo\/2015\/11\/16\/camilla-ny-partidistriktsordforande\/20151116-partidistriktsarsmote-andreascarlson\/'><img loading=\"lazy\" decoding=\"async\" width=\"150\" height=\"150\" src=\"https:\/\/wp.kristdemokraterna.se\/varnamo\/files\/2015\/11\/20151116_partidistriktsarsmote_andreascarlson-150x150.jpg\" class=\"attachment-thumbnail size-thumbnail\" alt=\"I sitt inledningstal betonade partidistriktsordf\u00f6rande Andreas Carlson, Mullsj\u00f6, att Kristdemokraterna m\u00e5ste forts\u00e4tta f\u00f6lja sin linje med b\u00e5de hj\u00e4rta och hj\u00e4rna i flyktingpolitiken. (Foto: H\u00e5kan Johansson)\" aria-describedby=\"gallery-1-7002\" \/><\/a>\n\t\t\t<\/dt>\n\t\t\t\t<dd class='wp-caption-text gallery-caption' id='gallery-1-7002'>\n\t\t\t\tI sitt inledningstal betonade partidistriktsordf\u00f6rande Andreas Carlson, Mullsj\u00f6,  att Kristdemokraterna m\u00e5ste forts\u00e4tta f\u00f6lja sin linje med b\u00e5de hj\u00e4rta och hj\u00e4rna i flyktingpolitiken. (Foto: H\u00e5kan Johansson)\n\t\t\t\t<\/dd><\/dl><dl class='gallery-item'>\n\t\t\t<dt class='gallery-icon landscape'>\n\t\t\t\t<a href='https:\/\/wp.kristdemokraterna.se\/varnamo\/2015\/11\/16\/camilla-ny-partidistriktsordforande\/20151116-partidistriktsarsmote-camillarinaldomiller\/'><img loading=\"lazy\" decoding=\"async\" width=\"150\" height=\"150\" src=\"https:\/\/wp.kristdemokraterna.se\/varnamo\/files\/2015\/11\/20151116_partidistriktsarsmote_camillarinaldomiller-150x150.jpg\" class=\"attachment-thumbnail size-thumbnail\" alt=\"N\u00e4r Kristdemokraternas j\u00f6nk\u00f6pingsdistrikt hade extra partidistrikts\u00e5rsm\u00f6te i Tran\u00e5s valdes Camilla Rinaldo Miller fr\u00e5n Bredaryd till ny partidistriktsordf\u00f6rande. (Foto: H\u00e5kan Johansson)\" aria-describedby=\"gallery-1-7003\" \/><\/a>\n\t\t\t<\/dt>\n\t\t\t\t<dd class='wp-caption-text gallery-caption' id='gallery-1-7003'>\n\t\t\t\tN\u00e4r Kristdemokraternas j\u00f6nk\u00f6pingsdistrikt hade extra partidistrikts\u00e5rsm\u00f6te i Tran\u00e5s valdes Camilla Rinaldo Miller fr\u00e5n Bredaryd till ny partidistriktsordf\u00f6rande. (Foto: H\u00e5kan Johansson)\n\t\t\t\t<\/dd><\/dl>\n\t\t\t<br style='clear: both' \/>\n\t\t<\/div>\n\n","protected":false},"excerpt":{"rendered":"<p>N\u00e4r Kristdemokraternas partidistrikt i J\u00f6nk\u00f6pings l\u00e4n hade extra partidistrikts\u00e5rsm\u00f6te i Tran\u00e5s valde man bland annat en ny ordf\u00f6rande. Det blev Camilla Rinaldo Miller fr\u00e5n Bredaryd. Hon \u00e4r d\u00e4rmed den f\u00f6rsta partidistriktsordf\u00f6randen fr\u00e5n partiavdelningen i V\u00e4rnamo.<\/p>\n","protected":false},"author":412,"featured_media":7003,"comment_status":"closed","ping_status":"closed","sticky":false,"template":"","format":"standard","meta":{"_acf_changed":false,"footnotes":""},"categories":[11],"tags":[83,764,21,761,763,46,468],"class_list":["post-7000","post","type-post","status-publish","format-standard","hentry","category-nyheter","tag-andreas-carlson","tag-anne-christine-backlund","tag-camilla-rinaldo-miller","tag-partidistriktsarsmote","tag-partidistriktsordforande","tag-riksdagsledamot","tag-stefan-gustafsson"],"acf":[],"yoast_head":"<!-- This site is optimized with the Yoast SEO plugin v27.4 - https:\/\/yoast.com\/product\/yoast-seo-wordpress\/ -->\n<title>Camilla ny partidistriktsordf\u00f6rande - KRISTDEMOKRATERNA V\u00c4RNAMO<\/title>\n<meta name=\"robots\" content=\"index, follow, max-snippet:-1, max-image-preview:large, max-video-preview:-1\" \/>\n<link rel=\"canonical\" href=\"https:\/\/wp.kristdemokraterna.se\/varnamo\/2015\/11\/16\/camilla-ny-partidistriktsordforande\/\" \/>\n<meta property=\"og:locale\" content=\"sv_SE\" \/>\n<meta property=\"og:type\" content=\"article\" \/>\n<meta property=\"og:title\" content=\"Camilla ny partidistriktsordf\u00f6rande - KRISTDEMOKRATERNA V\u00c4RNAMO\" \/>\n<meta property=\"og:description\" content=\"N\u00e4r Kristdemokraternas partidistrikt i J\u00f6nk\u00f6pings l\u00e4n hade extra partidistrikts\u00e5rsm\u00f6te i Tran\u00e5s valde man bland annat en ny ordf\u00f6rande. Det blev Camilla Rinaldo Miller fr\u00e5n Bredaryd. Hon \u00e4r d\u00e4rmed den f\u00f6rsta partidistriktsordf\u00f6randen fr\u00e5n partiavdelningen i V\u00e4rnamo.\" \/>\n<meta property=\"og:url\" content=\"https:\/\/wp.kristdemokraterna.se\/varnamo\/2015\/11\/16\/camilla-ny-partidistriktsordforande\/\" \/>\n<meta property=\"og:site_name\" content=\"KRISTDEMOKRATERNA V\u00c4RNAMO\" \/>\n<meta property=\"article:publisher\" content=\"https:\/\/www.facebook.com\/KDVarnamo\/\" \/>\n<meta property=\"article:published_time\" content=\"2015-11-16T21:57:50+00:00\" \/>\n<meta property=\"article:modified_time\" content=\"2015-11-21T17:34:57+00:00\" \/>\n<meta property=\"og:image\" content=\"https:\/\/wp.kristdemokraterna.se\/varnamo\/files\/2015\/11\/20151116_partidistriktsarsmote_camillarinaldomiller.jpg\" \/>\n\t<meta property=\"og:image:width\" content=\"1200\" \/>\n\t<meta property=\"og:image:height\" content=\"668\" \/>\n\t<meta property=\"og:image:type\" content=\"image\/jpeg\" \/>\n<meta name=\"author\" content=\"Kristdemokraterna V\u00e4rnamo\" \/>\n<meta name=\"twitter:card\" content=\"summary_large_image\" \/>\n<meta name=\"twitter:creator\" content=\"@KDVarnamo\" \/>\n<meta name=\"twitter:site\" content=\"@KDVarnamo\" \/>\n<meta name=\"twitter:label1\" content=\"Skriven av\" \/>\n\t<meta name=\"twitter:data1\" content=\"Kristdemokraterna V\u00e4rnamo\" \/>\n\t<meta name=\"twitter:label2\" content=\"Ber\u00e4knad l\u00e4stid\" \/>\n\t<meta name=\"twitter:data2\" content=\"1 minut\" \/>\n<script type=\"application\/ld+json\" class=\"yoast-schema-graph\">{\"@context\":\"https:\\\/\\\/schema.org\",\"@graph\":[{\"@type\":\"Article\",\"@id\":\"https:\\\/\\\/wp.kristdemokraterna.se\\\/varnamo\\\/2015\\\/11\\\/16\\\/camilla-ny-partidistriktsordforande\\\/#article\",\"isPartOf\":{\"@id\":\"https:\\\/\\\/wp.kristdemokraterna.se\\\/varnamo\\\/2015\\\/11\\\/16\\\/camilla-ny-partidistriktsordforande\\\/\"},\"author\":{\"name\":\"Kristdemokraterna V\u00e4rnamo\",\"@id\":\"https:\\\/\\\/wp.kristdemokraterna.se\\\/varnamo\\\/#\\\/schema\\\/person\\\/4e339ab04d613699e4dfe80a994e01d4\"},\"headline\":\"Camilla ny partidistriktsordf\u00f6rande\",\"datePublished\":\"2015-11-16T21:57:50+00:00\",\"dateModified\":\"2015-11-21T17:34:57+00:00\",\"mainEntityOfPage\":{\"@id\":\"https:\\\/\\\/wp.kristdemokraterna.se\\\/varnamo\\\/2015\\\/11\\\/16\\\/camilla-ny-partidistriktsordforande\\\/\"},\"wordCount\":255,\"publisher\":{\"@id\":\"https:\\\/\\\/wp.kristdemokraterna.se\\\/varnamo\\\/#organization\"},\"image\":{\"@id\":\"https:\\\/\\\/wp.kristdemokraterna.se\\\/varnamo\\\/2015\\\/11\\\/16\\\/camilla-ny-partidistriktsordforande\\\/#primaryimage\"},\"thumbnailUrl\":\"https:\\\/\\\/wp.kristdemokraterna.se\\\/varnamo\\\/files\\\/2015\\\/11\\\/20151116_partidistriktsarsmote_camillarinaldomiller.jpg\",\"keywords\":[\"Andreas Carlson\",\"Anne-Christine Backlund\",\"Camilla Rinaldo Miller\",\"partidistrikts\u00e5rsm\u00f6te\",\"partidistriktsordf\u00f6rande\",\"riksdagsledamot\",\"Stefan Gustafsson\"],\"articleSection\":[\"Nyheter\"],\"inLanguage\":\"sv-SE\"},{\"@type\":\"WebPage\",\"@id\":\"https:\\\/\\\/wp.kristdemokraterna.se\\\/varnamo\\\/2015\\\/11\\\/16\\\/camilla-ny-partidistriktsordforande\\\/\",\"url\":\"https:\\\/\\\/wp.kristdemokraterna.se\\\/varnamo\\\/2015\\\/11\\\/16\\\/camilla-ny-partidistriktsordforande\\\/\",\"name\":\"Camilla ny partidistriktsordf\u00f6rande - KRISTDEMOKRATERNA V\u00c4RNAMO\",\"isPartOf\":{\"@id\":\"https:\\\/\\\/wp.kristdemokraterna.se\\\/varnamo\\\/#website\"},\"primaryImageOfPage\":{\"@id\":\"https:\\\/\\\/wp.kristdemokraterna.se\\\/varnamo\\\/2015\\\/11\\\/16\\\/camilla-ny-partidistriktsordforande\\\/#primaryimage\"},\"image\":{\"@id\":\"https:\\\/\\\/wp.kristdemokraterna.se\\\/varnamo\\\/2015\\\/11\\\/16\\\/camilla-ny-partidistriktsordforande\\\/#primaryimage\"},\"thumbnailUrl\":\"https:\\\/\\\/wp.kristdemokraterna.se\\\/varnamo\\\/files\\\/2015\\\/11\\\/20151116_partidistriktsarsmote_camillarinaldomiller.jpg\",\"datePublished\":\"2015-11-16T21:57:50+00:00\",\"dateModified\":\"2015-11-21T17:34:57+00:00\",\"breadcrumb\":{\"@id\":\"https:\\\/\\\/wp.kristdemokraterna.se\\\/varnamo\\\/2015\\\/11\\\/16\\\/camilla-ny-partidistriktsordforande\\\/#breadcrumb\"},\"inLanguage\":\"sv-SE\",\"potentialAction\":[{\"@type\":\"ReadAction\",\"target\":[\"https:\\\/\\\/wp.kristdemokraterna.se\\\/varnamo\\\/2015\\\/11\\\/16\\\/camilla-ny-partidistriktsordforande\\\/\"]}]},{\"@type\":\"ImageObject\",\"inLanguage\":\"sv-SE\",\"@id\":\"https:\\\/\\\/wp.kristdemokraterna.se\\\/varnamo\\\/2015\\\/11\\\/16\\\/camilla-ny-partidistriktsordforande\\\/#primaryimage\",\"url\":\"https:\\\/\\\/wp.kristdemokraterna.se\\\/varnamo\\\/files\\\/2015\\\/11\\\/20151116_partidistriktsarsmote_camillarinaldomiller.jpg\",\"contentUrl\":\"https:\\\/\\\/wp.kristdemokraterna.se\\\/varnamo\\\/files\\\/2015\\\/11\\\/20151116_partidistriktsarsmote_camillarinaldomiller.jpg\",\"width\":1200,\"height\":668,\"caption\":\"N\u00e4r Kristdemokraternas j\u00f6nk\u00f6pingsdistrikt hade extra partidistrikts\u00e5rsm\u00f6te i Tran\u00e5s valdes Camilla Rinaldo Miller fr\u00e5n Bredaryd till ny partidistriktsordf\u00f6rande. (Foto: H\u00e5kan Johansson)\"},{\"@type\":\"BreadcrumbList\",\"@id\":\"https:\\\/\\\/wp.kristdemokraterna.se\\\/varnamo\\\/2015\\\/11\\\/16\\\/camilla-ny-partidistriktsordforande\\\/#breadcrumb\",\"itemListElement\":[{\"@type\":\"ListItem\",\"position\":1,\"name\":\"Hem\",\"item\":\"https:\\\/\\\/wp.kristdemokraterna.se\\\/varnamo\\\/\"},{\"@type\":\"ListItem\",\"position\":2,\"name\":\"Camilla ny partidistriktsordf\u00f6rande\"}]},{\"@type\":\"WebSite\",\"@id\":\"https:\\\/\\\/wp.kristdemokraterna.se\\\/varnamo\\\/#website\",\"url\":\"https:\\\/\\\/wp.kristdemokraterna.se\\\/varnamo\\\/\",\"name\":\"KRISTDEMOKRATERNA V\u00c4RNAMO\",\"description\":\"Med hj\u00e4rta f\u00f6r V\u00e4rnamo\",\"publisher\":{\"@id\":\"https:\\\/\\\/wp.kristdemokraterna.se\\\/varnamo\\\/#organization\"},\"inLanguage\":\"sv-SE\"},{\"@type\":\"Organization\",\"@id\":\"https:\\\/\\\/wp.kristdemokraterna.se\\\/varnamo\\\/#organization\",\"name\":\"Kristdemokraterna V\u00e4rnamo\",\"url\":\"https:\\\/\\\/wp.kristdemokraterna.se\\\/varnamo\\\/\",\"logo\":{\"@type\":\"ImageObject\",\"inLanguage\":\"sv-SE\",\"@id\":\"https:\\\/\\\/wp.kristdemokraterna.se\\\/varnamo\\\/#\\\/schema\\\/logo\\\/image\\\/\",\"url\":\"https:\\\/\\\/wp.kristdemokraterna.se\\\/varnamo\\\/files\\\/2022\\\/08\\\/va\u2560ernamo-sida-bla-300dpi.png\",\"contentUrl\":\"https:\\\/\\\/wp.kristdemokraterna.se\\\/varnamo\\\/files\\\/2022\\\/08\\\/va\u2560ernamo-sida-bla-300dpi.png\",\"width\":1485,\"height\":681,\"caption\":\"Kristdemokraterna V\u00e4rnamo\"},\"image\":{\"@id\":\"https:\\\/\\\/wp.kristdemokraterna.se\\\/varnamo\\\/#\\\/schema\\\/logo\\\/image\\\/\"},\"sameAs\":[\"https:\\\/\\\/www.facebook.com\\\/KDVarnamo\\\/\",\"https:\\\/\\\/x.com\\\/KDVarnamo\",\"https:\\\/\\\/www.instagram.com\\\/\",\"https:\\\/\\\/www.youtube.com\\\/user\\\/studiokd\\\/videos\"]},{\"@type\":\"Person\",\"@id\":\"https:\\\/\\\/wp.kristdemokraterna.se\\\/varnamo\\\/#\\\/schema\\\/person\\\/4e339ab04d613699e4dfe80a994e01d4\",\"name\":\"Kristdemokraterna V\u00e4rnamo\",\"image\":{\"@type\":\"ImageObject\",\"inLanguage\":\"sv-SE\",\"@id\":\"https:\\\/\\\/secure.gravatar.com\\\/avatar\\\/c122e48c7723992af51eb155eeaa93db3c1fa324e3fc6ec45dd712c812809b5b?s=96&r=g\",\"url\":\"https:\\\/\\\/secure.gravatar.com\\\/avatar\\\/c122e48c7723992af51eb155eeaa93db3c1fa324e3fc6ec45dd712c812809b5b?s=96&r=g\",\"contentUrl\":\"https:\\\/\\\/secure.gravatar.com\\\/avatar\\\/c122e48c7723992af51eb155eeaa93db3c1fa324e3fc6ec45dd712c812809b5b?s=96&r=g\",\"caption\":\"Kristdemokraterna V\u00e4rnamo\"},\"description\":\"Familjens r\u00f6st\",\"sameAs\":[\"http:\\\/\\\/www.varnamo.kristdemokraterna.se\"],\"url\":\"https:\\\/\\\/wp.kristdemokraterna.se\\\/varnamo\\\/author\\\/varnamo\\\/\"}]}<\/script>\n<!-- \/ Yoast SEO plugin. -->","yoast_head_json":{"title":"Camilla ny partidistriktsordf\u00f6rande - KRISTDEMOKRATERNA V\u00c4RNAMO","robots":{"index":"index","follow":"follow","max-snippet":"max-snippet:-1","max-image-preview":"max-image-preview:large","max-video-preview":"max-video-preview:-1"},"canonical":"https:\/\/wp.kristdemokraterna.se\/varnamo\/2015\/11\/16\/camilla-ny-partidistriktsordforande\/","og_locale":"sv_SE","og_type":"article","og_title":"Camilla ny partidistriktsordf\u00f6rande - KRISTDEMOKRATERNA V\u00c4RNAMO","og_description":"N\u00e4r Kristdemokraternas partidistrikt i J\u00f6nk\u00f6pings l\u00e4n hade extra partidistrikts\u00e5rsm\u00f6te i Tran\u00e5s valde man bland annat en ny ordf\u00f6rande. Det blev Camilla Rinaldo Miller fr\u00e5n Bredaryd. Hon \u00e4r d\u00e4rmed den f\u00f6rsta partidistriktsordf\u00f6randen fr\u00e5n partiavdelningen i V\u00e4rnamo.","og_url":"https:\/\/wp.kristdemokraterna.se\/varnamo\/2015\/11\/16\/camilla-ny-partidistriktsordforande\/","og_site_name":"KRISTDEMOKRATERNA V\u00c4RNAMO","article_publisher":"https:\/\/www.facebook.com\/KDVarnamo\/","article_published_time":"2015-11-16T21:57:50+00:00","article_modified_time":"2015-11-21T17:34:57+00:00","og_image":[{"width":1200,"height":668,"url":"https:\/\/wp.kristdemokraterna.se\/varnamo\/files\/2015\/11\/20151116_partidistriktsarsmote_camillarinaldomiller.jpg","type":"image\/jpeg"}],"author":"Kristdemokraterna V\u00e4rnamo","twitter_card":"summary_large_image","twitter_creator":"@KDVarnamo","twitter_site":"@KDVarnamo","twitter_misc":{"Skriven av":"Kristdemokraterna V\u00e4rnamo","Ber\u00e4knad l\u00e4stid":"1 minut"},"schema":{"@context":"https:\/\/schema.org","@graph":[{"@type":"Article","@id":"https:\/\/wp.kristdemokraterna.se\/varnamo\/2015\/11\/16\/camilla-ny-partidistriktsordforande\/#article","isPartOf":{"@id":"https:\/\/wp.kristdemokraterna.se\/varnamo\/2015\/11\/16\/camilla-ny-partidistriktsordforande\/"},"author":{"name":"Kristdemokraterna V\u00e4rnamo","@id":"https:\/\/wp.kristdemokraterna.se\/varnamo\/#\/schema\/person\/4e339ab04d613699e4dfe80a994e01d4"},"headline":"Camilla ny partidistriktsordf\u00f6rande","datePublished":"2015-11-16T21:57:50+00:00","dateModified":"2015-11-21T17:34:57+00:00","mainEntityOfPage":{"@id":"https:\/\/wp.kristdemokraterna.se\/varnamo\/2015\/11\/16\/camilla-ny-partidistriktsordforande\/"},"wordCount":255,"publisher":{"@id":"https:\/\/wp.kristdemokraterna.se\/varnamo\/#organization"},"image":{"@id":"https:\/\/wp.kristdemokraterna.se\/varnamo\/2015\/11\/16\/camilla-ny-partidistriktsordforande\/#primaryimage"},"thumbnailUrl":"https:\/\/wp.kristdemokraterna.se\/varnamo\/files\/2015\/11\/20151116_partidistriktsarsmote_camillarinaldomiller.jpg","keywords":["Andreas Carlson","Anne-Christine Backlund","Camilla Rinaldo Miller","partidistrikts\u00e5rsm\u00f6te","partidistriktsordf\u00f6rande","riksdagsledamot","Stefan Gustafsson"],"articleSection":["Nyheter"],"inLanguage":"sv-SE"},{"@type":"WebPage","@id":"https:\/\/wp.kristdemokraterna.se\/varnamo\/2015\/11\/16\/camilla-ny-partidistriktsordforande\/","url":"https:\/\/wp.kristdemokraterna.se\/varnamo\/2015\/11\/16\/camilla-ny-partidistriktsordforande\/","name":"Camilla ny partidistriktsordf\u00f6rande - KRISTDEMOKRATERNA V\u00c4RNAMO","isPartOf":{"@id":"https:\/\/wp.kristdemokraterna.se\/varnamo\/#website"},"primaryImageOfPage":{"@id":"https:\/\/wp.kristdemokraterna.se\/varnamo\/2015\/11\/16\/camilla-ny-partidistriktsordforande\/#primaryimage"},"image":{"@id":"https:\/\/wp.kristdemokraterna.se\/varnamo\/2015\/11\/16\/camilla-ny-partidistriktsordforande\/#primaryimage"},"thumbnailUrl":"https:\/\/wp.kristdemokraterna.se\/varnamo\/files\/2015\/11\/20151116_partidistriktsarsmote_camillarinaldomiller.jpg","datePublished":"2015-11-16T21:57:50+00:00","dateModified":"2015-11-21T17:34:57+00:00","breadcrumb":{"@id":"https:\/\/wp.kristdemokraterna.se\/varnamo\/2015\/11\/16\/camilla-ny-partidistriktsordforande\/#breadcrumb"},"inLanguage":"sv-SE","potentialAction":[{"@type":"ReadAction","target":["https:\/\/wp.kristdemokraterna.se\/varnamo\/2015\/11\/16\/camilla-ny-partidistriktsordforande\/"]}]},{"@type":"ImageObject","inLanguage":"sv-SE","@id":"https:\/\/wp.kristdemokraterna.se\/varnamo\/2015\/11\/16\/camilla-ny-partidistriktsordforande\/#primaryimage","url":"https:\/\/wp.kristdemokraterna.se\/varnamo\/files\/2015\/11\/20151116_partidistriktsarsmote_camillarinaldomiller.jpg","contentUrl":"https:\/\/wp.kristdemokraterna.se\/varnamo\/files\/2015\/11\/20151116_partidistriktsarsmote_camillarinaldomiller.jpg","width":1200,"height":668,"caption":"N\u00e4r Kristdemokraternas j\u00f6nk\u00f6pingsdistrikt hade extra partidistrikts\u00e5rsm\u00f6te i Tran\u00e5s valdes Camilla Rinaldo Miller fr\u00e5n Bredaryd till ny partidistriktsordf\u00f6rande. (Foto: H\u00e5kan Johansson)"},{"@type":"BreadcrumbList","@id":"https:\/\/wp.kristdemokraterna.se\/varnamo\/2015\/11\/16\/camilla-ny-partidistriktsordforande\/#breadcrumb","itemListElement":[{"@type":"ListItem","position":1,"name":"Hem","item":"https:\/\/wp.kristdemokraterna.se\/varnamo\/"},{"@type":"ListItem","position":2,"name":"Camilla ny partidistriktsordf\u00f6rande"}]},{"@type":"WebSite","@id":"https:\/\/wp.kristdemokraterna.se\/varnamo\/#website","url":"https:\/\/wp.kristdemokraterna.se\/varnamo\/","name":"KRISTDEMOKRATERNA V\u00c4RNAMO","description":"Med hj\u00e4rta f\u00f6r V\u00e4rnamo","publisher":{"@id":"https:\/\/wp.kristdemokraterna.se\/varnamo\/#organization"},"inLanguage":"sv-SE"},{"@type":"Organization","@id":"https:\/\/wp.kristdemokraterna.se\/varnamo\/#organization","name":"Kristdemokraterna V\u00e4rnamo","url":"https:\/\/wp.kristdemokraterna.se\/varnamo\/","logo":{"@type":"ImageObject","inLanguage":"sv-SE","@id":"https:\/\/wp.kristdemokraterna.se\/varnamo\/#\/schema\/logo\/image\/","url":"https:\/\/wp.kristdemokraterna.se\/varnamo\/files\/2022\/08\/va\u2560ernamo-sida-bla-300dpi.png","contentUrl":"https:\/\/wp.kristdemokraterna.se\/varnamo\/files\/2022\/08\/va\u2560ernamo-sida-bla-300dpi.png","width":1485,"height":681,"caption":"Kristdemokraterna V\u00e4rnamo"},"image":{"@id":"https:\/\/wp.kristdemokraterna.se\/varnamo\/#\/schema\/logo\/image\/"},"sameAs":["https:\/\/www.facebook.com\/KDVarnamo\/","https:\/\/x.com\/KDVarnamo","https:\/\/www.instagram.com\/","https:\/\/www.youtube.com\/user\/studiokd\/videos"]},{"@type":"Person","@id":"https:\/\/wp.kristdemokraterna.se\/varnamo\/#\/schema\/person\/4e339ab04d613699e4dfe80a994e01d4","name":"Kristdemokraterna V\u00e4rnamo","image":{"@type":"ImageObject","inLanguage":"sv-SE","@id":"https:\/\/secure.gravatar.com\/avatar\/c122e48c7723992af51eb155eeaa93db3c1fa324e3fc6ec45dd712c812809b5b?s=96&r=g","url":"https:\/\/secure.gravatar.com\/avatar\/c122e48c7723992af51eb155eeaa93db3c1fa324e3fc6ec45dd712c812809b5b?s=96&r=g","contentUrl":"https:\/\/secure.gravatar.com\/avatar\/c122e48c7723992af51eb155eeaa93db3c1fa324e3fc6ec45dd712c812809b5b?s=96&r=g","caption":"Kristdemokraterna V\u00e4rnamo"},"description":"Familjens r\u00f6st","sameAs":["http:\/\/www.varnamo.kristdemokraterna.se"],"url":"https:\/\/wp.kristdemokraterna.se\/varnamo\/author\/varnamo\/"}]}},"_links":{"self":[{"href":"https:\/\/wp.kristdemokraterna.se\/varnamo\/wp-json\/wp\/v2\/posts\/7000","targetHints":{"allow":["GET"]}}],"collection":[{"href":"https:\/\/wp.kristdemokraterna.se\/varnamo\/wp-json\/wp\/v2\/posts"}],"about":[{"href":"https:\/\/wp.kristdemokraterna.se\/varnamo\/wp-json\/wp\/v2\/types\/post"}],"author":[{"embeddable":true,"href":"https:\/\/wp.kristdemokraterna.se\/varnamo\/wp-json\/wp\/v2\/users\/412"}],"replies":[{"embeddable":true,"href":"https:\/\/wp.kristdemokraterna.se\/varnamo\/wp-json\/wp\/v2\/comments?post=7000"}],"version-history":[{"count":5,"href":"https:\/\/wp.kristdemokraterna.se\/varnamo\/wp-json\/wp\/v2\/posts\/7000\/revisions"}],"predecessor-version":[{"id":7009,"href":"https:\/\/wp.kristdemokraterna.se\/varnamo\/wp-json\/wp\/v2\/posts\/7000\/revisions\/7009"}],"wp:featuredmedia":[{"embeddable":true,"href":"https:\/\/wp.kristdemokraterna.se\/varnamo\/wp-json\/wp\/v2\/media\/7003"}],"wp:attachment":[{"href":"https:\/\/wp.kristdemokraterna.se\/varnamo\/wp-json\/wp\/v2\/media?parent=7000"}],"wp:term":[{"taxonomy":"category","embeddable":true,"href":"https:\/\/wp.kristdemokraterna.se\/varnamo\/wp-json\/wp\/v2\/categories?post=7000"},{"taxonomy":"post_tag","embeddable":true,"href":"https:\/\/wp.kristdemokraterna.se\/varnamo\/wp-json\/wp\/v2\/tags?post=7000"}],"curies":[{"name":"wp","href":"https:\/\/api.w.org\/{rel}","templated":true}]}}