{"id":7070,"date":"2016-02-05T23:21:08","date_gmt":"2016-02-05T22:21:08","guid":{"rendered":"http:\/\/wp.kristdemokraterna.se\/varnamo\/?p=7070"},"modified":"2016-02-07T19:57:58","modified_gmt":"2016-02-07T18:57:58","slug":"camilla-avgar-gunnar-tar-vid","status":"publish","type":"post","link":"https:\/\/wp.kristdemokraterna.se\/varnamo\/2016\/02\/05\/camilla-avgar-gunnar-tar-vid\/","title":{"rendered":"Camilla avg\u00e5r &#8211; Gunnar tar vid"},"content":{"rendered":"<p>Att Gunnar Crona tar vid som ordf\u00f6rande efter att Camilla Rinaldo Miller meddelat sin avg\u00e5ng var den stora kioskv\u00e4ltaren vid\u00a0Kristdemokraternas \u00e5rsm\u00f6te i V\u00e4rnamo. \u00c5rsm\u00f6tet g\u00e4stades av Kristdemokraternas partisekreterare Acko Ankarberg Johansson som talade om Kristdemokraternas v\u00e4rdef\u00f6rankrade politik med ett s\u00e4rskilt tryck p\u00e5 flyktingars situation och p\u00e5 integration.<\/p>\n<p><!--more--><\/p>\n<p>\u2013\u00a0N\u00e4r Gummifabriken invigs i september 2017 ska alla ha m\u00f6jlighet att vara med, ber\u00e4ttade verksamhetschef Tobias T\u00f6rnquist n\u00e4r han h\u00e4lsade Kristdemokraternas V\u00e4rnamo \u00e5rsm\u00f6te v\u00e4lkomna till Gummifabriken i V\u00e4rnamo. D\u00e4rf\u00f6r kommer\u00a0invigningsfesten att vara i \u00f6ver en vecka.<\/p>\n<p>\u2013 Sedan visionen om en m\u00f6tesplats f\u00f6r n\u00e4ringsliv, akademi och kultur b\u00f6rjade ta form med k\u00f6pet av Gummifabriken 2008 har den f\u00e5tt allt tydligare former, fortsatte han. Arbetet med byggnaderna f\u00f6ljer plan och redan undrar\u00a0vi\u00a0hur alla nya utbildningar ska f\u00e5 plats, men det \u00e4r ju ett k\u00e4rt bekymmer.<\/p>\n<p>AJT, f\u00f6r \u00e5rsm\u00f6teskv\u00e4llen i form av en duo, levererade gitarrjazz av yppersta klass.\u00a0Det m\u00e4rktes att de 30-talet f\u00f6rsamlade \u00e5rsm\u00f6tesdeltagarna uppskattade underh\u00e5llningen, inte minst vid samtalen runt fikat\u2026<\/p>\n<p>\u2013 Kristdemokraterna \u00e4r ett v\u00e4rdeorienterat parti, inledde Kristdemokraternas partisekreterare Acko Ankarberg Johansson sitt \u00e5rsm\u00f6testal. Det \u00e4r kristna v\u00e4rden v\u00e5rt parti bygger\u00a0p\u00e5. Det m\u00e5ste ta sig uttryck i hur vi m\u00f6ter m\u00e4nniskor och det blir extra p\u00e5tagligt\u00a0nu n\u00e4r s\u00e5 m\u00e5nga m\u00e4nniskor befinner sig p\u00e5 flykt ut\u00f6ver v\u00e5r v\u00e4rld.<\/p>\n<p>\u2013 Kristdemokraterna var tidigt ute med att visa p\u00e5 h\u00e5llbara s\u00e4tt att ta emot och integrera nya inv\u00e5nare i samh\u00e4llet utan att g\u00f6ra avkall p\u00e5 m\u00e4nskliga r\u00e4ttigheter som asylr\u00e4tten, sade hon vidare. Vi beh\u00f6ver dock g\u00f6ra mer\u00a0\u2013 framf\u00f6r allt bygga nya bostadsomr\u00e5den och d\u00e4r har Kristdemokraterna presenterat en l\u00e5ng rad f\u00f6rslag f\u00f6r att underl\u00e4tta bostadsbyggandet.<\/p>\n<p>I sitt engagerade tal ber\u00f6rde Acko Ankarberg Johansson \u00e4ven en rad andra politikomr\u00e5den som \u00e4ldreomsorgen d\u00e4r hon menar att det beh\u00f6vs mer valfrihet och att h\u00f6g \u00e5lder ska vara ett sk\u00e4l till att f\u00e5 plats i s\u00e4rskilt boende. Hon uppm\u00e4rksammade vidare att Kristdemokraternas EU-parlamentariker Lars Adaktussons initiativ\u00a0till en resolution om att \u00f6vergreppen mot kristna, jezidiska och andra etnoreligi\u00f6sa minoriteter i Irak och Syrien ska kunna\u00a0definieras som folkmord har vunnit bifall.<\/p>\n<p>Efter fika tog \u00e5rsm\u00f6tesf\u00f6rhandlingarna vid. Ur <a title=\"Verksamhetsber\u00e4ttelse f\u00f6r Kristdemokraterna i V\u00e4rnamo kommun, verksamhets\u00e5ret 2014\" href=\"#styrelse\">styrelsens verksamhetsber\u00e4ttelse<\/a> kunde m\u00f6tesordf\u00f6randen Camilla Rinaldo Miller l\u00e4sa om ett verksamhets\u00e5r d\u00e5\u00a0n\u00e4ringslivsf\u00f6reningen i Lanna\/Bredaryd fick ta emot Vitsippspriset. Partiavdelningen i V\u00e4rnamo nominerade\u00a0Ebba Busch Thor till ny partiledare, vilket hon sedermera valdes till. Att \u00e4ntligen f\u00e5 inviga Familjecentralen efter en l\u00e5ng kamp var roligt. Partiavdelningen har f\u00f6rutom marknadsaktiviteter och h\u00f6stfest \u00e4ven arrangerat\u00a0medlemsm\u00f6ten med olika teman som nytt principprogram och elevh\u00e4lsa. Vid \u00e5rsskiftet hade v\u00e4rnamoavdelningen 214 medlemmar.<\/p>\n<p>Fr\u00e5n <a title=\"Verksamhetsber\u00e4ttelse 2014 f\u00f6r Kristdemokraternas fullm\u00e4ktigegrupp I V\u00e4rnamo\" href=\"#kf\">kommunfullm\u00e4ktigegruppens verksamhetsber\u00e4ttelse<\/a> kunde \u00e5rsm\u00f6tet l\u00e4sa om ett aktivt debatt\u00e5r med m\u00e5nga kristdemokrater som h\u00f6rts ifr\u00e5n Kommunfullm\u00e4ktiges talarstol. Inte minst arbetet med att ta fram en ny vision f\u00f6r V\u00e4rnamo kommun har kr\u00e4vt mycket arbete och d\u00e4r har kristdemokraterna p\u00e5verkat formuleringar som\u00a0att betona att V\u00e4rnamos tillv\u00e4xt ska vara m\u00e4nsklig.<\/p>\n<p>Det var i samband med valen som \u00e5rsm\u00f6tets st\u00f6rsta skr\u00e4ll kom i form av att Camilla Rinaldo Miller meddelade att hon har\u00a0avsagt sig uppdraget som partiavdelningsordf\u00f6rande efter tre \u00e5r. Det var sedan <a href=\"http:\/\/wp.kristdemokraterna.se\/varnamo\/2015\/11\/16\/camilla-ny-partidistriktsordforande\/\">Camilla valdes till\u00a0ordf\u00f6rande f\u00f6r partidistriktet i J\u00f6nk\u00f6pings l\u00e4n<\/a>, f\u00f6r \u00f6vrigt Kristdemokraternas st\u00f6rsta, som hon ins\u00e5g att hon beh\u00f6ver\u00a0se \u00f6ver sina engagemang i partiet.<\/p>\n<p>I enlighet med partiets nya stadgar valde \u00e5rsm\u00f6tet f\u00f6rst Gunnar Crona till ordf\u00f6rande och Christer Fjordevik till vice ordf\u00f6rande.<\/p>\n<p>Till nya styrelseledam\u00f6ter p\u00e5 tv\u00e5 \u00e5r valdes Arnold Carlzon, Ibrahim Candemir, Camilla Rinaldo Miller, Patrik Ekvall och Xhilda Bushati.<\/p>\n<p>Gunnar Crona, H\u00e5kan Johansson, Gunnel Youngstr\u00f6m, Torbj\u00f6rn Eriksson och Lena Freij \u00e4r valda till \u00e5rsm\u00f6tet 2017.<\/p>\n<p>Leif B\u00e4ckrud, Peter Johnsson, Monica Johnsson och Mario Mikulic\u00a0valdes till ers\u00e4ttare i styrelsen.<\/p>\n<p>Ut\u00f6ver dessa val valde \u00e5rsm\u00f6tet \u00e4ven nomineringskommitt\u00e9, valledare och ett antal funktion\u00e4rer. Medlemsavgiften fastst\u00e4lldes till 180 kronor. Ett f\u00f6rslag till verksamhetsplan f\u00f6r 2016 och \u00f6vriga fr\u00e5gor om valberedningens arbetss\u00e4tt och ett uttalande \u00f6verl\u00e4mnades till styrelsen f\u00f6r vidare behandling.<\/p>\n<hr \/>\n<h2>L\u00e4s mer fr\u00e5n \u00e5rsm\u00f6tet<\/h2>\n<p>[<a title=\"Verksamhetsber\u00e4ttelse f\u00f6r Kristdemokraterna i V\u00e4rnamo kommun, verksamhets\u00e5ret 2014\" href=\"#styrelse\">Verksamhetsber\u00e4ttelse f\u00f6r Kristdemokraterna i V\u00e4rnamo kommun, verksamhets\u00e5ret 201<\/a>5]<\/p>\n<p>[<a title=\"Verksamhetsber\u00e4ttelse 2014 f\u00f6r Kristdemokraternas fullm\u00e4ktigegrupp I V\u00e4rnamo\" href=\"#kf\">Verksamhetsber\u00e4ttelse 2015 f\u00f6r Kristdemokraternas fullm\u00e4ktigegrupp I V\u00e4rnamo<\/a>]<\/p>\n<hr \/>\n\n\t\t<style type=\"text\/css\">\n\t\t\t#gallery-1 {\n\t\t\t\tmargin: auto;\n\t\t\t}\n\t\t\t#gallery-1 .gallery-item {\n\t\t\t\tfloat: left;\n\t\t\t\tmargin-top: 10px;\n\t\t\t\ttext-align: center;\n\t\t\t\twidth: 33%;\n\t\t\t}\n\t\t\t#gallery-1 img {\n\t\t\t\tborder: 2px solid #cfcfcf;\n\t\t\t}\n\t\t\t#gallery-1 .gallery-caption {\n\t\t\t\tmargin-left: 0;\n\t\t\t}\n\t\t\t\/* see gallery_shortcode() in wp-includes\/media.php *\/\n\t\t<\/style>\n\t\t<div id='gallery-1' class='gallery galleryid-7070 gallery-columns-3 gallery-size-thumbnail'><dl class='gallery-item'>\n\t\t\t<dt class='gallery-icon landscape'>\n\t\t\t\t<a href='https:\/\/wp.kristdemokraterna.se\/varnamo\/20160205-arsmote-gunnarcrona-camillarinaldomiller-tack\/'><img loading=\"lazy\" decoding=\"async\" width=\"150\" height=\"150\" src=\"https:\/\/wp.kristdemokraterna.se\/varnamo\/files\/2016\/02\/20160205_arsmote_gunnarcrona_camillarinaldomiller_tack-150x150.jpg\" class=\"attachment-thumbnail size-thumbnail\" alt=\"Gunnar Crona tackar Camilla Rinaldo Miller f\u00f6r hennes tre\u00e5riga ordf\u00f6randeskap f\u00f6r Kristdemokraterna V\u00e4rnamo. (Foto: H\u00e5kan Johansson)\" aria-describedby=\"gallery-1-7085\" \/><\/a>\n\t\t\t<\/dt>\n\t\t\t\t<dd class='wp-caption-text gallery-caption' id='gallery-1-7085'>\n\t\t\t\tGunnar Crona tackar Camilla Rinaldo Miller f\u00f6r hennes tre\u00e5riga ordf\u00f6randeskap f\u00f6r Kristdemokraterna V\u00e4rnamo. (Foto: H\u00e5kan Johansson)\n\t\t\t\t<\/dd><\/dl><dl class='gallery-item'>\n\t\t\t<dt class='gallery-icon landscape'>\n\t\t\t\t<a href='https:\/\/wp.kristdemokraterna.se\/varnamo\/20160205-arsmote-gunnarcrona-camillarinaldomiller-ordforandeskifte\/'><img loading=\"lazy\" decoding=\"async\" width=\"150\" height=\"150\" src=\"https:\/\/wp.kristdemokraterna.se\/varnamo\/files\/2016\/02\/20160205_arsmote_gunnarcrona_camillarinaldomiller_ordforandeskifte-150x150.jpg\" class=\"attachment-thumbnail size-thumbnail\" alt=\"Camilla Rinaldo Miller \u00f6verl\u00e4mnar ordf\u00f6randeklubban till Gunnar Crona f\u00f6r att kunna \u00e4gna sig mer \u00e5t arbetet som ordf\u00f6rande i Kristdemokraternas st\u00f6rsta partidistrikt. (Foto: H\u00e5kan Johansson)\" aria-describedby=\"gallery-1-7084\" \/><\/a>\n\t\t\t<\/dt>\n\t\t\t\t<dd class='wp-caption-text gallery-caption' id='gallery-1-7084'>\n\t\t\t\tCamilla Rinaldo Miller \u00f6verl\u00e4mnar ordf\u00f6randeklubban till Gunnar Crona f\u00f6r att kunna \u00e4gna sig mer \u00e5t arbetet som ordf\u00f6rande i Kristdemokraternas st\u00f6rsta partidistrikt. (Foto: H\u00e5kan Johansson)\n\t\t\t\t<\/dd><\/dl><dl class='gallery-item'>\n\t\t\t<dt class='gallery-icon portrait'>\n\t\t\t\t<a href='https:\/\/wp.kristdemokraterna.se\/varnamo\/20160205-arsmote-tobiastornquist\/'><img loading=\"lazy\" decoding=\"async\" width=\"150\" height=\"150\" src=\"https:\/\/wp.kristdemokraterna.se\/varnamo\/files\/2016\/02\/20160205_arsmote_tobiastornquist-150x150.jpg\" class=\"attachment-thumbnail size-thumbnail\" alt=\"Gummifabrikens verksamhetschef Tobias T\u00f6rnquist h\u00e4lsade v\u00e4lkommen och presenterade Gummifabrikens vision och utveckling. (Foto: H\u00e5kan Johansson)\" aria-describedby=\"gallery-1-7079\" \/><\/a>\n\t\t\t<\/dt>\n\t\t\t\t<dd class='wp-caption-text gallery-caption' id='gallery-1-7079'>\n\t\t\t\tGummifabrikens verksamhetschef Tobias T\u00f6rnquist h\u00e4lsade v\u00e4lkommen och presenterade Gummifabrikens vision och utveckling. (Foto: H\u00e5kan Johansson)\n\t\t\t\t<\/dd><\/dl><br style=\"clear: both\" \/><dl class='gallery-item'>\n\t\t\t<dt class='gallery-icon portrait'>\n\t\t\t\t<a href='https:\/\/wp.kristdemokraterna.se\/varnamo\/20160205-arsmote-gunnarcrona-camillarinaldomiller\/'><img loading=\"lazy\" decoding=\"async\" width=\"150\" height=\"150\" src=\"https:\/\/wp.kristdemokraterna.se\/varnamo\/files\/2016\/02\/20160205_arsmote_gunnarcrona_camillarinaldomiller-150x150.jpg\" class=\"attachment-thumbnail size-thumbnail\" alt=\"Gunnar Crona \u00f6verl\u00e4mnar en blomma till Camilla Rinaldo Miller f\u00f6r hennes tid som ordf\u00f6rande f\u00f6r Kristdemokraeterna V\u00e4rnamo. (Foto: H\u00e5kan Johansson)\" aria-describedby=\"gallery-1-7078\" \/><\/a>\n\t\t\t<\/dt>\n\t\t\t\t<dd class='wp-caption-text gallery-caption' id='gallery-1-7078'>\n\t\t\t\tGunnar Crona \u00f6verl\u00e4mnar en blomma till Camilla Rinaldo Miller f\u00f6r hennes tid som ordf\u00f6rande f\u00f6r Kristdemokraeterna V\u00e4rnamo. (Foto: H\u00e5kan Johansson)\n\t\t\t\t<\/dd><\/dl><dl class='gallery-item'>\n\t\t\t<dt class='gallery-icon landscape'>\n\t\t\t\t<a href='https:\/\/wp.kristdemokraterna.se\/varnamo\/20160205-arsmote-camillarinaldomiller-ackoankarbergjohansson-tobiastornquist\/'><img loading=\"lazy\" decoding=\"async\" width=\"150\" height=\"150\" src=\"https:\/\/wp.kristdemokraterna.se\/varnamo\/files\/2016\/02\/20160205_arsmote_camillarinaldomiller_ackoankarbergjohansson_tobiastornquist-150x150.jpg\" class=\"attachment-thumbnail size-thumbnail\" alt=\"Ordf\u00f6rande, partisekreterare och verksamhetschef in da house. (Foto: H\u00e5kan Johansson)\" aria-describedby=\"gallery-1-7076\" \/><\/a>\n\t\t\t<\/dt>\n\t\t\t\t<dd class='wp-caption-text gallery-caption' id='gallery-1-7076'>\n\t\t\t\tOrdf\u00f6rande, partisekreterare och verksamhetschef in da house. (Foto: H\u00e5kan Johansson)\n\t\t\t\t<\/dd><\/dl><dl class='gallery-item'>\n\t\t\t<dt class='gallery-icon portrait'>\n\t\t\t\t<a href='https:\/\/wp.kristdemokraterna.se\/varnamo\/20160205-arsmote-ackoankarbergjohansson1\/'><img loading=\"lazy\" decoding=\"async\" width=\"150\" height=\"150\" src=\"https:\/\/wp.kristdemokraterna.se\/varnamo\/files\/2016\/02\/20160205_arsmote_ackoankarbergjohansson1-150x150.jpg\" class=\"attachment-thumbnail size-thumbnail\" alt=\"Sveriges b\u00e4sta partisekreterare Acko Ankarberg Johansson (KD) i sitt esse h\u00e5ller ett v\u00e4rdeladdat tal djupt f\u00f6rankrat i kristdemokratiska v\u00e4rden p\u00e5 partiavdelnings\u00e5rsm\u00f6tet i V\u00e4rnamo. (Foto: H\u00e5kan Johansson)\" aria-describedby=\"gallery-1-7073\" \/><\/a>\n\t\t\t<\/dt>\n\t\t\t\t<dd class='wp-caption-text gallery-caption' id='gallery-1-7073'>\n\t\t\t\tSveriges b\u00e4sta partisekreterare Acko Ankarberg Johansson (KD) i sitt esse h\u00e5ller ett v\u00e4rdeladdat tal djupt f\u00f6rankrat i kristdemokratiska v\u00e4rden p\u00e5 partiavdelnings\u00e5rsm\u00f6tet i V\u00e4rnamo. (Foto: H\u00e5kan Johansson)\n\t\t\t\t<\/dd><\/dl><br style=\"clear: both\" \/><dl class='gallery-item'>\n\t\t\t<dt class='gallery-icon landscape'>\n\t\t\t\t<a href='https:\/\/wp.kristdemokraterna.se\/varnamo\/20160205-arsmote-gummifabriken\/'><img loading=\"lazy\" decoding=\"async\" width=\"150\" height=\"150\" src=\"https:\/\/wp.kristdemokraterna.se\/varnamo\/files\/2016\/02\/20160205_arsmote_gummifabriken-150x150.jpg\" class=\"attachment-thumbnail size-thumbnail\" alt=\"Det h\u00e4nder mycket en helt vanlig dag p\u00e5 Gummifabriken i V\u00e4rnamo. (Foto: H\u00e5kan Johansson)\" aria-describedby=\"gallery-1-7077\" \/><\/a>\n\t\t\t<\/dt>\n\t\t\t\t<dd class='wp-caption-text gallery-caption' id='gallery-1-7077'>\n\t\t\t\tDet h\u00e4nder mycket en helt vanlig dag p\u00e5 Gummifabriken i V\u00e4rnamo. (Foto: H\u00e5kan Johansson)\n\t\t\t\t<\/dd><\/dl><dl class='gallery-item'>\n\t\t\t<dt class='gallery-icon landscape'>\n\t\t\t\t<a href='https:\/\/wp.kristdemokraterna.se\/varnamo\/20160205-arsmote-ajt\/'><img loading=\"lazy\" decoding=\"async\" width=\"150\" height=\"150\" src=\"https:\/\/wp.kristdemokraterna.se\/varnamo\/files\/2016\/02\/20160205_arsmote_ajt-150x150.jpg\" class=\"attachment-thumbnail size-thumbnail\" alt=\"AJT levererar gitarrjazz av yppersta klass n\u00e4r Kristdemokraterna V\u00e4rnamo h\u00e5ller \u00e5rsm\u00f6te p\u00e5 Gummifabriken. (Foto: H\u00e5kan Johansson)\" aria-describedby=\"gallery-1-7075\" \/><\/a>\n\t\t\t<\/dt>\n\t\t\t\t<dd class='wp-caption-text gallery-caption' id='gallery-1-7075'>\n\t\t\t\tAJT levererar gitarrjazz av yppersta klass n\u00e4r Kristdemokraterna V\u00e4rnamo h\u00e5ller \u00e5rsm\u00f6te p\u00e5 Gummifabriken. (Foto: H\u00e5kan Johansson)\n\t\t\t\t<\/dd><\/dl><dl class='gallery-item'>\n\t\t\t<dt class='gallery-icon portrait'>\n\t\t\t\t<a href='https:\/\/wp.kristdemokraterna.se\/varnamo\/20160205-arsmote-ackoankarbergjohansson2\/'><img loading=\"lazy\" decoding=\"async\" width=\"150\" height=\"150\" src=\"https:\/\/wp.kristdemokraterna.se\/varnamo\/files\/2016\/02\/20160205_arsmote_ackoankarbergjohansson2-150x150.jpg\" class=\"attachment-thumbnail size-thumbnail\" alt=\"N\u00e4r partisekreterare Acko Ankarberg Johansson talar lyser engagemanget i \u00f6gonen. (Foto: H\u00e5kan Johansson)\" aria-describedby=\"gallery-1-7074\" \/><\/a>\n\t\t\t<\/dt>\n\t\t\t\t<dd class='wp-caption-text gallery-caption' id='gallery-1-7074'>\n\t\t\t\tN\u00e4r partisekreterare Acko Ankarberg Johansson talar lyser engagemanget i \u00f6gonen. (Foto: H\u00e5kan Johansson)\n\t\t\t\t<\/dd><\/dl><br style=\"clear: both\" \/>\n\t\t<\/div>\n\n<h1 id=\"styrelse\">2015 \u00e5rs Verksamhetsber\u00e4ttelse f\u00f6r Kristdemokraterna i V\u00e4rnamo kommun<\/h1>\n<p>Verksamhets\u00e5ret inleddes med mycket energi d\u00e5 \u00e5rsm\u00f6tet h\u00f6lls i V\u00e4rnamo energis lokaler fredagen den 6 februari. Talare var riksdagsledamot Andreas Carlsson. Ut\u00f6ver ordinarie val av olika poster i lokalavdelningen, \u00e4gnades en l\u00e4ngre stund till att diskutera vem som skulle eftertr\u00e4da G\u00f6ran H\u00e4gglund p\u00e5 partiledarposten. Fr\u00e5n \u00e5rsm\u00f6tet skickades det vidare en motion i k\u00e4rnkraftsfr\u00e5gan. Ett uttalande gjordes ocks\u00e5 om att inte inf\u00f6ra momsbeskattning p\u00e5 second hand butiker.<\/p>\n<p>Alla hj\u00e4rtans dag tog vi \u00e5ter tillf\u00e4llet i akt att dela ut Vitsippspriset. Det blev n\u00e4ringslivsf\u00f6reningen i Lanna\/Bredaryd som fick ta emot det. F\u00f6reningen har under \u00e5ret aktivt verkat f\u00f6r en nollvision vad g\u00e4ller ungdomsarbetsl\u00f6sheten i sitt n\u00e4romr\u00e5de. Med ett mycket lyckat resultat. Utdelningen skedde p\u00e5 Bredaryds V\u00e4rdshus.<\/p>\n<p>Vid ett extra styrelsem\u00f6te den 24 februari beslutades att nominera Ebba Busch Thor till ny partiledare. Ett val som sedermera \u00e4ven gjordes p\u00e5 ett extra Riksting den 25 april i Stockholm.<\/p>\n<p>Den 16 april fick vi \u00e4ntligen vara med och inviga den efterl\u00e4ngtade familjecentralen. Regionr\u00e5det Mia Frisk gladdes lika mycket som vi lokalt \u00f6ver att det som vi s\u00e5 l\u00e4nger k\u00e4mpat f\u00f6r, \u00e4ntligen blev verklighet.<\/p>\n<p>Stora f\u00f6r\u00e4ndringar har skett p\u00e5 riksplanet i partiet och som absolut ber\u00f6r oss lokalt. D\u00e4rf\u00f6r inbj\u00f6ds den 4 maj medlemmarna till en samtalskv\u00e4ll ang\u00e5ende det nya principprogrammet. En intressant och givande kv\u00e4ll som resulterade i att vi kunna l\u00e4mna n\u00e5gra synpunkter p\u00e5 f\u00f6r\u00e4ndringar i arbetsmaterialet. Distriktets ombudsman Stina Sinclair h\u00f6ll i kv\u00e4llen och gjorde det som vanligt mycket bra.<\/p>\n<p>Den 27 juni hade V\u00e4rnamo f\u00f6rm\u00e5nen att ha bes\u00f6k av Kristdemokraternas Europaparlamentariker Lars Adakutsson. Han h\u00f6ll ett seminarium om Relationer mellan Israel, Sverige och EU och medias p\u00e5verkan. Detta var i samband med att Israels v\u00e4nner hade sin sommarkonferens i Arken.<\/p>\n<p>Det \u00e4r en stor gl\u00e4dje f\u00f6r partilokalavdelningen att vi har aktiva seniorer, som st\u00e4ller upp i alla v\u00e4der. L\u00f6rdagen den 25 juli var det dags f\u00f6r Sl\u00e5ttal\u00f6rdag i V\u00e4rnamo och seniorerna fanns p\u00e5 plats. Med v\u00e5ffelvagnen som dragpl\u00e5ster fick de m\u00e5nga bes\u00f6kare trots att v\u00e4dret inte var det b\u00e4sta. Flera stannade till och intog kaffe och v\u00e5ffla, samtidigt som de fick en chans att h\u00f6ra om Kristdemokraternas seniorpolitik.<\/p>\n<p>Vi inbj\u00f6d till medlemsm\u00f6te m\u00e5ndagen den 21 september. Platsen var Rydaholm och Sj\u00f6holmen. G\u00e4sttalare var skoll\u00e4kare Michael Hanfler. Han talade om elevh\u00e4lsan och grunden f\u00f6r en god skola. Det han sa var mycket intressant och ledde ocks\u00e5 till givande samtal efter\u00e5t. Kv\u00e4llen blev v\u00e4ldigt lyckad p\u00e5 m\u00e5nga s\u00e4tt. Det \u00e4r alltid betydelsefullt att f\u00e5 komma ut och m\u00f6ta medlemmar och v\u00e4ljare.<\/p>\n<p>20 november samlades vi p\u00e5 Ludd\u00f6 f\u00f6r att \u00e5terigen f\u00e5 uppleva en trevlig och givande h\u00f6stfest. Christer Fjordevik och Camilla Rinaldo Miller talade om \u00f6ver kommunens nyantagna vision \u201dV\u00e4rnamo \u2013\u00a0den m\u00e4nskliga tillv\u00e4xtkommunen, 40000 \u00e5r 2035\u201d. Utg\u00e5ngspunkten var de \u00f6vegripande m\u00e5len som bildar ordet HATT. H\u00e5llbarhet, Attraktivitet, Trygghet och Tillv\u00e4xt. Det bj\u00f6ds p\u00e5 god fika. Som alltid n\u00e5r vi tr\u00e4ffas \u00e4r det en god gemenskap med m\u00f6jlighet f\u00f6r alla att bidra p\u00e5 olika s\u00e4tt.<\/p>\n<p>2015 har f\u00f6r Sverige inneburit ett \u00e5r fullt av mycket oroligheter men ocks\u00e5 ett \u00e5r d\u00e5 engagemanget f\u00f6r en medm\u00e4nniska i n\u00f6d visat sig stort. Det har vi naturligtvis \u00e4ven m\u00e4rkt av i v\u00e5r kommun. Det g\u00f6r det \u00e4nd\u00e5 viktigare att i alla sammanhang tala om Kristdemokraterns politik. D\u00e4r vi alltid ska lyfta fram varje m\u00e4nniskas unika och okr\u00e4nkbara v\u00e4rde. Du och jag, ja alla beh\u00f6vs vi i arbetet som ska ta oss fram till valet 2018. Tack till alla som p\u00e5 n\u00e5got vis gjort en insats under det g\u00e5ngna \u00e5ret. Ni \u00e4r v\u00e4rdefulla.<\/p>\n<p>Medlemsantalet var vid \u00e5rsskiftet 2015 \u2013 214<\/p>\n<p>P\u00e5 styrelsens uppdrag<br \/>\nCamilla Rinaldo Miller<\/p>\n<hr \/>\n<h1 id=\"kf\">Verksamhetsber\u00e4ttelse 2015 f\u00f6r Kristdemokraternas fullm\u00e4ktigegrupp i\u00a0V\u00e4rnamo<\/h1>\n<p>Fullm\u00e4ktigegruppen 2015 har varit Christer Fjordevik (KFs ordf) Camilla Rinaldo Miller (gruppledare) Gunnar Crona (vice gruppledare) Monica Johnsson, Lena Freij (ers\u00e4ttare f\u00f6r Sig Claesson) och Xhilda Bushati.<\/p>\n<p>Kristdemokraternas representanter i fullm\u00e4ktige har aktivt deltagit i debatterna. Det \u00e4r bra s\u00e4tt f\u00f6ra fram partiets politik. Detta g\u00e4ller b\u00e5de ordinarie ledam\u00f6ter som ers\u00e4ttare.<\/p>\n<p>Ett av dessa tillf\u00e4llen som blev extra tydligt var n\u00e4r beslut fattades om V\u00e4rnamo kommuns nya vision. Ett mycket viktigt ord i visionen \u00e4r m\u00e4nsklig. N\u00e5got som vi Kristdemokraterna var best\u00e4mda med att det skulle finnas med i visionen.<\/p>\n<p>\u00c4ven i beslutet om de \u00f6vergripande m\u00e5len fick vi igenom v\u00e5rt f\u00f6rslag att \u00e4ndra ordningen p\u00e5 m\u00e5len s\u00e5 att det bildade ordet HATT (h\u00e5llbarhet,attraktivitet,trygghet och tillv\u00e4xt). Vi vill att kommunen ska ha en levande vision, som \u00e4r l\u00e4tt f\u00f6r kommuninv\u00e5narna att komma ih\u00e5g och k\u00e4nna igen sig i.<\/p>\n<p>Under \u00e5ret med fullm\u00e4ktige har \u00e4ven Kristdemokraternas synts i talarstolen vid flera tillf\u00e4llen. Representerade av ordf\u00f6randen vi har i olika ber\u00f6rda n\u00e4mnder. De har talat klart och tydligt g\u00e4llande de \u00e4rendena.<\/p>\n<p>Vi ska aldrig missa en chans att f\u00e5 dela med oss av Kristdemokraternas politik, som har hj\u00e4rtat p\u00e5 r\u00e4tt st\u00e4lle.<\/p>\n<p>Nu blickar vi fram\u00e5t inf\u00f6r nya utmaningar och m\u00f6jligheter och l\u00e4gger d\u00e4rmed 2015 bakom oss.<\/p>\n<p>Stolta \u00f6ver kommunens vision, V\u00e4rnamo \u2013\u00a0den m\u00e4nskliga tillv\u00e4xtkommunen.<\/p>\n<p>Bredaryd 30\/1 2016<\/p>\n<p>F\u00f6r Kristdemokraterns fullm\u00e4ktigegrupp<br \/>\nCamilla Rinaldo Miller<\/p>\n","protected":false},"excerpt":{"rendered":"<p>Att Gunnar Crona tar vid som ordf\u00f6rande efter att Camilla Rinaldo Miller meddelat sin avg\u00e5ng var den stora kioskv\u00e4ltaren vid\u00a0Kristdemokraternas \u00e5rsm\u00f6te i V\u00e4rnamo. \u00c5rsm\u00f6tet g\u00e4stades av Kristdemokraternas partisekreterare Acko Ankarberg Johansson som talade om Kristdemokraternas v\u00e4rdef\u00f6rankrade politik med ett s\u00e4rskilt tryck p\u00e5 flyktingars situation och p\u00e5 integration.<\/p>\n","protected":false},"author":412,"featured_media":7084,"comment_status":"closed","ping_status":"closed","sticky":false,"template":"","format":"standard","meta":{"_acf_changed":false,"footnotes":""},"categories":[15],"tags":[105,40,22,129,21,24,738,483,506,69,161,245,560,109,25,86,23,115,88,162,48,721,477,90,91,85,311,769,713,95,388,72,92,288,87,666,592,194,64,255,768,233,89],"class_list":["post-7070","post","type-post","status-publish","format-standard","hentry","category-arsmote","tag-acko-ankarberg-johansson","tag-aldreomsorg","tag-arnold-carlzon","tag-bostader","tag-camilla-rinaldo-miller","tag-christer-fjordevik","tag-den-manskliga-tillvaxtkommunen","tag-ebba-busch-thor","tag-elevhalsa","tag-familjecentral","tag-flyktingar","tag-fullmaktigegrupp","tag-funktionar","tag-gummifabriken","tag-gunnar-crona","tag-gunnel-youngstrom","tag-hakan-johansson","tag-hostfest","tag-ibrahim-candemir","tag-integration","tag-kommunfullmaktige","tag-kristna-varden","tag-lars-adaktusson","tag-leif-backrud","tag-lena-freij","tag-mario-mikulic","tag-marknad","tag-medlemsavgift","tag-medlemsmote","tag-monica-johnsson","tag-partisekreterare","tag-patrik-ekwall","tag-peter-johnsson","tag-principprogram","tag-torbjorn-eriksson","tag-valberedning","tag-valledare","tag-varden","tag-varnamo","tag-verksamhetsberattelse","tag-verksamhetsplan","tag-vision","tag-xhilda-bushati"],"acf":[],"yoast_head":"<!-- This site is optimized with the Yoast SEO plugin v27.4 - https:\/\/yoast.com\/product\/yoast-seo-wordpress\/ -->\n<title>Camilla avg\u00e5r - Gunnar tar vid - KRISTDEMOKRATERNA V\u00c4RNAMO<\/title>\n<meta name=\"robots\" content=\"index, follow, max-snippet:-1, max-image-preview:large, max-video-preview:-1\" \/>\n<link rel=\"canonical\" href=\"https:\/\/wp.kristdemokraterna.se\/varnamo\/2016\/02\/05\/camilla-avgar-gunnar-tar-vid\/\" \/>\n<meta property=\"og:locale\" content=\"sv_SE\" \/>\n<meta property=\"og:type\" content=\"article\" \/>\n<meta property=\"og:title\" content=\"Camilla avg\u00e5r - Gunnar tar vid - KRISTDEMOKRATERNA V\u00c4RNAMO\" \/>\n<meta property=\"og:description\" content=\"Att Gunnar Crona tar vid som ordf\u00f6rande efter att Camilla Rinaldo Miller meddelat sin avg\u00e5ng var den stora kioskv\u00e4ltaren vid\u00a0Kristdemokraternas \u00e5rsm\u00f6te i V\u00e4rnamo. \u00c5rsm\u00f6tet g\u00e4stades av Kristdemokraternas partisekreterare Acko Ankarberg Johansson som talade om Kristdemokraternas v\u00e4rdef\u00f6rankrade politik med ett s\u00e4rskilt tryck p\u00e5 flyktingars situation och p\u00e5 integration.\" \/>\n<meta property=\"og:url\" content=\"https:\/\/wp.kristdemokraterna.se\/varnamo\/2016\/02\/05\/camilla-avgar-gunnar-tar-vid\/\" \/>\n<meta property=\"og:site_name\" content=\"KRISTDEMOKRATERNA V\u00c4RNAMO\" \/>\n<meta property=\"article:publisher\" content=\"https:\/\/www.facebook.com\/KDVarnamo\/\" \/>\n<meta property=\"article:published_time\" content=\"2016-02-05T22:21:08+00:00\" \/>\n<meta property=\"article:modified_time\" content=\"2016-02-07T18:57:58+00:00\" \/>\n<meta property=\"og:image\" content=\"https:\/\/wp.kristdemokraterna.se\/varnamo\/files\/2016\/02\/20160205_arsmote_gunnarcrona_camillarinaldomiller_ordforandeskifte.jpg\" \/>\n\t<meta property=\"og:image:width\" content=\"1200\" \/>\n\t<meta property=\"og:image:height\" content=\"946\" \/>\n\t<meta property=\"og:image:type\" content=\"image\/jpeg\" \/>\n<meta name=\"author\" content=\"Kristdemokraterna V\u00e4rnamo\" \/>\n<meta name=\"twitter:card\" content=\"summary_large_image\" \/>\n<meta name=\"twitter:creator\" content=\"@KDVarnamo\" \/>\n<meta name=\"twitter:site\" content=\"@KDVarnamo\" \/>\n<meta name=\"twitter:label1\" content=\"Skriven av\" \/>\n\t<meta name=\"twitter:data1\" content=\"Kristdemokraterna V\u00e4rnamo\" \/>\n\t<meta name=\"twitter:label2\" content=\"Ber\u00e4knad l\u00e4stid\" \/>\n\t<meta name=\"twitter:data2\" content=\"9 minuter\" \/>\n<script type=\"application\/ld+json\" class=\"yoast-schema-graph\">{\"@context\":\"https:\\\/\\\/schema.org\",\"@graph\":[{\"@type\":\"Article\",\"@id\":\"https:\\\/\\\/wp.kristdemokraterna.se\\\/varnamo\\\/2016\\\/02\\\/05\\\/camilla-avgar-gunnar-tar-vid\\\/#article\",\"isPartOf\":{\"@id\":\"https:\\\/\\\/wp.kristdemokraterna.se\\\/varnamo\\\/2016\\\/02\\\/05\\\/camilla-avgar-gunnar-tar-vid\\\/\"},\"author\":{\"name\":\"Kristdemokraterna V\u00e4rnamo\",\"@id\":\"https:\\\/\\\/wp.kristdemokraterna.se\\\/varnamo\\\/#\\\/schema\\\/person\\\/4e339ab04d613699e4dfe80a994e01d4\"},\"headline\":\"Camilla avg\u00e5r &#8211; Gunnar tar vid\",\"datePublished\":\"2016-02-05T22:21:08+00:00\",\"dateModified\":\"2016-02-07T18:57:58+00:00\",\"mainEntityOfPage\":{\"@id\":\"https:\\\/\\\/wp.kristdemokraterna.se\\\/varnamo\\\/2016\\\/02\\\/05\\\/camilla-avgar-gunnar-tar-vid\\\/\"},\"wordCount\":1778,\"publisher\":{\"@id\":\"https:\\\/\\\/wp.kristdemokraterna.se\\\/varnamo\\\/#organization\"},\"image\":{\"@id\":\"https:\\\/\\\/wp.kristdemokraterna.se\\\/varnamo\\\/2016\\\/02\\\/05\\\/camilla-avgar-gunnar-tar-vid\\\/#primaryimage\"},\"thumbnailUrl\":\"https:\\\/\\\/wp.kristdemokraterna.se\\\/varnamo\\\/files\\\/2016\\\/02\\\/20160205_arsmote_gunnarcrona_camillarinaldomiller_ordforandeskifte.jpg\",\"keywords\":[\"Acko Ankarberg Johansson\",\"\u00e4ldreomsorg\",\"Arnold Carlzon\",\"bost\u00e4der\",\"Camilla Rinaldo Miller\",\"Christer Fjordevik\",\"den m\u00e4nskliga tillv\u00e4xtkommunen\",\"Ebba Busch Thor\",\"elevh\u00e4lsa\",\"familjecentral\",\"flyktingar\",\"fullm\u00e4ktigegrupp\",\"funktion\u00e4r\",\"Gummifabriken\",\"Gunnar Crona\",\"Gunnel Youngstr\u00f6m\",\"H\u00e5kan Johansson\",\"h\u00f6stfest\",\"Ibrahim Candemir\",\"integration\",\"kommunfullm\u00e4ktige\",\"kristna v\u00e4rden\",\"Lars Adaktusson\",\"Leif B\u00e4ckrud\",\"Lena Freij\",\"Mario Mikulic\",\"marknad\",\"medlemsavgift\",\"medlemsm\u00f6te\",\"Monica Johnsson\",\"partisekreterare\",\"Patrik Ekwall\",\"Peter Johnsson\",\"principprogram\",\"Torbj\u00f6rn Eriksson\",\"valberedning\",\"valledare\",\"v\u00e4rden\",\"V\u00e4rnamo\",\"verksamhetsber\u00e4ttelse\",\"verksamhetsplan\",\"vision\",\"Xhilda Bushati\"],\"articleSection\":[\"\u00c5rsm\u00f6te\"],\"inLanguage\":\"sv-SE\"},{\"@type\":\"WebPage\",\"@id\":\"https:\\\/\\\/wp.kristdemokraterna.se\\\/varnamo\\\/2016\\\/02\\\/05\\\/camilla-avgar-gunnar-tar-vid\\\/\",\"url\":\"https:\\\/\\\/wp.kristdemokraterna.se\\\/varnamo\\\/2016\\\/02\\\/05\\\/camilla-avgar-gunnar-tar-vid\\\/\",\"name\":\"Camilla avg\u00e5r - Gunnar tar vid - KRISTDEMOKRATERNA V\u00c4RNAMO\",\"isPartOf\":{\"@id\":\"https:\\\/\\\/wp.kristdemokraterna.se\\\/varnamo\\\/#website\"},\"primaryImageOfPage\":{\"@id\":\"https:\\\/\\\/wp.kristdemokraterna.se\\\/varnamo\\\/2016\\\/02\\\/05\\\/camilla-avgar-gunnar-tar-vid\\\/#primaryimage\"},\"image\":{\"@id\":\"https:\\\/\\\/wp.kristdemokraterna.se\\\/varnamo\\\/2016\\\/02\\\/05\\\/camilla-avgar-gunnar-tar-vid\\\/#primaryimage\"},\"thumbnailUrl\":\"https:\\\/\\\/wp.kristdemokraterna.se\\\/varnamo\\\/files\\\/2016\\\/02\\\/20160205_arsmote_gunnarcrona_camillarinaldomiller_ordforandeskifte.jpg\",\"datePublished\":\"2016-02-05T22:21:08+00:00\",\"dateModified\":\"2016-02-07T18:57:58+00:00\",\"breadcrumb\":{\"@id\":\"https:\\\/\\\/wp.kristdemokraterna.se\\\/varnamo\\\/2016\\\/02\\\/05\\\/camilla-avgar-gunnar-tar-vid\\\/#breadcrumb\"},\"inLanguage\":\"sv-SE\",\"potentialAction\":[{\"@type\":\"ReadAction\",\"target\":[\"https:\\\/\\\/wp.kristdemokraterna.se\\\/varnamo\\\/2016\\\/02\\\/05\\\/camilla-avgar-gunnar-tar-vid\\\/\"]}]},{\"@type\":\"ImageObject\",\"inLanguage\":\"sv-SE\",\"@id\":\"https:\\\/\\\/wp.kristdemokraterna.se\\\/varnamo\\\/2016\\\/02\\\/05\\\/camilla-avgar-gunnar-tar-vid\\\/#primaryimage\",\"url\":\"https:\\\/\\\/wp.kristdemokraterna.se\\\/varnamo\\\/files\\\/2016\\\/02\\\/20160205_arsmote_gunnarcrona_camillarinaldomiller_ordforandeskifte.jpg\",\"contentUrl\":\"https:\\\/\\\/wp.kristdemokraterna.se\\\/varnamo\\\/files\\\/2016\\\/02\\\/20160205_arsmote_gunnarcrona_camillarinaldomiller_ordforandeskifte.jpg\",\"width\":1200,\"height\":946,\"caption\":\"Camilla Rinaldo Miller \u00f6verl\u00e4mnar ordf\u00f6randeklubban till Gunnar Crona f\u00f6r att kunna \u00e4gna sig mer \u00e5t arbetet som ordf\u00f6rande i Kristdemokraternas st\u00f6rsta partidistrikt. (Foto: H\u00e5kan Johansson)\"},{\"@type\":\"BreadcrumbList\",\"@id\":\"https:\\\/\\\/wp.kristdemokraterna.se\\\/varnamo\\\/2016\\\/02\\\/05\\\/camilla-avgar-gunnar-tar-vid\\\/#breadcrumb\",\"itemListElement\":[{\"@type\":\"ListItem\",\"position\":1,\"name\":\"Hem\",\"item\":\"https:\\\/\\\/wp.kristdemokraterna.se\\\/varnamo\\\/\"},{\"@type\":\"ListItem\",\"position\":2,\"name\":\"Camilla avg\u00e5r &#8211; Gunnar tar vid\"}]},{\"@type\":\"WebSite\",\"@id\":\"https:\\\/\\\/wp.kristdemokraterna.se\\\/varnamo\\\/#website\",\"url\":\"https:\\\/\\\/wp.kristdemokraterna.se\\\/varnamo\\\/\",\"name\":\"KRISTDEMOKRATERNA V\u00c4RNAMO\",\"description\":\"Med hj\u00e4rta f\u00f6r V\u00e4rnamo\",\"publisher\":{\"@id\":\"https:\\\/\\\/wp.kristdemokraterna.se\\\/varnamo\\\/#organization\"},\"inLanguage\":\"sv-SE\"},{\"@type\":\"Organization\",\"@id\":\"https:\\\/\\\/wp.kristdemokraterna.se\\\/varnamo\\\/#organization\",\"name\":\"Kristdemokraterna V\u00e4rnamo\",\"url\":\"https:\\\/\\\/wp.kristdemokraterna.se\\\/varnamo\\\/\",\"logo\":{\"@type\":\"ImageObject\",\"inLanguage\":\"sv-SE\",\"@id\":\"https:\\\/\\\/wp.kristdemokraterna.se\\\/varnamo\\\/#\\\/schema\\\/logo\\\/image\\\/\",\"url\":\"https:\\\/\\\/wp.kristdemokraterna.se\\\/varnamo\\\/files\\\/2022\\\/08\\\/va\u2560ernamo-sida-bla-300dpi.png\",\"contentUrl\":\"https:\\\/\\\/wp.kristdemokraterna.se\\\/varnamo\\\/files\\\/2022\\\/08\\\/va\u2560ernamo-sida-bla-300dpi.png\",\"width\":1485,\"height\":681,\"caption\":\"Kristdemokraterna V\u00e4rnamo\"},\"image\":{\"@id\":\"https:\\\/\\\/wp.kristdemokraterna.se\\\/varnamo\\\/#\\\/schema\\\/logo\\\/image\\\/\"},\"sameAs\":[\"https:\\\/\\\/www.facebook.com\\\/KDVarnamo\\\/\",\"https:\\\/\\\/x.com\\\/KDVarnamo\",\"https:\\\/\\\/www.instagram.com\\\/\",\"https:\\\/\\\/www.youtube.com\\\/user\\\/studiokd\\\/videos\"]},{\"@type\":\"Person\",\"@id\":\"https:\\\/\\\/wp.kristdemokraterna.se\\\/varnamo\\\/#\\\/schema\\\/person\\\/4e339ab04d613699e4dfe80a994e01d4\",\"name\":\"Kristdemokraterna V\u00e4rnamo\",\"image\":{\"@type\":\"ImageObject\",\"inLanguage\":\"sv-SE\",\"@id\":\"https:\\\/\\\/secure.gravatar.com\\\/avatar\\\/c122e48c7723992af51eb155eeaa93db3c1fa324e3fc6ec45dd712c812809b5b?s=96&r=g\",\"url\":\"https:\\\/\\\/secure.gravatar.com\\\/avatar\\\/c122e48c7723992af51eb155eeaa93db3c1fa324e3fc6ec45dd712c812809b5b?s=96&r=g\",\"contentUrl\":\"https:\\\/\\\/secure.gravatar.com\\\/avatar\\\/c122e48c7723992af51eb155eeaa93db3c1fa324e3fc6ec45dd712c812809b5b?s=96&r=g\",\"caption\":\"Kristdemokraterna V\u00e4rnamo\"},\"description\":\"Familjens r\u00f6st\",\"sameAs\":[\"http:\\\/\\\/www.varnamo.kristdemokraterna.se\"],\"url\":\"https:\\\/\\\/wp.kristdemokraterna.se\\\/varnamo\\\/author\\\/varnamo\\\/\"}]}<\/script>\n<!-- \/ Yoast SEO plugin. -->","yoast_head_json":{"title":"Camilla avg\u00e5r - Gunnar tar vid - KRISTDEMOKRATERNA V\u00c4RNAMO","robots":{"index":"index","follow":"follow","max-snippet":"max-snippet:-1","max-image-preview":"max-image-preview:large","max-video-preview":"max-video-preview:-1"},"canonical":"https:\/\/wp.kristdemokraterna.se\/varnamo\/2016\/02\/05\/camilla-avgar-gunnar-tar-vid\/","og_locale":"sv_SE","og_type":"article","og_title":"Camilla avg\u00e5r - Gunnar tar vid - KRISTDEMOKRATERNA V\u00c4RNAMO","og_description":"Att Gunnar Crona tar vid som ordf\u00f6rande efter att Camilla Rinaldo Miller meddelat sin avg\u00e5ng var den stora kioskv\u00e4ltaren vid\u00a0Kristdemokraternas \u00e5rsm\u00f6te i V\u00e4rnamo. \u00c5rsm\u00f6tet g\u00e4stades av Kristdemokraternas partisekreterare Acko Ankarberg Johansson som talade om Kristdemokraternas v\u00e4rdef\u00f6rankrade politik med ett s\u00e4rskilt tryck p\u00e5 flyktingars situation och p\u00e5 integration.","og_url":"https:\/\/wp.kristdemokraterna.se\/varnamo\/2016\/02\/05\/camilla-avgar-gunnar-tar-vid\/","og_site_name":"KRISTDEMOKRATERNA V\u00c4RNAMO","article_publisher":"https:\/\/www.facebook.com\/KDVarnamo\/","article_published_time":"2016-02-05T22:21:08+00:00","article_modified_time":"2016-02-07T18:57:58+00:00","og_image":[{"width":1200,"height":946,"url":"https:\/\/wp.kristdemokraterna.se\/varnamo\/files\/2016\/02\/20160205_arsmote_gunnarcrona_camillarinaldomiller_ordforandeskifte.jpg","type":"image\/jpeg"}],"author":"Kristdemokraterna V\u00e4rnamo","twitter_card":"summary_large_image","twitter_creator":"@KDVarnamo","twitter_site":"@KDVarnamo","twitter_misc":{"Skriven av":"Kristdemokraterna V\u00e4rnamo","Ber\u00e4knad l\u00e4stid":"9 minuter"},"schema":{"@context":"https:\/\/schema.org","@graph":[{"@type":"Article","@id":"https:\/\/wp.kristdemokraterna.se\/varnamo\/2016\/02\/05\/camilla-avgar-gunnar-tar-vid\/#article","isPartOf":{"@id":"https:\/\/wp.kristdemokraterna.se\/varnamo\/2016\/02\/05\/camilla-avgar-gunnar-tar-vid\/"},"author":{"name":"Kristdemokraterna V\u00e4rnamo","@id":"https:\/\/wp.kristdemokraterna.se\/varnamo\/#\/schema\/person\/4e339ab04d613699e4dfe80a994e01d4"},"headline":"Camilla avg\u00e5r &#8211; Gunnar tar vid","datePublished":"2016-02-05T22:21:08+00:00","dateModified":"2016-02-07T18:57:58+00:00","mainEntityOfPage":{"@id":"https:\/\/wp.kristdemokraterna.se\/varnamo\/2016\/02\/05\/camilla-avgar-gunnar-tar-vid\/"},"wordCount":1778,"publisher":{"@id":"https:\/\/wp.kristdemokraterna.se\/varnamo\/#organization"},"image":{"@id":"https:\/\/wp.kristdemokraterna.se\/varnamo\/2016\/02\/05\/camilla-avgar-gunnar-tar-vid\/#primaryimage"},"thumbnailUrl":"https:\/\/wp.kristdemokraterna.se\/varnamo\/files\/2016\/02\/20160205_arsmote_gunnarcrona_camillarinaldomiller_ordforandeskifte.jpg","keywords":["Acko Ankarberg Johansson","\u00e4ldreomsorg","Arnold Carlzon","bost\u00e4der","Camilla Rinaldo Miller","Christer Fjordevik","den m\u00e4nskliga tillv\u00e4xtkommunen","Ebba Busch Thor","elevh\u00e4lsa","familjecentral","flyktingar","fullm\u00e4ktigegrupp","funktion\u00e4r","Gummifabriken","Gunnar Crona","Gunnel Youngstr\u00f6m","H\u00e5kan Johansson","h\u00f6stfest","Ibrahim Candemir","integration","kommunfullm\u00e4ktige","kristna v\u00e4rden","Lars Adaktusson","Leif B\u00e4ckrud","Lena Freij","Mario Mikulic","marknad","medlemsavgift","medlemsm\u00f6te","Monica Johnsson","partisekreterare","Patrik Ekwall","Peter Johnsson","principprogram","Torbj\u00f6rn Eriksson","valberedning","valledare","v\u00e4rden","V\u00e4rnamo","verksamhetsber\u00e4ttelse","verksamhetsplan","vision","Xhilda Bushati"],"articleSection":["\u00c5rsm\u00f6te"],"inLanguage":"sv-SE"},{"@type":"WebPage","@id":"https:\/\/wp.kristdemokraterna.se\/varnamo\/2016\/02\/05\/camilla-avgar-gunnar-tar-vid\/","url":"https:\/\/wp.kristdemokraterna.se\/varnamo\/2016\/02\/05\/camilla-avgar-gunnar-tar-vid\/","name":"Camilla avg\u00e5r - Gunnar tar vid - KRISTDEMOKRATERNA V\u00c4RNAMO","isPartOf":{"@id":"https:\/\/wp.kristdemokraterna.se\/varnamo\/#website"},"primaryImageOfPage":{"@id":"https:\/\/wp.kristdemokraterna.se\/varnamo\/2016\/02\/05\/camilla-avgar-gunnar-tar-vid\/#primaryimage"},"image":{"@id":"https:\/\/wp.kristdemokraterna.se\/varnamo\/2016\/02\/05\/camilla-avgar-gunnar-tar-vid\/#primaryimage"},"thumbnailUrl":"https:\/\/wp.kristdemokraterna.se\/varnamo\/files\/2016\/02\/20160205_arsmote_gunnarcrona_camillarinaldomiller_ordforandeskifte.jpg","datePublished":"2016-02-05T22:21:08+00:00","dateModified":"2016-02-07T18:57:58+00:00","breadcrumb":{"@id":"https:\/\/wp.kristdemokraterna.se\/varnamo\/2016\/02\/05\/camilla-avgar-gunnar-tar-vid\/#breadcrumb"},"inLanguage":"sv-SE","potentialAction":[{"@type":"ReadAction","target":["https:\/\/wp.kristdemokraterna.se\/varnamo\/2016\/02\/05\/camilla-avgar-gunnar-tar-vid\/"]}]},{"@type":"ImageObject","inLanguage":"sv-SE","@id":"https:\/\/wp.kristdemokraterna.se\/varnamo\/2016\/02\/05\/camilla-avgar-gunnar-tar-vid\/#primaryimage","url":"https:\/\/wp.kristdemokraterna.se\/varnamo\/files\/2016\/02\/20160205_arsmote_gunnarcrona_camillarinaldomiller_ordforandeskifte.jpg","contentUrl":"https:\/\/wp.kristdemokraterna.se\/varnamo\/files\/2016\/02\/20160205_arsmote_gunnarcrona_camillarinaldomiller_ordforandeskifte.jpg","width":1200,"height":946,"caption":"Camilla Rinaldo Miller \u00f6verl\u00e4mnar ordf\u00f6randeklubban till Gunnar Crona f\u00f6r att kunna \u00e4gna sig mer \u00e5t arbetet som ordf\u00f6rande i Kristdemokraternas st\u00f6rsta partidistrikt. (Foto: H\u00e5kan Johansson)"},{"@type":"BreadcrumbList","@id":"https:\/\/wp.kristdemokraterna.se\/varnamo\/2016\/02\/05\/camilla-avgar-gunnar-tar-vid\/#breadcrumb","itemListElement":[{"@type":"ListItem","position":1,"name":"Hem","item":"https:\/\/wp.kristdemokraterna.se\/varnamo\/"},{"@type":"ListItem","position":2,"name":"Camilla avg\u00e5r &#8211; Gunnar tar vid"}]},{"@type":"WebSite","@id":"https:\/\/wp.kristdemokraterna.se\/varnamo\/#website","url":"https:\/\/wp.kristdemokraterna.se\/varnamo\/","name":"KRISTDEMOKRATERNA V\u00c4RNAMO","description":"Med hj\u00e4rta f\u00f6r V\u00e4rnamo","publisher":{"@id":"https:\/\/wp.kristdemokraterna.se\/varnamo\/#organization"},"inLanguage":"sv-SE"},{"@type":"Organization","@id":"https:\/\/wp.kristdemokraterna.se\/varnamo\/#organization","name":"Kristdemokraterna V\u00e4rnamo","url":"https:\/\/wp.kristdemokraterna.se\/varnamo\/","logo":{"@type":"ImageObject","inLanguage":"sv-SE","@id":"https:\/\/wp.kristdemokraterna.se\/varnamo\/#\/schema\/logo\/image\/","url":"https:\/\/wp.kristdemokraterna.se\/varnamo\/files\/2022\/08\/va\u2560ernamo-sida-bla-300dpi.png","contentUrl":"https:\/\/wp.kristdemokraterna.se\/varnamo\/files\/2022\/08\/va\u2560ernamo-sida-bla-300dpi.png","width":1485,"height":681,"caption":"Kristdemokraterna V\u00e4rnamo"},"image":{"@id":"https:\/\/wp.kristdemokraterna.se\/varnamo\/#\/schema\/logo\/image\/"},"sameAs":["https:\/\/www.facebook.com\/KDVarnamo\/","https:\/\/x.com\/KDVarnamo","https:\/\/www.instagram.com\/","https:\/\/www.youtube.com\/user\/studiokd\/videos"]},{"@type":"Person","@id":"https:\/\/wp.kristdemokraterna.se\/varnamo\/#\/schema\/person\/4e339ab04d613699e4dfe80a994e01d4","name":"Kristdemokraterna V\u00e4rnamo","image":{"@type":"ImageObject","inLanguage":"sv-SE","@id":"https:\/\/secure.gravatar.com\/avatar\/c122e48c7723992af51eb155eeaa93db3c1fa324e3fc6ec45dd712c812809b5b?s=96&r=g","url":"https:\/\/secure.gravatar.com\/avatar\/c122e48c7723992af51eb155eeaa93db3c1fa324e3fc6ec45dd712c812809b5b?s=96&r=g","contentUrl":"https:\/\/secure.gravatar.com\/avatar\/c122e48c7723992af51eb155eeaa93db3c1fa324e3fc6ec45dd712c812809b5b?s=96&r=g","caption":"Kristdemokraterna V\u00e4rnamo"},"description":"Familjens r\u00f6st","sameAs":["http:\/\/www.varnamo.kristdemokraterna.se"],"url":"https:\/\/wp.kristdemokraterna.se\/varnamo\/author\/varnamo\/"}]}},"_links":{"self":[{"href":"https:\/\/wp.kristdemokraterna.se\/varnamo\/wp-json\/wp\/v2\/posts\/7070","targetHints":{"allow":["GET"]}}],"collection":[{"href":"https:\/\/wp.kristdemokraterna.se\/varnamo\/wp-json\/wp\/v2\/posts"}],"about":[{"href":"https:\/\/wp.kristdemokraterna.se\/varnamo\/wp-json\/wp\/v2\/types\/post"}],"author":[{"embeddable":true,"href":"https:\/\/wp.kristdemokraterna.se\/varnamo\/wp-json\/wp\/v2\/users\/412"}],"replies":[{"embeddable":true,"href":"https:\/\/wp.kristdemokraterna.se\/varnamo\/wp-json\/wp\/v2\/comments?post=7070"}],"version-history":[{"count":9,"href":"https:\/\/wp.kristdemokraterna.se\/varnamo\/wp-json\/wp\/v2\/posts\/7070\/revisions"}],"predecessor-version":[{"id":7088,"href":"https:\/\/wp.kristdemokraterna.se\/varnamo\/wp-json\/wp\/v2\/posts\/7070\/revisions\/7088"}],"wp:featuredmedia":[{"embeddable":true,"href":"https:\/\/wp.kristdemokraterna.se\/varnamo\/wp-json\/wp\/v2\/media\/7084"}],"wp:attachment":[{"href":"https:\/\/wp.kristdemokraterna.se\/varnamo\/wp-json\/wp\/v2\/media?parent=7070"}],"wp:term":[{"taxonomy":"category","embeddable":true,"href":"https:\/\/wp.kristdemokraterna.se\/varnamo\/wp-json\/wp\/v2\/categories?post=7070"},{"taxonomy":"post_tag","embeddable":true,"href":"https:\/\/wp.kristdemokraterna.se\/varnamo\/wp-json\/wp\/v2\/tags?post=7070"}],"curies":[{"name":"wp","href":"https:\/\/api.w.org\/{rel}","templated":true}]}}