{"id":7351,"date":"2017-02-10T23:54:24","date_gmt":"2017-02-10T22:54:24","guid":{"rendered":"http:\/\/wp.kristdemokraterna.se\/varnamo\/?p=7351"},"modified":"2018-01-01T15:06:56","modified_gmt":"2018-01-01T14:06:56","slug":"kristdemokratiska-svar-pa-klimatutmaningarna","status":"publish","type":"post","link":"https:\/\/wp.kristdemokraterna.se\/varnamo\/2017\/02\/10\/kristdemokratiska-svar-pa-klimatutmaningarna\/","title":{"rendered":"Kristdemokratiska svar p\u00e5 klimatutmaningarna"},"content":{"rendered":"<p>Kristdemokraterna l\u00e4gger de skarpaste f\u00f6rslagen om gr\u00f6n skattev\u00e4xling sade Lars Thunberg (KD), kommunalr\u00e5d i Helsingborg, n\u00e4r han talade klimatpolitik vid Kristdemokraternas \u00e5rsm\u00f6te i V\u00e4rnamo. \u00c5rsm\u00f6tet skickade\u00a0ocks\u00e5 tre motioner till \u00e5rets Riksting\u00a0och sj\u00e4lvklart valde man en ny styrelse.<\/p>\n<p><!--more--><\/p>\n<p>\u2013 Kristdemokraterna har l\u00e4nge drivit p\u00e5 f\u00f6r en gr\u00f6n skattev\u00e4xling och lagt flera skarpa f\u00f6rslag, sade\u00a0Helsingborgs kommunalr\u00e5d Lars Thunberg (KD) som talade vid Kristdemokraternas \u00e5rsm\u00f6te p\u00e5 Kafferepet i V\u00e4rnamo. Vi h\u00f6jer skatter p\u00e5 milj\u00f6skadlig verksamhet och s\u00e4nker samtidigt skatten p\u00e5 arbete och pensioner s\u00e5 att fler f\u00e5r beh\u00e5lla mer av sin egen inkomst varje m\u00e5nad.<\/p>\n<p>Lars Thunberg \u00e4r ordf\u00f6rande i Kristdemokraternas milj\u00f6politiska arbetsgrupp som nyligen presenterade en rapport med m\u00e5nga konkreta f\u00f6rslag f\u00f6r ett h\u00e5llbarare Sverige.\u00a0Rapporten utg\u00e5r fr\u00e5n kristdemokratiska id\u00e9er med ing\u00e5ngsv\u00e4rden som f\u00f6rvaltarskapsprincipen, f\u00f6rsiktighetsprincipen, att alla ska ges f\u00f6ruts\u00e4ttningar att g\u00f6ra r\u00e4tt och l\u00e5ngsiktighet i lagar, regler och styrinstrument. Den mynnar ut i ett antal konkreta och radikala f\u00f6rslag f\u00f6r ett b\u00e4ttre klimat, som:<\/p>\n<ul>\n<li>F\u00f6r att \u00f6ka anv\u00e4ndningen av \u00e5tervunna material i nyproduktion av textil f\u00f6resl\u00e5r vi en r\u00e5varuskatt p\u00e5 icke-\u00e5tervunna textilier p\u00e5 10 000 kronor per ton.<\/li>\n<li>Det beh\u00f6vs krafttag f\u00f6r att minska anv\u00e4ndningen av konventionella plaster i eng\u00e5ngsartiklar och ers\u00e4tta dem med biologiskt nedbrytbara alternativ. Vi f\u00f6resl\u00e5r d\u00e4rf\u00f6r inf\u00f6randet av en ny skatt p\u00e5 plastp\u00e5sar i detaljhandeln p\u00e5 1 krona per p\u00e5se.<\/li>\n<li>Kristdemokraterna f\u00f6resl\u00e5r att\u00a0ett tydligt system f\u00f6r personfordon inf\u00f6rs med milj\u00f6klassning fr\u00e5n A till G. Den som k\u00f6per en bil med betyg A-C f\u00e5r en bonus som motsvarar betygsniv\u00e5n och den som k\u00f6per en med betyg E-G f\u00e5r betala en avgift.<\/li>\n<li>Energi fr\u00e5n solen m\u00e5ste utnyttjas mycket b\u00e4ttre i den svenska energimixen. I somras inf\u00f6rde dock regeringen en ny energiskatt p\u00e5 solel fr\u00e5n anl\u00e4ggningar med en effekt \u00f6ver 255 kilowatt. Kristdemokraterna f\u00f6resl\u00e5r att denna straffskatt p\u00e5 solkraft genast tas bort.<\/li>\n<\/ul>\n<div style=\"border: black solid 1px\">\n<h2>Om Lars Thunberg (KD), Helsingborg<\/h2>\n<p>Som m\u00e5ng\u00e5rig ordf\u00f6rande i milj\u00f6n\u00e4mnden i Helsingborg, och de senaste \u00e5ren som kommunalr\u00e5d, har Lars Thunberg drivit ett offensivt milj\u00f6arbete som bland annat ledde till priset f\u00f6r B\u00e4sta Milj\u00f6kommun 2009. Sedan dess ligger man i framkant med flera andra utm\u00e4rkelser. S\u00e5 sent som i onsdags tog kommunstyrelsen beslut om att inf\u00f6ra Sveriges vassaste klimatv\u00e4xlingsprogram f\u00f6r tj\u00e4nsteresor, framdrivet av Kristdemokraterna.<\/p>\n<p>Lars Thunberg \u00e4r idag ordf\u00f6rande f\u00f6r den nationella branschorganisationen FAH \u2013 Kommunerna och Milj\u00f6n och var 2001-2015 ordf\u00f6rande i kommunn\u00e4tverket Sveriges Ekokommuner, d\u00e4r \u00e4ven V\u00e4rnamo kommun \u00e4r medlem.<\/p>\n<\/div>\n<p>Efter fika var det dags \u00e5rsm\u00f6tesf\u00f6rhandlingar. Ur <a title=\"Verksamhetsber\u00e4ttelse f\u00f6r Kristdemokraterna i V\u00e4rnamo kommun, verksamhets\u00e5ret 2014\" href=\"#styrelse\">styrelsens verksamhetsber\u00e4ttelse<\/a> kunde \u00e5rsm\u00f6tesordf\u00f6randen Christer Fjordevik\u00a0l\u00e4sa om ett verksamhets\u00e5r d\u00e5 P\u00e4r-Magnus M\u00f6ller fick ta emot Vitsippspriset och d\u00e5 partiavdelningen i V\u00e4rnamo arrangerat\u00a0marknadsaktiviteter, h\u00f6stfest och medlemsm\u00f6ten med olika teman som h\u00f6ghastighetsj\u00e4rnv\u00e4gar och jordbrukspolitik.<\/p>\n<p>Fr\u00e5n <a title=\"Verksamhetsber\u00e4ttelse 2014 f\u00f6r Kristdemokraternas fullm\u00e4ktigegrupp I V\u00e4rnamo\" href=\"#kf\">kommunfullm\u00e4ktigegruppens verksamhetsber\u00e4ttelse<\/a> kunde \u00e5rsm\u00f6tet l\u00e4sa om ett engagerat debatt\u00e5r med m\u00e5nga kristdemokrater som h\u00f6rts ifr\u00e5n Kommunfullm\u00e4ktiges talarstol. Den kristdemokratiskt pr\u00e4glade visionen f\u00f6r V\u00e4rnamo kommun har varit ledord f\u00f6r m\u00e5nga beslut som tagits.<\/p>\n<p>\u00c5rsm\u00f6tet beslutade att styrelsen ska best\u00e5 av 13 personer. Gunnar Crona valdes till ordf\u00f6rande och Christer Fjordevik till vice ordf\u00f6rande.<\/p>\n<p>Till nya styrelseledam\u00f6ter p\u00e5 tv\u00e5 \u00e5r valdes H\u00e5kan Johansson,\u00a0Gunnel Youngstr\u00f6m, Torbj\u00f6rn Eriksson, Lena Freij och Mario Mikulic.<\/p>\n<p>Arnold Carlzon, Ibrahim Candemir, Camilla Rinaldo Miller, Patrik Ekvall och Xhilda Bushati \u00e4r valda till \u00e5rsm\u00f6tet 2018.<\/p>\n<p>\u00c5rsm\u00f6tet beslutade vidare att inte v\u00e4lja n\u00e5gra\u00a0till ers\u00e4ttare till styrelsen.<\/p>\n<p>Ut\u00f6ver dessa val valde \u00e5rsm\u00f6tet \u00e4ven nomineringskommitt\u00e9, valledare och ett antal funktion\u00e4rer. Medlemsavgiften fastst\u00e4lldes till 180 kronor. Styrelsens f\u00f6rslag till verksamhetsplan med budget f\u00f6r 2017 antogs.<\/p>\n<p>\u00c5rsm\u00f6tet tillstyrkte \u00e4ven tre motioner till \u00e5rets Riksting, ang\u00e5ende <a title=\"En ny asyl- och migrationspolitik\" href=\"#motion1\">en ny asyl- och migrationspolitik<\/a>, <a title=\"Maxtid och maxtaxa inom f\u00f6rskolan\" href=\"#motion2\">maxtid och maxtaxa inom f\u00f6rskolan<\/a> och <a title=\"Hur fungerar LOU i praktiken\" href=\"#motion3\">hur fungerar LOU i praktiken<\/a>, och skickade dem vidare till Rikstinget<\/p>\n<hr \/>\n<h2>L\u00e4s mer fr\u00e5n \u00e5rsm\u00f6tet<\/h2>\n<p>[<a title=\"2016 \u00e5rs verksamhetsber\u00e4ttelse f\u00f6r Kristdemokraternas partiavdelning i V\u00e4rnamo\" href=\"#styrelse\">2016 \u00e5rs verksamhetsber\u00e4ttelse f\u00f6r Kristdemokraternas partiavdelning i V\u00e4rnamo<\/a>]<\/p>\n<p>[<a title=\"Verksamhetsber\u00e4ttelse 2016 f\u00f6r Kristdemokraternas fullm\u00e4ktigegrupp i V\u00e4rnamo\" href=\"#kf\">Verksamhetsber\u00e4ttelse 2016 f\u00f6r Kristdemokraternas fullm\u00e4ktigegrupp i V\u00e4rnamo<\/a>]<\/p>\n<p>[<a title=\"En ny asyl- och migrationspolitik\" href=\"#motion1\">En ny asyl- och migrationspolitik<\/a>]<\/p>\n<p>[<a title=\"Maxtid och maxtaxa inom f\u00f6rskolan\" href=\"#motion2\">Maxtid och maxtaxa inom f\u00f6rskolan<\/a>]<\/p>\n<p>[<a title=\"Hur fungerar LOU i praktiken\" href=\"#motion3\">Hur fungerar LOU i praktiken<\/a>]<\/p>\n<hr \/>\n\n\t\t<style type=\"text\/css\">\n\t\t\t#gallery-1 {\n\t\t\t\tmargin: auto;\n\t\t\t}\n\t\t\t#gallery-1 .gallery-item {\n\t\t\t\tfloat: left;\n\t\t\t\tmargin-top: 10px;\n\t\t\t\ttext-align: center;\n\t\t\t\twidth: 33%;\n\t\t\t}\n\t\t\t#gallery-1 img {\n\t\t\t\tborder: 2px solid #cfcfcf;\n\t\t\t}\n\t\t\t#gallery-1 .gallery-caption {\n\t\t\t\tmargin-left: 0;\n\t\t\t}\n\t\t\t\/* see gallery_shortcode() in wp-includes\/media.php *\/\n\t\t<\/style>\n\t\t<div id='gallery-1' class='gallery galleryid-7351 gallery-columns-3 gallery-size-thumbnail'><dl class='gallery-item'>\n\t\t\t<dt class='gallery-icon landscape'>\n\t\t\t\t<a href='https:\/\/wp.kristdemokraterna.se\/varnamo\/20170210-arsmote-larsthunberg\/'><img loading=\"lazy\" decoding=\"async\" width=\"150\" height=\"150\" src=\"https:\/\/wp.kristdemokraterna.se\/varnamo\/files\/2017\/02\/20170210_arsmote_larsthunberg-150x150.jpg\" class=\"attachment-thumbnail size-thumbnail\" alt=\"Det ska vara l\u00e4tt att g\u00f6ra r\u00e4tt. Lars Thunberg presenterar Kristdemokraternas milj\u00f6politiska rapport &quot;Milj\u00f6politik med f\u00f6rvaltarskap&quot; p\u00e5 \u00e5rsm\u00f6tet i Kafferepet. (Foto: H\u00e5kan Johansson)\" aria-describedby=\"gallery-1-7354\" \/><\/a>\n\t\t\t<\/dt>\n\t\t\t\t<dd class='wp-caption-text gallery-caption' id='gallery-1-7354'>\n\t\t\t\tDet ska vara l\u00e4tt att g\u00f6ra r\u00e4tt. Lars Thunberg presenterar Kristdemokraternas milj\u00f6politiska rapport &#8221;Milj\u00f6politik med f\u00f6rvaltarskap&#8221; p\u00e5 \u00e5rsm\u00f6tet i Kafferepet. (Foto: H\u00e5kan Johansson)\n\t\t\t\t<\/dd><\/dl><dl class='gallery-item'>\n\t\t\t<dt class='gallery-icon landscape'>\n\t\t\t\t<a href='https:\/\/wp.kristdemokraterna.se\/varnamo\/20170210-arsmote-miljorapport\/'><img loading=\"lazy\" decoding=\"async\" width=\"150\" height=\"150\" src=\"https:\/\/wp.kristdemokraterna.se\/varnamo\/files\/2017\/02\/20170210_arsmote_miljorapport-150x150.jpg\" class=\"attachment-thumbnail size-thumbnail\" alt=\"Publiken lyssnade intresserat p\u00e5 Lars Thunbergs presentation av aktuella kristdemokratiska svar p\u00e5 klimatutmaningarna. (Foto: H\u00e5kan Johansson)\" aria-describedby=\"gallery-1-7355\" \/><\/a>\n\t\t\t<\/dt>\n\t\t\t\t<dd class='wp-caption-text gallery-caption' id='gallery-1-7355'>\n\t\t\t\tPubliken lyssnade intresserat p\u00e5 Lars Thunbergs presentation av aktuella kristdemokratiska svar p\u00e5 klimatutmaningarna. (Foto: H\u00e5kan Johansson)\n\t\t\t\t<\/dd><\/dl>\n\t\t\t<br style='clear: both' \/>\n\t\t<\/div>\n\n<div style=\"width: 720px;\" class=\"wp-video\"><video class=\"wp-video-shortcode\" id=\"video-7351-1\" width=\"720\" height=\"720\" preload=\"metadata\" controls=\"controls\"><source type=\"video\/mp4\" src=\"http:\/\/wp.kristdemokraterna.se\/varnamo\/files\/2017\/02\/vid_425590611_114056_832.mp4?_=1\" \/><a href=\"http:\/\/wp.kristdemokraterna.se\/varnamo\/files\/2017\/02\/vid_425590611_114056_832.mp4\">http:\/\/wp.kristdemokraterna.se\/varnamo\/files\/2017\/02\/vid_425590611_114056_832.mp4<\/a><\/video><\/div>\n<hr \/>\n<h2 id=\"styrelse\">2016 \u00e5rs verksamhetsber\u00e4ttelse f\u00f6r <strong>Kristdemokraternas partiavdelning i V\u00e4rnamo<\/strong><\/h2>\n<p>Verksamhets\u00e5ret inleddes med \u00e5rsm\u00f6te i Gummifabriken i V\u00e4rnamo.<\/p>\n<p>Vid \u00e5rsm\u00f6tet hade vi bes\u00f6k av partisekreterare Acko Ankarberg som h\u00f6ll ett inspirerande tal och Arken Jazztrio underh\u00f6ll med musik. Camilla Rinaldo Miller avtackades efter ett v\u00e4lf\u00f6rr\u00e4ttat v\u00e4rv som ordf\u00f6rande. Till ny ordf\u00f6rande f\u00f6r partiavdelningen valdes Gunnar Crona.<\/p>\n<p>P\u00e5 alla hj\u00e4rtans dag den 14 februari delade vi ut vitsippspiset till kyrkoherde P\u00e4r-Magnus M\u00f6ller. Motiveringen till priset var P\u00e4r- Magnus engagerade arbete f\u00f6r att organisera \u00f6ver 100 volont\u00e4rer till att hj\u00e4lpa till med mat utdelning till flyktingar i f\u00f6rsamlingshemmet.<\/p>\n<p>P\u00e5 marknaden i juli hade vi bes\u00f6k av seniorernas v\u00e5ffelvagn, som bj\u00f6d p\u00e5 v\u00e4lsmakande v\u00e5fflor och bes\u00f6karna fick ocks\u00e5 aktuella broschyrer.<\/p>\n<p>En stor h\u00e4ndelse f\u00f6r partiavdelning var att i augusti l\u00e4mnade vi den gamla hyrda lokalen p\u00e5 Storgatan och det var ett stort arbete med rensa ut m\u00f6bler och diverse ting som vi samlat p\u00e5 oss under \u00e5ren. V\u00e5rt material finns nu i en fabrikslokal och \u00e4r l\u00e4tt \u00e5tkomligt.<\/p>\n<p>I oktober hade vi bes\u00f6k av riksdagsman Robert Halef, som sitter i trafikutskottet och \u00e4r partiets talesman i kommunikationsfr\u00e5gor.<\/p>\n<p>Robert tillsammans med n\u00e5gra lokala partif\u00f6retr\u00e4dare tr\u00e4ffade lokala n\u00e4ringslivsf\u00f6retr\u00e4dare f\u00f6r att samtala om den f\u00f6r V\u00e4rnamo s\u00e5 viktiga h\u00f6ghastighetsbanan. P\u00e5 kv\u00e4llen hade vi ett v\u00e4lbes\u00f6kt m\u00f6te p\u00e5 Hotell Vid\u00f6stern ute p\u00e5 Bredasten. Robert informerade om Kristdemokraternas nyligen lagda budgetf\u00f6rslag och gav sin syn p\u00e5 h\u00f6ghastighetsbanan.<\/p>\n<p>I november hade vi v\u00e5r traditionella h\u00f6stfest p\u00e5 Ludd\u00f6 tillsammans med seniorerna, som arrangerade festen. Riksdagsman Magnus Oscarsson, som sitter i jordbruksutskottet och \u00e4r partiets talesman i jordbruksfr\u00e5gor, h\u00f6ll ett b\u00e5de initierat och intressant f\u00f6redrag. Magnus talade engagerat om vikten av att ge b\u00f6nderna b\u00e4ttre f\u00f6ruts\u00e4ttningar. Bernt Olsson underh\u00f6ll med musik under festen. \u00d6verskottet fr\u00e5n festen gick oavkortat till senioravdelningen.<\/p>\n<p>En l\u00f6rdag i december var vi ute p\u00e5 stan och bj\u00f6d p\u00e5 gl\u00f6gg och pepparkakor. Detta var popul\u00e4rt bland alla som var ute och stressade i julhandeln<\/p>\n<p>Styrelsen har haft 6 protokollf\u00f6rda m\u00f6ten under \u00e5ret.<\/p>\n<p style=\"text-align: right\">V\u00e4rnamo den 10 februari 2017<\/p>\n<p style=\"text-align: right\">P\u00e5 styrelsens uppdrag<br \/>\n<em>Gunnar Crona<br \/>\n<\/em>Ordf\u00f6rande<\/p>\n<hr \/>\n<h2 id=\"kf\">Verksamhetsber\u00e4ttelse 2016 f\u00f6r Kristdemokraternas fullm\u00e4ktigegrupp i\u00a0V\u00e4rnamo<\/h2>\n<p>Fullm\u00e4ktigegruppen 2016 har varit Christer Fjordevik (Kfs ordf), Camilla Rinaldo Miller (gruppledare), Gunnar Crona (vice gruppledare),\u00a0Monica Johnsson, Lena Freij, Xhilda Bushati, Stig Claesson och Arnold Carlzon.<\/p>\n<p>V\u00e5ra ledam\u00f6ter f\u00f6r partiet i fullm\u00e4ktige har engagerat varit flitiga i talarstolen. Detta g\u00e4ller \u00e4ven v\u00e5ra n\u00e4mndsordf\u00f6rande. Som vid flertalet g\u00e5nger f\u00e5tt svara p\u00e5 interpellationer och klara g\u00f6ra fakta ang\u00e5ende olika \u00e4renden.<\/p>\n<p>P\u00e5 detta vis f\u00e5r vi en bra m\u00f6jlighet att tydligt tala om vart vi som Kristdemokrater st\u00e5r och vad vi vill f\u00f6r kommunen och medborgarnas b\u00e4sta.<\/p>\n<p>Under \u00e5ret har kommunens vision varit ledord f\u00f6r m\u00e5nga beslut som tagits. V\u00e4rnamo den m\u00e4nskliga tillv\u00e4xtkommunen. Som kristdemokrater kan vi k\u00e4nna oss stolta \u00f6ver visionen och att den ligger till grund f\u00f6r hela kommunens verksamhet.<\/p>\n<p>Med tillv\u00e4xt kommer ocks\u00e5 utmaningar och vi ska d\u00e4rf\u00f6r forts\u00e4tta att sprida de goda kristdemokratiska f\u00f6rslagen.<\/p>\n<p>Ett \u00e5r g\u00e5r fort och nu f\u00e5r vi ladda om och se fram\u00e5t mot n\u00e4sta \u00e5r.<\/p>\n<p style=\"text-align: right\">Bredaryd 9\/2 2017<\/p>\n<p style=\"text-align: right\">F\u00f6r kristdemokraternas fullm\u00e4ktigegrupp<br \/>\n<em>Camilla Rinaldo Miller<\/em><\/p>\n<hr \/>\n<p>Motion till Kristdemokraternas riksting i Uppsala 2017<\/p>\n<h2 id=\"motion1\">En ny asyl- och migrationspolitik<\/h2>\n<p>Efter andra v\u00e4rldskriget skedde en stor omv\u00e4rdering av den tidigare flyktingpolitiken. Orsaken till att man tog tag i problemen runt flyktingfr\u00e5gorna var att m\u00e5nga judar hade f\u00f6rs\u00f6kt att l\u00e4mna Tyskland f\u00f6re krigsutbrottet och att de omkringliggande l\u00e4nderna v\u00e4grade att ta emot dem. Resultatet \u00e4r k\u00e4nt &#8211; miljontals judar, romer och andra grupper m\u00f6rdades under nazitysklands utrotningskampanj.<\/p>\n<p>Insikten om att detta inte f\u00e5r ske igen gjorde att bl.a. kristna filosofer och politiker satte sig ner och arbetade fram det som idag \u00e4r FN:s allm\u00e4nna f\u00f6rklaring om de m\u00e4nskliga r\u00e4ttigheterna.<br \/>\nMen man n\u00f6jde sig inte med att arbeta fram en deklaration baserad p\u00e5 naturr\u00e4ttens principer utan man skapade ocks\u00e5 FN i syfte att skydda dessa principer. I ett politiskt f\u00f6rs\u00f6k att via handel och gemensamma v\u00e4rderingar, en g\u00e5ng f\u00f6r alla, hindra de stora l\u00e4nderna i Europa att g\u00e5 i krig med varandra igen bildades Kol och st\u00e5lgemenskapen som senare resulterade i EG\/EU.<\/p>\n<p>Vi kan alltid kritisera FN, EU och de m\u00e4nskliga r\u00e4ttigheterna f\u00f6r att dessa institutioner och principer inte l\u00f6ser alla problem men det \u00e4r trots allt ett \u00e4rligt och gediget f\u00f6rs\u00f6k att hindra nya krig och konflikter.<\/p>\n<p>Tyv\u00e4rr har inte dessa institutioner kunnat l\u00f6sa alla konflikter vilket g\u00f6r att m\u00e4nniskor \u00e4ven idag tvingas fly ifr\u00e5n sina heml\u00e4nder f\u00f6r att undkomma f\u00f6rf\u00f6ljelse och krigets fasor. P\u00e5 samma s\u00e4tt som v\u00e5ra f\u00f6rf\u00e4der utmanades under mellankrigstiden s\u00e5 utmanas vi idag av att m\u00e4nniskor \u00e4r p\u00e5 flykt. I likhet med att det d\u00e5 fanns folk som ans\u00e5g att problemet skall l\u00f6sas av n\u00e5gon annan s\u00e5 finns det idag de som anser att vi redan har \u201dtagit v\u00e5r del av ansvaret\u201d. Men denna inst\u00e4llning h\u00e5ller inte. Ur ett kristdemokratiskt perspektiv kan vi aldrig sl\u00e5 oss till ro n\u00e4r en m\u00e4nniska lider eller tvingas p\u00e5 flykt.<\/p>\n<p>Vi vill d\u00e4rf\u00f6r att vi som kristdemokrater skall arbeta fram en ny asyl- och migrationspolitik som utg\u00e5r ifr\u00e5n de principer som v\u00e5ra ideologiska f\u00f6rf\u00e4der etablerade efter andra v\u00e4rldskriget. Ledstj\u00e4rnan skall vara den judisk-kristna etikens st\u00f6d f\u00f6r dessa v\u00e5ra minsta samt naturr\u00e4ttens tydliga v\u00e4gledning s\u00e5 som den lyfts fram i FN-stadgan, FN:s allm\u00e4nna f\u00f6rklaring om de m\u00e4nskliga r\u00e4ttigheterna, Flyktingkonventionen, Europakonventionen och Barnkonventionen.<\/p>\n<p>Samtidigt skall vi anv\u00e4nda oss av de institutioner som v\u00e5ra f\u00f6rf\u00e4der etablerade f\u00f6r att vi tillsammans skall kunna bist\u00e5 varandra och ge den enskilde det skydd som de f\u00f6rtj\u00e4nar. Ett aktivt samarbete inom FN och EU \u00e4r d\u00e4rf\u00f6r en viktig grundbult f\u00f6r en fungerande kristdemokratisk asyl- och migrationspolitik.<\/p>\n<p>Inom FN b\u00f6r vi arbeta f\u00f6r s\u00e4kra zoner f\u00f6r minoriteter och utsatta grupper, vi b\u00f6r arbeta f\u00f6r v\u00e4l fungerande flyktingl\u00e4ger, vi b\u00f6r arbeta f\u00f6r ett modernt och effektivt bist\u00e5nd i syfte att undvika konflikter och vi b\u00f6r jobba f\u00f6r internationella flyktingkvoter d\u00e4r alla l\u00e4nder \u00e4r med och tar ansvar.<\/p>\n<p>Inom EU b\u00f6r vi arbeta utifr\u00e5n samma principer som inom FN men ut\u00f6ver det arbete som sker p\u00e5 FN-niv\u00e5n b\u00f6r vi arbeta f\u00f6r trygga gr\u00e4nser, gemensamt polisi\u00e4rt arbete i syfte att bek\u00e4mpa trafficking, narkotikahandel, terrorism samt annan gr\u00e4ns\u00f6verskridande kriminalitet. Vi b\u00f6r \u00e4ven arbeta f\u00f6r en gemensam asylpolitik d\u00e4r asyls\u00f6kande f\u00e5r en likv\u00e4rdig bed\u00f6mning och har m\u00f6jlighet att s\u00f6ka asyl redan p\u00e5 ett EU-lands ambassad. Vi b\u00f6r arbeta f\u00f6r ett gemensamt mottagande vilket g\u00f6r att l\u00e4nder runt Medelhavet inte ensamma f\u00e5r b\u00e4ra ansvaret f\u00f6r den situation som vi f\u00f6r tillf\u00e4llet bevittnar.<\/p>\n<p>P\u00e5 den nationella niv\u00e5n beh\u00f6ver vi vidta \u00e5tg\u00e4rder f\u00f6r att asylprocessen skall genomf\u00f6ras skyndsamt. D\u00e4rf\u00f6r b\u00f6r vi:<\/p>\n<ul>\n<li>se \u00f6ver anv\u00e4ndningen av tillf\u00e4lliga uppeh\u00e5llstillst\u00e5nd d\u00e5 vi vet att dessa hindrar integrationen,<\/li>\n<li>arbeta f\u00f6r att familjers sammanh\u00e5llning v\u00e4rnas inom asyl- och migrationspolitiken<\/li>\n<li>arbeta f\u00f6r att r\u00e4tt \u00e5lder s\u00e4kerst\u00e4lls s\u00e5 att ingen uts\u00e4tts f\u00f6r godtycklig behandling<\/li>\n<li>underl\u00e4tta f\u00f6r asyls\u00f6kande som f\u00e5tt jobb att l\u00e4mna in en ny ans\u00f6kan om uppeh\u00e5llstillst\u00e5nd baserat p\u00e5 jobb<\/li>\n<li>f\u00f6rb\u00e4ttra m\u00f6jligheterna till validering och omskolning inom vuxenutbildningen<\/li>\n<li>arbeta f\u00f6r en \u00f6ppen och flexibel arbetsmarknad<\/li>\n<li>arbeta f\u00f6r enklare regler p\u00e5 bostadsmarknaden<\/li>\n<\/ul>\n<p>M\u00e5nga av de tankar vi lyfter fram i denna motion ligger v\u00e4l i linje med vad vi redan arbetar efter, men det vi vill tydligg\u00f6ra med v\u00e5ra exempel \u00e4r att vi skall utarbeta en kristdemokratisk asyl- och migrationspolitik som h\u00e4mtar inspiration i v\u00e5r egen grundideologi och v\u00e5ra f\u00f6rf\u00e4ders v\u00e4rderingar. Vi vill \u00e4ven vara tydliga med att en fungerande politik f\u00f6ruts\u00e4tter att vi arbetar utifr\u00e5n subsidiaritetsprincipen vilket inneb\u00e4r att vissa delar av asyl- och migrationspolitiken m\u00e5ste hanteras inom FN och EU medan andra delar m\u00e5ste hanteras nationellt. F\u00f6r att den nationella politiken ska fungera s\u00e5 bra som m\u00f6jligt kr\u00e4vs det att s\u00e5v\u00e4l det kommunala som regionala perspektivet finns med i arbetet.<\/p>\n<p>Grundprincipen skall dock vara att vi arbetar utifr\u00e5n den enskilda m\u00e4nniskans perspektiv.<br \/>\nV\u00e5r asyl- och migrationspolitik skall alltid str\u00e4va efter att m\u00e4nniskor f\u00e5r ett respektfullt bem\u00f6tande och goda f\u00f6ruts\u00e4ttningar att etablera sig i Sverige n\u00e4r man har f\u00e5tt sina asylsk\u00e4l pr\u00f6vade. Det \u00e4r ocks\u00e5 v\u00e5rt ansvar att se till att asylprocesserna v\u00e4sentligt p\u00e5skyndas. Det \u00e4r inhumant och f\u00f6r\u00f6dande att det skall dr\u00f6ja flera \u00e5r innan den asyls\u00f6kande f\u00e5r besked om man f\u00e5r stanna eller ej. Vi b\u00f6r ocks\u00e5 se \u00f6ver lagstiftningen och \u00f6verv\u00e4ga att barn som f\u00f6ds i Sverige f\u00e5r m\u00f6jlighet att bli svenska medborgare. Nuvarande lagstiftning har resulterat i konstiga situationer d\u00e4r barn som inte har n\u00e5got annat hemland avvisas trots att man redan \u00e4r en del av den svenska samh\u00e4llsgemenskapen.<\/p>\n<p>Utifr\u00e5n dessa tankar yrkar vi p\u00e5:<\/p>\n<table>\n<tbody>\n<tr>\n<td width=\"10%\"><em>att<\/em><\/td>\n<td>rikstinget ger partistyrelsen i uppdrag att arbeta fram en ny asyl- och migrationspolitik.<\/td>\n<\/tr>\n<\/tbody>\n<\/table>\n<p>Magnus Jacobsson \u00a0\u00a0\u00a0\u00a0\u00a0\u00a0\u00a0\u00a0\u00a0\u00a0\u00a0\u00a0\u00a0\u00a0\u00a0\u00a0\u00a0\u00a0\u00a0\u00a0\u00a0\u00a0\u00a0\u00a0\u00a0 Uddevalla\u00a0\u00a0\u00a0\u00a0\u00a0\u00a0\u00a0\u00a0\u00a0\u00a0\u00a0\u00a0\u00a0\u00a0\u00a0\u00a0\u00a0\u00a0 V\u00e4stra G\u00f6taland norra<br \/>\nKent Sj\u00f6berg\u00a0\u00a0\u00a0\u00a0\u00a0\u00a0\u00a0\u00a0\u00a0\u00a0\u00a0\u00a0\u00a0\u00a0\u00a0\u00a0\u00a0\u00a0\u00a0\u00a0\u00a0\u00a0\u00a0\u00a0\u00a0\u00a0\u00a0\u00a0\u00a0\u00a0\u00a0\u00a0\u00a0\u00a0 Norrbo\u00a0\u00a0\u00a0\u00a0\u00a0\u00a0\u00a0\u00a0\u00a0\u00a0\u00a0\u00a0\u00a0\u00a0\u00a0\u00a0\u00a0\u00a0\u00a0\u00a0\u00a0\u00a0\u00a0 G\u00e4vleborgs l\u00e4n<br \/>\nGunilla Lindell\u00a0\u00a0\u00a0\u00a0\u00a0\u00a0\u00a0\u00a0\u00a0\u00a0\u00a0\u00a0\u00a0\u00a0\u00a0\u00a0\u00a0\u00a0\u00a0\u00a0\u00a0\u00a0\u00a0\u00a0\u00a0\u00a0\u00a0\u00a0\u00a0\u00a0\u00a0 Lerum\u00a0\u00a0\u00a0\u00a0\u00a0\u00a0\u00a0\u00a0\u00a0\u00a0\u00a0\u00a0\u00a0\u00a0\u00a0\u00a0\u00a0\u00a0\u00a0\u00a0\u00a0\u00a0\u00a0\u00a0 V\u00e4stra G\u00f6taland v\u00e4stra<br \/>\nDavid Lega\u00a0\u00a0\u00a0\u00a0\u00a0\u00a0\u00a0\u00a0\u00a0\u00a0\u00a0\u00a0\u00a0\u00a0\u00a0\u00a0\u00a0\u00a0\u00a0\u00a0\u00a0\u00a0\u00a0\u00a0\u00a0\u00a0\u00a0\u00a0\u00a0\u00a0\u00a0\u00a0\u00a0\u00a0\u00a0\u00a0\u00a0 G\u00f6teborg\u00a0\u00a0\u00a0\u00a0\u00a0\u00a0\u00a0\u00a0\u00a0\u00a0\u00a0\u00a0\u00a0\u00a0\u00a0\u00a0\u00a0\u00a0\u00a0 G\u00f6teborgs stad<br \/>\nLennart Bondesson\u00a0\u00a0\u00a0\u00a0\u00a0\u00a0\u00a0\u00a0\u00a0\u00a0\u00a0\u00a0\u00a0\u00a0\u00a0\u00a0\u00a0\u00a0\u00a0\u00a0\u00a0\u00a0\u00a0\u00a0 \u00d6rebro\u00a0\u00a0\u00a0\u00a0\u00a0\u00a0\u00a0\u00a0\u00a0\u00a0\u00a0\u00a0\u00a0\u00a0\u00a0\u00a0\u00a0\u00a0\u00a0\u00a0\u00a0\u00a0\u00a0 \u00d6rebro l\u00e4n<br \/>\nBehcet Barsom\u00a0\u00a0\u00a0\u00a0\u00a0\u00a0\u00a0\u00a0\u00a0\u00a0\u00a0\u00a0\u00a0\u00a0\u00a0\u00a0\u00a0\u00a0\u00a0\u00a0\u00a0\u00a0\u00a0\u00a0\u00a0\u00a0\u00a0\u00a0\u00a0\u00a0\u00a0 \u00d6rebro\u00a0\u00a0\u00a0\u00a0\u00a0\u00a0\u00a0\u00a0\u00a0\u00a0\u00a0\u00a0\u00a0\u00a0\u00a0\u00a0\u00a0\u00a0\u00a0\u00a0\u00a0\u00a0\u00a0 \u00d6rebro l\u00e4n<br \/>\nMichael Anefur\u00a0\u00a0\u00a0\u00a0\u00a0\u00a0\u00a0\u00a0\u00a0\u00a0\u00a0\u00a0\u00a0\u00a0\u00a0\u00a0\u00a0\u00a0\u00a0\u00a0\u00a0\u00a0\u00a0\u00a0\u00a0\u00a0\u00a0\u00a0\u00a0\u00a0 Kristianstad\u00a0\u00a0\u00a0\u00a0\u00a0\u00a0\u00a0\u00a0\u00a0\u00a0\u00a0\u00a0\u00a0\u00a0\u00a0 Sk\u00e5ne<br \/>\nAnders Ivarsson \u00a0\u00a0\u00a0\u00a0\u00a0\u00a0\u00a0\u00a0\u00a0\u00a0\u00a0\u00a0\u00a0\u00a0\u00a0\u00a0\u00a0\u00a0\u00a0\u00a0\u00a0\u00a0\u00a0\u00a0\u00a0\u00a0\u00a0\u00a0 Helsingborg \u00a0\u00a0\u00a0\u00a0\u00a0\u00a0\u00a0\u00a0\u00a0\u00a0\u00a0\u00a0\u00a0\u00a0 Sk\u00e5ne<br \/>\nTomas Ander\u00a0\u00a0\u00a0\u00a0\u00a0\u00a0\u00a0\u00a0\u00a0\u00a0\u00a0\u00a0\u00a0\u00a0\u00a0\u00a0\u00a0\u00a0\u00a0\u00a0\u00a0\u00a0\u00a0\u00a0\u00a0\u00a0\u00a0\u00a0\u00a0\u00a0\u00a0\u00a0\u00a0 H\u00e4ssleholm \u00a0\u00a0\u00a0\u00a0\u00a0\u00a0\u00a0\u00a0\u00a0\u00a0\u00a0\u00a0\u00a0\u00a0\u00a0 Sk\u00e5ne<br \/>\nChristina Borglund\u00a0\u00a0\u00a0\u00a0\u00a0\u00a0\u00a0\u00a0\u00a0\u00a0\u00a0\u00a0\u00a0\u00a0\u00a0\u00a0\u00a0\u00a0\u00a0\u00a0\u00a0\u00a0\u00a0\u00a0\u00a0 Kristianstad\u00a0\u00a0\u00a0\u00a0\u00a0\u00a0\u00a0\u00a0\u00a0\u00a0\u00a0\u00a0\u00a0\u00a0\u00a0 Sk\u00e5ne<br \/>\nElsebeth Lemche \u00a0\u00a0\u00a0\u00a0\u00a0\u00a0\u00a0\u00a0\u00a0\u00a0\u00a0\u00a0\u00a0\u00a0\u00a0\u00a0\u00a0\u00a0\u00a0\u00a0\u00a0\u00a0\u00a0\u00a0\u00a0\u00a0\u00a0 Huar\u00f6d \u00a0\u00a0\u00a0\u00a0\u00a0\u00a0\u00a0\u00a0\u00a0\u00a0\u00a0\u00a0\u00a0\u00a0\u00a0\u00a0\u00a0\u00a0\u00a0\u00a0\u00a0 Sk\u00e5ne<br \/>\nNiels Peter Lemche \u00a0\u00a0\u00a0\u00a0\u00a0\u00a0\u00a0\u00a0\u00a0\u00a0\u00a0\u00a0\u00a0\u00a0\u00a0\u00a0\u00a0\u00a0\u00a0\u00a0\u00a0\u00a0\u00a0 Huar\u00f6d \u00a0\u00a0\u00a0\u00a0\u00a0\u00a0\u00a0\u00a0\u00a0\u00a0\u00a0\u00a0\u00a0\u00a0\u00a0\u00a0\u00a0\u00a0\u00a0\u00a0\u00a0 Sk\u00e5ne<br \/>\nYael Lemche \u00a0\u00a0\u00a0\u00a0\u00a0\u00a0\u00a0\u00a0\u00a0\u00a0\u00a0\u00a0\u00a0\u00a0\u00a0\u00a0\u00a0\u00a0\u00a0\u00a0\u00a0\u00a0\u00a0\u00a0\u00a0\u00a0\u00a0\u00a0\u00a0\u00a0\u00a0\u00a0\u00a0 Huar\u00f6d \u00a0\u00a0\u00a0\u00a0\u00a0\u00a0\u00a0\u00a0\u00a0\u00a0\u00a0\u00a0\u00a0\u00a0\u00a0\u00a0\u00a0\u00a0\u00a0\u00a0\u00a0 Sk\u00e5ne<br \/>\nValdemar Lemche, \u00a0\u00a0\u00a0\u00a0\u00a0\u00a0\u00a0\u00a0\u00a0\u00a0\u00a0\u00a0\u00a0\u00a0\u00a0\u00a0\u00a0\u00a0\u00a0\u00a0\u00a0\u00a0\u00a0\u00a0 Huar\u00f6d \u00a0\u00a0\u00a0\u00a0\u00a0\u00a0\u00a0\u00a0\u00a0\u00a0\u00a0\u00a0\u00a0\u00a0\u00a0\u00a0\u00a0\u00a0\u00a0\u00a0\u00a0 Sk\u00e5ne<br \/>\nKatrin Elfstrand Trigueros\u00a0\u00a0\u00a0\u00a0\u00a0\u00a0\u00a0\u00a0\u00a0\u00a0\u00a0\u00a0\u00a0 Lerum\u00a0\u00a0\u00a0\u00a0\u00a0\u00a0\u00a0\u00a0\u00a0\u00a0\u00a0\u00a0\u00a0\u00a0\u00a0\u00a0\u00a0\u00a0\u00a0\u00a0\u00a0\u00a0\u00a0\u00a0 V\u00e4stra G\u00f6taland v\u00e4stra<br \/>\nJens Abrahamsson\u00a0\u00a0\u00a0\u00a0\u00a0\u00a0\u00a0\u00a0\u00a0\u00a0\u00a0\u00a0\u00a0\u00a0\u00a0\u00a0\u00a0\u00a0\u00a0\u00a0\u00a0\u00a0\u00a0\u00a0\u00a0\u00a0 Lerum\u00a0\u00a0\u00a0\u00a0\u00a0\u00a0\u00a0\u00a0\u00a0\u00a0\u00a0\u00a0\u00a0\u00a0\u00a0\u00a0\u00a0\u00a0\u00a0\u00a0\u00a0\u00a0\u00a0\u00a0 V\u00e4stra G\u00f6taland v\u00e4stra<br \/>\nChristian Eberstein \u00a0\u00a0\u00a0\u00a0\u00a0\u00a0\u00a0\u00a0\u00a0\u00a0\u00a0\u00a0\u00a0\u00a0\u00a0\u00a0\u00a0\u00a0\u00a0\u00a0\u00a0\u00a0\u00a0\u00a0 Lerum\u00a0\u00a0\u00a0\u00a0\u00a0\u00a0\u00a0\u00a0\u00a0\u00a0\u00a0\u00a0\u00a0\u00a0\u00a0\u00a0\u00a0\u00a0\u00a0\u00a0\u00a0\u00a0\u00a0\u00a0 V\u00e4stra G\u00f6taland v\u00e4stra<br \/>\nBert Nygren \u00a0\u00a0\u00a0\u00a0\u00a0\u00a0\u00a0\u00a0\u00a0\u00a0\u00a0\u00a0\u00a0\u00a0\u00a0\u00a0\u00a0\u00a0\u00a0\u00a0\u00a0\u00a0\u00a0\u00a0\u00a0\u00a0\u00a0\u00a0\u00a0\u00a0\u00a0\u00a0\u00a0\u00a0 Partille\u00a0\u00a0\u00a0\u00a0\u00a0\u00a0\u00a0\u00a0\u00a0\u00a0\u00a0\u00a0\u00a0\u00a0\u00a0\u00a0\u00a0\u00a0\u00a0\u00a0\u00a0\u00a0\u00a0 V\u00e4stra G\u00f6taland v\u00e4stra<br \/>\nMaria Nilsson\u00a0\u00a0\u00a0\u00a0\u00a0\u00a0\u00a0\u00a0\u00a0\u00a0\u00a0\u00a0\u00a0\u00a0\u00a0\u00a0\u00a0\u00a0\u00a0\u00a0\u00a0\u00a0\u00a0\u00a0\u00a0\u00a0\u00a0\u00a0\u00a0\u00a0\u00a0\u00a0\u00a0 Trollh\u00e4ttan\u00a0\u00a0\u00a0\u00a0\u00a0\u00a0\u00a0\u00a0\u00a0\u00a0\u00a0\u00a0\u00a0\u00a0\u00a0\u00a0\u00a0 V\u00e4stra G\u00f6taland norra<br \/>\nAnibal Rojas Jorquera\u00a0\u00a0\u00a0\u00a0\u00a0\u00a0\u00a0\u00a0\u00a0\u00a0\u00a0\u00a0\u00a0\u00a0\u00a0\u00a0\u00a0\u00a0\u00a0\u00a0\u00a0 Uddevalla\u00a0\u00a0\u00a0\u00a0\u00a0\u00a0\u00a0\u00a0\u00a0\u00a0\u00a0\u00a0\u00a0\u00a0\u00a0\u00a0\u00a0\u00a0 V\u00e4stra G\u00f6taland norra<br \/>\nClarence Holgersson\u00a0\u00a0\u00a0\u00a0\u00a0\u00a0\u00a0\u00a0\u00a0\u00a0\u00a0\u00a0\u00a0\u00a0\u00a0\u00a0\u00a0\u00a0\u00a0\u00a0\u00a0\u00a0 Munkedal\u00a0\u00a0\u00a0\u00a0\u00a0\u00a0\u00a0\u00a0\u00a0\u00a0\u00a0\u00a0\u00a0\u00a0\u00a0\u00a0\u00a0\u00a0\u00a0 V\u00e4stra G\u00f6taland norra<br \/>\nSara Degerman Carlsson\u00a0\u00a0\u00a0\u00a0\u00a0\u00a0\u00a0\u00a0\u00a0\u00a0\u00a0\u00a0\u00a0\u00a0\u00a0\u00a0 Bor\u00e5s \u00a0\u00a0\u00a0\u00a0\u00a0\u00a0\u00a0\u00a0\u00a0\u00a0\u00a0\u00a0\u00a0\u00a0\u00a0\u00a0\u00a0\u00a0\u00a0\u00a0\u00a0\u00a0\u00a0\u00a0 V\u00e4stra G\u00f6taland s\u00f6dra<br \/>\nVal\u00e8ria Kant\u00a0\u00a0\u00a0\u00a0\u00a0\u00a0\u00a0\u00a0\u00a0\u00a0\u00a0\u00a0\u00a0\u00a0\u00a0\u00a0\u00a0\u00a0\u00a0\u00a0\u00a0\u00a0\u00a0\u00a0\u00a0\u00a0\u00a0\u00a0\u00a0\u00a0\u00a0\u00a0\u00a0\u00a0\u00a0 Bor\u00e5s \u00a0\u00a0\u00a0\u00a0\u00a0\u00a0\u00a0\u00a0\u00a0\u00a0\u00a0\u00a0\u00a0\u00a0\u00a0\u00a0\u00a0\u00a0\u00a0\u00a0\u00a0\u00a0\u00a0\u00a0 V\u00e4stra G\u00f6taland s\u00f6dra<br \/>\nGunnar Wilsson\u00a0\u00a0\u00a0\u00a0\u00a0\u00a0\u00a0\u00a0\u00a0\u00a0\u00a0\u00a0\u00a0\u00a0\u00a0\u00a0\u00a0\u00a0\u00a0\u00a0\u00a0\u00a0\u00a0\u00a0\u00a0\u00a0\u00a0\u00a0\u00a0 Skara\u00a0\u00a0\u00a0\u00a0\u00a0\u00a0\u00a0\u00a0\u00a0\u00a0\u00a0\u00a0\u00a0\u00a0\u00a0\u00a0\u00a0\u00a0\u00a0\u00a0\u00a0\u00a0\u00a0\u00a0\u00a0\u00a0 V\u00e4stra G\u00f6taland \u00f6stra<br \/>\nMorgan Forsberg \u00a0\u00a0\u00a0\u00a0\u00a0\u00a0\u00a0\u00a0\u00a0\u00a0\u00a0\u00a0\u00a0\u00a0\u00a0\u00a0\u00a0\u00a0\u00a0\u00a0\u00a0\u00a0\u00a0\u00a0\u00a0\u00a0 Mariestad\u00a0\u00a0\u00a0\u00a0\u00a0\u00a0\u00a0\u00a0\u00a0\u00a0\u00a0\u00a0\u00a0\u00a0\u00a0\u00a0\u00a0\u00a0\u00a0 V\u00e4stra G\u00f6taland \u00f6stra<br \/>\nGudrun Bruneg\u00e5rd\u00a0\u00a0\u00a0\u00a0\u00a0\u00a0\u00a0\u00a0\u00a0\u00a0\u00a0\u00a0\u00a0\u00a0\u00a0\u00a0\u00a0\u00a0\u00a0\u00a0\u00a0\u00a0\u00a0\u00a0\u00a0 Vimmerby\u00a0\u00a0\u00a0\u00a0\u00a0\u00a0\u00a0\u00a0\u00a0\u00a0\u00a0\u00a0\u00a0\u00a0\u00a0\u00a0\u00a0\u00a0 Kalmar l\u00e4n<br \/>\nDaniel Fredriksson\u00a0\u00a0\u00a0\u00a0\u00a0\u00a0\u00a0\u00a0\u00a0\u00a0\u00a0\u00a0\u00a0\u00a0\u00a0\u00a0\u00a0\u00a0\u00a0\u00a0\u00a0\u00a0\u00a0\u00a0\u00a0 Bankeryd\u00a0\u00a0\u00a0\u00a0\u00a0\u00a0\u00a0\u00a0\u00a0\u00a0\u00a0\u00a0\u00a0\u00a0\u00a0\u00a0\u00a0\u00a0\u00a0 J\u00f6nk\u00f6pings l\u00e4n<br \/>\nSimon Rundqvist\u00a0\u00a0\u00a0\u00a0\u00a0\u00a0\u00a0\u00a0\u00a0\u00a0\u00a0\u00a0\u00a0\u00a0\u00a0\u00a0\u00a0\u00a0\u00a0\u00a0\u00a0\u00a0\u00a0\u00a0\u00a0\u00a0\u00a0 J\u00f6nk\u00f6ping\u00a0\u00a0\u00a0\u00a0\u00a0\u00a0\u00a0\u00a0\u00a0\u00a0\u00a0\u00a0\u00a0\u00a0\u00a0\u00a0\u00a0\u00a0 J\u00f6nk\u00f6pings l\u00e4n<br \/>\nPer H\u00f6gberg\u00a0\u00a0\u00a0\u00a0\u00a0\u00a0\u00a0\u00a0\u00a0\u00a0\u00a0\u00a0\u00a0\u00a0\u00a0\u00a0\u00a0\u00a0\u00a0\u00a0\u00a0\u00a0\u00a0\u00a0\u00a0\u00a0\u00a0\u00a0\u00a0\u00a0\u00a0\u00a0\u00a0\u00a0\u00a0 Mullsj\u00f6\u00a0\u00a0\u00a0\u00a0\u00a0\u00a0\u00a0\u00a0\u00a0\u00a0\u00a0\u00a0\u00a0\u00a0\u00a0\u00a0\u00a0\u00a0\u00a0\u00a0\u00a0\u00a0\u00a0 J\u00f6nk\u00f6pings l\u00e4n<br \/>\nCamilla Rinaldo Miller \u00a0\u00a0\u00a0\u00a0\u00a0\u00a0\u00a0\u00a0\u00a0\u00a0\u00a0\u00a0\u00a0\u00a0\u00a0\u00a0\u00a0\u00a0\u00a0 Bredaryd\u00a0\u00a0\u00a0\u00a0\u00a0\u00a0\u00a0\u00a0\u00a0\u00a0\u00a0\u00a0\u00a0\u00a0\u00a0\u00a0\u00a0\u00a0\u00a0\u00a0 J\u00f6nk\u00f6pings l\u00e4n<br \/>\nIrene Oskarsson\u00a0\u00a0\u00a0\u00a0\u00a0\u00a0\u00a0\u00a0\u00a0\u00a0\u00a0\u00a0\u00a0\u00a0\u00a0\u00a0\u00a0\u00a0\u00a0\u00a0\u00a0\u00a0\u00a0\u00a0\u00a0\u00a0\u00a0\u00a0\u00a0 Aneby\u00a0\u00a0\u00a0\u00a0\u00a0\u00a0\u00a0\u00a0\u00a0\u00a0\u00a0\u00a0\u00a0\u00a0\u00a0\u00a0\u00a0\u00a0\u00a0\u00a0\u00a0\u00a0\u00a0\u00a0 J\u00f6nk\u00f6pings l\u00e4n<br \/>\nMia Frisk\u00a0\u00a0\u00a0\u00a0\u00a0\u00a0\u00a0\u00a0\u00a0\u00a0\u00a0\u00a0\u00a0\u00a0\u00a0\u00a0\u00a0\u00a0\u00a0\u00a0\u00a0\u00a0\u00a0\u00a0\u00a0\u00a0\u00a0\u00a0\u00a0\u00a0\u00a0\u00a0\u00a0\u00a0\u00a0\u00a0\u00a0\u00a0\u00a0\u00a0 Tenhult\u00a0\u00a0\u00a0\u00a0\u00a0\u00a0\u00a0\u00a0\u00a0\u00a0\u00a0\u00a0\u00a0\u00a0\u00a0\u00a0\u00a0\u00a0\u00a0\u00a0\u00a0\u00a0 J\u00f6nk\u00f6pings l\u00e4n<br \/>\nBengt Sj\u00f6berg\u00a0\u00a0\u00a0\u00a0\u00a0\u00a0\u00a0\u00a0\u00a0\u00a0\u00a0\u00a0\u00a0\u00a0\u00a0\u00a0\u00a0\u00a0\u00a0\u00a0\u00a0\u00a0\u00a0\u00a0\u00a0\u00a0\u00a0\u00a0\u00a0\u00a0\u00a0\u00a0\u00a0 Filipstad\u00a0\u00a0\u00a0\u00a0\u00a0\u00a0\u00a0\u00a0\u00a0\u00a0\u00a0\u00a0\u00a0\u00a0\u00a0\u00a0\u00a0\u00a0\u00a0\u00a0\u00a0 V\u00e4rmland<br \/>\nPeter \u00c5kerstr\u00f6m\u00a0\u00a0\u00a0\u00a0\u00a0\u00a0\u00a0\u00a0\u00a0\u00a0\u00a0\u00a0\u00a0\u00a0\u00a0\u00a0\u00a0\u00a0\u00a0\u00a0\u00a0\u00a0\u00a0\u00a0\u00a0\u00a0\u00a0\u00a0\u00a0 Hudiksvall\u00a0\u00a0\u00a0\u00a0\u00a0\u00a0\u00a0\u00a0\u00a0\u00a0\u00a0\u00a0\u00a0\u00a0\u00a0\u00a0\u00a0 G\u00e4vleborgs l\u00e4n<br \/>\nLili Andr\u00e9\u00a0\u00a0\u00a0\u00a0\u00a0\u00a0\u00a0\u00a0\u00a0\u00a0\u00a0\u00a0\u00a0\u00a0\u00a0\u00a0\u00a0\u00a0\u00a0\u00a0\u00a0\u00a0\u00a0\u00a0\u00a0\u00a0\u00a0\u00a0\u00a0\u00a0\u00a0\u00a0\u00a0\u00a0\u00a0\u00a0\u00a0\u00a0\u00a0 G\u00e4vle\u00a0\u00a0\u00a0\u00a0\u00a0\u00a0\u00a0\u00a0\u00a0\u00a0\u00a0\u00a0\u00a0\u00a0\u00a0\u00a0\u00a0\u00a0\u00a0\u00a0\u00a0\u00a0\u00a0\u00a0\u00a0 G\u00e4vleborgs l\u00e4n<br \/>\nLars Sid\u00e9n\u00a0\u00a0\u00a0\u00a0\u00a0\u00a0\u00a0\u00a0\u00a0\u00a0\u00a0\u00a0\u00a0\u00a0\u00a0\u00a0\u00a0\u00a0\u00a0\u00a0\u00a0\u00a0\u00a0\u00a0\u00a0\u00a0\u00a0\u00a0\u00a0\u00a0\u00a0\u00a0\u00a0\u00a0\u00a0\u00a0\u00a0\u00a0 Forsa\u00a0\u00a0\u00a0\u00a0\u00a0\u00a0\u00a0\u00a0\u00a0\u00a0\u00a0\u00a0\u00a0\u00a0\u00a0\u00a0\u00a0\u00a0\u00a0\u00a0\u00a0\u00a0\u00a0\u00a0\u00a0\u00a0 G\u00e4vleborgs l\u00e4n<br \/>\nAnders Ramstrand\u00a0\u00a0\u00a0\u00a0\u00a0\u00a0\u00a0\u00a0\u00a0\u00a0\u00a0\u00a0\u00a0\u00a0\u00a0\u00a0\u00a0\u00a0\u00a0\u00a0\u00a0\u00a0\u00a0\u00a0\u00a0 S\u00f6derhamn\u00a0\u00a0\u00a0\u00a0\u00a0\u00a0\u00a0\u00a0\u00a0\u00a0\u00a0\u00a0\u00a0\u00a0\u00a0\u00a0\u00a0 G\u00e4vleborgs l\u00e4n<br \/>\nJan Myleus \u00a0\u00a0\u00a0\u00a0\u00a0\u00a0\u00a0\u00a0\u00a0\u00a0\u00a0\u00a0\u00a0\u00a0\u00a0\u00a0\u00a0\u00a0\u00a0\u00a0\u00a0\u00a0\u00a0\u00a0\u00a0\u00a0\u00a0\u00a0\u00a0\u00a0\u00a0\u00a0\u00a0\u00a0\u00a0\u00a0\u00a0 G\u00e4vle\u00a0\u00a0\u00a0\u00a0\u00a0\u00a0\u00a0\u00a0\u00a0\u00a0\u00a0\u00a0\u00a0\u00a0\u00a0\u00a0\u00a0\u00a0\u00a0\u00a0\u00a0\u00a0\u00a0\u00a0\u00a0 G\u00e4vleborgs l\u00e4n<br \/>\nBertil Eriksson\u00a0\u00a0\u00a0\u00a0\u00a0\u00a0\u00a0\u00a0\u00a0\u00a0\u00a0\u00a0\u00a0\u00a0\u00a0\u00a0\u00a0\u00a0\u00a0\u00a0\u00a0\u00a0\u00a0\u00a0\u00a0\u00a0\u00a0\u00a0\u00a0\u00a0\u00a0 Edsbyn\u00a0\u00a0\u00a0\u00a0\u00a0\u00a0\u00a0\u00a0\u00a0\u00a0\u00a0\u00a0\u00a0\u00a0\u00a0\u00a0\u00a0\u00a0\u00a0\u00a0\u00a0\u00a0 G\u00e4vleborgs l\u00e4n<br \/>\nLars-Olof Eliasson\u00a0\u00a0\u00a0\u00a0\u00a0\u00a0\u00a0\u00a0\u00a0\u00a0\u00a0\u00a0\u00a0\u00a0\u00a0\u00a0\u00a0\u00a0\u00a0\u00a0\u00a0\u00a0\u00a0\u00a0\u00a0 Sveg\u00a0\u00a0\u00a0\u00a0\u00a0\u00a0\u00a0\u00a0\u00a0\u00a0\u00a0\u00a0\u00a0\u00a0\u00a0\u00a0\u00a0\u00a0\u00a0\u00a0\u00a0\u00a0\u00a0\u00a0\u00a0\u00a0\u00a0 J\u00e4mtland<br \/>\nJesper Songer\u00a0\u00a0\u00a0\u00a0\u00a0\u00a0\u00a0\u00a0\u00a0\u00a0\u00a0\u00a0\u00a0\u00a0\u00a0\u00a0\u00a0\u00a0\u00a0\u00a0\u00a0\u00a0\u00a0\u00a0\u00a0\u00a0\u00a0\u00a0\u00a0\u00a0\u00a0\u00a0\u00a0 V\u00e4ster\u00e5s\u00a0\u00a0\u00a0\u00a0\u00a0\u00a0\u00a0\u00a0\u00a0\u00a0\u00a0\u00a0\u00a0\u00a0\u00a0\u00a0\u00a0\u00a0\u00a0\u00a0\u00a0 V\u00e4stmanlands l\u00e4n<br \/>\nEric S\u00f6derberg\u00a0\u00a0\u00a0\u00a0\u00a0\u00a0\u00a0\u00a0\u00a0\u00a0\u00a0\u00a0\u00a0\u00a0\u00a0\u00a0\u00a0\u00a0\u00a0\u00a0\u00a0\u00a0\u00a0\u00a0\u00a0\u00a0\u00a0\u00a0\u00a0\u00a0\u00a0 Kvicksund\u00a0\u00a0\u00a0\u00a0\u00a0\u00a0\u00a0\u00a0\u00a0\u00a0\u00a0\u00a0\u00a0\u00a0\u00a0\u00a0\u00a0 V\u00e4stmanlands l\u00e4n<br \/>\nAmanda Agestav\u00a0\u00a0\u00a0\u00a0\u00a0\u00a0\u00a0\u00a0\u00a0\u00a0\u00a0\u00a0\u00a0\u00a0\u00a0\u00a0\u00a0\u00a0\u00a0\u00a0\u00a0\u00a0\u00a0\u00a0\u00a0\u00a0\u00a0\u00a0 V\u00e4ster\u00e5s\u00a0\u00a0\u00a0\u00a0\u00a0\u00a0\u00a0\u00a0\u00a0\u00a0\u00a0\u00a0\u00a0\u00a0\u00a0\u00a0\u00a0\u00a0\u00a0\u00a0\u00a0 V\u00e4stmanlands l\u00e4n<br \/>\nJoakim Widell\u00a0\u00a0\u00a0\u00a0\u00a0\u00a0\u00a0\u00a0\u00a0\u00a0\u00a0\u00a0\u00a0\u00a0\u00a0\u00a0\u00a0\u00a0\u00a0\u00a0\u00a0\u00a0\u00a0\u00a0\u00a0\u00a0\u00a0\u00a0\u00a0\u00a0\u00a0\u00a0 V\u00e4ster\u00e5s \u00a0\u00a0\u00a0\u00a0\u00a0\u00a0\u00a0\u00a0\u00a0\u00a0\u00a0\u00a0\u00a0\u00a0\u00a0\u00a0\u00a0\u00a0\u00a0\u00a0 V\u00e4stmanlands l\u00e4n<br \/>\nDavid Winks \u00a0\u00a0\u00a0\u00a0\u00a0\u00a0\u00a0\u00a0\u00a0\u00a0\u00a0\u00a0\u00a0\u00a0\u00a0\u00a0\u00a0\u00a0\u00a0\u00a0\u00a0\u00a0\u00a0\u00a0\u00a0\u00a0\u00a0\u00a0\u00a0\u00a0\u00a0\u00a0\u00a0 Stockholm\u00a0\u00a0\u00a0\u00a0\u00a0\u00a0\u00a0\u00a0\u00a0\u00a0\u00a0\u00a0\u00a0\u00a0\u00a0\u00a0\u00a0 Stockholms stad<br \/>\nJohan Sunbring\u00a0\u00a0\u00a0\u00a0\u00a0\u00a0\u00a0\u00a0\u00a0\u00a0\u00a0\u00a0\u00a0\u00a0\u00a0\u00a0\u00a0\u00a0\u00a0\u00a0\u00a0\u00a0\u00a0\u00a0\u00a0\u00a0\u00a0\u00a0\u00a0\u00a0\u00a0 Johanneshov \u00a0\u00a0\u00a0\u00a0\u00a0\u00a0\u00a0\u00a0\u00a0\u00a0\u00a0\u00a0\u00a0 Stockholms stad<br \/>\nMaria F\u00e4lth\u00a0\u00a0\u00a0\u00a0\u00a0\u00a0\u00a0\u00a0\u00a0\u00a0\u00a0\u00a0\u00a0\u00a0\u00a0\u00a0\u00a0\u00a0\u00a0\u00a0\u00a0\u00a0\u00a0\u00a0\u00a0\u00a0\u00a0\u00a0\u00a0\u00a0\u00a0\u00a0\u00a0\u00a0\u00a0\u00a0\u00a0 Upplands V\u00e4sby\u00a0 \u00a0\u00a0\u00a0\u00a0\u00a0\u00a0\u00a0 Stockholms l\u00e4n<br \/>\nCaroline Agrell\u00a0\u00a0\u00a0\u00a0\u00a0\u00a0\u00a0\u00a0\u00a0\u00a0\u00a0\u00a0\u00a0\u00a0\u00a0\u00a0\u00a0\u00a0\u00a0\u00a0\u00a0\u00a0\u00a0\u00a0\u00a0\u00a0\u00a0\u00a0\u00a0\u00a0\u00a0 Sollentuna\u00a0\u00a0\u00a0\u00a0\u00a0\u00a0\u00a0\u00a0\u00a0\u00a0\u00a0\u00a0\u00a0\u00a0\u00a0\u00a0\u00a0\u00a0 Stockholms l\u00e4n<br \/>\nJanne Stefansson\u00a0\u00a0\u00a0\u00a0\u00a0\u00a0\u00a0\u00a0\u00a0\u00a0\u00a0\u00a0\u00a0\u00a0\u00a0\u00a0\u00a0\u00a0\u00a0\u00a0\u00a0\u00a0\u00a0\u00a0\u00a0\u00a0\u00a0\u00a0 Upplands-Bro \u00a0\u00a0\u00a0\u00a0\u00a0\u00a0\u00a0\u00a0\u00a0\u00a0\u00a0 Stockholms l\u00e4n<br \/>\nSimon Olsson\u00a0\u00a0\u00a0\u00a0\u00a0\u00a0\u00a0\u00a0\u00a0\u00a0\u00a0\u00a0\u00a0\u00a0\u00a0\u00a0\u00a0\u00a0\u00a0\u00a0\u00a0\u00a0\u00a0\u00a0\u00a0\u00a0\u00a0\u00a0\u00a0\u00a0\u00a0\u00a0 Sollentuna\u00a0\u00a0\u00a0\u00a0\u00a0\u00a0\u00a0\u00a0\u00a0\u00a0\u00a0\u00a0\u00a0\u00a0\u00a0\u00a0\u00a0\u00a0 Stockholms l\u00e4n<br \/>\nKarl Henriksson\u00a0\u00a0\u00a0\u00a0\u00a0\u00a0\u00a0\u00a0\u00a0\u00a0\u00a0\u00a0\u00a0\u00a0\u00a0\u00a0\u00a0\u00a0\u00a0\u00a0\u00a0\u00a0\u00a0\u00a0\u00a0\u00a0\u00a0\u00a0\u00a0 Huddinge\u00a0\u00a0\u00a0\u00a0\u00a0\u00a0\u00a0\u00a0\u00a0\u00a0\u00a0\u00a0\u00a0\u00a0\u00a0\u00a0\u00a0\u00a0\u00a0 Stockholms l\u00e4n<br \/>\nDavid Winerdal\u00a0\u00a0\u00a0\u00a0\u00a0\u00a0\u00a0\u00a0\u00a0\u00a0\u00a0\u00a0\u00a0\u00a0\u00a0\u00a0\u00a0\u00a0\u00a0\u00a0\u00a0\u00a0\u00a0\u00a0\u00a0\u00a0\u00a0\u00a0\u00a0\u00a0 S\u00f6dert\u00e4lje \u00a0\u00a0\u00a0\u00a0\u00a0\u00a0\u00a0\u00a0\u00a0\u00a0\u00a0\u00a0\u00a0\u00a0\u00a0\u00a0\u00a0\u00a0 Stockholms l\u00e4n<br \/>\nJan-Eric Jansson\u00a0\u00a0\u00a0\u00a0\u00a0\u00a0\u00a0\u00a0\u00a0\u00a0\u00a0\u00a0\u00a0\u00a0\u00a0\u00a0\u00a0\u00a0\u00a0\u00a0\u00a0\u00a0\u00a0\u00a0\u00a0\u00a0\u00a0\u00a0\u00a0 Nacka\u00a0\u00a0\u00a0\u00a0\u00a0\u00a0\u00a0\u00a0\u00a0\u00a0\u00a0\u00a0\u00a0\u00a0\u00a0\u00a0\u00a0\u00a0\u00a0\u00a0\u00a0\u00a0\u00a0\u00a0 Stockholms l\u00e4n<br \/>\nJoha Frondelius\u00a0\u00a0\u00a0\u00a0\u00a0\u00a0\u00a0\u00a0\u00a0\u00a0\u00a0\u00a0\u00a0\u00a0\u00a0\u00a0\u00a0\u00a0\u00a0\u00a0\u00a0\u00a0\u00a0\u00a0\u00a0\u00a0\u00a0\u00a0\u00a0\u00a0 Katrineholm \u00a0\u00a0\u00a0\u00a0\u00a0\u00a0\u00a0\u00a0\u00a0\u00a0\u00a0\u00a0\u00a0\u00a0 S\u00f6rmland<br \/>\nUlf Bj\u00f6rklund \u00a0\u00a0\u00a0\u00a0\u00a0\u00a0\u00a0\u00a0\u00a0\u00a0\u00a0\u00a0\u00a0\u00a0\u00a0\u00a0\u00a0\u00a0\u00a0\u00a0\u00a0\u00a0\u00a0\u00a0\u00a0\u00a0\u00a0\u00a0\u00a0\u00a0\u00a0\u00a0 Orsa \u00a0\u00a0\u00a0\u00a0\u00a0\u00a0\u00a0\u00a0\u00a0\u00a0\u00a0\u00a0\u00a0\u00a0\u00a0\u00a0\u00a0\u00a0\u00a0\u00a0\u00a0\u00a0\u00a0\u00a0\u00a0\u00a0 Dalarna<br \/>\nBengt-\u00c5ke Svahn \u00a0\u00a0\u00a0\u00a0\u00a0\u00a0\u00a0\u00a0\u00a0\u00a0\u00a0\u00a0\u00a0\u00a0\u00a0\u00a0\u00a0\u00a0\u00a0\u00a0\u00a0\u00a0\u00a0\u00a0\u00a0\u00a0 Orsa\u00a0\u00a0\u00a0\u00a0\u00a0\u00a0\u00a0\u00a0\u00a0\u00a0\u00a0\u00a0\u00a0\u00a0\u00a0\u00a0\u00a0\u00a0\u00a0\u00a0\u00a0\u00a0\u00a0\u00a0\u00a0\u00a0\u00a0 Dalarna<br \/>\nBenny Strandberg\u00a0\u00a0\u00a0\u00a0\u00a0\u00a0\u00a0\u00a0\u00a0\u00a0\u00a0\u00a0\u00a0\u00a0\u00a0\u00a0\u00a0\u00a0\u00a0\u00a0\u00a0\u00a0\u00a0\u00a0\u00a0\u00a0\u00a0 Kungsbacka \u00a0\u00a0\u00a0\u00a0\u00a0\u00a0\u00a0\u00a0\u00a0\u00a0\u00a0\u00a0\u00a0\u00a0 Halland<br \/>\nSara Lidqvist\u00a0\u00a0\u00a0\u00a0\u00a0\u00a0\u00a0\u00a0\u00a0\u00a0\u00a0\u00a0\u00a0\u00a0\u00a0\u00a0\u00a0\u00a0\u00a0\u00a0\u00a0\u00a0\u00a0\u00a0\u00a0\u00a0\u00a0\u00a0\u00a0\u00a0\u00a0\u00a0\u00a0\u00a0 Hemse\u00a0\u00a0\u00a0\u00a0\u00a0\u00a0\u00a0\u00a0\u00a0\u00a0\u00a0\u00a0\u00a0\u00a0\u00a0\u00a0\u00a0\u00a0\u00a0\u00a0\u00a0\u00a0\u00a0 Gotland<br \/>\nDan Munther \u00a0\u00a0\u00a0\u00a0\u00a0\u00a0\u00a0\u00a0\u00a0\u00a0\u00a0\u00a0\u00a0\u00a0\u00a0\u00a0\u00a0\u00a0\u00a0\u00a0\u00a0\u00a0\u00a0\u00a0\u00a0\u00a0\u00a0\u00a0\u00a0\u00a0\u00a0\u00a0 Karlshamn \u00a0\u00a0\u00a0\u00a0\u00a0\u00a0\u00a0\u00a0\u00a0\u00a0\u00a0\u00a0\u00a0\u00a0\u00a0\u00a0 Blekinge<br \/>\nCarl-Gunnar Madestam\u00a0\u00a0\u00a0\u00a0\u00a0\u00a0\u00a0\u00a0\u00a0\u00a0\u00a0\u00a0\u00a0\u00a0\u00a0\u00a0\u00a0\u00a0 Karlshamn\u00a0\u00a0\u00a0\u00a0\u00a0\u00a0\u00a0\u00a0\u00a0\u00a0\u00a0\u00a0\u00a0\u00a0\u00a0\u00a0\u00a0 Blekinge<br \/>\nMarianne Nygren \u00a0\u00a0\u00a0\u00a0\u00a0\u00a0\u00a0\u00a0\u00a0\u00a0\u00a0\u00a0\u00a0\u00a0\u00a0\u00a0\u00a0\u00a0\u00a0\u00a0\u00a0\u00a0\u00a0\u00a0\u00a0\u00a0 Skutsk\u00e4r \u00a0\u00a0\u00a0\u00a0\u00a0\u00a0\u00a0\u00a0\u00a0\u00a0\u00a0\u00a0\u00a0\u00a0\u00a0\u00a0\u00a0\u00a0\u00a0\u00a0 Uppsala l\u00e4n<br \/>\nMonica Land\u00e9n\u00a0\u00a0\u00a0\u00a0\u00a0\u00a0\u00a0\u00a0\u00a0\u00a0\u00a0\u00a0\u00a0\u00a0\u00a0\u00a0\u00a0\u00a0\u00a0\u00a0\u00a0\u00a0\u00a0\u00a0\u00a0\u00a0\u00a0\u00a0\u00a0\u00a0 Enk\u00f6ping\u00a0\u00a0\u00a0\u00a0\u00a0\u00a0\u00a0\u00a0\u00a0\u00a0\u00a0\u00a0\u00a0\u00a0\u00a0\u00a0\u00a0\u00a0\u00a0 Uppsala l\u00e4n<br \/>\nLiselott Fager\u00a0\u00a0\u00a0\u00a0\u00a0\u00a0\u00a0\u00a0\u00a0\u00a0\u00a0\u00a0\u00a0\u00a0\u00a0\u00a0\u00a0\u00a0\u00a0\u00a0\u00a0\u00a0\u00a0\u00a0\u00a0\u00a0\u00a0\u00a0\u00a0\u00a0\u00a0\u00a0\u00a0 Link\u00f6ping \u00a0\u00a0\u00a0\u00a0\u00a0\u00a0\u00a0\u00a0\u00a0\u00a0\u00a0\u00a0\u00a0\u00a0\u00a0\u00a0\u00a0 \u00d6sterg\u00f6tlands l\u00e4n<br \/>\nSven Brus\u00a0\u00a0\u00a0\u00a0\u00a0\u00a0\u00a0\u00a0\u00a0\u00a0\u00a0\u00a0\u00a0\u00a0\u00a0\u00a0\u00a0\u00a0\u00a0\u00a0\u00a0\u00a0\u00a0\u00a0\u00a0\u00a0\u00a0\u00a0\u00a0\u00a0\u00a0\u00a0\u00a0\u00a0\u00a0\u00a0\u00a0\u00a0\u00a0 Norrk\u00f6ping\u00a0\u00a0\u00a0\u00a0\u00a0\u00a0\u00a0\u00a0\u00a0\u00a0\u00a0\u00a0\u00a0\u00a0\u00a0\u00a0 \u00d6sterg\u00f6tlands l\u00e4n<br \/>\nPer Larsson \u00a0\u00a0\u00a0\u00a0\u00a0\u00a0\u00a0\u00a0\u00a0\u00a0\u00a0\u00a0\u00a0\u00a0\u00a0\u00a0\u00a0\u00a0\u00a0\u00a0\u00a0\u00a0\u00a0\u00a0\u00a0\u00a0\u00a0\u00a0\u00a0\u00a0\u00a0\u00a0\u00a0\u00a0\u00a0 Link\u00f6ping\u00a0\u00a0\u00a0\u00a0\u00a0\u00a0\u00a0\u00a0\u00a0\u00a0\u00a0\u00a0\u00a0\u00a0\u00a0\u00a0\u00a0\u00a0 \u00d6sterg\u00f6tlands l\u00e4n<br \/>\nLiza-Maria Norlin\u00a0\u00a0\u00a0\u00a0\u00a0\u00a0\u00a0\u00a0\u00a0\u00a0\u00a0\u00a0\u00a0\u00a0\u00a0\u00a0\u00a0\u00a0\u00a0\u00a0\u00a0\u00a0\u00a0\u00a0\u00a0\u00a0\u00a0 Sundsvall\u00a0\u00a0\u00a0\u00a0\u00a0\u00a0\u00a0\u00a0\u00a0\u00a0\u00a0\u00a0\u00a0\u00a0\u00a0\u00a0\u00a0\u00a0\u00a0 V\u00e4sternorrlands l\u00e4n<br \/>\nKarin H\u00f6gberg\u00a0\u00a0\u00a0\u00a0\u00a0\u00a0\u00a0\u00a0\u00a0\u00a0\u00a0\u00a0\u00a0\u00a0\u00a0\u00a0\u00a0\u00a0\u00a0\u00a0\u00a0\u00a0\u00a0\u00a0\u00a0\u00a0\u00a0\u00a0\u00a0\u00a0\u00a0 H\u00e4rn\u00f6sand \u00a0\u00a0\u00a0\u00a0\u00a0\u00a0\u00a0\u00a0\u00a0\u00a0\u00a0\u00a0\u00a0\u00a0\u00a0\u00a0 V\u00e4sternorrlands l\u00e4n<br \/>\nSverker \u00c5gren\u00a0\u00a0\u00a0\u00a0\u00a0\u00a0\u00a0\u00a0\u00a0\u00a0\u00a0\u00a0\u00a0\u00a0\u00a0\u00a0\u00a0\u00a0\u00a0\u00a0\u00a0\u00a0\u00a0\u00a0\u00a0\u00a0\u00a0\u00a0\u00a0\u00a0\u00a0\u00a0 H\u00e4rn\u00f6sand \u00a0\u00a0\u00a0\u00a0\u00a0\u00a0\u00a0\u00a0\u00a0\u00a0\u00a0\u00a0\u00a0\u00a0\u00a0\u00a0 V\u00e4sternorrlands l\u00e4n<br \/>\nHanna Sydhage \u00a0\u00a0\u00a0\u00a0\u00a0\u00a0\u00a0\u00a0\u00a0\u00a0\u00a0\u00a0\u00a0\u00a0\u00a0\u00a0\u00a0\u00a0\u00a0\u00a0\u00a0\u00a0\u00a0\u00a0\u00a0\u00a0\u00a0\u00a0\u00a0 Domsj\u00f6 \u00a0\u00a0\u00a0\u00a0\u00a0\u00a0\u00a0\u00a0\u00a0\u00a0\u00a0\u00a0\u00a0\u00a0\u00a0\u00a0\u00a0\u00a0\u00a0\u00a0\u00a0 V\u00e4sternorrlands l\u00e4n<br \/>\nG\u00f6ran Brorsson\u00a0\u00a0\u00a0\u00a0\u00a0\u00a0\u00a0\u00a0\u00a0\u00a0\u00a0\u00a0\u00a0\u00a0\u00a0\u00a0\u00a0\u00a0\u00a0\u00a0\u00a0\u00a0\u00a0\u00a0\u00a0\u00a0\u00a0\u00a0\u00a0 Mellansel\u00a0\u00a0\u00a0\u00a0\u00a0\u00a0\u00a0\u00a0\u00a0\u00a0\u00a0\u00a0\u00a0\u00a0\u00a0\u00a0\u00a0\u00a0\u00a0 V\u00e4sternorrlands l\u00e4n<br \/>\nEugen Karlsson\u00a0\u00a0\u00a0\u00a0\u00a0\u00a0\u00a0\u00a0\u00a0\u00a0\u00a0\u00a0\u00a0\u00a0\u00a0\u00a0\u00a0\u00a0\u00a0\u00a0\u00a0\u00a0\u00a0\u00a0\u00a0\u00a0\u00a0\u00a0\u00a0\u00a0 Lule\u00e5\u00a0\u00a0\u00a0\u00a0\u00a0\u00a0\u00a0\u00a0\u00a0\u00a0\u00a0\u00a0\u00a0\u00a0\u00a0\u00a0\u00a0\u00a0\u00a0\u00a0\u00a0\u00a0\u00a0\u00a0\u00a0\u00a0 Norrbotten<br \/>\nLeif Gramner\u00a0\u00a0\u00a0\u00a0\u00a0\u00a0\u00a0\u00a0\u00a0\u00a0\u00a0\u00a0\u00a0\u00a0\u00a0\u00a0\u00a0\u00a0\u00a0\u00a0\u00a0\u00a0\u00a0\u00a0\u00a0\u00a0\u00a0\u00a0\u00a0\u00a0\u00a0\u00a0\u00a0 Kainulasj\u00e4rvi\u00a0\u00a0\u00a0\u00a0\u00a0\u00a0\u00a0\u00a0\u00a0\u00a0\u00a0\u00a0\u00a0 Norrbotten<br \/>\nEva Esberg\u00a0\u00a0\u00a0\u00a0\u00a0\u00a0\u00a0\u00a0\u00a0\u00a0\u00a0\u00a0\u00a0\u00a0\u00a0\u00a0\u00a0\u00a0\u00a0\u00a0\u00a0\u00a0\u00a0\u00a0\u00a0\u00a0\u00a0\u00a0\u00a0\u00a0\u00a0\u00a0\u00a0\u00a0\u00a0\u00a0 Pajala\u00a0\u00a0\u00a0\u00a0\u00a0\u00a0\u00a0\u00a0\u00a0\u00a0\u00a0\u00a0\u00a0\u00a0\u00a0\u00a0\u00a0\u00a0\u00a0\u00a0\u00a0\u00a0\u00a0\u00a0\u00a0 Norrbotten<br \/>\nHans-Inge Smetana\u00a0\u00a0\u00a0\u00a0\u00a0\u00a0\u00a0\u00a0\u00a0\u00a0\u00a0\u00a0\u00a0\u00a0\u00a0\u00a0\u00a0\u00a0\u00a0\u00a0\u00a0\u00a0\u00a0\u00a0 V\u00e4nn\u00e4s\u00a0\u00a0\u00a0\u00a0\u00a0\u00a0\u00a0\u00a0\u00a0\u00a0\u00a0\u00a0\u00a0\u00a0\u00a0\u00a0\u00a0\u00a0\u00a0\u00a0\u00a0\u00a0\u00a0 V\u00e4sterbotten<br \/>\nRoland Sj\u00f6gren\u00a0\u00a0\u00a0\u00a0\u00a0\u00a0\u00a0\u00a0\u00a0\u00a0\u00a0\u00a0\u00a0\u00a0\u00a0\u00a0\u00a0\u00a0\u00a0\u00a0\u00a0\u00a0\u00a0\u00a0\u00a0\u00a0\u00a0\u00a0\u00a0\u00a0\u00a0 Lycksele\u00a0\u00a0\u00a0\u00a0\u00a0\u00a0\u00a0\u00a0\u00a0\u00a0\u00a0\u00a0\u00a0\u00a0\u00a0\u00a0\u00a0\u00a0\u00a0\u00a0\u00a0 V\u00e4sterbotten<br \/>\nKnut Isaksson\u00a0\u00a0\u00a0\u00a0\u00a0\u00a0\u00a0\u00a0\u00a0\u00a0\u00a0\u00a0\u00a0\u00a0\u00a0\u00a0\u00a0\u00a0\u00a0\u00a0\u00a0\u00a0\u00a0\u00a0\u00a0\u00a0\u00a0\u00a0\u00a0\u00a0\u00a0\u00a0 Dorotea\u00a0\u00a0\u00a0\u00a0\u00a0\u00a0\u00a0\u00a0\u00a0\u00a0\u00a0\u00a0\u00a0\u00a0\u00a0\u00a0\u00a0\u00a0\u00a0\u00a0\u00a0 V\u00e4sterbotten<br \/>\nRoland Gustavsson\u00a0\u00a0\u00a0\u00a0\u00a0\u00a0\u00a0\u00a0\u00a0\u00a0\u00a0\u00a0\u00a0\u00a0\u00a0\u00a0\u00a0\u00a0\u00a0\u00a0\u00a0\u00a0\u00a0\u00a0 Storuman\u00a0\u00a0\u00a0\u00a0\u00a0\u00a0\u00a0\u00a0\u00a0\u00a0\u00a0\u00a0\u00a0\u00a0\u00a0\u00a0\u00a0\u00a0\u00a0 V\u00e4sterbotten<br \/>\nKristina Nilsson \u00a0\u00a0\u00a0\u00a0\u00a0\u00a0\u00a0\u00a0\u00a0\u00a0\u00a0\u00a0\u00a0\u00a0\u00a0\u00a0\u00a0\u00a0\u00a0\u00a0\u00a0\u00a0\u00a0\u00a0\u00a0\u00a0\u00a0\u00a0 Sorsele\u00a0\u00a0\u00a0\u00a0\u00a0\u00a0\u00a0\u00a0\u00a0\u00a0\u00a0\u00a0\u00a0\u00a0\u00a0\u00a0\u00a0\u00a0\u00a0\u00a0\u00a0\u00a0\u00a0 V\u00e4sterbotten<br \/>\nAnna-Karin Lundberg \u00a0\u00a0\u00a0\u00a0\u00a0\u00a0\u00a0\u00a0\u00a0\u00a0\u00a0\u00a0\u00a0\u00a0\u00a0\u00a0\u00a0\u00a0\u00a0 Nordmaling\u00a0\u00a0\u00a0\u00a0\u00a0\u00a0\u00a0\u00a0\u00a0\u00a0\u00a0\u00a0\u00a0\u00a0\u00a0\u00a0 V\u00e4sterbotten<br \/>\nLena Br\u00e4nnstr\u00f6m \u00a0\u00a0\u00a0\u00a0\u00a0\u00a0\u00a0\u00a0\u00a0\u00a0\u00a0\u00a0\u00a0\u00a0\u00a0\u00a0\u00a0\u00a0\u00a0\u00a0\u00a0\u00a0\u00a0\u00a0\u00a0\u00a0 Norsj\u00f6\u00a0\u00a0\u00a0\u00a0\u00a0\u00a0\u00a0\u00a0\u00a0\u00a0\u00a0\u00a0\u00a0\u00a0\u00a0\u00a0\u00a0\u00a0\u00a0\u00a0\u00a0\u00a0\u00a0\u00a0 V\u00e4sterbotten<br \/>\nAnders Sellstr\u00f6m\u00a0\u00a0\u00a0\u00a0\u00a0\u00a0\u00a0\u00a0\u00a0\u00a0\u00a0\u00a0\u00a0\u00a0\u00a0\u00a0\u00a0\u00a0\u00a0\u00a0\u00a0\u00a0\u00a0\u00a0\u00a0\u00a0\u00a0\u00a0 Ume\u00e5\u00a0\u00a0\u00a0\u00a0\u00a0\u00a0\u00a0\u00a0\u00a0\u00a0\u00a0\u00a0\u00a0\u00a0\u00a0\u00a0\u00a0\u00a0\u00a0\u00a0\u00a0\u00a0\u00a0\u00a0\u00a0 V\u00e4sterbotten<\/p>\n<hr \/>\n<p><em>\u00c5rsm\u00f6tet 2017 beslutade att tillstyrka\u00a0motionen och skicka den vidare till \u00e5rets Riksting.<\/em><\/p>\n<hr \/>\n<p>MOTION till rikstinget 2017-01-17<\/p>\n<h2 id=\"motion2\">Maxtid och maxtaxa inom f\u00f6rskolan<\/h2>\n<p>Enligt uppgifter vistas barn allt l\u00e4ngre tid p\u00e5 f\u00f6rskolan. Det \u00e4r inte ovanligt att barn vistas i f\u00f6rskolan 55 timmar i veckan. N\u00e5gon arbetstidslag som reglerar maximal tid inom f\u00f6rskolan eller i fritidshemmen finns dock inte.<\/p>\n<p>Barnombudsmannen har f\u00f6reslagit att barn i f\u00f6rskolan och i fritidshemmen i likhet med skolbarn ska omfattas av arbetsmilj\u00f6lagen. Lite m\u00e4rkligt kan det tyckas att barnen i grundskolan omfattas av arbetsmilj\u00f6lagen, men inte barnen i f\u00f6rskolan och i fritidshemmen.<\/p>\n<p>Skulle arbetsmilj\u00f6lagen g\u00e4lla f\u00f6r f\u00f6rskolan och fritidshemmen fanns helt andra m\u00f6jligheter att komma tillr\u00e4tta med l\u00e5nga arbetstider, men ocks\u00e5 med andra arbetsmilj\u00f6problem.<\/p>\n<p>Rikstinget 2015 beslutade bifalla Torsten Larssons motion (06:03) om att ge partistyrelsen i uppdrag att verka f\u00f6r att arbetsmilj\u00f6lagen ska g\u00e4lla \u00e4ven i f\u00f6rskolan och i fritidshemmen.<\/p>\n<p>Mot bakgrund av rikstingets st\u00e4llningstagande 2015 kan det vara logiskt att \u00e4ven begr\u00e4nsa den maximala tiden inom f\u00f6rskolan d\u00e5 maxtaxan till\u00e4mpas till 40 timmar per vecka. D\u00e4refter st\u00e5r det kommunen fritt att fastst\u00e4lla taxa upp till full kostnadst\u00e4ckning.<\/p>\n<p>F\u00f6rslag<\/p>\n<table>\n<tbody>\n<tr>\n<td width=\"10%\"><em>att<\/em><\/td>\n<td>Rikstinget beslutar ge partistyrelsen i uppdrag att verka f\u00f6r att den maximala tiden inom f\u00f6rskolan d\u00e5 maxtaxan till\u00e4mpas ska vara 40 timmar per vecka.<\/td>\n<\/tr>\n<\/tbody>\n<\/table>\n<p>Torsten Larsson, Dala-J\u00e4rna<br \/>\nCamilla Rinaldo Miller, Bredaryd<br \/>\nGunilla Lindell, Lerum<br \/>\nMaria Nilsson, Trollh\u00e4ttan<br \/>\nBritt-Mari Brynielsson, Kvissleby<br \/>\nAnette Asplund, Lule\u00e5<br \/>\nPer-Olof Hermansson, Horred<br \/>\nEva Johnsson, Vedersl\u00f6v<\/p>\n<hr \/>\n<p><em>\u00c5rsm\u00f6tet 2017 beslutade att tillstyrka\u00a0motionen och skicka den vidare till \u00e5rets Riksting.<\/em><\/p>\n<hr \/>\n<p>Motion till Rikstinget 2017<\/p>\n<h2 id=\"motion3\">Hur fungerar LOU i praktiken<\/h2>\n<p>Lagen om Offentlig Upphandling \u00e4r inte enkel att hantera. Lagens syfte \u00e4r gott med en fri handel och \u00f6ppenhet f\u00f6r att l\u00e5ta s\u00e5 m\u00e5nga leverant\u00f6rer som m\u00f6jligt vara med och t\u00e4vla om kontrakt. \u00c5 andra sidan kan lagen f\u00e5 f\u00f6r\u00f6dande konsekvenser f\u00f6r tredje part, d\u00e5 det till exempel handlar om upphandling av tj\u00e4nster f\u00f6r \u00e4ldre. I vilken m\u00e5n det beror p\u00e5 att kompetens saknas i kommunen att uppr\u00e4tta ett bra f\u00f6rfr\u00e5gningsunderlag, som tar h\u00e4nsyn till alla variabler och kriterier \u00e4r sv\u00e5rt att veta. Det finns s\u00e4kert runt om i landet exempel p\u00e5 hur upphandlingar slagit fel och ist\u00e4llet f\u00f6r att bli billigare blivit dyrare f\u00f6r den enskilde och inte minst skapat otrygghet f\u00f6r brukaren av tj\u00e4nsten.<\/p>\n<p>Undertecknade f\u00f6resl\u00e5r rikstinget besluta uppdra \u00e5t partistyrelsen<\/p>\n<table>\n<tbody>\n<tr>\n<td width=\"10%\"><em>att<\/em><\/td>\n<td>p\u00e5 l\u00e4mpligt s\u00e4tt uppm\u00e4rksamma hur LOU fungerar i praktiken, fr\u00e4mst upphandlingar av tj\u00e4nster inom hemtj\u00e4nsten.<\/td>\n<\/tr>\n<\/tbody>\n<\/table>\n<p>V\u00e4rnamo den 18 Januari 2017<\/p>\n<p>KD senioravdelning, V\u00e4rnamo<\/p>\n<p>Hermy Nenkert Petersson \u00a0\u00a0\u00a0\u00a0\u00a0\u00a0\u00a0\u00a0\u00a0\u00a0\u00a0\u00a0\u00a0\u00a0\u00a0\u00a0Ingegerd Rubensson\u00a0\u00a0\u00a0\u00a0\u00a0\u00a0\u00a0\u00a0\u00a0\u00a0\u00a0\u00a0\u00a0\u00a0\u00a0\u00a0\u00a0\u00a0\u00a0\u00a0\u00a0\u00a0 Lennart Lindgren<\/p>\n<hr \/>\n<p><em>\u00c5rsm\u00f6tet 2017 beslutade att tillstyrka\u00a0motionen och skicka den vidare till \u00e5rets Riksting.<\/em><\/p>\n<hr \/>\n","protected":false},"excerpt":{"rendered":"<p>Kristdemokraterna l\u00e4gger de skarpaste f\u00f6rslagen om gr\u00f6n skattev\u00e4xling sade Lars Thunberg (KD), kommunalr\u00e5d i Helsingborg, n\u00e4r han talade klimatpolitik vid Kristdemokraternas \u00e5rsm\u00f6te i V\u00e4rnamo. \u00c5rsm\u00f6tet skickade\u00a0ocks\u00e5 tre motioner till \u00e5rets Riksting\u00a0och sj\u00e4lvklart valde man en ny styrelse.<\/p>\n","protected":false},"author":412,"featured_media":7354,"comment_status":"closed","ping_status":"closed","sticky":false,"template":"","format":"standard","meta":{"_acf_changed":false,"footnotes":""},"categories":[15],"tags":[105,22,227,21,24,412,183,786,25,86,23,743,88,487,258,118,91,771,85,39,95,97,787,127,788,65,660,87,255,768,89],"class_list":["post-7351","post","type-post","status-publish","format-standard","hentry","category-arsmote","tag-acko-ankarberg-johansson","tag-arnold-carlzon","tag-budget","tag-camilla-rinaldo-miller","tag-christer-fjordevik","tag-ekokommun","tag-forvaltarskap","tag-gron-skattevaxling","tag-gunnar-crona","tag-gunnel-youngstrom","tag-hakan-johansson","tag-hoghastighetsjarnvag","tag-ibrahim-candemir","tag-jordbruk","tag-klimat","tag-lars-thunberg","tag-lena-freij","tag-magnus-oscarsson","tag-mario-mikulic","tag-miljo","tag-monica-johnsson","tag-motion","tag-patrik-ekvall","tag-riksting","tag-robert-halef","tag-stig-claesson","tag-styrelse","tag-torbjorn-eriksson","tag-verksamhetsberattelse","tag-verksamhetsplan","tag-xhilda-bushati"],"acf":[],"yoast_head":"<!-- This site is optimized with the Yoast SEO plugin v27.5 - https:\/\/yoast.com\/product\/yoast-seo-wordpress\/ -->\n<title>Kristdemokratiska svar p\u00e5 klimatutmaningarna - KRISTDEMOKRATERNA V\u00c4RNAMO<\/title>\n<meta name=\"robots\" content=\"index, follow, max-snippet:-1, max-image-preview:large, max-video-preview:-1\" \/>\n<link rel=\"canonical\" href=\"https:\/\/wp.kristdemokraterna.se\/varnamo\/2017\/02\/10\/kristdemokratiska-svar-pa-klimatutmaningarna\/\" \/>\n<meta property=\"og:locale\" content=\"sv_SE\" \/>\n<meta property=\"og:type\" content=\"article\" \/>\n<meta property=\"og:title\" content=\"Kristdemokratiska svar p\u00e5 klimatutmaningarna - KRISTDEMOKRATERNA V\u00c4RNAMO\" \/>\n<meta property=\"og:description\" content=\"Kristdemokraterna l\u00e4gger de skarpaste f\u00f6rslagen om gr\u00f6n skattev\u00e4xling sade Lars Thunberg (KD), kommunalr\u00e5d i Helsingborg, n\u00e4r han talade klimatpolitik vid Kristdemokraternas \u00e5rsm\u00f6te i V\u00e4rnamo. \u00c5rsm\u00f6tet skickade\u00a0ocks\u00e5 tre motioner till \u00e5rets Riksting\u00a0och sj\u00e4lvklart valde man en ny styrelse.\" \/>\n<meta property=\"og:url\" content=\"https:\/\/wp.kristdemokraterna.se\/varnamo\/2017\/02\/10\/kristdemokratiska-svar-pa-klimatutmaningarna\/\" \/>\n<meta property=\"og:site_name\" content=\"KRISTDEMOKRATERNA V\u00c4RNAMO\" \/>\n<meta property=\"article:publisher\" content=\"https:\/\/www.facebook.com\/KDVarnamo\/\" \/>\n<meta property=\"article:published_time\" content=\"2017-02-10T22:54:24+00:00\" \/>\n<meta property=\"article:modified_time\" content=\"2018-01-01T14:06:56+00:00\" \/>\n<meta property=\"og:image\" content=\"https:\/\/wp.kristdemokraterna.se\/varnamo\/files\/2017\/02\/20170210_arsmote_larsthunberg.jpg\" \/>\n\t<meta property=\"og:image:width\" content=\"1200\" \/>\n\t<meta property=\"og:image:height\" content=\"829\" \/>\n\t<meta property=\"og:image:type\" content=\"image\/jpeg\" \/>\n<meta name=\"author\" content=\"Kristdemokraterna V\u00e4rnamo\" \/>\n<meta name=\"twitter:card\" content=\"summary_large_image\" \/>\n<meta name=\"twitter:creator\" content=\"@KDVarnamo\" \/>\n<meta name=\"twitter:site\" content=\"@KDVarnamo\" \/>\n<meta name=\"twitter:label1\" content=\"Skriven av\" \/>\n\t<meta name=\"twitter:data1\" content=\"Kristdemokraterna V\u00e4rnamo\" \/>\n\t<meta name=\"twitter:label2\" content=\"Ber\u00e4knad l\u00e4stid\" \/>\n\t<meta name=\"twitter:data2\" content=\"18 minuter\" \/>\n<script type=\"application\/ld+json\" class=\"yoast-schema-graph\">{\"@context\":\"https:\\\/\\\/schema.org\",\"@graph\":[{\"@type\":\"Article\",\"@id\":\"https:\\\/\\\/wp.kristdemokraterna.se\\\/varnamo\\\/2017\\\/02\\\/10\\\/kristdemokratiska-svar-pa-klimatutmaningarna\\\/#article\",\"isPartOf\":{\"@id\":\"https:\\\/\\\/wp.kristdemokraterna.se\\\/varnamo\\\/2017\\\/02\\\/10\\\/kristdemokratiska-svar-pa-klimatutmaningarna\\\/\"},\"author\":{\"name\":\"Kristdemokraterna V\u00e4rnamo\",\"@id\":\"https:\\\/\\\/wp.kristdemokraterna.se\\\/varnamo\\\/#\\\/schema\\\/person\\\/4e339ab04d613699e4dfe80a994e01d4\"},\"headline\":\"Kristdemokratiska svar p\u00e5 klimatutmaningarna\",\"datePublished\":\"2017-02-10T22:54:24+00:00\",\"dateModified\":\"2018-01-01T14:06:56+00:00\",\"mainEntityOfPage\":{\"@id\":\"https:\\\/\\\/wp.kristdemokraterna.se\\\/varnamo\\\/2017\\\/02\\\/10\\\/kristdemokratiska-svar-pa-klimatutmaningarna\\\/\"},\"wordCount\":3566,\"publisher\":{\"@id\":\"https:\\\/\\\/wp.kristdemokraterna.se\\\/varnamo\\\/#organization\"},\"image\":{\"@id\":\"https:\\\/\\\/wp.kristdemokraterna.se\\\/varnamo\\\/2017\\\/02\\\/10\\\/kristdemokratiska-svar-pa-klimatutmaningarna\\\/#primaryimage\"},\"thumbnailUrl\":\"https:\\\/\\\/wp.kristdemokraterna.se\\\/varnamo\\\/files\\\/2017\\\/02\\\/20170210_arsmote_larsthunberg.jpg\",\"keywords\":[\"Acko Ankarberg Johansson\",\"Arnold Carlzon\",\"budget\",\"Camilla Rinaldo Miller\",\"Christer Fjordevik\",\"ekokommun\",\"f\u00f6rvaltarskap\",\"gr\u00f6n skattev\u00e4xling\",\"Gunnar Crona\",\"Gunnel Youngstr\u00f6m\",\"H\u00e5kan Johansson\",\"h\u00f6ghastighetsj\u00e4rnv\u00e4g\",\"Ibrahim Candemir\",\"jordbruk\",\"klimat\",\"Lars Thunberg\",\"Lena Freij\",\"Magnus Oscarsson\",\"Mario Mikulic\",\"milj\u00f6\",\"Monica Johnsson\",\"motion\",\"Patrik Ekvall\",\"riksting\",\"Robert Halef\",\"Stig Claesson\",\"styrelse\",\"Torbj\u00f6rn Eriksson\",\"verksamhetsber\u00e4ttelse\",\"verksamhetsplan\",\"Xhilda Bushati\"],\"articleSection\":[\"\u00c5rsm\u00f6te\"],\"inLanguage\":\"sv-SE\"},{\"@type\":\"WebPage\",\"@id\":\"https:\\\/\\\/wp.kristdemokraterna.se\\\/varnamo\\\/2017\\\/02\\\/10\\\/kristdemokratiska-svar-pa-klimatutmaningarna\\\/\",\"url\":\"https:\\\/\\\/wp.kristdemokraterna.se\\\/varnamo\\\/2017\\\/02\\\/10\\\/kristdemokratiska-svar-pa-klimatutmaningarna\\\/\",\"name\":\"Kristdemokratiska svar p\u00e5 klimatutmaningarna - KRISTDEMOKRATERNA V\u00c4RNAMO\",\"isPartOf\":{\"@id\":\"https:\\\/\\\/wp.kristdemokraterna.se\\\/varnamo\\\/#website\"},\"primaryImageOfPage\":{\"@id\":\"https:\\\/\\\/wp.kristdemokraterna.se\\\/varnamo\\\/2017\\\/02\\\/10\\\/kristdemokratiska-svar-pa-klimatutmaningarna\\\/#primaryimage\"},\"image\":{\"@id\":\"https:\\\/\\\/wp.kristdemokraterna.se\\\/varnamo\\\/2017\\\/02\\\/10\\\/kristdemokratiska-svar-pa-klimatutmaningarna\\\/#primaryimage\"},\"thumbnailUrl\":\"https:\\\/\\\/wp.kristdemokraterna.se\\\/varnamo\\\/files\\\/2017\\\/02\\\/20170210_arsmote_larsthunberg.jpg\",\"datePublished\":\"2017-02-10T22:54:24+00:00\",\"dateModified\":\"2018-01-01T14:06:56+00:00\",\"breadcrumb\":{\"@id\":\"https:\\\/\\\/wp.kristdemokraterna.se\\\/varnamo\\\/2017\\\/02\\\/10\\\/kristdemokratiska-svar-pa-klimatutmaningarna\\\/#breadcrumb\"},\"inLanguage\":\"sv-SE\",\"potentialAction\":[{\"@type\":\"ReadAction\",\"target\":[\"https:\\\/\\\/wp.kristdemokraterna.se\\\/varnamo\\\/2017\\\/02\\\/10\\\/kristdemokratiska-svar-pa-klimatutmaningarna\\\/\"]}]},{\"@type\":\"ImageObject\",\"inLanguage\":\"sv-SE\",\"@id\":\"https:\\\/\\\/wp.kristdemokraterna.se\\\/varnamo\\\/2017\\\/02\\\/10\\\/kristdemokratiska-svar-pa-klimatutmaningarna\\\/#primaryimage\",\"url\":\"https:\\\/\\\/wp.kristdemokraterna.se\\\/varnamo\\\/files\\\/2017\\\/02\\\/20170210_arsmote_larsthunberg.jpg\",\"contentUrl\":\"https:\\\/\\\/wp.kristdemokraterna.se\\\/varnamo\\\/files\\\/2017\\\/02\\\/20170210_arsmote_larsthunberg.jpg\",\"width\":1200,\"height\":829,\"caption\":\"Det ska vara l\u00e4tt att g\u00f6ra r\u00e4tt. Lars Thunberg presenterar Kristdemokraternas milj\u00f6politiska rapport \\\"Milj\u00f6politik med f\u00f6rvaltarskap\\\" p\u00e5 \u00e5rsm\u00f6tet i Kafferepet. (Foto: H\u00e5kan Johansson)\"},{\"@type\":\"BreadcrumbList\",\"@id\":\"https:\\\/\\\/wp.kristdemokraterna.se\\\/varnamo\\\/2017\\\/02\\\/10\\\/kristdemokratiska-svar-pa-klimatutmaningarna\\\/#breadcrumb\",\"itemListElement\":[{\"@type\":\"ListItem\",\"position\":1,\"name\":\"Hem\",\"item\":\"https:\\\/\\\/wp.kristdemokraterna.se\\\/varnamo\\\/\"},{\"@type\":\"ListItem\",\"position\":2,\"name\":\"Kristdemokratiska svar p\u00e5 klimatutmaningarna\"}]},{\"@type\":\"WebSite\",\"@id\":\"https:\\\/\\\/wp.kristdemokraterna.se\\\/varnamo\\\/#website\",\"url\":\"https:\\\/\\\/wp.kristdemokraterna.se\\\/varnamo\\\/\",\"name\":\"KRISTDEMOKRATERNA V\u00c4RNAMO\",\"description\":\"Med hj\u00e4rta f\u00f6r V\u00e4rnamo\",\"publisher\":{\"@id\":\"https:\\\/\\\/wp.kristdemokraterna.se\\\/varnamo\\\/#organization\"},\"inLanguage\":\"sv-SE\"},{\"@type\":\"Organization\",\"@id\":\"https:\\\/\\\/wp.kristdemokraterna.se\\\/varnamo\\\/#organization\",\"name\":\"Kristdemokraterna V\u00e4rnamo\",\"url\":\"https:\\\/\\\/wp.kristdemokraterna.se\\\/varnamo\\\/\",\"logo\":{\"@type\":\"ImageObject\",\"inLanguage\":\"sv-SE\",\"@id\":\"https:\\\/\\\/wp.kristdemokraterna.se\\\/varnamo\\\/#\\\/schema\\\/logo\\\/image\\\/\",\"url\":\"https:\\\/\\\/wp.kristdemokraterna.se\\\/varnamo\\\/files\\\/2022\\\/08\\\/va\u2560ernamo-sida-bla-300dpi.png\",\"contentUrl\":\"https:\\\/\\\/wp.kristdemokraterna.se\\\/varnamo\\\/files\\\/2022\\\/08\\\/va\u2560ernamo-sida-bla-300dpi.png\",\"width\":1485,\"height\":681,\"caption\":\"Kristdemokraterna V\u00e4rnamo\"},\"image\":{\"@id\":\"https:\\\/\\\/wp.kristdemokraterna.se\\\/varnamo\\\/#\\\/schema\\\/logo\\\/image\\\/\"},\"sameAs\":[\"https:\\\/\\\/www.facebook.com\\\/KDVarnamo\\\/\",\"https:\\\/\\\/x.com\\\/KDVarnamo\",\"https:\\\/\\\/www.instagram.com\\\/\",\"https:\\\/\\\/www.youtube.com\\\/user\\\/studiokd\\\/videos\"]},{\"@type\":\"Person\",\"@id\":\"https:\\\/\\\/wp.kristdemokraterna.se\\\/varnamo\\\/#\\\/schema\\\/person\\\/4e339ab04d613699e4dfe80a994e01d4\",\"name\":\"Kristdemokraterna V\u00e4rnamo\",\"image\":{\"@type\":\"ImageObject\",\"inLanguage\":\"sv-SE\",\"@id\":\"https:\\\/\\\/secure.gravatar.com\\\/avatar\\\/c122e48c7723992af51eb155eeaa93db3c1fa324e3fc6ec45dd712c812809b5b?s=96&r=g\",\"url\":\"https:\\\/\\\/secure.gravatar.com\\\/avatar\\\/c122e48c7723992af51eb155eeaa93db3c1fa324e3fc6ec45dd712c812809b5b?s=96&r=g\",\"contentUrl\":\"https:\\\/\\\/secure.gravatar.com\\\/avatar\\\/c122e48c7723992af51eb155eeaa93db3c1fa324e3fc6ec45dd712c812809b5b?s=96&r=g\",\"caption\":\"Kristdemokraterna V\u00e4rnamo\"},\"description\":\"Familjens r\u00f6st\",\"sameAs\":[\"http:\\\/\\\/www.varnamo.kristdemokraterna.se\"],\"url\":\"https:\\\/\\\/wp.kristdemokraterna.se\\\/varnamo\\\/author\\\/varnamo\\\/\"}]}<\/script>\n<!-- \/ Yoast SEO plugin. -->","yoast_head_json":{"title":"Kristdemokratiska svar p\u00e5 klimatutmaningarna - KRISTDEMOKRATERNA V\u00c4RNAMO","robots":{"index":"index","follow":"follow","max-snippet":"max-snippet:-1","max-image-preview":"max-image-preview:large","max-video-preview":"max-video-preview:-1"},"canonical":"https:\/\/wp.kristdemokraterna.se\/varnamo\/2017\/02\/10\/kristdemokratiska-svar-pa-klimatutmaningarna\/","og_locale":"sv_SE","og_type":"article","og_title":"Kristdemokratiska svar p\u00e5 klimatutmaningarna - KRISTDEMOKRATERNA V\u00c4RNAMO","og_description":"Kristdemokraterna l\u00e4gger de skarpaste f\u00f6rslagen om gr\u00f6n skattev\u00e4xling sade Lars Thunberg (KD), kommunalr\u00e5d i Helsingborg, n\u00e4r han talade klimatpolitik vid Kristdemokraternas \u00e5rsm\u00f6te i V\u00e4rnamo. \u00c5rsm\u00f6tet skickade\u00a0ocks\u00e5 tre motioner till \u00e5rets Riksting\u00a0och sj\u00e4lvklart valde man en ny styrelse.","og_url":"https:\/\/wp.kristdemokraterna.se\/varnamo\/2017\/02\/10\/kristdemokratiska-svar-pa-klimatutmaningarna\/","og_site_name":"KRISTDEMOKRATERNA V\u00c4RNAMO","article_publisher":"https:\/\/www.facebook.com\/KDVarnamo\/","article_published_time":"2017-02-10T22:54:24+00:00","article_modified_time":"2018-01-01T14:06:56+00:00","og_image":[{"width":1200,"height":829,"url":"https:\/\/wp.kristdemokraterna.se\/varnamo\/files\/2017\/02\/20170210_arsmote_larsthunberg.jpg","type":"image\/jpeg"}],"author":"Kristdemokraterna V\u00e4rnamo","twitter_card":"summary_large_image","twitter_creator":"@KDVarnamo","twitter_site":"@KDVarnamo","twitter_misc":{"Skriven av":"Kristdemokraterna V\u00e4rnamo","Ber\u00e4knad l\u00e4stid":"18 minuter"},"schema":{"@context":"https:\/\/schema.org","@graph":[{"@type":"Article","@id":"https:\/\/wp.kristdemokraterna.se\/varnamo\/2017\/02\/10\/kristdemokratiska-svar-pa-klimatutmaningarna\/#article","isPartOf":{"@id":"https:\/\/wp.kristdemokraterna.se\/varnamo\/2017\/02\/10\/kristdemokratiska-svar-pa-klimatutmaningarna\/"},"author":{"name":"Kristdemokraterna V\u00e4rnamo","@id":"https:\/\/wp.kristdemokraterna.se\/varnamo\/#\/schema\/person\/4e339ab04d613699e4dfe80a994e01d4"},"headline":"Kristdemokratiska svar p\u00e5 klimatutmaningarna","datePublished":"2017-02-10T22:54:24+00:00","dateModified":"2018-01-01T14:06:56+00:00","mainEntityOfPage":{"@id":"https:\/\/wp.kristdemokraterna.se\/varnamo\/2017\/02\/10\/kristdemokratiska-svar-pa-klimatutmaningarna\/"},"wordCount":3566,"publisher":{"@id":"https:\/\/wp.kristdemokraterna.se\/varnamo\/#organization"},"image":{"@id":"https:\/\/wp.kristdemokraterna.se\/varnamo\/2017\/02\/10\/kristdemokratiska-svar-pa-klimatutmaningarna\/#primaryimage"},"thumbnailUrl":"https:\/\/wp.kristdemokraterna.se\/varnamo\/files\/2017\/02\/20170210_arsmote_larsthunberg.jpg","keywords":["Acko Ankarberg Johansson","Arnold Carlzon","budget","Camilla Rinaldo Miller","Christer Fjordevik","ekokommun","f\u00f6rvaltarskap","gr\u00f6n skattev\u00e4xling","Gunnar Crona","Gunnel Youngstr\u00f6m","H\u00e5kan Johansson","h\u00f6ghastighetsj\u00e4rnv\u00e4g","Ibrahim Candemir","jordbruk","klimat","Lars Thunberg","Lena Freij","Magnus Oscarsson","Mario Mikulic","milj\u00f6","Monica Johnsson","motion","Patrik Ekvall","riksting","Robert Halef","Stig Claesson","styrelse","Torbj\u00f6rn Eriksson","verksamhetsber\u00e4ttelse","verksamhetsplan","Xhilda Bushati"],"articleSection":["\u00c5rsm\u00f6te"],"inLanguage":"sv-SE"},{"@type":"WebPage","@id":"https:\/\/wp.kristdemokraterna.se\/varnamo\/2017\/02\/10\/kristdemokratiska-svar-pa-klimatutmaningarna\/","url":"https:\/\/wp.kristdemokraterna.se\/varnamo\/2017\/02\/10\/kristdemokratiska-svar-pa-klimatutmaningarna\/","name":"Kristdemokratiska svar p\u00e5 klimatutmaningarna - KRISTDEMOKRATERNA V\u00c4RNAMO","isPartOf":{"@id":"https:\/\/wp.kristdemokraterna.se\/varnamo\/#website"},"primaryImageOfPage":{"@id":"https:\/\/wp.kristdemokraterna.se\/varnamo\/2017\/02\/10\/kristdemokratiska-svar-pa-klimatutmaningarna\/#primaryimage"},"image":{"@id":"https:\/\/wp.kristdemokraterna.se\/varnamo\/2017\/02\/10\/kristdemokratiska-svar-pa-klimatutmaningarna\/#primaryimage"},"thumbnailUrl":"https:\/\/wp.kristdemokraterna.se\/varnamo\/files\/2017\/02\/20170210_arsmote_larsthunberg.jpg","datePublished":"2017-02-10T22:54:24+00:00","dateModified":"2018-01-01T14:06:56+00:00","breadcrumb":{"@id":"https:\/\/wp.kristdemokraterna.se\/varnamo\/2017\/02\/10\/kristdemokratiska-svar-pa-klimatutmaningarna\/#breadcrumb"},"inLanguage":"sv-SE","potentialAction":[{"@type":"ReadAction","target":["https:\/\/wp.kristdemokraterna.se\/varnamo\/2017\/02\/10\/kristdemokratiska-svar-pa-klimatutmaningarna\/"]}]},{"@type":"ImageObject","inLanguage":"sv-SE","@id":"https:\/\/wp.kristdemokraterna.se\/varnamo\/2017\/02\/10\/kristdemokratiska-svar-pa-klimatutmaningarna\/#primaryimage","url":"https:\/\/wp.kristdemokraterna.se\/varnamo\/files\/2017\/02\/20170210_arsmote_larsthunberg.jpg","contentUrl":"https:\/\/wp.kristdemokraterna.se\/varnamo\/files\/2017\/02\/20170210_arsmote_larsthunberg.jpg","width":1200,"height":829,"caption":"Det ska vara l\u00e4tt att g\u00f6ra r\u00e4tt. Lars Thunberg presenterar Kristdemokraternas milj\u00f6politiska rapport \"Milj\u00f6politik med f\u00f6rvaltarskap\" p\u00e5 \u00e5rsm\u00f6tet i Kafferepet. (Foto: H\u00e5kan Johansson)"},{"@type":"BreadcrumbList","@id":"https:\/\/wp.kristdemokraterna.se\/varnamo\/2017\/02\/10\/kristdemokratiska-svar-pa-klimatutmaningarna\/#breadcrumb","itemListElement":[{"@type":"ListItem","position":1,"name":"Hem","item":"https:\/\/wp.kristdemokraterna.se\/varnamo\/"},{"@type":"ListItem","position":2,"name":"Kristdemokratiska svar p\u00e5 klimatutmaningarna"}]},{"@type":"WebSite","@id":"https:\/\/wp.kristdemokraterna.se\/varnamo\/#website","url":"https:\/\/wp.kristdemokraterna.se\/varnamo\/","name":"KRISTDEMOKRATERNA V\u00c4RNAMO","description":"Med hj\u00e4rta f\u00f6r V\u00e4rnamo","publisher":{"@id":"https:\/\/wp.kristdemokraterna.se\/varnamo\/#organization"},"inLanguage":"sv-SE"},{"@type":"Organization","@id":"https:\/\/wp.kristdemokraterna.se\/varnamo\/#organization","name":"Kristdemokraterna V\u00e4rnamo","url":"https:\/\/wp.kristdemokraterna.se\/varnamo\/","logo":{"@type":"ImageObject","inLanguage":"sv-SE","@id":"https:\/\/wp.kristdemokraterna.se\/varnamo\/#\/schema\/logo\/image\/","url":"https:\/\/wp.kristdemokraterna.se\/varnamo\/files\/2022\/08\/va\u2560ernamo-sida-bla-300dpi.png","contentUrl":"https:\/\/wp.kristdemokraterna.se\/varnamo\/files\/2022\/08\/va\u2560ernamo-sida-bla-300dpi.png","width":1485,"height":681,"caption":"Kristdemokraterna V\u00e4rnamo"},"image":{"@id":"https:\/\/wp.kristdemokraterna.se\/varnamo\/#\/schema\/logo\/image\/"},"sameAs":["https:\/\/www.facebook.com\/KDVarnamo\/","https:\/\/x.com\/KDVarnamo","https:\/\/www.instagram.com\/","https:\/\/www.youtube.com\/user\/studiokd\/videos"]},{"@type":"Person","@id":"https:\/\/wp.kristdemokraterna.se\/varnamo\/#\/schema\/person\/4e339ab04d613699e4dfe80a994e01d4","name":"Kristdemokraterna V\u00e4rnamo","image":{"@type":"ImageObject","inLanguage":"sv-SE","@id":"https:\/\/secure.gravatar.com\/avatar\/c122e48c7723992af51eb155eeaa93db3c1fa324e3fc6ec45dd712c812809b5b?s=96&r=g","url":"https:\/\/secure.gravatar.com\/avatar\/c122e48c7723992af51eb155eeaa93db3c1fa324e3fc6ec45dd712c812809b5b?s=96&r=g","contentUrl":"https:\/\/secure.gravatar.com\/avatar\/c122e48c7723992af51eb155eeaa93db3c1fa324e3fc6ec45dd712c812809b5b?s=96&r=g","caption":"Kristdemokraterna V\u00e4rnamo"},"description":"Familjens r\u00f6st","sameAs":["http:\/\/www.varnamo.kristdemokraterna.se"],"url":"https:\/\/wp.kristdemokraterna.se\/varnamo\/author\/varnamo\/"}]}},"_links":{"self":[{"href":"https:\/\/wp.kristdemokraterna.se\/varnamo\/wp-json\/wp\/v2\/posts\/7351","targetHints":{"allow":["GET"]}}],"collection":[{"href":"https:\/\/wp.kristdemokraterna.se\/varnamo\/wp-json\/wp\/v2\/posts"}],"about":[{"href":"https:\/\/wp.kristdemokraterna.se\/varnamo\/wp-json\/wp\/v2\/types\/post"}],"author":[{"embeddable":true,"href":"https:\/\/wp.kristdemokraterna.se\/varnamo\/wp-json\/wp\/v2\/users\/412"}],"replies":[{"embeddable":true,"href":"https:\/\/wp.kristdemokraterna.se\/varnamo\/wp-json\/wp\/v2\/comments?post=7351"}],"version-history":[{"count":17,"href":"https:\/\/wp.kristdemokraterna.se\/varnamo\/wp-json\/wp\/v2\/posts\/7351\/revisions"}],"predecessor-version":[{"id":7797,"href":"https:\/\/wp.kristdemokraterna.se\/varnamo\/wp-json\/wp\/v2\/posts\/7351\/revisions\/7797"}],"wp:featuredmedia":[{"embeddable":true,"href":"https:\/\/wp.kristdemokraterna.se\/varnamo\/wp-json\/wp\/v2\/media\/7354"}],"wp:attachment":[{"href":"https:\/\/wp.kristdemokraterna.se\/varnamo\/wp-json\/wp\/v2\/media?parent=7351"}],"wp:term":[{"taxonomy":"category","embeddable":true,"href":"https:\/\/wp.kristdemokraterna.se\/varnamo\/wp-json\/wp\/v2\/categories?post=7351"},{"taxonomy":"post_tag","embeddable":true,"href":"https:\/\/wp.kristdemokraterna.se\/varnamo\/wp-json\/wp\/v2\/tags?post=7351"}],"curies":[{"name":"wp","href":"https:\/\/api.w.org\/{rel}","templated":true}]}}