{"id":8186,"date":"2018-03-12T23:23:34","date_gmt":"2018-03-12T22:23:34","guid":{"rendered":"http:\/\/wp.kristdemokraterna.se\/varnamo\/?p=8186"},"modified":"2018-06-09T17:17:11","modified_gmt":"2018-06-09T15:17:11","slug":"kristdemokraterna-presenterar-valsedlarna-2018","status":"publish","type":"post","link":"https:\/\/wp.kristdemokraterna.se\/varnamo\/2018\/03\/12\/kristdemokraterna-presenterar-valsedlarna-2018\/","title":{"rendered":"Kristdemokraterna presenterar valsedlarna 2018"},"content":{"rendered":"<p>Kristdemokraterna V\u00e4rnamo satsar p\u00e5 att f\u00e5 minst \u00e5tta mandat i V\u00e4rnamo Kommunfullm\u00e4ktige efter \u00e5rets val. Partiavdelningens valtema \u00e4r <em>V\u00e4lf\u00e4rdsl\u00f6ftet f\u00f6r V\u00e4rnamo<\/em> och man lanserar tv\u00e5 valsedlar som b\u00e5da toppas av Camilla Rinaldo Miller fr\u00e5n Bredaryd.<\/p>\n<p><!--more--><\/p>\n<p>\u2013 Kristdemokraterna g\u00e5r till val under parollen V\u00e4lf\u00e4rdsl\u00f6ftet, inledde partiavdelningens vice ordf\u00f6rande H\u00e5kan Johansson presstr\u00e4ffen d\u00e4r man presenterade valsedlarna i \u00e5rets val. Vad det inneb\u00e4r f\u00f6r V\u00e4rnamo kommun kommer vi att f\u00f6rtydliga i v\u00e5rt valmanifest som vi presenterar senare i \u00e5r.<\/p>\n<p>\u2013 Allra f\u00f6rst vill jag presentera v\u00e5r kandidat till uppdraget som Kommunstyrelsens ordf\u00f6rande (KSO), fortsatte han. Om vi f\u00e5r majoritet f\u00f6r det s\u00e5 vill vi att Camilla Rinaldo Miller ska vara KSO. Hon st\u00e5r f\u00f6rst p\u00e5 b\u00e5da v\u00e5ra valsedlar.<\/p>\n<p>D\u00e4refter presenterade partiavdelningsordf\u00f6rande Gunnar Crona Kristdemokraternas valsedlar\u00a0i 2018 \u00e5rs val till V\u00e4rnamo Kommunfullm\u00e4ktige. Att dessa presenteras f\u00f6rst nu beror p\u00e5 att <a href=\"http:\/\/wp.kristdemokraterna.se\/varnamo\/2018\/02\/19\/karin-rylander-arets-kristdemokrat-i-varnamo\/\">\u00e5rsm\u00f6tet<\/a> ville ha en del kompletteringar till det ursprungliga f\u00f6rslaget. P\u00e5 valsedlarna \u00e5terfinns en del personer som \u00e4r k\u00e4nda sedan tidigare, men \u00e4ven en del nytillskott.<\/p>\n<p>\u2013 I \u00e5rets val \u00e4r v\u00e5rt m\u00e5l att \u00e5ter n\u00e5 upp till \u00e5tta mandat, f\u00f6rklarade Gunnar Crona. Vi har haft det f\u00f6rr och kan helt klart n\u00e5 dit igen.<\/p>\n<p>N\u00e4r kandidaterna fick chansen att f\u00f6rtydliga v\u00e4lf\u00e4rdsl\u00f6ftet kom det fram \u00e4mnen som v\u00e5rd, \u00e4ldreomsorg, milj\u00f6, n\u00e4ringsliv, V\u00e4rnamo sjukhus och satsning p\u00e5 ytteromr\u00e5dena. Klassisk kristdemokratisk v\u00e4rnamopolitik med andra ord.<\/p>\n<p>\u2013 Viktigast f\u00f6r oss \u00e4r att f\u00f6rverkliga visionen om den m\u00e4nskliga tillv\u00e4xtkommunen, sammanfattar Camilla Rinaldo Miller. Tillv\u00e4xt kan se ut p\u00e5 olika s\u00e4tt, men i V\u00e4rnamo ska den vara p\u00e5 m\u00e4nniskors villkor och med m\u00e4nskliga m\u00e5tt.<\/p>\n<p>Nomineringskommitt\u00e9ns arbete med att ta fram valsedlar b\u00f6rjade med att medlemmarna fick f\u00f6resl\u00e5 kandidater. D\u00e4refter fick de kandidater som f\u00e5tt flest r\u00f6ster presentera sig och sina fr\u00e5gor vid ett <a href=\"http:\/\/wp.kristdemokraterna.se\/varnamo\/2018\/01\/15\/kandidater-presenterade-valfardsloften\/\">medlemsm\u00f6te<\/a> d\u00e4r medlemmarna fick ange vilka de ville ha p\u00e5 de f\u00f6rsta platserna p\u00e5 valsedlarna. Efter det tog kommitt\u00e9n fram ett f\u00f6rslag som \u00e5rsm\u00f6tet hade att ta st\u00e4llning till. <a href=\"http:\/\/wp.kristdemokraterna.se\/varnamo\/2018\/02\/19\/karin-rylander-arets-kristdemokrat-i-varnamo\/\">\u00c5rsm\u00f6tet ville komplettera f\u00f6rslaget<\/a> med ytterligare personer och med en valsedel med fler namn fr\u00e5n kransorterna. Det f\u00e4rdiga resultatet hittar du nedan.<\/p>\n<p>Processen har varit likartad med att ta fram valsedlar \u00e4ven till\u00a0<a href=\"http:\/\/wp.kristdemokraterna.se\/varnamo\/2017\/11\/13\/camilla-kan-bli-riksdagsledamot\/\">riksdagsvalet<\/a> och\u00a0<a href=\"http:\/\/wp.kristdemokraterna.se\/varnamo\/2017\/11\/14\/arnold-i-toppen-pa-regionvalsedeln\/\">regionvalet<\/a>.\u00a0H\u00e4r kan du se de fastst\u00e4llda valsedlarna i:<\/p>\n<ul>\n<li><a href=\"http:\/\/wp.kristdemokraterna.se\/jonkopingslan\/riksdagslistan-ar-klar\/\">Riksdagsvalet<\/a><\/li>\n<li><a href=\"http:\/\/wp.kristdemokraterna.se\/jonkopingslan\/regionlistorna-ar-klara\/\">Regionvalet<\/a><\/li>\n<\/ul>\n<h2>VALSEDEL 1 I KOMMUNFULLM\u00c4KTIGEVALET 2018<\/h2>\n<p>1. Camilla Rinaldo Miller, Fris\u00f6r, Bredaryd<br \/>\n2. H\u00e5kan Johansson, Studie- &amp; yrkesv\u00e4gledare, V\u00e4rnamo<br \/>\n3. Xhilda Bushati, Kemist, V\u00e4rnamo<br \/>\n4. Gunnar Crona, Volont\u00e4r, V\u00e4rnamo<br \/>\n5. Lena Freij, Kokerska, Hj\u00e4lshammar<br \/>\n6. Ibrahim Candemir, PA-systemkonsult, V\u00e4rnamo<br \/>\n7. Margareta Svensson, L\u00e4rare, V\u00e4rnamo<br \/>\n8. Arnold Carlzon, L\u00e4rare, Svensbygd<br \/>\n9. Zamira Hansen, Fritidsledare, V\u00e4rnamo<br \/>\n10. Stig Claesson, F\u00f6retagare, N\u00f6bbele<br \/>\n11. Sanja Mikulic, Modersm\u00e5lsl\u00e4rare, V\u00e4rnamo<br \/>\n12. Isak Torebrand, Polis, Ul\u00e5s<br \/>\n13. Gunnel Youngstr\u00f6m, Senior, V\u00e4rnamo<br \/>\n14. Gustav Eek, VVS-konsult, V\u00e4rnamo<br \/>\n15. Christer Fjordevik, Pr\u00e4st, V\u00e4rnamo<br \/>\n16. Margareta Lindahl, Distriktssk\u00f6terska, V\u00e4rnamo<br \/>\n17. Leif B\u00e4ckrud, Tekniskt s\u00e4ljst\u00f6d, Rydaholm<br \/>\n18. Thomas Backn\u00e4s, Klassassistent, V\u00e4rnamo<br \/>\n19. Bertil Isaksson, Banktj\u00e4nsteman, Bredaryd<br \/>\n20. Peter Johnson, Begravningsentrepren\u00f6r, V\u00e4rnamo<br \/>\n21. Alf Svensson, S\u00e4ljare, V\u00e4rnamo<br \/>\n22. Evanjeline Eriksson, Arbetsf\u00f6rmedlare, V\u00e4rnamo<br \/>\n23. Robert Tedenby, Verksamhetsledare, V\u00e4rnamo<br \/>\n24. Arben Murati, Fritidsledare, V\u00e4rnamo<br \/>\n25. H\u00e5kan Fransson, F\u00f6retagare, V\u00e4rnamo<br \/>\n26. Patrik Ekwall, F\u00f6retagare, V\u00e4rnamo<\/p>\n<h2>VALSEDEL 2 I KOMMUNFULLM\u00c4KTIGEVALET 2018<\/h2>\n<p>1. Camilla Rinaldo Miller, Fris\u00f6r, Bredaryd<br \/>\n2. Stig Claesson, F\u00f6retagare, N\u00f6bbele<br \/>\n3. Lena Freij, Kokerska, Hj\u00e4lshammar<br \/>\n4. Arnold Carlzon, L\u00e4rare, Svensbygd<br \/>\n5. Isak Torebrand, Polis, Ul\u00e5s<br \/>\n6. Leif B\u00e4ckrud, Tekniskt s\u00e4ljst\u00f6d, Rydaholm<br \/>\n7. Gustav Eek, VVS-konsult, V\u00e4rnamo<br \/>\n8. Mats Eriksson, Volont\u00e4r, \u00c5minne<br \/>\n9. Evanjeline Eriksson, Arbetsf\u00f6rmedlare, V\u00e4rnamo<br \/>\n10. Thomas Wilhelmsson, Fd revisor, Sk\u00e4rv\u00e4lla<br \/>\n11. Bertil Isaksson, Banktj\u00e4nsteman, Bredaryd<br \/>\n12. Margareta Lindahl, Distriktssk\u00f6terska, V\u00e4rnamo<br \/>\n13. Christer Fjordevik, Pr\u00e4st, V\u00e4rnamo<br \/>\n14. Sanja Mikulic, Modersm\u00e5lsl\u00e4rare, V\u00e4rnamo<br \/>\n15. Ibrahim Candemir, PA-systemkonsult, V\u00e4rnamo<br \/>\n16. Zamira Hansen, Fritidsledare, V\u00e4rnamo<br \/>\n17. Gunnar Crona, Volont\u00e4r, V\u00e4rnamo<br \/>\n18. Lennart Swerlander, Ekonom, V\u00e4rnamo<br \/>\n19. Lennart Johansson, Pension\u00e4r, V\u00e4rnamo<br \/>\n20. Karin Rylander, Fd skolsk\u00f6terska, V\u00e4rnamo<br \/>\n21. Bo Bengtsson, Lantbrukare, T\u00e5nn\u00f6<br \/>\n22. H\u00e5kan Fransson, F\u00f6retagare, V\u00e4rnamo<br \/>\n23.\u00a0Arben Murati, Fritidsledare, V\u00e4rnamo<br \/>\n24. Per-\u00c5ke Eriksson, Ingenj\u00f6r, V\u00e4rnamo<br \/>\n25. Robert Tedenby, Verksamhetsledare, V\u00e4rnamo<br \/>\n26. Lars-Evert Jonsson, Pastor, V\u00e4rnamo<\/p>\n<p>(<em>\u00c4ndring 2018-06-09:<\/em> Sedan styrelsen fastst\u00e4llde valsedlarna 2018-03-12 blev det n\u00f6dv\u00e4ndigt att g\u00f6ra n\u00e5gra redaktionella f\u00f6r\u00e4ndringar. Ovanst\u00e5ende valsedlar \u00e4r de som \u00e4r registrerade hos Valmyndigheten.)<\/p>\n\n\t\t<style type=\"text\/css\">\n\t\t\t#gallery-1 {\n\t\t\t\tmargin: auto;\n\t\t\t}\n\t\t\t#gallery-1 .gallery-item {\n\t\t\t\tfloat: left;\n\t\t\t\tmargin-top: 10px;\n\t\t\t\ttext-align: center;\n\t\t\t\twidth: 33%;\n\t\t\t}\n\t\t\t#gallery-1 img {\n\t\t\t\tborder: 2px solid #cfcfcf;\n\t\t\t}\n\t\t\t#gallery-1 .gallery-caption {\n\t\t\t\tmargin-left: 0;\n\t\t\t}\n\t\t\t\/* see gallery_shortcode() in wp-includes\/media.php *\/\n\t\t<\/style>\n\t\t<div id='gallery-1' class='gallery galleryid-8186 gallery-columns-3 gallery-size-thumbnail'><dl class='gallery-item'>\n\t\t\t<dt class='gallery-icon landscape'>\n\t\t\t\t<a href='https:\/\/wp.kristdemokraterna.se\/varnamo\/20180312-kandidatpresentation2\/'><img loading=\"lazy\" decoding=\"async\" width=\"150\" height=\"150\" src=\"https:\/\/wp.kristdemokraterna.se\/varnamo\/files\/2018\/03\/20180312_kandidatpresentation2-150x150.jpg\" class=\"attachment-thumbnail size-thumbnail\" alt=\"Kristdemokraterna p\u00e5 v\u00e4g upp\u00e5t i valet till V\u00e4rnamo kommunfullm\u00e4ktige 2018. (Foto: Peter Feurst)\" aria-describedby=\"gallery-1-8184\" srcset=\"https:\/\/wp.kristdemokraterna.se\/varnamo\/files\/2018\/03\/20180312_kandidatpresentation2-150x150.jpg 150w, https:\/\/wp.kristdemokraterna.se\/varnamo\/files\/2018\/03\/20180312_kandidatpresentation2-90x90.jpg 90w\" sizes=\"auto, (max-width: 150px) 100vw, 150px\" \/><\/a>\n\t\t\t<\/dt>\n\t\t\t\t<dd class='wp-caption-text gallery-caption' id='gallery-1-8184'>\n\t\t\t\tKristdemokraterna p\u00e5 v\u00e4g upp\u00e5t i valet till V\u00e4rnamo kommunfullm\u00e4ktige 2018. (Foto: Peter Feurst)\n\t\t\t\t<\/dd><\/dl><dl class='gallery-item'>\n\t\t\t<dt class='gallery-icon landscape'>\n\t\t\t\t<a href='https:\/\/wp.kristdemokraterna.se\/varnamo\/20180312-kandidatpresentation1\/'><img loading=\"lazy\" decoding=\"async\" width=\"150\" height=\"150\" src=\"https:\/\/wp.kristdemokraterna.se\/varnamo\/files\/2018\/03\/20180312_kandidatpresentation1-150x150.jpg\" class=\"attachment-thumbnail size-thumbnail\" alt=\"N\u00e5gra av Kristdemokraternas kandidater i valet till V\u00e4rnamo kommunfullm\u00e4ktige 2018. (Foto: Peter Feurst)\" aria-describedby=\"gallery-1-8183\" srcset=\"https:\/\/wp.kristdemokraterna.se\/varnamo\/files\/2018\/03\/20180312_kandidatpresentation1-150x150.jpg 150w, https:\/\/wp.kristdemokraterna.se\/varnamo\/files\/2018\/03\/20180312_kandidatpresentation1-90x90.jpg 90w\" sizes=\"auto, (max-width: 150px) 100vw, 150px\" \/><\/a>\n\t\t\t<\/dt>\n\t\t\t\t<dd class='wp-caption-text gallery-caption' id='gallery-1-8183'>\n\t\t\t\tN\u00e5gra av Kristdemokraternas kandidater i valet till V\u00e4rnamo kommunfullm\u00e4ktige 2018. (Foto: Peter Feurst)\n\t\t\t\t<\/dd><\/dl>\n\t\t\t<br style='clear: both' \/>\n\t\t<\/div>\n\n","protected":false},"excerpt":{"rendered":"<p>Kristdemokraterna V\u00e4rnamo satsar p\u00e5 att f\u00e5 minst \u00e5tta mandat i V\u00e4rnamo Kommunfullm\u00e4ktige efter \u00e5rets val. Partiavdelningens valtema \u00e4r V\u00e4lf\u00e4rdsl\u00f6ftet f\u00f6r V\u00e4rnamo och man lanserar tv\u00e5 valsedlar som b\u00e5da toppas av Camilla Rinaldo Miller fr\u00e5n Bredaryd.<\/p>\n","protected":false},"author":412,"featured_media":9638,"comment_status":"closed","ping_status":"closed","sticky":false,"template":"","format":"standard","meta":{"_acf_changed":false,"footnotes":""},"categories":[844],"tags":[40,21,25,23,840,39,36,813,212,241,283],"class_list":["post-8186","post","type-post","status-publish","format-standard","hentry","category-val-2018","tag-aldreomsorg","tag-camilla-rinaldo-miller","tag-gunnar-crona","tag-hakan-johansson","tag-mansklig-tillvaxt","tag-miljo","tag-naringliv","tag-valfardsloftet","tag-valsedlar","tag-vard","tag-varnamo-sjukhus"],"acf":[],"yoast_head":"<!-- This site is optimized with the Yoast SEO plugin v27.4 - https:\/\/yoast.com\/product\/yoast-seo-wordpress\/ -->\n<title>Kristdemokraterna presenterar valsedlarna 2018 - KRISTDEMOKRATERNA V\u00c4RNAMO<\/title>\n<meta name=\"robots\" content=\"index, follow, max-snippet:-1, max-image-preview:large, max-video-preview:-1\" \/>\n<link rel=\"canonical\" href=\"https:\/\/wp.kristdemokraterna.se\/varnamo\/2018\/03\/12\/kristdemokraterna-presenterar-valsedlarna-2018\/\" \/>\n<meta property=\"og:locale\" content=\"sv_SE\" \/>\n<meta property=\"og:type\" content=\"article\" \/>\n<meta property=\"og:title\" content=\"Kristdemokraterna presenterar valsedlarna 2018 - KRISTDEMOKRATERNA V\u00c4RNAMO\" \/>\n<meta property=\"og:description\" content=\"Kristdemokraterna V\u00e4rnamo satsar p\u00e5 att f\u00e5 minst \u00e5tta mandat i V\u00e4rnamo Kommunfullm\u00e4ktige efter \u00e5rets val. Partiavdelningens valtema \u00e4r V\u00e4lf\u00e4rdsl\u00f6ftet f\u00f6r V\u00e4rnamo och man lanserar tv\u00e5 valsedlar som b\u00e5da toppas av Camilla Rinaldo Miller fr\u00e5n Bredaryd.\" \/>\n<meta property=\"og:url\" content=\"https:\/\/wp.kristdemokraterna.se\/varnamo\/2018\/03\/12\/kristdemokraterna-presenterar-valsedlarna-2018\/\" \/>\n<meta property=\"og:site_name\" content=\"KRISTDEMOKRATERNA V\u00c4RNAMO\" \/>\n<meta property=\"article:publisher\" content=\"https:\/\/www.facebook.com\/KDVarnamo\/\" \/>\n<meta property=\"article:published_time\" content=\"2018-03-12T22:23:34+00:00\" \/>\n<meta property=\"article:modified_time\" content=\"2018-06-09T15:17:11+00:00\" \/>\n<meta property=\"og:image\" content=\"https:\/\/wp.kristdemokraterna.se\/varnamo\/files\/2018\/03\/20180312_kandidatpresentation1-150x150.jpg\" \/>\n<meta name=\"author\" content=\"Kristdemokraterna V\u00e4rnamo\" \/>\n<meta name=\"twitter:card\" content=\"summary_large_image\" \/>\n<meta name=\"twitter:creator\" content=\"@KDVarnamo\" \/>\n<meta name=\"twitter:site\" content=\"@KDVarnamo\" \/>\n<meta name=\"twitter:label1\" content=\"Skriven av\" \/>\n\t<meta name=\"twitter:data1\" content=\"Kristdemokraterna V\u00e4rnamo\" \/>\n\t<meta name=\"twitter:label2\" content=\"Ber\u00e4knad l\u00e4stid\" \/>\n\t<meta name=\"twitter:data2\" content=\"4 minuter\" \/>\n<script type=\"application\/ld+json\" class=\"yoast-schema-graph\">{\"@context\":\"https:\\\/\\\/schema.org\",\"@graph\":[{\"@type\":\"Article\",\"@id\":\"https:\\\/\\\/wp.kristdemokraterna.se\\\/varnamo\\\/2018\\\/03\\\/12\\\/kristdemokraterna-presenterar-valsedlarna-2018\\\/#article\",\"isPartOf\":{\"@id\":\"https:\\\/\\\/wp.kristdemokraterna.se\\\/varnamo\\\/2018\\\/03\\\/12\\\/kristdemokraterna-presenterar-valsedlarna-2018\\\/\"},\"author\":{\"name\":\"Kristdemokraterna V\u00e4rnamo\",\"@id\":\"https:\\\/\\\/wp.kristdemokraterna.se\\\/varnamo\\\/#\\\/schema\\\/person\\\/4e339ab04d613699e4dfe80a994e01d4\"},\"headline\":\"Kristdemokraterna presenterar valsedlarna 2018\",\"datePublished\":\"2018-03-12T22:23:34+00:00\",\"dateModified\":\"2018-06-09T15:17:11+00:00\",\"mainEntityOfPage\":{\"@id\":\"https:\\\/\\\/wp.kristdemokraterna.se\\\/varnamo\\\/2018\\\/03\\\/12\\\/kristdemokraterna-presenterar-valsedlarna-2018\\\/\"},\"wordCount\":791,\"publisher\":{\"@id\":\"https:\\\/\\\/wp.kristdemokraterna.se\\\/varnamo\\\/#organization\"},\"image\":{\"@id\":\"https:\\\/\\\/wp.kristdemokraterna.se\\\/varnamo\\\/2018\\\/03\\\/12\\\/kristdemokraterna-presenterar-valsedlarna-2018\\\/#primaryimage\"},\"thumbnailUrl\":\"https:\\\/\\\/wp.kristdemokraterna.se\\\/varnamo\\\/files\\\/2022\\\/08\\\/kd-logo-blue.png\",\"keywords\":[\"\u00e4ldreomsorg\",\"Camilla Rinaldo Miller\",\"Gunnar Crona\",\"H\u00e5kan Johansson\",\"m\u00e4nsklig tillv\u00e4xt\",\"milj\u00f6\",\"n\u00e4ringsliv\",\"v\u00e4lf\u00e4rdsl\u00f6ftet\",\"valsedlar\",\"v\u00e5rd\",\"V\u00e4rnamo sjukhus\"],\"articleSection\":[\"Val 2018\"],\"inLanguage\":\"sv-SE\"},{\"@type\":\"WebPage\",\"@id\":\"https:\\\/\\\/wp.kristdemokraterna.se\\\/varnamo\\\/2018\\\/03\\\/12\\\/kristdemokraterna-presenterar-valsedlarna-2018\\\/\",\"url\":\"https:\\\/\\\/wp.kristdemokraterna.se\\\/varnamo\\\/2018\\\/03\\\/12\\\/kristdemokraterna-presenterar-valsedlarna-2018\\\/\",\"name\":\"Kristdemokraterna presenterar valsedlarna 2018 - KRISTDEMOKRATERNA V\u00c4RNAMO\",\"isPartOf\":{\"@id\":\"https:\\\/\\\/wp.kristdemokraterna.se\\\/varnamo\\\/#website\"},\"primaryImageOfPage\":{\"@id\":\"https:\\\/\\\/wp.kristdemokraterna.se\\\/varnamo\\\/2018\\\/03\\\/12\\\/kristdemokraterna-presenterar-valsedlarna-2018\\\/#primaryimage\"},\"image\":{\"@id\":\"https:\\\/\\\/wp.kristdemokraterna.se\\\/varnamo\\\/2018\\\/03\\\/12\\\/kristdemokraterna-presenterar-valsedlarna-2018\\\/#primaryimage\"},\"thumbnailUrl\":\"https:\\\/\\\/wp.kristdemokraterna.se\\\/varnamo\\\/files\\\/2022\\\/08\\\/kd-logo-blue.png\",\"datePublished\":\"2018-03-12T22:23:34+00:00\",\"dateModified\":\"2018-06-09T15:17:11+00:00\",\"breadcrumb\":{\"@id\":\"https:\\\/\\\/wp.kristdemokraterna.se\\\/varnamo\\\/2018\\\/03\\\/12\\\/kristdemokraterna-presenterar-valsedlarna-2018\\\/#breadcrumb\"},\"inLanguage\":\"sv-SE\",\"potentialAction\":[{\"@type\":\"ReadAction\",\"target\":[\"https:\\\/\\\/wp.kristdemokraterna.se\\\/varnamo\\\/2018\\\/03\\\/12\\\/kristdemokraterna-presenterar-valsedlarna-2018\\\/\"]}]},{\"@type\":\"ImageObject\",\"inLanguage\":\"sv-SE\",\"@id\":\"https:\\\/\\\/wp.kristdemokraterna.se\\\/varnamo\\\/2018\\\/03\\\/12\\\/kristdemokraterna-presenterar-valsedlarna-2018\\\/#primaryimage\",\"url\":\"https:\\\/\\\/wp.kristdemokraterna.se\\\/varnamo\\\/files\\\/2022\\\/08\\\/kd-logo-blue.png\",\"contentUrl\":\"https:\\\/\\\/wp.kristdemokraterna.se\\\/varnamo\\\/files\\\/2022\\\/08\\\/kd-logo-blue.png\",\"width\":2000,\"height\":2000,\"caption\":\"Kristdemokraternas logotyp\"},{\"@type\":\"BreadcrumbList\",\"@id\":\"https:\\\/\\\/wp.kristdemokraterna.se\\\/varnamo\\\/2018\\\/03\\\/12\\\/kristdemokraterna-presenterar-valsedlarna-2018\\\/#breadcrumb\",\"itemListElement\":[{\"@type\":\"ListItem\",\"position\":1,\"name\":\"Hem\",\"item\":\"https:\\\/\\\/wp.kristdemokraterna.se\\\/varnamo\\\/\"},{\"@type\":\"ListItem\",\"position\":2,\"name\":\"Kristdemokraterna presenterar valsedlarna 2018\"}]},{\"@type\":\"WebSite\",\"@id\":\"https:\\\/\\\/wp.kristdemokraterna.se\\\/varnamo\\\/#website\",\"url\":\"https:\\\/\\\/wp.kristdemokraterna.se\\\/varnamo\\\/\",\"name\":\"KRISTDEMOKRATERNA V\u00c4RNAMO\",\"description\":\"Med hj\u00e4rta f\u00f6r V\u00e4rnamo\",\"publisher\":{\"@id\":\"https:\\\/\\\/wp.kristdemokraterna.se\\\/varnamo\\\/#organization\"},\"inLanguage\":\"sv-SE\"},{\"@type\":\"Organization\",\"@id\":\"https:\\\/\\\/wp.kristdemokraterna.se\\\/varnamo\\\/#organization\",\"name\":\"Kristdemokraterna V\u00e4rnamo\",\"url\":\"https:\\\/\\\/wp.kristdemokraterna.se\\\/varnamo\\\/\",\"logo\":{\"@type\":\"ImageObject\",\"inLanguage\":\"sv-SE\",\"@id\":\"https:\\\/\\\/wp.kristdemokraterna.se\\\/varnamo\\\/#\\\/schema\\\/logo\\\/image\\\/\",\"url\":\"https:\\\/\\\/wp.kristdemokraterna.se\\\/varnamo\\\/files\\\/2022\\\/08\\\/va\u2560ernamo-sida-bla-300dpi.png\",\"contentUrl\":\"https:\\\/\\\/wp.kristdemokraterna.se\\\/varnamo\\\/files\\\/2022\\\/08\\\/va\u2560ernamo-sida-bla-300dpi.png\",\"width\":1485,\"height\":681,\"caption\":\"Kristdemokraterna V\u00e4rnamo\"},\"image\":{\"@id\":\"https:\\\/\\\/wp.kristdemokraterna.se\\\/varnamo\\\/#\\\/schema\\\/logo\\\/image\\\/\"},\"sameAs\":[\"https:\\\/\\\/www.facebook.com\\\/KDVarnamo\\\/\",\"https:\\\/\\\/x.com\\\/KDVarnamo\",\"https:\\\/\\\/www.instagram.com\\\/\",\"https:\\\/\\\/www.youtube.com\\\/user\\\/studiokd\\\/videos\"]},{\"@type\":\"Person\",\"@id\":\"https:\\\/\\\/wp.kristdemokraterna.se\\\/varnamo\\\/#\\\/schema\\\/person\\\/4e339ab04d613699e4dfe80a994e01d4\",\"name\":\"Kristdemokraterna V\u00e4rnamo\",\"image\":{\"@type\":\"ImageObject\",\"inLanguage\":\"sv-SE\",\"@id\":\"https:\\\/\\\/secure.gravatar.com\\\/avatar\\\/c122e48c7723992af51eb155eeaa93db3c1fa324e3fc6ec45dd712c812809b5b?s=96&r=g\",\"url\":\"https:\\\/\\\/secure.gravatar.com\\\/avatar\\\/c122e48c7723992af51eb155eeaa93db3c1fa324e3fc6ec45dd712c812809b5b?s=96&r=g\",\"contentUrl\":\"https:\\\/\\\/secure.gravatar.com\\\/avatar\\\/c122e48c7723992af51eb155eeaa93db3c1fa324e3fc6ec45dd712c812809b5b?s=96&r=g\",\"caption\":\"Kristdemokraterna V\u00e4rnamo\"},\"description\":\"Familjens r\u00f6st\",\"sameAs\":[\"http:\\\/\\\/www.varnamo.kristdemokraterna.se\"],\"url\":\"https:\\\/\\\/wp.kristdemokraterna.se\\\/varnamo\\\/author\\\/varnamo\\\/\"}]}<\/script>\n<!-- \/ Yoast SEO plugin. -->","yoast_head_json":{"title":"Kristdemokraterna presenterar valsedlarna 2018 - KRISTDEMOKRATERNA V\u00c4RNAMO","robots":{"index":"index","follow":"follow","max-snippet":"max-snippet:-1","max-image-preview":"max-image-preview:large","max-video-preview":"max-video-preview:-1"},"canonical":"https:\/\/wp.kristdemokraterna.se\/varnamo\/2018\/03\/12\/kristdemokraterna-presenterar-valsedlarna-2018\/","og_locale":"sv_SE","og_type":"article","og_title":"Kristdemokraterna presenterar valsedlarna 2018 - KRISTDEMOKRATERNA V\u00c4RNAMO","og_description":"Kristdemokraterna V\u00e4rnamo satsar p\u00e5 att f\u00e5 minst \u00e5tta mandat i V\u00e4rnamo Kommunfullm\u00e4ktige efter \u00e5rets val. Partiavdelningens valtema \u00e4r V\u00e4lf\u00e4rdsl\u00f6ftet f\u00f6r V\u00e4rnamo och man lanserar tv\u00e5 valsedlar som b\u00e5da toppas av Camilla Rinaldo Miller fr\u00e5n Bredaryd.","og_url":"https:\/\/wp.kristdemokraterna.se\/varnamo\/2018\/03\/12\/kristdemokraterna-presenterar-valsedlarna-2018\/","og_site_name":"KRISTDEMOKRATERNA V\u00c4RNAMO","article_publisher":"https:\/\/www.facebook.com\/KDVarnamo\/","article_published_time":"2018-03-12T22:23:34+00:00","article_modified_time":"2018-06-09T15:17:11+00:00","og_image":[{"url":"https:\/\/wp.kristdemokraterna.se\/varnamo\/files\/2018\/03\/20180312_kandidatpresentation1-150x150.jpg","type":"","width":"","height":""}],"author":"Kristdemokraterna V\u00e4rnamo","twitter_card":"summary_large_image","twitter_creator":"@KDVarnamo","twitter_site":"@KDVarnamo","twitter_misc":{"Skriven av":"Kristdemokraterna V\u00e4rnamo","Ber\u00e4knad l\u00e4stid":"4 minuter"},"schema":{"@context":"https:\/\/schema.org","@graph":[{"@type":"Article","@id":"https:\/\/wp.kristdemokraterna.se\/varnamo\/2018\/03\/12\/kristdemokraterna-presenterar-valsedlarna-2018\/#article","isPartOf":{"@id":"https:\/\/wp.kristdemokraterna.se\/varnamo\/2018\/03\/12\/kristdemokraterna-presenterar-valsedlarna-2018\/"},"author":{"name":"Kristdemokraterna V\u00e4rnamo","@id":"https:\/\/wp.kristdemokraterna.se\/varnamo\/#\/schema\/person\/4e339ab04d613699e4dfe80a994e01d4"},"headline":"Kristdemokraterna presenterar valsedlarna 2018","datePublished":"2018-03-12T22:23:34+00:00","dateModified":"2018-06-09T15:17:11+00:00","mainEntityOfPage":{"@id":"https:\/\/wp.kristdemokraterna.se\/varnamo\/2018\/03\/12\/kristdemokraterna-presenterar-valsedlarna-2018\/"},"wordCount":791,"publisher":{"@id":"https:\/\/wp.kristdemokraterna.se\/varnamo\/#organization"},"image":{"@id":"https:\/\/wp.kristdemokraterna.se\/varnamo\/2018\/03\/12\/kristdemokraterna-presenterar-valsedlarna-2018\/#primaryimage"},"thumbnailUrl":"https:\/\/wp.kristdemokraterna.se\/varnamo\/files\/2022\/08\/kd-logo-blue.png","keywords":["\u00e4ldreomsorg","Camilla Rinaldo Miller","Gunnar Crona","H\u00e5kan Johansson","m\u00e4nsklig tillv\u00e4xt","milj\u00f6","n\u00e4ringsliv","v\u00e4lf\u00e4rdsl\u00f6ftet","valsedlar","v\u00e5rd","V\u00e4rnamo sjukhus"],"articleSection":["Val 2018"],"inLanguage":"sv-SE"},{"@type":"WebPage","@id":"https:\/\/wp.kristdemokraterna.se\/varnamo\/2018\/03\/12\/kristdemokraterna-presenterar-valsedlarna-2018\/","url":"https:\/\/wp.kristdemokraterna.se\/varnamo\/2018\/03\/12\/kristdemokraterna-presenterar-valsedlarna-2018\/","name":"Kristdemokraterna presenterar valsedlarna 2018 - KRISTDEMOKRATERNA V\u00c4RNAMO","isPartOf":{"@id":"https:\/\/wp.kristdemokraterna.se\/varnamo\/#website"},"primaryImageOfPage":{"@id":"https:\/\/wp.kristdemokraterna.se\/varnamo\/2018\/03\/12\/kristdemokraterna-presenterar-valsedlarna-2018\/#primaryimage"},"image":{"@id":"https:\/\/wp.kristdemokraterna.se\/varnamo\/2018\/03\/12\/kristdemokraterna-presenterar-valsedlarna-2018\/#primaryimage"},"thumbnailUrl":"https:\/\/wp.kristdemokraterna.se\/varnamo\/files\/2022\/08\/kd-logo-blue.png","datePublished":"2018-03-12T22:23:34+00:00","dateModified":"2018-06-09T15:17:11+00:00","breadcrumb":{"@id":"https:\/\/wp.kristdemokraterna.se\/varnamo\/2018\/03\/12\/kristdemokraterna-presenterar-valsedlarna-2018\/#breadcrumb"},"inLanguage":"sv-SE","potentialAction":[{"@type":"ReadAction","target":["https:\/\/wp.kristdemokraterna.se\/varnamo\/2018\/03\/12\/kristdemokraterna-presenterar-valsedlarna-2018\/"]}]},{"@type":"ImageObject","inLanguage":"sv-SE","@id":"https:\/\/wp.kristdemokraterna.se\/varnamo\/2018\/03\/12\/kristdemokraterna-presenterar-valsedlarna-2018\/#primaryimage","url":"https:\/\/wp.kristdemokraterna.se\/varnamo\/files\/2022\/08\/kd-logo-blue.png","contentUrl":"https:\/\/wp.kristdemokraterna.se\/varnamo\/files\/2022\/08\/kd-logo-blue.png","width":2000,"height":2000,"caption":"Kristdemokraternas logotyp"},{"@type":"BreadcrumbList","@id":"https:\/\/wp.kristdemokraterna.se\/varnamo\/2018\/03\/12\/kristdemokraterna-presenterar-valsedlarna-2018\/#breadcrumb","itemListElement":[{"@type":"ListItem","position":1,"name":"Hem","item":"https:\/\/wp.kristdemokraterna.se\/varnamo\/"},{"@type":"ListItem","position":2,"name":"Kristdemokraterna presenterar valsedlarna 2018"}]},{"@type":"WebSite","@id":"https:\/\/wp.kristdemokraterna.se\/varnamo\/#website","url":"https:\/\/wp.kristdemokraterna.se\/varnamo\/","name":"KRISTDEMOKRATERNA V\u00c4RNAMO","description":"Med hj\u00e4rta f\u00f6r V\u00e4rnamo","publisher":{"@id":"https:\/\/wp.kristdemokraterna.se\/varnamo\/#organization"},"inLanguage":"sv-SE"},{"@type":"Organization","@id":"https:\/\/wp.kristdemokraterna.se\/varnamo\/#organization","name":"Kristdemokraterna V\u00e4rnamo","url":"https:\/\/wp.kristdemokraterna.se\/varnamo\/","logo":{"@type":"ImageObject","inLanguage":"sv-SE","@id":"https:\/\/wp.kristdemokraterna.se\/varnamo\/#\/schema\/logo\/image\/","url":"https:\/\/wp.kristdemokraterna.se\/varnamo\/files\/2022\/08\/va\u2560ernamo-sida-bla-300dpi.png","contentUrl":"https:\/\/wp.kristdemokraterna.se\/varnamo\/files\/2022\/08\/va\u2560ernamo-sida-bla-300dpi.png","width":1485,"height":681,"caption":"Kristdemokraterna V\u00e4rnamo"},"image":{"@id":"https:\/\/wp.kristdemokraterna.se\/varnamo\/#\/schema\/logo\/image\/"},"sameAs":["https:\/\/www.facebook.com\/KDVarnamo\/","https:\/\/x.com\/KDVarnamo","https:\/\/www.instagram.com\/","https:\/\/www.youtube.com\/user\/studiokd\/videos"]},{"@type":"Person","@id":"https:\/\/wp.kristdemokraterna.se\/varnamo\/#\/schema\/person\/4e339ab04d613699e4dfe80a994e01d4","name":"Kristdemokraterna V\u00e4rnamo","image":{"@type":"ImageObject","inLanguage":"sv-SE","@id":"https:\/\/secure.gravatar.com\/avatar\/c122e48c7723992af51eb155eeaa93db3c1fa324e3fc6ec45dd712c812809b5b?s=96&r=g","url":"https:\/\/secure.gravatar.com\/avatar\/c122e48c7723992af51eb155eeaa93db3c1fa324e3fc6ec45dd712c812809b5b?s=96&r=g","contentUrl":"https:\/\/secure.gravatar.com\/avatar\/c122e48c7723992af51eb155eeaa93db3c1fa324e3fc6ec45dd712c812809b5b?s=96&r=g","caption":"Kristdemokraterna V\u00e4rnamo"},"description":"Familjens r\u00f6st","sameAs":["http:\/\/www.varnamo.kristdemokraterna.se"],"url":"https:\/\/wp.kristdemokraterna.se\/varnamo\/author\/varnamo\/"}]}},"_links":{"self":[{"href":"https:\/\/wp.kristdemokraterna.se\/varnamo\/wp-json\/wp\/v2\/posts\/8186","targetHints":{"allow":["GET"]}}],"collection":[{"href":"https:\/\/wp.kristdemokraterna.se\/varnamo\/wp-json\/wp\/v2\/posts"}],"about":[{"href":"https:\/\/wp.kristdemokraterna.se\/varnamo\/wp-json\/wp\/v2\/types\/post"}],"author":[{"embeddable":true,"href":"https:\/\/wp.kristdemokraterna.se\/varnamo\/wp-json\/wp\/v2\/users\/412"}],"replies":[{"embeddable":true,"href":"https:\/\/wp.kristdemokraterna.se\/varnamo\/wp-json\/wp\/v2\/comments?post=8186"}],"version-history":[{"count":9,"href":"https:\/\/wp.kristdemokraterna.se\/varnamo\/wp-json\/wp\/v2\/posts\/8186\/revisions"}],"predecessor-version":[{"id":8419,"href":"https:\/\/wp.kristdemokraterna.se\/varnamo\/wp-json\/wp\/v2\/posts\/8186\/revisions\/8419"}],"wp:featuredmedia":[{"embeddable":true,"href":"https:\/\/wp.kristdemokraterna.se\/varnamo\/wp-json\/wp\/v2\/media\/9638"}],"wp:attachment":[{"href":"https:\/\/wp.kristdemokraterna.se\/varnamo\/wp-json\/wp\/v2\/media?parent=8186"}],"wp:term":[{"taxonomy":"category","embeddable":true,"href":"https:\/\/wp.kristdemokraterna.se\/varnamo\/wp-json\/wp\/v2\/categories?post=8186"},{"taxonomy":"post_tag","embeddable":true,"href":"https:\/\/wp.kristdemokraterna.se\/varnamo\/wp-json\/wp\/v2\/tags?post=8186"}],"curies":[{"name":"wp","href":"https:\/\/api.w.org\/{rel}","templated":true}]}}