{"id":9285,"date":"2022-06-10T19:07:33","date_gmt":"2022-06-10T17:07:33","guid":{"rendered":"https:\/\/wp.kristdemokraterna.se\/varnamo\/?p=9285"},"modified":"2022-06-24T21:46:54","modified_gmt":"2022-06-24T19:46:54","slug":"redo-for-en-skola-med","status":"publish","type":"post","link":"https:\/\/wp.kristdemokraterna.se\/varnamo\/2022\/06\/10\/redo-for-en-skola-med\/","title":{"rendered":"Redo f\u00f6r en skola med\u2026"},"content":{"rendered":"<p><em>Kristdemokraterna V\u00e4rnamo \u00e4r redo f\u00f6r en skola med resurser att m\u00f6ta varje elev utifr\u00e5n dess f\u00f6ruts\u00e4ttningar och behov. Skolan \u00e4r en av de viktigaste platserna i livet. Skolan p\u00e5verkar hela livet. Vi arbetar f\u00f6r en skola d\u00e4r varje barn och elev f\u00e5r utveckla sin fulla potential, till vidare studier, ett meningsfullt yrkesliv och\u00a0 delaktighet i samh\u00e4llsgemenskapen.<\/em><\/p>\n<hr \/>\n<p><!--more--><\/p>\n<h2>Redo f\u00f6r en skola med\u2026<\/h2>\n<h3>\u2026sikte p\u00e5 samh\u00e4llsgemenskap<\/h3>\n<p>Kristdemokraternas vision \u00e4r en skola d\u00e4r ingen h\u00e5lls tillbaka och ingen l\u00e4mnas efter; en skola d\u00e4r varje barn och elev f\u00e5r utvecklas efter sin fulla potential, till vidare studier, ett meningsfullt yrkesliv och delaktighet i samh\u00e4llsgemenskapen.<\/p>\n<ul>\n<li>Mer st\u00f6dresurser till barn i skolans l\u00e4gre stadier.<\/li>\n<li>S\u00e4rskilt beg\u00e5vade elever ska f\u00e5 det st\u00f6d de beh\u00f6ver f\u00f6r att kunna utvecklas ytterligare.<\/li>\n<li>Lovskola ska erbjudas barn som har sv\u00e5rt att klara kunskapskraven.<\/li>\n<li>Mer praktik och entrepren\u00f6rskap f\u00f6r att f\u00e5 inblick i arbetslivet.<\/li>\n<li>Skolan ska samverka med n\u00e4ringslivet.<\/li>\n<li>Alla elever ska f\u00e5 tr\u00e4ffa utbildad studie- och yrkesv\u00e4gledare.<\/li>\n<\/ul>\n<h3>\u2026kunskap och kreativitet<\/h3>\n<p>En skola d\u00e4r varje barn finner trygghet, kamratskap och f\u00e5r utlopp f\u00f6r sin kunskapst\u00f6rst, d\u00e4r varje barn f\u00e5r k\u00e4nna lycka n\u00e4r bokst\u00e4vernas betydelse faller p\u00e5 plats, d\u00e4r matematiken blir en sp\u00e4nnande lek och d\u00e4r sinnena vidgas och v\u00e4rlden \u00f6ppnas upp allteftersom barnet blir \u00e4ldre.<\/p>\n<ul>\n<li>Det ska finnas resurser f\u00f6r l\u00e4romedel och digitala verktyg som st\u00f6ttar alla elevers l\u00e4rande.<\/li>\n<li>L\u00e4rarnas arbetstid ska ha fokus p\u00e5 mer undervisningstid.<\/li>\n<li>Det ska vara nolltolerans mot mobbning och kr\u00e4nkande behandling.<\/li>\n<li>Inf\u00f6r en elevh\u00e4lsogaranti.<\/li>\n<li>Man ska kunna f\u00e5 undervisning i Kulturskolan p\u00e5 lektionstid.<\/li>\n<li>Organiserad fysisk aktivitet ska f\u00f6rekomma varje dag i skolan.<\/li>\n<\/ul>\n<p>L\u00e4s v\u00e5rt flygblad om skolan: <a href=\"http:\/\/wp.kristdemokraterna.se\/varnamo\/files\/2022\/06\/val2022_flygblad_skola_webb.pdf\">Val2022_Flygblad_Skola_webb<\/a><\/p>\n\n\t\t<style type=\"text\/css\">\n\t\t\t#gallery-1 {\n\t\t\t\tmargin: auto;\n\t\t\t}\n\t\t\t#gallery-1 .gallery-item {\n\t\t\t\tfloat: left;\n\t\t\t\tmargin-top: 10px;\n\t\t\t\ttext-align: center;\n\t\t\t\twidth: 33%;\n\t\t\t}\n\t\t\t#gallery-1 img {\n\t\t\t\tborder: 2px solid #cfcfcf;\n\t\t\t}\n\t\t\t#gallery-1 .gallery-caption {\n\t\t\t\tmargin-left: 0;\n\t\t\t}\n\t\t\t\/* see gallery_shortcode() in wp-includes\/media.php *\/\n\t\t<\/style>\n\t\t<div id='gallery-1' class='gallery galleryid-9285 gallery-columns-3 gallery-size-thumbnail'><dl class='gallery-item'>\n\t\t\t<dt class='gallery-icon landscape'>\n\t\t\t\t<a href='https:\/\/wp.kristdemokraterna.se\/varnamo\/2022\/06\/10\/redo-for-en-skola-med\/20220611-mezaverde-skola1\/'><img loading=\"lazy\" decoding=\"async\" width=\"150\" height=\"150\" src=\"https:\/\/wp.kristdemokraterna.se\/varnamo\/files\/2022\/06\/20220611_mezaverde_skola1-150x150.jpg\" class=\"attachment-thumbnail size-thumbnail\" alt=\"Redo f\u00f6r en skola med sikte p\u00e5 gemenskap\" aria-describedby=\"gallery-1-9287\" srcset=\"https:\/\/wp.kristdemokraterna.se\/varnamo\/files\/2022\/06\/20220611_mezaverde_skola1-150x150.jpg 150w, https:\/\/wp.kristdemokraterna.se\/varnamo\/files\/2022\/06\/20220611_mezaverde_skola1-90x90.jpg 90w\" sizes=\"auto, (max-width: 150px) 100vw, 150px\" \/><\/a>\n\t\t\t<\/dt>\n\t\t\t\t<dd class='wp-caption-text gallery-caption' id='gallery-1-9287'>\n\t\t\t\tRedo f\u00f6r en skola med sikte p\u00e5 gemenskap\n\t\t\t\t<\/dd><\/dl>\n\t\t\t<br style='clear: both' \/>\n\t\t<\/div>\n\n","protected":false},"excerpt":{"rendered":"<p>Kristdemokraterna V\u00e4rnamo \u00e4r redo f\u00f6r en skola med resurser att m\u00f6ta varje elev utifr\u00e5n dess f\u00f6ruts\u00e4ttningar och behov. Skolan \u00e4r en av de viktigaste platserna i livet. Skolan p\u00e5verkar hela livet. Vi arbetar f\u00f6r en skola d\u00e4r varje barn och elev f\u00e5r utveckla sin fulla potential, till vidare studier, ett meningsfullt yrkesliv och\u00a0 delaktighet i <a class=\"read-more-link\" href=\"https:\/\/wp.kristdemokraterna.se\/varnamo\/2022\/06\/10\/redo-for-en-skola-med\/\">Read More<\/a><\/p>\n","protected":false},"author":412,"featured_media":9638,"comment_status":"closed","ping_status":"closed","sticky":false,"template":"","format":"standard","meta":{"_acf_changed":false,"footnotes":""},"categories":[876],"tags":[253,877,298,36,472,33,177,670],"class_list":["post-9285","post","type-post","status-publish","format-standard","hentry","category-val-2022","tag-kultur","tag-kunskap","tag-larare","tag-naringliv","tag-samhallsgemenskap","tag-skola","tag-trygghet","tag-val"],"acf":[],"yoast_head":"<!-- This site is optimized with the Yoast SEO plugin v27.4 - https:\/\/yoast.com\/product\/yoast-seo-wordpress\/ -->\n<title>Redo f\u00f6r en skola med\u2026 - KRISTDEMOKRATERNA V\u00c4RNAMO<\/title>\n<meta name=\"description\" content=\"Kristdemokraterna V\u00e4rnamo \u00e4r redo f\u00f6r en skola med resurser att m\u00f6ta varje elev utifr\u00e5n dess f\u00f6ruts\u00e4ttningar och behov.\" \/>\n<meta name=\"robots\" content=\"index, follow, max-snippet:-1, max-image-preview:large, max-video-preview:-1\" \/>\n<link rel=\"canonical\" href=\"https:\/\/wp.kristdemokraterna.se\/varnamo\/2022\/06\/10\/redo-for-en-skola-med\/\" \/>\n<meta property=\"og:locale\" content=\"sv_SE\" \/>\n<meta property=\"og:type\" content=\"article\" \/>\n<meta property=\"og:title\" content=\"Redo f\u00f6r en skola med\u2026 - KRISTDEMOKRATERNA V\u00c4RNAMO\" \/>\n<meta property=\"og:description\" content=\"Kristdemokraterna V\u00e4rnamo \u00e4r redo f\u00f6r en skola med resurser att m\u00f6ta varje elev utifr\u00e5n dess f\u00f6ruts\u00e4ttningar och behov.\" \/>\n<meta property=\"og:url\" content=\"https:\/\/wp.kristdemokraterna.se\/varnamo\/2022\/06\/10\/redo-for-en-skola-med\/\" \/>\n<meta property=\"og:site_name\" content=\"KRISTDEMOKRATERNA V\u00c4RNAMO\" \/>\n<meta property=\"article:publisher\" content=\"https:\/\/www.facebook.com\/KDVarnamo\/\" \/>\n<meta property=\"article:published_time\" content=\"2022-06-10T17:07:33+00:00\" \/>\n<meta property=\"article:modified_time\" content=\"2022-06-24T19:46:54+00:00\" \/>\n<meta property=\"og:image\" content=\"http:\/\/wp.kristdemokraterna.se\/varnamo\/files\/2022\/06\/20220611_mezaverde_skola1_innehall.jpg\" \/>\n\t<meta property=\"og:image:width\" content=\"478\" \/>\n\t<meta property=\"og:image:height\" content=\"262\" \/>\n\t<meta property=\"og:image:type\" content=\"image\/jpeg\" \/>\n<meta name=\"author\" content=\"Kristdemokraterna V\u00e4rnamo\" \/>\n<meta name=\"twitter:card\" content=\"summary_large_image\" \/>\n<meta name=\"twitter:image\" content=\"https:\/\/wp.kristdemokraterna.se\/varnamo\/files\/2022\/06\/20220611_mezaverde_skola1_innehall.jpg\" \/>\n<meta name=\"twitter:creator\" content=\"@KDVarnamo\" \/>\n<meta name=\"twitter:site\" content=\"@KDVarnamo\" \/>\n<meta name=\"twitter:label1\" content=\"Skriven av\" \/>\n\t<meta name=\"twitter:data1\" content=\"Kristdemokraterna V\u00e4rnamo\" \/>\n\t<meta name=\"twitter:label2\" content=\"Ber\u00e4knad l\u00e4stid\" \/>\n\t<meta name=\"twitter:data2\" content=\"2 minuter\" \/>\n<script type=\"application\/ld+json\" class=\"yoast-schema-graph\">{\"@context\":\"https:\\\/\\\/schema.org\",\"@graph\":[{\"@type\":\"Article\",\"@id\":\"https:\\\/\\\/wp.kristdemokraterna.se\\\/varnamo\\\/2022\\\/06\\\/10\\\/redo-for-en-skola-med\\\/#article\",\"isPartOf\":{\"@id\":\"https:\\\/\\\/wp.kristdemokraterna.se\\\/varnamo\\\/2022\\\/06\\\/10\\\/redo-for-en-skola-med\\\/\"},\"author\":{\"name\":\"Kristdemokraterna V\u00e4rnamo\",\"@id\":\"https:\\\/\\\/wp.kristdemokraterna.se\\\/varnamo\\\/#\\\/schema\\\/person\\\/4e339ab04d613699e4dfe80a994e01d4\"},\"headline\":\"Redo f\u00f6r en skola med\u2026\",\"datePublished\":\"2022-06-10T17:07:33+00:00\",\"dateModified\":\"2022-06-24T19:46:54+00:00\",\"mainEntityOfPage\":{\"@id\":\"https:\\\/\\\/wp.kristdemokraterna.se\\\/varnamo\\\/2022\\\/06\\\/10\\\/redo-for-en-skola-med\\\/\"},\"wordCount\":330,\"publisher\":{\"@id\":\"https:\\\/\\\/wp.kristdemokraterna.se\\\/varnamo\\\/#organization\"},\"image\":{\"@id\":\"https:\\\/\\\/wp.kristdemokraterna.se\\\/varnamo\\\/2022\\\/06\\\/10\\\/redo-for-en-skola-med\\\/#primaryimage\"},\"thumbnailUrl\":\"https:\\\/\\\/wp.kristdemokraterna.se\\\/varnamo\\\/files\\\/2022\\\/08\\\/kd-logo-blue.png\",\"keywords\":[\"kultur\",\"kunskap\",\"l\u00e4rare\",\"n\u00e4ringsliv\",\"samh\u00e4llsgemenskap\",\"skola\",\"trygghet\",\"val\"],\"articleSection\":[\"Val 2022\"],\"inLanguage\":\"sv-SE\"},{\"@type\":\"WebPage\",\"@id\":\"https:\\\/\\\/wp.kristdemokraterna.se\\\/varnamo\\\/2022\\\/06\\\/10\\\/redo-for-en-skola-med\\\/\",\"url\":\"https:\\\/\\\/wp.kristdemokraterna.se\\\/varnamo\\\/2022\\\/06\\\/10\\\/redo-for-en-skola-med\\\/\",\"name\":\"Redo f\u00f6r en skola med\u2026 - KRISTDEMOKRATERNA V\u00c4RNAMO\",\"isPartOf\":{\"@id\":\"https:\\\/\\\/wp.kristdemokraterna.se\\\/varnamo\\\/#website\"},\"primaryImageOfPage\":{\"@id\":\"https:\\\/\\\/wp.kristdemokraterna.se\\\/varnamo\\\/2022\\\/06\\\/10\\\/redo-for-en-skola-med\\\/#primaryimage\"},\"image\":{\"@id\":\"https:\\\/\\\/wp.kristdemokraterna.se\\\/varnamo\\\/2022\\\/06\\\/10\\\/redo-for-en-skola-med\\\/#primaryimage\"},\"thumbnailUrl\":\"https:\\\/\\\/wp.kristdemokraterna.se\\\/varnamo\\\/files\\\/2022\\\/08\\\/kd-logo-blue.png\",\"datePublished\":\"2022-06-10T17:07:33+00:00\",\"dateModified\":\"2022-06-24T19:46:54+00:00\",\"description\":\"Kristdemokraterna V\u00e4rnamo \u00e4r redo f\u00f6r en skola med resurser att m\u00f6ta varje elev utifr\u00e5n dess f\u00f6ruts\u00e4ttningar och behov.\",\"breadcrumb\":{\"@id\":\"https:\\\/\\\/wp.kristdemokraterna.se\\\/varnamo\\\/2022\\\/06\\\/10\\\/redo-for-en-skola-med\\\/#breadcrumb\"},\"inLanguage\":\"sv-SE\",\"potentialAction\":[{\"@type\":\"ReadAction\",\"target\":[\"https:\\\/\\\/wp.kristdemokraterna.se\\\/varnamo\\\/2022\\\/06\\\/10\\\/redo-for-en-skola-med\\\/\"]}]},{\"@type\":\"ImageObject\",\"inLanguage\":\"sv-SE\",\"@id\":\"https:\\\/\\\/wp.kristdemokraterna.se\\\/varnamo\\\/2022\\\/06\\\/10\\\/redo-for-en-skola-med\\\/#primaryimage\",\"url\":\"https:\\\/\\\/wp.kristdemokraterna.se\\\/varnamo\\\/files\\\/2022\\\/08\\\/kd-logo-blue.png\",\"contentUrl\":\"https:\\\/\\\/wp.kristdemokraterna.se\\\/varnamo\\\/files\\\/2022\\\/08\\\/kd-logo-blue.png\",\"width\":2000,\"height\":2000,\"caption\":\"Kristdemokraternas logotyp\"},{\"@type\":\"BreadcrumbList\",\"@id\":\"https:\\\/\\\/wp.kristdemokraterna.se\\\/varnamo\\\/2022\\\/06\\\/10\\\/redo-for-en-skola-med\\\/#breadcrumb\",\"itemListElement\":[{\"@type\":\"ListItem\",\"position\":1,\"name\":\"Hem\",\"item\":\"https:\\\/\\\/wp.kristdemokraterna.se\\\/varnamo\\\/\"},{\"@type\":\"ListItem\",\"position\":2,\"name\":\"Redo f\u00f6r en skola med\u2026\"}]},{\"@type\":\"WebSite\",\"@id\":\"https:\\\/\\\/wp.kristdemokraterna.se\\\/varnamo\\\/#website\",\"url\":\"https:\\\/\\\/wp.kristdemokraterna.se\\\/varnamo\\\/\",\"name\":\"KRISTDEMOKRATERNA V\u00c4RNAMO\",\"description\":\"Med hj\u00e4rta f\u00f6r V\u00e4rnamo\",\"publisher\":{\"@id\":\"https:\\\/\\\/wp.kristdemokraterna.se\\\/varnamo\\\/#organization\"},\"inLanguage\":\"sv-SE\"},{\"@type\":\"Organization\",\"@id\":\"https:\\\/\\\/wp.kristdemokraterna.se\\\/varnamo\\\/#organization\",\"name\":\"Kristdemokraterna V\u00e4rnamo\",\"url\":\"https:\\\/\\\/wp.kristdemokraterna.se\\\/varnamo\\\/\",\"logo\":{\"@type\":\"ImageObject\",\"inLanguage\":\"sv-SE\",\"@id\":\"https:\\\/\\\/wp.kristdemokraterna.se\\\/varnamo\\\/#\\\/schema\\\/logo\\\/image\\\/\",\"url\":\"https:\\\/\\\/wp.kristdemokraterna.se\\\/varnamo\\\/files\\\/2022\\\/08\\\/va\u2560ernamo-sida-bla-300dpi.png\",\"contentUrl\":\"https:\\\/\\\/wp.kristdemokraterna.se\\\/varnamo\\\/files\\\/2022\\\/08\\\/va\u2560ernamo-sida-bla-300dpi.png\",\"width\":1485,\"height\":681,\"caption\":\"Kristdemokraterna V\u00e4rnamo\"},\"image\":{\"@id\":\"https:\\\/\\\/wp.kristdemokraterna.se\\\/varnamo\\\/#\\\/schema\\\/logo\\\/image\\\/\"},\"sameAs\":[\"https:\\\/\\\/www.facebook.com\\\/KDVarnamo\\\/\",\"https:\\\/\\\/x.com\\\/KDVarnamo\",\"https:\\\/\\\/www.instagram.com\\\/\",\"https:\\\/\\\/www.youtube.com\\\/user\\\/studiokd\\\/videos\"]},{\"@type\":\"Person\",\"@id\":\"https:\\\/\\\/wp.kristdemokraterna.se\\\/varnamo\\\/#\\\/schema\\\/person\\\/4e339ab04d613699e4dfe80a994e01d4\",\"name\":\"Kristdemokraterna V\u00e4rnamo\",\"image\":{\"@type\":\"ImageObject\",\"inLanguage\":\"sv-SE\",\"@id\":\"https:\\\/\\\/secure.gravatar.com\\\/avatar\\\/c122e48c7723992af51eb155eeaa93db3c1fa324e3fc6ec45dd712c812809b5b?s=96&r=g\",\"url\":\"https:\\\/\\\/secure.gravatar.com\\\/avatar\\\/c122e48c7723992af51eb155eeaa93db3c1fa324e3fc6ec45dd712c812809b5b?s=96&r=g\",\"contentUrl\":\"https:\\\/\\\/secure.gravatar.com\\\/avatar\\\/c122e48c7723992af51eb155eeaa93db3c1fa324e3fc6ec45dd712c812809b5b?s=96&r=g\",\"caption\":\"Kristdemokraterna V\u00e4rnamo\"},\"description\":\"Familjens r\u00f6st\",\"sameAs\":[\"http:\\\/\\\/www.varnamo.kristdemokraterna.se\"],\"url\":\"https:\\\/\\\/wp.kristdemokraterna.se\\\/varnamo\\\/author\\\/varnamo\\\/\"}]}<\/script>\n<!-- \/ Yoast SEO plugin. -->","yoast_head_json":{"title":"Redo f\u00f6r en skola med\u2026 - KRISTDEMOKRATERNA V\u00c4RNAMO","description":"Kristdemokraterna V\u00e4rnamo \u00e4r redo f\u00f6r en skola med resurser att m\u00f6ta varje elev utifr\u00e5n dess f\u00f6ruts\u00e4ttningar och behov.","robots":{"index":"index","follow":"follow","max-snippet":"max-snippet:-1","max-image-preview":"max-image-preview:large","max-video-preview":"max-video-preview:-1"},"canonical":"https:\/\/wp.kristdemokraterna.se\/varnamo\/2022\/06\/10\/redo-for-en-skola-med\/","og_locale":"sv_SE","og_type":"article","og_title":"Redo f\u00f6r en skola med\u2026 - KRISTDEMOKRATERNA V\u00c4RNAMO","og_description":"Kristdemokraterna V\u00e4rnamo \u00e4r redo f\u00f6r en skola med resurser att m\u00f6ta varje elev utifr\u00e5n dess f\u00f6ruts\u00e4ttningar och behov.","og_url":"https:\/\/wp.kristdemokraterna.se\/varnamo\/2022\/06\/10\/redo-for-en-skola-med\/","og_site_name":"KRISTDEMOKRATERNA V\u00c4RNAMO","article_publisher":"https:\/\/www.facebook.com\/KDVarnamo\/","article_published_time":"2022-06-10T17:07:33+00:00","article_modified_time":"2022-06-24T19:46:54+00:00","og_image":[{"width":478,"height":262,"url":"http:\/\/wp.kristdemokraterna.se\/varnamo\/files\/2022\/06\/20220611_mezaverde_skola1_innehall.jpg","type":"image\/jpeg"}],"author":"Kristdemokraterna V\u00e4rnamo","twitter_card":"summary_large_image","twitter_image":"https:\/\/wp.kristdemokraterna.se\/varnamo\/files\/2022\/06\/20220611_mezaverde_skola1_innehall.jpg","twitter_creator":"@KDVarnamo","twitter_site":"@KDVarnamo","twitter_misc":{"Skriven av":"Kristdemokraterna V\u00e4rnamo","Ber\u00e4knad l\u00e4stid":"2 minuter"},"schema":{"@context":"https:\/\/schema.org","@graph":[{"@type":"Article","@id":"https:\/\/wp.kristdemokraterna.se\/varnamo\/2022\/06\/10\/redo-for-en-skola-med\/#article","isPartOf":{"@id":"https:\/\/wp.kristdemokraterna.se\/varnamo\/2022\/06\/10\/redo-for-en-skola-med\/"},"author":{"name":"Kristdemokraterna V\u00e4rnamo","@id":"https:\/\/wp.kristdemokraterna.se\/varnamo\/#\/schema\/person\/4e339ab04d613699e4dfe80a994e01d4"},"headline":"Redo f\u00f6r en skola med\u2026","datePublished":"2022-06-10T17:07:33+00:00","dateModified":"2022-06-24T19:46:54+00:00","mainEntityOfPage":{"@id":"https:\/\/wp.kristdemokraterna.se\/varnamo\/2022\/06\/10\/redo-for-en-skola-med\/"},"wordCount":330,"publisher":{"@id":"https:\/\/wp.kristdemokraterna.se\/varnamo\/#organization"},"image":{"@id":"https:\/\/wp.kristdemokraterna.se\/varnamo\/2022\/06\/10\/redo-for-en-skola-med\/#primaryimage"},"thumbnailUrl":"https:\/\/wp.kristdemokraterna.se\/varnamo\/files\/2022\/08\/kd-logo-blue.png","keywords":["kultur","kunskap","l\u00e4rare","n\u00e4ringsliv","samh\u00e4llsgemenskap","skola","trygghet","val"],"articleSection":["Val 2022"],"inLanguage":"sv-SE"},{"@type":"WebPage","@id":"https:\/\/wp.kristdemokraterna.se\/varnamo\/2022\/06\/10\/redo-for-en-skola-med\/","url":"https:\/\/wp.kristdemokraterna.se\/varnamo\/2022\/06\/10\/redo-for-en-skola-med\/","name":"Redo f\u00f6r en skola med\u2026 - KRISTDEMOKRATERNA V\u00c4RNAMO","isPartOf":{"@id":"https:\/\/wp.kristdemokraterna.se\/varnamo\/#website"},"primaryImageOfPage":{"@id":"https:\/\/wp.kristdemokraterna.se\/varnamo\/2022\/06\/10\/redo-for-en-skola-med\/#primaryimage"},"image":{"@id":"https:\/\/wp.kristdemokraterna.se\/varnamo\/2022\/06\/10\/redo-for-en-skola-med\/#primaryimage"},"thumbnailUrl":"https:\/\/wp.kristdemokraterna.se\/varnamo\/files\/2022\/08\/kd-logo-blue.png","datePublished":"2022-06-10T17:07:33+00:00","dateModified":"2022-06-24T19:46:54+00:00","description":"Kristdemokraterna V\u00e4rnamo \u00e4r redo f\u00f6r en skola med resurser att m\u00f6ta varje elev utifr\u00e5n dess f\u00f6ruts\u00e4ttningar och behov.","breadcrumb":{"@id":"https:\/\/wp.kristdemokraterna.se\/varnamo\/2022\/06\/10\/redo-for-en-skola-med\/#breadcrumb"},"inLanguage":"sv-SE","potentialAction":[{"@type":"ReadAction","target":["https:\/\/wp.kristdemokraterna.se\/varnamo\/2022\/06\/10\/redo-for-en-skola-med\/"]}]},{"@type":"ImageObject","inLanguage":"sv-SE","@id":"https:\/\/wp.kristdemokraterna.se\/varnamo\/2022\/06\/10\/redo-for-en-skola-med\/#primaryimage","url":"https:\/\/wp.kristdemokraterna.se\/varnamo\/files\/2022\/08\/kd-logo-blue.png","contentUrl":"https:\/\/wp.kristdemokraterna.se\/varnamo\/files\/2022\/08\/kd-logo-blue.png","width":2000,"height":2000,"caption":"Kristdemokraternas logotyp"},{"@type":"BreadcrumbList","@id":"https:\/\/wp.kristdemokraterna.se\/varnamo\/2022\/06\/10\/redo-for-en-skola-med\/#breadcrumb","itemListElement":[{"@type":"ListItem","position":1,"name":"Hem","item":"https:\/\/wp.kristdemokraterna.se\/varnamo\/"},{"@type":"ListItem","position":2,"name":"Redo f\u00f6r en skola med\u2026"}]},{"@type":"WebSite","@id":"https:\/\/wp.kristdemokraterna.se\/varnamo\/#website","url":"https:\/\/wp.kristdemokraterna.se\/varnamo\/","name":"KRISTDEMOKRATERNA V\u00c4RNAMO","description":"Med hj\u00e4rta f\u00f6r V\u00e4rnamo","publisher":{"@id":"https:\/\/wp.kristdemokraterna.se\/varnamo\/#organization"},"inLanguage":"sv-SE"},{"@type":"Organization","@id":"https:\/\/wp.kristdemokraterna.se\/varnamo\/#organization","name":"Kristdemokraterna V\u00e4rnamo","url":"https:\/\/wp.kristdemokraterna.se\/varnamo\/","logo":{"@type":"ImageObject","inLanguage":"sv-SE","@id":"https:\/\/wp.kristdemokraterna.se\/varnamo\/#\/schema\/logo\/image\/","url":"https:\/\/wp.kristdemokraterna.se\/varnamo\/files\/2022\/08\/va\u2560ernamo-sida-bla-300dpi.png","contentUrl":"https:\/\/wp.kristdemokraterna.se\/varnamo\/files\/2022\/08\/va\u2560ernamo-sida-bla-300dpi.png","width":1485,"height":681,"caption":"Kristdemokraterna V\u00e4rnamo"},"image":{"@id":"https:\/\/wp.kristdemokraterna.se\/varnamo\/#\/schema\/logo\/image\/"},"sameAs":["https:\/\/www.facebook.com\/KDVarnamo\/","https:\/\/x.com\/KDVarnamo","https:\/\/www.instagram.com\/","https:\/\/www.youtube.com\/user\/studiokd\/videos"]},{"@type":"Person","@id":"https:\/\/wp.kristdemokraterna.se\/varnamo\/#\/schema\/person\/4e339ab04d613699e4dfe80a994e01d4","name":"Kristdemokraterna V\u00e4rnamo","image":{"@type":"ImageObject","inLanguage":"sv-SE","@id":"https:\/\/secure.gravatar.com\/avatar\/c122e48c7723992af51eb155eeaa93db3c1fa324e3fc6ec45dd712c812809b5b?s=96&r=g","url":"https:\/\/secure.gravatar.com\/avatar\/c122e48c7723992af51eb155eeaa93db3c1fa324e3fc6ec45dd712c812809b5b?s=96&r=g","contentUrl":"https:\/\/secure.gravatar.com\/avatar\/c122e48c7723992af51eb155eeaa93db3c1fa324e3fc6ec45dd712c812809b5b?s=96&r=g","caption":"Kristdemokraterna V\u00e4rnamo"},"description":"Familjens r\u00f6st","sameAs":["http:\/\/www.varnamo.kristdemokraterna.se"],"url":"https:\/\/wp.kristdemokraterna.se\/varnamo\/author\/varnamo\/"}]}},"_links":{"self":[{"href":"https:\/\/wp.kristdemokraterna.se\/varnamo\/wp-json\/wp\/v2\/posts\/9285","targetHints":{"allow":["GET"]}}],"collection":[{"href":"https:\/\/wp.kristdemokraterna.se\/varnamo\/wp-json\/wp\/v2\/posts"}],"about":[{"href":"https:\/\/wp.kristdemokraterna.se\/varnamo\/wp-json\/wp\/v2\/types\/post"}],"author":[{"embeddable":true,"href":"https:\/\/wp.kristdemokraterna.se\/varnamo\/wp-json\/wp\/v2\/users\/412"}],"replies":[{"embeddable":true,"href":"https:\/\/wp.kristdemokraterna.se\/varnamo\/wp-json\/wp\/v2\/comments?post=9285"}],"version-history":[{"count":6,"href":"https:\/\/wp.kristdemokraterna.se\/varnamo\/wp-json\/wp\/v2\/posts\/9285\/revisions"}],"predecessor-version":[{"id":9370,"href":"https:\/\/wp.kristdemokraterna.se\/varnamo\/wp-json\/wp\/v2\/posts\/9285\/revisions\/9370"}],"wp:featuredmedia":[{"embeddable":true,"href":"https:\/\/wp.kristdemokraterna.se\/varnamo\/wp-json\/wp\/v2\/media\/9638"}],"wp:attachment":[{"href":"https:\/\/wp.kristdemokraterna.se\/varnamo\/wp-json\/wp\/v2\/media?parent=9285"}],"wp:term":[{"taxonomy":"category","embeddable":true,"href":"https:\/\/wp.kristdemokraterna.se\/varnamo\/wp-json\/wp\/v2\/categories?post=9285"},{"taxonomy":"post_tag","embeddable":true,"href":"https:\/\/wp.kristdemokraterna.se\/varnamo\/wp-json\/wp\/v2\/tags?post=9285"}],"curies":[{"name":"wp","href":"https:\/\/api.w.org\/{rel}","templated":true}]}}