{"id":9644,"date":"2022-08-09T20:43:57","date_gmt":"2022-08-09T18:43:57","guid":{"rendered":"https:\/\/wp.kristdemokraterna.se\/varnamo\/?p=9644"},"modified":"2022-08-20T21:43:01","modified_gmt":"2022-08-20T19:43:01","slug":"bra-aldreomsorg-kan-bli-battre","status":"publish","type":"post","link":"https:\/\/wp.kristdemokraterna.se\/varnamo\/2022\/08\/09\/bra-aldreomsorg-kan-bli-battre\/","title":{"rendered":"Bra \u00e4ldreomsorg kan bli b\u00e4ttre!"},"content":{"rendered":"<p><em>Bra \u00e4ldreomsorg kan bli b\u00e4ttre. N\u00e4r v\u00e5r representant i Omsorgsn\u00e4mnden, Margareta Lindahl, l\u00e4ste om Socialstyrelsens rapport om hur \u00e4ldreomsorgen utvecklats i v\u00e5r kommun under pandemin blev det en v\u00e4ckarklocka. D\u00e5 satte hon sig ner och skrev en ins\u00e4ndare.<\/em><\/p>\n<hr \/>\n<p><!--more--><\/p>\n<h2>Bra \u00e4ldreomsorg kan bli b\u00e4ttre!<\/h2>\n<p>Trots att V\u00e4rnamo kommun har en v\u00e5rd och omsorg att vara stolta \u00f6ver, finns enligt Socialstyrelsens \u00e5rliga rapport och i j\u00e4mf\u00f6relse med \u00f6vriga kommuner i l\u00e4net ett uppenbart underbetyg. F\u00f6rvaltningen har p\u00e5 bred front nu antagit en utmaning i att f\u00f6rb\u00e4ttra upplevelse och n\u00f6jdhet \u00f6ver erh\u00e5llna omsorgsinsatser. Ett omfattande arbete p\u00e5g\u00e5r med organisations\u00f6versyn av strukturfr\u00e5gor: bemanning, arbetsmilj\u00f6fr\u00e5gor och kompetensfr\u00e5gor. F\u00f6rhoppningsvis kommer n\u00e4sta \u00e5rsrapport visa b\u00e4ttre resultat.<\/p>\n<p>I n\u00e5gra av mina personliga funderingar i det p\u00e5g\u00e5ende f\u00f6rb\u00e4ttringsarbetet finns tankar och f\u00f6rslag:<\/p>\n<ul>\n<li>Att v\u00e5r personal f\u00e5r redskap att att kunna vara stolta \u00f6ver den v\u00e5rd och omsorg man ger, k\u00e4nna engagemang och arbetsgl\u00e4dje och stanna kvar p\u00e5 sin arbetsplats. Bort med delade turer. Det \u00e4r h\u00f6g tid att arbeta professionellt.<\/li>\n<li>F\u00e5 bort minutstyrda omsorgsinsatser \u2013 hj\u00e4rta och hj\u00e4rna m\u00e5ste f\u00e5 samarbeta.<\/li>\n<li>Att v\u00e5ra medborgare mer s\u00e4tts i fokus och med mindre fokus p\u00e5 organisation \u2013 riv alla stupr\u00f6r.<\/li>\n<li>Att ta vara p\u00e5 \u201dkunskaps\u00f6verskott\u201d genom att matcha undersk\u00f6terskors utbildning mot arbetsinsatser, exempelvis separera servicetj\u00e4nster som st\u00e4d, tv\u00e4tt med mera.<\/li>\n<li>Mer fokus p\u00e5 h\u00e4lsofr\u00e4mjande insatser.<\/li>\n<li>St\u00f6dja och avlasta anh\u00f6riga<\/li>\n<\/ul>\n<p style=\"text-align: right\"><em>Margareta Lindahl, KD<\/em><\/p>\n<hr \/>\n<p>Publicerad:<\/p>\n<ul>\n<li>2022-08-09: V\u00e4rnamo.nu<\/li>\n<\/ul>\n\n\t\t<style type=\"text\/css\">\n\t\t\t#gallery-1 {\n\t\t\t\tmargin: auto;\n\t\t\t}\n\t\t\t#gallery-1 .gallery-item {\n\t\t\t\tfloat: left;\n\t\t\t\tmargin-top: 10px;\n\t\t\t\ttext-align: center;\n\t\t\t\twidth: 33%;\n\t\t\t}\n\t\t\t#gallery-1 img {\n\t\t\t\tborder: 2px solid #cfcfcf;\n\t\t\t}\n\t\t\t#gallery-1 .gallery-caption {\n\t\t\t\tmargin-left: 0;\n\t\t\t}\n\t\t\t\/* see gallery_shortcode() in wp-includes\/media.php *\/\n\t\t<\/style>\n\t\t<div id='gallery-1' class='gallery galleryid-9644 gallery-columns-3 gallery-size-thumbnail'><dl class='gallery-item'>\n\t\t\t<dt class='gallery-icon landscape'>\n\t\t\t\t<a href='https:\/\/wp.kristdemokraterna.se\/varnamo\/2022\/08\/09\/bra-aldreomsorg-kan-bli-battre\/margareta-lindahl-2022-innehall\/'><img loading=\"lazy\" decoding=\"async\" width=\"150\" height=\"150\" src=\"https:\/\/wp.kristdemokraterna.se\/varnamo\/files\/2022\/08\/margareta_lindahl_2022_innehall-150x150.jpg\" class=\"attachment-thumbnail size-thumbnail\" alt=\"Margareta Lindahl, Kristdemokraterna V\u00e4rnamo. (Foto: Fotograf Magdalena)\" aria-describedby=\"gallery-1-9645\" srcset=\"https:\/\/wp.kristdemokraterna.se\/varnamo\/files\/2022\/08\/margareta_lindahl_2022_innehall-150x150.jpg 150w, https:\/\/wp.kristdemokraterna.se\/varnamo\/files\/2022\/08\/margareta_lindahl_2022_innehall-90x90.jpg 90w\" sizes=\"auto, (max-width: 150px) 100vw, 150px\" \/><\/a>\n\t\t\t<\/dt>\n\t\t\t\t<dd class='wp-caption-text gallery-caption' id='gallery-1-9645'>\n\t\t\t\tMargareta Lindahl, Kristdemokraterna V\u00e4rnamo. (Foto: Fotograf Magdalena)\n\t\t\t\t<\/dd><\/dl>\n\t\t\t<br style='clear: both' \/>\n\t\t<\/div>\n\n","protected":false},"excerpt":{"rendered":"<p>Bra \u00e4ldreomsorg kan bli b\u00e4ttre. N\u00e4r v\u00e5r representant i Omsorgsn\u00e4mnden, Margareta Lindahl, l\u00e4ste om Socialstyrelsens rapport om hur \u00e4ldreomsorgen utvecklats i v\u00e5r kommun under pandemin blev det en v\u00e4ckarklocka. D\u00e5 satte hon sig ner och skrev en ins\u00e4ndare.<\/p>\n","protected":false},"author":412,"featured_media":9638,"comment_status":"closed","ping_status":"closed","sticky":false,"template":"","format":"standard","meta":{"_acf_changed":false,"footnotes":""},"categories":[12],"tags":[40,883,73,299,110,607,241],"class_list":["post-9644","post","type-post","status-publish","format-standard","hentry","category-debatt","tag-aldreomsorg","tag-arbetsmiljo","tag-insandare","tag-kompetens","tag-margareta-lindahl","tag-omsorgsnamnden","tag-vard"],"acf":[],"yoast_head":"<!-- This site is optimized with the Yoast SEO plugin v27.5 - https:\/\/yoast.com\/product\/yoast-seo-wordpress\/ -->\n<title>Bra \u00e4ldreomsorg kan bli b\u00e4ttre! - KRISTDEMOKRATERNA V\u00c4RNAMO<\/title>\n<meta name=\"description\" content=\"N\u00e4r Margareta Lindahl (KD) l\u00e4ste om hur \u00e4ldreomsorgen utvecklats i v\u00e5r kommun skrev hon en ins\u00e4ndare: Bra \u00e4ldreomsorg kan bli b\u00e4ttre\" \/>\n<meta name=\"robots\" content=\"index, follow, max-snippet:-1, max-image-preview:large, max-video-preview:-1\" \/>\n<link rel=\"canonical\" href=\"https:\/\/wp.kristdemokraterna.se\/varnamo\/2022\/08\/09\/bra-aldreomsorg-kan-bli-battre\/\" \/>\n<meta property=\"og:locale\" content=\"sv_SE\" \/>\n<meta property=\"og:type\" content=\"article\" \/>\n<meta property=\"og:title\" content=\"Bra \u00e4ldreomsorg kan bli b\u00e4ttre! - KRISTDEMOKRATERNA V\u00c4RNAMO\" \/>\n<meta property=\"og:description\" content=\"N\u00e4r Margareta Lindahl (KD) l\u00e4ste om hur \u00e4ldreomsorgen utvecklats i v\u00e5r kommun skrev hon en ins\u00e4ndare: Bra \u00e4ldreomsorg kan bli b\u00e4ttre\" \/>\n<meta property=\"og:url\" content=\"https:\/\/wp.kristdemokraterna.se\/varnamo\/2022\/08\/09\/bra-aldreomsorg-kan-bli-battre\/\" \/>\n<meta property=\"og:site_name\" content=\"KRISTDEMOKRATERNA V\u00c4RNAMO\" \/>\n<meta property=\"article:publisher\" content=\"https:\/\/www.facebook.com\/KDVarnamo\/\" \/>\n<meta property=\"article:published_time\" content=\"2022-08-09T18:43:57+00:00\" \/>\n<meta property=\"article:modified_time\" content=\"2022-08-20T19:43:01+00:00\" \/>\n<meta property=\"og:image\" content=\"http:\/\/wp.kristdemokraterna.se\/varnamo\/files\/2022\/08\/margareta_lindahl_2022_innehall.jpg\" \/>\n\t<meta property=\"og:image:width\" content=\"478\" \/>\n\t<meta property=\"og:image:height\" content=\"262\" \/>\n\t<meta property=\"og:image:type\" content=\"image\/jpeg\" \/>\n<meta name=\"author\" content=\"Kristdemokraterna V\u00e4rnamo\" \/>\n<meta name=\"twitter:card\" content=\"summary_large_image\" \/>\n<meta name=\"twitter:image\" content=\"https:\/\/wp.kristdemokraterna.se\/varnamo\/files\/2022\/08\/margareta_lindahl_2022_innehall.jpg\" \/>\n<meta name=\"twitter:creator\" content=\"@KDVarnamo\" \/>\n<meta name=\"twitter:site\" content=\"@KDVarnamo\" \/>\n<meta name=\"twitter:label1\" content=\"Skriven av\" \/>\n\t<meta name=\"twitter:data1\" content=\"Kristdemokraterna V\u00e4rnamo\" \/>\n\t<meta name=\"twitter:label2\" content=\"Ber\u00e4knad l\u00e4stid\" \/>\n\t<meta name=\"twitter:data2\" content=\"2 minuter\" \/>\n<script type=\"application\/ld+json\" class=\"yoast-schema-graph\">{\"@context\":\"https:\\\/\\\/schema.org\",\"@graph\":[{\"@type\":\"Article\",\"@id\":\"https:\\\/\\\/wp.kristdemokraterna.se\\\/varnamo\\\/2022\\\/08\\\/09\\\/bra-aldreomsorg-kan-bli-battre\\\/#article\",\"isPartOf\":{\"@id\":\"https:\\\/\\\/wp.kristdemokraterna.se\\\/varnamo\\\/2022\\\/08\\\/09\\\/bra-aldreomsorg-kan-bli-battre\\\/\"},\"author\":{\"name\":\"Kristdemokraterna V\u00e4rnamo\",\"@id\":\"https:\\\/\\\/wp.kristdemokraterna.se\\\/varnamo\\\/#\\\/schema\\\/person\\\/4e339ab04d613699e4dfe80a994e01d4\"},\"headline\":\"Bra \u00e4ldreomsorg kan bli b\u00e4ttre!\",\"datePublished\":\"2022-08-09T18:43:57+00:00\",\"dateModified\":\"2022-08-20T19:43:01+00:00\",\"mainEntityOfPage\":{\"@id\":\"https:\\\/\\\/wp.kristdemokraterna.se\\\/varnamo\\\/2022\\\/08\\\/09\\\/bra-aldreomsorg-kan-bli-battre\\\/\"},\"wordCount\":291,\"publisher\":{\"@id\":\"https:\\\/\\\/wp.kristdemokraterna.se\\\/varnamo\\\/#organization\"},\"image\":{\"@id\":\"https:\\\/\\\/wp.kristdemokraterna.se\\\/varnamo\\\/2022\\\/08\\\/09\\\/bra-aldreomsorg-kan-bli-battre\\\/#primaryimage\"},\"thumbnailUrl\":\"https:\\\/\\\/wp.kristdemokraterna.se\\\/varnamo\\\/files\\\/2022\\\/08\\\/kd-logo-blue.png\",\"keywords\":[\"\u00e4ldreomsorg\",\"arbetsmilj\u00f6\",\"ins\u00e4ndare\",\"kompetens\",\"Margareta Lindahl\",\"Omsorgsn\u00e4mnden\",\"v\u00e5rd\"],\"articleSection\":[\"Debatt\"],\"inLanguage\":\"sv-SE\"},{\"@type\":\"WebPage\",\"@id\":\"https:\\\/\\\/wp.kristdemokraterna.se\\\/varnamo\\\/2022\\\/08\\\/09\\\/bra-aldreomsorg-kan-bli-battre\\\/\",\"url\":\"https:\\\/\\\/wp.kristdemokraterna.se\\\/varnamo\\\/2022\\\/08\\\/09\\\/bra-aldreomsorg-kan-bli-battre\\\/\",\"name\":\"Bra \u00e4ldreomsorg kan bli b\u00e4ttre! - KRISTDEMOKRATERNA V\u00c4RNAMO\",\"isPartOf\":{\"@id\":\"https:\\\/\\\/wp.kristdemokraterna.se\\\/varnamo\\\/#website\"},\"primaryImageOfPage\":{\"@id\":\"https:\\\/\\\/wp.kristdemokraterna.se\\\/varnamo\\\/2022\\\/08\\\/09\\\/bra-aldreomsorg-kan-bli-battre\\\/#primaryimage\"},\"image\":{\"@id\":\"https:\\\/\\\/wp.kristdemokraterna.se\\\/varnamo\\\/2022\\\/08\\\/09\\\/bra-aldreomsorg-kan-bli-battre\\\/#primaryimage\"},\"thumbnailUrl\":\"https:\\\/\\\/wp.kristdemokraterna.se\\\/varnamo\\\/files\\\/2022\\\/08\\\/kd-logo-blue.png\",\"datePublished\":\"2022-08-09T18:43:57+00:00\",\"dateModified\":\"2022-08-20T19:43:01+00:00\",\"description\":\"N\u00e4r Margareta Lindahl (KD) l\u00e4ste om hur \u00e4ldreomsorgen utvecklats i v\u00e5r kommun skrev hon en ins\u00e4ndare: Bra \u00e4ldreomsorg kan bli b\u00e4ttre\",\"breadcrumb\":{\"@id\":\"https:\\\/\\\/wp.kristdemokraterna.se\\\/varnamo\\\/2022\\\/08\\\/09\\\/bra-aldreomsorg-kan-bli-battre\\\/#breadcrumb\"},\"inLanguage\":\"sv-SE\",\"potentialAction\":[{\"@type\":\"ReadAction\",\"target\":[\"https:\\\/\\\/wp.kristdemokraterna.se\\\/varnamo\\\/2022\\\/08\\\/09\\\/bra-aldreomsorg-kan-bli-battre\\\/\"]}]},{\"@type\":\"ImageObject\",\"inLanguage\":\"sv-SE\",\"@id\":\"https:\\\/\\\/wp.kristdemokraterna.se\\\/varnamo\\\/2022\\\/08\\\/09\\\/bra-aldreomsorg-kan-bli-battre\\\/#primaryimage\",\"url\":\"https:\\\/\\\/wp.kristdemokraterna.se\\\/varnamo\\\/files\\\/2022\\\/08\\\/kd-logo-blue.png\",\"contentUrl\":\"https:\\\/\\\/wp.kristdemokraterna.se\\\/varnamo\\\/files\\\/2022\\\/08\\\/kd-logo-blue.png\",\"width\":2000,\"height\":2000,\"caption\":\"Kristdemokraternas logotyp\"},{\"@type\":\"BreadcrumbList\",\"@id\":\"https:\\\/\\\/wp.kristdemokraterna.se\\\/varnamo\\\/2022\\\/08\\\/09\\\/bra-aldreomsorg-kan-bli-battre\\\/#breadcrumb\",\"itemListElement\":[{\"@type\":\"ListItem\",\"position\":1,\"name\":\"Hem\",\"item\":\"https:\\\/\\\/wp.kristdemokraterna.se\\\/varnamo\\\/\"},{\"@type\":\"ListItem\",\"position\":2,\"name\":\"Bra \u00e4ldreomsorg kan bli b\u00e4ttre!\"}]},{\"@type\":\"WebSite\",\"@id\":\"https:\\\/\\\/wp.kristdemokraterna.se\\\/varnamo\\\/#website\",\"url\":\"https:\\\/\\\/wp.kristdemokraterna.se\\\/varnamo\\\/\",\"name\":\"KRISTDEMOKRATERNA V\u00c4RNAMO\",\"description\":\"Med hj\u00e4rta f\u00f6r V\u00e4rnamo\",\"publisher\":{\"@id\":\"https:\\\/\\\/wp.kristdemokraterna.se\\\/varnamo\\\/#organization\"},\"inLanguage\":\"sv-SE\"},{\"@type\":\"Organization\",\"@id\":\"https:\\\/\\\/wp.kristdemokraterna.se\\\/varnamo\\\/#organization\",\"name\":\"Kristdemokraterna V\u00e4rnamo\",\"url\":\"https:\\\/\\\/wp.kristdemokraterna.se\\\/varnamo\\\/\",\"logo\":{\"@type\":\"ImageObject\",\"inLanguage\":\"sv-SE\",\"@id\":\"https:\\\/\\\/wp.kristdemokraterna.se\\\/varnamo\\\/#\\\/schema\\\/logo\\\/image\\\/\",\"url\":\"https:\\\/\\\/wp.kristdemokraterna.se\\\/varnamo\\\/files\\\/2022\\\/08\\\/va\u2560ernamo-sida-bla-300dpi.png\",\"contentUrl\":\"https:\\\/\\\/wp.kristdemokraterna.se\\\/varnamo\\\/files\\\/2022\\\/08\\\/va\u2560ernamo-sida-bla-300dpi.png\",\"width\":1485,\"height\":681,\"caption\":\"Kristdemokraterna V\u00e4rnamo\"},\"image\":{\"@id\":\"https:\\\/\\\/wp.kristdemokraterna.se\\\/varnamo\\\/#\\\/schema\\\/logo\\\/image\\\/\"},\"sameAs\":[\"https:\\\/\\\/www.facebook.com\\\/KDVarnamo\\\/\",\"https:\\\/\\\/x.com\\\/KDVarnamo\",\"https:\\\/\\\/www.instagram.com\\\/\",\"https:\\\/\\\/www.youtube.com\\\/user\\\/studiokd\\\/videos\"]},{\"@type\":\"Person\",\"@id\":\"https:\\\/\\\/wp.kristdemokraterna.se\\\/varnamo\\\/#\\\/schema\\\/person\\\/4e339ab04d613699e4dfe80a994e01d4\",\"name\":\"Kristdemokraterna V\u00e4rnamo\",\"image\":{\"@type\":\"ImageObject\",\"inLanguage\":\"sv-SE\",\"@id\":\"https:\\\/\\\/secure.gravatar.com\\\/avatar\\\/c122e48c7723992af51eb155eeaa93db3c1fa324e3fc6ec45dd712c812809b5b?s=96&r=g\",\"url\":\"https:\\\/\\\/secure.gravatar.com\\\/avatar\\\/c122e48c7723992af51eb155eeaa93db3c1fa324e3fc6ec45dd712c812809b5b?s=96&r=g\",\"contentUrl\":\"https:\\\/\\\/secure.gravatar.com\\\/avatar\\\/c122e48c7723992af51eb155eeaa93db3c1fa324e3fc6ec45dd712c812809b5b?s=96&r=g\",\"caption\":\"Kristdemokraterna V\u00e4rnamo\"},\"description\":\"Familjens r\u00f6st\",\"sameAs\":[\"http:\\\/\\\/www.varnamo.kristdemokraterna.se\"],\"url\":\"https:\\\/\\\/wp.kristdemokraterna.se\\\/varnamo\\\/author\\\/varnamo\\\/\"}]}<\/script>\n<!-- \/ Yoast SEO plugin. -->","yoast_head_json":{"title":"Bra \u00e4ldreomsorg kan bli b\u00e4ttre! - KRISTDEMOKRATERNA V\u00c4RNAMO","description":"N\u00e4r Margareta Lindahl (KD) l\u00e4ste om hur \u00e4ldreomsorgen utvecklats i v\u00e5r kommun skrev hon en ins\u00e4ndare: Bra \u00e4ldreomsorg kan bli b\u00e4ttre","robots":{"index":"index","follow":"follow","max-snippet":"max-snippet:-1","max-image-preview":"max-image-preview:large","max-video-preview":"max-video-preview:-1"},"canonical":"https:\/\/wp.kristdemokraterna.se\/varnamo\/2022\/08\/09\/bra-aldreomsorg-kan-bli-battre\/","og_locale":"sv_SE","og_type":"article","og_title":"Bra \u00e4ldreomsorg kan bli b\u00e4ttre! - KRISTDEMOKRATERNA V\u00c4RNAMO","og_description":"N\u00e4r Margareta Lindahl (KD) l\u00e4ste om hur \u00e4ldreomsorgen utvecklats i v\u00e5r kommun skrev hon en ins\u00e4ndare: Bra \u00e4ldreomsorg kan bli b\u00e4ttre","og_url":"https:\/\/wp.kristdemokraterna.se\/varnamo\/2022\/08\/09\/bra-aldreomsorg-kan-bli-battre\/","og_site_name":"KRISTDEMOKRATERNA V\u00c4RNAMO","article_publisher":"https:\/\/www.facebook.com\/KDVarnamo\/","article_published_time":"2022-08-09T18:43:57+00:00","article_modified_time":"2022-08-20T19:43:01+00:00","og_image":[{"width":478,"height":262,"url":"http:\/\/wp.kristdemokraterna.se\/varnamo\/files\/2022\/08\/margareta_lindahl_2022_innehall.jpg","type":"image\/jpeg"}],"author":"Kristdemokraterna V\u00e4rnamo","twitter_card":"summary_large_image","twitter_image":"https:\/\/wp.kristdemokraterna.se\/varnamo\/files\/2022\/08\/margareta_lindahl_2022_innehall.jpg","twitter_creator":"@KDVarnamo","twitter_site":"@KDVarnamo","twitter_misc":{"Skriven av":"Kristdemokraterna V\u00e4rnamo","Ber\u00e4knad l\u00e4stid":"2 minuter"},"schema":{"@context":"https:\/\/schema.org","@graph":[{"@type":"Article","@id":"https:\/\/wp.kristdemokraterna.se\/varnamo\/2022\/08\/09\/bra-aldreomsorg-kan-bli-battre\/#article","isPartOf":{"@id":"https:\/\/wp.kristdemokraterna.se\/varnamo\/2022\/08\/09\/bra-aldreomsorg-kan-bli-battre\/"},"author":{"name":"Kristdemokraterna V\u00e4rnamo","@id":"https:\/\/wp.kristdemokraterna.se\/varnamo\/#\/schema\/person\/4e339ab04d613699e4dfe80a994e01d4"},"headline":"Bra \u00e4ldreomsorg kan bli b\u00e4ttre!","datePublished":"2022-08-09T18:43:57+00:00","dateModified":"2022-08-20T19:43:01+00:00","mainEntityOfPage":{"@id":"https:\/\/wp.kristdemokraterna.se\/varnamo\/2022\/08\/09\/bra-aldreomsorg-kan-bli-battre\/"},"wordCount":291,"publisher":{"@id":"https:\/\/wp.kristdemokraterna.se\/varnamo\/#organization"},"image":{"@id":"https:\/\/wp.kristdemokraterna.se\/varnamo\/2022\/08\/09\/bra-aldreomsorg-kan-bli-battre\/#primaryimage"},"thumbnailUrl":"https:\/\/wp.kristdemokraterna.se\/varnamo\/files\/2022\/08\/kd-logo-blue.png","keywords":["\u00e4ldreomsorg","arbetsmilj\u00f6","ins\u00e4ndare","kompetens","Margareta Lindahl","Omsorgsn\u00e4mnden","v\u00e5rd"],"articleSection":["Debatt"],"inLanguage":"sv-SE"},{"@type":"WebPage","@id":"https:\/\/wp.kristdemokraterna.se\/varnamo\/2022\/08\/09\/bra-aldreomsorg-kan-bli-battre\/","url":"https:\/\/wp.kristdemokraterna.se\/varnamo\/2022\/08\/09\/bra-aldreomsorg-kan-bli-battre\/","name":"Bra \u00e4ldreomsorg kan bli b\u00e4ttre! - KRISTDEMOKRATERNA V\u00c4RNAMO","isPartOf":{"@id":"https:\/\/wp.kristdemokraterna.se\/varnamo\/#website"},"primaryImageOfPage":{"@id":"https:\/\/wp.kristdemokraterna.se\/varnamo\/2022\/08\/09\/bra-aldreomsorg-kan-bli-battre\/#primaryimage"},"image":{"@id":"https:\/\/wp.kristdemokraterna.se\/varnamo\/2022\/08\/09\/bra-aldreomsorg-kan-bli-battre\/#primaryimage"},"thumbnailUrl":"https:\/\/wp.kristdemokraterna.se\/varnamo\/files\/2022\/08\/kd-logo-blue.png","datePublished":"2022-08-09T18:43:57+00:00","dateModified":"2022-08-20T19:43:01+00:00","description":"N\u00e4r Margareta Lindahl (KD) l\u00e4ste om hur \u00e4ldreomsorgen utvecklats i v\u00e5r kommun skrev hon en ins\u00e4ndare: Bra \u00e4ldreomsorg kan bli b\u00e4ttre","breadcrumb":{"@id":"https:\/\/wp.kristdemokraterna.se\/varnamo\/2022\/08\/09\/bra-aldreomsorg-kan-bli-battre\/#breadcrumb"},"inLanguage":"sv-SE","potentialAction":[{"@type":"ReadAction","target":["https:\/\/wp.kristdemokraterna.se\/varnamo\/2022\/08\/09\/bra-aldreomsorg-kan-bli-battre\/"]}]},{"@type":"ImageObject","inLanguage":"sv-SE","@id":"https:\/\/wp.kristdemokraterna.se\/varnamo\/2022\/08\/09\/bra-aldreomsorg-kan-bli-battre\/#primaryimage","url":"https:\/\/wp.kristdemokraterna.se\/varnamo\/files\/2022\/08\/kd-logo-blue.png","contentUrl":"https:\/\/wp.kristdemokraterna.se\/varnamo\/files\/2022\/08\/kd-logo-blue.png","width":2000,"height":2000,"caption":"Kristdemokraternas logotyp"},{"@type":"BreadcrumbList","@id":"https:\/\/wp.kristdemokraterna.se\/varnamo\/2022\/08\/09\/bra-aldreomsorg-kan-bli-battre\/#breadcrumb","itemListElement":[{"@type":"ListItem","position":1,"name":"Hem","item":"https:\/\/wp.kristdemokraterna.se\/varnamo\/"},{"@type":"ListItem","position":2,"name":"Bra \u00e4ldreomsorg kan bli b\u00e4ttre!"}]},{"@type":"WebSite","@id":"https:\/\/wp.kristdemokraterna.se\/varnamo\/#website","url":"https:\/\/wp.kristdemokraterna.se\/varnamo\/","name":"KRISTDEMOKRATERNA V\u00c4RNAMO","description":"Med hj\u00e4rta f\u00f6r V\u00e4rnamo","publisher":{"@id":"https:\/\/wp.kristdemokraterna.se\/varnamo\/#organization"},"inLanguage":"sv-SE"},{"@type":"Organization","@id":"https:\/\/wp.kristdemokraterna.se\/varnamo\/#organization","name":"Kristdemokraterna V\u00e4rnamo","url":"https:\/\/wp.kristdemokraterna.se\/varnamo\/","logo":{"@type":"ImageObject","inLanguage":"sv-SE","@id":"https:\/\/wp.kristdemokraterna.se\/varnamo\/#\/schema\/logo\/image\/","url":"https:\/\/wp.kristdemokraterna.se\/varnamo\/files\/2022\/08\/va\u2560ernamo-sida-bla-300dpi.png","contentUrl":"https:\/\/wp.kristdemokraterna.se\/varnamo\/files\/2022\/08\/va\u2560ernamo-sida-bla-300dpi.png","width":1485,"height":681,"caption":"Kristdemokraterna V\u00e4rnamo"},"image":{"@id":"https:\/\/wp.kristdemokraterna.se\/varnamo\/#\/schema\/logo\/image\/"},"sameAs":["https:\/\/www.facebook.com\/KDVarnamo\/","https:\/\/x.com\/KDVarnamo","https:\/\/www.instagram.com\/","https:\/\/www.youtube.com\/user\/studiokd\/videos"]},{"@type":"Person","@id":"https:\/\/wp.kristdemokraterna.se\/varnamo\/#\/schema\/person\/4e339ab04d613699e4dfe80a994e01d4","name":"Kristdemokraterna V\u00e4rnamo","image":{"@type":"ImageObject","inLanguage":"sv-SE","@id":"https:\/\/secure.gravatar.com\/avatar\/c122e48c7723992af51eb155eeaa93db3c1fa324e3fc6ec45dd712c812809b5b?s=96&r=g","url":"https:\/\/secure.gravatar.com\/avatar\/c122e48c7723992af51eb155eeaa93db3c1fa324e3fc6ec45dd712c812809b5b?s=96&r=g","contentUrl":"https:\/\/secure.gravatar.com\/avatar\/c122e48c7723992af51eb155eeaa93db3c1fa324e3fc6ec45dd712c812809b5b?s=96&r=g","caption":"Kristdemokraterna V\u00e4rnamo"},"description":"Familjens r\u00f6st","sameAs":["http:\/\/www.varnamo.kristdemokraterna.se"],"url":"https:\/\/wp.kristdemokraterna.se\/varnamo\/author\/varnamo\/"}]}},"_links":{"self":[{"href":"https:\/\/wp.kristdemokraterna.se\/varnamo\/wp-json\/wp\/v2\/posts\/9644","targetHints":{"allow":["GET"]}}],"collection":[{"href":"https:\/\/wp.kristdemokraterna.se\/varnamo\/wp-json\/wp\/v2\/posts"}],"about":[{"href":"https:\/\/wp.kristdemokraterna.se\/varnamo\/wp-json\/wp\/v2\/types\/post"}],"author":[{"embeddable":true,"href":"https:\/\/wp.kristdemokraterna.se\/varnamo\/wp-json\/wp\/v2\/users\/412"}],"replies":[{"embeddable":true,"href":"https:\/\/wp.kristdemokraterna.se\/varnamo\/wp-json\/wp\/v2\/comments?post=9644"}],"version-history":[{"count":4,"href":"https:\/\/wp.kristdemokraterna.se\/varnamo\/wp-json\/wp\/v2\/posts\/9644\/revisions"}],"predecessor-version":[{"id":9649,"href":"https:\/\/wp.kristdemokraterna.se\/varnamo\/wp-json\/wp\/v2\/posts\/9644\/revisions\/9649"}],"wp:featuredmedia":[{"embeddable":true,"href":"https:\/\/wp.kristdemokraterna.se\/varnamo\/wp-json\/wp\/v2\/media\/9638"}],"wp:attachment":[{"href":"https:\/\/wp.kristdemokraterna.se\/varnamo\/wp-json\/wp\/v2\/media?parent=9644"}],"wp:term":[{"taxonomy":"category","embeddable":true,"href":"https:\/\/wp.kristdemokraterna.se\/varnamo\/wp-json\/wp\/v2\/categories?post=9644"},{"taxonomy":"post_tag","embeddable":true,"href":"https:\/\/wp.kristdemokraterna.se\/varnamo\/wp-json\/wp\/v2\/tags?post=9644"}],"curies":[{"name":"wp","href":"https:\/\/api.w.org\/{rel}","templated":true}]}}