{"id":1665,"date":"2014-11-05T12:03:29","date_gmt":"2014-11-05T11:03:29","guid":{"rendered":"http:\/\/wp.kristdemokraterna.se\/vasterbotten\/?p=1665"},"modified":"2020-01-14T16:14:52","modified_gmt":"2020-01-14T15:14:52","slug":"kommer-ett-barnskyddsteam-att-inrattas","status":"publish","type":"post","link":"https:\/\/wp.kristdemokraterna.se\/vasterbotten\/kommer-ett-barnskyddsteam-att-inrattas\/","title":{"rendered":"Kommer ett barnskyddsteam att inr\u00e4ttas?"},"content":{"rendered":"<p><em><strong>Interpellation<\/strong><\/em><br \/>\n<strong>Till H\u00e4lso-\u00a0och\u00a0sjukv\u00e5rdsn\u00e4mndens ordf\u00f6rande Karin Lundstr\u00f6m (S)<\/strong><br \/>\nBarnmisshandel f\u00f6rekommer i alla samh\u00e4llsgrupper, p\u00e5 landsbygden s\u00e5v\u00e4l i storst\u00e4derna, i svenskf\u00f6dda familjer och i familjer som invandrat fr\u00e5n annat land. Trots att det \u00e4r f\u00f6rbjudet i lag har vart sjunde barn n\u00e5gon g\u00e5ng blivit slagen av en vuxen (R\u00e4dda Barnen).<!--more--><\/p>\n<p>De flesta polisanm\u00e4lningar g\u00f6rs enligt Brottsf\u00f6rebyggande r\u00e5det av socialtj\u00e4nsten, skola eller f\u00f6r\u00e4lder, avsev\u00e4rt f\u00e4rre anm\u00e4lningar kommer fr\u00e5n sjukv\u00e5rden. Samtidigt finns det statistik som visar att de fall som uppm\u00e4rksammas av sjukv\u00e5rden oftare leder till \u00e5tal.<\/p>\n<p>F\u00f6r oss kristdemokrater \u00e4r skyddet och st\u00f6det f\u00f6r barnen viktig. D\u00e4rf\u00f6r skrev vi en motion till landstingsfullm\u00e4ktige 2013-09-12 om att inr\u00e4tta ett barnskyddsteam i sjukv\u00e5rden. Motionen avslogs av landstingsfullm\u00e4ktige med motiveringen att landstinget har s\u00e5v\u00e4l struktur som kompetens f\u00f6r fortsatt arbete med barn som far illa.<\/p>\n<p>F\u00f6r en tid sedan fick alla gruppledare i landstinget ett brev fr\u00e5n Barn- och\u00a0 Ungdomscentrum d\u00e4r man skriver:<br \/>\n\u201dTrots att vi f\u00f6rs\u00f6ker vara uppm\u00e4rksamma s\u00e5 h\u00e4nder det tyv\u00e4rr att barn uts\u00e4tts f\u00f6r misshandel och vi i v\u00e5rden m\u00e5ste bli b\u00e4ttre p\u00e5 att uppt\u00e4cka, anm\u00e4la och f\u00f6rhindra. Det \u00e4r inte enkelt och d\u00e4rf\u00f6r har vissa av de andra Universitetssjukhusen tillsatt n\u00e5got som kallas barnskyddsteam. Vi p\u00e5 Barn och Ungdomscentrum tycker att vi tillsammans med andra akt\u00f6rer inom VLL ska arbeta f\u00f6r att bilda ett barnskyddsteam\u201d.<\/p>\n<p>Utifr\u00e5n ovanst\u00e5ende vill jag st\u00e4lla f\u00f6ljande fr\u00e5gor:<\/p>\n<p><strong>&#8211;\u00a0Tycker landstingsr\u00e5det att personalens \u00f6nskan om att bilda ett barnskyddsteam \u00e4r on\u00f6digt?<\/strong><\/p>\n<p><strong>&#8211;\u00a0Tror landstingsr\u00e5det fortfarande att vi har s\u00e5v\u00e4l tillr\u00e4cklig struktur och kompetens f\u00f6r att se barnen som far illa?<\/strong><\/p>\n<p><strong>&#8211;\u00a0Kommer landstinget att inr\u00e4tta ett barnskyddsteam f\u00f6r barnen och personalens st\u00f6d?<\/strong><\/p>\n<p><strong>Birgitta Nordvall<\/strong><br \/>\n<strong>Gruppledare Kristdemokraterna<\/strong><\/p>\n","protected":false},"excerpt":{"rendered":"<p>Interpellation Till H\u00e4lso-\u00a0och\u00a0sjukv\u00e5rdsn\u00e4mndens ordf\u00f6rande Karin Lundstr\u00f6m (S) Barnmisshandel f\u00f6rekommer i alla samh\u00e4llsgrupper, p\u00e5 landsbygden s\u00e5v\u00e4l i storst\u00e4derna, i svenskf\u00f6dda familjer och i familjer som invandrat fr\u00e5n annat land. Trots att det \u00e4r f\u00f6rbjudet i lag har vart sjunde barn n\u00e5gon g\u00e5ng blivit slagen av en vuxen (R\u00e4dda Barnen).<\/p>\n","protected":false},"author":31,"featured_media":0,"comment_status":"closed","ping_status":"closed","sticky":false,"template":"","format":"standard","meta":{"_acf_changed":false,"footnotes":""},"categories":[3],"tags":[38,39,37,6,19],"class_list":["post-1665","post","type-post","status-publish","format-standard","hentry","category-region","tag-barnmisshandel","tag-barnskyddsteam","tag-interpellation","tag-landstinget-2","tag-vasterbotten"],"acf":[],"yoast_head":"<!-- This site is optimized with the Yoast SEO plugin v27.4 - https:\/\/yoast.com\/product\/yoast-seo-wordpress\/ -->\n<title>Kommer ett barnskyddsteam att inr\u00e4ttas? - KRISTDEMOKRATERNA i V\u00e4sterbotten<\/title>\n<meta name=\"robots\" content=\"index, follow, max-snippet:-1, max-image-preview:large, max-video-preview:-1\" \/>\n<link rel=\"canonical\" href=\"https:\/\/wp.kristdemokraterna.se\/vasterbotten\/kommer-ett-barnskyddsteam-att-inrattas\/\" \/>\n<meta property=\"og:locale\" content=\"sv_SE\" \/>\n<meta property=\"og:type\" content=\"article\" \/>\n<meta property=\"og:title\" content=\"Kommer ett barnskyddsteam att inr\u00e4ttas? - KRISTDEMOKRATERNA i V\u00e4sterbotten\" \/>\n<meta property=\"og:description\" content=\"Interpellation Till H\u00e4lso-\u00a0och\u00a0sjukv\u00e5rdsn\u00e4mndens ordf\u00f6rande Karin Lundstr\u00f6m (S) Barnmisshandel f\u00f6rekommer i alla samh\u00e4llsgrupper, p\u00e5 landsbygden s\u00e5v\u00e4l i storst\u00e4derna, i svenskf\u00f6dda familjer och i familjer som invandrat fr\u00e5n annat land. Trots att det \u00e4r f\u00f6rbjudet i lag har vart sjunde barn n\u00e5gon g\u00e5ng blivit slagen av en vuxen (R\u00e4dda Barnen).\" \/>\n<meta property=\"og:url\" content=\"https:\/\/wp.kristdemokraterna.se\/vasterbotten\/kommer-ett-barnskyddsteam-att-inrattas\/\" \/>\n<meta property=\"og:site_name\" content=\"KRISTDEMOKRATERNA i V\u00e4sterbotten\" \/>\n<meta property=\"article:publisher\" content=\"https:\/\/www.facebook.com\/kdvasterbotten\/\" \/>\n<meta property=\"article:published_time\" content=\"2014-11-05T11:03:29+00:00\" \/>\n<meta property=\"article:modified_time\" content=\"2020-01-14T15:14:52+00:00\" \/>\n<meta name=\"author\" content=\"vasterbotten\" \/>\n<meta name=\"twitter:card\" content=\"summary_large_image\" \/>\n<meta name=\"twitter:creator\" content=\"@kdvasterbotten\" \/>\n<meta name=\"twitter:site\" content=\"@kdvasterbotten\" \/>\n<meta name=\"twitter:label1\" content=\"Skriven av\" \/>\n\t<meta name=\"twitter:data1\" content=\"vasterbotten\" \/>\n\t<meta name=\"twitter:label2\" content=\"Ber\u00e4knad l\u00e4stid\" \/>\n\t<meta name=\"twitter:data2\" content=\"2 minuter\" \/>\n<script type=\"application\/ld+json\" class=\"yoast-schema-graph\">{\"@context\":\"https:\\\/\\\/schema.org\",\"@graph\":[{\"@type\":\"Article\",\"@id\":\"https:\\\/\\\/wp.kristdemokraterna.se\\\/vasterbotten\\\/kommer-ett-barnskyddsteam-att-inrattas\\\/#article\",\"isPartOf\":{\"@id\":\"https:\\\/\\\/wp.kristdemokraterna.se\\\/vasterbotten\\\/kommer-ett-barnskyddsteam-att-inrattas\\\/\"},\"author\":{\"name\":\"vasterbotten\",\"@id\":\"https:\\\/\\\/wp.kristdemokraterna.se\\\/vasterbotten\\\/#\\\/schema\\\/person\\\/76df48c7a948639b55d24e5cbdc2bf8f\"},\"headline\":\"Kommer ett barnskyddsteam att inr\u00e4ttas?\",\"datePublished\":\"2014-11-05T11:03:29+00:00\",\"dateModified\":\"2020-01-14T15:14:52+00:00\",\"mainEntityOfPage\":{\"@id\":\"https:\\\/\\\/wp.kristdemokraterna.se\\\/vasterbotten\\\/kommer-ett-barnskyddsteam-att-inrattas\\\/\"},\"wordCount\":355,\"keywords\":[\"barnmisshandel\",\"barnskyddsteam\",\"interpellation\",\"landstinget\",\"v\u00e4sterbotten\"],\"articleSection\":[\"Region\"],\"inLanguage\":\"sv-SE\"},{\"@type\":\"WebPage\",\"@id\":\"https:\\\/\\\/wp.kristdemokraterna.se\\\/vasterbotten\\\/kommer-ett-barnskyddsteam-att-inrattas\\\/\",\"url\":\"https:\\\/\\\/wp.kristdemokraterna.se\\\/vasterbotten\\\/kommer-ett-barnskyddsteam-att-inrattas\\\/\",\"name\":\"Kommer ett barnskyddsteam att inr\u00e4ttas? - KRISTDEMOKRATERNA i V\u00e4sterbotten\",\"isPartOf\":{\"@id\":\"https:\\\/\\\/wp.kristdemokraterna.se\\\/vasterbotten\\\/#website\"},\"datePublished\":\"2014-11-05T11:03:29+00:00\",\"dateModified\":\"2020-01-14T15:14:52+00:00\",\"author\":{\"@id\":\"https:\\\/\\\/wp.kristdemokraterna.se\\\/vasterbotten\\\/#\\\/schema\\\/person\\\/76df48c7a948639b55d24e5cbdc2bf8f\"},\"breadcrumb\":{\"@id\":\"https:\\\/\\\/wp.kristdemokraterna.se\\\/vasterbotten\\\/kommer-ett-barnskyddsteam-att-inrattas\\\/#breadcrumb\"},\"inLanguage\":\"sv-SE\",\"potentialAction\":[{\"@type\":\"ReadAction\",\"target\":[\"https:\\\/\\\/wp.kristdemokraterna.se\\\/vasterbotten\\\/kommer-ett-barnskyddsteam-att-inrattas\\\/\"]}]},{\"@type\":\"BreadcrumbList\",\"@id\":\"https:\\\/\\\/wp.kristdemokraterna.se\\\/vasterbotten\\\/kommer-ett-barnskyddsteam-att-inrattas\\\/#breadcrumb\",\"itemListElement\":[{\"@type\":\"ListItem\",\"position\":1,\"name\":\"Hem\",\"item\":\"https:\\\/\\\/wp.kristdemokraterna.se\\\/vasterbotten\\\/\"},{\"@type\":\"ListItem\",\"position\":2,\"name\":\"Kommer ett barnskyddsteam att inr\u00e4ttas?\"}]},{\"@type\":\"WebSite\",\"@id\":\"https:\\\/\\\/wp.kristdemokraterna.se\\\/vasterbotten\\\/#website\",\"url\":\"https:\\\/\\\/wp.kristdemokraterna.se\\\/vasterbotten\\\/\",\"name\":\"KRISTDEMOKRATERNA i V\u00e4sterbotten\",\"description\":\"Varje m\u00e4nniska ska bem\u00f6tas med v\u00e4rdighet!\",\"inLanguage\":\"sv-SE\"},{\"@type\":\"Person\",\"@id\":\"https:\\\/\\\/wp.kristdemokraterna.se\\\/vasterbotten\\\/#\\\/schema\\\/person\\\/76df48c7a948639b55d24e5cbdc2bf8f\",\"name\":\"vasterbotten\",\"image\":{\"@type\":\"ImageObject\",\"inLanguage\":\"sv-SE\",\"@id\":\"https:\\\/\\\/secure.gravatar.com\\\/avatar\\\/1b166c6019db6128cf01be0910f312f1bf8363aef45fdd1c3f0f9d3ca000604f?s=96&d=mm&r=g\",\"url\":\"https:\\\/\\\/secure.gravatar.com\\\/avatar\\\/1b166c6019db6128cf01be0910f312f1bf8363aef45fdd1c3f0f9d3ca000604f?s=96&d=mm&r=g\",\"contentUrl\":\"https:\\\/\\\/secure.gravatar.com\\\/avatar\\\/1b166c6019db6128cf01be0910f312f1bf8363aef45fdd1c3f0f9d3ca000604f?s=96&d=mm&r=g\",\"caption\":\"vasterbotten\"},\"url\":\"https:\\\/\\\/wp.kristdemokraterna.se\\\/vasterbotten\\\/author\\\/vasterbotten\\\/\"}]}<\/script>\n<!-- \/ Yoast SEO plugin. -->","yoast_head_json":{"title":"Kommer ett barnskyddsteam att inr\u00e4ttas? - KRISTDEMOKRATERNA i V\u00e4sterbotten","robots":{"index":"index","follow":"follow","max-snippet":"max-snippet:-1","max-image-preview":"max-image-preview:large","max-video-preview":"max-video-preview:-1"},"canonical":"https:\/\/wp.kristdemokraterna.se\/vasterbotten\/kommer-ett-barnskyddsteam-att-inrattas\/","og_locale":"sv_SE","og_type":"article","og_title":"Kommer ett barnskyddsteam att inr\u00e4ttas? - KRISTDEMOKRATERNA i V\u00e4sterbotten","og_description":"Interpellation Till H\u00e4lso-\u00a0och\u00a0sjukv\u00e5rdsn\u00e4mndens ordf\u00f6rande Karin Lundstr\u00f6m (S) Barnmisshandel f\u00f6rekommer i alla samh\u00e4llsgrupper, p\u00e5 landsbygden s\u00e5v\u00e4l i storst\u00e4derna, i svenskf\u00f6dda familjer och i familjer som invandrat fr\u00e5n annat land. Trots att det \u00e4r f\u00f6rbjudet i lag har vart sjunde barn n\u00e5gon g\u00e5ng blivit slagen av en vuxen (R\u00e4dda Barnen).","og_url":"https:\/\/wp.kristdemokraterna.se\/vasterbotten\/kommer-ett-barnskyddsteam-att-inrattas\/","og_site_name":"KRISTDEMOKRATERNA i V\u00e4sterbotten","article_publisher":"https:\/\/www.facebook.com\/kdvasterbotten\/","article_published_time":"2014-11-05T11:03:29+00:00","article_modified_time":"2020-01-14T15:14:52+00:00","author":"vasterbotten","twitter_card":"summary_large_image","twitter_creator":"@kdvasterbotten","twitter_site":"@kdvasterbotten","twitter_misc":{"Skriven av":"vasterbotten","Ber\u00e4knad l\u00e4stid":"2 minuter"},"schema":{"@context":"https:\/\/schema.org","@graph":[{"@type":"Article","@id":"https:\/\/wp.kristdemokraterna.se\/vasterbotten\/kommer-ett-barnskyddsteam-att-inrattas\/#article","isPartOf":{"@id":"https:\/\/wp.kristdemokraterna.se\/vasterbotten\/kommer-ett-barnskyddsteam-att-inrattas\/"},"author":{"name":"vasterbotten","@id":"https:\/\/wp.kristdemokraterna.se\/vasterbotten\/#\/schema\/person\/76df48c7a948639b55d24e5cbdc2bf8f"},"headline":"Kommer ett barnskyddsteam att inr\u00e4ttas?","datePublished":"2014-11-05T11:03:29+00:00","dateModified":"2020-01-14T15:14:52+00:00","mainEntityOfPage":{"@id":"https:\/\/wp.kristdemokraterna.se\/vasterbotten\/kommer-ett-barnskyddsteam-att-inrattas\/"},"wordCount":355,"keywords":["barnmisshandel","barnskyddsteam","interpellation","landstinget","v\u00e4sterbotten"],"articleSection":["Region"],"inLanguage":"sv-SE"},{"@type":"WebPage","@id":"https:\/\/wp.kristdemokraterna.se\/vasterbotten\/kommer-ett-barnskyddsteam-att-inrattas\/","url":"https:\/\/wp.kristdemokraterna.se\/vasterbotten\/kommer-ett-barnskyddsteam-att-inrattas\/","name":"Kommer ett barnskyddsteam att inr\u00e4ttas? - KRISTDEMOKRATERNA i V\u00e4sterbotten","isPartOf":{"@id":"https:\/\/wp.kristdemokraterna.se\/vasterbotten\/#website"},"datePublished":"2014-11-05T11:03:29+00:00","dateModified":"2020-01-14T15:14:52+00:00","author":{"@id":"https:\/\/wp.kristdemokraterna.se\/vasterbotten\/#\/schema\/person\/76df48c7a948639b55d24e5cbdc2bf8f"},"breadcrumb":{"@id":"https:\/\/wp.kristdemokraterna.se\/vasterbotten\/kommer-ett-barnskyddsteam-att-inrattas\/#breadcrumb"},"inLanguage":"sv-SE","potentialAction":[{"@type":"ReadAction","target":["https:\/\/wp.kristdemokraterna.se\/vasterbotten\/kommer-ett-barnskyddsteam-att-inrattas\/"]}]},{"@type":"BreadcrumbList","@id":"https:\/\/wp.kristdemokraterna.se\/vasterbotten\/kommer-ett-barnskyddsteam-att-inrattas\/#breadcrumb","itemListElement":[{"@type":"ListItem","position":1,"name":"Hem","item":"https:\/\/wp.kristdemokraterna.se\/vasterbotten\/"},{"@type":"ListItem","position":2,"name":"Kommer ett barnskyddsteam att inr\u00e4ttas?"}]},{"@type":"WebSite","@id":"https:\/\/wp.kristdemokraterna.se\/vasterbotten\/#website","url":"https:\/\/wp.kristdemokraterna.se\/vasterbotten\/","name":"KRISTDEMOKRATERNA i V\u00e4sterbotten","description":"Varje m\u00e4nniska ska bem\u00f6tas med v\u00e4rdighet!","inLanguage":"sv-SE"},{"@type":"Person","@id":"https:\/\/wp.kristdemokraterna.se\/vasterbotten\/#\/schema\/person\/76df48c7a948639b55d24e5cbdc2bf8f","name":"vasterbotten","image":{"@type":"ImageObject","inLanguage":"sv-SE","@id":"https:\/\/secure.gravatar.com\/avatar\/1b166c6019db6128cf01be0910f312f1bf8363aef45fdd1c3f0f9d3ca000604f?s=96&d=mm&r=g","url":"https:\/\/secure.gravatar.com\/avatar\/1b166c6019db6128cf01be0910f312f1bf8363aef45fdd1c3f0f9d3ca000604f?s=96&d=mm&r=g","contentUrl":"https:\/\/secure.gravatar.com\/avatar\/1b166c6019db6128cf01be0910f312f1bf8363aef45fdd1c3f0f9d3ca000604f?s=96&d=mm&r=g","caption":"vasterbotten"},"url":"https:\/\/wp.kristdemokraterna.se\/vasterbotten\/author\/vasterbotten\/"}]}},"_links":{"self":[{"href":"https:\/\/wp.kristdemokraterna.se\/vasterbotten\/wp-json\/wp\/v2\/posts\/1665","targetHints":{"allow":["GET"]}}],"collection":[{"href":"https:\/\/wp.kristdemokraterna.se\/vasterbotten\/wp-json\/wp\/v2\/posts"}],"about":[{"href":"https:\/\/wp.kristdemokraterna.se\/vasterbotten\/wp-json\/wp\/v2\/types\/post"}],"author":[{"embeddable":true,"href":"https:\/\/wp.kristdemokraterna.se\/vasterbotten\/wp-json\/wp\/v2\/users\/31"}],"replies":[{"embeddable":true,"href":"https:\/\/wp.kristdemokraterna.se\/vasterbotten\/wp-json\/wp\/v2\/comments?post=1665"}],"version-history":[{"count":3,"href":"https:\/\/wp.kristdemokraterna.se\/vasterbotten\/wp-json\/wp\/v2\/posts\/1665\/revisions"}],"predecessor-version":[{"id":1668,"href":"https:\/\/wp.kristdemokraterna.se\/vasterbotten\/wp-json\/wp\/v2\/posts\/1665\/revisions\/1668"}],"wp:attachment":[{"href":"https:\/\/wp.kristdemokraterna.se\/vasterbotten\/wp-json\/wp\/v2\/media?parent=1665"}],"wp:term":[{"taxonomy":"category","embeddable":true,"href":"https:\/\/wp.kristdemokraterna.se\/vasterbotten\/wp-json\/wp\/v2\/categories?post=1665"},{"taxonomy":"post_tag","embeddable":true,"href":"https:\/\/wp.kristdemokraterna.se\/vasterbotten\/wp-json\/wp\/v2\/tags?post=1665"}],"curies":[{"name":"wp","href":"https:\/\/api.w.org\/{rel}","templated":true}]}}