{"id":1671,"date":"2014-11-11T08:57:21","date_gmt":"2014-11-11T07:57:21","guid":{"rendered":"http:\/\/wp.kristdemokraterna.se\/vasterbotten\/?p=1671"},"modified":"2016-05-18T12:26:46","modified_gmt":"2016-05-18T10:26:46","slug":"nar-kommer-glasogonbidraget-att-hojas","status":"publish","type":"post","link":"https:\/\/wp.kristdemokraterna.se\/vasterbotten\/nar-kommer-glasogonbidraget-att-hojas\/","title":{"rendered":"N\u00e4r kommer glas\u00f6gonbidraget att h\u00f6jas?"},"content":{"rendered":"<p><em><strong>Interpellation<\/strong><\/em><br \/>\n<strong>Till landstingsstyrelsens ordf\u00f6rande Peter Olofsson (S)<\/strong><br \/>\nBarn med synneds\u00e4ttning\/skelning beh\u00f6ver glas\u00f6gon f\u00f6r att motverka permanent synneds\u00e4ttning och f\u00f6r att stimulera den normala synutvecklingen. Det \u00e4r \u00e4ven viktigt f\u00f6r att de ska kunna f\u00f6lja med i skolundervisningen.<!--more--><\/p>\n<p>Enligt Majblommans riksf\u00f6rbund tvingas flera tusen svenska skolbarn som beh\u00f6ver glas\u00f6gon avst\u00e5 p\u00e5 grund av att f\u00f6r\u00e4ldrarna inte har r\u00e5d. Det \u00e4r inte acceptabelt. Alla barn med synproblem ska ha r\u00e4tt till glas\u00f6gon \u2013 oavsett f\u00f6r\u00e4ldrarnas ekonomiska situation.<\/p>\n<p>Under valr\u00f6relsen utlovade Socialdemokraterna ett \u00f6kat glas\u00f6gonbidrag f\u00f6r barn och ungdomar upp till 19 \u00e5r. Kristdemokraterna st\u00e4ller sig positiva till en s\u00e5dan \u00e5tg\u00e4rd. Glas\u00f6gonbidraget g\u00f6r stor skillnad f\u00f6r de mest ekonomiskt utsatta familjerna och \u00e4r en viktig del i att ge barn och unga goda uppv\u00e4xtvillkor.<\/p>\n<p>Med ovanst\u00e5ende som bakgrund vill jag st\u00e4lla f\u00f6ljande fr\u00e5gor:<\/p>\n<p><strong>&#8211;\u00a0N\u00e4r kommer glas\u00f6gonbidraget att h\u00f6jas?<\/strong><\/p>\n<p><strong>&#8211;\u00a0Hur stor kommer h\u00f6jningen av glas\u00f6gonbidraget att bli?<\/strong><\/p>\n<p><strong>&#8211;\u00a0Hur kommer h\u00f6jningen att f\u00f6rdelas bland barn och ungdomar upp till 19 \u00e5r?<\/strong><\/p>\n<p><strong>&#8211;\u00a0Kommer det att erbjudas kostnadsfria glas\u00f6gon?<\/strong><\/p>\n<p><strong>Betty-Ann Nilsson <\/strong><br \/>\n<strong>Kristdemokraterna<\/strong><\/p>\n","protected":false},"excerpt":{"rendered":"<p>Interpellation Till landstingsstyrelsens ordf\u00f6rande Peter Olofsson (S) Barn med synneds\u00e4ttning\/skelning beh\u00f6ver glas\u00f6gon f\u00f6r att motverka permanent synneds\u00e4ttning och f\u00f6r att stimulera den normala synutvecklingen. Det \u00e4r \u00e4ven viktigt f\u00f6r att de ska kunna f\u00f6lja med i skolundervisningen.<\/p>\n","protected":false},"author":31,"featured_media":0,"comment_status":"closed","ping_status":"closed","sticky":false,"template":"","format":"standard","meta":{"_acf_changed":false,"footnotes":""},"categories":[3],"tags":[44,43,37,7,19],"class_list":["post-1671","post","type-post","status-publish","format-standard","hentry","category-region","tag-betty-ann-nilsson","tag-glasogonbidrag","tag-interpellation","tag-kristdemokraterna","tag-vasterbotten"],"acf":[],"yoast_head":"<!-- This site is optimized with the Yoast SEO plugin v27.4 - https:\/\/yoast.com\/product\/yoast-seo-wordpress\/ -->\n<title>N\u00e4r kommer glas\u00f6gonbidraget att h\u00f6jas? - KRISTDEMOKRATERNA i V\u00e4sterbotten<\/title>\n<meta name=\"robots\" content=\"index, follow, max-snippet:-1, max-image-preview:large, max-video-preview:-1\" \/>\n<link rel=\"canonical\" href=\"https:\/\/wp.kristdemokraterna.se\/vasterbotten\/nar-kommer-glasogonbidraget-att-hojas\/\" \/>\n<meta property=\"og:locale\" content=\"sv_SE\" \/>\n<meta property=\"og:type\" content=\"article\" \/>\n<meta property=\"og:title\" content=\"N\u00e4r kommer glas\u00f6gonbidraget att h\u00f6jas? - KRISTDEMOKRATERNA i V\u00e4sterbotten\" \/>\n<meta property=\"og:description\" content=\"Interpellation Till landstingsstyrelsens ordf\u00f6rande Peter Olofsson (S) Barn med synneds\u00e4ttning\/skelning beh\u00f6ver glas\u00f6gon f\u00f6r att motverka permanent synneds\u00e4ttning och f\u00f6r att stimulera den normala synutvecklingen. Det \u00e4r \u00e4ven viktigt f\u00f6r att de ska kunna f\u00f6lja med i skolundervisningen.\" \/>\n<meta property=\"og:url\" content=\"https:\/\/wp.kristdemokraterna.se\/vasterbotten\/nar-kommer-glasogonbidraget-att-hojas\/\" \/>\n<meta property=\"og:site_name\" content=\"KRISTDEMOKRATERNA i V\u00e4sterbotten\" \/>\n<meta property=\"article:publisher\" content=\"https:\/\/www.facebook.com\/kdvasterbotten\/\" \/>\n<meta property=\"article:published_time\" content=\"2014-11-11T07:57:21+00:00\" \/>\n<meta property=\"article:modified_time\" content=\"2016-05-18T10:26:46+00:00\" \/>\n<meta name=\"author\" content=\"vasterbotten\" \/>\n<meta name=\"twitter:card\" content=\"summary_large_image\" \/>\n<meta name=\"twitter:creator\" content=\"@kdvasterbotten\" \/>\n<meta name=\"twitter:site\" content=\"@kdvasterbotten\" \/>\n<meta name=\"twitter:label1\" content=\"Skriven av\" \/>\n\t<meta name=\"twitter:data1\" content=\"vasterbotten\" \/>\n\t<meta name=\"twitter:label2\" content=\"Ber\u00e4knad l\u00e4stid\" \/>\n\t<meta name=\"twitter:data2\" content=\"1 minut\" \/>\n<script type=\"application\/ld+json\" class=\"yoast-schema-graph\">{\"@context\":\"https:\\\/\\\/schema.org\",\"@graph\":[{\"@type\":\"Article\",\"@id\":\"https:\\\/\\\/wp.kristdemokraterna.se\\\/vasterbotten\\\/nar-kommer-glasogonbidraget-att-hojas\\\/#article\",\"isPartOf\":{\"@id\":\"https:\\\/\\\/wp.kristdemokraterna.se\\\/vasterbotten\\\/nar-kommer-glasogonbidraget-att-hojas\\\/\"},\"author\":{\"name\":\"vasterbotten\",\"@id\":\"https:\\\/\\\/wp.kristdemokraterna.se\\\/vasterbotten\\\/#\\\/schema\\\/person\\\/76df48c7a948639b55d24e5cbdc2bf8f\"},\"headline\":\"N\u00e4r kommer glas\u00f6gonbidraget att h\u00f6jas?\",\"datePublished\":\"2014-11-11T07:57:21+00:00\",\"dateModified\":\"2016-05-18T10:26:46+00:00\",\"mainEntityOfPage\":{\"@id\":\"https:\\\/\\\/wp.kristdemokraterna.se\\\/vasterbotten\\\/nar-kommer-glasogonbidraget-att-hojas\\\/\"},\"wordCount\":216,\"keywords\":[\"Betty-Ann Nilsson\",\"glas\u00f6gonbidrag\",\"interpellation\",\"kristdemokraterna\",\"v\u00e4sterbotten\"],\"articleSection\":[\"Region\"],\"inLanguage\":\"sv-SE\"},{\"@type\":\"WebPage\",\"@id\":\"https:\\\/\\\/wp.kristdemokraterna.se\\\/vasterbotten\\\/nar-kommer-glasogonbidraget-att-hojas\\\/\",\"url\":\"https:\\\/\\\/wp.kristdemokraterna.se\\\/vasterbotten\\\/nar-kommer-glasogonbidraget-att-hojas\\\/\",\"name\":\"N\u00e4r kommer glas\u00f6gonbidraget att h\u00f6jas? - KRISTDEMOKRATERNA i V\u00e4sterbotten\",\"isPartOf\":{\"@id\":\"https:\\\/\\\/wp.kristdemokraterna.se\\\/vasterbotten\\\/#website\"},\"datePublished\":\"2014-11-11T07:57:21+00:00\",\"dateModified\":\"2016-05-18T10:26:46+00:00\",\"author\":{\"@id\":\"https:\\\/\\\/wp.kristdemokraterna.se\\\/vasterbotten\\\/#\\\/schema\\\/person\\\/76df48c7a948639b55d24e5cbdc2bf8f\"},\"breadcrumb\":{\"@id\":\"https:\\\/\\\/wp.kristdemokraterna.se\\\/vasterbotten\\\/nar-kommer-glasogonbidraget-att-hojas\\\/#breadcrumb\"},\"inLanguage\":\"sv-SE\",\"potentialAction\":[{\"@type\":\"ReadAction\",\"target\":[\"https:\\\/\\\/wp.kristdemokraterna.se\\\/vasterbotten\\\/nar-kommer-glasogonbidraget-att-hojas\\\/\"]}]},{\"@type\":\"BreadcrumbList\",\"@id\":\"https:\\\/\\\/wp.kristdemokraterna.se\\\/vasterbotten\\\/nar-kommer-glasogonbidraget-att-hojas\\\/#breadcrumb\",\"itemListElement\":[{\"@type\":\"ListItem\",\"position\":1,\"name\":\"Hem\",\"item\":\"https:\\\/\\\/wp.kristdemokraterna.se\\\/vasterbotten\\\/\"},{\"@type\":\"ListItem\",\"position\":2,\"name\":\"N\u00e4r kommer glas\u00f6gonbidraget att h\u00f6jas?\"}]},{\"@type\":\"WebSite\",\"@id\":\"https:\\\/\\\/wp.kristdemokraterna.se\\\/vasterbotten\\\/#website\",\"url\":\"https:\\\/\\\/wp.kristdemokraterna.se\\\/vasterbotten\\\/\",\"name\":\"KRISTDEMOKRATERNA i V\u00e4sterbotten\",\"description\":\"Varje m\u00e4nniska ska bem\u00f6tas med v\u00e4rdighet!\",\"inLanguage\":\"sv-SE\"},{\"@type\":\"Person\",\"@id\":\"https:\\\/\\\/wp.kristdemokraterna.se\\\/vasterbotten\\\/#\\\/schema\\\/person\\\/76df48c7a948639b55d24e5cbdc2bf8f\",\"name\":\"vasterbotten\",\"image\":{\"@type\":\"ImageObject\",\"inLanguage\":\"sv-SE\",\"@id\":\"https:\\\/\\\/secure.gravatar.com\\\/avatar\\\/1b166c6019db6128cf01be0910f312f1bf8363aef45fdd1c3f0f9d3ca000604f?s=96&d=mm&r=g\",\"url\":\"https:\\\/\\\/secure.gravatar.com\\\/avatar\\\/1b166c6019db6128cf01be0910f312f1bf8363aef45fdd1c3f0f9d3ca000604f?s=96&d=mm&r=g\",\"contentUrl\":\"https:\\\/\\\/secure.gravatar.com\\\/avatar\\\/1b166c6019db6128cf01be0910f312f1bf8363aef45fdd1c3f0f9d3ca000604f?s=96&d=mm&r=g\",\"caption\":\"vasterbotten\"},\"url\":\"https:\\\/\\\/wp.kristdemokraterna.se\\\/vasterbotten\\\/author\\\/vasterbotten\\\/\"}]}<\/script>\n<!-- \/ Yoast SEO plugin. -->","yoast_head_json":{"title":"N\u00e4r kommer glas\u00f6gonbidraget att h\u00f6jas? - KRISTDEMOKRATERNA i V\u00e4sterbotten","robots":{"index":"index","follow":"follow","max-snippet":"max-snippet:-1","max-image-preview":"max-image-preview:large","max-video-preview":"max-video-preview:-1"},"canonical":"https:\/\/wp.kristdemokraterna.se\/vasterbotten\/nar-kommer-glasogonbidraget-att-hojas\/","og_locale":"sv_SE","og_type":"article","og_title":"N\u00e4r kommer glas\u00f6gonbidraget att h\u00f6jas? - KRISTDEMOKRATERNA i V\u00e4sterbotten","og_description":"Interpellation Till landstingsstyrelsens ordf\u00f6rande Peter Olofsson (S) Barn med synneds\u00e4ttning\/skelning beh\u00f6ver glas\u00f6gon f\u00f6r att motverka permanent synneds\u00e4ttning och f\u00f6r att stimulera den normala synutvecklingen. Det \u00e4r \u00e4ven viktigt f\u00f6r att de ska kunna f\u00f6lja med i skolundervisningen.","og_url":"https:\/\/wp.kristdemokraterna.se\/vasterbotten\/nar-kommer-glasogonbidraget-att-hojas\/","og_site_name":"KRISTDEMOKRATERNA i V\u00e4sterbotten","article_publisher":"https:\/\/www.facebook.com\/kdvasterbotten\/","article_published_time":"2014-11-11T07:57:21+00:00","article_modified_time":"2016-05-18T10:26:46+00:00","author":"vasterbotten","twitter_card":"summary_large_image","twitter_creator":"@kdvasterbotten","twitter_site":"@kdvasterbotten","twitter_misc":{"Skriven av":"vasterbotten","Ber\u00e4knad l\u00e4stid":"1 minut"},"schema":{"@context":"https:\/\/schema.org","@graph":[{"@type":"Article","@id":"https:\/\/wp.kristdemokraterna.se\/vasterbotten\/nar-kommer-glasogonbidraget-att-hojas\/#article","isPartOf":{"@id":"https:\/\/wp.kristdemokraterna.se\/vasterbotten\/nar-kommer-glasogonbidraget-att-hojas\/"},"author":{"name":"vasterbotten","@id":"https:\/\/wp.kristdemokraterna.se\/vasterbotten\/#\/schema\/person\/76df48c7a948639b55d24e5cbdc2bf8f"},"headline":"N\u00e4r kommer glas\u00f6gonbidraget att h\u00f6jas?","datePublished":"2014-11-11T07:57:21+00:00","dateModified":"2016-05-18T10:26:46+00:00","mainEntityOfPage":{"@id":"https:\/\/wp.kristdemokraterna.se\/vasterbotten\/nar-kommer-glasogonbidraget-att-hojas\/"},"wordCount":216,"keywords":["Betty-Ann Nilsson","glas\u00f6gonbidrag","interpellation","kristdemokraterna","v\u00e4sterbotten"],"articleSection":["Region"],"inLanguage":"sv-SE"},{"@type":"WebPage","@id":"https:\/\/wp.kristdemokraterna.se\/vasterbotten\/nar-kommer-glasogonbidraget-att-hojas\/","url":"https:\/\/wp.kristdemokraterna.se\/vasterbotten\/nar-kommer-glasogonbidraget-att-hojas\/","name":"N\u00e4r kommer glas\u00f6gonbidraget att h\u00f6jas? - KRISTDEMOKRATERNA i V\u00e4sterbotten","isPartOf":{"@id":"https:\/\/wp.kristdemokraterna.se\/vasterbotten\/#website"},"datePublished":"2014-11-11T07:57:21+00:00","dateModified":"2016-05-18T10:26:46+00:00","author":{"@id":"https:\/\/wp.kristdemokraterna.se\/vasterbotten\/#\/schema\/person\/76df48c7a948639b55d24e5cbdc2bf8f"},"breadcrumb":{"@id":"https:\/\/wp.kristdemokraterna.se\/vasterbotten\/nar-kommer-glasogonbidraget-att-hojas\/#breadcrumb"},"inLanguage":"sv-SE","potentialAction":[{"@type":"ReadAction","target":["https:\/\/wp.kristdemokraterna.se\/vasterbotten\/nar-kommer-glasogonbidraget-att-hojas\/"]}]},{"@type":"BreadcrumbList","@id":"https:\/\/wp.kristdemokraterna.se\/vasterbotten\/nar-kommer-glasogonbidraget-att-hojas\/#breadcrumb","itemListElement":[{"@type":"ListItem","position":1,"name":"Hem","item":"https:\/\/wp.kristdemokraterna.se\/vasterbotten\/"},{"@type":"ListItem","position":2,"name":"N\u00e4r kommer glas\u00f6gonbidraget att h\u00f6jas?"}]},{"@type":"WebSite","@id":"https:\/\/wp.kristdemokraterna.se\/vasterbotten\/#website","url":"https:\/\/wp.kristdemokraterna.se\/vasterbotten\/","name":"KRISTDEMOKRATERNA i V\u00e4sterbotten","description":"Varje m\u00e4nniska ska bem\u00f6tas med v\u00e4rdighet!","inLanguage":"sv-SE"},{"@type":"Person","@id":"https:\/\/wp.kristdemokraterna.se\/vasterbotten\/#\/schema\/person\/76df48c7a948639b55d24e5cbdc2bf8f","name":"vasterbotten","image":{"@type":"ImageObject","inLanguage":"sv-SE","@id":"https:\/\/secure.gravatar.com\/avatar\/1b166c6019db6128cf01be0910f312f1bf8363aef45fdd1c3f0f9d3ca000604f?s=96&d=mm&r=g","url":"https:\/\/secure.gravatar.com\/avatar\/1b166c6019db6128cf01be0910f312f1bf8363aef45fdd1c3f0f9d3ca000604f?s=96&d=mm&r=g","contentUrl":"https:\/\/secure.gravatar.com\/avatar\/1b166c6019db6128cf01be0910f312f1bf8363aef45fdd1c3f0f9d3ca000604f?s=96&d=mm&r=g","caption":"vasterbotten"},"url":"https:\/\/wp.kristdemokraterna.se\/vasterbotten\/author\/vasterbotten\/"}]}},"_links":{"self":[{"href":"https:\/\/wp.kristdemokraterna.se\/vasterbotten\/wp-json\/wp\/v2\/posts\/1671","targetHints":{"allow":["GET"]}}],"collection":[{"href":"https:\/\/wp.kristdemokraterna.se\/vasterbotten\/wp-json\/wp\/v2\/posts"}],"about":[{"href":"https:\/\/wp.kristdemokraterna.se\/vasterbotten\/wp-json\/wp\/v2\/types\/post"}],"author":[{"embeddable":true,"href":"https:\/\/wp.kristdemokraterna.se\/vasterbotten\/wp-json\/wp\/v2\/users\/31"}],"replies":[{"embeddable":true,"href":"https:\/\/wp.kristdemokraterna.se\/vasterbotten\/wp-json\/wp\/v2\/comments?post=1671"}],"version-history":[{"count":2,"href":"https:\/\/wp.kristdemokraterna.se\/vasterbotten\/wp-json\/wp\/v2\/posts\/1671\/revisions"}],"predecessor-version":[{"id":1674,"href":"https:\/\/wp.kristdemokraterna.se\/vasterbotten\/wp-json\/wp\/v2\/posts\/1671\/revisions\/1674"}],"wp:attachment":[{"href":"https:\/\/wp.kristdemokraterna.se\/vasterbotten\/wp-json\/wp\/v2\/media?parent=1671"}],"wp:term":[{"taxonomy":"category","embeddable":true,"href":"https:\/\/wp.kristdemokraterna.se\/vasterbotten\/wp-json\/wp\/v2\/categories?post=1671"},{"taxonomy":"post_tag","embeddable":true,"href":"https:\/\/wp.kristdemokraterna.se\/vasterbotten\/wp-json\/wp\/v2\/tags?post=1671"}],"curies":[{"name":"wp","href":"https:\/\/api.w.org\/{rel}","templated":true}]}}