{"id":1677,"date":"2014-11-25T09:34:52","date_gmt":"2014-11-25T08:34:52","guid":{"rendered":"http:\/\/wp.kristdemokraterna.se\/vasterbotten\/?p=1677"},"modified":"2020-01-14T16:14:33","modified_gmt":"2020-01-14T15:14:33","slug":"nya-fullmaktige-sammantrader","status":"publish","type":"post","link":"https:\/\/wp.kristdemokraterna.se\/vasterbotten\/nya-fullmaktige-sammantrader\/","title":{"rendered":"Nya fullm\u00e4ktige sammantr\u00e4der!"},"content":{"rendered":"<p><em><strong><a href=\"http:\/\/wp.kristdemokraterna.se\/vasterbotten\/files\/2014\/11\/birgitta.png\"><img loading=\"lazy\" decoding=\"async\" class=\"alignleft size-thumbnail wp-image-1679\" src=\"http:\/\/wp.kristdemokraterna.se\/vasterbotten\/files\/2014\/11\/birgitta-150x150.png\" alt=\"Birgitta\" width=\"150\" height=\"150\" \/><\/a><\/strong><\/em>I dag och i morgon sammantr\u00e4der den nya fullm\u00e4ktigef\u00f6rsamlingen i landstinget. D\u00e5 kommer tre interpellationer av Kristdemokraterna att behandlas.<\/p>\n<p><a href=\"http:\/\/wp.kristdemokraterna.se\/vasterbotten\/kommer-ett-barnskyddsteam-att-inrattas\/\">L\u00e4s Birgitta Nordvalls interpellation om barnskyddsteam.<\/a><br \/>\n<a href=\"http:\/\/wp.kristdemokraterna.se\/vasterbotten\/lasa-journaler-pa-natet-nar-blir-det-vasterbottningarnas-tur\/\">L\u00e4s Birgitta Nordvalls interpellation om journaler p\u00e5 n\u00e4tet.<\/a><br \/>\n<a href=\"http:\/\/wp.kristdemokraterna.se\/vasterbotten\/nar-kommer-glasogonbidraget-att-hojas\/\">L\u00e4s Betty-Ann Nilssons interpellation om glas\u00f6gonbidrag.<\/a><\/p>\n","protected":false},"excerpt":{"rendered":"<p>I dag och i morgon sammantr\u00e4der den nya fullm\u00e4ktigef\u00f6rsamlingen i landstinget. D\u00e5 kommer tre interpellationer av Kristdemokraterna att behandlas. L\u00e4s Birgitta Nordvalls interpellation om barnskyddsteam. L\u00e4s Birgitta Nordvalls interpellation om journaler p\u00e5 n\u00e4tet. L\u00e4s Betty-Ann Nilssons interpellation om glas\u00f6gonbidrag.<\/p>\n","protected":false},"author":31,"featured_media":0,"comment_status":"closed","ping_status":"closed","sticky":false,"template":"","format":"standard","meta":{"_acf_changed":false,"footnotes":""},"categories":[3],"tags":[45,7,6,19],"class_list":["post-1677","post","type-post","status-publish","format-standard","hentry","category-region","tag-fullmaktige","tag-kristdemokraterna","tag-landstinget-2","tag-vasterbotten"],"acf":[],"yoast_head":"<!-- This site is optimized with the Yoast SEO plugin v27.4 - https:\/\/yoast.com\/product\/yoast-seo-wordpress\/ -->\n<title>Nya fullm\u00e4ktige sammantr\u00e4der! - KRISTDEMOKRATERNA i V\u00e4sterbotten<\/title>\n<meta name=\"robots\" content=\"index, follow, max-snippet:-1, max-image-preview:large, max-video-preview:-1\" \/>\n<link rel=\"canonical\" href=\"https:\/\/wp.kristdemokraterna.se\/vasterbotten\/nya-fullmaktige-sammantrader\/\" \/>\n<meta property=\"og:locale\" content=\"sv_SE\" \/>\n<meta property=\"og:type\" content=\"article\" \/>\n<meta property=\"og:title\" content=\"Nya fullm\u00e4ktige sammantr\u00e4der! - KRISTDEMOKRATERNA i V\u00e4sterbotten\" \/>\n<meta property=\"og:description\" content=\"I dag och i morgon sammantr\u00e4der den nya fullm\u00e4ktigef\u00f6rsamlingen i landstinget. D\u00e5 kommer tre interpellationer av Kristdemokraterna att behandlas. L\u00e4s Birgitta Nordvalls interpellation om barnskyddsteam. L\u00e4s Birgitta Nordvalls interpellation om journaler p\u00e5 n\u00e4tet. L\u00e4s Betty-Ann Nilssons interpellation om glas\u00f6gonbidrag.\" \/>\n<meta property=\"og:url\" content=\"https:\/\/wp.kristdemokraterna.se\/vasterbotten\/nya-fullmaktige-sammantrader\/\" \/>\n<meta property=\"og:site_name\" content=\"KRISTDEMOKRATERNA i V\u00e4sterbotten\" \/>\n<meta property=\"article:publisher\" content=\"https:\/\/www.facebook.com\/kdvasterbotten\/\" \/>\n<meta property=\"article:published_time\" content=\"2014-11-25T08:34:52+00:00\" \/>\n<meta property=\"article:modified_time\" content=\"2020-01-14T15:14:33+00:00\" \/>\n<meta property=\"og:image\" content=\"http:\/\/wp.kristdemokraterna.se\/vasterbotten\/files\/2014\/11\/birgitta-150x150.png\" \/>\n<meta name=\"author\" content=\"vasterbotten\" \/>\n<meta name=\"twitter:card\" content=\"summary_large_image\" \/>\n<meta name=\"twitter:creator\" content=\"@kdvasterbotten\" \/>\n<meta name=\"twitter:site\" content=\"@kdvasterbotten\" \/>\n<meta name=\"twitter:label1\" content=\"Skriven av\" \/>\n\t<meta name=\"twitter:data1\" content=\"vasterbotten\" \/>\n<script type=\"application\/ld+json\" class=\"yoast-schema-graph\">{\"@context\":\"https:\\\/\\\/schema.org\",\"@graph\":[{\"@type\":\"Article\",\"@id\":\"https:\\\/\\\/wp.kristdemokraterna.se\\\/vasterbotten\\\/nya-fullmaktige-sammantrader\\\/#article\",\"isPartOf\":{\"@id\":\"https:\\\/\\\/wp.kristdemokraterna.se\\\/vasterbotten\\\/nya-fullmaktige-sammantrader\\\/\"},\"author\":{\"name\":\"vasterbotten\",\"@id\":\"https:\\\/\\\/wp.kristdemokraterna.se\\\/vasterbotten\\\/#\\\/schema\\\/person\\\/76df48c7a948639b55d24e5cbdc2bf8f\"},\"headline\":\"Nya fullm\u00e4ktige sammantr\u00e4der!\",\"datePublished\":\"2014-11-25T08:34:52+00:00\",\"dateModified\":\"2020-01-14T15:14:33+00:00\",\"mainEntityOfPage\":{\"@id\":\"https:\\\/\\\/wp.kristdemokraterna.se\\\/vasterbotten\\\/nya-fullmaktige-sammantrader\\\/\"},\"wordCount\":52,\"image\":{\"@id\":\"https:\\\/\\\/wp.kristdemokraterna.se\\\/vasterbotten\\\/nya-fullmaktige-sammantrader\\\/#primaryimage\"},\"thumbnailUrl\":\"http:\\\/\\\/wp.kristdemokraterna.se\\\/vasterbotten\\\/files\\\/2014\\\/11\\\/birgitta-150x150.png\",\"keywords\":[\"fullm\u00e4ktige\",\"kristdemokraterna\",\"landstinget\",\"v\u00e4sterbotten\"],\"articleSection\":[\"Region\"],\"inLanguage\":\"sv-SE\"},{\"@type\":\"WebPage\",\"@id\":\"https:\\\/\\\/wp.kristdemokraterna.se\\\/vasterbotten\\\/nya-fullmaktige-sammantrader\\\/\",\"url\":\"https:\\\/\\\/wp.kristdemokraterna.se\\\/vasterbotten\\\/nya-fullmaktige-sammantrader\\\/\",\"name\":\"Nya fullm\u00e4ktige sammantr\u00e4der! - KRISTDEMOKRATERNA i V\u00e4sterbotten\",\"isPartOf\":{\"@id\":\"https:\\\/\\\/wp.kristdemokraterna.se\\\/vasterbotten\\\/#website\"},\"primaryImageOfPage\":{\"@id\":\"https:\\\/\\\/wp.kristdemokraterna.se\\\/vasterbotten\\\/nya-fullmaktige-sammantrader\\\/#primaryimage\"},\"image\":{\"@id\":\"https:\\\/\\\/wp.kristdemokraterna.se\\\/vasterbotten\\\/nya-fullmaktige-sammantrader\\\/#primaryimage\"},\"thumbnailUrl\":\"http:\\\/\\\/wp.kristdemokraterna.se\\\/vasterbotten\\\/files\\\/2014\\\/11\\\/birgitta-150x150.png\",\"datePublished\":\"2014-11-25T08:34:52+00:00\",\"dateModified\":\"2020-01-14T15:14:33+00:00\",\"author\":{\"@id\":\"https:\\\/\\\/wp.kristdemokraterna.se\\\/vasterbotten\\\/#\\\/schema\\\/person\\\/76df48c7a948639b55d24e5cbdc2bf8f\"},\"breadcrumb\":{\"@id\":\"https:\\\/\\\/wp.kristdemokraterna.se\\\/vasterbotten\\\/nya-fullmaktige-sammantrader\\\/#breadcrumb\"},\"inLanguage\":\"sv-SE\",\"potentialAction\":[{\"@type\":\"ReadAction\",\"target\":[\"https:\\\/\\\/wp.kristdemokraterna.se\\\/vasterbotten\\\/nya-fullmaktige-sammantrader\\\/\"]}]},{\"@type\":\"ImageObject\",\"inLanguage\":\"sv-SE\",\"@id\":\"https:\\\/\\\/wp.kristdemokraterna.se\\\/vasterbotten\\\/nya-fullmaktige-sammantrader\\\/#primaryimage\",\"url\":\"https:\\\/\\\/wp.kristdemokraterna.se\\\/vasterbotten\\\/files\\\/2014\\\/11\\\/birgitta.png\",\"contentUrl\":\"https:\\\/\\\/wp.kristdemokraterna.se\\\/vasterbotten\\\/files\\\/2014\\\/11\\\/birgitta.png\",\"width\":2453,\"height\":1923},{\"@type\":\"BreadcrumbList\",\"@id\":\"https:\\\/\\\/wp.kristdemokraterna.se\\\/vasterbotten\\\/nya-fullmaktige-sammantrader\\\/#breadcrumb\",\"itemListElement\":[{\"@type\":\"ListItem\",\"position\":1,\"name\":\"Hem\",\"item\":\"https:\\\/\\\/wp.kristdemokraterna.se\\\/vasterbotten\\\/\"},{\"@type\":\"ListItem\",\"position\":2,\"name\":\"Nya fullm\u00e4ktige sammantr\u00e4der!\"}]},{\"@type\":\"WebSite\",\"@id\":\"https:\\\/\\\/wp.kristdemokraterna.se\\\/vasterbotten\\\/#website\",\"url\":\"https:\\\/\\\/wp.kristdemokraterna.se\\\/vasterbotten\\\/\",\"name\":\"KRISTDEMOKRATERNA i V\u00e4sterbotten\",\"description\":\"Varje m\u00e4nniska ska bem\u00f6tas med v\u00e4rdighet!\",\"inLanguage\":\"sv-SE\"},{\"@type\":\"Person\",\"@id\":\"https:\\\/\\\/wp.kristdemokraterna.se\\\/vasterbotten\\\/#\\\/schema\\\/person\\\/76df48c7a948639b55d24e5cbdc2bf8f\",\"name\":\"vasterbotten\",\"image\":{\"@type\":\"ImageObject\",\"inLanguage\":\"sv-SE\",\"@id\":\"https:\\\/\\\/secure.gravatar.com\\\/avatar\\\/1b166c6019db6128cf01be0910f312f1bf8363aef45fdd1c3f0f9d3ca000604f?s=96&d=mm&r=g\",\"url\":\"https:\\\/\\\/secure.gravatar.com\\\/avatar\\\/1b166c6019db6128cf01be0910f312f1bf8363aef45fdd1c3f0f9d3ca000604f?s=96&d=mm&r=g\",\"contentUrl\":\"https:\\\/\\\/secure.gravatar.com\\\/avatar\\\/1b166c6019db6128cf01be0910f312f1bf8363aef45fdd1c3f0f9d3ca000604f?s=96&d=mm&r=g\",\"caption\":\"vasterbotten\"},\"url\":\"https:\\\/\\\/wp.kristdemokraterna.se\\\/vasterbotten\\\/author\\\/vasterbotten\\\/\"}]}<\/script>\n<!-- \/ Yoast SEO plugin. -->","yoast_head_json":{"title":"Nya fullm\u00e4ktige sammantr\u00e4der! - KRISTDEMOKRATERNA i V\u00e4sterbotten","robots":{"index":"index","follow":"follow","max-snippet":"max-snippet:-1","max-image-preview":"max-image-preview:large","max-video-preview":"max-video-preview:-1"},"canonical":"https:\/\/wp.kristdemokraterna.se\/vasterbotten\/nya-fullmaktige-sammantrader\/","og_locale":"sv_SE","og_type":"article","og_title":"Nya fullm\u00e4ktige sammantr\u00e4der! - KRISTDEMOKRATERNA i V\u00e4sterbotten","og_description":"I dag och i morgon sammantr\u00e4der den nya fullm\u00e4ktigef\u00f6rsamlingen i landstinget. D\u00e5 kommer tre interpellationer av Kristdemokraterna att behandlas. L\u00e4s Birgitta Nordvalls interpellation om barnskyddsteam. L\u00e4s Birgitta Nordvalls interpellation om journaler p\u00e5 n\u00e4tet. L\u00e4s Betty-Ann Nilssons interpellation om glas\u00f6gonbidrag.","og_url":"https:\/\/wp.kristdemokraterna.se\/vasterbotten\/nya-fullmaktige-sammantrader\/","og_site_name":"KRISTDEMOKRATERNA i V\u00e4sterbotten","article_publisher":"https:\/\/www.facebook.com\/kdvasterbotten\/","article_published_time":"2014-11-25T08:34:52+00:00","article_modified_time":"2020-01-14T15:14:33+00:00","og_image":[{"url":"http:\/\/wp.kristdemokraterna.se\/vasterbotten\/files\/2014\/11\/birgitta-150x150.png","type":"","width":"","height":""}],"author":"vasterbotten","twitter_card":"summary_large_image","twitter_creator":"@kdvasterbotten","twitter_site":"@kdvasterbotten","twitter_misc":{"Skriven av":"vasterbotten"},"schema":{"@context":"https:\/\/schema.org","@graph":[{"@type":"Article","@id":"https:\/\/wp.kristdemokraterna.se\/vasterbotten\/nya-fullmaktige-sammantrader\/#article","isPartOf":{"@id":"https:\/\/wp.kristdemokraterna.se\/vasterbotten\/nya-fullmaktige-sammantrader\/"},"author":{"name":"vasterbotten","@id":"https:\/\/wp.kristdemokraterna.se\/vasterbotten\/#\/schema\/person\/76df48c7a948639b55d24e5cbdc2bf8f"},"headline":"Nya fullm\u00e4ktige sammantr\u00e4der!","datePublished":"2014-11-25T08:34:52+00:00","dateModified":"2020-01-14T15:14:33+00:00","mainEntityOfPage":{"@id":"https:\/\/wp.kristdemokraterna.se\/vasterbotten\/nya-fullmaktige-sammantrader\/"},"wordCount":52,"image":{"@id":"https:\/\/wp.kristdemokraterna.se\/vasterbotten\/nya-fullmaktige-sammantrader\/#primaryimage"},"thumbnailUrl":"http:\/\/wp.kristdemokraterna.se\/vasterbotten\/files\/2014\/11\/birgitta-150x150.png","keywords":["fullm\u00e4ktige","kristdemokraterna","landstinget","v\u00e4sterbotten"],"articleSection":["Region"],"inLanguage":"sv-SE"},{"@type":"WebPage","@id":"https:\/\/wp.kristdemokraterna.se\/vasterbotten\/nya-fullmaktige-sammantrader\/","url":"https:\/\/wp.kristdemokraterna.se\/vasterbotten\/nya-fullmaktige-sammantrader\/","name":"Nya fullm\u00e4ktige sammantr\u00e4der! - KRISTDEMOKRATERNA i V\u00e4sterbotten","isPartOf":{"@id":"https:\/\/wp.kristdemokraterna.se\/vasterbotten\/#website"},"primaryImageOfPage":{"@id":"https:\/\/wp.kristdemokraterna.se\/vasterbotten\/nya-fullmaktige-sammantrader\/#primaryimage"},"image":{"@id":"https:\/\/wp.kristdemokraterna.se\/vasterbotten\/nya-fullmaktige-sammantrader\/#primaryimage"},"thumbnailUrl":"http:\/\/wp.kristdemokraterna.se\/vasterbotten\/files\/2014\/11\/birgitta-150x150.png","datePublished":"2014-11-25T08:34:52+00:00","dateModified":"2020-01-14T15:14:33+00:00","author":{"@id":"https:\/\/wp.kristdemokraterna.se\/vasterbotten\/#\/schema\/person\/76df48c7a948639b55d24e5cbdc2bf8f"},"breadcrumb":{"@id":"https:\/\/wp.kristdemokraterna.se\/vasterbotten\/nya-fullmaktige-sammantrader\/#breadcrumb"},"inLanguage":"sv-SE","potentialAction":[{"@type":"ReadAction","target":["https:\/\/wp.kristdemokraterna.se\/vasterbotten\/nya-fullmaktige-sammantrader\/"]}]},{"@type":"ImageObject","inLanguage":"sv-SE","@id":"https:\/\/wp.kristdemokraterna.se\/vasterbotten\/nya-fullmaktige-sammantrader\/#primaryimage","url":"https:\/\/wp.kristdemokraterna.se\/vasterbotten\/files\/2014\/11\/birgitta.png","contentUrl":"https:\/\/wp.kristdemokraterna.se\/vasterbotten\/files\/2014\/11\/birgitta.png","width":2453,"height":1923},{"@type":"BreadcrumbList","@id":"https:\/\/wp.kristdemokraterna.se\/vasterbotten\/nya-fullmaktige-sammantrader\/#breadcrumb","itemListElement":[{"@type":"ListItem","position":1,"name":"Hem","item":"https:\/\/wp.kristdemokraterna.se\/vasterbotten\/"},{"@type":"ListItem","position":2,"name":"Nya fullm\u00e4ktige sammantr\u00e4der!"}]},{"@type":"WebSite","@id":"https:\/\/wp.kristdemokraterna.se\/vasterbotten\/#website","url":"https:\/\/wp.kristdemokraterna.se\/vasterbotten\/","name":"KRISTDEMOKRATERNA i V\u00e4sterbotten","description":"Varje m\u00e4nniska ska bem\u00f6tas med v\u00e4rdighet!","inLanguage":"sv-SE"},{"@type":"Person","@id":"https:\/\/wp.kristdemokraterna.se\/vasterbotten\/#\/schema\/person\/76df48c7a948639b55d24e5cbdc2bf8f","name":"vasterbotten","image":{"@type":"ImageObject","inLanguage":"sv-SE","@id":"https:\/\/secure.gravatar.com\/avatar\/1b166c6019db6128cf01be0910f312f1bf8363aef45fdd1c3f0f9d3ca000604f?s=96&d=mm&r=g","url":"https:\/\/secure.gravatar.com\/avatar\/1b166c6019db6128cf01be0910f312f1bf8363aef45fdd1c3f0f9d3ca000604f?s=96&d=mm&r=g","contentUrl":"https:\/\/secure.gravatar.com\/avatar\/1b166c6019db6128cf01be0910f312f1bf8363aef45fdd1c3f0f9d3ca000604f?s=96&d=mm&r=g","caption":"vasterbotten"},"url":"https:\/\/wp.kristdemokraterna.se\/vasterbotten\/author\/vasterbotten\/"}]}},"_links":{"self":[{"href":"https:\/\/wp.kristdemokraterna.se\/vasterbotten\/wp-json\/wp\/v2\/posts\/1677","targetHints":{"allow":["GET"]}}],"collection":[{"href":"https:\/\/wp.kristdemokraterna.se\/vasterbotten\/wp-json\/wp\/v2\/posts"}],"about":[{"href":"https:\/\/wp.kristdemokraterna.se\/vasterbotten\/wp-json\/wp\/v2\/types\/post"}],"author":[{"embeddable":true,"href":"https:\/\/wp.kristdemokraterna.se\/vasterbotten\/wp-json\/wp\/v2\/users\/31"}],"replies":[{"embeddable":true,"href":"https:\/\/wp.kristdemokraterna.se\/vasterbotten\/wp-json\/wp\/v2\/comments?post=1677"}],"version-history":[{"count":5,"href":"https:\/\/wp.kristdemokraterna.se\/vasterbotten\/wp-json\/wp\/v2\/posts\/1677\/revisions"}],"predecessor-version":[{"id":1810,"href":"https:\/\/wp.kristdemokraterna.se\/vasterbotten\/wp-json\/wp\/v2\/posts\/1677\/revisions\/1810"}],"wp:attachment":[{"href":"https:\/\/wp.kristdemokraterna.se\/vasterbotten\/wp-json\/wp\/v2\/media?parent=1677"}],"wp:term":[{"taxonomy":"category","embeddable":true,"href":"https:\/\/wp.kristdemokraterna.se\/vasterbotten\/wp-json\/wp\/v2\/categories?post=1677"},{"taxonomy":"post_tag","embeddable":true,"href":"https:\/\/wp.kristdemokraterna.se\/vasterbotten\/wp-json\/wp\/v2\/tags?post=1677"}],"curies":[{"name":"wp","href":"https:\/\/api.w.org\/{rel}","templated":true}]}}